{"id":37234,"date":"2022-12-26T12:18:32","date_gmt":"2022-12-26T15:18:32","guid":{"rendered":"https:\/\/jornalfatosenoticias.com.br\/?p=37234"},"modified":"2022-12-26T12:18:34","modified_gmt":"2022-12-26T15:18:34","slug":"china-faz-maior-mobilizacao-aerea-da-historia-contra-taiwan","status":"publish","type":"post","link":"https:\/\/jornalfatosenoticias.com.br\/index.php\/2022\/12\/26\/china-faz-maior-mobilizacao-aerea-da-historia-contra-taiwan\/","title":{"rendered":"China faz maior mobiliza\u00e7\u00e3o a\u00e9rea da hist\u00f3ria contra Taiwan"},"content":{"rendered":"\n<p><em><span class=\"has-inline-color has-black-color\">Ao enviar 71 avi\u00f5es para exerc\u00edcio pr\u00f3ximo a Taiwan, Pequim diz que as manobras s\u00e3o uma &#8220;resposta firme&#8221; aos Estados Unidos<\/span><\/em><\/p>\n\n\n\n<div class=\"wp-block-image\"><figure class=\"aligncenter size-large\"><img loading=\"lazy\" decoding=\"async\" width=\"560\" height=\"60\" src=\"https:\/\/jornalfatosenoticias.com.br\/wp-content\/uploads\/2022\/10\/Propaganda-RC-Radiadores-Jornal_page-0001.jpg\" alt=\"\" class=\"wp-image-35270\" srcset=\"https:\/\/jornalfatosenoticias.com.br\/wp-content\/uploads\/2022\/10\/Propaganda-RC-Radiadores-Jornal_page-0001.jpg 560w, https:\/\/jornalfatosenoticias.com.br\/wp-content\/uploads\/2022\/10\/Propaganda-RC-Radiadores-Jornal_page-0001-300x32.jpg 300w\" sizes=\"auto, (max-width: 560px) 100vw, 560px\" \/><\/figure><\/div>\n\n\n\n<p>Em 24 horas, Pequim envia 71 avi\u00f5es de guerra para zona de identifica\u00e7\u00e3o de defesa a\u00e9rea de Taiwan. Governo chin\u00eas diz que &#8220;exerc\u00edcio de ataque&#8221; \u00e9 uma rea\u00e7\u00e3o \u00e0s &#8220;provoca\u00e7\u00f5es&#8221; dos EUA e da ilha autogovernada. A China realizou entre domingo e segunda-feira a maior mobiliza\u00e7\u00e3o a\u00e9rea de sua hist\u00f3ria contra as defesas de Taiwan. Em apenas 24 horas, foram enviados 71 avi\u00f5es de combate para a zona de identifica\u00e7\u00e3o de defesa a\u00e9rea de Taiwan, segundo informou Taipei.<\/p>\n\n\n\n<div class=\"wp-block-image\"><figure class=\"aligncenter size-large\"><img loading=\"lazy\" decoding=\"async\" width=\"1024\" height=\"103\" src=\"https:\/\/jornalfatosenoticias.com.br\/wp-content\/uploads\/2022\/02\/Arte-Autoescola-Galatas_endereco_portal-1024x103.png\" alt=\"\" class=\"wp-image-27869\" srcset=\"https:\/\/jornalfatosenoticias.com.br\/wp-content\/uploads\/2022\/02\/Arte-Autoescola-Galatas_endereco_portal-1024x103.png 1024w, https:\/\/jornalfatosenoticias.com.br\/wp-content\/uploads\/2022\/02\/Arte-Autoescola-Galatas_endereco_portal-300x30.png 300w, https:\/\/jornalfatosenoticias.com.br\/wp-content\/uploads\/2022\/02\/Arte-Autoescola-Galatas_endereco_portal-768x77.png 768w, https:\/\/jornalfatosenoticias.com.br\/wp-content\/uploads\/2022\/02\/Arte-Autoescola-Galatas_endereco_portal.png 1223w\" sizes=\"auto, (max-width: 1024px) 100vw, 1024px\" \/><\/figure><\/div>\n\n\n\n<p>Pequim afirmou que seu &#8220;exerc\u00edcio de ataque&#8221; e suas &#8220;patrulhas de combate&#8221;, que inclu\u00edam ca\u00e7as e drones, foi uma rea\u00e7\u00e3o a &#8220;provoca\u00e7\u00f5es&#8221; e a um &#8220;conluio&#8221; entre os Estados Unidos e Taiwan.<\/p>\n\n\n\n<div class=\"wp-block-image\"><figure class=\"aligncenter size-large\"><img loading=\"lazy\" decoding=\"async\" width=\"300\" height=\"250\" src=\"https:\/\/jornalfatosenoticias.com.br\/wp-content\/uploads\/2022\/08\/arte-Casarao.jpg\" alt=\"\" class=\"wp-image-33178\"\/><\/figure><\/div>\n\n\n\n<figure class=\"wp-block-pullquote\"><blockquote><p><span class=\"has-inline-color has-luminous-vivid-orange-color\">Esta \u00e9 uma resposta firme \u00e0 atual escalada e provoca\u00e7\u00e3o dos EUA e de Taiwan&#8221;, afirmou Shi Yi, porta-voz do Comando do Teatro Oriental do Ex\u00e9rcito de Liberta\u00e7\u00e3o Popular, em comunicado ainda no domingo.<\/span><\/p><\/blockquote><\/figure>\n\n\n\n<div class=\"wp-block-image\"><figure class=\"alignright size-large is-resized\"><img loading=\"lazy\" decoding=\"async\" src=\"https:\/\/jornalfatosenoticias.com.br\/wp-content\/uploads\/2020\/02\/logo-clinica-limoeiro.jpg\" alt=\"\" class=\"wp-image-34610\" width=\"324\" height=\"230\"\/><\/figure><\/div>\n\n\n\n<p><strong><span class=\"has-inline-color has-black-color\">Mais de 40 aeronaves cruzaram linha mediana<br><\/span><\/strong>Segundo um relat\u00f3rio do Minist\u00e9rio da Defesa de Taiwan, 43 aeronaves chinesas cruzaram a chamada linha mediana, uma fronteira n\u00e3o oficial que divide a China e a ilha que Pequim considera sua, localizada dentro da zona de defesa do Estreito de Taiwan.<br>O Ex\u00e9rcito de Liberta\u00e7\u00e3o Popular chin\u00eas enviou uma s\u00e9rie de modelos de ca\u00e7as, al\u00e9m de aeronaves de advert\u00eancia antecipada, aparelhos de guerra antissubmarino e drones de reconhecimento.<\/p>\n\n\n\n<div class=\"wp-block-image\"><figure class=\"aligncenter size-large\"><img decoding=\"async\" src=\"https:\/\/jornalfatosenoticias.com.br\/wp-content\/uploads\/2020\/02\/logo-embacia-1-1024x110.jpg\" alt=\"\" class=\"wp-image-33954\"\/><\/figure><\/div>\n\n\n\n<p>J\u00e1 Taiwan mobilizou um n\u00famero n\u00e3o especificado de ca\u00e7as para advertir os jatos chineses enquanto seus sistemas de m\u00edsseis monitoravam os voos, afirmou o governo da ilha.<\/p>\n\n\n\n<p><strong><span class=\"has-inline-color has-black-color\">Mais de 1.700 incurs\u00f5es neste ano<br><\/span><\/strong>A press\u00e3o de Pequim sobre a ilha autogovernada, que a China n\u00e3o considera independente, tem aumentado constantemente nos \u00faltimos anos. Sob o governo do presidente Xi Jinping, a China elevou a press\u00e3o por meios militares, pol\u00edticos e econ\u00f4micos, \u00e0 medida que os la\u00e7os entre ambos pioravam.<\/p>\n\n\n\n<div class=\"wp-block-image\"><figure class=\"aligncenter size-large is-resized\"><img loading=\"lazy\" decoding=\"async\" src=\"https:\/\/jornalfatosenoticias.com.br\/wp-content\/uploads\/2022\/08\/logo-locau-veiculos-1024x573.png\" alt=\"\" class=\"wp-image-33078\" width=\"337\" height=\"188\"\/><\/figure><\/div>\n\n\n\n<p>Neste ano, mais de 1.700 incurs\u00f5es desse tipo foram realizadas pela China at\u00e9 o momento, em compara\u00e7\u00e3o com 969 em 2021 e apenas 146 em 2020, segundo a ag\u00eancia de not\u00edcias AFP. A administra\u00e7\u00e3o taiwanesa diz que busca a paz, mas que se defenderia se necess\u00e1rio.<\/p>\n\n\n\n<div class=\"wp-block-image\"><figure class=\"alignleft size-large is-resized\"><img loading=\"lazy\" decoding=\"async\" src=\"https:\/\/jornalfatosenoticias.com.br\/wp-content\/uploads\/2020\/02\/nova-logo-Marquetti.jpg\" alt=\"\" class=\"wp-image-22331\" width=\"292\" height=\"196\" srcset=\"https:\/\/jornalfatosenoticias.com.br\/wp-content\/uploads\/2020\/02\/nova-logo-Marquetti.jpg 643w, https:\/\/jornalfatosenoticias.com.br\/wp-content\/uploads\/2020\/02\/nova-logo-Marquetti-300x202.jpg 300w\" sizes=\"auto, (max-width: 292px) 100vw, 292px\" \/><\/figure><\/div>\n\n\n\n<p><strong><span class=\"has-inline-color has-black-color\">Bilh\u00f5es em ajuda militar dos EUA a Taiwan<br><\/span><\/strong>Os Estados Unidos reconhecem Pequim como o governo do pa\u00eds e n\u00e3o mant\u00eam rela\u00e7\u00f5es diplom\u00e1ticas com Taipei, embora tenham contatos n\u00e3o oficiais com a ilha e forne\u00e7am equipamentos militares para a defesa do territ\u00f3rio.<br>Recentemente, Washington aumentou seu apoio a Taiwan, incluindo um projeto de lei neste m\u00eas que autoriza o envio de 10 bilh\u00f5es de d\u00f3lares em ajuda militar. Pequim expressou &#8220;forte oposi\u00e7\u00e3o&#8221;.<\/p>\n\n\n\n<div class=\"wp-block-image\"><figure class=\"aligncenter size-large\"><img decoding=\"async\" src=\"https:\/\/jornalfatosenoticias.com.br\/wp-content\/uploads\/2020\/02\/Serra-Grande-1024x160.png\" alt=\"\" class=\"wp-image-7836\"\/><\/figure><\/div>\n\n\n\n<p>As tens\u00f5es entre Pequim e Taipei est\u00e3o altas desde agosto, quando a presidente da C\u00e2mara dos EUA, Nancy Pelosi, visitou Taiwan. Em retalia\u00e7\u00e3o \u00e0 visita, o Ex\u00e9rcito de Liberta\u00e7\u00e3o Popular chin\u00eas organizou exerc\u00edcios militares maci\u00e7os ao redor da ilha.<\/p>\n\n\n\n<div class=\"wp-block-image\"><figure class=\"aligncenter size-large\"><img decoding=\"async\" src=\"https:\/\/jornalfatosenoticias.com.br\/wp-content\/uploads\/2020\/02\/logo_esteio.jpg\" alt=\"\" class=\"wp-image-1214\"\/><\/figure><\/div>\n\n\n\n<div class=\"wp-block-image\"><figure class=\"aligncenter size-large\"><img loading=\"lazy\" decoding=\"async\" width=\"1000\" height=\"709\" src=\"https:\/\/jornalfatosenoticias.com.br\/wp-content\/uploads\/2022\/12\/cartao-ano-novo.jpg\" alt=\"\" class=\"wp-image-37231\" srcset=\"https:\/\/jornalfatosenoticias.com.br\/wp-content\/uploads\/2022\/12\/cartao-ano-novo.jpg 1000w, https:\/\/jornalfatosenoticias.com.br\/wp-content\/uploads\/2022\/12\/cartao-ano-novo-300x213.jpg 300w, https:\/\/jornalfatosenoticias.com.br\/wp-content\/uploads\/2022\/12\/cartao-ano-novo-768x545.jpg 768w\" sizes=\"auto, (max-width: 1000px) 100vw, 1000px\" \/><\/figure><\/div>\n\n\n\n<p><strong><em>Fonte: <a href=\"https:\/\/www.terra.com.br\/noticias\/china-faz-maior-mobilizacao-aerea-da-historia-contra-taiwan,d95028505e19ebefc82dd00af0751d4ffbs02xpp.html\">Terra<\/a><\/em><\/strong><\/p>\n","protected":false},"excerpt":{"rendered":"<p>Ao enviar 71 avi\u00f5es para exerc\u00edcio pr\u00f3ximo a Taiwan, Pequim diz que as manobras s\u00e3o uma &#8220;resposta firme&#8221; aos Estados Unidos Em 24 horas, Pequim envia 71 avi\u00f5es de guerra para zona de identifica\u00e7\u00e3o de defesa a\u00e9rea de Taiwan. Governo chin\u00eas diz que &#8220;exerc\u00edcio de ataque&#8221; \u00e9 uma rea\u00e7\u00e3o \u00e0s &#8220;provoca\u00e7\u00f5es&#8221; dos EUA e da [&hellip;]<\/p>\n","protected":false},"author":2,"featured_media":37235,"comment_status":"open","ping_status":"open","sticky":false,"template":"","format":"standard","meta":{"footnotes":""},"categories":[41],"tags":[17498,85,1751,17175,9876],"class_list":["post-37234","post","type-post","status-publish","format-standard","has-post-thumbnail","hentry","category-internacional","tag-avioes-de-guerra","tag-china","tag-estados-unidos","tag-exercicios-militares","tag-taiwan"],"yoast_head":"<!-- This site is optimized with the Yoast SEO plugin v26.5 - https:\/\/yoast.com\/wordpress\/plugins\/seo\/ -->\n<title>China faz maior mobiliza\u00e7\u00e3o a\u00e9rea da hist\u00f3ria contra Taiwan - Jornal Fatos e Not\u00edcias<\/title>\n<meta name=\"robots\" content=\"index, follow, max-snippet:-1, max-image-preview:large, max-video-preview:-1\" \/>\n<link rel=\"canonical\" href=\"https:\/\/jornalfatosenoticias.com.br\/index.php\/2022\/12\/26\/china-faz-maior-mobilizacao-aerea-da-historia-contra-taiwan\/\" \/>\n<meta property=\"og:locale\" content=\"pt_BR\" \/>\n<meta property=\"og:type\" content=\"article\" \/>\n<meta property=\"og:title\" content=\"China faz maior mobiliza\u00e7\u00e3o a\u00e9rea da hist\u00f3ria contra Taiwan - Jornal Fatos e Not\u00edcias\" \/>\n<meta property=\"og:description\" content=\"Ao enviar 71 avi\u00f5es para exerc\u00edcio pr\u00f3ximo a Taiwan, Pequim diz que as manobras s\u00e3o uma &#8220;resposta firme&#8221; aos Estados Unidos Em 24 horas, Pequim envia 71 avi\u00f5es de guerra para zona de identifica\u00e7\u00e3o de defesa a\u00e9rea de Taiwan. Governo chin\u00eas diz que &#8220;exerc\u00edcio de ataque&#8221; \u00e9 uma rea\u00e7\u00e3o \u00e0s &#8220;provoca\u00e7\u00f5es&#8221; dos EUA e da [&hellip;]\" \/>\n<meta property=\"og:url\" content=\"https:\/\/jornalfatosenoticias.com.br\/index.php\/2022\/12\/26\/china-faz-maior-mobilizacao-aerea-da-historia-contra-taiwan\/\" \/>\n<meta property=\"og:site_name\" content=\"Jornal Fatos e Not\u00edcias\" \/>\n<meta property=\"article:published_time\" content=\"2022-12-26T15:18:32+00:00\" \/>\n<meta property=\"article:modified_time\" content=\"2022-12-26T15:18:34+00:00\" \/>\n<meta property=\"og:image\" content=\"https:\/\/jornalfatosenoticias.com.br\/wp-content\/uploads\/2022\/12\/manobras-chinesas.jpg\" \/>\n\t<meta property=\"og:image:width\" content=\"1000\" \/>\n\t<meta property=\"og:image:height\" content=\"436\" \/>\n\t<meta property=\"og:image:type\" content=\"image\/jpeg\" \/>\n<meta name=\"author\" content=\"Luzimara Fernandes\" \/>\n<meta name=\"twitter:card\" content=\"summary_large_image\" \/>\n<meta name=\"twitter:label1\" content=\"Escrito por\" \/>\n\t<meta name=\"twitter:data1\" content=\"Luzimara Fernandes\" \/>\n\t<meta name=\"twitter:label2\" content=\"Est. tempo de leitura\" \/>\n\t<meta name=\"twitter:data2\" content=\"3 minutos\" \/>\n<script type=\"application\/ld+json\" class=\"yoast-schema-graph\">{\"@context\":\"https:\/\/schema.org\",\"@graph\":[{\"@type\":\"Article\",\"@id\":\"https:\/\/jornalfatosenoticias.com.br\/index.php\/2022\/12\/26\/china-faz-maior-mobilizacao-aerea-da-historia-contra-taiwan\/#article\",\"isPartOf\":{\"@id\":\"https:\/\/jornalfatosenoticias.com.br\/index.php\/2022\/12\/26\/china-faz-maior-mobilizacao-aerea-da-historia-contra-taiwan\/\"},\"author\":{\"name\":\"Luzimara Fernandes\",\"@id\":\"https:\/\/jornalfatosenoticias.com.br\/#\/schema\/person\/d63837fa13ac8666eb9e74e0985d6f81\"},\"headline\":\"China faz maior mobiliza\u00e7\u00e3o a\u00e9rea da hist\u00f3ria contra Taiwan\",\"datePublished\":\"2022-12-26T15:18:32+00:00\",\"dateModified\":\"2022-12-26T15:18:34+00:00\",\"mainEntityOfPage\":{\"@id\":\"https:\/\/jornalfatosenoticias.com.br\/index.php\/2022\/12\/26\/china-faz-maior-mobilizacao-aerea-da-historia-contra-taiwan\/\"},\"wordCount\":546,\"commentCount\":0,\"publisher\":{\"@id\":\"https:\/\/jornalfatosenoticias.com.br\/#organization\"},\"image\":{\"@id\":\"https:\/\/jornalfatosenoticias.com.br\/index.php\/2022\/12\/26\/china-faz-maior-mobilizacao-aerea-da-historia-contra-taiwan\/#primaryimage\"},\"thumbnailUrl\":\"https:\/\/jornalfatosenoticias.com.br\/wp-content\/uploads\/2022\/12\/manobras-chinesas.jpg\",\"keywords\":[\"avi\u00f5es de guerra\",\"china\",\"Estados Unidos\",\"exerc\u00edcios militares\",\"Taiwan\"],\"articleSection\":[\"Internacional\"],\"inLanguage\":\"pt-BR\",\"potentialAction\":[{\"@type\":\"CommentAction\",\"name\":\"Comment\",\"target\":[\"https:\/\/jornalfatosenoticias.com.br\/index.php\/2022\/12\/26\/china-faz-maior-mobilizacao-aerea-da-historia-contra-taiwan\/#respond\"]}]},{\"@type\":\"WebPage\",\"@id\":\"https:\/\/jornalfatosenoticias.com.br\/index.php\/2022\/12\/26\/china-faz-maior-mobilizacao-aerea-da-historia-contra-taiwan\/\",\"url\":\"https:\/\/jornalfatosenoticias.com.br\/index.php\/2022\/12\/26\/china-faz-maior-mobilizacao-aerea-da-historia-contra-taiwan\/\",\"name\":\"China faz maior mobiliza\u00e7\u00e3o a\u00e9rea da hist\u00f3ria contra Taiwan - Jornal Fatos e Not\u00edcias\",\"isPartOf\":{\"@id\":\"https:\/\/jornalfatosenoticias.com.br\/#website\"},\"primaryImageOfPage\":{\"@id\":\"https:\/\/jornalfatosenoticias.com.br\/index.php\/2022\/12\/26\/china-faz-maior-mobilizacao-aerea-da-historia-contra-taiwan\/#primaryimage\"},\"image\":{\"@id\":\"https:\/\/jornalfatosenoticias.com.br\/index.php\/2022\/12\/26\/china-faz-maior-mobilizacao-aerea-da-historia-contra-taiwan\/#primaryimage\"},\"thumbnailUrl\":\"https:\/\/jornalfatosenoticias.com.br\/wp-content\/uploads\/2022\/12\/manobras-chinesas.jpg\",\"datePublished\":\"2022-12-26T15:18:32+00:00\",\"dateModified\":\"2022-12-26T15:18:34+00:00\",\"breadcrumb\":{\"@id\":\"https:\/\/jornalfatosenoticias.com.br\/index.php\/2022\/12\/26\/china-faz-maior-mobilizacao-aerea-da-historia-contra-taiwan\/#breadcrumb\"},\"inLanguage\":\"pt-BR\",\"potentialAction\":[{\"@type\":\"ReadAction\",\"target\":[\"https:\/\/jornalfatosenoticias.com.br\/index.php\/2022\/12\/26\/china-faz-maior-mobilizacao-aerea-da-historia-contra-taiwan\/\"]}]},{\"@type\":\"ImageObject\",\"inLanguage\":\"pt-BR\",\"@id\":\"https:\/\/jornalfatosenoticias.com.br\/index.php\/2022\/12\/26\/china-faz-maior-mobilizacao-aerea-da-historia-contra-taiwan\/#primaryimage\",\"url\":\"https:\/\/jornalfatosenoticias.com.br\/wp-content\/uploads\/2022\/12\/manobras-chinesas.jpg\",\"contentUrl\":\"https:\/\/jornalfatosenoticias.com.br\/wp-content\/uploads\/2022\/12\/manobras-chinesas.jpg\",\"width\":1000,\"height\":436},{\"@type\":\"BreadcrumbList\",\"@id\":\"https:\/\/jornalfatosenoticias.com.br\/index.php\/2022\/12\/26\/china-faz-maior-mobilizacao-aerea-da-historia-contra-taiwan\/#breadcrumb\",\"itemListElement\":[{\"@type\":\"ListItem\",\"position\":1,\"name\":\"In\u00edcio\",\"item\":\"https:\/\/jornalfatosenoticias.com.br\/\"},{\"@type\":\"ListItem\",\"position\":2,\"name\":\"China faz maior mobiliza\u00e7\u00e3o a\u00e9rea da hist\u00f3ria contra Taiwan\"}]},{\"@type\":\"WebSite\",\"@id\":\"https:\/\/jornalfatosenoticias.com.br\/#website\",\"url\":\"https:\/\/jornalfatosenoticias.com.br\/\",\"name\":\"Jornal Fatos e Not\u00edcias\",\"description\":\"Not\u00edcias em geral\",\"publisher\":{\"@id\":\"https:\/\/jornalfatosenoticias.com.br\/#organization\"},\"potentialAction\":[{\"@type\":\"SearchAction\",\"target\":{\"@type\":\"EntryPoint\",\"urlTemplate\":\"https:\/\/jornalfatosenoticias.com.br\/?s={search_term_string}\"},\"query-input\":{\"@type\":\"PropertyValueSpecification\",\"valueRequired\":true,\"valueName\":\"search_term_string\"}}],\"inLanguage\":\"pt-BR\"},{\"@type\":\"Organization\",\"@id\":\"https:\/\/jornalfatosenoticias.com.br\/#organization\",\"name\":\"Jornal Fatos e Not\u00edcias\",\"url\":\"https:\/\/jornalfatosenoticias.com.br\/\",\"logo\":{\"@type\":\"ImageObject\",\"inLanguage\":\"pt-BR\",\"@id\":\"https:\/\/jornalfatosenoticias.com.br\/#\/schema\/logo\/image\/\",\"url\":\"https:\/\/jornalfatosenoticias.com.br\/wp-content\/uploads\/2020\/02\/logo120.png\",\"contentUrl\":\"https:\/\/jornalfatosenoticias.com.br\/wp-content\/uploads\/2020\/02\/logo120.png\",\"width\":1227,\"height\":120,\"caption\":\"Jornal Fatos e Not\u00edcias\"},\"image\":{\"@id\":\"https:\/\/jornalfatosenoticias.com.br\/#\/schema\/logo\/image\/\"}},{\"@type\":\"Person\",\"@id\":\"https:\/\/jornalfatosenoticias.com.br\/#\/schema\/person\/d63837fa13ac8666eb9e74e0985d6f81\",\"name\":\"Luzimara Fernandes\",\"image\":{\"@type\":\"ImageObject\",\"inLanguage\":\"pt-BR\",\"@id\":\"https:\/\/jornalfatosenoticias.com.br\/#\/schema\/person\/image\/\",\"url\":\"https:\/\/jornalfatosenoticias.com.br\/wp-content\/uploads\/2025\/05\/EU_portal.jpg\",\"contentUrl\":\"https:\/\/jornalfatosenoticias.com.br\/wp-content\/uploads\/2025\/05\/EU_portal.jpg\",\"caption\":\"Luzimara Fernandes\"},\"description\":\"Jornalista MTB 2358-ES\",\"sameAs\":[\"https:\/\/jornalfatosenoticias.com.br\"],\"url\":\"https:\/\/jornalfatosenoticias.com.br\/index.php\/author\/luzimara\/\"}]}<\/script>\n<!-- \/ Yoast SEO plugin. -->","yoast_head_json":{"title":"China faz maior mobiliza\u00e7\u00e3o a\u00e9rea da hist\u00f3ria contra Taiwan - Jornal Fatos e Not\u00edcias","robots":{"index":"index","follow":"follow","max-snippet":"max-snippet:-1","max-image-preview":"max-image-preview:large","max-video-preview":"max-video-preview:-1"},"canonical":"https:\/\/jornalfatosenoticias.com.br\/index.php\/2022\/12\/26\/china-faz-maior-mobilizacao-aerea-da-historia-contra-taiwan\/","og_locale":"pt_BR","og_type":"article","og_title":"China faz maior mobiliza\u00e7\u00e3o a\u00e9rea da hist\u00f3ria contra Taiwan - Jornal Fatos e Not\u00edcias","og_description":"Ao enviar 71 avi\u00f5es para exerc\u00edcio pr\u00f3ximo a Taiwan, Pequim diz que as manobras s\u00e3o uma &#8220;resposta firme&#8221; aos Estados Unidos Em 24 horas, Pequim envia 71 avi\u00f5es de guerra para zona de identifica\u00e7\u00e3o de defesa a\u00e9rea de Taiwan. Governo chin\u00eas diz que &#8220;exerc\u00edcio de ataque&#8221; \u00e9 uma rea\u00e7\u00e3o \u00e0s &#8220;provoca\u00e7\u00f5es&#8221; dos EUA e da [&hellip;]","og_url":"https:\/\/jornalfatosenoticias.com.br\/index.php\/2022\/12\/26\/china-faz-maior-mobilizacao-aerea-da-historia-contra-taiwan\/","og_site_name":"Jornal Fatos e Not\u00edcias","article_published_time":"2022-12-26T15:18:32+00:00","article_modified_time":"2022-12-26T15:18:34+00:00","og_image":[{"width":1000,"height":436,"url":"https:\/\/jornalfatosenoticias.com.br\/wp-content\/uploads\/2022\/12\/manobras-chinesas.jpg","type":"image\/jpeg"}],"author":"Luzimara Fernandes","twitter_card":"summary_large_image","twitter_misc":{"Escrito por":"Luzimara Fernandes","Est. tempo de leitura":"3 minutos"},"schema":{"@context":"https:\/\/schema.org","@graph":[{"@type":"Article","@id":"https:\/\/jornalfatosenoticias.com.br\/index.php\/2022\/12\/26\/china-faz-maior-mobilizacao-aerea-da-historia-contra-taiwan\/#article","isPartOf":{"@id":"https:\/\/jornalfatosenoticias.com.br\/index.php\/2022\/12\/26\/china-faz-maior-mobilizacao-aerea-da-historia-contra-taiwan\/"},"author":{"name":"Luzimara Fernandes","@id":"https:\/\/jornalfatosenoticias.com.br\/#\/schema\/person\/d63837fa13ac8666eb9e74e0985d6f81"},"headline":"China faz maior mobiliza\u00e7\u00e3o a\u00e9rea da hist\u00f3ria contra Taiwan","datePublished":"2022-12-26T15:18:32+00:00","dateModified":"2022-12-26T15:18:34+00:00","mainEntityOfPage":{"@id":"https:\/\/jornalfatosenoticias.com.br\/index.php\/2022\/12\/26\/china-faz-maior-mobilizacao-aerea-da-historia-contra-taiwan\/"},"wordCount":546,"commentCount":0,"publisher":{"@id":"https:\/\/jornalfatosenoticias.com.br\/#organization"},"image":{"@id":"https:\/\/jornalfatosenoticias.com.br\/index.php\/2022\/12\/26\/china-faz-maior-mobilizacao-aerea-da-historia-contra-taiwan\/#primaryimage"},"thumbnailUrl":"https:\/\/jornalfatosenoticias.com.br\/wp-content\/uploads\/2022\/12\/manobras-chinesas.jpg","keywords":["avi\u00f5es de guerra","china","Estados Unidos","exerc\u00edcios militares","Taiwan"],"articleSection":["Internacional"],"inLanguage":"pt-BR","potentialAction":[{"@type":"CommentAction","name":"Comment","target":["https:\/\/jornalfatosenoticias.com.br\/index.php\/2022\/12\/26\/china-faz-maior-mobilizacao-aerea-da-historia-contra-taiwan\/#respond"]}]},{"@type":"WebPage","@id":"https:\/\/jornalfatosenoticias.com.br\/index.php\/2022\/12\/26\/china-faz-maior-mobilizacao-aerea-da-historia-contra-taiwan\/","url":"https:\/\/jornalfatosenoticias.com.br\/index.php\/2022\/12\/26\/china-faz-maior-mobilizacao-aerea-da-historia-contra-taiwan\/","name":"China faz maior mobiliza\u00e7\u00e3o a\u00e9rea da hist\u00f3ria contra Taiwan - Jornal Fatos e Not\u00edcias","isPartOf":{"@id":"https:\/\/jornalfatosenoticias.com.br\/#website"},"primaryImageOfPage":{"@id":"https:\/\/jornalfatosenoticias.com.br\/index.php\/2022\/12\/26\/china-faz-maior-mobilizacao-aerea-da-historia-contra-taiwan\/#primaryimage"},"image":{"@id":"https:\/\/jornalfatosenoticias.com.br\/index.php\/2022\/12\/26\/china-faz-maior-mobilizacao-aerea-da-historia-contra-taiwan\/#primaryimage"},"thumbnailUrl":"https:\/\/jornalfatosenoticias.com.br\/wp-content\/uploads\/2022\/12\/manobras-chinesas.jpg","datePublished":"2022-12-26T15:18:32+00:00","dateModified":"2022-12-26T15:18:34+00:00","breadcrumb":{"@id":"https:\/\/jornalfatosenoticias.com.br\/index.php\/2022\/12\/26\/china-faz-maior-mobilizacao-aerea-da-historia-contra-taiwan\/#breadcrumb"},"inLanguage":"pt-BR","potentialAction":[{"@type":"ReadAction","target":["https:\/\/jornalfatosenoticias.com.br\/index.php\/2022\/12\/26\/china-faz-maior-mobilizacao-aerea-da-historia-contra-taiwan\/"]}]},{"@type":"ImageObject","inLanguage":"pt-BR","@id":"https:\/\/jornalfatosenoticias.com.br\/index.php\/2022\/12\/26\/china-faz-maior-mobilizacao-aerea-da-historia-contra-taiwan\/#primaryimage","url":"https:\/\/jornalfatosenoticias.com.br\/wp-content\/uploads\/2022\/12\/manobras-chinesas.jpg","contentUrl":"https:\/\/jornalfatosenoticias.com.br\/wp-content\/uploads\/2022\/12\/manobras-chinesas.jpg","width":1000,"height":436},{"@type":"BreadcrumbList","@id":"https:\/\/jornalfatosenoticias.com.br\/index.php\/2022\/12\/26\/china-faz-maior-mobilizacao-aerea-da-historia-contra-taiwan\/#breadcrumb","itemListElement":[{"@type":"ListItem","position":1,"name":"In\u00edcio","item":"https:\/\/jornalfatosenoticias.com.br\/"},{"@type":"ListItem","position":2,"name":"China faz maior mobiliza\u00e7\u00e3o a\u00e9rea da hist\u00f3ria contra Taiwan"}]},{"@type":"WebSite","@id":"https:\/\/jornalfatosenoticias.com.br\/#website","url":"https:\/\/jornalfatosenoticias.com.br\/","name":"Jornal Fatos e Not\u00edcias","description":"Not\u00edcias em geral","publisher":{"@id":"https:\/\/jornalfatosenoticias.com.br\/#organization"},"potentialAction":[{"@type":"SearchAction","target":{"@type":"EntryPoint","urlTemplate":"https:\/\/jornalfatosenoticias.com.br\/?s={search_term_string}"},"query-input":{"@type":"PropertyValueSpecification","valueRequired":true,"valueName":"search_term_string"}}],"inLanguage":"pt-BR"},{"@type":"Organization","@id":"https:\/\/jornalfatosenoticias.com.br\/#organization","name":"Jornal Fatos e Not\u00edcias","url":"https:\/\/jornalfatosenoticias.com.br\/","logo":{"@type":"ImageObject","inLanguage":"pt-BR","@id":"https:\/\/jornalfatosenoticias.com.br\/#\/schema\/logo\/image\/","url":"https:\/\/jornalfatosenoticias.com.br\/wp-content\/uploads\/2020\/02\/logo120.png","contentUrl":"https:\/\/jornalfatosenoticias.com.br\/wp-content\/uploads\/2020\/02\/logo120.png","width":1227,"height":120,"caption":"Jornal Fatos e Not\u00edcias"},"image":{"@id":"https:\/\/jornalfatosenoticias.com.br\/#\/schema\/logo\/image\/"}},{"@type":"Person","@id":"https:\/\/jornalfatosenoticias.com.br\/#\/schema\/person\/d63837fa13ac8666eb9e74e0985d6f81","name":"Luzimara Fernandes","image":{"@type":"ImageObject","inLanguage":"pt-BR","@id":"https:\/\/jornalfatosenoticias.com.br\/#\/schema\/person\/image\/","url":"https:\/\/jornalfatosenoticias.com.br\/wp-content\/uploads\/2025\/05\/EU_portal.jpg","contentUrl":"https:\/\/jornalfatosenoticias.com.br\/wp-content\/uploads\/2025\/05\/EU_portal.jpg","caption":"Luzimara Fernandes"},"description":"Jornalista MTB 2358-ES","sameAs":["https:\/\/jornalfatosenoticias.com.br"],"url":"https:\/\/jornalfatosenoticias.com.br\/index.php\/author\/luzimara\/"}]}},"cc_featured_image_caption":{"caption_text":"(Foto: Deutsche Welle)\r\n","source_text":"","source_url":""},"jetpack_featured_media_url":"https:\/\/jornalfatosenoticias.com.br\/wp-content\/uploads\/2022\/12\/manobras-chinesas.jpg","_links":{"self":[{"href":"https:\/\/jornalfatosenoticias.com.br\/index.php\/wp-json\/wp\/v2\/posts\/37234","targetHints":{"allow":["GET"]}}],"collection":[{"href":"https:\/\/jornalfatosenoticias.com.br\/index.php\/wp-json\/wp\/v2\/posts"}],"about":[{"href":"https:\/\/jornalfatosenoticias.com.br\/index.php\/wp-json\/wp\/v2\/types\/post"}],"author":[{"embeddable":true,"href":"https:\/\/jornalfatosenoticias.com.br\/index.php\/wp-json\/wp\/v2\/users\/2"}],"replies":[{"embeddable":true,"href":"https:\/\/jornalfatosenoticias.com.br\/index.php\/wp-json\/wp\/v2\/comments?post=37234"}],"version-history":[{"count":0,"href":"https:\/\/jornalfatosenoticias.com.br\/index.php\/wp-json\/wp\/v2\/posts\/37234\/revisions"}],"wp:featuredmedia":[{"embeddable":true,"href":"https:\/\/jornalfatosenoticias.com.br\/index.php\/wp-json\/wp\/v2\/media\/37235"}],"wp:attachment":[{"href":"https:\/\/jornalfatosenoticias.com.br\/index.php\/wp-json\/wp\/v2\/media?parent=37234"}],"wp:term":[{"taxonomy":"category","embeddable":true,"href":"https:\/\/jornalfatosenoticias.com.br\/index.php\/wp-json\/wp\/v2\/categories?post=37234"},{"taxonomy":"post_tag","embeddable":true,"href":"https:\/\/jornalfatosenoticias.com.br\/index.php\/wp-json\/wp\/v2\/tags?post=37234"}],"curies":[{"name":"wp","href":"https:\/\/api.w.org\/{rel}","templated":true}]}}