{"id":37292,"date":"2022-12-27T13:51:09","date_gmt":"2022-12-27T16:51:09","guid":{"rendered":"https:\/\/jornalfatosenoticias.com.br\/?p=37292"},"modified":"2022-12-27T13:51:10","modified_gmt":"2022-12-27T16:51:10","slug":"nova-iorque-proibe-venda-de-animais-de-estimacao-em-lojas","status":"publish","type":"post","link":"https:\/\/jornalfatosenoticias.com.br\/index.php\/2022\/12\/27\/nova-iorque-proibe-venda-de-animais-de-estimacao-em-lojas\/","title":{"rendered":"Nova Iorque pro\u00edbe venda de animais de estima\u00e7\u00e3o em lojas"},"content":{"rendered":"\n<p><em><span class=\"has-inline-color has-black-color\">Ao inv\u00e9s de venderem filhotes de c\u00e3es, gatos e coelhos, lojas do estado podem fazer parcerias com grupos de resgate e ado\u00e7\u00e3o de animais<\/span><\/em><\/p>\n\n\n\n<div class=\"wp-block-image\"><figure class=\"aligncenter size-large\"><img loading=\"lazy\" decoding=\"async\" width=\"1024\" height=\"100\" src=\"https:\/\/jornalfatosenoticias.com.br\/wp-content\/uploads\/2022\/05\/NOVA-LOGO-CESCONETTO-1024x100.jpg\" alt=\"\" class=\"wp-image-30792\" srcset=\"https:\/\/jornalfatosenoticias.com.br\/wp-content\/uploads\/2022\/05\/NOVA-LOGO-CESCONETTO-1024x100.jpg 1024w, https:\/\/jornalfatosenoticias.com.br\/wp-content\/uploads\/2022\/05\/NOVA-LOGO-CESCONETTO-300x29.jpg 300w, https:\/\/jornalfatosenoticias.com.br\/wp-content\/uploads\/2022\/05\/NOVA-LOGO-CESCONETTO-768x75.jpg 768w, https:\/\/jornalfatosenoticias.com.br\/wp-content\/uploads\/2022\/05\/NOVA-LOGO-CESCONETTO.jpg 1280w\" sizes=\"auto, (max-width: 1024px) 100vw, 1024px\" \/><\/figure><\/div>\n\n\n\n<p>O n\u00famero de <a href=\"https:\/\/ciclovivo.com.br\/arq-urb\/design\/voluntarios-constroem-abrigos-para-caes-usando-outdoors\/\" target=\"_blank\" rel=\"noreferrer noopener\">animais abandonados<\/a>,\u00a0vivendo nas ruas ou em abrigos e ONGs esperando uma ado\u00e7\u00e3o \u00e9 enorme \u2014 existem bichinhos de todos os tamanhos, idades e personalidades esperando por uma fam\u00edlia. Mas, mesmo assim, muita gente escolhe comprar um bichinho de estima\u00e7\u00e3o em pet shops e, infelizmente, muitos destes animais v\u00eam de criadores com instala\u00e7\u00f5es e condi\u00e7\u00f5es inadequadas.<\/p>\n\n\n\n<div class=\"wp-block-image\"><figure class=\"aligncenter size-large is-resized\"><img loading=\"lazy\" decoding=\"async\" src=\"https:\/\/jornalfatosenoticias.com.br\/wp-content\/uploads\/2020\/02\/logo-clinica-limoeiro.jpg\" alt=\"\" class=\"wp-image-34610\" width=\"281\" height=\"199\"\/><\/figure><\/div>\n\n\n\n<p>Para reverter este quadro, Nova York se tornou o mais recente estado americano a proibir a venda de alguns animais em pet shops. Uma nova lei assinada pela governadora Kathy Hochul pro\u00edbe a venda de c\u00e3es, gatos e coelhos em lojas de varejo, trabalhando para acabar com as vendas de animais de locais que funcionam como verdadeiras \u201c<a href=\"https:\/\/www.treehugger.com\/hundreds-dogs-rescued-georgia-puppy-mill-4863247\" target=\"_blank\" rel=\"noreferrer noopener\">f\u00e1bricas<\/a> de filhotes para pet shop\u201d, sem o devido cuidado com o bem-estar animal.<\/p>\n\n\n\n<div class=\"wp-block-image\"><figure class=\"alignright size-large is-resized\"><img loading=\"lazy\" decoding=\"async\" src=\"https:\/\/jornalfatosenoticias.com.br\/wp-content\/uploads\/2022\/10\/Arte-jornal-Zucchi-600x600_Prancheta-1-1024x1024.jpg\" alt=\"\" class=\"wp-image-34782\" width=\"262\" height=\"262\" srcset=\"https:\/\/jornalfatosenoticias.com.br\/wp-content\/uploads\/2022\/10\/Arte-jornal-Zucchi-600x600_Prancheta-1-1024x1024.jpg 1024w, https:\/\/jornalfatosenoticias.com.br\/wp-content\/uploads\/2022\/10\/Arte-jornal-Zucchi-600x600_Prancheta-1-300x300.jpg 300w, https:\/\/jornalfatosenoticias.com.br\/wp-content\/uploads\/2022\/10\/Arte-jornal-Zucchi-600x600_Prancheta-1-150x150.jpg 150w, https:\/\/jornalfatosenoticias.com.br\/wp-content\/uploads\/2022\/10\/Arte-jornal-Zucchi-600x600_Prancheta-1-768x768.jpg 768w, https:\/\/jornalfatosenoticias.com.br\/wp-content\/uploads\/2022\/10\/Arte-jornal-Zucchi-600x600_Prancheta-1.jpg 1250w\" sizes=\"auto, (max-width: 262px) 100vw, 262px\" \/><\/figure><\/div>\n\n\n\n<p>A nova lei incentiva as lojas de animais a trabalhar com <a href=\"https:\/\/ciclovivo.com.br\/inovacao\/tecnologia\/tinder-dos-bichos-promove-adocao-responsavel\/\" target=\"_blank\" rel=\"noreferrer noopener\">grupos de resgate de animais<\/a> e abrigos para para animais resgatados que est\u00e3o dispon\u00edveis para ado\u00e7\u00e3o.<br>A <a href=\"https:\/\/ciclovivo.com.br\/planeta\/desenvolvimento\/california-cria-lei-obrigando-a-compostagem-de-sobras-de-alimentos\/\" target=\"_blank\" rel=\"noreferrer noopener\">Calif\u00f3rnia<\/a> foi o primeiro estado a aprovar uma proibi\u00e7\u00e3o de varejo em 2017. Maryland seguiu em 2018 e uma proibi\u00e7\u00e3o estadual em Illinois entrou em vigor em fevereiro. Maine e Washington aprovaram leis que pro\u00edbem as vendas em novas lojas de animais. Agora, mais de 300 cidades e condados nos Estados Unidos aprovaram proibi\u00e7\u00f5es de venda de animais de estima\u00e7\u00e3o.<\/p>\n\n\n\n<div class=\"wp-block-jetpack-slideshow aligncenter\" data-effect=\"slide\"><div class=\"wp-block-jetpack-slideshow_container swiper-container\"><ul class=\"wp-block-jetpack-slideshow_swiper-wrapper swiper-wrapper\"><li class=\"wp-block-jetpack-slideshow_slide swiper-slide\"><figure><img loading=\"lazy\" decoding=\"async\" width=\"1000\" height=\"666\" alt=\"\" class=\"wp-block-jetpack-slideshow_image wp-image-37293\" data-id=\"37293\" src=\"https:\/\/jornalfatosenoticias.com.br\/wp-content\/uploads\/2022\/12\/cachorro-victor-grabarczyk-unsplash.jpg\" srcset=\"https:\/\/jornalfatosenoticias.com.br\/wp-content\/uploads\/2022\/12\/cachorro-victor-grabarczyk-unsplash.jpg 1000w, https:\/\/jornalfatosenoticias.com.br\/wp-content\/uploads\/2022\/12\/cachorro-victor-grabarczyk-unsplash-300x200.jpg 300w, https:\/\/jornalfatosenoticias.com.br\/wp-content\/uploads\/2022\/12\/cachorro-victor-grabarczyk-unsplash-768x511.jpg 768w\" sizes=\"auto, (max-width: 1000px) 100vw, 1000px\" \/><figcaption class=\"wp-block-jetpack-slideshow_caption gallery-caption\">(Foto: Victor Grabarczyk\/Unsplash)<\/figcaption><\/figure><\/li><li class=\"wp-block-jetpack-slideshow_slide swiper-slide\"><figure><img loading=\"lazy\" decoding=\"async\" width=\"1000\" height=\"666\" alt=\"\" class=\"wp-block-jetpack-slideshow_image wp-image-37294\" data-id=\"37294\" src=\"https:\/\/jornalfatosenoticias.com.br\/wp-content\/uploads\/2022\/12\/filhotes-cachorro-jametlene-reskp-unsplash.jpg\" srcset=\"https:\/\/jornalfatosenoticias.com.br\/wp-content\/uploads\/2022\/12\/filhotes-cachorro-jametlene-reskp-unsplash.jpg 1000w, https:\/\/jornalfatosenoticias.com.br\/wp-content\/uploads\/2022\/12\/filhotes-cachorro-jametlene-reskp-unsplash-300x200.jpg 300w, https:\/\/jornalfatosenoticias.com.br\/wp-content\/uploads\/2022\/12\/filhotes-cachorro-jametlene-reskp-unsplash-768x511.jpg 768w\" sizes=\"auto, (max-width: 1000px) 100vw, 1000px\" \/><figcaption class=\"wp-block-jetpack-slideshow_caption gallery-caption\">(Foto: Jametlene Reskp\/Unsplash)<\/figcaption><\/figure><\/li><li class=\"wp-block-jetpack-slideshow_slide swiper-slide\"><figure><img loading=\"lazy\" decoding=\"async\" width=\"1000\" height=\"620\" alt=\"\" class=\"wp-block-jetpack-slideshow_image wp-image-37295\" data-id=\"37295\" src=\"https:\/\/jornalfatosenoticias.com.br\/wp-content\/uploads\/2022\/12\/gatos-filhotes-the-lucky-neko-unsplash.jpg\" srcset=\"https:\/\/jornalfatosenoticias.com.br\/wp-content\/uploads\/2022\/12\/gatos-filhotes-the-lucky-neko-unsplash.jpg 1000w, https:\/\/jornalfatosenoticias.com.br\/wp-content\/uploads\/2022\/12\/gatos-filhotes-the-lucky-neko-unsplash-300x186.jpg 300w, https:\/\/jornalfatosenoticias.com.br\/wp-content\/uploads\/2022\/12\/gatos-filhotes-the-lucky-neko-unsplash-768x476.jpg 768w\" sizes=\"auto, (max-width: 1000px) 100vw, 1000px\" \/><figcaption class=\"wp-block-jetpack-slideshow_caption gallery-caption\">(Foto: The Lucky Neko\/Unsplash)<\/figcaption><\/figure><\/li><\/ul><a class=\"wp-block-jetpack-slideshow_button-prev swiper-button-prev swiper-button-white\" role=\"button\"><\/a><a class=\"wp-block-jetpack-slideshow_button-next swiper-button-next swiper-button-white\" role=\"button\"><\/a><a aria-label=\"Pause Slideshow\" class=\"wp-block-jetpack-slideshow_button-pause\" role=\"button\"><\/a><div class=\"wp-block-jetpack-slideshow_pagination swiper-pagination swiper-pagination-white\"><\/div><\/div><\/div>\n\n\n\n<p>A lei de Nova York entra em vigor em 2024. Ela ainda permite a venda de animais de estima\u00e7\u00e3o por criadores verificados, que v\u00e3o ter um limite de venda de nove animais por ano.<\/p>\n\n\n\n<div class=\"wp-block-image\"><figure class=\"aligncenter size-large is-resized\"><img loading=\"lazy\" decoding=\"async\" src=\"https:\/\/jornalfatosenoticias.com.br\/wp-content\/uploads\/2020\/02\/logo-embacia.jpg\" alt=\"\" class=\"wp-image-33905\" width=\"263\" height=\"263\"\/><\/figure><\/div>\n\n\n\n<figure class=\"wp-block-pullquote\"><blockquote><p><span class=\"has-inline-color has-luminous-vivid-orange-color\">Em um momento em que h\u00e1 animais de estima\u00e7\u00e3o saud\u00e1veis \u200b\u200be amorosos esperando para serem adotados em abrigos de animais em todo o estado, simplesmente n\u00e3o h\u00e1 raz\u00e3o para permitir a venda de animais de \u2018f\u00e1brica de filhotes\u2019. Os filhotes s\u00e3o maltratados desde o nascimento e muitas vezes desenvolvem problemas comportamentais ou de sa\u00fade f\u00edsica mais tarde na vida, apesar de seus altos pre\u00e7os\u201d, afirma a legisla\u00e7\u00e3o.<\/span><\/p><\/blockquote><\/figure>\n\n\n\n<div class=\"wp-block-image\"><figure class=\"aligncenter size-large\"><img loading=\"lazy\" decoding=\"async\" width=\"1024\" height=\"100\" src=\"https:\/\/jornalfatosenoticias.com.br\/wp-content\/uploads\/2020\/02\/banner_ferramentas-1024x100.jpg\" alt=\"\" class=\"wp-image-1258\" srcset=\"https:\/\/jornalfatosenoticias.com.br\/wp-content\/uploads\/2020\/02\/banner_ferramentas-1024x100.jpg 1024w, https:\/\/jornalfatosenoticias.com.br\/wp-content\/uploads\/2020\/02\/banner_ferramentas-300x29.jpg 300w, https:\/\/jornalfatosenoticias.com.br\/wp-content\/uploads\/2020\/02\/banner_ferramentas-768x75.jpg 768w, https:\/\/jornalfatosenoticias.com.br\/wp-content\/uploads\/2020\/02\/banner_ferramentas.jpg 1227w\" sizes=\"auto, (max-width: 1024px) 100vw, 1024px\" \/><\/figure><\/div>\n\n\n\n<p>\u201cEste projeto de lei encorajaria a ado\u00e7\u00e3o de c\u00e3es, gatos e coelhos e garantiria que os animais n\u00e3o tivessem mais que enfrentar a crueldade, o abuso f\u00edsico e psicol\u00f3gico \u2014 aos quais a cadeia de suprimentos da f\u00e1brica de filhotes sujeita os animais\u201d.<\/p>\n\n\n\n<div class=\"wp-block-image\"><figure class=\"aligncenter size-large\"><img decoding=\"async\" src=\"https:\/\/jornalfatosenoticias.com.br\/wp-content\/uploads\/2020\/02\/barao-das-carnes-300x164-1.jpg\" alt=\"\" class=\"wp-image-34339\"\/><\/figure><\/div>\n\n\n\n<div class=\"wp-block-jetpack-slideshow aligncenter\" data-effect=\"slide\"><div class=\"wp-block-jetpack-slideshow_container swiper-container\"><ul class=\"wp-block-jetpack-slideshow_swiper-wrapper swiper-wrapper\"><li class=\"wp-block-jetpack-slideshow_slide swiper-slide\"><figure><img loading=\"lazy\" decoding=\"async\" width=\"1000\" height=\"667\" alt=\"\" class=\"wp-block-jetpack-slideshow_image wp-image-37296\" data-id=\"37296\" src=\"https:\/\/jornalfatosenoticias.com.br\/wp-content\/uploads\/2022\/12\/filhote-gato-sergey-semin-unsplash.jpg\" srcset=\"https:\/\/jornalfatosenoticias.com.br\/wp-content\/uploads\/2022\/12\/filhote-gato-sergey-semin-unsplash.jpg 1000w, https:\/\/jornalfatosenoticias.com.br\/wp-content\/uploads\/2022\/12\/filhote-gato-sergey-semin-unsplash-300x200.jpg 300w, https:\/\/jornalfatosenoticias.com.br\/wp-content\/uploads\/2022\/12\/filhote-gato-sergey-semin-unsplash-768x512.jpg 768w\" sizes=\"auto, (max-width: 1000px) 100vw, 1000px\" \/><figcaption class=\"wp-block-jetpack-slideshow_caption gallery-caption\">(Foto: Sergey Semin\/Unsplash)<\/figcaption><\/figure><\/li><li class=\"wp-block-jetpack-slideshow_slide swiper-slide\"><figure><img loading=\"lazy\" decoding=\"async\" width=\"1000\" height=\"666\" alt=\"\" class=\"wp-block-jetpack-slideshow_image wp-image-37297\" data-id=\"37297\" src=\"https:\/\/jornalfatosenoticias.com.br\/wp-content\/uploads\/2022\/12\/filhote-pet-shop-markus-winkler-unsplash.jpg\" srcset=\"https:\/\/jornalfatosenoticias.com.br\/wp-content\/uploads\/2022\/12\/filhote-pet-shop-markus-winkler-unsplash.jpg 1000w, https:\/\/jornalfatosenoticias.com.br\/wp-content\/uploads\/2022\/12\/filhote-pet-shop-markus-winkler-unsplash-300x200.jpg 300w, https:\/\/jornalfatosenoticias.com.br\/wp-content\/uploads\/2022\/12\/filhote-pet-shop-markus-winkler-unsplash-768x511.jpg 768w\" sizes=\"auto, (max-width: 1000px) 100vw, 1000px\" \/><figcaption class=\"wp-block-jetpack-slideshow_caption gallery-caption\">(Foto: Markus Winkler\/Unsplash)<\/figcaption><\/figure><\/li><\/ul><a class=\"wp-block-jetpack-slideshow_button-prev swiper-button-prev swiper-button-white\" role=\"button\"><\/a><a class=\"wp-block-jetpack-slideshow_button-next swiper-button-next swiper-button-white\" role=\"button\"><\/a><a aria-label=\"Pause Slideshow\" class=\"wp-block-jetpack-slideshow_button-pause\" role=\"button\"><\/a><div class=\"wp-block-jetpack-slideshow_pagination swiper-pagination swiper-pagination-white\"><\/div><\/div><\/div>\n\n\n\n<div class=\"wp-block-image\"><figure class=\"alignleft size-large is-resized\"><img decoding=\"async\" src=\"https:\/\/jornalfatosenoticias.com.br\/wp-content\/uploads\/2022\/08\/logo-locau-veiculos-1024x573.png\" alt=\"\" class=\"wp-image-33078\" width=\"-141\" height=\"-79\"\/><\/figure><\/div>\n\n\n\n<p><strong><span class=\"has-inline-color has-vivid-cyan-blue-color\">Bem-estar animal<br><\/span><\/strong>Segundo estimativas da Humane Society dos Estados Unidos (HSUS), o pa\u00eds tem hoje cerca de 10 mil criadores e menos de tr\u00eas mil s\u00e3o regulamentados pelo Departamento de Agricultura dos EUA.<br>Nessas instala\u00e7\u00f5es de cria\u00e7\u00e3o comercial, os animais geralmente s\u00e3o mantidos em gaiolas sujas e lotadas, com acesso limitado a cuidados veterin\u00e1rios e <a href=\"https:\/\/ciclovivo.com.br\/arq-urb\/design\/casinha-de-cachorro-tem-telhado-verde-irrigacao-e-energia-solar\/\" target=\"_blank\" rel=\"noreferrer noopener\">intera\u00e7\u00e3o humana<\/a>. Frequentemente, eles n\u00e3o comem ou bebem o suficiente, t\u00eam pouca prote\u00e7\u00e3o contra o frio ou o calor e n\u00e3o t\u00eam um local separado para ir ao banheiro. Com isso, muitos destes bichos passam a ter problemas f\u00edsicos e emocionais.<\/p>\n\n\n\n<div class=\"wp-block-image\"><figure class=\"aligncenter size-large is-resized\"><img loading=\"lazy\" decoding=\"async\" src=\"https:\/\/jornalfatosenoticias.com.br\/wp-content\/uploads\/2020\/02\/casa-do-torresmo_portal.jpg\" alt=\"\" class=\"wp-image-34472\" width=\"281\" height=\"281\" srcset=\"https:\/\/jornalfatosenoticias.com.br\/wp-content\/uploads\/2020\/02\/casa-do-torresmo_portal.jpg 300w, https:\/\/jornalfatosenoticias.com.br\/wp-content\/uploads\/2020\/02\/casa-do-torresmo_portal-150x150.jpg 150w\" sizes=\"auto, (max-width: 281px) 100vw, 281px\" \/><\/figure><\/div>\n\n\n\n<figure class=\"wp-block-pullquote\"><blockquote><p><span class=\"has-inline-color has-luminous-vivid-orange-color\">C\u00e3es, gatos e coelhos em Nova York merecem lares amorosos e tratamento humano\u201d, disse Hochul em um comunicado. \u201cTenho orgulho de assinar esta legisla\u00e7\u00e3o, que dar\u00e1 passos significativos para reduzir o tratamento severo e proteger o bem-estar dos animais em todo o estado\u201d.<\/span><\/p><\/blockquote><\/figure>\n\n\n\n<div class=\"wp-block-image\"><figure class=\"aligncenter size-large\"><img loading=\"lazy\" decoding=\"async\" width=\"1000\" height=\"709\" src=\"https:\/\/jornalfatosenoticias.com.br\/wp-content\/uploads\/2022\/12\/cartao-ano-novo.jpg\" alt=\"\" class=\"wp-image-37231\" srcset=\"https:\/\/jornalfatosenoticias.com.br\/wp-content\/uploads\/2022\/12\/cartao-ano-novo.jpg 1000w, https:\/\/jornalfatosenoticias.com.br\/wp-content\/uploads\/2022\/12\/cartao-ano-novo-300x213.jpg 300w, https:\/\/jornalfatosenoticias.com.br\/wp-content\/uploads\/2022\/12\/cartao-ano-novo-768x545.jpg 768w\" sizes=\"auto, (max-width: 1000px) 100vw, 1000px\" \/><\/figure><\/div>\n\n\n\n<p><strong><em>Fonte: <a href=\"https:\/\/ciclovivo.com.br\/inovacao\/inspiracao\/nova-iorque-proibe-venda-de-animais-de-estimacao-em-lojas\/\">CicloVivo<\/a><\/em><\/strong><\/p>\n","protected":false},"excerpt":{"rendered":"<p>Ao inv\u00e9s de venderem filhotes de c\u00e3es, gatos e coelhos, lojas do estado podem fazer parcerias com grupos de resgate e ado\u00e7\u00e3o de animais O n\u00famero de animais abandonados,\u00a0vivendo nas ruas ou em abrigos e ONGs esperando uma ado\u00e7\u00e3o \u00e9 enorme \u2014 existem bichinhos de todos os tamanhos, idades e personalidades esperando por uma fam\u00edlia. [&hellip;]<\/p>\n","protected":false},"author":2,"featured_media":37298,"comment_status":"open","ping_status":"open","sticky":false,"template":"","format":"standard","meta":{"footnotes":""},"categories":[9710],"tags":[2878,13504,4535,1261,9528,17536],"class_list":["post-37292","post","type-post","status-publish","format-standard","has-post-thumbnail","hentry","category-pets","tag-adocao","tag-adocao-de-animais","tag-animais-de-estimacao","tag-filhotes","tag-nova-iorque","tag-pet-shop"],"yoast_head":"<!-- This site is optimized with the Yoast SEO plugin v26.5 - https:\/\/yoast.com\/wordpress\/plugins\/seo\/ -->\n<title>Nova Iorque pro\u00edbe venda de animais de estima\u00e7\u00e3o em lojas - Jornal Fatos e Not\u00edcias<\/title>\n<meta name=\"robots\" content=\"index, follow, max-snippet:-1, max-image-preview:large, max-video-preview:-1\" \/>\n<link rel=\"canonical\" href=\"https:\/\/jornalfatosenoticias.com.br\/index.php\/2022\/12\/27\/nova-iorque-proibe-venda-de-animais-de-estimacao-em-lojas\/\" \/>\n<meta property=\"og:locale\" content=\"pt_BR\" \/>\n<meta property=\"og:type\" content=\"article\" \/>\n<meta property=\"og:title\" content=\"Nova Iorque pro\u00edbe venda de animais de estima\u00e7\u00e3o em lojas - Jornal Fatos e Not\u00edcias\" \/>\n<meta property=\"og:description\" content=\"Ao inv\u00e9s de venderem filhotes de c\u00e3es, gatos e coelhos, lojas do estado podem fazer parcerias com grupos de resgate e ado\u00e7\u00e3o de animais O n\u00famero de animais abandonados,\u00a0vivendo nas ruas ou em abrigos e ONGs esperando uma ado\u00e7\u00e3o \u00e9 enorme \u2014 existem bichinhos de todos os tamanhos, idades e personalidades esperando por uma fam\u00edlia. [&hellip;]\" \/>\n<meta property=\"og:url\" content=\"https:\/\/jornalfatosenoticias.com.br\/index.php\/2022\/12\/27\/nova-iorque-proibe-venda-de-animais-de-estimacao-em-lojas\/\" \/>\n<meta property=\"og:site_name\" content=\"Jornal Fatos e Not\u00edcias\" \/>\n<meta property=\"article:published_time\" content=\"2022-12-27T16:51:09+00:00\" \/>\n<meta property=\"article:modified_time\" content=\"2022-12-27T16:51:10+00:00\" \/>\n<meta property=\"og:image\" content=\"https:\/\/jornalfatosenoticias.com.br\/wp-content\/uploads\/2022\/12\/cachorros-hannah-lim-unsplash.jpg\" \/>\n\t<meta property=\"og:image:width\" content=\"1000\" \/>\n\t<meta property=\"og:image:height\" content=\"649\" \/>\n\t<meta property=\"og:image:type\" content=\"image\/jpeg\" \/>\n<meta name=\"author\" content=\"Luzimara Fernandes\" \/>\n<meta name=\"twitter:card\" content=\"summary_large_image\" \/>\n<meta name=\"twitter:label1\" content=\"Escrito por\" \/>\n\t<meta name=\"twitter:data1\" content=\"Luzimara Fernandes\" \/>\n\t<meta name=\"twitter:label2\" content=\"Est. tempo de leitura\" \/>\n\t<meta name=\"twitter:data2\" content=\"3 minutos\" \/>\n<script type=\"application\/ld+json\" class=\"yoast-schema-graph\">{\"@context\":\"https:\/\/schema.org\",\"@graph\":[{\"@type\":\"Article\",\"@id\":\"https:\/\/jornalfatosenoticias.com.br\/index.php\/2022\/12\/27\/nova-iorque-proibe-venda-de-animais-de-estimacao-em-lojas\/#article\",\"isPartOf\":{\"@id\":\"https:\/\/jornalfatosenoticias.com.br\/index.php\/2022\/12\/27\/nova-iorque-proibe-venda-de-animais-de-estimacao-em-lojas\/\"},\"author\":{\"name\":\"Luzimara Fernandes\",\"@id\":\"https:\/\/jornalfatosenoticias.com.br\/#\/schema\/person\/d63837fa13ac8666eb9e74e0985d6f81\"},\"headline\":\"Nova Iorque pro\u00edbe venda de animais de estima\u00e7\u00e3o em lojas\",\"datePublished\":\"2022-12-27T16:51:09+00:00\",\"dateModified\":\"2022-12-27T16:51:10+00:00\",\"mainEntityOfPage\":{\"@id\":\"https:\/\/jornalfatosenoticias.com.br\/index.php\/2022\/12\/27\/nova-iorque-proibe-venda-de-animais-de-estimacao-em-lojas\/\"},\"wordCount\":608,\"commentCount\":0,\"publisher\":{\"@id\":\"https:\/\/jornalfatosenoticias.com.br\/#organization\"},\"image\":{\"@id\":\"https:\/\/jornalfatosenoticias.com.br\/index.php\/2022\/12\/27\/nova-iorque-proibe-venda-de-animais-de-estimacao-em-lojas\/#primaryimage\"},\"thumbnailUrl\":\"https:\/\/jornalfatosenoticias.com.br\/wp-content\/uploads\/2022\/12\/cachorros-hannah-lim-unsplash.jpg\",\"keywords\":[\"ado\u00e7\u00e3o\",\"ado\u00e7\u00e3o de animais\",\"animais de estima\u00e7\u00e3o\",\"filhotes\",\"Nova Iorque\",\"pet shop\"],\"articleSection\":[\"Pets\"],\"inLanguage\":\"pt-BR\",\"potentialAction\":[{\"@type\":\"CommentAction\",\"name\":\"Comment\",\"target\":[\"https:\/\/jornalfatosenoticias.com.br\/index.php\/2022\/12\/27\/nova-iorque-proibe-venda-de-animais-de-estimacao-em-lojas\/#respond\"]}]},{\"@type\":\"WebPage\",\"@id\":\"https:\/\/jornalfatosenoticias.com.br\/index.php\/2022\/12\/27\/nova-iorque-proibe-venda-de-animais-de-estimacao-em-lojas\/\",\"url\":\"https:\/\/jornalfatosenoticias.com.br\/index.php\/2022\/12\/27\/nova-iorque-proibe-venda-de-animais-de-estimacao-em-lojas\/\",\"name\":\"Nova Iorque pro\u00edbe venda de animais de estima\u00e7\u00e3o em lojas - Jornal Fatos e Not\u00edcias\",\"isPartOf\":{\"@id\":\"https:\/\/jornalfatosenoticias.com.br\/#website\"},\"primaryImageOfPage\":{\"@id\":\"https:\/\/jornalfatosenoticias.com.br\/index.php\/2022\/12\/27\/nova-iorque-proibe-venda-de-animais-de-estimacao-em-lojas\/#primaryimage\"},\"image\":{\"@id\":\"https:\/\/jornalfatosenoticias.com.br\/index.php\/2022\/12\/27\/nova-iorque-proibe-venda-de-animais-de-estimacao-em-lojas\/#primaryimage\"},\"thumbnailUrl\":\"https:\/\/jornalfatosenoticias.com.br\/wp-content\/uploads\/2022\/12\/cachorros-hannah-lim-unsplash.jpg\",\"datePublished\":\"2022-12-27T16:51:09+00:00\",\"dateModified\":\"2022-12-27T16:51:10+00:00\",\"breadcrumb\":{\"@id\":\"https:\/\/jornalfatosenoticias.com.br\/index.php\/2022\/12\/27\/nova-iorque-proibe-venda-de-animais-de-estimacao-em-lojas\/#breadcrumb\"},\"inLanguage\":\"pt-BR\",\"potentialAction\":[{\"@type\":\"ReadAction\",\"target\":[\"https:\/\/jornalfatosenoticias.com.br\/index.php\/2022\/12\/27\/nova-iorque-proibe-venda-de-animais-de-estimacao-em-lojas\/\"]}]},{\"@type\":\"ImageObject\",\"inLanguage\":\"pt-BR\",\"@id\":\"https:\/\/jornalfatosenoticias.com.br\/index.php\/2022\/12\/27\/nova-iorque-proibe-venda-de-animais-de-estimacao-em-lojas\/#primaryimage\",\"url\":\"https:\/\/jornalfatosenoticias.com.br\/wp-content\/uploads\/2022\/12\/cachorros-hannah-lim-unsplash.jpg\",\"contentUrl\":\"https:\/\/jornalfatosenoticias.com.br\/wp-content\/uploads\/2022\/12\/cachorros-hannah-lim-unsplash.jpg\",\"width\":1000,\"height\":649},{\"@type\":\"BreadcrumbList\",\"@id\":\"https:\/\/jornalfatosenoticias.com.br\/index.php\/2022\/12\/27\/nova-iorque-proibe-venda-de-animais-de-estimacao-em-lojas\/#breadcrumb\",\"itemListElement\":[{\"@type\":\"ListItem\",\"position\":1,\"name\":\"In\u00edcio\",\"item\":\"https:\/\/jornalfatosenoticias.com.br\/\"},{\"@type\":\"ListItem\",\"position\":2,\"name\":\"Nova Iorque pro\u00edbe venda de animais de estima\u00e7\u00e3o em lojas\"}]},{\"@type\":\"WebSite\",\"@id\":\"https:\/\/jornalfatosenoticias.com.br\/#website\",\"url\":\"https:\/\/jornalfatosenoticias.com.br\/\",\"name\":\"Jornal Fatos e Not\u00edcias\",\"description\":\"Not\u00edcias em geral\",\"publisher\":{\"@id\":\"https:\/\/jornalfatosenoticias.com.br\/#organization\"},\"potentialAction\":[{\"@type\":\"SearchAction\",\"target\":{\"@type\":\"EntryPoint\",\"urlTemplate\":\"https:\/\/jornalfatosenoticias.com.br\/?s={search_term_string}\"},\"query-input\":{\"@type\":\"PropertyValueSpecification\",\"valueRequired\":true,\"valueName\":\"search_term_string\"}}],\"inLanguage\":\"pt-BR\"},{\"@type\":\"Organization\",\"@id\":\"https:\/\/jornalfatosenoticias.com.br\/#organization\",\"name\":\"Jornal Fatos e Not\u00edcias\",\"url\":\"https:\/\/jornalfatosenoticias.com.br\/\",\"logo\":{\"@type\":\"ImageObject\",\"inLanguage\":\"pt-BR\",\"@id\":\"https:\/\/jornalfatosenoticias.com.br\/#\/schema\/logo\/image\/\",\"url\":\"https:\/\/jornalfatosenoticias.com.br\/wp-content\/uploads\/2020\/02\/logo120.png\",\"contentUrl\":\"https:\/\/jornalfatosenoticias.com.br\/wp-content\/uploads\/2020\/02\/logo120.png\",\"width\":1227,\"height\":120,\"caption\":\"Jornal Fatos e Not\u00edcias\"},\"image\":{\"@id\":\"https:\/\/jornalfatosenoticias.com.br\/#\/schema\/logo\/image\/\"}},{\"@type\":\"Person\",\"@id\":\"https:\/\/jornalfatosenoticias.com.br\/#\/schema\/person\/d63837fa13ac8666eb9e74e0985d6f81\",\"name\":\"Luzimara Fernandes\",\"image\":{\"@type\":\"ImageObject\",\"inLanguage\":\"pt-BR\",\"@id\":\"https:\/\/jornalfatosenoticias.com.br\/#\/schema\/person\/image\/\",\"url\":\"https:\/\/jornalfatosenoticias.com.br\/wp-content\/uploads\/2025\/05\/EU_portal.jpg\",\"contentUrl\":\"https:\/\/jornalfatosenoticias.com.br\/wp-content\/uploads\/2025\/05\/EU_portal.jpg\",\"caption\":\"Luzimara Fernandes\"},\"description\":\"Jornalista MTB 2358-ES\",\"sameAs\":[\"https:\/\/jornalfatosenoticias.com.br\"],\"url\":\"https:\/\/jornalfatosenoticias.com.br\/index.php\/author\/luzimara\/\"}]}<\/script>\n<!-- \/ Yoast SEO plugin. -->","yoast_head_json":{"title":"Nova Iorque pro\u00edbe venda de animais de estima\u00e7\u00e3o em lojas - Jornal Fatos e Not\u00edcias","robots":{"index":"index","follow":"follow","max-snippet":"max-snippet:-1","max-image-preview":"max-image-preview:large","max-video-preview":"max-video-preview:-1"},"canonical":"https:\/\/jornalfatosenoticias.com.br\/index.php\/2022\/12\/27\/nova-iorque-proibe-venda-de-animais-de-estimacao-em-lojas\/","og_locale":"pt_BR","og_type":"article","og_title":"Nova Iorque pro\u00edbe venda de animais de estima\u00e7\u00e3o em lojas - Jornal Fatos e Not\u00edcias","og_description":"Ao inv\u00e9s de venderem filhotes de c\u00e3es, gatos e coelhos, lojas do estado podem fazer parcerias com grupos de resgate e ado\u00e7\u00e3o de animais O n\u00famero de animais abandonados,\u00a0vivendo nas ruas ou em abrigos e ONGs esperando uma ado\u00e7\u00e3o \u00e9 enorme \u2014 existem bichinhos de todos os tamanhos, idades e personalidades esperando por uma fam\u00edlia. [&hellip;]","og_url":"https:\/\/jornalfatosenoticias.com.br\/index.php\/2022\/12\/27\/nova-iorque-proibe-venda-de-animais-de-estimacao-em-lojas\/","og_site_name":"Jornal Fatos e Not\u00edcias","article_published_time":"2022-12-27T16:51:09+00:00","article_modified_time":"2022-12-27T16:51:10+00:00","og_image":[{"width":1000,"height":649,"url":"https:\/\/jornalfatosenoticias.com.br\/wp-content\/uploads\/2022\/12\/cachorros-hannah-lim-unsplash.jpg","type":"image\/jpeg"}],"author":"Luzimara Fernandes","twitter_card":"summary_large_image","twitter_misc":{"Escrito por":"Luzimara Fernandes","Est. tempo de leitura":"3 minutos"},"schema":{"@context":"https:\/\/schema.org","@graph":[{"@type":"Article","@id":"https:\/\/jornalfatosenoticias.com.br\/index.php\/2022\/12\/27\/nova-iorque-proibe-venda-de-animais-de-estimacao-em-lojas\/#article","isPartOf":{"@id":"https:\/\/jornalfatosenoticias.com.br\/index.php\/2022\/12\/27\/nova-iorque-proibe-venda-de-animais-de-estimacao-em-lojas\/"},"author":{"name":"Luzimara Fernandes","@id":"https:\/\/jornalfatosenoticias.com.br\/#\/schema\/person\/d63837fa13ac8666eb9e74e0985d6f81"},"headline":"Nova Iorque pro\u00edbe venda de animais de estima\u00e7\u00e3o em lojas","datePublished":"2022-12-27T16:51:09+00:00","dateModified":"2022-12-27T16:51:10+00:00","mainEntityOfPage":{"@id":"https:\/\/jornalfatosenoticias.com.br\/index.php\/2022\/12\/27\/nova-iorque-proibe-venda-de-animais-de-estimacao-em-lojas\/"},"wordCount":608,"commentCount":0,"publisher":{"@id":"https:\/\/jornalfatosenoticias.com.br\/#organization"},"image":{"@id":"https:\/\/jornalfatosenoticias.com.br\/index.php\/2022\/12\/27\/nova-iorque-proibe-venda-de-animais-de-estimacao-em-lojas\/#primaryimage"},"thumbnailUrl":"https:\/\/jornalfatosenoticias.com.br\/wp-content\/uploads\/2022\/12\/cachorros-hannah-lim-unsplash.jpg","keywords":["ado\u00e7\u00e3o","ado\u00e7\u00e3o de animais","animais de estima\u00e7\u00e3o","filhotes","Nova Iorque","pet shop"],"articleSection":["Pets"],"inLanguage":"pt-BR","potentialAction":[{"@type":"CommentAction","name":"Comment","target":["https:\/\/jornalfatosenoticias.com.br\/index.php\/2022\/12\/27\/nova-iorque-proibe-venda-de-animais-de-estimacao-em-lojas\/#respond"]}]},{"@type":"WebPage","@id":"https:\/\/jornalfatosenoticias.com.br\/index.php\/2022\/12\/27\/nova-iorque-proibe-venda-de-animais-de-estimacao-em-lojas\/","url":"https:\/\/jornalfatosenoticias.com.br\/index.php\/2022\/12\/27\/nova-iorque-proibe-venda-de-animais-de-estimacao-em-lojas\/","name":"Nova Iorque pro\u00edbe venda de animais de estima\u00e7\u00e3o em lojas - Jornal Fatos e Not\u00edcias","isPartOf":{"@id":"https:\/\/jornalfatosenoticias.com.br\/#website"},"primaryImageOfPage":{"@id":"https:\/\/jornalfatosenoticias.com.br\/index.php\/2022\/12\/27\/nova-iorque-proibe-venda-de-animais-de-estimacao-em-lojas\/#primaryimage"},"image":{"@id":"https:\/\/jornalfatosenoticias.com.br\/index.php\/2022\/12\/27\/nova-iorque-proibe-venda-de-animais-de-estimacao-em-lojas\/#primaryimage"},"thumbnailUrl":"https:\/\/jornalfatosenoticias.com.br\/wp-content\/uploads\/2022\/12\/cachorros-hannah-lim-unsplash.jpg","datePublished":"2022-12-27T16:51:09+00:00","dateModified":"2022-12-27T16:51:10+00:00","breadcrumb":{"@id":"https:\/\/jornalfatosenoticias.com.br\/index.php\/2022\/12\/27\/nova-iorque-proibe-venda-de-animais-de-estimacao-em-lojas\/#breadcrumb"},"inLanguage":"pt-BR","potentialAction":[{"@type":"ReadAction","target":["https:\/\/jornalfatosenoticias.com.br\/index.php\/2022\/12\/27\/nova-iorque-proibe-venda-de-animais-de-estimacao-em-lojas\/"]}]},{"@type":"ImageObject","inLanguage":"pt-BR","@id":"https:\/\/jornalfatosenoticias.com.br\/index.php\/2022\/12\/27\/nova-iorque-proibe-venda-de-animais-de-estimacao-em-lojas\/#primaryimage","url":"https:\/\/jornalfatosenoticias.com.br\/wp-content\/uploads\/2022\/12\/cachorros-hannah-lim-unsplash.jpg","contentUrl":"https:\/\/jornalfatosenoticias.com.br\/wp-content\/uploads\/2022\/12\/cachorros-hannah-lim-unsplash.jpg","width":1000,"height":649},{"@type":"BreadcrumbList","@id":"https:\/\/jornalfatosenoticias.com.br\/index.php\/2022\/12\/27\/nova-iorque-proibe-venda-de-animais-de-estimacao-em-lojas\/#breadcrumb","itemListElement":[{"@type":"ListItem","position":1,"name":"In\u00edcio","item":"https:\/\/jornalfatosenoticias.com.br\/"},{"@type":"ListItem","position":2,"name":"Nova Iorque pro\u00edbe venda de animais de estima\u00e7\u00e3o em lojas"}]},{"@type":"WebSite","@id":"https:\/\/jornalfatosenoticias.com.br\/#website","url":"https:\/\/jornalfatosenoticias.com.br\/","name":"Jornal Fatos e Not\u00edcias","description":"Not\u00edcias em geral","publisher":{"@id":"https:\/\/jornalfatosenoticias.com.br\/#organization"},"potentialAction":[{"@type":"SearchAction","target":{"@type":"EntryPoint","urlTemplate":"https:\/\/jornalfatosenoticias.com.br\/?s={search_term_string}"},"query-input":{"@type":"PropertyValueSpecification","valueRequired":true,"valueName":"search_term_string"}}],"inLanguage":"pt-BR"},{"@type":"Organization","@id":"https:\/\/jornalfatosenoticias.com.br\/#organization","name":"Jornal Fatos e Not\u00edcias","url":"https:\/\/jornalfatosenoticias.com.br\/","logo":{"@type":"ImageObject","inLanguage":"pt-BR","@id":"https:\/\/jornalfatosenoticias.com.br\/#\/schema\/logo\/image\/","url":"https:\/\/jornalfatosenoticias.com.br\/wp-content\/uploads\/2020\/02\/logo120.png","contentUrl":"https:\/\/jornalfatosenoticias.com.br\/wp-content\/uploads\/2020\/02\/logo120.png","width":1227,"height":120,"caption":"Jornal Fatos e Not\u00edcias"},"image":{"@id":"https:\/\/jornalfatosenoticias.com.br\/#\/schema\/logo\/image\/"}},{"@type":"Person","@id":"https:\/\/jornalfatosenoticias.com.br\/#\/schema\/person\/d63837fa13ac8666eb9e74e0985d6f81","name":"Luzimara Fernandes","image":{"@type":"ImageObject","inLanguage":"pt-BR","@id":"https:\/\/jornalfatosenoticias.com.br\/#\/schema\/person\/image\/","url":"https:\/\/jornalfatosenoticias.com.br\/wp-content\/uploads\/2025\/05\/EU_portal.jpg","contentUrl":"https:\/\/jornalfatosenoticias.com.br\/wp-content\/uploads\/2025\/05\/EU_portal.jpg","caption":"Luzimara Fernandes"},"description":"Jornalista MTB 2358-ES","sameAs":["https:\/\/jornalfatosenoticias.com.br"],"url":"https:\/\/jornalfatosenoticias.com.br\/index.php\/author\/luzimara\/"}]}},"cc_featured_image_caption":{"caption_text":"(Foto: Hannah Lim\/Unsplash)","source_text":"","source_url":""},"jetpack_featured_media_url":"https:\/\/jornalfatosenoticias.com.br\/wp-content\/uploads\/2022\/12\/cachorros-hannah-lim-unsplash.jpg","_links":{"self":[{"href":"https:\/\/jornalfatosenoticias.com.br\/index.php\/wp-json\/wp\/v2\/posts\/37292","targetHints":{"allow":["GET"]}}],"collection":[{"href":"https:\/\/jornalfatosenoticias.com.br\/index.php\/wp-json\/wp\/v2\/posts"}],"about":[{"href":"https:\/\/jornalfatosenoticias.com.br\/index.php\/wp-json\/wp\/v2\/types\/post"}],"author":[{"embeddable":true,"href":"https:\/\/jornalfatosenoticias.com.br\/index.php\/wp-json\/wp\/v2\/users\/2"}],"replies":[{"embeddable":true,"href":"https:\/\/jornalfatosenoticias.com.br\/index.php\/wp-json\/wp\/v2\/comments?post=37292"}],"version-history":[{"count":0,"href":"https:\/\/jornalfatosenoticias.com.br\/index.php\/wp-json\/wp\/v2\/posts\/37292\/revisions"}],"wp:featuredmedia":[{"embeddable":true,"href":"https:\/\/jornalfatosenoticias.com.br\/index.php\/wp-json\/wp\/v2\/media\/37298"}],"wp:attachment":[{"href":"https:\/\/jornalfatosenoticias.com.br\/index.php\/wp-json\/wp\/v2\/media?parent=37292"}],"wp:term":[{"taxonomy":"category","embeddable":true,"href":"https:\/\/jornalfatosenoticias.com.br\/index.php\/wp-json\/wp\/v2\/categories?post=37292"},{"taxonomy":"post_tag","embeddable":true,"href":"https:\/\/jornalfatosenoticias.com.br\/index.php\/wp-json\/wp\/v2\/tags?post=37292"}],"curies":[{"name":"wp","href":"https:\/\/api.w.org\/{rel}","templated":true}]}}