{"id":37305,"date":"2022-12-27T14:28:13","date_gmt":"2022-12-27T17:28:13","guid":{"rendered":"https:\/\/jornalfatosenoticias.com.br\/?p=37305"},"modified":"2022-12-27T14:28:15","modified_gmt":"2022-12-27T17:28:15","slug":"um-terco-da-comida-produzida-no-mundo-e-desperdicada-aponta-estudo","status":"publish","type":"post","link":"https:\/\/jornalfatosenoticias.com.br\/index.php\/2022\/12\/27\/um-terco-da-comida-produzida-no-mundo-e-desperdicada-aponta-estudo\/","title":{"rendered":"Um ter\u00e7o da comida produzida no mundo \u00e9 desperdi\u00e7ada, aponta estudo"},"content":{"rendered":"\n<p><em><span class=\"has-inline-color has-black-color\">Levantamento alerta que desperd\u00edcio tem custo estimado de US$ 1 trilh\u00e3o por ano<\/span><\/em><\/p>\n\n\n\n<div class=\"wp-block-image\"><figure class=\"aligncenter size-large\"><img decoding=\"async\" src=\"https:\/\/jornalfatosenoticias.com.br\/wp-content\/uploads\/2020\/02\/Serra-Grande-1024x160.png\" alt=\"\" class=\"wp-image-7836\"\/><\/figure><\/div>\n\n\n\n<p>Um ter\u00e7o da comida produzida ao redor do mundo \u00e9 perdida ou desperdi\u00e7ada, enquanto 811 milh\u00f5es de pessoas passam fome, alerta o novo estudo Waste Management as a catalyst to a Circular Economy (Gest\u00e3o de Res\u00edduos como catalisador de uma Economia Circular). Desenvolvido pelo Minist\u00e9rio de Infraestrutura e Gest\u00e3o de \u00c1gua da Holanda e pelo Holland Circular Hotspot, o material revela que o desperd\u00edcio gera uma perda financeira de US$ 1 trilh\u00e3o de d\u00f3lares. No Brasil, a publica\u00e7\u00e3o ter\u00e1 as solu\u00e7\u00f5es adaptadas para o contexto nacional pela Exchange 4 Change Brasil (E4CB), organiza\u00e7\u00e3o que orienta a transi\u00e7\u00e3o para a economia circular no Pa\u00eds.<\/p>\n\n\n\n<div class=\"wp-block-image\"><figure class=\"aligncenter size-large is-resized\"><img loading=\"lazy\" decoding=\"async\" src=\"https:\/\/jornalfatosenoticias.com.br\/wp-content\/uploads\/2020\/02\/casa-do-torresmo_portal.jpg\" alt=\"\" class=\"wp-image-34472\" width=\"264\" height=\"264\" srcset=\"https:\/\/jornalfatosenoticias.com.br\/wp-content\/uploads\/2020\/02\/casa-do-torresmo_portal.jpg 300w, https:\/\/jornalfatosenoticias.com.br\/wp-content\/uploads\/2020\/02\/casa-do-torresmo_portal-150x150.jpg 150w\" sizes=\"auto, (max-width: 264px) 100vw, 264px\" \/><\/figure><\/div>\n\n\n\n<p>O documento foi entregue pela assessora de Economia Circular do Minist\u00e9rio do Meio Ambiente do Reino dos Pa\u00edses Baixos, Jessica Leffers, ao gerente do departamento das Ind\u00fastrias de Base do Banco Nacional de Desenvolvimento Econ\u00f4mico e Social (BNDES), Marcio Henriques. A entrega, mediada pela E4CB e com o apoio do Consulado-Geral do Reino dos Pa\u00edses Baixos em S\u00e3o Paulo, representa mais um passo na iniciativa do BNDES de firmar parcerias para o fomento de iniciativas circulares.<\/p>\n\n\n\n<div class=\"wp-block-image\"><figure class=\"aligncenter size-large\"><img decoding=\"async\" src=\"https:\/\/jornalfatosenoticias.com.br\/wp-content\/uploads\/2020\/02\/barao-das-carnes-300x164-1.jpg\" alt=\"\" class=\"wp-image-34339\"\/><\/figure><\/div>\n\n\n\n<figure class=\"wp-block-embed-youtube wp-block-embed is-type-video is-provider-youtube wp-embed-aspect-16-9 wp-has-aspect-ratio\"><div class=\"wp-block-embed__wrapper\">\n<iframe loading=\"lazy\" title=\"Quais s\u00e3o os custos da perda e desperd\u00edcio de alimentos?\" width=\"660\" height=\"371\" src=\"https:\/\/www.youtube.com\/embed\/q3VFy0XlU7Y?feature=oembed\" frameborder=\"0\" allow=\"accelerometer; autoplay; clipboard-write; encrypted-media; gyroscope; picture-in-picture; web-share\" referrerpolicy=\"strict-origin-when-cross-origin\" allowfullscreen><\/iframe>\n<\/div><\/figure>\n\n\n\n<div class=\"wp-block-image\"><figure class=\"aligncenter size-large\"><img decoding=\"async\" src=\"https:\/\/jornalfatosenoticias.com.br\/wp-content\/uploads\/2020\/02\/logo_esteio.jpg\" alt=\"\" class=\"wp-image-1214\"\/><\/figure><\/div>\n\n\n\n<figure class=\"wp-block-pullquote\"><blockquote><p><span class=\"has-inline-color has-luminous-vivid-orange-color\">Para alimentar a popula\u00e7\u00e3o mundial em 2050, n\u00f3s vamos precisar de 56% a mais de comida, sem usar mais terra para a produ\u00e7\u00e3o. Mesmo assim, essa quantidade de alimento produzido para o consumo humano est\u00e1 sendo perdida. As pessoas passam fome e desperdi\u00e7amos como se fosse um privil\u00e9gio. Estrat\u00e9gias de economia circular podem promover solu\u00e7\u00f5es desde o come\u00e7o da cadeia de valor\u201d, destaca Jessica Leffers.<\/span><\/p><\/blockquote><\/figure>\n\n\n\n<div class=\"wp-block-image\"><figure class=\"aligncenter size-large\"><img loading=\"lazy\" decoding=\"async\" width=\"1024\" height=\"110\" src=\"https:\/\/jornalfatosenoticias.com.br\/wp-content\/uploads\/2022\/10\/Arte-jornal-Zucchi-1120x120_Prancheta-1-1024x110.jpg\" alt=\"\" class=\"wp-image-34772\" srcset=\"https:\/\/jornalfatosenoticias.com.br\/wp-content\/uploads\/2022\/10\/Arte-jornal-Zucchi-1120x120_Prancheta-1-1024x110.jpg 1024w, https:\/\/jornalfatosenoticias.com.br\/wp-content\/uploads\/2022\/10\/Arte-jornal-Zucchi-1120x120_Prancheta-1-300x32.jpg 300w, https:\/\/jornalfatosenoticias.com.br\/wp-content\/uploads\/2022\/10\/Arte-jornal-Zucchi-1120x120_Prancheta-1-768x82.jpg 768w, https:\/\/jornalfatosenoticias.com.br\/wp-content\/uploads\/2022\/10\/Arte-jornal-Zucchi-1120x120_Prancheta-1-1536x165.jpg 1536w, https:\/\/jornalfatosenoticias.com.br\/wp-content\/uploads\/2022\/10\/Arte-jornal-Zucchi-1120x120_Prancheta-1-2048x219.jpg 2048w\" sizes=\"auto, (max-width: 1024px) 100vw, 1024px\" \/><\/figure><\/div>\n\n\n\n<p>Segundo o relat\u00f3rio, o lixo org\u00e2nico que n\u00e3o \u00e9 separado e \u00e9 disposto em lix\u00f5es e aterros contribui para a gera\u00e7\u00e3o de graves poluentes quando n\u00e3o h\u00e1 m\u00e9todos eficientes de manejo.<\/p>\n\n\n\n<div class=\"wp-block-image\"><figure class=\"aligncenter size-large\"><img loading=\"lazy\" decoding=\"async\" width=\"300\" height=\"250\" src=\"https:\/\/jornalfatosenoticias.com.br\/wp-content\/uploads\/2022\/08\/arte-Casarao.jpg\" alt=\"\" class=\"wp-image-33178\"\/><\/figure><\/div>\n\n\n\n<figure class=\"wp-block-pullquote\"><blockquote><p><span class=\"has-inline-color has-luminous-vivid-orange-color\">Quando tratados de forma apropriada, alimentos desperdi\u00e7ados podem gerar altos valores financeiros e ambientais. Podem ser transformados em biog\u00e1s, por exemplo, ou ter suas fibras usadas nas ind\u00fastrias t\u00eaxtil, de pap\u00e9is ou de materiais de constru\u00e7\u00e3o\u201d, complementa.<\/span><\/p><\/blockquote><\/figure>\n\n\n\n<div class=\"wp-block-image\"><figure class=\"aligncenter size-large\"><img decoding=\"async\" src=\"https:\/\/jornalfatosenoticias.com.br\/wp-content\/uploads\/2020\/02\/logo-embacia-1-1024x110.jpg\" alt=\"\" class=\"wp-image-33954\"\/><\/figure><\/div>\n\n\n\n<figure class=\"wp-block-embed-youtube wp-block-embed is-type-video is-provider-youtube wp-embed-aspect-16-9 wp-has-aspect-ratio\"><div class=\"wp-block-embed__wrapper\">\n<iframe loading=\"lazy\" title=\"Quais s\u00e3o os custos da perda e desperd\u00edcio de alimentos?\" width=\"660\" height=\"371\" src=\"https:\/\/www.youtube.com\/embed\/st-FWI_G5ks?feature=oembed\" frameborder=\"0\" allow=\"accelerometer; autoplay; clipboard-write; encrypted-media; gyroscope; picture-in-picture; web-share\" referrerpolicy=\"strict-origin-when-cross-origin\" allowfullscreen><\/iframe>\n<\/div><\/figure>\n\n\n\n<div class=\"wp-block-image\"><figure class=\"alignleft size-large is-resized\"><img decoding=\"async\" src=\"https:\/\/jornalfatosenoticias.com.br\/wp-content\/uploads\/2022\/08\/logo-locau-veiculos-1024x573.png\" alt=\"\" class=\"wp-image-33078\" width=\"-143\" height=\"-80\"\/><\/figure><\/div>\n\n\n\n<p>Al\u00e9m do desperd\u00edcio de alimentos, o estudo tamb\u00e9m destaca a necessidade de os pa\u00edses implementarem melhorias na gest\u00e3o de outros tipos de res\u00edduos. O fluxo de eletr\u00f4nicos, por exemplo, dever\u00e1 crescer 38% entre 2019 e 2030; atualmente, apenas 17,4% s\u00e3o arrecadados e reciclados. Entre os res\u00edduos pl\u00e1sticos, 32% acabam no meio ambiente: a estimativa \u00e9 que, aproximadamente, 3% do total do lixo pl\u00e1stico chegue aos oceanos. 40% dos res\u00edduos pl\u00e1sticos s\u00e3o aterrados, 14% s\u00e3o incinerados e apenas 14% s\u00e3o recolhidos para reciclagem.<\/p>\n\n\n\n<div class=\"wp-block-image\"><figure class=\"aligncenter size-large\"><img loading=\"lazy\" decoding=\"async\" width=\"1024\" height=\"103\" src=\"https:\/\/jornalfatosenoticias.com.br\/wp-content\/uploads\/2022\/02\/Arte-Autoescola-Galatas_endereco_portal-1024x103.png\" alt=\"\" class=\"wp-image-27869\" srcset=\"https:\/\/jornalfatosenoticias.com.br\/wp-content\/uploads\/2022\/02\/Arte-Autoescola-Galatas_endereco_portal-1024x103.png 1024w, https:\/\/jornalfatosenoticias.com.br\/wp-content\/uploads\/2022\/02\/Arte-Autoescola-Galatas_endereco_portal-300x30.png 300w, https:\/\/jornalfatosenoticias.com.br\/wp-content\/uploads\/2022\/02\/Arte-Autoescola-Galatas_endereco_portal-768x77.png 768w, https:\/\/jornalfatosenoticias.com.br\/wp-content\/uploads\/2022\/02\/Arte-Autoescola-Galatas_endereco_portal.png 1223w\" sizes=\"auto, (max-width: 1024px) 100vw, 1024px\" \/><\/figure><\/div>\n\n\n\n<p>A diretora da Exchange 4 Change Brasil, Beatriz Luz, comenta que as pr\u00e1ticas holandesas destacadas no documento t\u00eam o potencial de se adequar \u00e0 realidade brasileira:<\/p>\n\n\n\n<div class=\"wp-block-image\"><figure class=\"aligncenter size-large is-resized\"><img loading=\"lazy\" decoding=\"async\" src=\"https:\/\/jornalfatosenoticias.com.br\/wp-content\/uploads\/2020\/02\/nova-logo-Marquetti.jpg\" alt=\"\" class=\"wp-image-22331\" width=\"306\" height=\"205\" srcset=\"https:\/\/jornalfatosenoticias.com.br\/wp-content\/uploads\/2020\/02\/nova-logo-Marquetti.jpg 643w, https:\/\/jornalfatosenoticias.com.br\/wp-content\/uploads\/2020\/02\/nova-logo-Marquetti-300x202.jpg 300w\" sizes=\"auto, (max-width: 306px) 100vw, 306px\" \/><\/figure><\/div>\n\n\n\n<figure class=\"wp-block-pullquote\"><blockquote><p><span class=\"has-inline-color has-luminous-vivid-orange-color\">Sabemos que, apesar das muitas diferen\u00e7as que separam o Brasil e a Holanda, diversas solu\u00e7\u00f5es trazidas pelo levantamento podem ser adaptadas, levando em considera\u00e7\u00e3o as particularidades do nosso Pa\u00eds. A publica\u00e7\u00e3o traz um plano de a\u00e7\u00e3o que apresenta um passo a passo do que \u00e9 necess\u00e1rio para a cria\u00e7\u00e3o de um ecossistema favor\u00e1vel \u00e0 efetiva gest\u00e3o dos res\u00edduos. Ent\u00e3o, faremos os diagn\u00f3sticos, conversaremos com o setor e traremos recomenda\u00e7\u00f5es para nos apropriar do que a experi\u00eancia holandesa nos ensina&#8221;, afirma.<\/span><\/p><\/blockquote><\/figure>\n\n\n\n<div class=\"wp-block-image\"><figure class=\"alignright size-large is-resized\"><img decoding=\"async\" src=\"https:\/\/jornalfatosenoticias.com.br\/wp-content\/uploads\/2022\/07\/Logo-Grupo-SEI.jpg\" alt=\"\" class=\"wp-image-31973\" width=\"-135\" height=\"-70\" srcset=\"https:\/\/jornalfatosenoticias.com.br\/wp-content\/uploads\/2022\/07\/Logo-Grupo-SEI.jpg 713w, https:\/\/jornalfatosenoticias.com.br\/wp-content\/uploads\/2022\/07\/Logo-Grupo-SEI-300x158.jpg 300w\" sizes=\"(max-width: 713px) 100vw, 713px\" \/><\/figure><\/div>\n\n\n\n<p>O principal objetivo \u00e9 apresentar as melhores pr\u00e1ticas de empreendedores, autoridades p\u00fablicas e institui\u00e7\u00f5es na gest\u00e3o de res\u00edduos na Holanda, que \u00e9 refer\u00eancia mundial na implementa\u00e7\u00e3o de uma economia circular. As solu\u00e7\u00f5es podem ser aplicadas em diferentes lugares e contextos, visto que muitos pa\u00edses enfrentam desafios semelhantes decorrentes da gera\u00e7\u00e3o de res\u00edduos e das mudan\u00e7as clim\u00e1ticas.<\/p>\n\n\n\n<div class=\"wp-block-image\"><figure class=\"aligncenter size-large\"><img loading=\"lazy\" decoding=\"async\" width=\"1024\" height=\"100\" src=\"https:\/\/jornalfatosenoticias.com.br\/wp-content\/uploads\/2020\/02\/banner_ferramentas-1024x100.jpg\" alt=\"\" class=\"wp-image-1258\" srcset=\"https:\/\/jornalfatosenoticias.com.br\/wp-content\/uploads\/2020\/02\/banner_ferramentas-1024x100.jpg 1024w, https:\/\/jornalfatosenoticias.com.br\/wp-content\/uploads\/2020\/02\/banner_ferramentas-300x29.jpg 300w, https:\/\/jornalfatosenoticias.com.br\/wp-content\/uploads\/2020\/02\/banner_ferramentas-768x75.jpg 768w, https:\/\/jornalfatosenoticias.com.br\/wp-content\/uploads\/2020\/02\/banner_ferramentas.jpg 1227w\" sizes=\"auto, (max-width: 1024px) 100vw, 1024px\" \/><\/figure><\/div>\n\n\n\n<p>Uma das principais mensagens do estudo \u00e9 que nenhum ator faz a transi\u00e7\u00e3o sozinho, destacando a import\u00e2ncia de um esfor\u00e7o colaborativo por meio de a\u00e7\u00f5es, compromissos e conversas entre os diferentes elos da cadeia produtiva e junto a \u00f3rg\u00e3os governamentais. Com isso, a publica\u00e7\u00e3o pretende estimular debates, fomentar a colabora\u00e7\u00e3o internacional e acelerar o desenvolvimento rumo a um novo modelo econ\u00f4mico e ambiental.<\/p>\n\n\n\n<div class=\"wp-block-image\"><figure class=\"aligncenter size-large is-resized\"><img loading=\"lazy\" decoding=\"async\" src=\"https:\/\/jornalfatosenoticias.com.br\/wp-content\/uploads\/2020\/02\/logo-clinica-limoeiro.jpg\" alt=\"\" class=\"wp-image-34610\" width=\"255\" height=\"181\"\/><\/figure><\/div>\n\n\n\n<p>O levantamento Waste Management as a catalyst to a Circular Economy pode ser acessado <a href=\"https:\/\/hollandcircularhotspot.nl\/news\/new-publication-waste-management-as-a-catalyst-to-a-circular-economy\/\" target=\"_blank\" rel=\"noreferrer noopener\">atrav\u00e9s do link<\/a>.<\/p>\n\n\n\n<div class=\"wp-block-image\"><figure class=\"aligncenter size-large\"><img loading=\"lazy\" decoding=\"async\" width=\"1000\" height=\"709\" src=\"https:\/\/jornalfatosenoticias.com.br\/wp-content\/uploads\/2022\/12\/cartao-ano-novo.jpg\" alt=\"\" class=\"wp-image-37231\" srcset=\"https:\/\/jornalfatosenoticias.com.br\/wp-content\/uploads\/2022\/12\/cartao-ano-novo.jpg 1000w, https:\/\/jornalfatosenoticias.com.br\/wp-content\/uploads\/2022\/12\/cartao-ano-novo-300x213.jpg 300w, https:\/\/jornalfatosenoticias.com.br\/wp-content\/uploads\/2022\/12\/cartao-ano-novo-768x545.jpg 768w\" sizes=\"auto, (max-width: 1000px) 100vw, 1000px\" \/><\/figure><\/div>\n\n\n\n<p><strong><em>Fonte: <a href=\"https:\/\/ciclovivo.com.br\/planeta\/desenvolvimento\/1-3-da-comida-produzida-no-mundo-e-desperdicada-aponta-estudo\/\">CicloVivo<\/a><\/em><\/strong><\/p>\n","protected":false},"excerpt":{"rendered":"<p>Levantamento alerta que desperd\u00edcio tem custo estimado de US$ 1 trilh\u00e3o por ano Um ter\u00e7o da comida produzida ao redor do mundo \u00e9 perdida ou desperdi\u00e7ada, enquanto 811 milh\u00f5es de pessoas passam fome, alerta o novo estudo Waste Management as a catalyst to a Circular Economy (Gest\u00e3o de Res\u00edduos como catalisador de uma Economia Circular). [&hellip;]<\/p>\n","protected":false},"author":2,"featured_media":37306,"comment_status":"open","ping_status":"open","sticky":false,"template":"","format":"standard","meta":{"footnotes":""},"categories":[5],"tags":[2716,3236,6802,648],"class_list":["post-37305","post","type-post","status-publish","format-standard","has-post-thumbnail","hentry","category-geral","tag-comida","tag-desperdicio","tag-desperdicio-de-alimentos","tag-onu"],"yoast_head":"<!-- This site is optimized with the Yoast SEO plugin v26.5 - https:\/\/yoast.com\/wordpress\/plugins\/seo\/ -->\n<title>Um ter\u00e7o da comida produzida no mundo \u00e9 desperdi\u00e7ada, aponta estudo - Jornal Fatos e Not\u00edcias<\/title>\n<meta name=\"robots\" content=\"index, follow, max-snippet:-1, max-image-preview:large, max-video-preview:-1\" \/>\n<link rel=\"canonical\" href=\"https:\/\/jornalfatosenoticias.com.br\/index.php\/2022\/12\/27\/um-terco-da-comida-produzida-no-mundo-e-desperdicada-aponta-estudo\/\" \/>\n<meta property=\"og:locale\" content=\"pt_BR\" \/>\n<meta property=\"og:type\" content=\"article\" \/>\n<meta property=\"og:title\" content=\"Um ter\u00e7o da comida produzida no mundo \u00e9 desperdi\u00e7ada, aponta estudo - Jornal Fatos e Not\u00edcias\" \/>\n<meta property=\"og:description\" content=\"Levantamento alerta que desperd\u00edcio tem custo estimado de US$ 1 trilh\u00e3o por ano Um ter\u00e7o da comida produzida ao redor do mundo \u00e9 perdida ou desperdi\u00e7ada, enquanto 811 milh\u00f5es de pessoas passam fome, alerta o novo estudo Waste Management as a catalyst to a Circular Economy (Gest\u00e3o de Res\u00edduos como catalisador de uma Economia Circular). [&hellip;]\" \/>\n<meta property=\"og:url\" content=\"https:\/\/jornalfatosenoticias.com.br\/index.php\/2022\/12\/27\/um-terco-da-comida-produzida-no-mundo-e-desperdicada-aponta-estudo\/\" \/>\n<meta property=\"og:site_name\" content=\"Jornal Fatos e Not\u00edcias\" \/>\n<meta property=\"article:published_time\" content=\"2022-12-27T17:28:13+00:00\" \/>\n<meta property=\"article:modified_time\" content=\"2022-12-27T17:28:15+00:00\" \/>\n<meta property=\"og:image\" content=\"https:\/\/jornalfatosenoticias.com.br\/wp-content\/uploads\/2022\/12\/desperdicio-de-alimentos-sustentabilidade-neo-mondo.jpg\" \/>\n\t<meta property=\"og:image:width\" content=\"1000\" \/>\n\t<meta property=\"og:image:height\" content=\"758\" \/>\n\t<meta property=\"og:image:type\" content=\"image\/jpeg\" \/>\n<meta name=\"author\" content=\"Luzimara Fernandes\" \/>\n<meta name=\"twitter:card\" content=\"summary_large_image\" \/>\n<meta name=\"twitter:label1\" content=\"Escrito por\" \/>\n\t<meta name=\"twitter:data1\" content=\"Luzimara Fernandes\" \/>\n\t<meta name=\"twitter:label2\" content=\"Est. tempo de leitura\" \/>\n\t<meta name=\"twitter:data2\" content=\"4 minutos\" \/>\n<script type=\"application\/ld+json\" class=\"yoast-schema-graph\">{\"@context\":\"https:\/\/schema.org\",\"@graph\":[{\"@type\":\"Article\",\"@id\":\"https:\/\/jornalfatosenoticias.com.br\/index.php\/2022\/12\/27\/um-terco-da-comida-produzida-no-mundo-e-desperdicada-aponta-estudo\/#article\",\"isPartOf\":{\"@id\":\"https:\/\/jornalfatosenoticias.com.br\/index.php\/2022\/12\/27\/um-terco-da-comida-produzida-no-mundo-e-desperdicada-aponta-estudo\/\"},\"author\":{\"name\":\"Luzimara Fernandes\",\"@id\":\"https:\/\/jornalfatosenoticias.com.br\/#\/schema\/person\/d63837fa13ac8666eb9e74e0985d6f81\"},\"headline\":\"Um ter\u00e7o da comida produzida no mundo \u00e9 desperdi\u00e7ada, aponta estudo\",\"datePublished\":\"2022-12-27T17:28:13+00:00\",\"dateModified\":\"2022-12-27T17:28:15+00:00\",\"mainEntityOfPage\":{\"@id\":\"https:\/\/jornalfatosenoticias.com.br\/index.php\/2022\/12\/27\/um-terco-da-comida-produzida-no-mundo-e-desperdicada-aponta-estudo\/\"},\"wordCount\":767,\"commentCount\":0,\"publisher\":{\"@id\":\"https:\/\/jornalfatosenoticias.com.br\/#organization\"},\"image\":{\"@id\":\"https:\/\/jornalfatosenoticias.com.br\/index.php\/2022\/12\/27\/um-terco-da-comida-produzida-no-mundo-e-desperdicada-aponta-estudo\/#primaryimage\"},\"thumbnailUrl\":\"https:\/\/jornalfatosenoticias.com.br\/wp-content\/uploads\/2022\/12\/desperdicio-de-alimentos-sustentabilidade-neo-mondo.jpg\",\"keywords\":[\"comida\",\"desperd\u00edcio\",\"desperd\u00edcio de alimentos\",\"ONU\"],\"articleSection\":[\"Geral\"],\"inLanguage\":\"pt-BR\",\"potentialAction\":[{\"@type\":\"CommentAction\",\"name\":\"Comment\",\"target\":[\"https:\/\/jornalfatosenoticias.com.br\/index.php\/2022\/12\/27\/um-terco-da-comida-produzida-no-mundo-e-desperdicada-aponta-estudo\/#respond\"]}]},{\"@type\":\"WebPage\",\"@id\":\"https:\/\/jornalfatosenoticias.com.br\/index.php\/2022\/12\/27\/um-terco-da-comida-produzida-no-mundo-e-desperdicada-aponta-estudo\/\",\"url\":\"https:\/\/jornalfatosenoticias.com.br\/index.php\/2022\/12\/27\/um-terco-da-comida-produzida-no-mundo-e-desperdicada-aponta-estudo\/\",\"name\":\"Um ter\u00e7o da comida produzida no mundo \u00e9 desperdi\u00e7ada, aponta estudo - Jornal Fatos e Not\u00edcias\",\"isPartOf\":{\"@id\":\"https:\/\/jornalfatosenoticias.com.br\/#website\"},\"primaryImageOfPage\":{\"@id\":\"https:\/\/jornalfatosenoticias.com.br\/index.php\/2022\/12\/27\/um-terco-da-comida-produzida-no-mundo-e-desperdicada-aponta-estudo\/#primaryimage\"},\"image\":{\"@id\":\"https:\/\/jornalfatosenoticias.com.br\/index.php\/2022\/12\/27\/um-terco-da-comida-produzida-no-mundo-e-desperdicada-aponta-estudo\/#primaryimage\"},\"thumbnailUrl\":\"https:\/\/jornalfatosenoticias.com.br\/wp-content\/uploads\/2022\/12\/desperdicio-de-alimentos-sustentabilidade-neo-mondo.jpg\",\"datePublished\":\"2022-12-27T17:28:13+00:00\",\"dateModified\":\"2022-12-27T17:28:15+00:00\",\"breadcrumb\":{\"@id\":\"https:\/\/jornalfatosenoticias.com.br\/index.php\/2022\/12\/27\/um-terco-da-comida-produzida-no-mundo-e-desperdicada-aponta-estudo\/#breadcrumb\"},\"inLanguage\":\"pt-BR\",\"potentialAction\":[{\"@type\":\"ReadAction\",\"target\":[\"https:\/\/jornalfatosenoticias.com.br\/index.php\/2022\/12\/27\/um-terco-da-comida-produzida-no-mundo-e-desperdicada-aponta-estudo\/\"]}]},{\"@type\":\"ImageObject\",\"inLanguage\":\"pt-BR\",\"@id\":\"https:\/\/jornalfatosenoticias.com.br\/index.php\/2022\/12\/27\/um-terco-da-comida-produzida-no-mundo-e-desperdicada-aponta-estudo\/#primaryimage\",\"url\":\"https:\/\/jornalfatosenoticias.com.br\/wp-content\/uploads\/2022\/12\/desperdicio-de-alimentos-sustentabilidade-neo-mondo.jpg\",\"contentUrl\":\"https:\/\/jornalfatosenoticias.com.br\/wp-content\/uploads\/2022\/12\/desperdicio-de-alimentos-sustentabilidade-neo-mondo.jpg\",\"width\":1000,\"height\":758},{\"@type\":\"BreadcrumbList\",\"@id\":\"https:\/\/jornalfatosenoticias.com.br\/index.php\/2022\/12\/27\/um-terco-da-comida-produzida-no-mundo-e-desperdicada-aponta-estudo\/#breadcrumb\",\"itemListElement\":[{\"@type\":\"ListItem\",\"position\":1,\"name\":\"In\u00edcio\",\"item\":\"https:\/\/jornalfatosenoticias.com.br\/\"},{\"@type\":\"ListItem\",\"position\":2,\"name\":\"Um ter\u00e7o da comida produzida no mundo \u00e9 desperdi\u00e7ada, aponta estudo\"}]},{\"@type\":\"WebSite\",\"@id\":\"https:\/\/jornalfatosenoticias.com.br\/#website\",\"url\":\"https:\/\/jornalfatosenoticias.com.br\/\",\"name\":\"Jornal Fatos e Not\u00edcias\",\"description\":\"Not\u00edcias em geral\",\"publisher\":{\"@id\":\"https:\/\/jornalfatosenoticias.com.br\/#organization\"},\"potentialAction\":[{\"@type\":\"SearchAction\",\"target\":{\"@type\":\"EntryPoint\",\"urlTemplate\":\"https:\/\/jornalfatosenoticias.com.br\/?s={search_term_string}\"},\"query-input\":{\"@type\":\"PropertyValueSpecification\",\"valueRequired\":true,\"valueName\":\"search_term_string\"}}],\"inLanguage\":\"pt-BR\"},{\"@type\":\"Organization\",\"@id\":\"https:\/\/jornalfatosenoticias.com.br\/#organization\",\"name\":\"Jornal Fatos e Not\u00edcias\",\"url\":\"https:\/\/jornalfatosenoticias.com.br\/\",\"logo\":{\"@type\":\"ImageObject\",\"inLanguage\":\"pt-BR\",\"@id\":\"https:\/\/jornalfatosenoticias.com.br\/#\/schema\/logo\/image\/\",\"url\":\"https:\/\/jornalfatosenoticias.com.br\/wp-content\/uploads\/2020\/02\/logo120.png\",\"contentUrl\":\"https:\/\/jornalfatosenoticias.com.br\/wp-content\/uploads\/2020\/02\/logo120.png\",\"width\":1227,\"height\":120,\"caption\":\"Jornal Fatos e Not\u00edcias\"},\"image\":{\"@id\":\"https:\/\/jornalfatosenoticias.com.br\/#\/schema\/logo\/image\/\"}},{\"@type\":\"Person\",\"@id\":\"https:\/\/jornalfatosenoticias.com.br\/#\/schema\/person\/d63837fa13ac8666eb9e74e0985d6f81\",\"name\":\"Luzimara Fernandes\",\"image\":{\"@type\":\"ImageObject\",\"inLanguage\":\"pt-BR\",\"@id\":\"https:\/\/jornalfatosenoticias.com.br\/#\/schema\/person\/image\/\",\"url\":\"https:\/\/jornalfatosenoticias.com.br\/wp-content\/uploads\/2025\/05\/EU_portal.jpg\",\"contentUrl\":\"https:\/\/jornalfatosenoticias.com.br\/wp-content\/uploads\/2025\/05\/EU_portal.jpg\",\"caption\":\"Luzimara Fernandes\"},\"description\":\"Jornalista MTB 2358-ES\",\"sameAs\":[\"https:\/\/jornalfatosenoticias.com.br\"],\"url\":\"https:\/\/jornalfatosenoticias.com.br\/index.php\/author\/luzimara\/\"}]}<\/script>\n<!-- \/ Yoast SEO plugin. -->","yoast_head_json":{"title":"Um ter\u00e7o da comida produzida no mundo \u00e9 desperdi\u00e7ada, aponta estudo - Jornal Fatos e Not\u00edcias","robots":{"index":"index","follow":"follow","max-snippet":"max-snippet:-1","max-image-preview":"max-image-preview:large","max-video-preview":"max-video-preview:-1"},"canonical":"https:\/\/jornalfatosenoticias.com.br\/index.php\/2022\/12\/27\/um-terco-da-comida-produzida-no-mundo-e-desperdicada-aponta-estudo\/","og_locale":"pt_BR","og_type":"article","og_title":"Um ter\u00e7o da comida produzida no mundo \u00e9 desperdi\u00e7ada, aponta estudo - Jornal Fatos e Not\u00edcias","og_description":"Levantamento alerta que desperd\u00edcio tem custo estimado de US$ 1 trilh\u00e3o por ano Um ter\u00e7o da comida produzida ao redor do mundo \u00e9 perdida ou desperdi\u00e7ada, enquanto 811 milh\u00f5es de pessoas passam fome, alerta o novo estudo Waste Management as a catalyst to a Circular Economy (Gest\u00e3o de Res\u00edduos como catalisador de uma Economia Circular). [&hellip;]","og_url":"https:\/\/jornalfatosenoticias.com.br\/index.php\/2022\/12\/27\/um-terco-da-comida-produzida-no-mundo-e-desperdicada-aponta-estudo\/","og_site_name":"Jornal Fatos e Not\u00edcias","article_published_time":"2022-12-27T17:28:13+00:00","article_modified_time":"2022-12-27T17:28:15+00:00","og_image":[{"width":1000,"height":758,"url":"https:\/\/jornalfatosenoticias.com.br\/wp-content\/uploads\/2022\/12\/desperdicio-de-alimentos-sustentabilidade-neo-mondo.jpg","type":"image\/jpeg"}],"author":"Luzimara Fernandes","twitter_card":"summary_large_image","twitter_misc":{"Escrito por":"Luzimara Fernandes","Est. tempo de leitura":"4 minutos"},"schema":{"@context":"https:\/\/schema.org","@graph":[{"@type":"Article","@id":"https:\/\/jornalfatosenoticias.com.br\/index.php\/2022\/12\/27\/um-terco-da-comida-produzida-no-mundo-e-desperdicada-aponta-estudo\/#article","isPartOf":{"@id":"https:\/\/jornalfatosenoticias.com.br\/index.php\/2022\/12\/27\/um-terco-da-comida-produzida-no-mundo-e-desperdicada-aponta-estudo\/"},"author":{"name":"Luzimara Fernandes","@id":"https:\/\/jornalfatosenoticias.com.br\/#\/schema\/person\/d63837fa13ac8666eb9e74e0985d6f81"},"headline":"Um ter\u00e7o da comida produzida no mundo \u00e9 desperdi\u00e7ada, aponta estudo","datePublished":"2022-12-27T17:28:13+00:00","dateModified":"2022-12-27T17:28:15+00:00","mainEntityOfPage":{"@id":"https:\/\/jornalfatosenoticias.com.br\/index.php\/2022\/12\/27\/um-terco-da-comida-produzida-no-mundo-e-desperdicada-aponta-estudo\/"},"wordCount":767,"commentCount":0,"publisher":{"@id":"https:\/\/jornalfatosenoticias.com.br\/#organization"},"image":{"@id":"https:\/\/jornalfatosenoticias.com.br\/index.php\/2022\/12\/27\/um-terco-da-comida-produzida-no-mundo-e-desperdicada-aponta-estudo\/#primaryimage"},"thumbnailUrl":"https:\/\/jornalfatosenoticias.com.br\/wp-content\/uploads\/2022\/12\/desperdicio-de-alimentos-sustentabilidade-neo-mondo.jpg","keywords":["comida","desperd\u00edcio","desperd\u00edcio de alimentos","ONU"],"articleSection":["Geral"],"inLanguage":"pt-BR","potentialAction":[{"@type":"CommentAction","name":"Comment","target":["https:\/\/jornalfatosenoticias.com.br\/index.php\/2022\/12\/27\/um-terco-da-comida-produzida-no-mundo-e-desperdicada-aponta-estudo\/#respond"]}]},{"@type":"WebPage","@id":"https:\/\/jornalfatosenoticias.com.br\/index.php\/2022\/12\/27\/um-terco-da-comida-produzida-no-mundo-e-desperdicada-aponta-estudo\/","url":"https:\/\/jornalfatosenoticias.com.br\/index.php\/2022\/12\/27\/um-terco-da-comida-produzida-no-mundo-e-desperdicada-aponta-estudo\/","name":"Um ter\u00e7o da comida produzida no mundo \u00e9 desperdi\u00e7ada, aponta estudo - Jornal Fatos e Not\u00edcias","isPartOf":{"@id":"https:\/\/jornalfatosenoticias.com.br\/#website"},"primaryImageOfPage":{"@id":"https:\/\/jornalfatosenoticias.com.br\/index.php\/2022\/12\/27\/um-terco-da-comida-produzida-no-mundo-e-desperdicada-aponta-estudo\/#primaryimage"},"image":{"@id":"https:\/\/jornalfatosenoticias.com.br\/index.php\/2022\/12\/27\/um-terco-da-comida-produzida-no-mundo-e-desperdicada-aponta-estudo\/#primaryimage"},"thumbnailUrl":"https:\/\/jornalfatosenoticias.com.br\/wp-content\/uploads\/2022\/12\/desperdicio-de-alimentos-sustentabilidade-neo-mondo.jpg","datePublished":"2022-12-27T17:28:13+00:00","dateModified":"2022-12-27T17:28:15+00:00","breadcrumb":{"@id":"https:\/\/jornalfatosenoticias.com.br\/index.php\/2022\/12\/27\/um-terco-da-comida-produzida-no-mundo-e-desperdicada-aponta-estudo\/#breadcrumb"},"inLanguage":"pt-BR","potentialAction":[{"@type":"ReadAction","target":["https:\/\/jornalfatosenoticias.com.br\/index.php\/2022\/12\/27\/um-terco-da-comida-produzida-no-mundo-e-desperdicada-aponta-estudo\/"]}]},{"@type":"ImageObject","inLanguage":"pt-BR","@id":"https:\/\/jornalfatosenoticias.com.br\/index.php\/2022\/12\/27\/um-terco-da-comida-produzida-no-mundo-e-desperdicada-aponta-estudo\/#primaryimage","url":"https:\/\/jornalfatosenoticias.com.br\/wp-content\/uploads\/2022\/12\/desperdicio-de-alimentos-sustentabilidade-neo-mondo.jpg","contentUrl":"https:\/\/jornalfatosenoticias.com.br\/wp-content\/uploads\/2022\/12\/desperdicio-de-alimentos-sustentabilidade-neo-mondo.jpg","width":1000,"height":758},{"@type":"BreadcrumbList","@id":"https:\/\/jornalfatosenoticias.com.br\/index.php\/2022\/12\/27\/um-terco-da-comida-produzida-no-mundo-e-desperdicada-aponta-estudo\/#breadcrumb","itemListElement":[{"@type":"ListItem","position":1,"name":"In\u00edcio","item":"https:\/\/jornalfatosenoticias.com.br\/"},{"@type":"ListItem","position":2,"name":"Um ter\u00e7o da comida produzida no mundo \u00e9 desperdi\u00e7ada, aponta estudo"}]},{"@type":"WebSite","@id":"https:\/\/jornalfatosenoticias.com.br\/#website","url":"https:\/\/jornalfatosenoticias.com.br\/","name":"Jornal Fatos e Not\u00edcias","description":"Not\u00edcias em geral","publisher":{"@id":"https:\/\/jornalfatosenoticias.com.br\/#organization"},"potentialAction":[{"@type":"SearchAction","target":{"@type":"EntryPoint","urlTemplate":"https:\/\/jornalfatosenoticias.com.br\/?s={search_term_string}"},"query-input":{"@type":"PropertyValueSpecification","valueRequired":true,"valueName":"search_term_string"}}],"inLanguage":"pt-BR"},{"@type":"Organization","@id":"https:\/\/jornalfatosenoticias.com.br\/#organization","name":"Jornal Fatos e Not\u00edcias","url":"https:\/\/jornalfatosenoticias.com.br\/","logo":{"@type":"ImageObject","inLanguage":"pt-BR","@id":"https:\/\/jornalfatosenoticias.com.br\/#\/schema\/logo\/image\/","url":"https:\/\/jornalfatosenoticias.com.br\/wp-content\/uploads\/2020\/02\/logo120.png","contentUrl":"https:\/\/jornalfatosenoticias.com.br\/wp-content\/uploads\/2020\/02\/logo120.png","width":1227,"height":120,"caption":"Jornal Fatos e Not\u00edcias"},"image":{"@id":"https:\/\/jornalfatosenoticias.com.br\/#\/schema\/logo\/image\/"}},{"@type":"Person","@id":"https:\/\/jornalfatosenoticias.com.br\/#\/schema\/person\/d63837fa13ac8666eb9e74e0985d6f81","name":"Luzimara Fernandes","image":{"@type":"ImageObject","inLanguage":"pt-BR","@id":"https:\/\/jornalfatosenoticias.com.br\/#\/schema\/person\/image\/","url":"https:\/\/jornalfatosenoticias.com.br\/wp-content\/uploads\/2025\/05\/EU_portal.jpg","contentUrl":"https:\/\/jornalfatosenoticias.com.br\/wp-content\/uploads\/2025\/05\/EU_portal.jpg","caption":"Luzimara Fernandes"},"description":"Jornalista MTB 2358-ES","sameAs":["https:\/\/jornalfatosenoticias.com.br"],"url":"https:\/\/jornalfatosenoticias.com.br\/index.php\/author\/luzimara\/"}]}},"cc_featured_image_caption":{"caption_text":"(Foto: ONU\/NEO Mondo)","source_text":"","source_url":""},"jetpack_featured_media_url":"https:\/\/jornalfatosenoticias.com.br\/wp-content\/uploads\/2022\/12\/desperdicio-de-alimentos-sustentabilidade-neo-mondo.jpg","_links":{"self":[{"href":"https:\/\/jornalfatosenoticias.com.br\/index.php\/wp-json\/wp\/v2\/posts\/37305","targetHints":{"allow":["GET"]}}],"collection":[{"href":"https:\/\/jornalfatosenoticias.com.br\/index.php\/wp-json\/wp\/v2\/posts"}],"about":[{"href":"https:\/\/jornalfatosenoticias.com.br\/index.php\/wp-json\/wp\/v2\/types\/post"}],"author":[{"embeddable":true,"href":"https:\/\/jornalfatosenoticias.com.br\/index.php\/wp-json\/wp\/v2\/users\/2"}],"replies":[{"embeddable":true,"href":"https:\/\/jornalfatosenoticias.com.br\/index.php\/wp-json\/wp\/v2\/comments?post=37305"}],"version-history":[{"count":0,"href":"https:\/\/jornalfatosenoticias.com.br\/index.php\/wp-json\/wp\/v2\/posts\/37305\/revisions"}],"wp:featuredmedia":[{"embeddable":true,"href":"https:\/\/jornalfatosenoticias.com.br\/index.php\/wp-json\/wp\/v2\/media\/37306"}],"wp:attachment":[{"href":"https:\/\/jornalfatosenoticias.com.br\/index.php\/wp-json\/wp\/v2\/media?parent=37305"}],"wp:term":[{"taxonomy":"category","embeddable":true,"href":"https:\/\/jornalfatosenoticias.com.br\/index.php\/wp-json\/wp\/v2\/categories?post=37305"},{"taxonomy":"post_tag","embeddable":true,"href":"https:\/\/jornalfatosenoticias.com.br\/index.php\/wp-json\/wp\/v2\/tags?post=37305"}],"curies":[{"name":"wp","href":"https:\/\/api.w.org\/{rel}","templated":true}]}}