{"id":37333,"date":"2022-12-27T16:18:41","date_gmt":"2022-12-27T19:18:41","guid":{"rendered":"https:\/\/jornalfatosenoticias.com.br\/?p=37333"},"modified":"2022-12-27T16:18:41","modified_gmt":"2022-12-27T19:18:41","slug":"ano-novo-estresse-e-ansiedade-sobem-75-no-fim-do-ano","status":"publish","type":"post","link":"https:\/\/jornalfatosenoticias.com.br\/index.php\/2022\/12\/27\/ano-novo-estresse-e-ansiedade-sobem-75-no-fim-do-ano\/","title":{"rendered":"Ano Novo: estresse e ansiedade sobem 75% no fim do ano"},"content":{"rendered":"\n<p><em><span class=\"has-inline-color has-black-color\">Especialistas d\u00e3o dicas para processar os sentimentos de dezembro e manter a sa\u00fade mental<\/span><\/em><\/p>\n\n\n\n<div class=\"wp-block-image\"><figure class=\"aligncenter size-large\"><img decoding=\"async\" src=\"https:\/\/jornalfatosenoticias.com.br\/wp-content\/uploads\/2020\/02\/Serra-Grande-1024x160.png\" alt=\"\" class=\"wp-image-7836\"\/><\/figure><\/div>\n\n\n\n<p>Ang\u00fastia, altera\u00e7\u00f5es de <a href=\"https:\/\/olhardigital.com.br\/tag\/ansiedade\/\" target=\"_blank\" rel=\"noreferrer noopener\">humor<\/a>, ins\u00f4nia ou\u00a0<a href=\"https:\/\/olhardigital.com.br\/tag\/sono\/\" target=\"_blank\" rel=\"noreferrer noopener\">sono<\/a>\u00a0em excesso, dores musculares e fadiga; esses s\u00e3o apenas alguns dos sintomas desencadeados no final do ano, \u00e9poca em que somos submetidos a in\u00fameros balan\u00e7os e avalia\u00e7\u00f5es.<br>A carga de ansiedade e preocupa\u00e7\u00e3o nessa \u00e9poca, segundo estudos, \u00e9 maior do que em qualquer outro per\u00edodo do ano. Uma pesquisa realizada pela Isma-BR (<em>Internacional Stress Management Association \u2014 Brasil<\/em>) mostra que o n\u00edvel de estresse e ansiedade do brasileiro sobe, em m\u00e9dia, 75% em dezembro.<\/p>\n\n\n\n<div class=\"wp-block-image\"><figure class=\"aligncenter size-large\"><img loading=\"lazy\" decoding=\"async\" width=\"1024\" height=\"100\" src=\"https:\/\/jornalfatosenoticias.com.br\/wp-content\/uploads\/2022\/05\/NOVA-LOGO-CESCONETTO-1024x100.jpg\" alt=\"\" class=\"wp-image-30792\" srcset=\"https:\/\/jornalfatosenoticias.com.br\/wp-content\/uploads\/2022\/05\/NOVA-LOGO-CESCONETTO-1024x100.jpg 1024w, https:\/\/jornalfatosenoticias.com.br\/wp-content\/uploads\/2022\/05\/NOVA-LOGO-CESCONETTO-300x29.jpg 300w, https:\/\/jornalfatosenoticias.com.br\/wp-content\/uploads\/2022\/05\/NOVA-LOGO-CESCONETTO-768x75.jpg 768w, https:\/\/jornalfatosenoticias.com.br\/wp-content\/uploads\/2022\/05\/NOVA-LOGO-CESCONETTO.jpg 1280w\" sizes=\"auto, (max-width: 1024px) 100vw, 1024px\" \/><\/figure><\/div>\n\n\n\n<p>\u201cFatores como sa\u00fade, problemas socioecon\u00f4micos, emocionais, entre outros diversos, acentuam a ansiedade j\u00e1 natural da \u00e9poca. O ideal \u00e9 buscar alternativas para mitigar as rea\u00e7\u00f5es negativas\u201d, afirma Claudia Petry, pedagoga e professora no Instituto de Parapsicologia e Ci\u00eancias Mentais de Joinville (SC).<\/p>\n\n\n\n<div class=\"wp-block-image\"><figure class=\"aligncenter size-large is-resized\"><img loading=\"lazy\" decoding=\"async\" src=\"https:\/\/jornalfatosenoticias.com.br\/wp-content\/uploads\/2022\/07\/Logo-Grupo-SEI.jpg\" alt=\"\" class=\"wp-image-31973\" width=\"345\" height=\"181\" srcset=\"https:\/\/jornalfatosenoticias.com.br\/wp-content\/uploads\/2022\/07\/Logo-Grupo-SEI.jpg 713w, https:\/\/jornalfatosenoticias.com.br\/wp-content\/uploads\/2022\/07\/Logo-Grupo-SEI-300x158.jpg 300w\" sizes=\"auto, (max-width: 345px) 100vw, 345px\" \/><\/figure><\/div>\n\n\n\n<p><strong><span class=\"has-inline-color has-vivid-purple-color\">1. Adicione m\u00fasica cl\u00e1ssica \u00e0 sua playlist<br><\/span><\/strong>Um estudo da Universidade de Stanford constatou que, ao ouvir m\u00fasica cl\u00e1ssica, o fluxo de sangue aumenta em diversas \u00e1reas do c\u00e9rebro, liberando dopamina e ativando regi\u00f5es ligadas \u00e0 autonomia, cogni\u00e7\u00e3o e emo\u00e7\u00e3o. A m\u00fasica cl\u00e1ssica tamb\u00e9m relaxa o ambiente, aumentando o foco e a concentra\u00e7\u00e3o, especialmente em situa\u00e7\u00f5es que requerem tranquilidade.<\/p>\n\n\n\n<div class=\"wp-block-image\"><figure class=\"aligncenter size-large is-resized\"><img loading=\"lazy\" decoding=\"async\" src=\"https:\/\/jornalfatosenoticias.com.br\/wp-content\/uploads\/2022\/10\/Arte-jornal-Zucchi-600x600_Prancheta-1-1024x1024.jpg\" alt=\"\" class=\"wp-image-34782\" width=\"273\" height=\"273\" srcset=\"https:\/\/jornalfatosenoticias.com.br\/wp-content\/uploads\/2022\/10\/Arte-jornal-Zucchi-600x600_Prancheta-1-1024x1024.jpg 1024w, https:\/\/jornalfatosenoticias.com.br\/wp-content\/uploads\/2022\/10\/Arte-jornal-Zucchi-600x600_Prancheta-1-300x300.jpg 300w, https:\/\/jornalfatosenoticias.com.br\/wp-content\/uploads\/2022\/10\/Arte-jornal-Zucchi-600x600_Prancheta-1-150x150.jpg 150w, https:\/\/jornalfatosenoticias.com.br\/wp-content\/uploads\/2022\/10\/Arte-jornal-Zucchi-600x600_Prancheta-1-768x768.jpg 768w, https:\/\/jornalfatosenoticias.com.br\/wp-content\/uploads\/2022\/10\/Arte-jornal-Zucchi-600x600_Prancheta-1.jpg 1250w\" sizes=\"auto, (max-width: 273px) 100vw, 273px\" \/><\/figure><\/div>\n\n\n\n<figure class=\"wp-block-pullquote\"><blockquote><p><span class=\"has-inline-color has-luminous-vivid-orange-color\">Ouvir m\u00fasica cl\u00e1ssica constantemente eleva a atividade cerebral que envolve as sensa\u00e7\u00f5es de prazer e recompensa. Reduzir a dor e a ansiedade, baixar a press\u00e3o arterial, combater a ins\u00f4nia, despertar emo\u00e7\u00f5es positivas e atenuar a tens\u00e3o s\u00e3o alguns dos motivos para voc\u00ea aderir \u00e0 m\u00fasica cl\u00e1ssica\u201d, acrescenta M\u00f4nica Machado, psic\u00f3loga p\u00f3s-graduada em Psican\u00e1lise e Sa\u00fade Mental pelo Instituto de Ensino e Pesquisa do Hospital Albert Einstein e fundadora da Cl\u00ednica Ame.C.<\/span><\/p><\/blockquote><\/figure>\n\n\n\n<div class=\"wp-block-image\"><figure class=\"aligncenter size-large\"><img loading=\"lazy\" decoding=\"async\" width=\"1024\" height=\"100\" src=\"https:\/\/jornalfatosenoticias.com.br\/wp-content\/uploads\/2020\/02\/banner_ferramentas-1024x100.jpg\" alt=\"\" class=\"wp-image-1258\" srcset=\"https:\/\/jornalfatosenoticias.com.br\/wp-content\/uploads\/2020\/02\/banner_ferramentas-1024x100.jpg 1024w, https:\/\/jornalfatosenoticias.com.br\/wp-content\/uploads\/2020\/02\/banner_ferramentas-300x29.jpg 300w, https:\/\/jornalfatosenoticias.com.br\/wp-content\/uploads\/2020\/02\/banner_ferramentas-768x75.jpg 768w, https:\/\/jornalfatosenoticias.com.br\/wp-content\/uploads\/2020\/02\/banner_ferramentas.jpg 1227w\" sizes=\"auto, (max-width: 1024px) 100vw, 1024px\" \/><\/figure><\/div>\n\n\n\n<p><strong><span class=\"has-inline-color has-vivid-purple-color\">2. Aposte na leitura terap\u00eautica<br><\/span><\/strong>De acordo com um estudo realizado pelo peri\u00f3dico <em>Trends in Cognitive Sciences, <\/em>a leitura aumenta as conex\u00f5es neurais, melhorando as fun\u00e7\u00f5es cognitivas, diminuindo os n\u00edveis do horm\u00f4nio do estresse, desacelerando os batimentos card\u00edacos e o ritmo da respira\u00e7\u00e3o, e minimizando os sintomas do Transtorno de Ansiedade Generalizada (TAG).<\/p>\n\n\n\n<div class=\"wp-block-image\"><figure class=\"aligncenter size-large is-resized\"><img loading=\"lazy\" decoding=\"async\" src=\"https:\/\/jornalfatosenoticias.com.br\/wp-content\/uploads\/2020\/02\/casa-do-torresmo_portal.jpg\" alt=\"\" class=\"wp-image-34472\" width=\"287\" height=\"287\" srcset=\"https:\/\/jornalfatosenoticias.com.br\/wp-content\/uploads\/2020\/02\/casa-do-torresmo_portal.jpg 300w, https:\/\/jornalfatosenoticias.com.br\/wp-content\/uploads\/2020\/02\/casa-do-torresmo_portal-150x150.jpg 150w\" sizes=\"auto, (max-width: 287px) 100vw, 287px\" \/><\/figure><\/div>\n\n\n\n<figure class=\"wp-block-pullquote\"><blockquote><p><span class=\"has-inline-color has-luminous-vivid-orange-color\">Dentre as fun\u00e7\u00f5es cognitivas, destacam-se a consci\u00eancia, a orienta\u00e7\u00e3o, a sensopercep\u00e7\u00e3o e a concentra\u00e7\u00e3o. Da\u00ed a import\u00e2ncia de escolher livros com temas que sejam de seu interesse, para que prendam sua aten\u00e7\u00e3o e direcionem sua concentra\u00e7\u00e3o somente no livro. Uma vez envolvida na hist\u00f3ria, a pessoa se desliga do mundo externo e, consequentemente, dos agentes estressores\u201d, orienta Petry.<\/span><\/p><\/blockquote><\/figure>\n\n\n\n<div class=\"wp-block-image\"><figure class=\"alignright size-large is-resized\"><img decoding=\"async\" src=\"https:\/\/jornalfatosenoticias.com.br\/wp-content\/uploads\/2020\/02\/nova-logo-Marquetti.jpg\" alt=\"\" class=\"wp-image-22331\" width=\"-147\" height=\"-99\" srcset=\"https:\/\/jornalfatosenoticias.com.br\/wp-content\/uploads\/2020\/02\/nova-logo-Marquetti.jpg 643w, https:\/\/jornalfatosenoticias.com.br\/wp-content\/uploads\/2020\/02\/nova-logo-Marquetti-300x202.jpg 300w\" sizes=\"(max-width: 643px) 100vw, 643px\" \/><\/figure><\/div>\n\n\n\n<p><strong><span class=\"has-inline-color has-vivid-purple-color\">3. Pratique a aromaterapia<br><\/span><\/strong>Os \u00f3leos essenciais, extra\u00eddos de plantas, flores e frutas, promovem est\u00edmulos sensoriais que geram sensa\u00e7\u00e3o de bem-estar e conforto. Quando inalados, o olfato reconhece as mol\u00e9culas dos \u00f3leos essenciais atrav\u00e9s de seus receptores, chegando at\u00e9 o sistema l\u00edmbico, regi\u00e3o do c\u00e9rebro respons\u00e1vel pelas emo\u00e7\u00f5es.<br>Um estudo realizado pela Funda\u00e7\u00e3o de Amparo \u00e0 Pesquisa do Estado de S\u00e3o Paulo (Fapesp) comprovou que pacientes com depress\u00e3o precisaram de menores doses de medicamentos ap\u00f3s terem conduzido tratamento com aromaterapia, utilizando \u00f3leos c\u00edtricos.<\/p>\n\n\n\n<div class=\"wp-block-image\"><figure class=\"aligncenter size-large\"><img loading=\"lazy\" decoding=\"async\" width=\"300\" height=\"250\" src=\"https:\/\/jornalfatosenoticias.com.br\/wp-content\/uploads\/2022\/08\/arte-Casarao.jpg\" alt=\"\" class=\"wp-image-33178\"\/><\/figure><\/div>\n\n\n\n<figure class=\"wp-block-pullquote\"><blockquote><p><span class=\"has-inline-color has-luminous-vivid-orange-color\">O \u00f3leo de lavanda, por exemplo, um dos mais usados em desequil\u00edbrios emocionais, beneficia o sistema nervoso aut\u00f4nomo, aliviando sintomas de depress\u00e3o, ansiedade e enxaqueca. J\u00e1 o \u00f3leo vetiver melhora a sa\u00fade emocional de forma semelhante a alguns rem\u00e9dios prescritos para ansiedade\u201d, destaca Paula Molari Abdo, farmac\u00eautica pela USP, diretora t\u00e9cnica da farm\u00e1cia de manipula\u00e7\u00e3o Formularium, especialista em Aten\u00e7\u00e3o Farmac\u00eautica pela USP e membro da Associa\u00e7\u00e3o Nacional de Farmac\u00eauticos Magistrais (Anfarmag).<\/span><\/p><\/blockquote><\/figure>\n\n\n\n<div class=\"wp-block-image\"><figure class=\"alignleft size-large\"><img decoding=\"async\" src=\"https:\/\/jornalfatosenoticias.com.br\/wp-content\/uploads\/2020\/02\/barao-das-carnes-300x164-1.jpg\" alt=\"\" class=\"wp-image-34339\"\/><\/figure><\/div>\n\n\n\n<p><strong><span class=\"has-inline-color has-vivid-purple-color\">4. Invista na hortoterapia<br><\/span><\/strong>Cultivar um jardim ou uma horta \u00e9 uma aposta cada vez mais usada para tratar dist\u00farbios emocionais. Segundo o estudo <em>Gardening is Beneficial for Health, <\/em>publicado na <em>Science Direct,<\/em> a pr\u00e1tica ajuda a promover redu\u00e7\u00e3o da depress\u00e3o e da ansiedade, al\u00e9m de proporcionar aumento da qualidade de vida e do senso de comunidade.<\/p>\n\n\n\n<div class=\"wp-block-image\"><figure class=\"aligncenter size-large\"><img loading=\"lazy\" decoding=\"async\" width=\"729\" height=\"90\" src=\"https:\/\/jornalfatosenoticias.com.br\/wp-content\/uploads\/2020\/02\/Logo_Mizu.png\" alt=\"\" class=\"wp-image-1441\" srcset=\"https:\/\/jornalfatosenoticias.com.br\/wp-content\/uploads\/2020\/02\/Logo_Mizu.png 729w, https:\/\/jornalfatosenoticias.com.br\/wp-content\/uploads\/2020\/02\/Logo_Mizu-300x37.png 300w\" sizes=\"auto, (max-width: 729px) 100vw, 729px\" \/><\/figure><\/div>\n\n\n\n<p>Em outro estudo, da Universidade de Princeton, os pesquisadores constataram um aumento significativo nos n\u00edveis de bem-estar dos praticantes de jardinagem dom\u00e9stica, em especial, no cultivo de vegetais. Isso se deve \u00e0 sensa\u00e7\u00e3o de recompensa pela possibilidade de comer ou proporcionar aos outros um alimento que a pr\u00f3pria pessoa cultivou.<\/p>\n\n\n\n<div class=\"wp-block-image\"><figure class=\"aligncenter size-large\"><img decoding=\"async\" src=\"https:\/\/jornalfatosenoticias.com.br\/wp-content\/uploads\/2020\/02\/logo_esteio.jpg\" alt=\"\" class=\"wp-image-1214\"\/><\/figure><\/div>\n\n\n\n<figure class=\"wp-block-pullquote\"><blockquote><p><span class=\"has-inline-color has-luminous-vivid-orange-color\">Estar em contato com a natureza, por si s\u00f3, j\u00e1 \u00e9 altamente terap\u00eautico. Cuidar de plantas gera uma resposta importante contra depress\u00e3o, ansiedade e at\u00e9 transtorno bipolar, j\u00e1 que estimula o sistema nervoso central, liberando serotonina e endorfina. Uma boa dica \u00e9 come\u00e7ar com uma horta org\u00e2nica e cultivar seus pr\u00f3prios alimentos em casa. Quem tem mais espa\u00e7o pode ampliar aos poucos e variar os cultivos. O importante \u00e9 voc\u00ea perceber as mudan\u00e7as internas e dar continuidade ao que lhe proporciona prazer\u201d, finaliza a psic\u00f3loga M\u00f4nica Machado.<\/span><\/p><\/blockquote><\/figure>\n\n\n\n<div class=\"wp-block-image\"><figure class=\"aligncenter size-large\"><img loading=\"lazy\" decoding=\"async\" width=\"1000\" height=\"709\" src=\"https:\/\/jornalfatosenoticias.com.br\/wp-content\/uploads\/2022\/12\/cartao-ano-novo.jpg\" alt=\"\" class=\"wp-image-37231\" srcset=\"https:\/\/jornalfatosenoticias.com.br\/wp-content\/uploads\/2022\/12\/cartao-ano-novo.jpg 1000w, https:\/\/jornalfatosenoticias.com.br\/wp-content\/uploads\/2022\/12\/cartao-ano-novo-300x213.jpg 300w, https:\/\/jornalfatosenoticias.com.br\/wp-content\/uploads\/2022\/12\/cartao-ano-novo-768x545.jpg 768w\" sizes=\"auto, (max-width: 1000px) 100vw, 1000px\" \/><\/figure><\/div>\n\n\n\n<p><strong><em>Fonte: <a href=\"https:\/\/olhardigital.com.br\/2022\/12\/27\/medicina-e-saude\/ano-novo-estresse-e-ansiedade-sobem-75-no-fim-do-ano\/\">Olhar Digital<\/a><\/em><\/strong><\/p>\n","protected":false},"excerpt":{"rendered":"<p>Especialistas d\u00e3o dicas para processar os sentimentos de dezembro e manter a sa\u00fade mental Ang\u00fastia, altera\u00e7\u00f5es de humor, ins\u00f4nia ou\u00a0sono\u00a0em excesso, dores musculares e fadiga; esses s\u00e3o apenas alguns dos sintomas desencadeados no final do ano, \u00e9poca em que somos submetidos a in\u00fameros balan\u00e7os e avalia\u00e7\u00f5es.A carga de ansiedade e preocupa\u00e7\u00e3o nessa \u00e9poca, segundo estudos, [&hellip;]<\/p>\n","protected":false},"author":2,"featured_media":37334,"comment_status":"open","ping_status":"open","sticky":false,"template":"","format":"standard","meta":{"footnotes":""},"categories":[2522],"tags":[17544,2279,17545,2280,6570,688,5094],"class_list":["post-37333","post","type-post","status-publish","format-standard","has-post-thumbnail","hentry","category-comportamento","tag-ano-novo","tag-ansiedade","tag-dezembro","tag-estresse","tag-final-de-ano","tag-saude-mental","tag-sentimentos"],"yoast_head":"<!-- This site is optimized with the Yoast SEO plugin v26.5 - https:\/\/yoast.com\/wordpress\/plugins\/seo\/ -->\n<title>Ano Novo: estresse e ansiedade sobem 75% no fim do ano - Jornal Fatos e Not\u00edcias<\/title>\n<meta name=\"robots\" content=\"index, follow, max-snippet:-1, max-image-preview:large, max-video-preview:-1\" \/>\n<link rel=\"canonical\" href=\"https:\/\/jornalfatosenoticias.com.br\/index.php\/2022\/12\/27\/ano-novo-estresse-e-ansiedade-sobem-75-no-fim-do-ano\/\" \/>\n<meta property=\"og:locale\" content=\"pt_BR\" \/>\n<meta property=\"og:type\" content=\"article\" \/>\n<meta property=\"og:title\" content=\"Ano Novo: estresse e ansiedade sobem 75% no fim do ano - Jornal Fatos e Not\u00edcias\" \/>\n<meta property=\"og:description\" content=\"Especialistas d\u00e3o dicas para processar os sentimentos de dezembro e manter a sa\u00fade mental Ang\u00fastia, altera\u00e7\u00f5es de humor, ins\u00f4nia ou\u00a0sono\u00a0em excesso, dores musculares e fadiga; esses s\u00e3o apenas alguns dos sintomas desencadeados no final do ano, \u00e9poca em que somos submetidos a in\u00fameros balan\u00e7os e avalia\u00e7\u00f5es.A carga de ansiedade e preocupa\u00e7\u00e3o nessa \u00e9poca, segundo estudos, [&hellip;]\" \/>\n<meta property=\"og:url\" content=\"https:\/\/jornalfatosenoticias.com.br\/index.php\/2022\/12\/27\/ano-novo-estresse-e-ansiedade-sobem-75-no-fim-do-ano\/\" \/>\n<meta property=\"og:site_name\" content=\"Jornal Fatos e Not\u00edcias\" \/>\n<meta property=\"article:published_time\" content=\"2022-12-27T19:18:41+00:00\" \/>\n<meta property=\"og:image\" content=\"https:\/\/jornalfatosenoticias.com.br\/wp-content\/uploads\/2022\/12\/estresse-e-ansiedade-sobem-no-fim-do-ano_Shutterstock.jpg\" \/>\n\t<meta property=\"og:image:width\" content=\"1000\" \/>\n\t<meta property=\"og:image:height\" content=\"400\" \/>\n\t<meta property=\"og:image:type\" content=\"image\/jpeg\" \/>\n<meta name=\"author\" content=\"Luzimara Fernandes\" \/>\n<meta name=\"twitter:card\" content=\"summary_large_image\" \/>\n<meta name=\"twitter:label1\" content=\"Escrito por\" \/>\n\t<meta name=\"twitter:data1\" content=\"Luzimara Fernandes\" \/>\n\t<meta name=\"twitter:label2\" content=\"Est. tempo de leitura\" \/>\n\t<meta name=\"twitter:data2\" content=\"4 minutos\" \/>\n<script type=\"application\/ld+json\" class=\"yoast-schema-graph\">{\"@context\":\"https:\/\/schema.org\",\"@graph\":[{\"@type\":\"Article\",\"@id\":\"https:\/\/jornalfatosenoticias.com.br\/index.php\/2022\/12\/27\/ano-novo-estresse-e-ansiedade-sobem-75-no-fim-do-ano\/#article\",\"isPartOf\":{\"@id\":\"https:\/\/jornalfatosenoticias.com.br\/index.php\/2022\/12\/27\/ano-novo-estresse-e-ansiedade-sobem-75-no-fim-do-ano\/\"},\"author\":{\"name\":\"Luzimara Fernandes\",\"@id\":\"https:\/\/jornalfatosenoticias.com.br\/#\/schema\/person\/d63837fa13ac8666eb9e74e0985d6f81\"},\"headline\":\"Ano Novo: estresse e ansiedade sobem 75% no fim do ano\",\"datePublished\":\"2022-12-27T19:18:41+00:00\",\"mainEntityOfPage\":{\"@id\":\"https:\/\/jornalfatosenoticias.com.br\/index.php\/2022\/12\/27\/ano-novo-estresse-e-ansiedade-sobem-75-no-fim-do-ano\/\"},\"wordCount\":832,\"commentCount\":0,\"publisher\":{\"@id\":\"https:\/\/jornalfatosenoticias.com.br\/#organization\"},\"image\":{\"@id\":\"https:\/\/jornalfatosenoticias.com.br\/index.php\/2022\/12\/27\/ano-novo-estresse-e-ansiedade-sobem-75-no-fim-do-ano\/#primaryimage\"},\"thumbnailUrl\":\"https:\/\/jornalfatosenoticias.com.br\/wp-content\/uploads\/2022\/12\/estresse-e-ansiedade-sobem-no-fim-do-ano_Shutterstock.jpg\",\"keywords\":[\"Ano Novo\",\"ansiedade\",\"dezembro\",\"estresse\",\"final de ano\",\"sa\u00fade mental\",\"sentimentos\"],\"articleSection\":[\"Comportamento &amp; Equil\u00edbrio\"],\"inLanguage\":\"pt-BR\",\"potentialAction\":[{\"@type\":\"CommentAction\",\"name\":\"Comment\",\"target\":[\"https:\/\/jornalfatosenoticias.com.br\/index.php\/2022\/12\/27\/ano-novo-estresse-e-ansiedade-sobem-75-no-fim-do-ano\/#respond\"]}]},{\"@type\":\"WebPage\",\"@id\":\"https:\/\/jornalfatosenoticias.com.br\/index.php\/2022\/12\/27\/ano-novo-estresse-e-ansiedade-sobem-75-no-fim-do-ano\/\",\"url\":\"https:\/\/jornalfatosenoticias.com.br\/index.php\/2022\/12\/27\/ano-novo-estresse-e-ansiedade-sobem-75-no-fim-do-ano\/\",\"name\":\"Ano Novo: estresse e ansiedade sobem 75% no fim do ano - Jornal Fatos e Not\u00edcias\",\"isPartOf\":{\"@id\":\"https:\/\/jornalfatosenoticias.com.br\/#website\"},\"primaryImageOfPage\":{\"@id\":\"https:\/\/jornalfatosenoticias.com.br\/index.php\/2022\/12\/27\/ano-novo-estresse-e-ansiedade-sobem-75-no-fim-do-ano\/#primaryimage\"},\"image\":{\"@id\":\"https:\/\/jornalfatosenoticias.com.br\/index.php\/2022\/12\/27\/ano-novo-estresse-e-ansiedade-sobem-75-no-fim-do-ano\/#primaryimage\"},\"thumbnailUrl\":\"https:\/\/jornalfatosenoticias.com.br\/wp-content\/uploads\/2022\/12\/estresse-e-ansiedade-sobem-no-fim-do-ano_Shutterstock.jpg\",\"datePublished\":\"2022-12-27T19:18:41+00:00\",\"breadcrumb\":{\"@id\":\"https:\/\/jornalfatosenoticias.com.br\/index.php\/2022\/12\/27\/ano-novo-estresse-e-ansiedade-sobem-75-no-fim-do-ano\/#breadcrumb\"},\"inLanguage\":\"pt-BR\",\"potentialAction\":[{\"@type\":\"ReadAction\",\"target\":[\"https:\/\/jornalfatosenoticias.com.br\/index.php\/2022\/12\/27\/ano-novo-estresse-e-ansiedade-sobem-75-no-fim-do-ano\/\"]}]},{\"@type\":\"ImageObject\",\"inLanguage\":\"pt-BR\",\"@id\":\"https:\/\/jornalfatosenoticias.com.br\/index.php\/2022\/12\/27\/ano-novo-estresse-e-ansiedade-sobem-75-no-fim-do-ano\/#primaryimage\",\"url\":\"https:\/\/jornalfatosenoticias.com.br\/wp-content\/uploads\/2022\/12\/estresse-e-ansiedade-sobem-no-fim-do-ano_Shutterstock.jpg\",\"contentUrl\":\"https:\/\/jornalfatosenoticias.com.br\/wp-content\/uploads\/2022\/12\/estresse-e-ansiedade-sobem-no-fim-do-ano_Shutterstock.jpg\",\"width\":1000,\"height\":400},{\"@type\":\"BreadcrumbList\",\"@id\":\"https:\/\/jornalfatosenoticias.com.br\/index.php\/2022\/12\/27\/ano-novo-estresse-e-ansiedade-sobem-75-no-fim-do-ano\/#breadcrumb\",\"itemListElement\":[{\"@type\":\"ListItem\",\"position\":1,\"name\":\"In\u00edcio\",\"item\":\"https:\/\/jornalfatosenoticias.com.br\/\"},{\"@type\":\"ListItem\",\"position\":2,\"name\":\"Ano Novo: estresse e ansiedade sobem 75% no fim do ano\"}]},{\"@type\":\"WebSite\",\"@id\":\"https:\/\/jornalfatosenoticias.com.br\/#website\",\"url\":\"https:\/\/jornalfatosenoticias.com.br\/\",\"name\":\"Jornal Fatos e Not\u00edcias\",\"description\":\"Not\u00edcias em geral\",\"publisher\":{\"@id\":\"https:\/\/jornalfatosenoticias.com.br\/#organization\"},\"potentialAction\":[{\"@type\":\"SearchAction\",\"target\":{\"@type\":\"EntryPoint\",\"urlTemplate\":\"https:\/\/jornalfatosenoticias.com.br\/?s={search_term_string}\"},\"query-input\":{\"@type\":\"PropertyValueSpecification\",\"valueRequired\":true,\"valueName\":\"search_term_string\"}}],\"inLanguage\":\"pt-BR\"},{\"@type\":\"Organization\",\"@id\":\"https:\/\/jornalfatosenoticias.com.br\/#organization\",\"name\":\"Jornal Fatos e Not\u00edcias\",\"url\":\"https:\/\/jornalfatosenoticias.com.br\/\",\"logo\":{\"@type\":\"ImageObject\",\"inLanguage\":\"pt-BR\",\"@id\":\"https:\/\/jornalfatosenoticias.com.br\/#\/schema\/logo\/image\/\",\"url\":\"https:\/\/jornalfatosenoticias.com.br\/wp-content\/uploads\/2020\/02\/logo120.png\",\"contentUrl\":\"https:\/\/jornalfatosenoticias.com.br\/wp-content\/uploads\/2020\/02\/logo120.png\",\"width\":1227,\"height\":120,\"caption\":\"Jornal Fatos e Not\u00edcias\"},\"image\":{\"@id\":\"https:\/\/jornalfatosenoticias.com.br\/#\/schema\/logo\/image\/\"}},{\"@type\":\"Person\",\"@id\":\"https:\/\/jornalfatosenoticias.com.br\/#\/schema\/person\/d63837fa13ac8666eb9e74e0985d6f81\",\"name\":\"Luzimara Fernandes\",\"image\":{\"@type\":\"ImageObject\",\"inLanguage\":\"pt-BR\",\"@id\":\"https:\/\/jornalfatosenoticias.com.br\/#\/schema\/person\/image\/\",\"url\":\"https:\/\/jornalfatosenoticias.com.br\/wp-content\/uploads\/2025\/05\/EU_portal.jpg\",\"contentUrl\":\"https:\/\/jornalfatosenoticias.com.br\/wp-content\/uploads\/2025\/05\/EU_portal.jpg\",\"caption\":\"Luzimara Fernandes\"},\"description\":\"Jornalista MTB 2358-ES\",\"sameAs\":[\"https:\/\/jornalfatosenoticias.com.br\"],\"url\":\"https:\/\/jornalfatosenoticias.com.br\/index.php\/author\/luzimara\/\"}]}<\/script>\n<!-- \/ Yoast SEO plugin. -->","yoast_head_json":{"title":"Ano Novo: estresse e ansiedade sobem 75% no fim do ano - Jornal Fatos e Not\u00edcias","robots":{"index":"index","follow":"follow","max-snippet":"max-snippet:-1","max-image-preview":"max-image-preview:large","max-video-preview":"max-video-preview:-1"},"canonical":"https:\/\/jornalfatosenoticias.com.br\/index.php\/2022\/12\/27\/ano-novo-estresse-e-ansiedade-sobem-75-no-fim-do-ano\/","og_locale":"pt_BR","og_type":"article","og_title":"Ano Novo: estresse e ansiedade sobem 75% no fim do ano - Jornal Fatos e Not\u00edcias","og_description":"Especialistas d\u00e3o dicas para processar os sentimentos de dezembro e manter a sa\u00fade mental Ang\u00fastia, altera\u00e7\u00f5es de humor, ins\u00f4nia ou\u00a0sono\u00a0em excesso, dores musculares e fadiga; esses s\u00e3o apenas alguns dos sintomas desencadeados no final do ano, \u00e9poca em que somos submetidos a in\u00fameros balan\u00e7os e avalia\u00e7\u00f5es.A carga de ansiedade e preocupa\u00e7\u00e3o nessa \u00e9poca, segundo estudos, [&hellip;]","og_url":"https:\/\/jornalfatosenoticias.com.br\/index.php\/2022\/12\/27\/ano-novo-estresse-e-ansiedade-sobem-75-no-fim-do-ano\/","og_site_name":"Jornal Fatos e Not\u00edcias","article_published_time":"2022-12-27T19:18:41+00:00","og_image":[{"width":1000,"height":400,"url":"https:\/\/jornalfatosenoticias.com.br\/wp-content\/uploads\/2022\/12\/estresse-e-ansiedade-sobem-no-fim-do-ano_Shutterstock.jpg","type":"image\/jpeg"}],"author":"Luzimara Fernandes","twitter_card":"summary_large_image","twitter_misc":{"Escrito por":"Luzimara Fernandes","Est. tempo de leitura":"4 minutos"},"schema":{"@context":"https:\/\/schema.org","@graph":[{"@type":"Article","@id":"https:\/\/jornalfatosenoticias.com.br\/index.php\/2022\/12\/27\/ano-novo-estresse-e-ansiedade-sobem-75-no-fim-do-ano\/#article","isPartOf":{"@id":"https:\/\/jornalfatosenoticias.com.br\/index.php\/2022\/12\/27\/ano-novo-estresse-e-ansiedade-sobem-75-no-fim-do-ano\/"},"author":{"name":"Luzimara Fernandes","@id":"https:\/\/jornalfatosenoticias.com.br\/#\/schema\/person\/d63837fa13ac8666eb9e74e0985d6f81"},"headline":"Ano Novo: estresse e ansiedade sobem 75% no fim do ano","datePublished":"2022-12-27T19:18:41+00:00","mainEntityOfPage":{"@id":"https:\/\/jornalfatosenoticias.com.br\/index.php\/2022\/12\/27\/ano-novo-estresse-e-ansiedade-sobem-75-no-fim-do-ano\/"},"wordCount":832,"commentCount":0,"publisher":{"@id":"https:\/\/jornalfatosenoticias.com.br\/#organization"},"image":{"@id":"https:\/\/jornalfatosenoticias.com.br\/index.php\/2022\/12\/27\/ano-novo-estresse-e-ansiedade-sobem-75-no-fim-do-ano\/#primaryimage"},"thumbnailUrl":"https:\/\/jornalfatosenoticias.com.br\/wp-content\/uploads\/2022\/12\/estresse-e-ansiedade-sobem-no-fim-do-ano_Shutterstock.jpg","keywords":["Ano Novo","ansiedade","dezembro","estresse","final de ano","sa\u00fade mental","sentimentos"],"articleSection":["Comportamento &amp; Equil\u00edbrio"],"inLanguage":"pt-BR","potentialAction":[{"@type":"CommentAction","name":"Comment","target":["https:\/\/jornalfatosenoticias.com.br\/index.php\/2022\/12\/27\/ano-novo-estresse-e-ansiedade-sobem-75-no-fim-do-ano\/#respond"]}]},{"@type":"WebPage","@id":"https:\/\/jornalfatosenoticias.com.br\/index.php\/2022\/12\/27\/ano-novo-estresse-e-ansiedade-sobem-75-no-fim-do-ano\/","url":"https:\/\/jornalfatosenoticias.com.br\/index.php\/2022\/12\/27\/ano-novo-estresse-e-ansiedade-sobem-75-no-fim-do-ano\/","name":"Ano Novo: estresse e ansiedade sobem 75% no fim do ano - Jornal Fatos e Not\u00edcias","isPartOf":{"@id":"https:\/\/jornalfatosenoticias.com.br\/#website"},"primaryImageOfPage":{"@id":"https:\/\/jornalfatosenoticias.com.br\/index.php\/2022\/12\/27\/ano-novo-estresse-e-ansiedade-sobem-75-no-fim-do-ano\/#primaryimage"},"image":{"@id":"https:\/\/jornalfatosenoticias.com.br\/index.php\/2022\/12\/27\/ano-novo-estresse-e-ansiedade-sobem-75-no-fim-do-ano\/#primaryimage"},"thumbnailUrl":"https:\/\/jornalfatosenoticias.com.br\/wp-content\/uploads\/2022\/12\/estresse-e-ansiedade-sobem-no-fim-do-ano_Shutterstock.jpg","datePublished":"2022-12-27T19:18:41+00:00","breadcrumb":{"@id":"https:\/\/jornalfatosenoticias.com.br\/index.php\/2022\/12\/27\/ano-novo-estresse-e-ansiedade-sobem-75-no-fim-do-ano\/#breadcrumb"},"inLanguage":"pt-BR","potentialAction":[{"@type":"ReadAction","target":["https:\/\/jornalfatosenoticias.com.br\/index.php\/2022\/12\/27\/ano-novo-estresse-e-ansiedade-sobem-75-no-fim-do-ano\/"]}]},{"@type":"ImageObject","inLanguage":"pt-BR","@id":"https:\/\/jornalfatosenoticias.com.br\/index.php\/2022\/12\/27\/ano-novo-estresse-e-ansiedade-sobem-75-no-fim-do-ano\/#primaryimage","url":"https:\/\/jornalfatosenoticias.com.br\/wp-content\/uploads\/2022\/12\/estresse-e-ansiedade-sobem-no-fim-do-ano_Shutterstock.jpg","contentUrl":"https:\/\/jornalfatosenoticias.com.br\/wp-content\/uploads\/2022\/12\/estresse-e-ansiedade-sobem-no-fim-do-ano_Shutterstock.jpg","width":1000,"height":400},{"@type":"BreadcrumbList","@id":"https:\/\/jornalfatosenoticias.com.br\/index.php\/2022\/12\/27\/ano-novo-estresse-e-ansiedade-sobem-75-no-fim-do-ano\/#breadcrumb","itemListElement":[{"@type":"ListItem","position":1,"name":"In\u00edcio","item":"https:\/\/jornalfatosenoticias.com.br\/"},{"@type":"ListItem","position":2,"name":"Ano Novo: estresse e ansiedade sobem 75% no fim do ano"}]},{"@type":"WebSite","@id":"https:\/\/jornalfatosenoticias.com.br\/#website","url":"https:\/\/jornalfatosenoticias.com.br\/","name":"Jornal Fatos e Not\u00edcias","description":"Not\u00edcias em geral","publisher":{"@id":"https:\/\/jornalfatosenoticias.com.br\/#organization"},"potentialAction":[{"@type":"SearchAction","target":{"@type":"EntryPoint","urlTemplate":"https:\/\/jornalfatosenoticias.com.br\/?s={search_term_string}"},"query-input":{"@type":"PropertyValueSpecification","valueRequired":true,"valueName":"search_term_string"}}],"inLanguage":"pt-BR"},{"@type":"Organization","@id":"https:\/\/jornalfatosenoticias.com.br\/#organization","name":"Jornal Fatos e Not\u00edcias","url":"https:\/\/jornalfatosenoticias.com.br\/","logo":{"@type":"ImageObject","inLanguage":"pt-BR","@id":"https:\/\/jornalfatosenoticias.com.br\/#\/schema\/logo\/image\/","url":"https:\/\/jornalfatosenoticias.com.br\/wp-content\/uploads\/2020\/02\/logo120.png","contentUrl":"https:\/\/jornalfatosenoticias.com.br\/wp-content\/uploads\/2020\/02\/logo120.png","width":1227,"height":120,"caption":"Jornal Fatos e Not\u00edcias"},"image":{"@id":"https:\/\/jornalfatosenoticias.com.br\/#\/schema\/logo\/image\/"}},{"@type":"Person","@id":"https:\/\/jornalfatosenoticias.com.br\/#\/schema\/person\/d63837fa13ac8666eb9e74e0985d6f81","name":"Luzimara Fernandes","image":{"@type":"ImageObject","inLanguage":"pt-BR","@id":"https:\/\/jornalfatosenoticias.com.br\/#\/schema\/person\/image\/","url":"https:\/\/jornalfatosenoticias.com.br\/wp-content\/uploads\/2025\/05\/EU_portal.jpg","contentUrl":"https:\/\/jornalfatosenoticias.com.br\/wp-content\/uploads\/2025\/05\/EU_portal.jpg","caption":"Luzimara Fernandes"},"description":"Jornalista MTB 2358-ES","sameAs":["https:\/\/jornalfatosenoticias.com.br"],"url":"https:\/\/jornalfatosenoticias.com.br\/index.php\/author\/luzimara\/"}]}},"cc_featured_image_caption":{"caption_text":"(Foto: Shutterstock\/winyuu) ","source_text":"","source_url":""},"jetpack_featured_media_url":"https:\/\/jornalfatosenoticias.com.br\/wp-content\/uploads\/2022\/12\/estresse-e-ansiedade-sobem-no-fim-do-ano_Shutterstock.jpg","_links":{"self":[{"href":"https:\/\/jornalfatosenoticias.com.br\/index.php\/wp-json\/wp\/v2\/posts\/37333","targetHints":{"allow":["GET"]}}],"collection":[{"href":"https:\/\/jornalfatosenoticias.com.br\/index.php\/wp-json\/wp\/v2\/posts"}],"about":[{"href":"https:\/\/jornalfatosenoticias.com.br\/index.php\/wp-json\/wp\/v2\/types\/post"}],"author":[{"embeddable":true,"href":"https:\/\/jornalfatosenoticias.com.br\/index.php\/wp-json\/wp\/v2\/users\/2"}],"replies":[{"embeddable":true,"href":"https:\/\/jornalfatosenoticias.com.br\/index.php\/wp-json\/wp\/v2\/comments?post=37333"}],"version-history":[{"count":0,"href":"https:\/\/jornalfatosenoticias.com.br\/index.php\/wp-json\/wp\/v2\/posts\/37333\/revisions"}],"wp:featuredmedia":[{"embeddable":true,"href":"https:\/\/jornalfatosenoticias.com.br\/index.php\/wp-json\/wp\/v2\/media\/37334"}],"wp:attachment":[{"href":"https:\/\/jornalfatosenoticias.com.br\/index.php\/wp-json\/wp\/v2\/media?parent=37333"}],"wp:term":[{"taxonomy":"category","embeddable":true,"href":"https:\/\/jornalfatosenoticias.com.br\/index.php\/wp-json\/wp\/v2\/categories?post=37333"},{"taxonomy":"post_tag","embeddable":true,"href":"https:\/\/jornalfatosenoticias.com.br\/index.php\/wp-json\/wp\/v2\/tags?post=37333"}],"curies":[{"name":"wp","href":"https:\/\/api.w.org\/{rel}","templated":true}]}}