{"id":37361,"date":"2022-12-28T12:07:02","date_gmt":"2022-12-28T15:07:02","guid":{"rendered":"https:\/\/jornalfatosenoticias.com.br\/?p=37361"},"modified":"2022-12-28T12:07:04","modified_gmt":"2022-12-28T15:07:04","slug":"ministro-da-educacao-participa-de-cerimonia-de-encerramento-do-curso-abc","status":"publish","type":"post","link":"https:\/\/jornalfatosenoticias.com.br\/index.php\/2022\/12\/28\/ministro-da-educacao-participa-de-cerimonia-de-encerramento-do-curso-abc\/","title":{"rendered":"Ministro da Educa\u00e7\u00e3o participa de cerim\u00f4nia de encerramento do curso ABC"},"content":{"rendered":"\n<p><em><span class=\"has-inline-color has-black-color\">Durante o evento, foi anunciado que em decorr\u00eancia do sucesso do projeto Alfabetiza\u00e7\u00e3o Baseada na Ci\u00eancia (ABC), o curso ser\u00e1 transformado em uma p\u00f3s-gradua\u00e7\u00e3o<\/span><\/em><\/p>\n\n\n\n<div class=\"wp-block-image\"><figure class=\"aligncenter size-large\"><img decoding=\"async\" src=\"https:\/\/jornalfatosenoticias.com.br\/wp-content\/uploads\/2020\/02\/logo-embacia-1-1024x110.jpg\" alt=\"\" class=\"wp-image-33954\"\/><\/figure><\/div>\n\n\n\n<p>O ministro da Educa\u00e7\u00e3o, Victor Godoy, participou da cerim\u00f4nia de encerramento da vers\u00e3o presencial do curso Alfabetiza\u00e7\u00e3o Baseada na Ci\u00eancia (ABC). Participaram do curso, em Portugal, 100 professores brasileiros da educa\u00e7\u00e3o b\u00e1sica, selecionados por meio do Programa de Desenvolvimento Profissional de Professores Alfabetizadores, da Coordena\u00e7\u00e3o de Aperfei\u00e7oamento de Pessoal de N\u00edvel Superior (Capes). A capacita\u00e7\u00e3o \u00e9 fruto do acordo celebrado entre a Capes, a Secretaria de Alfabetiza\u00e7\u00e3o (Sealf) do Minist\u00e9rio da Educa\u00e7\u00e3o (MEC) e duas institui\u00e7\u00f5es portuguesas: a Universidade do Porto e o Instituto Polit\u00e9cnico do Porto.<\/p>\n\n\n\n<div class=\"wp-block-image\"><figure class=\"alignleft size-large is-resized\"><img loading=\"lazy\" decoding=\"async\" src=\"https:\/\/jornalfatosenoticias.com.br\/wp-content\/uploads\/2022\/08\/logo-locau-veiculos-1024x573.png\" alt=\"\" class=\"wp-image-33078\" width=\"333\" height=\"186\"\/><\/figure><\/div>\n\n\n\n<p>O Programa capacitou professores que trabalham com alfabetiza\u00e7\u00e3o, que est\u00e3o em efetivo exerc\u00edcio nas redes p\u00fablicas de educa\u00e7\u00e3o b\u00e1sica, por meio do curso de aperfei\u00e7oamento ABC. Durante seis semanas, entre novembro e dezembro deste ano, os participantes tiverem aulas te\u00f3ricas na Faculdade de Psicologia e de Ci\u00eancias da Educa\u00e7\u00e3o da Universidade do Porto. A iniciativa contou tamb\u00e9m com atividades pr\u00e1ticas e visitas \u00e0s escolas portuguesas, guiadas pela equipe do Centro de Investiga\u00e7\u00e3o e Interven\u00e7\u00e3o na Leitura, do Instituto Polit\u00e9cnico do Porto.<br>Na oportunidade, o ministro da Educa\u00e7\u00e3o parabenizou os professores e anunciou a cria\u00e7\u00e3o do curso ABC no formato <em>latu sensu. <\/em><\/p>\n\n\n\n<div class=\"wp-block-image\"><figure class=\"aligncenter size-large\"><img decoding=\"async\" src=\"https:\/\/jornalfatosenoticias.com.br\/wp-content\/uploads\/2020\/02\/logo_esteio.jpg\" alt=\"\" class=\"wp-image-1214\"\/><\/figure><\/div>\n\n\n\n<figure class=\"wp-block-pullquote\"><blockquote><p><span class=\"has-inline-color has-luminous-vivid-orange-color\">Gostaria de agradecer a todos os professores pelo empenho e dedica\u00e7\u00e3o e por terem acreditado em uma forma\u00e7\u00e3o para alfabetizadores baseada na ci\u00eancia. Agora, voc\u00eas retornam para o Brasil para colocar em pr\u00e1tica e replicar os conhecimentos adquiridos\u201d, destacou Godoy. <\/span><\/p><\/blockquote><\/figure>\n\n\n\n<div class=\"wp-block-image\"><figure class=\"aligncenter size-large\"><img loading=\"lazy\" decoding=\"async\" width=\"1024\" height=\"100\" src=\"https:\/\/jornalfatosenoticias.com.br\/wp-content\/uploads\/2020\/02\/banner_ferramentas-1024x100.jpg\" alt=\"\" class=\"wp-image-1258\" srcset=\"https:\/\/jornalfatosenoticias.com.br\/wp-content\/uploads\/2020\/02\/banner_ferramentas-1024x100.jpg 1024w, https:\/\/jornalfatosenoticias.com.br\/wp-content\/uploads\/2020\/02\/banner_ferramentas-300x29.jpg 300w, https:\/\/jornalfatosenoticias.com.br\/wp-content\/uploads\/2020\/02\/banner_ferramentas-768x75.jpg 768w, https:\/\/jornalfatosenoticias.com.br\/wp-content\/uploads\/2020\/02\/banner_ferramentas.jpg 1227w\" sizes=\"auto, (max-width: 1024px) 100vw, 1024px\" \/><\/figure><\/div>\n\n\n\n<p>Estiveram presentes na cerim\u00f4nia, F\u00e1bio de Barros Correia Gomes Filho; o secret\u00e1rio de Alfabetiza\u00e7\u00e3o, Carlos Nadalim; ex-secret\u00e1rio de Alfabetiza\u00e7\u00e3o e o diretor de Educa\u00e7\u00e3o a Dist\u00e2ncia da Capes, Carlos Lenuzza.<\/p>\n\n\n\n<div class=\"wp-block-image\"><figure class=\"aligncenter size-large is-resized\"><img loading=\"lazy\" decoding=\"async\" src=\"https:\/\/jornalfatosenoticias.com.br\/wp-content\/uploads\/2020\/02\/logo-Panper_portal.jpg\" alt=\"\" class=\"wp-image-34474\" width=\"293\" height=\"203\" srcset=\"https:\/\/jornalfatosenoticias.com.br\/wp-content\/uploads\/2020\/02\/logo-Panper_portal.jpg 400w, https:\/\/jornalfatosenoticias.com.br\/wp-content\/uploads\/2020\/02\/logo-Panper_portal-300x208.jpg 300w\" sizes=\"auto, (max-width: 293px) 100vw, 293px\" \/><\/figure><\/div>\n\n\n\n<p><strong><span class=\"has-inline-color has-vivid-cyan-blue-color\">Sobre o Programa<br><\/span><\/strong>O edital veio complementar as iniciativas promovidas com o curso on-line ABC \u2014 que conta com 245 mil inscritos \u2014 e a publica\u00e7\u00e3o dos Manuais ABC e ABC na Pr\u00e1tica, dispon\u00edveis gratuitamente no site do MEC.<\/p>\n\n\n\n<div class=\"wp-block-image\"><figure class=\"aligncenter size-large\"><img loading=\"lazy\" decoding=\"async\" width=\"1000\" height=\"709\" src=\"https:\/\/jornalfatosenoticias.com.br\/wp-content\/uploads\/2022\/12\/cartao-ano-novo.jpg\" alt=\"\" class=\"wp-image-37231\" srcset=\"https:\/\/jornalfatosenoticias.com.br\/wp-content\/uploads\/2022\/12\/cartao-ano-novo.jpg 1000w, https:\/\/jornalfatosenoticias.com.br\/wp-content\/uploads\/2022\/12\/cartao-ano-novo-300x213.jpg 300w, https:\/\/jornalfatosenoticias.com.br\/wp-content\/uploads\/2022\/12\/cartao-ano-novo-768x545.jpg 768w\" sizes=\"auto, (max-width: 1000px) 100vw, 1000px\" \/><\/figure><\/div>\n\n\n\n<p><strong><em>Fonte: <a href=\"https:\/\/www.gov.br\/mec\/pt-br\/assuntos\/noticias\/ministro-da-educacao-participa-de-cerimonia-de-encerramento-do-curso-abc\">MEC<\/a><\/em><\/strong><\/p>\n","protected":false},"excerpt":{"rendered":"<p>Durante o evento, foi anunciado que em decorr\u00eancia do sucesso do projeto Alfabetiza\u00e7\u00e3o Baseada na Ci\u00eancia (ABC), o curso ser\u00e1 transformado em uma p\u00f3s-gradua\u00e7\u00e3o O ministro da Educa\u00e7\u00e3o, Victor Godoy, participou da cerim\u00f4nia de encerramento da vers\u00e3o presencial do curso Alfabetiza\u00e7\u00e3o Baseada na Ci\u00eancia (ABC). Participaram do curso, em Portugal, 100 professores brasileiros da educa\u00e7\u00e3o [&hellip;]<\/p>\n","protected":false},"author":2,"featured_media":37362,"comment_status":"open","ping_status":"open","sticky":false,"template":"","format":"standard","meta":{"footnotes":""},"categories":[7],"tags":[3821,17555,17556,7874,8300,14331],"class_list":["post-37361","post","type-post","status-publish","format-standard","has-post-thumbnail","hentry","category-educacao","tag-alfabetizacao","tag-cerimonia","tag-cerimonia-de-encerramento","tag-curso-abc","tag-ministro-da-educacao","tag-victor-godoy"],"yoast_head":"<!-- This site is optimized with the Yoast SEO plugin v26.5 - https:\/\/yoast.com\/wordpress\/plugins\/seo\/ -->\n<title>Ministro da Educa\u00e7\u00e3o participa de cerim\u00f4nia de encerramento do curso ABC - Jornal Fatos e Not\u00edcias<\/title>\n<meta name=\"robots\" content=\"index, follow, max-snippet:-1, max-image-preview:large, max-video-preview:-1\" \/>\n<link rel=\"canonical\" href=\"https:\/\/jornalfatosenoticias.com.br\/index.php\/2022\/12\/28\/ministro-da-educacao-participa-de-cerimonia-de-encerramento-do-curso-abc\/\" \/>\n<meta property=\"og:locale\" content=\"pt_BR\" \/>\n<meta property=\"og:type\" content=\"article\" \/>\n<meta property=\"og:title\" content=\"Ministro da Educa\u00e7\u00e3o participa de cerim\u00f4nia de encerramento do curso ABC - Jornal Fatos e Not\u00edcias\" \/>\n<meta property=\"og:description\" content=\"Durante o evento, foi anunciado que em decorr\u00eancia do sucesso do projeto Alfabetiza\u00e7\u00e3o Baseada na Ci\u00eancia (ABC), o curso ser\u00e1 transformado em uma p\u00f3s-gradua\u00e7\u00e3o O ministro da Educa\u00e7\u00e3o, Victor Godoy, participou da cerim\u00f4nia de encerramento da vers\u00e3o presencial do curso Alfabetiza\u00e7\u00e3o Baseada na Ci\u00eancia (ABC). Participaram do curso, em Portugal, 100 professores brasileiros da educa\u00e7\u00e3o [&hellip;]\" \/>\n<meta property=\"og:url\" content=\"https:\/\/jornalfatosenoticias.com.br\/index.php\/2022\/12\/28\/ministro-da-educacao-participa-de-cerimonia-de-encerramento-do-curso-abc\/\" \/>\n<meta property=\"og:site_name\" content=\"Jornal Fatos e Not\u00edcias\" \/>\n<meta property=\"article:published_time\" content=\"2022-12-28T15:07:02+00:00\" \/>\n<meta property=\"article:modified_time\" content=\"2022-12-28T15:07:04+00:00\" \/>\n<meta property=\"og:image\" content=\"https:\/\/jornalfatosenoticias.com.br\/wp-content\/uploads\/2022\/12\/Ministro-da-Educacao-participa-de-cerimonia-de-encerramento-do-curso-ABC.jpg\" \/>\n\t<meta property=\"og:image:width\" content=\"1000\" \/>\n\t<meta property=\"og:image:height\" content=\"598\" \/>\n\t<meta property=\"og:image:type\" content=\"image\/jpeg\" \/>\n<meta name=\"author\" content=\"Luzimara Fernandes\" \/>\n<meta name=\"twitter:card\" content=\"summary_large_image\" \/>\n<meta name=\"twitter:label1\" content=\"Escrito por\" \/>\n\t<meta name=\"twitter:data1\" content=\"Luzimara Fernandes\" \/>\n\t<meta name=\"twitter:label2\" content=\"Est. tempo de leitura\" \/>\n\t<meta name=\"twitter:data2\" content=\"2 minutos\" \/>\n<script type=\"application\/ld+json\" class=\"yoast-schema-graph\">{\"@context\":\"https:\/\/schema.org\",\"@graph\":[{\"@type\":\"Article\",\"@id\":\"https:\/\/jornalfatosenoticias.com.br\/index.php\/2022\/12\/28\/ministro-da-educacao-participa-de-cerimonia-de-encerramento-do-curso-abc\/#article\",\"isPartOf\":{\"@id\":\"https:\/\/jornalfatosenoticias.com.br\/index.php\/2022\/12\/28\/ministro-da-educacao-participa-de-cerimonia-de-encerramento-do-curso-abc\/\"},\"author\":{\"name\":\"Luzimara Fernandes\",\"@id\":\"https:\/\/jornalfatosenoticias.com.br\/#\/schema\/person\/d63837fa13ac8666eb9e74e0985d6f81\"},\"headline\":\"Ministro da Educa\u00e7\u00e3o participa de cerim\u00f4nia de encerramento do curso ABC\",\"datePublished\":\"2022-12-28T15:07:02+00:00\",\"dateModified\":\"2022-12-28T15:07:04+00:00\",\"mainEntityOfPage\":{\"@id\":\"https:\/\/jornalfatosenoticias.com.br\/index.php\/2022\/12\/28\/ministro-da-educacao-participa-de-cerimonia-de-encerramento-do-curso-abc\/\"},\"wordCount\":385,\"commentCount\":0,\"publisher\":{\"@id\":\"https:\/\/jornalfatosenoticias.com.br\/#organization\"},\"image\":{\"@id\":\"https:\/\/jornalfatosenoticias.com.br\/index.php\/2022\/12\/28\/ministro-da-educacao-participa-de-cerimonia-de-encerramento-do-curso-abc\/#primaryimage\"},\"thumbnailUrl\":\"https:\/\/jornalfatosenoticias.com.br\/wp-content\/uploads\/2022\/12\/Ministro-da-Educacao-participa-de-cerimonia-de-encerramento-do-curso-ABC.jpg\",\"keywords\":[\"alfabetiza\u00e7\u00e3o\",\"cerim\u00f4nia\",\"cerim\u00f4nia de encerramento\",\"Curso ABC\",\"ministro da Educa\u00e7\u00e3o\",\"Victor Godoy\"],\"articleSection\":[\"Educa\u00e7\u00e3o\"],\"inLanguage\":\"pt-BR\",\"potentialAction\":[{\"@type\":\"CommentAction\",\"name\":\"Comment\",\"target\":[\"https:\/\/jornalfatosenoticias.com.br\/index.php\/2022\/12\/28\/ministro-da-educacao-participa-de-cerimonia-de-encerramento-do-curso-abc\/#respond\"]}]},{\"@type\":\"WebPage\",\"@id\":\"https:\/\/jornalfatosenoticias.com.br\/index.php\/2022\/12\/28\/ministro-da-educacao-participa-de-cerimonia-de-encerramento-do-curso-abc\/\",\"url\":\"https:\/\/jornalfatosenoticias.com.br\/index.php\/2022\/12\/28\/ministro-da-educacao-participa-de-cerimonia-de-encerramento-do-curso-abc\/\",\"name\":\"Ministro da Educa\u00e7\u00e3o participa de cerim\u00f4nia de encerramento do curso ABC - Jornal Fatos e Not\u00edcias\",\"isPartOf\":{\"@id\":\"https:\/\/jornalfatosenoticias.com.br\/#website\"},\"primaryImageOfPage\":{\"@id\":\"https:\/\/jornalfatosenoticias.com.br\/index.php\/2022\/12\/28\/ministro-da-educacao-participa-de-cerimonia-de-encerramento-do-curso-abc\/#primaryimage\"},\"image\":{\"@id\":\"https:\/\/jornalfatosenoticias.com.br\/index.php\/2022\/12\/28\/ministro-da-educacao-participa-de-cerimonia-de-encerramento-do-curso-abc\/#primaryimage\"},\"thumbnailUrl\":\"https:\/\/jornalfatosenoticias.com.br\/wp-content\/uploads\/2022\/12\/Ministro-da-Educacao-participa-de-cerimonia-de-encerramento-do-curso-ABC.jpg\",\"datePublished\":\"2022-12-28T15:07:02+00:00\",\"dateModified\":\"2022-12-28T15:07:04+00:00\",\"breadcrumb\":{\"@id\":\"https:\/\/jornalfatosenoticias.com.br\/index.php\/2022\/12\/28\/ministro-da-educacao-participa-de-cerimonia-de-encerramento-do-curso-abc\/#breadcrumb\"},\"inLanguage\":\"pt-BR\",\"potentialAction\":[{\"@type\":\"ReadAction\",\"target\":[\"https:\/\/jornalfatosenoticias.com.br\/index.php\/2022\/12\/28\/ministro-da-educacao-participa-de-cerimonia-de-encerramento-do-curso-abc\/\"]}]},{\"@type\":\"ImageObject\",\"inLanguage\":\"pt-BR\",\"@id\":\"https:\/\/jornalfatosenoticias.com.br\/index.php\/2022\/12\/28\/ministro-da-educacao-participa-de-cerimonia-de-encerramento-do-curso-abc\/#primaryimage\",\"url\":\"https:\/\/jornalfatosenoticias.com.br\/wp-content\/uploads\/2022\/12\/Ministro-da-Educacao-participa-de-cerimonia-de-encerramento-do-curso-ABC.jpg\",\"contentUrl\":\"https:\/\/jornalfatosenoticias.com.br\/wp-content\/uploads\/2022\/12\/Ministro-da-Educacao-participa-de-cerimonia-de-encerramento-do-curso-ABC.jpg\",\"width\":1000,\"height\":598,\"caption\":\"Bras\u00edlia \u2013 No quadro-negro da sala de aula da professora Elieth Portilho est\u00e3o fotos de p\u00e1ssaros e frutas do Cerrado. As cartilhas falam de temas rurais e pr\u00e1ticas do campo e foram elaboradas pela professora e os alunos. \u00c9 com esse material que ela alfabetiza as crian\u00e7as no Centro de Ensino Fundamental Pipiripau 2, localizada em um n\u00facleo rural em Bras\u00edlia (Elza Fiuza\/Ag\u00eancia Brasil)\"},{\"@type\":\"BreadcrumbList\",\"@id\":\"https:\/\/jornalfatosenoticias.com.br\/index.php\/2022\/12\/28\/ministro-da-educacao-participa-de-cerimonia-de-encerramento-do-curso-abc\/#breadcrumb\",\"itemListElement\":[{\"@type\":\"ListItem\",\"position\":1,\"name\":\"In\u00edcio\",\"item\":\"https:\/\/jornalfatosenoticias.com.br\/\"},{\"@type\":\"ListItem\",\"position\":2,\"name\":\"Ministro da Educa\u00e7\u00e3o participa de cerim\u00f4nia de encerramento do curso ABC\"}]},{\"@type\":\"WebSite\",\"@id\":\"https:\/\/jornalfatosenoticias.com.br\/#website\",\"url\":\"https:\/\/jornalfatosenoticias.com.br\/\",\"name\":\"Jornal Fatos e Not\u00edcias\",\"description\":\"Not\u00edcias em geral\",\"publisher\":{\"@id\":\"https:\/\/jornalfatosenoticias.com.br\/#organization\"},\"potentialAction\":[{\"@type\":\"SearchAction\",\"target\":{\"@type\":\"EntryPoint\",\"urlTemplate\":\"https:\/\/jornalfatosenoticias.com.br\/?s={search_term_string}\"},\"query-input\":{\"@type\":\"PropertyValueSpecification\",\"valueRequired\":true,\"valueName\":\"search_term_string\"}}],\"inLanguage\":\"pt-BR\"},{\"@type\":\"Organization\",\"@id\":\"https:\/\/jornalfatosenoticias.com.br\/#organization\",\"name\":\"Jornal Fatos e Not\u00edcias\",\"url\":\"https:\/\/jornalfatosenoticias.com.br\/\",\"logo\":{\"@type\":\"ImageObject\",\"inLanguage\":\"pt-BR\",\"@id\":\"https:\/\/jornalfatosenoticias.com.br\/#\/schema\/logo\/image\/\",\"url\":\"https:\/\/jornalfatosenoticias.com.br\/wp-content\/uploads\/2020\/02\/logo120.png\",\"contentUrl\":\"https:\/\/jornalfatosenoticias.com.br\/wp-content\/uploads\/2020\/02\/logo120.png\",\"width\":1227,\"height\":120,\"caption\":\"Jornal Fatos e Not\u00edcias\"},\"image\":{\"@id\":\"https:\/\/jornalfatosenoticias.com.br\/#\/schema\/logo\/image\/\"}},{\"@type\":\"Person\",\"@id\":\"https:\/\/jornalfatosenoticias.com.br\/#\/schema\/person\/d63837fa13ac8666eb9e74e0985d6f81\",\"name\":\"Luzimara Fernandes\",\"image\":{\"@type\":\"ImageObject\",\"inLanguage\":\"pt-BR\",\"@id\":\"https:\/\/jornalfatosenoticias.com.br\/#\/schema\/person\/image\/\",\"url\":\"https:\/\/jornalfatosenoticias.com.br\/wp-content\/uploads\/2025\/05\/EU_portal.jpg\",\"contentUrl\":\"https:\/\/jornalfatosenoticias.com.br\/wp-content\/uploads\/2025\/05\/EU_portal.jpg\",\"caption\":\"Luzimara Fernandes\"},\"description\":\"Jornalista MTB 2358-ES\",\"sameAs\":[\"https:\/\/jornalfatosenoticias.com.br\"],\"url\":\"https:\/\/jornalfatosenoticias.com.br\/index.php\/author\/luzimara\/\"}]}<\/script>\n<!-- \/ Yoast SEO plugin. -->","yoast_head_json":{"title":"Ministro da Educa\u00e7\u00e3o participa de cerim\u00f4nia de encerramento do curso ABC - Jornal Fatos e Not\u00edcias","robots":{"index":"index","follow":"follow","max-snippet":"max-snippet:-1","max-image-preview":"max-image-preview:large","max-video-preview":"max-video-preview:-1"},"canonical":"https:\/\/jornalfatosenoticias.com.br\/index.php\/2022\/12\/28\/ministro-da-educacao-participa-de-cerimonia-de-encerramento-do-curso-abc\/","og_locale":"pt_BR","og_type":"article","og_title":"Ministro da Educa\u00e7\u00e3o participa de cerim\u00f4nia de encerramento do curso ABC - Jornal Fatos e Not\u00edcias","og_description":"Durante o evento, foi anunciado que em decorr\u00eancia do sucesso do projeto Alfabetiza\u00e7\u00e3o Baseada na Ci\u00eancia (ABC), o curso ser\u00e1 transformado em uma p\u00f3s-gradua\u00e7\u00e3o O ministro da Educa\u00e7\u00e3o, Victor Godoy, participou da cerim\u00f4nia de encerramento da vers\u00e3o presencial do curso Alfabetiza\u00e7\u00e3o Baseada na Ci\u00eancia (ABC). Participaram do curso, em Portugal, 100 professores brasileiros da educa\u00e7\u00e3o [&hellip;]","og_url":"https:\/\/jornalfatosenoticias.com.br\/index.php\/2022\/12\/28\/ministro-da-educacao-participa-de-cerimonia-de-encerramento-do-curso-abc\/","og_site_name":"Jornal Fatos e Not\u00edcias","article_published_time":"2022-12-28T15:07:02+00:00","article_modified_time":"2022-12-28T15:07:04+00:00","og_image":[{"width":1000,"height":598,"url":"https:\/\/jornalfatosenoticias.com.br\/wp-content\/uploads\/2022\/12\/Ministro-da-Educacao-participa-de-cerimonia-de-encerramento-do-curso-ABC.jpg","type":"image\/jpeg"}],"author":"Luzimara Fernandes","twitter_card":"summary_large_image","twitter_misc":{"Escrito por":"Luzimara Fernandes","Est. tempo de leitura":"2 minutos"},"schema":{"@context":"https:\/\/schema.org","@graph":[{"@type":"Article","@id":"https:\/\/jornalfatosenoticias.com.br\/index.php\/2022\/12\/28\/ministro-da-educacao-participa-de-cerimonia-de-encerramento-do-curso-abc\/#article","isPartOf":{"@id":"https:\/\/jornalfatosenoticias.com.br\/index.php\/2022\/12\/28\/ministro-da-educacao-participa-de-cerimonia-de-encerramento-do-curso-abc\/"},"author":{"name":"Luzimara Fernandes","@id":"https:\/\/jornalfatosenoticias.com.br\/#\/schema\/person\/d63837fa13ac8666eb9e74e0985d6f81"},"headline":"Ministro da Educa\u00e7\u00e3o participa de cerim\u00f4nia de encerramento do curso ABC","datePublished":"2022-12-28T15:07:02+00:00","dateModified":"2022-12-28T15:07:04+00:00","mainEntityOfPage":{"@id":"https:\/\/jornalfatosenoticias.com.br\/index.php\/2022\/12\/28\/ministro-da-educacao-participa-de-cerimonia-de-encerramento-do-curso-abc\/"},"wordCount":385,"commentCount":0,"publisher":{"@id":"https:\/\/jornalfatosenoticias.com.br\/#organization"},"image":{"@id":"https:\/\/jornalfatosenoticias.com.br\/index.php\/2022\/12\/28\/ministro-da-educacao-participa-de-cerimonia-de-encerramento-do-curso-abc\/#primaryimage"},"thumbnailUrl":"https:\/\/jornalfatosenoticias.com.br\/wp-content\/uploads\/2022\/12\/Ministro-da-Educacao-participa-de-cerimonia-de-encerramento-do-curso-ABC.jpg","keywords":["alfabetiza\u00e7\u00e3o","cerim\u00f4nia","cerim\u00f4nia de encerramento","Curso ABC","ministro da Educa\u00e7\u00e3o","Victor Godoy"],"articleSection":["Educa\u00e7\u00e3o"],"inLanguage":"pt-BR","potentialAction":[{"@type":"CommentAction","name":"Comment","target":["https:\/\/jornalfatosenoticias.com.br\/index.php\/2022\/12\/28\/ministro-da-educacao-participa-de-cerimonia-de-encerramento-do-curso-abc\/#respond"]}]},{"@type":"WebPage","@id":"https:\/\/jornalfatosenoticias.com.br\/index.php\/2022\/12\/28\/ministro-da-educacao-participa-de-cerimonia-de-encerramento-do-curso-abc\/","url":"https:\/\/jornalfatosenoticias.com.br\/index.php\/2022\/12\/28\/ministro-da-educacao-participa-de-cerimonia-de-encerramento-do-curso-abc\/","name":"Ministro da Educa\u00e7\u00e3o participa de cerim\u00f4nia de encerramento do curso ABC - Jornal Fatos e Not\u00edcias","isPartOf":{"@id":"https:\/\/jornalfatosenoticias.com.br\/#website"},"primaryImageOfPage":{"@id":"https:\/\/jornalfatosenoticias.com.br\/index.php\/2022\/12\/28\/ministro-da-educacao-participa-de-cerimonia-de-encerramento-do-curso-abc\/#primaryimage"},"image":{"@id":"https:\/\/jornalfatosenoticias.com.br\/index.php\/2022\/12\/28\/ministro-da-educacao-participa-de-cerimonia-de-encerramento-do-curso-abc\/#primaryimage"},"thumbnailUrl":"https:\/\/jornalfatosenoticias.com.br\/wp-content\/uploads\/2022\/12\/Ministro-da-Educacao-participa-de-cerimonia-de-encerramento-do-curso-ABC.jpg","datePublished":"2022-12-28T15:07:02+00:00","dateModified":"2022-12-28T15:07:04+00:00","breadcrumb":{"@id":"https:\/\/jornalfatosenoticias.com.br\/index.php\/2022\/12\/28\/ministro-da-educacao-participa-de-cerimonia-de-encerramento-do-curso-abc\/#breadcrumb"},"inLanguage":"pt-BR","potentialAction":[{"@type":"ReadAction","target":["https:\/\/jornalfatosenoticias.com.br\/index.php\/2022\/12\/28\/ministro-da-educacao-participa-de-cerimonia-de-encerramento-do-curso-abc\/"]}]},{"@type":"ImageObject","inLanguage":"pt-BR","@id":"https:\/\/jornalfatosenoticias.com.br\/index.php\/2022\/12\/28\/ministro-da-educacao-participa-de-cerimonia-de-encerramento-do-curso-abc\/#primaryimage","url":"https:\/\/jornalfatosenoticias.com.br\/wp-content\/uploads\/2022\/12\/Ministro-da-Educacao-participa-de-cerimonia-de-encerramento-do-curso-ABC.jpg","contentUrl":"https:\/\/jornalfatosenoticias.com.br\/wp-content\/uploads\/2022\/12\/Ministro-da-Educacao-participa-de-cerimonia-de-encerramento-do-curso-ABC.jpg","width":1000,"height":598,"caption":"Bras\u00edlia \u2013 No quadro-negro da sala de aula da professora Elieth Portilho est\u00e3o fotos de p\u00e1ssaros e frutas do Cerrado. As cartilhas falam de temas rurais e pr\u00e1ticas do campo e foram elaboradas pela professora e os alunos. \u00c9 com esse material que ela alfabetiza as crian\u00e7as no Centro de Ensino Fundamental Pipiripau 2, localizada em um n\u00facleo rural em Bras\u00edlia (Elza Fiuza\/Ag\u00eancia Brasil)"},{"@type":"BreadcrumbList","@id":"https:\/\/jornalfatosenoticias.com.br\/index.php\/2022\/12\/28\/ministro-da-educacao-participa-de-cerimonia-de-encerramento-do-curso-abc\/#breadcrumb","itemListElement":[{"@type":"ListItem","position":1,"name":"In\u00edcio","item":"https:\/\/jornalfatosenoticias.com.br\/"},{"@type":"ListItem","position":2,"name":"Ministro da Educa\u00e7\u00e3o participa de cerim\u00f4nia de encerramento do curso ABC"}]},{"@type":"WebSite","@id":"https:\/\/jornalfatosenoticias.com.br\/#website","url":"https:\/\/jornalfatosenoticias.com.br\/","name":"Jornal Fatos e Not\u00edcias","description":"Not\u00edcias em geral","publisher":{"@id":"https:\/\/jornalfatosenoticias.com.br\/#organization"},"potentialAction":[{"@type":"SearchAction","target":{"@type":"EntryPoint","urlTemplate":"https:\/\/jornalfatosenoticias.com.br\/?s={search_term_string}"},"query-input":{"@type":"PropertyValueSpecification","valueRequired":true,"valueName":"search_term_string"}}],"inLanguage":"pt-BR"},{"@type":"Organization","@id":"https:\/\/jornalfatosenoticias.com.br\/#organization","name":"Jornal Fatos e Not\u00edcias","url":"https:\/\/jornalfatosenoticias.com.br\/","logo":{"@type":"ImageObject","inLanguage":"pt-BR","@id":"https:\/\/jornalfatosenoticias.com.br\/#\/schema\/logo\/image\/","url":"https:\/\/jornalfatosenoticias.com.br\/wp-content\/uploads\/2020\/02\/logo120.png","contentUrl":"https:\/\/jornalfatosenoticias.com.br\/wp-content\/uploads\/2020\/02\/logo120.png","width":1227,"height":120,"caption":"Jornal Fatos e Not\u00edcias"},"image":{"@id":"https:\/\/jornalfatosenoticias.com.br\/#\/schema\/logo\/image\/"}},{"@type":"Person","@id":"https:\/\/jornalfatosenoticias.com.br\/#\/schema\/person\/d63837fa13ac8666eb9e74e0985d6f81","name":"Luzimara Fernandes","image":{"@type":"ImageObject","inLanguage":"pt-BR","@id":"https:\/\/jornalfatosenoticias.com.br\/#\/schema\/person\/image\/","url":"https:\/\/jornalfatosenoticias.com.br\/wp-content\/uploads\/2025\/05\/EU_portal.jpg","contentUrl":"https:\/\/jornalfatosenoticias.com.br\/wp-content\/uploads\/2025\/05\/EU_portal.jpg","caption":"Luzimara Fernandes"},"description":"Jornalista MTB 2358-ES","sameAs":["https:\/\/jornalfatosenoticias.com.br"],"url":"https:\/\/jornalfatosenoticias.com.br\/index.php\/author\/luzimara\/"}]}},"cc_featured_image_caption":{"caption_text":"(Foto: Elza Fiuza\/Ag\u00eancia Brasil) ","source_text":"","source_url":""},"jetpack_featured_media_url":"https:\/\/jornalfatosenoticias.com.br\/wp-content\/uploads\/2022\/12\/Ministro-da-Educacao-participa-de-cerimonia-de-encerramento-do-curso-ABC.jpg","_links":{"self":[{"href":"https:\/\/jornalfatosenoticias.com.br\/index.php\/wp-json\/wp\/v2\/posts\/37361","targetHints":{"allow":["GET"]}}],"collection":[{"href":"https:\/\/jornalfatosenoticias.com.br\/index.php\/wp-json\/wp\/v2\/posts"}],"about":[{"href":"https:\/\/jornalfatosenoticias.com.br\/index.php\/wp-json\/wp\/v2\/types\/post"}],"author":[{"embeddable":true,"href":"https:\/\/jornalfatosenoticias.com.br\/index.php\/wp-json\/wp\/v2\/users\/2"}],"replies":[{"embeddable":true,"href":"https:\/\/jornalfatosenoticias.com.br\/index.php\/wp-json\/wp\/v2\/comments?post=37361"}],"version-history":[{"count":0,"href":"https:\/\/jornalfatosenoticias.com.br\/index.php\/wp-json\/wp\/v2\/posts\/37361\/revisions"}],"wp:featuredmedia":[{"embeddable":true,"href":"https:\/\/jornalfatosenoticias.com.br\/index.php\/wp-json\/wp\/v2\/media\/37362"}],"wp:attachment":[{"href":"https:\/\/jornalfatosenoticias.com.br\/index.php\/wp-json\/wp\/v2\/media?parent=37361"}],"wp:term":[{"taxonomy":"category","embeddable":true,"href":"https:\/\/jornalfatosenoticias.com.br\/index.php\/wp-json\/wp\/v2\/categories?post=37361"},{"taxonomy":"post_tag","embeddable":true,"href":"https:\/\/jornalfatosenoticias.com.br\/index.php\/wp-json\/wp\/v2\/tags?post=37361"}],"curies":[{"name":"wp","href":"https:\/\/api.w.org\/{rel}","templated":true}]}}