{"id":37367,"date":"2022-12-28T12:32:49","date_gmt":"2022-12-28T15:32:49","guid":{"rendered":"https:\/\/jornalfatosenoticias.com.br\/?p=37367"},"modified":"2022-12-28T12:32:50","modified_gmt":"2022-12-28T15:32:50","slug":"majeski-se-despede-da-assembleia-legislativa","status":"publish","type":"post","link":"https:\/\/jornalfatosenoticias.com.br\/index.php\/2022\/12\/28\/majeski-se-despede-da-assembleia-legislativa\/","title":{"rendered":"Majeski se despede da Assembleia Legislativa"},"content":{"rendered":"\n<p><em><span class=\"has-inline-color has-black-color\">Nos dois mandatos de deputado estadual, Majeski comprovou que \u00e9 poss\u00edvel fazer diferente, economizar recursos p\u00fablicos e sempre defender os interesses da sociedade<\/span><\/em><\/p>\n\n\n\n<div class=\"wp-block-image\"><figure class=\"aligncenter size-large\"><img loading=\"lazy\" decoding=\"async\" width=\"1024\" height=\"100\" src=\"https:\/\/jornalfatosenoticias.com.br\/wp-content\/uploads\/2022\/05\/NOVA-LOGO-CESCONETTO-1024x100.jpg\" alt=\"\" class=\"wp-image-30792\" srcset=\"https:\/\/jornalfatosenoticias.com.br\/wp-content\/uploads\/2022\/05\/NOVA-LOGO-CESCONETTO-1024x100.jpg 1024w, https:\/\/jornalfatosenoticias.com.br\/wp-content\/uploads\/2022\/05\/NOVA-LOGO-CESCONETTO-300x29.jpg 300w, https:\/\/jornalfatosenoticias.com.br\/wp-content\/uploads\/2022\/05\/NOVA-LOGO-CESCONETTO-768x75.jpg 768w, https:\/\/jornalfatosenoticias.com.br\/wp-content\/uploads\/2022\/05\/NOVA-LOGO-CESCONETTO.jpg 1280w\" sizes=\"auto, (max-width: 1024px) 100vw, 1024px\" \/><\/figure><\/div>\n\n\n\n<p>A \u00faltima semana de trabalhos e vota\u00e7\u00f5es da Assembleia Legislativa (Ales) em 2022 encerra a participa\u00e7\u00e3o do deputado estadual S\u00e9rgio Majeski (PSDB) do mandato parlamentar ap\u00f3s oito anos. Eleito em 2014 com 12.007 votos e reeleito em 2018 com 47.015 votos, no discurso de despedida o professor refor\u00e7ou o compromisso com a sociedade e fez agradecimentos. Deputado mais votado da legislatura que se finda, ele reafirma compromisso com a sociedade; se programa para voltar a dar aulas e deixa futuro pol\u00edtico em aberto, com um \u201cat\u00e9 breve\u201d.<\/p>\n\n\n\n<div class=\"wp-block-image\"><figure class=\"aligncenter size-large is-resized\"><img loading=\"lazy\" decoding=\"async\" src=\"https:\/\/jornalfatosenoticias.com.br\/wp-content\/uploads\/2020\/02\/casa-do-torresmo_portal.jpg\" alt=\"\" class=\"wp-image-34472\" width=\"265\" height=\"265\" srcset=\"https:\/\/jornalfatosenoticias.com.br\/wp-content\/uploads\/2020\/02\/casa-do-torresmo_portal.jpg 300w, https:\/\/jornalfatosenoticias.com.br\/wp-content\/uploads\/2020\/02\/casa-do-torresmo_portal-150x150.jpg 150w\" sizes=\"auto, (max-width: 265px) 100vw, 265px\" \/><\/figure><\/div>\n\n\n\n<figure class=\"wp-block-pullquote\"><blockquote><p><span class=\"has-inline-color has-luminous-vivid-orange-color\">Acredito que, quando uma pessoa entra na carreira pol\u00edtica, como representante da sociedade, ele tem que lembrar sempre do juramento que ele faz no primeiro dia, de cumprir a Constitui\u00e7\u00e3o. Foi desta forma que eu conduzi os meus mandatos, desde 2015. De forma realmente independente, completamente independente e coadunado sempre com os interesses da sociedade e com a constitucionalidade. N\u00e3o \u00e9 f\u00e1cil ser o pol\u00edtico que sou. N\u00e3o \u00e9 f\u00e1cil ser coerente e se esfor\u00e7ar permanentemente para ser coerente. Deixo um agradecimento aos meus eleitores e a todos que confiaram em mim, aos funcion\u00e1rios da Ales e uma men\u00e7\u00e3o especial aos meus assessores\u201d, destacou Majeski.<\/span><\/p><\/blockquote><\/figure>\n\n\n\n<div class=\"wp-block-image\"><figure class=\"aligncenter size-large\"><img loading=\"lazy\" decoding=\"async\" width=\"1024\" height=\"100\" src=\"https:\/\/jornalfatosenoticias.com.br\/wp-content\/uploads\/2020\/02\/banner_ferramentas-1024x100.jpg\" alt=\"\" class=\"wp-image-1258\" srcset=\"https:\/\/jornalfatosenoticias.com.br\/wp-content\/uploads\/2020\/02\/banner_ferramentas-1024x100.jpg 1024w, https:\/\/jornalfatosenoticias.com.br\/wp-content\/uploads\/2020\/02\/banner_ferramentas-300x29.jpg 300w, https:\/\/jornalfatosenoticias.com.br\/wp-content\/uploads\/2020\/02\/banner_ferramentas-768x75.jpg 768w, https:\/\/jornalfatosenoticias.com.br\/wp-content\/uploads\/2020\/02\/banner_ferramentas.jpg 1227w\" sizes=\"auto, (max-width: 1024px) 100vw, 1024px\" \/><\/figure><\/div>\n\n\n\n<p>Ao assumir o mandato, Majeski inovou ao realizar processo seletivo para contratar e trabalhar com n\u00famero reduzido de assessores. Atualmente conta com apenas sete, 12 a menos que a quantidade m\u00e1xima permitida. <\/p>\n\n\n\n<div class=\"wp-block-image\"><figure class=\"aligncenter size-large\"><img decoding=\"async\" src=\"https:\/\/jornalfatosenoticias.com.br\/wp-content\/uploads\/2020\/02\/logo_esteio.jpg\" alt=\"\" class=\"wp-image-1214\"\/><\/figure><\/div>\n\n\n\n<figure class=\"wp-block-pullquote\"><blockquote><p><span class=\"has-inline-color has-luminous-vivid-orange-color\">Com isso economizamos cerca de R$ 4,5 milh\u00f5es para os cofres p\u00fablicos. Imagina esse valor reproduzido pelos 30 deputados? \u00c9 um exemplo que fica, mostrando sim que \u00e9 poss\u00edvel fazer diferente para sobrar recursos para investimentos em \u00e1reas priorit\u00e1rias \u00e0 sociedade\u201d, refor\u00e7a Majeski.<\/span><\/p><\/blockquote><\/figure>\n\n\n\n<div class=\"wp-block-image\"><figure class=\"alignleft size-large is-resized\"><img decoding=\"async\" src=\"https:\/\/jornalfatosenoticias.com.br\/wp-content\/uploads\/2022\/07\/Logo-Grupo-SEI.jpg\" alt=\"\" class=\"wp-image-31973\" width=\"-85\" height=\"-44\" srcset=\"https:\/\/jornalfatosenoticias.com.br\/wp-content\/uploads\/2022\/07\/Logo-Grupo-SEI.jpg 713w, https:\/\/jornalfatosenoticias.com.br\/wp-content\/uploads\/2022\/07\/Logo-Grupo-SEI-300x158.jpg 300w\" sizes=\"(max-width: 713px) 100vw, 713px\" \/><\/figure><\/div>\n\n\n\n<p>Principal conquista durante o exerc\u00edcio do cargo p\u00fablico foi a retomada dos investimentos constitucionais do Governo do Estado em Educa\u00e7\u00e3o, o que n\u00e3o era feito por uma d\u00e9cada. Neste per\u00edodo foram R$ 6,1 bilh\u00f5es a menos para o setor. Ao identificar a irregularidade, Majeski encaminhou den\u00fancia \u00e0 Procuradoria-Geral da Rep\u00fablica, originando uma a\u00e7\u00e3o no Supremo Tribunal Federal, julgada procedente em 2020, por unanimidade, obrigando a administra\u00e7\u00e3o estadual capixaba a voltar a investir o m\u00ednimo de 25% de toda a arrecada\u00e7\u00e3o dos impostos estaduais em Manuten\u00e7\u00e3o e Desenvolvimento do Ensino (MDE). <\/p>\n\n\n\n<div class=\"wp-block-image\"><figure class=\"aligncenter size-large\"><img loading=\"lazy\" decoding=\"async\" width=\"1024\" height=\"103\" src=\"https:\/\/jornalfatosenoticias.com.br\/wp-content\/uploads\/2022\/02\/Arte-Autoescola-Galatas_endereco_portal-1024x103.png\" alt=\"\" class=\"wp-image-27869\" srcset=\"https:\/\/jornalfatosenoticias.com.br\/wp-content\/uploads\/2022\/02\/Arte-Autoescola-Galatas_endereco_portal-1024x103.png 1024w, https:\/\/jornalfatosenoticias.com.br\/wp-content\/uploads\/2022\/02\/Arte-Autoescola-Galatas_endereco_portal-300x30.png 300w, https:\/\/jornalfatosenoticias.com.br\/wp-content\/uploads\/2022\/02\/Arte-Autoescola-Galatas_endereco_portal-768x77.png 768w, https:\/\/jornalfatosenoticias.com.br\/wp-content\/uploads\/2022\/02\/Arte-Autoescola-Galatas_endereco_portal.png 1223w\" sizes=\"auto, (max-width: 1024px) 100vw, 1024px\" \/><\/figure><\/div>\n\n\n\n<p>A amplia\u00e7\u00e3o da verba para a Educa\u00e7\u00e3o no Or\u00e7amento de 2021 permitiu investir em obras de constru\u00e7\u00e3o, reforma e melhorias das escolas; aumento de sal\u00e1rio e bonifica\u00e7\u00e3o extra aos professores e melhores recursos para forma\u00e7\u00e3o dos alunos, dentre outros. O Or\u00e7amento de 2022 tamb\u00e9m contou com mais recursos para investimentos e os pr\u00f3ximos tamb\u00e9m ter\u00e3o.<\/p>\n\n\n\n<div class=\"wp-block-image\"><figure class=\"alignright size-large is-resized\"><img loading=\"lazy\" decoding=\"async\" src=\"https:\/\/jornalfatosenoticias.com.br\/wp-content\/uploads\/2022\/10\/Arte-jornal-Zucchi-600x600_Prancheta-1-1024x1024.jpg\" alt=\"\" class=\"wp-image-34782\" width=\"271\" height=\"271\" srcset=\"https:\/\/jornalfatosenoticias.com.br\/wp-content\/uploads\/2022\/10\/Arte-jornal-Zucchi-600x600_Prancheta-1-1024x1024.jpg 1024w, https:\/\/jornalfatosenoticias.com.br\/wp-content\/uploads\/2022\/10\/Arte-jornal-Zucchi-600x600_Prancheta-1-300x300.jpg 300w, https:\/\/jornalfatosenoticias.com.br\/wp-content\/uploads\/2022\/10\/Arte-jornal-Zucchi-600x600_Prancheta-1-150x150.jpg 150w, https:\/\/jornalfatosenoticias.com.br\/wp-content\/uploads\/2022\/10\/Arte-jornal-Zucchi-600x600_Prancheta-1-768x768.jpg 768w, https:\/\/jornalfatosenoticias.com.br\/wp-content\/uploads\/2022\/10\/Arte-jornal-Zucchi-600x600_Prancheta-1.jpg 1250w\" sizes=\"auto, (max-width: 271px) 100vw, 271px\" \/><\/figure><\/div>\n\n\n\n<p>Demandas hist\u00f3ricas das comunidades culturais e esportivas viraram realidade no Esp\u00edrito Santo. As t\u00e3o sonhadas leis de incentivo \u00e0 Cultura e ao Esporte, com base no Imposto sobre Opera\u00e7\u00f5es relativas \u00e0 Circula\u00e7\u00e3o de Mercadorias e sobre Presta\u00e7\u00f5es de Servi\u00e7os de Transporte Interestadual e Intermunicipal e de Comunica\u00e7\u00e3o (ICMS) j\u00e1 est\u00e3o em vigor. Os Projetos de Lei n\u00ba 844\/2019 e n\u00ba 167\/2020, de autoria do deputado Majeski, deram origem aos incentivos que constam na Legisla\u00e7\u00e3o Estadual. Neste primeiro ano, foram liberados R$ 10 milh\u00f5es para financiar projetos esportivos e outros R$ 10 milh\u00f5es para os culturais.<\/p>\n\n\n\n<div class=\"wp-block-image\"><figure class=\"aligncenter size-large\"><img loading=\"lazy\" decoding=\"async\" width=\"560\" height=\"60\" src=\"https:\/\/jornalfatosenoticias.com.br\/wp-content\/uploads\/2022\/10\/Propaganda-RC-Radiadores-Jornal_page-0001.jpg\" alt=\"\" class=\"wp-image-35270\" srcset=\"https:\/\/jornalfatosenoticias.com.br\/wp-content\/uploads\/2022\/10\/Propaganda-RC-Radiadores-Jornal_page-0001.jpg 560w, https:\/\/jornalfatosenoticias.com.br\/wp-content\/uploads\/2022\/10\/Propaganda-RC-Radiadores-Jornal_page-0001-300x32.jpg 300w\" sizes=\"auto, (max-width: 560px) 100vw, 560px\" \/><\/figure><\/div>\n\n\n\n<p>Somando os dois mandatos, Majeski apresentou 1.639 proposi\u00e7\u00f5es legislativas (projetos de lei, de lei complementar e de resolu\u00e7\u00e3o, propostas de emendas \u00e0 Constitui\u00e7\u00e3o, indica\u00e7\u00f5es e requerimentos) e registrou \u00edndice de 100% de presen\u00e7a nas sess\u00f5es e reuni\u00f5es de comiss\u00f5es da Ales.<\/p>\n\n\n\n<div class=\"wp-block-image\"><figure class=\"aligncenter size-large is-resized\"><img loading=\"lazy\" decoding=\"async\" src=\"https:\/\/jornalfatosenoticias.com.br\/wp-content\/uploads\/2022\/08\/logo-locau-veiculos-1024x573.png\" alt=\"\" class=\"wp-image-33078\" width=\"339\" height=\"189\"\/><\/figure><\/div>\n\n\n\n<p>As \u00faltimas contribui\u00e7\u00f5es do mandato foram a nova Lei 11.730, permitindo que os recursos financeiros repassados aos Conselhos de Escola sejam utilizados para o pagamento de taxas, emolumentos e demais despesas cartor\u00e1rias referentes ao seu registro estatut\u00e1rio e suas altera\u00e7\u00f5es; os projetos que diminuem os descontos no B\u00f4nus Desempenho pago anualmente aos profissionais da educa\u00e7\u00e3o e a aprova\u00e7\u00e3o do projeto que trata da publica\u00e7\u00e3o de dados ambientais no Portal da Transpar\u00eancia do Governo do Estado. <\/p>\n\n\n\n<div class=\"wp-block-image\"><figure class=\"aligncenter size-large\"><img decoding=\"async\" src=\"https:\/\/jornalfatosenoticias.com.br\/wp-content\/uploads\/2020\/02\/Serra-Grande-1024x160.png\" alt=\"\" class=\"wp-image-7836\"\/><\/figure><\/div>\n\n\n\n<p>Autor original da proposta, Majeski garantiu a inclus\u00e3o no texto final a divulga\u00e7\u00e3o de itens como \u00e1reas embargadas; arrecada\u00e7\u00e3o de multas; autoriza\u00e7\u00f5es de desmatamento\/de supress\u00e3o de vegeta\u00e7\u00e3o; degrada\u00e7\u00e3o; desmatamento; e monitoramento de Termos de Ajuste de Conduta e Termos de Compromisso.<\/p>\n\n\n\n<div class=\"wp-block-image\"><figure class=\"aligncenter size-large\"><img loading=\"lazy\" decoding=\"async\" width=\"300\" height=\"250\" src=\"https:\/\/jornalfatosenoticias.com.br\/wp-content\/uploads\/2022\/08\/arte-Casarao.jpg\" alt=\"\" class=\"wp-image-33178\"\/><\/figure><\/div>\n\n\n\n<figure class=\"wp-block-pullquote\"><blockquote><p><span class=\"has-inline-color has-luminous-vivid-orange-color\">E enquanto comemor\u00e1vamos a aprova\u00e7\u00e3o dessa contribui\u00e7\u00e3o, na mesma sess\u00e3o a maioria dos deputados arquivou nosso projeto que ampliava o tempo destinado ao planejamento pedag\u00f3gico dentro da carga hor\u00e1ria dos professores da Rede P\u00fablica Estadual, o que realmente \u00e9 uma pena. Lembro tamb\u00e9m da nossa PEC que eleva o percentual de investimentos obrigat\u00f3rios do Governo do Estado na educa\u00e7\u00e3o p\u00fablica capixaba, que recebeu pareceres favor\u00e1veis, mas infelizmente n\u00e3o foi levada \u00e0 vota\u00e7\u00e3o final em Plen\u00e1rio\u201d, lamentou.<\/span><\/p><\/blockquote><\/figure>\n\n\n\n<div class=\"wp-block-image\"><figure class=\"aligncenter size-large\"><img loading=\"lazy\" decoding=\"async\" width=\"1024\" height=\"99\" src=\"https:\/\/jornalfatosenoticias.com.br\/wp-content\/uploads\/2020\/02\/Logo-Mizu-segunda-2-1024x99.png\" alt=\"\" class=\"wp-image-2353\" srcset=\"https:\/\/jornalfatosenoticias.com.br\/wp-content\/uploads\/2020\/02\/Logo-Mizu-segunda-2-1024x99.png 1024w, https:\/\/jornalfatosenoticias.com.br\/wp-content\/uploads\/2020\/02\/Logo-Mizu-segunda-2-300x29.png 300w, https:\/\/jornalfatosenoticias.com.br\/wp-content\/uploads\/2020\/02\/Logo-Mizu-segunda-2-768x74.png 768w, https:\/\/jornalfatosenoticias.com.br\/wp-content\/uploads\/2020\/02\/Logo-Mizu-segunda-2.png 1240w\" sizes=\"auto, (max-width: 1024px) 100vw, 1024px\" \/><\/figure><\/div>\n\n\n\n<p>Sobre o futuro, professor com 31 anos em sala de aula e mestre em Educa\u00e7\u00e3o pela Ufes, Majeski se programa para voltar a dar aulas, ingressar em doutorado e dar palestras, deixando em aberto o retorno \u00e0 vida p\u00fablica. <\/p>\n\n\n\n<div class=\"wp-block-image\"><figure class=\"aligncenter size-large is-resized\"><img loading=\"lazy\" decoding=\"async\" src=\"https:\/\/jornalfatosenoticias.com.br\/wp-content\/uploads\/2022\/02\/Precisao-Contabilidade-1024x724.jpg\" alt=\"\" class=\"wp-image-28088\" width=\"334\" height=\"236\"\/><\/figure><\/div>\n\n\n\n<figure class=\"wp-block-pullquote\"><blockquote><p><span class=\"has-inline-color has-luminous-vivid-orange-color\">Eu ainda acredito muito na pol\u00edtica, apesar da dura realidade. Voc\u00ea n\u00e3o precisa estar num mandato para participar ativamente da pol\u00edtica, como eu sempre participei. Continuarei participando, continuarei acreditando na pol\u00edtica e com certeza devo retornar \u00e0 pol\u00edtica partid\u00e1ria e \u00e0 pol\u00edtica eletiva em breve. Ent\u00e3o deixo aqui a minha gratid\u00e3o\u201d, finalizou.<\/span><\/p><\/blockquote><\/figure>\n\n\n\n<div class=\"wp-block-image\"><figure class=\"aligncenter size-large\"><img loading=\"lazy\" decoding=\"async\" width=\"1000\" height=\"709\" src=\"https:\/\/jornalfatosenoticias.com.br\/wp-content\/uploads\/2022\/12\/cartao-ano-novo.jpg\" alt=\"\" class=\"wp-image-37231\" srcset=\"https:\/\/jornalfatosenoticias.com.br\/wp-content\/uploads\/2022\/12\/cartao-ano-novo.jpg 1000w, https:\/\/jornalfatosenoticias.com.br\/wp-content\/uploads\/2022\/12\/cartao-ano-novo-300x213.jpg 300w, https:\/\/jornalfatosenoticias.com.br\/wp-content\/uploads\/2022\/12\/cartao-ano-novo-768x545.jpg 768w\" sizes=\"auto, (max-width: 1000px) 100vw, 1000px\" \/><\/figure><\/div>\n\n\n\n<p><strong><em>Fonte: Assessoria de Comunica\u00e7\u00e3o<\/em><\/strong><\/p>\n","protected":false},"excerpt":{"rendered":"<p>Nos dois mandatos de deputado estadual, Majeski comprovou que \u00e9 poss\u00edvel fazer diferente, economizar recursos p\u00fablicos e sempre defender os interesses da sociedade A \u00faltima semana de trabalhos e vota\u00e7\u00f5es da Assembleia Legislativa (Ales) em 2022 encerra a participa\u00e7\u00e3o do deputado estadual S\u00e9rgio Majeski (PSDB) do mandato parlamentar ap\u00f3s oito anos. Eleito em 2014 com [&hellip;]<\/p>\n","protected":false},"author":3,"featured_media":37368,"comment_status":"open","ping_status":"open","sticky":false,"template":"","format":"standard","meta":{"footnotes":""},"categories":[10],"tags":[7567,17558,17559,5737,17449,6678,1315],"class_list":["post-37367","post","type-post","status-publish","format-standard","has-post-thumbnail","hentry","category-politica","tag-ales","tag-despedida","tag-fim-de-mandato","tag-lisura","tag-politica-publica","tag-sergio-majeski","tag-transparencia"],"yoast_head":"<!-- This site is optimized with the Yoast SEO plugin v26.5 - https:\/\/yoast.com\/wordpress\/plugins\/seo\/ -->\n<title>Majeski se despede da Assembleia Legislativa - Jornal Fatos e Not\u00edcias<\/title>\n<meta name=\"robots\" content=\"index, follow, max-snippet:-1, max-image-preview:large, max-video-preview:-1\" \/>\n<link rel=\"canonical\" href=\"https:\/\/jornalfatosenoticias.com.br\/index.php\/2022\/12\/28\/majeski-se-despede-da-assembleia-legislativa\/\" \/>\n<meta property=\"og:locale\" content=\"pt_BR\" \/>\n<meta property=\"og:type\" content=\"article\" \/>\n<meta property=\"og:title\" content=\"Majeski se despede da Assembleia Legislativa - Jornal Fatos e Not\u00edcias\" \/>\n<meta property=\"og:description\" content=\"Nos dois mandatos de deputado estadual, Majeski comprovou que \u00e9 poss\u00edvel fazer diferente, economizar recursos p\u00fablicos e sempre defender os interesses da sociedade A \u00faltima semana de trabalhos e vota\u00e7\u00f5es da Assembleia Legislativa (Ales) em 2022 encerra a participa\u00e7\u00e3o do deputado estadual S\u00e9rgio Majeski (PSDB) do mandato parlamentar ap\u00f3s oito anos. Eleito em 2014 com [&hellip;]\" \/>\n<meta property=\"og:url\" content=\"https:\/\/jornalfatosenoticias.com.br\/index.php\/2022\/12\/28\/majeski-se-despede-da-assembleia-legislativa\/\" \/>\n<meta property=\"og:site_name\" content=\"Jornal Fatos e Not\u00edcias\" \/>\n<meta property=\"article:published_time\" content=\"2022-12-28T15:32:49+00:00\" \/>\n<meta property=\"article:modified_time\" content=\"2022-12-28T15:32:50+00:00\" \/>\n<meta property=\"og:image\" content=\"https:\/\/jornalfatosenoticias.com.br\/wp-content\/uploads\/2022\/12\/majeski_despedida.jpg\" \/>\n\t<meta property=\"og:image:width\" content=\"1000\" \/>\n\t<meta property=\"og:image:height\" content=\"666\" \/>\n\t<meta property=\"og:image:type\" content=\"image\/jpeg\" \/>\n<meta name=\"author\" content=\"Haroldo Filho\" \/>\n<meta name=\"twitter:card\" content=\"summary_large_image\" \/>\n<meta name=\"twitter:label1\" content=\"Escrito por\" \/>\n\t<meta name=\"twitter:data1\" content=\"Haroldo Filho\" \/>\n\t<meta name=\"twitter:label2\" content=\"Est. tempo de leitura\" \/>\n\t<meta name=\"twitter:data2\" content=\"5 minutos\" \/>\n<script type=\"application\/ld+json\" class=\"yoast-schema-graph\">{\"@context\":\"https:\/\/schema.org\",\"@graph\":[{\"@type\":\"Article\",\"@id\":\"https:\/\/jornalfatosenoticias.com.br\/index.php\/2022\/12\/28\/majeski-se-despede-da-assembleia-legislativa\/#article\",\"isPartOf\":{\"@id\":\"https:\/\/jornalfatosenoticias.com.br\/index.php\/2022\/12\/28\/majeski-se-despede-da-assembleia-legislativa\/\"},\"author\":{\"name\":\"Haroldo Filho\",\"@id\":\"https:\/\/jornalfatosenoticias.com.br\/#\/schema\/person\/05c46cc25b42a5c27e004fb0fa6b4965\"},\"headline\":\"Majeski se despede da Assembleia Legislativa\",\"datePublished\":\"2022-12-28T15:32:49+00:00\",\"dateModified\":\"2022-12-28T15:32:50+00:00\",\"mainEntityOfPage\":{\"@id\":\"https:\/\/jornalfatosenoticias.com.br\/index.php\/2022\/12\/28\/majeski-se-despede-da-assembleia-legislativa\/\"},\"wordCount\":942,\"commentCount\":0,\"publisher\":{\"@id\":\"https:\/\/jornalfatosenoticias.com.br\/#organization\"},\"image\":{\"@id\":\"https:\/\/jornalfatosenoticias.com.br\/index.php\/2022\/12\/28\/majeski-se-despede-da-assembleia-legislativa\/#primaryimage\"},\"thumbnailUrl\":\"https:\/\/jornalfatosenoticias.com.br\/wp-content\/uploads\/2022\/12\/majeski_despedida.jpg\",\"keywords\":[\"Ales\",\"despedida\",\"fim de mandato\",\"lisura\",\"pol\u00edtica p\u00fablica\",\"S\u00e9rgio Majeski\",\"transpar\u00eancia\"],\"articleSection\":[\"Pol\u00edtica\"],\"inLanguage\":\"pt-BR\",\"potentialAction\":[{\"@type\":\"CommentAction\",\"name\":\"Comment\",\"target\":[\"https:\/\/jornalfatosenoticias.com.br\/index.php\/2022\/12\/28\/majeski-se-despede-da-assembleia-legislativa\/#respond\"]}]},{\"@type\":\"WebPage\",\"@id\":\"https:\/\/jornalfatosenoticias.com.br\/index.php\/2022\/12\/28\/majeski-se-despede-da-assembleia-legislativa\/\",\"url\":\"https:\/\/jornalfatosenoticias.com.br\/index.php\/2022\/12\/28\/majeski-se-despede-da-assembleia-legislativa\/\",\"name\":\"Majeski se despede da Assembleia Legislativa - Jornal Fatos e Not\u00edcias\",\"isPartOf\":{\"@id\":\"https:\/\/jornalfatosenoticias.com.br\/#website\"},\"primaryImageOfPage\":{\"@id\":\"https:\/\/jornalfatosenoticias.com.br\/index.php\/2022\/12\/28\/majeski-se-despede-da-assembleia-legislativa\/#primaryimage\"},\"image\":{\"@id\":\"https:\/\/jornalfatosenoticias.com.br\/index.php\/2022\/12\/28\/majeski-se-despede-da-assembleia-legislativa\/#primaryimage\"},\"thumbnailUrl\":\"https:\/\/jornalfatosenoticias.com.br\/wp-content\/uploads\/2022\/12\/majeski_despedida.jpg\",\"datePublished\":\"2022-12-28T15:32:49+00:00\",\"dateModified\":\"2022-12-28T15:32:50+00:00\",\"breadcrumb\":{\"@id\":\"https:\/\/jornalfatosenoticias.com.br\/index.php\/2022\/12\/28\/majeski-se-despede-da-assembleia-legislativa\/#breadcrumb\"},\"inLanguage\":\"pt-BR\",\"potentialAction\":[{\"@type\":\"ReadAction\",\"target\":[\"https:\/\/jornalfatosenoticias.com.br\/index.php\/2022\/12\/28\/majeski-se-despede-da-assembleia-legislativa\/\"]}]},{\"@type\":\"ImageObject\",\"inLanguage\":\"pt-BR\",\"@id\":\"https:\/\/jornalfatosenoticias.com.br\/index.php\/2022\/12\/28\/majeski-se-despede-da-assembleia-legislativa\/#primaryimage\",\"url\":\"https:\/\/jornalfatosenoticias.com.br\/wp-content\/uploads\/2022\/12\/majeski_despedida.jpg\",\"contentUrl\":\"https:\/\/jornalfatosenoticias.com.br\/wp-content\/uploads\/2022\/12\/majeski_despedida.jpg\",\"width\":1000,\"height\":666},{\"@type\":\"BreadcrumbList\",\"@id\":\"https:\/\/jornalfatosenoticias.com.br\/index.php\/2022\/12\/28\/majeski-se-despede-da-assembleia-legislativa\/#breadcrumb\",\"itemListElement\":[{\"@type\":\"ListItem\",\"position\":1,\"name\":\"In\u00edcio\",\"item\":\"https:\/\/jornalfatosenoticias.com.br\/\"},{\"@type\":\"ListItem\",\"position\":2,\"name\":\"Majeski se despede da Assembleia Legislativa\"}]},{\"@type\":\"WebSite\",\"@id\":\"https:\/\/jornalfatosenoticias.com.br\/#website\",\"url\":\"https:\/\/jornalfatosenoticias.com.br\/\",\"name\":\"Jornal Fatos e Not\u00edcias\",\"description\":\"Not\u00edcias em geral\",\"publisher\":{\"@id\":\"https:\/\/jornalfatosenoticias.com.br\/#organization\"},\"potentialAction\":[{\"@type\":\"SearchAction\",\"target\":{\"@type\":\"EntryPoint\",\"urlTemplate\":\"https:\/\/jornalfatosenoticias.com.br\/?s={search_term_string}\"},\"query-input\":{\"@type\":\"PropertyValueSpecification\",\"valueRequired\":true,\"valueName\":\"search_term_string\"}}],\"inLanguage\":\"pt-BR\"},{\"@type\":\"Organization\",\"@id\":\"https:\/\/jornalfatosenoticias.com.br\/#organization\",\"name\":\"Jornal Fatos e Not\u00edcias\",\"url\":\"https:\/\/jornalfatosenoticias.com.br\/\",\"logo\":{\"@type\":\"ImageObject\",\"inLanguage\":\"pt-BR\",\"@id\":\"https:\/\/jornalfatosenoticias.com.br\/#\/schema\/logo\/image\/\",\"url\":\"https:\/\/jornalfatosenoticias.com.br\/wp-content\/uploads\/2020\/02\/logo120.png\",\"contentUrl\":\"https:\/\/jornalfatosenoticias.com.br\/wp-content\/uploads\/2020\/02\/logo120.png\",\"width\":1227,\"height\":120,\"caption\":\"Jornal Fatos e Not\u00edcias\"},\"image\":{\"@id\":\"https:\/\/jornalfatosenoticias.com.br\/#\/schema\/logo\/image\/\"}},{\"@type\":\"Person\",\"@id\":\"https:\/\/jornalfatosenoticias.com.br\/#\/schema\/person\/05c46cc25b42a5c27e004fb0fa6b4965\",\"name\":\"Haroldo Filho\",\"image\":{\"@type\":\"ImageObject\",\"inLanguage\":\"pt-BR\",\"@id\":\"https:\/\/jornalfatosenoticias.com.br\/#\/schema\/person\/image\/\",\"url\":\"https:\/\/jornalfatosenoticias.com.br\/wp-content\/uploads\/2025\/08\/WhatsApp-Image-2025-08-18-at-15.30.28-150x150.jpeg\",\"contentUrl\":\"https:\/\/jornalfatosenoticias.com.br\/wp-content\/uploads\/2025\/08\/WhatsApp-Image-2025-08-18-at-15.30.28-150x150.jpeg\",\"caption\":\"Haroldo Filho\"},\"description\":\"Jornalista \u2013 DRT: 0003818\/ES Coordenador-geral da ONG Educar para Crescer\",\"url\":\"https:\/\/jornalfatosenoticias.com.br\/index.php\/author\/haroldo\/\"}]}<\/script>\n<!-- \/ Yoast SEO plugin. -->","yoast_head_json":{"title":"Majeski se despede da Assembleia Legislativa - Jornal Fatos e Not\u00edcias","robots":{"index":"index","follow":"follow","max-snippet":"max-snippet:-1","max-image-preview":"max-image-preview:large","max-video-preview":"max-video-preview:-1"},"canonical":"https:\/\/jornalfatosenoticias.com.br\/index.php\/2022\/12\/28\/majeski-se-despede-da-assembleia-legislativa\/","og_locale":"pt_BR","og_type":"article","og_title":"Majeski se despede da Assembleia Legislativa - Jornal Fatos e Not\u00edcias","og_description":"Nos dois mandatos de deputado estadual, Majeski comprovou que \u00e9 poss\u00edvel fazer diferente, economizar recursos p\u00fablicos e sempre defender os interesses da sociedade A \u00faltima semana de trabalhos e vota\u00e7\u00f5es da Assembleia Legislativa (Ales) em 2022 encerra a participa\u00e7\u00e3o do deputado estadual S\u00e9rgio Majeski (PSDB) do mandato parlamentar ap\u00f3s oito anos. Eleito em 2014 com [&hellip;]","og_url":"https:\/\/jornalfatosenoticias.com.br\/index.php\/2022\/12\/28\/majeski-se-despede-da-assembleia-legislativa\/","og_site_name":"Jornal Fatos e Not\u00edcias","article_published_time":"2022-12-28T15:32:49+00:00","article_modified_time":"2022-12-28T15:32:50+00:00","og_image":[{"width":1000,"height":666,"url":"https:\/\/jornalfatosenoticias.com.br\/wp-content\/uploads\/2022\/12\/majeski_despedida.jpg","type":"image\/jpeg"}],"author":"Haroldo Filho","twitter_card":"summary_large_image","twitter_misc":{"Escrito por":"Haroldo Filho","Est. tempo de leitura":"5 minutos"},"schema":{"@context":"https:\/\/schema.org","@graph":[{"@type":"Article","@id":"https:\/\/jornalfatosenoticias.com.br\/index.php\/2022\/12\/28\/majeski-se-despede-da-assembleia-legislativa\/#article","isPartOf":{"@id":"https:\/\/jornalfatosenoticias.com.br\/index.php\/2022\/12\/28\/majeski-se-despede-da-assembleia-legislativa\/"},"author":{"name":"Haroldo Filho","@id":"https:\/\/jornalfatosenoticias.com.br\/#\/schema\/person\/05c46cc25b42a5c27e004fb0fa6b4965"},"headline":"Majeski se despede da Assembleia Legislativa","datePublished":"2022-12-28T15:32:49+00:00","dateModified":"2022-12-28T15:32:50+00:00","mainEntityOfPage":{"@id":"https:\/\/jornalfatosenoticias.com.br\/index.php\/2022\/12\/28\/majeski-se-despede-da-assembleia-legislativa\/"},"wordCount":942,"commentCount":0,"publisher":{"@id":"https:\/\/jornalfatosenoticias.com.br\/#organization"},"image":{"@id":"https:\/\/jornalfatosenoticias.com.br\/index.php\/2022\/12\/28\/majeski-se-despede-da-assembleia-legislativa\/#primaryimage"},"thumbnailUrl":"https:\/\/jornalfatosenoticias.com.br\/wp-content\/uploads\/2022\/12\/majeski_despedida.jpg","keywords":["Ales","despedida","fim de mandato","lisura","pol\u00edtica p\u00fablica","S\u00e9rgio Majeski","transpar\u00eancia"],"articleSection":["Pol\u00edtica"],"inLanguage":"pt-BR","potentialAction":[{"@type":"CommentAction","name":"Comment","target":["https:\/\/jornalfatosenoticias.com.br\/index.php\/2022\/12\/28\/majeski-se-despede-da-assembleia-legislativa\/#respond"]}]},{"@type":"WebPage","@id":"https:\/\/jornalfatosenoticias.com.br\/index.php\/2022\/12\/28\/majeski-se-despede-da-assembleia-legislativa\/","url":"https:\/\/jornalfatosenoticias.com.br\/index.php\/2022\/12\/28\/majeski-se-despede-da-assembleia-legislativa\/","name":"Majeski se despede da Assembleia Legislativa - Jornal Fatos e Not\u00edcias","isPartOf":{"@id":"https:\/\/jornalfatosenoticias.com.br\/#website"},"primaryImageOfPage":{"@id":"https:\/\/jornalfatosenoticias.com.br\/index.php\/2022\/12\/28\/majeski-se-despede-da-assembleia-legislativa\/#primaryimage"},"image":{"@id":"https:\/\/jornalfatosenoticias.com.br\/index.php\/2022\/12\/28\/majeski-se-despede-da-assembleia-legislativa\/#primaryimage"},"thumbnailUrl":"https:\/\/jornalfatosenoticias.com.br\/wp-content\/uploads\/2022\/12\/majeski_despedida.jpg","datePublished":"2022-12-28T15:32:49+00:00","dateModified":"2022-12-28T15:32:50+00:00","breadcrumb":{"@id":"https:\/\/jornalfatosenoticias.com.br\/index.php\/2022\/12\/28\/majeski-se-despede-da-assembleia-legislativa\/#breadcrumb"},"inLanguage":"pt-BR","potentialAction":[{"@type":"ReadAction","target":["https:\/\/jornalfatosenoticias.com.br\/index.php\/2022\/12\/28\/majeski-se-despede-da-assembleia-legislativa\/"]}]},{"@type":"ImageObject","inLanguage":"pt-BR","@id":"https:\/\/jornalfatosenoticias.com.br\/index.php\/2022\/12\/28\/majeski-se-despede-da-assembleia-legislativa\/#primaryimage","url":"https:\/\/jornalfatosenoticias.com.br\/wp-content\/uploads\/2022\/12\/majeski_despedida.jpg","contentUrl":"https:\/\/jornalfatosenoticias.com.br\/wp-content\/uploads\/2022\/12\/majeski_despedida.jpg","width":1000,"height":666},{"@type":"BreadcrumbList","@id":"https:\/\/jornalfatosenoticias.com.br\/index.php\/2022\/12\/28\/majeski-se-despede-da-assembleia-legislativa\/#breadcrumb","itemListElement":[{"@type":"ListItem","position":1,"name":"In\u00edcio","item":"https:\/\/jornalfatosenoticias.com.br\/"},{"@type":"ListItem","position":2,"name":"Majeski se despede da Assembleia Legislativa"}]},{"@type":"WebSite","@id":"https:\/\/jornalfatosenoticias.com.br\/#website","url":"https:\/\/jornalfatosenoticias.com.br\/","name":"Jornal Fatos e Not\u00edcias","description":"Not\u00edcias em geral","publisher":{"@id":"https:\/\/jornalfatosenoticias.com.br\/#organization"},"potentialAction":[{"@type":"SearchAction","target":{"@type":"EntryPoint","urlTemplate":"https:\/\/jornalfatosenoticias.com.br\/?s={search_term_string}"},"query-input":{"@type":"PropertyValueSpecification","valueRequired":true,"valueName":"search_term_string"}}],"inLanguage":"pt-BR"},{"@type":"Organization","@id":"https:\/\/jornalfatosenoticias.com.br\/#organization","name":"Jornal Fatos e Not\u00edcias","url":"https:\/\/jornalfatosenoticias.com.br\/","logo":{"@type":"ImageObject","inLanguage":"pt-BR","@id":"https:\/\/jornalfatosenoticias.com.br\/#\/schema\/logo\/image\/","url":"https:\/\/jornalfatosenoticias.com.br\/wp-content\/uploads\/2020\/02\/logo120.png","contentUrl":"https:\/\/jornalfatosenoticias.com.br\/wp-content\/uploads\/2020\/02\/logo120.png","width":1227,"height":120,"caption":"Jornal Fatos e Not\u00edcias"},"image":{"@id":"https:\/\/jornalfatosenoticias.com.br\/#\/schema\/logo\/image\/"}},{"@type":"Person","@id":"https:\/\/jornalfatosenoticias.com.br\/#\/schema\/person\/05c46cc25b42a5c27e004fb0fa6b4965","name":"Haroldo Filho","image":{"@type":"ImageObject","inLanguage":"pt-BR","@id":"https:\/\/jornalfatosenoticias.com.br\/#\/schema\/person\/image\/","url":"https:\/\/jornalfatosenoticias.com.br\/wp-content\/uploads\/2025\/08\/WhatsApp-Image-2025-08-18-at-15.30.28-150x150.jpeg","contentUrl":"https:\/\/jornalfatosenoticias.com.br\/wp-content\/uploads\/2025\/08\/WhatsApp-Image-2025-08-18-at-15.30.28-150x150.jpeg","caption":"Haroldo Filho"},"description":"Jornalista \u2013 DRT: 0003818\/ES Coordenador-geral da ONG Educar para Crescer","url":"https:\/\/jornalfatosenoticias.com.br\/index.php\/author\/haroldo\/"}]}},"cc_featured_image_caption":{"caption_text":"(Foto: Secom\/Ales) ","source_text":"","source_url":""},"jetpack_featured_media_url":"https:\/\/jornalfatosenoticias.com.br\/wp-content\/uploads\/2022\/12\/majeski_despedida.jpg","_links":{"self":[{"href":"https:\/\/jornalfatosenoticias.com.br\/index.php\/wp-json\/wp\/v2\/posts\/37367","targetHints":{"allow":["GET"]}}],"collection":[{"href":"https:\/\/jornalfatosenoticias.com.br\/index.php\/wp-json\/wp\/v2\/posts"}],"about":[{"href":"https:\/\/jornalfatosenoticias.com.br\/index.php\/wp-json\/wp\/v2\/types\/post"}],"author":[{"embeddable":true,"href":"https:\/\/jornalfatosenoticias.com.br\/index.php\/wp-json\/wp\/v2\/users\/3"}],"replies":[{"embeddable":true,"href":"https:\/\/jornalfatosenoticias.com.br\/index.php\/wp-json\/wp\/v2\/comments?post=37367"}],"version-history":[{"count":0,"href":"https:\/\/jornalfatosenoticias.com.br\/index.php\/wp-json\/wp\/v2\/posts\/37367\/revisions"}],"wp:featuredmedia":[{"embeddable":true,"href":"https:\/\/jornalfatosenoticias.com.br\/index.php\/wp-json\/wp\/v2\/media\/37368"}],"wp:attachment":[{"href":"https:\/\/jornalfatosenoticias.com.br\/index.php\/wp-json\/wp\/v2\/media?parent=37367"}],"wp:term":[{"taxonomy":"category","embeddable":true,"href":"https:\/\/jornalfatosenoticias.com.br\/index.php\/wp-json\/wp\/v2\/categories?post=37367"},{"taxonomy":"post_tag","embeddable":true,"href":"https:\/\/jornalfatosenoticias.com.br\/index.php\/wp-json\/wp\/v2\/tags?post=37367"}],"curies":[{"name":"wp","href":"https:\/\/api.w.org\/{rel}","templated":true}]}}