{"id":37393,"date":"2022-12-29T13:52:21","date_gmt":"2022-12-29T16:52:21","guid":{"rendered":"https:\/\/jornalfatosenoticias.com.br\/?p=37393"},"modified":"2022-12-29T13:52:23","modified_gmt":"2022-12-29T16:52:23","slug":"vulnerabilidade-na-crianca-suas-diversas-formas-parte-i","status":"publish","type":"post","link":"https:\/\/jornalfatosenoticias.com.br\/index.php\/2022\/12\/29\/vulnerabilidade-na-crianca-suas-diversas-formas-parte-i\/","title":{"rendered":"Vulnerabilidade na Crian\u00e7a, suas diversas formas \u2014 Parte I"},"content":{"rendered":"\n<p><em><span class=\"has-inline-color has-black-color\">Alimentar uma depend\u00eancia para retardar compet\u00eancias e autonomia na Crian\u00e7a, n\u00e3o \u00e9 tarefa dif\u00edcil para um adulto<\/span><\/em><\/p>\n\n\n\n<div class=\"wp-block-image\"><figure class=\"aligncenter size-large\"><img loading=\"lazy\" decoding=\"async\" width=\"1024\" height=\"111\" src=\"https:\/\/jornalfatosenoticias.com.br\/wp-content\/uploads\/2020\/02\/WhatsApp-Image-2022-09-23-at-12.09.18-1024x111.jpeg\" alt=\"\" class=\"wp-image-34527\" srcset=\"https:\/\/jornalfatosenoticias.com.br\/wp-content\/uploads\/2020\/02\/WhatsApp-Image-2022-09-23-at-12.09.18-1024x111.jpeg 1024w, https:\/\/jornalfatosenoticias.com.br\/wp-content\/uploads\/2020\/02\/WhatsApp-Image-2022-09-23-at-12.09.18-300x32.jpeg 300w, https:\/\/jornalfatosenoticias.com.br\/wp-content\/uploads\/2020\/02\/WhatsApp-Image-2022-09-23-at-12.09.18-768x83.jpeg 768w, https:\/\/jornalfatosenoticias.com.br\/wp-content\/uploads\/2020\/02\/WhatsApp-Image-2022-09-23-at-12.09.18.jpeg 1121w\" sizes=\"auto, (max-width: 1024px) 100vw, 1024px\" \/><\/figure><\/div>\n\n\n\n<p>O termo \u00e9 claro. Na nossa \u00e1rea, uma fragilidade que diz respeito \u00e0 discrep\u00e2ncia de \u201ctamanhos\u201d entre duas pessoas, deixando uma delas em flagrante desvantagem, e a outra com uma supremacia indiscut\u00edvel. A vulnerabilidade nos remete, rapidamente, \u00e0 menor resist\u00eancia da Crian\u00e7a frente ao adulto ou mesmo \u00e0 outra Crian\u00e7a que apresente diferen\u00e7a de cinco anos ou mais nas idades. <\/p>\n\n\n\n<div class=\"wp-block-image\"><figure class=\"aligncenter size-large\"><img loading=\"lazy\" decoding=\"async\" width=\"300\" height=\"250\" src=\"https:\/\/jornalfatosenoticias.com.br\/wp-content\/uploads\/2022\/08\/arte-Casarao.jpg\" alt=\"\" class=\"wp-image-33178\"\/><\/figure><\/div>\n\n\n\n<p>A fragilidade f\u00edsica, t\u00e3o n\u00edtida quando olhamos os idosos. Se, por um lado, o ac\u00famulo dos anos traz a experi\u00eancia, a paci\u00eancia, e, muitas vezes, uma vis\u00e3o de mundo mais adequada \u00e0 realidade, o idoso carece de for\u00e7a f\u00edsica, de resist\u00eancia f\u00edsica. Esse crit\u00e9rio \u00e9 concreto e objetivo. Portanto, n\u00e3o h\u00e1 dificuldade de compreens\u00e3o quanto a ele.<\/p>\n\n\n\n<div class=\"wp-block-image\"><figure class=\"aligncenter size-large\"><img decoding=\"async\" src=\"https:\/\/jornalfatosenoticias.com.br\/wp-content\/uploads\/2020\/02\/logo-embacia-1-1024x110.jpg\" alt=\"\" class=\"wp-image-33954\"\/><\/figure><\/div>\n\n\n\n<p>Mas, existem outros fatores de vulnerabilidade que n\u00e3o t\u00eam sido muito considerados. Pela maior facilidade, preferimos continuar pensando em racioc\u00ednio concreto, como permanentes crian\u00e7as em desenvolvimento. Para al\u00e9m do vis\u00edvel concreto, temos a vulnerabilidade da depend\u00eancia afetiva.<\/p>\n\n\n\n<div class=\"wp-block-image\"><figure class=\"alignleft size-large is-resized\"><img decoding=\"async\" src=\"https:\/\/jornalfatosenoticias.com.br\/wp-content\/uploads\/2020\/02\/logo-clinica-limoeiro.jpg\" alt=\"\" class=\"wp-image-34610\" width=\"-118\" height=\"-84\"\/><\/figure><\/div>\n\n\n\n<p>Antes de adentrar o campo psicol\u00f3gico da Crian\u00e7a e suas consequ\u00eancias, precisamos pensar que o fator de vulnerabilidade pode ser instalado em qualquer pessoa, adulta, forte, experiente, dentro de certas condi\u00e7\u00f5es. Ela pode ser provis\u00f3ria, como quando fraturamos um osso, pode ser tempor\u00e1ria, quando temos um mal estar, pode ser passageira, durante um assalto, pode ser crescente como na velhice. A vulnerabilidade \u00e9 um estado subjetivo de inseguran\u00e7a misturada ao medo, uma sensa\u00e7\u00e3o aguda de exposi\u00e7\u00e3o acima do suport\u00e1vel.<\/p>\n\n\n\n<div class=\"wp-block-image\"><figure class=\"aligncenter size-large\"><img loading=\"lazy\" decoding=\"async\" width=\"1000\" height=\"609\" src=\"https:\/\/jornalfatosenoticias.com.br\/wp-content\/uploads\/2022\/12\/carencia-infantil.jpg\" alt=\"\" class=\"wp-image-37394\" srcset=\"https:\/\/jornalfatosenoticias.com.br\/wp-content\/uploads\/2022\/12\/carencia-infantil.jpg 1000w, https:\/\/jornalfatosenoticias.com.br\/wp-content\/uploads\/2022\/12\/carencia-infantil-300x183.jpg 300w, https:\/\/jornalfatosenoticias.com.br\/wp-content\/uploads\/2022\/12\/carencia-infantil-768x468.jpg 768w\" sizes=\"auto, (max-width: 1000px) 100vw, 1000px\" \/><figcaption><em><span class=\"has-inline-color has-black-color\">A vulnerabilidade \u00e9 um estado subjetivo de inseguran\u00e7a misturada ao medo (Foto: pathdoc\/Fotolia)<\/span><\/em><\/figcaption><\/figure><\/div>\n\n\n\n<div class=\"wp-block-image\"><figure class=\"alignright size-large is-resized\"><img decoding=\"async\" src=\"https:\/\/jornalfatosenoticias.com.br\/wp-content\/uploads\/2022\/02\/Precisao-Contabilidade-1024x724.jpg\" alt=\"\" class=\"wp-image-28088\" width=\"-145\" height=\"-102\"\/><\/figure><\/div>\n\n\n\n<p>A experi\u00eancia da vulnerabilidade \u00e9, quase sempre, desagrad\u00e1vel ao adulto porque traz consigo a evid\u00eancia da impot\u00eancia diante de um est\u00edmulo, que \u00e9 t\u00e3o mal tolerada por muitos. Os idosos relutam um pouco, mas a realidade acaba por se impor ao decl\u00ednio da vitalidade. Com a Crian\u00e7a, a impot\u00eancia \u00e9 bem tolerada, porquanto ela est\u00e1 sempre \u00e0s voltas com os pedidos de ajuda de adultos diante de suas precariedades f\u00edsicas e intelectuais. O que importa e sedimenta esses seguidos pedidos de ajuda \u00e9 sua curiosidade cognitiva. A aquisi\u00e7\u00e3o do conhecimento, todo conhecimento, \u00e9 sua maior atra\u00e7\u00e3o que impulsiona seu crescimento. A Crian\u00e7a \u00e9 epistemof\u00edlica por excel\u00eancia.<\/p>\n\n\n\n<div class=\"wp-block-image\"><figure class=\"aligncenter size-large\"><img loading=\"lazy\" decoding=\"async\" width=\"1024\" height=\"100\" src=\"https:\/\/jornalfatosenoticias.com.br\/wp-content\/uploads\/2022\/05\/NOVA-LOGO-CESCONETTO-1024x100.jpg\" alt=\"\" class=\"wp-image-30792\" srcset=\"https:\/\/jornalfatosenoticias.com.br\/wp-content\/uploads\/2022\/05\/NOVA-LOGO-CESCONETTO-1024x100.jpg 1024w, https:\/\/jornalfatosenoticias.com.br\/wp-content\/uploads\/2022\/05\/NOVA-LOGO-CESCONETTO-300x29.jpg 300w, https:\/\/jornalfatosenoticias.com.br\/wp-content\/uploads\/2022\/05\/NOVA-LOGO-CESCONETTO-768x75.jpg 768w, https:\/\/jornalfatosenoticias.com.br\/wp-content\/uploads\/2022\/05\/NOVA-LOGO-CESCONETTO.jpg 1280w\" sizes=\"auto, (max-width: 1024px) 100vw, 1024px\" \/><\/figure><\/div>\n\n\n\n<p>E \u00e9 esta sede de conhecimento que serve de combust\u00edvel \u00e0 depend\u00eancia dos adultos, em especial, dos adultos m\u00e3e e pai. A Crian\u00e7a tem no\u00e7\u00e3o de que n\u00e3o \u00e9 capaz de se prover sozinha, de produzir sua alimenta\u00e7\u00e3o, de gerenciar seu tempo, de garantir seu abrigo, da roupa ao teto. Ela sabe que n\u00e3o tem autonomia, luta para conquist\u00e1-la. Mas, exatamente por isso, ela tem uma impuls\u00e3o para a aprendizagem, toda aprendizagem.<\/p>\n\n\n\n<div class=\"wp-block-image\"><figure class=\"aligncenter size-large is-resized\"><img loading=\"lazy\" decoding=\"async\" src=\"https:\/\/jornalfatosenoticias.com.br\/wp-content\/uploads\/2022\/07\/Logo-Grupo-SEI.jpg\" alt=\"\" class=\"wp-image-31973\" width=\"271\" height=\"142\" srcset=\"https:\/\/jornalfatosenoticias.com.br\/wp-content\/uploads\/2022\/07\/Logo-Grupo-SEI.jpg 713w, https:\/\/jornalfatosenoticias.com.br\/wp-content\/uploads\/2022\/07\/Logo-Grupo-SEI-300x158.jpg 300w\" sizes=\"auto, (max-width: 271px) 100vw, 271px\" \/><\/figure><\/div>\n\n\n\n<p>Justamente, \u00e9 o adulto sua maior fonte de informa\u00e7\u00e3o, de aprendizagem. Todos lembramos daquela fase dos \u201cpor qu\u00eas\u201d. Por que isso, por que aquilo, e quando voc\u00ea responde o primeiro por que, ela emenda com o \u201cmas por qu\u00ea?\u201d sobre a sua resposta, mostrando que ela n\u00e3o respondeu, satisfatoriamente.<\/p>\n\n\n\n<div class=\"wp-block-image\"><figure class=\"aligncenter size-large\"><img loading=\"lazy\" decoding=\"async\" width=\"1024\" height=\"99\" src=\"https:\/\/jornalfatosenoticias.com.br\/wp-content\/uploads\/2020\/02\/Logo-Mizu-segunda-2-1024x99.png\" alt=\"\" class=\"wp-image-2353\" srcset=\"https:\/\/jornalfatosenoticias.com.br\/wp-content\/uploads\/2020\/02\/Logo-Mizu-segunda-2-1024x99.png 1024w, https:\/\/jornalfatosenoticias.com.br\/wp-content\/uploads\/2020\/02\/Logo-Mizu-segunda-2-300x29.png 300w, https:\/\/jornalfatosenoticias.com.br\/wp-content\/uploads\/2020\/02\/Logo-Mizu-segunda-2-768x74.png 768w, https:\/\/jornalfatosenoticias.com.br\/wp-content\/uploads\/2020\/02\/Logo-Mizu-segunda-2.png 1240w\" sizes=\"auto, (max-width: 1024px) 100vw, 1024px\" \/><\/figure><\/div>\n\n\n\n<p>Se, \u00e9 o adulto respons\u00e1vel que lhe garante a alimenta\u00e7\u00e3o, o sono, a higiene, a roupa, o teto, uma rotina, uma fam\u00edlia para pertencer, a Crian\u00e7a vai nutrir uma depend\u00eancia por esse adulto que demonstra seu afeto por ela.<\/p>\n\n\n\n<div class=\"wp-block-image\"><figure class=\"alignleft size-large is-resized\"><img decoding=\"async\" src=\"https:\/\/jornalfatosenoticias.com.br\/wp-content\/uploads\/2022\/10\/Arte-jornal-Zucchi-600x600_Prancheta-1-1024x1024.jpg\" alt=\"\" class=\"wp-image-34782\" width=\"-232\" height=\"-232\" srcset=\"https:\/\/jornalfatosenoticias.com.br\/wp-content\/uploads\/2022\/10\/Arte-jornal-Zucchi-600x600_Prancheta-1-1024x1024.jpg 1024w, https:\/\/jornalfatosenoticias.com.br\/wp-content\/uploads\/2022\/10\/Arte-jornal-Zucchi-600x600_Prancheta-1-300x300.jpg 300w, https:\/\/jornalfatosenoticias.com.br\/wp-content\/uploads\/2022\/10\/Arte-jornal-Zucchi-600x600_Prancheta-1-150x150.jpg 150w, https:\/\/jornalfatosenoticias.com.br\/wp-content\/uploads\/2022\/10\/Arte-jornal-Zucchi-600x600_Prancheta-1-768x768.jpg 768w, https:\/\/jornalfatosenoticias.com.br\/wp-content\/uploads\/2022\/10\/Arte-jornal-Zucchi-600x600_Prancheta-1.jpg 1250w\" sizes=\"(max-width: 1024px) 100vw, 1024px\" \/><\/figure><\/div>\n\n\n\n<p>Mas, essa \u00e9 uma quest\u00e3o que tem ida e volta, tem duas faces din\u00e2micas que se retroalimentam, que precisa ser considerada em seus dois vetores. A Crian\u00e7a precisa dos cuidados de qualidade para que sua sobreviv\u00eancia seja alcan\u00e7ada. Na aus\u00eancia desse adulto cuidador, em geral, fun\u00e7\u00e3o exercida pela m\u00e3e e complementada pelo pai, ou substitutos desses dois, a Crian\u00e7a tenta, desesperadamente, sobreviver se cuidando como consegue. O resultado deixa muito a desejar.<\/p>\n\n\n\n<div class=\"wp-block-image\"><figure class=\"aligncenter size-large\"><img loading=\"lazy\" decoding=\"async\" width=\"1000\" height=\"565\" src=\"https:\/\/jornalfatosenoticias.com.br\/wp-content\/uploads\/2022\/12\/filho-grudento.jpg\" alt=\"\" class=\"wp-image-37395\" srcset=\"https:\/\/jornalfatosenoticias.com.br\/wp-content\/uploads\/2022\/12\/filho-grudento.jpg 1000w, https:\/\/jornalfatosenoticias.com.br\/wp-content\/uploads\/2022\/12\/filho-grudento-300x170.jpg 300w, https:\/\/jornalfatosenoticias.com.br\/wp-content\/uploads\/2022\/12\/filho-grudento-768x434.jpg 768w\" sizes=\"auto, (max-width: 1000px) 100vw, 1000px\" \/><figcaption><em><span class=\"has-inline-color has-black-color\">\u00c9 f\u00e1cil apreender o processo de depend\u00eancia instalado na Crian\u00e7a (Foto: Getty Images\/iStockphoto)<\/span><\/em><\/figcaption><\/figure><\/div>\n\n\n\n<div class=\"wp-block-image\"><figure class=\"aligncenter size-large\"><img loading=\"lazy\" decoding=\"async\" width=\"1024\" height=\"103\" src=\"https:\/\/jornalfatosenoticias.com.br\/wp-content\/uploads\/2022\/02\/Arte-Autoescola-Galatas_endereco_portal-1024x103.png\" alt=\"\" class=\"wp-image-27869\" srcset=\"https:\/\/jornalfatosenoticias.com.br\/wp-content\/uploads\/2022\/02\/Arte-Autoescola-Galatas_endereco_portal-1024x103.png 1024w, https:\/\/jornalfatosenoticias.com.br\/wp-content\/uploads\/2022\/02\/Arte-Autoescola-Galatas_endereco_portal-300x30.png 300w, https:\/\/jornalfatosenoticias.com.br\/wp-content\/uploads\/2022\/02\/Arte-Autoescola-Galatas_endereco_portal-768x77.png 768w, https:\/\/jornalfatosenoticias.com.br\/wp-content\/uploads\/2022\/02\/Arte-Autoescola-Galatas_endereco_portal.png 1223w\" sizes=\"auto, (max-width: 1024px) 100vw, 1024px\" \/><\/figure><\/div>\n\n\n\n<p>\u00c9 f\u00e1cil apreender o processo de depend\u00eancia instalado na Crian\u00e7a. Mas, o processo de depend\u00eancia pela Crian\u00e7a que movimenta o adulto, n\u00e3o \u00e9 t\u00e3o claro. At\u00e9 porque o adulto n\u00e3o tem consci\u00eancia dele, n\u00e3o admite que precisa do que chama de \u201ctrabalho\u201d com a Crian\u00e7a. Pode cansar, mas lhe d\u00e1 uma satisfa\u00e7\u00e3o profunda. E, quanto mais imaturo ele \u00e9, mais dependente da depend\u00eancia da Crian\u00e7a ele se torna.<\/p>\n\n\n\n<div class=\"wp-block-image\"><figure class=\"alignright size-large is-resized\"><img loading=\"lazy\" decoding=\"async\" src=\"https:\/\/jornalfatosenoticias.com.br\/wp-content\/uploads\/2020\/02\/casa-do-torresmo_portal.jpg\" alt=\"\" class=\"wp-image-34472\" width=\"252\" height=\"252\" srcset=\"https:\/\/jornalfatosenoticias.com.br\/wp-content\/uploads\/2020\/02\/casa-do-torresmo_portal.jpg 300w, https:\/\/jornalfatosenoticias.com.br\/wp-content\/uploads\/2020\/02\/casa-do-torresmo_portal-150x150.jpg 150w\" sizes=\"auto, (max-width: 252px) 100vw, 252px\" \/><\/figure><\/div>\n\n\n\n<p>Como se n\u00e3o lhe rendesse nenhum prazer, nenhum proveito subjetivo, o adulto nega, at\u00e9 para ele mesmo, que necessita dessa sensa\u00e7\u00e3o de Poder, de ter algu\u00e9m dependente dele que lhe confere uma import\u00e2ncia, que, certamente, ele n\u00e3o se autoassegura. Quando a sensa\u00e7\u00e3o de Poder, frente \u00e0 depend\u00eancia da Crian\u00e7a muito lhe apraz, o adulto passa a cultivar essa depend\u00eancia para obter o prazer do Poder de que necessita. Esse apego \u00e0 sensa\u00e7\u00e3o de Poder faz com que o adulto dificulte o processo de aquisi\u00e7\u00e3o de autonomia que a Crian\u00e7a precisa percorrer. Alimentar uma depend\u00eancia para retardar compet\u00eancias e autonomia na Crian\u00e7a, n\u00e3o \u00e9 tarefa dif\u00edcil para um adulto.<\/p>\n\n\n\n<div class=\"wp-block-image\"><figure class=\"aligncenter size-large\"><img loading=\"lazy\" decoding=\"async\" width=\"560\" height=\"60\" src=\"https:\/\/jornalfatosenoticias.com.br\/wp-content\/uploads\/2022\/10\/Propaganda-RC-Radiadores-Jornal_page-0001.jpg\" alt=\"\" class=\"wp-image-35270\" srcset=\"https:\/\/jornalfatosenoticias.com.br\/wp-content\/uploads\/2022\/10\/Propaganda-RC-Radiadores-Jornal_page-0001.jpg 560w, https:\/\/jornalfatosenoticias.com.br\/wp-content\/uploads\/2022\/10\/Propaganda-RC-Radiadores-Jornal_page-0001-300x32.jpg 300w\" sizes=\"auto, (max-width: 560px) 100vw, 560px\" \/><\/figure><\/div>\n\n\n\n<p>O que precisamos atentar \u00e9 que a Crian\u00e7a tem, naturalmente, uma cren\u00e7a enorme no adulto cuidador. Romper esse processo de credibilidade e confian\u00e7a traz graves consequ\u00eancias e sequelas. Esta Vulnerabilidade \u00e9 muito s\u00e9ria. Falaremos no pr\u00f3ximo artigo.<\/p>\n\n\n\n<div class=\"wp-block-image\"><figure class=\"aligncenter size-large\"><img loading=\"lazy\" decoding=\"async\" width=\"1000\" height=\"709\" src=\"https:\/\/jornalfatosenoticias.com.br\/wp-content\/uploads\/2022\/12\/cartao-ano-novo.jpg\" alt=\"\" class=\"wp-image-37231\" srcset=\"https:\/\/jornalfatosenoticias.com.br\/wp-content\/uploads\/2022\/12\/cartao-ano-novo.jpg 1000w, https:\/\/jornalfatosenoticias.com.br\/wp-content\/uploads\/2022\/12\/cartao-ano-novo-300x213.jpg 300w, https:\/\/jornalfatosenoticias.com.br\/wp-content\/uploads\/2022\/12\/cartao-ano-novo-768x545.jpg 768w\" sizes=\"auto, (max-width: 1000px) 100vw, 1000px\" \/><\/figure><\/div>\n","protected":false},"excerpt":{"rendered":"<p>Alimentar uma depend\u00eancia para retardar compet\u00eancias e autonomia na Crian\u00e7a, n\u00e3o \u00e9 tarefa dif\u00edcil para um adulto O termo \u00e9 claro. Na nossa \u00e1rea, uma fragilidade que diz respeito \u00e0 discrep\u00e2ncia de \u201ctamanhos\u201d entre duas pessoas, deixando uma delas em flagrante desvantagem, e a outra com uma supremacia indiscut\u00edvel. A vulnerabilidade nos remete, rapidamente, \u00e0 [&hellip;]<\/p>\n","protected":false},"author":8,"featured_media":37396,"comment_status":"open","ping_status":"open","sticky":false,"template":"","format":"standard","meta":{"footnotes":""},"categories":[2522],"tags":[17573,1317,5954,5956,17572],"class_list":["post-37393","post","type-post","status-publish","format-standard","has-post-thumbnail","hentry","category-comportamento","tag-carencia-afetiva-infantil","tag-crianca","tag-dependencia-afetiva-e-emocional","tag-parentalidade","tag-vulnerabilidade-infantil"],"yoast_head":"<!-- This site is optimized with the Yoast SEO plugin v26.5 - https:\/\/yoast.com\/wordpress\/plugins\/seo\/ -->\n<title>Vulnerabilidade na Crian\u00e7a, suas diversas formas \u2014 Parte I - Jornal Fatos e Not\u00edcias<\/title>\n<meta name=\"robots\" content=\"index, follow, max-snippet:-1, max-image-preview:large, max-video-preview:-1\" \/>\n<link rel=\"canonical\" href=\"https:\/\/jornalfatosenoticias.com.br\/index.php\/2022\/12\/29\/vulnerabilidade-na-crianca-suas-diversas-formas-parte-i\/\" \/>\n<meta property=\"og:locale\" content=\"pt_BR\" \/>\n<meta property=\"og:type\" content=\"article\" \/>\n<meta property=\"og:title\" content=\"Vulnerabilidade na Crian\u00e7a, suas diversas formas \u2014 Parte I - Jornal Fatos e Not\u00edcias\" \/>\n<meta property=\"og:description\" content=\"Alimentar uma depend\u00eancia para retardar compet\u00eancias e autonomia na Crian\u00e7a, n\u00e3o \u00e9 tarefa dif\u00edcil para um adulto O termo \u00e9 claro. Na nossa \u00e1rea, uma fragilidade que diz respeito \u00e0 discrep\u00e2ncia de \u201ctamanhos\u201d entre duas pessoas, deixando uma delas em flagrante desvantagem, e a outra com uma supremacia indiscut\u00edvel. A vulnerabilidade nos remete, rapidamente, \u00e0 [&hellip;]\" \/>\n<meta property=\"og:url\" content=\"https:\/\/jornalfatosenoticias.com.br\/index.php\/2022\/12\/29\/vulnerabilidade-na-crianca-suas-diversas-formas-parte-i\/\" \/>\n<meta property=\"og:site_name\" content=\"Jornal Fatos e Not\u00edcias\" \/>\n<meta property=\"article:published_time\" content=\"2022-12-29T16:52:21+00:00\" \/>\n<meta property=\"article:modified_time\" content=\"2022-12-29T16:52:23+00:00\" \/>\n<meta property=\"og:image\" content=\"https:\/\/jornalfatosenoticias.com.br\/wp-content\/uploads\/2022\/12\/vulnerabilidade-infantil.jpg\" \/>\n\t<meta property=\"og:image:width\" content=\"1000\" \/>\n\t<meta property=\"og:image:height\" content=\"512\" \/>\n\t<meta property=\"og:image:type\" content=\"image\/jpeg\" \/>\n<meta name=\"author\" content=\"Ana Maria Iencarelli\" \/>\n<meta name=\"twitter:card\" content=\"summary_large_image\" \/>\n<meta name=\"twitter:label1\" content=\"Escrito por\" \/>\n\t<meta name=\"twitter:data1\" content=\"Ana Maria Iencarelli\" \/>\n\t<meta name=\"twitter:label2\" content=\"Est. tempo de leitura\" \/>\n\t<meta name=\"twitter:data2\" content=\"5 minutos\" \/>\n<script type=\"application\/ld+json\" class=\"yoast-schema-graph\">{\"@context\":\"https:\/\/schema.org\",\"@graph\":[{\"@type\":\"Article\",\"@id\":\"https:\/\/jornalfatosenoticias.com.br\/index.php\/2022\/12\/29\/vulnerabilidade-na-crianca-suas-diversas-formas-parte-i\/#article\",\"isPartOf\":{\"@id\":\"https:\/\/jornalfatosenoticias.com.br\/index.php\/2022\/12\/29\/vulnerabilidade-na-crianca-suas-diversas-formas-parte-i\/\"},\"author\":{\"name\":\"Ana Maria Iencarelli\",\"@id\":\"https:\/\/jornalfatosenoticias.com.br\/#\/schema\/person\/c33fcf5fb02d729d3fec92c6737a22d1\"},\"headline\":\"Vulnerabilidade na Crian\u00e7a, suas diversas formas \u2014 Parte I\",\"datePublished\":\"2022-12-29T16:52:21+00:00\",\"dateModified\":\"2022-12-29T16:52:23+00:00\",\"mainEntityOfPage\":{\"@id\":\"https:\/\/jornalfatosenoticias.com.br\/index.php\/2022\/12\/29\/vulnerabilidade-na-crianca-suas-diversas-formas-parte-i\/\"},\"wordCount\":933,\"commentCount\":0,\"publisher\":{\"@id\":\"https:\/\/jornalfatosenoticias.com.br\/#organization\"},\"image\":{\"@id\":\"https:\/\/jornalfatosenoticias.com.br\/index.php\/2022\/12\/29\/vulnerabilidade-na-crianca-suas-diversas-formas-parte-i\/#primaryimage\"},\"thumbnailUrl\":\"https:\/\/jornalfatosenoticias.com.br\/wp-content\/uploads\/2022\/12\/vulnerabilidade-infantil.jpg\",\"keywords\":[\"car\u00eancia afetiva infantil\",\"crian\u00e7a\",\"depend\u00eancia afetiva e emocional\",\"parentalidade\",\"vulnerabilidade infantil\"],\"articleSection\":[\"Comportamento &amp; Equil\u00edbrio\"],\"inLanguage\":\"pt-BR\",\"potentialAction\":[{\"@type\":\"CommentAction\",\"name\":\"Comment\",\"target\":[\"https:\/\/jornalfatosenoticias.com.br\/index.php\/2022\/12\/29\/vulnerabilidade-na-crianca-suas-diversas-formas-parte-i\/#respond\"]}]},{\"@type\":\"WebPage\",\"@id\":\"https:\/\/jornalfatosenoticias.com.br\/index.php\/2022\/12\/29\/vulnerabilidade-na-crianca-suas-diversas-formas-parte-i\/\",\"url\":\"https:\/\/jornalfatosenoticias.com.br\/index.php\/2022\/12\/29\/vulnerabilidade-na-crianca-suas-diversas-formas-parte-i\/\",\"name\":\"Vulnerabilidade na Crian\u00e7a, suas diversas formas \u2014 Parte I - Jornal Fatos e Not\u00edcias\",\"isPartOf\":{\"@id\":\"https:\/\/jornalfatosenoticias.com.br\/#website\"},\"primaryImageOfPage\":{\"@id\":\"https:\/\/jornalfatosenoticias.com.br\/index.php\/2022\/12\/29\/vulnerabilidade-na-crianca-suas-diversas-formas-parte-i\/#primaryimage\"},\"image\":{\"@id\":\"https:\/\/jornalfatosenoticias.com.br\/index.php\/2022\/12\/29\/vulnerabilidade-na-crianca-suas-diversas-formas-parte-i\/#primaryimage\"},\"thumbnailUrl\":\"https:\/\/jornalfatosenoticias.com.br\/wp-content\/uploads\/2022\/12\/vulnerabilidade-infantil.jpg\",\"datePublished\":\"2022-12-29T16:52:21+00:00\",\"dateModified\":\"2022-12-29T16:52:23+00:00\",\"breadcrumb\":{\"@id\":\"https:\/\/jornalfatosenoticias.com.br\/index.php\/2022\/12\/29\/vulnerabilidade-na-crianca-suas-diversas-formas-parte-i\/#breadcrumb\"},\"inLanguage\":\"pt-BR\",\"potentialAction\":[{\"@type\":\"ReadAction\",\"target\":[\"https:\/\/jornalfatosenoticias.com.br\/index.php\/2022\/12\/29\/vulnerabilidade-na-crianca-suas-diversas-formas-parte-i\/\"]}]},{\"@type\":\"ImageObject\",\"inLanguage\":\"pt-BR\",\"@id\":\"https:\/\/jornalfatosenoticias.com.br\/index.php\/2022\/12\/29\/vulnerabilidade-na-crianca-suas-diversas-formas-parte-i\/#primaryimage\",\"url\":\"https:\/\/jornalfatosenoticias.com.br\/wp-content\/uploads\/2022\/12\/vulnerabilidade-infantil.jpg\",\"contentUrl\":\"https:\/\/jornalfatosenoticias.com.br\/wp-content\/uploads\/2022\/12\/vulnerabilidade-infantil.jpg\",\"width\":1000,\"height\":512},{\"@type\":\"BreadcrumbList\",\"@id\":\"https:\/\/jornalfatosenoticias.com.br\/index.php\/2022\/12\/29\/vulnerabilidade-na-crianca-suas-diversas-formas-parte-i\/#breadcrumb\",\"itemListElement\":[{\"@type\":\"ListItem\",\"position\":1,\"name\":\"In\u00edcio\",\"item\":\"https:\/\/jornalfatosenoticias.com.br\/\"},{\"@type\":\"ListItem\",\"position\":2,\"name\":\"Vulnerabilidade na Crian\u00e7a, suas diversas formas \u2014 Parte I\"}]},{\"@type\":\"WebSite\",\"@id\":\"https:\/\/jornalfatosenoticias.com.br\/#website\",\"url\":\"https:\/\/jornalfatosenoticias.com.br\/\",\"name\":\"Jornal Fatos e Not\u00edcias\",\"description\":\"Not\u00edcias em geral\",\"publisher\":{\"@id\":\"https:\/\/jornalfatosenoticias.com.br\/#organization\"},\"potentialAction\":[{\"@type\":\"SearchAction\",\"target\":{\"@type\":\"EntryPoint\",\"urlTemplate\":\"https:\/\/jornalfatosenoticias.com.br\/?s={search_term_string}\"},\"query-input\":{\"@type\":\"PropertyValueSpecification\",\"valueRequired\":true,\"valueName\":\"search_term_string\"}}],\"inLanguage\":\"pt-BR\"},{\"@type\":\"Organization\",\"@id\":\"https:\/\/jornalfatosenoticias.com.br\/#organization\",\"name\":\"Jornal Fatos e Not\u00edcias\",\"url\":\"https:\/\/jornalfatosenoticias.com.br\/\",\"logo\":{\"@type\":\"ImageObject\",\"inLanguage\":\"pt-BR\",\"@id\":\"https:\/\/jornalfatosenoticias.com.br\/#\/schema\/logo\/image\/\",\"url\":\"https:\/\/jornalfatosenoticias.com.br\/wp-content\/uploads\/2020\/02\/logo120.png\",\"contentUrl\":\"https:\/\/jornalfatosenoticias.com.br\/wp-content\/uploads\/2020\/02\/logo120.png\",\"width\":1227,\"height\":120,\"caption\":\"Jornal Fatos e Not\u00edcias\"},\"image\":{\"@id\":\"https:\/\/jornalfatosenoticias.com.br\/#\/schema\/logo\/image\/\"}},{\"@type\":\"Person\",\"@id\":\"https:\/\/jornalfatosenoticias.com.br\/#\/schema\/person\/c33fcf5fb02d729d3fec92c6737a22d1\",\"name\":\"Ana Maria Iencarelli\",\"image\":{\"@type\":\"ImageObject\",\"inLanguage\":\"pt-BR\",\"@id\":\"https:\/\/jornalfatosenoticias.com.br\/#\/schema\/person\/image\/\",\"url\":\"https:\/\/jornalfatosenoticias.com.br\/wp-content\/uploads\/2020\/02\/Ana-Maria-Iencarelli-1-150x150.jpg\",\"contentUrl\":\"https:\/\/jornalfatosenoticias.com.br\/wp-content\/uploads\/2020\/02\/Ana-Maria-Iencarelli-1-150x150.jpg\",\"caption\":\"Ana Maria Iencarelli\"},\"description\":\"Psicanalista Cl\u00ednica, especializada no atendimento a Crian\u00e7as e Adolescentes. Presidente da ONG Vozes de Anjos.\",\"url\":\"https:\/\/jornalfatosenoticias.com.br\/index.php\/author\/anamaria\/\"}]}<\/script>\n<!-- \/ Yoast SEO plugin. -->","yoast_head_json":{"title":"Vulnerabilidade na Crian\u00e7a, suas diversas formas \u2014 Parte I - Jornal Fatos e Not\u00edcias","robots":{"index":"index","follow":"follow","max-snippet":"max-snippet:-1","max-image-preview":"max-image-preview:large","max-video-preview":"max-video-preview:-1"},"canonical":"https:\/\/jornalfatosenoticias.com.br\/index.php\/2022\/12\/29\/vulnerabilidade-na-crianca-suas-diversas-formas-parte-i\/","og_locale":"pt_BR","og_type":"article","og_title":"Vulnerabilidade na Crian\u00e7a, suas diversas formas \u2014 Parte I - Jornal Fatos e Not\u00edcias","og_description":"Alimentar uma depend\u00eancia para retardar compet\u00eancias e autonomia na Crian\u00e7a, n\u00e3o \u00e9 tarefa dif\u00edcil para um adulto O termo \u00e9 claro. Na nossa \u00e1rea, uma fragilidade que diz respeito \u00e0 discrep\u00e2ncia de \u201ctamanhos\u201d entre duas pessoas, deixando uma delas em flagrante desvantagem, e a outra com uma supremacia indiscut\u00edvel. A vulnerabilidade nos remete, rapidamente, \u00e0 [&hellip;]","og_url":"https:\/\/jornalfatosenoticias.com.br\/index.php\/2022\/12\/29\/vulnerabilidade-na-crianca-suas-diversas-formas-parte-i\/","og_site_name":"Jornal Fatos e Not\u00edcias","article_published_time":"2022-12-29T16:52:21+00:00","article_modified_time":"2022-12-29T16:52:23+00:00","og_image":[{"width":1000,"height":512,"url":"https:\/\/jornalfatosenoticias.com.br\/wp-content\/uploads\/2022\/12\/vulnerabilidade-infantil.jpg","type":"image\/jpeg"}],"author":"Ana Maria Iencarelli","twitter_card":"summary_large_image","twitter_misc":{"Escrito por":"Ana Maria Iencarelli","Est. tempo de leitura":"5 minutos"},"schema":{"@context":"https:\/\/schema.org","@graph":[{"@type":"Article","@id":"https:\/\/jornalfatosenoticias.com.br\/index.php\/2022\/12\/29\/vulnerabilidade-na-crianca-suas-diversas-formas-parte-i\/#article","isPartOf":{"@id":"https:\/\/jornalfatosenoticias.com.br\/index.php\/2022\/12\/29\/vulnerabilidade-na-crianca-suas-diversas-formas-parte-i\/"},"author":{"name":"Ana Maria Iencarelli","@id":"https:\/\/jornalfatosenoticias.com.br\/#\/schema\/person\/c33fcf5fb02d729d3fec92c6737a22d1"},"headline":"Vulnerabilidade na Crian\u00e7a, suas diversas formas \u2014 Parte I","datePublished":"2022-12-29T16:52:21+00:00","dateModified":"2022-12-29T16:52:23+00:00","mainEntityOfPage":{"@id":"https:\/\/jornalfatosenoticias.com.br\/index.php\/2022\/12\/29\/vulnerabilidade-na-crianca-suas-diversas-formas-parte-i\/"},"wordCount":933,"commentCount":0,"publisher":{"@id":"https:\/\/jornalfatosenoticias.com.br\/#organization"},"image":{"@id":"https:\/\/jornalfatosenoticias.com.br\/index.php\/2022\/12\/29\/vulnerabilidade-na-crianca-suas-diversas-formas-parte-i\/#primaryimage"},"thumbnailUrl":"https:\/\/jornalfatosenoticias.com.br\/wp-content\/uploads\/2022\/12\/vulnerabilidade-infantil.jpg","keywords":["car\u00eancia afetiva infantil","crian\u00e7a","depend\u00eancia afetiva e emocional","parentalidade","vulnerabilidade infantil"],"articleSection":["Comportamento &amp; Equil\u00edbrio"],"inLanguage":"pt-BR","potentialAction":[{"@type":"CommentAction","name":"Comment","target":["https:\/\/jornalfatosenoticias.com.br\/index.php\/2022\/12\/29\/vulnerabilidade-na-crianca-suas-diversas-formas-parte-i\/#respond"]}]},{"@type":"WebPage","@id":"https:\/\/jornalfatosenoticias.com.br\/index.php\/2022\/12\/29\/vulnerabilidade-na-crianca-suas-diversas-formas-parte-i\/","url":"https:\/\/jornalfatosenoticias.com.br\/index.php\/2022\/12\/29\/vulnerabilidade-na-crianca-suas-diversas-formas-parte-i\/","name":"Vulnerabilidade na Crian\u00e7a, suas diversas formas \u2014 Parte I - Jornal Fatos e Not\u00edcias","isPartOf":{"@id":"https:\/\/jornalfatosenoticias.com.br\/#website"},"primaryImageOfPage":{"@id":"https:\/\/jornalfatosenoticias.com.br\/index.php\/2022\/12\/29\/vulnerabilidade-na-crianca-suas-diversas-formas-parte-i\/#primaryimage"},"image":{"@id":"https:\/\/jornalfatosenoticias.com.br\/index.php\/2022\/12\/29\/vulnerabilidade-na-crianca-suas-diversas-formas-parte-i\/#primaryimage"},"thumbnailUrl":"https:\/\/jornalfatosenoticias.com.br\/wp-content\/uploads\/2022\/12\/vulnerabilidade-infantil.jpg","datePublished":"2022-12-29T16:52:21+00:00","dateModified":"2022-12-29T16:52:23+00:00","breadcrumb":{"@id":"https:\/\/jornalfatosenoticias.com.br\/index.php\/2022\/12\/29\/vulnerabilidade-na-crianca-suas-diversas-formas-parte-i\/#breadcrumb"},"inLanguage":"pt-BR","potentialAction":[{"@type":"ReadAction","target":["https:\/\/jornalfatosenoticias.com.br\/index.php\/2022\/12\/29\/vulnerabilidade-na-crianca-suas-diversas-formas-parte-i\/"]}]},{"@type":"ImageObject","inLanguage":"pt-BR","@id":"https:\/\/jornalfatosenoticias.com.br\/index.php\/2022\/12\/29\/vulnerabilidade-na-crianca-suas-diversas-formas-parte-i\/#primaryimage","url":"https:\/\/jornalfatosenoticias.com.br\/wp-content\/uploads\/2022\/12\/vulnerabilidade-infantil.jpg","contentUrl":"https:\/\/jornalfatosenoticias.com.br\/wp-content\/uploads\/2022\/12\/vulnerabilidade-infantil.jpg","width":1000,"height":512},{"@type":"BreadcrumbList","@id":"https:\/\/jornalfatosenoticias.com.br\/index.php\/2022\/12\/29\/vulnerabilidade-na-crianca-suas-diversas-formas-parte-i\/#breadcrumb","itemListElement":[{"@type":"ListItem","position":1,"name":"In\u00edcio","item":"https:\/\/jornalfatosenoticias.com.br\/"},{"@type":"ListItem","position":2,"name":"Vulnerabilidade na Crian\u00e7a, suas diversas formas \u2014 Parte I"}]},{"@type":"WebSite","@id":"https:\/\/jornalfatosenoticias.com.br\/#website","url":"https:\/\/jornalfatosenoticias.com.br\/","name":"Jornal Fatos e Not\u00edcias","description":"Not\u00edcias em geral","publisher":{"@id":"https:\/\/jornalfatosenoticias.com.br\/#organization"},"potentialAction":[{"@type":"SearchAction","target":{"@type":"EntryPoint","urlTemplate":"https:\/\/jornalfatosenoticias.com.br\/?s={search_term_string}"},"query-input":{"@type":"PropertyValueSpecification","valueRequired":true,"valueName":"search_term_string"}}],"inLanguage":"pt-BR"},{"@type":"Organization","@id":"https:\/\/jornalfatosenoticias.com.br\/#organization","name":"Jornal Fatos e Not\u00edcias","url":"https:\/\/jornalfatosenoticias.com.br\/","logo":{"@type":"ImageObject","inLanguage":"pt-BR","@id":"https:\/\/jornalfatosenoticias.com.br\/#\/schema\/logo\/image\/","url":"https:\/\/jornalfatosenoticias.com.br\/wp-content\/uploads\/2020\/02\/logo120.png","contentUrl":"https:\/\/jornalfatosenoticias.com.br\/wp-content\/uploads\/2020\/02\/logo120.png","width":1227,"height":120,"caption":"Jornal Fatos e Not\u00edcias"},"image":{"@id":"https:\/\/jornalfatosenoticias.com.br\/#\/schema\/logo\/image\/"}},{"@type":"Person","@id":"https:\/\/jornalfatosenoticias.com.br\/#\/schema\/person\/c33fcf5fb02d729d3fec92c6737a22d1","name":"Ana Maria Iencarelli","image":{"@type":"ImageObject","inLanguage":"pt-BR","@id":"https:\/\/jornalfatosenoticias.com.br\/#\/schema\/person\/image\/","url":"https:\/\/jornalfatosenoticias.com.br\/wp-content\/uploads\/2020\/02\/Ana-Maria-Iencarelli-1-150x150.jpg","contentUrl":"https:\/\/jornalfatosenoticias.com.br\/wp-content\/uploads\/2020\/02\/Ana-Maria-Iencarelli-1-150x150.jpg","caption":"Ana Maria Iencarelli"},"description":"Psicanalista Cl\u00ednica, especializada no atendimento a Crian\u00e7as e Adolescentes. Presidente da ONG Vozes de Anjos.","url":"https:\/\/jornalfatosenoticias.com.br\/index.php\/author\/anamaria\/"}]}},"cc_featured_image_caption":{"caption_text":"(Foto: Shutterstock)","source_text":"","source_url":""},"jetpack_featured_media_url":"https:\/\/jornalfatosenoticias.com.br\/wp-content\/uploads\/2022\/12\/vulnerabilidade-infantil.jpg","_links":{"self":[{"href":"https:\/\/jornalfatosenoticias.com.br\/index.php\/wp-json\/wp\/v2\/posts\/37393","targetHints":{"allow":["GET"]}}],"collection":[{"href":"https:\/\/jornalfatosenoticias.com.br\/index.php\/wp-json\/wp\/v2\/posts"}],"about":[{"href":"https:\/\/jornalfatosenoticias.com.br\/index.php\/wp-json\/wp\/v2\/types\/post"}],"author":[{"embeddable":true,"href":"https:\/\/jornalfatosenoticias.com.br\/index.php\/wp-json\/wp\/v2\/users\/8"}],"replies":[{"embeddable":true,"href":"https:\/\/jornalfatosenoticias.com.br\/index.php\/wp-json\/wp\/v2\/comments?post=37393"}],"version-history":[{"count":0,"href":"https:\/\/jornalfatosenoticias.com.br\/index.php\/wp-json\/wp\/v2\/posts\/37393\/revisions"}],"wp:featuredmedia":[{"embeddable":true,"href":"https:\/\/jornalfatosenoticias.com.br\/index.php\/wp-json\/wp\/v2\/media\/37396"}],"wp:attachment":[{"href":"https:\/\/jornalfatosenoticias.com.br\/index.php\/wp-json\/wp\/v2\/media?parent=37393"}],"wp:term":[{"taxonomy":"category","embeddable":true,"href":"https:\/\/jornalfatosenoticias.com.br\/index.php\/wp-json\/wp\/v2\/categories?post=37393"},{"taxonomy":"post_tag","embeddable":true,"href":"https:\/\/jornalfatosenoticias.com.br\/index.php\/wp-json\/wp\/v2\/tags?post=37393"}],"curies":[{"name":"wp","href":"https:\/\/api.w.org\/{rel}","templated":true}]}}