{"id":37408,"date":"2022-12-29T15:18:55","date_gmt":"2022-12-29T18:18:55","guid":{"rendered":"https:\/\/jornalfatosenoticias.com.br\/?p=37408"},"modified":"2022-12-29T15:18:55","modified_gmt":"2022-12-29T18:18:55","slug":"cheiro-de-fim-de-ano-existe-neurocientista-explica-sensacao","status":"publish","type":"post","link":"https:\/\/jornalfatosenoticias.com.br\/index.php\/2022\/12\/29\/cheiro-de-fim-de-ano-existe-neurocientista-explica-sensacao\/","title":{"rendered":"\u201cCheiro de fim de ano\u201d existe? Neurocientista explica sensa\u00e7\u00e3o"},"content":{"rendered":"\n<p><em><span class=\"has-inline-color has-black-color\">Cheiros t\u00eam conex\u00e3o direta com mem\u00f3rias e emo\u00e7\u00f5es; entenda a rela\u00e7\u00e3o com Natal e Ano Novo<\/span><\/em><\/p>\n\n\n\n<div class=\"wp-block-image\"><figure class=\"aligncenter size-large\"><img loading=\"lazy\" decoding=\"async\" width=\"1024\" height=\"111\" src=\"https:\/\/jornalfatosenoticias.com.br\/wp-content\/uploads\/2020\/02\/WhatsApp-Image-2022-09-23-at-12.09.18-1024x111.jpeg\" alt=\"\" class=\"wp-image-34527\" srcset=\"https:\/\/jornalfatosenoticias.com.br\/wp-content\/uploads\/2020\/02\/WhatsApp-Image-2022-09-23-at-12.09.18-1024x111.jpeg 1024w, https:\/\/jornalfatosenoticias.com.br\/wp-content\/uploads\/2020\/02\/WhatsApp-Image-2022-09-23-at-12.09.18-300x32.jpeg 300w, https:\/\/jornalfatosenoticias.com.br\/wp-content\/uploads\/2020\/02\/WhatsApp-Image-2022-09-23-at-12.09.18-768x83.jpeg 768w, https:\/\/jornalfatosenoticias.com.br\/wp-content\/uploads\/2020\/02\/WhatsApp-Image-2022-09-23-at-12.09.18.jpeg 1121w\" sizes=\"auto, (max-width: 1024px) 100vw, 1024px\" \/><\/figure><\/div>\n\n\n\n<p>O \u00faltimo m\u00eas do ano \u00e9 tamb\u00e9m um m\u00eas repleto de nostalgia que remete a surpresa, novidade, <a href=\"https:\/\/olhardigital.com.br\/tag\/amor\/\" target=\"_blank\" rel=\"noreferrer noopener\">amor<\/a>, paz e recome\u00e7o. S\u00e3o duas datas,\u00a0<a href=\"https:\/\/olhardigital.com.br\/tag\/natal\/\" target=\"_blank\" rel=\"noreferrer noopener\">Natal<\/a> e Ano Novo, que fazem com que o m\u00eas de dezembro tenha caracter\u00edsticas \u00fanicas \u2014 que para muitas pessoas ultrapassam o sentir. O \u00faltimo m\u00eas do ano tem seu pr\u00f3prio jeito de ser visto; sentido e at\u00e9 mesmo o seu pr\u00f3prio cheiro. Ser\u00e1 mesmo? Mais do que sentimentos relacionados, a neuroci\u00eancia explica de onde vem esse sentimento de que, tudo nesta \u00e9poca do ano, \u00e9 diferente. Confira!<\/p>\n\n\n\n<div class=\"wp-block-image\"><figure class=\"aligncenter size-large\"><img loading=\"lazy\" decoding=\"async\" width=\"300\" height=\"250\" src=\"https:\/\/jornalfatosenoticias.com.br\/wp-content\/uploads\/2022\/08\/arte-Casarao.jpg\" alt=\"\" class=\"wp-image-33178\"\/><\/figure><\/div>\n\n\n\n<p>Os cheiros s\u00e3o mol\u00e9culas percebidas por c\u00e9lulas especializadas localizadas no alto da cavidade nasal \u2014 os neur\u00f4nios quimiorreceptores olfat\u00f3rios. Temos cerca de 10 milh\u00f5es deles. E por que afinal de contas ligamos alguns cheiros com determinadas situa\u00e7\u00f5es? Segundo L\u00edvia Ciacci, neurocientista do SUPERA \u2014 Ginastica para o c\u00e9rebro, o c\u00f3rtex piriforme \u00e9 respons\u00e1vel pela percep\u00e7\u00e3o consciente dos aromas e o c\u00f3rtex entorrinal se projeta para o hipocampo, onde al\u00e9m da consolida\u00e7\u00e3o da mem\u00f3ria olfativa, tamb\u00e9m ocorre a liga\u00e7\u00e3o com o sistema l\u00edmbico \u2014 a \u00e1rea das emo\u00e7\u00f5es.<\/p>\n\n\n\n<div class=\"wp-block-image\"><figure class=\"aligncenter size-large\"><img decoding=\"async\" src=\"https:\/\/jornalfatosenoticias.com.br\/wp-content\/uploads\/2020\/02\/logo_esteio.jpg\" alt=\"\" class=\"wp-image-1214\"\/><\/figure><\/div>\n\n\n\n<figure class=\"wp-block-pullquote\"><blockquote><p><span class=\"has-inline-color has-luminous-vivid-orange-color\">Podemos concluir que os cheiros t\u00eam conex\u00e3o direta com o processamento das emo\u00e7\u00f5es e das mem\u00f3rias, afinal, diferente dos outros sentidos que passam primeiro pelo julgamento cr\u00edtico, os odores chegam diretamente no sistema l\u00edmbico \u2014 a \u00e1rea das emo\u00e7\u00f5es\u201d, explicou.<\/span><\/p><\/blockquote><\/figure>\n\n\n\n<div class=\"wp-block-image\"><figure class=\"aligncenter size-large\"><img decoding=\"async\" src=\"https:\/\/jornalfatosenoticias.com.br\/wp-content\/uploads\/2020\/02\/Serra-Grande-1024x160.png\" alt=\"\" class=\"wp-image-7836\"\/><\/figure><\/div>\n\n\n\n<p>Ent\u00e3o a resposta \u00e9 sim: o cheiro de fim de ano existe! \u201cDesde que a pessoa tenha associado a data a aromas espec\u00edficos. Se algu\u00e9m memoriza o cheiro de panetone ligado ao fim do ano, todas as vezes que sentir o cheiro vai evocar as mem\u00f3rias de fim de ano, ou ent\u00e3o o contr\u00e1rio, quando chega o fim de ano, o ambiente faz com que ela se recorde do cheiro\u201d.<\/p>\n\n\n\n<div class=\"wp-block-image\"><figure class=\"aligncenter size-large is-resized\"><img loading=\"lazy\" decoding=\"async\" src=\"https:\/\/jornalfatosenoticias.com.br\/wp-content\/uploads\/2020\/02\/nova-logo-Marquetti.jpg\" alt=\"\" class=\"wp-image-22331\" width=\"276\" height=\"185\" srcset=\"https:\/\/jornalfatosenoticias.com.br\/wp-content\/uploads\/2020\/02\/nova-logo-Marquetti.jpg 643w, https:\/\/jornalfatosenoticias.com.br\/wp-content\/uploads\/2020\/02\/nova-logo-Marquetti-300x202.jpg 300w\" sizes=\"auto, (max-width: 276px) 100vw, 276px\" \/><\/figure><\/div>\n\n\n\n<p>\u00c9 poss\u00edvel perceber esse fen\u00f4meno mais facilmente quando observamos as estrat\u00e9gias de marketing usada por grandes varejistas como forma de atrair o consumidor por suas emo\u00e7\u00f5es. Por exemplo, \u201co cheiro de \u2018shopping\u2019 \u00e9, na verdade, \u00f3leo essencial. Cafeterias espalham cheiros de guloseimas, decora\u00e7\u00f5es natalinas s\u00e3o perfumadas. Tudo nesta \u00e9poca contribui especialmente para nossas mem\u00f3rias olfativas que v\u00e3o se firmando com o passar dos anos\u201d, detalhou a especialista.<\/p>\n\n\n\n<div class=\"wp-block-image\"><figure class=\"aligncenter size-large\"><img loading=\"lazy\" decoding=\"async\" width=\"1000\" height=\"679\" src=\"https:\/\/jornalfatosenoticias.com.br\/wp-content\/uploads\/2022\/12\/CHEIRO-final-de-ano3.jpg\" alt=\"\" class=\"wp-image-37409\" srcset=\"https:\/\/jornalfatosenoticias.com.br\/wp-content\/uploads\/2022\/12\/CHEIRO-final-de-ano3.jpg 1000w, https:\/\/jornalfatosenoticias.com.br\/wp-content\/uploads\/2022\/12\/CHEIRO-final-de-ano3-300x204.jpg 300w, https:\/\/jornalfatosenoticias.com.br\/wp-content\/uploads\/2022\/12\/CHEIRO-final-de-ano3-768x521.jpg 768w\" sizes=\"auto, (max-width: 1000px) 100vw, 1000px\" \/><figcaption><em><span class=\"has-inline-color has-black-color\">(Foto: Shutterstock\/Yuganov Konstantin)<\/span><\/em><\/figcaption><\/figure><\/div>\n\n\n\n<div class=\"wp-block-image\"><figure class=\"alignright size-large is-resized\"><img decoding=\"async\" src=\"https:\/\/jornalfatosenoticias.com.br\/wp-content\/uploads\/2022\/08\/logo-locau-veiculos-1024x573.png\" alt=\"\" class=\"wp-image-33078\" width=\"-122\" height=\"-68\"\/><\/figure><\/div>\n\n\n\n<p><strong><span class=\"has-inline-color has-vivid-cyan-blue-color\">Sensa\u00e7\u00e3o de que o Natal n\u00e3o \u00e9 mais como antes<br><\/span><\/strong>Quando falamos de Natal, algumas lembran\u00e7as s\u00e3o especialmente marcantes. Biologicamente, a inf\u00e2ncia e adolesc\u00eancia s\u00e3o fases da vida em que exploramos o ambiente com maior intensidade, e com isso, armazenamos informa\u00e7\u00f5es importantes para a sobreviv\u00eancia, e dentre elas, os cheiros. O N\u00facleo de Neuroci\u00eancias do Instituto de Ci\u00eancias Biol\u00f3gicas da UFMG realizou algumas pesquisas para explicar como os cheiros se vinculam a diferentes lembran\u00e7as e direcionam o comportamento.<\/p>\n\n\n\n<div class=\"wp-block-image\"><figure class=\"aligncenter size-large\"><img loading=\"lazy\" decoding=\"async\" width=\"1024\" height=\"100\" src=\"https:\/\/jornalfatosenoticias.com.br\/wp-content\/uploads\/2022\/05\/NOVA-LOGO-CESCONETTO-1024x100.jpg\" alt=\"\" class=\"wp-image-30792\" srcset=\"https:\/\/jornalfatosenoticias.com.br\/wp-content\/uploads\/2022\/05\/NOVA-LOGO-CESCONETTO-1024x100.jpg 1024w, https:\/\/jornalfatosenoticias.com.br\/wp-content\/uploads\/2022\/05\/NOVA-LOGO-CESCONETTO-300x29.jpg 300w, https:\/\/jornalfatosenoticias.com.br\/wp-content\/uploads\/2022\/05\/NOVA-LOGO-CESCONETTO-768x75.jpg 768w, https:\/\/jornalfatosenoticias.com.br\/wp-content\/uploads\/2022\/05\/NOVA-LOGO-CESCONETTO.jpg 1280w\" sizes=\"auto, (max-width: 1024px) 100vw, 1024px\" \/><\/figure><\/div>\n\n\n\n<p>O estudo identificou, entre outras coisas, que a serotonina (importante neurotransmissor que modula o humor), quando liberada no bulbo olfat\u00f3rio, modifica a representa\u00e7\u00e3o neuronal dos odores, atribuindo significados \u00e0quela mem\u00f3ria olfativa. Ainda segundo Ciacci, a modula\u00e7\u00e3o do significado dos cheiros tem rela\u00e7\u00e3o direta com as experi\u00eancias, que s\u00e3o estendidas a vida adulta \u2014 com a mudan\u00e7a de rotina e prioridades, al\u00e9m de espectros internos e externos, a sensa\u00e7\u00e3o do \u201cNatal da inf\u00e2ncia\u201d pode ser diferente, mas os cheiros ainda despertam a mem\u00f3ria.<\/p>\n\n\n\n<div class=\"wp-block-image\"><figure class=\"aligncenter size-large\"><img loading=\"lazy\" decoding=\"async\" width=\"1024\" height=\"103\" src=\"https:\/\/jornalfatosenoticias.com.br\/wp-content\/uploads\/2022\/02\/Arte-Autoescola-Galatas_endereco_portal-1024x103.png\" alt=\"\" class=\"wp-image-27869\" srcset=\"https:\/\/jornalfatosenoticias.com.br\/wp-content\/uploads\/2022\/02\/Arte-Autoescola-Galatas_endereco_portal-1024x103.png 1024w, https:\/\/jornalfatosenoticias.com.br\/wp-content\/uploads\/2022\/02\/Arte-Autoescola-Galatas_endereco_portal-300x30.png 300w, https:\/\/jornalfatosenoticias.com.br\/wp-content\/uploads\/2022\/02\/Arte-Autoescola-Galatas_endereco_portal-768x77.png 768w, https:\/\/jornalfatosenoticias.com.br\/wp-content\/uploads\/2022\/02\/Arte-Autoescola-Galatas_endereco_portal.png 1223w\" sizes=\"auto, (max-width: 1024px) 100vw, 1024px\" \/><\/figure><\/div>\n\n\n\n<p>A neurocientista lembrou que este ser\u00e1 o primeiro Natal com sintomas mais amenos da pandemia e uma maior conviv\u00eancia social em uma data cercada por reuni\u00f5es afetuosas. <\/p>\n\n\n\n<div class=\"wp-block-image\"><figure class=\"aligncenter size-large is-resized\"><img loading=\"lazy\" decoding=\"async\" src=\"https:\/\/jornalfatosenoticias.com.br\/wp-content\/uploads\/2020\/02\/casa-do-torresmo_portal.jpg\" alt=\"\" class=\"wp-image-34472\" width=\"260\" height=\"260\" srcset=\"https:\/\/jornalfatosenoticias.com.br\/wp-content\/uploads\/2020\/02\/casa-do-torresmo_portal.jpg 300w, https:\/\/jornalfatosenoticias.com.br\/wp-content\/uploads\/2020\/02\/casa-do-torresmo_portal-150x150.jpg 150w\" sizes=\"auto, (max-width: 260px) 100vw, 260px\" \/><\/figure><\/div>\n\n\n\n<figure class=\"wp-block-pullquote\"><blockquote><p><span class=\"has-inline-color has-luminous-vivid-orange-color\">Para quem tem boas lembran\u00e7as, o Natal ativa o sistema de recompensa do c\u00e9rebro, trazendo prazer e refor\u00e7ando o encontro como algo ben\u00e9fico. O ato de conviver socialmente em si \u00e9 necess\u00e1rio para n\u00f3s, \u00e9 um est\u00edmulo que mant\u00e9m nossa mente saud\u00e1vel, independentemente de ser com familiares ou amigos\u201d.<\/span><\/p><\/blockquote><\/figure>\n\n\n\n<div class=\"wp-block-image\"><figure class=\"alignleft size-large is-resized\"><img decoding=\"async\" src=\"https:\/\/jornalfatosenoticias.com.br\/wp-content\/uploads\/2022\/07\/Logo-Grupo-SEI.jpg\" alt=\"\" class=\"wp-image-31973\" width=\"-158\" height=\"-82\" srcset=\"https:\/\/jornalfatosenoticias.com.br\/wp-content\/uploads\/2022\/07\/Logo-Grupo-SEI.jpg 713w, https:\/\/jornalfatosenoticias.com.br\/wp-content\/uploads\/2022\/07\/Logo-Grupo-SEI-300x158.jpg 300w\" sizes=\"(max-width: 713px) 100vw, 713px\" \/><\/figure><\/div>\n\n\n\n<p><strong><span class=\"has-inline-color has-vivid-cyan-blue-color\">Final de ano e ansiedade<br><\/span><\/strong>Por outro lado, h\u00e1 quem n\u00e3o tenha boas lembran\u00e7as desta \u00e9poca do ano. \u201cQuando algumas pessoas experimentam um aumento do estresse e da ansiedade nessa \u00e9poca, s\u00e3o geralmente motivadas por uma s\u00e9rie de fatores que alteram a rotina. Como, por exemplo, as press\u00f5es por comparecer a confraterniza\u00e7\u00f5es, compras de presentes, a redu\u00e7\u00e3o ou altera\u00e7\u00e3o do ciclo do sono, mudan\u00e7as na dieta, as altas temperaturas\u201d, indicou.<\/p>\n\n\n\n<div class=\"wp-block-image\"><figure class=\"aligncenter size-large\"><img decoding=\"async\" src=\"https:\/\/jornalfatosenoticias.com.br\/wp-content\/uploads\/2020\/02\/logo-embacia-1-1024x110.jpg\" alt=\"\" class=\"wp-image-33954\"\/><\/figure><\/div>\n\n\n\n<p>Nestes casos, a principal dica quando falamos do nosso c\u00e9rebro, \u00e9 buscar entender o que motiva esse sentimento, se \u00e9 uma mem\u00f3ria espec\u00edfica ou se \u00e9 um misto de situa\u00e7\u00f5es. <\/p>\n\n\n\n<div class=\"wp-block-image\"><figure class=\"aligncenter size-large is-resized\"><img loading=\"lazy\" decoding=\"async\" src=\"https:\/\/jornalfatosenoticias.com.br\/wp-content\/uploads\/2022\/02\/Precisao-Contabilidade-1024x724.jpg\" alt=\"\" class=\"wp-image-28088\" width=\"313\" height=\"221\"\/><\/figure><\/div>\n\n\n\n<figure class=\"wp-block-pullquote\"><blockquote><p><span class=\"has-inline-color has-luminous-vivid-orange-color\">A partir da autorreflex\u00e3o, n\u00e3o devemos ter receio de respeitar nossos pr\u00f3prios limites. Perceba que os tipos de pensamentos mais comuns dessa \u00e9poca envolvem a sensa\u00e7\u00e3o de obriga\u00e7\u00e3o: \u2018Tenho que agradar \u00e0s pessoas\u2019; \u2018Tenho que comprar presentes\u2019; \u2018Tenho que estar feliz\u2019; \u2018Tenho que fechar as metas\u2019; \u2018Tenho que fazer uma ceia\u2019. Entender que voc\u00ea n\u00e3o \u00e9 obrigado a cumprir coisas ou rituais que n\u00e3o fazem sentido para voc\u00ea, ou n\u00e3o trazem alegria e conforto, \u00e9 o primeiro passo. Seja honesto consigo mesmo e, se necess\u00e1rio, busque ajuda especializada\u201d, concluiu.<\/span><\/p><\/blockquote><\/figure>\n\n\n\n<div class=\"wp-block-image\"><figure class=\"aligncenter size-large\"><img loading=\"lazy\" decoding=\"async\" width=\"1000\" height=\"709\" src=\"https:\/\/jornalfatosenoticias.com.br\/wp-content\/uploads\/2022\/12\/cartao-ano-novo.jpg\" alt=\"\" class=\"wp-image-37231\" srcset=\"https:\/\/jornalfatosenoticias.com.br\/wp-content\/uploads\/2022\/12\/cartao-ano-novo.jpg 1000w, https:\/\/jornalfatosenoticias.com.br\/wp-content\/uploads\/2022\/12\/cartao-ano-novo-300x213.jpg 300w, https:\/\/jornalfatosenoticias.com.br\/wp-content\/uploads\/2022\/12\/cartao-ano-novo-768x545.jpg 768w\" sizes=\"auto, (max-width: 1000px) 100vw, 1000px\" \/><\/figure><\/div>\n\n\n\n<p><strong><em>Fonte: <a href=\"https:\/\/olhardigital.com.br\/2022\/12\/23\/medicina-e-saude\/cheiro-de-fim-de-ano-existe-neurocientista-explica-sensacao\/amp\/\">Olhar Digital<\/a><\/em><\/strong><\/p>\n","protected":false},"excerpt":{"rendered":"<p>Cheiros t\u00eam conex\u00e3o direta com mem\u00f3rias e emo\u00e7\u00f5es; entenda a rela\u00e7\u00e3o com Natal e Ano Novo O \u00faltimo m\u00eas do ano \u00e9 tamb\u00e9m um m\u00eas repleto de nostalgia que remete a surpresa, novidade, amor, paz e recome\u00e7o. S\u00e3o duas datas,\u00a0Natal e Ano Novo, que fazem com que o m\u00eas de dezembro tenha caracter\u00edsticas \u00fanicas \u2014 [&hellip;]<\/p>\n","protected":false},"author":2,"featured_media":37410,"comment_status":"open","ping_status":"open","sticky":false,"template":"","format":"standard","meta":{"footnotes":""},"categories":[2,2522],"tags":[2336,17582,17583,11530,5096,6570,6335,6658],"class_list":["post-37408","post","type-post","status-publish","format-standard","has-post-thumbnail","hentry","category-ciencia","category-comportamento","tag-cerebro","tag-cheiro-de-fim-de-ano","tag-cheiros","tag-conexao","tag-emocoes","tag-final-de-ano","tag-memorias","tag-neurociencia"],"yoast_head":"<!-- This site is optimized with the Yoast SEO plugin v26.5 - https:\/\/yoast.com\/wordpress\/plugins\/seo\/ -->\n<title>\u201cCheiro de fim de ano\u201d existe? Neurocientista explica sensa\u00e7\u00e3o - Jornal Fatos e Not\u00edcias<\/title>\n<meta name=\"robots\" content=\"index, follow, max-snippet:-1, max-image-preview:large, max-video-preview:-1\" \/>\n<link rel=\"canonical\" href=\"https:\/\/jornalfatosenoticias.com.br\/index.php\/2022\/12\/29\/cheiro-de-fim-de-ano-existe-neurocientista-explica-sensacao\/\" \/>\n<meta property=\"og:locale\" content=\"pt_BR\" \/>\n<meta property=\"og:type\" content=\"article\" \/>\n<meta property=\"og:title\" content=\"\u201cCheiro de fim de ano\u201d existe? Neurocientista explica sensa\u00e7\u00e3o - Jornal Fatos e Not\u00edcias\" \/>\n<meta property=\"og:description\" content=\"Cheiros t\u00eam conex\u00e3o direta com mem\u00f3rias e emo\u00e7\u00f5es; entenda a rela\u00e7\u00e3o com Natal e Ano Novo O \u00faltimo m\u00eas do ano \u00e9 tamb\u00e9m um m\u00eas repleto de nostalgia que remete a surpresa, novidade, amor, paz e recome\u00e7o. S\u00e3o duas datas,\u00a0Natal e Ano Novo, que fazem com que o m\u00eas de dezembro tenha caracter\u00edsticas \u00fanicas \u2014 [&hellip;]\" \/>\n<meta property=\"og:url\" content=\"https:\/\/jornalfatosenoticias.com.br\/index.php\/2022\/12\/29\/cheiro-de-fim-de-ano-existe-neurocientista-explica-sensacao\/\" \/>\n<meta property=\"og:site_name\" content=\"Jornal Fatos e Not\u00edcias\" \/>\n<meta property=\"article:published_time\" content=\"2022-12-29T18:18:55+00:00\" \/>\n<meta property=\"og:image\" content=\"https:\/\/jornalfatosenoticias.com.br\/wp-content\/uploads\/2022\/12\/CHEIRO-final-de-ano2.jpg\" \/>\n\t<meta property=\"og:image:width\" content=\"1000\" \/>\n\t<meta property=\"og:image:height\" content=\"562\" \/>\n\t<meta property=\"og:image:type\" content=\"image\/jpeg\" \/>\n<meta name=\"author\" content=\"Luzimara Fernandes\" \/>\n<meta name=\"twitter:card\" content=\"summary_large_image\" \/>\n<meta name=\"twitter:label1\" content=\"Escrito por\" \/>\n\t<meta name=\"twitter:data1\" content=\"Luzimara Fernandes\" \/>\n\t<meta name=\"twitter:label2\" content=\"Est. tempo de leitura\" \/>\n\t<meta name=\"twitter:data2\" content=\"4 minutos\" \/>\n<script type=\"application\/ld+json\" class=\"yoast-schema-graph\">{\"@context\":\"https:\/\/schema.org\",\"@graph\":[{\"@type\":\"Article\",\"@id\":\"https:\/\/jornalfatosenoticias.com.br\/index.php\/2022\/12\/29\/cheiro-de-fim-de-ano-existe-neurocientista-explica-sensacao\/#article\",\"isPartOf\":{\"@id\":\"https:\/\/jornalfatosenoticias.com.br\/index.php\/2022\/12\/29\/cheiro-de-fim-de-ano-existe-neurocientista-explica-sensacao\/\"},\"author\":{\"name\":\"Luzimara Fernandes\",\"@id\":\"https:\/\/jornalfatosenoticias.com.br\/#\/schema\/person\/d63837fa13ac8666eb9e74e0985d6f81\"},\"headline\":\"\u201cCheiro de fim de ano\u201d existe? Neurocientista explica sensa\u00e7\u00e3o\",\"datePublished\":\"2022-12-29T18:18:55+00:00\",\"mainEntityOfPage\":{\"@id\":\"https:\/\/jornalfatosenoticias.com.br\/index.php\/2022\/12\/29\/cheiro-de-fim-de-ano-existe-neurocientista-explica-sensacao\/\"},\"wordCount\":909,\"commentCount\":0,\"publisher\":{\"@id\":\"https:\/\/jornalfatosenoticias.com.br\/#organization\"},\"image\":{\"@id\":\"https:\/\/jornalfatosenoticias.com.br\/index.php\/2022\/12\/29\/cheiro-de-fim-de-ano-existe-neurocientista-explica-sensacao\/#primaryimage\"},\"thumbnailUrl\":\"https:\/\/jornalfatosenoticias.com.br\/wp-content\/uploads\/2022\/12\/CHEIRO-final-de-ano2.jpg\",\"keywords\":[\"c\u00e9rebro\",\"cheiro de fim de ano\",\"cheiros\",\"conex\u00e3o\",\"emo\u00e7\u00f5es\",\"final de ano\",\"mem\u00f3rias\",\"neuroci\u00eancia\"],\"articleSection\":[\"Ci\u00eancia\",\"Comportamento &amp; Equil\u00edbrio\"],\"inLanguage\":\"pt-BR\",\"potentialAction\":[{\"@type\":\"CommentAction\",\"name\":\"Comment\",\"target\":[\"https:\/\/jornalfatosenoticias.com.br\/index.php\/2022\/12\/29\/cheiro-de-fim-de-ano-existe-neurocientista-explica-sensacao\/#respond\"]}]},{\"@type\":\"WebPage\",\"@id\":\"https:\/\/jornalfatosenoticias.com.br\/index.php\/2022\/12\/29\/cheiro-de-fim-de-ano-existe-neurocientista-explica-sensacao\/\",\"url\":\"https:\/\/jornalfatosenoticias.com.br\/index.php\/2022\/12\/29\/cheiro-de-fim-de-ano-existe-neurocientista-explica-sensacao\/\",\"name\":\"\u201cCheiro de fim de ano\u201d existe? Neurocientista explica sensa\u00e7\u00e3o - Jornal Fatos e Not\u00edcias\",\"isPartOf\":{\"@id\":\"https:\/\/jornalfatosenoticias.com.br\/#website\"},\"primaryImageOfPage\":{\"@id\":\"https:\/\/jornalfatosenoticias.com.br\/index.php\/2022\/12\/29\/cheiro-de-fim-de-ano-existe-neurocientista-explica-sensacao\/#primaryimage\"},\"image\":{\"@id\":\"https:\/\/jornalfatosenoticias.com.br\/index.php\/2022\/12\/29\/cheiro-de-fim-de-ano-existe-neurocientista-explica-sensacao\/#primaryimage\"},\"thumbnailUrl\":\"https:\/\/jornalfatosenoticias.com.br\/wp-content\/uploads\/2022\/12\/CHEIRO-final-de-ano2.jpg\",\"datePublished\":\"2022-12-29T18:18:55+00:00\",\"breadcrumb\":{\"@id\":\"https:\/\/jornalfatosenoticias.com.br\/index.php\/2022\/12\/29\/cheiro-de-fim-de-ano-existe-neurocientista-explica-sensacao\/#breadcrumb\"},\"inLanguage\":\"pt-BR\",\"potentialAction\":[{\"@type\":\"ReadAction\",\"target\":[\"https:\/\/jornalfatosenoticias.com.br\/index.php\/2022\/12\/29\/cheiro-de-fim-de-ano-existe-neurocientista-explica-sensacao\/\"]}]},{\"@type\":\"ImageObject\",\"inLanguage\":\"pt-BR\",\"@id\":\"https:\/\/jornalfatosenoticias.com.br\/index.php\/2022\/12\/29\/cheiro-de-fim-de-ano-existe-neurocientista-explica-sensacao\/#primaryimage\",\"url\":\"https:\/\/jornalfatosenoticias.com.br\/wp-content\/uploads\/2022\/12\/CHEIRO-final-de-ano2.jpg\",\"contentUrl\":\"https:\/\/jornalfatosenoticias.com.br\/wp-content\/uploads\/2022\/12\/CHEIRO-final-de-ano2.jpg\",\"width\":1000,\"height\":562},{\"@type\":\"BreadcrumbList\",\"@id\":\"https:\/\/jornalfatosenoticias.com.br\/index.php\/2022\/12\/29\/cheiro-de-fim-de-ano-existe-neurocientista-explica-sensacao\/#breadcrumb\",\"itemListElement\":[{\"@type\":\"ListItem\",\"position\":1,\"name\":\"In\u00edcio\",\"item\":\"https:\/\/jornalfatosenoticias.com.br\/\"},{\"@type\":\"ListItem\",\"position\":2,\"name\":\"\u201cCheiro de fim de ano\u201d existe? Neurocientista explica sensa\u00e7\u00e3o\"}]},{\"@type\":\"WebSite\",\"@id\":\"https:\/\/jornalfatosenoticias.com.br\/#website\",\"url\":\"https:\/\/jornalfatosenoticias.com.br\/\",\"name\":\"Jornal Fatos e Not\u00edcias\",\"description\":\"Not\u00edcias em geral\",\"publisher\":{\"@id\":\"https:\/\/jornalfatosenoticias.com.br\/#organization\"},\"potentialAction\":[{\"@type\":\"SearchAction\",\"target\":{\"@type\":\"EntryPoint\",\"urlTemplate\":\"https:\/\/jornalfatosenoticias.com.br\/?s={search_term_string}\"},\"query-input\":{\"@type\":\"PropertyValueSpecification\",\"valueRequired\":true,\"valueName\":\"search_term_string\"}}],\"inLanguage\":\"pt-BR\"},{\"@type\":\"Organization\",\"@id\":\"https:\/\/jornalfatosenoticias.com.br\/#organization\",\"name\":\"Jornal Fatos e Not\u00edcias\",\"url\":\"https:\/\/jornalfatosenoticias.com.br\/\",\"logo\":{\"@type\":\"ImageObject\",\"inLanguage\":\"pt-BR\",\"@id\":\"https:\/\/jornalfatosenoticias.com.br\/#\/schema\/logo\/image\/\",\"url\":\"https:\/\/jornalfatosenoticias.com.br\/wp-content\/uploads\/2020\/02\/logo120.png\",\"contentUrl\":\"https:\/\/jornalfatosenoticias.com.br\/wp-content\/uploads\/2020\/02\/logo120.png\",\"width\":1227,\"height\":120,\"caption\":\"Jornal Fatos e Not\u00edcias\"},\"image\":{\"@id\":\"https:\/\/jornalfatosenoticias.com.br\/#\/schema\/logo\/image\/\"}},{\"@type\":\"Person\",\"@id\":\"https:\/\/jornalfatosenoticias.com.br\/#\/schema\/person\/d63837fa13ac8666eb9e74e0985d6f81\",\"name\":\"Luzimara Fernandes\",\"image\":{\"@type\":\"ImageObject\",\"inLanguage\":\"pt-BR\",\"@id\":\"https:\/\/jornalfatosenoticias.com.br\/#\/schema\/person\/image\/\",\"url\":\"https:\/\/jornalfatosenoticias.com.br\/wp-content\/uploads\/2025\/05\/EU_portal.jpg\",\"contentUrl\":\"https:\/\/jornalfatosenoticias.com.br\/wp-content\/uploads\/2025\/05\/EU_portal.jpg\",\"caption\":\"Luzimara Fernandes\"},\"description\":\"Jornalista MTB 2358-ES\",\"sameAs\":[\"https:\/\/jornalfatosenoticias.com.br\"],\"url\":\"https:\/\/jornalfatosenoticias.com.br\/index.php\/author\/luzimara\/\"}]}<\/script>\n<!-- \/ Yoast SEO plugin. -->","yoast_head_json":{"title":"\u201cCheiro de fim de ano\u201d existe? Neurocientista explica sensa\u00e7\u00e3o - Jornal Fatos e Not\u00edcias","robots":{"index":"index","follow":"follow","max-snippet":"max-snippet:-1","max-image-preview":"max-image-preview:large","max-video-preview":"max-video-preview:-1"},"canonical":"https:\/\/jornalfatosenoticias.com.br\/index.php\/2022\/12\/29\/cheiro-de-fim-de-ano-existe-neurocientista-explica-sensacao\/","og_locale":"pt_BR","og_type":"article","og_title":"\u201cCheiro de fim de ano\u201d existe? Neurocientista explica sensa\u00e7\u00e3o - Jornal Fatos e Not\u00edcias","og_description":"Cheiros t\u00eam conex\u00e3o direta com mem\u00f3rias e emo\u00e7\u00f5es; entenda a rela\u00e7\u00e3o com Natal e Ano Novo O \u00faltimo m\u00eas do ano \u00e9 tamb\u00e9m um m\u00eas repleto de nostalgia que remete a surpresa, novidade, amor, paz e recome\u00e7o. S\u00e3o duas datas,\u00a0Natal e Ano Novo, que fazem com que o m\u00eas de dezembro tenha caracter\u00edsticas \u00fanicas \u2014 [&hellip;]","og_url":"https:\/\/jornalfatosenoticias.com.br\/index.php\/2022\/12\/29\/cheiro-de-fim-de-ano-existe-neurocientista-explica-sensacao\/","og_site_name":"Jornal Fatos e Not\u00edcias","article_published_time":"2022-12-29T18:18:55+00:00","og_image":[{"width":1000,"height":562,"url":"https:\/\/jornalfatosenoticias.com.br\/wp-content\/uploads\/2022\/12\/CHEIRO-final-de-ano2.jpg","type":"image\/jpeg"}],"author":"Luzimara Fernandes","twitter_card":"summary_large_image","twitter_misc":{"Escrito por":"Luzimara Fernandes","Est. tempo de leitura":"4 minutos"},"schema":{"@context":"https:\/\/schema.org","@graph":[{"@type":"Article","@id":"https:\/\/jornalfatosenoticias.com.br\/index.php\/2022\/12\/29\/cheiro-de-fim-de-ano-existe-neurocientista-explica-sensacao\/#article","isPartOf":{"@id":"https:\/\/jornalfatosenoticias.com.br\/index.php\/2022\/12\/29\/cheiro-de-fim-de-ano-existe-neurocientista-explica-sensacao\/"},"author":{"name":"Luzimara Fernandes","@id":"https:\/\/jornalfatosenoticias.com.br\/#\/schema\/person\/d63837fa13ac8666eb9e74e0985d6f81"},"headline":"\u201cCheiro de fim de ano\u201d existe? Neurocientista explica sensa\u00e7\u00e3o","datePublished":"2022-12-29T18:18:55+00:00","mainEntityOfPage":{"@id":"https:\/\/jornalfatosenoticias.com.br\/index.php\/2022\/12\/29\/cheiro-de-fim-de-ano-existe-neurocientista-explica-sensacao\/"},"wordCount":909,"commentCount":0,"publisher":{"@id":"https:\/\/jornalfatosenoticias.com.br\/#organization"},"image":{"@id":"https:\/\/jornalfatosenoticias.com.br\/index.php\/2022\/12\/29\/cheiro-de-fim-de-ano-existe-neurocientista-explica-sensacao\/#primaryimage"},"thumbnailUrl":"https:\/\/jornalfatosenoticias.com.br\/wp-content\/uploads\/2022\/12\/CHEIRO-final-de-ano2.jpg","keywords":["c\u00e9rebro","cheiro de fim de ano","cheiros","conex\u00e3o","emo\u00e7\u00f5es","final de ano","mem\u00f3rias","neuroci\u00eancia"],"articleSection":["Ci\u00eancia","Comportamento &amp; Equil\u00edbrio"],"inLanguage":"pt-BR","potentialAction":[{"@type":"CommentAction","name":"Comment","target":["https:\/\/jornalfatosenoticias.com.br\/index.php\/2022\/12\/29\/cheiro-de-fim-de-ano-existe-neurocientista-explica-sensacao\/#respond"]}]},{"@type":"WebPage","@id":"https:\/\/jornalfatosenoticias.com.br\/index.php\/2022\/12\/29\/cheiro-de-fim-de-ano-existe-neurocientista-explica-sensacao\/","url":"https:\/\/jornalfatosenoticias.com.br\/index.php\/2022\/12\/29\/cheiro-de-fim-de-ano-existe-neurocientista-explica-sensacao\/","name":"\u201cCheiro de fim de ano\u201d existe? Neurocientista explica sensa\u00e7\u00e3o - Jornal Fatos e Not\u00edcias","isPartOf":{"@id":"https:\/\/jornalfatosenoticias.com.br\/#website"},"primaryImageOfPage":{"@id":"https:\/\/jornalfatosenoticias.com.br\/index.php\/2022\/12\/29\/cheiro-de-fim-de-ano-existe-neurocientista-explica-sensacao\/#primaryimage"},"image":{"@id":"https:\/\/jornalfatosenoticias.com.br\/index.php\/2022\/12\/29\/cheiro-de-fim-de-ano-existe-neurocientista-explica-sensacao\/#primaryimage"},"thumbnailUrl":"https:\/\/jornalfatosenoticias.com.br\/wp-content\/uploads\/2022\/12\/CHEIRO-final-de-ano2.jpg","datePublished":"2022-12-29T18:18:55+00:00","breadcrumb":{"@id":"https:\/\/jornalfatosenoticias.com.br\/index.php\/2022\/12\/29\/cheiro-de-fim-de-ano-existe-neurocientista-explica-sensacao\/#breadcrumb"},"inLanguage":"pt-BR","potentialAction":[{"@type":"ReadAction","target":["https:\/\/jornalfatosenoticias.com.br\/index.php\/2022\/12\/29\/cheiro-de-fim-de-ano-existe-neurocientista-explica-sensacao\/"]}]},{"@type":"ImageObject","inLanguage":"pt-BR","@id":"https:\/\/jornalfatosenoticias.com.br\/index.php\/2022\/12\/29\/cheiro-de-fim-de-ano-existe-neurocientista-explica-sensacao\/#primaryimage","url":"https:\/\/jornalfatosenoticias.com.br\/wp-content\/uploads\/2022\/12\/CHEIRO-final-de-ano2.jpg","contentUrl":"https:\/\/jornalfatosenoticias.com.br\/wp-content\/uploads\/2022\/12\/CHEIRO-final-de-ano2.jpg","width":1000,"height":562},{"@type":"BreadcrumbList","@id":"https:\/\/jornalfatosenoticias.com.br\/index.php\/2022\/12\/29\/cheiro-de-fim-de-ano-existe-neurocientista-explica-sensacao\/#breadcrumb","itemListElement":[{"@type":"ListItem","position":1,"name":"In\u00edcio","item":"https:\/\/jornalfatosenoticias.com.br\/"},{"@type":"ListItem","position":2,"name":"\u201cCheiro de fim de ano\u201d existe? Neurocientista explica sensa\u00e7\u00e3o"}]},{"@type":"WebSite","@id":"https:\/\/jornalfatosenoticias.com.br\/#website","url":"https:\/\/jornalfatosenoticias.com.br\/","name":"Jornal Fatos e Not\u00edcias","description":"Not\u00edcias em geral","publisher":{"@id":"https:\/\/jornalfatosenoticias.com.br\/#organization"},"potentialAction":[{"@type":"SearchAction","target":{"@type":"EntryPoint","urlTemplate":"https:\/\/jornalfatosenoticias.com.br\/?s={search_term_string}"},"query-input":{"@type":"PropertyValueSpecification","valueRequired":true,"valueName":"search_term_string"}}],"inLanguage":"pt-BR"},{"@type":"Organization","@id":"https:\/\/jornalfatosenoticias.com.br\/#organization","name":"Jornal Fatos e Not\u00edcias","url":"https:\/\/jornalfatosenoticias.com.br\/","logo":{"@type":"ImageObject","inLanguage":"pt-BR","@id":"https:\/\/jornalfatosenoticias.com.br\/#\/schema\/logo\/image\/","url":"https:\/\/jornalfatosenoticias.com.br\/wp-content\/uploads\/2020\/02\/logo120.png","contentUrl":"https:\/\/jornalfatosenoticias.com.br\/wp-content\/uploads\/2020\/02\/logo120.png","width":1227,"height":120,"caption":"Jornal Fatos e Not\u00edcias"},"image":{"@id":"https:\/\/jornalfatosenoticias.com.br\/#\/schema\/logo\/image\/"}},{"@type":"Person","@id":"https:\/\/jornalfatosenoticias.com.br\/#\/schema\/person\/d63837fa13ac8666eb9e74e0985d6f81","name":"Luzimara Fernandes","image":{"@type":"ImageObject","inLanguage":"pt-BR","@id":"https:\/\/jornalfatosenoticias.com.br\/#\/schema\/person\/image\/","url":"https:\/\/jornalfatosenoticias.com.br\/wp-content\/uploads\/2025\/05\/EU_portal.jpg","contentUrl":"https:\/\/jornalfatosenoticias.com.br\/wp-content\/uploads\/2025\/05\/EU_portal.jpg","caption":"Luzimara Fernandes"},"description":"Jornalista MTB 2358-ES","sameAs":["https:\/\/jornalfatosenoticias.com.br"],"url":"https:\/\/jornalfatosenoticias.com.br\/index.php\/author\/luzimara\/"}]}},"cc_featured_image_caption":{"caption_text":"(Foto: Shutterstock\/Design_Cells) ","source_text":"","source_url":""},"jetpack_featured_media_url":"https:\/\/jornalfatosenoticias.com.br\/wp-content\/uploads\/2022\/12\/CHEIRO-final-de-ano2.jpg","_links":{"self":[{"href":"https:\/\/jornalfatosenoticias.com.br\/index.php\/wp-json\/wp\/v2\/posts\/37408","targetHints":{"allow":["GET"]}}],"collection":[{"href":"https:\/\/jornalfatosenoticias.com.br\/index.php\/wp-json\/wp\/v2\/posts"}],"about":[{"href":"https:\/\/jornalfatosenoticias.com.br\/index.php\/wp-json\/wp\/v2\/types\/post"}],"author":[{"embeddable":true,"href":"https:\/\/jornalfatosenoticias.com.br\/index.php\/wp-json\/wp\/v2\/users\/2"}],"replies":[{"embeddable":true,"href":"https:\/\/jornalfatosenoticias.com.br\/index.php\/wp-json\/wp\/v2\/comments?post=37408"}],"version-history":[{"count":0,"href":"https:\/\/jornalfatosenoticias.com.br\/index.php\/wp-json\/wp\/v2\/posts\/37408\/revisions"}],"wp:featuredmedia":[{"embeddable":true,"href":"https:\/\/jornalfatosenoticias.com.br\/index.php\/wp-json\/wp\/v2\/media\/37410"}],"wp:attachment":[{"href":"https:\/\/jornalfatosenoticias.com.br\/index.php\/wp-json\/wp\/v2\/media?parent=37408"}],"wp:term":[{"taxonomy":"category","embeddable":true,"href":"https:\/\/jornalfatosenoticias.com.br\/index.php\/wp-json\/wp\/v2\/categories?post=37408"},{"taxonomy":"post_tag","embeddable":true,"href":"https:\/\/jornalfatosenoticias.com.br\/index.php\/wp-json\/wp\/v2\/tags?post=37408"}],"curies":[{"name":"wp","href":"https:\/\/api.w.org\/{rel}","templated":true}]}}