{"id":37412,"date":"2022-12-29T15:28:15","date_gmt":"2022-12-29T18:28:15","guid":{"rendered":"https:\/\/jornalfatosenoticias.com.br\/?p=37412"},"modified":"2022-12-29T15:28:17","modified_gmt":"2022-12-29T18:28:17","slug":"aeronave-eletrica-e-futurista-de-dois-lugares-ganha-vida-em-2023","status":"publish","type":"post","link":"https:\/\/jornalfatosenoticias.com.br\/index.php\/2022\/12\/29\/aeronave-eletrica-e-futurista-de-dois-lugares-ganha-vida-em-2023\/","title":{"rendered":"Aeronave el\u00e9trica e futurista de dois lugares ganha vida em 2023"},"content":{"rendered":"\n<p><em><span class=\"has-inline-color has-black-color\">O Axe by SkyFly j\u00e1 est\u00e1 em pr\u00e9-venda pelo equivalente a R$ 965 mil<\/span><\/em><\/p>\n\n\n\n<div class=\"wp-block-image\"><figure class=\"aligncenter size-large\"><img loading=\"lazy\" decoding=\"async\" width=\"1024\" height=\"100\" src=\"https:\/\/jornalfatosenoticias.com.br\/wp-content\/uploads\/2020\/02\/banner_ferramentas-1024x100.jpg\" alt=\"\" class=\"wp-image-1258\" srcset=\"https:\/\/jornalfatosenoticias.com.br\/wp-content\/uploads\/2020\/02\/banner_ferramentas-1024x100.jpg 1024w, https:\/\/jornalfatosenoticias.com.br\/wp-content\/uploads\/2020\/02\/banner_ferramentas-300x29.jpg 300w, https:\/\/jornalfatosenoticias.com.br\/wp-content\/uploads\/2020\/02\/banner_ferramentas-768x75.jpg 768w, https:\/\/jornalfatosenoticias.com.br\/wp-content\/uploads\/2020\/02\/banner_ferramentas.jpg 1227w\" sizes=\"auto, (max-width: 1024px) 100vw, 1024px\" \/><\/figure><\/div>\n\n\n\n<p>O segmento de <strong>aeronaves el\u00e9tricas pessoais <\/strong>est\u00e1 cada vez mais movimentado, com uma <a href=\"https:\/\/olhardigital.com.br\/2022\/12\/09\/carros-e-tecnologia\/rotorx-dragon-aeronave-eletrica-que-pode-ser-montado-em-casa\/amp\/\">lista seleta de modelos<\/a> pr\u00f3ximos de entrar em produ\u00e7\u00e3o j\u00e1 no pr\u00f3ximo ano. Um deles \u00e9 o Axe, um biposto da fabricante brit\u00e2nica SkyFly Technologies. O <a href=\"https:\/\/olhardigital.com.br\/2022\/11\/24\/carros-e-tecnologia\/evtol-novas-regras-deixam-o-taxi-voador-mais-perto-de-decolar\/amp\/\" target=\"_blank\" rel=\"noreferrer noopener\">ve\u00edculo a\u00e9reo<\/a>\u00a0\u00e9\u00a0<strong>alimentado por oito motores de 70 kW<\/strong>, dois por cada h\u00e9lice. Pode levar at\u00e9 dois ocupantes a bordo. Atinge 160 km\/h e oferece 320 km de alcance por carga.<\/p>\n\n\n\n<div class=\"wp-block-image\"><figure class=\"aligncenter size-large is-resized\"><img loading=\"lazy\" decoding=\"async\" src=\"https:\/\/jornalfatosenoticias.com.br\/wp-content\/uploads\/2022\/08\/logo-locau-veiculos-1024x573.png\" alt=\"\" class=\"wp-image-33078\" width=\"278\" height=\"155\"\/><\/figure><\/div>\n\n\n\n<p>A novidade \u00e9 mais um <a href=\"https:\/\/olhardigital.com.br\/tag\/evtol\/\" target=\"_blank\" rel=\"noreferrer noopener\">eVTOL<\/a>\u00a0com cara futurista que chega com a\u00a0<strong>promessa de revolucionar o voo pessoal<\/strong> e se tornar um ve\u00edculo a\u00e9reo confi\u00e1vel. A novidade ficou mais perto sair do papel ap\u00f3s a SkyFly confirmar a Norco, especialista em estruturas compostas, como a empresa respons\u00e1vel pela constru\u00e7\u00e3o da fuselagem, asas e demais componentes.<\/p>\n\n\n\n<div class=\"wp-block-image\"><figure class=\"aligncenter size-large\"><img loading=\"lazy\" decoding=\"async\" width=\"560\" height=\"60\" src=\"https:\/\/jornalfatosenoticias.com.br\/wp-content\/uploads\/2022\/10\/Propaganda-RC-Radiadores-Jornal_page-0001.jpg\" alt=\"\" class=\"wp-image-35270\" srcset=\"https:\/\/jornalfatosenoticias.com.br\/wp-content\/uploads\/2022\/10\/Propaganda-RC-Radiadores-Jornal_page-0001.jpg 560w, https:\/\/jornalfatosenoticias.com.br\/wp-content\/uploads\/2022\/10\/Propaganda-RC-Radiadores-Jornal_page-0001-300x32.jpg 300w\" sizes=\"auto, (max-width: 560px) 100vw, 560px\" \/><\/figure><\/div>\n\n\n\n<p>O uso de componentes compostos, segundo a SkyFly, \u00e9 essencial para <strong>manter o eVTOL o mais leve poss\u00edvel<\/strong> (220 kg) sem abdicar da sua resist\u00eancia estrutural. O diretor t\u00e9cnico da empresa, William Brooks, diz que o ve\u00edculo ter\u00e1 um inv\u00f3lucro principal de pe\u00e7a \u00fanica fabricado por infus\u00e3o de resina, estrutura em sandu\u00edche refor\u00e7ando a fuselagem e um t\u00fanel para rigidez torcional na estrutura interna.<\/p>\n\n\n\n<div class=\"wp-block-image\"><figure class=\"aligncenter size-large\"><img decoding=\"async\" src=\"https:\/\/jornalfatosenoticias.com.br\/wp-content\/uploads\/2020\/02\/barao-das-carnes-300x164-1.jpg\" alt=\"\" class=\"wp-image-34339\"\/><\/figure><\/div>\n\n\n\n<div class=\"wp-block-image\"><figure class=\"aligncenter size-large is-resized\"><img loading=\"lazy\" decoding=\"async\" src=\"https:\/\/jornalfatosenoticias.com.br\/wp-content\/uploads\/2022\/12\/axe-evtol-2.jpg\" alt=\"\" class=\"wp-image-37413\" width=\"580\" height=\"386\" srcset=\"https:\/\/jornalfatosenoticias.com.br\/wp-content\/uploads\/2022\/12\/axe-evtol-2.jpg 1000w, https:\/\/jornalfatosenoticias.com.br\/wp-content\/uploads\/2022\/12\/axe-evtol-2-300x200.jpg 300w, https:\/\/jornalfatosenoticias.com.br\/wp-content\/uploads\/2022\/12\/axe-evtol-2-768x511.jpg 768w\" sizes=\"auto, (max-width: 580px) 100vw, 580px\" \/><figcaption><em><span class=\"has-inline-color has-black-color\">(Foto: SkyFly Technologies\/Divulga\u00e7\u00e3o)<\/span><\/em><\/figcaption><\/figure><\/div>\n\n\n\n<div class=\"wp-block-image\"><figure class=\"aligncenter size-large\"><img loading=\"lazy\" decoding=\"async\" width=\"1024\" height=\"110\" src=\"https:\/\/jornalfatosenoticias.com.br\/wp-content\/uploads\/2022\/10\/Arte-jornal-Zucchi-1120x120_Prancheta-1-1024x110.jpg\" alt=\"\" class=\"wp-image-34772\" srcset=\"https:\/\/jornalfatosenoticias.com.br\/wp-content\/uploads\/2022\/10\/Arte-jornal-Zucchi-1120x120_Prancheta-1-1024x110.jpg 1024w, https:\/\/jornalfatosenoticias.com.br\/wp-content\/uploads\/2022\/10\/Arte-jornal-Zucchi-1120x120_Prancheta-1-300x32.jpg 300w, https:\/\/jornalfatosenoticias.com.br\/wp-content\/uploads\/2022\/10\/Arte-jornal-Zucchi-1120x120_Prancheta-1-768x82.jpg 768w, https:\/\/jornalfatosenoticias.com.br\/wp-content\/uploads\/2022\/10\/Arte-jornal-Zucchi-1120x120_Prancheta-1-1536x165.jpg 1536w, https:\/\/jornalfatosenoticias.com.br\/wp-content\/uploads\/2022\/10\/Arte-jornal-Zucchi-1120x120_Prancheta-1-2048x219.jpg 2048w\" sizes=\"auto, (max-width: 1024px) 100vw, 1024px\" \/><\/figure><\/div>\n\n\n\n<p>Brooks tamb\u00e9m afirma que, al\u00e9m dos benef\u00edcios mencionados, esse m\u00e9todo de constru\u00e7\u00e3o deve manter os custos baixos, um quesito importante para a produ\u00e7\u00e3o em s\u00e9rie. O Axe by SkyFly j\u00e1 est\u00e1 dispon\u00edvel em pr\u00e9-venda pela bagatela de \u00a3150.000, quase R$ 965 mil na cota\u00e7\u00e3o atual.<\/p>\n\n\n\n<div class=\"wp-block-image\"><figure class=\"alignleft size-large is-resized\"><img loading=\"lazy\" decoding=\"async\" src=\"https:\/\/jornalfatosenoticias.com.br\/wp-content\/uploads\/2020\/02\/nova-logo-Marquetti.jpg\" alt=\"\" class=\"wp-image-22331\" width=\"216\" height=\"145\" srcset=\"https:\/\/jornalfatosenoticias.com.br\/wp-content\/uploads\/2020\/02\/nova-logo-Marquetti.jpg 643w, https:\/\/jornalfatosenoticias.com.br\/wp-content\/uploads\/2020\/02\/nova-logo-Marquetti-300x202.jpg 300w\" sizes=\"auto, (max-width: 216px) 100vw, 216px\" \/><\/figure><\/div>\n\n\n\n<p><span class=\"has-inline-color has-black-color\"><strong>Jetson One, o eVTOL que todo mundo pode dirigir<br><\/strong><\/span>O Jetson One \u00e9 <a href=\"https:\/\/olhardigital.com.br\/2022\/05\/19\/carros-e-tecnologia\/jetson-one-evtol-quer-ser-um-carro-voador-que-todo-mundo-pode-dirigir-como-no-desenho\/amp\/\" target=\"_blank\" rel=\"noreferrer noopener\">outra aeronave popular<\/a> cujo objetivo \u00e9 \u201clevar o poder do voo\u201d para todos. Inspirado no cl\u00e1ssico animado com o mesmo nome, o modelo lembra um pouco o carro bolha dos Jetsons. A sueca Jetson Aero come\u00e7ou a trabalhar no projeto em 2017 e lan\u00e7ou o ve\u00edculo oficialmente em outubro do ano passado. <\/p>\n\n\n\n<div class=\"wp-block-image\"><figure class=\"aligncenter size-large\"><img loading=\"lazy\" decoding=\"async\" width=\"300\" height=\"250\" src=\"https:\/\/jornalfatosenoticias.com.br\/wp-content\/uploads\/2022\/08\/arte-Casarao.jpg\" alt=\"\" class=\"wp-image-33178\"\/><\/figure><\/div>\n\n\n\n<p>O CEO da empresa, Tomasz Patan, <a href=\"https:\/\/olhardigital.com.br\/2022\/06\/21\/carros-e-tecnologia\/primeira-viagem-completa-do-evtol-jetson-one-e-realizada-e-gerou-88-de-economia-no-tempo-assista\/amp\/\" target=\"_blank\" rel=\"noreferrer noopener\">chegou a voar de casa para o trabalho<\/a> com o ve\u00edculo el\u00e9trico de pouso e decolagem vertical.<\/p>\n\n\n\n<div class=\"wp-block-image\"><figure class=\"aligncenter size-large\"><img loading=\"lazy\" decoding=\"async\" width=\"1000\" height=\"709\" src=\"https:\/\/jornalfatosenoticias.com.br\/wp-content\/uploads\/2022\/12\/cartao-ano-novo.jpg\" alt=\"\" class=\"wp-image-37231\" srcset=\"https:\/\/jornalfatosenoticias.com.br\/wp-content\/uploads\/2022\/12\/cartao-ano-novo.jpg 1000w, https:\/\/jornalfatosenoticias.com.br\/wp-content\/uploads\/2022\/12\/cartao-ano-novo-300x213.jpg 300w, https:\/\/jornalfatosenoticias.com.br\/wp-content\/uploads\/2022\/12\/cartao-ano-novo-768x545.jpg 768w\" sizes=\"auto, (max-width: 1000px) 100vw, 1000px\" \/><\/figure><\/div>\n\n\n\n<p><strong><em>Fonte: <a href=\"https:\/\/olhardigital.com.br\/2022\/12\/19\/carros-e-tecnologia\/aeronave-eletrica-e-futurista-de-dois-lugares-ganha-vida-em-2023\/amp\/\">Olhar Digital<\/a><\/em><\/strong><\/p>\n","protected":false},"excerpt":{"rendered":"<p>O Axe by SkyFly j\u00e1 est\u00e1 em pr\u00e9-venda pelo equivalente a R$ 965 mil O segmento de aeronaves el\u00e9tricas pessoais est\u00e1 cada vez mais movimentado, com uma lista seleta de modelos pr\u00f3ximos de entrar em produ\u00e7\u00e3o j\u00e1 no pr\u00f3ximo ano. Um deles \u00e9 o Axe, um biposto da fabricante brit\u00e2nica SkyFly Technologies. O ve\u00edculo a\u00e9reo\u00a0\u00e9\u00a0alimentado [&hellip;]<\/p>\n","protected":false},"author":2,"featured_media":37414,"comment_status":"open","ping_status":"open","sticky":false,"template":"","format":"standard","meta":{"footnotes":""},"categories":[9923],"tags":[2429,17585,8151,17584,8724],"class_list":["post-37412","post","type-post","status-publish","format-standard","has-post-thumbnail","hentry","category-mobilidade","tag-aeronave-eletrica","tag-aeronave-eletrica-e-futurista","tag-aeronaves","tag-axe-by-skyfly","tag-evtol"],"yoast_head":"<!-- This site is optimized with the Yoast SEO plugin v26.5 - https:\/\/yoast.com\/wordpress\/plugins\/seo\/ -->\n<title>Aeronave el\u00e9trica e futurista de dois lugares ganha vida em 2023 - Jornal Fatos e Not\u00edcias<\/title>\n<meta name=\"robots\" content=\"index, follow, max-snippet:-1, max-image-preview:large, max-video-preview:-1\" \/>\n<link rel=\"canonical\" href=\"https:\/\/jornalfatosenoticias.com.br\/index.php\/2022\/12\/29\/aeronave-eletrica-e-futurista-de-dois-lugares-ganha-vida-em-2023\/\" \/>\n<meta property=\"og:locale\" content=\"pt_BR\" \/>\n<meta property=\"og:type\" content=\"article\" \/>\n<meta property=\"og:title\" content=\"Aeronave el\u00e9trica e futurista de dois lugares ganha vida em 2023 - Jornal Fatos e Not\u00edcias\" \/>\n<meta property=\"og:description\" content=\"O Axe by SkyFly j\u00e1 est\u00e1 em pr\u00e9-venda pelo equivalente a R$ 965 mil O segmento de aeronaves el\u00e9tricas pessoais est\u00e1 cada vez mais movimentado, com uma lista seleta de modelos pr\u00f3ximos de entrar em produ\u00e7\u00e3o j\u00e1 no pr\u00f3ximo ano. Um deles \u00e9 o Axe, um biposto da fabricante brit\u00e2nica SkyFly Technologies. O ve\u00edculo a\u00e9reo\u00a0\u00e9\u00a0alimentado [&hellip;]\" \/>\n<meta property=\"og:url\" content=\"https:\/\/jornalfatosenoticias.com.br\/index.php\/2022\/12\/29\/aeronave-eletrica-e-futurista-de-dois-lugares-ganha-vida-em-2023\/\" \/>\n<meta property=\"og:site_name\" content=\"Jornal Fatos e Not\u00edcias\" \/>\n<meta property=\"article:published_time\" content=\"2022-12-29T18:28:15+00:00\" \/>\n<meta property=\"article:modified_time\" content=\"2022-12-29T18:28:17+00:00\" \/>\n<meta property=\"og:image\" content=\"https:\/\/jornalfatosenoticias.com.br\/wp-content\/uploads\/2022\/12\/axe-evtol-1.jpg\" \/>\n\t<meta property=\"og:image:width\" content=\"1000\" \/>\n\t<meta property=\"og:image:height\" content=\"564\" \/>\n\t<meta property=\"og:image:type\" content=\"image\/jpeg\" \/>\n<meta name=\"author\" content=\"Luzimara Fernandes\" \/>\n<meta name=\"twitter:card\" content=\"summary_large_image\" \/>\n<meta name=\"twitter:label1\" content=\"Escrito por\" \/>\n\t<meta name=\"twitter:data1\" content=\"Luzimara Fernandes\" \/>\n\t<meta name=\"twitter:label2\" content=\"Est. tempo de leitura\" \/>\n\t<meta name=\"twitter:data2\" content=\"2 minutos\" \/>\n<script type=\"application\/ld+json\" class=\"yoast-schema-graph\">{\"@context\":\"https:\/\/schema.org\",\"@graph\":[{\"@type\":\"Article\",\"@id\":\"https:\/\/jornalfatosenoticias.com.br\/index.php\/2022\/12\/29\/aeronave-eletrica-e-futurista-de-dois-lugares-ganha-vida-em-2023\/#article\",\"isPartOf\":{\"@id\":\"https:\/\/jornalfatosenoticias.com.br\/index.php\/2022\/12\/29\/aeronave-eletrica-e-futurista-de-dois-lugares-ganha-vida-em-2023\/\"},\"author\":{\"name\":\"Luzimara Fernandes\",\"@id\":\"https:\/\/jornalfatosenoticias.com.br\/#\/schema\/person\/d63837fa13ac8666eb9e74e0985d6f81\"},\"headline\":\"Aeronave el\u00e9trica e futurista de dois lugares ganha vida em 2023\",\"datePublished\":\"2022-12-29T18:28:15+00:00\",\"dateModified\":\"2022-12-29T18:28:17+00:00\",\"mainEntityOfPage\":{\"@id\":\"https:\/\/jornalfatosenoticias.com.br\/index.php\/2022\/12\/29\/aeronave-eletrica-e-futurista-de-dois-lugares-ganha-vida-em-2023\/\"},\"wordCount\":385,\"commentCount\":0,\"publisher\":{\"@id\":\"https:\/\/jornalfatosenoticias.com.br\/#organization\"},\"image\":{\"@id\":\"https:\/\/jornalfatosenoticias.com.br\/index.php\/2022\/12\/29\/aeronave-eletrica-e-futurista-de-dois-lugares-ganha-vida-em-2023\/#primaryimage\"},\"thumbnailUrl\":\"https:\/\/jornalfatosenoticias.com.br\/wp-content\/uploads\/2022\/12\/axe-evtol-1.jpg\",\"keywords\":[\"aeronave el\u00e9trica\",\"aeronave el\u00e9trica e futurista\",\"aeronaves\",\"Axe by SkyFly\",\"eVTOL\"],\"articleSection\":[\"Mobilidade\"],\"inLanguage\":\"pt-BR\",\"potentialAction\":[{\"@type\":\"CommentAction\",\"name\":\"Comment\",\"target\":[\"https:\/\/jornalfatosenoticias.com.br\/index.php\/2022\/12\/29\/aeronave-eletrica-e-futurista-de-dois-lugares-ganha-vida-em-2023\/#respond\"]}]},{\"@type\":\"WebPage\",\"@id\":\"https:\/\/jornalfatosenoticias.com.br\/index.php\/2022\/12\/29\/aeronave-eletrica-e-futurista-de-dois-lugares-ganha-vida-em-2023\/\",\"url\":\"https:\/\/jornalfatosenoticias.com.br\/index.php\/2022\/12\/29\/aeronave-eletrica-e-futurista-de-dois-lugares-ganha-vida-em-2023\/\",\"name\":\"Aeronave el\u00e9trica e futurista de dois lugares ganha vida em 2023 - Jornal Fatos e Not\u00edcias\",\"isPartOf\":{\"@id\":\"https:\/\/jornalfatosenoticias.com.br\/#website\"},\"primaryImageOfPage\":{\"@id\":\"https:\/\/jornalfatosenoticias.com.br\/index.php\/2022\/12\/29\/aeronave-eletrica-e-futurista-de-dois-lugares-ganha-vida-em-2023\/#primaryimage\"},\"image\":{\"@id\":\"https:\/\/jornalfatosenoticias.com.br\/index.php\/2022\/12\/29\/aeronave-eletrica-e-futurista-de-dois-lugares-ganha-vida-em-2023\/#primaryimage\"},\"thumbnailUrl\":\"https:\/\/jornalfatosenoticias.com.br\/wp-content\/uploads\/2022\/12\/axe-evtol-1.jpg\",\"datePublished\":\"2022-12-29T18:28:15+00:00\",\"dateModified\":\"2022-12-29T18:28:17+00:00\",\"breadcrumb\":{\"@id\":\"https:\/\/jornalfatosenoticias.com.br\/index.php\/2022\/12\/29\/aeronave-eletrica-e-futurista-de-dois-lugares-ganha-vida-em-2023\/#breadcrumb\"},\"inLanguage\":\"pt-BR\",\"potentialAction\":[{\"@type\":\"ReadAction\",\"target\":[\"https:\/\/jornalfatosenoticias.com.br\/index.php\/2022\/12\/29\/aeronave-eletrica-e-futurista-de-dois-lugares-ganha-vida-em-2023\/\"]}]},{\"@type\":\"ImageObject\",\"inLanguage\":\"pt-BR\",\"@id\":\"https:\/\/jornalfatosenoticias.com.br\/index.php\/2022\/12\/29\/aeronave-eletrica-e-futurista-de-dois-lugares-ganha-vida-em-2023\/#primaryimage\",\"url\":\"https:\/\/jornalfatosenoticias.com.br\/wp-content\/uploads\/2022\/12\/axe-evtol-1.jpg\",\"contentUrl\":\"https:\/\/jornalfatosenoticias.com.br\/wp-content\/uploads\/2022\/12\/axe-evtol-1.jpg\",\"width\":1000,\"height\":564},{\"@type\":\"BreadcrumbList\",\"@id\":\"https:\/\/jornalfatosenoticias.com.br\/index.php\/2022\/12\/29\/aeronave-eletrica-e-futurista-de-dois-lugares-ganha-vida-em-2023\/#breadcrumb\",\"itemListElement\":[{\"@type\":\"ListItem\",\"position\":1,\"name\":\"In\u00edcio\",\"item\":\"https:\/\/jornalfatosenoticias.com.br\/\"},{\"@type\":\"ListItem\",\"position\":2,\"name\":\"Aeronave el\u00e9trica e futurista de dois lugares ganha vida em 2023\"}]},{\"@type\":\"WebSite\",\"@id\":\"https:\/\/jornalfatosenoticias.com.br\/#website\",\"url\":\"https:\/\/jornalfatosenoticias.com.br\/\",\"name\":\"Jornal Fatos e Not\u00edcias\",\"description\":\"Not\u00edcias em geral\",\"publisher\":{\"@id\":\"https:\/\/jornalfatosenoticias.com.br\/#organization\"},\"potentialAction\":[{\"@type\":\"SearchAction\",\"target\":{\"@type\":\"EntryPoint\",\"urlTemplate\":\"https:\/\/jornalfatosenoticias.com.br\/?s={search_term_string}\"},\"query-input\":{\"@type\":\"PropertyValueSpecification\",\"valueRequired\":true,\"valueName\":\"search_term_string\"}}],\"inLanguage\":\"pt-BR\"},{\"@type\":\"Organization\",\"@id\":\"https:\/\/jornalfatosenoticias.com.br\/#organization\",\"name\":\"Jornal Fatos e Not\u00edcias\",\"url\":\"https:\/\/jornalfatosenoticias.com.br\/\",\"logo\":{\"@type\":\"ImageObject\",\"inLanguage\":\"pt-BR\",\"@id\":\"https:\/\/jornalfatosenoticias.com.br\/#\/schema\/logo\/image\/\",\"url\":\"https:\/\/jornalfatosenoticias.com.br\/wp-content\/uploads\/2020\/02\/logo120.png\",\"contentUrl\":\"https:\/\/jornalfatosenoticias.com.br\/wp-content\/uploads\/2020\/02\/logo120.png\",\"width\":1227,\"height\":120,\"caption\":\"Jornal Fatos e Not\u00edcias\"},\"image\":{\"@id\":\"https:\/\/jornalfatosenoticias.com.br\/#\/schema\/logo\/image\/\"}},{\"@type\":\"Person\",\"@id\":\"https:\/\/jornalfatosenoticias.com.br\/#\/schema\/person\/d63837fa13ac8666eb9e74e0985d6f81\",\"name\":\"Luzimara Fernandes\",\"image\":{\"@type\":\"ImageObject\",\"inLanguage\":\"pt-BR\",\"@id\":\"https:\/\/jornalfatosenoticias.com.br\/#\/schema\/person\/image\/\",\"url\":\"https:\/\/jornalfatosenoticias.com.br\/wp-content\/uploads\/2025\/05\/EU_portal.jpg\",\"contentUrl\":\"https:\/\/jornalfatosenoticias.com.br\/wp-content\/uploads\/2025\/05\/EU_portal.jpg\",\"caption\":\"Luzimara Fernandes\"},\"description\":\"Jornalista MTB 2358-ES\",\"sameAs\":[\"https:\/\/jornalfatosenoticias.com.br\"],\"url\":\"https:\/\/jornalfatosenoticias.com.br\/index.php\/author\/luzimara\/\"}]}<\/script>\n<!-- \/ Yoast SEO plugin. -->","yoast_head_json":{"title":"Aeronave el\u00e9trica e futurista de dois lugares ganha vida em 2023 - Jornal Fatos e Not\u00edcias","robots":{"index":"index","follow":"follow","max-snippet":"max-snippet:-1","max-image-preview":"max-image-preview:large","max-video-preview":"max-video-preview:-1"},"canonical":"https:\/\/jornalfatosenoticias.com.br\/index.php\/2022\/12\/29\/aeronave-eletrica-e-futurista-de-dois-lugares-ganha-vida-em-2023\/","og_locale":"pt_BR","og_type":"article","og_title":"Aeronave el\u00e9trica e futurista de dois lugares ganha vida em 2023 - Jornal Fatos e Not\u00edcias","og_description":"O Axe by SkyFly j\u00e1 est\u00e1 em pr\u00e9-venda pelo equivalente a R$ 965 mil O segmento de aeronaves el\u00e9tricas pessoais est\u00e1 cada vez mais movimentado, com uma lista seleta de modelos pr\u00f3ximos de entrar em produ\u00e7\u00e3o j\u00e1 no pr\u00f3ximo ano. Um deles \u00e9 o Axe, um biposto da fabricante brit\u00e2nica SkyFly Technologies. O ve\u00edculo a\u00e9reo\u00a0\u00e9\u00a0alimentado [&hellip;]","og_url":"https:\/\/jornalfatosenoticias.com.br\/index.php\/2022\/12\/29\/aeronave-eletrica-e-futurista-de-dois-lugares-ganha-vida-em-2023\/","og_site_name":"Jornal Fatos e Not\u00edcias","article_published_time":"2022-12-29T18:28:15+00:00","article_modified_time":"2022-12-29T18:28:17+00:00","og_image":[{"width":1000,"height":564,"url":"https:\/\/jornalfatosenoticias.com.br\/wp-content\/uploads\/2022\/12\/axe-evtol-1.jpg","type":"image\/jpeg"}],"author":"Luzimara Fernandes","twitter_card":"summary_large_image","twitter_misc":{"Escrito por":"Luzimara Fernandes","Est. tempo de leitura":"2 minutos"},"schema":{"@context":"https:\/\/schema.org","@graph":[{"@type":"Article","@id":"https:\/\/jornalfatosenoticias.com.br\/index.php\/2022\/12\/29\/aeronave-eletrica-e-futurista-de-dois-lugares-ganha-vida-em-2023\/#article","isPartOf":{"@id":"https:\/\/jornalfatosenoticias.com.br\/index.php\/2022\/12\/29\/aeronave-eletrica-e-futurista-de-dois-lugares-ganha-vida-em-2023\/"},"author":{"name":"Luzimara Fernandes","@id":"https:\/\/jornalfatosenoticias.com.br\/#\/schema\/person\/d63837fa13ac8666eb9e74e0985d6f81"},"headline":"Aeronave el\u00e9trica e futurista de dois lugares ganha vida em 2023","datePublished":"2022-12-29T18:28:15+00:00","dateModified":"2022-12-29T18:28:17+00:00","mainEntityOfPage":{"@id":"https:\/\/jornalfatosenoticias.com.br\/index.php\/2022\/12\/29\/aeronave-eletrica-e-futurista-de-dois-lugares-ganha-vida-em-2023\/"},"wordCount":385,"commentCount":0,"publisher":{"@id":"https:\/\/jornalfatosenoticias.com.br\/#organization"},"image":{"@id":"https:\/\/jornalfatosenoticias.com.br\/index.php\/2022\/12\/29\/aeronave-eletrica-e-futurista-de-dois-lugares-ganha-vida-em-2023\/#primaryimage"},"thumbnailUrl":"https:\/\/jornalfatosenoticias.com.br\/wp-content\/uploads\/2022\/12\/axe-evtol-1.jpg","keywords":["aeronave el\u00e9trica","aeronave el\u00e9trica e futurista","aeronaves","Axe by SkyFly","eVTOL"],"articleSection":["Mobilidade"],"inLanguage":"pt-BR","potentialAction":[{"@type":"CommentAction","name":"Comment","target":["https:\/\/jornalfatosenoticias.com.br\/index.php\/2022\/12\/29\/aeronave-eletrica-e-futurista-de-dois-lugares-ganha-vida-em-2023\/#respond"]}]},{"@type":"WebPage","@id":"https:\/\/jornalfatosenoticias.com.br\/index.php\/2022\/12\/29\/aeronave-eletrica-e-futurista-de-dois-lugares-ganha-vida-em-2023\/","url":"https:\/\/jornalfatosenoticias.com.br\/index.php\/2022\/12\/29\/aeronave-eletrica-e-futurista-de-dois-lugares-ganha-vida-em-2023\/","name":"Aeronave el\u00e9trica e futurista de dois lugares ganha vida em 2023 - Jornal Fatos e Not\u00edcias","isPartOf":{"@id":"https:\/\/jornalfatosenoticias.com.br\/#website"},"primaryImageOfPage":{"@id":"https:\/\/jornalfatosenoticias.com.br\/index.php\/2022\/12\/29\/aeronave-eletrica-e-futurista-de-dois-lugares-ganha-vida-em-2023\/#primaryimage"},"image":{"@id":"https:\/\/jornalfatosenoticias.com.br\/index.php\/2022\/12\/29\/aeronave-eletrica-e-futurista-de-dois-lugares-ganha-vida-em-2023\/#primaryimage"},"thumbnailUrl":"https:\/\/jornalfatosenoticias.com.br\/wp-content\/uploads\/2022\/12\/axe-evtol-1.jpg","datePublished":"2022-12-29T18:28:15+00:00","dateModified":"2022-12-29T18:28:17+00:00","breadcrumb":{"@id":"https:\/\/jornalfatosenoticias.com.br\/index.php\/2022\/12\/29\/aeronave-eletrica-e-futurista-de-dois-lugares-ganha-vida-em-2023\/#breadcrumb"},"inLanguage":"pt-BR","potentialAction":[{"@type":"ReadAction","target":["https:\/\/jornalfatosenoticias.com.br\/index.php\/2022\/12\/29\/aeronave-eletrica-e-futurista-de-dois-lugares-ganha-vida-em-2023\/"]}]},{"@type":"ImageObject","inLanguage":"pt-BR","@id":"https:\/\/jornalfatosenoticias.com.br\/index.php\/2022\/12\/29\/aeronave-eletrica-e-futurista-de-dois-lugares-ganha-vida-em-2023\/#primaryimage","url":"https:\/\/jornalfatosenoticias.com.br\/wp-content\/uploads\/2022\/12\/axe-evtol-1.jpg","contentUrl":"https:\/\/jornalfatosenoticias.com.br\/wp-content\/uploads\/2022\/12\/axe-evtol-1.jpg","width":1000,"height":564},{"@type":"BreadcrumbList","@id":"https:\/\/jornalfatosenoticias.com.br\/index.php\/2022\/12\/29\/aeronave-eletrica-e-futurista-de-dois-lugares-ganha-vida-em-2023\/#breadcrumb","itemListElement":[{"@type":"ListItem","position":1,"name":"In\u00edcio","item":"https:\/\/jornalfatosenoticias.com.br\/"},{"@type":"ListItem","position":2,"name":"Aeronave el\u00e9trica e futurista de dois lugares ganha vida em 2023"}]},{"@type":"WebSite","@id":"https:\/\/jornalfatosenoticias.com.br\/#website","url":"https:\/\/jornalfatosenoticias.com.br\/","name":"Jornal Fatos e Not\u00edcias","description":"Not\u00edcias em geral","publisher":{"@id":"https:\/\/jornalfatosenoticias.com.br\/#organization"},"potentialAction":[{"@type":"SearchAction","target":{"@type":"EntryPoint","urlTemplate":"https:\/\/jornalfatosenoticias.com.br\/?s={search_term_string}"},"query-input":{"@type":"PropertyValueSpecification","valueRequired":true,"valueName":"search_term_string"}}],"inLanguage":"pt-BR"},{"@type":"Organization","@id":"https:\/\/jornalfatosenoticias.com.br\/#organization","name":"Jornal Fatos e Not\u00edcias","url":"https:\/\/jornalfatosenoticias.com.br\/","logo":{"@type":"ImageObject","inLanguage":"pt-BR","@id":"https:\/\/jornalfatosenoticias.com.br\/#\/schema\/logo\/image\/","url":"https:\/\/jornalfatosenoticias.com.br\/wp-content\/uploads\/2020\/02\/logo120.png","contentUrl":"https:\/\/jornalfatosenoticias.com.br\/wp-content\/uploads\/2020\/02\/logo120.png","width":1227,"height":120,"caption":"Jornal Fatos e Not\u00edcias"},"image":{"@id":"https:\/\/jornalfatosenoticias.com.br\/#\/schema\/logo\/image\/"}},{"@type":"Person","@id":"https:\/\/jornalfatosenoticias.com.br\/#\/schema\/person\/d63837fa13ac8666eb9e74e0985d6f81","name":"Luzimara Fernandes","image":{"@type":"ImageObject","inLanguage":"pt-BR","@id":"https:\/\/jornalfatosenoticias.com.br\/#\/schema\/person\/image\/","url":"https:\/\/jornalfatosenoticias.com.br\/wp-content\/uploads\/2025\/05\/EU_portal.jpg","contentUrl":"https:\/\/jornalfatosenoticias.com.br\/wp-content\/uploads\/2025\/05\/EU_portal.jpg","caption":"Luzimara Fernandes"},"description":"Jornalista MTB 2358-ES","sameAs":["https:\/\/jornalfatosenoticias.com.br"],"url":"https:\/\/jornalfatosenoticias.com.br\/index.php\/author\/luzimara\/"}]}},"cc_featured_image_caption":{"caption_text":"(Foto: SkyFly Technologies\/Divulga\u00e7\u00e3o) ","source_text":"","source_url":""},"jetpack_featured_media_url":"https:\/\/jornalfatosenoticias.com.br\/wp-content\/uploads\/2022\/12\/axe-evtol-1.jpg","_links":{"self":[{"href":"https:\/\/jornalfatosenoticias.com.br\/index.php\/wp-json\/wp\/v2\/posts\/37412","targetHints":{"allow":["GET"]}}],"collection":[{"href":"https:\/\/jornalfatosenoticias.com.br\/index.php\/wp-json\/wp\/v2\/posts"}],"about":[{"href":"https:\/\/jornalfatosenoticias.com.br\/index.php\/wp-json\/wp\/v2\/types\/post"}],"author":[{"embeddable":true,"href":"https:\/\/jornalfatosenoticias.com.br\/index.php\/wp-json\/wp\/v2\/users\/2"}],"replies":[{"embeddable":true,"href":"https:\/\/jornalfatosenoticias.com.br\/index.php\/wp-json\/wp\/v2\/comments?post=37412"}],"version-history":[{"count":0,"href":"https:\/\/jornalfatosenoticias.com.br\/index.php\/wp-json\/wp\/v2\/posts\/37412\/revisions"}],"wp:featuredmedia":[{"embeddable":true,"href":"https:\/\/jornalfatosenoticias.com.br\/index.php\/wp-json\/wp\/v2\/media\/37414"}],"wp:attachment":[{"href":"https:\/\/jornalfatosenoticias.com.br\/index.php\/wp-json\/wp\/v2\/media?parent=37412"}],"wp:term":[{"taxonomy":"category","embeddable":true,"href":"https:\/\/jornalfatosenoticias.com.br\/index.php\/wp-json\/wp\/v2\/categories?post=37412"},{"taxonomy":"post_tag","embeddable":true,"href":"https:\/\/jornalfatosenoticias.com.br\/index.php\/wp-json\/wp\/v2\/tags?post=37412"}],"curies":[{"name":"wp","href":"https:\/\/api.w.org\/{rel}","templated":true}]}}