{"id":37416,"date":"2022-12-29T15:38:17","date_gmt":"2022-12-29T18:38:17","guid":{"rendered":"https:\/\/jornalfatosenoticias.com.br\/?p=37416"},"modified":"2022-12-29T15:38:18","modified_gmt":"2022-12-29T18:38:18","slug":"biblioteca-itinerante-leva-historias-de-personagens-negras-infantis","status":"publish","type":"post","link":"https:\/\/jornalfatosenoticias.com.br\/index.php\/2022\/12\/29\/biblioteca-itinerante-leva-historias-de-personagens-negras-infantis\/","title":{"rendered":"Biblioteca itinerante leva hist\u00f3rias de personagens negras infantis"},"content":{"rendered":"\n<p><em><span class=\"has-inline-color has-black-color\">Projeto SacoL\u00ea empresta kits com 10 livros para professores, crian\u00e7as e familiares<\/span><\/em><\/p>\n\n\n\n<div class=\"wp-block-image\"><figure class=\"aligncenter size-large\"><img decoding=\"async\" src=\"https:\/\/jornalfatosenoticias.com.br\/wp-content\/uploads\/2020\/02\/Serra-Grande-1024x160.png\" alt=\"\" class=\"wp-image-7836\"\/><\/figure><\/div>\n\n\n\n<p>Uma pequena biblioteca itinerante com livros infantis que trazem em suas hist\u00f3rias personagens negras em destaque, esse \u00e9 o projeto SacoL\u00ea, criado pelo grupo de leitura N\u00f3s no Mundo em parceria com a pesquisadora da Universidade Federal de S\u00e3o Carlos (UFSCar) Ayodele Floriano Silva. A iniciativa empresta kits com 10 livros para professores, crian\u00e7as e seus familiares.<\/p>\n\n\n\n<div class=\"wp-block-image\"><figure class=\"aligncenter size-large is-resized\"><img loading=\"lazy\" decoding=\"async\" src=\"https:\/\/jornalfatosenoticias.com.br\/wp-content\/uploads\/2020\/02\/logo-clinica-limoeiro.jpg\" alt=\"\" class=\"wp-image-34610\" width=\"248\" height=\"176\"\/><\/figure><\/div>\n\n\n\n<figure class=\"wp-block-pullquote\"><blockquote><p><span class=\"has-inline-color has-luminous-vivid-orange-color\">A circula\u00e7\u00e3o dos SacoL\u00eas tem sido muito satisfat\u00f3ria para a leitura deste tipo de conte\u00fado ser cada vez mais presente na vida das crian\u00e7as, sobretudo em ambientes escolar e familiar. \u00c9 muito importante que as crian\u00e7as de todos os pertencimentos \u00e9tnico-raciais vejam personagens negras representadas de modo positivo, assim como \u00e9 essencial que a cultura africana e afro-brasileira seja apresentada de maneira culturalmente rica, sem os estere\u00f3tipos e preconceitos comuns da nossa sociedade\u201d, pontua Ayodele Floriano.<\/span><\/p><\/blockquote><\/figure>\n\n\n\n<div class=\"wp-block-image\"><figure class=\"alignleft size-large\"><img decoding=\"async\" src=\"https:\/\/jornalfatosenoticias.com.br\/wp-content\/uploads\/2020\/02\/logo_esteio.jpg\" alt=\"\" class=\"wp-image-1214\"\/><\/figure><\/div>\n\n\n\n<p>O acervo conta com 80 t\u00edtulos e foi selecionado a partir das indica\u00e7\u00f5es e reflex\u00f5es presentes na pesquisa de mestrado Personagens negras infantis: retalhos de hist\u00f3rias, desenvolvida por Ayodele no programa de p\u00f3s-gradua\u00e7\u00e3o em educa\u00e7\u00e3o da UFSCar. No estudo, ela identificou nos livros padr\u00f5es de enfrentamento ao racismo por meio da valoriza\u00e7\u00e3o est\u00e9tica e da cultura afro.<br>A pesquisadora considerou o espa\u00e7o no qual as personagens estavam, as intera\u00e7\u00f5es com familiares, com outras personagens infantis, seres da natureza, seres m\u00edticos e imagin\u00e1rios. <\/p>\n\n\n\n<div class=\"wp-block-image\"><figure class=\"aligncenter size-large is-resized\"><img loading=\"lazy\" decoding=\"async\" src=\"https:\/\/jornalfatosenoticias.com.br\/wp-content\/uploads\/2020\/02\/logo-Panper_portal.jpg\" alt=\"\" class=\"wp-image-34474\" width=\"271\" height=\"188\" srcset=\"https:\/\/jornalfatosenoticias.com.br\/wp-content\/uploads\/2020\/02\/logo-Panper_portal.jpg 400w, https:\/\/jornalfatosenoticias.com.br\/wp-content\/uploads\/2020\/02\/logo-Panper_portal-300x208.jpg 300w\" sizes=\"auto, (max-width: 271px) 100vw, 271px\" \/><\/figure><\/div>\n\n\n\n<figure class=\"wp-block-pullquote\"><blockquote><p><span class=\"has-inline-color has-luminous-vivid-orange-color\">Pudemos ver situa\u00e7\u00f5es e experi\u00eancias comuns a qualquer crian\u00e7a, como medo do escuro, por exemplo, que \u00e9 algo que pode ser vivenciado por personagens infantis de diferentes pertencimentos \u00e9tnico-raciais. Mas vimos tamb\u00e9m experi\u00eancias relacionadas ao pertencimento racial das personagens. Este segundo padr\u00e3o se relaciona com as experi\u00eancias ligadas ao racismo, que atinge diretamente as personagens infantis negras, e \u00e0 negritude, como enfrentamento a essa forma de viol\u00eancia com a valoriza\u00e7\u00e3o da est\u00e9tica e da cultura negra\u201d, menciona.<\/span><\/p><\/blockquote><\/figure>\n\n\n\n<div class=\"wp-block-image\"><figure class=\"alignright size-large\"><img loading=\"lazy\" decoding=\"async\" width=\"1024\" height=\"99\" src=\"https:\/\/jornalfatosenoticias.com.br\/wp-content\/uploads\/2020\/02\/Logo-Mizu-segunda-2-1024x99.png\" alt=\"\" class=\"wp-image-2353\" srcset=\"https:\/\/jornalfatosenoticias.com.br\/wp-content\/uploads\/2020\/02\/Logo-Mizu-segunda-2-1024x99.png 1024w, https:\/\/jornalfatosenoticias.com.br\/wp-content\/uploads\/2020\/02\/Logo-Mizu-segunda-2-300x29.png 300w, https:\/\/jornalfatosenoticias.com.br\/wp-content\/uploads\/2020\/02\/Logo-Mizu-segunda-2-768x74.png 768w, https:\/\/jornalfatosenoticias.com.br\/wp-content\/uploads\/2020\/02\/Logo-Mizu-segunda-2.png 1240w\" sizes=\"auto, (max-width: 1024px) 100vw, 1024px\" \/><\/figure><\/div>\n\n\n\n<p>A literatura, como reflexo da sociedade, excluiu ou tratou a popula\u00e7\u00e3o negra de forma diferenciada ao longo de muitos anos na hist\u00f3ria do Brasil. At\u00e9 1920, personagens negras praticamente n\u00e3o apareciam nas p\u00e1ginas dos livros publicados. Com o passar dos anos, essa presen\u00e7a foi se tornando mais comum, por\u00e9m sempre associada \u00e0 condi\u00e7\u00e3o de escravid\u00e3o, pobreza, viol\u00eancia e subalternidade, ou ainda trazendo a cor negra relacionada \u00e0 maldade ou \u00e0 falta de beleza.<\/p>\n\n\n\n<div class=\"wp-block-image\"><figure class=\"aligncenter size-large is-resized\"><img loading=\"lazy\" decoding=\"async\" src=\"https:\/\/jornalfatosenoticias.com.br\/wp-content\/uploads\/2022\/10\/Arte-jornal-Zucchi-600x600_Prancheta-1-1024x1024.jpg\" alt=\"\" class=\"wp-image-34782\" width=\"266\" height=\"266\" srcset=\"https:\/\/jornalfatosenoticias.com.br\/wp-content\/uploads\/2022\/10\/Arte-jornal-Zucchi-600x600_Prancheta-1-1024x1024.jpg 1024w, https:\/\/jornalfatosenoticias.com.br\/wp-content\/uploads\/2022\/10\/Arte-jornal-Zucchi-600x600_Prancheta-1-300x300.jpg 300w, https:\/\/jornalfatosenoticias.com.br\/wp-content\/uploads\/2022\/10\/Arte-jornal-Zucchi-600x600_Prancheta-1-150x150.jpg 150w, https:\/\/jornalfatosenoticias.com.br\/wp-content\/uploads\/2022\/10\/Arte-jornal-Zucchi-600x600_Prancheta-1-768x768.jpg 768w, https:\/\/jornalfatosenoticias.com.br\/wp-content\/uploads\/2022\/10\/Arte-jornal-Zucchi-600x600_Prancheta-1.jpg 1250w\" sizes=\"auto, (max-width: 266px) 100vw, 266px\" \/><\/figure><\/div>\n\n\n\n<p>Tais fatos levaram gera\u00e7\u00f5es de crian\u00e7as negras a crescerem sem representatividade positiva, enquanto isso, crian\u00e7as n\u00e3o negras recebiam uma interpreta\u00e7\u00e3o negativa ou equivocada da popula\u00e7\u00e3o negra. A partir da d\u00e9cada de 80, a invisibiliza\u00e7\u00e3o come\u00e7ou a diminuir e personagens negras passaram a ter mais destaque nas publica\u00e7\u00f5es, ainda de forma sub-representada.<\/p>\n\n\n\n<div class=\"wp-block-image\"><figure class=\"aligncenter size-large\"><img loading=\"lazy\" decoding=\"async\" width=\"1024\" height=\"100\" src=\"https:\/\/jornalfatosenoticias.com.br\/wp-content\/uploads\/2022\/05\/NOVA-LOGO-CESCONETTO-1024x100.jpg\" alt=\"\" class=\"wp-image-30792\" srcset=\"https:\/\/jornalfatosenoticias.com.br\/wp-content\/uploads\/2022\/05\/NOVA-LOGO-CESCONETTO-1024x100.jpg 1024w, https:\/\/jornalfatosenoticias.com.br\/wp-content\/uploads\/2022\/05\/NOVA-LOGO-CESCONETTO-300x29.jpg 300w, https:\/\/jornalfatosenoticias.com.br\/wp-content\/uploads\/2022\/05\/NOVA-LOGO-CESCONETTO-768x75.jpg 768w, https:\/\/jornalfatosenoticias.com.br\/wp-content\/uploads\/2022\/05\/NOVA-LOGO-CESCONETTO.jpg 1280w\" sizes=\"auto, (max-width: 1024px) 100vw, 1024px\" \/><\/figure><\/div>\n\n\n\n<p>Com o incentivo \u00e0s pol\u00edticas de valoriza\u00e7\u00e3o da popula\u00e7\u00e3o negra, promovidas nas \u00faltimas d\u00e9cadas, alguns avan\u00e7os na representatividade negra em livros infantis foram registrados. Hoje, a ind\u00fastria editorial tem dedicado mais aten\u00e7\u00e3o a esse p\u00fablico, com a valoriza\u00e7\u00e3o dessa cultura. Yodele defende que a literatura ajuda crian\u00e7as e adultos de todos os pertencimentos \u00e9tnico-raciais a refletirem sobre as contribui\u00e7\u00f5es da popula\u00e7\u00e3o negra para a sociedade brasileira. <\/p>\n\n\n\n<div class=\"wp-block-image\"><figure class=\"aligncenter size-large is-resized\"><img loading=\"lazy\" decoding=\"async\" src=\"https:\/\/jornalfatosenoticias.com.br\/wp-content\/uploads\/2022\/02\/Precisao-Contabilidade-1024x724.jpg\" alt=\"\" class=\"wp-image-28088\" width=\"255\" height=\"180\"\/><\/figure><\/div>\n\n\n\n<figure class=\"wp-block-pullquote\"><blockquote><p><span class=\"has-inline-color has-luminous-vivid-orange-color\">Desmistificar uma suposta superioridade do branco sobre o negro \u00e9 importante para que todos e todas as crian\u00e7as cres\u00e7am na dire\u00e7\u00e3o da supera\u00e7\u00e3o do racismo na sociedade brasileira\u201d, completa a pesquisadora.<\/span><\/p><\/blockquote><\/figure>\n\n\n\n<div class=\"wp-block-image\"><figure class=\"aligncenter size-large is-resized\"><img loading=\"lazy\" decoding=\"async\" src=\"https:\/\/jornalfatosenoticias.com.br\/wp-content\/uploads\/2022\/08\/logo-locau-veiculos-1024x573.png\" alt=\"\" class=\"wp-image-33078\" width=\"291\" height=\"163\"\/><\/figure><\/div>\n\n\n\n<p>Mais informa\u00e7\u00f5es sobre o projeto SacoL\u00ea podem ser obtidas pelo Instagram\u00a0<a href=\"https:\/\/www.instagram.com\/grupo.nosnomundo\/\" target=\"_blank\" rel=\"noreferrer noopener\">@grupo.nosnomundo<\/a>.<\/p>\n\n\n\n<div class=\"wp-block-image\"><figure class=\"aligncenter size-large\"><img loading=\"lazy\" decoding=\"async\" width=\"1000\" height=\"709\" src=\"https:\/\/jornalfatosenoticias.com.br\/wp-content\/uploads\/2022\/12\/cartao-ano-novo.jpg\" alt=\"\" class=\"wp-image-37231\" srcset=\"https:\/\/jornalfatosenoticias.com.br\/wp-content\/uploads\/2022\/12\/cartao-ano-novo.jpg 1000w, https:\/\/jornalfatosenoticias.com.br\/wp-content\/uploads\/2022\/12\/cartao-ano-novo-300x213.jpg 300w, https:\/\/jornalfatosenoticias.com.br\/wp-content\/uploads\/2022\/12\/cartao-ano-novo-768x545.jpg 768w\" sizes=\"auto, (max-width: 1000px) 100vw, 1000px\" \/><\/figure><\/div>\n\n\n\n<p><strong><em>Fonte: <a href=\"https:\/\/revistaeducacao.com.br\/2022\/12\/23\/biblioteca-itinerante-personagens-negras-infantis\/\">Revista Educa\u00e7\u00e3o<\/a><\/em><\/strong><\/p>\n","protected":false},"excerpt":{"rendered":"<p>Projeto SacoL\u00ea empresta kits com 10 livros para professores, crian\u00e7as e familiares Uma pequena biblioteca itinerante com livros infantis que trazem em suas hist\u00f3rias personagens negras em destaque, esse \u00e9 o projeto SacoL\u00ea, criado pelo grupo de leitura N\u00f3s no Mundo em parceria com a pesquisadora da Universidade Federal de S\u00e3o Carlos (UFSCar) Ayodele Floriano [&hellip;]<\/p>\n","protected":false},"author":2,"featured_media":37417,"comment_status":"open","ping_status":"open","sticky":false,"template":"","format":"standard","meta":{"footnotes":""},"categories":[4,7],"tags":[13578,17589,338,5390,17586,17587,17588],"class_list":["post-37416","post","type-post","status-publish","format-standard","has-post-thumbnail","hentry","category-cultura","category-educacao","tag-biblioteca-itinerante","tag-kits","tag-literatura-infantil","tag-livros","tag-personagens-negras","tag-personagens-negras-infantis","tag-projeto-sacole"],"yoast_head":"<!-- This site is optimized with the Yoast SEO plugin v26.5 - https:\/\/yoast.com\/wordpress\/plugins\/seo\/ -->\n<title>Biblioteca itinerante leva hist\u00f3rias de personagens negras infantis - Jornal Fatos e Not\u00edcias<\/title>\n<meta name=\"robots\" content=\"index, follow, max-snippet:-1, max-image-preview:large, max-video-preview:-1\" \/>\n<link rel=\"canonical\" href=\"https:\/\/jornalfatosenoticias.com.br\/index.php\/2022\/12\/29\/biblioteca-itinerante-leva-historias-de-personagens-negras-infantis\/\" \/>\n<meta property=\"og:locale\" content=\"pt_BR\" \/>\n<meta property=\"og:type\" content=\"article\" \/>\n<meta property=\"og:title\" content=\"Biblioteca itinerante leva hist\u00f3rias de personagens negras infantis - Jornal Fatos e Not\u00edcias\" \/>\n<meta property=\"og:description\" content=\"Projeto SacoL\u00ea empresta kits com 10 livros para professores, crian\u00e7as e familiares Uma pequena biblioteca itinerante com livros infantis que trazem em suas hist\u00f3rias personagens negras em destaque, esse \u00e9 o projeto SacoL\u00ea, criado pelo grupo de leitura N\u00f3s no Mundo em parceria com a pesquisadora da Universidade Federal de S\u00e3o Carlos (UFSCar) Ayodele Floriano [&hellip;]\" \/>\n<meta property=\"og:url\" content=\"https:\/\/jornalfatosenoticias.com.br\/index.php\/2022\/12\/29\/biblioteca-itinerante-leva-historias-de-personagens-negras-infantis\/\" \/>\n<meta property=\"og:site_name\" content=\"Jornal Fatos e Not\u00edcias\" \/>\n<meta property=\"article:published_time\" content=\"2022-12-29T18:38:17+00:00\" \/>\n<meta property=\"article:modified_time\" content=\"2022-12-29T18:38:18+00:00\" \/>\n<meta property=\"og:image\" content=\"https:\/\/jornalfatosenoticias.com.br\/wp-content\/uploads\/2022\/12\/Biblioteca-itinerante.jpg\" \/>\n\t<meta property=\"og:image:width\" content=\"1000\" \/>\n\t<meta property=\"og:image:height\" content=\"559\" \/>\n\t<meta property=\"og:image:type\" content=\"image\/jpeg\" \/>\n<meta name=\"author\" content=\"Luzimara Fernandes\" \/>\n<meta name=\"twitter:card\" content=\"summary_large_image\" \/>\n<meta name=\"twitter:label1\" content=\"Escrito por\" \/>\n\t<meta name=\"twitter:data1\" content=\"Luzimara Fernandes\" \/>\n\t<meta name=\"twitter:label2\" content=\"Est. tempo de leitura\" \/>\n\t<meta name=\"twitter:data2\" content=\"3 minutos\" \/>\n<script type=\"application\/ld+json\" class=\"yoast-schema-graph\">{\"@context\":\"https:\/\/schema.org\",\"@graph\":[{\"@type\":\"Article\",\"@id\":\"https:\/\/jornalfatosenoticias.com.br\/index.php\/2022\/12\/29\/biblioteca-itinerante-leva-historias-de-personagens-negras-infantis\/#article\",\"isPartOf\":{\"@id\":\"https:\/\/jornalfatosenoticias.com.br\/index.php\/2022\/12\/29\/biblioteca-itinerante-leva-historias-de-personagens-negras-infantis\/\"},\"author\":{\"name\":\"Luzimara Fernandes\",\"@id\":\"https:\/\/jornalfatosenoticias.com.br\/#\/schema\/person\/d63837fa13ac8666eb9e74e0985d6f81\"},\"headline\":\"Biblioteca itinerante leva hist\u00f3rias de personagens negras infantis\",\"datePublished\":\"2022-12-29T18:38:17+00:00\",\"dateModified\":\"2022-12-29T18:38:18+00:00\",\"mainEntityOfPage\":{\"@id\":\"https:\/\/jornalfatosenoticias.com.br\/index.php\/2022\/12\/29\/biblioteca-itinerante-leva-historias-de-personagens-negras-infantis\/\"},\"wordCount\":609,\"commentCount\":0,\"publisher\":{\"@id\":\"https:\/\/jornalfatosenoticias.com.br\/#organization\"},\"image\":{\"@id\":\"https:\/\/jornalfatosenoticias.com.br\/index.php\/2022\/12\/29\/biblioteca-itinerante-leva-historias-de-personagens-negras-infantis\/#primaryimage\"},\"thumbnailUrl\":\"https:\/\/jornalfatosenoticias.com.br\/wp-content\/uploads\/2022\/12\/Biblioteca-itinerante.jpg\",\"keywords\":[\"biblioteca itinerante\",\"kits\",\"literatura infantil\",\"livros\",\"personagens negras\",\"personagens negras infantis\",\"Projeto SacoL\u00ea\"],\"articleSection\":[\"Cultura\",\"Educa\u00e7\u00e3o\"],\"inLanguage\":\"pt-BR\",\"potentialAction\":[{\"@type\":\"CommentAction\",\"name\":\"Comment\",\"target\":[\"https:\/\/jornalfatosenoticias.com.br\/index.php\/2022\/12\/29\/biblioteca-itinerante-leva-historias-de-personagens-negras-infantis\/#respond\"]}]},{\"@type\":\"WebPage\",\"@id\":\"https:\/\/jornalfatosenoticias.com.br\/index.php\/2022\/12\/29\/biblioteca-itinerante-leva-historias-de-personagens-negras-infantis\/\",\"url\":\"https:\/\/jornalfatosenoticias.com.br\/index.php\/2022\/12\/29\/biblioteca-itinerante-leva-historias-de-personagens-negras-infantis\/\",\"name\":\"Biblioteca itinerante leva hist\u00f3rias de personagens negras infantis - Jornal Fatos e Not\u00edcias\",\"isPartOf\":{\"@id\":\"https:\/\/jornalfatosenoticias.com.br\/#website\"},\"primaryImageOfPage\":{\"@id\":\"https:\/\/jornalfatosenoticias.com.br\/index.php\/2022\/12\/29\/biblioteca-itinerante-leva-historias-de-personagens-negras-infantis\/#primaryimage\"},\"image\":{\"@id\":\"https:\/\/jornalfatosenoticias.com.br\/index.php\/2022\/12\/29\/biblioteca-itinerante-leva-historias-de-personagens-negras-infantis\/#primaryimage\"},\"thumbnailUrl\":\"https:\/\/jornalfatosenoticias.com.br\/wp-content\/uploads\/2022\/12\/Biblioteca-itinerante.jpg\",\"datePublished\":\"2022-12-29T18:38:17+00:00\",\"dateModified\":\"2022-12-29T18:38:18+00:00\",\"breadcrumb\":{\"@id\":\"https:\/\/jornalfatosenoticias.com.br\/index.php\/2022\/12\/29\/biblioteca-itinerante-leva-historias-de-personagens-negras-infantis\/#breadcrumb\"},\"inLanguage\":\"pt-BR\",\"potentialAction\":[{\"@type\":\"ReadAction\",\"target\":[\"https:\/\/jornalfatosenoticias.com.br\/index.php\/2022\/12\/29\/biblioteca-itinerante-leva-historias-de-personagens-negras-infantis\/\"]}]},{\"@type\":\"ImageObject\",\"inLanguage\":\"pt-BR\",\"@id\":\"https:\/\/jornalfatosenoticias.com.br\/index.php\/2022\/12\/29\/biblioteca-itinerante-leva-historias-de-personagens-negras-infantis\/#primaryimage\",\"url\":\"https:\/\/jornalfatosenoticias.com.br\/wp-content\/uploads\/2022\/12\/Biblioteca-itinerante.jpg\",\"contentUrl\":\"https:\/\/jornalfatosenoticias.com.br\/wp-content\/uploads\/2022\/12\/Biblioteca-itinerante.jpg\",\"width\":1000,\"height\":559},{\"@type\":\"BreadcrumbList\",\"@id\":\"https:\/\/jornalfatosenoticias.com.br\/index.php\/2022\/12\/29\/biblioteca-itinerante-leva-historias-de-personagens-negras-infantis\/#breadcrumb\",\"itemListElement\":[{\"@type\":\"ListItem\",\"position\":1,\"name\":\"In\u00edcio\",\"item\":\"https:\/\/jornalfatosenoticias.com.br\/\"},{\"@type\":\"ListItem\",\"position\":2,\"name\":\"Biblioteca itinerante leva hist\u00f3rias de personagens negras infantis\"}]},{\"@type\":\"WebSite\",\"@id\":\"https:\/\/jornalfatosenoticias.com.br\/#website\",\"url\":\"https:\/\/jornalfatosenoticias.com.br\/\",\"name\":\"Jornal Fatos e Not\u00edcias\",\"description\":\"Not\u00edcias em geral\",\"publisher\":{\"@id\":\"https:\/\/jornalfatosenoticias.com.br\/#organization\"},\"potentialAction\":[{\"@type\":\"SearchAction\",\"target\":{\"@type\":\"EntryPoint\",\"urlTemplate\":\"https:\/\/jornalfatosenoticias.com.br\/?s={search_term_string}\"},\"query-input\":{\"@type\":\"PropertyValueSpecification\",\"valueRequired\":true,\"valueName\":\"search_term_string\"}}],\"inLanguage\":\"pt-BR\"},{\"@type\":\"Organization\",\"@id\":\"https:\/\/jornalfatosenoticias.com.br\/#organization\",\"name\":\"Jornal Fatos e Not\u00edcias\",\"url\":\"https:\/\/jornalfatosenoticias.com.br\/\",\"logo\":{\"@type\":\"ImageObject\",\"inLanguage\":\"pt-BR\",\"@id\":\"https:\/\/jornalfatosenoticias.com.br\/#\/schema\/logo\/image\/\",\"url\":\"https:\/\/jornalfatosenoticias.com.br\/wp-content\/uploads\/2020\/02\/logo120.png\",\"contentUrl\":\"https:\/\/jornalfatosenoticias.com.br\/wp-content\/uploads\/2020\/02\/logo120.png\",\"width\":1227,\"height\":120,\"caption\":\"Jornal Fatos e Not\u00edcias\"},\"image\":{\"@id\":\"https:\/\/jornalfatosenoticias.com.br\/#\/schema\/logo\/image\/\"}},{\"@type\":\"Person\",\"@id\":\"https:\/\/jornalfatosenoticias.com.br\/#\/schema\/person\/d63837fa13ac8666eb9e74e0985d6f81\",\"name\":\"Luzimara Fernandes\",\"image\":{\"@type\":\"ImageObject\",\"inLanguage\":\"pt-BR\",\"@id\":\"https:\/\/jornalfatosenoticias.com.br\/#\/schema\/person\/image\/\",\"url\":\"https:\/\/jornalfatosenoticias.com.br\/wp-content\/uploads\/2025\/05\/EU_portal.jpg\",\"contentUrl\":\"https:\/\/jornalfatosenoticias.com.br\/wp-content\/uploads\/2025\/05\/EU_portal.jpg\",\"caption\":\"Luzimara Fernandes\"},\"description\":\"Jornalista MTB 2358-ES\",\"sameAs\":[\"https:\/\/jornalfatosenoticias.com.br\"],\"url\":\"https:\/\/jornalfatosenoticias.com.br\/index.php\/author\/luzimara\/\"}]}<\/script>\n<!-- \/ Yoast SEO plugin. -->","yoast_head_json":{"title":"Biblioteca itinerante leva hist\u00f3rias de personagens negras infantis - Jornal Fatos e Not\u00edcias","robots":{"index":"index","follow":"follow","max-snippet":"max-snippet:-1","max-image-preview":"max-image-preview:large","max-video-preview":"max-video-preview:-1"},"canonical":"https:\/\/jornalfatosenoticias.com.br\/index.php\/2022\/12\/29\/biblioteca-itinerante-leva-historias-de-personagens-negras-infantis\/","og_locale":"pt_BR","og_type":"article","og_title":"Biblioteca itinerante leva hist\u00f3rias de personagens negras infantis - Jornal Fatos e Not\u00edcias","og_description":"Projeto SacoL\u00ea empresta kits com 10 livros para professores, crian\u00e7as e familiares Uma pequena biblioteca itinerante com livros infantis que trazem em suas hist\u00f3rias personagens negras em destaque, esse \u00e9 o projeto SacoL\u00ea, criado pelo grupo de leitura N\u00f3s no Mundo em parceria com a pesquisadora da Universidade Federal de S\u00e3o Carlos (UFSCar) Ayodele Floriano [&hellip;]","og_url":"https:\/\/jornalfatosenoticias.com.br\/index.php\/2022\/12\/29\/biblioteca-itinerante-leva-historias-de-personagens-negras-infantis\/","og_site_name":"Jornal Fatos e Not\u00edcias","article_published_time":"2022-12-29T18:38:17+00:00","article_modified_time":"2022-12-29T18:38:18+00:00","og_image":[{"width":1000,"height":559,"url":"https:\/\/jornalfatosenoticias.com.br\/wp-content\/uploads\/2022\/12\/Biblioteca-itinerante.jpg","type":"image\/jpeg"}],"author":"Luzimara Fernandes","twitter_card":"summary_large_image","twitter_misc":{"Escrito por":"Luzimara Fernandes","Est. tempo de leitura":"3 minutos"},"schema":{"@context":"https:\/\/schema.org","@graph":[{"@type":"Article","@id":"https:\/\/jornalfatosenoticias.com.br\/index.php\/2022\/12\/29\/biblioteca-itinerante-leva-historias-de-personagens-negras-infantis\/#article","isPartOf":{"@id":"https:\/\/jornalfatosenoticias.com.br\/index.php\/2022\/12\/29\/biblioteca-itinerante-leva-historias-de-personagens-negras-infantis\/"},"author":{"name":"Luzimara Fernandes","@id":"https:\/\/jornalfatosenoticias.com.br\/#\/schema\/person\/d63837fa13ac8666eb9e74e0985d6f81"},"headline":"Biblioteca itinerante leva hist\u00f3rias de personagens negras infantis","datePublished":"2022-12-29T18:38:17+00:00","dateModified":"2022-12-29T18:38:18+00:00","mainEntityOfPage":{"@id":"https:\/\/jornalfatosenoticias.com.br\/index.php\/2022\/12\/29\/biblioteca-itinerante-leva-historias-de-personagens-negras-infantis\/"},"wordCount":609,"commentCount":0,"publisher":{"@id":"https:\/\/jornalfatosenoticias.com.br\/#organization"},"image":{"@id":"https:\/\/jornalfatosenoticias.com.br\/index.php\/2022\/12\/29\/biblioteca-itinerante-leva-historias-de-personagens-negras-infantis\/#primaryimage"},"thumbnailUrl":"https:\/\/jornalfatosenoticias.com.br\/wp-content\/uploads\/2022\/12\/Biblioteca-itinerante.jpg","keywords":["biblioteca itinerante","kits","literatura infantil","livros","personagens negras","personagens negras infantis","Projeto SacoL\u00ea"],"articleSection":["Cultura","Educa\u00e7\u00e3o"],"inLanguage":"pt-BR","potentialAction":[{"@type":"CommentAction","name":"Comment","target":["https:\/\/jornalfatosenoticias.com.br\/index.php\/2022\/12\/29\/biblioteca-itinerante-leva-historias-de-personagens-negras-infantis\/#respond"]}]},{"@type":"WebPage","@id":"https:\/\/jornalfatosenoticias.com.br\/index.php\/2022\/12\/29\/biblioteca-itinerante-leva-historias-de-personagens-negras-infantis\/","url":"https:\/\/jornalfatosenoticias.com.br\/index.php\/2022\/12\/29\/biblioteca-itinerante-leva-historias-de-personagens-negras-infantis\/","name":"Biblioteca itinerante leva hist\u00f3rias de personagens negras infantis - Jornal Fatos e Not\u00edcias","isPartOf":{"@id":"https:\/\/jornalfatosenoticias.com.br\/#website"},"primaryImageOfPage":{"@id":"https:\/\/jornalfatosenoticias.com.br\/index.php\/2022\/12\/29\/biblioteca-itinerante-leva-historias-de-personagens-negras-infantis\/#primaryimage"},"image":{"@id":"https:\/\/jornalfatosenoticias.com.br\/index.php\/2022\/12\/29\/biblioteca-itinerante-leva-historias-de-personagens-negras-infantis\/#primaryimage"},"thumbnailUrl":"https:\/\/jornalfatosenoticias.com.br\/wp-content\/uploads\/2022\/12\/Biblioteca-itinerante.jpg","datePublished":"2022-12-29T18:38:17+00:00","dateModified":"2022-12-29T18:38:18+00:00","breadcrumb":{"@id":"https:\/\/jornalfatosenoticias.com.br\/index.php\/2022\/12\/29\/biblioteca-itinerante-leva-historias-de-personagens-negras-infantis\/#breadcrumb"},"inLanguage":"pt-BR","potentialAction":[{"@type":"ReadAction","target":["https:\/\/jornalfatosenoticias.com.br\/index.php\/2022\/12\/29\/biblioteca-itinerante-leva-historias-de-personagens-negras-infantis\/"]}]},{"@type":"ImageObject","inLanguage":"pt-BR","@id":"https:\/\/jornalfatosenoticias.com.br\/index.php\/2022\/12\/29\/biblioteca-itinerante-leva-historias-de-personagens-negras-infantis\/#primaryimage","url":"https:\/\/jornalfatosenoticias.com.br\/wp-content\/uploads\/2022\/12\/Biblioteca-itinerante.jpg","contentUrl":"https:\/\/jornalfatosenoticias.com.br\/wp-content\/uploads\/2022\/12\/Biblioteca-itinerante.jpg","width":1000,"height":559},{"@type":"BreadcrumbList","@id":"https:\/\/jornalfatosenoticias.com.br\/index.php\/2022\/12\/29\/biblioteca-itinerante-leva-historias-de-personagens-negras-infantis\/#breadcrumb","itemListElement":[{"@type":"ListItem","position":1,"name":"In\u00edcio","item":"https:\/\/jornalfatosenoticias.com.br\/"},{"@type":"ListItem","position":2,"name":"Biblioteca itinerante leva hist\u00f3rias de personagens negras infantis"}]},{"@type":"WebSite","@id":"https:\/\/jornalfatosenoticias.com.br\/#website","url":"https:\/\/jornalfatosenoticias.com.br\/","name":"Jornal Fatos e Not\u00edcias","description":"Not\u00edcias em geral","publisher":{"@id":"https:\/\/jornalfatosenoticias.com.br\/#organization"},"potentialAction":[{"@type":"SearchAction","target":{"@type":"EntryPoint","urlTemplate":"https:\/\/jornalfatosenoticias.com.br\/?s={search_term_string}"},"query-input":{"@type":"PropertyValueSpecification","valueRequired":true,"valueName":"search_term_string"}}],"inLanguage":"pt-BR"},{"@type":"Organization","@id":"https:\/\/jornalfatosenoticias.com.br\/#organization","name":"Jornal Fatos e Not\u00edcias","url":"https:\/\/jornalfatosenoticias.com.br\/","logo":{"@type":"ImageObject","inLanguage":"pt-BR","@id":"https:\/\/jornalfatosenoticias.com.br\/#\/schema\/logo\/image\/","url":"https:\/\/jornalfatosenoticias.com.br\/wp-content\/uploads\/2020\/02\/logo120.png","contentUrl":"https:\/\/jornalfatosenoticias.com.br\/wp-content\/uploads\/2020\/02\/logo120.png","width":1227,"height":120,"caption":"Jornal Fatos e Not\u00edcias"},"image":{"@id":"https:\/\/jornalfatosenoticias.com.br\/#\/schema\/logo\/image\/"}},{"@type":"Person","@id":"https:\/\/jornalfatosenoticias.com.br\/#\/schema\/person\/d63837fa13ac8666eb9e74e0985d6f81","name":"Luzimara Fernandes","image":{"@type":"ImageObject","inLanguage":"pt-BR","@id":"https:\/\/jornalfatosenoticias.com.br\/#\/schema\/person\/image\/","url":"https:\/\/jornalfatosenoticias.com.br\/wp-content\/uploads\/2025\/05\/EU_portal.jpg","contentUrl":"https:\/\/jornalfatosenoticias.com.br\/wp-content\/uploads\/2025\/05\/EU_portal.jpg","caption":"Luzimara Fernandes"},"description":"Jornalista MTB 2358-ES","sameAs":["https:\/\/jornalfatosenoticias.com.br"],"url":"https:\/\/jornalfatosenoticias.com.br\/index.php\/author\/luzimara\/"}]}},"cc_featured_image_caption":{"caption_text":"(Foto: Divulga\u00e7\u00e3o) ","source_text":"","source_url":""},"jetpack_featured_media_url":"https:\/\/jornalfatosenoticias.com.br\/wp-content\/uploads\/2022\/12\/Biblioteca-itinerante.jpg","_links":{"self":[{"href":"https:\/\/jornalfatosenoticias.com.br\/index.php\/wp-json\/wp\/v2\/posts\/37416","targetHints":{"allow":["GET"]}}],"collection":[{"href":"https:\/\/jornalfatosenoticias.com.br\/index.php\/wp-json\/wp\/v2\/posts"}],"about":[{"href":"https:\/\/jornalfatosenoticias.com.br\/index.php\/wp-json\/wp\/v2\/types\/post"}],"author":[{"embeddable":true,"href":"https:\/\/jornalfatosenoticias.com.br\/index.php\/wp-json\/wp\/v2\/users\/2"}],"replies":[{"embeddable":true,"href":"https:\/\/jornalfatosenoticias.com.br\/index.php\/wp-json\/wp\/v2\/comments?post=37416"}],"version-history":[{"count":0,"href":"https:\/\/jornalfatosenoticias.com.br\/index.php\/wp-json\/wp\/v2\/posts\/37416\/revisions"}],"wp:featuredmedia":[{"embeddable":true,"href":"https:\/\/jornalfatosenoticias.com.br\/index.php\/wp-json\/wp\/v2\/media\/37417"}],"wp:attachment":[{"href":"https:\/\/jornalfatosenoticias.com.br\/index.php\/wp-json\/wp\/v2\/media?parent=37416"}],"wp:term":[{"taxonomy":"category","embeddable":true,"href":"https:\/\/jornalfatosenoticias.com.br\/index.php\/wp-json\/wp\/v2\/categories?post=37416"},{"taxonomy":"post_tag","embeddable":true,"href":"https:\/\/jornalfatosenoticias.com.br\/index.php\/wp-json\/wp\/v2\/tags?post=37416"}],"curies":[{"name":"wp","href":"https:\/\/api.w.org\/{rel}","templated":true}]}}