{"id":37429,"date":"2022-12-30T13:04:52","date_gmt":"2022-12-30T16:04:52","guid":{"rendered":"https:\/\/jornalfatosenoticias.com.br\/?p=37429"},"modified":"2022-12-30T13:04:54","modified_gmt":"2022-12-30T16:04:54","slug":"como-surgiram-as-tradicoes-de-fim-de-ano","status":"publish","type":"post","link":"https:\/\/jornalfatosenoticias.com.br\/index.php\/2022\/12\/30\/como-surgiram-as-tradicoes-de-fim-de-ano\/","title":{"rendered":"Como surgiram as tradi\u00e7\u00f5es de fim de ano"},"content":{"rendered":"\n<p><em><span class=\"has-inline-color has-black-color\">Termo R\u00e9veillon era originalmente usado para festas da nobreza da Fran\u00e7a do s\u00e9culo 17<\/span><\/em><\/p>\n\n\n\n<div class=\"wp-block-image\"><figure class=\"aligncenter size-large\"><img loading=\"lazy\" decoding=\"async\" width=\"1024\" height=\"100\" src=\"https:\/\/jornalfatosenoticias.com.br\/wp-content\/uploads\/2022\/05\/NOVA-LOGO-CESCONETTO-1024x100.jpg\" alt=\"\" class=\"wp-image-30792\" srcset=\"https:\/\/jornalfatosenoticias.com.br\/wp-content\/uploads\/2022\/05\/NOVA-LOGO-CESCONETTO-1024x100.jpg 1024w, https:\/\/jornalfatosenoticias.com.br\/wp-content\/uploads\/2022\/05\/NOVA-LOGO-CESCONETTO-300x29.jpg 300w, https:\/\/jornalfatosenoticias.com.br\/wp-content\/uploads\/2022\/05\/NOVA-LOGO-CESCONETTO-768x75.jpg 768w, https:\/\/jornalfatosenoticias.com.br\/wp-content\/uploads\/2022\/05\/NOVA-LOGO-CESCONETTO.jpg 1280w\" sizes=\"auto, (max-width: 1024px) 100vw, 1024px\" \/><\/figure><\/div>\n\n\n\n<p>O costume de celebrar a chegada de um novo ciclo no calend\u00e1rio n\u00e3o \u00e9 nada novo. Existe h\u00e1 mais de quatro mil anos. Mas, naquela \u00e9poca, em vez de um &#8220;ano&#8221; novo, a passagem do tempo era contada pelas esta\u00e7\u00f5es do ano.<br>O primeiro povo a celebrar a festa de passagem teria sido o da Mesopot\u00e2mia, \u00e1rea que corresponde hoje aos territ\u00f3rios de Iraque, Kuwait, S\u00edria e Turquia. Por dependerem da agricultura para sobreviver, eles celebravam o fim do inverno e in\u00edcio da primavera, \u00e9poca em que se iniciava uma nova safra de planta\u00e7\u00e3o.<\/p>\n\n\n\n<div class=\"wp-block-image\"><figure class=\"alignleft size-large\"><img decoding=\"async\" src=\"https:\/\/jornalfatosenoticias.com.br\/wp-content\/uploads\/2020\/02\/logo_esteio.jpg\" alt=\"\" class=\"wp-image-1214\"\/><\/figure><\/div>\n\n\n\n<p>Com isso, a festa de passagem dos mesopot\u00e2micos n\u00e3o se dava na noite do dia 31 de dezembro para 1\u00ba de janeiro, mas sim do dia 22 para o 23 de mar\u00e7o, data do in\u00edcio da primavera no hemisf\u00e9rio Norte.<br>Foi somente com a introdu\u00e7\u00e3o de um novo calend\u00e1rio no Ocidente, em 1582 \u2014 o calend\u00e1rio gregoriano, adotado pelo papa Greg\u00f3rio 13 no lugar do calend\u00e1rio juliano \u2014 que o primeiro dia do novo ano passou a ser 1\u00ba de janeiro.<br>Assim como acontece nas comemora\u00e7\u00f5es de Ano Novo atualmente, as celebra\u00e7\u00f5es de passagem tamb\u00e9m representavam esperan\u00e7a. Se hoje alguns rituais t\u00eam por objetivo atrair prosperidade e dinheiro \u2014 como usar a cor amarela na festa de R\u00e9veillon ou comer lentilhas \u2014 os cultos de quatro mil anos atr\u00e1s pediam alimento e fartura.<\/p>\n\n\n\n<div class=\"wp-block-image\"><figure class=\"aligncenter size-large is-resized\"><img loading=\"lazy\" decoding=\"async\" src=\"https:\/\/jornalfatosenoticias.com.br\/wp-content\/uploads\/2020\/02\/nova-logo-Marquetti.jpg\" alt=\"\" class=\"wp-image-22331\" width=\"229\" height=\"154\" srcset=\"https:\/\/jornalfatosenoticias.com.br\/wp-content\/uploads\/2020\/02\/nova-logo-Marquetti.jpg 643w, https:\/\/jornalfatosenoticias.com.br\/wp-content\/uploads\/2020\/02\/nova-logo-Marquetti-300x202.jpg 300w\" sizes=\"auto, (max-width: 229px) 100vw, 229px\" \/><\/figure><\/div>\n\n\n\n<p>J\u00e1 o termo R\u00e9veillon, usado em v\u00e1rias partes do mundo para descrever a festa de v\u00e9spera de Ano Novo, \u00e9 mais recente: surgiu no s\u00e9culo 17, na Fran\u00e7a, e representava festas da nobreza que duravam a noite toda. O R\u00e9veillon n\u00e3o tinha data para acontecer, mas com o decl\u00ednio da nobreza francesa a palavra foi sendo adaptada para a festa de v\u00e9spera de Ano Novo \u2014 a palavra R\u00e9veillon deriva do verbo &#8220;acordar&#8221; em franc\u00eas.<\/p>\n\n\n\n<div class=\"wp-block-image\"><figure class=\"alignright size-large is-resized\"><img decoding=\"async\" src=\"https:\/\/jornalfatosenoticias.com.br\/wp-content\/uploads\/2020\/02\/logo-clinica-limoeiro.jpg\" alt=\"\" class=\"wp-image-34610\" width=\"-120\" height=\"-85\"\/><\/figure><\/div>\n\n\n\n<p>No s\u00e9culo 19, essas festas foram adotadas pela nobreza de outros lugares do mundo que eram influenciados pela cultura francesa. A nobreza do Brasil foi uma das que adotaram o R\u00e9veillon, mas o sincretismo religioso caracter\u00edstico do passado hist\u00f3rico do Pa\u00eds fez com que as comemora\u00e7\u00f5es aqui adicionassem novos personagens, costumes e comidas \u00e0s festas de Ano Novo.<br>As comemora\u00e7\u00f5es de Ano Novo n\u00e3o acontecem necessariamente no dia 1\u00ba de janeiro. Isso porque existem v\u00e1rios calend\u00e1rios que organizam o ciclo anual de maneira diferente do gregoriano. Para os mu\u00e7ulmanos, o Ano Novo corresponde ao m\u00eas de maio do calend\u00e1rio gregoriano; para os judeus, corresponde ao per\u00edodo de final de setembro e in\u00edcio de outubro; j\u00e1 os chineses celebram a passagem entre final de janeiro e in\u00edcio de fevereiro.<\/p>\n\n\n\n<div class=\"wp-block-image\"><figure class=\"aligncenter size-large\"><img loading=\"lazy\" decoding=\"async\" width=\"1000\" height=\"709\" src=\"https:\/\/jornalfatosenoticias.com.br\/wp-content\/uploads\/2022\/12\/cartao-ano-novo.jpg\" alt=\"\" class=\"wp-image-37231\" srcset=\"https:\/\/jornalfatosenoticias.com.br\/wp-content\/uploads\/2022\/12\/cartao-ano-novo.jpg 1000w, https:\/\/jornalfatosenoticias.com.br\/wp-content\/uploads\/2022\/12\/cartao-ano-novo-300x213.jpg 300w, https:\/\/jornalfatosenoticias.com.br\/wp-content\/uploads\/2022\/12\/cartao-ano-novo-768x545.jpg 768w\" sizes=\"auto, (max-width: 1000px) 100vw, 1000px\" \/><\/figure><\/div>\n\n\n\n<p><em><strong>Fonte: <a href=\"https:\/\/www.bbc.com\/portuguese\/brasil-42375112\">BBC Brasil<\/a><\/strong><\/em><\/p>\n","protected":false},"excerpt":{"rendered":"<p>Termo R\u00e9veillon era originalmente usado para festas da nobreza da Fran\u00e7a do s\u00e9culo 17 O costume de celebrar a chegada de um novo ciclo no calend\u00e1rio n\u00e3o \u00e9 nada novo. Existe h\u00e1 mais de quatro mil anos. Mas, naquela \u00e9poca, em vez de um &#8220;ano&#8221; novo, a passagem do tempo era contada pelas esta\u00e7\u00f5es do [&hellip;]<\/p>\n","protected":false},"author":2,"featured_media":37430,"comment_status":"open","ping_status":"open","sticky":false,"template":"","format":"standard","meta":{"footnotes":""},"categories":[5],"tags":[17598,6566,6686,17597],"class_list":["post-37429","post","type-post","status-publish","format-standard","has-post-thumbnail","hentry","category-geral","tag-festas","tag-festas-de-final-de-ano","tag-reveillon","tag-tradicoes-de-fim-de-ano"],"yoast_head":"<!-- This site is optimized with the Yoast SEO plugin v26.5 - https:\/\/yoast.com\/wordpress\/plugins\/seo\/ -->\n<title>Como surgiram as tradi\u00e7\u00f5es de fim de ano - Jornal Fatos e Not\u00edcias<\/title>\n<meta name=\"robots\" content=\"index, follow, max-snippet:-1, max-image-preview:large, max-video-preview:-1\" \/>\n<link rel=\"canonical\" href=\"https:\/\/jornalfatosenoticias.com.br\/index.php\/2022\/12\/30\/como-surgiram-as-tradicoes-de-fim-de-ano\/\" \/>\n<meta property=\"og:locale\" content=\"pt_BR\" \/>\n<meta property=\"og:type\" content=\"article\" \/>\n<meta property=\"og:title\" content=\"Como surgiram as tradi\u00e7\u00f5es de fim de ano - Jornal Fatos e Not\u00edcias\" \/>\n<meta property=\"og:description\" content=\"Termo R\u00e9veillon era originalmente usado para festas da nobreza da Fran\u00e7a do s\u00e9culo 17 O costume de celebrar a chegada de um novo ciclo no calend\u00e1rio n\u00e3o \u00e9 nada novo. Existe h\u00e1 mais de quatro mil anos. Mas, naquela \u00e9poca, em vez de um &#8220;ano&#8221; novo, a passagem do tempo era contada pelas esta\u00e7\u00f5es do [&hellip;]\" \/>\n<meta property=\"og:url\" content=\"https:\/\/jornalfatosenoticias.com.br\/index.php\/2022\/12\/30\/como-surgiram-as-tradicoes-de-fim-de-ano\/\" \/>\n<meta property=\"og:site_name\" content=\"Jornal Fatos e Not\u00edcias\" \/>\n<meta property=\"article:published_time\" content=\"2022-12-30T16:04:52+00:00\" \/>\n<meta property=\"article:modified_time\" content=\"2022-12-30T16:04:54+00:00\" \/>\n<meta property=\"og:image\" content=\"https:\/\/jornalfatosenoticias.com.br\/wp-content\/uploads\/2022\/12\/reveillon.jpg\" \/>\n\t<meta property=\"og:image:width\" content=\"1000\" \/>\n\t<meta property=\"og:image:height\" content=\"562\" \/>\n\t<meta property=\"og:image:type\" content=\"image\/jpeg\" \/>\n<meta name=\"author\" content=\"Luzimara Fernandes\" \/>\n<meta name=\"twitter:card\" content=\"summary_large_image\" \/>\n<meta name=\"twitter:label1\" content=\"Escrito por\" \/>\n\t<meta name=\"twitter:data1\" content=\"Luzimara Fernandes\" \/>\n\t<meta name=\"twitter:label2\" content=\"Est. tempo de leitura\" \/>\n\t<meta name=\"twitter:data2\" content=\"2 minutos\" \/>\n<script type=\"application\/ld+json\" class=\"yoast-schema-graph\">{\"@context\":\"https:\/\/schema.org\",\"@graph\":[{\"@type\":\"Article\",\"@id\":\"https:\/\/jornalfatosenoticias.com.br\/index.php\/2022\/12\/30\/como-surgiram-as-tradicoes-de-fim-de-ano\/#article\",\"isPartOf\":{\"@id\":\"https:\/\/jornalfatosenoticias.com.br\/index.php\/2022\/12\/30\/como-surgiram-as-tradicoes-de-fim-de-ano\/\"},\"author\":{\"name\":\"Luzimara Fernandes\",\"@id\":\"https:\/\/jornalfatosenoticias.com.br\/#\/schema\/person\/d63837fa13ac8666eb9e74e0985d6f81\"},\"headline\":\"Como surgiram as tradi\u00e7\u00f5es de fim de ano\",\"datePublished\":\"2022-12-30T16:04:52+00:00\",\"dateModified\":\"2022-12-30T16:04:54+00:00\",\"mainEntityOfPage\":{\"@id\":\"https:\/\/jornalfatosenoticias.com.br\/index.php\/2022\/12\/30\/como-surgiram-as-tradicoes-de-fim-de-ano\/\"},\"wordCount\":493,\"commentCount\":0,\"publisher\":{\"@id\":\"https:\/\/jornalfatosenoticias.com.br\/#organization\"},\"image\":{\"@id\":\"https:\/\/jornalfatosenoticias.com.br\/index.php\/2022\/12\/30\/como-surgiram-as-tradicoes-de-fim-de-ano\/#primaryimage\"},\"thumbnailUrl\":\"https:\/\/jornalfatosenoticias.com.br\/wp-content\/uploads\/2022\/12\/reveillon.jpg\",\"keywords\":[\"festas\",\"festas de final de ano\",\"R\u00e9veillon\",\"tradi\u00e7\u00f5es de fim de ano\"],\"articleSection\":[\"Geral\"],\"inLanguage\":\"pt-BR\",\"potentialAction\":[{\"@type\":\"CommentAction\",\"name\":\"Comment\",\"target\":[\"https:\/\/jornalfatosenoticias.com.br\/index.php\/2022\/12\/30\/como-surgiram-as-tradicoes-de-fim-de-ano\/#respond\"]}]},{\"@type\":\"WebPage\",\"@id\":\"https:\/\/jornalfatosenoticias.com.br\/index.php\/2022\/12\/30\/como-surgiram-as-tradicoes-de-fim-de-ano\/\",\"url\":\"https:\/\/jornalfatosenoticias.com.br\/index.php\/2022\/12\/30\/como-surgiram-as-tradicoes-de-fim-de-ano\/\",\"name\":\"Como surgiram as tradi\u00e7\u00f5es de fim de ano - Jornal Fatos e Not\u00edcias\",\"isPartOf\":{\"@id\":\"https:\/\/jornalfatosenoticias.com.br\/#website\"},\"primaryImageOfPage\":{\"@id\":\"https:\/\/jornalfatosenoticias.com.br\/index.php\/2022\/12\/30\/como-surgiram-as-tradicoes-de-fim-de-ano\/#primaryimage\"},\"image\":{\"@id\":\"https:\/\/jornalfatosenoticias.com.br\/index.php\/2022\/12\/30\/como-surgiram-as-tradicoes-de-fim-de-ano\/#primaryimage\"},\"thumbnailUrl\":\"https:\/\/jornalfatosenoticias.com.br\/wp-content\/uploads\/2022\/12\/reveillon.jpg\",\"datePublished\":\"2022-12-30T16:04:52+00:00\",\"dateModified\":\"2022-12-30T16:04:54+00:00\",\"breadcrumb\":{\"@id\":\"https:\/\/jornalfatosenoticias.com.br\/index.php\/2022\/12\/30\/como-surgiram-as-tradicoes-de-fim-de-ano\/#breadcrumb\"},\"inLanguage\":\"pt-BR\",\"potentialAction\":[{\"@type\":\"ReadAction\",\"target\":[\"https:\/\/jornalfatosenoticias.com.br\/index.php\/2022\/12\/30\/como-surgiram-as-tradicoes-de-fim-de-ano\/\"]}]},{\"@type\":\"ImageObject\",\"inLanguage\":\"pt-BR\",\"@id\":\"https:\/\/jornalfatosenoticias.com.br\/index.php\/2022\/12\/30\/como-surgiram-as-tradicoes-de-fim-de-ano\/#primaryimage\",\"url\":\"https:\/\/jornalfatosenoticias.com.br\/wp-content\/uploads\/2022\/12\/reveillon.jpg\",\"contentUrl\":\"https:\/\/jornalfatosenoticias.com.br\/wp-content\/uploads\/2022\/12\/reveillon.jpg\",\"width\":1000,\"height\":562},{\"@type\":\"BreadcrumbList\",\"@id\":\"https:\/\/jornalfatosenoticias.com.br\/index.php\/2022\/12\/30\/como-surgiram-as-tradicoes-de-fim-de-ano\/#breadcrumb\",\"itemListElement\":[{\"@type\":\"ListItem\",\"position\":1,\"name\":\"In\u00edcio\",\"item\":\"https:\/\/jornalfatosenoticias.com.br\/\"},{\"@type\":\"ListItem\",\"position\":2,\"name\":\"Como surgiram as tradi\u00e7\u00f5es de fim de ano\"}]},{\"@type\":\"WebSite\",\"@id\":\"https:\/\/jornalfatosenoticias.com.br\/#website\",\"url\":\"https:\/\/jornalfatosenoticias.com.br\/\",\"name\":\"Jornal Fatos e Not\u00edcias\",\"description\":\"Not\u00edcias em geral\",\"publisher\":{\"@id\":\"https:\/\/jornalfatosenoticias.com.br\/#organization\"},\"potentialAction\":[{\"@type\":\"SearchAction\",\"target\":{\"@type\":\"EntryPoint\",\"urlTemplate\":\"https:\/\/jornalfatosenoticias.com.br\/?s={search_term_string}\"},\"query-input\":{\"@type\":\"PropertyValueSpecification\",\"valueRequired\":true,\"valueName\":\"search_term_string\"}}],\"inLanguage\":\"pt-BR\"},{\"@type\":\"Organization\",\"@id\":\"https:\/\/jornalfatosenoticias.com.br\/#organization\",\"name\":\"Jornal Fatos e Not\u00edcias\",\"url\":\"https:\/\/jornalfatosenoticias.com.br\/\",\"logo\":{\"@type\":\"ImageObject\",\"inLanguage\":\"pt-BR\",\"@id\":\"https:\/\/jornalfatosenoticias.com.br\/#\/schema\/logo\/image\/\",\"url\":\"https:\/\/jornalfatosenoticias.com.br\/wp-content\/uploads\/2020\/02\/logo120.png\",\"contentUrl\":\"https:\/\/jornalfatosenoticias.com.br\/wp-content\/uploads\/2020\/02\/logo120.png\",\"width\":1227,\"height\":120,\"caption\":\"Jornal Fatos e Not\u00edcias\"},\"image\":{\"@id\":\"https:\/\/jornalfatosenoticias.com.br\/#\/schema\/logo\/image\/\"}},{\"@type\":\"Person\",\"@id\":\"https:\/\/jornalfatosenoticias.com.br\/#\/schema\/person\/d63837fa13ac8666eb9e74e0985d6f81\",\"name\":\"Luzimara Fernandes\",\"image\":{\"@type\":\"ImageObject\",\"inLanguage\":\"pt-BR\",\"@id\":\"https:\/\/jornalfatosenoticias.com.br\/#\/schema\/person\/image\/\",\"url\":\"https:\/\/jornalfatosenoticias.com.br\/wp-content\/uploads\/2025\/05\/EU_portal.jpg\",\"contentUrl\":\"https:\/\/jornalfatosenoticias.com.br\/wp-content\/uploads\/2025\/05\/EU_portal.jpg\",\"caption\":\"Luzimara Fernandes\"},\"description\":\"Jornalista MTB 2358-ES\",\"sameAs\":[\"https:\/\/jornalfatosenoticias.com.br\"],\"url\":\"https:\/\/jornalfatosenoticias.com.br\/index.php\/author\/luzimara\/\"}]}<\/script>\n<!-- \/ Yoast SEO plugin. -->","yoast_head_json":{"title":"Como surgiram as tradi\u00e7\u00f5es de fim de ano - Jornal Fatos e Not\u00edcias","robots":{"index":"index","follow":"follow","max-snippet":"max-snippet:-1","max-image-preview":"max-image-preview:large","max-video-preview":"max-video-preview:-1"},"canonical":"https:\/\/jornalfatosenoticias.com.br\/index.php\/2022\/12\/30\/como-surgiram-as-tradicoes-de-fim-de-ano\/","og_locale":"pt_BR","og_type":"article","og_title":"Como surgiram as tradi\u00e7\u00f5es de fim de ano - Jornal Fatos e Not\u00edcias","og_description":"Termo R\u00e9veillon era originalmente usado para festas da nobreza da Fran\u00e7a do s\u00e9culo 17 O costume de celebrar a chegada de um novo ciclo no calend\u00e1rio n\u00e3o \u00e9 nada novo. Existe h\u00e1 mais de quatro mil anos. Mas, naquela \u00e9poca, em vez de um &#8220;ano&#8221; novo, a passagem do tempo era contada pelas esta\u00e7\u00f5es do [&hellip;]","og_url":"https:\/\/jornalfatosenoticias.com.br\/index.php\/2022\/12\/30\/como-surgiram-as-tradicoes-de-fim-de-ano\/","og_site_name":"Jornal Fatos e Not\u00edcias","article_published_time":"2022-12-30T16:04:52+00:00","article_modified_time":"2022-12-30T16:04:54+00:00","og_image":[{"width":1000,"height":562,"url":"https:\/\/jornalfatosenoticias.com.br\/wp-content\/uploads\/2022\/12\/reveillon.jpg","type":"image\/jpeg"}],"author":"Luzimara Fernandes","twitter_card":"summary_large_image","twitter_misc":{"Escrito por":"Luzimara Fernandes","Est. tempo de leitura":"2 minutos"},"schema":{"@context":"https:\/\/schema.org","@graph":[{"@type":"Article","@id":"https:\/\/jornalfatosenoticias.com.br\/index.php\/2022\/12\/30\/como-surgiram-as-tradicoes-de-fim-de-ano\/#article","isPartOf":{"@id":"https:\/\/jornalfatosenoticias.com.br\/index.php\/2022\/12\/30\/como-surgiram-as-tradicoes-de-fim-de-ano\/"},"author":{"name":"Luzimara Fernandes","@id":"https:\/\/jornalfatosenoticias.com.br\/#\/schema\/person\/d63837fa13ac8666eb9e74e0985d6f81"},"headline":"Como surgiram as tradi\u00e7\u00f5es de fim de ano","datePublished":"2022-12-30T16:04:52+00:00","dateModified":"2022-12-30T16:04:54+00:00","mainEntityOfPage":{"@id":"https:\/\/jornalfatosenoticias.com.br\/index.php\/2022\/12\/30\/como-surgiram-as-tradicoes-de-fim-de-ano\/"},"wordCount":493,"commentCount":0,"publisher":{"@id":"https:\/\/jornalfatosenoticias.com.br\/#organization"},"image":{"@id":"https:\/\/jornalfatosenoticias.com.br\/index.php\/2022\/12\/30\/como-surgiram-as-tradicoes-de-fim-de-ano\/#primaryimage"},"thumbnailUrl":"https:\/\/jornalfatosenoticias.com.br\/wp-content\/uploads\/2022\/12\/reveillon.jpg","keywords":["festas","festas de final de ano","R\u00e9veillon","tradi\u00e7\u00f5es de fim de ano"],"articleSection":["Geral"],"inLanguage":"pt-BR","potentialAction":[{"@type":"CommentAction","name":"Comment","target":["https:\/\/jornalfatosenoticias.com.br\/index.php\/2022\/12\/30\/como-surgiram-as-tradicoes-de-fim-de-ano\/#respond"]}]},{"@type":"WebPage","@id":"https:\/\/jornalfatosenoticias.com.br\/index.php\/2022\/12\/30\/como-surgiram-as-tradicoes-de-fim-de-ano\/","url":"https:\/\/jornalfatosenoticias.com.br\/index.php\/2022\/12\/30\/como-surgiram-as-tradicoes-de-fim-de-ano\/","name":"Como surgiram as tradi\u00e7\u00f5es de fim de ano - Jornal Fatos e Not\u00edcias","isPartOf":{"@id":"https:\/\/jornalfatosenoticias.com.br\/#website"},"primaryImageOfPage":{"@id":"https:\/\/jornalfatosenoticias.com.br\/index.php\/2022\/12\/30\/como-surgiram-as-tradicoes-de-fim-de-ano\/#primaryimage"},"image":{"@id":"https:\/\/jornalfatosenoticias.com.br\/index.php\/2022\/12\/30\/como-surgiram-as-tradicoes-de-fim-de-ano\/#primaryimage"},"thumbnailUrl":"https:\/\/jornalfatosenoticias.com.br\/wp-content\/uploads\/2022\/12\/reveillon.jpg","datePublished":"2022-12-30T16:04:52+00:00","dateModified":"2022-12-30T16:04:54+00:00","breadcrumb":{"@id":"https:\/\/jornalfatosenoticias.com.br\/index.php\/2022\/12\/30\/como-surgiram-as-tradicoes-de-fim-de-ano\/#breadcrumb"},"inLanguage":"pt-BR","potentialAction":[{"@type":"ReadAction","target":["https:\/\/jornalfatosenoticias.com.br\/index.php\/2022\/12\/30\/como-surgiram-as-tradicoes-de-fim-de-ano\/"]}]},{"@type":"ImageObject","inLanguage":"pt-BR","@id":"https:\/\/jornalfatosenoticias.com.br\/index.php\/2022\/12\/30\/como-surgiram-as-tradicoes-de-fim-de-ano\/#primaryimage","url":"https:\/\/jornalfatosenoticias.com.br\/wp-content\/uploads\/2022\/12\/reveillon.jpg","contentUrl":"https:\/\/jornalfatosenoticias.com.br\/wp-content\/uploads\/2022\/12\/reveillon.jpg","width":1000,"height":562},{"@type":"BreadcrumbList","@id":"https:\/\/jornalfatosenoticias.com.br\/index.php\/2022\/12\/30\/como-surgiram-as-tradicoes-de-fim-de-ano\/#breadcrumb","itemListElement":[{"@type":"ListItem","position":1,"name":"In\u00edcio","item":"https:\/\/jornalfatosenoticias.com.br\/"},{"@type":"ListItem","position":2,"name":"Como surgiram as tradi\u00e7\u00f5es de fim de ano"}]},{"@type":"WebSite","@id":"https:\/\/jornalfatosenoticias.com.br\/#website","url":"https:\/\/jornalfatosenoticias.com.br\/","name":"Jornal Fatos e Not\u00edcias","description":"Not\u00edcias em geral","publisher":{"@id":"https:\/\/jornalfatosenoticias.com.br\/#organization"},"potentialAction":[{"@type":"SearchAction","target":{"@type":"EntryPoint","urlTemplate":"https:\/\/jornalfatosenoticias.com.br\/?s={search_term_string}"},"query-input":{"@type":"PropertyValueSpecification","valueRequired":true,"valueName":"search_term_string"}}],"inLanguage":"pt-BR"},{"@type":"Organization","@id":"https:\/\/jornalfatosenoticias.com.br\/#organization","name":"Jornal Fatos e Not\u00edcias","url":"https:\/\/jornalfatosenoticias.com.br\/","logo":{"@type":"ImageObject","inLanguage":"pt-BR","@id":"https:\/\/jornalfatosenoticias.com.br\/#\/schema\/logo\/image\/","url":"https:\/\/jornalfatosenoticias.com.br\/wp-content\/uploads\/2020\/02\/logo120.png","contentUrl":"https:\/\/jornalfatosenoticias.com.br\/wp-content\/uploads\/2020\/02\/logo120.png","width":1227,"height":120,"caption":"Jornal Fatos e Not\u00edcias"},"image":{"@id":"https:\/\/jornalfatosenoticias.com.br\/#\/schema\/logo\/image\/"}},{"@type":"Person","@id":"https:\/\/jornalfatosenoticias.com.br\/#\/schema\/person\/d63837fa13ac8666eb9e74e0985d6f81","name":"Luzimara Fernandes","image":{"@type":"ImageObject","inLanguage":"pt-BR","@id":"https:\/\/jornalfatosenoticias.com.br\/#\/schema\/person\/image\/","url":"https:\/\/jornalfatosenoticias.com.br\/wp-content\/uploads\/2025\/05\/EU_portal.jpg","contentUrl":"https:\/\/jornalfatosenoticias.com.br\/wp-content\/uploads\/2025\/05\/EU_portal.jpg","caption":"Luzimara Fernandes"},"description":"Jornalista MTB 2358-ES","sameAs":["https:\/\/jornalfatosenoticias.com.br"],"url":"https:\/\/jornalfatosenoticias.com.br\/index.php\/author\/luzimara\/"}]}},"cc_featured_image_caption":{"caption_text":"(Foto: Getty Images) ","source_text":"","source_url":""},"jetpack_featured_media_url":"https:\/\/jornalfatosenoticias.com.br\/wp-content\/uploads\/2022\/12\/reveillon.jpg","_links":{"self":[{"href":"https:\/\/jornalfatosenoticias.com.br\/index.php\/wp-json\/wp\/v2\/posts\/37429","targetHints":{"allow":["GET"]}}],"collection":[{"href":"https:\/\/jornalfatosenoticias.com.br\/index.php\/wp-json\/wp\/v2\/posts"}],"about":[{"href":"https:\/\/jornalfatosenoticias.com.br\/index.php\/wp-json\/wp\/v2\/types\/post"}],"author":[{"embeddable":true,"href":"https:\/\/jornalfatosenoticias.com.br\/index.php\/wp-json\/wp\/v2\/users\/2"}],"replies":[{"embeddable":true,"href":"https:\/\/jornalfatosenoticias.com.br\/index.php\/wp-json\/wp\/v2\/comments?post=37429"}],"version-history":[{"count":0,"href":"https:\/\/jornalfatosenoticias.com.br\/index.php\/wp-json\/wp\/v2\/posts\/37429\/revisions"}],"wp:featuredmedia":[{"embeddable":true,"href":"https:\/\/jornalfatosenoticias.com.br\/index.php\/wp-json\/wp\/v2\/media\/37430"}],"wp:attachment":[{"href":"https:\/\/jornalfatosenoticias.com.br\/index.php\/wp-json\/wp\/v2\/media?parent=37429"}],"wp:term":[{"taxonomy":"category","embeddable":true,"href":"https:\/\/jornalfatosenoticias.com.br\/index.php\/wp-json\/wp\/v2\/categories?post=37429"},{"taxonomy":"post_tag","embeddable":true,"href":"https:\/\/jornalfatosenoticias.com.br\/index.php\/wp-json\/wp\/v2\/tags?post=37429"}],"curies":[{"name":"wp","href":"https:\/\/api.w.org\/{rel}","templated":true}]}}