{"id":37442,"date":"2022-12-30T14:01:09","date_gmt":"2022-12-30T17:01:09","guid":{"rendered":"https:\/\/jornalfatosenoticias.com.br\/?p=37442"},"modified":"2022-12-30T14:01:12","modified_gmt":"2022-12-30T17:01:12","slug":"carros-eletricos-evtol-e-mais-o-que-esperar-da-ces-2023-em-veiculos","status":"publish","type":"post","link":"https:\/\/jornalfatosenoticias.com.br\/index.php\/2022\/12\/30\/carros-eletricos-evtol-e-mais-o-que-esperar-da-ces-2023-em-veiculos\/","title":{"rendered":"Carros el\u00e9tricos, eVTOL e mais: o que esperar da CES 2023 em ve\u00edculos"},"content":{"rendered":"\n<p><em><span class=\"has-inline-color has-black-color\">V\u00e1rias fabricantes v\u00e3o revelar novos carros el\u00e9tricos e sistemas inteligentes na maior feira de tecnologia do planeta<\/span><\/em><\/p>\n\n\n\n<div class=\"wp-block-image\"><figure class=\"aligncenter size-large\"><img loading=\"lazy\" decoding=\"async\" width=\"1024\" height=\"100\" src=\"https:\/\/jornalfatosenoticias.com.br\/wp-content\/uploads\/2020\/02\/banner_ferramentas-1024x100.jpg\" alt=\"\" class=\"wp-image-1258\" srcset=\"https:\/\/jornalfatosenoticias.com.br\/wp-content\/uploads\/2020\/02\/banner_ferramentas-1024x100.jpg 1024w, https:\/\/jornalfatosenoticias.com.br\/wp-content\/uploads\/2020\/02\/banner_ferramentas-300x29.jpg 300w, https:\/\/jornalfatosenoticias.com.br\/wp-content\/uploads\/2020\/02\/banner_ferramentas-768x75.jpg 768w, https:\/\/jornalfatosenoticias.com.br\/wp-content\/uploads\/2020\/02\/banner_ferramentas.jpg 1227w\" sizes=\"auto, (max-width: 1024px) 100vw, 1024px\" \/><\/figure><\/div>\n\n\n\n<p>Dominada pelas principais empresas de tecnologia, a CES, <a href=\"https:\/\/olhardigital.com.br\/2022\/12\/29\/reviews\/ces-2023-tudo-que-voce-precisa-saber-sobre-a-maior-feira-de-eletronicos-do-mundo\/\" target=\"_blank\" rel=\"noreferrer noopener\">que acontece anualmente em Las Vegas<\/a>, tamb\u00e9m se tornou o palco favorito para as montadoras mostrarem suas \u00faltimas novidades e conceitos futuristas.<br>Em 2023 n\u00e3o ser\u00e1 diferente. \u00c9 esperado que v\u00e1rias fabricantes de autom\u00f3veis revelem novos <a href=\"https:\/\/olhardigital.com.br\/tag\/carros-eletricos\/\" target=\"_blank\" rel=\"noreferrer noopener\">carros el\u00e9tricos<\/a>\u00a0e sistemas inteligentes na maior feira de tecnologia do planeta \u2014\u00a0 que acontecer\u00e1 de 5 a 8 de janeiro. <\/p>\n\n\n\n<div class=\"wp-block-image\"><figure class=\"aligncenter size-large is-resized\"><img loading=\"lazy\" decoding=\"async\" src=\"https:\/\/jornalfatosenoticias.com.br\/wp-content\/uploads\/2022\/10\/RC_800x750_page-0001.jpg\" alt=\"\" class=\"wp-image-35338\" width=\"226\" height=\"212\" srcset=\"https:\/\/jornalfatosenoticias.com.br\/wp-content\/uploads\/2022\/10\/RC_800x750_page-0001.jpg 400w, https:\/\/jornalfatosenoticias.com.br\/wp-content\/uploads\/2022\/10\/RC_800x750_page-0001-300x281.jpg 300w\" sizes=\"auto, (max-width: 226px) 100vw, 226px\" \/><\/figure><\/div>\n\n\n\n<p>Uma startup tamb\u00e9m deve estrear oficialmente o seu\u00a0<strong>primeiro carro voador<\/strong> movido a bateria. Para matar a curiosidade, separamos uma lista com os principais an\u00fancios do meio automotivo programados para o evento.<\/p>\n\n\n\n<div class=\"wp-block-image\"><figure class=\"aligncenter size-large\"><img loading=\"lazy\" decoding=\"async\" width=\"1024\" height=\"103\" src=\"https:\/\/jornalfatosenoticias.com.br\/wp-content\/uploads\/2022\/02\/Arte-Autoescola-Galatas_endereco_portal-1024x103.png\" alt=\"\" class=\"wp-image-27869\" srcset=\"https:\/\/jornalfatosenoticias.com.br\/wp-content\/uploads\/2022\/02\/Arte-Autoescola-Galatas_endereco_portal-1024x103.png 1024w, https:\/\/jornalfatosenoticias.com.br\/wp-content\/uploads\/2022\/02\/Arte-Autoescola-Galatas_endereco_portal-300x30.png 300w, https:\/\/jornalfatosenoticias.com.br\/wp-content\/uploads\/2022\/02\/Arte-Autoescola-Galatas_endereco_portal-768x77.png 768w, https:\/\/jornalfatosenoticias.com.br\/wp-content\/uploads\/2022\/02\/Arte-Autoescola-Galatas_endereco_portal.png 1223w\" sizes=\"auto, (max-width: 1024px) 100vw, 1024px\" \/><\/figure><\/div>\n\n\n\n<p><strong><span class=\"has-inline-color has-black-color\">eVTOL<br><\/span><\/strong>Em 2021, a Aska, uma startup de ve\u00edculos el\u00e9tricos, revelou um projeto para um ve\u00edculo totalmente el\u00e9trico de decolagem e pouso vertical que <strong>pode ser guiado como um carro e voar como um quadric\u00f3ptero. <\/strong>Um <strong>prot\u00f3tipo funcional em tamanho real<\/strong> est\u00e1 pronto para exibi\u00e7\u00e3o p\u00fablica na confer\u00eancia.<\/p>\n\n\n\n<div class=\"wp-block-image\"><figure class=\"aligncenter size-large\"><img loading=\"lazy\" decoding=\"async\" width=\"1000\" height=\"562\" src=\"https:\/\/jornalfatosenoticias.com.br\/wp-content\/uploads\/2022\/12\/realidade-virtual-ces-2.jpg\" alt=\"\" class=\"wp-image-37443\" srcset=\"https:\/\/jornalfatosenoticias.com.br\/wp-content\/uploads\/2022\/12\/realidade-virtual-ces-2.jpg 1000w, https:\/\/jornalfatosenoticias.com.br\/wp-content\/uploads\/2022\/12\/realidade-virtual-ces-2-300x169.jpg 300w, https:\/\/jornalfatosenoticias.com.br\/wp-content\/uploads\/2022\/12\/realidade-virtual-ces-2-768x432.jpg 768w\" sizes=\"auto, (max-width: 1000px) 100vw, 1000px\" \/><figcaption><em><span class=\"has-inline-color has-black-color\">(Foto: Audi\/Divulga\u00e7\u00e3o)<\/span><\/em><\/figcaption><\/figure><\/div>\n\n\n\n<div class=\"wp-block-image\"><figure class=\"alignright size-large is-resized\"><img loading=\"lazy\" decoding=\"async\" src=\"https:\/\/jornalfatosenoticias.com.br\/wp-content\/uploads\/2022\/07\/Logo-Grupo-SEI.jpg\" alt=\"\" class=\"wp-image-31973\" width=\"295\" height=\"155\" srcset=\"https:\/\/jornalfatosenoticias.com.br\/wp-content\/uploads\/2022\/07\/Logo-Grupo-SEI.jpg 713w, https:\/\/jornalfatosenoticias.com.br\/wp-content\/uploads\/2022\/07\/Logo-Grupo-SEI-300x158.jpg 300w\" sizes=\"auto, (max-width: 295px) 100vw, 295px\" \/><\/figure><\/div>\n\n\n\n<p><strong><span class=\"has-inline-color has-black-color\">Sistema baseado em realidade virtual<br><\/span><\/strong>Em 2019, a alem\u00e3 Audi confirmou que iria refor\u00e7ar as experi\u00eancias em realidade virtual nos seus carros, incluindo os games. Um <strong>novo sistema de entretenimento automotivo baseado em VR <\/strong>ser\u00e1 apresentado na CES pela empresa e poder\u00e1 ser testado pelos visitantes da feira.<\/p>\n\n\n\n<div class=\"wp-block-image\"><figure class=\"aligncenter size-large\"><img loading=\"lazy\" decoding=\"async\" width=\"1024\" height=\"111\" src=\"https:\/\/jornalfatosenoticias.com.br\/wp-content\/uploads\/2020\/02\/WhatsApp-Image-2022-09-23-at-12.09.18-1024x111.jpeg\" alt=\"\" class=\"wp-image-34527\" srcset=\"https:\/\/jornalfatosenoticias.com.br\/wp-content\/uploads\/2020\/02\/WhatsApp-Image-2022-09-23-at-12.09.18-1024x111.jpeg 1024w, https:\/\/jornalfatosenoticias.com.br\/wp-content\/uploads\/2020\/02\/WhatsApp-Image-2022-09-23-at-12.09.18-300x32.jpeg 300w, https:\/\/jornalfatosenoticias.com.br\/wp-content\/uploads\/2020\/02\/WhatsApp-Image-2022-09-23-at-12.09.18-768x83.jpeg 768w, https:\/\/jornalfatosenoticias.com.br\/wp-content\/uploads\/2020\/02\/WhatsApp-Image-2022-09-23-at-12.09.18.jpeg 1121w\" sizes=\"auto, (max-width: 1024px) 100vw, 1024px\" \/><\/figure><\/div>\n\n\n\n<p><strong><span class=\"has-inline-color has-black-color\">E os carros el\u00e9tricos?<br><\/span><\/strong>O <strong>BMW Vision Vehicle,<\/strong> um conceito de sed\u00e3 el\u00e9trico, tamb\u00e9m pode marcar presen\u00e7a no evento. O ve\u00edculo deve marcar a estreia de uma <strong>nova interface de usu\u00e1rio <\/strong>criada pela marca alem\u00e3 para os seus carros, a Dee.<\/p>\n\n\n\n<div class=\"wp-block-image\"><figure class=\"aligncenter size-large is-resized\"><img loading=\"lazy\" decoding=\"async\" src=\"https:\/\/jornalfatosenoticias.com.br\/wp-content\/uploads\/2022\/08\/logo-locau-veiculos-1024x573.png\" alt=\"\" class=\"wp-image-33078\" width=\"261\" height=\"146\"\/><\/figure><\/div>\n\n\n\n<p>Segundo um comunicado oficial da Stellantis, a <strong>Chrysler <\/strong>tamb\u00e9m apresentar\u00e1 novos detalhes sobre o desenvolvimento do seu <strong>primeiro carro el\u00e9trico de produ\u00e7\u00e3o, <\/strong>o Airlflow, com lan\u00e7amento previsto para 2025. Os \u00faltimos rumores apontam que uma nova vers\u00e3o do carro mais pr\u00f3xima da final ser\u00e1 mostrada na CES 2023.<\/p>\n\n\n\n<div class=\"wp-block-image\"><figure class=\"aligncenter size-large\"><img loading=\"lazy\" decoding=\"async\" width=\"729\" height=\"90\" src=\"https:\/\/jornalfatosenoticias.com.br\/wp-content\/uploads\/2020\/02\/Logo_Mizu.png\" alt=\"\" class=\"wp-image-1441\" srcset=\"https:\/\/jornalfatosenoticias.com.br\/wp-content\/uploads\/2020\/02\/Logo_Mizu.png 729w, https:\/\/jornalfatosenoticias.com.br\/wp-content\/uploads\/2020\/02\/Logo_Mizu-300x37.png 300w\" sizes=\"auto, (max-width: 729px) 100vw, 729px\" \/><\/figure><\/div>\n\n\n\n<p>A <strong>Mercedes-Benz<\/strong> tamb\u00e9m far\u00e1 an\u00fancios sobre os seus planos de eletrifica\u00e7\u00e3o e <strong>sistemas de assist\u00eancia de dire\u00e7\u00e3o<\/strong> voltados para o mercado norte-americano, al\u00e9m de um acordo com uma famosa \u201cmarca de entretenimento\u201d ainda n\u00e3o revelada.<br>J\u00e1 a <strong>Polestar,<\/strong> a marca de el\u00e9tricos da Volvo, deve apresentar uma pr\u00e9via de um avan\u00e7ado <strong>sistema de monitoramento de motoristas <\/strong>no Polestar 3.<\/p>\n\n\n\n<div class=\"wp-block-image\"><figure class=\"aligncenter size-large\"><img decoding=\"async\" src=\"https:\/\/jornalfatosenoticias.com.br\/wp-content\/uploads\/2020\/02\/barao-das-carnes-300x164-1.jpg\" alt=\"\" class=\"wp-image-34339\"\/><\/figure><\/div>\n\n\n\n<figure class=\"wp-block-embed-youtube wp-block-embed is-type-video is-provider-youtube wp-embed-aspect-16-9 wp-has-aspect-ratio\"><div class=\"wp-block-embed__wrapper\">\n<iframe loading=\"lazy\" title=\"ASKA\u2122 eVTOL drive and fly vehicle - now available for pre-order\" width=\"660\" height=\"371\" src=\"https:\/\/www.youtube.com\/embed\/5oiWtYLA-Go?feature=oembed\" frameborder=\"0\" allow=\"accelerometer; autoplay; clipboard-write; encrypted-media; gyroscope; picture-in-picture; web-share\" referrerpolicy=\"strict-origin-when-cross-origin\" allowfullscreen><\/iframe>\n<\/div><\/figure>\n\n\n\n<div class=\"wp-block-image\"><figure class=\"alignleft size-large\"><img loading=\"lazy\" decoding=\"async\" width=\"300\" height=\"250\" src=\"https:\/\/jornalfatosenoticias.com.br\/wp-content\/uploads\/2022\/08\/arte-Casarao.jpg\" alt=\"\" class=\"wp-image-33178\"\/><\/figure><\/div>\n\n\n\n<p>O sistema consiste em duas c\u00e2meras que rastreiam os movimentos dos olhos e p\u00e1lpebras do condutor, bem como os movimentos da cabe\u00e7a. O sistema emite alertas ao motorista e, em casos extremos, pode at\u00e9 parar o ve\u00edculo sozinho.<br>Falando em <strong>Volvo, <\/strong>o novo SUV el\u00e9trico da marca sueca, o EX 90, tamb\u00e9m far\u00e1 a sua estreia na Am\u00e9rica do Norte na CES. Programado para ser vendido nos EUA no in\u00edcio de 2024, o utilit\u00e1rio oferece 496 cavalos de pot\u00eancia, 480 km de alcance de deve sair por US$ 80 mil (R$ 423 mil na cota\u00e7\u00e3o atual).<\/p>\n\n\n\n<div class=\"wp-block-image\"><figure class=\"aligncenter size-large is-resized\"><img loading=\"lazy\" decoding=\"async\" src=\"https:\/\/jornalfatosenoticias.com.br\/wp-content\/uploads\/2020\/02\/casa-do-torresmo_portal.jpg\" alt=\"\" class=\"wp-image-34472\" width=\"229\" height=\"229\" srcset=\"https:\/\/jornalfatosenoticias.com.br\/wp-content\/uploads\/2020\/02\/casa-do-torresmo_portal.jpg 300w, https:\/\/jornalfatosenoticias.com.br\/wp-content\/uploads\/2020\/02\/casa-do-torresmo_portal-150x150.jpg 150w\" sizes=\"auto, (max-width: 229px) 100vw, 229px\" \/><\/figure><\/div>\n\n\n\n<p>Uma<strong> picape da Ram totalmente el\u00e9trica<\/strong> tamb\u00e9m pode aparecer no evento, algo aguardado h\u00e1 mais de um ano. Chamada de Ram 1500 Revolution, o ve\u00edculo finalmente deve estrear na forma de conceito na CES, mostrando uma pr\u00e9via da futura vers\u00e3o de produ\u00e7\u00e3o da caminhonete, al\u00e9m de n\u00fameros de pot\u00eancia, autonomia e capacidade do ve\u00edculo.<\/p>\n\n\n\n<div class=\"wp-block-image\"><figure class=\"aligncenter size-large\"><img decoding=\"async\" src=\"https:\/\/jornalfatosenoticias.com.br\/wp-content\/uploads\/2020\/02\/Serra-Grande-1024x160.png\" alt=\"\" class=\"wp-image-7836\"\/><\/figure><\/div>\n\n\n\n<p>Apesar de ainda n\u00e3o vender carros na Am\u00e9rica do Norte, a francesa <strong>Peugeot<\/strong> tamb\u00e9m estar\u00e1 presente em Las Vegas com um o Inception, um carro conceito que mostra uma <strong>nova linguagem de design<\/strong> que deve ser adotada pela montadora no futuro.<\/p>\n\n\n\n<div class=\"wp-block-image\"><figure class=\"aligncenter size-large is-resized\"><img loading=\"lazy\" decoding=\"async\" src=\"https:\/\/jornalfatosenoticias.com.br\/wp-content\/uploads\/2020\/02\/nova-logo-Marquetti.jpg\" alt=\"\" class=\"wp-image-22331\" width=\"284\" height=\"191\" srcset=\"https:\/\/jornalfatosenoticias.com.br\/wp-content\/uploads\/2020\/02\/nova-logo-Marquetti.jpg 643w, https:\/\/jornalfatosenoticias.com.br\/wp-content\/uploads\/2020\/02\/nova-logo-Marquetti-300x202.jpg 300w\" sizes=\"auto, (max-width: 284px) 100vw, 284px\" \/><\/figure><\/div>\n\n\n\n<p>A <strong>Sony Honda Mobility,<\/strong> resultado de uma parceria firmada entre as gigantes japonesas Sony e Honda, tamb\u00e9m pode revelar mais <strong>novidades sobre o seu primeiro carro<\/strong> na feira. O modelo deve chegar ao mercado em 2026.<br>Por fim, a <strong>Volkswagen <\/strong>tamb\u00e9m n\u00e3o ficar\u00e1 de fora. Ap\u00f3s apresentar o sed\u00e3 conceito Aero em junho deste ano, a empresa deve anunciar a vers\u00e3o de produ\u00e7\u00e3o do modelo em Las Vegas, o ID.7.<\/p>\n\n\n\n<div class=\"wp-block-image\"><figure class=\"aligncenter size-large is-resized\"><img loading=\"lazy\" decoding=\"async\" src=\"https:\/\/jornalfatosenoticias.com.br\/wp-content\/uploads\/2022\/02\/Precisao-Contabilidade-1024x724.jpg\" alt=\"\" class=\"wp-image-28088\" width=\"332\" height=\"235\"\/><\/figure><\/div>\n\n\n\n<p>O novo membro da fam\u00edlia ID deve ficar acima do ID.4 em termos de pre\u00e7o. Segundo a VW, o modelo ser\u00e1 exibido camuflado, o que indica que provavelmente se trata de uma vers\u00e3o quase final do carro.<\/p>\n\n\n\n<div class=\"wp-block-image\"><figure class=\"aligncenter size-large\"><img loading=\"lazy\" decoding=\"async\" width=\"1000\" height=\"709\" src=\"https:\/\/jornalfatosenoticias.com.br\/wp-content\/uploads\/2022\/12\/cartao-ano-novo.jpg\" alt=\"\" class=\"wp-image-37231\" srcset=\"https:\/\/jornalfatosenoticias.com.br\/wp-content\/uploads\/2022\/12\/cartao-ano-novo.jpg 1000w, https:\/\/jornalfatosenoticias.com.br\/wp-content\/uploads\/2022\/12\/cartao-ano-novo-300x213.jpg 300w, https:\/\/jornalfatosenoticias.com.br\/wp-content\/uploads\/2022\/12\/cartao-ano-novo-768x545.jpg 768w\" sizes=\"auto, (max-width: 1000px) 100vw, 1000px\" \/><\/figure><\/div>\n\n\n\n<p><strong><em>Fonte: <a href=\"https:\/\/olhardigital.com.br\/2022\/12\/30\/carros-e-tecnologia\/carros-eletricos-evtol-e-mais-o-que-esperar-da-ces-2023-em-veiculos\/\">Olhar Digital<\/a><\/em><\/strong><\/p>\n","protected":false},"excerpt":{"rendered":"<p>V\u00e1rias fabricantes v\u00e3o revelar novos carros el\u00e9tricos e sistemas inteligentes na maior feira de tecnologia do planeta Dominada pelas principais empresas de tecnologia, a CES, que acontece anualmente em Las Vegas, tamb\u00e9m se tornou o palco favorito para as montadoras mostrarem suas \u00faltimas novidades e conceitos futuristas.Em 2023 n\u00e3o ser\u00e1 diferente. \u00c9 esperado que v\u00e1rias [&hellip;]<\/p>\n","protected":false},"author":2,"featured_media":37444,"comment_status":"open","ping_status":"open","sticky":false,"template":"","format":"standard","meta":{"footnotes":""},"categories":[3],"tags":[6589,17602,8724,804],"class_list":["post-37442","post","type-post","status-publish","format-standard","has-post-thumbnail","hentry","category-tecnologia","tag-carros-eletricos","tag-ces-2023","tag-evtol","tag-veiculos"],"yoast_head":"<!-- This site is optimized with the Yoast SEO plugin v26.5 - https:\/\/yoast.com\/wordpress\/plugins\/seo\/ -->\n<title>Carros el\u00e9tricos, eVTOL e mais: o que esperar da CES 2023 em ve\u00edculos - Jornal Fatos e Not\u00edcias<\/title>\n<meta name=\"robots\" content=\"index, follow, max-snippet:-1, max-image-preview:large, max-video-preview:-1\" \/>\n<link rel=\"canonical\" href=\"https:\/\/jornalfatosenoticias.com.br\/index.php\/2022\/12\/30\/carros-eletricos-evtol-e-mais-o-que-esperar-da-ces-2023-em-veiculos\/\" \/>\n<meta property=\"og:locale\" content=\"pt_BR\" \/>\n<meta property=\"og:type\" content=\"article\" \/>\n<meta property=\"og:title\" content=\"Carros el\u00e9tricos, eVTOL e mais: o que esperar da CES 2023 em ve\u00edculos - Jornal Fatos e Not\u00edcias\" \/>\n<meta property=\"og:description\" content=\"V\u00e1rias fabricantes v\u00e3o revelar novos carros el\u00e9tricos e sistemas inteligentes na maior feira de tecnologia do planeta Dominada pelas principais empresas de tecnologia, a CES, que acontece anualmente em Las Vegas, tamb\u00e9m se tornou o palco favorito para as montadoras mostrarem suas \u00faltimas novidades e conceitos futuristas.Em 2023 n\u00e3o ser\u00e1 diferente. \u00c9 esperado que v\u00e1rias [&hellip;]\" \/>\n<meta property=\"og:url\" content=\"https:\/\/jornalfatosenoticias.com.br\/index.php\/2022\/12\/30\/carros-eletricos-evtol-e-mais-o-que-esperar-da-ces-2023-em-veiculos\/\" \/>\n<meta property=\"og:site_name\" content=\"Jornal Fatos e Not\u00edcias\" \/>\n<meta property=\"article:published_time\" content=\"2022-12-30T17:01:09+00:00\" \/>\n<meta property=\"article:modified_time\" content=\"2022-12-30T17:01:12+00:00\" \/>\n<meta property=\"og:image\" content=\"https:\/\/jornalfatosenoticias.com.br\/wp-content\/uploads\/2022\/12\/ces2023.png\" \/>\n\t<meta property=\"og:image:width\" content=\"1000\" \/>\n\t<meta property=\"og:image:height\" content=\"562\" \/>\n\t<meta property=\"og:image:type\" content=\"image\/png\" \/>\n<meta name=\"author\" content=\"Luzimara Fernandes\" \/>\n<meta name=\"twitter:card\" content=\"summary_large_image\" \/>\n<meta name=\"twitter:label1\" content=\"Escrito por\" \/>\n\t<meta name=\"twitter:data1\" content=\"Luzimara Fernandes\" \/>\n\t<meta name=\"twitter:label2\" content=\"Est. tempo de leitura\" \/>\n\t<meta name=\"twitter:data2\" content=\"4 minutos\" \/>\n<script type=\"application\/ld+json\" class=\"yoast-schema-graph\">{\"@context\":\"https:\/\/schema.org\",\"@graph\":[{\"@type\":\"Article\",\"@id\":\"https:\/\/jornalfatosenoticias.com.br\/index.php\/2022\/12\/30\/carros-eletricos-evtol-e-mais-o-que-esperar-da-ces-2023-em-veiculos\/#article\",\"isPartOf\":{\"@id\":\"https:\/\/jornalfatosenoticias.com.br\/index.php\/2022\/12\/30\/carros-eletricos-evtol-e-mais-o-que-esperar-da-ces-2023-em-veiculos\/\"},\"author\":{\"name\":\"Luzimara Fernandes\",\"@id\":\"https:\/\/jornalfatosenoticias.com.br\/#\/schema\/person\/d63837fa13ac8666eb9e74e0985d6f81\"},\"headline\":\"Carros el\u00e9tricos, eVTOL e mais: o que esperar da CES 2023 em ve\u00edculos\",\"datePublished\":\"2022-12-30T17:01:09+00:00\",\"dateModified\":\"2022-12-30T17:01:12+00:00\",\"mainEntityOfPage\":{\"@id\":\"https:\/\/jornalfatosenoticias.com.br\/index.php\/2022\/12\/30\/carros-eletricos-evtol-e-mais-o-que-esperar-da-ces-2023-em-veiculos\/\"},\"wordCount\":746,\"commentCount\":0,\"publisher\":{\"@id\":\"https:\/\/jornalfatosenoticias.com.br\/#organization\"},\"image\":{\"@id\":\"https:\/\/jornalfatosenoticias.com.br\/index.php\/2022\/12\/30\/carros-eletricos-evtol-e-mais-o-que-esperar-da-ces-2023-em-veiculos\/#primaryimage\"},\"thumbnailUrl\":\"https:\/\/jornalfatosenoticias.com.br\/wp-content\/uploads\/2022\/12\/ces2023.png\",\"keywords\":[\"carros el\u00e9tricos\",\"CES 2023\",\"eVTOL\",\"ve\u00edculos\"],\"articleSection\":[\"Tecnologia &amp; Inova\u00e7\u00e3o\"],\"inLanguage\":\"pt-BR\",\"potentialAction\":[{\"@type\":\"CommentAction\",\"name\":\"Comment\",\"target\":[\"https:\/\/jornalfatosenoticias.com.br\/index.php\/2022\/12\/30\/carros-eletricos-evtol-e-mais-o-que-esperar-da-ces-2023-em-veiculos\/#respond\"]}]},{\"@type\":\"WebPage\",\"@id\":\"https:\/\/jornalfatosenoticias.com.br\/index.php\/2022\/12\/30\/carros-eletricos-evtol-e-mais-o-que-esperar-da-ces-2023-em-veiculos\/\",\"url\":\"https:\/\/jornalfatosenoticias.com.br\/index.php\/2022\/12\/30\/carros-eletricos-evtol-e-mais-o-que-esperar-da-ces-2023-em-veiculos\/\",\"name\":\"Carros el\u00e9tricos, eVTOL e mais: o que esperar da CES 2023 em ve\u00edculos - Jornal Fatos e Not\u00edcias\",\"isPartOf\":{\"@id\":\"https:\/\/jornalfatosenoticias.com.br\/#website\"},\"primaryImageOfPage\":{\"@id\":\"https:\/\/jornalfatosenoticias.com.br\/index.php\/2022\/12\/30\/carros-eletricos-evtol-e-mais-o-que-esperar-da-ces-2023-em-veiculos\/#primaryimage\"},\"image\":{\"@id\":\"https:\/\/jornalfatosenoticias.com.br\/index.php\/2022\/12\/30\/carros-eletricos-evtol-e-mais-o-que-esperar-da-ces-2023-em-veiculos\/#primaryimage\"},\"thumbnailUrl\":\"https:\/\/jornalfatosenoticias.com.br\/wp-content\/uploads\/2022\/12\/ces2023.png\",\"datePublished\":\"2022-12-30T17:01:09+00:00\",\"dateModified\":\"2022-12-30T17:01:12+00:00\",\"breadcrumb\":{\"@id\":\"https:\/\/jornalfatosenoticias.com.br\/index.php\/2022\/12\/30\/carros-eletricos-evtol-e-mais-o-que-esperar-da-ces-2023-em-veiculos\/#breadcrumb\"},\"inLanguage\":\"pt-BR\",\"potentialAction\":[{\"@type\":\"ReadAction\",\"target\":[\"https:\/\/jornalfatosenoticias.com.br\/index.php\/2022\/12\/30\/carros-eletricos-evtol-e-mais-o-que-esperar-da-ces-2023-em-veiculos\/\"]}]},{\"@type\":\"ImageObject\",\"inLanguage\":\"pt-BR\",\"@id\":\"https:\/\/jornalfatosenoticias.com.br\/index.php\/2022\/12\/30\/carros-eletricos-evtol-e-mais-o-que-esperar-da-ces-2023-em-veiculos\/#primaryimage\",\"url\":\"https:\/\/jornalfatosenoticias.com.br\/wp-content\/uploads\/2022\/12\/ces2023.png\",\"contentUrl\":\"https:\/\/jornalfatosenoticias.com.br\/wp-content\/uploads\/2022\/12\/ces2023.png\",\"width\":1000,\"height\":562},{\"@type\":\"BreadcrumbList\",\"@id\":\"https:\/\/jornalfatosenoticias.com.br\/index.php\/2022\/12\/30\/carros-eletricos-evtol-e-mais-o-que-esperar-da-ces-2023-em-veiculos\/#breadcrumb\",\"itemListElement\":[{\"@type\":\"ListItem\",\"position\":1,\"name\":\"In\u00edcio\",\"item\":\"https:\/\/jornalfatosenoticias.com.br\/\"},{\"@type\":\"ListItem\",\"position\":2,\"name\":\"Carros el\u00e9tricos, eVTOL e mais: o que esperar da CES 2023 em ve\u00edculos\"}]},{\"@type\":\"WebSite\",\"@id\":\"https:\/\/jornalfatosenoticias.com.br\/#website\",\"url\":\"https:\/\/jornalfatosenoticias.com.br\/\",\"name\":\"Jornal Fatos e Not\u00edcias\",\"description\":\"Not\u00edcias em geral\",\"publisher\":{\"@id\":\"https:\/\/jornalfatosenoticias.com.br\/#organization\"},\"potentialAction\":[{\"@type\":\"SearchAction\",\"target\":{\"@type\":\"EntryPoint\",\"urlTemplate\":\"https:\/\/jornalfatosenoticias.com.br\/?s={search_term_string}\"},\"query-input\":{\"@type\":\"PropertyValueSpecification\",\"valueRequired\":true,\"valueName\":\"search_term_string\"}}],\"inLanguage\":\"pt-BR\"},{\"@type\":\"Organization\",\"@id\":\"https:\/\/jornalfatosenoticias.com.br\/#organization\",\"name\":\"Jornal Fatos e Not\u00edcias\",\"url\":\"https:\/\/jornalfatosenoticias.com.br\/\",\"logo\":{\"@type\":\"ImageObject\",\"inLanguage\":\"pt-BR\",\"@id\":\"https:\/\/jornalfatosenoticias.com.br\/#\/schema\/logo\/image\/\",\"url\":\"https:\/\/jornalfatosenoticias.com.br\/wp-content\/uploads\/2020\/02\/logo120.png\",\"contentUrl\":\"https:\/\/jornalfatosenoticias.com.br\/wp-content\/uploads\/2020\/02\/logo120.png\",\"width\":1227,\"height\":120,\"caption\":\"Jornal Fatos e Not\u00edcias\"},\"image\":{\"@id\":\"https:\/\/jornalfatosenoticias.com.br\/#\/schema\/logo\/image\/\"}},{\"@type\":\"Person\",\"@id\":\"https:\/\/jornalfatosenoticias.com.br\/#\/schema\/person\/d63837fa13ac8666eb9e74e0985d6f81\",\"name\":\"Luzimara Fernandes\",\"image\":{\"@type\":\"ImageObject\",\"inLanguage\":\"pt-BR\",\"@id\":\"https:\/\/jornalfatosenoticias.com.br\/#\/schema\/person\/image\/\",\"url\":\"https:\/\/jornalfatosenoticias.com.br\/wp-content\/uploads\/2025\/05\/EU_portal.jpg\",\"contentUrl\":\"https:\/\/jornalfatosenoticias.com.br\/wp-content\/uploads\/2025\/05\/EU_portal.jpg\",\"caption\":\"Luzimara Fernandes\"},\"description\":\"Jornalista MTB 2358-ES\",\"sameAs\":[\"https:\/\/jornalfatosenoticias.com.br\"],\"url\":\"https:\/\/jornalfatosenoticias.com.br\/index.php\/author\/luzimara\/\"}]}<\/script>\n<!-- \/ Yoast SEO plugin. -->","yoast_head_json":{"title":"Carros el\u00e9tricos, eVTOL e mais: o que esperar da CES 2023 em ve\u00edculos - Jornal Fatos e Not\u00edcias","robots":{"index":"index","follow":"follow","max-snippet":"max-snippet:-1","max-image-preview":"max-image-preview:large","max-video-preview":"max-video-preview:-1"},"canonical":"https:\/\/jornalfatosenoticias.com.br\/index.php\/2022\/12\/30\/carros-eletricos-evtol-e-mais-o-que-esperar-da-ces-2023-em-veiculos\/","og_locale":"pt_BR","og_type":"article","og_title":"Carros el\u00e9tricos, eVTOL e mais: o que esperar da CES 2023 em ve\u00edculos - Jornal Fatos e Not\u00edcias","og_description":"V\u00e1rias fabricantes v\u00e3o revelar novos carros el\u00e9tricos e sistemas inteligentes na maior feira de tecnologia do planeta Dominada pelas principais empresas de tecnologia, a CES, que acontece anualmente em Las Vegas, tamb\u00e9m se tornou o palco favorito para as montadoras mostrarem suas \u00faltimas novidades e conceitos futuristas.Em 2023 n\u00e3o ser\u00e1 diferente. \u00c9 esperado que v\u00e1rias [&hellip;]","og_url":"https:\/\/jornalfatosenoticias.com.br\/index.php\/2022\/12\/30\/carros-eletricos-evtol-e-mais-o-que-esperar-da-ces-2023-em-veiculos\/","og_site_name":"Jornal Fatos e Not\u00edcias","article_published_time":"2022-12-30T17:01:09+00:00","article_modified_time":"2022-12-30T17:01:12+00:00","og_image":[{"width":1000,"height":562,"url":"https:\/\/jornalfatosenoticias.com.br\/wp-content\/uploads\/2022\/12\/ces2023.png","type":"image\/png"}],"author":"Luzimara Fernandes","twitter_card":"summary_large_image","twitter_misc":{"Escrito por":"Luzimara Fernandes","Est. tempo de leitura":"4 minutos"},"schema":{"@context":"https:\/\/schema.org","@graph":[{"@type":"Article","@id":"https:\/\/jornalfatosenoticias.com.br\/index.php\/2022\/12\/30\/carros-eletricos-evtol-e-mais-o-que-esperar-da-ces-2023-em-veiculos\/#article","isPartOf":{"@id":"https:\/\/jornalfatosenoticias.com.br\/index.php\/2022\/12\/30\/carros-eletricos-evtol-e-mais-o-que-esperar-da-ces-2023-em-veiculos\/"},"author":{"name":"Luzimara Fernandes","@id":"https:\/\/jornalfatosenoticias.com.br\/#\/schema\/person\/d63837fa13ac8666eb9e74e0985d6f81"},"headline":"Carros el\u00e9tricos, eVTOL e mais: o que esperar da CES 2023 em ve\u00edculos","datePublished":"2022-12-30T17:01:09+00:00","dateModified":"2022-12-30T17:01:12+00:00","mainEntityOfPage":{"@id":"https:\/\/jornalfatosenoticias.com.br\/index.php\/2022\/12\/30\/carros-eletricos-evtol-e-mais-o-que-esperar-da-ces-2023-em-veiculos\/"},"wordCount":746,"commentCount":0,"publisher":{"@id":"https:\/\/jornalfatosenoticias.com.br\/#organization"},"image":{"@id":"https:\/\/jornalfatosenoticias.com.br\/index.php\/2022\/12\/30\/carros-eletricos-evtol-e-mais-o-que-esperar-da-ces-2023-em-veiculos\/#primaryimage"},"thumbnailUrl":"https:\/\/jornalfatosenoticias.com.br\/wp-content\/uploads\/2022\/12\/ces2023.png","keywords":["carros el\u00e9tricos","CES 2023","eVTOL","ve\u00edculos"],"articleSection":["Tecnologia &amp; Inova\u00e7\u00e3o"],"inLanguage":"pt-BR","potentialAction":[{"@type":"CommentAction","name":"Comment","target":["https:\/\/jornalfatosenoticias.com.br\/index.php\/2022\/12\/30\/carros-eletricos-evtol-e-mais-o-que-esperar-da-ces-2023-em-veiculos\/#respond"]}]},{"@type":"WebPage","@id":"https:\/\/jornalfatosenoticias.com.br\/index.php\/2022\/12\/30\/carros-eletricos-evtol-e-mais-o-que-esperar-da-ces-2023-em-veiculos\/","url":"https:\/\/jornalfatosenoticias.com.br\/index.php\/2022\/12\/30\/carros-eletricos-evtol-e-mais-o-que-esperar-da-ces-2023-em-veiculos\/","name":"Carros el\u00e9tricos, eVTOL e mais: o que esperar da CES 2023 em ve\u00edculos - Jornal Fatos e Not\u00edcias","isPartOf":{"@id":"https:\/\/jornalfatosenoticias.com.br\/#website"},"primaryImageOfPage":{"@id":"https:\/\/jornalfatosenoticias.com.br\/index.php\/2022\/12\/30\/carros-eletricos-evtol-e-mais-o-que-esperar-da-ces-2023-em-veiculos\/#primaryimage"},"image":{"@id":"https:\/\/jornalfatosenoticias.com.br\/index.php\/2022\/12\/30\/carros-eletricos-evtol-e-mais-o-que-esperar-da-ces-2023-em-veiculos\/#primaryimage"},"thumbnailUrl":"https:\/\/jornalfatosenoticias.com.br\/wp-content\/uploads\/2022\/12\/ces2023.png","datePublished":"2022-12-30T17:01:09+00:00","dateModified":"2022-12-30T17:01:12+00:00","breadcrumb":{"@id":"https:\/\/jornalfatosenoticias.com.br\/index.php\/2022\/12\/30\/carros-eletricos-evtol-e-mais-o-que-esperar-da-ces-2023-em-veiculos\/#breadcrumb"},"inLanguage":"pt-BR","potentialAction":[{"@type":"ReadAction","target":["https:\/\/jornalfatosenoticias.com.br\/index.php\/2022\/12\/30\/carros-eletricos-evtol-e-mais-o-que-esperar-da-ces-2023-em-veiculos\/"]}]},{"@type":"ImageObject","inLanguage":"pt-BR","@id":"https:\/\/jornalfatosenoticias.com.br\/index.php\/2022\/12\/30\/carros-eletricos-evtol-e-mais-o-que-esperar-da-ces-2023-em-veiculos\/#primaryimage","url":"https:\/\/jornalfatosenoticias.com.br\/wp-content\/uploads\/2022\/12\/ces2023.png","contentUrl":"https:\/\/jornalfatosenoticias.com.br\/wp-content\/uploads\/2022\/12\/ces2023.png","width":1000,"height":562},{"@type":"BreadcrumbList","@id":"https:\/\/jornalfatosenoticias.com.br\/index.php\/2022\/12\/30\/carros-eletricos-evtol-e-mais-o-que-esperar-da-ces-2023-em-veiculos\/#breadcrumb","itemListElement":[{"@type":"ListItem","position":1,"name":"In\u00edcio","item":"https:\/\/jornalfatosenoticias.com.br\/"},{"@type":"ListItem","position":2,"name":"Carros el\u00e9tricos, eVTOL e mais: o que esperar da CES 2023 em ve\u00edculos"}]},{"@type":"WebSite","@id":"https:\/\/jornalfatosenoticias.com.br\/#website","url":"https:\/\/jornalfatosenoticias.com.br\/","name":"Jornal Fatos e Not\u00edcias","description":"Not\u00edcias em geral","publisher":{"@id":"https:\/\/jornalfatosenoticias.com.br\/#organization"},"potentialAction":[{"@type":"SearchAction","target":{"@type":"EntryPoint","urlTemplate":"https:\/\/jornalfatosenoticias.com.br\/?s={search_term_string}"},"query-input":{"@type":"PropertyValueSpecification","valueRequired":true,"valueName":"search_term_string"}}],"inLanguage":"pt-BR"},{"@type":"Organization","@id":"https:\/\/jornalfatosenoticias.com.br\/#organization","name":"Jornal Fatos e Not\u00edcias","url":"https:\/\/jornalfatosenoticias.com.br\/","logo":{"@type":"ImageObject","inLanguage":"pt-BR","@id":"https:\/\/jornalfatosenoticias.com.br\/#\/schema\/logo\/image\/","url":"https:\/\/jornalfatosenoticias.com.br\/wp-content\/uploads\/2020\/02\/logo120.png","contentUrl":"https:\/\/jornalfatosenoticias.com.br\/wp-content\/uploads\/2020\/02\/logo120.png","width":1227,"height":120,"caption":"Jornal Fatos e Not\u00edcias"},"image":{"@id":"https:\/\/jornalfatosenoticias.com.br\/#\/schema\/logo\/image\/"}},{"@type":"Person","@id":"https:\/\/jornalfatosenoticias.com.br\/#\/schema\/person\/d63837fa13ac8666eb9e74e0985d6f81","name":"Luzimara Fernandes","image":{"@type":"ImageObject","inLanguage":"pt-BR","@id":"https:\/\/jornalfatosenoticias.com.br\/#\/schema\/person\/image\/","url":"https:\/\/jornalfatosenoticias.com.br\/wp-content\/uploads\/2025\/05\/EU_portal.jpg","contentUrl":"https:\/\/jornalfatosenoticias.com.br\/wp-content\/uploads\/2025\/05\/EU_portal.jpg","caption":"Luzimara Fernandes"},"description":"Jornalista MTB 2358-ES","sameAs":["https:\/\/jornalfatosenoticias.com.br"],"url":"https:\/\/jornalfatosenoticias.com.br\/index.php\/author\/luzimara\/"}]}},"cc_featured_image_caption":{"caption_text":"(Foto: Audi\/Divulga\u00e7\u00e3o)","source_text":"","source_url":""},"jetpack_featured_media_url":"https:\/\/jornalfatosenoticias.com.br\/wp-content\/uploads\/2022\/12\/ces2023.png","_links":{"self":[{"href":"https:\/\/jornalfatosenoticias.com.br\/index.php\/wp-json\/wp\/v2\/posts\/37442","targetHints":{"allow":["GET"]}}],"collection":[{"href":"https:\/\/jornalfatosenoticias.com.br\/index.php\/wp-json\/wp\/v2\/posts"}],"about":[{"href":"https:\/\/jornalfatosenoticias.com.br\/index.php\/wp-json\/wp\/v2\/types\/post"}],"author":[{"embeddable":true,"href":"https:\/\/jornalfatosenoticias.com.br\/index.php\/wp-json\/wp\/v2\/users\/2"}],"replies":[{"embeddable":true,"href":"https:\/\/jornalfatosenoticias.com.br\/index.php\/wp-json\/wp\/v2\/comments?post=37442"}],"version-history":[{"count":0,"href":"https:\/\/jornalfatosenoticias.com.br\/index.php\/wp-json\/wp\/v2\/posts\/37442\/revisions"}],"wp:featuredmedia":[{"embeddable":true,"href":"https:\/\/jornalfatosenoticias.com.br\/index.php\/wp-json\/wp\/v2\/media\/37444"}],"wp:attachment":[{"href":"https:\/\/jornalfatosenoticias.com.br\/index.php\/wp-json\/wp\/v2\/media?parent=37442"}],"wp:term":[{"taxonomy":"category","embeddable":true,"href":"https:\/\/jornalfatosenoticias.com.br\/index.php\/wp-json\/wp\/v2\/categories?post=37442"},{"taxonomy":"post_tag","embeddable":true,"href":"https:\/\/jornalfatosenoticias.com.br\/index.php\/wp-json\/wp\/v2\/tags?post=37442"}],"curies":[{"name":"wp","href":"https:\/\/api.w.org\/{rel}","templated":true}]}}