{"id":3745,"date":"2020-04-28T13:54:41","date_gmt":"2020-04-28T16:54:41","guid":{"rendered":"https:\/\/jornalfatosenoticias.com.br\/?p=3745"},"modified":"2020-04-28T13:54:47","modified_gmt":"2020-04-28T16:54:47","slug":"28-de-abril-hoje-e-comemorado-o-dia-nacional-da-caatinga","status":"publish","type":"post","link":"https:\/\/jornalfatosenoticias.com.br\/index.php\/2020\/04\/28\/28-de-abril-hoje-e-comemorado-o-dia-nacional-da-caatinga\/","title":{"rendered":"28 de abril \u2014 Hoje \u00e9 comemorado o Dia Nacional da Caatinga"},"content":{"rendered":"\n<h6 class=\"wp-block-heading\"><em>No anivers\u00e1rio do bioma, o ICMBio comemora a amplia\u00e7\u00e3o no n\u00famero de unidades de conserva\u00e7\u00e3o federais na Caatinga e a repatria\u00e7\u00e3o de 52 exemplares de ararinha-azul, que retornaram ao seu lar<\/em><\/h6>\n\n\n\n<p>Hoje, 28, se comemora o Dia Nacional da Caatinga, \u00fanico bioma 100% brasileiro e um dos biomas mais povoados (s\u00e3o mais de 20 milh\u00f5es de brasileiros vivendo nos 850 mil km\u00b2) que representam cerca de 11% do territ\u00f3rio nacional, abrangendo todos os estados do Nordeste e do norte de Minas Gerais. Nos \u00faltimos anos, o Instituto Chico Mendes de Conserva\u00e7\u00e3o da Biodiversidade (ICMBio) ampliou o n\u00famero de unidades de conserva\u00e7\u00e3o federais neste bioma e comemora a repatria\u00e7\u00e3o de 52 exemplares de ararinha-azul (Cyanopsitta spixii), que retornaram ao seu lar, a caatinga baiana, em mar\u00e7o deste ano. Essa ave estava extinta na natureza e \u00e9 end\u00eamica da regi\u00e3o.<br>A diversidade, a riqueza de esp\u00e9cies e o n\u00famero de endemismos da Caatinga foram, por muito tempo, considerados baixos. Entretanto, pesquisas recentes demonstram o contr\u00e1rio. S\u00e3o registradas para o bioma, at\u00e9 o momento, 3.200 esp\u00e9cies de plantas, 371 de peixes, 224 de r\u00e9pteis, 98 de anf\u00edbios, 183 de mam\u00edferos e 548 de aves. A Caatinga \u00e9 o lar da ave com maior risco de extin\u00e7\u00e3o no Brasil, a ararinha-azul (Cyanopsitta spixii), e de outra esp\u00e9cie amea\u00e7ada, a arara-azul-de-lear (Anodorhynchus leari). Outras aves end\u00eamicas identificadas pelo Centro Nacional de Pesquisa e Conserva\u00e7\u00e3o de Aves Silvestres (Cemave), do ICMBio, na Para\u00edba, s\u00e3o o soldadinho-do-araripe, beija-flor-de-gravata-vermelha, bico-virado-da-caatinga, tem-farinha-a\u00ed, zabel\u00ea. Na lista de animais end\u00eamicos, h\u00e1 tamb\u00e9m sapo-cururu, asa-branca, cotia, gamb\u00e1, pre\u00e1, veado-catingueiro, tatu-peba e o sagui-do-nordeste, entre outros.<\/p>\n\n\n\n<figure class=\"wp-block-image size-large\"><img loading=\"lazy\" decoding=\"async\" width=\"1000\" height=\"748\" src=\"https:\/\/jornalfatosenoticias.com.br\/wp-content\/uploads\/2020\/04\/corrupiao_ou_sofrer_Icterus_jamacaii_Cristine_Prates.jpg\" alt=\"\" class=\"wp-image-3746\" srcset=\"https:\/\/jornalfatosenoticias.com.br\/wp-content\/uploads\/2020\/04\/corrupiao_ou_sofrer_Icterus_jamacaii_Cristine_Prates.jpg 1000w, https:\/\/jornalfatosenoticias.com.br\/wp-content\/uploads\/2020\/04\/corrupiao_ou_sofrer_Icterus_jamacaii_Cristine_Prates-300x224.jpg 300w, https:\/\/jornalfatosenoticias.com.br\/wp-content\/uploads\/2020\/04\/corrupiao_ou_sofrer_Icterus_jamacaii_Cristine_Prates-768x574.jpg 768w\" sizes=\"auto, (max-width: 1000px) 100vw, 1000px\" \/><figcaption><em>Conhecido como Corrupi\u00e3o ou Sofrer, p\u00e1ssaro, que era end\u00eamico, j\u00e1 migrou para outros biomas (Foto: Cristine Prates)<\/em><\/figcaption><\/figure>\n\n\n\n<p>Para ampliar a conserva\u00e7\u00e3o da biodiversidade da Caatinga, h\u00e1 dois anos o ICMBio criou tr\u00eas unidades de conserva\u00e7\u00e3o federais: a \u00c1rea de Prote\u00e7\u00e3o Ambiental (APA) Boqueir\u00e3o da On\u00e7a, o Parque Nacional Boqueir\u00e3o da On\u00e7a e o Ref\u00fagio de Vida Silvestre da Ararinha-Azul, todas na Bahia. A cria\u00e7\u00e3o da APA e do Parque Boqueir\u00e3o da On\u00e7a, que juntas t\u00eam quase 9.000 km\u00b2, foi fundamental na prote\u00e7\u00e3o das on\u00e7as-pintadas. No Brasil, a on\u00e7a-pintada vive em diversos biomas, mas \u00e9 na Mata Atl\u00e2ntica e na Caatinga que a esp\u00e9cie est\u00e1 mais amea\u00e7ada, sendo considerada criticamente em perigo de extin\u00e7\u00e3o.<br>Extintas da natureza, 52 exemplares de ararinha-azul retornaram ao seu lar em mar\u00e7o deste ano: a caatinga baiana. As aves vieram da Alemanha, por meio da organiza\u00e7\u00e3o n\u00e3o governamental alem\u00e3 Association for the Conservation of Threatened Parrots (ACTP) que, em parceria com o Governo Federal, trouxe as aves para o Brasil. Elas est\u00e3o no Ref\u00fagio de Vida Silvestre da Ararinha-Azul, unidade de conserva\u00e7\u00e3o federal criada em 2018 especialmente para receb\u00ea-las, antes de serem soltas na natureza.<br>O ICMBio tem outra unidade que protege o bioma, como a Esta\u00e7\u00e3o Ecol\u00f3gica (Esec) Raso da Catarina (BA), que abriga uma \u00e1rea significativamente conservada do bioma Caatinga. E \u00e9 nesta regi\u00e3o do Raso da Catarina e no Boqueir\u00e3o da On\u00e7a que vive outra esp\u00e9cie end\u00eamica da caatinga: a arara-azul-de-lear. A esp\u00e9cie \u00e9 categorizada como Em Perigo de extin\u00e7\u00e3o e est\u00e1 contemplada no Plano de A\u00e7\u00e3o Nacional para Conserva\u00e7\u00e3o das Aves da Caatinga, coordenado pelo Cemave. Um censo, realizado em 2018 pelo Cemave e institui\u00e7\u00f5es parceiras, apontou que nesta regi\u00e3o vivem 1.700 araras-azuis-lear.<\/p>\n\n\n\n<figure class=\"wp-block-image size-large\"><img loading=\"lazy\" decoding=\"async\" width=\"1000\" height=\"738\" src=\"https:\/\/jornalfatosenoticias.com.br\/wp-content\/uploads\/2020\/04\/bico-virado-da-caatinga.jpg\" alt=\"\" class=\"wp-image-3747\" srcset=\"https:\/\/jornalfatosenoticias.com.br\/wp-content\/uploads\/2020\/04\/bico-virado-da-caatinga.jpg 1000w, https:\/\/jornalfatosenoticias.com.br\/wp-content\/uploads\/2020\/04\/bico-virado-da-caatinga-300x221.jpg 300w, https:\/\/jornalfatosenoticias.com.br\/wp-content\/uploads\/2020\/04\/bico-virado-da-caatinga-768x567.jpg 768w\" sizes=\"auto, (max-width: 1000px) 100vw, 1000px\" \/><figcaption><em>P\u00e1ssaro conhecido como bico-virado-da-caatinga (Cristine Prates)<\/em><\/figcaption><\/figure>\n\n\n\n<h4 class=\"wp-block-heading\">Ainda sobre o Bioma<\/h4>\n\n\n\n<p>A \u00e1rea da Caatinga \u00e9 de 844.453 Km\u00b2 (IBGE, 2004) e a totalidade de seus limites encontra-se dentro do territ\u00f3rio brasileiro, ou seja, seu patrim\u00f4nio biol\u00f3gico n\u00e3o \u00e9 encontrado em nenhuma outra regi\u00e3o do mundo. Faz limite com outros tr\u00eas biomas do Pa\u00eds, a Amaz\u00f4nia, a Mata Atl\u00e2ntica e o Cerrado. De todos os estados em que ocorre a Caatinga, o Cear\u00e1 \u00e9 o que possui maior parte do seu territ\u00f3rio formado por esse bioma.<br>A regi\u00e3o se caracteriza por apresentar clima tropical semi\u00e1rido, com chuvas inferiores a 750 mm anuais na maior parte do dom\u00ednio e temperatura m\u00e9dia anual em torno de 26\u00b0C. \u201cAs caatingas s\u00e3o espa\u00e7os de resili\u00eancia, poucas regi\u00f5es vivem stress h\u00eddricos t\u00e3o permanentes, mas as formas de vida que ali residem se relacionam com a abund\u00e2ncia e a escassez de uma forma equilibrada, harm\u00f4nica e de frui\u00e7\u00e3o, vivendo cada dia cada esta\u00e7\u00e3o como se fosse \u00fanica\u201d, argumenta o analista ambiental do Cemave, em Cabedelo, na Para\u00edba, Elivan Souza, que vive o dia a dia na Caatinga.<\/p>\n\n\n\n<p><em>Acesse <strong><a href=\"https:\/\/www.wikiaves.com.br\/wiki\/corrupiao\">aqui e escute o canto do p\u00e1ssaro<\/a><\/strong> conhecido como Corrupi\u00e3o ou Sofrer.<\/em><\/p>\n\n\n\n<p><strong><em>Fonte: <a href=\"https:\/\/www.icmbio.gov.br\/portal\/ultimas-noticias\/20-geral\/11042-hoje-28-e-comemorado-o-dia-nacional-da-caatinga\">ICMBio<\/a><\/em><\/strong><\/p>\n","protected":false},"excerpt":{"rendered":"<p>No anivers\u00e1rio do bioma, o ICMBio comemora a amplia\u00e7\u00e3o no n\u00famero de unidades de conserva\u00e7\u00e3o federais na Caatinga e a repatria\u00e7\u00e3o de 52 exemplares de ararinha-azul, que retornaram ao seu lar Hoje, 28, se comemora o Dia Nacional da Caatinga, \u00fanico bioma 100% brasileiro e um dos biomas mais povoados (s\u00e3o mais de 20 milh\u00f5es [&hellip;]<\/p>\n","protected":false},"author":2,"featured_media":3749,"comment_status":"open","ping_status":"open","sticky":false,"template":"","format":"standard","meta":{"footnotes":""},"categories":[8],"tags":[2181,334,1064,256,2180,257,2178,1509,2179],"class_list":["post-3745","post","type-post","status-publish","format-standard","has-post-thumbnail","hentry","category-meio-ambiente","tag-apa","tag-biodiversidade","tag-bioma","tag-caatinga","tag-cemave","tag-cerrado","tag-dia-nacional-da-caatinga","tag-icmbio","tag-unidades-de-conservacao"],"yoast_head":"<!-- This site is optimized with the Yoast SEO plugin v26.5 - https:\/\/yoast.com\/wordpress\/plugins\/seo\/ -->\n<title>28 de abril \u2014 Hoje \u00e9 comemorado o Dia Nacional da Caatinga - Jornal Fatos e Not\u00edcias<\/title>\n<meta name=\"robots\" content=\"index, follow, max-snippet:-1, max-image-preview:large, max-video-preview:-1\" \/>\n<link rel=\"canonical\" href=\"https:\/\/jornalfatosenoticias.com.br\/index.php\/2020\/04\/28\/28-de-abril-hoje-e-comemorado-o-dia-nacional-da-caatinga\/\" \/>\n<meta property=\"og:locale\" content=\"pt_BR\" \/>\n<meta property=\"og:type\" content=\"article\" \/>\n<meta property=\"og:title\" content=\"28 de abril \u2014 Hoje \u00e9 comemorado o Dia Nacional da Caatinga - Jornal Fatos e Not\u00edcias\" \/>\n<meta property=\"og:description\" content=\"No anivers\u00e1rio do bioma, o ICMBio comemora a amplia\u00e7\u00e3o no n\u00famero de unidades de conserva\u00e7\u00e3o federais na Caatinga e a repatria\u00e7\u00e3o de 52 exemplares de ararinha-azul, que retornaram ao seu lar Hoje, 28, se comemora o Dia Nacional da Caatinga, \u00fanico bioma 100% brasileiro e um dos biomas mais povoados (s\u00e3o mais de 20 milh\u00f5es [&hellip;]\" \/>\n<meta property=\"og:url\" content=\"https:\/\/jornalfatosenoticias.com.br\/index.php\/2020\/04\/28\/28-de-abril-hoje-e-comemorado-o-dia-nacional-da-caatinga\/\" \/>\n<meta property=\"og:site_name\" content=\"Jornal Fatos e Not\u00edcias\" \/>\n<meta property=\"article:published_time\" content=\"2020-04-28T16:54:41+00:00\" \/>\n<meta property=\"article:modified_time\" content=\"2020-04-28T16:54:47+00:00\" \/>\n<meta property=\"og:image\" content=\"https:\/\/jornalfatosenoticias.com.br\/wp-content\/uploads\/2020\/04\/Ararinha-azul_Carla_e_Tiago_ACTP_8-1.jpg\" \/>\n\t<meta property=\"og:image:width\" content=\"1000\" \/>\n\t<meta property=\"og:image:height\" content=\"666\" \/>\n\t<meta property=\"og:image:type\" content=\"image\/jpeg\" \/>\n<meta name=\"author\" content=\"Luzimara Fernandes\" \/>\n<meta name=\"twitter:card\" content=\"summary_large_image\" \/>\n<meta name=\"twitter:label1\" content=\"Escrito por\" \/>\n\t<meta name=\"twitter:data1\" content=\"Luzimara Fernandes\" \/>\n\t<meta name=\"twitter:label2\" content=\"Est. tempo de leitura\" \/>\n\t<meta name=\"twitter:data2\" content=\"4 minutos\" \/>\n<script type=\"application\/ld+json\" class=\"yoast-schema-graph\">{\"@context\":\"https:\/\/schema.org\",\"@graph\":[{\"@type\":\"Article\",\"@id\":\"https:\/\/jornalfatosenoticias.com.br\/index.php\/2020\/04\/28\/28-de-abril-hoje-e-comemorado-o-dia-nacional-da-caatinga\/#article\",\"isPartOf\":{\"@id\":\"https:\/\/jornalfatosenoticias.com.br\/index.php\/2020\/04\/28\/28-de-abril-hoje-e-comemorado-o-dia-nacional-da-caatinga\/\"},\"author\":{\"name\":\"Luzimara Fernandes\",\"@id\":\"https:\/\/jornalfatosenoticias.com.br\/#\/schema\/person\/d63837fa13ac8666eb9e74e0985d6f81\"},\"headline\":\"28 de abril \u2014 Hoje \u00e9 comemorado o Dia Nacional da Caatinga\",\"datePublished\":\"2020-04-28T16:54:41+00:00\",\"dateModified\":\"2020-04-28T16:54:47+00:00\",\"mainEntityOfPage\":{\"@id\":\"https:\/\/jornalfatosenoticias.com.br\/index.php\/2020\/04\/28\/28-de-abril-hoje-e-comemorado-o-dia-nacional-da-caatinga\/\"},\"wordCount\":822,\"commentCount\":0,\"publisher\":{\"@id\":\"https:\/\/jornalfatosenoticias.com.br\/#organization\"},\"image\":{\"@id\":\"https:\/\/jornalfatosenoticias.com.br\/index.php\/2020\/04\/28\/28-de-abril-hoje-e-comemorado-o-dia-nacional-da-caatinga\/#primaryimage\"},\"thumbnailUrl\":\"https:\/\/jornalfatosenoticias.com.br\/wp-content\/uploads\/2020\/04\/Ararinha-azul_Carla_e_Tiago_ACTP_8-1.jpg\",\"keywords\":[\"APA\",\"biodiversidade\",\"bioma\",\"caatinga\",\"Cemave\",\"cerrado\",\"Dia Nacional da Caatinga\",\"ICMBio\",\"unidades de conserva\u00e7\u00e3o\"],\"articleSection\":[\"Meio ambiente\"],\"inLanguage\":\"pt-BR\",\"potentialAction\":[{\"@type\":\"CommentAction\",\"name\":\"Comment\",\"target\":[\"https:\/\/jornalfatosenoticias.com.br\/index.php\/2020\/04\/28\/28-de-abril-hoje-e-comemorado-o-dia-nacional-da-caatinga\/#respond\"]}]},{\"@type\":\"WebPage\",\"@id\":\"https:\/\/jornalfatosenoticias.com.br\/index.php\/2020\/04\/28\/28-de-abril-hoje-e-comemorado-o-dia-nacional-da-caatinga\/\",\"url\":\"https:\/\/jornalfatosenoticias.com.br\/index.php\/2020\/04\/28\/28-de-abril-hoje-e-comemorado-o-dia-nacional-da-caatinga\/\",\"name\":\"28 de abril \u2014 Hoje \u00e9 comemorado o Dia Nacional da Caatinga - Jornal Fatos e Not\u00edcias\",\"isPartOf\":{\"@id\":\"https:\/\/jornalfatosenoticias.com.br\/#website\"},\"primaryImageOfPage\":{\"@id\":\"https:\/\/jornalfatosenoticias.com.br\/index.php\/2020\/04\/28\/28-de-abril-hoje-e-comemorado-o-dia-nacional-da-caatinga\/#primaryimage\"},\"image\":{\"@id\":\"https:\/\/jornalfatosenoticias.com.br\/index.php\/2020\/04\/28\/28-de-abril-hoje-e-comemorado-o-dia-nacional-da-caatinga\/#primaryimage\"},\"thumbnailUrl\":\"https:\/\/jornalfatosenoticias.com.br\/wp-content\/uploads\/2020\/04\/Ararinha-azul_Carla_e_Tiago_ACTP_8-1.jpg\",\"datePublished\":\"2020-04-28T16:54:41+00:00\",\"dateModified\":\"2020-04-28T16:54:47+00:00\",\"breadcrumb\":{\"@id\":\"https:\/\/jornalfatosenoticias.com.br\/index.php\/2020\/04\/28\/28-de-abril-hoje-e-comemorado-o-dia-nacional-da-caatinga\/#breadcrumb\"},\"inLanguage\":\"pt-BR\",\"potentialAction\":[{\"@type\":\"ReadAction\",\"target\":[\"https:\/\/jornalfatosenoticias.com.br\/index.php\/2020\/04\/28\/28-de-abril-hoje-e-comemorado-o-dia-nacional-da-caatinga\/\"]}]},{\"@type\":\"ImageObject\",\"inLanguage\":\"pt-BR\",\"@id\":\"https:\/\/jornalfatosenoticias.com.br\/index.php\/2020\/04\/28\/28-de-abril-hoje-e-comemorado-o-dia-nacional-da-caatinga\/#primaryimage\",\"url\":\"https:\/\/jornalfatosenoticias.com.br\/wp-content\/uploads\/2020\/04\/Ararinha-azul_Carla_e_Tiago_ACTP_8-1.jpg\",\"contentUrl\":\"https:\/\/jornalfatosenoticias.com.br\/wp-content\/uploads\/2020\/04\/Ararinha-azul_Carla_e_Tiago_ACTP_8-1.jpg\",\"width\":1000,\"height\":666},{\"@type\":\"BreadcrumbList\",\"@id\":\"https:\/\/jornalfatosenoticias.com.br\/index.php\/2020\/04\/28\/28-de-abril-hoje-e-comemorado-o-dia-nacional-da-caatinga\/#breadcrumb\",\"itemListElement\":[{\"@type\":\"ListItem\",\"position\":1,\"name\":\"In\u00edcio\",\"item\":\"https:\/\/jornalfatosenoticias.com.br\/\"},{\"@type\":\"ListItem\",\"position\":2,\"name\":\"28 de abril \u2014 Hoje \u00e9 comemorado o Dia Nacional da Caatinga\"}]},{\"@type\":\"WebSite\",\"@id\":\"https:\/\/jornalfatosenoticias.com.br\/#website\",\"url\":\"https:\/\/jornalfatosenoticias.com.br\/\",\"name\":\"Jornal Fatos e Not\u00edcias\",\"description\":\"Not\u00edcias em geral\",\"publisher\":{\"@id\":\"https:\/\/jornalfatosenoticias.com.br\/#organization\"},\"potentialAction\":[{\"@type\":\"SearchAction\",\"target\":{\"@type\":\"EntryPoint\",\"urlTemplate\":\"https:\/\/jornalfatosenoticias.com.br\/?s={search_term_string}\"},\"query-input\":{\"@type\":\"PropertyValueSpecification\",\"valueRequired\":true,\"valueName\":\"search_term_string\"}}],\"inLanguage\":\"pt-BR\"},{\"@type\":\"Organization\",\"@id\":\"https:\/\/jornalfatosenoticias.com.br\/#organization\",\"name\":\"Jornal Fatos e Not\u00edcias\",\"url\":\"https:\/\/jornalfatosenoticias.com.br\/\",\"logo\":{\"@type\":\"ImageObject\",\"inLanguage\":\"pt-BR\",\"@id\":\"https:\/\/jornalfatosenoticias.com.br\/#\/schema\/logo\/image\/\",\"url\":\"https:\/\/jornalfatosenoticias.com.br\/wp-content\/uploads\/2020\/02\/logo120.png\",\"contentUrl\":\"https:\/\/jornalfatosenoticias.com.br\/wp-content\/uploads\/2020\/02\/logo120.png\",\"width\":1227,\"height\":120,\"caption\":\"Jornal Fatos e Not\u00edcias\"},\"image\":{\"@id\":\"https:\/\/jornalfatosenoticias.com.br\/#\/schema\/logo\/image\/\"}},{\"@type\":\"Person\",\"@id\":\"https:\/\/jornalfatosenoticias.com.br\/#\/schema\/person\/d63837fa13ac8666eb9e74e0985d6f81\",\"name\":\"Luzimara Fernandes\",\"image\":{\"@type\":\"ImageObject\",\"inLanguage\":\"pt-BR\",\"@id\":\"https:\/\/jornalfatosenoticias.com.br\/#\/schema\/person\/image\/\",\"url\":\"https:\/\/jornalfatosenoticias.com.br\/wp-content\/uploads\/2025\/05\/EU_portal.jpg\",\"contentUrl\":\"https:\/\/jornalfatosenoticias.com.br\/wp-content\/uploads\/2025\/05\/EU_portal.jpg\",\"caption\":\"Luzimara Fernandes\"},\"description\":\"Jornalista MTB 2358-ES\",\"sameAs\":[\"https:\/\/jornalfatosenoticias.com.br\"],\"url\":\"https:\/\/jornalfatosenoticias.com.br\/index.php\/author\/luzimara\/\"}]}<\/script>\n<!-- \/ Yoast SEO plugin. -->","yoast_head_json":{"title":"28 de abril \u2014 Hoje \u00e9 comemorado o Dia Nacional da Caatinga - Jornal Fatos e Not\u00edcias","robots":{"index":"index","follow":"follow","max-snippet":"max-snippet:-1","max-image-preview":"max-image-preview:large","max-video-preview":"max-video-preview:-1"},"canonical":"https:\/\/jornalfatosenoticias.com.br\/index.php\/2020\/04\/28\/28-de-abril-hoje-e-comemorado-o-dia-nacional-da-caatinga\/","og_locale":"pt_BR","og_type":"article","og_title":"28 de abril \u2014 Hoje \u00e9 comemorado o Dia Nacional da Caatinga - Jornal Fatos e Not\u00edcias","og_description":"No anivers\u00e1rio do bioma, o ICMBio comemora a amplia\u00e7\u00e3o no n\u00famero de unidades de conserva\u00e7\u00e3o federais na Caatinga e a repatria\u00e7\u00e3o de 52 exemplares de ararinha-azul, que retornaram ao seu lar Hoje, 28, se comemora o Dia Nacional da Caatinga, \u00fanico bioma 100% brasileiro e um dos biomas mais povoados (s\u00e3o mais de 20 milh\u00f5es [&hellip;]","og_url":"https:\/\/jornalfatosenoticias.com.br\/index.php\/2020\/04\/28\/28-de-abril-hoje-e-comemorado-o-dia-nacional-da-caatinga\/","og_site_name":"Jornal Fatos e Not\u00edcias","article_published_time":"2020-04-28T16:54:41+00:00","article_modified_time":"2020-04-28T16:54:47+00:00","og_image":[{"width":1000,"height":666,"url":"https:\/\/jornalfatosenoticias.com.br\/wp-content\/uploads\/2020\/04\/Ararinha-azul_Carla_e_Tiago_ACTP_8-1.jpg","type":"image\/jpeg"}],"author":"Luzimara Fernandes","twitter_card":"summary_large_image","twitter_misc":{"Escrito por":"Luzimara Fernandes","Est. tempo de leitura":"4 minutos"},"schema":{"@context":"https:\/\/schema.org","@graph":[{"@type":"Article","@id":"https:\/\/jornalfatosenoticias.com.br\/index.php\/2020\/04\/28\/28-de-abril-hoje-e-comemorado-o-dia-nacional-da-caatinga\/#article","isPartOf":{"@id":"https:\/\/jornalfatosenoticias.com.br\/index.php\/2020\/04\/28\/28-de-abril-hoje-e-comemorado-o-dia-nacional-da-caatinga\/"},"author":{"name":"Luzimara Fernandes","@id":"https:\/\/jornalfatosenoticias.com.br\/#\/schema\/person\/d63837fa13ac8666eb9e74e0985d6f81"},"headline":"28 de abril \u2014 Hoje \u00e9 comemorado o Dia Nacional da Caatinga","datePublished":"2020-04-28T16:54:41+00:00","dateModified":"2020-04-28T16:54:47+00:00","mainEntityOfPage":{"@id":"https:\/\/jornalfatosenoticias.com.br\/index.php\/2020\/04\/28\/28-de-abril-hoje-e-comemorado-o-dia-nacional-da-caatinga\/"},"wordCount":822,"commentCount":0,"publisher":{"@id":"https:\/\/jornalfatosenoticias.com.br\/#organization"},"image":{"@id":"https:\/\/jornalfatosenoticias.com.br\/index.php\/2020\/04\/28\/28-de-abril-hoje-e-comemorado-o-dia-nacional-da-caatinga\/#primaryimage"},"thumbnailUrl":"https:\/\/jornalfatosenoticias.com.br\/wp-content\/uploads\/2020\/04\/Ararinha-azul_Carla_e_Tiago_ACTP_8-1.jpg","keywords":["APA","biodiversidade","bioma","caatinga","Cemave","cerrado","Dia Nacional da Caatinga","ICMBio","unidades de conserva\u00e7\u00e3o"],"articleSection":["Meio ambiente"],"inLanguage":"pt-BR","potentialAction":[{"@type":"CommentAction","name":"Comment","target":["https:\/\/jornalfatosenoticias.com.br\/index.php\/2020\/04\/28\/28-de-abril-hoje-e-comemorado-o-dia-nacional-da-caatinga\/#respond"]}]},{"@type":"WebPage","@id":"https:\/\/jornalfatosenoticias.com.br\/index.php\/2020\/04\/28\/28-de-abril-hoje-e-comemorado-o-dia-nacional-da-caatinga\/","url":"https:\/\/jornalfatosenoticias.com.br\/index.php\/2020\/04\/28\/28-de-abril-hoje-e-comemorado-o-dia-nacional-da-caatinga\/","name":"28 de abril \u2014 Hoje \u00e9 comemorado o Dia Nacional da Caatinga - Jornal Fatos e Not\u00edcias","isPartOf":{"@id":"https:\/\/jornalfatosenoticias.com.br\/#website"},"primaryImageOfPage":{"@id":"https:\/\/jornalfatosenoticias.com.br\/index.php\/2020\/04\/28\/28-de-abril-hoje-e-comemorado-o-dia-nacional-da-caatinga\/#primaryimage"},"image":{"@id":"https:\/\/jornalfatosenoticias.com.br\/index.php\/2020\/04\/28\/28-de-abril-hoje-e-comemorado-o-dia-nacional-da-caatinga\/#primaryimage"},"thumbnailUrl":"https:\/\/jornalfatosenoticias.com.br\/wp-content\/uploads\/2020\/04\/Ararinha-azul_Carla_e_Tiago_ACTP_8-1.jpg","datePublished":"2020-04-28T16:54:41+00:00","dateModified":"2020-04-28T16:54:47+00:00","breadcrumb":{"@id":"https:\/\/jornalfatosenoticias.com.br\/index.php\/2020\/04\/28\/28-de-abril-hoje-e-comemorado-o-dia-nacional-da-caatinga\/#breadcrumb"},"inLanguage":"pt-BR","potentialAction":[{"@type":"ReadAction","target":["https:\/\/jornalfatosenoticias.com.br\/index.php\/2020\/04\/28\/28-de-abril-hoje-e-comemorado-o-dia-nacional-da-caatinga\/"]}]},{"@type":"ImageObject","inLanguage":"pt-BR","@id":"https:\/\/jornalfatosenoticias.com.br\/index.php\/2020\/04\/28\/28-de-abril-hoje-e-comemorado-o-dia-nacional-da-caatinga\/#primaryimage","url":"https:\/\/jornalfatosenoticias.com.br\/wp-content\/uploads\/2020\/04\/Ararinha-azul_Carla_e_Tiago_ACTP_8-1.jpg","contentUrl":"https:\/\/jornalfatosenoticias.com.br\/wp-content\/uploads\/2020\/04\/Ararinha-azul_Carla_e_Tiago_ACTP_8-1.jpg","width":1000,"height":666},{"@type":"BreadcrumbList","@id":"https:\/\/jornalfatosenoticias.com.br\/index.php\/2020\/04\/28\/28-de-abril-hoje-e-comemorado-o-dia-nacional-da-caatinga\/#breadcrumb","itemListElement":[{"@type":"ListItem","position":1,"name":"In\u00edcio","item":"https:\/\/jornalfatosenoticias.com.br\/"},{"@type":"ListItem","position":2,"name":"28 de abril \u2014 Hoje \u00e9 comemorado o Dia Nacional da Caatinga"}]},{"@type":"WebSite","@id":"https:\/\/jornalfatosenoticias.com.br\/#website","url":"https:\/\/jornalfatosenoticias.com.br\/","name":"Jornal Fatos e Not\u00edcias","description":"Not\u00edcias em geral","publisher":{"@id":"https:\/\/jornalfatosenoticias.com.br\/#organization"},"potentialAction":[{"@type":"SearchAction","target":{"@type":"EntryPoint","urlTemplate":"https:\/\/jornalfatosenoticias.com.br\/?s={search_term_string}"},"query-input":{"@type":"PropertyValueSpecification","valueRequired":true,"valueName":"search_term_string"}}],"inLanguage":"pt-BR"},{"@type":"Organization","@id":"https:\/\/jornalfatosenoticias.com.br\/#organization","name":"Jornal Fatos e Not\u00edcias","url":"https:\/\/jornalfatosenoticias.com.br\/","logo":{"@type":"ImageObject","inLanguage":"pt-BR","@id":"https:\/\/jornalfatosenoticias.com.br\/#\/schema\/logo\/image\/","url":"https:\/\/jornalfatosenoticias.com.br\/wp-content\/uploads\/2020\/02\/logo120.png","contentUrl":"https:\/\/jornalfatosenoticias.com.br\/wp-content\/uploads\/2020\/02\/logo120.png","width":1227,"height":120,"caption":"Jornal Fatos e Not\u00edcias"},"image":{"@id":"https:\/\/jornalfatosenoticias.com.br\/#\/schema\/logo\/image\/"}},{"@type":"Person","@id":"https:\/\/jornalfatosenoticias.com.br\/#\/schema\/person\/d63837fa13ac8666eb9e74e0985d6f81","name":"Luzimara Fernandes","image":{"@type":"ImageObject","inLanguage":"pt-BR","@id":"https:\/\/jornalfatosenoticias.com.br\/#\/schema\/person\/image\/","url":"https:\/\/jornalfatosenoticias.com.br\/wp-content\/uploads\/2025\/05\/EU_portal.jpg","contentUrl":"https:\/\/jornalfatosenoticias.com.br\/wp-content\/uploads\/2025\/05\/EU_portal.jpg","caption":"Luzimara Fernandes"},"description":"Jornalista MTB 2358-ES","sameAs":["https:\/\/jornalfatosenoticias.com.br"],"url":"https:\/\/jornalfatosenoticias.com.br\/index.php\/author\/luzimara\/"}]}},"cc_featured_image_caption":{"caption_text":"Ararinhas-azuis (Foto: ACTP)","source_text":"","source_url":""},"jetpack_featured_media_url":"https:\/\/jornalfatosenoticias.com.br\/wp-content\/uploads\/2020\/04\/Ararinha-azul_Carla_e_Tiago_ACTP_8-1.jpg","_links":{"self":[{"href":"https:\/\/jornalfatosenoticias.com.br\/index.php\/wp-json\/wp\/v2\/posts\/3745","targetHints":{"allow":["GET"]}}],"collection":[{"href":"https:\/\/jornalfatosenoticias.com.br\/index.php\/wp-json\/wp\/v2\/posts"}],"about":[{"href":"https:\/\/jornalfatosenoticias.com.br\/index.php\/wp-json\/wp\/v2\/types\/post"}],"author":[{"embeddable":true,"href":"https:\/\/jornalfatosenoticias.com.br\/index.php\/wp-json\/wp\/v2\/users\/2"}],"replies":[{"embeddable":true,"href":"https:\/\/jornalfatosenoticias.com.br\/index.php\/wp-json\/wp\/v2\/comments?post=3745"}],"version-history":[{"count":0,"href":"https:\/\/jornalfatosenoticias.com.br\/index.php\/wp-json\/wp\/v2\/posts\/3745\/revisions"}],"wp:featuredmedia":[{"embeddable":true,"href":"https:\/\/jornalfatosenoticias.com.br\/index.php\/wp-json\/wp\/v2\/media\/3749"}],"wp:attachment":[{"href":"https:\/\/jornalfatosenoticias.com.br\/index.php\/wp-json\/wp\/v2\/media?parent=3745"}],"wp:term":[{"taxonomy":"category","embeddable":true,"href":"https:\/\/jornalfatosenoticias.com.br\/index.php\/wp-json\/wp\/v2\/categories?post=3745"},{"taxonomy":"post_tag","embeddable":true,"href":"https:\/\/jornalfatosenoticias.com.br\/index.php\/wp-json\/wp\/v2\/tags?post=3745"}],"curies":[{"name":"wp","href":"https:\/\/api.w.org\/{rel}","templated":true}]}}