{"id":37450,"date":"2022-12-30T14:49:24","date_gmt":"2022-12-30T17:49:24","guid":{"rendered":"https:\/\/jornalfatosenoticias.com.br\/?p=37450"},"modified":"2022-12-30T14:49:26","modified_gmt":"2022-12-30T17:49:26","slug":"eventos-ocorridos-na-vida-de-nossos-avos-podem-influenciar-nossos-genes","status":"publish","type":"post","link":"https:\/\/jornalfatosenoticias.com.br\/index.php\/2022\/12\/30\/eventos-ocorridos-na-vida-de-nossos-avos-podem-influenciar-nossos-genes\/","title":{"rendered":"Eventos ocorridos na vida de nossos av\u00f3s podem influenciar nossos genes"},"content":{"rendered":"\n<p><em><span class=\"has-inline-color has-black-color\">Pesquisa realizada com lombrigas comprova altera\u00e7\u00f5es no DNA que sugerem a passagem de h\u00e1bitos por gera\u00e7\u00f5es<\/span><\/em><\/p>\n\n\n\n<div class=\"wp-block-image\"><figure class=\"aligncenter size-large\"><img loading=\"lazy\" decoding=\"async\" width=\"1024\" height=\"103\" src=\"https:\/\/jornalfatosenoticias.com.br\/wp-content\/uploads\/2022\/02\/Arte-Autoescola-Galatas_endereco_portal-1024x103.png\" alt=\"\" class=\"wp-image-27869\" srcset=\"https:\/\/jornalfatosenoticias.com.br\/wp-content\/uploads\/2022\/02\/Arte-Autoescola-Galatas_endereco_portal-1024x103.png 1024w, https:\/\/jornalfatosenoticias.com.br\/wp-content\/uploads\/2022\/02\/Arte-Autoescola-Galatas_endereco_portal-300x30.png 300w, https:\/\/jornalfatosenoticias.com.br\/wp-content\/uploads\/2022\/02\/Arte-Autoescola-Galatas_endereco_portal-768x77.png 768w, https:\/\/jornalfatosenoticias.com.br\/wp-content\/uploads\/2022\/02\/Arte-Autoescola-Galatas_endereco_portal.png 1223w\" sizes=\"auto, (max-width: 1024px) 100vw, 1024px\" \/><\/figure><\/div>\n\n\n\n<p>Ap\u00f3s a descoberta do <a href=\"https:\/\/olhardigital.com.br\/2022\/12\/13\/medicina-e-saude\/encontre-seu-pai-campanha-promove-novo-mutirao-de-testes-de-dna\/\" target=\"_blank\" rel=\"noreferrer noopener\">DNA<\/a>, o c\u00f3digo do \u00e1cido nucl\u00e9ico era comumente considerado o in\u00edcio e o fim da heran\u00e7a\u00a0<a href=\"https:\/\/olhardigital.com.br\/2022\/12\/16\/ciencia-e-espaco\/temos-que-tomar-muito-cuidado-alerta-advogado-sobre-possibilidade-de-utero-artificial\/\" target=\"_blank\" rel=\"noreferrer noopener\">gen\u00e9tica<\/a>. Hoje, sabe-se que marca\u00e7\u00f5es qu\u00edmicas ligadas a se\u00e7\u00f5es-chave de uma <a href=\"https:\/\/olhardigital.com.br\/2022\/10\/06\/cinema-e-streaming\/hellraiser-novo-filme-e-uma-sequencia-remake-ou-reboot\/\" target=\"_blank\" rel=\"noreferrer noopener\">sequ\u00eancia<\/a>\u00a0gen\u00e9tica n\u00e3o apenas afetam a maneira como os\u00a0<a href=\"https:\/\/olhardigital.com.br\/2022\/08\/15\/ciencia-e-espaco\/fermento-de-gente-cientistas-inserem-genes-musculares-humanos-em-leveduras\/\" target=\"_blank\" rel=\"noreferrer noopener\">genes<\/a> s\u00e3o lidos, mas tamb\u00e9m podem mudar em resposta a exposi\u00e7\u00f5es ambientais. Al\u00e9m do mais, eles podem realmente ser transferidos de uma gera\u00e7\u00e3o para outra.<\/p>\n\n\n\n<div class=\"wp-block-image\"><figure class=\"aligncenter size-large is-resized\"><img loading=\"lazy\" decoding=\"async\" src=\"https:\/\/jornalfatosenoticias.com.br\/wp-content\/uploads\/2020\/02\/casa-do-torresmo_portal.jpg\" alt=\"\" class=\"wp-image-34472\" width=\"270\" height=\"270\" srcset=\"https:\/\/jornalfatosenoticias.com.br\/wp-content\/uploads\/2020\/02\/casa-do-torresmo_portal.jpg 300w, https:\/\/jornalfatosenoticias.com.br\/wp-content\/uploads\/2020\/02\/casa-do-torresmo_portal-150x150.jpg 150w\" sizes=\"auto, (max-width: 270px) 100vw, 270px\" \/><\/figure><\/div>\n\n\n\n<p>Chamado de heran\u00e7a epigen\u00e9tica transgeracional, isso pode ser uma rota pela qual se a pessoa \u00e9 saud\u00e1vel ou n\u00e3o, seu estilo de vida ou mesmo o ambiente dos pais afeta a sa\u00fade e o desenvolvimento da prole na \u00e1rvore geneal\u00f3gica por gera\u00e7\u00f5es.<\/p>\n\n\n\n<div class=\"wp-block-image\"><figure class=\"aligncenter size-large\"><img loading=\"lazy\" decoding=\"async\" width=\"1024\" height=\"100\" src=\"https:\/\/jornalfatosenoticias.com.br\/wp-content\/uploads\/2022\/05\/NOVA-LOGO-CESCONETTO-1024x100.jpg\" alt=\"\" class=\"wp-image-30792\" srcset=\"https:\/\/jornalfatosenoticias.com.br\/wp-content\/uploads\/2022\/05\/NOVA-LOGO-CESCONETTO-1024x100.jpg 1024w, https:\/\/jornalfatosenoticias.com.br\/wp-content\/uploads\/2022\/05\/NOVA-LOGO-CESCONETTO-300x29.jpg 300w, https:\/\/jornalfatosenoticias.com.br\/wp-content\/uploads\/2022\/05\/NOVA-LOGO-CESCONETTO-768x75.jpg 768w, https:\/\/jornalfatosenoticias.com.br\/wp-content\/uploads\/2022\/05\/NOVA-LOGO-CESCONETTO.jpg 1280w\" sizes=\"auto, (max-width: 1024px) 100vw, 1024px\" \/><\/figure><\/div>\n\n\n\n<p>Embora as pr\u00f3prias mudan\u00e7as pare\u00e7am claras, os mecanismos exatos em funcionamento ainda precisam ser totalmente compreendidos. Agora, um novo estudo em lombrigas (publicado na <a href=\"https:\/\/doi.org\/10.1073\/pnas.2209471119\" target=\"_blank\" rel=\"noreferrer noopener\">PNAS<\/a>) mostrou como uma modifica\u00e7\u00e3o epigen\u00e9tica comum pode ser transmitida por meio de tr\u00eas gera\u00e7\u00f5es atrav\u00e9s do esperma, influenciando a atividade g\u00eanica e o desenvolvimento na \u201cgrande prole\u201d. Embora as evid\u00eancias de humanos de mem\u00f3ria epigen\u00e9tica t\u00e3o duradoura permane\u00e7am escassas, o estudo de lombrigas (<em>Caenorhabditis elegans<\/em>) \u00e9 bastante revelador.<\/p>\n\n\n\n<div class=\"wp-block-image\"><figure class=\"aligncenter size-large\"><img decoding=\"async\" src=\"https:\/\/jornalfatosenoticias.com.br\/wp-content\/uploads\/2020\/02\/logo_esteio.jpg\" alt=\"\" class=\"wp-image-1214\"\/><\/figure><\/div>\n\n\n\n<figure class=\"wp-block-pullquote\"><blockquote><p><span class=\"has-inline-color has-luminous-vivid-orange-color\">Esses resultados estabelecem rela\u00e7\u00e3o de causa e efeito entre as marcas de histonas transmitidas pelo esperma e a express\u00e3o e desenvolvimento de genes na prole e nos netos\u201d, diz Susan Strome, bi\u00f3loga molecular e celular da Universidade da Calif\u00f3rnia, em Santa Cruz (EUA).<\/span><\/p><\/blockquote><\/figure>\n\n\n\n<div class=\"wp-block-image\"><figure class=\"alignleft size-large is-resized\"><img decoding=\"async\" src=\"https:\/\/jornalfatosenoticias.com.br\/wp-content\/uploads\/2020\/02\/logo-clinica-limoeiro.jpg\" alt=\"\" class=\"wp-image-34610\" width=\"-58\" height=\"-41\"\/><\/figure><\/div>\n\n\n\n<p>Mudan\u00e7as epigen\u00e9ticas s\u00e3o ornamentos moleculares adicionados ao DNA que v\u00eam em v\u00e1rias formas e governam quando e como as instru\u00e7\u00f5es gen\u00e9ticas s\u00e3o seguidas.<br>Se o maquin\u00e1rio da c\u00e9lula que l\u00ea seu genoma n\u00e3o puder acessar certos genes porque mol\u00e9culas volumosas est\u00e3o em seu caminho, esses genes n\u00e3o ser\u00e3o decifrados em prote\u00ednas. Enrolar longos filamentos de DNA em torno de grandes complexos proteicos chamados histonas de maneira bastante apertada pode ter efeito silenciador semelhante.<\/p>\n\n\n\n<div class=\"wp-block-image\"><figure class=\"aligncenter size-large\"><img decoding=\"async\" src=\"https:\/\/jornalfatosenoticias.com.br\/wp-content\/uploads\/2020\/02\/logo-embacia-1-1024x110.jpg\" alt=\"\" class=\"wp-image-33954\"\/><\/figure><\/div>\n\n\n\n<p>Acreditava-se que a maioria dessas modifica\u00e7\u00f5es epigen\u00e9ticas era apagada e \u201creiniciada\u201d ap\u00f3s a fertiliza\u00e7\u00e3o, em que as c\u00e9lulas sexuais s\u00e3o reprogramadas para garantir o desenvolvimento normal. Mas, como mostram estudos com animais (incluindo n\u00famero baseado em mam\u00edferos), parece que algumas mudan\u00e7as epigen\u00e9ticas podem escapar da reprograma\u00e7\u00e3o e serem transferidas entre gera\u00e7\u00f5es.<\/p>\n\n\n\n<div class=\"wp-block-image\"><figure class=\"alignright size-large is-resized\"><img loading=\"lazy\" decoding=\"async\" src=\"https:\/\/jornalfatosenoticias.com.br\/wp-content\/uploads\/2022\/08\/logo-locau-veiculos-1024x573.png\" alt=\"\" class=\"wp-image-33078\" width=\"315\" height=\"174\"\/><\/figure><\/div>\n\n\n\n<p>Este \u00faltimo estudo usou a <em>C. elegans<\/em> como organismo modelo para investigar se as marcas epigen\u00e9ticas s\u00e3o preservadas ou reescritas em embri\u00f5es de lombrigas e, se persistirem, como essas marcas influenciam a express\u00e3o g\u00eanica na prole.<br>Uma marca\u00e7\u00e3o epigen\u00e9tica em uma prote\u00edna histona que faz com que o DNA seja mais densamente empacotado, desligando os genes naquela regi\u00e3o.<\/p>\n\n\n\n<div class=\"wp-block-image\"><figure class=\"aligncenter size-large\"><img loading=\"lazy\" decoding=\"async\" width=\"1024\" height=\"111\" src=\"https:\/\/jornalfatosenoticias.com.br\/wp-content\/uploads\/2020\/02\/WhatsApp-Image-2022-09-23-at-12.09.18-1024x111.jpeg\" alt=\"\" class=\"wp-image-34527\" srcset=\"https:\/\/jornalfatosenoticias.com.br\/wp-content\/uploads\/2020\/02\/WhatsApp-Image-2022-09-23-at-12.09.18-1024x111.jpeg 1024w, https:\/\/jornalfatosenoticias.com.br\/wp-content\/uploads\/2020\/02\/WhatsApp-Image-2022-09-23-at-12.09.18-300x32.jpeg 300w, https:\/\/jornalfatosenoticias.com.br\/wp-content\/uploads\/2020\/02\/WhatsApp-Image-2022-09-23-at-12.09.18-768x83.jpeg 768w, https:\/\/jornalfatosenoticias.com.br\/wp-content\/uploads\/2020\/02\/WhatsApp-Image-2022-09-23-at-12.09.18.jpeg 1121w\" sizes=\"auto, (max-width: 1024px) 100vw, 1024px\" \/><\/figure><\/div>\n\n\n\n<p>Os pesquisadores \u201cdespojaram\u201d seletivamente essa marca\u00e7\u00e3o de histona dos cromossomos do esperma da <em>C. elegans<\/em>, que foram ent\u00e3o usados para fertilizar \u00f3vulos com cromossomos totalmente marcados.<br>Em seguida, eles analisaram os n\u00edveis de atividade gen\u00e9tica na prole resultante e descobriram que os genes nos cromossomos herdados do esperma n\u00e3o eram mais suprimidos.<\/p>\n\n\n\n<div class=\"wp-block-image\"><figure class=\"aligncenter size-large\"><img loading=\"lazy\" decoding=\"async\" width=\"300\" height=\"250\" src=\"https:\/\/jornalfatosenoticias.com.br\/wp-content\/uploads\/2022\/08\/arte-Casarao.jpg\" alt=\"\" class=\"wp-image-33178\"\/><\/figure><\/div>\n\n\n\n<figure class=\"wp-block-pullquote\"><blockquote><p><span class=\"has-inline-color has-luminous-vivid-orange-color\">Alguns genes foram ativados de forma aberrante e permaneceram no estado sem a marca repressiva, enquanto o resto do genoma recuperou a marca, e esse padr\u00e3o foi passado para os netos\u201d, explica Strome. \u201cEspeculamos que, se esse padr\u00e3o de empacotamento de DNA for mantido na linha germinativa, ele poder\u00e1 ser transmitido por v\u00e1rias gera\u00e7\u00f5es\u201d.<\/span><\/p><\/blockquote><\/figure>\n\n\n\n<div class=\"wp-block-image\"><figure class=\"aligncenter size-large\"><img loading=\"lazy\" decoding=\"async\" width=\"1000\" height=\"667\" src=\"https:\/\/jornalfatosenoticias.com.br\/wp-content\/uploads\/2022\/12\/lombrigas_Shutterstock.jpg\" alt=\"\" class=\"wp-image-37451\" srcset=\"https:\/\/jornalfatosenoticias.com.br\/wp-content\/uploads\/2022\/12\/lombrigas_Shutterstock.jpg 1000w, https:\/\/jornalfatosenoticias.com.br\/wp-content\/uploads\/2022\/12\/lombrigas_Shutterstock-300x200.jpg 300w, https:\/\/jornalfatosenoticias.com.br\/wp-content\/uploads\/2022\/12\/lombrigas_Shutterstock-768x512.jpg 768w\" sizes=\"auto, (max-width: 1000px) 100vw, 1000px\" \/><figcaption><em><span class=\"has-inline-color has-black-color\">Cientistas est\u00e3o usando lombrigas nos testes (Foto: Rattiya Thongdumhyu\/Shutterstock)<\/span><\/em><\/figcaption><\/figure><\/div>\n\n\n\n<div class=\"wp-block-image\"><figure class=\"aligncenter size-large\"><img loading=\"lazy\" decoding=\"async\" width=\"1024\" height=\"100\" src=\"https:\/\/jornalfatosenoticias.com.br\/wp-content\/uploads\/2020\/02\/banner_ferramentas-1024x100.jpg\" alt=\"\" class=\"wp-image-1258\" srcset=\"https:\/\/jornalfatosenoticias.com.br\/wp-content\/uploads\/2020\/02\/banner_ferramentas-1024x100.jpg 1024w, https:\/\/jornalfatosenoticias.com.br\/wp-content\/uploads\/2020\/02\/banner_ferramentas-300x29.jpg 300w, https:\/\/jornalfatosenoticias.com.br\/wp-content\/uploads\/2020\/02\/banner_ferramentas-768x75.jpg 768w, https:\/\/jornalfatosenoticias.com.br\/wp-content\/uploads\/2020\/02\/banner_ferramentas.jpg 1227w\" sizes=\"auto, (max-width: 1024px) 100vw, 1024px\" \/><\/figure><\/div>\n\n\n\n<p>Claro, estamos falando de lombrigas. Pesquisas anteriores sobre essas criaturas transl\u00facidas mostraram que mudan\u00e7as epigen\u00e9ticas podem ser transmitidas por 14 gera\u00e7\u00f5es, mas diz pouco sobre os humanos.<br>Alguns estudos humanos raros e not\u00e1veis descobriram evid\u00eancias de que o acesso dos av\u00f3s aos alimentos afeta os resultados de sa\u00fade dos filhos de seus filhos, ou seja, duas gera\u00e7\u00f5es depois.<\/p>\n\n\n\n<div class=\"wp-block-image\"><figure class=\"aligncenter size-large is-resized\"><img loading=\"lazy\" decoding=\"async\" src=\"https:\/\/jornalfatosenoticias.com.br\/wp-content\/uploads\/2020\/02\/nova-logo-Marquetti.jpg\" alt=\"\" class=\"wp-image-22331\" width=\"329\" height=\"221\" srcset=\"https:\/\/jornalfatosenoticias.com.br\/wp-content\/uploads\/2020\/02\/nova-logo-Marquetti.jpg 643w, https:\/\/jornalfatosenoticias.com.br\/wp-content\/uploads\/2020\/02\/nova-logo-Marquetti-300x202.jpg 300w\" sizes=\"auto, (max-width: 329px) 100vw, 329px\" \/><\/figure><\/div>\n\n\n\n<p>Outras pesquisas analisaram as liga\u00e7\u00f5es entre a sa\u00fade materna, incluindo h\u00e1bitos de fumar e asma infantil, ou mostraram como eventos na primeira inf\u00e2ncia podem gravar edi\u00e7\u00f5es qu\u00edmicas no DNA de uma pessoa que influenciam sua sa\u00fade mais tarde.<\/p>\n\n\n\n<div class=\"wp-block-image\"><figure class=\"aligncenter size-large\"><img loading=\"lazy\" decoding=\"async\" width=\"560\" height=\"60\" src=\"https:\/\/jornalfatosenoticias.com.br\/wp-content\/uploads\/2022\/10\/Propaganda-RC-Radiadores-Jornal_page-0001.jpg\" alt=\"\" class=\"wp-image-35270\" srcset=\"https:\/\/jornalfatosenoticias.com.br\/wp-content\/uploads\/2022\/10\/Propaganda-RC-Radiadores-Jornal_page-0001.jpg 560w, https:\/\/jornalfatosenoticias.com.br\/wp-content\/uploads\/2022\/10\/Propaganda-RC-Radiadores-Jornal_page-0001-300x32.jpg 300w\" sizes=\"auto, (max-width: 560px) 100vw, 560px\" \/><\/figure><\/div>\n\n\n\n<p>Mas os estudos humanos que fazem conex\u00e3o direta entre a sa\u00fade dos pais, as mudan\u00e7as epigen\u00e9ticas nas c\u00e9lulas sexuais e os resultados da prole s\u00e3o \u201cpraticamente inexistentes\u201d, como disse uma revis\u00e3o do campo, em parte devido \u00e0s limita\u00e7\u00f5es dos estudos epidemiol\u00f3gicos que s\u00f3 podem produzir associa\u00e7\u00f5es, n\u00e3o rela\u00e7\u00f5es causais.<\/p>\n\n\n\n<div class=\"wp-block-image\"><figure class=\"aligncenter size-large\"><img decoding=\"async\" src=\"https:\/\/jornalfatosenoticias.com.br\/wp-content\/uploads\/2020\/02\/Serra-Grande-1024x160.png\" alt=\"\" class=\"wp-image-7836\"\/><\/figure><\/div>\n\n\n\n<p>Desvendar a influ\u00eancia de marcadores epigen\u00e9ticos de influ\u00eancias gen\u00e9ticas, culturais e comportamentais tamb\u00e9m \u00e9 um grande desafio. Como come\u00e7ar a separar a gen\u00e9tica das circunst\u00e2ncias sociais ou condi\u00e7\u00f5es ambientais que persistem por gera\u00e7\u00f5es n\u00e3o \u00e9 algo f\u00e1cil.<\/p>\n\n\n\n<div class=\"wp-block-image\"><figure class=\"aligncenter size-large is-resized\"><img loading=\"lazy\" decoding=\"async\" src=\"https:\/\/jornalfatosenoticias.com.br\/wp-content\/uploads\/2022\/02\/Precisao-Contabilidade-1024x724.jpg\" alt=\"\" class=\"wp-image-28088\" width=\"332\" height=\"235\"\/><\/figure><\/div>\n\n\n\n<figure class=\"wp-block-pullquote\"><blockquote><p><span class=\"has-inline-color has-luminous-vivid-orange-color\">\u00c9 por isso que estudos com animais como este s\u00e3o \u00fateis para \u201ciluminar como a heran\u00e7a epigen\u00e9tica pode moldar o desenvolvimento e a sa\u00fade das gera\u00e7\u00f5es futuras\u201d, escrevem Strome e seus colegas no artigo.<\/span><\/p><\/blockquote><\/figure>\n\n\n\n<div class=\"wp-block-image\"><figure class=\"aligncenter size-large\"><img loading=\"lazy\" decoding=\"async\" width=\"1024\" height=\"110\" src=\"https:\/\/jornalfatosenoticias.com.br\/wp-content\/uploads\/2022\/10\/Arte-jornal-Zucchi-1120x120_Prancheta-1-1024x110.jpg\" alt=\"\" class=\"wp-image-34772\" srcset=\"https:\/\/jornalfatosenoticias.com.br\/wp-content\/uploads\/2022\/10\/Arte-jornal-Zucchi-1120x120_Prancheta-1-1024x110.jpg 1024w, https:\/\/jornalfatosenoticias.com.br\/wp-content\/uploads\/2022\/10\/Arte-jornal-Zucchi-1120x120_Prancheta-1-300x32.jpg 300w, https:\/\/jornalfatosenoticias.com.br\/wp-content\/uploads\/2022\/10\/Arte-jornal-Zucchi-1120x120_Prancheta-1-768x82.jpg 768w, https:\/\/jornalfatosenoticias.com.br\/wp-content\/uploads\/2022\/10\/Arte-jornal-Zucchi-1120x120_Prancheta-1-1536x165.jpg 1536w, https:\/\/jornalfatosenoticias.com.br\/wp-content\/uploads\/2022\/10\/Arte-jornal-Zucchi-1120x120_Prancheta-1-2048x219.jpg 2048w\" sizes=\"auto, (max-width: 1024px) 100vw, 1024px\" \/><\/figure><\/div>\n\n\n\n<p>A equipe diz que suas descobertas refletem as de c\u00e9lulas de mam\u00edferos cultivadas em laborat\u00f3rio e que outros estudos recentes sugeriram que os marcadores de histonas herdados do esperma tamb\u00e9m s\u00e3o caracter\u00edstica dos camundongos.<\/p>\n\n\n\n<div class=\"wp-block-image\"><figure class=\"aligncenter size-large is-resized\"><img loading=\"lazy\" decoding=\"async\" src=\"https:\/\/jornalfatosenoticias.com.br\/wp-content\/uploads\/2022\/07\/Logo-Grupo-SEI.jpg\" alt=\"\" class=\"wp-image-31973\" width=\"326\" height=\"171\" srcset=\"https:\/\/jornalfatosenoticias.com.br\/wp-content\/uploads\/2022\/07\/Logo-Grupo-SEI.jpg 713w, https:\/\/jornalfatosenoticias.com.br\/wp-content\/uploads\/2022\/07\/Logo-Grupo-SEI-300x158.jpg 300w\" sizes=\"auto, (max-width: 326px) 100vw, 326px\" \/><\/figure><\/div>\n\n\n\n<p>Esses paralelos podem significar que o mecanismo tamb\u00e9m pode se estender aos humanos. Mas ainda n\u00e3o sabemos muito sobre como a heran\u00e7a epigen\u00e9tica opera em v\u00e1rias gera\u00e7\u00f5es, ou se realmente funciona. Dados os obst\u00e1culos \u00e9ticos e log\u00edsticos para investigar tais quest\u00f5es em humanos, pode levar muito tempo at\u00e9 que isso aconte\u00e7a.<\/p>\n\n\n\n<div class=\"wp-block-image\"><figure class=\"aligncenter size-large\"><img loading=\"lazy\" decoding=\"async\" width=\"1000\" height=\"709\" src=\"https:\/\/jornalfatosenoticias.com.br\/wp-content\/uploads\/2022\/12\/cartao-ano-novo.jpg\" alt=\"\" class=\"wp-image-37231\" srcset=\"https:\/\/jornalfatosenoticias.com.br\/wp-content\/uploads\/2022\/12\/cartao-ano-novo.jpg 1000w, https:\/\/jornalfatosenoticias.com.br\/wp-content\/uploads\/2022\/12\/cartao-ano-novo-300x213.jpg 300w, https:\/\/jornalfatosenoticias.com.br\/wp-content\/uploads\/2022\/12\/cartao-ano-novo-768x545.jpg 768w\" sizes=\"auto, (max-width: 1000px) 100vw, 1000px\" \/><\/figure><\/div>\n\n\n\n<p><strong><em>Fonte: <a href=\"https:\/\/olhardigital.com.br\/2022\/12\/30\/ciencia-e-espaco\/eventos-ocorridos-na-vida-de-nossos-avos-podem-influenciar-nossos-genes-saiba-mais\/\">Olhar Digital<\/a><\/em><\/strong><\/p>\n","protected":false},"excerpt":{"rendered":"<p>Pesquisa realizada com lombrigas comprova altera\u00e7\u00f5es no DNA que sugerem a passagem de h\u00e1bitos por gera\u00e7\u00f5es Ap\u00f3s a descoberta do DNA, o c\u00f3digo do \u00e1cido nucl\u00e9ico era comumente considerado o in\u00edcio e o fim da heran\u00e7a\u00a0gen\u00e9tica. Hoje, sabe-se que marca\u00e7\u00f5es qu\u00edmicas ligadas a se\u00e7\u00f5es-chave de uma sequ\u00eancia\u00a0gen\u00e9tica n\u00e3o apenas afetam a maneira como os\u00a0genes s\u00e3o [&hellip;]<\/p>\n","protected":false},"author":2,"featured_media":37452,"comment_status":"open","ping_status":"open","sticky":false,"template":"","format":"standard","meta":{"footnotes":""},"categories":[2],"tags":[17605,2044,2316,12070,5562,17604],"class_list":["post-37450","post","type-post","status-publish","format-standard","has-post-thumbnail","hentry","category-ciencia","tag-alteracoes-no-dna","tag-dna","tag-genes","tag-geracoes","tag-habitos","tag-lombrigas"],"yoast_head":"<!-- This site is optimized with the Yoast SEO plugin v26.5 - https:\/\/yoast.com\/wordpress\/plugins\/seo\/ -->\n<title>Eventos ocorridos na vida de nossos av\u00f3s podem influenciar nossos genes - Jornal Fatos e Not\u00edcias<\/title>\n<meta name=\"robots\" content=\"index, follow, max-snippet:-1, max-image-preview:large, max-video-preview:-1\" \/>\n<link rel=\"canonical\" href=\"https:\/\/jornalfatosenoticias.com.br\/index.php\/2022\/12\/30\/eventos-ocorridos-na-vida-de-nossos-avos-podem-influenciar-nossos-genes\/\" \/>\n<meta property=\"og:locale\" content=\"pt_BR\" \/>\n<meta property=\"og:type\" content=\"article\" \/>\n<meta property=\"og:title\" content=\"Eventos ocorridos na vida de nossos av\u00f3s podem influenciar nossos genes - Jornal Fatos e Not\u00edcias\" \/>\n<meta property=\"og:description\" content=\"Pesquisa realizada com lombrigas comprova altera\u00e7\u00f5es no DNA que sugerem a passagem de h\u00e1bitos por gera\u00e7\u00f5es Ap\u00f3s a descoberta do DNA, o c\u00f3digo do \u00e1cido nucl\u00e9ico era comumente considerado o in\u00edcio e o fim da heran\u00e7a\u00a0gen\u00e9tica. Hoje, sabe-se que marca\u00e7\u00f5es qu\u00edmicas ligadas a se\u00e7\u00f5es-chave de uma sequ\u00eancia\u00a0gen\u00e9tica n\u00e3o apenas afetam a maneira como os\u00a0genes s\u00e3o [&hellip;]\" \/>\n<meta property=\"og:url\" content=\"https:\/\/jornalfatosenoticias.com.br\/index.php\/2022\/12\/30\/eventos-ocorridos-na-vida-de-nossos-avos-podem-influenciar-nossos-genes\/\" \/>\n<meta property=\"og:site_name\" content=\"Jornal Fatos e Not\u00edcias\" \/>\n<meta property=\"article:published_time\" content=\"2022-12-30T17:49:24+00:00\" \/>\n<meta property=\"article:modified_time\" content=\"2022-12-30T17:49:26+00:00\" \/>\n<meta property=\"og:image\" content=\"https:\/\/jornalfatosenoticias.com.br\/wp-content\/uploads\/2022\/12\/dna-shutterstock.jpg\" \/>\n\t<meta property=\"og:image:width\" content=\"1000\" \/>\n\t<meta property=\"og:image:height\" content=\"666\" \/>\n\t<meta property=\"og:image:type\" content=\"image\/jpeg\" \/>\n<meta name=\"author\" content=\"Luzimara Fernandes\" \/>\n<meta name=\"twitter:card\" content=\"summary_large_image\" \/>\n<meta name=\"twitter:label1\" content=\"Escrito por\" \/>\n\t<meta name=\"twitter:data1\" content=\"Luzimara Fernandes\" \/>\n\t<meta name=\"twitter:label2\" content=\"Est. tempo de leitura\" \/>\n\t<meta name=\"twitter:data2\" content=\"5 minutos\" \/>\n<script type=\"application\/ld+json\" class=\"yoast-schema-graph\">{\"@context\":\"https:\/\/schema.org\",\"@graph\":[{\"@type\":\"Article\",\"@id\":\"https:\/\/jornalfatosenoticias.com.br\/index.php\/2022\/12\/30\/eventos-ocorridos-na-vida-de-nossos-avos-podem-influenciar-nossos-genes\/#article\",\"isPartOf\":{\"@id\":\"https:\/\/jornalfatosenoticias.com.br\/index.php\/2022\/12\/30\/eventos-ocorridos-na-vida-de-nossos-avos-podem-influenciar-nossos-genes\/\"},\"author\":{\"name\":\"Luzimara Fernandes\",\"@id\":\"https:\/\/jornalfatosenoticias.com.br\/#\/schema\/person\/d63837fa13ac8666eb9e74e0985d6f81\"},\"headline\":\"Eventos ocorridos na vida de nossos av\u00f3s podem influenciar nossos genes\",\"datePublished\":\"2022-12-30T17:49:24+00:00\",\"dateModified\":\"2022-12-30T17:49:26+00:00\",\"mainEntityOfPage\":{\"@id\":\"https:\/\/jornalfatosenoticias.com.br\/index.php\/2022\/12\/30\/eventos-ocorridos-na-vida-de-nossos-avos-podem-influenciar-nossos-genes\/\"},\"wordCount\":1000,\"commentCount\":0,\"publisher\":{\"@id\":\"https:\/\/jornalfatosenoticias.com.br\/#organization\"},\"image\":{\"@id\":\"https:\/\/jornalfatosenoticias.com.br\/index.php\/2022\/12\/30\/eventos-ocorridos-na-vida-de-nossos-avos-podem-influenciar-nossos-genes\/#primaryimage\"},\"thumbnailUrl\":\"https:\/\/jornalfatosenoticias.com.br\/wp-content\/uploads\/2022\/12\/dna-shutterstock.jpg\",\"keywords\":[\"altera\u00e7\u00f5es no DNA\",\"DNA\",\"genes\",\"gera\u00e7\u00f5es\",\"h\u00e1bitos\",\"lombrigas\"],\"articleSection\":[\"Ci\u00eancia\"],\"inLanguage\":\"pt-BR\",\"potentialAction\":[{\"@type\":\"CommentAction\",\"name\":\"Comment\",\"target\":[\"https:\/\/jornalfatosenoticias.com.br\/index.php\/2022\/12\/30\/eventos-ocorridos-na-vida-de-nossos-avos-podem-influenciar-nossos-genes\/#respond\"]}]},{\"@type\":\"WebPage\",\"@id\":\"https:\/\/jornalfatosenoticias.com.br\/index.php\/2022\/12\/30\/eventos-ocorridos-na-vida-de-nossos-avos-podem-influenciar-nossos-genes\/\",\"url\":\"https:\/\/jornalfatosenoticias.com.br\/index.php\/2022\/12\/30\/eventos-ocorridos-na-vida-de-nossos-avos-podem-influenciar-nossos-genes\/\",\"name\":\"Eventos ocorridos na vida de nossos av\u00f3s podem influenciar nossos genes - Jornal Fatos e Not\u00edcias\",\"isPartOf\":{\"@id\":\"https:\/\/jornalfatosenoticias.com.br\/#website\"},\"primaryImageOfPage\":{\"@id\":\"https:\/\/jornalfatosenoticias.com.br\/index.php\/2022\/12\/30\/eventos-ocorridos-na-vida-de-nossos-avos-podem-influenciar-nossos-genes\/#primaryimage\"},\"image\":{\"@id\":\"https:\/\/jornalfatosenoticias.com.br\/index.php\/2022\/12\/30\/eventos-ocorridos-na-vida-de-nossos-avos-podem-influenciar-nossos-genes\/#primaryimage\"},\"thumbnailUrl\":\"https:\/\/jornalfatosenoticias.com.br\/wp-content\/uploads\/2022\/12\/dna-shutterstock.jpg\",\"datePublished\":\"2022-12-30T17:49:24+00:00\",\"dateModified\":\"2022-12-30T17:49:26+00:00\",\"breadcrumb\":{\"@id\":\"https:\/\/jornalfatosenoticias.com.br\/index.php\/2022\/12\/30\/eventos-ocorridos-na-vida-de-nossos-avos-podem-influenciar-nossos-genes\/#breadcrumb\"},\"inLanguage\":\"pt-BR\",\"potentialAction\":[{\"@type\":\"ReadAction\",\"target\":[\"https:\/\/jornalfatosenoticias.com.br\/index.php\/2022\/12\/30\/eventos-ocorridos-na-vida-de-nossos-avos-podem-influenciar-nossos-genes\/\"]}]},{\"@type\":\"ImageObject\",\"inLanguage\":\"pt-BR\",\"@id\":\"https:\/\/jornalfatosenoticias.com.br\/index.php\/2022\/12\/30\/eventos-ocorridos-na-vida-de-nossos-avos-podem-influenciar-nossos-genes\/#primaryimage\",\"url\":\"https:\/\/jornalfatosenoticias.com.br\/wp-content\/uploads\/2022\/12\/dna-shutterstock.jpg\",\"contentUrl\":\"https:\/\/jornalfatosenoticias.com.br\/wp-content\/uploads\/2022\/12\/dna-shutterstock.jpg\",\"width\":1000,\"height\":666},{\"@type\":\"BreadcrumbList\",\"@id\":\"https:\/\/jornalfatosenoticias.com.br\/index.php\/2022\/12\/30\/eventos-ocorridos-na-vida-de-nossos-avos-podem-influenciar-nossos-genes\/#breadcrumb\",\"itemListElement\":[{\"@type\":\"ListItem\",\"position\":1,\"name\":\"In\u00edcio\",\"item\":\"https:\/\/jornalfatosenoticias.com.br\/\"},{\"@type\":\"ListItem\",\"position\":2,\"name\":\"Eventos ocorridos na vida de nossos av\u00f3s podem influenciar nossos genes\"}]},{\"@type\":\"WebSite\",\"@id\":\"https:\/\/jornalfatosenoticias.com.br\/#website\",\"url\":\"https:\/\/jornalfatosenoticias.com.br\/\",\"name\":\"Jornal Fatos e Not\u00edcias\",\"description\":\"Not\u00edcias em geral\",\"publisher\":{\"@id\":\"https:\/\/jornalfatosenoticias.com.br\/#organization\"},\"potentialAction\":[{\"@type\":\"SearchAction\",\"target\":{\"@type\":\"EntryPoint\",\"urlTemplate\":\"https:\/\/jornalfatosenoticias.com.br\/?s={search_term_string}\"},\"query-input\":{\"@type\":\"PropertyValueSpecification\",\"valueRequired\":true,\"valueName\":\"search_term_string\"}}],\"inLanguage\":\"pt-BR\"},{\"@type\":\"Organization\",\"@id\":\"https:\/\/jornalfatosenoticias.com.br\/#organization\",\"name\":\"Jornal Fatos e Not\u00edcias\",\"url\":\"https:\/\/jornalfatosenoticias.com.br\/\",\"logo\":{\"@type\":\"ImageObject\",\"inLanguage\":\"pt-BR\",\"@id\":\"https:\/\/jornalfatosenoticias.com.br\/#\/schema\/logo\/image\/\",\"url\":\"https:\/\/jornalfatosenoticias.com.br\/wp-content\/uploads\/2020\/02\/logo120.png\",\"contentUrl\":\"https:\/\/jornalfatosenoticias.com.br\/wp-content\/uploads\/2020\/02\/logo120.png\",\"width\":1227,\"height\":120,\"caption\":\"Jornal Fatos e Not\u00edcias\"},\"image\":{\"@id\":\"https:\/\/jornalfatosenoticias.com.br\/#\/schema\/logo\/image\/\"}},{\"@type\":\"Person\",\"@id\":\"https:\/\/jornalfatosenoticias.com.br\/#\/schema\/person\/d63837fa13ac8666eb9e74e0985d6f81\",\"name\":\"Luzimara Fernandes\",\"image\":{\"@type\":\"ImageObject\",\"inLanguage\":\"pt-BR\",\"@id\":\"https:\/\/jornalfatosenoticias.com.br\/#\/schema\/person\/image\/\",\"url\":\"https:\/\/jornalfatosenoticias.com.br\/wp-content\/uploads\/2025\/05\/EU_portal.jpg\",\"contentUrl\":\"https:\/\/jornalfatosenoticias.com.br\/wp-content\/uploads\/2025\/05\/EU_portal.jpg\",\"caption\":\"Luzimara Fernandes\"},\"description\":\"Jornalista MTB 2358-ES\",\"sameAs\":[\"https:\/\/jornalfatosenoticias.com.br\"],\"url\":\"https:\/\/jornalfatosenoticias.com.br\/index.php\/author\/luzimara\/\"}]}<\/script>\n<!-- \/ Yoast SEO plugin. -->","yoast_head_json":{"title":"Eventos ocorridos na vida de nossos av\u00f3s podem influenciar nossos genes - Jornal Fatos e Not\u00edcias","robots":{"index":"index","follow":"follow","max-snippet":"max-snippet:-1","max-image-preview":"max-image-preview:large","max-video-preview":"max-video-preview:-1"},"canonical":"https:\/\/jornalfatosenoticias.com.br\/index.php\/2022\/12\/30\/eventos-ocorridos-na-vida-de-nossos-avos-podem-influenciar-nossos-genes\/","og_locale":"pt_BR","og_type":"article","og_title":"Eventos ocorridos na vida de nossos av\u00f3s podem influenciar nossos genes - Jornal Fatos e Not\u00edcias","og_description":"Pesquisa realizada com lombrigas comprova altera\u00e7\u00f5es no DNA que sugerem a passagem de h\u00e1bitos por gera\u00e7\u00f5es Ap\u00f3s a descoberta do DNA, o c\u00f3digo do \u00e1cido nucl\u00e9ico era comumente considerado o in\u00edcio e o fim da heran\u00e7a\u00a0gen\u00e9tica. Hoje, sabe-se que marca\u00e7\u00f5es qu\u00edmicas ligadas a se\u00e7\u00f5es-chave de uma sequ\u00eancia\u00a0gen\u00e9tica n\u00e3o apenas afetam a maneira como os\u00a0genes s\u00e3o [&hellip;]","og_url":"https:\/\/jornalfatosenoticias.com.br\/index.php\/2022\/12\/30\/eventos-ocorridos-na-vida-de-nossos-avos-podem-influenciar-nossos-genes\/","og_site_name":"Jornal Fatos e Not\u00edcias","article_published_time":"2022-12-30T17:49:24+00:00","article_modified_time":"2022-12-30T17:49:26+00:00","og_image":[{"width":1000,"height":666,"url":"https:\/\/jornalfatosenoticias.com.br\/wp-content\/uploads\/2022\/12\/dna-shutterstock.jpg","type":"image\/jpeg"}],"author":"Luzimara Fernandes","twitter_card":"summary_large_image","twitter_misc":{"Escrito por":"Luzimara Fernandes","Est. tempo de leitura":"5 minutos"},"schema":{"@context":"https:\/\/schema.org","@graph":[{"@type":"Article","@id":"https:\/\/jornalfatosenoticias.com.br\/index.php\/2022\/12\/30\/eventos-ocorridos-na-vida-de-nossos-avos-podem-influenciar-nossos-genes\/#article","isPartOf":{"@id":"https:\/\/jornalfatosenoticias.com.br\/index.php\/2022\/12\/30\/eventos-ocorridos-na-vida-de-nossos-avos-podem-influenciar-nossos-genes\/"},"author":{"name":"Luzimara Fernandes","@id":"https:\/\/jornalfatosenoticias.com.br\/#\/schema\/person\/d63837fa13ac8666eb9e74e0985d6f81"},"headline":"Eventos ocorridos na vida de nossos av\u00f3s podem influenciar nossos genes","datePublished":"2022-12-30T17:49:24+00:00","dateModified":"2022-12-30T17:49:26+00:00","mainEntityOfPage":{"@id":"https:\/\/jornalfatosenoticias.com.br\/index.php\/2022\/12\/30\/eventos-ocorridos-na-vida-de-nossos-avos-podem-influenciar-nossos-genes\/"},"wordCount":1000,"commentCount":0,"publisher":{"@id":"https:\/\/jornalfatosenoticias.com.br\/#organization"},"image":{"@id":"https:\/\/jornalfatosenoticias.com.br\/index.php\/2022\/12\/30\/eventos-ocorridos-na-vida-de-nossos-avos-podem-influenciar-nossos-genes\/#primaryimage"},"thumbnailUrl":"https:\/\/jornalfatosenoticias.com.br\/wp-content\/uploads\/2022\/12\/dna-shutterstock.jpg","keywords":["altera\u00e7\u00f5es no DNA","DNA","genes","gera\u00e7\u00f5es","h\u00e1bitos","lombrigas"],"articleSection":["Ci\u00eancia"],"inLanguage":"pt-BR","potentialAction":[{"@type":"CommentAction","name":"Comment","target":["https:\/\/jornalfatosenoticias.com.br\/index.php\/2022\/12\/30\/eventos-ocorridos-na-vida-de-nossos-avos-podem-influenciar-nossos-genes\/#respond"]}]},{"@type":"WebPage","@id":"https:\/\/jornalfatosenoticias.com.br\/index.php\/2022\/12\/30\/eventos-ocorridos-na-vida-de-nossos-avos-podem-influenciar-nossos-genes\/","url":"https:\/\/jornalfatosenoticias.com.br\/index.php\/2022\/12\/30\/eventos-ocorridos-na-vida-de-nossos-avos-podem-influenciar-nossos-genes\/","name":"Eventos ocorridos na vida de nossos av\u00f3s podem influenciar nossos genes - Jornal Fatos e Not\u00edcias","isPartOf":{"@id":"https:\/\/jornalfatosenoticias.com.br\/#website"},"primaryImageOfPage":{"@id":"https:\/\/jornalfatosenoticias.com.br\/index.php\/2022\/12\/30\/eventos-ocorridos-na-vida-de-nossos-avos-podem-influenciar-nossos-genes\/#primaryimage"},"image":{"@id":"https:\/\/jornalfatosenoticias.com.br\/index.php\/2022\/12\/30\/eventos-ocorridos-na-vida-de-nossos-avos-podem-influenciar-nossos-genes\/#primaryimage"},"thumbnailUrl":"https:\/\/jornalfatosenoticias.com.br\/wp-content\/uploads\/2022\/12\/dna-shutterstock.jpg","datePublished":"2022-12-30T17:49:24+00:00","dateModified":"2022-12-30T17:49:26+00:00","breadcrumb":{"@id":"https:\/\/jornalfatosenoticias.com.br\/index.php\/2022\/12\/30\/eventos-ocorridos-na-vida-de-nossos-avos-podem-influenciar-nossos-genes\/#breadcrumb"},"inLanguage":"pt-BR","potentialAction":[{"@type":"ReadAction","target":["https:\/\/jornalfatosenoticias.com.br\/index.php\/2022\/12\/30\/eventos-ocorridos-na-vida-de-nossos-avos-podem-influenciar-nossos-genes\/"]}]},{"@type":"ImageObject","inLanguage":"pt-BR","@id":"https:\/\/jornalfatosenoticias.com.br\/index.php\/2022\/12\/30\/eventos-ocorridos-na-vida-de-nossos-avos-podem-influenciar-nossos-genes\/#primaryimage","url":"https:\/\/jornalfatosenoticias.com.br\/wp-content\/uploads\/2022\/12\/dna-shutterstock.jpg","contentUrl":"https:\/\/jornalfatosenoticias.com.br\/wp-content\/uploads\/2022\/12\/dna-shutterstock.jpg","width":1000,"height":666},{"@type":"BreadcrumbList","@id":"https:\/\/jornalfatosenoticias.com.br\/index.php\/2022\/12\/30\/eventos-ocorridos-na-vida-de-nossos-avos-podem-influenciar-nossos-genes\/#breadcrumb","itemListElement":[{"@type":"ListItem","position":1,"name":"In\u00edcio","item":"https:\/\/jornalfatosenoticias.com.br\/"},{"@type":"ListItem","position":2,"name":"Eventos ocorridos na vida de nossos av\u00f3s podem influenciar nossos genes"}]},{"@type":"WebSite","@id":"https:\/\/jornalfatosenoticias.com.br\/#website","url":"https:\/\/jornalfatosenoticias.com.br\/","name":"Jornal Fatos e Not\u00edcias","description":"Not\u00edcias em geral","publisher":{"@id":"https:\/\/jornalfatosenoticias.com.br\/#organization"},"potentialAction":[{"@type":"SearchAction","target":{"@type":"EntryPoint","urlTemplate":"https:\/\/jornalfatosenoticias.com.br\/?s={search_term_string}"},"query-input":{"@type":"PropertyValueSpecification","valueRequired":true,"valueName":"search_term_string"}}],"inLanguage":"pt-BR"},{"@type":"Organization","@id":"https:\/\/jornalfatosenoticias.com.br\/#organization","name":"Jornal Fatos e Not\u00edcias","url":"https:\/\/jornalfatosenoticias.com.br\/","logo":{"@type":"ImageObject","inLanguage":"pt-BR","@id":"https:\/\/jornalfatosenoticias.com.br\/#\/schema\/logo\/image\/","url":"https:\/\/jornalfatosenoticias.com.br\/wp-content\/uploads\/2020\/02\/logo120.png","contentUrl":"https:\/\/jornalfatosenoticias.com.br\/wp-content\/uploads\/2020\/02\/logo120.png","width":1227,"height":120,"caption":"Jornal Fatos e Not\u00edcias"},"image":{"@id":"https:\/\/jornalfatosenoticias.com.br\/#\/schema\/logo\/image\/"}},{"@type":"Person","@id":"https:\/\/jornalfatosenoticias.com.br\/#\/schema\/person\/d63837fa13ac8666eb9e74e0985d6f81","name":"Luzimara Fernandes","image":{"@type":"ImageObject","inLanguage":"pt-BR","@id":"https:\/\/jornalfatosenoticias.com.br\/#\/schema\/person\/image\/","url":"https:\/\/jornalfatosenoticias.com.br\/wp-content\/uploads\/2025\/05\/EU_portal.jpg","contentUrl":"https:\/\/jornalfatosenoticias.com.br\/wp-content\/uploads\/2025\/05\/EU_portal.jpg","caption":"Luzimara Fernandes"},"description":"Jornalista MTB 2358-ES","sameAs":["https:\/\/jornalfatosenoticias.com.br"],"url":"https:\/\/jornalfatosenoticias.com.br\/index.php\/author\/luzimara\/"}]}},"cc_featured_image_caption":{"caption_text":"(Foto: Shutterstock) ","source_text":"","source_url":""},"jetpack_featured_media_url":"https:\/\/jornalfatosenoticias.com.br\/wp-content\/uploads\/2022\/12\/dna-shutterstock.jpg","_links":{"self":[{"href":"https:\/\/jornalfatosenoticias.com.br\/index.php\/wp-json\/wp\/v2\/posts\/37450","targetHints":{"allow":["GET"]}}],"collection":[{"href":"https:\/\/jornalfatosenoticias.com.br\/index.php\/wp-json\/wp\/v2\/posts"}],"about":[{"href":"https:\/\/jornalfatosenoticias.com.br\/index.php\/wp-json\/wp\/v2\/types\/post"}],"author":[{"embeddable":true,"href":"https:\/\/jornalfatosenoticias.com.br\/index.php\/wp-json\/wp\/v2\/users\/2"}],"replies":[{"embeddable":true,"href":"https:\/\/jornalfatosenoticias.com.br\/index.php\/wp-json\/wp\/v2\/comments?post=37450"}],"version-history":[{"count":0,"href":"https:\/\/jornalfatosenoticias.com.br\/index.php\/wp-json\/wp\/v2\/posts\/37450\/revisions"}],"wp:featuredmedia":[{"embeddable":true,"href":"https:\/\/jornalfatosenoticias.com.br\/index.php\/wp-json\/wp\/v2\/media\/37452"}],"wp:attachment":[{"href":"https:\/\/jornalfatosenoticias.com.br\/index.php\/wp-json\/wp\/v2\/media?parent=37450"}],"wp:term":[{"taxonomy":"category","embeddable":true,"href":"https:\/\/jornalfatosenoticias.com.br\/index.php\/wp-json\/wp\/v2\/categories?post=37450"},{"taxonomy":"post_tag","embeddable":true,"href":"https:\/\/jornalfatosenoticias.com.br\/index.php\/wp-json\/wp\/v2\/tags?post=37450"}],"curies":[{"name":"wp","href":"https:\/\/api.w.org\/{rel}","templated":true}]}}