{"id":37458,"date":"2022-12-30T15:25:57","date_gmt":"2022-12-30T18:25:57","guid":{"rendered":"https:\/\/jornalfatosenoticias.com.br\/?p=37458"},"modified":"2022-12-30T15:25:58","modified_gmt":"2022-12-30T18:25:58","slug":"presidente-faz-balanco-do-governo-e-afirma-nao-apoiar-confrontos","status":"publish","type":"post","link":"https:\/\/jornalfatosenoticias.com.br\/index.php\/2022\/12\/30\/presidente-faz-balanco-do-governo-e-afirma-nao-apoiar-confrontos\/","title":{"rendered":"Presidente faz balan\u00e7o do governo e afirma n\u00e3o apoiar confrontos"},"content":{"rendered":"\n<p><em><span class=\"has-inline-color has-black-color\">Ele criticou empres\u00e1rio que pretendia cometer atentado em aeroporto<\/span><\/em><\/p>\n\n\n\n<div class=\"wp-block-image\"><figure class=\"aligncenter size-large\"><img loading=\"lazy\" decoding=\"async\" width=\"1024\" height=\"100\" src=\"https:\/\/jornalfatosenoticias.com.br\/wp-content\/uploads\/2022\/05\/NOVA-LOGO-CESCONETTO-1024x100.jpg\" alt=\"\" class=\"wp-image-30792\" srcset=\"https:\/\/jornalfatosenoticias.com.br\/wp-content\/uploads\/2022\/05\/NOVA-LOGO-CESCONETTO-1024x100.jpg 1024w, https:\/\/jornalfatosenoticias.com.br\/wp-content\/uploads\/2022\/05\/NOVA-LOGO-CESCONETTO-300x29.jpg 300w, https:\/\/jornalfatosenoticias.com.br\/wp-content\/uploads\/2022\/05\/NOVA-LOGO-CESCONETTO-768x75.jpg 768w, https:\/\/jornalfatosenoticias.com.br\/wp-content\/uploads\/2022\/05\/NOVA-LOGO-CESCONETTO.jpg 1280w\" sizes=\"auto, (max-width: 1024px) 100vw, 1024px\" \/><\/figure><\/div>\n\n\n\n<p>\u00c0s v\u00e9speras de deixar a Presid\u00eancia, Jair Bolsonaro fez um balan\u00e7o de seus quatro anos de governo, em uma transmiss\u00e3o pela internet, e afirmou que n\u00e3o estimula confrontos de seus apoiadores diante da posse de Luiz In\u00e1cio Lula da Silva, no dia 1\u00b0.<\/p>\n\n\n\n<div class=\"wp-block-image\"><figure class=\"alignleft size-large is-resized\"><img loading=\"lazy\" decoding=\"async\" src=\"https:\/\/jornalfatosenoticias.com.br\/wp-content\/uploads\/2022\/10\/RC_800x750_page-0001.jpg\" alt=\"\" class=\"wp-image-35338\" width=\"229\" height=\"215\" srcset=\"https:\/\/jornalfatosenoticias.com.br\/wp-content\/uploads\/2022\/10\/RC_800x750_page-0001.jpg 400w, https:\/\/jornalfatosenoticias.com.br\/wp-content\/uploads\/2022\/10\/RC_800x750_page-0001-300x281.jpg 300w\" sizes=\"auto, (max-width: 229px) 100vw, 229px\" \/><\/figure><\/div>\n\n\n\n<p>Para Bolsonaro, o resultado de sua gest\u00e3o nos quatro anos de governo foi \u201cbastante positivo\u201d, mesmo com desafios como a pandemia de covid-19 e a guerra na Ucr\u00e2nia. Ele citou diversas medidas adotadas pelo governo, como a renegocia\u00e7\u00e3o de d\u00edvidas do Financiamento Estudantil (Fies), o aux\u00edlio emergencial, o marco ferrovi\u00e1rio, internet nas escolas, redu\u00e7\u00e3o de impostos, reajuste do piso da educa\u00e7\u00e3o e porte de armas para moradores de \u00e1reas rurais. Na avalia\u00e7\u00e3o do presidente, o porte de armas reduz a viol\u00eancia.<br>Em mensagem direcionada a manifestantes em quart\u00e9is, que questionam resultado das elei\u00e7\u00f5es, Bolsonaro disse que n\u00e3o se pode achar que o \u201cmundo vai se acabar no dia 1\u00ba\u201d.<\/p>\n\n\n\n<div class=\"wp-block-image\"><figure class=\"aligncenter size-large is-resized\"><img loading=\"lazy\" decoding=\"async\" src=\"https:\/\/jornalfatosenoticias.com.br\/wp-content\/uploads\/2022\/02\/Precisao-Contabilidade-1024x724.jpg\" alt=\"\" class=\"wp-image-28088\" width=\"260\" height=\"184\"\/><\/figure><\/div>\n\n\n\n<figure class=\"wp-block-pullquote\"><blockquote><p><span class=\"has-inline-color has-luminous-vivid-orange-color\">Creio no patriotismo de voc\u00eas, na intelig\u00eancia. Sei o que voc\u00eas passaram ao longo desses dois meses, no sol, na chuva. Isso n\u00e3o vai ficar perdido. Imagens foram para fora do Brasil\u201d, disse, acrescentando que, no Pa\u00eds, houve um despertamento da popula\u00e7\u00e3o para entender mais de pol\u00edtica e a preocupa\u00e7\u00e3o com o voto respons\u00e1vel.<\/span><\/p><\/blockquote><\/figure>\n\n\n\n<div class=\"wp-block-image\"><figure class=\"aligncenter size-large\"><img loading=\"lazy\" decoding=\"async\" width=\"1024\" height=\"100\" src=\"https:\/\/jornalfatosenoticias.com.br\/wp-content\/uploads\/2020\/02\/banner_ferramentas-1024x100.jpg\" alt=\"\" class=\"wp-image-1258\" srcset=\"https:\/\/jornalfatosenoticias.com.br\/wp-content\/uploads\/2020\/02\/banner_ferramentas-1024x100.jpg 1024w, https:\/\/jornalfatosenoticias.com.br\/wp-content\/uploads\/2020\/02\/banner_ferramentas-300x29.jpg 300w, https:\/\/jornalfatosenoticias.com.br\/wp-content\/uploads\/2020\/02\/banner_ferramentas-768x75.jpg 768w, https:\/\/jornalfatosenoticias.com.br\/wp-content\/uploads\/2020\/02\/banner_ferramentas.jpg 1227w\" sizes=\"auto, (max-width: 1024px) 100vw, 1024px\" \/><\/figure><\/div>\n\n\n\n<p>Ele criticou a <strong><a href=\"https:\/\/agenciabrasil.ebc.com.br\/geral\/noticia\/2022-12\/empresario-e-preso-no-df-apos-tentativa-de-atentado\" target=\"_blank\" rel=\"noreferrer noopener\">a\u00e7\u00e3o<\/a>\u00a0<\/strong>de um empres\u00e1rio, que, no \u00faltimo dia 24, colocou uma bomba em um caminh\u00e3o-tanque no aeroporto de Bras\u00edlia. O empres\u00e1rio confessou que pretendia cometer um atentado na capital federal para chamar aten\u00e7\u00e3o do movimento de apoiadores do presidente Jair Bolsonaro e queria, assim, impedir a posse de Luiz In\u00e1cio Lula da Silva.<\/p>\n\n\n\n<div class=\"wp-block-image\"><figure class=\"aligncenter size-large is-resized\"><img loading=\"lazy\" decoding=\"async\" src=\"https:\/\/jornalfatosenoticias.com.br\/wp-content\/uploads\/2020\/02\/nova-logo-Marquetti.jpg\" alt=\"\" class=\"wp-image-22331\" width=\"277\" height=\"186\" srcset=\"https:\/\/jornalfatosenoticias.com.br\/wp-content\/uploads\/2020\/02\/nova-logo-Marquetti.jpg 643w, https:\/\/jornalfatosenoticias.com.br\/wp-content\/uploads\/2020\/02\/nova-logo-Marquetti-300x202.jpg 300w\" sizes=\"auto, (max-width: 277px) 100vw, 277px\" \/><\/figure><\/div>\n\n\n\n<figure class=\"wp-block-pullquote\"><blockquote><p><span class=\"has-inline-color has-luminous-vivid-orange-color\">N\u00e3o \u00e9 porque um elemento que passou por l\u00e1 [acampamento de manifestantes nos quart\u00e9is] fez besteira que todo mundo tem que ser acusado disso\u201d, disse. Bolsonaro afirmou que n\u00e3o \u201ccoaduna\u201d com a conduta do empres\u00e1rio.<\/span><\/p><\/blockquote><\/figure>\n\n\n\n<div class=\"wp-block-image\"><figure class=\"aligncenter size-large\"><img decoding=\"async\" src=\"https:\/\/jornalfatosenoticias.com.br\/wp-content\/uploads\/2020\/02\/logo-embacia-1-1024x110.jpg\" alt=\"\" class=\"wp-image-33954\"\/><\/figure><\/div>\n\n\n\n<p>Bolsonaro afirmou ainda que sempre lutou por \u201cdemocracia, liberdade, respeito \u00e0s leis e \u00e0 Constitui\u00e7\u00e3o\u201d. \u201cO oxig\u00eanio da democracia \u00e9 a liberdade\u201d. Para o presidente, n\u00e3o houve liberdade para debater assuntos relacionados ao combate \u00e0 pandemia e \u00e0s urnas.<\/p>\n\n\n\n<div class=\"wp-block-image\"><figure class=\"alignright size-large is-resized\"><img decoding=\"async\" src=\"https:\/\/jornalfatosenoticias.com.br\/wp-content\/uploads\/2022\/08\/logo-locau-veiculos-1024x573.png\" alt=\"\" class=\"wp-image-33078\" width=\"-139\" height=\"-78\"\/><\/figure><\/div>\n\n\n\n<p><strong><span class=\"has-inline-color has-vivid-red-color\">Elei\u00e7\u00f5es<br><\/span><\/strong>Bolsonaro tamb\u00e9m argumentou que a campanha eleitoral foi \u201cimparcial\u201d, com \u201cacusa\u00e7\u00f5es absurdas\u201d na propaganda eleitoral contra ele, menor espa\u00e7o de divulga\u00e7\u00e3o em r\u00e1dios e com decis\u00f5es da Justi\u00e7a favor\u00e1veis a Lula. Ele citou ainda a <strong><a href=\"https:\/\/agenciabrasil.ebc.com.br\/justica\/noticia\/2022-12\/plenario-do-tse-confirma-multa-de-r-229-milhoes-ao-pl\" target=\"_blank\" rel=\"noreferrer noopener\">condena\u00e7\u00e3o do Partido Liberal<\/a><\/strong> (PL) ao pagamento de multa de quase R$ 23 milh\u00f5es por litig\u00e2ncia de m\u00e1-f\u00e9. A legenda de Bolsonaro pediu ao Tribunal Superior Eleitoral (TSE), a anula\u00e7\u00e3o de parte dos votos, no segundo turno.<br>Para o presidente, as decis\u00f5es tomadas pela Justi\u00e7a estimularam rea\u00e7\u00f5es de seus apoiadores.<\/p>\n\n\n\n<div class=\"wp-block-image\"><figure class=\"aligncenter size-large is-resized\"><img loading=\"lazy\" decoding=\"async\" src=\"https:\/\/jornalfatosenoticias.com.br\/wp-content\/uploads\/2020\/02\/logo-Panper_portal.jpg\" alt=\"\" class=\"wp-image-34474\" width=\"273\" height=\"189\" srcset=\"https:\/\/jornalfatosenoticias.com.br\/wp-content\/uploads\/2020\/02\/logo-Panper_portal.jpg 400w, https:\/\/jornalfatosenoticias.com.br\/wp-content\/uploads\/2020\/02\/logo-Panper_portal-300x208.jpg 300w\" sizes=\"auto, (max-width: 273px) 100vw, 273px\" \/><\/figure><\/div>\n\n\n\n<figure class=\"wp-block-pullquote\"><blockquote><p><span class=\"has-inline-color has-luminous-vivid-orange-color\">Para qualquer medida de for\u00e7a, sempre h\u00e1 uma rea\u00e7\u00e3o. Tem que sempre buscar o di\u00e1logo para resolver as coisas, n\u00e3o pode dar um soco na mesa e n\u00e3o se discute mais esse assunto. Tudo isso trouxe uma massa de pessoas para as ruas, protestando\u201d, disse.<\/span><\/p><\/blockquote><\/figure>\n\n\n\n<div class=\"wp-block-image\"><figure class=\"aligncenter size-large\"><img loading=\"lazy\" decoding=\"async\" width=\"729\" height=\"90\" src=\"https:\/\/jornalfatosenoticias.com.br\/wp-content\/uploads\/2020\/02\/Logo_Mizu.png\" alt=\"\" class=\"wp-image-1441\" srcset=\"https:\/\/jornalfatosenoticias.com.br\/wp-content\/uploads\/2020\/02\/Logo_Mizu.png 729w, https:\/\/jornalfatosenoticias.com.br\/wp-content\/uploads\/2020\/02\/Logo_Mizu-300x37.png 300w\" sizes=\"auto, (max-width: 729px) 100vw, 729px\" \/><\/figure><\/div>\n\n\n\n<p>Segundo Bolsonaro, os manifestantes foram para os quart\u00e9is em busca de \u201cseguran\u00e7a\u201d. \u201cEu n\u00e3o participei desse movimento, eu me recolhi\u201d, disse. Para o presidente, se ele participasse desse movimento poderia \u201ctumultuar ainda mais\u201d a situa\u00e7\u00e3o. \u201cO que houve foi uma manifesta\u00e7\u00e3o do povo, n\u00e3o tinha lideran\u00e7a, n\u00e3o tinha ningu\u00e9m coordenado. O protesto foi pac\u00edfico, ordeiro, seguindo a lei\u201d, acrescentou.<\/p>\n\n\n\n<div class=\"wp-block-image\"><figure class=\"aligncenter size-large\"><img decoding=\"async\" src=\"https:\/\/jornalfatosenoticias.com.br\/wp-content\/uploads\/2020\/02\/logo_esteio.jpg\" alt=\"\" class=\"wp-image-1214\"\/><\/figure><\/div>\n\n\n\n<figure class=\"wp-block-pullquote\"><blockquote><p><span class=\"has-inline-color has-luminous-vivid-orange-color\">Est\u00e1 prevista a posse em 1\u00ba de janeiro. Eu busquei dentro das quatro linhas, dentro das leis, respeitando a Constitui\u00e7\u00e3o, sa\u00edda para isso da\u00ed. Se tinha alternativa, se a gente podia questionar alguma coisa ou n\u00e3o, tudo dentro das quatro linhas\u201d, disse, acrescentando que \u201cningu\u00e9m quer uma aventura\u201d. \u201cMuitas vezes, dentro das quatro linhas, voc\u00ea tem que ter apoio. Certamente, a gente tem que ter apoio do Parlamento, de alguns ministros do Supremo [Tribunal Federal], de outros \u00f3rg\u00e3os, de outras institui\u00e7\u00f5es\u201d, afirmou.<\/span><\/p><\/blockquote><\/figure>\n\n\n\n<div class=\"wp-block-image\"><figure class=\"aligncenter size-large\"><img loading=\"lazy\" decoding=\"async\" width=\"1000\" height=\"709\" src=\"https:\/\/jornalfatosenoticias.com.br\/wp-content\/uploads\/2022\/12\/cartao-ano-novo.jpg\" alt=\"\" class=\"wp-image-37231\" srcset=\"https:\/\/jornalfatosenoticias.com.br\/wp-content\/uploads\/2022\/12\/cartao-ano-novo.jpg 1000w, https:\/\/jornalfatosenoticias.com.br\/wp-content\/uploads\/2022\/12\/cartao-ano-novo-300x213.jpg 300w, https:\/\/jornalfatosenoticias.com.br\/wp-content\/uploads\/2022\/12\/cartao-ano-novo-768x545.jpg 768w\" sizes=\"auto, (max-width: 1000px) 100vw, 1000px\" \/><\/figure><\/div>\n\n\n\n<p><strong><em>Fonte: <a href=\"https:\/\/agenciabrasil.ebc.com.br\/politica\/noticia\/2022-12\/presidente-faz-balanco-do-governo-e-afirma-nao-apoiar-confrontos\">Ag\u00eancia Brasil<\/a><\/em><\/strong><\/p>\n","protected":false},"excerpt":{"rendered":"<p>Ele criticou empres\u00e1rio que pretendia cometer atentado em aeroporto \u00c0s v\u00e9speras de deixar a Presid\u00eancia, Jair Bolsonaro fez um balan\u00e7o de seus quatro anos de governo, em uma transmiss\u00e3o pela internet, e afirmou que n\u00e3o estimula confrontos de seus apoiadores diante da posse de Luiz In\u00e1cio Lula da Silva, no dia 1\u00b0. Para Bolsonaro, o [&hellip;]<\/p>\n","protected":false},"author":2,"featured_media":37459,"comment_status":"open","ping_status":"open","sticky":false,"template":"","format":"standard","meta":{"footnotes":""},"categories":[10],"tags":[17609,17611,13311,17610,1315],"class_list":["post-37458","post","type-post","status-publish","format-standard","has-post-thumbnail","hentry","category-politica","tag-balanco-do-governo","tag-eleicoes-sujas","tag-presidente-jair-bolsonaro","tag-transmissao-pela-internet","tag-transparencia"],"yoast_head":"<!-- This site is optimized with the Yoast SEO plugin v26.5 - https:\/\/yoast.com\/wordpress\/plugins\/seo\/ -->\n<title>Presidente faz balan\u00e7o do governo e afirma n\u00e3o apoiar confrontos - Jornal Fatos e Not\u00edcias<\/title>\n<meta name=\"robots\" content=\"index, follow, max-snippet:-1, max-image-preview:large, max-video-preview:-1\" \/>\n<link rel=\"canonical\" href=\"https:\/\/jornalfatosenoticias.com.br\/index.php\/2022\/12\/30\/presidente-faz-balanco-do-governo-e-afirma-nao-apoiar-confrontos\/\" \/>\n<meta property=\"og:locale\" content=\"pt_BR\" \/>\n<meta property=\"og:type\" content=\"article\" \/>\n<meta property=\"og:title\" content=\"Presidente faz balan\u00e7o do governo e afirma n\u00e3o apoiar confrontos - Jornal Fatos e Not\u00edcias\" \/>\n<meta property=\"og:description\" content=\"Ele criticou empres\u00e1rio que pretendia cometer atentado em aeroporto \u00c0s v\u00e9speras de deixar a Presid\u00eancia, Jair Bolsonaro fez um balan\u00e7o de seus quatro anos de governo, em uma transmiss\u00e3o pela internet, e afirmou que n\u00e3o estimula confrontos de seus apoiadores diante da posse de Luiz In\u00e1cio Lula da Silva, no dia 1\u00b0. Para Bolsonaro, o [&hellip;]\" \/>\n<meta property=\"og:url\" content=\"https:\/\/jornalfatosenoticias.com.br\/index.php\/2022\/12\/30\/presidente-faz-balanco-do-governo-e-afirma-nao-apoiar-confrontos\/\" \/>\n<meta property=\"og:site_name\" content=\"Jornal Fatos e Not\u00edcias\" \/>\n<meta property=\"article:published_time\" content=\"2022-12-30T18:25:57+00:00\" \/>\n<meta property=\"article:modified_time\" content=\"2022-12-30T18:25:58+00:00\" \/>\n<meta property=\"og:image\" content=\"https:\/\/jornalfatosenoticias.com.br\/wp-content\/uploads\/2022\/12\/jair_bolsonaro30122022.jpg\" \/>\n\t<meta property=\"og:image:width\" content=\"1000\" \/>\n\t<meta property=\"og:image:height\" content=\"598\" \/>\n\t<meta property=\"og:image:type\" content=\"image\/jpeg\" \/>\n<meta name=\"author\" content=\"Luzimara Fernandes\" \/>\n<meta name=\"twitter:card\" content=\"summary_large_image\" \/>\n<meta name=\"twitter:label1\" content=\"Escrito por\" \/>\n\t<meta name=\"twitter:data1\" content=\"Luzimara Fernandes\" \/>\n\t<meta name=\"twitter:label2\" content=\"Est. tempo de leitura\" \/>\n\t<meta name=\"twitter:data2\" content=\"3 minutos\" \/>\n<script type=\"application\/ld+json\" class=\"yoast-schema-graph\">{\"@context\":\"https:\/\/schema.org\",\"@graph\":[{\"@type\":\"Article\",\"@id\":\"https:\/\/jornalfatosenoticias.com.br\/index.php\/2022\/12\/30\/presidente-faz-balanco-do-governo-e-afirma-nao-apoiar-confrontos\/#article\",\"isPartOf\":{\"@id\":\"https:\/\/jornalfatosenoticias.com.br\/index.php\/2022\/12\/30\/presidente-faz-balanco-do-governo-e-afirma-nao-apoiar-confrontos\/\"},\"author\":{\"name\":\"Luzimara Fernandes\",\"@id\":\"https:\/\/jornalfatosenoticias.com.br\/#\/schema\/person\/d63837fa13ac8666eb9e74e0985d6f81\"},\"headline\":\"Presidente faz balan\u00e7o do governo e afirma n\u00e3o apoiar confrontos\",\"datePublished\":\"2022-12-30T18:25:57+00:00\",\"dateModified\":\"2022-12-30T18:25:58+00:00\",\"mainEntityOfPage\":{\"@id\":\"https:\/\/jornalfatosenoticias.com.br\/index.php\/2022\/12\/30\/presidente-faz-balanco-do-governo-e-afirma-nao-apoiar-confrontos\/\"},\"wordCount\":705,\"commentCount\":0,\"publisher\":{\"@id\":\"https:\/\/jornalfatosenoticias.com.br\/#organization\"},\"image\":{\"@id\":\"https:\/\/jornalfatosenoticias.com.br\/index.php\/2022\/12\/30\/presidente-faz-balanco-do-governo-e-afirma-nao-apoiar-confrontos\/#primaryimage\"},\"thumbnailUrl\":\"https:\/\/jornalfatosenoticias.com.br\/wp-content\/uploads\/2022\/12\/jair_bolsonaro30122022.jpg\",\"keywords\":[\"balan\u00e7o do governo\",\"elei\u00e7\u00f5es sujas\",\"presidente Jair Bolsonaro\",\"transmiss\u00e3o pela internet\",\"transpar\u00eancia\"],\"articleSection\":[\"Pol\u00edtica\"],\"inLanguage\":\"pt-BR\",\"potentialAction\":[{\"@type\":\"CommentAction\",\"name\":\"Comment\",\"target\":[\"https:\/\/jornalfatosenoticias.com.br\/index.php\/2022\/12\/30\/presidente-faz-balanco-do-governo-e-afirma-nao-apoiar-confrontos\/#respond\"]}]},{\"@type\":\"WebPage\",\"@id\":\"https:\/\/jornalfatosenoticias.com.br\/index.php\/2022\/12\/30\/presidente-faz-balanco-do-governo-e-afirma-nao-apoiar-confrontos\/\",\"url\":\"https:\/\/jornalfatosenoticias.com.br\/index.php\/2022\/12\/30\/presidente-faz-balanco-do-governo-e-afirma-nao-apoiar-confrontos\/\",\"name\":\"Presidente faz balan\u00e7o do governo e afirma n\u00e3o apoiar confrontos - Jornal Fatos e Not\u00edcias\",\"isPartOf\":{\"@id\":\"https:\/\/jornalfatosenoticias.com.br\/#website\"},\"primaryImageOfPage\":{\"@id\":\"https:\/\/jornalfatosenoticias.com.br\/index.php\/2022\/12\/30\/presidente-faz-balanco-do-governo-e-afirma-nao-apoiar-confrontos\/#primaryimage\"},\"image\":{\"@id\":\"https:\/\/jornalfatosenoticias.com.br\/index.php\/2022\/12\/30\/presidente-faz-balanco-do-governo-e-afirma-nao-apoiar-confrontos\/#primaryimage\"},\"thumbnailUrl\":\"https:\/\/jornalfatosenoticias.com.br\/wp-content\/uploads\/2022\/12\/jair_bolsonaro30122022.jpg\",\"datePublished\":\"2022-12-30T18:25:57+00:00\",\"dateModified\":\"2022-12-30T18:25:58+00:00\",\"breadcrumb\":{\"@id\":\"https:\/\/jornalfatosenoticias.com.br\/index.php\/2022\/12\/30\/presidente-faz-balanco-do-governo-e-afirma-nao-apoiar-confrontos\/#breadcrumb\"},\"inLanguage\":\"pt-BR\",\"potentialAction\":[{\"@type\":\"ReadAction\",\"target\":[\"https:\/\/jornalfatosenoticias.com.br\/index.php\/2022\/12\/30\/presidente-faz-balanco-do-governo-e-afirma-nao-apoiar-confrontos\/\"]}]},{\"@type\":\"ImageObject\",\"inLanguage\":\"pt-BR\",\"@id\":\"https:\/\/jornalfatosenoticias.com.br\/index.php\/2022\/12\/30\/presidente-faz-balanco-do-governo-e-afirma-nao-apoiar-confrontos\/#primaryimage\",\"url\":\"https:\/\/jornalfatosenoticias.com.br\/wp-content\/uploads\/2022\/12\/jair_bolsonaro30122022.jpg\",\"contentUrl\":\"https:\/\/jornalfatosenoticias.com.br\/wp-content\/uploads\/2022\/12\/jair_bolsonaro30122022.jpg\",\"width\":1000,\"height\":598,\"caption\":\"Jair Bolsonaro, Presta\u00e7\u00e3o De Contas E Atual Momento Pol\u00edtico Brasileiro\"},{\"@type\":\"BreadcrumbList\",\"@id\":\"https:\/\/jornalfatosenoticias.com.br\/index.php\/2022\/12\/30\/presidente-faz-balanco-do-governo-e-afirma-nao-apoiar-confrontos\/#breadcrumb\",\"itemListElement\":[{\"@type\":\"ListItem\",\"position\":1,\"name\":\"In\u00edcio\",\"item\":\"https:\/\/jornalfatosenoticias.com.br\/\"},{\"@type\":\"ListItem\",\"position\":2,\"name\":\"Presidente faz balan\u00e7o do governo e afirma n\u00e3o apoiar confrontos\"}]},{\"@type\":\"WebSite\",\"@id\":\"https:\/\/jornalfatosenoticias.com.br\/#website\",\"url\":\"https:\/\/jornalfatosenoticias.com.br\/\",\"name\":\"Jornal Fatos e Not\u00edcias\",\"description\":\"Not\u00edcias em geral\",\"publisher\":{\"@id\":\"https:\/\/jornalfatosenoticias.com.br\/#organization\"},\"potentialAction\":[{\"@type\":\"SearchAction\",\"target\":{\"@type\":\"EntryPoint\",\"urlTemplate\":\"https:\/\/jornalfatosenoticias.com.br\/?s={search_term_string}\"},\"query-input\":{\"@type\":\"PropertyValueSpecification\",\"valueRequired\":true,\"valueName\":\"search_term_string\"}}],\"inLanguage\":\"pt-BR\"},{\"@type\":\"Organization\",\"@id\":\"https:\/\/jornalfatosenoticias.com.br\/#organization\",\"name\":\"Jornal Fatos e Not\u00edcias\",\"url\":\"https:\/\/jornalfatosenoticias.com.br\/\",\"logo\":{\"@type\":\"ImageObject\",\"inLanguage\":\"pt-BR\",\"@id\":\"https:\/\/jornalfatosenoticias.com.br\/#\/schema\/logo\/image\/\",\"url\":\"https:\/\/jornalfatosenoticias.com.br\/wp-content\/uploads\/2020\/02\/logo120.png\",\"contentUrl\":\"https:\/\/jornalfatosenoticias.com.br\/wp-content\/uploads\/2020\/02\/logo120.png\",\"width\":1227,\"height\":120,\"caption\":\"Jornal Fatos e Not\u00edcias\"},\"image\":{\"@id\":\"https:\/\/jornalfatosenoticias.com.br\/#\/schema\/logo\/image\/\"}},{\"@type\":\"Person\",\"@id\":\"https:\/\/jornalfatosenoticias.com.br\/#\/schema\/person\/d63837fa13ac8666eb9e74e0985d6f81\",\"name\":\"Luzimara Fernandes\",\"image\":{\"@type\":\"ImageObject\",\"inLanguage\":\"pt-BR\",\"@id\":\"https:\/\/jornalfatosenoticias.com.br\/#\/schema\/person\/image\/\",\"url\":\"https:\/\/jornalfatosenoticias.com.br\/wp-content\/uploads\/2025\/05\/EU_portal.jpg\",\"contentUrl\":\"https:\/\/jornalfatosenoticias.com.br\/wp-content\/uploads\/2025\/05\/EU_portal.jpg\",\"caption\":\"Luzimara Fernandes\"},\"description\":\"Jornalista MTB 2358-ES\",\"sameAs\":[\"https:\/\/jornalfatosenoticias.com.br\"],\"url\":\"https:\/\/jornalfatosenoticias.com.br\/index.php\/author\/luzimara\/\"}]}<\/script>\n<!-- \/ Yoast SEO plugin. -->","yoast_head_json":{"title":"Presidente faz balan\u00e7o do governo e afirma n\u00e3o apoiar confrontos - Jornal Fatos e Not\u00edcias","robots":{"index":"index","follow":"follow","max-snippet":"max-snippet:-1","max-image-preview":"max-image-preview:large","max-video-preview":"max-video-preview:-1"},"canonical":"https:\/\/jornalfatosenoticias.com.br\/index.php\/2022\/12\/30\/presidente-faz-balanco-do-governo-e-afirma-nao-apoiar-confrontos\/","og_locale":"pt_BR","og_type":"article","og_title":"Presidente faz balan\u00e7o do governo e afirma n\u00e3o apoiar confrontos - Jornal Fatos e Not\u00edcias","og_description":"Ele criticou empres\u00e1rio que pretendia cometer atentado em aeroporto \u00c0s v\u00e9speras de deixar a Presid\u00eancia, Jair Bolsonaro fez um balan\u00e7o de seus quatro anos de governo, em uma transmiss\u00e3o pela internet, e afirmou que n\u00e3o estimula confrontos de seus apoiadores diante da posse de Luiz In\u00e1cio Lula da Silva, no dia 1\u00b0. Para Bolsonaro, o [&hellip;]","og_url":"https:\/\/jornalfatosenoticias.com.br\/index.php\/2022\/12\/30\/presidente-faz-balanco-do-governo-e-afirma-nao-apoiar-confrontos\/","og_site_name":"Jornal Fatos e Not\u00edcias","article_published_time":"2022-12-30T18:25:57+00:00","article_modified_time":"2022-12-30T18:25:58+00:00","og_image":[{"width":1000,"height":598,"url":"https:\/\/jornalfatosenoticias.com.br\/wp-content\/uploads\/2022\/12\/jair_bolsonaro30122022.jpg","type":"image\/jpeg"}],"author":"Luzimara Fernandes","twitter_card":"summary_large_image","twitter_misc":{"Escrito por":"Luzimara Fernandes","Est. tempo de leitura":"3 minutos"},"schema":{"@context":"https:\/\/schema.org","@graph":[{"@type":"Article","@id":"https:\/\/jornalfatosenoticias.com.br\/index.php\/2022\/12\/30\/presidente-faz-balanco-do-governo-e-afirma-nao-apoiar-confrontos\/#article","isPartOf":{"@id":"https:\/\/jornalfatosenoticias.com.br\/index.php\/2022\/12\/30\/presidente-faz-balanco-do-governo-e-afirma-nao-apoiar-confrontos\/"},"author":{"name":"Luzimara Fernandes","@id":"https:\/\/jornalfatosenoticias.com.br\/#\/schema\/person\/d63837fa13ac8666eb9e74e0985d6f81"},"headline":"Presidente faz balan\u00e7o do governo e afirma n\u00e3o apoiar confrontos","datePublished":"2022-12-30T18:25:57+00:00","dateModified":"2022-12-30T18:25:58+00:00","mainEntityOfPage":{"@id":"https:\/\/jornalfatosenoticias.com.br\/index.php\/2022\/12\/30\/presidente-faz-balanco-do-governo-e-afirma-nao-apoiar-confrontos\/"},"wordCount":705,"commentCount":0,"publisher":{"@id":"https:\/\/jornalfatosenoticias.com.br\/#organization"},"image":{"@id":"https:\/\/jornalfatosenoticias.com.br\/index.php\/2022\/12\/30\/presidente-faz-balanco-do-governo-e-afirma-nao-apoiar-confrontos\/#primaryimage"},"thumbnailUrl":"https:\/\/jornalfatosenoticias.com.br\/wp-content\/uploads\/2022\/12\/jair_bolsonaro30122022.jpg","keywords":["balan\u00e7o do governo","elei\u00e7\u00f5es sujas","presidente Jair Bolsonaro","transmiss\u00e3o pela internet","transpar\u00eancia"],"articleSection":["Pol\u00edtica"],"inLanguage":"pt-BR","potentialAction":[{"@type":"CommentAction","name":"Comment","target":["https:\/\/jornalfatosenoticias.com.br\/index.php\/2022\/12\/30\/presidente-faz-balanco-do-governo-e-afirma-nao-apoiar-confrontos\/#respond"]}]},{"@type":"WebPage","@id":"https:\/\/jornalfatosenoticias.com.br\/index.php\/2022\/12\/30\/presidente-faz-balanco-do-governo-e-afirma-nao-apoiar-confrontos\/","url":"https:\/\/jornalfatosenoticias.com.br\/index.php\/2022\/12\/30\/presidente-faz-balanco-do-governo-e-afirma-nao-apoiar-confrontos\/","name":"Presidente faz balan\u00e7o do governo e afirma n\u00e3o apoiar confrontos - Jornal Fatos e Not\u00edcias","isPartOf":{"@id":"https:\/\/jornalfatosenoticias.com.br\/#website"},"primaryImageOfPage":{"@id":"https:\/\/jornalfatosenoticias.com.br\/index.php\/2022\/12\/30\/presidente-faz-balanco-do-governo-e-afirma-nao-apoiar-confrontos\/#primaryimage"},"image":{"@id":"https:\/\/jornalfatosenoticias.com.br\/index.php\/2022\/12\/30\/presidente-faz-balanco-do-governo-e-afirma-nao-apoiar-confrontos\/#primaryimage"},"thumbnailUrl":"https:\/\/jornalfatosenoticias.com.br\/wp-content\/uploads\/2022\/12\/jair_bolsonaro30122022.jpg","datePublished":"2022-12-30T18:25:57+00:00","dateModified":"2022-12-30T18:25:58+00:00","breadcrumb":{"@id":"https:\/\/jornalfatosenoticias.com.br\/index.php\/2022\/12\/30\/presidente-faz-balanco-do-governo-e-afirma-nao-apoiar-confrontos\/#breadcrumb"},"inLanguage":"pt-BR","potentialAction":[{"@type":"ReadAction","target":["https:\/\/jornalfatosenoticias.com.br\/index.php\/2022\/12\/30\/presidente-faz-balanco-do-governo-e-afirma-nao-apoiar-confrontos\/"]}]},{"@type":"ImageObject","inLanguage":"pt-BR","@id":"https:\/\/jornalfatosenoticias.com.br\/index.php\/2022\/12\/30\/presidente-faz-balanco-do-governo-e-afirma-nao-apoiar-confrontos\/#primaryimage","url":"https:\/\/jornalfatosenoticias.com.br\/wp-content\/uploads\/2022\/12\/jair_bolsonaro30122022.jpg","contentUrl":"https:\/\/jornalfatosenoticias.com.br\/wp-content\/uploads\/2022\/12\/jair_bolsonaro30122022.jpg","width":1000,"height":598,"caption":"Jair Bolsonaro, Presta\u00e7\u00e3o De Contas E Atual Momento Pol\u00edtico Brasileiro"},{"@type":"BreadcrumbList","@id":"https:\/\/jornalfatosenoticias.com.br\/index.php\/2022\/12\/30\/presidente-faz-balanco-do-governo-e-afirma-nao-apoiar-confrontos\/#breadcrumb","itemListElement":[{"@type":"ListItem","position":1,"name":"In\u00edcio","item":"https:\/\/jornalfatosenoticias.com.br\/"},{"@type":"ListItem","position":2,"name":"Presidente faz balan\u00e7o do governo e afirma n\u00e3o apoiar confrontos"}]},{"@type":"WebSite","@id":"https:\/\/jornalfatosenoticias.com.br\/#website","url":"https:\/\/jornalfatosenoticias.com.br\/","name":"Jornal Fatos e Not\u00edcias","description":"Not\u00edcias em geral","publisher":{"@id":"https:\/\/jornalfatosenoticias.com.br\/#organization"},"potentialAction":[{"@type":"SearchAction","target":{"@type":"EntryPoint","urlTemplate":"https:\/\/jornalfatosenoticias.com.br\/?s={search_term_string}"},"query-input":{"@type":"PropertyValueSpecification","valueRequired":true,"valueName":"search_term_string"}}],"inLanguage":"pt-BR"},{"@type":"Organization","@id":"https:\/\/jornalfatosenoticias.com.br\/#organization","name":"Jornal Fatos e Not\u00edcias","url":"https:\/\/jornalfatosenoticias.com.br\/","logo":{"@type":"ImageObject","inLanguage":"pt-BR","@id":"https:\/\/jornalfatosenoticias.com.br\/#\/schema\/logo\/image\/","url":"https:\/\/jornalfatosenoticias.com.br\/wp-content\/uploads\/2020\/02\/logo120.png","contentUrl":"https:\/\/jornalfatosenoticias.com.br\/wp-content\/uploads\/2020\/02\/logo120.png","width":1227,"height":120,"caption":"Jornal Fatos e Not\u00edcias"},"image":{"@id":"https:\/\/jornalfatosenoticias.com.br\/#\/schema\/logo\/image\/"}},{"@type":"Person","@id":"https:\/\/jornalfatosenoticias.com.br\/#\/schema\/person\/d63837fa13ac8666eb9e74e0985d6f81","name":"Luzimara Fernandes","image":{"@type":"ImageObject","inLanguage":"pt-BR","@id":"https:\/\/jornalfatosenoticias.com.br\/#\/schema\/person\/image\/","url":"https:\/\/jornalfatosenoticias.com.br\/wp-content\/uploads\/2025\/05\/EU_portal.jpg","contentUrl":"https:\/\/jornalfatosenoticias.com.br\/wp-content\/uploads\/2025\/05\/EU_portal.jpg","caption":"Luzimara Fernandes"},"description":"Jornalista MTB 2358-ES","sameAs":["https:\/\/jornalfatosenoticias.com.br"],"url":"https:\/\/jornalfatosenoticias.com.br\/index.php\/author\/luzimara\/"}]}},"cc_featured_image_caption":{"caption_text":"(Foto: Reprodu\u00e7\u00e3o YouTube\/Jair Bolsonaro)","source_text":"","source_url":""},"jetpack_featured_media_url":"https:\/\/jornalfatosenoticias.com.br\/wp-content\/uploads\/2022\/12\/jair_bolsonaro30122022.jpg","_links":{"self":[{"href":"https:\/\/jornalfatosenoticias.com.br\/index.php\/wp-json\/wp\/v2\/posts\/37458","targetHints":{"allow":["GET"]}}],"collection":[{"href":"https:\/\/jornalfatosenoticias.com.br\/index.php\/wp-json\/wp\/v2\/posts"}],"about":[{"href":"https:\/\/jornalfatosenoticias.com.br\/index.php\/wp-json\/wp\/v2\/types\/post"}],"author":[{"embeddable":true,"href":"https:\/\/jornalfatosenoticias.com.br\/index.php\/wp-json\/wp\/v2\/users\/2"}],"replies":[{"embeddable":true,"href":"https:\/\/jornalfatosenoticias.com.br\/index.php\/wp-json\/wp\/v2\/comments?post=37458"}],"version-history":[{"count":0,"href":"https:\/\/jornalfatosenoticias.com.br\/index.php\/wp-json\/wp\/v2\/posts\/37458\/revisions"}],"wp:featuredmedia":[{"embeddable":true,"href":"https:\/\/jornalfatosenoticias.com.br\/index.php\/wp-json\/wp\/v2\/media\/37459"}],"wp:attachment":[{"href":"https:\/\/jornalfatosenoticias.com.br\/index.php\/wp-json\/wp\/v2\/media?parent=37458"}],"wp:term":[{"taxonomy":"category","embeddable":true,"href":"https:\/\/jornalfatosenoticias.com.br\/index.php\/wp-json\/wp\/v2\/categories?post=37458"},{"taxonomy":"post_tag","embeddable":true,"href":"https:\/\/jornalfatosenoticias.com.br\/index.php\/wp-json\/wp\/v2\/tags?post=37458"}],"curies":[{"name":"wp","href":"https:\/\/api.w.org\/{rel}","templated":true}]}}