{"id":37461,"date":"2022-12-30T15:37:14","date_gmt":"2022-12-30T18:37:14","guid":{"rendered":"https:\/\/jornalfatosenoticias.com.br\/?p=37461"},"modified":"2022-12-30T15:37:15","modified_gmt":"2022-12-30T18:37:15","slug":"indicador-de-incerteza-da-economia-sobe-06-ponto-revela-fgv","status":"publish","type":"post","link":"https:\/\/jornalfatosenoticias.com.br\/index.php\/2022\/12\/30\/indicador-de-incerteza-da-economia-sobe-06-ponto-revela-fgv\/","title":{"rendered":"Indicador de Incerteza da Economia sobe 0,6 ponto, revela FGV"},"content":{"rendered":"\n<p><em><span class=\"has-inline-color has-black-color\">Indicador fecha o ano em n\u00edvel insatisfat\u00f3rio, acima de 110 pontos<\/span><\/em><\/p>\n\n\n\n<div class=\"wp-block-image\"><figure class=\"aligncenter size-large\"><img loading=\"lazy\" decoding=\"async\" width=\"729\" height=\"90\" src=\"https:\/\/jornalfatosenoticias.com.br\/wp-content\/uploads\/2020\/02\/Logo_Mizu.png\" alt=\"\" class=\"wp-image-1441\" srcset=\"https:\/\/jornalfatosenoticias.com.br\/wp-content\/uploads\/2020\/02\/Logo_Mizu.png 729w, https:\/\/jornalfatosenoticias.com.br\/wp-content\/uploads\/2020\/02\/Logo_Mizu-300x37.png 300w\" sizes=\"auto, (max-width: 729px) 100vw, 729px\" \/><\/figure><\/div>\n\n\n\n<p>O Indicador de Incerteza da Economia (IIE-Br) subiu 0,6 ponto em dezembro, indo para 112,7 pontos. Os dados foram divulgados hoje (30), no Rio de Janeiro, pelo Instituto Brasileiro de Economia da Funda\u00e7\u00e3o Get\u00falio Vargas (FGV).<br>Segundo Anna Carolina Gouveia, economista do instituto, a subida no indicador, ap\u00f3s dois meses praticamente est\u00e1vel com alta de 0,3 e 0,1 ponto, foi influenciada pela transi\u00e7\u00e3o de governo. Com isso, o IIE-Br fechou o ano em n\u00edvel insatisfat\u00f3rio, acima dos 110 pontos.<\/p>\n\n\n\n<div class=\"wp-block-image\"><figure class=\"aligncenter size-large is-resized\"><img loading=\"lazy\" decoding=\"async\" src=\"https:\/\/jornalfatosenoticias.com.br\/wp-content\/uploads\/2022\/02\/Precisao-Contabilidade-1024x724.jpg\" alt=\"\" class=\"wp-image-28088\" width=\"282\" height=\"199\"\/><\/figure><\/div>\n\n\n\n<figure class=\"wp-block-pullquote\"><blockquote><p><span class=\"has-inline-color has-luminous-vivid-orange-color\">O resultado foi influenciado pelas incertezas da transi\u00e7\u00e3o de governo e o direcionamento das pol\u00edticas econ\u00f4micas do pr\u00f3ximo ano, com destaque para a condu\u00e7\u00e3o da pol\u00edtica fiscal\u201d, argumentou.<\/span><\/p><\/blockquote><\/figure>\n\n\n\n<p>Destacou que o aumento da incerteza foi impulsionado pela dispers\u00e3o nas previs\u00f5es macroecon\u00f4micas, o que deve permanecer em alta nos pr\u00f3ximos meses.<\/p>\n\n\n\n<div class=\"wp-block-image\"><figure class=\"aligncenter size-large is-resized\"><img loading=\"lazy\" decoding=\"async\" src=\"https:\/\/jornalfatosenoticias.com.br\/wp-content\/uploads\/2020\/02\/casa-do-torresmo_portal.jpg\" alt=\"\" class=\"wp-image-34472\" width=\"242\" height=\"242\" srcset=\"https:\/\/jornalfatosenoticias.com.br\/wp-content\/uploads\/2020\/02\/casa-do-torresmo_portal.jpg 300w, https:\/\/jornalfatosenoticias.com.br\/wp-content\/uploads\/2020\/02\/casa-do-torresmo_portal-150x150.jpg 150w\" sizes=\"auto, (max-width: 242px) 100vw, 242px\" \/><\/figure><\/div>\n\n\n\n<figure class=\"wp-block-pullquote\"><blockquote><p><span class=\"has-inline-color has-luminous-vivid-orange-color\">A alta do IIE-Br foi motivada pelo componente de expectativas, que mede a dispers\u00e3o nas previs\u00f5es de especialistas para vari\u00e1veis macroecon\u00f4micas, devido a uma maior heterogeneidade das previs\u00f5es para a taxa Selic. Diante da conjuntura dom\u00e9stica e internacional desafiadora, o Indicador de Incerteza dever\u00e1 se manter oscilando em patamar elevado nos pr\u00f3ximos meses\u201d, afirmou.<\/span><\/p><\/blockquote><\/figure>\n\n\n\n<div class=\"wp-block-image\"><figure class=\"aligncenter size-large\"><img loading=\"lazy\" decoding=\"async\" width=\"1024\" height=\"110\" src=\"https:\/\/jornalfatosenoticias.com.br\/wp-content\/uploads\/2022\/10\/Arte-jornal-Zucchi-1120x120_Prancheta-1-1024x110.jpg\" alt=\"\" class=\"wp-image-34772\" srcset=\"https:\/\/jornalfatosenoticias.com.br\/wp-content\/uploads\/2022\/10\/Arte-jornal-Zucchi-1120x120_Prancheta-1-1024x110.jpg 1024w, https:\/\/jornalfatosenoticias.com.br\/wp-content\/uploads\/2022\/10\/Arte-jornal-Zucchi-1120x120_Prancheta-1-300x32.jpg 300w, https:\/\/jornalfatosenoticias.com.br\/wp-content\/uploads\/2022\/10\/Arte-jornal-Zucchi-1120x120_Prancheta-1-768x82.jpg 768w, https:\/\/jornalfatosenoticias.com.br\/wp-content\/uploads\/2022\/10\/Arte-jornal-Zucchi-1120x120_Prancheta-1-1536x165.jpg 1536w, https:\/\/jornalfatosenoticias.com.br\/wp-content\/uploads\/2022\/10\/Arte-jornal-Zucchi-1120x120_Prancheta-1-2048x219.jpg 2048w\" sizes=\"auto, (max-width: 1024px) 100vw, 1024px\" \/><\/figure><\/div>\n\n\n\n<p><strong><span class=\"has-inline-color has-black-color\">Componentes<br><\/span><\/strong>Entre os componentes do IIE-Br, em dezembro o indicador M\u00eddia, que se baseia na frequ\u00eancia de not\u00edcias com men\u00e7\u00e3o \u00e0 incerteza nas m\u00eddias impressa e online, teve queda de 2,5 pontos, para 110,1 pontos, chegando ao menor n\u00edvel desde novembro de 2019, quando ficou em 103,6 pontos. Com isso, o componente contribui para a redu\u00e7\u00e3o de 2,2 pontos no \u00edndice agregado.<\/p>\n\n\n\n<div class=\"wp-block-image\"><figure class=\"aligncenter size-large\"><img loading=\"lazy\" decoding=\"async\" width=\"300\" height=\"250\" src=\"https:\/\/jornalfatosenoticias.com.br\/wp-content\/uploads\/2022\/08\/arte-Casarao.jpg\" alt=\"\" class=\"wp-image-33178\"\/><\/figure><\/div>\n\n\n\n<p>J\u00e1 o componente de expectativas, que indica a m\u00e9dia dos coeficientes de varia\u00e7\u00e3o das previs\u00f5es dos analistas econ\u00f4micos, teve alta de 12,8 pontos, indo para 117,9 pontos. O maior pico anterior foi registrado em julho deste ano, com 124,7 pontos. Esse componente contribui com 2,8 pontos para a alta na margem do Indicador de Incerteza da Economia.<\/p>\n\n\n\n<div class=\"wp-block-image\"><figure class=\"aligncenter size-large\"><img loading=\"lazy\" decoding=\"async\" width=\"1000\" height=\"709\" src=\"https:\/\/jornalfatosenoticias.com.br\/wp-content\/uploads\/2022\/12\/cartao-ano-novo.jpg\" alt=\"\" class=\"wp-image-37231\" srcset=\"https:\/\/jornalfatosenoticias.com.br\/wp-content\/uploads\/2022\/12\/cartao-ano-novo.jpg 1000w, https:\/\/jornalfatosenoticias.com.br\/wp-content\/uploads\/2022\/12\/cartao-ano-novo-300x213.jpg 300w, https:\/\/jornalfatosenoticias.com.br\/wp-content\/uploads\/2022\/12\/cartao-ano-novo-768x545.jpg 768w\" sizes=\"auto, (max-width: 1000px) 100vw, 1000px\" \/><\/figure><\/div>\n\n\n\n<p><strong><em>Fonte: <a href=\"https:\/\/agenciabrasil.ebc.com.br\/economia\/noticia\/2022-12\/incerteza-da-economia-sobe-06-ponto-revela-fgv\">Ag\u00eancia Brasil<\/a><\/em><\/strong><\/p>\n","protected":false},"excerpt":{"rendered":"<p>Indicador fecha o ano em n\u00edvel insatisfat\u00f3rio, acima de 110 pontos O Indicador de Incerteza da Economia (IIE-Br) subiu 0,6 ponto em dezembro, indo para 112,7 pontos. Os dados foram divulgados hoje (30), no Rio de Janeiro, pelo Instituto Brasileiro de Economia da Funda\u00e7\u00e3o Get\u00falio Vargas (FGV).Segundo Anna Carolina Gouveia, economista do instituto, a subida [&hellip;]<\/p>\n","protected":false},"author":2,"featured_media":37463,"comment_status":"open","ping_status":"open","sticky":false,"template":"","format":"standard","meta":{"footnotes":""},"categories":[9],"tags":[1212,17612,17613],"class_list":["post-37461","post","type-post","status-publish","format-standard","has-post-thumbnail","hentry","category-economia","tag-fgv","tag-incerteza-da-economia","tag-indicador-de-incerteza-da-economia"],"yoast_head":"<!-- This site is optimized with the Yoast SEO plugin v26.5 - https:\/\/yoast.com\/wordpress\/plugins\/seo\/ -->\n<title>Indicador de Incerteza da Economia sobe 0,6 ponto, revela FGV - Jornal Fatos e Not\u00edcias<\/title>\n<meta name=\"robots\" content=\"index, follow, max-snippet:-1, max-image-preview:large, max-video-preview:-1\" \/>\n<link rel=\"canonical\" href=\"https:\/\/jornalfatosenoticias.com.br\/index.php\/2022\/12\/30\/indicador-de-incerteza-da-economia-sobe-06-ponto-revela-fgv\/\" \/>\n<meta property=\"og:locale\" content=\"pt_BR\" \/>\n<meta property=\"og:type\" content=\"article\" \/>\n<meta property=\"og:title\" content=\"Indicador de Incerteza da Economia sobe 0,6 ponto, revela FGV - Jornal Fatos e Not\u00edcias\" \/>\n<meta property=\"og:description\" content=\"Indicador fecha o ano em n\u00edvel insatisfat\u00f3rio, acima de 110 pontos O Indicador de Incerteza da Economia (IIE-Br) subiu 0,6 ponto em dezembro, indo para 112,7 pontos. Os dados foram divulgados hoje (30), no Rio de Janeiro, pelo Instituto Brasileiro de Economia da Funda\u00e7\u00e3o Get\u00falio Vargas (FGV).Segundo Anna Carolina Gouveia, economista do instituto, a subida [&hellip;]\" \/>\n<meta property=\"og:url\" content=\"https:\/\/jornalfatosenoticias.com.br\/index.php\/2022\/12\/30\/indicador-de-incerteza-da-economia-sobe-06-ponto-revela-fgv\/\" \/>\n<meta property=\"og:site_name\" content=\"Jornal Fatos e Not\u00edcias\" \/>\n<meta property=\"article:published_time\" content=\"2022-12-30T18:37:14+00:00\" \/>\n<meta property=\"article:modified_time\" content=\"2022-12-30T18:37:15+00:00\" \/>\n<meta property=\"og:image\" content=\"https:\/\/jornalfatosenoticias.com.br\/wp-content\/uploads\/2022\/12\/economia.jpg\" \/>\n\t<meta property=\"og:image:width\" content=\"1000\" \/>\n\t<meta property=\"og:image:height\" content=\"598\" \/>\n\t<meta property=\"og:image:type\" content=\"image\/jpeg\" \/>\n<meta name=\"author\" content=\"Luzimara Fernandes\" \/>\n<meta name=\"twitter:card\" content=\"summary_large_image\" \/>\n<meta name=\"twitter:label1\" content=\"Escrito por\" \/>\n\t<meta name=\"twitter:data1\" content=\"Luzimara Fernandes\" \/>\n\t<meta name=\"twitter:label2\" content=\"Est. tempo de leitura\" \/>\n\t<meta name=\"twitter:data2\" content=\"2 minutos\" \/>\n<script type=\"application\/ld+json\" class=\"yoast-schema-graph\">{\"@context\":\"https:\/\/schema.org\",\"@graph\":[{\"@type\":\"Article\",\"@id\":\"https:\/\/jornalfatosenoticias.com.br\/index.php\/2022\/12\/30\/indicador-de-incerteza-da-economia-sobe-06-ponto-revela-fgv\/#article\",\"isPartOf\":{\"@id\":\"https:\/\/jornalfatosenoticias.com.br\/index.php\/2022\/12\/30\/indicador-de-incerteza-da-economia-sobe-06-ponto-revela-fgv\/\"},\"author\":{\"name\":\"Luzimara Fernandes\",\"@id\":\"https:\/\/jornalfatosenoticias.com.br\/#\/schema\/person\/d63837fa13ac8666eb9e74e0985d6f81\"},\"headline\":\"Indicador de Incerteza da Economia sobe 0,6 ponto, revela FGV\",\"datePublished\":\"2022-12-30T18:37:14+00:00\",\"dateModified\":\"2022-12-30T18:37:15+00:00\",\"mainEntityOfPage\":{\"@id\":\"https:\/\/jornalfatosenoticias.com.br\/index.php\/2022\/12\/30\/indicador-de-incerteza-da-economia-sobe-06-ponto-revela-fgv\/\"},\"wordCount\":346,\"commentCount\":0,\"publisher\":{\"@id\":\"https:\/\/jornalfatosenoticias.com.br\/#organization\"},\"image\":{\"@id\":\"https:\/\/jornalfatosenoticias.com.br\/index.php\/2022\/12\/30\/indicador-de-incerteza-da-economia-sobe-06-ponto-revela-fgv\/#primaryimage\"},\"thumbnailUrl\":\"https:\/\/jornalfatosenoticias.com.br\/wp-content\/uploads\/2022\/12\/economia.jpg\",\"keywords\":[\"FGV\",\"incerteza da economia\",\"Indicador de Incerteza da Economia\"],\"articleSection\":[\"Economia\"],\"inLanguage\":\"pt-BR\",\"potentialAction\":[{\"@type\":\"CommentAction\",\"name\":\"Comment\",\"target\":[\"https:\/\/jornalfatosenoticias.com.br\/index.php\/2022\/12\/30\/indicador-de-incerteza-da-economia-sobe-06-ponto-revela-fgv\/#respond\"]}]},{\"@type\":\"WebPage\",\"@id\":\"https:\/\/jornalfatosenoticias.com.br\/index.php\/2022\/12\/30\/indicador-de-incerteza-da-economia-sobe-06-ponto-revela-fgv\/\",\"url\":\"https:\/\/jornalfatosenoticias.com.br\/index.php\/2022\/12\/30\/indicador-de-incerteza-da-economia-sobe-06-ponto-revela-fgv\/\",\"name\":\"Indicador de Incerteza da Economia sobe 0,6 ponto, revela FGV - Jornal Fatos e Not\u00edcias\",\"isPartOf\":{\"@id\":\"https:\/\/jornalfatosenoticias.com.br\/#website\"},\"primaryImageOfPage\":{\"@id\":\"https:\/\/jornalfatosenoticias.com.br\/index.php\/2022\/12\/30\/indicador-de-incerteza-da-economia-sobe-06-ponto-revela-fgv\/#primaryimage\"},\"image\":{\"@id\":\"https:\/\/jornalfatosenoticias.com.br\/index.php\/2022\/12\/30\/indicador-de-incerteza-da-economia-sobe-06-ponto-revela-fgv\/#primaryimage\"},\"thumbnailUrl\":\"https:\/\/jornalfatosenoticias.com.br\/wp-content\/uploads\/2022\/12\/economia.jpg\",\"datePublished\":\"2022-12-30T18:37:14+00:00\",\"dateModified\":\"2022-12-30T18:37:15+00:00\",\"breadcrumb\":{\"@id\":\"https:\/\/jornalfatosenoticias.com.br\/index.php\/2022\/12\/30\/indicador-de-incerteza-da-economia-sobe-06-ponto-revela-fgv\/#breadcrumb\"},\"inLanguage\":\"pt-BR\",\"potentialAction\":[{\"@type\":\"ReadAction\",\"target\":[\"https:\/\/jornalfatosenoticias.com.br\/index.php\/2022\/12\/30\/indicador-de-incerteza-da-economia-sobe-06-ponto-revela-fgv\/\"]}]},{\"@type\":\"ImageObject\",\"inLanguage\":\"pt-BR\",\"@id\":\"https:\/\/jornalfatosenoticias.com.br\/index.php\/2022\/12\/30\/indicador-de-incerteza-da-economia-sobe-06-ponto-revela-fgv\/#primaryimage\",\"url\":\"https:\/\/jornalfatosenoticias.com.br\/wp-content\/uploads\/2022\/12\/economia.jpg\",\"contentUrl\":\"https:\/\/jornalfatosenoticias.com.br\/wp-content\/uploads\/2022\/12\/economia.jpg\",\"width\":1000,\"height\":598,\"caption\":\"Metal\u00fargica Durametal, durante fabrica\u00e7\u00e3o de cubos de rodas. Fortaleza (CE) 17.07.2014 - Foto: Jos\u00e9 Paulo Lacerda\"},{\"@type\":\"BreadcrumbList\",\"@id\":\"https:\/\/jornalfatosenoticias.com.br\/index.php\/2022\/12\/30\/indicador-de-incerteza-da-economia-sobe-06-ponto-revela-fgv\/#breadcrumb\",\"itemListElement\":[{\"@type\":\"ListItem\",\"position\":1,\"name\":\"In\u00edcio\",\"item\":\"https:\/\/jornalfatosenoticias.com.br\/\"},{\"@type\":\"ListItem\",\"position\":2,\"name\":\"Indicador de Incerteza da Economia sobe 0,6 ponto, revela FGV\"}]},{\"@type\":\"WebSite\",\"@id\":\"https:\/\/jornalfatosenoticias.com.br\/#website\",\"url\":\"https:\/\/jornalfatosenoticias.com.br\/\",\"name\":\"Jornal Fatos e Not\u00edcias\",\"description\":\"Not\u00edcias em geral\",\"publisher\":{\"@id\":\"https:\/\/jornalfatosenoticias.com.br\/#organization\"},\"potentialAction\":[{\"@type\":\"SearchAction\",\"target\":{\"@type\":\"EntryPoint\",\"urlTemplate\":\"https:\/\/jornalfatosenoticias.com.br\/?s={search_term_string}\"},\"query-input\":{\"@type\":\"PropertyValueSpecification\",\"valueRequired\":true,\"valueName\":\"search_term_string\"}}],\"inLanguage\":\"pt-BR\"},{\"@type\":\"Organization\",\"@id\":\"https:\/\/jornalfatosenoticias.com.br\/#organization\",\"name\":\"Jornal Fatos e Not\u00edcias\",\"url\":\"https:\/\/jornalfatosenoticias.com.br\/\",\"logo\":{\"@type\":\"ImageObject\",\"inLanguage\":\"pt-BR\",\"@id\":\"https:\/\/jornalfatosenoticias.com.br\/#\/schema\/logo\/image\/\",\"url\":\"https:\/\/jornalfatosenoticias.com.br\/wp-content\/uploads\/2020\/02\/logo120.png\",\"contentUrl\":\"https:\/\/jornalfatosenoticias.com.br\/wp-content\/uploads\/2020\/02\/logo120.png\",\"width\":1227,\"height\":120,\"caption\":\"Jornal Fatos e Not\u00edcias\"},\"image\":{\"@id\":\"https:\/\/jornalfatosenoticias.com.br\/#\/schema\/logo\/image\/\"}},{\"@type\":\"Person\",\"@id\":\"https:\/\/jornalfatosenoticias.com.br\/#\/schema\/person\/d63837fa13ac8666eb9e74e0985d6f81\",\"name\":\"Luzimara Fernandes\",\"image\":{\"@type\":\"ImageObject\",\"inLanguage\":\"pt-BR\",\"@id\":\"https:\/\/jornalfatosenoticias.com.br\/#\/schema\/person\/image\/\",\"url\":\"https:\/\/jornalfatosenoticias.com.br\/wp-content\/uploads\/2025\/05\/EU_portal.jpg\",\"contentUrl\":\"https:\/\/jornalfatosenoticias.com.br\/wp-content\/uploads\/2025\/05\/EU_portal.jpg\",\"caption\":\"Luzimara Fernandes\"},\"description\":\"Jornalista MTB 2358-ES\",\"sameAs\":[\"https:\/\/jornalfatosenoticias.com.br\"],\"url\":\"https:\/\/jornalfatosenoticias.com.br\/index.php\/author\/luzimara\/\"}]}<\/script>\n<!-- \/ Yoast SEO plugin. -->","yoast_head_json":{"title":"Indicador de Incerteza da Economia sobe 0,6 ponto, revela FGV - Jornal Fatos e Not\u00edcias","robots":{"index":"index","follow":"follow","max-snippet":"max-snippet:-1","max-image-preview":"max-image-preview:large","max-video-preview":"max-video-preview:-1"},"canonical":"https:\/\/jornalfatosenoticias.com.br\/index.php\/2022\/12\/30\/indicador-de-incerteza-da-economia-sobe-06-ponto-revela-fgv\/","og_locale":"pt_BR","og_type":"article","og_title":"Indicador de Incerteza da Economia sobe 0,6 ponto, revela FGV - Jornal Fatos e Not\u00edcias","og_description":"Indicador fecha o ano em n\u00edvel insatisfat\u00f3rio, acima de 110 pontos O Indicador de Incerteza da Economia (IIE-Br) subiu 0,6 ponto em dezembro, indo para 112,7 pontos. Os dados foram divulgados hoje (30), no Rio de Janeiro, pelo Instituto Brasileiro de Economia da Funda\u00e7\u00e3o Get\u00falio Vargas (FGV).Segundo Anna Carolina Gouveia, economista do instituto, a subida [&hellip;]","og_url":"https:\/\/jornalfatosenoticias.com.br\/index.php\/2022\/12\/30\/indicador-de-incerteza-da-economia-sobe-06-ponto-revela-fgv\/","og_site_name":"Jornal Fatos e Not\u00edcias","article_published_time":"2022-12-30T18:37:14+00:00","article_modified_time":"2022-12-30T18:37:15+00:00","og_image":[{"width":1000,"height":598,"url":"https:\/\/jornalfatosenoticias.com.br\/wp-content\/uploads\/2022\/12\/economia.jpg","type":"image\/jpeg"}],"author":"Luzimara Fernandes","twitter_card":"summary_large_image","twitter_misc":{"Escrito por":"Luzimara Fernandes","Est. tempo de leitura":"2 minutos"},"schema":{"@context":"https:\/\/schema.org","@graph":[{"@type":"Article","@id":"https:\/\/jornalfatosenoticias.com.br\/index.php\/2022\/12\/30\/indicador-de-incerteza-da-economia-sobe-06-ponto-revela-fgv\/#article","isPartOf":{"@id":"https:\/\/jornalfatosenoticias.com.br\/index.php\/2022\/12\/30\/indicador-de-incerteza-da-economia-sobe-06-ponto-revela-fgv\/"},"author":{"name":"Luzimara Fernandes","@id":"https:\/\/jornalfatosenoticias.com.br\/#\/schema\/person\/d63837fa13ac8666eb9e74e0985d6f81"},"headline":"Indicador de Incerteza da Economia sobe 0,6 ponto, revela FGV","datePublished":"2022-12-30T18:37:14+00:00","dateModified":"2022-12-30T18:37:15+00:00","mainEntityOfPage":{"@id":"https:\/\/jornalfatosenoticias.com.br\/index.php\/2022\/12\/30\/indicador-de-incerteza-da-economia-sobe-06-ponto-revela-fgv\/"},"wordCount":346,"commentCount":0,"publisher":{"@id":"https:\/\/jornalfatosenoticias.com.br\/#organization"},"image":{"@id":"https:\/\/jornalfatosenoticias.com.br\/index.php\/2022\/12\/30\/indicador-de-incerteza-da-economia-sobe-06-ponto-revela-fgv\/#primaryimage"},"thumbnailUrl":"https:\/\/jornalfatosenoticias.com.br\/wp-content\/uploads\/2022\/12\/economia.jpg","keywords":["FGV","incerteza da economia","Indicador de Incerteza da Economia"],"articleSection":["Economia"],"inLanguage":"pt-BR","potentialAction":[{"@type":"CommentAction","name":"Comment","target":["https:\/\/jornalfatosenoticias.com.br\/index.php\/2022\/12\/30\/indicador-de-incerteza-da-economia-sobe-06-ponto-revela-fgv\/#respond"]}]},{"@type":"WebPage","@id":"https:\/\/jornalfatosenoticias.com.br\/index.php\/2022\/12\/30\/indicador-de-incerteza-da-economia-sobe-06-ponto-revela-fgv\/","url":"https:\/\/jornalfatosenoticias.com.br\/index.php\/2022\/12\/30\/indicador-de-incerteza-da-economia-sobe-06-ponto-revela-fgv\/","name":"Indicador de Incerteza da Economia sobe 0,6 ponto, revela FGV - Jornal Fatos e Not\u00edcias","isPartOf":{"@id":"https:\/\/jornalfatosenoticias.com.br\/#website"},"primaryImageOfPage":{"@id":"https:\/\/jornalfatosenoticias.com.br\/index.php\/2022\/12\/30\/indicador-de-incerteza-da-economia-sobe-06-ponto-revela-fgv\/#primaryimage"},"image":{"@id":"https:\/\/jornalfatosenoticias.com.br\/index.php\/2022\/12\/30\/indicador-de-incerteza-da-economia-sobe-06-ponto-revela-fgv\/#primaryimage"},"thumbnailUrl":"https:\/\/jornalfatosenoticias.com.br\/wp-content\/uploads\/2022\/12\/economia.jpg","datePublished":"2022-12-30T18:37:14+00:00","dateModified":"2022-12-30T18:37:15+00:00","breadcrumb":{"@id":"https:\/\/jornalfatosenoticias.com.br\/index.php\/2022\/12\/30\/indicador-de-incerteza-da-economia-sobe-06-ponto-revela-fgv\/#breadcrumb"},"inLanguage":"pt-BR","potentialAction":[{"@type":"ReadAction","target":["https:\/\/jornalfatosenoticias.com.br\/index.php\/2022\/12\/30\/indicador-de-incerteza-da-economia-sobe-06-ponto-revela-fgv\/"]}]},{"@type":"ImageObject","inLanguage":"pt-BR","@id":"https:\/\/jornalfatosenoticias.com.br\/index.php\/2022\/12\/30\/indicador-de-incerteza-da-economia-sobe-06-ponto-revela-fgv\/#primaryimage","url":"https:\/\/jornalfatosenoticias.com.br\/wp-content\/uploads\/2022\/12\/economia.jpg","contentUrl":"https:\/\/jornalfatosenoticias.com.br\/wp-content\/uploads\/2022\/12\/economia.jpg","width":1000,"height":598,"caption":"Metal\u00fargica Durametal, durante fabrica\u00e7\u00e3o de cubos de rodas. Fortaleza (CE) 17.07.2014 - Foto: Jos\u00e9 Paulo Lacerda"},{"@type":"BreadcrumbList","@id":"https:\/\/jornalfatosenoticias.com.br\/index.php\/2022\/12\/30\/indicador-de-incerteza-da-economia-sobe-06-ponto-revela-fgv\/#breadcrumb","itemListElement":[{"@type":"ListItem","position":1,"name":"In\u00edcio","item":"https:\/\/jornalfatosenoticias.com.br\/"},{"@type":"ListItem","position":2,"name":"Indicador de Incerteza da Economia sobe 0,6 ponto, revela FGV"}]},{"@type":"WebSite","@id":"https:\/\/jornalfatosenoticias.com.br\/#website","url":"https:\/\/jornalfatosenoticias.com.br\/","name":"Jornal Fatos e Not\u00edcias","description":"Not\u00edcias em geral","publisher":{"@id":"https:\/\/jornalfatosenoticias.com.br\/#organization"},"potentialAction":[{"@type":"SearchAction","target":{"@type":"EntryPoint","urlTemplate":"https:\/\/jornalfatosenoticias.com.br\/?s={search_term_string}"},"query-input":{"@type":"PropertyValueSpecification","valueRequired":true,"valueName":"search_term_string"}}],"inLanguage":"pt-BR"},{"@type":"Organization","@id":"https:\/\/jornalfatosenoticias.com.br\/#organization","name":"Jornal Fatos e Not\u00edcias","url":"https:\/\/jornalfatosenoticias.com.br\/","logo":{"@type":"ImageObject","inLanguage":"pt-BR","@id":"https:\/\/jornalfatosenoticias.com.br\/#\/schema\/logo\/image\/","url":"https:\/\/jornalfatosenoticias.com.br\/wp-content\/uploads\/2020\/02\/logo120.png","contentUrl":"https:\/\/jornalfatosenoticias.com.br\/wp-content\/uploads\/2020\/02\/logo120.png","width":1227,"height":120,"caption":"Jornal Fatos e Not\u00edcias"},"image":{"@id":"https:\/\/jornalfatosenoticias.com.br\/#\/schema\/logo\/image\/"}},{"@type":"Person","@id":"https:\/\/jornalfatosenoticias.com.br\/#\/schema\/person\/d63837fa13ac8666eb9e74e0985d6f81","name":"Luzimara Fernandes","image":{"@type":"ImageObject","inLanguage":"pt-BR","@id":"https:\/\/jornalfatosenoticias.com.br\/#\/schema\/person\/image\/","url":"https:\/\/jornalfatosenoticias.com.br\/wp-content\/uploads\/2025\/05\/EU_portal.jpg","contentUrl":"https:\/\/jornalfatosenoticias.com.br\/wp-content\/uploads\/2025\/05\/EU_portal.jpg","caption":"Luzimara Fernandes"},"description":"Jornalista MTB 2358-ES","sameAs":["https:\/\/jornalfatosenoticias.com.br"],"url":"https:\/\/jornalfatosenoticias.com.br\/index.php\/author\/luzimara\/"}]}},"cc_featured_image_caption":{"caption_text":"(Foto: CNI\/Jos\u00e9 Paulo Lacerda)","source_text":"","source_url":""},"jetpack_featured_media_url":"https:\/\/jornalfatosenoticias.com.br\/wp-content\/uploads\/2022\/12\/economia.jpg","_links":{"self":[{"href":"https:\/\/jornalfatosenoticias.com.br\/index.php\/wp-json\/wp\/v2\/posts\/37461","targetHints":{"allow":["GET"]}}],"collection":[{"href":"https:\/\/jornalfatosenoticias.com.br\/index.php\/wp-json\/wp\/v2\/posts"}],"about":[{"href":"https:\/\/jornalfatosenoticias.com.br\/index.php\/wp-json\/wp\/v2\/types\/post"}],"author":[{"embeddable":true,"href":"https:\/\/jornalfatosenoticias.com.br\/index.php\/wp-json\/wp\/v2\/users\/2"}],"replies":[{"embeddable":true,"href":"https:\/\/jornalfatosenoticias.com.br\/index.php\/wp-json\/wp\/v2\/comments?post=37461"}],"version-history":[{"count":0,"href":"https:\/\/jornalfatosenoticias.com.br\/index.php\/wp-json\/wp\/v2\/posts\/37461\/revisions"}],"wp:featuredmedia":[{"embeddable":true,"href":"https:\/\/jornalfatosenoticias.com.br\/index.php\/wp-json\/wp\/v2\/media\/37463"}],"wp:attachment":[{"href":"https:\/\/jornalfatosenoticias.com.br\/index.php\/wp-json\/wp\/v2\/media?parent=37461"}],"wp:term":[{"taxonomy":"category","embeddable":true,"href":"https:\/\/jornalfatosenoticias.com.br\/index.php\/wp-json\/wp\/v2\/categories?post=37461"},{"taxonomy":"post_tag","embeddable":true,"href":"https:\/\/jornalfatosenoticias.com.br\/index.php\/wp-json\/wp\/v2\/tags?post=37461"}],"curies":[{"name":"wp","href":"https:\/\/api.w.org\/{rel}","templated":true}]}}