{"id":37506,"date":"2023-01-02T15:05:47","date_gmt":"2023-01-02T18:05:47","guid":{"rendered":"https:\/\/jornalfatosenoticias.com.br\/?p=37506"},"modified":"2023-01-02T15:05:49","modified_gmt":"2023-01-02T18:05:49","slug":"pequim-inicia-construcao-do-maior-parque-eolico-flutuante-do-mundo","status":"publish","type":"post","link":"https:\/\/jornalfatosenoticias.com.br\/index.php\/2023\/01\/02\/pequim-inicia-construcao-do-maior-parque-eolico-flutuante-do-mundo\/","title":{"rendered":"Pequim inicia constru\u00e7\u00e3o do maior parque e\u00f3lico flutuante do mundo"},"content":{"rendered":"\n<p><em><span class=\"has-inline-color has-black-color\">A China planeja gerar 200 megawatts de energia e\u00f3lica a partir de uma fazenda flutuante, recursos que podem ser integrados \u00e0 sua rede energ\u00e9tica at\u00e9 o final de 2025<\/span><\/em><\/p>\n\n\n\n<div class=\"wp-block-image\"><figure class=\"aligncenter size-large\"><img decoding=\"async\" src=\"https:\/\/jornalfatosenoticias.com.br\/wp-content\/uploads\/2020\/02\/logo-embacia-1-1024x110.jpg\" alt=\"\" class=\"wp-image-33954\"\/><\/figure><\/div>\n\n\n\n<p>O <a href=\"https:\/\/sputniknewsbrasil.com.br\/20230101\/china-pede-dialogo-e-cooperacao-com-eua-e-cita-parceria-reforcada-entre-moscou-e-pequim-26744794.html\" target=\"_blank\" rel=\"noreferrer noopener\">governo chin\u00eas<\/a>\u00a0iniciou a instala\u00e7\u00e3o de\u00a0<a href=\"https:\/\/sputniknewsbrasil.com.br\/20220911\/pesquisador-japones-denuncia-hipocrisia-do-ocidente-ao-exigir-energias-verdes-de-outros-paises-24729613.html\" target=\"_blank\" rel=\"noreferrer noopener\">turbinas e\u00f3licas<\/a>\u00a0na costa da ilha de Hainan, localizada no sul do pa\u00eds asi\u00e1tico e perto da costa leste do Vietn\u00e3. A instala\u00e7\u00e3o \u00e9\u00a0<strong>parte integrante de um parque e\u00f3lico que vai ser o maior de seu tipo no mundo<\/strong>.<\/p>\n\n\n\n<div class=\"wp-block-image\"><figure class=\"aligncenter size-large\"><img loading=\"lazy\" decoding=\"async\" width=\"300\" height=\"250\" src=\"https:\/\/jornalfatosenoticias.com.br\/wp-content\/uploads\/2022\/08\/arte-Casarao.jpg\" alt=\"\" class=\"wp-image-33178\"\/><\/figure><\/div>\n\n\n\n<p>A principal construtora de infraestruturas energ\u00e9ticas do pa\u00eds, a Power China, divulgou o projeto com o qual <strong>pretende cobrir uma capacidade de um gigawatt.<\/strong> Os primeiros 200 megawatts devem ser integrados em 2025 e os restantes 800 dois anos depois, no final de 2027.<\/p>\n\n\n\n<div class=\"wp-block-image\"><figure class=\"aligncenter size-large\"><img loading=\"lazy\" decoding=\"async\" width=\"560\" height=\"60\" src=\"https:\/\/jornalfatosenoticias.com.br\/wp-content\/uploads\/2022\/10\/Propaganda-RC-Radiadores-Jornal_page-0001.jpg\" alt=\"\" class=\"wp-image-35270\" srcset=\"https:\/\/jornalfatosenoticias.com.br\/wp-content\/uploads\/2022\/10\/Propaganda-RC-Radiadores-Jornal_page-0001.jpg 560w, https:\/\/jornalfatosenoticias.com.br\/wp-content\/uploads\/2022\/10\/Propaganda-RC-Radiadores-Jornal_page-0001-300x32.jpg 300w\" sizes=\"auto, (max-width: 560px) 100vw, 560px\" \/><\/figure><\/div>\n\n\n\n<p>O projeto inclui duas fases de constru\u00e7\u00e3o, com uma primeira etapa que abrange 12 turbinas para atingir o primeiro <a href=\"https:\/\/sputniknewsbrasil.com.br\/20221229\/china-esta-pronta-para-cooperar-com-paises-arabes-na-area-de-seguranca-global-diz-defesa-chinesa-26691774.html\" target=\"_blank\" rel=\"noreferrer noopener\">objetivo energ\u00e9tico<\/a>. Na segunda fase, est\u00e1 contemplada a produ\u00e7\u00e3o de energia para<strong>\u00a0gerar mais de 4.000 quilowatts-hora de eletricidade limpa por ano<\/strong>.<\/p>\n\n\n\n<div class=\"wp-block-image\"><figure class=\"aligncenter size-large is-resized\"><img loading=\"lazy\" decoding=\"async\" src=\"https:\/\/jornalfatosenoticias.com.br\/wp-content\/uploads\/2022\/02\/Precisao-Contabilidade-1024x724.jpg\" alt=\"\" class=\"wp-image-28088\" width=\"353\" height=\"250\"\/><\/figure><\/div>\n\n\n\n<p>A dire\u00e7\u00e3o da Power China reconheceu que a gera\u00e7\u00e3o de energia e\u00f3lica flutuante ou mar\u00edtima ainda est\u00e1 em <strong>fase de pesquisa a n\u00edvel mundial<\/strong>, enquanto no pa\u00eds asi\u00e1tico ainda n\u00e3o foi desenvolvida a n\u00edvel comercial, raz\u00e3o pela qual o projeto na ilha de Hainan vai ser pioneiro.<\/p>\n\n\n\n<div class=\"wp-block-image\"><figure class=\"aligncenter size-large\"><img loading=\"lazy\" decoding=\"async\" width=\"1024\" height=\"111\" src=\"https:\/\/jornalfatosenoticias.com.br\/wp-content\/uploads\/2020\/02\/WhatsApp-Image-2022-09-23-at-12.09.18-1024x111.jpeg\" alt=\"\" class=\"wp-image-34527\" srcset=\"https:\/\/jornalfatosenoticias.com.br\/wp-content\/uploads\/2020\/02\/WhatsApp-Image-2022-09-23-at-12.09.18-1024x111.jpeg 1024w, https:\/\/jornalfatosenoticias.com.br\/wp-content\/uploads\/2020\/02\/WhatsApp-Image-2022-09-23-at-12.09.18-300x32.jpeg 300w, https:\/\/jornalfatosenoticias.com.br\/wp-content\/uploads\/2020\/02\/WhatsApp-Image-2022-09-23-at-12.09.18-768x83.jpeg 768w, https:\/\/jornalfatosenoticias.com.br\/wp-content\/uploads\/2020\/02\/WhatsApp-Image-2022-09-23-at-12.09.18.jpeg 1121w\" sizes=\"auto, (max-width: 1024px) 100vw, 1024px\" \/><\/figure><\/div>\n\n\n\n<p>Al\u00e9m disso, um funcion\u00e1rio de desenvolvimento municipal de Hainan acredita que a usina pode orientar toda a <a href=\"https:\/\/sputniknewsbrasil.com.br\/20221221\/china-inicia-operacao-de-2-maior-usina-hidreletrica-do-mundo-26537850.html\" target=\"_blank\" rel=\"noreferrer noopener\">cadeia de fornecimento<\/a>\u00a0e\u00f3lico industrial e\u00a0<strong>contribuir para o fortalecimento industrial da regi\u00e3o<\/strong>.<\/p>\n\n\n\n<div class=\"wp-block-image\"><figure class=\"aligncenter size-large is-resized\"><img loading=\"lazy\" decoding=\"async\" src=\"https:\/\/jornalfatosenoticias.com.br\/wp-content\/uploads\/2022\/08\/logo-locau-veiculos-1024x573.png\" alt=\"\" class=\"wp-image-33078\" width=\"315\" height=\"176\"\/><\/figure><\/div>\n\n\n\n<p>De <a href=\"https:\/\/news.cgtn.com\/news\/2022-12-31\/VHJhbnNjcmlwdDcwMDI3\/index.html\" target=\"_blank\" rel=\"noreferrer noopener\">acordo<\/a>\u00a0com a m\u00eddia chinesa CGTN, um dos prop\u00f3sitos do projeto e\u00f3lico \u00e9 contribuir para a agenda de Pequim de redu\u00e7\u00e3o do abastecimento de energia\u00a0<a href=\"https:\/\/sputniknewsbrasil.com.br\/20221208\/exportacoes-de-carvao-da-russia-registram-alta-no-mes-de-outubro-diz-bloomberg-26328345.html\" target=\"_blank\" rel=\"noreferrer noopener\">ligado ao carv\u00e3o<\/a>, bem como o\u00a0<strong>desenvolvimento de um novo sistema energ\u00e9tico na ilha<\/strong>.<\/p>\n\n\n\n<div class=\"wp-block-image\"><figure class=\"aligncenter size-large\"><img loading=\"lazy\" decoding=\"async\" width=\"729\" height=\"90\" src=\"https:\/\/jornalfatosenoticias.com.br\/wp-content\/uploads\/2020\/02\/Logo_Mizu.png\" alt=\"\" class=\"wp-image-1441\" srcset=\"https:\/\/jornalfatosenoticias.com.br\/wp-content\/uploads\/2020\/02\/Logo_Mizu.png 729w, https:\/\/jornalfatosenoticias.com.br\/wp-content\/uploads\/2020\/02\/Logo_Mizu-300x37.png 300w\" sizes=\"auto, (max-width: 729px) 100vw, 729px\" \/><\/figure><\/div>\n\n\n\n<p>O projeto, ainda segundo a m\u00eddia local, vai envolver sistemas tecnol\u00f3gicos nacionais de <strong>elevada capacidade em termos de aproveitamento do vento,<\/strong> o que deve poder contribuir para a evolu\u00e7\u00e3o desta zona industrial em benef\u00edcio de outras partes da China.<\/p>\n\n\n\n<p><em><strong>Fonte: <a href=\"https:\/\/sputniknewsbrasil.com.br\/20230102\/energia-limpa-china-inicia-construcao-do-maior-parque-eolico-flutuante-do-mundo-26752963.html\">Sputnik News Brasil<\/a><\/strong><\/em><\/p>\n","protected":false},"excerpt":{"rendered":"<p>A China planeja gerar 200 megawatts de energia e\u00f3lica a partir de uma fazenda flutuante, recursos que podem ser integrados \u00e0 sua rede energ\u00e9tica at\u00e9 o final de 2025 O governo chin\u00eas\u00a0iniciou a instala\u00e7\u00e3o de\u00a0turbinas e\u00f3licas\u00a0na costa da ilha de Hainan, localizada no sul do pa\u00eds asi\u00e1tico e perto da costa leste do Vietn\u00e3. A [&hellip;]<\/p>\n","protected":false},"author":2,"featured_media":37507,"comment_status":"open","ping_status":"open","sticky":false,"template":"","format":"standard","meta":{"footnotes":""},"categories":[41],"tags":[85,201,2539,1912,1094,12268,5052],"class_list":["post-37506","post","type-post","status-publish","format-standard","has-post-thumbnail","hentry","category-internacional","tag-china","tag-eletricidade","tag-energia","tag-energia-eolica","tag-energia-limpa","tag-panorama-internacional","tag-vietna"],"yoast_head":"<!-- This site is optimized with the Yoast SEO plugin v26.5 - https:\/\/yoast.com\/wordpress\/plugins\/seo\/ -->\n<title>Pequim inicia constru\u00e7\u00e3o do maior parque e\u00f3lico flutuante do mundo - Jornal Fatos e Not\u00edcias<\/title>\n<meta name=\"robots\" content=\"index, follow, max-snippet:-1, max-image-preview:large, max-video-preview:-1\" \/>\n<link rel=\"canonical\" href=\"https:\/\/jornalfatosenoticias.com.br\/index.php\/2023\/01\/02\/pequim-inicia-construcao-do-maior-parque-eolico-flutuante-do-mundo\/\" \/>\n<meta property=\"og:locale\" content=\"pt_BR\" \/>\n<meta property=\"og:type\" content=\"article\" \/>\n<meta property=\"og:title\" content=\"Pequim inicia constru\u00e7\u00e3o do maior parque e\u00f3lico flutuante do mundo - Jornal Fatos e Not\u00edcias\" \/>\n<meta property=\"og:description\" content=\"A China planeja gerar 200 megawatts de energia e\u00f3lica a partir de uma fazenda flutuante, recursos que podem ser integrados \u00e0 sua rede energ\u00e9tica at\u00e9 o final de 2025 O governo chin\u00eas\u00a0iniciou a instala\u00e7\u00e3o de\u00a0turbinas e\u00f3licas\u00a0na costa da ilha de Hainan, localizada no sul do pa\u00eds asi\u00e1tico e perto da costa leste do Vietn\u00e3. A [&hellip;]\" \/>\n<meta property=\"og:url\" content=\"https:\/\/jornalfatosenoticias.com.br\/index.php\/2023\/01\/02\/pequim-inicia-construcao-do-maior-parque-eolico-flutuante-do-mundo\/\" \/>\n<meta property=\"og:site_name\" content=\"Jornal Fatos e Not\u00edcias\" \/>\n<meta property=\"article:published_time\" content=\"2023-01-02T18:05:47+00:00\" \/>\n<meta property=\"article:modified_time\" content=\"2023-01-02T18:05:49+00:00\" \/>\n<meta property=\"og:image\" content=\"https:\/\/jornalfatosenoticias.com.br\/wp-content\/uploads\/2023\/01\/parque-eolico_pequim.jpg\" \/>\n\t<meta property=\"og:image:width\" content=\"1000\" \/>\n\t<meta property=\"og:image:height\" content=\"666\" \/>\n\t<meta property=\"og:image:type\" content=\"image\/jpeg\" \/>\n<meta name=\"author\" content=\"Luzimara Fernandes\" \/>\n<meta name=\"twitter:card\" content=\"summary_large_image\" \/>\n<meta name=\"twitter:label1\" content=\"Escrito por\" \/>\n\t<meta name=\"twitter:data1\" content=\"Luzimara Fernandes\" \/>\n\t<meta name=\"twitter:label2\" content=\"Est. tempo de leitura\" \/>\n\t<meta name=\"twitter:data2\" content=\"2 minutos\" \/>\n<script type=\"application\/ld+json\" class=\"yoast-schema-graph\">{\"@context\":\"https:\/\/schema.org\",\"@graph\":[{\"@type\":\"Article\",\"@id\":\"https:\/\/jornalfatosenoticias.com.br\/index.php\/2023\/01\/02\/pequim-inicia-construcao-do-maior-parque-eolico-flutuante-do-mundo\/#article\",\"isPartOf\":{\"@id\":\"https:\/\/jornalfatosenoticias.com.br\/index.php\/2023\/01\/02\/pequim-inicia-construcao-do-maior-parque-eolico-flutuante-do-mundo\/\"},\"author\":{\"name\":\"Luzimara Fernandes\",\"@id\":\"https:\/\/jornalfatosenoticias.com.br\/#\/schema\/person\/d63837fa13ac8666eb9e74e0985d6f81\"},\"headline\":\"Pequim inicia constru\u00e7\u00e3o do maior parque e\u00f3lico flutuante do mundo\",\"datePublished\":\"2023-01-02T18:05:47+00:00\",\"dateModified\":\"2023-01-02T18:05:49+00:00\",\"mainEntityOfPage\":{\"@id\":\"https:\/\/jornalfatosenoticias.com.br\/index.php\/2023\/01\/02\/pequim-inicia-construcao-do-maior-parque-eolico-flutuante-do-mundo\/\"},\"wordCount\":360,\"commentCount\":0,\"publisher\":{\"@id\":\"https:\/\/jornalfatosenoticias.com.br\/#organization\"},\"image\":{\"@id\":\"https:\/\/jornalfatosenoticias.com.br\/index.php\/2023\/01\/02\/pequim-inicia-construcao-do-maior-parque-eolico-flutuante-do-mundo\/#primaryimage\"},\"thumbnailUrl\":\"https:\/\/jornalfatosenoticias.com.br\/wp-content\/uploads\/2023\/01\/parque-eolico_pequim.jpg\",\"keywords\":[\"china\",\"eletricidade\",\"energia\",\"energia e\u00f3lica\",\"energia limpa\",\"panorama internacional\",\"Vietn\u00e3\"],\"articleSection\":[\"Internacional\"],\"inLanguage\":\"pt-BR\",\"potentialAction\":[{\"@type\":\"CommentAction\",\"name\":\"Comment\",\"target\":[\"https:\/\/jornalfatosenoticias.com.br\/index.php\/2023\/01\/02\/pequim-inicia-construcao-do-maior-parque-eolico-flutuante-do-mundo\/#respond\"]}]},{\"@type\":\"WebPage\",\"@id\":\"https:\/\/jornalfatosenoticias.com.br\/index.php\/2023\/01\/02\/pequim-inicia-construcao-do-maior-parque-eolico-flutuante-do-mundo\/\",\"url\":\"https:\/\/jornalfatosenoticias.com.br\/index.php\/2023\/01\/02\/pequim-inicia-construcao-do-maior-parque-eolico-flutuante-do-mundo\/\",\"name\":\"Pequim inicia constru\u00e7\u00e3o do maior parque e\u00f3lico flutuante do mundo - Jornal Fatos e Not\u00edcias\",\"isPartOf\":{\"@id\":\"https:\/\/jornalfatosenoticias.com.br\/#website\"},\"primaryImageOfPage\":{\"@id\":\"https:\/\/jornalfatosenoticias.com.br\/index.php\/2023\/01\/02\/pequim-inicia-construcao-do-maior-parque-eolico-flutuante-do-mundo\/#primaryimage\"},\"image\":{\"@id\":\"https:\/\/jornalfatosenoticias.com.br\/index.php\/2023\/01\/02\/pequim-inicia-construcao-do-maior-parque-eolico-flutuante-do-mundo\/#primaryimage\"},\"thumbnailUrl\":\"https:\/\/jornalfatosenoticias.com.br\/wp-content\/uploads\/2023\/01\/parque-eolico_pequim.jpg\",\"datePublished\":\"2023-01-02T18:05:47+00:00\",\"dateModified\":\"2023-01-02T18:05:49+00:00\",\"breadcrumb\":{\"@id\":\"https:\/\/jornalfatosenoticias.com.br\/index.php\/2023\/01\/02\/pequim-inicia-construcao-do-maior-parque-eolico-flutuante-do-mundo\/#breadcrumb\"},\"inLanguage\":\"pt-BR\",\"potentialAction\":[{\"@type\":\"ReadAction\",\"target\":[\"https:\/\/jornalfatosenoticias.com.br\/index.php\/2023\/01\/02\/pequim-inicia-construcao-do-maior-parque-eolico-flutuante-do-mundo\/\"]}]},{\"@type\":\"ImageObject\",\"inLanguage\":\"pt-BR\",\"@id\":\"https:\/\/jornalfatosenoticias.com.br\/index.php\/2023\/01\/02\/pequim-inicia-construcao-do-maior-parque-eolico-flutuante-do-mundo\/#primaryimage\",\"url\":\"https:\/\/jornalfatosenoticias.com.br\/wp-content\/uploads\/2023\/01\/parque-eolico_pequim.jpg\",\"contentUrl\":\"https:\/\/jornalfatosenoticias.com.br\/wp-content\/uploads\/2023\/01\/parque-eolico_pequim.jpg\",\"width\":1000,\"height\":666},{\"@type\":\"BreadcrumbList\",\"@id\":\"https:\/\/jornalfatosenoticias.com.br\/index.php\/2023\/01\/02\/pequim-inicia-construcao-do-maior-parque-eolico-flutuante-do-mundo\/#breadcrumb\",\"itemListElement\":[{\"@type\":\"ListItem\",\"position\":1,\"name\":\"In\u00edcio\",\"item\":\"https:\/\/jornalfatosenoticias.com.br\/\"},{\"@type\":\"ListItem\",\"position\":2,\"name\":\"Pequim inicia constru\u00e7\u00e3o do maior parque e\u00f3lico flutuante do mundo\"}]},{\"@type\":\"WebSite\",\"@id\":\"https:\/\/jornalfatosenoticias.com.br\/#website\",\"url\":\"https:\/\/jornalfatosenoticias.com.br\/\",\"name\":\"Jornal Fatos e Not\u00edcias\",\"description\":\"Not\u00edcias em geral\",\"publisher\":{\"@id\":\"https:\/\/jornalfatosenoticias.com.br\/#organization\"},\"potentialAction\":[{\"@type\":\"SearchAction\",\"target\":{\"@type\":\"EntryPoint\",\"urlTemplate\":\"https:\/\/jornalfatosenoticias.com.br\/?s={search_term_string}\"},\"query-input\":{\"@type\":\"PropertyValueSpecification\",\"valueRequired\":true,\"valueName\":\"search_term_string\"}}],\"inLanguage\":\"pt-BR\"},{\"@type\":\"Organization\",\"@id\":\"https:\/\/jornalfatosenoticias.com.br\/#organization\",\"name\":\"Jornal Fatos e Not\u00edcias\",\"url\":\"https:\/\/jornalfatosenoticias.com.br\/\",\"logo\":{\"@type\":\"ImageObject\",\"inLanguage\":\"pt-BR\",\"@id\":\"https:\/\/jornalfatosenoticias.com.br\/#\/schema\/logo\/image\/\",\"url\":\"https:\/\/jornalfatosenoticias.com.br\/wp-content\/uploads\/2020\/02\/logo120.png\",\"contentUrl\":\"https:\/\/jornalfatosenoticias.com.br\/wp-content\/uploads\/2020\/02\/logo120.png\",\"width\":1227,\"height\":120,\"caption\":\"Jornal Fatos e Not\u00edcias\"},\"image\":{\"@id\":\"https:\/\/jornalfatosenoticias.com.br\/#\/schema\/logo\/image\/\"}},{\"@type\":\"Person\",\"@id\":\"https:\/\/jornalfatosenoticias.com.br\/#\/schema\/person\/d63837fa13ac8666eb9e74e0985d6f81\",\"name\":\"Luzimara Fernandes\",\"image\":{\"@type\":\"ImageObject\",\"inLanguage\":\"pt-BR\",\"@id\":\"https:\/\/jornalfatosenoticias.com.br\/#\/schema\/person\/image\/\",\"url\":\"https:\/\/jornalfatosenoticias.com.br\/wp-content\/uploads\/2025\/05\/EU_portal.jpg\",\"contentUrl\":\"https:\/\/jornalfatosenoticias.com.br\/wp-content\/uploads\/2025\/05\/EU_portal.jpg\",\"caption\":\"Luzimara Fernandes\"},\"description\":\"Jornalista MTB 2358-ES\",\"sameAs\":[\"https:\/\/jornalfatosenoticias.com.br\"],\"url\":\"https:\/\/jornalfatosenoticias.com.br\/index.php\/author\/luzimara\/\"}]}<\/script>\n<!-- \/ Yoast SEO plugin. -->","yoast_head_json":{"title":"Pequim inicia constru\u00e7\u00e3o do maior parque e\u00f3lico flutuante do mundo - Jornal Fatos e Not\u00edcias","robots":{"index":"index","follow":"follow","max-snippet":"max-snippet:-1","max-image-preview":"max-image-preview:large","max-video-preview":"max-video-preview:-1"},"canonical":"https:\/\/jornalfatosenoticias.com.br\/index.php\/2023\/01\/02\/pequim-inicia-construcao-do-maior-parque-eolico-flutuante-do-mundo\/","og_locale":"pt_BR","og_type":"article","og_title":"Pequim inicia constru\u00e7\u00e3o do maior parque e\u00f3lico flutuante do mundo - Jornal Fatos e Not\u00edcias","og_description":"A China planeja gerar 200 megawatts de energia e\u00f3lica a partir de uma fazenda flutuante, recursos que podem ser integrados \u00e0 sua rede energ\u00e9tica at\u00e9 o final de 2025 O governo chin\u00eas\u00a0iniciou a instala\u00e7\u00e3o de\u00a0turbinas e\u00f3licas\u00a0na costa da ilha de Hainan, localizada no sul do pa\u00eds asi\u00e1tico e perto da costa leste do Vietn\u00e3. A [&hellip;]","og_url":"https:\/\/jornalfatosenoticias.com.br\/index.php\/2023\/01\/02\/pequim-inicia-construcao-do-maior-parque-eolico-flutuante-do-mundo\/","og_site_name":"Jornal Fatos e Not\u00edcias","article_published_time":"2023-01-02T18:05:47+00:00","article_modified_time":"2023-01-02T18:05:49+00:00","og_image":[{"width":1000,"height":666,"url":"https:\/\/jornalfatosenoticias.com.br\/wp-content\/uploads\/2023\/01\/parque-eolico_pequim.jpg","type":"image\/jpeg"}],"author":"Luzimara Fernandes","twitter_card":"summary_large_image","twitter_misc":{"Escrito por":"Luzimara Fernandes","Est. tempo de leitura":"2 minutos"},"schema":{"@context":"https:\/\/schema.org","@graph":[{"@type":"Article","@id":"https:\/\/jornalfatosenoticias.com.br\/index.php\/2023\/01\/02\/pequim-inicia-construcao-do-maior-parque-eolico-flutuante-do-mundo\/#article","isPartOf":{"@id":"https:\/\/jornalfatosenoticias.com.br\/index.php\/2023\/01\/02\/pequim-inicia-construcao-do-maior-parque-eolico-flutuante-do-mundo\/"},"author":{"name":"Luzimara Fernandes","@id":"https:\/\/jornalfatosenoticias.com.br\/#\/schema\/person\/d63837fa13ac8666eb9e74e0985d6f81"},"headline":"Pequim inicia constru\u00e7\u00e3o do maior parque e\u00f3lico flutuante do mundo","datePublished":"2023-01-02T18:05:47+00:00","dateModified":"2023-01-02T18:05:49+00:00","mainEntityOfPage":{"@id":"https:\/\/jornalfatosenoticias.com.br\/index.php\/2023\/01\/02\/pequim-inicia-construcao-do-maior-parque-eolico-flutuante-do-mundo\/"},"wordCount":360,"commentCount":0,"publisher":{"@id":"https:\/\/jornalfatosenoticias.com.br\/#organization"},"image":{"@id":"https:\/\/jornalfatosenoticias.com.br\/index.php\/2023\/01\/02\/pequim-inicia-construcao-do-maior-parque-eolico-flutuante-do-mundo\/#primaryimage"},"thumbnailUrl":"https:\/\/jornalfatosenoticias.com.br\/wp-content\/uploads\/2023\/01\/parque-eolico_pequim.jpg","keywords":["china","eletricidade","energia","energia e\u00f3lica","energia limpa","panorama internacional","Vietn\u00e3"],"articleSection":["Internacional"],"inLanguage":"pt-BR","potentialAction":[{"@type":"CommentAction","name":"Comment","target":["https:\/\/jornalfatosenoticias.com.br\/index.php\/2023\/01\/02\/pequim-inicia-construcao-do-maior-parque-eolico-flutuante-do-mundo\/#respond"]}]},{"@type":"WebPage","@id":"https:\/\/jornalfatosenoticias.com.br\/index.php\/2023\/01\/02\/pequim-inicia-construcao-do-maior-parque-eolico-flutuante-do-mundo\/","url":"https:\/\/jornalfatosenoticias.com.br\/index.php\/2023\/01\/02\/pequim-inicia-construcao-do-maior-parque-eolico-flutuante-do-mundo\/","name":"Pequim inicia constru\u00e7\u00e3o do maior parque e\u00f3lico flutuante do mundo - Jornal Fatos e Not\u00edcias","isPartOf":{"@id":"https:\/\/jornalfatosenoticias.com.br\/#website"},"primaryImageOfPage":{"@id":"https:\/\/jornalfatosenoticias.com.br\/index.php\/2023\/01\/02\/pequim-inicia-construcao-do-maior-parque-eolico-flutuante-do-mundo\/#primaryimage"},"image":{"@id":"https:\/\/jornalfatosenoticias.com.br\/index.php\/2023\/01\/02\/pequim-inicia-construcao-do-maior-parque-eolico-flutuante-do-mundo\/#primaryimage"},"thumbnailUrl":"https:\/\/jornalfatosenoticias.com.br\/wp-content\/uploads\/2023\/01\/parque-eolico_pequim.jpg","datePublished":"2023-01-02T18:05:47+00:00","dateModified":"2023-01-02T18:05:49+00:00","breadcrumb":{"@id":"https:\/\/jornalfatosenoticias.com.br\/index.php\/2023\/01\/02\/pequim-inicia-construcao-do-maior-parque-eolico-flutuante-do-mundo\/#breadcrumb"},"inLanguage":"pt-BR","potentialAction":[{"@type":"ReadAction","target":["https:\/\/jornalfatosenoticias.com.br\/index.php\/2023\/01\/02\/pequim-inicia-construcao-do-maior-parque-eolico-flutuante-do-mundo\/"]}]},{"@type":"ImageObject","inLanguage":"pt-BR","@id":"https:\/\/jornalfatosenoticias.com.br\/index.php\/2023\/01\/02\/pequim-inicia-construcao-do-maior-parque-eolico-flutuante-do-mundo\/#primaryimage","url":"https:\/\/jornalfatosenoticias.com.br\/wp-content\/uploads\/2023\/01\/parque-eolico_pequim.jpg","contentUrl":"https:\/\/jornalfatosenoticias.com.br\/wp-content\/uploads\/2023\/01\/parque-eolico_pequim.jpg","width":1000,"height":666},{"@type":"BreadcrumbList","@id":"https:\/\/jornalfatosenoticias.com.br\/index.php\/2023\/01\/02\/pequim-inicia-construcao-do-maior-parque-eolico-flutuante-do-mundo\/#breadcrumb","itemListElement":[{"@type":"ListItem","position":1,"name":"In\u00edcio","item":"https:\/\/jornalfatosenoticias.com.br\/"},{"@type":"ListItem","position":2,"name":"Pequim inicia constru\u00e7\u00e3o do maior parque e\u00f3lico flutuante do mundo"}]},{"@type":"WebSite","@id":"https:\/\/jornalfatosenoticias.com.br\/#website","url":"https:\/\/jornalfatosenoticias.com.br\/","name":"Jornal Fatos e Not\u00edcias","description":"Not\u00edcias em geral","publisher":{"@id":"https:\/\/jornalfatosenoticias.com.br\/#organization"},"potentialAction":[{"@type":"SearchAction","target":{"@type":"EntryPoint","urlTemplate":"https:\/\/jornalfatosenoticias.com.br\/?s={search_term_string}"},"query-input":{"@type":"PropertyValueSpecification","valueRequired":true,"valueName":"search_term_string"}}],"inLanguage":"pt-BR"},{"@type":"Organization","@id":"https:\/\/jornalfatosenoticias.com.br\/#organization","name":"Jornal Fatos e Not\u00edcias","url":"https:\/\/jornalfatosenoticias.com.br\/","logo":{"@type":"ImageObject","inLanguage":"pt-BR","@id":"https:\/\/jornalfatosenoticias.com.br\/#\/schema\/logo\/image\/","url":"https:\/\/jornalfatosenoticias.com.br\/wp-content\/uploads\/2020\/02\/logo120.png","contentUrl":"https:\/\/jornalfatosenoticias.com.br\/wp-content\/uploads\/2020\/02\/logo120.png","width":1227,"height":120,"caption":"Jornal Fatos e Not\u00edcias"},"image":{"@id":"https:\/\/jornalfatosenoticias.com.br\/#\/schema\/logo\/image\/"}},{"@type":"Person","@id":"https:\/\/jornalfatosenoticias.com.br\/#\/schema\/person\/d63837fa13ac8666eb9e74e0985d6f81","name":"Luzimara Fernandes","image":{"@type":"ImageObject","inLanguage":"pt-BR","@id":"https:\/\/jornalfatosenoticias.com.br\/#\/schema\/person\/image\/","url":"https:\/\/jornalfatosenoticias.com.br\/wp-content\/uploads\/2025\/05\/EU_portal.jpg","contentUrl":"https:\/\/jornalfatosenoticias.com.br\/wp-content\/uploads\/2025\/05\/EU_portal.jpg","caption":"Luzimara Fernandes"},"description":"Jornalista MTB 2358-ES","sameAs":["https:\/\/jornalfatosenoticias.com.br"],"url":"https:\/\/jornalfatosenoticias.com.br\/index.php\/author\/luzimara\/"}]}},"cc_featured_image_caption":{"caption_text":"(Foto: AP Photo\/Elizabeth Dalziel)","source_text":"","source_url":""},"jetpack_featured_media_url":"https:\/\/jornalfatosenoticias.com.br\/wp-content\/uploads\/2023\/01\/parque-eolico_pequim.jpg","_links":{"self":[{"href":"https:\/\/jornalfatosenoticias.com.br\/index.php\/wp-json\/wp\/v2\/posts\/37506","targetHints":{"allow":["GET"]}}],"collection":[{"href":"https:\/\/jornalfatosenoticias.com.br\/index.php\/wp-json\/wp\/v2\/posts"}],"about":[{"href":"https:\/\/jornalfatosenoticias.com.br\/index.php\/wp-json\/wp\/v2\/types\/post"}],"author":[{"embeddable":true,"href":"https:\/\/jornalfatosenoticias.com.br\/index.php\/wp-json\/wp\/v2\/users\/2"}],"replies":[{"embeddable":true,"href":"https:\/\/jornalfatosenoticias.com.br\/index.php\/wp-json\/wp\/v2\/comments?post=37506"}],"version-history":[{"count":0,"href":"https:\/\/jornalfatosenoticias.com.br\/index.php\/wp-json\/wp\/v2\/posts\/37506\/revisions"}],"wp:featuredmedia":[{"embeddable":true,"href":"https:\/\/jornalfatosenoticias.com.br\/index.php\/wp-json\/wp\/v2\/media\/37507"}],"wp:attachment":[{"href":"https:\/\/jornalfatosenoticias.com.br\/index.php\/wp-json\/wp\/v2\/media?parent=37506"}],"wp:term":[{"taxonomy":"category","embeddable":true,"href":"https:\/\/jornalfatosenoticias.com.br\/index.php\/wp-json\/wp\/v2\/categories?post=37506"},{"taxonomy":"post_tag","embeddable":true,"href":"https:\/\/jornalfatosenoticias.com.br\/index.php\/wp-json\/wp\/v2\/tags?post=37506"}],"curies":[{"name":"wp","href":"https:\/\/api.w.org\/{rel}","templated":true}]}}