{"id":37528,"date":"2023-01-03T12:00:15","date_gmt":"2023-01-03T15:00:15","guid":{"rendered":"https:\/\/jornalfatosenoticias.com.br\/?p=37528"},"modified":"2023-01-03T12:00:17","modified_gmt":"2023-01-03T15:00:17","slug":"280-mil-filhotes-de-quelonios-sao-soltos-na-amazonia","status":"publish","type":"post","link":"https:\/\/jornalfatosenoticias.com.br\/index.php\/2023\/01\/03\/280-mil-filhotes-de-quelonios-sao-soltos-na-amazonia\/","title":{"rendered":"280 mil filhotes de quel\u00f4nios s\u00e3o soltos na Amaz\u00f4nia"},"content":{"rendered":"\n<p><em><span class=\"has-inline-color has-black-color\">A soltura dos animais foi realizada pelas comunidades ribeirinhas<\/span><\/em><\/p>\n\n\n\n<div class=\"wp-block-image\"><figure class=\"aligncenter size-large\"><img loading=\"lazy\" decoding=\"async\" width=\"1024\" height=\"100\" src=\"https:\/\/jornalfatosenoticias.com.br\/wp-content\/uploads\/2020\/02\/banner_ferramentas-1024x100.jpg\" alt=\"\" class=\"wp-image-1258\" srcset=\"https:\/\/jornalfatosenoticias.com.br\/wp-content\/uploads\/2020\/02\/banner_ferramentas-1024x100.jpg 1024w, https:\/\/jornalfatosenoticias.com.br\/wp-content\/uploads\/2020\/02\/banner_ferramentas-300x29.jpg 300w, https:\/\/jornalfatosenoticias.com.br\/wp-content\/uploads\/2020\/02\/banner_ferramentas-768x75.jpg 768w, https:\/\/jornalfatosenoticias.com.br\/wp-content\/uploads\/2020\/02\/banner_ferramentas.jpg 1227w\" sizes=\"auto, (max-width: 1024px) 100vw, 1024px\" \/><\/figure><\/div>\n\n\n\n<p>As comunidades das unidades de conserva\u00e7\u00e3o Reserva Extrativista do M\u00e9dio Juru\u00e1 e Reserva de Desenvolvimento Sustent\u00e1vel Uacari, na Amaz\u00f4nia, se reuniram em novembro na comunidade do Xibau\u00e1 para a Gincana Ecol\u00f3gica, que acontece anualmente na regi\u00e3o. O evento tem como objetivo a soltura dos quel\u00f4nios da esp\u00e9cie <em>Podocnemis spp., <\/em>popularmente chamados de c\u00e1gados, que s\u00e3o parte das a\u00e7\u00f5es sustent\u00e1veis realizadas pelas comunidades, em especial pelos monitores que cuidam das praias.<\/p>\n\n\n\n<div class=\"wp-block-image\"><figure class=\"aligncenter size-large\"><img loading=\"lazy\" decoding=\"async\" width=\"300\" height=\"250\" src=\"https:\/\/jornalfatosenoticias.com.br\/wp-content\/uploads\/2022\/08\/arte-Casarao.jpg\" alt=\"\" class=\"wp-image-33178\"\/><\/figure><\/div>\n\n\n\n<p>O trabalho de monitoramento dos quel\u00f4nios da esp\u00e9cie se inicia quando as f\u00eameas desovam nas praias do rio Juru\u00e1. Os monitores vigiam as praias para impedir que invasores capturem os ovos, e quando os filhotes nascem, s\u00e3o transferidos e cuidados em tanques at\u00e9 que estejam em um tamanho adequado para a soltura no rio, aumentando as suas chances de sobreviv\u00eancia.<\/p>\n\n\n\n<div class=\"wp-block-image\"><figure class=\"aligncenter size-large\"><img loading=\"lazy\" decoding=\"async\" width=\"560\" height=\"60\" src=\"https:\/\/jornalfatosenoticias.com.br\/wp-content\/uploads\/2022\/10\/Propaganda-RC-Radiadores-Jornal_page-0001.jpg\" alt=\"\" class=\"wp-image-35270\" srcset=\"https:\/\/jornalfatosenoticias.com.br\/wp-content\/uploads\/2022\/10\/Propaganda-RC-Radiadores-Jornal_page-0001.jpg 560w, https:\/\/jornalfatosenoticias.com.br\/wp-content\/uploads\/2022\/10\/Propaganda-RC-Radiadores-Jornal_page-0001-300x32.jpg 300w\" sizes=\"auto, (max-width: 560px) 100vw, 560px\" \/><\/figure><\/div>\n\n\n\n<p>Os n\u00fameros mostram o quanto essa a\u00e7\u00e3o sustent\u00e1vel tem ajudado na preserva\u00e7\u00e3o das esp\u00e9cies de quel\u00f4nios amaz\u00f4nicos. Em 2010, na regi\u00e3o do M\u00e9dio Juru\u00e1 eram 12 tabuleiros protegidos por 35 monitores e 120 mil filhotes foram devolvidos \u00e0 natureza. <\/p>\n\n\n\n<div class=\"wp-block-image\"><figure class=\"aligncenter size-large is-resized\"><img loading=\"lazy\" decoding=\"async\" src=\"https:\/\/jornalfatosenoticias.com.br\/wp-content\/uploads\/2020\/02\/nova-logo-Marquetti.jpg\" alt=\"\" class=\"wp-image-22331\" width=\"277\" height=\"186\" srcset=\"https:\/\/jornalfatosenoticias.com.br\/wp-content\/uploads\/2020\/02\/nova-logo-Marquetti.jpg 643w, https:\/\/jornalfatosenoticias.com.br\/wp-content\/uploads\/2020\/02\/nova-logo-Marquetti-300x202.jpg 300w\" sizes=\"auto, (max-width: 277px) 100vw, 277px\" \/><\/figure><\/div>\n\n\n\n<p>Em 2022, foram 19 tabuleiros protegidos por 51 monitores e 280 mil filhotes retornando ao rio em seguran\u00e7a. Al\u00e9m de encerrar o ciclo anual do monitoramento, o evento \u00e9 um momento de celebra\u00e7\u00e3o e conta com atividades culturais e competi\u00e7\u00f5es esportivas.<\/p>\n\n\n\n<div class=\"wp-block-image\"><figure class=\"aligncenter size-large is-resized\"><img loading=\"lazy\" decoding=\"async\" src=\"https:\/\/jornalfatosenoticias.com.br\/wp-content\/uploads\/2020\/02\/casa-do-torresmo_portal.jpg\" alt=\"\" class=\"wp-image-34472\" width=\"268\" height=\"268\" srcset=\"https:\/\/jornalfatosenoticias.com.br\/wp-content\/uploads\/2020\/02\/casa-do-torresmo_portal.jpg 300w, https:\/\/jornalfatosenoticias.com.br\/wp-content\/uploads\/2020\/02\/casa-do-torresmo_portal-150x150.jpg 150w\" sizes=\"auto, (max-width: 268px) 100vw, 268px\" \/><\/figure><\/div>\n\n\n\n<figure class=\"wp-block-pullquote\"><blockquote><p><span class=\"has-inline-color has-luminous-vivid-orange-color\">A Gincana Ecol\u00f3gica \u00e9 o momento de confraterniza\u00e7\u00e3o entre as comunidades que exercem t\u00e3o bem esse papel de guardi\u00f5es da floresta. Nesse momento preparado para esse ano de 2022, 403 pessoas estiveram presente, dentre crian\u00e7as, jovens, adultos, monitores, lideran\u00e7as\u2026 um momento de refletir como o mundo pode ficar mais bonito com essas a\u00e7\u00f5es sustent\u00e1veis realizadas pela popula\u00e7\u00e3o da floresta\u201d, afirma Lucas Cunha, jovem da Comunidade S\u00e3o Raimundo que participou do evento.<\/span><\/p><\/blockquote><\/figure>\n\n\n\n<div class=\"wp-block-image\"><figure class=\"aligncenter size-large\"><img loading=\"lazy\" decoding=\"async\" width=\"1024\" height=\"103\" src=\"https:\/\/jornalfatosenoticias.com.br\/wp-content\/uploads\/2022\/02\/Arte-Autoescola-Galatas_endereco_portal-1024x103.png\" alt=\"\" class=\"wp-image-27869\" srcset=\"https:\/\/jornalfatosenoticias.com.br\/wp-content\/uploads\/2022\/02\/Arte-Autoescola-Galatas_endereco_portal-1024x103.png 1024w, https:\/\/jornalfatosenoticias.com.br\/wp-content\/uploads\/2022\/02\/Arte-Autoescola-Galatas_endereco_portal-300x30.png 300w, https:\/\/jornalfatosenoticias.com.br\/wp-content\/uploads\/2022\/02\/Arte-Autoescola-Galatas_endereco_portal-768x77.png 768w, https:\/\/jornalfatosenoticias.com.br\/wp-content\/uploads\/2022\/02\/Arte-Autoescola-Galatas_endereco_portal.png 1223w\" sizes=\"auto, (max-width: 1024px) 100vw, 1024px\" \/><\/figure><\/div>\n\n\n\n<p><strong><span class=\"has-inline-color has-vivid-green-cyan-color\">Ninhos de quel\u00f4nios<br><\/span><\/strong>O monitoramento comunit\u00e1rio das praias para a prote\u00e7\u00e3o dos ninhos de quel\u00f4nios acaba protegendo tamb\u00e9m outras esp\u00e9cies que n\u00e3o s\u00e3o o alvo da atividade, como \u00e9 o caso de algumas aves migrat\u00f3rias que s\u00e3o mais avistadas nas praias protegidas. <\/p>\n\n\n\n<div class=\"wp-block-image\"><figure class=\"aligncenter size-large is-resized\"><img loading=\"lazy\" decoding=\"async\" src=\"https:\/\/jornalfatosenoticias.com.br\/wp-content\/uploads\/2022\/02\/Precisao-Contabilidade-1024x724.jpg\" alt=\"\" class=\"wp-image-28088\" width=\"307\" height=\"217\"\/><\/figure><\/div>\n\n\n\n<p>A representa\u00e7\u00e3o de que toda e qualquer a\u00e7\u00e3o voltada para conservar a Amaz\u00f4nia e suas esp\u00e9cies pode fazer a diferen\u00e7a. Essa \u00e9 a reflex\u00e3o que a Gincana Ecol\u00f3gica traz. Uma atividade que mobiliza, ensina e traz a <a href=\"https:\/\/ciclovivo.com.br\/vida-sustentavel\/equilibrio\/educacao-ambiental-quando-e-como-comecar\/\" target=\"_blank\" rel=\"noreferrer noopener\">educa\u00e7\u00e3o ambiental<\/a>\u00a0de uma forma que transforma a esperan\u00e7a de um futuro cada vez melhor para toda popula\u00e7\u00e3o que vive debaixo da copa das \u00e1rvores.<\/p>\n\n\n\n<div class=\"wp-block-image\"><figure class=\"aligncenter size-large\"><img loading=\"lazy\" decoding=\"async\" width=\"1024\" height=\"100\" src=\"https:\/\/jornalfatosenoticias.com.br\/wp-content\/uploads\/2022\/05\/NOVA-LOGO-CESCONETTO-1024x100.jpg\" alt=\"\" class=\"wp-image-30792\" srcset=\"https:\/\/jornalfatosenoticias.com.br\/wp-content\/uploads\/2022\/05\/NOVA-LOGO-CESCONETTO-1024x100.jpg 1024w, https:\/\/jornalfatosenoticias.com.br\/wp-content\/uploads\/2022\/05\/NOVA-LOGO-CESCONETTO-300x29.jpg 300w, https:\/\/jornalfatosenoticias.com.br\/wp-content\/uploads\/2022\/05\/NOVA-LOGO-CESCONETTO-768x75.jpg 768w, https:\/\/jornalfatosenoticias.com.br\/wp-content\/uploads\/2022\/05\/NOVA-LOGO-CESCONETTO.jpg 1280w\" sizes=\"auto, (max-width: 1024px) 100vw, 1024px\" \/><\/figure><\/div>\n\n\n\n<div class=\"wp-block-image\"><figure class=\"aligncenter size-large\"><img loading=\"lazy\" decoding=\"async\" width=\"1000\" height=\"666\" src=\"https:\/\/jornalfatosenoticias.com.br\/wp-content\/uploads\/2023\/01\/280-mil-filhotes-de-quelonios-sao-soltos-na-Amazonia2.jpg\" alt=\"\" class=\"wp-image-37529\" srcset=\"https:\/\/jornalfatosenoticias.com.br\/wp-content\/uploads\/2023\/01\/280-mil-filhotes-de-quelonios-sao-soltos-na-Amazonia2.jpg 1000w, https:\/\/jornalfatosenoticias.com.br\/wp-content\/uploads\/2023\/01\/280-mil-filhotes-de-quelonios-sao-soltos-na-Amazonia2-300x200.jpg 300w, https:\/\/jornalfatosenoticias.com.br\/wp-content\/uploads\/2023\/01\/280-mil-filhotes-de-quelonios-sao-soltos-na-Amazonia2-768x511.jpg 768w\" sizes=\"auto, (max-width: 1000px) 100vw, 1000px\" \/><figcaption><em><span class=\"has-inline-color has-black-color\">Quel\u00f4nios da esp\u00e9cie Podocnemis spp. (popularmente chamados de c\u00e1gados) foram soltos (Foto: Instituto Juru\u00e1)<\/span><\/em><\/figcaption><\/figure><\/div>\n\n\n\n<div class=\"wp-block-image\"><figure class=\"aligncenter size-large\"><img decoding=\"async\" src=\"https:\/\/jornalfatosenoticias.com.br\/wp-content\/uploads\/2020\/02\/logo_esteio.jpg\" alt=\"\" class=\"wp-image-1214\"\/><\/figure><\/div>\n\n\n\n<figure class=\"wp-block-pullquote\"><blockquote><p><span class=\"has-inline-color has-luminous-vivid-orange-color\">A gincana ecol\u00f3gica \u00e9 o momento de transformar as nossas a\u00e7\u00f5es de conserva\u00e7\u00e3o em grandes esperan\u00e7as para o desenvolvimento social e cultural da nossa regi\u00e3o\u201d afirma Gabriel Cunha, morador da comunidade S\u00e3o Raimundo.<\/span><\/p><\/blockquote><\/figure>\n\n\n\n<div class=\"wp-block-image\"><figure class=\"alignleft size-large is-resized\"><img loading=\"lazy\" decoding=\"async\" src=\"https:\/\/jornalfatosenoticias.com.br\/wp-content\/uploads\/2022\/08\/logo-locau-veiculos-1024x573.png\" alt=\"\" class=\"wp-image-33078\" width=\"346\" height=\"191\"\/><\/figure><\/div>\n\n\n\n<p>A regi\u00e3o est\u00e1 empenhada em promover uma nova cadeia produtiva a partir das experi\u00eancias de conserva\u00e7\u00e3o realizadas com os quel\u00f4nios, para que a atividade possa gerar renda para a popula\u00e7\u00e3o, al\u00e9m de proteger as esp\u00e9cies. Afinal, uma das principais dificuldades enfrentadas \u00e9 a remunera\u00e7\u00e3o dos monitores das praias, que muitas vezes n\u00e3o s\u00e3o recompensados pelo trabalho de conserva\u00e7\u00e3o das praias e dos quel\u00f4nios.<\/p>\n\n\n\n<div class=\"wp-block-image\"><figure class=\"aligncenter size-large\"><img loading=\"lazy\" decoding=\"async\" width=\"1024\" height=\"111\" src=\"https:\/\/jornalfatosenoticias.com.br\/wp-content\/uploads\/2020\/02\/WhatsApp-Image-2022-09-23-at-12.09.18-1024x111.jpeg\" alt=\"\" class=\"wp-image-34527\" srcset=\"https:\/\/jornalfatosenoticias.com.br\/wp-content\/uploads\/2020\/02\/WhatsApp-Image-2022-09-23-at-12.09.18-1024x111.jpeg 1024w, https:\/\/jornalfatosenoticias.com.br\/wp-content\/uploads\/2020\/02\/WhatsApp-Image-2022-09-23-at-12.09.18-300x32.jpeg 300w, https:\/\/jornalfatosenoticias.com.br\/wp-content\/uploads\/2020\/02\/WhatsApp-Image-2022-09-23-at-12.09.18-768x83.jpeg 768w, https:\/\/jornalfatosenoticias.com.br\/wp-content\/uploads\/2020\/02\/WhatsApp-Image-2022-09-23-at-12.09.18.jpeg 1121w\" sizes=\"auto, (max-width: 1024px) 100vw, 1024px\" \/><\/figure><\/div>\n\n\n\n<p>O monitoramento das praias e quel\u00f4nios \u00e9 executado pela Associa\u00e7\u00e3o de Moradores Extrativistas da Comunidade de S\u00e3o Raimundo (Amecsara), Associa\u00e7\u00e3o dos Moradores Agroextrativistas da Reserva de Desenvolvimento Sustent\u00e1vel Uacari (Amaru), Secretaria do Estado do Meio Ambiente (SEMA\/DEMUC) e Instituto Chico Mendes de Conserva\u00e7\u00e3o da Biodiversidade (ICMBio).<\/p>\n\n\n\n<div class=\"wp-block-image\"><figure class=\"aligncenter size-large is-resized\"><img loading=\"lazy\" decoding=\"async\" src=\"https:\/\/jornalfatosenoticias.com.br\/wp-content\/uploads\/2020\/02\/logo-clinica-limoeiro.jpg\" alt=\"\" class=\"wp-image-34610\" width=\"281\" height=\"199\"\/><\/figure><\/div>\n\n\n\n<p>Neste ano, as institui\u00e7\u00f5es que apoiaram o trabalho de monitoramento e o evento da Gincana Ecol\u00f3gica foram o Minist\u00e9rio do Meio Ambiente atrav\u00e9s do Programa Paisagens Sustent\u00e1veis da Amaz\u00f4nia (ASL), a Associa\u00e7\u00e3o dos Produtores Rurais de Carauari (ASPROC), a Funda\u00e7\u00e3o Amaz\u00f4nia Sustent\u00e1vel (FAS), o Projeto P\u00e9-de-Pincha, a Prefeitura Municipal de Carauari e o Instituto Juru\u00e1.<\/p>\n\n\n\n<div class=\"wp-block-image\"><figure class=\"aligncenter size-large\"><img decoding=\"async\" src=\"https:\/\/jornalfatosenoticias.com.br\/wp-content\/uploads\/2020\/02\/logo-embacia-1-1024x110.jpg\" alt=\"\" class=\"wp-image-33954\"\/><\/figure><\/div>\n\n\n\n<p><strong><em>Fonte: <a href=\"https:\/\/ciclovivo.com.br\/planeta\/meio-ambiente\/280-mil-filhotes-de-quelonios-sao-soltos-na-amazonia\/\">CicloVivo<\/a><\/em><\/strong><\/p>\n","protected":false},"excerpt":{"rendered":"<p>A soltura dos animais foi realizada pelas comunidades ribeirinhas As comunidades das unidades de conserva\u00e7\u00e3o Reserva Extrativista do M\u00e9dio Juru\u00e1 e Reserva de Desenvolvimento Sustent\u00e1vel Uacari, na Amaz\u00f4nia, se reuniram em novembro na comunidade do Xibau\u00e1 para a Gincana Ecol\u00f3gica, que acontece anualmente na regi\u00e3o. O evento tem como objetivo a soltura dos quel\u00f4nios da [&hellip;]<\/p>\n","protected":false},"author":2,"featured_media":37530,"comment_status":"open","ping_status":"open","sticky":false,"template":"","format":"standard","meta":{"footnotes":""},"categories":[8],"tags":[123,6754,7195,121,17632],"class_list":["post-37528","post","type-post","status-publish","format-standard","has-post-thumbnail","hentry","category-meio-ambiente","tag-amazonia","tag-comunidades-ribeirinhas","tag-instituto-jurua","tag-quelonios","tag-soltura-de-animais"],"yoast_head":"<!-- This site is optimized with the Yoast SEO plugin v26.5 - https:\/\/yoast.com\/wordpress\/plugins\/seo\/ -->\n<title>280 mil filhotes de quel\u00f4nios s\u00e3o soltos na Amaz\u00f4nia - Jornal Fatos e Not\u00edcias<\/title>\n<meta name=\"robots\" content=\"index, follow, max-snippet:-1, max-image-preview:large, max-video-preview:-1\" \/>\n<link rel=\"canonical\" href=\"https:\/\/jornalfatosenoticias.com.br\/index.php\/2023\/01\/03\/280-mil-filhotes-de-quelonios-sao-soltos-na-amazonia\/\" \/>\n<meta property=\"og:locale\" content=\"pt_BR\" \/>\n<meta property=\"og:type\" content=\"article\" \/>\n<meta property=\"og:title\" content=\"280 mil filhotes de quel\u00f4nios s\u00e3o soltos na Amaz\u00f4nia - Jornal Fatos e Not\u00edcias\" \/>\n<meta property=\"og:description\" content=\"A soltura dos animais foi realizada pelas comunidades ribeirinhas As comunidades das unidades de conserva\u00e7\u00e3o Reserva Extrativista do M\u00e9dio Juru\u00e1 e Reserva de Desenvolvimento Sustent\u00e1vel Uacari, na Amaz\u00f4nia, se reuniram em novembro na comunidade do Xibau\u00e1 para a Gincana Ecol\u00f3gica, que acontece anualmente na regi\u00e3o. O evento tem como objetivo a soltura dos quel\u00f4nios da [&hellip;]\" \/>\n<meta property=\"og:url\" content=\"https:\/\/jornalfatosenoticias.com.br\/index.php\/2023\/01\/03\/280-mil-filhotes-de-quelonios-sao-soltos-na-amazonia\/\" \/>\n<meta property=\"og:site_name\" content=\"Jornal Fatos e Not\u00edcias\" \/>\n<meta property=\"article:published_time\" content=\"2023-01-03T15:00:15+00:00\" \/>\n<meta property=\"article:modified_time\" content=\"2023-01-03T15:00:17+00:00\" \/>\n<meta property=\"og:image\" content=\"https:\/\/jornalfatosenoticias.com.br\/wp-content\/uploads\/2023\/01\/280-mil-filhotes-de-quelonios-sao-soltos-na-Amazonia.jpg\" \/>\n\t<meta property=\"og:image:width\" content=\"1000\" \/>\n\t<meta property=\"og:image:height\" content=\"579\" \/>\n\t<meta property=\"og:image:type\" content=\"image\/jpeg\" \/>\n<meta name=\"author\" content=\"Luzimara Fernandes\" \/>\n<meta name=\"twitter:card\" content=\"summary_large_image\" \/>\n<meta name=\"twitter:label1\" content=\"Escrito por\" \/>\n\t<meta name=\"twitter:data1\" content=\"Luzimara Fernandes\" \/>\n\t<meta name=\"twitter:label2\" content=\"Est. tempo de leitura\" \/>\n\t<meta name=\"twitter:data2\" content=\"3 minutos\" \/>\n<script type=\"application\/ld+json\" class=\"yoast-schema-graph\">{\"@context\":\"https:\/\/schema.org\",\"@graph\":[{\"@type\":\"Article\",\"@id\":\"https:\/\/jornalfatosenoticias.com.br\/index.php\/2023\/01\/03\/280-mil-filhotes-de-quelonios-sao-soltos-na-amazonia\/#article\",\"isPartOf\":{\"@id\":\"https:\/\/jornalfatosenoticias.com.br\/index.php\/2023\/01\/03\/280-mil-filhotes-de-quelonios-sao-soltos-na-amazonia\/\"},\"author\":{\"name\":\"Luzimara Fernandes\",\"@id\":\"https:\/\/jornalfatosenoticias.com.br\/#\/schema\/person\/d63837fa13ac8666eb9e74e0985d6f81\"},\"headline\":\"280 mil filhotes de quel\u00f4nios s\u00e3o soltos na Amaz\u00f4nia\",\"datePublished\":\"2023-01-03T15:00:15+00:00\",\"dateModified\":\"2023-01-03T15:00:17+00:00\",\"mainEntityOfPage\":{\"@id\":\"https:\/\/jornalfatosenoticias.com.br\/index.php\/2023\/01\/03\/280-mil-filhotes-de-quelonios-sao-soltos-na-amazonia\/\"},\"wordCount\":699,\"commentCount\":0,\"publisher\":{\"@id\":\"https:\/\/jornalfatosenoticias.com.br\/#organization\"},\"image\":{\"@id\":\"https:\/\/jornalfatosenoticias.com.br\/index.php\/2023\/01\/03\/280-mil-filhotes-de-quelonios-sao-soltos-na-amazonia\/#primaryimage\"},\"thumbnailUrl\":\"https:\/\/jornalfatosenoticias.com.br\/wp-content\/uploads\/2023\/01\/280-mil-filhotes-de-quelonios-sao-soltos-na-Amazonia.jpg\",\"keywords\":[\"amaz\u00f4nia\",\"comunidades ribeirinhas\",\"Instituto Juru\u00e1\",\"quel\u00f4nios\",\"soltura de animais\"],\"articleSection\":[\"Meio ambiente\"],\"inLanguage\":\"pt-BR\",\"potentialAction\":[{\"@type\":\"CommentAction\",\"name\":\"Comment\",\"target\":[\"https:\/\/jornalfatosenoticias.com.br\/index.php\/2023\/01\/03\/280-mil-filhotes-de-quelonios-sao-soltos-na-amazonia\/#respond\"]}]},{\"@type\":\"WebPage\",\"@id\":\"https:\/\/jornalfatosenoticias.com.br\/index.php\/2023\/01\/03\/280-mil-filhotes-de-quelonios-sao-soltos-na-amazonia\/\",\"url\":\"https:\/\/jornalfatosenoticias.com.br\/index.php\/2023\/01\/03\/280-mil-filhotes-de-quelonios-sao-soltos-na-amazonia\/\",\"name\":\"280 mil filhotes de quel\u00f4nios s\u00e3o soltos na Amaz\u00f4nia - Jornal Fatos e Not\u00edcias\",\"isPartOf\":{\"@id\":\"https:\/\/jornalfatosenoticias.com.br\/#website\"},\"primaryImageOfPage\":{\"@id\":\"https:\/\/jornalfatosenoticias.com.br\/index.php\/2023\/01\/03\/280-mil-filhotes-de-quelonios-sao-soltos-na-amazonia\/#primaryimage\"},\"image\":{\"@id\":\"https:\/\/jornalfatosenoticias.com.br\/index.php\/2023\/01\/03\/280-mil-filhotes-de-quelonios-sao-soltos-na-amazonia\/#primaryimage\"},\"thumbnailUrl\":\"https:\/\/jornalfatosenoticias.com.br\/wp-content\/uploads\/2023\/01\/280-mil-filhotes-de-quelonios-sao-soltos-na-Amazonia.jpg\",\"datePublished\":\"2023-01-03T15:00:15+00:00\",\"dateModified\":\"2023-01-03T15:00:17+00:00\",\"breadcrumb\":{\"@id\":\"https:\/\/jornalfatosenoticias.com.br\/index.php\/2023\/01\/03\/280-mil-filhotes-de-quelonios-sao-soltos-na-amazonia\/#breadcrumb\"},\"inLanguage\":\"pt-BR\",\"potentialAction\":[{\"@type\":\"ReadAction\",\"target\":[\"https:\/\/jornalfatosenoticias.com.br\/index.php\/2023\/01\/03\/280-mil-filhotes-de-quelonios-sao-soltos-na-amazonia\/\"]}]},{\"@type\":\"ImageObject\",\"inLanguage\":\"pt-BR\",\"@id\":\"https:\/\/jornalfatosenoticias.com.br\/index.php\/2023\/01\/03\/280-mil-filhotes-de-quelonios-sao-soltos-na-amazonia\/#primaryimage\",\"url\":\"https:\/\/jornalfatosenoticias.com.br\/wp-content\/uploads\/2023\/01\/280-mil-filhotes-de-quelonios-sao-soltos-na-Amazonia.jpg\",\"contentUrl\":\"https:\/\/jornalfatosenoticias.com.br\/wp-content\/uploads\/2023\/01\/280-mil-filhotes-de-quelonios-sao-soltos-na-Amazonia.jpg\",\"width\":1000,\"height\":579},{\"@type\":\"BreadcrumbList\",\"@id\":\"https:\/\/jornalfatosenoticias.com.br\/index.php\/2023\/01\/03\/280-mil-filhotes-de-quelonios-sao-soltos-na-amazonia\/#breadcrumb\",\"itemListElement\":[{\"@type\":\"ListItem\",\"position\":1,\"name\":\"In\u00edcio\",\"item\":\"https:\/\/jornalfatosenoticias.com.br\/\"},{\"@type\":\"ListItem\",\"position\":2,\"name\":\"280 mil filhotes de quel\u00f4nios s\u00e3o soltos na Amaz\u00f4nia\"}]},{\"@type\":\"WebSite\",\"@id\":\"https:\/\/jornalfatosenoticias.com.br\/#website\",\"url\":\"https:\/\/jornalfatosenoticias.com.br\/\",\"name\":\"Jornal Fatos e Not\u00edcias\",\"description\":\"Not\u00edcias em geral\",\"publisher\":{\"@id\":\"https:\/\/jornalfatosenoticias.com.br\/#organization\"},\"potentialAction\":[{\"@type\":\"SearchAction\",\"target\":{\"@type\":\"EntryPoint\",\"urlTemplate\":\"https:\/\/jornalfatosenoticias.com.br\/?s={search_term_string}\"},\"query-input\":{\"@type\":\"PropertyValueSpecification\",\"valueRequired\":true,\"valueName\":\"search_term_string\"}}],\"inLanguage\":\"pt-BR\"},{\"@type\":\"Organization\",\"@id\":\"https:\/\/jornalfatosenoticias.com.br\/#organization\",\"name\":\"Jornal Fatos e Not\u00edcias\",\"url\":\"https:\/\/jornalfatosenoticias.com.br\/\",\"logo\":{\"@type\":\"ImageObject\",\"inLanguage\":\"pt-BR\",\"@id\":\"https:\/\/jornalfatosenoticias.com.br\/#\/schema\/logo\/image\/\",\"url\":\"https:\/\/jornalfatosenoticias.com.br\/wp-content\/uploads\/2020\/02\/logo120.png\",\"contentUrl\":\"https:\/\/jornalfatosenoticias.com.br\/wp-content\/uploads\/2020\/02\/logo120.png\",\"width\":1227,\"height\":120,\"caption\":\"Jornal Fatos e Not\u00edcias\"},\"image\":{\"@id\":\"https:\/\/jornalfatosenoticias.com.br\/#\/schema\/logo\/image\/\"}},{\"@type\":\"Person\",\"@id\":\"https:\/\/jornalfatosenoticias.com.br\/#\/schema\/person\/d63837fa13ac8666eb9e74e0985d6f81\",\"name\":\"Luzimara Fernandes\",\"image\":{\"@type\":\"ImageObject\",\"inLanguage\":\"pt-BR\",\"@id\":\"https:\/\/jornalfatosenoticias.com.br\/#\/schema\/person\/image\/\",\"url\":\"https:\/\/jornalfatosenoticias.com.br\/wp-content\/uploads\/2025\/05\/EU_portal.jpg\",\"contentUrl\":\"https:\/\/jornalfatosenoticias.com.br\/wp-content\/uploads\/2025\/05\/EU_portal.jpg\",\"caption\":\"Luzimara Fernandes\"},\"description\":\"Jornalista MTB 2358-ES\",\"sameAs\":[\"https:\/\/jornalfatosenoticias.com.br\"],\"url\":\"https:\/\/jornalfatosenoticias.com.br\/index.php\/author\/luzimara\/\"}]}<\/script>\n<!-- \/ Yoast SEO plugin. -->","yoast_head_json":{"title":"280 mil filhotes de quel\u00f4nios s\u00e3o soltos na Amaz\u00f4nia - Jornal Fatos e Not\u00edcias","robots":{"index":"index","follow":"follow","max-snippet":"max-snippet:-1","max-image-preview":"max-image-preview:large","max-video-preview":"max-video-preview:-1"},"canonical":"https:\/\/jornalfatosenoticias.com.br\/index.php\/2023\/01\/03\/280-mil-filhotes-de-quelonios-sao-soltos-na-amazonia\/","og_locale":"pt_BR","og_type":"article","og_title":"280 mil filhotes de quel\u00f4nios s\u00e3o soltos na Amaz\u00f4nia - Jornal Fatos e Not\u00edcias","og_description":"A soltura dos animais foi realizada pelas comunidades ribeirinhas As comunidades das unidades de conserva\u00e7\u00e3o Reserva Extrativista do M\u00e9dio Juru\u00e1 e Reserva de Desenvolvimento Sustent\u00e1vel Uacari, na Amaz\u00f4nia, se reuniram em novembro na comunidade do Xibau\u00e1 para a Gincana Ecol\u00f3gica, que acontece anualmente na regi\u00e3o. O evento tem como objetivo a soltura dos quel\u00f4nios da [&hellip;]","og_url":"https:\/\/jornalfatosenoticias.com.br\/index.php\/2023\/01\/03\/280-mil-filhotes-de-quelonios-sao-soltos-na-amazonia\/","og_site_name":"Jornal Fatos e Not\u00edcias","article_published_time":"2023-01-03T15:00:15+00:00","article_modified_time":"2023-01-03T15:00:17+00:00","og_image":[{"width":1000,"height":579,"url":"https:\/\/jornalfatosenoticias.com.br\/wp-content\/uploads\/2023\/01\/280-mil-filhotes-de-quelonios-sao-soltos-na-Amazonia.jpg","type":"image\/jpeg"}],"author":"Luzimara Fernandes","twitter_card":"summary_large_image","twitter_misc":{"Escrito por":"Luzimara Fernandes","Est. tempo de leitura":"3 minutos"},"schema":{"@context":"https:\/\/schema.org","@graph":[{"@type":"Article","@id":"https:\/\/jornalfatosenoticias.com.br\/index.php\/2023\/01\/03\/280-mil-filhotes-de-quelonios-sao-soltos-na-amazonia\/#article","isPartOf":{"@id":"https:\/\/jornalfatosenoticias.com.br\/index.php\/2023\/01\/03\/280-mil-filhotes-de-quelonios-sao-soltos-na-amazonia\/"},"author":{"name":"Luzimara Fernandes","@id":"https:\/\/jornalfatosenoticias.com.br\/#\/schema\/person\/d63837fa13ac8666eb9e74e0985d6f81"},"headline":"280 mil filhotes de quel\u00f4nios s\u00e3o soltos na Amaz\u00f4nia","datePublished":"2023-01-03T15:00:15+00:00","dateModified":"2023-01-03T15:00:17+00:00","mainEntityOfPage":{"@id":"https:\/\/jornalfatosenoticias.com.br\/index.php\/2023\/01\/03\/280-mil-filhotes-de-quelonios-sao-soltos-na-amazonia\/"},"wordCount":699,"commentCount":0,"publisher":{"@id":"https:\/\/jornalfatosenoticias.com.br\/#organization"},"image":{"@id":"https:\/\/jornalfatosenoticias.com.br\/index.php\/2023\/01\/03\/280-mil-filhotes-de-quelonios-sao-soltos-na-amazonia\/#primaryimage"},"thumbnailUrl":"https:\/\/jornalfatosenoticias.com.br\/wp-content\/uploads\/2023\/01\/280-mil-filhotes-de-quelonios-sao-soltos-na-Amazonia.jpg","keywords":["amaz\u00f4nia","comunidades ribeirinhas","Instituto Juru\u00e1","quel\u00f4nios","soltura de animais"],"articleSection":["Meio ambiente"],"inLanguage":"pt-BR","potentialAction":[{"@type":"CommentAction","name":"Comment","target":["https:\/\/jornalfatosenoticias.com.br\/index.php\/2023\/01\/03\/280-mil-filhotes-de-quelonios-sao-soltos-na-amazonia\/#respond"]}]},{"@type":"WebPage","@id":"https:\/\/jornalfatosenoticias.com.br\/index.php\/2023\/01\/03\/280-mil-filhotes-de-quelonios-sao-soltos-na-amazonia\/","url":"https:\/\/jornalfatosenoticias.com.br\/index.php\/2023\/01\/03\/280-mil-filhotes-de-quelonios-sao-soltos-na-amazonia\/","name":"280 mil filhotes de quel\u00f4nios s\u00e3o soltos na Amaz\u00f4nia - Jornal Fatos e Not\u00edcias","isPartOf":{"@id":"https:\/\/jornalfatosenoticias.com.br\/#website"},"primaryImageOfPage":{"@id":"https:\/\/jornalfatosenoticias.com.br\/index.php\/2023\/01\/03\/280-mil-filhotes-de-quelonios-sao-soltos-na-amazonia\/#primaryimage"},"image":{"@id":"https:\/\/jornalfatosenoticias.com.br\/index.php\/2023\/01\/03\/280-mil-filhotes-de-quelonios-sao-soltos-na-amazonia\/#primaryimage"},"thumbnailUrl":"https:\/\/jornalfatosenoticias.com.br\/wp-content\/uploads\/2023\/01\/280-mil-filhotes-de-quelonios-sao-soltos-na-Amazonia.jpg","datePublished":"2023-01-03T15:00:15+00:00","dateModified":"2023-01-03T15:00:17+00:00","breadcrumb":{"@id":"https:\/\/jornalfatosenoticias.com.br\/index.php\/2023\/01\/03\/280-mil-filhotes-de-quelonios-sao-soltos-na-amazonia\/#breadcrumb"},"inLanguage":"pt-BR","potentialAction":[{"@type":"ReadAction","target":["https:\/\/jornalfatosenoticias.com.br\/index.php\/2023\/01\/03\/280-mil-filhotes-de-quelonios-sao-soltos-na-amazonia\/"]}]},{"@type":"ImageObject","inLanguage":"pt-BR","@id":"https:\/\/jornalfatosenoticias.com.br\/index.php\/2023\/01\/03\/280-mil-filhotes-de-quelonios-sao-soltos-na-amazonia\/#primaryimage","url":"https:\/\/jornalfatosenoticias.com.br\/wp-content\/uploads\/2023\/01\/280-mil-filhotes-de-quelonios-sao-soltos-na-Amazonia.jpg","contentUrl":"https:\/\/jornalfatosenoticias.com.br\/wp-content\/uploads\/2023\/01\/280-mil-filhotes-de-quelonios-sao-soltos-na-Amazonia.jpg","width":1000,"height":579},{"@type":"BreadcrumbList","@id":"https:\/\/jornalfatosenoticias.com.br\/index.php\/2023\/01\/03\/280-mil-filhotes-de-quelonios-sao-soltos-na-amazonia\/#breadcrumb","itemListElement":[{"@type":"ListItem","position":1,"name":"In\u00edcio","item":"https:\/\/jornalfatosenoticias.com.br\/"},{"@type":"ListItem","position":2,"name":"280 mil filhotes de quel\u00f4nios s\u00e3o soltos na Amaz\u00f4nia"}]},{"@type":"WebSite","@id":"https:\/\/jornalfatosenoticias.com.br\/#website","url":"https:\/\/jornalfatosenoticias.com.br\/","name":"Jornal Fatos e Not\u00edcias","description":"Not\u00edcias em geral","publisher":{"@id":"https:\/\/jornalfatosenoticias.com.br\/#organization"},"potentialAction":[{"@type":"SearchAction","target":{"@type":"EntryPoint","urlTemplate":"https:\/\/jornalfatosenoticias.com.br\/?s={search_term_string}"},"query-input":{"@type":"PropertyValueSpecification","valueRequired":true,"valueName":"search_term_string"}}],"inLanguage":"pt-BR"},{"@type":"Organization","@id":"https:\/\/jornalfatosenoticias.com.br\/#organization","name":"Jornal Fatos e Not\u00edcias","url":"https:\/\/jornalfatosenoticias.com.br\/","logo":{"@type":"ImageObject","inLanguage":"pt-BR","@id":"https:\/\/jornalfatosenoticias.com.br\/#\/schema\/logo\/image\/","url":"https:\/\/jornalfatosenoticias.com.br\/wp-content\/uploads\/2020\/02\/logo120.png","contentUrl":"https:\/\/jornalfatosenoticias.com.br\/wp-content\/uploads\/2020\/02\/logo120.png","width":1227,"height":120,"caption":"Jornal Fatos e Not\u00edcias"},"image":{"@id":"https:\/\/jornalfatosenoticias.com.br\/#\/schema\/logo\/image\/"}},{"@type":"Person","@id":"https:\/\/jornalfatosenoticias.com.br\/#\/schema\/person\/d63837fa13ac8666eb9e74e0985d6f81","name":"Luzimara Fernandes","image":{"@type":"ImageObject","inLanguage":"pt-BR","@id":"https:\/\/jornalfatosenoticias.com.br\/#\/schema\/person\/image\/","url":"https:\/\/jornalfatosenoticias.com.br\/wp-content\/uploads\/2025\/05\/EU_portal.jpg","contentUrl":"https:\/\/jornalfatosenoticias.com.br\/wp-content\/uploads\/2025\/05\/EU_portal.jpg","caption":"Luzimara Fernandes"},"description":"Jornalista MTB 2358-ES","sameAs":["https:\/\/jornalfatosenoticias.com.br"],"url":"https:\/\/jornalfatosenoticias.com.br\/index.php\/author\/luzimara\/"}]}},"cc_featured_image_caption":{"caption_text":"(Foto: Instituto Juru\u00e1)","source_text":"","source_url":""},"jetpack_featured_media_url":"https:\/\/jornalfatosenoticias.com.br\/wp-content\/uploads\/2023\/01\/280-mil-filhotes-de-quelonios-sao-soltos-na-Amazonia.jpg","_links":{"self":[{"href":"https:\/\/jornalfatosenoticias.com.br\/index.php\/wp-json\/wp\/v2\/posts\/37528","targetHints":{"allow":["GET"]}}],"collection":[{"href":"https:\/\/jornalfatosenoticias.com.br\/index.php\/wp-json\/wp\/v2\/posts"}],"about":[{"href":"https:\/\/jornalfatosenoticias.com.br\/index.php\/wp-json\/wp\/v2\/types\/post"}],"author":[{"embeddable":true,"href":"https:\/\/jornalfatosenoticias.com.br\/index.php\/wp-json\/wp\/v2\/users\/2"}],"replies":[{"embeddable":true,"href":"https:\/\/jornalfatosenoticias.com.br\/index.php\/wp-json\/wp\/v2\/comments?post=37528"}],"version-history":[{"count":0,"href":"https:\/\/jornalfatosenoticias.com.br\/index.php\/wp-json\/wp\/v2\/posts\/37528\/revisions"}],"wp:featuredmedia":[{"embeddable":true,"href":"https:\/\/jornalfatosenoticias.com.br\/index.php\/wp-json\/wp\/v2\/media\/37530"}],"wp:attachment":[{"href":"https:\/\/jornalfatosenoticias.com.br\/index.php\/wp-json\/wp\/v2\/media?parent=37528"}],"wp:term":[{"taxonomy":"category","embeddable":true,"href":"https:\/\/jornalfatosenoticias.com.br\/index.php\/wp-json\/wp\/v2\/categories?post=37528"},{"taxonomy":"post_tag","embeddable":true,"href":"https:\/\/jornalfatosenoticias.com.br\/index.php\/wp-json\/wp\/v2\/tags?post=37528"}],"curies":[{"name":"wp","href":"https:\/\/api.w.org\/{rel}","templated":true}]}}