{"id":37555,"date":"2023-01-05T11:29:51","date_gmt":"2023-01-05T14:29:51","guid":{"rendered":"https:\/\/jornalfatosenoticias.com.br\/?p=37555"},"modified":"2023-01-05T11:29:53","modified_gmt":"2023-01-05T14:29:53","slug":"como-cozinhar-macarrao-corretamente","status":"publish","type":"post","link":"https:\/\/jornalfatosenoticias.com.br\/index.php\/2023\/01\/05\/como-cozinhar-macarrao-corretamente\/","title":{"rendered":"Como cozinhar macarr\u00e3o corretamente?"},"content":{"rendered":"\n<p><em><span class=\"has-inline-color has-black-color\">O processo de fazer macarr\u00e3o \u00e9 bem simples, mas cientistas apontam formas de fazer com que ele seja simples e com pouco custo<\/span><\/em><\/p>\n\n\n\n<div class=\"wp-block-image\"><figure class=\"aligncenter size-large\"><img decoding=\"async\" src=\"https:\/\/jornalfatosenoticias.com.br\/wp-content\/uploads\/2020\/02\/Serra-Grande-1024x160.png\" alt=\"\" class=\"wp-image-7836\"\/><\/figure><\/div>\n\n\n\n<p>O <a href=\"https:\/\/olhardigital.com.br\/2021\/05\/10\/videos\/macarrao-no-espaco-cientistas-criam-macarrao-que-muda-de-forma-quando-cozido\/\" target=\"_blank\" rel=\"noreferrer noopener\">macarr\u00e3o<\/a>\u00a0\u00e9 uma massa italiana que se tornou popular no mundo todo. No entanto, os\u00a0<a href=\"https:\/\/olhardigital.com.br\/2022\/11\/01\/pro\/apelacao-da-amazon-sobre-multa-recorde-e-aceita-por-tribunal-italiano\/\" target=\"_blank\" rel=\"noreferrer noopener\">italianos\u00a0<\/a>costumam ficar um pouco bravos quando o modo de preparo da massa \u00e9 alterado. E foi isso que aconteceu entre o professor Giorgio Parisi e o chef de cozinha Antonello Colonna.<\/p>\n\n\n\n<div class=\"wp-block-image\"><figure class=\"aligncenter size-large\"><img decoding=\"async\" src=\"https:\/\/jornalfatosenoticias.com.br\/wp-content\/uploads\/2020\/02\/logo_esteio.jpg\" alt=\"\" class=\"wp-image-1214\"\/><\/figure><\/div>\n\n\n\n<p>Giorgio Parisi foi o ganhador do Pr\u00eamio Nobel de F\u00edsica de 2021 pela \u201cdescoberta da intera\u00e7\u00e3o da desordem e flutua\u00e7\u00f5es em sistemas f\u00edsicos de escalas at\u00f4micas a planet\u00e1rias\u201d e sugeriu uma maneira de cozinhar o macarr\u00e3o e economizar energia ao mesmo tempo.<\/p>\n\n\n\n<div class=\"wp-block-image\"><figure class=\"aligncenter size-large\"><img loading=\"lazy\" decoding=\"async\" width=\"1024\" height=\"111\" src=\"https:\/\/jornalfatosenoticias.com.br\/wp-content\/uploads\/2020\/02\/WhatsApp-Image-2022-09-23-at-12.09.18-1024x111.jpeg\" alt=\"\" class=\"wp-image-34527\" srcset=\"https:\/\/jornalfatosenoticias.com.br\/wp-content\/uploads\/2020\/02\/WhatsApp-Image-2022-09-23-at-12.09.18-1024x111.jpeg 1024w, https:\/\/jornalfatosenoticias.com.br\/wp-content\/uploads\/2020\/02\/WhatsApp-Image-2022-09-23-at-12.09.18-300x32.jpeg 300w, https:\/\/jornalfatosenoticias.com.br\/wp-content\/uploads\/2020\/02\/WhatsApp-Image-2022-09-23-at-12.09.18-768x83.jpeg 768w, https:\/\/jornalfatosenoticias.com.br\/wp-content\/uploads\/2020\/02\/WhatsApp-Image-2022-09-23-at-12.09.18.jpeg 1121w\" sizes=\"auto, (max-width: 1024px) 100vw, 1024px\" \/><\/figure><\/div>\n\n\n\n<p>Ele aconselhou que desligar o cozimento do macarr\u00e3o na metade do processo reduziria o custo de cozimento da massa. A partir do desligamento, se o macarr\u00e3o fosse mantido fechado com tampa na panela, ele terminaria seu cozimento no calor residual da \u00e1gua.<\/p>\n\n\n\n<div class=\"wp-block-image\"><figure class=\"aligncenter size-large\"><img loading=\"lazy\" decoding=\"async\" width=\"300\" height=\"250\" src=\"https:\/\/jornalfatosenoticias.com.br\/wp-content\/uploads\/2022\/08\/arte-Casarao.jpg\" alt=\"\" class=\"wp-image-33178\"\/><\/figure><\/div>\n\n\n\n<p>Entretanto, a resposta do chef com estrela Michelin, avalia\u00e7\u00e3o respeitada em todo o mundo que avalia a qualidade do prato, n\u00e3o foi t\u00e3o favor\u00e1vel. Antonello Colonna disse que um macarr\u00e3o feito dessa forma nunca seria servido em um restaurante de alta qualidade como o dele. Segundo o chef, a massa se torna borrachuda.<\/p>\n\n\n\n<div class=\"wp-block-image\"><figure class=\"aligncenter size-large\"><img loading=\"lazy\" decoding=\"async\" width=\"1024\" height=\"100\" src=\"https:\/\/jornalfatosenoticias.com.br\/wp-content\/uploads\/2022\/05\/NOVA-LOGO-CESCONETTO-1024x100.jpg\" alt=\"\" class=\"wp-image-30792\" srcset=\"https:\/\/jornalfatosenoticias.com.br\/wp-content\/uploads\/2022\/05\/NOVA-LOGO-CESCONETTO-1024x100.jpg 1024w, https:\/\/jornalfatosenoticias.com.br\/wp-content\/uploads\/2022\/05\/NOVA-LOGO-CESCONETTO-300x29.jpg 300w, https:\/\/jornalfatosenoticias.com.br\/wp-content\/uploads\/2022\/05\/NOVA-LOGO-CESCONETTO-768x75.jpg 768w, https:\/\/jornalfatosenoticias.com.br\/wp-content\/uploads\/2022\/05\/NOVA-LOGO-CESCONETTO.jpg 1280w\" sizes=\"auto, (max-width: 1024px) 100vw, 1024px\" \/><\/figure><\/div>\n\n\n\n<p>A controv\u00e9rsia entre o f\u00edsico e o chef repercutiu, e os alunos Mia e Ross da Nottingham Trent University, resolveram testar formas econ\u00f4micas de cozinhar o macarr\u00e3o e se ele realmente ficava t\u00e3o ruim.<\/p>\n\n\n\n<div class=\"wp-block-image\"><figure class=\"alignright size-large is-resized\"><img decoding=\"async\" src=\"https:\/\/jornalfatosenoticias.com.br\/wp-content\/uploads\/2022\/08\/logo-locau-veiculos-1024x573.png\" alt=\"\" class=\"wp-image-33078\" width=\"-129\" height=\"-72\"\/><\/figure><\/div>\n\n\n\n<p><strong><span class=\"has-inline-color has-vivid-purple-color\">O cozimento do macarr\u00e3o<br><\/span><\/strong>Primeiramente, \u00e9 preciso entender como \u00e9 feito o cozimento do macarr\u00e3o. Nas massas secas, que s\u00e3o mais comuns no mercado, o processo envolve duas etapas. A primeira \u00e9 a reidrata\u00e7\u00e3o do macarr\u00e3o, ela acontece geralmente na \u00e1gua fervente e serve para amolecer a massa. A segunda etapa \u00e9 onde as prote\u00ednas s\u00e3o aquecidas, expandem-se e passam a ser comest\u00edveis. O processo leva em torno de 10 a 12 minutos para 100 gramas de macarr\u00e3o cozido em um litro de \u00e1gua.<\/p>\n\n\n\n<div class=\"wp-block-image\"><figure class=\"aligncenter size-large\"><img loading=\"lazy\" decoding=\"async\" width=\"1024\" height=\"103\" src=\"https:\/\/jornalfatosenoticias.com.br\/wp-content\/uploads\/2020\/02\/Arte-Autoescola-Galatas_endereco_portal-1024x103.png\" alt=\"\" class=\"wp-image-1451\" srcset=\"https:\/\/jornalfatosenoticias.com.br\/wp-content\/uploads\/2020\/02\/Arte-Autoescola-Galatas_endereco_portal-1024x103.png 1024w, https:\/\/jornalfatosenoticias.com.br\/wp-content\/uploads\/2020\/02\/Arte-Autoescola-Galatas_endereco_portal-300x30.png 300w, https:\/\/jornalfatosenoticias.com.br\/wp-content\/uploads\/2020\/02\/Arte-Autoescola-Galatas_endereco_portal-768x77.png 768w, https:\/\/jornalfatosenoticias.com.br\/wp-content\/uploads\/2020\/02\/Arte-Autoescola-Galatas_endereco_portal.png 1223w\" sizes=\"auto, (max-width: 1024px) 100vw, 1024px\" \/><\/figure><\/div>\n\n\n\n<p><strong><span class=\"has-inline-color has-vivid-purple-color\">Redu\u00e7\u00e3o de custos<br><\/span><\/strong>Os estudantes Mia e Ross perceberam no seu estudo que 60% da energia gasta no cozimento do macarr\u00e3o \u00e9 para manter a \u00e1gua fervendo enquanto ele cozinha por 10 minutos. Os outros 40%, \u00e9 para o aquecimento da panela (5%), levar a \u00e1gua a fervura (34%) e aquecimento da massa at\u00e9 a temperatura de fervura (1%). Ent\u00e3o eles testaram formas de reduzir os dez minutos de cozimento.<\/p>\n\n\n\n<div class=\"wp-block-image\"><figure class=\"aligncenter size-large is-resized\"><img loading=\"lazy\" decoding=\"async\" src=\"https:\/\/jornalfatosenoticias.com.br\/wp-content\/uploads\/2022\/02\/Precisao-Contabilidade-1024x724.jpg\" alt=\"\" class=\"wp-image-28088\" width=\"308\" height=\"218\"\/><\/figure><\/div>\n\n\n\n<p>O m\u00e9todo sugerido pelo ganhador do Nobel de F\u00edsica, reduz os custos pela metade. Mas separando os processos de reidrata\u00e7\u00e3o e aquecimento, os resultados obtidos pelos pesquisadores foram melhores.<\/p>\n\n\n\n<div class=\"wp-block-image\"><figure class=\"aligncenter size-large\"><img decoding=\"async\" src=\"https:\/\/jornalfatosenoticias.com.br\/wp-content\/uploads\/2020\/02\/logo-embacia-1-1024x110.jpg\" alt=\"\" class=\"wp-image-33954\"\/><\/figure><\/div>\n\n\n\n<p>A reidrata\u00e7\u00e3o da massa pode ser feita totalmente na \u00e1gua fria. Se ele for colocado durante duas horas em \u00e1gua n\u00e3o aquecida o resultado \u00e9 o mesmo da reidrata\u00e7\u00e3o em fervura s\u00f3 que com zero custo de energia.<\/p>\n\n\n\n<div class=\"wp-block-image\"><figure class=\"alignleft size-large is-resized\"><img loading=\"lazy\" decoding=\"async\" src=\"https:\/\/jornalfatosenoticias.com.br\/wp-content\/uploads\/2020\/02\/nova-logo-Marquetti.jpg\" alt=\"\" class=\"wp-image-22331\" width=\"325\" height=\"210\"\/><\/figure><\/div>\n\n\n\n<p>Ap\u00f3s ser reidratada na \u00e1gua fria, o macarr\u00e3o precisa ser jogado na \u00e1gua fervente para que o aquecimento da massa seja feito. Os cientistas descobriram que se reduzissem a \u00e1gua pela metade, a qualidade da massa n\u00e3o \u00e9 afetada.<br>Outro ponto do processo que Mia e Ross perceberam que consome bastante energia \u00e9 o processo de levar a \u00e1gua \u00e0 fervura (34%). A redu\u00e7\u00e3o de economia nessa parte \u00e9 em n\u00e3o levar a \u00e1gua a fervura de 100\u00b0C. As prote\u00ednas do macarr\u00e3o se expandem em 80\u00b0C, ent\u00e3o aquecer a \u00e1gua a essa temperatura \u00e9 suficiente.<\/p>\n\n\n\n<div class=\"wp-block-image\"><figure class=\"aligncenter size-large\"><img decoding=\"async\" src=\"https:\/\/jornalfatosenoticias.com.br\/wp-content\/uploads\/2020\/02\/barao-das-carnes-300x164-1.jpg\" alt=\"\" class=\"wp-image-34339\"\/><\/figure><\/div>\n\n\n\n<p><strong><span class=\"has-inline-color has-vivid-purple-color\">Resultados ruins<br><\/span><\/strong>Durante o processo de pesquisa, Mia e Ross se depararam com duas situa\u00e7\u00f5es que deixaram o macarr\u00e3o bem ruins, ambas na etapa de aquecimento da massa. Uma onde eles reduziram a \u00e1gua do aquecimento para um ter\u00e7o, resultando um macarr\u00e3o cozido de maneira desigual. E outra ao fazer essa etapa no micro-ondas, mas segundo eles foi o pior macarr\u00e3o que eles fizeram.<\/p>\n\n\n\n<div class=\"wp-block-image\"><figure class=\"alignright size-large is-resized\"><img loading=\"lazy\" decoding=\"async\" src=\"https:\/\/jornalfatosenoticias.com.br\/wp-content\/uploads\/2020\/02\/casa-do-torresmo_portal.jpg\" alt=\"\" class=\"wp-image-34472\" width=\"257\" height=\"257\" srcset=\"https:\/\/jornalfatosenoticias.com.br\/wp-content\/uploads\/2020\/02\/casa-do-torresmo_portal.jpg 300w, https:\/\/jornalfatosenoticias.com.br\/wp-content\/uploads\/2020\/02\/casa-do-torresmo_portal-150x150.jpg 150w\" sizes=\"auto, (max-width: 257px) 100vw, 257px\" \/><\/figure><\/div>\n\n\n\n<p><strong><span class=\"has-inline-color has-vivid-purple-color\">A maneira mais eficiente<br><\/span><\/strong>O m\u00e9todo mais eficiente apontado pelos cientistas \u00e9 manter o macarr\u00e3o na \u00e1gua fria por duas horas. Ap\u00f3s isso adicione a massa a uma panela com molho ou \u00e1gua fervendo pela metade (500 ml para cada 100 gramas). Eles recomendam tamb\u00e9m colocar um pouco de sal na \u00e1gua para melhorar o sabor.<\/p>\n\n\n\n<p><strong><em>Fonte: <a href=\"https:\/\/olhardigital.com.br\/2023\/01\/05\/ciencia-e-espaco\/como-cozinhar-macarrao-corretamente\/\">Olhar Digital<\/a><\/em><\/strong><\/p>\n","protected":false},"excerpt":{"rendered":"<p>O processo de fazer macarr\u00e3o \u00e9 bem simples, mas cientistas apontam formas de fazer com que ele seja simples e com pouco custo O macarr\u00e3o\u00a0\u00e9 uma massa italiana que se tornou popular no mundo todo. No entanto, os\u00a0italianos\u00a0costumam ficar um pouco bravos quando o modo de preparo da massa \u00e9 alterado. E foi isso que [&hellip;]<\/p>\n","protected":false},"author":2,"featured_media":37556,"comment_status":"open","ping_status":"open","sticky":false,"template":"","format":"standard","meta":{"footnotes":""},"categories":[745],"tags":[1216,2716,17639,1060],"class_list":["post-37555","post","type-post","status-publish","format-standard","has-post-thumbnail","hentry","category-gastronomia","tag-alimentacao","tag-comida","tag-cozinhar-macarrao","tag-macarrao"],"yoast_head":"<!-- This site is optimized with the Yoast SEO plugin v26.5 - https:\/\/yoast.com\/wordpress\/plugins\/seo\/ -->\n<title>Como cozinhar macarr\u00e3o corretamente? - Jornal Fatos e Not\u00edcias<\/title>\n<meta name=\"robots\" content=\"index, follow, max-snippet:-1, max-image-preview:large, max-video-preview:-1\" \/>\n<link rel=\"canonical\" href=\"https:\/\/jornalfatosenoticias.com.br\/index.php\/2023\/01\/05\/como-cozinhar-macarrao-corretamente\/\" \/>\n<meta property=\"og:locale\" content=\"pt_BR\" \/>\n<meta property=\"og:type\" content=\"article\" \/>\n<meta property=\"og:title\" content=\"Como cozinhar macarr\u00e3o corretamente? - Jornal Fatos e Not\u00edcias\" \/>\n<meta property=\"og:description\" content=\"O processo de fazer macarr\u00e3o \u00e9 bem simples, mas cientistas apontam formas de fazer com que ele seja simples e com pouco custo O macarr\u00e3o\u00a0\u00e9 uma massa italiana que se tornou popular no mundo todo. No entanto, os\u00a0italianos\u00a0costumam ficar um pouco bravos quando o modo de preparo da massa \u00e9 alterado. E foi isso que [&hellip;]\" \/>\n<meta property=\"og:url\" content=\"https:\/\/jornalfatosenoticias.com.br\/index.php\/2023\/01\/05\/como-cozinhar-macarrao-corretamente\/\" \/>\n<meta property=\"og:site_name\" content=\"Jornal Fatos e Not\u00edcias\" \/>\n<meta property=\"article:published_time\" content=\"2023-01-05T14:29:51+00:00\" \/>\n<meta property=\"article:modified_time\" content=\"2023-01-05T14:29:53+00:00\" \/>\n<meta property=\"og:image\" content=\"https:\/\/jornalfatosenoticias.com.br\/wp-content\/uploads\/2023\/01\/macarrao_Shutterstock.jpg\" \/>\n\t<meta property=\"og:image:width\" content=\"1000\" \/>\n\t<meta property=\"og:image:height\" content=\"534\" \/>\n\t<meta property=\"og:image:type\" content=\"image\/jpeg\" \/>\n<meta name=\"author\" content=\"Luzimara Fernandes\" \/>\n<meta name=\"twitter:card\" content=\"summary_large_image\" \/>\n<meta name=\"twitter:label1\" content=\"Escrito por\" \/>\n\t<meta name=\"twitter:data1\" content=\"Luzimara Fernandes\" \/>\n\t<meta name=\"twitter:label2\" content=\"Est. tempo de leitura\" \/>\n\t<meta name=\"twitter:data2\" content=\"4 minutos\" \/>\n<script type=\"application\/ld+json\" class=\"yoast-schema-graph\">{\"@context\":\"https:\/\/schema.org\",\"@graph\":[{\"@type\":\"Article\",\"@id\":\"https:\/\/jornalfatosenoticias.com.br\/index.php\/2023\/01\/05\/como-cozinhar-macarrao-corretamente\/#article\",\"isPartOf\":{\"@id\":\"https:\/\/jornalfatosenoticias.com.br\/index.php\/2023\/01\/05\/como-cozinhar-macarrao-corretamente\/\"},\"author\":{\"name\":\"Luzimara Fernandes\",\"@id\":\"https:\/\/jornalfatosenoticias.com.br\/#\/schema\/person\/d63837fa13ac8666eb9e74e0985d6f81\"},\"headline\":\"Como cozinhar macarr\u00e3o corretamente?\",\"datePublished\":\"2023-01-05T14:29:51+00:00\",\"dateModified\":\"2023-01-05T14:29:53+00:00\",\"mainEntityOfPage\":{\"@id\":\"https:\/\/jornalfatosenoticias.com.br\/index.php\/2023\/01\/05\/como-cozinhar-macarrao-corretamente\/\"},\"wordCount\":714,\"commentCount\":0,\"publisher\":{\"@id\":\"https:\/\/jornalfatosenoticias.com.br\/#organization\"},\"image\":{\"@id\":\"https:\/\/jornalfatosenoticias.com.br\/index.php\/2023\/01\/05\/como-cozinhar-macarrao-corretamente\/#primaryimage\"},\"thumbnailUrl\":\"https:\/\/jornalfatosenoticias.com.br\/wp-content\/uploads\/2023\/01\/macarrao_Shutterstock.jpg\",\"keywords\":[\"alimenta\u00e7\u00e3o\",\"comida\",\"cozinhar macarr\u00e3o\",\"macarr\u00e3o\"],\"articleSection\":[\"Gastronomia\"],\"inLanguage\":\"pt-BR\",\"potentialAction\":[{\"@type\":\"CommentAction\",\"name\":\"Comment\",\"target\":[\"https:\/\/jornalfatosenoticias.com.br\/index.php\/2023\/01\/05\/como-cozinhar-macarrao-corretamente\/#respond\"]}]},{\"@type\":\"WebPage\",\"@id\":\"https:\/\/jornalfatosenoticias.com.br\/index.php\/2023\/01\/05\/como-cozinhar-macarrao-corretamente\/\",\"url\":\"https:\/\/jornalfatosenoticias.com.br\/index.php\/2023\/01\/05\/como-cozinhar-macarrao-corretamente\/\",\"name\":\"Como cozinhar macarr\u00e3o corretamente? - Jornal Fatos e Not\u00edcias\",\"isPartOf\":{\"@id\":\"https:\/\/jornalfatosenoticias.com.br\/#website\"},\"primaryImageOfPage\":{\"@id\":\"https:\/\/jornalfatosenoticias.com.br\/index.php\/2023\/01\/05\/como-cozinhar-macarrao-corretamente\/#primaryimage\"},\"image\":{\"@id\":\"https:\/\/jornalfatosenoticias.com.br\/index.php\/2023\/01\/05\/como-cozinhar-macarrao-corretamente\/#primaryimage\"},\"thumbnailUrl\":\"https:\/\/jornalfatosenoticias.com.br\/wp-content\/uploads\/2023\/01\/macarrao_Shutterstock.jpg\",\"datePublished\":\"2023-01-05T14:29:51+00:00\",\"dateModified\":\"2023-01-05T14:29:53+00:00\",\"breadcrumb\":{\"@id\":\"https:\/\/jornalfatosenoticias.com.br\/index.php\/2023\/01\/05\/como-cozinhar-macarrao-corretamente\/#breadcrumb\"},\"inLanguage\":\"pt-BR\",\"potentialAction\":[{\"@type\":\"ReadAction\",\"target\":[\"https:\/\/jornalfatosenoticias.com.br\/index.php\/2023\/01\/05\/como-cozinhar-macarrao-corretamente\/\"]}]},{\"@type\":\"ImageObject\",\"inLanguage\":\"pt-BR\",\"@id\":\"https:\/\/jornalfatosenoticias.com.br\/index.php\/2023\/01\/05\/como-cozinhar-macarrao-corretamente\/#primaryimage\",\"url\":\"https:\/\/jornalfatosenoticias.com.br\/wp-content\/uploads\/2023\/01\/macarrao_Shutterstock.jpg\",\"contentUrl\":\"https:\/\/jornalfatosenoticias.com.br\/wp-content\/uploads\/2023\/01\/macarrao_Shutterstock.jpg\",\"width\":1000,\"height\":534},{\"@type\":\"BreadcrumbList\",\"@id\":\"https:\/\/jornalfatosenoticias.com.br\/index.php\/2023\/01\/05\/como-cozinhar-macarrao-corretamente\/#breadcrumb\",\"itemListElement\":[{\"@type\":\"ListItem\",\"position\":1,\"name\":\"In\u00edcio\",\"item\":\"https:\/\/jornalfatosenoticias.com.br\/\"},{\"@type\":\"ListItem\",\"position\":2,\"name\":\"Como cozinhar macarr\u00e3o corretamente?\"}]},{\"@type\":\"WebSite\",\"@id\":\"https:\/\/jornalfatosenoticias.com.br\/#website\",\"url\":\"https:\/\/jornalfatosenoticias.com.br\/\",\"name\":\"Jornal Fatos e Not\u00edcias\",\"description\":\"Not\u00edcias em geral\",\"publisher\":{\"@id\":\"https:\/\/jornalfatosenoticias.com.br\/#organization\"},\"potentialAction\":[{\"@type\":\"SearchAction\",\"target\":{\"@type\":\"EntryPoint\",\"urlTemplate\":\"https:\/\/jornalfatosenoticias.com.br\/?s={search_term_string}\"},\"query-input\":{\"@type\":\"PropertyValueSpecification\",\"valueRequired\":true,\"valueName\":\"search_term_string\"}}],\"inLanguage\":\"pt-BR\"},{\"@type\":\"Organization\",\"@id\":\"https:\/\/jornalfatosenoticias.com.br\/#organization\",\"name\":\"Jornal Fatos e Not\u00edcias\",\"url\":\"https:\/\/jornalfatosenoticias.com.br\/\",\"logo\":{\"@type\":\"ImageObject\",\"inLanguage\":\"pt-BR\",\"@id\":\"https:\/\/jornalfatosenoticias.com.br\/#\/schema\/logo\/image\/\",\"url\":\"https:\/\/jornalfatosenoticias.com.br\/wp-content\/uploads\/2020\/02\/logo120.png\",\"contentUrl\":\"https:\/\/jornalfatosenoticias.com.br\/wp-content\/uploads\/2020\/02\/logo120.png\",\"width\":1227,\"height\":120,\"caption\":\"Jornal Fatos e Not\u00edcias\"},\"image\":{\"@id\":\"https:\/\/jornalfatosenoticias.com.br\/#\/schema\/logo\/image\/\"}},{\"@type\":\"Person\",\"@id\":\"https:\/\/jornalfatosenoticias.com.br\/#\/schema\/person\/d63837fa13ac8666eb9e74e0985d6f81\",\"name\":\"Luzimara Fernandes\",\"image\":{\"@type\":\"ImageObject\",\"inLanguage\":\"pt-BR\",\"@id\":\"https:\/\/jornalfatosenoticias.com.br\/#\/schema\/person\/image\/\",\"url\":\"https:\/\/jornalfatosenoticias.com.br\/wp-content\/uploads\/2025\/05\/EU_portal.jpg\",\"contentUrl\":\"https:\/\/jornalfatosenoticias.com.br\/wp-content\/uploads\/2025\/05\/EU_portal.jpg\",\"caption\":\"Luzimara Fernandes\"},\"description\":\"Jornalista MTB 2358-ES\",\"sameAs\":[\"https:\/\/jornalfatosenoticias.com.br\"],\"url\":\"https:\/\/jornalfatosenoticias.com.br\/index.php\/author\/luzimara\/\"}]}<\/script>\n<!-- \/ Yoast SEO plugin. -->","yoast_head_json":{"title":"Como cozinhar macarr\u00e3o corretamente? - Jornal Fatos e Not\u00edcias","robots":{"index":"index","follow":"follow","max-snippet":"max-snippet:-1","max-image-preview":"max-image-preview:large","max-video-preview":"max-video-preview:-1"},"canonical":"https:\/\/jornalfatosenoticias.com.br\/index.php\/2023\/01\/05\/como-cozinhar-macarrao-corretamente\/","og_locale":"pt_BR","og_type":"article","og_title":"Como cozinhar macarr\u00e3o corretamente? - Jornal Fatos e Not\u00edcias","og_description":"O processo de fazer macarr\u00e3o \u00e9 bem simples, mas cientistas apontam formas de fazer com que ele seja simples e com pouco custo O macarr\u00e3o\u00a0\u00e9 uma massa italiana que se tornou popular no mundo todo. No entanto, os\u00a0italianos\u00a0costumam ficar um pouco bravos quando o modo de preparo da massa \u00e9 alterado. E foi isso que [&hellip;]","og_url":"https:\/\/jornalfatosenoticias.com.br\/index.php\/2023\/01\/05\/como-cozinhar-macarrao-corretamente\/","og_site_name":"Jornal Fatos e Not\u00edcias","article_published_time":"2023-01-05T14:29:51+00:00","article_modified_time":"2023-01-05T14:29:53+00:00","og_image":[{"width":1000,"height":534,"url":"https:\/\/jornalfatosenoticias.com.br\/wp-content\/uploads\/2023\/01\/macarrao_Shutterstock.jpg","type":"image\/jpeg"}],"author":"Luzimara Fernandes","twitter_card":"summary_large_image","twitter_misc":{"Escrito por":"Luzimara Fernandes","Est. tempo de leitura":"4 minutos"},"schema":{"@context":"https:\/\/schema.org","@graph":[{"@type":"Article","@id":"https:\/\/jornalfatosenoticias.com.br\/index.php\/2023\/01\/05\/como-cozinhar-macarrao-corretamente\/#article","isPartOf":{"@id":"https:\/\/jornalfatosenoticias.com.br\/index.php\/2023\/01\/05\/como-cozinhar-macarrao-corretamente\/"},"author":{"name":"Luzimara Fernandes","@id":"https:\/\/jornalfatosenoticias.com.br\/#\/schema\/person\/d63837fa13ac8666eb9e74e0985d6f81"},"headline":"Como cozinhar macarr\u00e3o corretamente?","datePublished":"2023-01-05T14:29:51+00:00","dateModified":"2023-01-05T14:29:53+00:00","mainEntityOfPage":{"@id":"https:\/\/jornalfatosenoticias.com.br\/index.php\/2023\/01\/05\/como-cozinhar-macarrao-corretamente\/"},"wordCount":714,"commentCount":0,"publisher":{"@id":"https:\/\/jornalfatosenoticias.com.br\/#organization"},"image":{"@id":"https:\/\/jornalfatosenoticias.com.br\/index.php\/2023\/01\/05\/como-cozinhar-macarrao-corretamente\/#primaryimage"},"thumbnailUrl":"https:\/\/jornalfatosenoticias.com.br\/wp-content\/uploads\/2023\/01\/macarrao_Shutterstock.jpg","keywords":["alimenta\u00e7\u00e3o","comida","cozinhar macarr\u00e3o","macarr\u00e3o"],"articleSection":["Gastronomia"],"inLanguage":"pt-BR","potentialAction":[{"@type":"CommentAction","name":"Comment","target":["https:\/\/jornalfatosenoticias.com.br\/index.php\/2023\/01\/05\/como-cozinhar-macarrao-corretamente\/#respond"]}]},{"@type":"WebPage","@id":"https:\/\/jornalfatosenoticias.com.br\/index.php\/2023\/01\/05\/como-cozinhar-macarrao-corretamente\/","url":"https:\/\/jornalfatosenoticias.com.br\/index.php\/2023\/01\/05\/como-cozinhar-macarrao-corretamente\/","name":"Como cozinhar macarr\u00e3o corretamente? - Jornal Fatos e Not\u00edcias","isPartOf":{"@id":"https:\/\/jornalfatosenoticias.com.br\/#website"},"primaryImageOfPage":{"@id":"https:\/\/jornalfatosenoticias.com.br\/index.php\/2023\/01\/05\/como-cozinhar-macarrao-corretamente\/#primaryimage"},"image":{"@id":"https:\/\/jornalfatosenoticias.com.br\/index.php\/2023\/01\/05\/como-cozinhar-macarrao-corretamente\/#primaryimage"},"thumbnailUrl":"https:\/\/jornalfatosenoticias.com.br\/wp-content\/uploads\/2023\/01\/macarrao_Shutterstock.jpg","datePublished":"2023-01-05T14:29:51+00:00","dateModified":"2023-01-05T14:29:53+00:00","breadcrumb":{"@id":"https:\/\/jornalfatosenoticias.com.br\/index.php\/2023\/01\/05\/como-cozinhar-macarrao-corretamente\/#breadcrumb"},"inLanguage":"pt-BR","potentialAction":[{"@type":"ReadAction","target":["https:\/\/jornalfatosenoticias.com.br\/index.php\/2023\/01\/05\/como-cozinhar-macarrao-corretamente\/"]}]},{"@type":"ImageObject","inLanguage":"pt-BR","@id":"https:\/\/jornalfatosenoticias.com.br\/index.php\/2023\/01\/05\/como-cozinhar-macarrao-corretamente\/#primaryimage","url":"https:\/\/jornalfatosenoticias.com.br\/wp-content\/uploads\/2023\/01\/macarrao_Shutterstock.jpg","contentUrl":"https:\/\/jornalfatosenoticias.com.br\/wp-content\/uploads\/2023\/01\/macarrao_Shutterstock.jpg","width":1000,"height":534},{"@type":"BreadcrumbList","@id":"https:\/\/jornalfatosenoticias.com.br\/index.php\/2023\/01\/05\/como-cozinhar-macarrao-corretamente\/#breadcrumb","itemListElement":[{"@type":"ListItem","position":1,"name":"In\u00edcio","item":"https:\/\/jornalfatosenoticias.com.br\/"},{"@type":"ListItem","position":2,"name":"Como cozinhar macarr\u00e3o corretamente?"}]},{"@type":"WebSite","@id":"https:\/\/jornalfatosenoticias.com.br\/#website","url":"https:\/\/jornalfatosenoticias.com.br\/","name":"Jornal Fatos e Not\u00edcias","description":"Not\u00edcias em geral","publisher":{"@id":"https:\/\/jornalfatosenoticias.com.br\/#organization"},"potentialAction":[{"@type":"SearchAction","target":{"@type":"EntryPoint","urlTemplate":"https:\/\/jornalfatosenoticias.com.br\/?s={search_term_string}"},"query-input":{"@type":"PropertyValueSpecification","valueRequired":true,"valueName":"search_term_string"}}],"inLanguage":"pt-BR"},{"@type":"Organization","@id":"https:\/\/jornalfatosenoticias.com.br\/#organization","name":"Jornal Fatos e Not\u00edcias","url":"https:\/\/jornalfatosenoticias.com.br\/","logo":{"@type":"ImageObject","inLanguage":"pt-BR","@id":"https:\/\/jornalfatosenoticias.com.br\/#\/schema\/logo\/image\/","url":"https:\/\/jornalfatosenoticias.com.br\/wp-content\/uploads\/2020\/02\/logo120.png","contentUrl":"https:\/\/jornalfatosenoticias.com.br\/wp-content\/uploads\/2020\/02\/logo120.png","width":1227,"height":120,"caption":"Jornal Fatos e Not\u00edcias"},"image":{"@id":"https:\/\/jornalfatosenoticias.com.br\/#\/schema\/logo\/image\/"}},{"@type":"Person","@id":"https:\/\/jornalfatosenoticias.com.br\/#\/schema\/person\/d63837fa13ac8666eb9e74e0985d6f81","name":"Luzimara Fernandes","image":{"@type":"ImageObject","inLanguage":"pt-BR","@id":"https:\/\/jornalfatosenoticias.com.br\/#\/schema\/person\/image\/","url":"https:\/\/jornalfatosenoticias.com.br\/wp-content\/uploads\/2025\/05\/EU_portal.jpg","contentUrl":"https:\/\/jornalfatosenoticias.com.br\/wp-content\/uploads\/2025\/05\/EU_portal.jpg","caption":"Luzimara Fernandes"},"description":"Jornalista MTB 2358-ES","sameAs":["https:\/\/jornalfatosenoticias.com.br"],"url":"https:\/\/jornalfatosenoticias.com.br\/index.php\/author\/luzimara\/"}]}},"cc_featured_image_caption":{"caption_text":"(Foto: Shutterstock)","source_text":"","source_url":""},"jetpack_featured_media_url":"https:\/\/jornalfatosenoticias.com.br\/wp-content\/uploads\/2023\/01\/macarrao_Shutterstock.jpg","_links":{"self":[{"href":"https:\/\/jornalfatosenoticias.com.br\/index.php\/wp-json\/wp\/v2\/posts\/37555","targetHints":{"allow":["GET"]}}],"collection":[{"href":"https:\/\/jornalfatosenoticias.com.br\/index.php\/wp-json\/wp\/v2\/posts"}],"about":[{"href":"https:\/\/jornalfatosenoticias.com.br\/index.php\/wp-json\/wp\/v2\/types\/post"}],"author":[{"embeddable":true,"href":"https:\/\/jornalfatosenoticias.com.br\/index.php\/wp-json\/wp\/v2\/users\/2"}],"replies":[{"embeddable":true,"href":"https:\/\/jornalfatosenoticias.com.br\/index.php\/wp-json\/wp\/v2\/comments?post=37555"}],"version-history":[{"count":0,"href":"https:\/\/jornalfatosenoticias.com.br\/index.php\/wp-json\/wp\/v2\/posts\/37555\/revisions"}],"wp:featuredmedia":[{"embeddable":true,"href":"https:\/\/jornalfatosenoticias.com.br\/index.php\/wp-json\/wp\/v2\/media\/37556"}],"wp:attachment":[{"href":"https:\/\/jornalfatosenoticias.com.br\/index.php\/wp-json\/wp\/v2\/media?parent=37555"}],"wp:term":[{"taxonomy":"category","embeddable":true,"href":"https:\/\/jornalfatosenoticias.com.br\/index.php\/wp-json\/wp\/v2\/categories?post=37555"},{"taxonomy":"post_tag","embeddable":true,"href":"https:\/\/jornalfatosenoticias.com.br\/index.php\/wp-json\/wp\/v2\/tags?post=37555"}],"curies":[{"name":"wp","href":"https:\/\/api.w.org\/{rel}","templated":true}]}}