{"id":37558,"date":"2023-01-05T11:43:04","date_gmt":"2023-01-05T14:43:04","guid":{"rendered":"https:\/\/jornalfatosenoticias.com.br\/?p=37558"},"modified":"2023-01-05T11:43:05","modified_gmt":"2023-01-05T14:43:05","slug":"voces-estao-prontos-para-o-ano-do-metaverso","status":"publish","type":"post","link":"https:\/\/jornalfatosenoticias.com.br\/index.php\/2023\/01\/05\/voces-estao-prontos-para-o-ano-do-metaverso\/","title":{"rendered":"Voc\u00eas est\u00e3o prontos para o ano do metaverso?"},"content":{"rendered":"\n<p><em><span class=\"has-inline-color has-luminous-vivid-orange-color\"><strong>Por<\/strong> F\u00e1bio Costa, CEO da Ag\u00eancia Casa Mais<\/span><\/em><\/p>\n\n\n\n<div class=\"wp-block-image\"><figure class=\"aligncenter size-large\"><img loading=\"lazy\" decoding=\"async\" width=\"1024\" height=\"100\" src=\"https:\/\/jornalfatosenoticias.com.br\/wp-content\/uploads\/2020\/02\/banner_ferramentas-1024x100.jpg\" alt=\"\" class=\"wp-image-1258\" srcset=\"https:\/\/jornalfatosenoticias.com.br\/wp-content\/uploads\/2020\/02\/banner_ferramentas-1024x100.jpg 1024w, https:\/\/jornalfatosenoticias.com.br\/wp-content\/uploads\/2020\/02\/banner_ferramentas-300x29.jpg 300w, https:\/\/jornalfatosenoticias.com.br\/wp-content\/uploads\/2020\/02\/banner_ferramentas-768x75.jpg 768w, https:\/\/jornalfatosenoticias.com.br\/wp-content\/uploads\/2020\/02\/banner_ferramentas.jpg 1227w\" sizes=\"auto, (max-width: 1024px) 100vw, 1024px\" \/><\/figure><\/div>\n\n\n\n<p>Muito se fala sobre esse novo cap\u00edtulo da <a href=\"https:\/\/olhardigital.com.br\/tag\/internet\/\" target=\"_blank\" rel=\"noreferrer noopener\">internet<\/a>, mas pouco questionamos o que de fato importa: estamos preparados para o metaverso? As demandas do mercado est\u00e3o sendo ouvidas quando falamos nessa\u00a0<a href=\"https:\/\/olhardigital.com.br\/tag\/tecnologia\/\" target=\"_blank\" rel=\"noreferrer noopener\">tecnologia<\/a>? Pois hoje resolvi falar um pouco mais sobre essa nova fase do metaverso que estamos, a que muitos conhecem, mas poucos sabem ouvir e atender \u00e0s necessidades empresariais e dos consumidores que, no fim das contas, s\u00e3o os que utilizam tais tecnologias.<\/p>\n\n\n\n<figure class=\"wp-block-image size-large is-resized\"><img loading=\"lazy\" decoding=\"async\" src=\"https:\/\/jornalfatosenoticias.com.br\/wp-content\/uploads\/2022\/07\/Logo-Grupo-SEI.jpg\" alt=\"\" class=\"wp-image-31973\" width=\"309\" height=\"162\" srcset=\"https:\/\/jornalfatosenoticias.com.br\/wp-content\/uploads\/2022\/07\/Logo-Grupo-SEI.jpg 713w, https:\/\/jornalfatosenoticias.com.br\/wp-content\/uploads\/2022\/07\/Logo-Grupo-SEI-300x158.jpg 300w\" sizes=\"auto, (max-width: 309px) 100vw, 309px\" \/><\/figure>\n\n\n\n<p>J\u00e1 estamos cada vez mais pr\u00f3ximos de um dia a dia com experi\u00eancias on-line mais imersivas e li recentemente um relat\u00f3rio, chamado: \u201cThe potential global economic impact of the metaverse\u201d, que foi realizado pela consultoria Analysis Group e financiado pela <a href=\"https:\/\/olhardigital.com.br\/tag\/meta\/\" target=\"_blank\" rel=\"noreferrer noopener\">Meta<\/a> e que refor\u00e7a o quanto o metaverso ser\u00e1 importante para a economia.<\/p>\n\n\n\n<div class=\"wp-block-image\"><figure class=\"aligncenter size-large\"><img loading=\"lazy\" decoding=\"async\" width=\"729\" height=\"90\" src=\"https:\/\/jornalfatosenoticias.com.br\/wp-content\/uploads\/2020\/02\/Logo_Mizu.png\" alt=\"\" class=\"wp-image-1441\" srcset=\"https:\/\/jornalfatosenoticias.com.br\/wp-content\/uploads\/2020\/02\/Logo_Mizu.png 729w, https:\/\/jornalfatosenoticias.com.br\/wp-content\/uploads\/2020\/02\/Logo_Mizu-300x37.png 300w\" sizes=\"auto, (max-width: 729px) 100vw, 729px\" \/><\/figure><\/div>\n\n\n\n<p>Nele, eles estimam que, se o metaverso evoluir de forma semelhante \u00e0 tecnologia m\u00f3vel, ele poder\u00e1 contribuir, dez anos ap\u00f3s sua ado\u00e7\u00e3o, com 2,8% (US$ 3 trilh\u00f5es) do Produto Interno Bruto (PIB) global, enquanto que, na <a href=\"https:\/\/olhardigital.com.br\/tag\/america-latina\/\" target=\"_blank\" rel=\"noreferrer noopener\">Am\u00e9rica Latina<\/a>, o impacto poderia chegar a representar 5% do PIB (US$ 320 bilh\u00f5es). Bastante n\u00e9? Imagina o quanto isso movimentar\u00e1 no n\u00famero de empregos para desenvolvedores e criadores.<\/p>\n\n\n\n<div class=\"wp-block-image\"><figure class=\"alignleft size-large is-resized\"><img loading=\"lazy\" decoding=\"async\" src=\"https:\/\/jornalfatosenoticias.com.br\/wp-content\/uploads\/2020\/02\/logo-clinica-limoeiro.jpg\" alt=\"\" class=\"wp-image-34610\" width=\"281\" height=\"199\"\/><\/figure><\/div>\n\n\n\n<p>\u00c9 fato que o metaverso vai estimular cada vez mais a criatividade, curiosidade e inova\u00e7\u00e3o para as empresas dos mais diversos tamanhos, e com elas vir\u00e3o demandas que talvez ainda nem t\u00ednhamos pensado. Mas os consumidores querem cada vez mais. Olha s\u00f3, dados dessa mesma pesquisa mostram que 48% querem uma experi\u00eancia que replique a compra em uma loja f\u00edsica e 47% afirmaram que t\u00eam interesse em utilizar a pr\u00f3pria c\u00e2mera do <a href=\"https:\/\/olhardigital.com.br\/tag\/smartphone\/\" target=\"_blank\" rel=\"noreferrer noopener\">smartphone<\/a>\u00a0para isso.<\/p>\n\n\n\n<div class=\"wp-block-image\"><figure class=\"aligncenter size-large\"><img loading=\"lazy\" decoding=\"async\" width=\"1024\" height=\"103\" src=\"https:\/\/jornalfatosenoticias.com.br\/wp-content\/uploads\/2020\/02\/Arte-Autoescola-Galatas_endereco_portal-1024x103.png\" alt=\"\" class=\"wp-image-1451\" srcset=\"https:\/\/jornalfatosenoticias.com.br\/wp-content\/uploads\/2020\/02\/Arte-Autoescola-Galatas_endereco_portal-1024x103.png 1024w, https:\/\/jornalfatosenoticias.com.br\/wp-content\/uploads\/2020\/02\/Arte-Autoescola-Galatas_endereco_portal-300x30.png 300w, https:\/\/jornalfatosenoticias.com.br\/wp-content\/uploads\/2020\/02\/Arte-Autoescola-Galatas_endereco_portal-768x77.png 768w, https:\/\/jornalfatosenoticias.com.br\/wp-content\/uploads\/2020\/02\/Arte-Autoescola-Galatas_endereco_portal.png 1223w\" sizes=\"auto, (max-width: 1024px) 100vw, 1024px\" \/><\/figure><\/div>\n\n\n\n<p>O que quero trazer para reflex\u00e3o com isso \u00e9 que seja descobrindo um produto por meio de tecnologia imersiva ou usando seus avatares que reflete a maneira como cada um quer se mostrar, os consumidores querem cada vez mais um padr\u00e3o de conex\u00e3o com as marcas mais elevado e que gere uma rela\u00e7\u00e3o personalizada e efetiva. O metaverso \u00e9 a vitrine dos novos neg\u00f3cios. Aproveite e vista seu manequim!<\/p>\n\n\n\n<div class=\"wp-block-image\"><figure class=\"aligncenter size-large\"><img decoding=\"async\" src=\"https:\/\/jornalfatosenoticias.com.br\/wp-content\/uploads\/2020\/02\/logo-embacia-1-1024x110.jpg\" alt=\"\" class=\"wp-image-33954\"\/><\/figure><\/div>\n\n\n\n<p><strong><em>Fonte:<a href=\"https:\/\/olhardigital.com.br\/2023\/01\/05\/colunistas\/voces-estao-prontos-para-o-ano-do-metaverso\/\"> Olhar Digital<\/a><\/em><\/strong><\/p>\n","protected":false},"excerpt":{"rendered":"<p>Por F\u00e1bio Costa, CEO da Ag\u00eancia Casa Mais Muito se fala sobre esse novo cap\u00edtulo da internet, mas pouco questionamos o que de fato importa: estamos preparados para o metaverso? As demandas do mercado est\u00e3o sendo ouvidas quando falamos nessa\u00a0tecnologia? Pois hoje resolvi falar um pouco mais sobre essa nova fase do metaverso que estamos, [&hellip;]<\/p>\n","protected":false},"author":2,"featured_media":37559,"comment_status":"open","ping_status":"open","sticky":false,"template":"","format":"standard","meta":{"footnotes":""},"categories":[3],"tags":[911,1564,13496,198],"class_list":["post-37558","post","type-post","status-publish","format-standard","has-post-thumbnail","hentry","category-tecnologia","tag-inovacao","tag-internet","tag-metaverso","tag-tecnologia"],"yoast_head":"<!-- This site is optimized with the Yoast SEO plugin v26.5 - https:\/\/yoast.com\/wordpress\/plugins\/seo\/ -->\n<title>Voc\u00eas est\u00e3o prontos para o ano do metaverso? - Jornal Fatos e Not\u00edcias<\/title>\n<meta name=\"robots\" content=\"index, follow, max-snippet:-1, max-image-preview:large, max-video-preview:-1\" \/>\n<link rel=\"canonical\" href=\"https:\/\/jornalfatosenoticias.com.br\/index.php\/2023\/01\/05\/voces-estao-prontos-para-o-ano-do-metaverso\/\" \/>\n<meta property=\"og:locale\" content=\"pt_BR\" \/>\n<meta property=\"og:type\" content=\"article\" \/>\n<meta property=\"og:title\" content=\"Voc\u00eas est\u00e3o prontos para o ano do metaverso? - Jornal Fatos e Not\u00edcias\" \/>\n<meta property=\"og:description\" content=\"Por F\u00e1bio Costa, CEO da Ag\u00eancia Casa Mais Muito se fala sobre esse novo cap\u00edtulo da internet, mas pouco questionamos o que de fato importa: estamos preparados para o metaverso? As demandas do mercado est\u00e3o sendo ouvidas quando falamos nessa\u00a0tecnologia? Pois hoje resolvi falar um pouco mais sobre essa nova fase do metaverso que estamos, [&hellip;]\" \/>\n<meta property=\"og:url\" content=\"https:\/\/jornalfatosenoticias.com.br\/index.php\/2023\/01\/05\/voces-estao-prontos-para-o-ano-do-metaverso\/\" \/>\n<meta property=\"og:site_name\" content=\"Jornal Fatos e Not\u00edcias\" \/>\n<meta property=\"article:published_time\" content=\"2023-01-05T14:43:04+00:00\" \/>\n<meta property=\"article:modified_time\" content=\"2023-01-05T14:43:05+00:00\" \/>\n<meta property=\"og:image\" content=\"https:\/\/jornalfatosenoticias.com.br\/wp-content\/uploads\/2023\/01\/metaverso_shutterstock.jpg\" \/>\n\t<meta property=\"og:image:width\" content=\"1000\" \/>\n\t<meta property=\"og:image:height\" content=\"667\" \/>\n\t<meta property=\"og:image:type\" content=\"image\/jpeg\" \/>\n<meta name=\"author\" content=\"Luzimara Fernandes\" \/>\n<meta name=\"twitter:card\" content=\"summary_large_image\" \/>\n<meta name=\"twitter:label1\" content=\"Escrito por\" \/>\n\t<meta name=\"twitter:data1\" content=\"Luzimara Fernandes\" \/>\n\t<meta name=\"twitter:label2\" content=\"Est. tempo de leitura\" \/>\n\t<meta name=\"twitter:data2\" content=\"2 minutos\" \/>\n<script type=\"application\/ld+json\" class=\"yoast-schema-graph\">{\"@context\":\"https:\/\/schema.org\",\"@graph\":[{\"@type\":\"Article\",\"@id\":\"https:\/\/jornalfatosenoticias.com.br\/index.php\/2023\/01\/05\/voces-estao-prontos-para-o-ano-do-metaverso\/#article\",\"isPartOf\":{\"@id\":\"https:\/\/jornalfatosenoticias.com.br\/index.php\/2023\/01\/05\/voces-estao-prontos-para-o-ano-do-metaverso\/\"},\"author\":{\"name\":\"Luzimara Fernandes\",\"@id\":\"https:\/\/jornalfatosenoticias.com.br\/#\/schema\/person\/d63837fa13ac8666eb9e74e0985d6f81\"},\"headline\":\"Voc\u00eas est\u00e3o prontos para o ano do metaverso?\",\"datePublished\":\"2023-01-05T14:43:04+00:00\",\"dateModified\":\"2023-01-05T14:43:05+00:00\",\"mainEntityOfPage\":{\"@id\":\"https:\/\/jornalfatosenoticias.com.br\/index.php\/2023\/01\/05\/voces-estao-prontos-para-o-ano-do-metaverso\/\"},\"wordCount\":377,\"commentCount\":0,\"publisher\":{\"@id\":\"https:\/\/jornalfatosenoticias.com.br\/#organization\"},\"image\":{\"@id\":\"https:\/\/jornalfatosenoticias.com.br\/index.php\/2023\/01\/05\/voces-estao-prontos-para-o-ano-do-metaverso\/#primaryimage\"},\"thumbnailUrl\":\"https:\/\/jornalfatosenoticias.com.br\/wp-content\/uploads\/2023\/01\/metaverso_shutterstock.jpg\",\"keywords\":[\"inova\u00e7\u00e3o\",\"internet\",\"metaverso\",\"tecnologia\"],\"articleSection\":[\"Tecnologia &amp; Inova\u00e7\u00e3o\"],\"inLanguage\":\"pt-BR\",\"potentialAction\":[{\"@type\":\"CommentAction\",\"name\":\"Comment\",\"target\":[\"https:\/\/jornalfatosenoticias.com.br\/index.php\/2023\/01\/05\/voces-estao-prontos-para-o-ano-do-metaverso\/#respond\"]}]},{\"@type\":\"WebPage\",\"@id\":\"https:\/\/jornalfatosenoticias.com.br\/index.php\/2023\/01\/05\/voces-estao-prontos-para-o-ano-do-metaverso\/\",\"url\":\"https:\/\/jornalfatosenoticias.com.br\/index.php\/2023\/01\/05\/voces-estao-prontos-para-o-ano-do-metaverso\/\",\"name\":\"Voc\u00eas est\u00e3o prontos para o ano do metaverso? - Jornal Fatos e Not\u00edcias\",\"isPartOf\":{\"@id\":\"https:\/\/jornalfatosenoticias.com.br\/#website\"},\"primaryImageOfPage\":{\"@id\":\"https:\/\/jornalfatosenoticias.com.br\/index.php\/2023\/01\/05\/voces-estao-prontos-para-o-ano-do-metaverso\/#primaryimage\"},\"image\":{\"@id\":\"https:\/\/jornalfatosenoticias.com.br\/index.php\/2023\/01\/05\/voces-estao-prontos-para-o-ano-do-metaverso\/#primaryimage\"},\"thumbnailUrl\":\"https:\/\/jornalfatosenoticias.com.br\/wp-content\/uploads\/2023\/01\/metaverso_shutterstock.jpg\",\"datePublished\":\"2023-01-05T14:43:04+00:00\",\"dateModified\":\"2023-01-05T14:43:05+00:00\",\"breadcrumb\":{\"@id\":\"https:\/\/jornalfatosenoticias.com.br\/index.php\/2023\/01\/05\/voces-estao-prontos-para-o-ano-do-metaverso\/#breadcrumb\"},\"inLanguage\":\"pt-BR\",\"potentialAction\":[{\"@type\":\"ReadAction\",\"target\":[\"https:\/\/jornalfatosenoticias.com.br\/index.php\/2023\/01\/05\/voces-estao-prontos-para-o-ano-do-metaverso\/\"]}]},{\"@type\":\"ImageObject\",\"inLanguage\":\"pt-BR\",\"@id\":\"https:\/\/jornalfatosenoticias.com.br\/index.php\/2023\/01\/05\/voces-estao-prontos-para-o-ano-do-metaverso\/#primaryimage\",\"url\":\"https:\/\/jornalfatosenoticias.com.br\/wp-content\/uploads\/2023\/01\/metaverso_shutterstock.jpg\",\"contentUrl\":\"https:\/\/jornalfatosenoticias.com.br\/wp-content\/uploads\/2023\/01\/metaverso_shutterstock.jpg\",\"width\":1000,\"height\":667},{\"@type\":\"BreadcrumbList\",\"@id\":\"https:\/\/jornalfatosenoticias.com.br\/index.php\/2023\/01\/05\/voces-estao-prontos-para-o-ano-do-metaverso\/#breadcrumb\",\"itemListElement\":[{\"@type\":\"ListItem\",\"position\":1,\"name\":\"In\u00edcio\",\"item\":\"https:\/\/jornalfatosenoticias.com.br\/\"},{\"@type\":\"ListItem\",\"position\":2,\"name\":\"Voc\u00eas est\u00e3o prontos para o ano do metaverso?\"}]},{\"@type\":\"WebSite\",\"@id\":\"https:\/\/jornalfatosenoticias.com.br\/#website\",\"url\":\"https:\/\/jornalfatosenoticias.com.br\/\",\"name\":\"Jornal Fatos e Not\u00edcias\",\"description\":\"Not\u00edcias em geral\",\"publisher\":{\"@id\":\"https:\/\/jornalfatosenoticias.com.br\/#organization\"},\"potentialAction\":[{\"@type\":\"SearchAction\",\"target\":{\"@type\":\"EntryPoint\",\"urlTemplate\":\"https:\/\/jornalfatosenoticias.com.br\/?s={search_term_string}\"},\"query-input\":{\"@type\":\"PropertyValueSpecification\",\"valueRequired\":true,\"valueName\":\"search_term_string\"}}],\"inLanguage\":\"pt-BR\"},{\"@type\":\"Organization\",\"@id\":\"https:\/\/jornalfatosenoticias.com.br\/#organization\",\"name\":\"Jornal Fatos e Not\u00edcias\",\"url\":\"https:\/\/jornalfatosenoticias.com.br\/\",\"logo\":{\"@type\":\"ImageObject\",\"inLanguage\":\"pt-BR\",\"@id\":\"https:\/\/jornalfatosenoticias.com.br\/#\/schema\/logo\/image\/\",\"url\":\"https:\/\/jornalfatosenoticias.com.br\/wp-content\/uploads\/2020\/02\/logo120.png\",\"contentUrl\":\"https:\/\/jornalfatosenoticias.com.br\/wp-content\/uploads\/2020\/02\/logo120.png\",\"width\":1227,\"height\":120,\"caption\":\"Jornal Fatos e Not\u00edcias\"},\"image\":{\"@id\":\"https:\/\/jornalfatosenoticias.com.br\/#\/schema\/logo\/image\/\"}},{\"@type\":\"Person\",\"@id\":\"https:\/\/jornalfatosenoticias.com.br\/#\/schema\/person\/d63837fa13ac8666eb9e74e0985d6f81\",\"name\":\"Luzimara Fernandes\",\"image\":{\"@type\":\"ImageObject\",\"inLanguage\":\"pt-BR\",\"@id\":\"https:\/\/jornalfatosenoticias.com.br\/#\/schema\/person\/image\/\",\"url\":\"https:\/\/jornalfatosenoticias.com.br\/wp-content\/uploads\/2025\/05\/EU_portal.jpg\",\"contentUrl\":\"https:\/\/jornalfatosenoticias.com.br\/wp-content\/uploads\/2025\/05\/EU_portal.jpg\",\"caption\":\"Luzimara Fernandes\"},\"description\":\"Jornalista MTB 2358-ES\",\"sameAs\":[\"https:\/\/jornalfatosenoticias.com.br\"],\"url\":\"https:\/\/jornalfatosenoticias.com.br\/index.php\/author\/luzimara\/\"}]}<\/script>\n<!-- \/ Yoast SEO plugin. -->","yoast_head_json":{"title":"Voc\u00eas est\u00e3o prontos para o ano do metaverso? - Jornal Fatos e Not\u00edcias","robots":{"index":"index","follow":"follow","max-snippet":"max-snippet:-1","max-image-preview":"max-image-preview:large","max-video-preview":"max-video-preview:-1"},"canonical":"https:\/\/jornalfatosenoticias.com.br\/index.php\/2023\/01\/05\/voces-estao-prontos-para-o-ano-do-metaverso\/","og_locale":"pt_BR","og_type":"article","og_title":"Voc\u00eas est\u00e3o prontos para o ano do metaverso? - Jornal Fatos e Not\u00edcias","og_description":"Por F\u00e1bio Costa, CEO da Ag\u00eancia Casa Mais Muito se fala sobre esse novo cap\u00edtulo da internet, mas pouco questionamos o que de fato importa: estamos preparados para o metaverso? As demandas do mercado est\u00e3o sendo ouvidas quando falamos nessa\u00a0tecnologia? Pois hoje resolvi falar um pouco mais sobre essa nova fase do metaverso que estamos, [&hellip;]","og_url":"https:\/\/jornalfatosenoticias.com.br\/index.php\/2023\/01\/05\/voces-estao-prontos-para-o-ano-do-metaverso\/","og_site_name":"Jornal Fatos e Not\u00edcias","article_published_time":"2023-01-05T14:43:04+00:00","article_modified_time":"2023-01-05T14:43:05+00:00","og_image":[{"width":1000,"height":667,"url":"https:\/\/jornalfatosenoticias.com.br\/wp-content\/uploads\/2023\/01\/metaverso_shutterstock.jpg","type":"image\/jpeg"}],"author":"Luzimara Fernandes","twitter_card":"summary_large_image","twitter_misc":{"Escrito por":"Luzimara Fernandes","Est. tempo de leitura":"2 minutos"},"schema":{"@context":"https:\/\/schema.org","@graph":[{"@type":"Article","@id":"https:\/\/jornalfatosenoticias.com.br\/index.php\/2023\/01\/05\/voces-estao-prontos-para-o-ano-do-metaverso\/#article","isPartOf":{"@id":"https:\/\/jornalfatosenoticias.com.br\/index.php\/2023\/01\/05\/voces-estao-prontos-para-o-ano-do-metaverso\/"},"author":{"name":"Luzimara Fernandes","@id":"https:\/\/jornalfatosenoticias.com.br\/#\/schema\/person\/d63837fa13ac8666eb9e74e0985d6f81"},"headline":"Voc\u00eas est\u00e3o prontos para o ano do metaverso?","datePublished":"2023-01-05T14:43:04+00:00","dateModified":"2023-01-05T14:43:05+00:00","mainEntityOfPage":{"@id":"https:\/\/jornalfatosenoticias.com.br\/index.php\/2023\/01\/05\/voces-estao-prontos-para-o-ano-do-metaverso\/"},"wordCount":377,"commentCount":0,"publisher":{"@id":"https:\/\/jornalfatosenoticias.com.br\/#organization"},"image":{"@id":"https:\/\/jornalfatosenoticias.com.br\/index.php\/2023\/01\/05\/voces-estao-prontos-para-o-ano-do-metaverso\/#primaryimage"},"thumbnailUrl":"https:\/\/jornalfatosenoticias.com.br\/wp-content\/uploads\/2023\/01\/metaverso_shutterstock.jpg","keywords":["inova\u00e7\u00e3o","internet","metaverso","tecnologia"],"articleSection":["Tecnologia &amp; Inova\u00e7\u00e3o"],"inLanguage":"pt-BR","potentialAction":[{"@type":"CommentAction","name":"Comment","target":["https:\/\/jornalfatosenoticias.com.br\/index.php\/2023\/01\/05\/voces-estao-prontos-para-o-ano-do-metaverso\/#respond"]}]},{"@type":"WebPage","@id":"https:\/\/jornalfatosenoticias.com.br\/index.php\/2023\/01\/05\/voces-estao-prontos-para-o-ano-do-metaverso\/","url":"https:\/\/jornalfatosenoticias.com.br\/index.php\/2023\/01\/05\/voces-estao-prontos-para-o-ano-do-metaverso\/","name":"Voc\u00eas est\u00e3o prontos para o ano do metaverso? - Jornal Fatos e Not\u00edcias","isPartOf":{"@id":"https:\/\/jornalfatosenoticias.com.br\/#website"},"primaryImageOfPage":{"@id":"https:\/\/jornalfatosenoticias.com.br\/index.php\/2023\/01\/05\/voces-estao-prontos-para-o-ano-do-metaverso\/#primaryimage"},"image":{"@id":"https:\/\/jornalfatosenoticias.com.br\/index.php\/2023\/01\/05\/voces-estao-prontos-para-o-ano-do-metaverso\/#primaryimage"},"thumbnailUrl":"https:\/\/jornalfatosenoticias.com.br\/wp-content\/uploads\/2023\/01\/metaverso_shutterstock.jpg","datePublished":"2023-01-05T14:43:04+00:00","dateModified":"2023-01-05T14:43:05+00:00","breadcrumb":{"@id":"https:\/\/jornalfatosenoticias.com.br\/index.php\/2023\/01\/05\/voces-estao-prontos-para-o-ano-do-metaverso\/#breadcrumb"},"inLanguage":"pt-BR","potentialAction":[{"@type":"ReadAction","target":["https:\/\/jornalfatosenoticias.com.br\/index.php\/2023\/01\/05\/voces-estao-prontos-para-o-ano-do-metaverso\/"]}]},{"@type":"ImageObject","inLanguage":"pt-BR","@id":"https:\/\/jornalfatosenoticias.com.br\/index.php\/2023\/01\/05\/voces-estao-prontos-para-o-ano-do-metaverso\/#primaryimage","url":"https:\/\/jornalfatosenoticias.com.br\/wp-content\/uploads\/2023\/01\/metaverso_shutterstock.jpg","contentUrl":"https:\/\/jornalfatosenoticias.com.br\/wp-content\/uploads\/2023\/01\/metaverso_shutterstock.jpg","width":1000,"height":667},{"@type":"BreadcrumbList","@id":"https:\/\/jornalfatosenoticias.com.br\/index.php\/2023\/01\/05\/voces-estao-prontos-para-o-ano-do-metaverso\/#breadcrumb","itemListElement":[{"@type":"ListItem","position":1,"name":"In\u00edcio","item":"https:\/\/jornalfatosenoticias.com.br\/"},{"@type":"ListItem","position":2,"name":"Voc\u00eas est\u00e3o prontos para o ano do metaverso?"}]},{"@type":"WebSite","@id":"https:\/\/jornalfatosenoticias.com.br\/#website","url":"https:\/\/jornalfatosenoticias.com.br\/","name":"Jornal Fatos e Not\u00edcias","description":"Not\u00edcias em geral","publisher":{"@id":"https:\/\/jornalfatosenoticias.com.br\/#organization"},"potentialAction":[{"@type":"SearchAction","target":{"@type":"EntryPoint","urlTemplate":"https:\/\/jornalfatosenoticias.com.br\/?s={search_term_string}"},"query-input":{"@type":"PropertyValueSpecification","valueRequired":true,"valueName":"search_term_string"}}],"inLanguage":"pt-BR"},{"@type":"Organization","@id":"https:\/\/jornalfatosenoticias.com.br\/#organization","name":"Jornal Fatos e Not\u00edcias","url":"https:\/\/jornalfatosenoticias.com.br\/","logo":{"@type":"ImageObject","inLanguage":"pt-BR","@id":"https:\/\/jornalfatosenoticias.com.br\/#\/schema\/logo\/image\/","url":"https:\/\/jornalfatosenoticias.com.br\/wp-content\/uploads\/2020\/02\/logo120.png","contentUrl":"https:\/\/jornalfatosenoticias.com.br\/wp-content\/uploads\/2020\/02\/logo120.png","width":1227,"height":120,"caption":"Jornal Fatos e Not\u00edcias"},"image":{"@id":"https:\/\/jornalfatosenoticias.com.br\/#\/schema\/logo\/image\/"}},{"@type":"Person","@id":"https:\/\/jornalfatosenoticias.com.br\/#\/schema\/person\/d63837fa13ac8666eb9e74e0985d6f81","name":"Luzimara Fernandes","image":{"@type":"ImageObject","inLanguage":"pt-BR","@id":"https:\/\/jornalfatosenoticias.com.br\/#\/schema\/person\/image\/","url":"https:\/\/jornalfatosenoticias.com.br\/wp-content\/uploads\/2025\/05\/EU_portal.jpg","contentUrl":"https:\/\/jornalfatosenoticias.com.br\/wp-content\/uploads\/2025\/05\/EU_portal.jpg","caption":"Luzimara Fernandes"},"description":"Jornalista MTB 2358-ES","sameAs":["https:\/\/jornalfatosenoticias.com.br"],"url":"https:\/\/jornalfatosenoticias.com.br\/index.php\/author\/luzimara\/"}]}},"cc_featured_image_caption":{"caption_text":"(Foto: Shutterstock)","source_text":"","source_url":""},"jetpack_featured_media_url":"https:\/\/jornalfatosenoticias.com.br\/wp-content\/uploads\/2023\/01\/metaverso_shutterstock.jpg","_links":{"self":[{"href":"https:\/\/jornalfatosenoticias.com.br\/index.php\/wp-json\/wp\/v2\/posts\/37558","targetHints":{"allow":["GET"]}}],"collection":[{"href":"https:\/\/jornalfatosenoticias.com.br\/index.php\/wp-json\/wp\/v2\/posts"}],"about":[{"href":"https:\/\/jornalfatosenoticias.com.br\/index.php\/wp-json\/wp\/v2\/types\/post"}],"author":[{"embeddable":true,"href":"https:\/\/jornalfatosenoticias.com.br\/index.php\/wp-json\/wp\/v2\/users\/2"}],"replies":[{"embeddable":true,"href":"https:\/\/jornalfatosenoticias.com.br\/index.php\/wp-json\/wp\/v2\/comments?post=37558"}],"version-history":[{"count":0,"href":"https:\/\/jornalfatosenoticias.com.br\/index.php\/wp-json\/wp\/v2\/posts\/37558\/revisions"}],"wp:featuredmedia":[{"embeddable":true,"href":"https:\/\/jornalfatosenoticias.com.br\/index.php\/wp-json\/wp\/v2\/media\/37559"}],"wp:attachment":[{"href":"https:\/\/jornalfatosenoticias.com.br\/index.php\/wp-json\/wp\/v2\/media?parent=37558"}],"wp:term":[{"taxonomy":"category","embeddable":true,"href":"https:\/\/jornalfatosenoticias.com.br\/index.php\/wp-json\/wp\/v2\/categories?post=37558"},{"taxonomy":"post_tag","embeddable":true,"href":"https:\/\/jornalfatosenoticias.com.br\/index.php\/wp-json\/wp\/v2\/tags?post=37558"}],"curies":[{"name":"wp","href":"https:\/\/api.w.org\/{rel}","templated":true}]}}