{"id":37604,"date":"2023-01-06T12:11:51","date_gmt":"2023-01-06T15:11:51","guid":{"rendered":"https:\/\/jornalfatosenoticias.com.br\/?p=37604"},"modified":"2023-01-06T12:11:59","modified_gmt":"2023-01-06T15:11:59","slug":"evo-morales-e-denunciado-por-atentado-contra-integridade-territorial-do-peru","status":"publish","type":"post","link":"https:\/\/jornalfatosenoticias.com.br\/index.php\/2023\/01\/06\/evo-morales-e-denunciado-por-atentado-contra-integridade-territorial-do-peru\/","title":{"rendered":"Evo Morales \u00e9 denunciado por \u201catentado contra integridade\u201d territorial do Peru"},"content":{"rendered":"\n<p><em><span class=\"has-inline-color has-black-color\">Morales foi denunciado ao Minist\u00e9rio P\u00fablico por parlamentar peruano por supostamente estimular a separa\u00e7\u00e3o de regi\u00f5es do pa\u00eds vizinho<\/span><\/em><\/p>\n\n\n\n<div class=\"wp-block-image\"><figure class=\"aligncenter size-large\"><img loading=\"lazy\" decoding=\"async\" width=\"729\" height=\"90\" src=\"https:\/\/jornalfatosenoticias.com.br\/wp-content\/uploads\/2020\/02\/Logo_Mizu.png\" alt=\"\" class=\"wp-image-1441\" srcset=\"https:\/\/jornalfatosenoticias.com.br\/wp-content\/uploads\/2020\/02\/Logo_Mizu.png 729w, https:\/\/jornalfatosenoticias.com.br\/wp-content\/uploads\/2020\/02\/Logo_Mizu-300x37.png 300w\" sizes=\"auto, (max-width: 729px) 100vw, 729px\" \/><\/figure><\/div>\n\n\n\n<p>O ex-presidente da Bol\u00edvia, Evo Morales, foi denunciado ao Minist\u00e9rio P\u00fablico do Peru pelo congressista peruano Jorge Montoya, nesta quinta-feira (5), por supostamente cometer crimes contra a seguran\u00e7a nacional e trai\u00e7\u00e3o \u00e0 p\u00e1tria, sob a forma de \u201cataques contra a integridade nacional\u201d.<\/p>\n\n\n\n<div class=\"wp-block-image\"><figure class=\"aligncenter size-large is-resized\"><img loading=\"lazy\" decoding=\"async\" src=\"https:\/\/jornalfatosenoticias.com.br\/wp-content\/uploads\/2020\/02\/casa-do-torresmo_portal.jpg\" alt=\"\" class=\"wp-image-34472\" width=\"257\" height=\"257\" srcset=\"https:\/\/jornalfatosenoticias.com.br\/wp-content\/uploads\/2020\/02\/casa-do-torresmo_portal.jpg 300w, https:\/\/jornalfatosenoticias.com.br\/wp-content\/uploads\/2020\/02\/casa-do-torresmo_portal-150x150.jpg 150w\" sizes=\"auto, (max-width: 257px) 100vw, 257px\" \/><\/figure><\/div>\n\n\n\n<p>Montoya, representante do partido conservador Renova\u00e7\u00e3o Popular e ex-comandante das for\u00e7as armadas, relatou na sua conta do Twitter que \u201cdenunciou criminalmente\u201d Morales ao gabinete da procuradora-geral do Peru, Patricia Benavides.<\/p>\n\n\n\n<div class=\"wp-block-image\"><figure class=\"aligncenter size-large\"><img loading=\"lazy\" decoding=\"async\" width=\"1024\" height=\"103\" src=\"https:\/\/jornalfatosenoticias.com.br\/wp-content\/uploads\/2020\/02\/Arte-Autoescola-Galatas_endereco_portal-1024x103.png\" alt=\"\" class=\"wp-image-1451\" srcset=\"https:\/\/jornalfatosenoticias.com.br\/wp-content\/uploads\/2020\/02\/Arte-Autoescola-Galatas_endereco_portal-1024x103.png 1024w, https:\/\/jornalfatosenoticias.com.br\/wp-content\/uploads\/2020\/02\/Arte-Autoescola-Galatas_endereco_portal-300x30.png 300w, https:\/\/jornalfatosenoticias.com.br\/wp-content\/uploads\/2020\/02\/Arte-Autoescola-Galatas_endereco_portal-768x77.png 768w, https:\/\/jornalfatosenoticias.com.br\/wp-content\/uploads\/2020\/02\/Arte-Autoescola-Galatas_endereco_portal.png 1223w\" sizes=\"auto, (max-width: 1024px) 100vw, 1024px\" \/><\/figure><\/div>\n\n\n\n<p>O congressista incluiu na sua acusa\u00e7\u00e3o o ex-governador da regi\u00e3o de Puno Germ\u00e1n Alejo Apaza e o ex-governador da regi\u00e3o de Jun\u00edn Vladimir Cerr\u00f3n, secret\u00e1rio-geral do partido marxista Peru Livre.<\/p>\n\n\n\n<div class=\"wp-block-image\"><figure class=\"aligncenter size-large\"><img loading=\"lazy\" decoding=\"async\" width=\"300\" height=\"250\" src=\"https:\/\/jornalfatosenoticias.com.br\/wp-content\/uploads\/2022\/08\/arte-Casarao.jpg\" alt=\"\" class=\"wp-image-33178\"\/><\/figure><\/div>\n\n\n\n<p>Almirante aposentado da marinha peruana que foi chefe das for\u00e7as armadas, Montoya tamb\u00e9m acusa Apaza de cometer crime de usurpa\u00e7\u00e3o de poder, por supostamente ter promovido a presen\u00e7a de Morales em Puno.<\/p>\n\n\n\n<div class=\"wp-block-image\"><figure class=\"aligncenter size-large\"><img decoding=\"async\" src=\"https:\/\/jornalfatosenoticias.com.br\/wp-content\/uploads\/2020\/02\/Serra-Grande-1024x160.png\" alt=\"\" class=\"wp-image-7836\"\/><\/figure><\/div>\n\n\n\n<p>Al\u00e9m disso, foi acusado de ter \u201cfacilitado\u201d uma ordem regional em 2019 para que Puno pudesse estabelecer \u201cpol\u00edticas de integra\u00e7\u00e3o\u201d com povos nativos de outros pa\u00edses.<\/p>\n\n\n\n<div class=\"wp-block-image\"><figure class=\"aligncenter size-large is-resized\"><img loading=\"lazy\" decoding=\"async\" src=\"https:\/\/jornalfatosenoticias.com.br\/wp-content\/uploads\/2022\/07\/Logo-Grupo-SEI.jpg\" alt=\"\" class=\"wp-image-31973\" width=\"263\" height=\"138\" srcset=\"https:\/\/jornalfatosenoticias.com.br\/wp-content\/uploads\/2022\/07\/Logo-Grupo-SEI.jpg 713w, https:\/\/jornalfatosenoticias.com.br\/wp-content\/uploads\/2022\/07\/Logo-Grupo-SEI-300x158.jpg 300w\" sizes=\"auto, (max-width: 263px) 100vw, 263px\" \/><\/figure><\/div>\n\n\n\n<p>Cerr\u00f3n \u00e9 acusado pelas suas publica\u00e7\u00f5es no Twitter, uma delas na qual diz que \u201cvamos nos federalizar na Assembleia Constituinte ou o caminho para a secess\u00e3o do pa\u00eds est\u00e1 aberto\u201d.<\/p>\n\n\n\n<div class=\"wp-block-image\"><figure class=\"aligncenter size-large\"><img loading=\"lazy\" decoding=\"async\" width=\"1024\" height=\"100\" src=\"https:\/\/jornalfatosenoticias.com.br\/wp-content\/uploads\/2020\/02\/banner_ferramentas-1024x100.jpg\" alt=\"\" class=\"wp-image-1258\" srcset=\"https:\/\/jornalfatosenoticias.com.br\/wp-content\/uploads\/2020\/02\/banner_ferramentas-1024x100.jpg 1024w, https:\/\/jornalfatosenoticias.com.br\/wp-content\/uploads\/2020\/02\/banner_ferramentas-300x29.jpg 300w, https:\/\/jornalfatosenoticias.com.br\/wp-content\/uploads\/2020\/02\/banner_ferramentas-768x75.jpg 768w, https:\/\/jornalfatosenoticias.com.br\/wp-content\/uploads\/2020\/02\/banner_ferramentas.jpg 1227w\" sizes=\"auto, (max-width: 1024px) 100vw, 1024px\" \/><\/figure><\/div>\n\n\n\n<p>Antes de apresentar a den\u00fancia, Montoya disse aos jornalistas que \u201cqualquer pessoa que ataque a soberania nacional deve ser sancionada e retirada do pa\u00eds ou colocada atr\u00e1s das grades\u201d.<\/p>\n\n\n\n<div class=\"wp-block-image\"><figure class=\"aligncenter size-large is-resized\"><img loading=\"lazy\" decoding=\"async\" src=\"https:\/\/jornalfatosenoticias.com.br\/wp-content\/uploads\/2022\/08\/logo-locau-veiculos-1024x573.png\" alt=\"\" class=\"wp-image-33078\" width=\"314\" height=\"175\"\/><\/figure><\/div>\n\n\n\n<p>Cerr\u00f3n respondeu no Twitter que h\u00e1 uma \u201cpersegui\u00e7\u00e3o paranoica\u201d por parte dos advers\u00e1rios, que querem \u201cintimid\u00e1-lo\u201d, mas escreveu que \u201co povo vai ganhar\u201d.<\/p>\n\n\n\n<div class=\"wp-block-image\"><figure class=\"aligncenter size-large is-resized\"><img loading=\"lazy\" decoding=\"async\" src=\"https:\/\/jornalfatosenoticias.com.br\/wp-content\/uploads\/2022\/02\/Precisao-Contabilidade-1024x724.jpg\" alt=\"\" class=\"wp-image-28088\" width=\"303\" height=\"214\"\/><\/figure><\/div>\n\n\n\n<figure class=\"wp-block-pullquote\"><blockquote><p><span class=\"has-inline-color has-luminous-vivid-orange-color\">Ao querer proibir Evo Morales de entrar no pa\u00eds, a direita fascista ainda n\u00e3o aprendeu que as ideias n\u00e3o deixam de ser ou de existir devido a proibi\u00e7\u00f5es, normas, decretos etc. Pelo contr\u00e1rio, elas se tornam mais expectantes\u201d, analisou.<\/span><\/p><\/blockquote><\/figure>\n\n\n\n<div class=\"wp-block-image\"><figure class=\"aligncenter size-large\"><img decoding=\"async\" src=\"https:\/\/jornalfatosenoticias.com.br\/wp-content\/uploads\/2020\/02\/logo-embacia-1-1024x110.jpg\" alt=\"\" class=\"wp-image-33954\"\/><\/figure><\/div>\n\n\n\n<p>Evo Morales manteve uma presen\u00e7a ativa no Peru, sobretudo nas regi\u00f5es do sul do pa\u00eds, durante o governo de Pedro Castillo (2021-2022) com o objetivo de fomentar a integra\u00e7\u00e3o de regi\u00f5es como Puno ao projeto Runasur, a plataforma internacional de movimentos sociais e ind\u00edgenas que promove.<\/p>\n\n\n\n<div class=\"wp-block-image\"><figure class=\"aligncenter size-large is-resized\"><img loading=\"lazy\" decoding=\"async\" src=\"https:\/\/jornalfatosenoticias.com.br\/wp-content\/uploads\/2020\/02\/logo-clinica-limoeiro.jpg\" alt=\"\" class=\"wp-image-34610\" width=\"309\" height=\"219\"\/><\/figure><\/div>\n\n\n\n<p>O ex-governante tem estado muito ativo nas redes sociais com opini\u00f5es sobre a crise no Peru e mensagens em defesa de Castillo, desde que o agora ex-presidente peruano foi destitu\u00eddo pelo Congresso, ap\u00f3s uma tentativa de golpe de Estado em 7 de dezembro.<\/p>\n\n\n\n<div class=\"wp-block-image\"><figure class=\"aligncenter size-large\"><img loading=\"lazy\" decoding=\"async\" width=\"1024\" height=\"109\" src=\"https:\/\/jornalfatosenoticias.com.br\/wp-content\/uploads\/2020\/02\/Propaganda-RC-Radiadores-Jornal_page-0001-1024x109.jpg\" alt=\"\" class=\"wp-image-35278\" srcset=\"https:\/\/jornalfatosenoticias.com.br\/wp-content\/uploads\/2020\/02\/Propaganda-RC-Radiadores-Jornal_page-0001-1024x109.jpg 1024w, https:\/\/jornalfatosenoticias.com.br\/wp-content\/uploads\/2020\/02\/Propaganda-RC-Radiadores-Jornal_page-0001-300x32.jpg 300w, https:\/\/jornalfatosenoticias.com.br\/wp-content\/uploads\/2020\/02\/Propaganda-RC-Radiadores-Jornal_page-0001-768x82.jpg 768w, https:\/\/jornalfatosenoticias.com.br\/wp-content\/uploads\/2020\/02\/Propaganda-RC-Radiadores-Jornal_page-0001.jpg 1220w\" sizes=\"auto, (max-width: 1024px) 100vw, 1024px\" \/><\/figure><\/div>\n\n\n\n<p>A presidente peruana, Dina Boluarte, que substituiu Castillo pela sucess\u00e3o constitucional, anunciou na quarta-feira que analisa com a autoridade de imigra\u00e7\u00e3o \u201ca situa\u00e7\u00e3o de entrada\u201d de Morales em seu pa\u00eds, pois ele n\u00e3o pode \u201cintervir em quest\u00f5es internas\u201d.<\/p>\n\n\n\n<div class=\"wp-block-image\"><figure class=\"aligncenter size-large\"><img decoding=\"async\" src=\"https:\/\/jornalfatosenoticias.com.br\/wp-content\/uploads\/2020\/02\/barao-das-carnes-300x164-1.jpg\" alt=\"\" class=\"wp-image-34339\"\/><\/figure><\/div>\n\n\n\n<figure class=\"wp-block-pullquote\"><blockquote><p><span class=\"has-inline-color has-luminous-vivid-orange-color\">No Peru, temos o direito de tecer a nossa pr\u00f3pria hist\u00f3ria. Ningu\u00e9m, pessoas de fora do territ\u00f3rio nacional, deveria vir e querer intervir para tecer a nossa hist\u00f3ria\u201d, argumentou.<\/span><\/p><\/blockquote><\/figure>\n\n\n\n<div class=\"wp-block-image\"><figure class=\"aligncenter size-large\"><img loading=\"lazy\" decoding=\"async\" width=\"1024\" height=\"100\" src=\"https:\/\/jornalfatosenoticias.com.br\/wp-content\/uploads\/2022\/05\/NOVA-LOGO-CESCONETTO-1024x100.jpg\" alt=\"\" class=\"wp-image-30792\" srcset=\"https:\/\/jornalfatosenoticias.com.br\/wp-content\/uploads\/2022\/05\/NOVA-LOGO-CESCONETTO-1024x100.jpg 1024w, https:\/\/jornalfatosenoticias.com.br\/wp-content\/uploads\/2022\/05\/NOVA-LOGO-CESCONETTO-300x29.jpg 300w, https:\/\/jornalfatosenoticias.com.br\/wp-content\/uploads\/2022\/05\/NOVA-LOGO-CESCONETTO-768x75.jpg 768w, https:\/\/jornalfatosenoticias.com.br\/wp-content\/uploads\/2022\/05\/NOVA-LOGO-CESCONETTO.jpg 1280w\" sizes=\"auto, (max-width: 1024px) 100vw, 1024px\" \/><\/figure><\/div>\n\n\n\n<p>Em novembro de 2021, o Comit\u00ea de Rela\u00e7\u00f5es Exteriores do Congresso declarou Morales persona non grata \u201cpelo seu ativismo pol\u00edtico negativo no Peru e pela sua \u00f3bvia interfer\u00eancia e inger\u00eancia na agenda do governo\u201d de Castillo.<\/p>\n\n\n\n<p><strong><em>Fonte: <a href=\"https:\/\/www.gazetadopovo.com.br\/mundo\/evo-morales-e-denunciado-por-atentado-contra-integridade-territorial-do-peru\/\">Gazeta do Povo<\/a><\/em><\/strong><\/p>\n","protected":false},"excerpt":{"rendered":"<p>Morales foi denunciado ao Minist\u00e9rio P\u00fablico por parlamentar peruano por supostamente estimular a separa\u00e7\u00e3o de regi\u00f5es do pa\u00eds vizinho O ex-presidente da Bol\u00edvia, Evo Morales, foi denunciado ao Minist\u00e9rio P\u00fablico do Peru pelo congressista peruano Jorge Montoya, nesta quinta-feira (5), por supostamente cometer crimes contra a seguran\u00e7a nacional e trai\u00e7\u00e3o \u00e0 p\u00e1tria, sob a forma [&hellip;]<\/p>\n","protected":false},"author":2,"featured_media":37605,"comment_status":"open","ping_status":"open","sticky":false,"template":"","format":"standard","meta":{"footnotes":""},"categories":[41],"tags":[2129,5472,1001,1354],"class_list":["post-37604","post","type-post","status-publish","format-standard","has-post-thumbnail","hentry","category-internacional","tag-corrupcao","tag-evo-morales","tag-peru","tag-prisao"],"yoast_head":"<!-- This site is optimized with the Yoast SEO plugin v26.5 - https:\/\/yoast.com\/wordpress\/plugins\/seo\/ -->\n<title>Evo Morales \u00e9 denunciado por \u201catentado contra integridade\u201d territorial do Peru - Jornal Fatos e Not\u00edcias<\/title>\n<meta name=\"robots\" content=\"index, follow, max-snippet:-1, max-image-preview:large, max-video-preview:-1\" \/>\n<link rel=\"canonical\" href=\"https:\/\/jornalfatosenoticias.com.br\/index.php\/2023\/01\/06\/evo-morales-e-denunciado-por-atentado-contra-integridade-territorial-do-peru\/\" \/>\n<meta property=\"og:locale\" content=\"pt_BR\" \/>\n<meta property=\"og:type\" content=\"article\" \/>\n<meta property=\"og:title\" content=\"Evo Morales \u00e9 denunciado por \u201catentado contra integridade\u201d territorial do Peru - Jornal Fatos e Not\u00edcias\" \/>\n<meta property=\"og:description\" content=\"Morales foi denunciado ao Minist\u00e9rio P\u00fablico por parlamentar peruano por supostamente estimular a separa\u00e7\u00e3o de regi\u00f5es do pa\u00eds vizinho O ex-presidente da Bol\u00edvia, Evo Morales, foi denunciado ao Minist\u00e9rio P\u00fablico do Peru pelo congressista peruano Jorge Montoya, nesta quinta-feira (5), por supostamente cometer crimes contra a seguran\u00e7a nacional e trai\u00e7\u00e3o \u00e0 p\u00e1tria, sob a forma [&hellip;]\" \/>\n<meta property=\"og:url\" content=\"https:\/\/jornalfatosenoticias.com.br\/index.php\/2023\/01\/06\/evo-morales-e-denunciado-por-atentado-contra-integridade-territorial-do-peru\/\" \/>\n<meta property=\"og:site_name\" content=\"Jornal Fatos e Not\u00edcias\" \/>\n<meta property=\"article:published_time\" content=\"2023-01-06T15:11:51+00:00\" \/>\n<meta property=\"article:modified_time\" content=\"2023-01-06T15:11:59+00:00\" \/>\n<meta property=\"og:image\" content=\"https:\/\/jornalfatosenoticias.com.br\/wp-content\/uploads\/2023\/01\/evo-morales.jpg\" \/>\n\t<meta property=\"og:image:width\" content=\"1000\" \/>\n\t<meta property=\"og:image:height\" content=\"562\" \/>\n\t<meta property=\"og:image:type\" content=\"image\/jpeg\" \/>\n<meta name=\"author\" content=\"Luzimara Fernandes\" \/>\n<meta name=\"twitter:card\" content=\"summary_large_image\" \/>\n<meta name=\"twitter:label1\" content=\"Escrito por\" \/>\n\t<meta name=\"twitter:data1\" content=\"Luzimara Fernandes\" \/>\n\t<meta name=\"twitter:label2\" content=\"Est. tempo de leitura\" \/>\n\t<meta name=\"twitter:data2\" content=\"3 minutos\" \/>\n<script type=\"application\/ld+json\" class=\"yoast-schema-graph\">{\"@context\":\"https:\/\/schema.org\",\"@graph\":[{\"@type\":\"Article\",\"@id\":\"https:\/\/jornalfatosenoticias.com.br\/index.php\/2023\/01\/06\/evo-morales-e-denunciado-por-atentado-contra-integridade-territorial-do-peru\/#article\",\"isPartOf\":{\"@id\":\"https:\/\/jornalfatosenoticias.com.br\/index.php\/2023\/01\/06\/evo-morales-e-denunciado-por-atentado-contra-integridade-territorial-do-peru\/\"},\"author\":{\"name\":\"Luzimara Fernandes\",\"@id\":\"https:\/\/jornalfatosenoticias.com.br\/#\/schema\/person\/d63837fa13ac8666eb9e74e0985d6f81\"},\"headline\":\"Evo Morales \u00e9 denunciado por \u201catentado contra integridade\u201d territorial do Peru\",\"datePublished\":\"2023-01-06T15:11:51+00:00\",\"dateModified\":\"2023-01-06T15:11:59+00:00\",\"mainEntityOfPage\":{\"@id\":\"https:\/\/jornalfatosenoticias.com.br\/index.php\/2023\/01\/06\/evo-morales-e-denunciado-por-atentado-contra-integridade-territorial-do-peru\/\"},\"wordCount\":568,\"commentCount\":0,\"publisher\":{\"@id\":\"https:\/\/jornalfatosenoticias.com.br\/#organization\"},\"image\":{\"@id\":\"https:\/\/jornalfatosenoticias.com.br\/index.php\/2023\/01\/06\/evo-morales-e-denunciado-por-atentado-contra-integridade-territorial-do-peru\/#primaryimage\"},\"thumbnailUrl\":\"https:\/\/jornalfatosenoticias.com.br\/wp-content\/uploads\/2023\/01\/evo-morales.jpg\",\"keywords\":[\"corrup\u00e7\u00e3o\",\"Evo Morales\",\"Peru\",\"pris\u00e3o\"],\"articleSection\":[\"Internacional\"],\"inLanguage\":\"pt-BR\",\"potentialAction\":[{\"@type\":\"CommentAction\",\"name\":\"Comment\",\"target\":[\"https:\/\/jornalfatosenoticias.com.br\/index.php\/2023\/01\/06\/evo-morales-e-denunciado-por-atentado-contra-integridade-territorial-do-peru\/#respond\"]}]},{\"@type\":\"WebPage\",\"@id\":\"https:\/\/jornalfatosenoticias.com.br\/index.php\/2023\/01\/06\/evo-morales-e-denunciado-por-atentado-contra-integridade-territorial-do-peru\/\",\"url\":\"https:\/\/jornalfatosenoticias.com.br\/index.php\/2023\/01\/06\/evo-morales-e-denunciado-por-atentado-contra-integridade-territorial-do-peru\/\",\"name\":\"Evo Morales \u00e9 denunciado por \u201catentado contra integridade\u201d territorial do Peru - Jornal Fatos e Not\u00edcias\",\"isPartOf\":{\"@id\":\"https:\/\/jornalfatosenoticias.com.br\/#website\"},\"primaryImageOfPage\":{\"@id\":\"https:\/\/jornalfatosenoticias.com.br\/index.php\/2023\/01\/06\/evo-morales-e-denunciado-por-atentado-contra-integridade-territorial-do-peru\/#primaryimage\"},\"image\":{\"@id\":\"https:\/\/jornalfatosenoticias.com.br\/index.php\/2023\/01\/06\/evo-morales-e-denunciado-por-atentado-contra-integridade-territorial-do-peru\/#primaryimage\"},\"thumbnailUrl\":\"https:\/\/jornalfatosenoticias.com.br\/wp-content\/uploads\/2023\/01\/evo-morales.jpg\",\"datePublished\":\"2023-01-06T15:11:51+00:00\",\"dateModified\":\"2023-01-06T15:11:59+00:00\",\"breadcrumb\":{\"@id\":\"https:\/\/jornalfatosenoticias.com.br\/index.php\/2023\/01\/06\/evo-morales-e-denunciado-por-atentado-contra-integridade-territorial-do-peru\/#breadcrumb\"},\"inLanguage\":\"pt-BR\",\"potentialAction\":[{\"@type\":\"ReadAction\",\"target\":[\"https:\/\/jornalfatosenoticias.com.br\/index.php\/2023\/01\/06\/evo-morales-e-denunciado-por-atentado-contra-integridade-territorial-do-peru\/\"]}]},{\"@type\":\"ImageObject\",\"inLanguage\":\"pt-BR\",\"@id\":\"https:\/\/jornalfatosenoticias.com.br\/index.php\/2023\/01\/06\/evo-morales-e-denunciado-por-atentado-contra-integridade-territorial-do-peru\/#primaryimage\",\"url\":\"https:\/\/jornalfatosenoticias.com.br\/wp-content\/uploads\/2023\/01\/evo-morales.jpg\",\"contentUrl\":\"https:\/\/jornalfatosenoticias.com.br\/wp-content\/uploads\/2023\/01\/evo-morales.jpg\",\"width\":1000,\"height\":562},{\"@type\":\"BreadcrumbList\",\"@id\":\"https:\/\/jornalfatosenoticias.com.br\/index.php\/2023\/01\/06\/evo-morales-e-denunciado-por-atentado-contra-integridade-territorial-do-peru\/#breadcrumb\",\"itemListElement\":[{\"@type\":\"ListItem\",\"position\":1,\"name\":\"In\u00edcio\",\"item\":\"https:\/\/jornalfatosenoticias.com.br\/\"},{\"@type\":\"ListItem\",\"position\":2,\"name\":\"Evo Morales \u00e9 denunciado por \u201catentado contra integridade\u201d territorial do Peru\"}]},{\"@type\":\"WebSite\",\"@id\":\"https:\/\/jornalfatosenoticias.com.br\/#website\",\"url\":\"https:\/\/jornalfatosenoticias.com.br\/\",\"name\":\"Jornal Fatos e Not\u00edcias\",\"description\":\"Not\u00edcias em geral\",\"publisher\":{\"@id\":\"https:\/\/jornalfatosenoticias.com.br\/#organization\"},\"potentialAction\":[{\"@type\":\"SearchAction\",\"target\":{\"@type\":\"EntryPoint\",\"urlTemplate\":\"https:\/\/jornalfatosenoticias.com.br\/?s={search_term_string}\"},\"query-input\":{\"@type\":\"PropertyValueSpecification\",\"valueRequired\":true,\"valueName\":\"search_term_string\"}}],\"inLanguage\":\"pt-BR\"},{\"@type\":\"Organization\",\"@id\":\"https:\/\/jornalfatosenoticias.com.br\/#organization\",\"name\":\"Jornal Fatos e Not\u00edcias\",\"url\":\"https:\/\/jornalfatosenoticias.com.br\/\",\"logo\":{\"@type\":\"ImageObject\",\"inLanguage\":\"pt-BR\",\"@id\":\"https:\/\/jornalfatosenoticias.com.br\/#\/schema\/logo\/image\/\",\"url\":\"https:\/\/jornalfatosenoticias.com.br\/wp-content\/uploads\/2020\/02\/logo120.png\",\"contentUrl\":\"https:\/\/jornalfatosenoticias.com.br\/wp-content\/uploads\/2020\/02\/logo120.png\",\"width\":1227,\"height\":120,\"caption\":\"Jornal Fatos e Not\u00edcias\"},\"image\":{\"@id\":\"https:\/\/jornalfatosenoticias.com.br\/#\/schema\/logo\/image\/\"}},{\"@type\":\"Person\",\"@id\":\"https:\/\/jornalfatosenoticias.com.br\/#\/schema\/person\/d63837fa13ac8666eb9e74e0985d6f81\",\"name\":\"Luzimara Fernandes\",\"image\":{\"@type\":\"ImageObject\",\"inLanguage\":\"pt-BR\",\"@id\":\"https:\/\/jornalfatosenoticias.com.br\/#\/schema\/person\/image\/\",\"url\":\"https:\/\/jornalfatosenoticias.com.br\/wp-content\/uploads\/2025\/05\/EU_portal.jpg\",\"contentUrl\":\"https:\/\/jornalfatosenoticias.com.br\/wp-content\/uploads\/2025\/05\/EU_portal.jpg\",\"caption\":\"Luzimara Fernandes\"},\"description\":\"Jornalista MTB 2358-ES\",\"sameAs\":[\"https:\/\/jornalfatosenoticias.com.br\"],\"url\":\"https:\/\/jornalfatosenoticias.com.br\/index.php\/author\/luzimara\/\"}]}<\/script>\n<!-- \/ Yoast SEO plugin. -->","yoast_head_json":{"title":"Evo Morales \u00e9 denunciado por \u201catentado contra integridade\u201d territorial do Peru - Jornal Fatos e Not\u00edcias","robots":{"index":"index","follow":"follow","max-snippet":"max-snippet:-1","max-image-preview":"max-image-preview:large","max-video-preview":"max-video-preview:-1"},"canonical":"https:\/\/jornalfatosenoticias.com.br\/index.php\/2023\/01\/06\/evo-morales-e-denunciado-por-atentado-contra-integridade-territorial-do-peru\/","og_locale":"pt_BR","og_type":"article","og_title":"Evo Morales \u00e9 denunciado por \u201catentado contra integridade\u201d territorial do Peru - Jornal Fatos e Not\u00edcias","og_description":"Morales foi denunciado ao Minist\u00e9rio P\u00fablico por parlamentar peruano por supostamente estimular a separa\u00e7\u00e3o de regi\u00f5es do pa\u00eds vizinho O ex-presidente da Bol\u00edvia, Evo Morales, foi denunciado ao Minist\u00e9rio P\u00fablico do Peru pelo congressista peruano Jorge Montoya, nesta quinta-feira (5), por supostamente cometer crimes contra a seguran\u00e7a nacional e trai\u00e7\u00e3o \u00e0 p\u00e1tria, sob a forma [&hellip;]","og_url":"https:\/\/jornalfatosenoticias.com.br\/index.php\/2023\/01\/06\/evo-morales-e-denunciado-por-atentado-contra-integridade-territorial-do-peru\/","og_site_name":"Jornal Fatos e Not\u00edcias","article_published_time":"2023-01-06T15:11:51+00:00","article_modified_time":"2023-01-06T15:11:59+00:00","og_image":[{"width":1000,"height":562,"url":"https:\/\/jornalfatosenoticias.com.br\/wp-content\/uploads\/2023\/01\/evo-morales.jpg","type":"image\/jpeg"}],"author":"Luzimara Fernandes","twitter_card":"summary_large_image","twitter_misc":{"Escrito por":"Luzimara Fernandes","Est. tempo de leitura":"3 minutos"},"schema":{"@context":"https:\/\/schema.org","@graph":[{"@type":"Article","@id":"https:\/\/jornalfatosenoticias.com.br\/index.php\/2023\/01\/06\/evo-morales-e-denunciado-por-atentado-contra-integridade-territorial-do-peru\/#article","isPartOf":{"@id":"https:\/\/jornalfatosenoticias.com.br\/index.php\/2023\/01\/06\/evo-morales-e-denunciado-por-atentado-contra-integridade-territorial-do-peru\/"},"author":{"name":"Luzimara Fernandes","@id":"https:\/\/jornalfatosenoticias.com.br\/#\/schema\/person\/d63837fa13ac8666eb9e74e0985d6f81"},"headline":"Evo Morales \u00e9 denunciado por \u201catentado contra integridade\u201d territorial do Peru","datePublished":"2023-01-06T15:11:51+00:00","dateModified":"2023-01-06T15:11:59+00:00","mainEntityOfPage":{"@id":"https:\/\/jornalfatosenoticias.com.br\/index.php\/2023\/01\/06\/evo-morales-e-denunciado-por-atentado-contra-integridade-territorial-do-peru\/"},"wordCount":568,"commentCount":0,"publisher":{"@id":"https:\/\/jornalfatosenoticias.com.br\/#organization"},"image":{"@id":"https:\/\/jornalfatosenoticias.com.br\/index.php\/2023\/01\/06\/evo-morales-e-denunciado-por-atentado-contra-integridade-territorial-do-peru\/#primaryimage"},"thumbnailUrl":"https:\/\/jornalfatosenoticias.com.br\/wp-content\/uploads\/2023\/01\/evo-morales.jpg","keywords":["corrup\u00e7\u00e3o","Evo Morales","Peru","pris\u00e3o"],"articleSection":["Internacional"],"inLanguage":"pt-BR","potentialAction":[{"@type":"CommentAction","name":"Comment","target":["https:\/\/jornalfatosenoticias.com.br\/index.php\/2023\/01\/06\/evo-morales-e-denunciado-por-atentado-contra-integridade-territorial-do-peru\/#respond"]}]},{"@type":"WebPage","@id":"https:\/\/jornalfatosenoticias.com.br\/index.php\/2023\/01\/06\/evo-morales-e-denunciado-por-atentado-contra-integridade-territorial-do-peru\/","url":"https:\/\/jornalfatosenoticias.com.br\/index.php\/2023\/01\/06\/evo-morales-e-denunciado-por-atentado-contra-integridade-territorial-do-peru\/","name":"Evo Morales \u00e9 denunciado por \u201catentado contra integridade\u201d territorial do Peru - Jornal Fatos e Not\u00edcias","isPartOf":{"@id":"https:\/\/jornalfatosenoticias.com.br\/#website"},"primaryImageOfPage":{"@id":"https:\/\/jornalfatosenoticias.com.br\/index.php\/2023\/01\/06\/evo-morales-e-denunciado-por-atentado-contra-integridade-territorial-do-peru\/#primaryimage"},"image":{"@id":"https:\/\/jornalfatosenoticias.com.br\/index.php\/2023\/01\/06\/evo-morales-e-denunciado-por-atentado-contra-integridade-territorial-do-peru\/#primaryimage"},"thumbnailUrl":"https:\/\/jornalfatosenoticias.com.br\/wp-content\/uploads\/2023\/01\/evo-morales.jpg","datePublished":"2023-01-06T15:11:51+00:00","dateModified":"2023-01-06T15:11:59+00:00","breadcrumb":{"@id":"https:\/\/jornalfatosenoticias.com.br\/index.php\/2023\/01\/06\/evo-morales-e-denunciado-por-atentado-contra-integridade-territorial-do-peru\/#breadcrumb"},"inLanguage":"pt-BR","potentialAction":[{"@type":"ReadAction","target":["https:\/\/jornalfatosenoticias.com.br\/index.php\/2023\/01\/06\/evo-morales-e-denunciado-por-atentado-contra-integridade-territorial-do-peru\/"]}]},{"@type":"ImageObject","inLanguage":"pt-BR","@id":"https:\/\/jornalfatosenoticias.com.br\/index.php\/2023\/01\/06\/evo-morales-e-denunciado-por-atentado-contra-integridade-territorial-do-peru\/#primaryimage","url":"https:\/\/jornalfatosenoticias.com.br\/wp-content\/uploads\/2023\/01\/evo-morales.jpg","contentUrl":"https:\/\/jornalfatosenoticias.com.br\/wp-content\/uploads\/2023\/01\/evo-morales.jpg","width":1000,"height":562},{"@type":"BreadcrumbList","@id":"https:\/\/jornalfatosenoticias.com.br\/index.php\/2023\/01\/06\/evo-morales-e-denunciado-por-atentado-contra-integridade-territorial-do-peru\/#breadcrumb","itemListElement":[{"@type":"ListItem","position":1,"name":"In\u00edcio","item":"https:\/\/jornalfatosenoticias.com.br\/"},{"@type":"ListItem","position":2,"name":"Evo Morales \u00e9 denunciado por \u201catentado contra integridade\u201d territorial do Peru"}]},{"@type":"WebSite","@id":"https:\/\/jornalfatosenoticias.com.br\/#website","url":"https:\/\/jornalfatosenoticias.com.br\/","name":"Jornal Fatos e Not\u00edcias","description":"Not\u00edcias em geral","publisher":{"@id":"https:\/\/jornalfatosenoticias.com.br\/#organization"},"potentialAction":[{"@type":"SearchAction","target":{"@type":"EntryPoint","urlTemplate":"https:\/\/jornalfatosenoticias.com.br\/?s={search_term_string}"},"query-input":{"@type":"PropertyValueSpecification","valueRequired":true,"valueName":"search_term_string"}}],"inLanguage":"pt-BR"},{"@type":"Organization","@id":"https:\/\/jornalfatosenoticias.com.br\/#organization","name":"Jornal Fatos e Not\u00edcias","url":"https:\/\/jornalfatosenoticias.com.br\/","logo":{"@type":"ImageObject","inLanguage":"pt-BR","@id":"https:\/\/jornalfatosenoticias.com.br\/#\/schema\/logo\/image\/","url":"https:\/\/jornalfatosenoticias.com.br\/wp-content\/uploads\/2020\/02\/logo120.png","contentUrl":"https:\/\/jornalfatosenoticias.com.br\/wp-content\/uploads\/2020\/02\/logo120.png","width":1227,"height":120,"caption":"Jornal Fatos e Not\u00edcias"},"image":{"@id":"https:\/\/jornalfatosenoticias.com.br\/#\/schema\/logo\/image\/"}},{"@type":"Person","@id":"https:\/\/jornalfatosenoticias.com.br\/#\/schema\/person\/d63837fa13ac8666eb9e74e0985d6f81","name":"Luzimara Fernandes","image":{"@type":"ImageObject","inLanguage":"pt-BR","@id":"https:\/\/jornalfatosenoticias.com.br\/#\/schema\/person\/image\/","url":"https:\/\/jornalfatosenoticias.com.br\/wp-content\/uploads\/2025\/05\/EU_portal.jpg","contentUrl":"https:\/\/jornalfatosenoticias.com.br\/wp-content\/uploads\/2025\/05\/EU_portal.jpg","caption":"Luzimara Fernandes"},"description":"Jornalista MTB 2358-ES","sameAs":["https:\/\/jornalfatosenoticias.com.br"],"url":"https:\/\/jornalfatosenoticias.com.br\/index.php\/author\/luzimara\/"}]}},"cc_featured_image_caption":{"caption_text":"(Foto: EFE\/Jorge \u00c1brego)","source_text":"","source_url":""},"jetpack_featured_media_url":"https:\/\/jornalfatosenoticias.com.br\/wp-content\/uploads\/2023\/01\/evo-morales.jpg","_links":{"self":[{"href":"https:\/\/jornalfatosenoticias.com.br\/index.php\/wp-json\/wp\/v2\/posts\/37604","targetHints":{"allow":["GET"]}}],"collection":[{"href":"https:\/\/jornalfatosenoticias.com.br\/index.php\/wp-json\/wp\/v2\/posts"}],"about":[{"href":"https:\/\/jornalfatosenoticias.com.br\/index.php\/wp-json\/wp\/v2\/types\/post"}],"author":[{"embeddable":true,"href":"https:\/\/jornalfatosenoticias.com.br\/index.php\/wp-json\/wp\/v2\/users\/2"}],"replies":[{"embeddable":true,"href":"https:\/\/jornalfatosenoticias.com.br\/index.php\/wp-json\/wp\/v2\/comments?post=37604"}],"version-history":[{"count":0,"href":"https:\/\/jornalfatosenoticias.com.br\/index.php\/wp-json\/wp\/v2\/posts\/37604\/revisions"}],"wp:featuredmedia":[{"embeddable":true,"href":"https:\/\/jornalfatosenoticias.com.br\/index.php\/wp-json\/wp\/v2\/media\/37605"}],"wp:attachment":[{"href":"https:\/\/jornalfatosenoticias.com.br\/index.php\/wp-json\/wp\/v2\/media?parent=37604"}],"wp:term":[{"taxonomy":"category","embeddable":true,"href":"https:\/\/jornalfatosenoticias.com.br\/index.php\/wp-json\/wp\/v2\/categories?post=37604"},{"taxonomy":"post_tag","embeddable":true,"href":"https:\/\/jornalfatosenoticias.com.br\/index.php\/wp-json\/wp\/v2\/tags?post=37604"}],"curies":[{"name":"wp","href":"https:\/\/api.w.org\/{rel}","templated":true}]}}