{"id":37642,"date":"2023-01-06T16:36:30","date_gmt":"2023-01-06T19:36:30","guid":{"rendered":"https:\/\/jornalfatosenoticias.com.br\/?p=37642"},"modified":"2023-01-06T16:36:32","modified_gmt":"2023-01-06T19:36:32","slug":"estudo-transforma-a-umidade-dos-oceanos-em-agua-potavel-em-larga-escala","status":"publish","type":"post","link":"https:\/\/jornalfatosenoticias.com.br\/index.php\/2023\/01\/06\/estudo-transforma-a-umidade-dos-oceanos-em-agua-potavel-em-larga-escala\/","title":{"rendered":"Estudo transforma a umidade dos oceanos em \u00e1gua pot\u00e1vel em larga escala"},"content":{"rendered":"\n<p><em><span class=\"has-inline-color has-black-color\">O projeto pretende reaproveitar a umidade do vapor oce\u00e2nico que se perde na atmosfera<\/span><\/em><\/p>\n\n\n\n<div class=\"wp-block-image\"><figure class=\"aligncenter size-large\"><img loading=\"lazy\" decoding=\"async\" width=\"729\" height=\"90\" src=\"https:\/\/jornalfatosenoticias.com.br\/wp-content\/uploads\/2020\/02\/Logo_Mizu.png\" alt=\"\" class=\"wp-image-1441\" srcset=\"https:\/\/jornalfatosenoticias.com.br\/wp-content\/uploads\/2020\/02\/Logo_Mizu.png 729w, https:\/\/jornalfatosenoticias.com.br\/wp-content\/uploads\/2020\/02\/Logo_Mizu-300x37.png 300w\" sizes=\"auto, (max-width: 729px) 100vw, 729px\" \/><\/figure><\/div>\n\n\n\n<p>Um estudo realizado por cientistas da Universidade de Illinois em Urbana-Champaign, nos EUA, prop\u00f5e uma solu\u00e7\u00e3o arrojada e inovadora para o problema da <a href=\"https:\/\/www.hypeness.com.br\/2019\/11\/quenia-instala-usina-de-energia-solar-que-transforma-agua-do-mar-em-agua-potavel\/\" target=\"_blank\" rel=\"noreferrer noopener\">escassez de \u00e1gua<\/a>\u00a0e a conserva\u00e7\u00e3o de fontes h\u00eddricas: a captura e transforma\u00e7\u00e3o da umidade oce\u00e2nica em \u00e1gua pot\u00e1vel. Publicado recentemente na revista cient\u00edfica\u00a0<a href=\"https:\/\/www.nature.com\/articles\/s41598-022-24314-2\" target=\"_blank\" rel=\"noreferrer noopener\"><em>Nature<\/em><\/a>, os cientistas foram capazes de extrair o ar saturado dos\u00a0<a href=\"https:\/\/www.hypeness.com.br\/2021\/04\/plastico-nos-oceanos-se-torna-parte-da-vida-marinha-em-animacao-poetica-e-contundente\/\" target=\"_blank\" rel=\"noreferrer noopener\">oceanos<\/a>\u00a0que se perderia na atmosfera, e depois condensar, transportar e armazenar essa \u00e1gua, produzida com pouco consumo de energia e menor impacto ambiental que outros processo de\u00a0<a href=\"https:\/\/www.hypeness.com.br\/2015\/06\/california-transforma-agua-salgada-em-potavel-em-luta-contra-a-seca\/\" target=\"_blank\" rel=\"noreferrer noopener\">dessaliniza\u00e7\u00e3o<\/a>.<\/p>\n\n\n\n<div class=\"wp-block-image\"><figure class=\"aligncenter size-large is-resized\"><img loading=\"lazy\" decoding=\"async\" src=\"https:\/\/jornalfatosenoticias.com.br\/wp-content\/uploads\/2022\/02\/Precisao-Contabilidade-1024x724.jpg\" alt=\"\" class=\"wp-image-28088\" width=\"320\" height=\"226\"\/><\/figure><\/div>\n\n\n\n<p>O projeto se baseia em uma simula\u00e7\u00e3o realizada a partir de 14 grandes cidades que enfrentam problemas de <a href=\"https:\/\/www.hypeness.com.br\/2020\/05\/brasil-acende-alerta-para-crise-hidrica-parecida-com-falta-de-agua-historica-de-2014\/\" target=\"_blank\" rel=\"noreferrer noopener\">abastecimento h\u00eddrico<\/a>, como Los Angeles e Roma, e estabeleceu um modelo capaz de produzir grandes quantidades de \u00e1gua reduzindo o impacto ambiental do processo. De acordo com a publica\u00e7\u00e3o, superf\u00edcies de captura vertical de 210 metros de largura por 100 metros de altura, posicionadas nos litorais e alimentadas por placas solares terrestres ou parques e\u00f3licos em alto-mar, ser\u00e3o capazes de extrair a quantidade de\u00a0<a href=\"https:\/\/www.hypeness.com.br\/2014\/06\/este-produto-ja-esta-a-venda-e-e-capaz-de-transformar-agua-imunda-em-totalmente-potavel\/\" target=\"_blank\" rel=\"noreferrer noopener\">\u00e1gua pot\u00e1vel<\/a>\u00a0necess\u00e1ria para alimentar aproximadamente 500 mil pessoas cada uma.<\/p>\n\n\n\n<div class=\"wp-block-image\"><figure class=\"aligncenter size-large\"><img loading=\"lazy\" decoding=\"async\" width=\"560\" height=\"60\" src=\"https:\/\/jornalfatosenoticias.com.br\/wp-content\/uploads\/2022\/10\/Propaganda-RC-Radiadores-Jornal_page-0001.jpg\" alt=\"\" class=\"wp-image-35270\" srcset=\"https:\/\/jornalfatosenoticias.com.br\/wp-content\/uploads\/2022\/10\/Propaganda-RC-Radiadores-Jornal_page-0001.jpg 560w, https:\/\/jornalfatosenoticias.com.br\/wp-content\/uploads\/2022\/10\/Propaganda-RC-Radiadores-Jornal_page-0001-300x32.jpg 300w\" sizes=\"auto, (max-width: 560px) 100vw, 560px\" \/><\/figure><\/div>\n\n\n\n<div class=\"wp-block-image\"><figure class=\"aligncenter size-large\"><img loading=\"lazy\" decoding=\"async\" width=\"1000\" height=\"529\" src=\"https:\/\/jornalfatosenoticias.com.br\/wp-content\/uploads\/2023\/01\/dessalinizacao-da-agua2.jpg\" alt=\"\" class=\"wp-image-37643\" srcset=\"https:\/\/jornalfatosenoticias.com.br\/wp-content\/uploads\/2023\/01\/dessalinizacao-da-agua2.jpg 1000w, https:\/\/jornalfatosenoticias.com.br\/wp-content\/uploads\/2023\/01\/dessalinizacao-da-agua2-300x159.jpg 300w, https:\/\/jornalfatosenoticias.com.br\/wp-content\/uploads\/2023\/01\/dessalinizacao-da-agua2-768x406.jpg 768w\" sizes=\"auto, (max-width: 1000px) 100vw, 1000px\" \/><figcaption><em><span class=\"has-inline-color has-black-color\">Exemplo ilustrado da estrutura que poder\u00e1 ser utilizada para realizar o processo proposto (Foto: Nature\/Divulga\u00e7\u00e3o)<\/span><\/em><\/figcaption><\/figure><\/div>\n\n\n\n<figure class=\"wp-block-pullquote\"><blockquote><p><span class=\"has-inline-color has-luminous-vivid-orange-color\">Vamos ter que encontrar uma forma de aumentar a oferta de <a href=\"https:\/\/www.hypeness.com.br\/2014\/01\/voce-vai-se-impressionar-com-o-rio-que-flui-no-meio-do-oceano-no-mexico\/\" target=\"_blank\" rel=\"noreferrer noopener\">\u00e1gua doce<\/a>, pois a conserva\u00e7\u00e3o e a reciclagem de fontes existentes, embora essenciais, n\u00e3o ser\u00e3o suficientes para responder \u00e0s necessidades humanas\u201d, afirmou Praveen Kumar, cientista e professor da universidade. \u201cPensamos que nossa proposta pode alcan\u00e7ar isso em larga escala\u201d, afirma o cientista, que \u00e9 um dos autores da pesquisa. Segundo o texto, os modelos estabelecidos pelo estudo seriam capazes de gerar entre 37,6 bilh\u00f5es e 78,3 bilh\u00f5es de litros de \u00e1gua por ano.<\/span><\/p><\/blockquote><\/figure>\n\n\n\n<div class=\"wp-block-image\"><figure class=\"aligncenter size-large is-resized\"><img loading=\"lazy\" decoding=\"async\" src=\"https:\/\/jornalfatosenoticias.com.br\/wp-content\/uploads\/2022\/08\/logo-locau-veiculos-1024x573.png\" alt=\"\" class=\"wp-image-33078\" width=\"321\" height=\"179\"\/><\/figure><\/div>\n\n\n\n<p>\u201cAs proje\u00e7\u00f5es clim\u00e1ticas mostram que o fluxo de vapor oce\u00e2nico ir\u00e1 aumentar ao longo dos anos, o que proporcionar\u00e1 ainda mais \u00e1gua fresca\u201d, afirmou Afeefa Rahman, coautora da pesquisa. <\/p>\n\n\n\n<figure class=\"wp-block-pullquote\"><blockquote><p><span class=\"has-inline-color has-luminous-vivid-orange-color\">Por se tratar de uma fonte praticamente sem limite de vapor de\u00a0<a href=\"https:\/\/www.hypeness.com.br\/2020\/08\/filtro-sustentavel-converte-agua-do-mar-em-potavel-em-menos-de-30-minutos\/\" target=\"_blank\" rel=\"noreferrer noopener\">\u00e1gua dos oceanos<\/a>, esse projeto \u00e9\u00a0<a href=\"https:\/\/www.hypeness.com.br\/2015\/03\/a-familia-que-construiu-sua-propria-casa-flutuante-e-sustentavel-no-meio-do-oceano\/\" target=\"_blank\" rel=\"noreferrer noopener\">sustent\u00e1vel<\/a><\/span> <span class=\"has-inline-color has-luminous-vivid-orange-color\">diante das mudan\u00e7as clim\u00e1ticas, e pode transformar nossa capacidade de lidar com os dilemas presentes e futuros a respeito da seguran\u00e7a h\u00eddrica\u201d, diz o estudo. \u201cEste projeto foi pensando para estabelecer um mecanismo transformador e sustent\u00e1vel, capaz de fornecer \u00e1gua fresca para as atuais e futuras gera\u00e7\u00f5es de forma economicamente vi\u00e1vel\u201d, conclui o texto.<\/span><\/p><\/blockquote><\/figure>\n\n\n\n<div class=\"wp-block-image\"><figure class=\"aligncenter size-large\"><img loading=\"lazy\" decoding=\"async\" width=\"1024\" height=\"111\" src=\"https:\/\/jornalfatosenoticias.com.br\/wp-content\/uploads\/2020\/02\/WhatsApp-Image-2022-09-23-at-12.09.18-1024x111.jpeg\" alt=\"\" class=\"wp-image-34527\" srcset=\"https:\/\/jornalfatosenoticias.com.br\/wp-content\/uploads\/2020\/02\/WhatsApp-Image-2022-09-23-at-12.09.18-1024x111.jpeg 1024w, https:\/\/jornalfatosenoticias.com.br\/wp-content\/uploads\/2020\/02\/WhatsApp-Image-2022-09-23-at-12.09.18-300x32.jpeg 300w, https:\/\/jornalfatosenoticias.com.br\/wp-content\/uploads\/2020\/02\/WhatsApp-Image-2022-09-23-at-12.09.18-768x83.jpeg 768w, https:\/\/jornalfatosenoticias.com.br\/wp-content\/uploads\/2020\/02\/WhatsApp-Image-2022-09-23-at-12.09.18.jpeg 1121w\" sizes=\"auto, (max-width: 1024px) 100vw, 1024px\" \/><\/figure><\/div>\n\n\n\n<p><strong><em>Fonte: <a href=\"https:\/\/www.hypeness.com.br\/2023\/01\/estudo-transforma-a-umidade-dos-oceanos-em-agua-potavel-em-larga-escala\/\">Hypeness<\/a><\/em><\/strong><\/p>\n","protected":false},"excerpt":{"rendered":"<p>O projeto pretende reaproveitar a umidade do vapor oce\u00e2nico que se perde na atmosfera Um estudo realizado por cientistas da Universidade de Illinois em Urbana-Champaign, nos EUA, prop\u00f5e uma solu\u00e7\u00e3o arrojada e inovadora para o problema da escassez de \u00e1gua\u00a0e a conserva\u00e7\u00e3o de fontes h\u00eddricas: a captura e transforma\u00e7\u00e3o da umidade oce\u00e2nica em \u00e1gua pot\u00e1vel. [&hellip;]<\/p>\n","protected":false},"author":2,"featured_media":37644,"comment_status":"open","ping_status":"open","sticky":false,"template":"","format":"standard","meta":{"footnotes":""},"categories":[8,3],"tags":[4430,8227,2042,7049,17664],"class_list":["post-37642","post","type-post","status-publish","format-standard","has-post-thumbnail","hentry","category-meio-ambiente","category-tecnologia","tag-agua-potavel","tag-dessalinizacao","tag-oceanos","tag-recursos-hidricos","tag-vapor-oceanico"],"yoast_head":"<!-- This site is optimized with the Yoast SEO plugin v26.5 - https:\/\/yoast.com\/wordpress\/plugins\/seo\/ -->\n<title>Estudo transforma a umidade dos oceanos em \u00e1gua pot\u00e1vel em larga escala - Jornal Fatos e Not\u00edcias<\/title>\n<meta name=\"robots\" content=\"index, follow, max-snippet:-1, max-image-preview:large, max-video-preview:-1\" \/>\n<link rel=\"canonical\" href=\"https:\/\/jornalfatosenoticias.com.br\/index.php\/2023\/01\/06\/estudo-transforma-a-umidade-dos-oceanos-em-agua-potavel-em-larga-escala\/\" \/>\n<meta property=\"og:locale\" content=\"pt_BR\" \/>\n<meta property=\"og:type\" content=\"article\" \/>\n<meta property=\"og:title\" content=\"Estudo transforma a umidade dos oceanos em \u00e1gua pot\u00e1vel em larga escala - Jornal Fatos e Not\u00edcias\" \/>\n<meta property=\"og:description\" content=\"O projeto pretende reaproveitar a umidade do vapor oce\u00e2nico que se perde na atmosfera Um estudo realizado por cientistas da Universidade de Illinois em Urbana-Champaign, nos EUA, prop\u00f5e uma solu\u00e7\u00e3o arrojada e inovadora para o problema da escassez de \u00e1gua\u00a0e a conserva\u00e7\u00e3o de fontes h\u00eddricas: a captura e transforma\u00e7\u00e3o da umidade oce\u00e2nica em \u00e1gua pot\u00e1vel. [&hellip;]\" \/>\n<meta property=\"og:url\" content=\"https:\/\/jornalfatosenoticias.com.br\/index.php\/2023\/01\/06\/estudo-transforma-a-umidade-dos-oceanos-em-agua-potavel-em-larga-escala\/\" \/>\n<meta property=\"og:site_name\" content=\"Jornal Fatos e Not\u00edcias\" \/>\n<meta property=\"article:published_time\" content=\"2023-01-06T19:36:30+00:00\" \/>\n<meta property=\"article:modified_time\" content=\"2023-01-06T19:36:32+00:00\" \/>\n<meta property=\"og:image\" content=\"https:\/\/jornalfatosenoticias.com.br\/wp-content\/uploads\/2023\/01\/dessalinizacao-da-agua1.jpg\" \/>\n\t<meta property=\"og:image:width\" content=\"1000\" \/>\n\t<meta property=\"og:image:height\" content=\"563\" \/>\n\t<meta property=\"og:image:type\" content=\"image\/jpeg\" \/>\n<meta name=\"author\" content=\"Luzimara Fernandes\" \/>\n<meta name=\"twitter:card\" content=\"summary_large_image\" \/>\n<meta name=\"twitter:label1\" content=\"Escrito por\" \/>\n\t<meta name=\"twitter:data1\" content=\"Luzimara Fernandes\" \/>\n\t<meta name=\"twitter:label2\" content=\"Est. tempo de leitura\" \/>\n\t<meta name=\"twitter:data2\" content=\"2 minutos\" \/>\n<script type=\"application\/ld+json\" class=\"yoast-schema-graph\">{\"@context\":\"https:\/\/schema.org\",\"@graph\":[{\"@type\":\"Article\",\"@id\":\"https:\/\/jornalfatosenoticias.com.br\/index.php\/2023\/01\/06\/estudo-transforma-a-umidade-dos-oceanos-em-agua-potavel-em-larga-escala\/#article\",\"isPartOf\":{\"@id\":\"https:\/\/jornalfatosenoticias.com.br\/index.php\/2023\/01\/06\/estudo-transforma-a-umidade-dos-oceanos-em-agua-potavel-em-larga-escala\/\"},\"author\":{\"name\":\"Luzimara Fernandes\",\"@id\":\"https:\/\/jornalfatosenoticias.com.br\/#\/schema\/person\/d63837fa13ac8666eb9e74e0985d6f81\"},\"headline\":\"Estudo transforma a umidade dos oceanos em \u00e1gua pot\u00e1vel em larga escala\",\"datePublished\":\"2023-01-06T19:36:30+00:00\",\"dateModified\":\"2023-01-06T19:36:32+00:00\",\"mainEntityOfPage\":{\"@id\":\"https:\/\/jornalfatosenoticias.com.br\/index.php\/2023\/01\/06\/estudo-transforma-a-umidade-dos-oceanos-em-agua-potavel-em-larga-escala\/\"},\"wordCount\":439,\"commentCount\":0,\"publisher\":{\"@id\":\"https:\/\/jornalfatosenoticias.com.br\/#organization\"},\"image\":{\"@id\":\"https:\/\/jornalfatosenoticias.com.br\/index.php\/2023\/01\/06\/estudo-transforma-a-umidade-dos-oceanos-em-agua-potavel-em-larga-escala\/#primaryimage\"},\"thumbnailUrl\":\"https:\/\/jornalfatosenoticias.com.br\/wp-content\/uploads\/2023\/01\/dessalinizacao-da-agua1.jpg\",\"keywords\":[\"\u00e1gua pot\u00e1vel\",\"dessaliniza\u00e7\u00e3o\",\"oceanos\",\"recursos h\u00eddricos\",\"vapor oce\u00e2nico\"],\"articleSection\":[\"Meio ambiente\",\"Tecnologia &amp; Inova\u00e7\u00e3o\"],\"inLanguage\":\"pt-BR\",\"potentialAction\":[{\"@type\":\"CommentAction\",\"name\":\"Comment\",\"target\":[\"https:\/\/jornalfatosenoticias.com.br\/index.php\/2023\/01\/06\/estudo-transforma-a-umidade-dos-oceanos-em-agua-potavel-em-larga-escala\/#respond\"]}]},{\"@type\":\"WebPage\",\"@id\":\"https:\/\/jornalfatosenoticias.com.br\/index.php\/2023\/01\/06\/estudo-transforma-a-umidade-dos-oceanos-em-agua-potavel-em-larga-escala\/\",\"url\":\"https:\/\/jornalfatosenoticias.com.br\/index.php\/2023\/01\/06\/estudo-transforma-a-umidade-dos-oceanos-em-agua-potavel-em-larga-escala\/\",\"name\":\"Estudo transforma a umidade dos oceanos em \u00e1gua pot\u00e1vel em larga escala - Jornal Fatos e Not\u00edcias\",\"isPartOf\":{\"@id\":\"https:\/\/jornalfatosenoticias.com.br\/#website\"},\"primaryImageOfPage\":{\"@id\":\"https:\/\/jornalfatosenoticias.com.br\/index.php\/2023\/01\/06\/estudo-transforma-a-umidade-dos-oceanos-em-agua-potavel-em-larga-escala\/#primaryimage\"},\"image\":{\"@id\":\"https:\/\/jornalfatosenoticias.com.br\/index.php\/2023\/01\/06\/estudo-transforma-a-umidade-dos-oceanos-em-agua-potavel-em-larga-escala\/#primaryimage\"},\"thumbnailUrl\":\"https:\/\/jornalfatosenoticias.com.br\/wp-content\/uploads\/2023\/01\/dessalinizacao-da-agua1.jpg\",\"datePublished\":\"2023-01-06T19:36:30+00:00\",\"dateModified\":\"2023-01-06T19:36:32+00:00\",\"breadcrumb\":{\"@id\":\"https:\/\/jornalfatosenoticias.com.br\/index.php\/2023\/01\/06\/estudo-transforma-a-umidade-dos-oceanos-em-agua-potavel-em-larga-escala\/#breadcrumb\"},\"inLanguage\":\"pt-BR\",\"potentialAction\":[{\"@type\":\"ReadAction\",\"target\":[\"https:\/\/jornalfatosenoticias.com.br\/index.php\/2023\/01\/06\/estudo-transforma-a-umidade-dos-oceanos-em-agua-potavel-em-larga-escala\/\"]}]},{\"@type\":\"ImageObject\",\"inLanguage\":\"pt-BR\",\"@id\":\"https:\/\/jornalfatosenoticias.com.br\/index.php\/2023\/01\/06\/estudo-transforma-a-umidade-dos-oceanos-em-agua-potavel-em-larga-escala\/#primaryimage\",\"url\":\"https:\/\/jornalfatosenoticias.com.br\/wp-content\/uploads\/2023\/01\/dessalinizacao-da-agua1.jpg\",\"contentUrl\":\"https:\/\/jornalfatosenoticias.com.br\/wp-content\/uploads\/2023\/01\/dessalinizacao-da-agua1.jpg\",\"width\":1000,\"height\":563},{\"@type\":\"BreadcrumbList\",\"@id\":\"https:\/\/jornalfatosenoticias.com.br\/index.php\/2023\/01\/06\/estudo-transforma-a-umidade-dos-oceanos-em-agua-potavel-em-larga-escala\/#breadcrumb\",\"itemListElement\":[{\"@type\":\"ListItem\",\"position\":1,\"name\":\"In\u00edcio\",\"item\":\"https:\/\/jornalfatosenoticias.com.br\/\"},{\"@type\":\"ListItem\",\"position\":2,\"name\":\"Estudo transforma a umidade dos oceanos em \u00e1gua pot\u00e1vel em larga escala\"}]},{\"@type\":\"WebSite\",\"@id\":\"https:\/\/jornalfatosenoticias.com.br\/#website\",\"url\":\"https:\/\/jornalfatosenoticias.com.br\/\",\"name\":\"Jornal Fatos e Not\u00edcias\",\"description\":\"Not\u00edcias em geral\",\"publisher\":{\"@id\":\"https:\/\/jornalfatosenoticias.com.br\/#organization\"},\"potentialAction\":[{\"@type\":\"SearchAction\",\"target\":{\"@type\":\"EntryPoint\",\"urlTemplate\":\"https:\/\/jornalfatosenoticias.com.br\/?s={search_term_string}\"},\"query-input\":{\"@type\":\"PropertyValueSpecification\",\"valueRequired\":true,\"valueName\":\"search_term_string\"}}],\"inLanguage\":\"pt-BR\"},{\"@type\":\"Organization\",\"@id\":\"https:\/\/jornalfatosenoticias.com.br\/#organization\",\"name\":\"Jornal Fatos e Not\u00edcias\",\"url\":\"https:\/\/jornalfatosenoticias.com.br\/\",\"logo\":{\"@type\":\"ImageObject\",\"inLanguage\":\"pt-BR\",\"@id\":\"https:\/\/jornalfatosenoticias.com.br\/#\/schema\/logo\/image\/\",\"url\":\"https:\/\/jornalfatosenoticias.com.br\/wp-content\/uploads\/2020\/02\/logo120.png\",\"contentUrl\":\"https:\/\/jornalfatosenoticias.com.br\/wp-content\/uploads\/2020\/02\/logo120.png\",\"width\":1227,\"height\":120,\"caption\":\"Jornal Fatos e Not\u00edcias\"},\"image\":{\"@id\":\"https:\/\/jornalfatosenoticias.com.br\/#\/schema\/logo\/image\/\"}},{\"@type\":\"Person\",\"@id\":\"https:\/\/jornalfatosenoticias.com.br\/#\/schema\/person\/d63837fa13ac8666eb9e74e0985d6f81\",\"name\":\"Luzimara Fernandes\",\"image\":{\"@type\":\"ImageObject\",\"inLanguage\":\"pt-BR\",\"@id\":\"https:\/\/jornalfatosenoticias.com.br\/#\/schema\/person\/image\/\",\"url\":\"https:\/\/jornalfatosenoticias.com.br\/wp-content\/uploads\/2025\/05\/EU_portal.jpg\",\"contentUrl\":\"https:\/\/jornalfatosenoticias.com.br\/wp-content\/uploads\/2025\/05\/EU_portal.jpg\",\"caption\":\"Luzimara Fernandes\"},\"description\":\"Jornalista MTB 2358-ES\",\"sameAs\":[\"https:\/\/jornalfatosenoticias.com.br\"],\"url\":\"https:\/\/jornalfatosenoticias.com.br\/index.php\/author\/luzimara\/\"}]}<\/script>\n<!-- \/ Yoast SEO plugin. -->","yoast_head_json":{"title":"Estudo transforma a umidade dos oceanos em \u00e1gua pot\u00e1vel em larga escala - Jornal Fatos e Not\u00edcias","robots":{"index":"index","follow":"follow","max-snippet":"max-snippet:-1","max-image-preview":"max-image-preview:large","max-video-preview":"max-video-preview:-1"},"canonical":"https:\/\/jornalfatosenoticias.com.br\/index.php\/2023\/01\/06\/estudo-transforma-a-umidade-dos-oceanos-em-agua-potavel-em-larga-escala\/","og_locale":"pt_BR","og_type":"article","og_title":"Estudo transforma a umidade dos oceanos em \u00e1gua pot\u00e1vel em larga escala - Jornal Fatos e Not\u00edcias","og_description":"O projeto pretende reaproveitar a umidade do vapor oce\u00e2nico que se perde na atmosfera Um estudo realizado por cientistas da Universidade de Illinois em Urbana-Champaign, nos EUA, prop\u00f5e uma solu\u00e7\u00e3o arrojada e inovadora para o problema da escassez de \u00e1gua\u00a0e a conserva\u00e7\u00e3o de fontes h\u00eddricas: a captura e transforma\u00e7\u00e3o da umidade oce\u00e2nica em \u00e1gua pot\u00e1vel. [&hellip;]","og_url":"https:\/\/jornalfatosenoticias.com.br\/index.php\/2023\/01\/06\/estudo-transforma-a-umidade-dos-oceanos-em-agua-potavel-em-larga-escala\/","og_site_name":"Jornal Fatos e Not\u00edcias","article_published_time":"2023-01-06T19:36:30+00:00","article_modified_time":"2023-01-06T19:36:32+00:00","og_image":[{"width":1000,"height":563,"url":"https:\/\/jornalfatosenoticias.com.br\/wp-content\/uploads\/2023\/01\/dessalinizacao-da-agua1.jpg","type":"image\/jpeg"}],"author":"Luzimara Fernandes","twitter_card":"summary_large_image","twitter_misc":{"Escrito por":"Luzimara Fernandes","Est. tempo de leitura":"2 minutos"},"schema":{"@context":"https:\/\/schema.org","@graph":[{"@type":"Article","@id":"https:\/\/jornalfatosenoticias.com.br\/index.php\/2023\/01\/06\/estudo-transforma-a-umidade-dos-oceanos-em-agua-potavel-em-larga-escala\/#article","isPartOf":{"@id":"https:\/\/jornalfatosenoticias.com.br\/index.php\/2023\/01\/06\/estudo-transforma-a-umidade-dos-oceanos-em-agua-potavel-em-larga-escala\/"},"author":{"name":"Luzimara Fernandes","@id":"https:\/\/jornalfatosenoticias.com.br\/#\/schema\/person\/d63837fa13ac8666eb9e74e0985d6f81"},"headline":"Estudo transforma a umidade dos oceanos em \u00e1gua pot\u00e1vel em larga escala","datePublished":"2023-01-06T19:36:30+00:00","dateModified":"2023-01-06T19:36:32+00:00","mainEntityOfPage":{"@id":"https:\/\/jornalfatosenoticias.com.br\/index.php\/2023\/01\/06\/estudo-transforma-a-umidade-dos-oceanos-em-agua-potavel-em-larga-escala\/"},"wordCount":439,"commentCount":0,"publisher":{"@id":"https:\/\/jornalfatosenoticias.com.br\/#organization"},"image":{"@id":"https:\/\/jornalfatosenoticias.com.br\/index.php\/2023\/01\/06\/estudo-transforma-a-umidade-dos-oceanos-em-agua-potavel-em-larga-escala\/#primaryimage"},"thumbnailUrl":"https:\/\/jornalfatosenoticias.com.br\/wp-content\/uploads\/2023\/01\/dessalinizacao-da-agua1.jpg","keywords":["\u00e1gua pot\u00e1vel","dessaliniza\u00e7\u00e3o","oceanos","recursos h\u00eddricos","vapor oce\u00e2nico"],"articleSection":["Meio ambiente","Tecnologia &amp; Inova\u00e7\u00e3o"],"inLanguage":"pt-BR","potentialAction":[{"@type":"CommentAction","name":"Comment","target":["https:\/\/jornalfatosenoticias.com.br\/index.php\/2023\/01\/06\/estudo-transforma-a-umidade-dos-oceanos-em-agua-potavel-em-larga-escala\/#respond"]}]},{"@type":"WebPage","@id":"https:\/\/jornalfatosenoticias.com.br\/index.php\/2023\/01\/06\/estudo-transforma-a-umidade-dos-oceanos-em-agua-potavel-em-larga-escala\/","url":"https:\/\/jornalfatosenoticias.com.br\/index.php\/2023\/01\/06\/estudo-transforma-a-umidade-dos-oceanos-em-agua-potavel-em-larga-escala\/","name":"Estudo transforma a umidade dos oceanos em \u00e1gua pot\u00e1vel em larga escala - Jornal Fatos e Not\u00edcias","isPartOf":{"@id":"https:\/\/jornalfatosenoticias.com.br\/#website"},"primaryImageOfPage":{"@id":"https:\/\/jornalfatosenoticias.com.br\/index.php\/2023\/01\/06\/estudo-transforma-a-umidade-dos-oceanos-em-agua-potavel-em-larga-escala\/#primaryimage"},"image":{"@id":"https:\/\/jornalfatosenoticias.com.br\/index.php\/2023\/01\/06\/estudo-transforma-a-umidade-dos-oceanos-em-agua-potavel-em-larga-escala\/#primaryimage"},"thumbnailUrl":"https:\/\/jornalfatosenoticias.com.br\/wp-content\/uploads\/2023\/01\/dessalinizacao-da-agua1.jpg","datePublished":"2023-01-06T19:36:30+00:00","dateModified":"2023-01-06T19:36:32+00:00","breadcrumb":{"@id":"https:\/\/jornalfatosenoticias.com.br\/index.php\/2023\/01\/06\/estudo-transforma-a-umidade-dos-oceanos-em-agua-potavel-em-larga-escala\/#breadcrumb"},"inLanguage":"pt-BR","potentialAction":[{"@type":"ReadAction","target":["https:\/\/jornalfatosenoticias.com.br\/index.php\/2023\/01\/06\/estudo-transforma-a-umidade-dos-oceanos-em-agua-potavel-em-larga-escala\/"]}]},{"@type":"ImageObject","inLanguage":"pt-BR","@id":"https:\/\/jornalfatosenoticias.com.br\/index.php\/2023\/01\/06\/estudo-transforma-a-umidade-dos-oceanos-em-agua-potavel-em-larga-escala\/#primaryimage","url":"https:\/\/jornalfatosenoticias.com.br\/wp-content\/uploads\/2023\/01\/dessalinizacao-da-agua1.jpg","contentUrl":"https:\/\/jornalfatosenoticias.com.br\/wp-content\/uploads\/2023\/01\/dessalinizacao-da-agua1.jpg","width":1000,"height":563},{"@type":"BreadcrumbList","@id":"https:\/\/jornalfatosenoticias.com.br\/index.php\/2023\/01\/06\/estudo-transforma-a-umidade-dos-oceanos-em-agua-potavel-em-larga-escala\/#breadcrumb","itemListElement":[{"@type":"ListItem","position":1,"name":"In\u00edcio","item":"https:\/\/jornalfatosenoticias.com.br\/"},{"@type":"ListItem","position":2,"name":"Estudo transforma a umidade dos oceanos em \u00e1gua pot\u00e1vel em larga escala"}]},{"@type":"WebSite","@id":"https:\/\/jornalfatosenoticias.com.br\/#website","url":"https:\/\/jornalfatosenoticias.com.br\/","name":"Jornal Fatos e Not\u00edcias","description":"Not\u00edcias em geral","publisher":{"@id":"https:\/\/jornalfatosenoticias.com.br\/#organization"},"potentialAction":[{"@type":"SearchAction","target":{"@type":"EntryPoint","urlTemplate":"https:\/\/jornalfatosenoticias.com.br\/?s={search_term_string}"},"query-input":{"@type":"PropertyValueSpecification","valueRequired":true,"valueName":"search_term_string"}}],"inLanguage":"pt-BR"},{"@type":"Organization","@id":"https:\/\/jornalfatosenoticias.com.br\/#organization","name":"Jornal Fatos e Not\u00edcias","url":"https:\/\/jornalfatosenoticias.com.br\/","logo":{"@type":"ImageObject","inLanguage":"pt-BR","@id":"https:\/\/jornalfatosenoticias.com.br\/#\/schema\/logo\/image\/","url":"https:\/\/jornalfatosenoticias.com.br\/wp-content\/uploads\/2020\/02\/logo120.png","contentUrl":"https:\/\/jornalfatosenoticias.com.br\/wp-content\/uploads\/2020\/02\/logo120.png","width":1227,"height":120,"caption":"Jornal Fatos e Not\u00edcias"},"image":{"@id":"https:\/\/jornalfatosenoticias.com.br\/#\/schema\/logo\/image\/"}},{"@type":"Person","@id":"https:\/\/jornalfatosenoticias.com.br\/#\/schema\/person\/d63837fa13ac8666eb9e74e0985d6f81","name":"Luzimara Fernandes","image":{"@type":"ImageObject","inLanguage":"pt-BR","@id":"https:\/\/jornalfatosenoticias.com.br\/#\/schema\/person\/image\/","url":"https:\/\/jornalfatosenoticias.com.br\/wp-content\/uploads\/2025\/05\/EU_portal.jpg","contentUrl":"https:\/\/jornalfatosenoticias.com.br\/wp-content\/uploads\/2025\/05\/EU_portal.jpg","caption":"Luzimara Fernandes"},"description":"Jornalista MTB 2358-ES","sameAs":["https:\/\/jornalfatosenoticias.com.br"],"url":"https:\/\/jornalfatosenoticias.com.br\/index.php\/author\/luzimara\/"}]}},"cc_featured_image_caption":{"caption_text":"(Foto: Getty Images)\r\n","source_text":"","source_url":""},"jetpack_featured_media_url":"https:\/\/jornalfatosenoticias.com.br\/wp-content\/uploads\/2023\/01\/dessalinizacao-da-agua1.jpg","_links":{"self":[{"href":"https:\/\/jornalfatosenoticias.com.br\/index.php\/wp-json\/wp\/v2\/posts\/37642","targetHints":{"allow":["GET"]}}],"collection":[{"href":"https:\/\/jornalfatosenoticias.com.br\/index.php\/wp-json\/wp\/v2\/posts"}],"about":[{"href":"https:\/\/jornalfatosenoticias.com.br\/index.php\/wp-json\/wp\/v2\/types\/post"}],"author":[{"embeddable":true,"href":"https:\/\/jornalfatosenoticias.com.br\/index.php\/wp-json\/wp\/v2\/users\/2"}],"replies":[{"embeddable":true,"href":"https:\/\/jornalfatosenoticias.com.br\/index.php\/wp-json\/wp\/v2\/comments?post=37642"}],"version-history":[{"count":0,"href":"https:\/\/jornalfatosenoticias.com.br\/index.php\/wp-json\/wp\/v2\/posts\/37642\/revisions"}],"wp:featuredmedia":[{"embeddable":true,"href":"https:\/\/jornalfatosenoticias.com.br\/index.php\/wp-json\/wp\/v2\/media\/37644"}],"wp:attachment":[{"href":"https:\/\/jornalfatosenoticias.com.br\/index.php\/wp-json\/wp\/v2\/media?parent=37642"}],"wp:term":[{"taxonomy":"category","embeddable":true,"href":"https:\/\/jornalfatosenoticias.com.br\/index.php\/wp-json\/wp\/v2\/categories?post=37642"},{"taxonomy":"post_tag","embeddable":true,"href":"https:\/\/jornalfatosenoticias.com.br\/index.php\/wp-json\/wp\/v2\/tags?post=37642"}],"curies":[{"name":"wp","href":"https:\/\/api.w.org\/{rel}","templated":true}]}}