{"id":37650,"date":"2023-01-11T15:30:33","date_gmt":"2023-01-11T18:30:33","guid":{"rendered":"https:\/\/jornalfatosenoticias.com.br\/?p=37650"},"modified":"2023-01-11T15:30:34","modified_gmt":"2023-01-11T18:30:34","slug":"corte-interamericana-ordena-medidas-de-protecao-a-presos-politicos-na-nicaragua","status":"publish","type":"post","link":"https:\/\/jornalfatosenoticias.com.br\/index.php\/2023\/01\/11\/corte-interamericana-ordena-medidas-de-protecao-a-presos-politicos-na-nicaragua\/","title":{"rendered":"Corte Interamericana ordena medidas de prote\u00e7\u00e3o a presos pol\u00edticos na Nicar\u00e1gua"},"content":{"rendered":"\n<p><em><span class=\"has-inline-color has-black-color\">A decis\u00e3o atinge ex-candidatos presidenciais, jornalistas, l\u00edderes sociais, empres\u00e1rios e estudantes, entre outros<\/span><\/em><\/p>\n\n\n\n<div class=\"wp-block-image\"><figure class=\"aligncenter size-large\"><img loading=\"lazy\" decoding=\"async\" width=\"729\" height=\"90\" src=\"https:\/\/jornalfatosenoticias.com.br\/wp-content\/uploads\/2020\/02\/Logo_Mizu.png\" alt=\"\" class=\"wp-image-1441\" srcset=\"https:\/\/jornalfatosenoticias.com.br\/wp-content\/uploads\/2020\/02\/Logo_Mizu.png 729w, https:\/\/jornalfatosenoticias.com.br\/wp-content\/uploads\/2020\/02\/Logo_Mizu-300x37.png 300w\" sizes=\"auto, (max-width: 729px) 100vw, 729px\" \/><\/figure><\/div>\n\n\n\n<p>Nesta ter\u00e7a-feira (10), a Corte Interamericana de Direitos Humanos (Corte IDH) ordenou medidas de prote\u00e7\u00e3o e a liberta\u00e7\u00e3o de 11 opositores presos na Nicar\u00e1gua, no quadro da crise pol\u00edtica e social que o pa\u00eds vive desde 2018 como resultado de protestos contra o regime, por Daniel Ortega.<\/p>\n\n\n\n<div class=\"wp-block-image\"><figure class=\"aligncenter size-large\"><img loading=\"lazy\" decoding=\"async\" width=\"300\" height=\"250\" src=\"https:\/\/jornalfatosenoticias.com.br\/wp-content\/uploads\/2022\/08\/arte-Casarao.jpg\" alt=\"\" class=\"wp-image-33178\"\/><\/figure><\/div>\n\n\n\n<p>A Corte Interamericana emitiu uma resolu\u00e7\u00e3o na qual concede &#8220;medidas urgentes para proteger e garantir seus direitos \u00e0 vida, integridade, sa\u00fade, acesso \u00e0 alimenta\u00e7\u00e3o adequada e integridade pessoal&#8221; em favor de 11 pessoas que organiza\u00e7\u00f5es n\u00e3o governamentais consideram presas pol\u00edticas.<\/p>\n\n\n\n<div class=\"wp-block-image\"><figure class=\"aligncenter size-large\"><img loading=\"lazy\" decoding=\"async\" width=\"1024\" height=\"100\" src=\"https:\/\/jornalfatosenoticias.com.br\/wp-content\/uploads\/2022\/05\/NOVA-LOGO-CESCONETTO-1024x100.jpg\" alt=\"\" class=\"wp-image-30792\" srcset=\"https:\/\/jornalfatosenoticias.com.br\/wp-content\/uploads\/2022\/05\/NOVA-LOGO-CESCONETTO-1024x100.jpg 1024w, https:\/\/jornalfatosenoticias.com.br\/wp-content\/uploads\/2022\/05\/NOVA-LOGO-CESCONETTO-300x29.jpg 300w, https:\/\/jornalfatosenoticias.com.br\/wp-content\/uploads\/2022\/05\/NOVA-LOGO-CESCONETTO-768x75.jpg 768w, https:\/\/jornalfatosenoticias.com.br\/wp-content\/uploads\/2022\/05\/NOVA-LOGO-CESCONETTO.jpg 1280w\" sizes=\"auto, (max-width: 1024px) 100vw, 1024px\" \/><\/figure><\/div>\n\n\n\n<p>Os benefici\u00e1rios s\u00e3o Norlan Jos\u00e9 C\u00e1rdenas Ortiz, Jaime Enrique Navarrete Bland\u00f3n, Osman Marcel Aguilar Rodr\u00edguez, Jos\u00e9 Santos S\u00e1nchez Rodr\u00edguez, Ezequiel de Jes\u00fas Gonz\u00e1lez Alvarado, Denis Javier Palacios Hern\u00e1ndez, Uriel Jos\u00e9 P\u00e9rez, Ernesto Antonio Ram\u00edrez Garc\u00eda, Edder Oniel Mu\u00f1oz Centeno, Nidia Lorena Barbosa Castillo e Juan Lorenzo Holmann Chamorro.<\/p>\n\n\n\n<div class=\"wp-block-image\"><figure class=\"aligncenter size-large is-resized\"><img loading=\"lazy\" decoding=\"async\" src=\"https:\/\/jornalfatosenoticias.com.br\/wp-content\/uploads\/2020\/02\/nova-logo-Marquetti.jpg\" alt=\"\" class=\"wp-image-22331\" width=\"254\" height=\"171\" srcset=\"https:\/\/jornalfatosenoticias.com.br\/wp-content\/uploads\/2020\/02\/nova-logo-Marquetti.jpg 643w, https:\/\/jornalfatosenoticias.com.br\/wp-content\/uploads\/2020\/02\/nova-logo-Marquetti-300x202.jpg 300w\" sizes=\"auto, (max-width: 254px) 100vw, 254px\" \/><\/figure><\/div>\n\n\n\n<p>As medidas de prote\u00e7\u00e3o tamb\u00e9m se estendem aos n\u00facleos familiares dessas pessoas na Nicar\u00e1gua. Esta \u00e9 mais uma das in\u00fameras resolu\u00e7\u00f5es de medidas de prote\u00e7\u00e3o e soltura que a Corte Interamericana emitiu a favor de pessoas consideradas presas pol\u00edticas na Nicar\u00e1gua , e que o regime desse pa\u00eds ignorou.<\/p>\n\n\n\n<div class=\"wp-block-image\"><figure class=\"aligncenter size-large\"><img decoding=\"async\" src=\"https:\/\/jornalfatosenoticias.com.br\/wp-content\/uploads\/2020\/02\/logo-embacia-1-1024x110.jpg\" alt=\"\" class=\"wp-image-33954\"\/><\/figure><\/div>\n\n\n\n<p>Em 29 de novembro, a Corte Interamericana declarou a Nicar\u00e1gua em &#8220;desrespeito permanente&#8221; \u00e0s \u200b\u200bordens de liberta\u00e7\u00e3o de opositores presos e anunciou que encaminhar\u00e1 a situa\u00e7\u00e3o \u00e0 Assembl\u00e9ia Geral da Organiza\u00e7\u00e3o dos Estados Americanos (OEA).<\/p>\n\n\n\n<div class=\"wp-block-image\"><figure class=\"aligncenter size-large is-resized\"><img loading=\"lazy\" decoding=\"async\" src=\"https:\/\/jornalfatosenoticias.com.br\/wp-content\/uploads\/2022\/08\/logo-locau-veiculos-1024x573.png\" alt=\"\" class=\"wp-image-33078\" width=\"278\" height=\"155\"\/><\/figure><\/div>\n\n\n\n<p>A Corte IDH detalhou naquele dia que o Estado da Nicar\u00e1gua manifestou sua n\u00e3o aceita\u00e7\u00e3o e rep\u00fadio \u00e0s medidas provis\u00f3rias adotadas em favor de 75 opositores ao regime presos, resolu\u00e7\u00f5es que t\u00eam datas de 24 de junho, 9 de setembro, 4 de novembro e 22. 2021, bem como 25 de maio e 4 de outubro de 2022.<\/p>\n\n\n\n<div class=\"wp-block-image\"><figure class=\"alignleft size-large\"><img decoding=\"async\" src=\"https:\/\/jornalfatosenoticias.com.br\/wp-content\/uploads\/2020\/02\/barao-das-carnes-300x164-1.jpg\" alt=\"\" class=\"wp-image-34339\"\/><\/figure><\/div>\n\n\n\n<p>A estas resolu\u00e7\u00f5es soma-se a desta ter\u00e7a-feira a favor de outras 11 pessoas.<br>Em todas essas resolu\u00e7\u00f5es , a Corte Interamericana ordenou a liberta\u00e7\u00e3o imediata de opositores presos, incluindo ex-candidatos presidenciais, jornalistas, l\u00edderes sociais, empres\u00e1rios e estudantes, entre outros.<\/p>\n\n\n\n<div class=\"wp-block-image\"><figure class=\"aligncenter size-large\"><img loading=\"lazy\" decoding=\"async\" width=\"1024\" height=\"100\" src=\"https:\/\/jornalfatosenoticias.com.br\/wp-content\/uploads\/2020\/02\/banner_ferramentas-1024x100.jpg\" alt=\"\" class=\"wp-image-1258\" srcset=\"https:\/\/jornalfatosenoticias.com.br\/wp-content\/uploads\/2020\/02\/banner_ferramentas-1024x100.jpg 1024w, https:\/\/jornalfatosenoticias.com.br\/wp-content\/uploads\/2020\/02\/banner_ferramentas-300x29.jpg 300w, https:\/\/jornalfatosenoticias.com.br\/wp-content\/uploads\/2020\/02\/banner_ferramentas-768x75.jpg 768w, https:\/\/jornalfatosenoticias.com.br\/wp-content\/uploads\/2020\/02\/banner_ferramentas.jpg 1227w\" sizes=\"auto, (max-width: 1024px) 100vw, 1024px\" \/><\/figure><\/div>\n\n\n\n<p>A Corte IDH afirmou em seu pronunciamento de novembro passado que \u201ca deten\u00e7\u00e3o dos benefici\u00e1rios das medidas provis\u00f3rias, bem como os processos penais instaurados contra todos eles, evidenciam um processo de persegui\u00e7\u00e3o e criminaliza\u00e7\u00e3o das pessoas que se identificam como oposi\u00e7\u00e3o ao atual governo da Nicar\u00e1gua&#8221;.<\/p>\n\n\n\n<div class=\"wp-block-image\"><figure class=\"aligncenter size-large\"><img decoding=\"async\" src=\"https:\/\/jornalfatosenoticias.com.br\/wp-content\/uploads\/2020\/02\/logo_esteio.jpg\" alt=\"\" class=\"wp-image-1214\"\/><\/figure><\/div>\n\n\n\n<p>Segundo informa\u00e7\u00e3o da Corte IDH, at\u00e9 novembro passado, a Nicar\u00e1gua havia enviado 19 comunica\u00e7\u00f5es nas quais expressava sua rejei\u00e7\u00e3o \u00e0s medidas provis\u00f3rias \u201cpor considerar que seguem um roteiro imposto pelos Estados Unidos da Am\u00e9rica\u201d \u200b\u200b\u200b\u200be \u201cinclua uma narrativa tendenciosa\u201d.<\/p>\n\n\n\n<div class=\"wp-block-image\"><figure class=\"alignright size-large is-resized\"><img decoding=\"async\" src=\"https:\/\/jornalfatosenoticias.com.br\/wp-content\/uploads\/2020\/02\/logo-clinica-limoeiro.jpg\" alt=\"\" class=\"wp-image-34610\" width=\"-116\" height=\"-82\"\/><\/figure><\/div>\n\n\n\n<p>A Nicar\u00e1gua vive uma crise desde abril de 2018, que se agravou ap\u00f3s as pol\u00eamicas elei\u00e7\u00f5es gerais de 7 de novembro de 2021, nas quais Ortega foi reeleito para um quinto mandato, o quarto consecutivo e o segundo com sua esposa, Rosario Murillo, como vice-presidente, com seus principais contendores na pris\u00e3o ou no ex\u00edlio.<br>Em abril de 2018, milhares de nicaraguenses foram \u00e0s ruas para protestar contra as pol\u00eamicas reformas da previd\u00eancia social, que mais tarde se transformaram em um pedido de ren\u00fancia de Ortega, que respondeu com for\u00e7a.<\/p>\n\n\n\n<div class=\"wp-block-image\"><figure class=\"aligncenter size-large is-resized\"><img loading=\"lazy\" decoding=\"async\" src=\"https:\/\/jornalfatosenoticias.com.br\/wp-content\/uploads\/2022\/02\/Precisao-Contabilidade-1024x724.jpg\" alt=\"\" class=\"wp-image-28088\" width=\"265\" height=\"187\"\/><\/figure><\/div>\n\n\n\n<p>Os protestos deixaram pelo menos 355 mortos segundo a CIDH, embora as organiza\u00e7\u00f5es locais elevem o n\u00famero para 684 e o regime reconhe\u00e7a 200.<\/p>\n\n\n\n<div class=\"wp-block-image\"><figure class=\"aligncenter size-large\"><img loading=\"lazy\" decoding=\"async\" width=\"1024\" height=\"103\" src=\"https:\/\/jornalfatosenoticias.com.br\/wp-content\/uploads\/2020\/02\/Arte-Autoescola-Galatas_endereco_portal-1024x103.png\" alt=\"\" class=\"wp-image-1451\" srcset=\"https:\/\/jornalfatosenoticias.com.br\/wp-content\/uploads\/2020\/02\/Arte-Autoescola-Galatas_endereco_portal-1024x103.png 1024w, https:\/\/jornalfatosenoticias.com.br\/wp-content\/uploads\/2020\/02\/Arte-Autoescola-Galatas_endereco_portal-300x30.png 300w, https:\/\/jornalfatosenoticias.com.br\/wp-content\/uploads\/2020\/02\/Arte-Autoescola-Galatas_endereco_portal-768x77.png 768w, https:\/\/jornalfatosenoticias.com.br\/wp-content\/uploads\/2020\/02\/Arte-Autoescola-Galatas_endereco_portal.png 1223w\" sizes=\"auto, (max-width: 1024px) 100vw, 1024px\" \/><\/figure><\/div>\n\n\n\n<p><strong><em>Fonte: <a href=\"https:\/\/gazetabrasil.com.br\/mundo\/2023\/01\/11\/corte-interamericana-ordena-medidas-de-protecao-a-presos-politicos-na-nicaragua\/\">Gazeta Brasil<\/a><\/em><\/strong><\/p>\n","protected":false},"excerpt":{"rendered":"<p>A decis\u00e3o atinge ex-candidatos presidenciais, jornalistas, l\u00edderes sociais, empres\u00e1rios e estudantes, entre outros Nesta ter\u00e7a-feira (10), a Corte Interamericana de Direitos Humanos (Corte IDH) ordenou medidas de prote\u00e7\u00e3o e a liberta\u00e7\u00e3o de 11 opositores presos na Nicar\u00e1gua, no quadro da crise pol\u00edtica e social que o pa\u00eds vive desde 2018 como resultado de protestos contra [&hellip;]<\/p>\n","protected":false},"author":2,"featured_media":37651,"comment_status":"open","ping_status":"open","sticky":false,"template":"","format":"standard","meta":{"footnotes":""},"categories":[41],"tags":[17666,16508,1244,589,17667],"class_list":["post-37650","post","type-post","status-publish","format-standard","has-post-thumbnail","hentry","category-internacional","tag-corte-interamericana-de-direitos-humanos","tag-daniel-ortega","tag-ditadura","tag-nicaragua","tag-presos-politicos"],"yoast_head":"<!-- This site is optimized with the Yoast SEO plugin v26.5 - https:\/\/yoast.com\/wordpress\/plugins\/seo\/ -->\n<title>Corte Interamericana ordena medidas de prote\u00e7\u00e3o a presos pol\u00edticos na Nicar\u00e1gua - Jornal Fatos e Not\u00edcias<\/title>\n<meta name=\"robots\" content=\"index, follow, max-snippet:-1, max-image-preview:large, max-video-preview:-1\" \/>\n<link rel=\"canonical\" href=\"https:\/\/jornalfatosenoticias.com.br\/index.php\/2023\/01\/11\/corte-interamericana-ordena-medidas-de-protecao-a-presos-politicos-na-nicaragua\/\" \/>\n<meta property=\"og:locale\" content=\"pt_BR\" \/>\n<meta property=\"og:type\" content=\"article\" \/>\n<meta property=\"og:title\" content=\"Corte Interamericana ordena medidas de prote\u00e7\u00e3o a presos pol\u00edticos na Nicar\u00e1gua - Jornal Fatos e Not\u00edcias\" \/>\n<meta property=\"og:description\" content=\"A decis\u00e3o atinge ex-candidatos presidenciais, jornalistas, l\u00edderes sociais, empres\u00e1rios e estudantes, entre outros Nesta ter\u00e7a-feira (10), a Corte Interamericana de Direitos Humanos (Corte IDH) ordenou medidas de prote\u00e7\u00e3o e a liberta\u00e7\u00e3o de 11 opositores presos na Nicar\u00e1gua, no quadro da crise pol\u00edtica e social que o pa\u00eds vive desde 2018 como resultado de protestos contra [&hellip;]\" \/>\n<meta property=\"og:url\" content=\"https:\/\/jornalfatosenoticias.com.br\/index.php\/2023\/01\/11\/corte-interamericana-ordena-medidas-de-protecao-a-presos-politicos-na-nicaragua\/\" \/>\n<meta property=\"og:site_name\" content=\"Jornal Fatos e Not\u00edcias\" \/>\n<meta property=\"article:published_time\" content=\"2023-01-11T18:30:33+00:00\" \/>\n<meta property=\"article:modified_time\" content=\"2023-01-11T18:30:34+00:00\" \/>\n<meta property=\"og:image\" content=\"https:\/\/jornalfatosenoticias.com.br\/wp-content\/uploads\/2023\/01\/Daniel-Ortega.jpg\" \/>\n\t<meta property=\"og:image:width\" content=\"1000\" \/>\n\t<meta property=\"og:image:height\" content=\"576\" \/>\n\t<meta property=\"og:image:type\" content=\"image\/jpeg\" \/>\n<meta name=\"author\" content=\"Luzimara Fernandes\" \/>\n<meta name=\"twitter:card\" content=\"summary_large_image\" \/>\n<meta name=\"twitter:label1\" content=\"Escrito por\" \/>\n\t<meta name=\"twitter:data1\" content=\"Luzimara Fernandes\" \/>\n\t<meta name=\"twitter:label2\" content=\"Est. tempo de leitura\" \/>\n\t<meta name=\"twitter:data2\" content=\"3 minutos\" \/>\n<script type=\"application\/ld+json\" class=\"yoast-schema-graph\">{\"@context\":\"https:\/\/schema.org\",\"@graph\":[{\"@type\":\"Article\",\"@id\":\"https:\/\/jornalfatosenoticias.com.br\/index.php\/2023\/01\/11\/corte-interamericana-ordena-medidas-de-protecao-a-presos-politicos-na-nicaragua\/#article\",\"isPartOf\":{\"@id\":\"https:\/\/jornalfatosenoticias.com.br\/index.php\/2023\/01\/11\/corte-interamericana-ordena-medidas-de-protecao-a-presos-politicos-na-nicaragua\/\"},\"author\":{\"name\":\"Luzimara Fernandes\",\"@id\":\"https:\/\/jornalfatosenoticias.com.br\/#\/schema\/person\/d63837fa13ac8666eb9e74e0985d6f81\"},\"headline\":\"Corte Interamericana ordena medidas de prote\u00e7\u00e3o a presos pol\u00edticos na Nicar\u00e1gua\",\"datePublished\":\"2023-01-11T18:30:33+00:00\",\"dateModified\":\"2023-01-11T18:30:34+00:00\",\"mainEntityOfPage\":{\"@id\":\"https:\/\/jornalfatosenoticias.com.br\/index.php\/2023\/01\/11\/corte-interamericana-ordena-medidas-de-protecao-a-presos-politicos-na-nicaragua\/\"},\"wordCount\":597,\"commentCount\":0,\"publisher\":{\"@id\":\"https:\/\/jornalfatosenoticias.com.br\/#organization\"},\"image\":{\"@id\":\"https:\/\/jornalfatosenoticias.com.br\/index.php\/2023\/01\/11\/corte-interamericana-ordena-medidas-de-protecao-a-presos-politicos-na-nicaragua\/#primaryimage\"},\"thumbnailUrl\":\"https:\/\/jornalfatosenoticias.com.br\/wp-content\/uploads\/2023\/01\/Daniel-Ortega.jpg\",\"keywords\":[\"Corte Interamericana de Direitos Humanos\",\"Daniel Ortega\",\"ditadura\",\"Nicar\u00e1gua\",\"presos pol\u00edticos\"],\"articleSection\":[\"Internacional\"],\"inLanguage\":\"pt-BR\",\"potentialAction\":[{\"@type\":\"CommentAction\",\"name\":\"Comment\",\"target\":[\"https:\/\/jornalfatosenoticias.com.br\/index.php\/2023\/01\/11\/corte-interamericana-ordena-medidas-de-protecao-a-presos-politicos-na-nicaragua\/#respond\"]}]},{\"@type\":\"WebPage\",\"@id\":\"https:\/\/jornalfatosenoticias.com.br\/index.php\/2023\/01\/11\/corte-interamericana-ordena-medidas-de-protecao-a-presos-politicos-na-nicaragua\/\",\"url\":\"https:\/\/jornalfatosenoticias.com.br\/index.php\/2023\/01\/11\/corte-interamericana-ordena-medidas-de-protecao-a-presos-politicos-na-nicaragua\/\",\"name\":\"Corte Interamericana ordena medidas de prote\u00e7\u00e3o a presos pol\u00edticos na Nicar\u00e1gua - Jornal Fatos e Not\u00edcias\",\"isPartOf\":{\"@id\":\"https:\/\/jornalfatosenoticias.com.br\/#website\"},\"primaryImageOfPage\":{\"@id\":\"https:\/\/jornalfatosenoticias.com.br\/index.php\/2023\/01\/11\/corte-interamericana-ordena-medidas-de-protecao-a-presos-politicos-na-nicaragua\/#primaryimage\"},\"image\":{\"@id\":\"https:\/\/jornalfatosenoticias.com.br\/index.php\/2023\/01\/11\/corte-interamericana-ordena-medidas-de-protecao-a-presos-politicos-na-nicaragua\/#primaryimage\"},\"thumbnailUrl\":\"https:\/\/jornalfatosenoticias.com.br\/wp-content\/uploads\/2023\/01\/Daniel-Ortega.jpg\",\"datePublished\":\"2023-01-11T18:30:33+00:00\",\"dateModified\":\"2023-01-11T18:30:34+00:00\",\"breadcrumb\":{\"@id\":\"https:\/\/jornalfatosenoticias.com.br\/index.php\/2023\/01\/11\/corte-interamericana-ordena-medidas-de-protecao-a-presos-politicos-na-nicaragua\/#breadcrumb\"},\"inLanguage\":\"pt-BR\",\"potentialAction\":[{\"@type\":\"ReadAction\",\"target\":[\"https:\/\/jornalfatosenoticias.com.br\/index.php\/2023\/01\/11\/corte-interamericana-ordena-medidas-de-protecao-a-presos-politicos-na-nicaragua\/\"]}]},{\"@type\":\"ImageObject\",\"inLanguage\":\"pt-BR\",\"@id\":\"https:\/\/jornalfatosenoticias.com.br\/index.php\/2023\/01\/11\/corte-interamericana-ordena-medidas-de-protecao-a-presos-politicos-na-nicaragua\/#primaryimage\",\"url\":\"https:\/\/jornalfatosenoticias.com.br\/wp-content\/uploads\/2023\/01\/Daniel-Ortega.jpg\",\"contentUrl\":\"https:\/\/jornalfatosenoticias.com.br\/wp-content\/uploads\/2023\/01\/Daniel-Ortega.jpg\",\"width\":1000,\"height\":576},{\"@type\":\"BreadcrumbList\",\"@id\":\"https:\/\/jornalfatosenoticias.com.br\/index.php\/2023\/01\/11\/corte-interamericana-ordena-medidas-de-protecao-a-presos-politicos-na-nicaragua\/#breadcrumb\",\"itemListElement\":[{\"@type\":\"ListItem\",\"position\":1,\"name\":\"In\u00edcio\",\"item\":\"https:\/\/jornalfatosenoticias.com.br\/\"},{\"@type\":\"ListItem\",\"position\":2,\"name\":\"Corte Interamericana ordena medidas de prote\u00e7\u00e3o a presos pol\u00edticos na Nicar\u00e1gua\"}]},{\"@type\":\"WebSite\",\"@id\":\"https:\/\/jornalfatosenoticias.com.br\/#website\",\"url\":\"https:\/\/jornalfatosenoticias.com.br\/\",\"name\":\"Jornal Fatos e Not\u00edcias\",\"description\":\"Not\u00edcias em geral\",\"publisher\":{\"@id\":\"https:\/\/jornalfatosenoticias.com.br\/#organization\"},\"potentialAction\":[{\"@type\":\"SearchAction\",\"target\":{\"@type\":\"EntryPoint\",\"urlTemplate\":\"https:\/\/jornalfatosenoticias.com.br\/?s={search_term_string}\"},\"query-input\":{\"@type\":\"PropertyValueSpecification\",\"valueRequired\":true,\"valueName\":\"search_term_string\"}}],\"inLanguage\":\"pt-BR\"},{\"@type\":\"Organization\",\"@id\":\"https:\/\/jornalfatosenoticias.com.br\/#organization\",\"name\":\"Jornal Fatos e Not\u00edcias\",\"url\":\"https:\/\/jornalfatosenoticias.com.br\/\",\"logo\":{\"@type\":\"ImageObject\",\"inLanguage\":\"pt-BR\",\"@id\":\"https:\/\/jornalfatosenoticias.com.br\/#\/schema\/logo\/image\/\",\"url\":\"https:\/\/jornalfatosenoticias.com.br\/wp-content\/uploads\/2020\/02\/logo120.png\",\"contentUrl\":\"https:\/\/jornalfatosenoticias.com.br\/wp-content\/uploads\/2020\/02\/logo120.png\",\"width\":1227,\"height\":120,\"caption\":\"Jornal Fatos e Not\u00edcias\"},\"image\":{\"@id\":\"https:\/\/jornalfatosenoticias.com.br\/#\/schema\/logo\/image\/\"}},{\"@type\":\"Person\",\"@id\":\"https:\/\/jornalfatosenoticias.com.br\/#\/schema\/person\/d63837fa13ac8666eb9e74e0985d6f81\",\"name\":\"Luzimara Fernandes\",\"image\":{\"@type\":\"ImageObject\",\"inLanguage\":\"pt-BR\",\"@id\":\"https:\/\/jornalfatosenoticias.com.br\/#\/schema\/person\/image\/\",\"url\":\"https:\/\/jornalfatosenoticias.com.br\/wp-content\/uploads\/2025\/05\/EU_portal.jpg\",\"contentUrl\":\"https:\/\/jornalfatosenoticias.com.br\/wp-content\/uploads\/2025\/05\/EU_portal.jpg\",\"caption\":\"Luzimara Fernandes\"},\"description\":\"Jornalista MTB 2358-ES\",\"sameAs\":[\"https:\/\/jornalfatosenoticias.com.br\"],\"url\":\"https:\/\/jornalfatosenoticias.com.br\/index.php\/author\/luzimara\/\"}]}<\/script>\n<!-- \/ Yoast SEO plugin. -->","yoast_head_json":{"title":"Corte Interamericana ordena medidas de prote\u00e7\u00e3o a presos pol\u00edticos na Nicar\u00e1gua - Jornal Fatos e Not\u00edcias","robots":{"index":"index","follow":"follow","max-snippet":"max-snippet:-1","max-image-preview":"max-image-preview:large","max-video-preview":"max-video-preview:-1"},"canonical":"https:\/\/jornalfatosenoticias.com.br\/index.php\/2023\/01\/11\/corte-interamericana-ordena-medidas-de-protecao-a-presos-politicos-na-nicaragua\/","og_locale":"pt_BR","og_type":"article","og_title":"Corte Interamericana ordena medidas de prote\u00e7\u00e3o a presos pol\u00edticos na Nicar\u00e1gua - Jornal Fatos e Not\u00edcias","og_description":"A decis\u00e3o atinge ex-candidatos presidenciais, jornalistas, l\u00edderes sociais, empres\u00e1rios e estudantes, entre outros Nesta ter\u00e7a-feira (10), a Corte Interamericana de Direitos Humanos (Corte IDH) ordenou medidas de prote\u00e7\u00e3o e a liberta\u00e7\u00e3o de 11 opositores presos na Nicar\u00e1gua, no quadro da crise pol\u00edtica e social que o pa\u00eds vive desde 2018 como resultado de protestos contra [&hellip;]","og_url":"https:\/\/jornalfatosenoticias.com.br\/index.php\/2023\/01\/11\/corte-interamericana-ordena-medidas-de-protecao-a-presos-politicos-na-nicaragua\/","og_site_name":"Jornal Fatos e Not\u00edcias","article_published_time":"2023-01-11T18:30:33+00:00","article_modified_time":"2023-01-11T18:30:34+00:00","og_image":[{"width":1000,"height":576,"url":"https:\/\/jornalfatosenoticias.com.br\/wp-content\/uploads\/2023\/01\/Daniel-Ortega.jpg","type":"image\/jpeg"}],"author":"Luzimara Fernandes","twitter_card":"summary_large_image","twitter_misc":{"Escrito por":"Luzimara Fernandes","Est. tempo de leitura":"3 minutos"},"schema":{"@context":"https:\/\/schema.org","@graph":[{"@type":"Article","@id":"https:\/\/jornalfatosenoticias.com.br\/index.php\/2023\/01\/11\/corte-interamericana-ordena-medidas-de-protecao-a-presos-politicos-na-nicaragua\/#article","isPartOf":{"@id":"https:\/\/jornalfatosenoticias.com.br\/index.php\/2023\/01\/11\/corte-interamericana-ordena-medidas-de-protecao-a-presos-politicos-na-nicaragua\/"},"author":{"name":"Luzimara Fernandes","@id":"https:\/\/jornalfatosenoticias.com.br\/#\/schema\/person\/d63837fa13ac8666eb9e74e0985d6f81"},"headline":"Corte Interamericana ordena medidas de prote\u00e7\u00e3o a presos pol\u00edticos na Nicar\u00e1gua","datePublished":"2023-01-11T18:30:33+00:00","dateModified":"2023-01-11T18:30:34+00:00","mainEntityOfPage":{"@id":"https:\/\/jornalfatosenoticias.com.br\/index.php\/2023\/01\/11\/corte-interamericana-ordena-medidas-de-protecao-a-presos-politicos-na-nicaragua\/"},"wordCount":597,"commentCount":0,"publisher":{"@id":"https:\/\/jornalfatosenoticias.com.br\/#organization"},"image":{"@id":"https:\/\/jornalfatosenoticias.com.br\/index.php\/2023\/01\/11\/corte-interamericana-ordena-medidas-de-protecao-a-presos-politicos-na-nicaragua\/#primaryimage"},"thumbnailUrl":"https:\/\/jornalfatosenoticias.com.br\/wp-content\/uploads\/2023\/01\/Daniel-Ortega.jpg","keywords":["Corte Interamericana de Direitos Humanos","Daniel Ortega","ditadura","Nicar\u00e1gua","presos pol\u00edticos"],"articleSection":["Internacional"],"inLanguage":"pt-BR","potentialAction":[{"@type":"CommentAction","name":"Comment","target":["https:\/\/jornalfatosenoticias.com.br\/index.php\/2023\/01\/11\/corte-interamericana-ordena-medidas-de-protecao-a-presos-politicos-na-nicaragua\/#respond"]}]},{"@type":"WebPage","@id":"https:\/\/jornalfatosenoticias.com.br\/index.php\/2023\/01\/11\/corte-interamericana-ordena-medidas-de-protecao-a-presos-politicos-na-nicaragua\/","url":"https:\/\/jornalfatosenoticias.com.br\/index.php\/2023\/01\/11\/corte-interamericana-ordena-medidas-de-protecao-a-presos-politicos-na-nicaragua\/","name":"Corte Interamericana ordena medidas de prote\u00e7\u00e3o a presos pol\u00edticos na Nicar\u00e1gua - Jornal Fatos e Not\u00edcias","isPartOf":{"@id":"https:\/\/jornalfatosenoticias.com.br\/#website"},"primaryImageOfPage":{"@id":"https:\/\/jornalfatosenoticias.com.br\/index.php\/2023\/01\/11\/corte-interamericana-ordena-medidas-de-protecao-a-presos-politicos-na-nicaragua\/#primaryimage"},"image":{"@id":"https:\/\/jornalfatosenoticias.com.br\/index.php\/2023\/01\/11\/corte-interamericana-ordena-medidas-de-protecao-a-presos-politicos-na-nicaragua\/#primaryimage"},"thumbnailUrl":"https:\/\/jornalfatosenoticias.com.br\/wp-content\/uploads\/2023\/01\/Daniel-Ortega.jpg","datePublished":"2023-01-11T18:30:33+00:00","dateModified":"2023-01-11T18:30:34+00:00","breadcrumb":{"@id":"https:\/\/jornalfatosenoticias.com.br\/index.php\/2023\/01\/11\/corte-interamericana-ordena-medidas-de-protecao-a-presos-politicos-na-nicaragua\/#breadcrumb"},"inLanguage":"pt-BR","potentialAction":[{"@type":"ReadAction","target":["https:\/\/jornalfatosenoticias.com.br\/index.php\/2023\/01\/11\/corte-interamericana-ordena-medidas-de-protecao-a-presos-politicos-na-nicaragua\/"]}]},{"@type":"ImageObject","inLanguage":"pt-BR","@id":"https:\/\/jornalfatosenoticias.com.br\/index.php\/2023\/01\/11\/corte-interamericana-ordena-medidas-de-protecao-a-presos-politicos-na-nicaragua\/#primaryimage","url":"https:\/\/jornalfatosenoticias.com.br\/wp-content\/uploads\/2023\/01\/Daniel-Ortega.jpg","contentUrl":"https:\/\/jornalfatosenoticias.com.br\/wp-content\/uploads\/2023\/01\/Daniel-Ortega.jpg","width":1000,"height":576},{"@type":"BreadcrumbList","@id":"https:\/\/jornalfatosenoticias.com.br\/index.php\/2023\/01\/11\/corte-interamericana-ordena-medidas-de-protecao-a-presos-politicos-na-nicaragua\/#breadcrumb","itemListElement":[{"@type":"ListItem","position":1,"name":"In\u00edcio","item":"https:\/\/jornalfatosenoticias.com.br\/"},{"@type":"ListItem","position":2,"name":"Corte Interamericana ordena medidas de prote\u00e7\u00e3o a presos pol\u00edticos na Nicar\u00e1gua"}]},{"@type":"WebSite","@id":"https:\/\/jornalfatosenoticias.com.br\/#website","url":"https:\/\/jornalfatosenoticias.com.br\/","name":"Jornal Fatos e Not\u00edcias","description":"Not\u00edcias em geral","publisher":{"@id":"https:\/\/jornalfatosenoticias.com.br\/#organization"},"potentialAction":[{"@type":"SearchAction","target":{"@type":"EntryPoint","urlTemplate":"https:\/\/jornalfatosenoticias.com.br\/?s={search_term_string}"},"query-input":{"@type":"PropertyValueSpecification","valueRequired":true,"valueName":"search_term_string"}}],"inLanguage":"pt-BR"},{"@type":"Organization","@id":"https:\/\/jornalfatosenoticias.com.br\/#organization","name":"Jornal Fatos e Not\u00edcias","url":"https:\/\/jornalfatosenoticias.com.br\/","logo":{"@type":"ImageObject","inLanguage":"pt-BR","@id":"https:\/\/jornalfatosenoticias.com.br\/#\/schema\/logo\/image\/","url":"https:\/\/jornalfatosenoticias.com.br\/wp-content\/uploads\/2020\/02\/logo120.png","contentUrl":"https:\/\/jornalfatosenoticias.com.br\/wp-content\/uploads\/2020\/02\/logo120.png","width":1227,"height":120,"caption":"Jornal Fatos e Not\u00edcias"},"image":{"@id":"https:\/\/jornalfatosenoticias.com.br\/#\/schema\/logo\/image\/"}},{"@type":"Person","@id":"https:\/\/jornalfatosenoticias.com.br\/#\/schema\/person\/d63837fa13ac8666eb9e74e0985d6f81","name":"Luzimara Fernandes","image":{"@type":"ImageObject","inLanguage":"pt-BR","@id":"https:\/\/jornalfatosenoticias.com.br\/#\/schema\/person\/image\/","url":"https:\/\/jornalfatosenoticias.com.br\/wp-content\/uploads\/2025\/05\/EU_portal.jpg","contentUrl":"https:\/\/jornalfatosenoticias.com.br\/wp-content\/uploads\/2025\/05\/EU_portal.jpg","caption":"Luzimara Fernandes"},"description":"Jornalista MTB 2358-ES","sameAs":["https:\/\/jornalfatosenoticias.com.br"],"url":"https:\/\/jornalfatosenoticias.com.br\/index.php\/author\/luzimara\/"}]}},"cc_featured_image_caption":{"caption_text":"(Foto: Reprodu\u00e7\u00e3o\/Divulga\u00e7\u00e3o)","source_text":"","source_url":""},"jetpack_featured_media_url":"https:\/\/jornalfatosenoticias.com.br\/wp-content\/uploads\/2023\/01\/Daniel-Ortega.jpg","_links":{"self":[{"href":"https:\/\/jornalfatosenoticias.com.br\/index.php\/wp-json\/wp\/v2\/posts\/37650","targetHints":{"allow":["GET"]}}],"collection":[{"href":"https:\/\/jornalfatosenoticias.com.br\/index.php\/wp-json\/wp\/v2\/posts"}],"about":[{"href":"https:\/\/jornalfatosenoticias.com.br\/index.php\/wp-json\/wp\/v2\/types\/post"}],"author":[{"embeddable":true,"href":"https:\/\/jornalfatosenoticias.com.br\/index.php\/wp-json\/wp\/v2\/users\/2"}],"replies":[{"embeddable":true,"href":"https:\/\/jornalfatosenoticias.com.br\/index.php\/wp-json\/wp\/v2\/comments?post=37650"}],"version-history":[{"count":0,"href":"https:\/\/jornalfatosenoticias.com.br\/index.php\/wp-json\/wp\/v2\/posts\/37650\/revisions"}],"wp:featuredmedia":[{"embeddable":true,"href":"https:\/\/jornalfatosenoticias.com.br\/index.php\/wp-json\/wp\/v2\/media\/37651"}],"wp:attachment":[{"href":"https:\/\/jornalfatosenoticias.com.br\/index.php\/wp-json\/wp\/v2\/media?parent=37650"}],"wp:term":[{"taxonomy":"category","embeddable":true,"href":"https:\/\/jornalfatosenoticias.com.br\/index.php\/wp-json\/wp\/v2\/categories?post=37650"},{"taxonomy":"post_tag","embeddable":true,"href":"https:\/\/jornalfatosenoticias.com.br\/index.php\/wp-json\/wp\/v2\/tags?post=37650"}],"curies":[{"name":"wp","href":"https:\/\/api.w.org\/{rel}","templated":true}]}}