{"id":37674,"date":"2023-01-11T18:27:48","date_gmt":"2023-01-11T21:27:48","guid":{"rendered":"https:\/\/jornalfatosenoticias.com.br\/?p=37674"},"modified":"2023-01-11T18:27:49","modified_gmt":"2023-01-11T21:27:49","slug":"espaco-de-convivencia-da-pessoa-idosa-vira-point-do-verao","status":"publish","type":"post","link":"https:\/\/jornalfatosenoticias.com.br\/index.php\/2023\/01\/11\/espaco-de-convivencia-da-pessoa-idosa-vira-point-do-verao\/","title":{"rendered":"Espa\u00e7o de conviv\u00eancia da pessoa idosa vira &#8220;point&#8221; do ver\u00e3o"},"content":{"rendered":"\n<div class=\"wp-block-image\"><figure class=\"aligncenter size-large\"><img decoding=\"async\" src=\"https:\/\/jornalfatosenoticias.com.br\/wp-content\/uploads\/2020\/02\/Serra-Grande-1024x160.png\" alt=\"\" class=\"wp-image-7836\"\/><\/figure><\/div>\n\n\n\n<p>O Centro de Conviv\u00eancia da Terceira Idade (CTI) de Jardim da Penha, se tornou o point do ver\u00e3o, na manh\u00e3 desta quarta-feira (11). \u00c9 que o espa\u00e7o vai promove atividades sociais, integrativas e aqu\u00e1ticas, num encontro intergeracional chamado de &#8220;Ver\u00e3o da Conviv\u00eancia&#8221;.<\/p>\n\n\n\n<div class=\"wp-block-image\"><figure class=\"aligncenter size-large\"><img decoding=\"async\" src=\"https:\/\/jornalfatosenoticias.com.br\/wp-content\/uploads\/2020\/02\/logo_esteio.jpg\" alt=\"\" class=\"wp-image-1214\"\/><\/figure><\/div>\n\n\n\n<p>O espa\u00e7o re\u00fane, al\u00e9m dos idosos que j\u00e1 participam de atividades de conviv\u00eancia no local, crian\u00e7as, adolescentes, pessoas com defici\u00eancia e idosos de outros servi\u00e7os de conviv\u00eancia da cidade. A expectativa \u00e9 que aproximadamente cem pessoas participem dessa primeira edi\u00e7\u00e3o do &#8220;Ver\u00e3o da Conviv\u00eancia&#8221;.<\/p>\n\n\n\n<div class=\"wp-block-image\"><figure class=\"aligncenter size-large is-resized\"><img loading=\"lazy\" decoding=\"async\" src=\"https:\/\/jornalfatosenoticias.com.br\/wp-content\/uploads\/2020\/02\/logo-clinica-limoeiro.jpg\" alt=\"\" class=\"wp-image-34610\" width=\"283\" height=\"201\"\/><\/figure><\/div>\n\n\n\n<p>De acordo com a gerente dos Servi\u00e7os de Conviv\u00eancia e Fortalecimento de V\u00ednculos (SCFV) da Secretaria de Assist\u00eancia Social (SEMAS) de Vit\u00f3ria, Cristina Silva, o objetivo \u00e9 promover a conviv\u00eancia de diferentes gera\u00e7\u00f5es que contribui para a quebra de preconceito com o processo de envelhecimento e trocas de experi\u00eancias dos mais maduros com os mais jovens.<\/p>\n\n\n\n<div class=\"wp-block-image\"><figure class=\"aligncenter size-large\"><img loading=\"lazy\" decoding=\"async\" width=\"1024\" height=\"103\" src=\"https:\/\/jornalfatosenoticias.com.br\/wp-content\/uploads\/2020\/02\/Arte-Autoescola-Galatas_endereco_portal-1024x103.png\" alt=\"\" class=\"wp-image-1451\" srcset=\"https:\/\/jornalfatosenoticias.com.br\/wp-content\/uploads\/2020\/02\/Arte-Autoescola-Galatas_endereco_portal-1024x103.png 1024w, https:\/\/jornalfatosenoticias.com.br\/wp-content\/uploads\/2020\/02\/Arte-Autoescola-Galatas_endereco_portal-300x30.png 300w, https:\/\/jornalfatosenoticias.com.br\/wp-content\/uploads\/2020\/02\/Arte-Autoescola-Galatas_endereco_portal-768x77.png 768w, https:\/\/jornalfatosenoticias.com.br\/wp-content\/uploads\/2020\/02\/Arte-Autoescola-Galatas_endereco_portal.png 1223w\" sizes=\"auto, (max-width: 1024px) 100vw, 1024px\" \/><\/figure><\/div>\n\n\n\n<p>A secret\u00e1ria de Assist\u00eancia Social, Cyntia Schulz, disse que esses momentos s\u00e3o importantes para o fortalecimento de la\u00e7os afetivos familiares e comunit\u00e1rios. <\/p>\n\n\n\n<div class=\"wp-block-image\"><figure class=\"aligncenter size-large\"><img decoding=\"async\" src=\"https:\/\/jornalfatosenoticias.com.br\/wp-content\/uploads\/2020\/02\/barao-das-carnes-300x164-1.jpg\" alt=\"\" class=\"wp-image-34339\"\/><\/figure><\/div>\n\n\n\n<figure class=\"wp-block-pullquote\"><blockquote><p><span class=\"has-inline-color has-luminous-vivid-orange-color\">Os encontros intergeracionais s\u00e3o tamb\u00e9m uma oportunidade de constru\u00e7\u00e3o de um olhar mais respeitoso entre as gera\u00e7\u00f5es&#8221;, comentou Cyntia.<\/span><\/p><\/blockquote><\/figure>\n\n\n\n<p><strong><em>Fonte: <a href=\"https:\/\/www.vitoria.es.gov.br\/noticia\/espaco-de-convivencia-da-pessoa-idosa-vira-point-do-verao-46768\">PMV<\/a><\/em><\/strong><\/p>\n","protected":false},"excerpt":{"rendered":"<p>O Centro de Conviv\u00eancia da Terceira Idade (CTI) de Jardim da Penha, se tornou o point do ver\u00e3o, na manh\u00e3 desta quarta-feira (11). \u00c9 que o espa\u00e7o vai promove atividades sociais, integrativas e aqu\u00e1ticas, num encontro intergeracional chamado de &#8220;Ver\u00e3o da Conviv\u00eancia&#8221;. O espa\u00e7o re\u00fane, al\u00e9m dos idosos que j\u00e1 participam de atividades de conviv\u00eancia [&hellip;]<\/p>\n","protected":false},"author":2,"featured_media":37675,"comment_status":"open","ping_status":"open","sticky":false,"template":"","format":"standard","meta":{"footnotes":""},"categories":[5],"tags":[17677,850,1784,3861],"class_list":["post-37674","post","type-post","status-publish","format-standard","has-post-thumbnail","hentry","category-geral","tag-centro-de-convivencia","tag-idosos","tag-terceira-idade","tag-verao"],"yoast_head":"<!-- This site is optimized with the Yoast SEO plugin v26.5 - https:\/\/yoast.com\/wordpress\/plugins\/seo\/ -->\n<title>Espa\u00e7o de conviv\u00eancia da pessoa idosa vira &quot;point&quot; do ver\u00e3o - Jornal Fatos e Not\u00edcias<\/title>\n<meta name=\"robots\" content=\"index, follow, max-snippet:-1, max-image-preview:large, max-video-preview:-1\" \/>\n<link rel=\"canonical\" href=\"https:\/\/jornalfatosenoticias.com.br\/index.php\/2023\/01\/11\/espaco-de-convivencia-da-pessoa-idosa-vira-point-do-verao\/\" \/>\n<meta property=\"og:locale\" content=\"pt_BR\" \/>\n<meta property=\"og:type\" content=\"article\" \/>\n<meta property=\"og:title\" content=\"Espa\u00e7o de conviv\u00eancia da pessoa idosa vira &quot;point&quot; do ver\u00e3o - Jornal Fatos e Not\u00edcias\" \/>\n<meta property=\"og:description\" content=\"O Centro de Conviv\u00eancia da Terceira Idade (CTI) de Jardim da Penha, se tornou o point do ver\u00e3o, na manh\u00e3 desta quarta-feira (11). \u00c9 que o espa\u00e7o vai promove atividades sociais, integrativas e aqu\u00e1ticas, num encontro intergeracional chamado de &#8220;Ver\u00e3o da Conviv\u00eancia&#8221;. O espa\u00e7o re\u00fane, al\u00e9m dos idosos que j\u00e1 participam de atividades de conviv\u00eancia [&hellip;]\" \/>\n<meta property=\"og:url\" content=\"https:\/\/jornalfatosenoticias.com.br\/index.php\/2023\/01\/11\/espaco-de-convivencia-da-pessoa-idosa-vira-point-do-verao\/\" \/>\n<meta property=\"og:site_name\" content=\"Jornal Fatos e Not\u00edcias\" \/>\n<meta property=\"article:published_time\" content=\"2023-01-11T21:27:48+00:00\" \/>\n<meta property=\"article:modified_time\" content=\"2023-01-11T21:27:49+00:00\" \/>\n<meta property=\"og:image\" content=\"https:\/\/jornalfatosenoticias.com.br\/wp-content\/uploads\/2023\/01\/centro-convivencia-3-idade.jpg\" \/>\n\t<meta property=\"og:image:width\" content=\"1000\" \/>\n\t<meta property=\"og:image:height\" content=\"617\" \/>\n\t<meta property=\"og:image:type\" content=\"image\/jpeg\" \/>\n<meta name=\"author\" content=\"Luzimara Fernandes\" \/>\n<meta name=\"twitter:card\" content=\"summary_large_image\" \/>\n<meta name=\"twitter:label1\" content=\"Escrito por\" \/>\n\t<meta name=\"twitter:data1\" content=\"Luzimara Fernandes\" \/>\n\t<meta name=\"twitter:label2\" content=\"Est. tempo de leitura\" \/>\n\t<meta name=\"twitter:data2\" content=\"1 minuto\" \/>\n<script type=\"application\/ld+json\" class=\"yoast-schema-graph\">{\"@context\":\"https:\/\/schema.org\",\"@graph\":[{\"@type\":\"Article\",\"@id\":\"https:\/\/jornalfatosenoticias.com.br\/index.php\/2023\/01\/11\/espaco-de-convivencia-da-pessoa-idosa-vira-point-do-verao\/#article\",\"isPartOf\":{\"@id\":\"https:\/\/jornalfatosenoticias.com.br\/index.php\/2023\/01\/11\/espaco-de-convivencia-da-pessoa-idosa-vira-point-do-verao\/\"},\"author\":{\"name\":\"Luzimara Fernandes\",\"@id\":\"https:\/\/jornalfatosenoticias.com.br\/#\/schema\/person\/d63837fa13ac8666eb9e74e0985d6f81\"},\"headline\":\"Espa\u00e7o de conviv\u00eancia da pessoa idosa vira &#8220;point&#8221; do ver\u00e3o\",\"datePublished\":\"2023-01-11T21:27:48+00:00\",\"dateModified\":\"2023-01-11T21:27:49+00:00\",\"mainEntityOfPage\":{\"@id\":\"https:\/\/jornalfatosenoticias.com.br\/index.php\/2023\/01\/11\/espaco-de-convivencia-da-pessoa-idosa-vira-point-do-verao\/\"},\"wordCount\":228,\"commentCount\":0,\"publisher\":{\"@id\":\"https:\/\/jornalfatosenoticias.com.br\/#organization\"},\"image\":{\"@id\":\"https:\/\/jornalfatosenoticias.com.br\/index.php\/2023\/01\/11\/espaco-de-convivencia-da-pessoa-idosa-vira-point-do-verao\/#primaryimage\"},\"thumbnailUrl\":\"https:\/\/jornalfatosenoticias.com.br\/wp-content\/uploads\/2023\/01\/centro-convivencia-3-idade.jpg\",\"keywords\":[\"centro de conviv\u00eancia\",\"idosos\",\"terceira idade\",\"ver\u00e3o\"],\"articleSection\":[\"Geral\"],\"inLanguage\":\"pt-BR\",\"potentialAction\":[{\"@type\":\"CommentAction\",\"name\":\"Comment\",\"target\":[\"https:\/\/jornalfatosenoticias.com.br\/index.php\/2023\/01\/11\/espaco-de-convivencia-da-pessoa-idosa-vira-point-do-verao\/#respond\"]}]},{\"@type\":\"WebPage\",\"@id\":\"https:\/\/jornalfatosenoticias.com.br\/index.php\/2023\/01\/11\/espaco-de-convivencia-da-pessoa-idosa-vira-point-do-verao\/\",\"url\":\"https:\/\/jornalfatosenoticias.com.br\/index.php\/2023\/01\/11\/espaco-de-convivencia-da-pessoa-idosa-vira-point-do-verao\/\",\"name\":\"Espa\u00e7o de conviv\u00eancia da pessoa idosa vira \\\"point\\\" do ver\u00e3o - Jornal Fatos e Not\u00edcias\",\"isPartOf\":{\"@id\":\"https:\/\/jornalfatosenoticias.com.br\/#website\"},\"primaryImageOfPage\":{\"@id\":\"https:\/\/jornalfatosenoticias.com.br\/index.php\/2023\/01\/11\/espaco-de-convivencia-da-pessoa-idosa-vira-point-do-verao\/#primaryimage\"},\"image\":{\"@id\":\"https:\/\/jornalfatosenoticias.com.br\/index.php\/2023\/01\/11\/espaco-de-convivencia-da-pessoa-idosa-vira-point-do-verao\/#primaryimage\"},\"thumbnailUrl\":\"https:\/\/jornalfatosenoticias.com.br\/wp-content\/uploads\/2023\/01\/centro-convivencia-3-idade.jpg\",\"datePublished\":\"2023-01-11T21:27:48+00:00\",\"dateModified\":\"2023-01-11T21:27:49+00:00\",\"breadcrumb\":{\"@id\":\"https:\/\/jornalfatosenoticias.com.br\/index.php\/2023\/01\/11\/espaco-de-convivencia-da-pessoa-idosa-vira-point-do-verao\/#breadcrumb\"},\"inLanguage\":\"pt-BR\",\"potentialAction\":[{\"@type\":\"ReadAction\",\"target\":[\"https:\/\/jornalfatosenoticias.com.br\/index.php\/2023\/01\/11\/espaco-de-convivencia-da-pessoa-idosa-vira-point-do-verao\/\"]}]},{\"@type\":\"ImageObject\",\"inLanguage\":\"pt-BR\",\"@id\":\"https:\/\/jornalfatosenoticias.com.br\/index.php\/2023\/01\/11\/espaco-de-convivencia-da-pessoa-idosa-vira-point-do-verao\/#primaryimage\",\"url\":\"https:\/\/jornalfatosenoticias.com.br\/wp-content\/uploads\/2023\/01\/centro-convivencia-3-idade.jpg\",\"contentUrl\":\"https:\/\/jornalfatosenoticias.com.br\/wp-content\/uploads\/2023\/01\/centro-convivencia-3-idade.jpg\",\"width\":1000,\"height\":617,\"caption\":\"Fachada do CCTI Jardim da Penha (Centro de Conviv\u00eancia para a Terceira Idade\"},{\"@type\":\"BreadcrumbList\",\"@id\":\"https:\/\/jornalfatosenoticias.com.br\/index.php\/2023\/01\/11\/espaco-de-convivencia-da-pessoa-idosa-vira-point-do-verao\/#breadcrumb\",\"itemListElement\":[{\"@type\":\"ListItem\",\"position\":1,\"name\":\"In\u00edcio\",\"item\":\"https:\/\/jornalfatosenoticias.com.br\/\"},{\"@type\":\"ListItem\",\"position\":2,\"name\":\"Espa\u00e7o de conviv\u00eancia da pessoa idosa vira &#8220;point&#8221; do ver\u00e3o\"}]},{\"@type\":\"WebSite\",\"@id\":\"https:\/\/jornalfatosenoticias.com.br\/#website\",\"url\":\"https:\/\/jornalfatosenoticias.com.br\/\",\"name\":\"Jornal Fatos e Not\u00edcias\",\"description\":\"Not\u00edcias em geral\",\"publisher\":{\"@id\":\"https:\/\/jornalfatosenoticias.com.br\/#organization\"},\"potentialAction\":[{\"@type\":\"SearchAction\",\"target\":{\"@type\":\"EntryPoint\",\"urlTemplate\":\"https:\/\/jornalfatosenoticias.com.br\/?s={search_term_string}\"},\"query-input\":{\"@type\":\"PropertyValueSpecification\",\"valueRequired\":true,\"valueName\":\"search_term_string\"}}],\"inLanguage\":\"pt-BR\"},{\"@type\":\"Organization\",\"@id\":\"https:\/\/jornalfatosenoticias.com.br\/#organization\",\"name\":\"Jornal Fatos e Not\u00edcias\",\"url\":\"https:\/\/jornalfatosenoticias.com.br\/\",\"logo\":{\"@type\":\"ImageObject\",\"inLanguage\":\"pt-BR\",\"@id\":\"https:\/\/jornalfatosenoticias.com.br\/#\/schema\/logo\/image\/\",\"url\":\"https:\/\/jornalfatosenoticias.com.br\/wp-content\/uploads\/2020\/02\/logo120.png\",\"contentUrl\":\"https:\/\/jornalfatosenoticias.com.br\/wp-content\/uploads\/2020\/02\/logo120.png\",\"width\":1227,\"height\":120,\"caption\":\"Jornal Fatos e Not\u00edcias\"},\"image\":{\"@id\":\"https:\/\/jornalfatosenoticias.com.br\/#\/schema\/logo\/image\/\"}},{\"@type\":\"Person\",\"@id\":\"https:\/\/jornalfatosenoticias.com.br\/#\/schema\/person\/d63837fa13ac8666eb9e74e0985d6f81\",\"name\":\"Luzimara Fernandes\",\"image\":{\"@type\":\"ImageObject\",\"inLanguage\":\"pt-BR\",\"@id\":\"https:\/\/jornalfatosenoticias.com.br\/#\/schema\/person\/image\/\",\"url\":\"https:\/\/jornalfatosenoticias.com.br\/wp-content\/uploads\/2025\/05\/EU_portal.jpg\",\"contentUrl\":\"https:\/\/jornalfatosenoticias.com.br\/wp-content\/uploads\/2025\/05\/EU_portal.jpg\",\"caption\":\"Luzimara Fernandes\"},\"description\":\"Jornalista MTB 2358-ES\",\"sameAs\":[\"https:\/\/jornalfatosenoticias.com.br\"],\"url\":\"https:\/\/jornalfatosenoticias.com.br\/index.php\/author\/luzimara\/\"}]}<\/script>\n<!-- \/ Yoast SEO plugin. -->","yoast_head_json":{"title":"Espa\u00e7o de conviv\u00eancia da pessoa idosa vira \"point\" do ver\u00e3o - Jornal Fatos e Not\u00edcias","robots":{"index":"index","follow":"follow","max-snippet":"max-snippet:-1","max-image-preview":"max-image-preview:large","max-video-preview":"max-video-preview:-1"},"canonical":"https:\/\/jornalfatosenoticias.com.br\/index.php\/2023\/01\/11\/espaco-de-convivencia-da-pessoa-idosa-vira-point-do-verao\/","og_locale":"pt_BR","og_type":"article","og_title":"Espa\u00e7o de conviv\u00eancia da pessoa idosa vira \"point\" do ver\u00e3o - Jornal Fatos e Not\u00edcias","og_description":"O Centro de Conviv\u00eancia da Terceira Idade (CTI) de Jardim da Penha, se tornou o point do ver\u00e3o, na manh\u00e3 desta quarta-feira (11). \u00c9 que o espa\u00e7o vai promove atividades sociais, integrativas e aqu\u00e1ticas, num encontro intergeracional chamado de &#8220;Ver\u00e3o da Conviv\u00eancia&#8221;. O espa\u00e7o re\u00fane, al\u00e9m dos idosos que j\u00e1 participam de atividades de conviv\u00eancia [&hellip;]","og_url":"https:\/\/jornalfatosenoticias.com.br\/index.php\/2023\/01\/11\/espaco-de-convivencia-da-pessoa-idosa-vira-point-do-verao\/","og_site_name":"Jornal Fatos e Not\u00edcias","article_published_time":"2023-01-11T21:27:48+00:00","article_modified_time":"2023-01-11T21:27:49+00:00","og_image":[{"width":1000,"height":617,"url":"https:\/\/jornalfatosenoticias.com.br\/wp-content\/uploads\/2023\/01\/centro-convivencia-3-idade.jpg","type":"image\/jpeg"}],"author":"Luzimara Fernandes","twitter_card":"summary_large_image","twitter_misc":{"Escrito por":"Luzimara Fernandes","Est. tempo de leitura":"1 minuto"},"schema":{"@context":"https:\/\/schema.org","@graph":[{"@type":"Article","@id":"https:\/\/jornalfatosenoticias.com.br\/index.php\/2023\/01\/11\/espaco-de-convivencia-da-pessoa-idosa-vira-point-do-verao\/#article","isPartOf":{"@id":"https:\/\/jornalfatosenoticias.com.br\/index.php\/2023\/01\/11\/espaco-de-convivencia-da-pessoa-idosa-vira-point-do-verao\/"},"author":{"name":"Luzimara Fernandes","@id":"https:\/\/jornalfatosenoticias.com.br\/#\/schema\/person\/d63837fa13ac8666eb9e74e0985d6f81"},"headline":"Espa\u00e7o de conviv\u00eancia da pessoa idosa vira &#8220;point&#8221; do ver\u00e3o","datePublished":"2023-01-11T21:27:48+00:00","dateModified":"2023-01-11T21:27:49+00:00","mainEntityOfPage":{"@id":"https:\/\/jornalfatosenoticias.com.br\/index.php\/2023\/01\/11\/espaco-de-convivencia-da-pessoa-idosa-vira-point-do-verao\/"},"wordCount":228,"commentCount":0,"publisher":{"@id":"https:\/\/jornalfatosenoticias.com.br\/#organization"},"image":{"@id":"https:\/\/jornalfatosenoticias.com.br\/index.php\/2023\/01\/11\/espaco-de-convivencia-da-pessoa-idosa-vira-point-do-verao\/#primaryimage"},"thumbnailUrl":"https:\/\/jornalfatosenoticias.com.br\/wp-content\/uploads\/2023\/01\/centro-convivencia-3-idade.jpg","keywords":["centro de conviv\u00eancia","idosos","terceira idade","ver\u00e3o"],"articleSection":["Geral"],"inLanguage":"pt-BR","potentialAction":[{"@type":"CommentAction","name":"Comment","target":["https:\/\/jornalfatosenoticias.com.br\/index.php\/2023\/01\/11\/espaco-de-convivencia-da-pessoa-idosa-vira-point-do-verao\/#respond"]}]},{"@type":"WebPage","@id":"https:\/\/jornalfatosenoticias.com.br\/index.php\/2023\/01\/11\/espaco-de-convivencia-da-pessoa-idosa-vira-point-do-verao\/","url":"https:\/\/jornalfatosenoticias.com.br\/index.php\/2023\/01\/11\/espaco-de-convivencia-da-pessoa-idosa-vira-point-do-verao\/","name":"Espa\u00e7o de conviv\u00eancia da pessoa idosa vira \"point\" do ver\u00e3o - Jornal Fatos e Not\u00edcias","isPartOf":{"@id":"https:\/\/jornalfatosenoticias.com.br\/#website"},"primaryImageOfPage":{"@id":"https:\/\/jornalfatosenoticias.com.br\/index.php\/2023\/01\/11\/espaco-de-convivencia-da-pessoa-idosa-vira-point-do-verao\/#primaryimage"},"image":{"@id":"https:\/\/jornalfatosenoticias.com.br\/index.php\/2023\/01\/11\/espaco-de-convivencia-da-pessoa-idosa-vira-point-do-verao\/#primaryimage"},"thumbnailUrl":"https:\/\/jornalfatosenoticias.com.br\/wp-content\/uploads\/2023\/01\/centro-convivencia-3-idade.jpg","datePublished":"2023-01-11T21:27:48+00:00","dateModified":"2023-01-11T21:27:49+00:00","breadcrumb":{"@id":"https:\/\/jornalfatosenoticias.com.br\/index.php\/2023\/01\/11\/espaco-de-convivencia-da-pessoa-idosa-vira-point-do-verao\/#breadcrumb"},"inLanguage":"pt-BR","potentialAction":[{"@type":"ReadAction","target":["https:\/\/jornalfatosenoticias.com.br\/index.php\/2023\/01\/11\/espaco-de-convivencia-da-pessoa-idosa-vira-point-do-verao\/"]}]},{"@type":"ImageObject","inLanguage":"pt-BR","@id":"https:\/\/jornalfatosenoticias.com.br\/index.php\/2023\/01\/11\/espaco-de-convivencia-da-pessoa-idosa-vira-point-do-verao\/#primaryimage","url":"https:\/\/jornalfatosenoticias.com.br\/wp-content\/uploads\/2023\/01\/centro-convivencia-3-idade.jpg","contentUrl":"https:\/\/jornalfatosenoticias.com.br\/wp-content\/uploads\/2023\/01\/centro-convivencia-3-idade.jpg","width":1000,"height":617,"caption":"Fachada do CCTI Jardim da Penha (Centro de Conviv\u00eancia para a Terceira Idade"},{"@type":"BreadcrumbList","@id":"https:\/\/jornalfatosenoticias.com.br\/index.php\/2023\/01\/11\/espaco-de-convivencia-da-pessoa-idosa-vira-point-do-verao\/#breadcrumb","itemListElement":[{"@type":"ListItem","position":1,"name":"In\u00edcio","item":"https:\/\/jornalfatosenoticias.com.br\/"},{"@type":"ListItem","position":2,"name":"Espa\u00e7o de conviv\u00eancia da pessoa idosa vira &#8220;point&#8221; do ver\u00e3o"}]},{"@type":"WebSite","@id":"https:\/\/jornalfatosenoticias.com.br\/#website","url":"https:\/\/jornalfatosenoticias.com.br\/","name":"Jornal Fatos e Not\u00edcias","description":"Not\u00edcias em geral","publisher":{"@id":"https:\/\/jornalfatosenoticias.com.br\/#organization"},"potentialAction":[{"@type":"SearchAction","target":{"@type":"EntryPoint","urlTemplate":"https:\/\/jornalfatosenoticias.com.br\/?s={search_term_string}"},"query-input":{"@type":"PropertyValueSpecification","valueRequired":true,"valueName":"search_term_string"}}],"inLanguage":"pt-BR"},{"@type":"Organization","@id":"https:\/\/jornalfatosenoticias.com.br\/#organization","name":"Jornal Fatos e Not\u00edcias","url":"https:\/\/jornalfatosenoticias.com.br\/","logo":{"@type":"ImageObject","inLanguage":"pt-BR","@id":"https:\/\/jornalfatosenoticias.com.br\/#\/schema\/logo\/image\/","url":"https:\/\/jornalfatosenoticias.com.br\/wp-content\/uploads\/2020\/02\/logo120.png","contentUrl":"https:\/\/jornalfatosenoticias.com.br\/wp-content\/uploads\/2020\/02\/logo120.png","width":1227,"height":120,"caption":"Jornal Fatos e Not\u00edcias"},"image":{"@id":"https:\/\/jornalfatosenoticias.com.br\/#\/schema\/logo\/image\/"}},{"@type":"Person","@id":"https:\/\/jornalfatosenoticias.com.br\/#\/schema\/person\/d63837fa13ac8666eb9e74e0985d6f81","name":"Luzimara Fernandes","image":{"@type":"ImageObject","inLanguage":"pt-BR","@id":"https:\/\/jornalfatosenoticias.com.br\/#\/schema\/person\/image\/","url":"https:\/\/jornalfatosenoticias.com.br\/wp-content\/uploads\/2025\/05\/EU_portal.jpg","contentUrl":"https:\/\/jornalfatosenoticias.com.br\/wp-content\/uploads\/2025\/05\/EU_portal.jpg","caption":"Luzimara Fernandes"},"description":"Jornalista MTB 2358-ES","sameAs":["https:\/\/jornalfatosenoticias.com.br"],"url":"https:\/\/jornalfatosenoticias.com.br\/index.php\/author\/luzimara\/"}]}},"cc_featured_image_caption":{"caption_text":"(Foto: Leonardo Silveira)\r\n","source_text":"","source_url":""},"jetpack_featured_media_url":"https:\/\/jornalfatosenoticias.com.br\/wp-content\/uploads\/2023\/01\/centro-convivencia-3-idade.jpg","_links":{"self":[{"href":"https:\/\/jornalfatosenoticias.com.br\/index.php\/wp-json\/wp\/v2\/posts\/37674","targetHints":{"allow":["GET"]}}],"collection":[{"href":"https:\/\/jornalfatosenoticias.com.br\/index.php\/wp-json\/wp\/v2\/posts"}],"about":[{"href":"https:\/\/jornalfatosenoticias.com.br\/index.php\/wp-json\/wp\/v2\/types\/post"}],"author":[{"embeddable":true,"href":"https:\/\/jornalfatosenoticias.com.br\/index.php\/wp-json\/wp\/v2\/users\/2"}],"replies":[{"embeddable":true,"href":"https:\/\/jornalfatosenoticias.com.br\/index.php\/wp-json\/wp\/v2\/comments?post=37674"}],"version-history":[{"count":0,"href":"https:\/\/jornalfatosenoticias.com.br\/index.php\/wp-json\/wp\/v2\/posts\/37674\/revisions"}],"wp:featuredmedia":[{"embeddable":true,"href":"https:\/\/jornalfatosenoticias.com.br\/index.php\/wp-json\/wp\/v2\/media\/37675"}],"wp:attachment":[{"href":"https:\/\/jornalfatosenoticias.com.br\/index.php\/wp-json\/wp\/v2\/media?parent=37674"}],"wp:term":[{"taxonomy":"category","embeddable":true,"href":"https:\/\/jornalfatosenoticias.com.br\/index.php\/wp-json\/wp\/v2\/categories?post=37674"},{"taxonomy":"post_tag","embeddable":true,"href":"https:\/\/jornalfatosenoticias.com.br\/index.php\/wp-json\/wp\/v2\/tags?post=37674"}],"curies":[{"name":"wp","href":"https:\/\/api.w.org\/{rel}","templated":true}]}}