{"id":37677,"date":"2023-01-11T18:44:59","date_gmt":"2023-01-11T21:44:59","guid":{"rendered":"https:\/\/jornalfatosenoticias.com.br\/?p=37677"},"modified":"2023-01-11T18:45:00","modified_gmt":"2023-01-11T21:45:00","slug":"minisserie-sobre-o-berco-das-aguas-do-brasil-estreia-na-tv-cultura","status":"publish","type":"post","link":"https:\/\/jornalfatosenoticias.com.br\/index.php\/2023\/01\/11\/minisserie-sobre-o-berco-das-aguas-do-brasil-estreia-na-tv-cultura\/","title":{"rendered":"Miniss\u00e9rie sobre o ber\u00e7o das \u00e1guas do Brasil estreia na TV Cultura"},"content":{"rendered":"\n<p><em><span class=\"has-inline-color has-black-color\">A miniss\u00e9rie sobre o Cerrado vai ao ar a partir de amanh\u00e3 (12)<\/span><\/em><\/p>\n\n\n\n<div class=\"wp-block-image\"><figure class=\"aligncenter size-large\"><img loading=\"lazy\" decoding=\"async\" width=\"560\" height=\"60\" src=\"https:\/\/jornalfatosenoticias.com.br\/wp-content\/uploads\/2022\/10\/Propaganda-RC-Radiadores-Jornal_page-0001.jpg\" alt=\"\" class=\"wp-image-35270\" srcset=\"https:\/\/jornalfatosenoticias.com.br\/wp-content\/uploads\/2022\/10\/Propaganda-RC-Radiadores-Jornal_page-0001.jpg 560w, https:\/\/jornalfatosenoticias.com.br\/wp-content\/uploads\/2022\/10\/Propaganda-RC-Radiadores-Jornal_page-0001-300x32.jpg 300w\" sizes=\"auto, (max-width: 560px) 100vw, 560px\" \/><\/figure><\/div>\n\n\n\n<p>A <a href=\"https:\/\/cultura.uol.com.br\/\" target=\"_blank\" rel=\"noreferrer noopener\">TV Cultura<\/a> estreia nesta quinta-feira (12), a miniss\u00e9rie Caixa D\u2019\u00c1gua do Brasil em cinco epis\u00f3dios semanais, uma coprodu\u00e7\u00e3o entre a emissora e a CenaUm. A atra\u00e7\u00e3o mostra que o Cerrado \u00e9 o ber\u00e7o das \u00e1guas do Brasil e onde brotam as primeiras \u00e1guas que se re\u00fanem e formam grandes rios, abastecendo milh\u00f5es de pessoas e assegurando a vida em grande parte do continente. Vai ao ar \u00e0s 20h.<\/p>\n\n\n\n<div class=\"wp-block-image\"><figure class=\"aligncenter size-large is-resized\"><img loading=\"lazy\" decoding=\"async\" src=\"https:\/\/jornalfatosenoticias.com.br\/wp-content\/uploads\/2022\/10\/Arte-jornal-Zucchi-600x600_Prancheta-1-1024x1024.jpg\" alt=\"\" class=\"wp-image-34782\" width=\"267\" height=\"267\" srcset=\"https:\/\/jornalfatosenoticias.com.br\/wp-content\/uploads\/2022\/10\/Arte-jornal-Zucchi-600x600_Prancheta-1-1024x1024.jpg 1024w, https:\/\/jornalfatosenoticias.com.br\/wp-content\/uploads\/2022\/10\/Arte-jornal-Zucchi-600x600_Prancheta-1-300x300.jpg 300w, https:\/\/jornalfatosenoticias.com.br\/wp-content\/uploads\/2022\/10\/Arte-jornal-Zucchi-600x600_Prancheta-1-150x150.jpg 150w, https:\/\/jornalfatosenoticias.com.br\/wp-content\/uploads\/2022\/10\/Arte-jornal-Zucchi-600x600_Prancheta-1-768x768.jpg 768w, https:\/\/jornalfatosenoticias.com.br\/wp-content\/uploads\/2022\/10\/Arte-jornal-Zucchi-600x600_Prancheta-1.jpg 1250w\" sizes=\"auto, (max-width: 267px) 100vw, 267px\" \/><\/figure><\/div>\n\n\n\n<p>O bioma abriga quase 20 mil nascentes de importantes bacias hidrogr\u00e1ficas do pa\u00eds, entre elas as bacias Platina, Amaz\u00f4nica e do S\u00e3o Francisco. Abastece os aqu\u00edferos Bambu\u00ed, Urucuia e parte do Guarani, alimenta o Pantanal e distribui generosamente recursos h\u00eddricos por todo o Pa\u00eds.<\/p>\n\n\n\n<div class=\"wp-block-image\"><figure class=\"alignright size-large is-resized\"><img decoding=\"async\" src=\"https:\/\/jornalfatosenoticias.com.br\/wp-content\/uploads\/2022\/07\/Logo-Grupo-SEI.jpg\" alt=\"\" class=\"wp-image-31973\" width=\"-123\" height=\"-64\" srcset=\"https:\/\/jornalfatosenoticias.com.br\/wp-content\/uploads\/2022\/07\/Logo-Grupo-SEI.jpg 713w, https:\/\/jornalfatosenoticias.com.br\/wp-content\/uploads\/2022\/07\/Logo-Grupo-SEI-300x158.jpg 300w\" sizes=\"(max-width: 713px) 100vw, 713px\" \/><\/figure><\/div>\n\n\n\n<p><strong><span class=\"has-inline-color has-vivid-green-cyan-color\">Ber\u00e7o das \u00c1guas do Brasil<br><\/span><\/strong>Caixa D\u2019\u00c1gua do Brasil pretende alertar que a ocupa\u00e7\u00e3o humana desordenada e a explora\u00e7\u00e3o econ\u00f4mica mal conduzida amea\u00e7am essa m\u00e1gica rede de \u00e1guas.<br>Nos cinco epis\u00f3dios, a miniss\u00e9rie percorre as nascentes das regi\u00f5es hidrogr\u00e1ficas Tocantins-Araguaia, que refor\u00e7a a Bacia Amaz\u00f4nia; do S\u00e3o Francisco, vital para o Nordeste brasileiro; e a do Paran\u00e1, que ousa descer at\u00e9 o rio da Prata, encontrando o Oceano Atl\u00e2ntico ao sul do continente. <\/p>\n\n\n\n<div class=\"wp-block-image\"><figure class=\"aligncenter size-large\"><img loading=\"lazy\" decoding=\"async\" width=\"1024\" height=\"100\" src=\"https:\/\/jornalfatosenoticias.com.br\/wp-content\/uploads\/2020\/02\/banner_ferramentas-1024x100.jpg\" alt=\"\" class=\"wp-image-1258\" srcset=\"https:\/\/jornalfatosenoticias.com.br\/wp-content\/uploads\/2020\/02\/banner_ferramentas-1024x100.jpg 1024w, https:\/\/jornalfatosenoticias.com.br\/wp-content\/uploads\/2020\/02\/banner_ferramentas-300x29.jpg 300w, https:\/\/jornalfatosenoticias.com.br\/wp-content\/uploads\/2020\/02\/banner_ferramentas-768x75.jpg 768w, https:\/\/jornalfatosenoticias.com.br\/wp-content\/uploads\/2020\/02\/banner_ferramentas.jpg 1227w\" sizes=\"auto, (max-width: 1024px) 100vw, 1024px\" \/><\/figure><\/div>\n\n\n\n<p>Das gotas iniciais at\u00e9 a foz de cada um destes extensos rios, o contraponto da amplitude que adquirem em seu longo e sinuoso percurso, alargando as margens para alegria dos ribeirinhos e das popula\u00e7\u00f5es em geral.<\/p>\n\n\n\n<div class=\"wp-block-image\"><figure class=\"alignleft size-large is-resized\"><img decoding=\"async\" src=\"https:\/\/jornalfatosenoticias.com.br\/wp-content\/uploads\/2022\/08\/logo-locau-veiculos-1024x573.png\" alt=\"\" class=\"wp-image-33078\" width=\"-99\" height=\"-55\"\/><\/figure><\/div>\n\n\n\n<p>A produ\u00e7\u00e3o ressalta a import\u00e2ncia dessas \u00e1guas na gera\u00e7\u00e3o de energia, pesca, turismo, irriga\u00e7\u00e3o e outras atividades econ\u00f4micas, e as iniciativas que defendem riachos, c\u00f3rregos e o bioma. Proteger as nascentes e as \u00e1reas dos formadores dos grandes rios define o pa\u00eds que queremos deixar para as novas gera\u00e7\u00f5es. E s\u00f3 uma a\u00e7\u00e3o coletiva, de sociedade e governos, evitar\u00e1 o esgotamento da extraordin\u00e1ria caixa-d\u2019\u00e1gua do Brasil. \u00c1gua \u00e9 fonte preciosa de vida, preserv\u00e1-la \u00e9 assegurar a exist\u00eancia humana na Terra.<\/p>\n\n\n\n<div class=\"wp-block-image\"><figure class=\"aligncenter size-large is-resized\"><img loading=\"lazy\" decoding=\"async\" src=\"https:\/\/jornalfatosenoticias.com.br\/wp-content\/uploads\/2020\/02\/nova-logo-Marquetti.jpg\" alt=\"\" class=\"wp-image-22331\" width=\"339\" height=\"228\" srcset=\"https:\/\/jornalfatosenoticias.com.br\/wp-content\/uploads\/2020\/02\/nova-logo-Marquetti.jpg 643w, https:\/\/jornalfatosenoticias.com.br\/wp-content\/uploads\/2020\/02\/nova-logo-Marquetti-300x202.jpg 300w\" sizes=\"auto, (max-width: 339px) 100vw, 339px\" \/><\/figure><\/div>\n\n\n\n<p><strong><span class=\"has-inline-color has-vivid-green-cyan-color\">Primeiro epis\u00f3dio \u2014 Nascentes da Caixa D\u00b4\u00c1gua<br><\/span><\/strong>A miniss\u00e9rie come\u00e7a mostrando as primeiras gotas que brotam em v\u00e1rios cantos do <a href=\"https:\/\/ciclovivo.com.br\/planeta\/meio-ambiente\/cerrado-perdeu-6-milhoes-vegetacao\/\" target=\"_blank\" rel=\"noreferrer noopener\">Cerrado<\/a>\u00a0e depois, unidas, formam a caixa-d\u2019\u00e1gua do Brasil. A edi\u00e7\u00e3o visita nascentes dos rios Araguaia, Tocantins, S\u00e3o Francisco e Paran\u00e1, quatro dos maiores do Pa\u00eds. Em meio \u00e0s loca\u00e7\u00f5es das nascentes, explica porque o Cerrado \u00e9 a caixa d\u2019\u00e1gua, o ber\u00e7o das \u00e1guas, das grandes bacias e de tr\u00eas aqu\u00edferos.<\/p>\n\n\n\n<div class=\"wp-block-image\"><figure class=\"aligncenter size-large\"><img loading=\"lazy\" decoding=\"async\" width=\"1024\" height=\"99\" src=\"https:\/\/jornalfatosenoticias.com.br\/wp-content\/uploads\/2020\/02\/Logo-Mizu-segunda-2-1024x99.png\" alt=\"\" class=\"wp-image-2353\" srcset=\"https:\/\/jornalfatosenoticias.com.br\/wp-content\/uploads\/2020\/02\/Logo-Mizu-segunda-2-1024x99.png 1024w, https:\/\/jornalfatosenoticias.com.br\/wp-content\/uploads\/2020\/02\/Logo-Mizu-segunda-2-300x29.png 300w, https:\/\/jornalfatosenoticias.com.br\/wp-content\/uploads\/2020\/02\/Logo-Mizu-segunda-2-768x74.png 768w, https:\/\/jornalfatosenoticias.com.br\/wp-content\/uploads\/2020\/02\/Logo-Mizu-segunda-2.png 1240w\" sizes=\"auto, (max-width: 1024px) 100vw, 1024px\" \/><\/figure><\/div>\n\n\n\n<p><strong><em>Fonte: <a href=\"https:\/\/ciclovivo.com.br\/fique-ligado\/eventos\/minisserie-sobre-o-berco-das-aguas-do-brasil-estreia-na-tv-cultura\/\">CicloVivo<\/a><\/em><\/strong><\/p>\n","protected":false},"excerpt":{"rendered":"<p>A miniss\u00e9rie sobre o Cerrado vai ao ar a partir de amanh\u00e3 (12) A TV Cultura estreia nesta quinta-feira (12), a miniss\u00e9rie Caixa D\u2019\u00c1gua do Brasil em cinco epis\u00f3dios semanais, uma coprodu\u00e7\u00e3o entre a emissora e a CenaUm. A atra\u00e7\u00e3o mostra que o Cerrado \u00e9 o ber\u00e7o das \u00e1guas do Brasil e onde brotam as [&hellip;]<\/p>\n","protected":false},"author":2,"featured_media":37678,"comment_status":"open","ping_status":"open","sticky":false,"template":"","format":"standard","meta":{"footnotes":""},"categories":[4,8],"tags":[451,17679,257,17678,8926,6391,9902],"class_list":["post-37677","post","type-post","status-publish","format-standard","has-post-thumbnail","hentry","category-cultura","category-meio-ambiente","tag-agua","tag-berco-das-aguas-do-brasil","tag-cerrado","tag-minisserie","tag-nascentes","tag-rio-araguaia","tag-tv-cultura"],"yoast_head":"<!-- This site is optimized with the Yoast SEO plugin v26.5 - https:\/\/yoast.com\/wordpress\/plugins\/seo\/ -->\n<title>Miniss\u00e9rie sobre o ber\u00e7o das \u00e1guas do Brasil estreia na TV Cultura - Jornal Fatos e Not\u00edcias<\/title>\n<meta name=\"robots\" content=\"index, follow, max-snippet:-1, max-image-preview:large, max-video-preview:-1\" \/>\n<link rel=\"canonical\" href=\"https:\/\/jornalfatosenoticias.com.br\/index.php\/2023\/01\/11\/minisserie-sobre-o-berco-das-aguas-do-brasil-estreia-na-tv-cultura\/\" \/>\n<meta property=\"og:locale\" content=\"pt_BR\" \/>\n<meta property=\"og:type\" content=\"article\" \/>\n<meta property=\"og:title\" content=\"Miniss\u00e9rie sobre o ber\u00e7o das \u00e1guas do Brasil estreia na TV Cultura - Jornal Fatos e Not\u00edcias\" \/>\n<meta property=\"og:description\" content=\"A miniss\u00e9rie sobre o Cerrado vai ao ar a partir de amanh\u00e3 (12) A TV Cultura estreia nesta quinta-feira (12), a miniss\u00e9rie Caixa D\u2019\u00c1gua do Brasil em cinco epis\u00f3dios semanais, uma coprodu\u00e7\u00e3o entre a emissora e a CenaUm. A atra\u00e7\u00e3o mostra que o Cerrado \u00e9 o ber\u00e7o das \u00e1guas do Brasil e onde brotam as [&hellip;]\" \/>\n<meta property=\"og:url\" content=\"https:\/\/jornalfatosenoticias.com.br\/index.php\/2023\/01\/11\/minisserie-sobre-o-berco-das-aguas-do-brasil-estreia-na-tv-cultura\/\" \/>\n<meta property=\"og:site_name\" content=\"Jornal Fatos e Not\u00edcias\" \/>\n<meta property=\"article:published_time\" content=\"2023-01-11T21:44:59+00:00\" \/>\n<meta property=\"article:modified_time\" content=\"2023-01-11T21:45:00+00:00\" \/>\n<meta property=\"og:image\" content=\"https:\/\/jornalfatosenoticias.com.br\/wp-content\/uploads\/2023\/01\/TV-Cultura-estreia-minisserie-sobre-o-Cerrado-berco-das-aguas-do-Brasil.jpg\" \/>\n\t<meta property=\"og:image:width\" content=\"1000\" \/>\n\t<meta property=\"og:image:height\" content=\"666\" \/>\n\t<meta property=\"og:image:type\" content=\"image\/jpeg\" \/>\n<meta name=\"author\" content=\"Luzimara Fernandes\" \/>\n<meta name=\"twitter:card\" content=\"summary_large_image\" \/>\n<meta name=\"twitter:label1\" content=\"Escrito por\" \/>\n\t<meta name=\"twitter:data1\" content=\"Luzimara Fernandes\" \/>\n\t<meta name=\"twitter:label2\" content=\"Est. tempo de leitura\" \/>\n\t<meta name=\"twitter:data2\" content=\"2 minutos\" \/>\n<script type=\"application\/ld+json\" class=\"yoast-schema-graph\">{\"@context\":\"https:\/\/schema.org\",\"@graph\":[{\"@type\":\"Article\",\"@id\":\"https:\/\/jornalfatosenoticias.com.br\/index.php\/2023\/01\/11\/minisserie-sobre-o-berco-das-aguas-do-brasil-estreia-na-tv-cultura\/#article\",\"isPartOf\":{\"@id\":\"https:\/\/jornalfatosenoticias.com.br\/index.php\/2023\/01\/11\/minisserie-sobre-o-berco-das-aguas-do-brasil-estreia-na-tv-cultura\/\"},\"author\":{\"name\":\"Luzimara Fernandes\",\"@id\":\"https:\/\/jornalfatosenoticias.com.br\/#\/schema\/person\/d63837fa13ac8666eb9e74e0985d6f81\"},\"headline\":\"Miniss\u00e9rie sobre o ber\u00e7o das \u00e1guas do Brasil estreia na TV Cultura\",\"datePublished\":\"2023-01-11T21:44:59+00:00\",\"dateModified\":\"2023-01-11T21:45:00+00:00\",\"mainEntityOfPage\":{\"@id\":\"https:\/\/jornalfatosenoticias.com.br\/index.php\/2023\/01\/11\/minisserie-sobre-o-berco-das-aguas-do-brasil-estreia-na-tv-cultura\/\"},\"wordCount\":453,\"commentCount\":0,\"publisher\":{\"@id\":\"https:\/\/jornalfatosenoticias.com.br\/#organization\"},\"image\":{\"@id\":\"https:\/\/jornalfatosenoticias.com.br\/index.php\/2023\/01\/11\/minisserie-sobre-o-berco-das-aguas-do-brasil-estreia-na-tv-cultura\/#primaryimage\"},\"thumbnailUrl\":\"https:\/\/jornalfatosenoticias.com.br\/wp-content\/uploads\/2023\/01\/TV-Cultura-estreia-minisserie-sobre-o-Cerrado-berco-das-aguas-do-Brasil.jpg\",\"keywords\":[\"\u00e1gua\",\"ber\u00e7o das \u00e1guas do Brasil\",\"cerrado\",\"miniss\u00e9rie\",\"nascentes\",\"Rio Araguaia\",\"TV Cultura\"],\"articleSection\":[\"Cultura\",\"Meio ambiente\"],\"inLanguage\":\"pt-BR\",\"potentialAction\":[{\"@type\":\"CommentAction\",\"name\":\"Comment\",\"target\":[\"https:\/\/jornalfatosenoticias.com.br\/index.php\/2023\/01\/11\/minisserie-sobre-o-berco-das-aguas-do-brasil-estreia-na-tv-cultura\/#respond\"]}]},{\"@type\":\"WebPage\",\"@id\":\"https:\/\/jornalfatosenoticias.com.br\/index.php\/2023\/01\/11\/minisserie-sobre-o-berco-das-aguas-do-brasil-estreia-na-tv-cultura\/\",\"url\":\"https:\/\/jornalfatosenoticias.com.br\/index.php\/2023\/01\/11\/minisserie-sobre-o-berco-das-aguas-do-brasil-estreia-na-tv-cultura\/\",\"name\":\"Miniss\u00e9rie sobre o ber\u00e7o das \u00e1guas do Brasil estreia na TV Cultura - Jornal Fatos e Not\u00edcias\",\"isPartOf\":{\"@id\":\"https:\/\/jornalfatosenoticias.com.br\/#website\"},\"primaryImageOfPage\":{\"@id\":\"https:\/\/jornalfatosenoticias.com.br\/index.php\/2023\/01\/11\/minisserie-sobre-o-berco-das-aguas-do-brasil-estreia-na-tv-cultura\/#primaryimage\"},\"image\":{\"@id\":\"https:\/\/jornalfatosenoticias.com.br\/index.php\/2023\/01\/11\/minisserie-sobre-o-berco-das-aguas-do-brasil-estreia-na-tv-cultura\/#primaryimage\"},\"thumbnailUrl\":\"https:\/\/jornalfatosenoticias.com.br\/wp-content\/uploads\/2023\/01\/TV-Cultura-estreia-minisserie-sobre-o-Cerrado-berco-das-aguas-do-Brasil.jpg\",\"datePublished\":\"2023-01-11T21:44:59+00:00\",\"dateModified\":\"2023-01-11T21:45:00+00:00\",\"breadcrumb\":{\"@id\":\"https:\/\/jornalfatosenoticias.com.br\/index.php\/2023\/01\/11\/minisserie-sobre-o-berco-das-aguas-do-brasil-estreia-na-tv-cultura\/#breadcrumb\"},\"inLanguage\":\"pt-BR\",\"potentialAction\":[{\"@type\":\"ReadAction\",\"target\":[\"https:\/\/jornalfatosenoticias.com.br\/index.php\/2023\/01\/11\/minisserie-sobre-o-berco-das-aguas-do-brasil-estreia-na-tv-cultura\/\"]}]},{\"@type\":\"ImageObject\",\"inLanguage\":\"pt-BR\",\"@id\":\"https:\/\/jornalfatosenoticias.com.br\/index.php\/2023\/01\/11\/minisserie-sobre-o-berco-das-aguas-do-brasil-estreia-na-tv-cultura\/#primaryimage\",\"url\":\"https:\/\/jornalfatosenoticias.com.br\/wp-content\/uploads\/2023\/01\/TV-Cultura-estreia-minisserie-sobre-o-Cerrado-berco-das-aguas-do-Brasil.jpg\",\"contentUrl\":\"https:\/\/jornalfatosenoticias.com.br\/wp-content\/uploads\/2023\/01\/TV-Cultura-estreia-minisserie-sobre-o-Cerrado-berco-das-aguas-do-Brasil.jpg\",\"width\":1000,\"height\":666},{\"@type\":\"BreadcrumbList\",\"@id\":\"https:\/\/jornalfatosenoticias.com.br\/index.php\/2023\/01\/11\/minisserie-sobre-o-berco-das-aguas-do-brasil-estreia-na-tv-cultura\/#breadcrumb\",\"itemListElement\":[{\"@type\":\"ListItem\",\"position\":1,\"name\":\"In\u00edcio\",\"item\":\"https:\/\/jornalfatosenoticias.com.br\/\"},{\"@type\":\"ListItem\",\"position\":2,\"name\":\"Miniss\u00e9rie sobre o ber\u00e7o das \u00e1guas do Brasil estreia na TV Cultura\"}]},{\"@type\":\"WebSite\",\"@id\":\"https:\/\/jornalfatosenoticias.com.br\/#website\",\"url\":\"https:\/\/jornalfatosenoticias.com.br\/\",\"name\":\"Jornal Fatos e Not\u00edcias\",\"description\":\"Not\u00edcias em geral\",\"publisher\":{\"@id\":\"https:\/\/jornalfatosenoticias.com.br\/#organization\"},\"potentialAction\":[{\"@type\":\"SearchAction\",\"target\":{\"@type\":\"EntryPoint\",\"urlTemplate\":\"https:\/\/jornalfatosenoticias.com.br\/?s={search_term_string}\"},\"query-input\":{\"@type\":\"PropertyValueSpecification\",\"valueRequired\":true,\"valueName\":\"search_term_string\"}}],\"inLanguage\":\"pt-BR\"},{\"@type\":\"Organization\",\"@id\":\"https:\/\/jornalfatosenoticias.com.br\/#organization\",\"name\":\"Jornal Fatos e Not\u00edcias\",\"url\":\"https:\/\/jornalfatosenoticias.com.br\/\",\"logo\":{\"@type\":\"ImageObject\",\"inLanguage\":\"pt-BR\",\"@id\":\"https:\/\/jornalfatosenoticias.com.br\/#\/schema\/logo\/image\/\",\"url\":\"https:\/\/jornalfatosenoticias.com.br\/wp-content\/uploads\/2020\/02\/logo120.png\",\"contentUrl\":\"https:\/\/jornalfatosenoticias.com.br\/wp-content\/uploads\/2020\/02\/logo120.png\",\"width\":1227,\"height\":120,\"caption\":\"Jornal Fatos e Not\u00edcias\"},\"image\":{\"@id\":\"https:\/\/jornalfatosenoticias.com.br\/#\/schema\/logo\/image\/\"}},{\"@type\":\"Person\",\"@id\":\"https:\/\/jornalfatosenoticias.com.br\/#\/schema\/person\/d63837fa13ac8666eb9e74e0985d6f81\",\"name\":\"Luzimara Fernandes\",\"image\":{\"@type\":\"ImageObject\",\"inLanguage\":\"pt-BR\",\"@id\":\"https:\/\/jornalfatosenoticias.com.br\/#\/schema\/person\/image\/\",\"url\":\"https:\/\/jornalfatosenoticias.com.br\/wp-content\/uploads\/2025\/05\/EU_portal.jpg\",\"contentUrl\":\"https:\/\/jornalfatosenoticias.com.br\/wp-content\/uploads\/2025\/05\/EU_portal.jpg\",\"caption\":\"Luzimara Fernandes\"},\"description\":\"Jornalista MTB 2358-ES\",\"sameAs\":[\"https:\/\/jornalfatosenoticias.com.br\"],\"url\":\"https:\/\/jornalfatosenoticias.com.br\/index.php\/author\/luzimara\/\"}]}<\/script>\n<!-- \/ Yoast SEO plugin. -->","yoast_head_json":{"title":"Miniss\u00e9rie sobre o ber\u00e7o das \u00e1guas do Brasil estreia na TV Cultura - Jornal Fatos e Not\u00edcias","robots":{"index":"index","follow":"follow","max-snippet":"max-snippet:-1","max-image-preview":"max-image-preview:large","max-video-preview":"max-video-preview:-1"},"canonical":"https:\/\/jornalfatosenoticias.com.br\/index.php\/2023\/01\/11\/minisserie-sobre-o-berco-das-aguas-do-brasil-estreia-na-tv-cultura\/","og_locale":"pt_BR","og_type":"article","og_title":"Miniss\u00e9rie sobre o ber\u00e7o das \u00e1guas do Brasil estreia na TV Cultura - Jornal Fatos e Not\u00edcias","og_description":"A miniss\u00e9rie sobre o Cerrado vai ao ar a partir de amanh\u00e3 (12) A TV Cultura estreia nesta quinta-feira (12), a miniss\u00e9rie Caixa D\u2019\u00c1gua do Brasil em cinco epis\u00f3dios semanais, uma coprodu\u00e7\u00e3o entre a emissora e a CenaUm. A atra\u00e7\u00e3o mostra que o Cerrado \u00e9 o ber\u00e7o das \u00e1guas do Brasil e onde brotam as [&hellip;]","og_url":"https:\/\/jornalfatosenoticias.com.br\/index.php\/2023\/01\/11\/minisserie-sobre-o-berco-das-aguas-do-brasil-estreia-na-tv-cultura\/","og_site_name":"Jornal Fatos e Not\u00edcias","article_published_time":"2023-01-11T21:44:59+00:00","article_modified_time":"2023-01-11T21:45:00+00:00","og_image":[{"width":1000,"height":666,"url":"https:\/\/jornalfatosenoticias.com.br\/wp-content\/uploads\/2023\/01\/TV-Cultura-estreia-minisserie-sobre-o-Cerrado-berco-das-aguas-do-Brasil.jpg","type":"image\/jpeg"}],"author":"Luzimara Fernandes","twitter_card":"summary_large_image","twitter_misc":{"Escrito por":"Luzimara Fernandes","Est. tempo de leitura":"2 minutos"},"schema":{"@context":"https:\/\/schema.org","@graph":[{"@type":"Article","@id":"https:\/\/jornalfatosenoticias.com.br\/index.php\/2023\/01\/11\/minisserie-sobre-o-berco-das-aguas-do-brasil-estreia-na-tv-cultura\/#article","isPartOf":{"@id":"https:\/\/jornalfatosenoticias.com.br\/index.php\/2023\/01\/11\/minisserie-sobre-o-berco-das-aguas-do-brasil-estreia-na-tv-cultura\/"},"author":{"name":"Luzimara Fernandes","@id":"https:\/\/jornalfatosenoticias.com.br\/#\/schema\/person\/d63837fa13ac8666eb9e74e0985d6f81"},"headline":"Miniss\u00e9rie sobre o ber\u00e7o das \u00e1guas do Brasil estreia na TV Cultura","datePublished":"2023-01-11T21:44:59+00:00","dateModified":"2023-01-11T21:45:00+00:00","mainEntityOfPage":{"@id":"https:\/\/jornalfatosenoticias.com.br\/index.php\/2023\/01\/11\/minisserie-sobre-o-berco-das-aguas-do-brasil-estreia-na-tv-cultura\/"},"wordCount":453,"commentCount":0,"publisher":{"@id":"https:\/\/jornalfatosenoticias.com.br\/#organization"},"image":{"@id":"https:\/\/jornalfatosenoticias.com.br\/index.php\/2023\/01\/11\/minisserie-sobre-o-berco-das-aguas-do-brasil-estreia-na-tv-cultura\/#primaryimage"},"thumbnailUrl":"https:\/\/jornalfatosenoticias.com.br\/wp-content\/uploads\/2023\/01\/TV-Cultura-estreia-minisserie-sobre-o-Cerrado-berco-das-aguas-do-Brasil.jpg","keywords":["\u00e1gua","ber\u00e7o das \u00e1guas do Brasil","cerrado","miniss\u00e9rie","nascentes","Rio Araguaia","TV Cultura"],"articleSection":["Cultura","Meio ambiente"],"inLanguage":"pt-BR","potentialAction":[{"@type":"CommentAction","name":"Comment","target":["https:\/\/jornalfatosenoticias.com.br\/index.php\/2023\/01\/11\/minisserie-sobre-o-berco-das-aguas-do-brasil-estreia-na-tv-cultura\/#respond"]}]},{"@type":"WebPage","@id":"https:\/\/jornalfatosenoticias.com.br\/index.php\/2023\/01\/11\/minisserie-sobre-o-berco-das-aguas-do-brasil-estreia-na-tv-cultura\/","url":"https:\/\/jornalfatosenoticias.com.br\/index.php\/2023\/01\/11\/minisserie-sobre-o-berco-das-aguas-do-brasil-estreia-na-tv-cultura\/","name":"Miniss\u00e9rie sobre o ber\u00e7o das \u00e1guas do Brasil estreia na TV Cultura - Jornal Fatos e Not\u00edcias","isPartOf":{"@id":"https:\/\/jornalfatosenoticias.com.br\/#website"},"primaryImageOfPage":{"@id":"https:\/\/jornalfatosenoticias.com.br\/index.php\/2023\/01\/11\/minisserie-sobre-o-berco-das-aguas-do-brasil-estreia-na-tv-cultura\/#primaryimage"},"image":{"@id":"https:\/\/jornalfatosenoticias.com.br\/index.php\/2023\/01\/11\/minisserie-sobre-o-berco-das-aguas-do-brasil-estreia-na-tv-cultura\/#primaryimage"},"thumbnailUrl":"https:\/\/jornalfatosenoticias.com.br\/wp-content\/uploads\/2023\/01\/TV-Cultura-estreia-minisserie-sobre-o-Cerrado-berco-das-aguas-do-Brasil.jpg","datePublished":"2023-01-11T21:44:59+00:00","dateModified":"2023-01-11T21:45:00+00:00","breadcrumb":{"@id":"https:\/\/jornalfatosenoticias.com.br\/index.php\/2023\/01\/11\/minisserie-sobre-o-berco-das-aguas-do-brasil-estreia-na-tv-cultura\/#breadcrumb"},"inLanguage":"pt-BR","potentialAction":[{"@type":"ReadAction","target":["https:\/\/jornalfatosenoticias.com.br\/index.php\/2023\/01\/11\/minisserie-sobre-o-berco-das-aguas-do-brasil-estreia-na-tv-cultura\/"]}]},{"@type":"ImageObject","inLanguage":"pt-BR","@id":"https:\/\/jornalfatosenoticias.com.br\/index.php\/2023\/01\/11\/minisserie-sobre-o-berco-das-aguas-do-brasil-estreia-na-tv-cultura\/#primaryimage","url":"https:\/\/jornalfatosenoticias.com.br\/wp-content\/uploads\/2023\/01\/TV-Cultura-estreia-minisserie-sobre-o-Cerrado-berco-das-aguas-do-Brasil.jpg","contentUrl":"https:\/\/jornalfatosenoticias.com.br\/wp-content\/uploads\/2023\/01\/TV-Cultura-estreia-minisserie-sobre-o-Cerrado-berco-das-aguas-do-Brasil.jpg","width":1000,"height":666},{"@type":"BreadcrumbList","@id":"https:\/\/jornalfatosenoticias.com.br\/index.php\/2023\/01\/11\/minisserie-sobre-o-berco-das-aguas-do-brasil-estreia-na-tv-cultura\/#breadcrumb","itemListElement":[{"@type":"ListItem","position":1,"name":"In\u00edcio","item":"https:\/\/jornalfatosenoticias.com.br\/"},{"@type":"ListItem","position":2,"name":"Miniss\u00e9rie sobre o ber\u00e7o das \u00e1guas do Brasil estreia na TV Cultura"}]},{"@type":"WebSite","@id":"https:\/\/jornalfatosenoticias.com.br\/#website","url":"https:\/\/jornalfatosenoticias.com.br\/","name":"Jornal Fatos e Not\u00edcias","description":"Not\u00edcias em geral","publisher":{"@id":"https:\/\/jornalfatosenoticias.com.br\/#organization"},"potentialAction":[{"@type":"SearchAction","target":{"@type":"EntryPoint","urlTemplate":"https:\/\/jornalfatosenoticias.com.br\/?s={search_term_string}"},"query-input":{"@type":"PropertyValueSpecification","valueRequired":true,"valueName":"search_term_string"}}],"inLanguage":"pt-BR"},{"@type":"Organization","@id":"https:\/\/jornalfatosenoticias.com.br\/#organization","name":"Jornal Fatos e Not\u00edcias","url":"https:\/\/jornalfatosenoticias.com.br\/","logo":{"@type":"ImageObject","inLanguage":"pt-BR","@id":"https:\/\/jornalfatosenoticias.com.br\/#\/schema\/logo\/image\/","url":"https:\/\/jornalfatosenoticias.com.br\/wp-content\/uploads\/2020\/02\/logo120.png","contentUrl":"https:\/\/jornalfatosenoticias.com.br\/wp-content\/uploads\/2020\/02\/logo120.png","width":1227,"height":120,"caption":"Jornal Fatos e Not\u00edcias"},"image":{"@id":"https:\/\/jornalfatosenoticias.com.br\/#\/schema\/logo\/image\/"}},{"@type":"Person","@id":"https:\/\/jornalfatosenoticias.com.br\/#\/schema\/person\/d63837fa13ac8666eb9e74e0985d6f81","name":"Luzimara Fernandes","image":{"@type":"ImageObject","inLanguage":"pt-BR","@id":"https:\/\/jornalfatosenoticias.com.br\/#\/schema\/person\/image\/","url":"https:\/\/jornalfatosenoticias.com.br\/wp-content\/uploads\/2025\/05\/EU_portal.jpg","contentUrl":"https:\/\/jornalfatosenoticias.com.br\/wp-content\/uploads\/2025\/05\/EU_portal.jpg","caption":"Luzimara Fernandes"},"description":"Jornalista MTB 2358-ES","sameAs":["https:\/\/jornalfatosenoticias.com.br"],"url":"https:\/\/jornalfatosenoticias.com.br\/index.php\/author\/luzimara\/"}]}},"cc_featured_image_caption":{"caption_text":"(Foto: Divulga\u00e7\u00e3o\/TV Cultura)\r\n","source_text":"","source_url":""},"jetpack_featured_media_url":"https:\/\/jornalfatosenoticias.com.br\/wp-content\/uploads\/2023\/01\/TV-Cultura-estreia-minisserie-sobre-o-Cerrado-berco-das-aguas-do-Brasil.jpg","_links":{"self":[{"href":"https:\/\/jornalfatosenoticias.com.br\/index.php\/wp-json\/wp\/v2\/posts\/37677","targetHints":{"allow":["GET"]}}],"collection":[{"href":"https:\/\/jornalfatosenoticias.com.br\/index.php\/wp-json\/wp\/v2\/posts"}],"about":[{"href":"https:\/\/jornalfatosenoticias.com.br\/index.php\/wp-json\/wp\/v2\/types\/post"}],"author":[{"embeddable":true,"href":"https:\/\/jornalfatosenoticias.com.br\/index.php\/wp-json\/wp\/v2\/users\/2"}],"replies":[{"embeddable":true,"href":"https:\/\/jornalfatosenoticias.com.br\/index.php\/wp-json\/wp\/v2\/comments?post=37677"}],"version-history":[{"count":0,"href":"https:\/\/jornalfatosenoticias.com.br\/index.php\/wp-json\/wp\/v2\/posts\/37677\/revisions"}],"wp:featuredmedia":[{"embeddable":true,"href":"https:\/\/jornalfatosenoticias.com.br\/index.php\/wp-json\/wp\/v2\/media\/37678"}],"wp:attachment":[{"href":"https:\/\/jornalfatosenoticias.com.br\/index.php\/wp-json\/wp\/v2\/media?parent=37677"}],"wp:term":[{"taxonomy":"category","embeddable":true,"href":"https:\/\/jornalfatosenoticias.com.br\/index.php\/wp-json\/wp\/v2\/categories?post=37677"},{"taxonomy":"post_tag","embeddable":true,"href":"https:\/\/jornalfatosenoticias.com.br\/index.php\/wp-json\/wp\/v2\/tags?post=37677"}],"curies":[{"name":"wp","href":"https:\/\/api.w.org\/{rel}","templated":true}]}}