{"id":37696,"date":"2023-01-12T09:24:46","date_gmt":"2023-01-12T12:24:46","guid":{"rendered":"https:\/\/jornalfatosenoticias.com.br\/?p=37696"},"modified":"2023-01-12T09:24:48","modified_gmt":"2023-01-12T12:24:48","slug":"vulnerabilidade-na-crianca-suas-diversas-formas-parte-iii","status":"publish","type":"post","link":"https:\/\/jornalfatosenoticias.com.br\/index.php\/2023\/01\/12\/vulnerabilidade-na-crianca-suas-diversas-formas-parte-iii\/","title":{"rendered":"Vulnerabilidade na Crian\u00e7a, suas diversas formas \u2014 Parte III"},"content":{"rendered":"\n<p><em><span class=\"has-inline-color has-black-color\">A ascend\u00eancia pela vulnerabilidade aniquila a Crian\u00e7a. As consequ\u00eancias desses comportamentos esmagadores s\u00e3o nefastas<\/span><\/em><\/p>\n\n\n\n<div class=\"wp-block-image\"><figure class=\"aligncenter size-large\"><img loading=\"lazy\" decoding=\"async\" width=\"1024\" height=\"100\" src=\"https:\/\/jornalfatosenoticias.com.br\/wp-content\/uploads\/2020\/02\/banner_ferramentas-1024x100.jpg\" alt=\"\" class=\"wp-image-1258\" srcset=\"https:\/\/jornalfatosenoticias.com.br\/wp-content\/uploads\/2020\/02\/banner_ferramentas-1024x100.jpg 1024w, https:\/\/jornalfatosenoticias.com.br\/wp-content\/uploads\/2020\/02\/banner_ferramentas-300x29.jpg 300w, https:\/\/jornalfatosenoticias.com.br\/wp-content\/uploads\/2020\/02\/banner_ferramentas-768x75.jpg 768w, https:\/\/jornalfatosenoticias.com.br\/wp-content\/uploads\/2020\/02\/banner_ferramentas.jpg 1227w\" sizes=\"auto, (max-width: 1024px) 100vw, 1024px\" \/><\/figure><\/div>\n\n\n\n<p>Essa vulnerabilidade psicol\u00f3gica que come\u00e7amos a falar no \u00faltimo artigo, \u00e9 sobrecarregada pela configura\u00e7\u00e3o do incesto ou da viol\u00eancia f\u00edsica perpetrada contra a Crian\u00e7a. A ascend\u00eancia pela vulnerabilidade aniquila a Crian\u00e7a. As consequ\u00eancias desses comportamentos esmagadores s\u00e3o nefastas. \u00c9 f\u00e1cil pensar que, em campo vulner\u00e1vel, com a depend\u00eancia afetiva pelo adulto que viola f\u00edsica ou sexualmente, uma atitude desse tipo ir\u00e1 esmagar a mente da Crian\u00e7a.<\/p>\n\n\n\n<div class=\"wp-block-image\"><figure class=\"aligncenter size-large\"><img loading=\"lazy\" decoding=\"async\" width=\"300\" height=\"250\" src=\"https:\/\/jornalfatosenoticias.com.br\/wp-content\/uploads\/2022\/08\/arte-Casarao.jpg\" alt=\"\" class=\"wp-image-33178\"\/><\/figure><\/div>\n\n\n\n<p>As sequelas s\u00e3o muitas, mas precisamos pensar que a viv\u00eancia de impot\u00eancia, desamparo e trai\u00e7\u00e3o, misturados, causam grande estrago. H\u00e1 o rompimento do processo de credibilidade no outro, da confian\u00e7a em quem precisa confiar. O adulto cuidador \u00e9 a pessoa que det\u00e9m a maior quantidade de respostas para suas curiosidades, suas d\u00favidas e seus medos, engendrando um sistema de seguran\u00e7a, absolutamente necess\u00e1rio em meio a sua vulnerabilidade.<\/p>\n\n\n\n<div class=\"wp-block-image\"><figure class=\"alignleft size-large\"><img decoding=\"async\" src=\"https:\/\/jornalfatosenoticias.com.br\/wp-content\/uploads\/2020\/02\/barao-das-carnes-300x164-1.jpg\" alt=\"\" class=\"wp-image-34339\"\/><\/figure><\/div>\n\n\n\n<p>A cren\u00e7a no adulto cuidador \u00e9 essencial para sua sobreviv\u00eancia. Essa, talvez, seja uma das maiores sequelas causadas pelo aproveitamento da vulnerabilidade. Valer-se da fragilidade da Crian\u00e7a para sentir um prazer pelo Poder, \u00e9 muito mais comum do que imaginamos. E, essa busca pelo prazer dado pela sensa\u00e7\u00e3o de Poder absoluto, \u00e9 escalada como se fosse uma montanha, e pode ser insaci\u00e1vel.<\/p>\n\n\n\n<div class=\"wp-block-image\"><figure class=\"aligncenter size-large\"><img loading=\"lazy\" decoding=\"async\" width=\"1000\" height=\"661\" src=\"https:\/\/jornalfatosenoticias.com.br\/wp-content\/uploads\/2023\/01\/Ian.jpeg\" alt=\"\" class=\"wp-image-37698\" srcset=\"https:\/\/jornalfatosenoticias.com.br\/wp-content\/uploads\/2023\/01\/Ian.jpeg 1000w, https:\/\/jornalfatosenoticias.com.br\/wp-content\/uploads\/2023\/01\/Ian-300x198.jpeg 300w, https:\/\/jornalfatosenoticias.com.br\/wp-content\/uploads\/2023\/01\/Ian-768x508.jpeg 768w\" sizes=\"auto, (max-width: 1000px) 100vw, 1000px\" \/><figcaption><em><span class=\"has-inline-color has-black-color\">O pequeno Ian abra\u00e7ado aos seus irm\u00e3os, de sete e seis anos (Foto: Arquivo Pessoal\/Divulga\u00e7\u00e3o)<\/span><\/em><\/figcaption><\/figure><\/div>\n\n\n\n<div class=\"wp-block-image\"><figure class=\"aligncenter size-large\"><img decoding=\"async\" src=\"https:\/\/jornalfatosenoticias.com.br\/wp-content\/uploads\/2020\/02\/logo-embacia-1-1024x110.jpg\" alt=\"\" class=\"wp-image-33954\"\/><\/figure><\/div>\n\n\n\n<p>Hoje, mais uma Crian\u00e7a foi assassinada por um adulto cuidador. Ian tinha dois anos. O que poderia fazer que provocasse tamanha viol\u00eancia em quem deveria cuidar dele? Com dois anos a possibilidade de contrariar, de provocar, de irritar \u00e9 muito limitada, enquanto a vulnerabilidade \u00e9 inversamente enorme. Sem nenhuma possibilidade de defesa, era espancado. Outro Henry. Por cima da Lei Henry, porque leis n\u00e3o fazem Cultura de Respeito. Mas leis fazem \u201cdesculturas\u201d.<\/p>\n\n\n\n<div class=\"wp-block-image\"><figure class=\"alignright size-large\"><img decoding=\"async\" src=\"https:\/\/jornalfatosenoticias.com.br\/wp-content\/uploads\/2020\/02\/logo_esteio.jpg\" alt=\"\" class=\"wp-image-1214\"\/><\/figure><\/div>\n\n\n\n<p>Aos dois anos, ainda num tempo de depend\u00eancia quase absoluta, Ian era obrigado a ser submetido ao regime da Guarda Compartilhada. Desde 2015, essa \u00e9 a regra para todas as separa\u00e7\u00f5es de pais, \u00e9 compuls\u00f3rio. Qual a raz\u00e3o para separar por horas, dias, uma Crian\u00e7a de dois anos, que deveria ter garantida a perman\u00eancia junto \u00e0 m\u00e3e, segundo o Pacto Legal da primeira Inf\u00e2ncia, determinado pelo CNJ, o Conselho Nacional de Justi\u00e7a. O Princ\u00edpio da Razoabilidade prescreve que esse novo entendimento jur\u00eddico, revogasse, ou, pelo menos, retirasse a obrigatoriedade da Guarda Compartilhada, e considerasse os Beb\u00eas e as Crian\u00e7as pequenas, ou prestasse um pouco mais de aten\u00e7\u00e3o na habilita\u00e7\u00e3o de um pai e uma madrasta, pessoa estranha \u00e0 Crian\u00e7a, e sintonizasse a conviv\u00eancia com a realidade da sa\u00fade da Crian\u00e7a. Temos assistido a afastamentos com desmame traum\u00e1tico porque abrupto, sempre com a pecha de m\u00e3e louca, possessiva, e aquele denominativo que encarcera m\u00e3e e Crian\u00e7a para sempre, \u201calienadora\u201d.<\/p>\n\n\n\n<div class=\"wp-block-image\"><figure class=\"aligncenter size-large\"><img decoding=\"async\" src=\"https:\/\/jornalfatosenoticias.com.br\/wp-content\/uploads\/2020\/02\/Serra-Grande-1024x160.png\" alt=\"\" class=\"wp-image-7836\"\/><\/figure><\/div>\n\n\n\n<p>A m\u00e3e de Ian estava tentando pedir a Guarda unilateral porque o menino voltava da casa do pai com hematomas, \u00e0s vezes, com sangramentos, gemendo. Mas esse \u00e9 um processo longo, e rarissimamente exitoso. Ela tem que provar tanto e tanto que n\u00e3o est\u00e1 \u201cressentida\u201d com o ex-marido, que a Crian\u00e7a cresce sendo espancada quando tem sorte. Ian entrou para a estat\u00edstica que elenca muitas e muitas Crian\u00e7as assassinadas das mais diferentes maneiras.<\/p>\n\n\n\n<div class=\"wp-block-image\"><figure class=\"aligncenter size-large is-resized\"><img loading=\"lazy\" decoding=\"async\" src=\"https:\/\/jornalfatosenoticias.com.br\/wp-content\/uploads\/2020\/02\/nova-logo-Marquetti.jpg\" alt=\"\" class=\"wp-image-22331\" width=\"253\" height=\"170\" srcset=\"https:\/\/jornalfatosenoticias.com.br\/wp-content\/uploads\/2020\/02\/nova-logo-Marquetti.jpg 643w, https:\/\/jornalfatosenoticias.com.br\/wp-content\/uploads\/2020\/02\/nova-logo-Marquetti-300x202.jpg 300w\" sizes=\"auto, (max-width: 253px) 100vw, 253px\" \/><\/figure><\/div>\n\n\n\n<div class=\"wp-block-image\"><figure class=\"aligncenter size-large\"><img loading=\"lazy\" decoding=\"async\" width=\"1000\" height=\"579\" src=\"https:\/\/jornalfatosenoticias.com.br\/wp-content\/uploads\/2023\/01\/abuso-e-exploracao-sexual-infantojuvenil.jpg\" alt=\"\" class=\"wp-image-37697\" srcset=\"https:\/\/jornalfatosenoticias.com.br\/wp-content\/uploads\/2023\/01\/abuso-e-exploracao-sexual-infantojuvenil.jpg 1000w, https:\/\/jornalfatosenoticias.com.br\/wp-content\/uploads\/2023\/01\/abuso-e-exploracao-sexual-infantojuvenil-300x174.jpg 300w, https:\/\/jornalfatosenoticias.com.br\/wp-content\/uploads\/2023\/01\/abuso-e-exploracao-sexual-infantojuvenil-768x445.jpg 768w\" sizes=\"auto, (max-width: 1000px) 100vw, 1000px\" \/><figcaption><em><span class=\"has-inline-color has-black-color\">Abuso sexual: segundo a Unicef, as den\u00fancias relacionadas a esse tipo de crime s\u00f3 aumentam no Pa\u00eds (Foto: Cultura RM\/Ian Nolan)<\/span><\/em><\/figcaption><\/figure><\/div>\n\n\n\n<div class=\"wp-block-image\"><figure class=\"alignleft size-large is-resized\"><img decoding=\"async\" src=\"https:\/\/jornalfatosenoticias.com.br\/wp-content\/uploads\/2022\/08\/logo-locau-veiculos-1024x573.png\" alt=\"\" class=\"wp-image-33078\" width=\"-122\" height=\"-68\"\/><\/figure><\/div>\n\n\n\n<p>O espancamento parece fornecer para o adulto perverso um prazer de Poder muito, muito grande. A Crian\u00e7a, pela discrep\u00e2ncia de tamanho, n\u00e3o oferece resist\u00eancia, pela vulnerabilidade psicol\u00f3gica temperada com o medo, ela volta e d\u00e1 beijinho no seu espancador, fazendo com que as pessoas do entorno e as pessoas jur\u00eddicas se iludam com uma imagem de \u201charmonia\u201d, como costumam falar. Afirma-se, leviana e irresponsavelmente, que uma Crian\u00e7a gosta daquele adulto porque d\u00e1 beijinho e senta no colo quando ele a chama.<\/p>\n\n\n\n<div class=\"wp-block-image\"><figure class=\"aligncenter size-large is-resized\"><img loading=\"lazy\" decoding=\"async\" src=\"https:\/\/jornalfatosenoticias.com.br\/wp-content\/uploads\/2022\/02\/Precisao-Contabilidade-1024x724.jpg\" alt=\"\" class=\"wp-image-28088\" width=\"331\" height=\"234\"\/><\/figure><\/div>\n\n\n\n<p>Quem inventou e espalhou que sem pai a Crian\u00e7a n\u00e3o se cria. A incongru\u00eancia \u00e9 grande num Pa\u00eds em que os pais abandonam a mulher quando ela diz que est\u00e1 gr\u00e1vida. E se tornou dogm\u00e1tico para os pais que t\u00eam acesso financeiro aos trabalhos advocat\u00edcios. E, ent\u00e3o, n\u00e3o importa se esse pai \u00e9 um espancador, \u201cbate na m\u00e3e mas ainda n\u00e3o bateu na Crian\u00e7a\u201d, justifica\u00e7\u00e3o muito usada para a Guarda Compartilhada. Al\u00e9m de violento, ele pode ser alco\u00f3latra, cocain\u00f4mano, estuprador. \u201cEle \u00e9 o pai!\u201d, escutamos.<\/p>\n\n\n\n<div class=\"wp-block-image\"><figure class=\"aligncenter size-large\"><img loading=\"lazy\" decoding=\"async\" width=\"1024\" height=\"110\" src=\"https:\/\/jornalfatosenoticias.com.br\/wp-content\/uploads\/2022\/10\/Arte-jornal-Zucchi-1120x120_Prancheta-1-1024x110.jpg\" alt=\"\" class=\"wp-image-34772\" srcset=\"https:\/\/jornalfatosenoticias.com.br\/wp-content\/uploads\/2022\/10\/Arte-jornal-Zucchi-1120x120_Prancheta-1-1024x110.jpg 1024w, https:\/\/jornalfatosenoticias.com.br\/wp-content\/uploads\/2022\/10\/Arte-jornal-Zucchi-1120x120_Prancheta-1-300x32.jpg 300w, https:\/\/jornalfatosenoticias.com.br\/wp-content\/uploads\/2022\/10\/Arte-jornal-Zucchi-1120x120_Prancheta-1-768x82.jpg 768w, https:\/\/jornalfatosenoticias.com.br\/wp-content\/uploads\/2022\/10\/Arte-jornal-Zucchi-1120x120_Prancheta-1-1536x165.jpg 1536w, https:\/\/jornalfatosenoticias.com.br\/wp-content\/uploads\/2022\/10\/Arte-jornal-Zucchi-1120x120_Prancheta-1-2048x219.jpg 2048w\" sizes=\"auto, (max-width: 1024px) 100vw, 1024px\" \/><\/figure><\/div>\n\n\n\n<p>Mas, n\u00e3o podemos deixar de considerar que essa \u00e9 uma Viol\u00eancia Vic\u00e1ria muito bem disfar\u00e7ada. E uma Viol\u00eancia Institucional, claro. Al\u00e9m do pai e da madrasta do Ian, quem ser\u00e1 responsabilizado pela decis\u00e3o dessa Guarda Compartilhada? At\u00e9 quando vamos pegar carona na venda dos olhos da figura da justi\u00e7a? Por que ningu\u00e9m v\u00ea esses \u201chematomas\u201d? Quantas Joannas, Isabellas, Bernardos, Henrys e Ians, e tantos outros, v\u00e3o ser sacrificados ainda?<\/p>\n\n\n\n<div class=\"wp-block-image\"><figure class=\"aligncenter size-large\"><img loading=\"lazy\" decoding=\"async\" width=\"1024\" height=\"100\" src=\"https:\/\/jornalfatosenoticias.com.br\/wp-content\/uploads\/2022\/05\/NOVA-LOGO-CESCONETTO-1024x100.jpg\" alt=\"\" class=\"wp-image-30792\" srcset=\"https:\/\/jornalfatosenoticias.com.br\/wp-content\/uploads\/2022\/05\/NOVA-LOGO-CESCONETTO-1024x100.jpg 1024w, https:\/\/jornalfatosenoticias.com.br\/wp-content\/uploads\/2022\/05\/NOVA-LOGO-CESCONETTO-300x29.jpg 300w, https:\/\/jornalfatosenoticias.com.br\/wp-content\/uploads\/2022\/05\/NOVA-LOGO-CESCONETTO-768x75.jpg 768w, https:\/\/jornalfatosenoticias.com.br\/wp-content\/uploads\/2022\/05\/NOVA-LOGO-CESCONETTO.jpg 1280w\" sizes=\"auto, (max-width: 1024px) 100vw, 1024px\" \/><\/figure><\/div>\n\n\n\n<div class=\"wp-block-image\"><figure class=\"aligncenter size-large\"><img loading=\"lazy\" decoding=\"async\" width=\"1000\" height=\"485\" src=\"https:\/\/jornalfatosenoticias.com.br\/wp-content\/uploads\/2023\/01\/criancas-maus-tratos_montagem.jpg\" alt=\"\" class=\"wp-image-37699\" srcset=\"https:\/\/jornalfatosenoticias.com.br\/wp-content\/uploads\/2023\/01\/criancas-maus-tratos_montagem.jpg 1000w, https:\/\/jornalfatosenoticias.com.br\/wp-content\/uploads\/2023\/01\/criancas-maus-tratos_montagem-300x146.jpg 300w, https:\/\/jornalfatosenoticias.com.br\/wp-content\/uploads\/2023\/01\/criancas-maus-tratos_montagem-768x372.jpg 768w\" sizes=\"auto, (max-width: 1000px) 100vw, 1000px\" \/><figcaption><em><span class=\"has-inline-color has-black-color\">Isabella Nardoni, Bernardo Boldrini e \u00c1gatha F\u00e9lix: diferentes hist\u00f3rias que resultaram em tr\u00e1gicas mortes (Foto: Montagem com fotos de arquivo pessoal)<\/span><\/em><\/figcaption><\/figure><\/div>\n","protected":false},"excerpt":{"rendered":"<p>A ascend\u00eancia pela vulnerabilidade aniquila a Crian\u00e7a. As consequ\u00eancias desses comportamentos esmagadores s\u00e3o nefastas Essa vulnerabilidade psicol\u00f3gica que come\u00e7amos a falar no \u00faltimo artigo, \u00e9 sobrecarregada pela configura\u00e7\u00e3o do incesto ou da viol\u00eancia f\u00edsica perpetrada contra a Crian\u00e7a. A ascend\u00eancia pela vulnerabilidade aniquila a Crian\u00e7a. As consequ\u00eancias desses comportamentos esmagadores s\u00e3o nefastas. \u00c9 f\u00e1cil pensar [&hellip;]<\/p>\n","protected":false},"author":8,"featured_media":37697,"comment_status":"open","ping_status":"open","sticky":false,"template":"","format":"standard","meta":{"footnotes":""},"categories":[2522],"tags":[10561,6876,1345,17683,52,843,2479],"class_list":["post-37696","post","type-post","status-publish","format-standard","has-post-thumbnail","hentry","category-comportamento","tag-belo-horizonte","tag-crimes","tag-justica","tag-lesao-corporal","tag-maus-tratos","tag-policia-militar","tag-violencia"],"yoast_head":"<!-- This site is optimized with the Yoast SEO plugin v26.5 - https:\/\/yoast.com\/wordpress\/plugins\/seo\/ -->\n<title>Vulnerabilidade na Crian\u00e7a, suas diversas formas \u2014 Parte III - Jornal Fatos e Not\u00edcias<\/title>\n<meta name=\"robots\" content=\"index, follow, max-snippet:-1, max-image-preview:large, max-video-preview:-1\" \/>\n<link rel=\"canonical\" href=\"https:\/\/jornalfatosenoticias.com.br\/index.php\/2023\/01\/12\/vulnerabilidade-na-crianca-suas-diversas-formas-parte-iii\/\" \/>\n<meta property=\"og:locale\" content=\"pt_BR\" \/>\n<meta property=\"og:type\" content=\"article\" \/>\n<meta property=\"og:title\" content=\"Vulnerabilidade na Crian\u00e7a, suas diversas formas \u2014 Parte III - Jornal Fatos e Not\u00edcias\" \/>\n<meta property=\"og:description\" content=\"A ascend\u00eancia pela vulnerabilidade aniquila a Crian\u00e7a. As consequ\u00eancias desses comportamentos esmagadores s\u00e3o nefastas Essa vulnerabilidade psicol\u00f3gica que come\u00e7amos a falar no \u00faltimo artigo, \u00e9 sobrecarregada pela configura\u00e7\u00e3o do incesto ou da viol\u00eancia f\u00edsica perpetrada contra a Crian\u00e7a. A ascend\u00eancia pela vulnerabilidade aniquila a Crian\u00e7a. As consequ\u00eancias desses comportamentos esmagadores s\u00e3o nefastas. \u00c9 f\u00e1cil pensar [&hellip;]\" \/>\n<meta property=\"og:url\" content=\"https:\/\/jornalfatosenoticias.com.br\/index.php\/2023\/01\/12\/vulnerabilidade-na-crianca-suas-diversas-formas-parte-iii\/\" \/>\n<meta property=\"og:site_name\" content=\"Jornal Fatos e Not\u00edcias\" \/>\n<meta property=\"article:published_time\" content=\"2023-01-12T12:24:46+00:00\" \/>\n<meta property=\"article:modified_time\" content=\"2023-01-12T12:24:48+00:00\" \/>\n<meta property=\"og:image\" content=\"https:\/\/jornalfatosenoticias.com.br\/wp-content\/uploads\/2023\/01\/abuso-e-exploracao-sexual-infantojuvenil.jpg\" \/>\n\t<meta property=\"og:image:width\" content=\"1000\" \/>\n\t<meta property=\"og:image:height\" content=\"579\" \/>\n\t<meta property=\"og:image:type\" content=\"image\/jpeg\" \/>\n<meta name=\"author\" content=\"Ana Maria Iencarelli\" \/>\n<meta name=\"twitter:card\" content=\"summary_large_image\" \/>\n<meta name=\"twitter:label1\" content=\"Escrito por\" \/>\n\t<meta name=\"twitter:data1\" content=\"Ana Maria Iencarelli\" \/>\n\t<meta name=\"twitter:label2\" content=\"Est. tempo de leitura\" \/>\n\t<meta name=\"twitter:data2\" content=\"4 minutos\" \/>\n<script type=\"application\/ld+json\" class=\"yoast-schema-graph\">{\"@context\":\"https:\/\/schema.org\",\"@graph\":[{\"@type\":\"Article\",\"@id\":\"https:\/\/jornalfatosenoticias.com.br\/index.php\/2023\/01\/12\/vulnerabilidade-na-crianca-suas-diversas-formas-parte-iii\/#article\",\"isPartOf\":{\"@id\":\"https:\/\/jornalfatosenoticias.com.br\/index.php\/2023\/01\/12\/vulnerabilidade-na-crianca-suas-diversas-formas-parte-iii\/\"},\"author\":{\"name\":\"Ana Maria Iencarelli\",\"@id\":\"https:\/\/jornalfatosenoticias.com.br\/#\/schema\/person\/c33fcf5fb02d729d3fec92c6737a22d1\"},\"headline\":\"Vulnerabilidade na Crian\u00e7a, suas diversas formas \u2014 Parte III\",\"datePublished\":\"2023-01-12T12:24:46+00:00\",\"dateModified\":\"2023-01-12T12:24:48+00:00\",\"mainEntityOfPage\":{\"@id\":\"https:\/\/jornalfatosenoticias.com.br\/index.php\/2023\/01\/12\/vulnerabilidade-na-crianca-suas-diversas-formas-parte-iii\/\"},\"wordCount\":903,\"commentCount\":0,\"publisher\":{\"@id\":\"https:\/\/jornalfatosenoticias.com.br\/#organization\"},\"image\":{\"@id\":\"https:\/\/jornalfatosenoticias.com.br\/index.php\/2023\/01\/12\/vulnerabilidade-na-crianca-suas-diversas-formas-parte-iii\/#primaryimage\"},\"thumbnailUrl\":\"https:\/\/jornalfatosenoticias.com.br\/wp-content\/uploads\/2023\/01\/abuso-e-exploracao-sexual-infantojuvenil.jpg\",\"keywords\":[\"Belo Horizonte\",\"crimes\",\"justi\u00e7a\",\"les\u00e3o corporal\",\"maus-tratos\",\"Pol\u00edcia Militar\",\"viol\u00eancia\"],\"articleSection\":[\"Comportamento &amp; Equil\u00edbrio\"],\"inLanguage\":\"pt-BR\",\"potentialAction\":[{\"@type\":\"CommentAction\",\"name\":\"Comment\",\"target\":[\"https:\/\/jornalfatosenoticias.com.br\/index.php\/2023\/01\/12\/vulnerabilidade-na-crianca-suas-diversas-formas-parte-iii\/#respond\"]}]},{\"@type\":\"WebPage\",\"@id\":\"https:\/\/jornalfatosenoticias.com.br\/index.php\/2023\/01\/12\/vulnerabilidade-na-crianca-suas-diversas-formas-parte-iii\/\",\"url\":\"https:\/\/jornalfatosenoticias.com.br\/index.php\/2023\/01\/12\/vulnerabilidade-na-crianca-suas-diversas-formas-parte-iii\/\",\"name\":\"Vulnerabilidade na Crian\u00e7a, suas diversas formas \u2014 Parte III - Jornal Fatos e Not\u00edcias\",\"isPartOf\":{\"@id\":\"https:\/\/jornalfatosenoticias.com.br\/#website\"},\"primaryImageOfPage\":{\"@id\":\"https:\/\/jornalfatosenoticias.com.br\/index.php\/2023\/01\/12\/vulnerabilidade-na-crianca-suas-diversas-formas-parte-iii\/#primaryimage\"},\"image\":{\"@id\":\"https:\/\/jornalfatosenoticias.com.br\/index.php\/2023\/01\/12\/vulnerabilidade-na-crianca-suas-diversas-formas-parte-iii\/#primaryimage\"},\"thumbnailUrl\":\"https:\/\/jornalfatosenoticias.com.br\/wp-content\/uploads\/2023\/01\/abuso-e-exploracao-sexual-infantojuvenil.jpg\",\"datePublished\":\"2023-01-12T12:24:46+00:00\",\"dateModified\":\"2023-01-12T12:24:48+00:00\",\"breadcrumb\":{\"@id\":\"https:\/\/jornalfatosenoticias.com.br\/index.php\/2023\/01\/12\/vulnerabilidade-na-crianca-suas-diversas-formas-parte-iii\/#breadcrumb\"},\"inLanguage\":\"pt-BR\",\"potentialAction\":[{\"@type\":\"ReadAction\",\"target\":[\"https:\/\/jornalfatosenoticias.com.br\/index.php\/2023\/01\/12\/vulnerabilidade-na-crianca-suas-diversas-formas-parte-iii\/\"]}]},{\"@type\":\"ImageObject\",\"inLanguage\":\"pt-BR\",\"@id\":\"https:\/\/jornalfatosenoticias.com.br\/index.php\/2023\/01\/12\/vulnerabilidade-na-crianca-suas-diversas-formas-parte-iii\/#primaryimage\",\"url\":\"https:\/\/jornalfatosenoticias.com.br\/wp-content\/uploads\/2023\/01\/abuso-e-exploracao-sexual-infantojuvenil.jpg\",\"contentUrl\":\"https:\/\/jornalfatosenoticias.com.br\/wp-content\/uploads\/2023\/01\/abuso-e-exploracao-sexual-infantojuvenil.jpg\",\"width\":1000,\"height\":579},{\"@type\":\"BreadcrumbList\",\"@id\":\"https:\/\/jornalfatosenoticias.com.br\/index.php\/2023\/01\/12\/vulnerabilidade-na-crianca-suas-diversas-formas-parte-iii\/#breadcrumb\",\"itemListElement\":[{\"@type\":\"ListItem\",\"position\":1,\"name\":\"In\u00edcio\",\"item\":\"https:\/\/jornalfatosenoticias.com.br\/\"},{\"@type\":\"ListItem\",\"position\":2,\"name\":\"Vulnerabilidade na Crian\u00e7a, suas diversas formas \u2014 Parte III\"}]},{\"@type\":\"WebSite\",\"@id\":\"https:\/\/jornalfatosenoticias.com.br\/#website\",\"url\":\"https:\/\/jornalfatosenoticias.com.br\/\",\"name\":\"Jornal Fatos e Not\u00edcias\",\"description\":\"Not\u00edcias em geral\",\"publisher\":{\"@id\":\"https:\/\/jornalfatosenoticias.com.br\/#organization\"},\"potentialAction\":[{\"@type\":\"SearchAction\",\"target\":{\"@type\":\"EntryPoint\",\"urlTemplate\":\"https:\/\/jornalfatosenoticias.com.br\/?s={search_term_string}\"},\"query-input\":{\"@type\":\"PropertyValueSpecification\",\"valueRequired\":true,\"valueName\":\"search_term_string\"}}],\"inLanguage\":\"pt-BR\"},{\"@type\":\"Organization\",\"@id\":\"https:\/\/jornalfatosenoticias.com.br\/#organization\",\"name\":\"Jornal Fatos e Not\u00edcias\",\"url\":\"https:\/\/jornalfatosenoticias.com.br\/\",\"logo\":{\"@type\":\"ImageObject\",\"inLanguage\":\"pt-BR\",\"@id\":\"https:\/\/jornalfatosenoticias.com.br\/#\/schema\/logo\/image\/\",\"url\":\"https:\/\/jornalfatosenoticias.com.br\/wp-content\/uploads\/2020\/02\/logo120.png\",\"contentUrl\":\"https:\/\/jornalfatosenoticias.com.br\/wp-content\/uploads\/2020\/02\/logo120.png\",\"width\":1227,\"height\":120,\"caption\":\"Jornal Fatos e Not\u00edcias\"},\"image\":{\"@id\":\"https:\/\/jornalfatosenoticias.com.br\/#\/schema\/logo\/image\/\"}},{\"@type\":\"Person\",\"@id\":\"https:\/\/jornalfatosenoticias.com.br\/#\/schema\/person\/c33fcf5fb02d729d3fec92c6737a22d1\",\"name\":\"Ana Maria Iencarelli\",\"image\":{\"@type\":\"ImageObject\",\"inLanguage\":\"pt-BR\",\"@id\":\"https:\/\/jornalfatosenoticias.com.br\/#\/schema\/person\/image\/\",\"url\":\"https:\/\/jornalfatosenoticias.com.br\/wp-content\/uploads\/2020\/02\/Ana-Maria-Iencarelli-1-150x150.jpg\",\"contentUrl\":\"https:\/\/jornalfatosenoticias.com.br\/wp-content\/uploads\/2020\/02\/Ana-Maria-Iencarelli-1-150x150.jpg\",\"caption\":\"Ana Maria Iencarelli\"},\"description\":\"Psicanalista Cl\u00ednica, especializada no atendimento a Crian\u00e7as e Adolescentes. Presidente da ONG Vozes de Anjos.\",\"url\":\"https:\/\/jornalfatosenoticias.com.br\/index.php\/author\/anamaria\/\"}]}<\/script>\n<!-- \/ Yoast SEO plugin. -->","yoast_head_json":{"title":"Vulnerabilidade na Crian\u00e7a, suas diversas formas \u2014 Parte III - Jornal Fatos e Not\u00edcias","robots":{"index":"index","follow":"follow","max-snippet":"max-snippet:-1","max-image-preview":"max-image-preview:large","max-video-preview":"max-video-preview:-1"},"canonical":"https:\/\/jornalfatosenoticias.com.br\/index.php\/2023\/01\/12\/vulnerabilidade-na-crianca-suas-diversas-formas-parte-iii\/","og_locale":"pt_BR","og_type":"article","og_title":"Vulnerabilidade na Crian\u00e7a, suas diversas formas \u2014 Parte III - Jornal Fatos e Not\u00edcias","og_description":"A ascend\u00eancia pela vulnerabilidade aniquila a Crian\u00e7a. As consequ\u00eancias desses comportamentos esmagadores s\u00e3o nefastas Essa vulnerabilidade psicol\u00f3gica que come\u00e7amos a falar no \u00faltimo artigo, \u00e9 sobrecarregada pela configura\u00e7\u00e3o do incesto ou da viol\u00eancia f\u00edsica perpetrada contra a Crian\u00e7a. A ascend\u00eancia pela vulnerabilidade aniquila a Crian\u00e7a. As consequ\u00eancias desses comportamentos esmagadores s\u00e3o nefastas. \u00c9 f\u00e1cil pensar [&hellip;]","og_url":"https:\/\/jornalfatosenoticias.com.br\/index.php\/2023\/01\/12\/vulnerabilidade-na-crianca-suas-diversas-formas-parte-iii\/","og_site_name":"Jornal Fatos e Not\u00edcias","article_published_time":"2023-01-12T12:24:46+00:00","article_modified_time":"2023-01-12T12:24:48+00:00","og_image":[{"width":1000,"height":579,"url":"https:\/\/jornalfatosenoticias.com.br\/wp-content\/uploads\/2023\/01\/abuso-e-exploracao-sexual-infantojuvenil.jpg","type":"image\/jpeg"}],"author":"Ana Maria Iencarelli","twitter_card":"summary_large_image","twitter_misc":{"Escrito por":"Ana Maria Iencarelli","Est. tempo de leitura":"4 minutos"},"schema":{"@context":"https:\/\/schema.org","@graph":[{"@type":"Article","@id":"https:\/\/jornalfatosenoticias.com.br\/index.php\/2023\/01\/12\/vulnerabilidade-na-crianca-suas-diversas-formas-parte-iii\/#article","isPartOf":{"@id":"https:\/\/jornalfatosenoticias.com.br\/index.php\/2023\/01\/12\/vulnerabilidade-na-crianca-suas-diversas-formas-parte-iii\/"},"author":{"name":"Ana Maria Iencarelli","@id":"https:\/\/jornalfatosenoticias.com.br\/#\/schema\/person\/c33fcf5fb02d729d3fec92c6737a22d1"},"headline":"Vulnerabilidade na Crian\u00e7a, suas diversas formas \u2014 Parte III","datePublished":"2023-01-12T12:24:46+00:00","dateModified":"2023-01-12T12:24:48+00:00","mainEntityOfPage":{"@id":"https:\/\/jornalfatosenoticias.com.br\/index.php\/2023\/01\/12\/vulnerabilidade-na-crianca-suas-diversas-formas-parte-iii\/"},"wordCount":903,"commentCount":0,"publisher":{"@id":"https:\/\/jornalfatosenoticias.com.br\/#organization"},"image":{"@id":"https:\/\/jornalfatosenoticias.com.br\/index.php\/2023\/01\/12\/vulnerabilidade-na-crianca-suas-diversas-formas-parte-iii\/#primaryimage"},"thumbnailUrl":"https:\/\/jornalfatosenoticias.com.br\/wp-content\/uploads\/2023\/01\/abuso-e-exploracao-sexual-infantojuvenil.jpg","keywords":["Belo Horizonte","crimes","justi\u00e7a","les\u00e3o corporal","maus-tratos","Pol\u00edcia Militar","viol\u00eancia"],"articleSection":["Comportamento &amp; Equil\u00edbrio"],"inLanguage":"pt-BR","potentialAction":[{"@type":"CommentAction","name":"Comment","target":["https:\/\/jornalfatosenoticias.com.br\/index.php\/2023\/01\/12\/vulnerabilidade-na-crianca-suas-diversas-formas-parte-iii\/#respond"]}]},{"@type":"WebPage","@id":"https:\/\/jornalfatosenoticias.com.br\/index.php\/2023\/01\/12\/vulnerabilidade-na-crianca-suas-diversas-formas-parte-iii\/","url":"https:\/\/jornalfatosenoticias.com.br\/index.php\/2023\/01\/12\/vulnerabilidade-na-crianca-suas-diversas-formas-parte-iii\/","name":"Vulnerabilidade na Crian\u00e7a, suas diversas formas \u2014 Parte III - Jornal Fatos e Not\u00edcias","isPartOf":{"@id":"https:\/\/jornalfatosenoticias.com.br\/#website"},"primaryImageOfPage":{"@id":"https:\/\/jornalfatosenoticias.com.br\/index.php\/2023\/01\/12\/vulnerabilidade-na-crianca-suas-diversas-formas-parte-iii\/#primaryimage"},"image":{"@id":"https:\/\/jornalfatosenoticias.com.br\/index.php\/2023\/01\/12\/vulnerabilidade-na-crianca-suas-diversas-formas-parte-iii\/#primaryimage"},"thumbnailUrl":"https:\/\/jornalfatosenoticias.com.br\/wp-content\/uploads\/2023\/01\/abuso-e-exploracao-sexual-infantojuvenil.jpg","datePublished":"2023-01-12T12:24:46+00:00","dateModified":"2023-01-12T12:24:48+00:00","breadcrumb":{"@id":"https:\/\/jornalfatosenoticias.com.br\/index.php\/2023\/01\/12\/vulnerabilidade-na-crianca-suas-diversas-formas-parte-iii\/#breadcrumb"},"inLanguage":"pt-BR","potentialAction":[{"@type":"ReadAction","target":["https:\/\/jornalfatosenoticias.com.br\/index.php\/2023\/01\/12\/vulnerabilidade-na-crianca-suas-diversas-formas-parte-iii\/"]}]},{"@type":"ImageObject","inLanguage":"pt-BR","@id":"https:\/\/jornalfatosenoticias.com.br\/index.php\/2023\/01\/12\/vulnerabilidade-na-crianca-suas-diversas-formas-parte-iii\/#primaryimage","url":"https:\/\/jornalfatosenoticias.com.br\/wp-content\/uploads\/2023\/01\/abuso-e-exploracao-sexual-infantojuvenil.jpg","contentUrl":"https:\/\/jornalfatosenoticias.com.br\/wp-content\/uploads\/2023\/01\/abuso-e-exploracao-sexual-infantojuvenil.jpg","width":1000,"height":579},{"@type":"BreadcrumbList","@id":"https:\/\/jornalfatosenoticias.com.br\/index.php\/2023\/01\/12\/vulnerabilidade-na-crianca-suas-diversas-formas-parte-iii\/#breadcrumb","itemListElement":[{"@type":"ListItem","position":1,"name":"In\u00edcio","item":"https:\/\/jornalfatosenoticias.com.br\/"},{"@type":"ListItem","position":2,"name":"Vulnerabilidade na Crian\u00e7a, suas diversas formas \u2014 Parte III"}]},{"@type":"WebSite","@id":"https:\/\/jornalfatosenoticias.com.br\/#website","url":"https:\/\/jornalfatosenoticias.com.br\/","name":"Jornal Fatos e Not\u00edcias","description":"Not\u00edcias em geral","publisher":{"@id":"https:\/\/jornalfatosenoticias.com.br\/#organization"},"potentialAction":[{"@type":"SearchAction","target":{"@type":"EntryPoint","urlTemplate":"https:\/\/jornalfatosenoticias.com.br\/?s={search_term_string}"},"query-input":{"@type":"PropertyValueSpecification","valueRequired":true,"valueName":"search_term_string"}}],"inLanguage":"pt-BR"},{"@type":"Organization","@id":"https:\/\/jornalfatosenoticias.com.br\/#organization","name":"Jornal Fatos e Not\u00edcias","url":"https:\/\/jornalfatosenoticias.com.br\/","logo":{"@type":"ImageObject","inLanguage":"pt-BR","@id":"https:\/\/jornalfatosenoticias.com.br\/#\/schema\/logo\/image\/","url":"https:\/\/jornalfatosenoticias.com.br\/wp-content\/uploads\/2020\/02\/logo120.png","contentUrl":"https:\/\/jornalfatosenoticias.com.br\/wp-content\/uploads\/2020\/02\/logo120.png","width":1227,"height":120,"caption":"Jornal Fatos e Not\u00edcias"},"image":{"@id":"https:\/\/jornalfatosenoticias.com.br\/#\/schema\/logo\/image\/"}},{"@type":"Person","@id":"https:\/\/jornalfatosenoticias.com.br\/#\/schema\/person\/c33fcf5fb02d729d3fec92c6737a22d1","name":"Ana Maria Iencarelli","image":{"@type":"ImageObject","inLanguage":"pt-BR","@id":"https:\/\/jornalfatosenoticias.com.br\/#\/schema\/person\/image\/","url":"https:\/\/jornalfatosenoticias.com.br\/wp-content\/uploads\/2020\/02\/Ana-Maria-Iencarelli-1-150x150.jpg","contentUrl":"https:\/\/jornalfatosenoticias.com.br\/wp-content\/uploads\/2020\/02\/Ana-Maria-Iencarelli-1-150x150.jpg","caption":"Ana Maria Iencarelli"},"description":"Psicanalista Cl\u00ednica, especializada no atendimento a Crian\u00e7as e Adolescentes. Presidente da ONG Vozes de Anjos.","url":"https:\/\/jornalfatosenoticias.com.br\/index.php\/author\/anamaria\/"}]}},"cc_featured_image_caption":{"caption_text":"","source_text":"","source_url":""},"jetpack_featured_media_url":"https:\/\/jornalfatosenoticias.com.br\/wp-content\/uploads\/2023\/01\/abuso-e-exploracao-sexual-infantojuvenil.jpg","_links":{"self":[{"href":"https:\/\/jornalfatosenoticias.com.br\/index.php\/wp-json\/wp\/v2\/posts\/37696","targetHints":{"allow":["GET"]}}],"collection":[{"href":"https:\/\/jornalfatosenoticias.com.br\/index.php\/wp-json\/wp\/v2\/posts"}],"about":[{"href":"https:\/\/jornalfatosenoticias.com.br\/index.php\/wp-json\/wp\/v2\/types\/post"}],"author":[{"embeddable":true,"href":"https:\/\/jornalfatosenoticias.com.br\/index.php\/wp-json\/wp\/v2\/users\/8"}],"replies":[{"embeddable":true,"href":"https:\/\/jornalfatosenoticias.com.br\/index.php\/wp-json\/wp\/v2\/comments?post=37696"}],"version-history":[{"count":0,"href":"https:\/\/jornalfatosenoticias.com.br\/index.php\/wp-json\/wp\/v2\/posts\/37696\/revisions"}],"wp:featuredmedia":[{"embeddable":true,"href":"https:\/\/jornalfatosenoticias.com.br\/index.php\/wp-json\/wp\/v2\/media\/37697"}],"wp:attachment":[{"href":"https:\/\/jornalfatosenoticias.com.br\/index.php\/wp-json\/wp\/v2\/media?parent=37696"}],"wp:term":[{"taxonomy":"category","embeddable":true,"href":"https:\/\/jornalfatosenoticias.com.br\/index.php\/wp-json\/wp\/v2\/categories?post=37696"},{"taxonomy":"post_tag","embeddable":true,"href":"https:\/\/jornalfatosenoticias.com.br\/index.php\/wp-json\/wp\/v2\/tags?post=37696"}],"curies":[{"name":"wp","href":"https:\/\/api.w.org\/{rel}","templated":true}]}}