{"id":37746,"date":"2023-01-13T11:31:35","date_gmt":"2023-01-13T14:31:35","guid":{"rendered":"https:\/\/jornalfatosenoticias.com.br\/?p=37746"},"modified":"2023-01-13T11:31:37","modified_gmt":"2023-01-13T14:31:37","slug":"apesar-da-queda-nacional-industria-cresce-em-nove-estados-em-novembro","status":"publish","type":"post","link":"https:\/\/jornalfatosenoticias.com.br\/index.php\/2023\/01\/13\/apesar-da-queda-nacional-industria-cresce-em-nove-estados-em-novembro\/","title":{"rendered":"Apesar da queda nacional, ind\u00fastria cresce em nove estados em novembro"},"content":{"rendered":"\n<p><em><span class=\"has-inline-color has-black-color\">Maiores altas foram observadas no Paran\u00e1 e Esp\u00edrito Santo<\/span><\/em><\/p>\n\n\n\n<div class=\"wp-block-image\"><figure class=\"aligncenter size-large\"><img loading=\"lazy\" decoding=\"async\" width=\"729\" height=\"90\" src=\"https:\/\/jornalfatosenoticias.com.br\/wp-content\/uploads\/2020\/02\/Logo_Mizu.png\" alt=\"\" class=\"wp-image-1441\" srcset=\"https:\/\/jornalfatosenoticias.com.br\/wp-content\/uploads\/2020\/02\/Logo_Mizu.png 729w, https:\/\/jornalfatosenoticias.com.br\/wp-content\/uploads\/2020\/02\/Logo_Mizu-300x37.png 300w\" sizes=\"auto, (max-width: 729px) 100vw, 729px\" \/><\/figure><\/div>\n\n\n\n<p>Apesar de ter apresentado uma varia\u00e7\u00e3o negativa de 0,1% na m\u00e9dia nacional, de outubro para novembro de 2022, a produ\u00e7\u00e3o industrial cresceu em nove dos 15 locais pesquisados, no per\u00edodo. Os dados s\u00e3o da Pesquisa Industrial Mensal \u2014 Produ\u00e7\u00e3o F\u00edsica Regional, divulgada hoje (13) pelo Instituto Brasileiro de Geografia e Estat\u00edstica (IBGE).<\/p>\n\n\n\n<div class=\"wp-block-image\"><figure class=\"aligncenter size-large is-resized\"><img loading=\"lazy\" decoding=\"async\" src=\"https:\/\/jornalfatosenoticias.com.br\/wp-content\/uploads\/2020\/02\/logo-Panper_portal.jpg\" alt=\"\" class=\"wp-image-34474\" width=\"300\" height=\"208\" srcset=\"https:\/\/jornalfatosenoticias.com.br\/wp-content\/uploads\/2020\/02\/logo-Panper_portal.jpg 400w, https:\/\/jornalfatosenoticias.com.br\/wp-content\/uploads\/2020\/02\/logo-Panper_portal-300x208.jpg 300w\" sizes=\"auto, (max-width: 300px) 100vw, 300px\" \/><\/figure><\/div>\n\n\n\n<figure class=\"wp-block-pullquote\"><blockquote><p><span class=\"has-inline-color has-luminous-vivid-orange-color\">As maiores altas foram observadas no Paran\u00e1 (8,5%) e <strong>Esp\u00edrito Santo<\/strong> (7,6%). Outros estados com crescimento da ind\u00fastria em novembro foram Cear\u00e1 (4,3%), Mato Grosso (3,8%), Bahia (3,5%), S\u00e3o Paulo (3,1%), Minas Gerais (2,2%), Santa Catarina (0,3%) e Amazonas (0,1%).<\/span><\/p><\/blockquote><\/figure>\n\n\n\n<div class=\"wp-block-image\"><figure class=\"aligncenter size-large is-resized\"><img loading=\"lazy\" decoding=\"async\" src=\"https:\/\/jornalfatosenoticias.com.br\/wp-content\/uploads\/2020\/02\/nova-logo-Marquetti.jpg\" alt=\"\" class=\"wp-image-22331\" width=\"327\" height=\"219\" srcset=\"https:\/\/jornalfatosenoticias.com.br\/wp-content\/uploads\/2020\/02\/nova-logo-Marquetti.jpg 643w, https:\/\/jornalfatosenoticias.com.br\/wp-content\/uploads\/2020\/02\/nova-logo-Marquetti-300x202.jpg 300w\" sizes=\"auto, (max-width: 327px) 100vw, 327px\" \/><\/figure><\/div>\n\n\n\n<p>Por outro lado, seis locais tiveram queda no per\u00edodo, incluindo a Regi\u00e3o Nordeste (-1,3%), \u00fanica regi\u00e3o a ter seus dados consolidados divulgados pela pesquisa. A maior queda foi observada no Par\u00e1 (-5,2%). Tamb\u00e9m apresentaram perdas os estados de Pernambuco (-2%), Rio Grande do Sul (-1,3%), Rio de Janeiro (-0,9%) e Goi\u00e1s (-0,3%).<\/p>\n\n\n\n<div class=\"wp-block-image\"><figure class=\"aligncenter size-large\"><img loading=\"lazy\" decoding=\"async\" width=\"1024\" height=\"100\" src=\"https:\/\/jornalfatosenoticias.com.br\/wp-content\/uploads\/2020\/02\/banner_ferramentas-1024x100.jpg\" alt=\"\" class=\"wp-image-1258\" srcset=\"https:\/\/jornalfatosenoticias.com.br\/wp-content\/uploads\/2020\/02\/banner_ferramentas-1024x100.jpg 1024w, https:\/\/jornalfatosenoticias.com.br\/wp-content\/uploads\/2020\/02\/banner_ferramentas-300x29.jpg 300w, https:\/\/jornalfatosenoticias.com.br\/wp-content\/uploads\/2020\/02\/banner_ferramentas-768x75.jpg 768w, https:\/\/jornalfatosenoticias.com.br\/wp-content\/uploads\/2020\/02\/banner_ferramentas.jpg 1227w\" sizes=\"auto, (max-width: 1024px) 100vw, 1024px\" \/><\/figure><\/div>\n\n\n\n<p><strong><span class=\"has-inline-color has-black-color\">Outras compara\u00e7\u00f5es<br><\/span><\/strong>Na compara\u00e7\u00e3o com novembro de 2021, apenas cinco dos 15 locais pesquisados sustentaram a alta nacional de 0,9%, entre eles S\u00e3o Paulo (7,3%) e Rio de Janeiro (6%). Por outro lado, dez locais tiveram quedas. As perdas mais expressivas foram registradas pelo Par\u00e1 (-16,5%), <strong>Esp\u00edrito Santo<\/strong> (-12,2%) e Paran\u00e1 (-9,8%).<\/p>\n\n\n\n<div class=\"wp-block-image\"><figure class=\"aligncenter size-large is-resized\"><img loading=\"lazy\" decoding=\"async\" src=\"https:\/\/jornalfatosenoticias.com.br\/wp-content\/uploads\/2022\/02\/Precisao-Contabilidade-1024x724.jpg\" alt=\"\" class=\"wp-image-28088\" width=\"314\" height=\"222\"\/><\/figure><\/div>\n\n\n\n<p>No acumulado de janeiro a novembro de 2022, oito locais tiveram perdas enquanto sete tiveram altas. Os principais recuos ficaram com Par\u00e1 (-8,9%) e <strong>Esp\u00edrito Santo<\/strong> (-7,2%). J\u00e1 a principal alta foi observada no Mato Grosso (21,3%).<\/p>\n\n\n\n<div class=\"wp-block-image\"><figure class=\"aligncenter size-large\"><img decoding=\"async\" src=\"https:\/\/jornalfatosenoticias.com.br\/wp-content\/uploads\/2020\/02\/logo-embacia-1-1024x110.jpg\" alt=\"\" class=\"wp-image-33954\"\/><\/figure><\/div>\n\n\n\n<p>No acumulado de 12 meses, a produ\u00e7\u00e3o industrial teve recuos em nove dos 15 locais pesquisados, com destaque, mais uma vez, para os estados do Par\u00e1 (-8,9%) e <strong>Esp\u00edrito Santo<\/strong> (-6,7%). Dos seis locais com alta, destacou-se o Mato Grosso (21,6%).<\/p>\n\n\n\n<div class=\"wp-block-image\"><figure class=\"aligncenter size-large\"><img decoding=\"async\" src=\"https:\/\/jornalfatosenoticias.com.br\/wp-content\/uploads\/2020\/02\/barao-das-carnes-300x164-1.jpg\" alt=\"\" class=\"wp-image-34339\"\/><\/figure><\/div>\n\n\n\n<p><strong><em>Fonte: <a href=\"https:\/\/agenciabrasil.ebc.com.br\/economia\/noticia\/2023-01\/apesar-da-queda-nacional-industria-cresce-em-nove-estados-em-novembro\">Ag\u00eancia Brasil<\/a><\/em><\/strong><\/p>\n","protected":false},"excerpt":{"rendered":"<p>Maiores altas foram observadas no Paran\u00e1 e Esp\u00edrito Santo Apesar de ter apresentado uma varia\u00e7\u00e3o negativa de 0,1% na m\u00e9dia nacional, de outubro para novembro de 2022, a produ\u00e7\u00e3o industrial cresceu em nove dos 15 locais pesquisados, no per\u00edodo. Os dados s\u00e3o da Pesquisa Industrial Mensal \u2014 Produ\u00e7\u00e3o F\u00edsica Regional, divulgada hoje (13) pelo Instituto [&hellip;]<\/p>\n","protected":false},"author":2,"featured_media":37747,"comment_status":"open","ping_status":"open","sticky":false,"template":"","format":"standard","meta":{"footnotes":""},"categories":[9],"tags":[240,1281,17703,4240],"class_list":["post-37746","post","type-post","status-publish","format-standard","has-post-thumbnail","hentry","category-economia","tag-economia","tag-ibge","tag-pesquisa-industrial-mensal","tag-producao-industrial"],"yoast_head":"<!-- This site is optimized with the Yoast SEO plugin v26.5 - https:\/\/yoast.com\/wordpress\/plugins\/seo\/ -->\n<title>Apesar da queda nacional, ind\u00fastria cresce em nove estados em novembro - Jornal Fatos e Not\u00edcias<\/title>\n<meta name=\"robots\" content=\"index, follow, max-snippet:-1, max-image-preview:large, max-video-preview:-1\" \/>\n<link rel=\"canonical\" href=\"https:\/\/jornalfatosenoticias.com.br\/index.php\/2023\/01\/13\/apesar-da-queda-nacional-industria-cresce-em-nove-estados-em-novembro\/\" \/>\n<meta property=\"og:locale\" content=\"pt_BR\" \/>\n<meta property=\"og:type\" content=\"article\" \/>\n<meta property=\"og:title\" content=\"Apesar da queda nacional, ind\u00fastria cresce em nove estados em novembro - Jornal Fatos e Not\u00edcias\" \/>\n<meta property=\"og:description\" content=\"Maiores altas foram observadas no Paran\u00e1 e Esp\u00edrito Santo Apesar de ter apresentado uma varia\u00e7\u00e3o negativa de 0,1% na m\u00e9dia nacional, de outubro para novembro de 2022, a produ\u00e7\u00e3o industrial cresceu em nove dos 15 locais pesquisados, no per\u00edodo. Os dados s\u00e3o da Pesquisa Industrial Mensal \u2014 Produ\u00e7\u00e3o F\u00edsica Regional, divulgada hoje (13) pelo Instituto [&hellip;]\" \/>\n<meta property=\"og:url\" content=\"https:\/\/jornalfatosenoticias.com.br\/index.php\/2023\/01\/13\/apesar-da-queda-nacional-industria-cresce-em-nove-estados-em-novembro\/\" \/>\n<meta property=\"og:site_name\" content=\"Jornal Fatos e Not\u00edcias\" \/>\n<meta property=\"article:published_time\" content=\"2023-01-13T14:31:35+00:00\" \/>\n<meta property=\"article:modified_time\" content=\"2023-01-13T14:31:37+00:00\" \/>\n<meta property=\"og:image\" content=\"https:\/\/jornalfatosenoticias.com.br\/wp-content\/uploads\/2023\/01\/industria_general-motors-electric.jpg\" \/>\n\t<meta property=\"og:image:width\" content=\"1000\" \/>\n\t<meta property=\"og:image:height\" content=\"598\" \/>\n\t<meta property=\"og:image:type\" content=\"image\/jpeg\" \/>\n<meta name=\"author\" content=\"Luzimara Fernandes\" \/>\n<meta name=\"twitter:card\" content=\"summary_large_image\" \/>\n<meta name=\"twitter:label1\" content=\"Escrito por\" \/>\n\t<meta name=\"twitter:data1\" content=\"Luzimara Fernandes\" \/>\n\t<meta name=\"twitter:label2\" content=\"Est. tempo de leitura\" \/>\n\t<meta name=\"twitter:data2\" content=\"1 minuto\" \/>\n<script type=\"application\/ld+json\" class=\"yoast-schema-graph\">{\"@context\":\"https:\/\/schema.org\",\"@graph\":[{\"@type\":\"Article\",\"@id\":\"https:\/\/jornalfatosenoticias.com.br\/index.php\/2023\/01\/13\/apesar-da-queda-nacional-industria-cresce-em-nove-estados-em-novembro\/#article\",\"isPartOf\":{\"@id\":\"https:\/\/jornalfatosenoticias.com.br\/index.php\/2023\/01\/13\/apesar-da-queda-nacional-industria-cresce-em-nove-estados-em-novembro\/\"},\"author\":{\"name\":\"Luzimara Fernandes\",\"@id\":\"https:\/\/jornalfatosenoticias.com.br\/#\/schema\/person\/d63837fa13ac8666eb9e74e0985d6f81\"},\"headline\":\"Apesar da queda nacional, ind\u00fastria cresce em nove estados em novembro\",\"datePublished\":\"2023-01-13T14:31:35+00:00\",\"dateModified\":\"2023-01-13T14:31:37+00:00\",\"mainEntityOfPage\":{\"@id\":\"https:\/\/jornalfatosenoticias.com.br\/index.php\/2023\/01\/13\/apesar-da-queda-nacional-industria-cresce-em-nove-estados-em-novembro\/\"},\"wordCount\":299,\"commentCount\":0,\"publisher\":{\"@id\":\"https:\/\/jornalfatosenoticias.com.br\/#organization\"},\"image\":{\"@id\":\"https:\/\/jornalfatosenoticias.com.br\/index.php\/2023\/01\/13\/apesar-da-queda-nacional-industria-cresce-em-nove-estados-em-novembro\/#primaryimage\"},\"thumbnailUrl\":\"https:\/\/jornalfatosenoticias.com.br\/wp-content\/uploads\/2023\/01\/industria_general-motors-electric.jpg\",\"keywords\":[\"economia\",\"IBGE\",\"pesquisa Industrial Mensal\",\"produ\u00e7\u00e3o industrial\"],\"articleSection\":[\"Economia\"],\"inLanguage\":\"pt-BR\",\"potentialAction\":[{\"@type\":\"CommentAction\",\"name\":\"Comment\",\"target\":[\"https:\/\/jornalfatosenoticias.com.br\/index.php\/2023\/01\/13\/apesar-da-queda-nacional-industria-cresce-em-nove-estados-em-novembro\/#respond\"]}]},{\"@type\":\"WebPage\",\"@id\":\"https:\/\/jornalfatosenoticias.com.br\/index.php\/2023\/01\/13\/apesar-da-queda-nacional-industria-cresce-em-nove-estados-em-novembro\/\",\"url\":\"https:\/\/jornalfatosenoticias.com.br\/index.php\/2023\/01\/13\/apesar-da-queda-nacional-industria-cresce-em-nove-estados-em-novembro\/\",\"name\":\"Apesar da queda nacional, ind\u00fastria cresce em nove estados em novembro - Jornal Fatos e Not\u00edcias\",\"isPartOf\":{\"@id\":\"https:\/\/jornalfatosenoticias.com.br\/#website\"},\"primaryImageOfPage\":{\"@id\":\"https:\/\/jornalfatosenoticias.com.br\/index.php\/2023\/01\/13\/apesar-da-queda-nacional-industria-cresce-em-nove-estados-em-novembro\/#primaryimage\"},\"image\":{\"@id\":\"https:\/\/jornalfatosenoticias.com.br\/index.php\/2023\/01\/13\/apesar-da-queda-nacional-industria-cresce-em-nove-estados-em-novembro\/#primaryimage\"},\"thumbnailUrl\":\"https:\/\/jornalfatosenoticias.com.br\/wp-content\/uploads\/2023\/01\/industria_general-motors-electric.jpg\",\"datePublished\":\"2023-01-13T14:31:35+00:00\",\"dateModified\":\"2023-01-13T14:31:37+00:00\",\"breadcrumb\":{\"@id\":\"https:\/\/jornalfatosenoticias.com.br\/index.php\/2023\/01\/13\/apesar-da-queda-nacional-industria-cresce-em-nove-estados-em-novembro\/#breadcrumb\"},\"inLanguage\":\"pt-BR\",\"potentialAction\":[{\"@type\":\"ReadAction\",\"target\":[\"https:\/\/jornalfatosenoticias.com.br\/index.php\/2023\/01\/13\/apesar-da-queda-nacional-industria-cresce-em-nove-estados-em-novembro\/\"]}]},{\"@type\":\"ImageObject\",\"inLanguage\":\"pt-BR\",\"@id\":\"https:\/\/jornalfatosenoticias.com.br\/index.php\/2023\/01\/13\/apesar-da-queda-nacional-industria-cresce-em-nove-estados-em-novembro\/#primaryimage\",\"url\":\"https:\/\/jornalfatosenoticias.com.br\/wp-content\/uploads\/2023\/01\/industria_general-motors-electric.jpg\",\"contentUrl\":\"https:\/\/jornalfatosenoticias.com.br\/wp-content\/uploads\/2023\/01\/industria_general-motors-electric.jpg\",\"width\":1000,\"height\":598},{\"@type\":\"BreadcrumbList\",\"@id\":\"https:\/\/jornalfatosenoticias.com.br\/index.php\/2023\/01\/13\/apesar-da-queda-nacional-industria-cresce-em-nove-estados-em-novembro\/#breadcrumb\",\"itemListElement\":[{\"@type\":\"ListItem\",\"position\":1,\"name\":\"In\u00edcio\",\"item\":\"https:\/\/jornalfatosenoticias.com.br\/\"},{\"@type\":\"ListItem\",\"position\":2,\"name\":\"Apesar da queda nacional, ind\u00fastria cresce em nove estados em novembro\"}]},{\"@type\":\"WebSite\",\"@id\":\"https:\/\/jornalfatosenoticias.com.br\/#website\",\"url\":\"https:\/\/jornalfatosenoticias.com.br\/\",\"name\":\"Jornal Fatos e Not\u00edcias\",\"description\":\"Not\u00edcias em geral\",\"publisher\":{\"@id\":\"https:\/\/jornalfatosenoticias.com.br\/#organization\"},\"potentialAction\":[{\"@type\":\"SearchAction\",\"target\":{\"@type\":\"EntryPoint\",\"urlTemplate\":\"https:\/\/jornalfatosenoticias.com.br\/?s={search_term_string}\"},\"query-input\":{\"@type\":\"PropertyValueSpecification\",\"valueRequired\":true,\"valueName\":\"search_term_string\"}}],\"inLanguage\":\"pt-BR\"},{\"@type\":\"Organization\",\"@id\":\"https:\/\/jornalfatosenoticias.com.br\/#organization\",\"name\":\"Jornal Fatos e Not\u00edcias\",\"url\":\"https:\/\/jornalfatosenoticias.com.br\/\",\"logo\":{\"@type\":\"ImageObject\",\"inLanguage\":\"pt-BR\",\"@id\":\"https:\/\/jornalfatosenoticias.com.br\/#\/schema\/logo\/image\/\",\"url\":\"https:\/\/jornalfatosenoticias.com.br\/wp-content\/uploads\/2020\/02\/logo120.png\",\"contentUrl\":\"https:\/\/jornalfatosenoticias.com.br\/wp-content\/uploads\/2020\/02\/logo120.png\",\"width\":1227,\"height\":120,\"caption\":\"Jornal Fatos e Not\u00edcias\"},\"image\":{\"@id\":\"https:\/\/jornalfatosenoticias.com.br\/#\/schema\/logo\/image\/\"}},{\"@type\":\"Person\",\"@id\":\"https:\/\/jornalfatosenoticias.com.br\/#\/schema\/person\/d63837fa13ac8666eb9e74e0985d6f81\",\"name\":\"Luzimara Fernandes\",\"image\":{\"@type\":\"ImageObject\",\"inLanguage\":\"pt-BR\",\"@id\":\"https:\/\/jornalfatosenoticias.com.br\/#\/schema\/person\/image\/\",\"url\":\"https:\/\/jornalfatosenoticias.com.br\/wp-content\/uploads\/2025\/05\/EU_portal.jpg\",\"contentUrl\":\"https:\/\/jornalfatosenoticias.com.br\/wp-content\/uploads\/2025\/05\/EU_portal.jpg\",\"caption\":\"Luzimara Fernandes\"},\"description\":\"Jornalista MTB 2358-ES\",\"sameAs\":[\"https:\/\/jornalfatosenoticias.com.br\"],\"url\":\"https:\/\/jornalfatosenoticias.com.br\/index.php\/author\/luzimara\/\"}]}<\/script>\n<!-- \/ Yoast SEO plugin. -->","yoast_head_json":{"title":"Apesar da queda nacional, ind\u00fastria cresce em nove estados em novembro - Jornal Fatos e Not\u00edcias","robots":{"index":"index","follow":"follow","max-snippet":"max-snippet:-1","max-image-preview":"max-image-preview:large","max-video-preview":"max-video-preview:-1"},"canonical":"https:\/\/jornalfatosenoticias.com.br\/index.php\/2023\/01\/13\/apesar-da-queda-nacional-industria-cresce-em-nove-estados-em-novembro\/","og_locale":"pt_BR","og_type":"article","og_title":"Apesar da queda nacional, ind\u00fastria cresce em nove estados em novembro - Jornal Fatos e Not\u00edcias","og_description":"Maiores altas foram observadas no Paran\u00e1 e Esp\u00edrito Santo Apesar de ter apresentado uma varia\u00e7\u00e3o negativa de 0,1% na m\u00e9dia nacional, de outubro para novembro de 2022, a produ\u00e7\u00e3o industrial cresceu em nove dos 15 locais pesquisados, no per\u00edodo. Os dados s\u00e3o da Pesquisa Industrial Mensal \u2014 Produ\u00e7\u00e3o F\u00edsica Regional, divulgada hoje (13) pelo Instituto [&hellip;]","og_url":"https:\/\/jornalfatosenoticias.com.br\/index.php\/2023\/01\/13\/apesar-da-queda-nacional-industria-cresce-em-nove-estados-em-novembro\/","og_site_name":"Jornal Fatos e Not\u00edcias","article_published_time":"2023-01-13T14:31:35+00:00","article_modified_time":"2023-01-13T14:31:37+00:00","og_image":[{"width":1000,"height":598,"url":"https:\/\/jornalfatosenoticias.com.br\/wp-content\/uploads\/2023\/01\/industria_general-motors-electric.jpg","type":"image\/jpeg"}],"author":"Luzimara Fernandes","twitter_card":"summary_large_image","twitter_misc":{"Escrito por":"Luzimara Fernandes","Est. tempo de leitura":"1 minuto"},"schema":{"@context":"https:\/\/schema.org","@graph":[{"@type":"Article","@id":"https:\/\/jornalfatosenoticias.com.br\/index.php\/2023\/01\/13\/apesar-da-queda-nacional-industria-cresce-em-nove-estados-em-novembro\/#article","isPartOf":{"@id":"https:\/\/jornalfatosenoticias.com.br\/index.php\/2023\/01\/13\/apesar-da-queda-nacional-industria-cresce-em-nove-estados-em-novembro\/"},"author":{"name":"Luzimara Fernandes","@id":"https:\/\/jornalfatosenoticias.com.br\/#\/schema\/person\/d63837fa13ac8666eb9e74e0985d6f81"},"headline":"Apesar da queda nacional, ind\u00fastria cresce em nove estados em novembro","datePublished":"2023-01-13T14:31:35+00:00","dateModified":"2023-01-13T14:31:37+00:00","mainEntityOfPage":{"@id":"https:\/\/jornalfatosenoticias.com.br\/index.php\/2023\/01\/13\/apesar-da-queda-nacional-industria-cresce-em-nove-estados-em-novembro\/"},"wordCount":299,"commentCount":0,"publisher":{"@id":"https:\/\/jornalfatosenoticias.com.br\/#organization"},"image":{"@id":"https:\/\/jornalfatosenoticias.com.br\/index.php\/2023\/01\/13\/apesar-da-queda-nacional-industria-cresce-em-nove-estados-em-novembro\/#primaryimage"},"thumbnailUrl":"https:\/\/jornalfatosenoticias.com.br\/wp-content\/uploads\/2023\/01\/industria_general-motors-electric.jpg","keywords":["economia","IBGE","pesquisa Industrial Mensal","produ\u00e7\u00e3o industrial"],"articleSection":["Economia"],"inLanguage":"pt-BR","potentialAction":[{"@type":"CommentAction","name":"Comment","target":["https:\/\/jornalfatosenoticias.com.br\/index.php\/2023\/01\/13\/apesar-da-queda-nacional-industria-cresce-em-nove-estados-em-novembro\/#respond"]}]},{"@type":"WebPage","@id":"https:\/\/jornalfatosenoticias.com.br\/index.php\/2023\/01\/13\/apesar-da-queda-nacional-industria-cresce-em-nove-estados-em-novembro\/","url":"https:\/\/jornalfatosenoticias.com.br\/index.php\/2023\/01\/13\/apesar-da-queda-nacional-industria-cresce-em-nove-estados-em-novembro\/","name":"Apesar da queda nacional, ind\u00fastria cresce em nove estados em novembro - Jornal Fatos e Not\u00edcias","isPartOf":{"@id":"https:\/\/jornalfatosenoticias.com.br\/#website"},"primaryImageOfPage":{"@id":"https:\/\/jornalfatosenoticias.com.br\/index.php\/2023\/01\/13\/apesar-da-queda-nacional-industria-cresce-em-nove-estados-em-novembro\/#primaryimage"},"image":{"@id":"https:\/\/jornalfatosenoticias.com.br\/index.php\/2023\/01\/13\/apesar-da-queda-nacional-industria-cresce-em-nove-estados-em-novembro\/#primaryimage"},"thumbnailUrl":"https:\/\/jornalfatosenoticias.com.br\/wp-content\/uploads\/2023\/01\/industria_general-motors-electric.jpg","datePublished":"2023-01-13T14:31:35+00:00","dateModified":"2023-01-13T14:31:37+00:00","breadcrumb":{"@id":"https:\/\/jornalfatosenoticias.com.br\/index.php\/2023\/01\/13\/apesar-da-queda-nacional-industria-cresce-em-nove-estados-em-novembro\/#breadcrumb"},"inLanguage":"pt-BR","potentialAction":[{"@type":"ReadAction","target":["https:\/\/jornalfatosenoticias.com.br\/index.php\/2023\/01\/13\/apesar-da-queda-nacional-industria-cresce-em-nove-estados-em-novembro\/"]}]},{"@type":"ImageObject","inLanguage":"pt-BR","@id":"https:\/\/jornalfatosenoticias.com.br\/index.php\/2023\/01\/13\/apesar-da-queda-nacional-industria-cresce-em-nove-estados-em-novembro\/#primaryimage","url":"https:\/\/jornalfatosenoticias.com.br\/wp-content\/uploads\/2023\/01\/industria_general-motors-electric.jpg","contentUrl":"https:\/\/jornalfatosenoticias.com.br\/wp-content\/uploads\/2023\/01\/industria_general-motors-electric.jpg","width":1000,"height":598},{"@type":"BreadcrumbList","@id":"https:\/\/jornalfatosenoticias.com.br\/index.php\/2023\/01\/13\/apesar-da-queda-nacional-industria-cresce-em-nove-estados-em-novembro\/#breadcrumb","itemListElement":[{"@type":"ListItem","position":1,"name":"In\u00edcio","item":"https:\/\/jornalfatosenoticias.com.br\/"},{"@type":"ListItem","position":2,"name":"Apesar da queda nacional, ind\u00fastria cresce em nove estados em novembro"}]},{"@type":"WebSite","@id":"https:\/\/jornalfatosenoticias.com.br\/#website","url":"https:\/\/jornalfatosenoticias.com.br\/","name":"Jornal Fatos e Not\u00edcias","description":"Not\u00edcias em geral","publisher":{"@id":"https:\/\/jornalfatosenoticias.com.br\/#organization"},"potentialAction":[{"@type":"SearchAction","target":{"@type":"EntryPoint","urlTemplate":"https:\/\/jornalfatosenoticias.com.br\/?s={search_term_string}"},"query-input":{"@type":"PropertyValueSpecification","valueRequired":true,"valueName":"search_term_string"}}],"inLanguage":"pt-BR"},{"@type":"Organization","@id":"https:\/\/jornalfatosenoticias.com.br\/#organization","name":"Jornal Fatos e Not\u00edcias","url":"https:\/\/jornalfatosenoticias.com.br\/","logo":{"@type":"ImageObject","inLanguage":"pt-BR","@id":"https:\/\/jornalfatosenoticias.com.br\/#\/schema\/logo\/image\/","url":"https:\/\/jornalfatosenoticias.com.br\/wp-content\/uploads\/2020\/02\/logo120.png","contentUrl":"https:\/\/jornalfatosenoticias.com.br\/wp-content\/uploads\/2020\/02\/logo120.png","width":1227,"height":120,"caption":"Jornal Fatos e Not\u00edcias"},"image":{"@id":"https:\/\/jornalfatosenoticias.com.br\/#\/schema\/logo\/image\/"}},{"@type":"Person","@id":"https:\/\/jornalfatosenoticias.com.br\/#\/schema\/person\/d63837fa13ac8666eb9e74e0985d6f81","name":"Luzimara Fernandes","image":{"@type":"ImageObject","inLanguage":"pt-BR","@id":"https:\/\/jornalfatosenoticias.com.br\/#\/schema\/person\/image\/","url":"https:\/\/jornalfatosenoticias.com.br\/wp-content\/uploads\/2025\/05\/EU_portal.jpg","contentUrl":"https:\/\/jornalfatosenoticias.com.br\/wp-content\/uploads\/2025\/05\/EU_portal.jpg","caption":"Luzimara Fernandes"},"description":"Jornalista MTB 2358-ES","sameAs":["https:\/\/jornalfatosenoticias.com.br"],"url":"https:\/\/jornalfatosenoticias.com.br\/index.php\/author\/luzimara\/"}]}},"cc_featured_image_caption":{"caption_text":"(Foto: Rebecca Cook\/Reuters) ","source_text":"","source_url":""},"jetpack_featured_media_url":"https:\/\/jornalfatosenoticias.com.br\/wp-content\/uploads\/2023\/01\/industria_general-motors-electric.jpg","_links":{"self":[{"href":"https:\/\/jornalfatosenoticias.com.br\/index.php\/wp-json\/wp\/v2\/posts\/37746","targetHints":{"allow":["GET"]}}],"collection":[{"href":"https:\/\/jornalfatosenoticias.com.br\/index.php\/wp-json\/wp\/v2\/posts"}],"about":[{"href":"https:\/\/jornalfatosenoticias.com.br\/index.php\/wp-json\/wp\/v2\/types\/post"}],"author":[{"embeddable":true,"href":"https:\/\/jornalfatosenoticias.com.br\/index.php\/wp-json\/wp\/v2\/users\/2"}],"replies":[{"embeddable":true,"href":"https:\/\/jornalfatosenoticias.com.br\/index.php\/wp-json\/wp\/v2\/comments?post=37746"}],"version-history":[{"count":0,"href":"https:\/\/jornalfatosenoticias.com.br\/index.php\/wp-json\/wp\/v2\/posts\/37746\/revisions"}],"wp:featuredmedia":[{"embeddable":true,"href":"https:\/\/jornalfatosenoticias.com.br\/index.php\/wp-json\/wp\/v2\/media\/37747"}],"wp:attachment":[{"href":"https:\/\/jornalfatosenoticias.com.br\/index.php\/wp-json\/wp\/v2\/media?parent=37746"}],"wp:term":[{"taxonomy":"category","embeddable":true,"href":"https:\/\/jornalfatosenoticias.com.br\/index.php\/wp-json\/wp\/v2\/categories?post=37746"},{"taxonomy":"post_tag","embeddable":true,"href":"https:\/\/jornalfatosenoticias.com.br\/index.php\/wp-json\/wp\/v2\/tags?post=37746"}],"curies":[{"name":"wp","href":"https:\/\/api.w.org\/{rel}","templated":true}]}}