{"id":37749,"date":"2023-01-13T11:45:01","date_gmt":"2023-01-13T14:45:01","guid":{"rendered":"https:\/\/jornalfatosenoticias.com.br\/?p=37749"},"modified":"2023-01-13T11:45:03","modified_gmt":"2023-01-13T14:45:03","slug":"pudim-de-pao-igual-vovo-fazia-delicioso-consistente-e-perfeito-para-a-sobremesa","status":"publish","type":"post","link":"https:\/\/jornalfatosenoticias.com.br\/index.php\/2023\/01\/13\/pudim-de-pao-igual-vovo-fazia-delicioso-consistente-e-perfeito-para-a-sobremesa\/","title":{"rendered":"Pudim de p\u00e3o igual vov\u00f3 fazia delicioso consistente e perfeito para a sobremesa"},"content":{"rendered":"\n<div class=\"wp-block-image\"><figure class=\"aligncenter size-large\"><img decoding=\"async\" src=\"https:\/\/jornalfatosenoticias.com.br\/wp-content\/uploads\/2020\/02\/Serra-Grande-1024x160.png\" alt=\"\" class=\"wp-image-7836\"\/><\/figure><\/div>\n\n\n\n<p>O pudim de p\u00e3o fica simplesmente delicioso, acompanha uma calda e vai agradar a todos sendo uma \u00f3tima op\u00e7\u00e3o de sobremesa ap\u00f3s as refei\u00e7\u00f5es ou para saborear em qualquer ocasi\u00e3o. Utilizando p\u00e3o amanhecido voc\u00ea evita o desperd\u00edcio e prepara essa maravilha de pudim, que vai encantar a todos! <\/p>\n\n\n\n<div class=\"wp-block-image\"><figure class=\"alignright size-large\"><img decoding=\"async\" src=\"https:\/\/jornalfatosenoticias.com.br\/wp-content\/uploads\/2020\/02\/logo_esteio.jpg\" alt=\"\" class=\"wp-image-1214\"\/><\/figure><\/div>\n\n\n\n<p><strong><span class=\"has-inline-color has-vivid-purple-color\">Como fazer pudim de p\u00e3o<br><\/span><\/strong>Para a receita do pudim de p\u00e3o, precisaremos de: leite, p\u00e3o-franc\u00eas amanhecido, leite condensado, leite em p\u00f3, ess\u00eancia de baunilha e ovos. Come\u00e7aremos caramelizando uma f\u00f4rma de buraco central. Na sequ\u00eancia, vamos bater os ingredientes todos no liquidificador, de acordo com as orienta\u00e7\u00f5es do passo a passo, transferir a mistura do pudim para a forma caramelizada e assar em banho-maria, em forno pr\u00e9-aquecido por cerca de 80-90 minutos. Ent\u00e3o iremos tirar do forno e aguardar esfriar na geladeira por uma hora para depois desenformar. Passado esse tempo, vamos desenformar, servir e degustar essa gostosura de pudim de p\u00e3o!<\/p>\n\n\n\n<div class=\"wp-block-image\"><figure class=\"aligncenter size-large\"><img loading=\"lazy\" decoding=\"async\" width=\"300\" height=\"250\" src=\"https:\/\/jornalfatosenoticias.com.br\/wp-content\/uploads\/2022\/08\/arte-Casarao.jpg\" alt=\"\" class=\"wp-image-33178\"\/><\/figure><\/div>\n\n\n\n<p><strong><span class=\"has-inline-color has-vivid-purple-color\">Ingredientes<br><\/span><\/strong><em><span class=\"has-inline-color has-black-color\">Para o caramelo<\/span><\/em><\/p>\n\n\n\n<ul class=\"wp-block-list\"><li>1 x\u00edcara (ch\u00e1) de a\u00e7\u00facar<\/li><li>\u00bd x\u00edcara (ch\u00e1) de \u00e1gua<\/li><\/ul>\n\n\n\n<div class=\"wp-block-image\"><figure class=\"alignleft size-large is-resized\"><img loading=\"lazy\" decoding=\"async\" src=\"https:\/\/jornalfatosenoticias.com.br\/wp-content\/uploads\/2020\/02\/casa-do-torresmo_portal.jpg\" alt=\"\" class=\"wp-image-34472\" width=\"250\" height=\"250\" srcset=\"https:\/\/jornalfatosenoticias.com.br\/wp-content\/uploads\/2020\/02\/casa-do-torresmo_portal.jpg 300w, https:\/\/jornalfatosenoticias.com.br\/wp-content\/uploads\/2020\/02\/casa-do-torresmo_portal-150x150.jpg 150w\" sizes=\"auto, (max-width: 250px) 100vw, 250px\" \/><\/figure><\/div>\n\n\n\n<p><em><span class=\"has-inline-color has-black-color\">Para o pudim<\/span><\/em><\/p>\n\n\n\n<ul class=\"wp-block-list\"><li>3 ovos inteiros<\/li><li>1 caixinha de leite condensado<\/li><li>\u00bd colher (sopa) de ess\u00eancia de baunilha<\/li><li>1 x\u00edcara (ch\u00e1) de leite em p\u00f3<\/li><li>700 ml de leite integral<\/li><li>3 p\u00e3es-franceses amanhecidos e picados grosseiramente<\/li><\/ul>\n\n\n\n<p><strong><span class=\"has-inline-color has-vivid-purple-color\">Modo de preparo<br><\/span><\/strong><em><span class=\"has-inline-color has-black-color\">Do caramelo<\/span><\/em><\/p>\n\n\n\n<ol class=\"wp-block-list\"><li>Adicione o a\u00e7\u00facar em uma panela e derreta em fogo baixo at\u00e9 obter uma calda dourada.<\/li><li>Junte a \u00e1gua, com cuidado, porque pode espirrar e mantenha no fogo at\u00e9 que os torr\u00f5es de a\u00e7\u00facar se dissolvam, formando um caramelo homog\u00eaneo e brilhante.<\/li><li>Utilize essa calda para caramelizar o fundo e as laterais de uma f\u00f4rma (22cm de di\u00e2metro) de buraco central.<\/li><li>Deixe reservado.<\/li><\/ol>\n\n\n\n<div class=\"wp-block-image\"><figure class=\"aligncenter size-large is-resized\"><img loading=\"lazy\" decoding=\"async\" src=\"https:\/\/jornalfatosenoticias.com.br\/wp-content\/uploads\/2020\/02\/nova-logo-Marquetti.jpg\" alt=\"\" class=\"wp-image-22331\" width=\"301\" height=\"202\" srcset=\"https:\/\/jornalfatosenoticias.com.br\/wp-content\/uploads\/2020\/02\/nova-logo-Marquetti.jpg 643w, https:\/\/jornalfatosenoticias.com.br\/wp-content\/uploads\/2020\/02\/nova-logo-Marquetti-300x202.jpg 300w\" sizes=\"auto, (max-width: 301px) 100vw, 301px\" \/><\/figure><\/div>\n\n\n\n<p><em><span class=\"has-inline-color has-black-color\">Do pudim<\/span><\/em><\/p>\n\n\n\n<ol class=\"wp-block-list\"><li>Adicione no liquidificador: os ovos, o leite, a ess\u00eancia de baunilha, o leite condensado e o leite em p\u00f3.<\/li><li>Para formar um creme homog\u00eaneo, bata muito bem durante um minuto. Junte os p\u00e3es picados, batendo mais um pouco para que tudo se incorpore.<\/li><li>Transfira essa mistura para a forma caramelizada e asse em banho-maria de \u00e1gua quente, no forno pr\u00e9-aquecido a 180\u00b0C, por aproximadamente, 80-90 minutos.<\/li><li>Ap\u00f3s esse tempo, tire do forno, aguarde esfriar e leve para gelar por, pelo menos, uma hora. Depois disso, tire da geladeira e desenforme numa travessa.<\/li><li>Pronto, sirva e se delicie com seu magn\u00edfico pudim de p\u00e3o!<\/li><\/ol>\n\n\n\n<p><strong><em>Fonte: <a href=\"https:\/\/receitatodahora.com.br\/pudim-de-pao-igual-vovo-fazia-delicioso-consistente-e-perfeito-para-a-sobremesa\/?utm_source=terra_capa_vida-e-estilo&amp;utm_medium=referral\">Terra<\/a><\/em><\/strong><\/p>\n","protected":false},"excerpt":{"rendered":"<p>O pudim de p\u00e3o fica simplesmente delicioso, acompanha uma calda e vai agradar a todos sendo uma \u00f3tima op\u00e7\u00e3o de sobremesa ap\u00f3s as refei\u00e7\u00f5es ou para saborear em qualquer ocasi\u00e3o. Utilizando p\u00e3o amanhecido voc\u00ea evita o desperd\u00edcio e prepara essa maravilha de pudim, que vai encantar a todos! Como fazer pudim de p\u00e3oPara a receita [&hellip;]<\/p>\n","protected":false},"author":10,"featured_media":37750,"comment_status":"open","ping_status":"open","sticky":false,"template":"","format":"standard","meta":{"footnotes":""},"categories":[745],"tags":[10593,17704,9960,5816],"class_list":["post-37749","post","type-post","status-publish","format-standard","has-post-thumbnail","hentry","category-gastronomia","tag-pudim","tag-pudim-de-pao","tag-receita-deliciosa","tag-sobremesa"],"yoast_head":"<!-- This site is optimized with the Yoast SEO plugin v26.5 - https:\/\/yoast.com\/wordpress\/plugins\/seo\/ -->\n<title>Pudim de p\u00e3o igual vov\u00f3 fazia delicioso consistente e perfeito para a sobremesa - Jornal Fatos e Not\u00edcias<\/title>\n<meta name=\"robots\" content=\"index, follow, max-snippet:-1, max-image-preview:large, max-video-preview:-1\" \/>\n<link rel=\"canonical\" href=\"https:\/\/jornalfatosenoticias.com.br\/index.php\/2023\/01\/13\/pudim-de-pao-igual-vovo-fazia-delicioso-consistente-e-perfeito-para-a-sobremesa\/\" \/>\n<meta property=\"og:locale\" content=\"pt_BR\" \/>\n<meta property=\"og:type\" content=\"article\" \/>\n<meta property=\"og:title\" content=\"Pudim de p\u00e3o igual vov\u00f3 fazia delicioso consistente e perfeito para a sobremesa - Jornal Fatos e Not\u00edcias\" \/>\n<meta property=\"og:description\" content=\"O pudim de p\u00e3o fica simplesmente delicioso, acompanha uma calda e vai agradar a todos sendo uma \u00f3tima op\u00e7\u00e3o de sobremesa ap\u00f3s as refei\u00e7\u00f5es ou para saborear em qualquer ocasi\u00e3o. Utilizando p\u00e3o amanhecido voc\u00ea evita o desperd\u00edcio e prepara essa maravilha de pudim, que vai encantar a todos! Como fazer pudim de p\u00e3oPara a receita [&hellip;]\" \/>\n<meta property=\"og:url\" content=\"https:\/\/jornalfatosenoticias.com.br\/index.php\/2023\/01\/13\/pudim-de-pao-igual-vovo-fazia-delicioso-consistente-e-perfeito-para-a-sobremesa\/\" \/>\n<meta property=\"og:site_name\" content=\"Jornal Fatos e Not\u00edcias\" \/>\n<meta property=\"article:published_time\" content=\"2023-01-13T14:45:01+00:00\" \/>\n<meta property=\"article:modified_time\" content=\"2023-01-13T14:45:03+00:00\" \/>\n<meta property=\"og:image\" content=\"https:\/\/jornalfatosenoticias.com.br\/wp-content\/uploads\/2023\/01\/pudim-de-pao.jpg\" \/>\n\t<meta property=\"og:image:width\" content=\"1000\" \/>\n\t<meta property=\"og:image:height\" content=\"562\" \/>\n\t<meta property=\"og:image:type\" content=\"image\/jpeg\" \/>\n<meta name=\"author\" content=\"Gabriela Messner Aresi Oliveira\" \/>\n<meta name=\"twitter:card\" content=\"summary_large_image\" \/>\n<meta name=\"twitter:label1\" content=\"Escrito por\" \/>\n\t<meta name=\"twitter:data1\" content=\"Gabriela Messner Aresi Oliveira\" \/>\n\t<meta name=\"twitter:label2\" content=\"Est. tempo de leitura\" \/>\n\t<meta name=\"twitter:data2\" content=\"2 minutos\" \/>\n<script type=\"application\/ld+json\" class=\"yoast-schema-graph\">{\"@context\":\"https:\/\/schema.org\",\"@graph\":[{\"@type\":\"Article\",\"@id\":\"https:\/\/jornalfatosenoticias.com.br\/index.php\/2023\/01\/13\/pudim-de-pao-igual-vovo-fazia-delicioso-consistente-e-perfeito-para-a-sobremesa\/#article\",\"isPartOf\":{\"@id\":\"https:\/\/jornalfatosenoticias.com.br\/index.php\/2023\/01\/13\/pudim-de-pao-igual-vovo-fazia-delicioso-consistente-e-perfeito-para-a-sobremesa\/\"},\"author\":{\"name\":\"Gabriela Messner Aresi Oliveira\",\"@id\":\"https:\/\/jornalfatosenoticias.com.br\/#\/schema\/person\/8e0fe72f7a2b1f60eecd0c7d1dc4d8f1\"},\"headline\":\"Pudim de p\u00e3o igual vov\u00f3 fazia delicioso consistente e perfeito para a sobremesa\",\"datePublished\":\"2023-01-13T14:45:01+00:00\",\"dateModified\":\"2023-01-13T14:45:03+00:00\",\"mainEntityOfPage\":{\"@id\":\"https:\/\/jornalfatosenoticias.com.br\/index.php\/2023\/01\/13\/pudim-de-pao-igual-vovo-fazia-delicioso-consistente-e-perfeito-para-a-sobremesa\/\"},\"wordCount\":420,\"commentCount\":0,\"publisher\":{\"@id\":\"https:\/\/jornalfatosenoticias.com.br\/#organization\"},\"image\":{\"@id\":\"https:\/\/jornalfatosenoticias.com.br\/index.php\/2023\/01\/13\/pudim-de-pao-igual-vovo-fazia-delicioso-consistente-e-perfeito-para-a-sobremesa\/#primaryimage\"},\"thumbnailUrl\":\"https:\/\/jornalfatosenoticias.com.br\/wp-content\/uploads\/2023\/01\/pudim-de-pao.jpg\",\"keywords\":[\"pudim\",\"pudim de p\u00e3o\",\"receita deliciosa\",\"sobremesa\"],\"articleSection\":[\"Gastronomia\"],\"inLanguage\":\"pt-BR\",\"potentialAction\":[{\"@type\":\"CommentAction\",\"name\":\"Comment\",\"target\":[\"https:\/\/jornalfatosenoticias.com.br\/index.php\/2023\/01\/13\/pudim-de-pao-igual-vovo-fazia-delicioso-consistente-e-perfeito-para-a-sobremesa\/#respond\"]}]},{\"@type\":\"WebPage\",\"@id\":\"https:\/\/jornalfatosenoticias.com.br\/index.php\/2023\/01\/13\/pudim-de-pao-igual-vovo-fazia-delicioso-consistente-e-perfeito-para-a-sobremesa\/\",\"url\":\"https:\/\/jornalfatosenoticias.com.br\/index.php\/2023\/01\/13\/pudim-de-pao-igual-vovo-fazia-delicioso-consistente-e-perfeito-para-a-sobremesa\/\",\"name\":\"Pudim de p\u00e3o igual vov\u00f3 fazia delicioso consistente e perfeito para a sobremesa - Jornal Fatos e Not\u00edcias\",\"isPartOf\":{\"@id\":\"https:\/\/jornalfatosenoticias.com.br\/#website\"},\"primaryImageOfPage\":{\"@id\":\"https:\/\/jornalfatosenoticias.com.br\/index.php\/2023\/01\/13\/pudim-de-pao-igual-vovo-fazia-delicioso-consistente-e-perfeito-para-a-sobremesa\/#primaryimage\"},\"image\":{\"@id\":\"https:\/\/jornalfatosenoticias.com.br\/index.php\/2023\/01\/13\/pudim-de-pao-igual-vovo-fazia-delicioso-consistente-e-perfeito-para-a-sobremesa\/#primaryimage\"},\"thumbnailUrl\":\"https:\/\/jornalfatosenoticias.com.br\/wp-content\/uploads\/2023\/01\/pudim-de-pao.jpg\",\"datePublished\":\"2023-01-13T14:45:01+00:00\",\"dateModified\":\"2023-01-13T14:45:03+00:00\",\"breadcrumb\":{\"@id\":\"https:\/\/jornalfatosenoticias.com.br\/index.php\/2023\/01\/13\/pudim-de-pao-igual-vovo-fazia-delicioso-consistente-e-perfeito-para-a-sobremesa\/#breadcrumb\"},\"inLanguage\":\"pt-BR\",\"potentialAction\":[{\"@type\":\"ReadAction\",\"target\":[\"https:\/\/jornalfatosenoticias.com.br\/index.php\/2023\/01\/13\/pudim-de-pao-igual-vovo-fazia-delicioso-consistente-e-perfeito-para-a-sobremesa\/\"]}]},{\"@type\":\"ImageObject\",\"inLanguage\":\"pt-BR\",\"@id\":\"https:\/\/jornalfatosenoticias.com.br\/index.php\/2023\/01\/13\/pudim-de-pao-igual-vovo-fazia-delicioso-consistente-e-perfeito-para-a-sobremesa\/#primaryimage\",\"url\":\"https:\/\/jornalfatosenoticias.com.br\/wp-content\/uploads\/2023\/01\/pudim-de-pao.jpg\",\"contentUrl\":\"https:\/\/jornalfatosenoticias.com.br\/wp-content\/uploads\/2023\/01\/pudim-de-pao.jpg\",\"width\":1000,\"height\":562},{\"@type\":\"BreadcrumbList\",\"@id\":\"https:\/\/jornalfatosenoticias.com.br\/index.php\/2023\/01\/13\/pudim-de-pao-igual-vovo-fazia-delicioso-consistente-e-perfeito-para-a-sobremesa\/#breadcrumb\",\"itemListElement\":[{\"@type\":\"ListItem\",\"position\":1,\"name\":\"In\u00edcio\",\"item\":\"https:\/\/jornalfatosenoticias.com.br\/\"},{\"@type\":\"ListItem\",\"position\":2,\"name\":\"Pudim de p\u00e3o igual vov\u00f3 fazia delicioso consistente e perfeito para a sobremesa\"}]},{\"@type\":\"WebSite\",\"@id\":\"https:\/\/jornalfatosenoticias.com.br\/#website\",\"url\":\"https:\/\/jornalfatosenoticias.com.br\/\",\"name\":\"Jornal Fatos e Not\u00edcias\",\"description\":\"Not\u00edcias em geral\",\"publisher\":{\"@id\":\"https:\/\/jornalfatosenoticias.com.br\/#organization\"},\"potentialAction\":[{\"@type\":\"SearchAction\",\"target\":{\"@type\":\"EntryPoint\",\"urlTemplate\":\"https:\/\/jornalfatosenoticias.com.br\/?s={search_term_string}\"},\"query-input\":{\"@type\":\"PropertyValueSpecification\",\"valueRequired\":true,\"valueName\":\"search_term_string\"}}],\"inLanguage\":\"pt-BR\"},{\"@type\":\"Organization\",\"@id\":\"https:\/\/jornalfatosenoticias.com.br\/#organization\",\"name\":\"Jornal Fatos e Not\u00edcias\",\"url\":\"https:\/\/jornalfatosenoticias.com.br\/\",\"logo\":{\"@type\":\"ImageObject\",\"inLanguage\":\"pt-BR\",\"@id\":\"https:\/\/jornalfatosenoticias.com.br\/#\/schema\/logo\/image\/\",\"url\":\"https:\/\/jornalfatosenoticias.com.br\/wp-content\/uploads\/2020\/02\/logo120.png\",\"contentUrl\":\"https:\/\/jornalfatosenoticias.com.br\/wp-content\/uploads\/2020\/02\/logo120.png\",\"width\":1227,\"height\":120,\"caption\":\"Jornal Fatos e Not\u00edcias\"},\"image\":{\"@id\":\"https:\/\/jornalfatosenoticias.com.br\/#\/schema\/logo\/image\/\"}},{\"@type\":\"Person\",\"@id\":\"https:\/\/jornalfatosenoticias.com.br\/#\/schema\/person\/8e0fe72f7a2b1f60eecd0c7d1dc4d8f1\",\"name\":\"Gabriela Messner Aresi Oliveira\",\"image\":{\"@type\":\"ImageObject\",\"inLanguage\":\"pt-BR\",\"@id\":\"https:\/\/jornalfatosenoticias.com.br\/#\/schema\/person\/image\/\",\"url\":\"https:\/\/jornalfatosenoticias.com.br\/wp-content\/uploads\/2020\/03\/Gabriela-messner-150x150.jpg\",\"contentUrl\":\"https:\/\/jornalfatosenoticias.com.br\/wp-content\/uploads\/2020\/03\/Gabriela-messner-150x150.jpg\",\"caption\":\"Gabriela Messner Aresi Oliveira\"},\"url\":\"https:\/\/jornalfatosenoticias.com.br\/index.php\/author\/gabriela\/\"}]}<\/script>\n<!-- \/ Yoast SEO plugin. -->","yoast_head_json":{"title":"Pudim de p\u00e3o igual vov\u00f3 fazia delicioso consistente e perfeito para a sobremesa - Jornal Fatos e Not\u00edcias","robots":{"index":"index","follow":"follow","max-snippet":"max-snippet:-1","max-image-preview":"max-image-preview:large","max-video-preview":"max-video-preview:-1"},"canonical":"https:\/\/jornalfatosenoticias.com.br\/index.php\/2023\/01\/13\/pudim-de-pao-igual-vovo-fazia-delicioso-consistente-e-perfeito-para-a-sobremesa\/","og_locale":"pt_BR","og_type":"article","og_title":"Pudim de p\u00e3o igual vov\u00f3 fazia delicioso consistente e perfeito para a sobremesa - Jornal Fatos e Not\u00edcias","og_description":"O pudim de p\u00e3o fica simplesmente delicioso, acompanha uma calda e vai agradar a todos sendo uma \u00f3tima op\u00e7\u00e3o de sobremesa ap\u00f3s as refei\u00e7\u00f5es ou para saborear em qualquer ocasi\u00e3o. Utilizando p\u00e3o amanhecido voc\u00ea evita o desperd\u00edcio e prepara essa maravilha de pudim, que vai encantar a todos! Como fazer pudim de p\u00e3oPara a receita [&hellip;]","og_url":"https:\/\/jornalfatosenoticias.com.br\/index.php\/2023\/01\/13\/pudim-de-pao-igual-vovo-fazia-delicioso-consistente-e-perfeito-para-a-sobremesa\/","og_site_name":"Jornal Fatos e Not\u00edcias","article_published_time":"2023-01-13T14:45:01+00:00","article_modified_time":"2023-01-13T14:45:03+00:00","og_image":[{"width":1000,"height":562,"url":"https:\/\/jornalfatosenoticias.com.br\/wp-content\/uploads\/2023\/01\/pudim-de-pao.jpg","type":"image\/jpeg"}],"author":"Gabriela Messner Aresi Oliveira","twitter_card":"summary_large_image","twitter_misc":{"Escrito por":"Gabriela Messner Aresi Oliveira","Est. tempo de leitura":"2 minutos"},"schema":{"@context":"https:\/\/schema.org","@graph":[{"@type":"Article","@id":"https:\/\/jornalfatosenoticias.com.br\/index.php\/2023\/01\/13\/pudim-de-pao-igual-vovo-fazia-delicioso-consistente-e-perfeito-para-a-sobremesa\/#article","isPartOf":{"@id":"https:\/\/jornalfatosenoticias.com.br\/index.php\/2023\/01\/13\/pudim-de-pao-igual-vovo-fazia-delicioso-consistente-e-perfeito-para-a-sobremesa\/"},"author":{"name":"Gabriela Messner Aresi Oliveira","@id":"https:\/\/jornalfatosenoticias.com.br\/#\/schema\/person\/8e0fe72f7a2b1f60eecd0c7d1dc4d8f1"},"headline":"Pudim de p\u00e3o igual vov\u00f3 fazia delicioso consistente e perfeito para a sobremesa","datePublished":"2023-01-13T14:45:01+00:00","dateModified":"2023-01-13T14:45:03+00:00","mainEntityOfPage":{"@id":"https:\/\/jornalfatosenoticias.com.br\/index.php\/2023\/01\/13\/pudim-de-pao-igual-vovo-fazia-delicioso-consistente-e-perfeito-para-a-sobremesa\/"},"wordCount":420,"commentCount":0,"publisher":{"@id":"https:\/\/jornalfatosenoticias.com.br\/#organization"},"image":{"@id":"https:\/\/jornalfatosenoticias.com.br\/index.php\/2023\/01\/13\/pudim-de-pao-igual-vovo-fazia-delicioso-consistente-e-perfeito-para-a-sobremesa\/#primaryimage"},"thumbnailUrl":"https:\/\/jornalfatosenoticias.com.br\/wp-content\/uploads\/2023\/01\/pudim-de-pao.jpg","keywords":["pudim","pudim de p\u00e3o","receita deliciosa","sobremesa"],"articleSection":["Gastronomia"],"inLanguage":"pt-BR","potentialAction":[{"@type":"CommentAction","name":"Comment","target":["https:\/\/jornalfatosenoticias.com.br\/index.php\/2023\/01\/13\/pudim-de-pao-igual-vovo-fazia-delicioso-consistente-e-perfeito-para-a-sobremesa\/#respond"]}]},{"@type":"WebPage","@id":"https:\/\/jornalfatosenoticias.com.br\/index.php\/2023\/01\/13\/pudim-de-pao-igual-vovo-fazia-delicioso-consistente-e-perfeito-para-a-sobremesa\/","url":"https:\/\/jornalfatosenoticias.com.br\/index.php\/2023\/01\/13\/pudim-de-pao-igual-vovo-fazia-delicioso-consistente-e-perfeito-para-a-sobremesa\/","name":"Pudim de p\u00e3o igual vov\u00f3 fazia delicioso consistente e perfeito para a sobremesa - Jornal Fatos e Not\u00edcias","isPartOf":{"@id":"https:\/\/jornalfatosenoticias.com.br\/#website"},"primaryImageOfPage":{"@id":"https:\/\/jornalfatosenoticias.com.br\/index.php\/2023\/01\/13\/pudim-de-pao-igual-vovo-fazia-delicioso-consistente-e-perfeito-para-a-sobremesa\/#primaryimage"},"image":{"@id":"https:\/\/jornalfatosenoticias.com.br\/index.php\/2023\/01\/13\/pudim-de-pao-igual-vovo-fazia-delicioso-consistente-e-perfeito-para-a-sobremesa\/#primaryimage"},"thumbnailUrl":"https:\/\/jornalfatosenoticias.com.br\/wp-content\/uploads\/2023\/01\/pudim-de-pao.jpg","datePublished":"2023-01-13T14:45:01+00:00","dateModified":"2023-01-13T14:45:03+00:00","breadcrumb":{"@id":"https:\/\/jornalfatosenoticias.com.br\/index.php\/2023\/01\/13\/pudim-de-pao-igual-vovo-fazia-delicioso-consistente-e-perfeito-para-a-sobremesa\/#breadcrumb"},"inLanguage":"pt-BR","potentialAction":[{"@type":"ReadAction","target":["https:\/\/jornalfatosenoticias.com.br\/index.php\/2023\/01\/13\/pudim-de-pao-igual-vovo-fazia-delicioso-consistente-e-perfeito-para-a-sobremesa\/"]}]},{"@type":"ImageObject","inLanguage":"pt-BR","@id":"https:\/\/jornalfatosenoticias.com.br\/index.php\/2023\/01\/13\/pudim-de-pao-igual-vovo-fazia-delicioso-consistente-e-perfeito-para-a-sobremesa\/#primaryimage","url":"https:\/\/jornalfatosenoticias.com.br\/wp-content\/uploads\/2023\/01\/pudim-de-pao.jpg","contentUrl":"https:\/\/jornalfatosenoticias.com.br\/wp-content\/uploads\/2023\/01\/pudim-de-pao.jpg","width":1000,"height":562},{"@type":"BreadcrumbList","@id":"https:\/\/jornalfatosenoticias.com.br\/index.php\/2023\/01\/13\/pudim-de-pao-igual-vovo-fazia-delicioso-consistente-e-perfeito-para-a-sobremesa\/#breadcrumb","itemListElement":[{"@type":"ListItem","position":1,"name":"In\u00edcio","item":"https:\/\/jornalfatosenoticias.com.br\/"},{"@type":"ListItem","position":2,"name":"Pudim de p\u00e3o igual vov\u00f3 fazia delicioso consistente e perfeito para a sobremesa"}]},{"@type":"WebSite","@id":"https:\/\/jornalfatosenoticias.com.br\/#website","url":"https:\/\/jornalfatosenoticias.com.br\/","name":"Jornal Fatos e Not\u00edcias","description":"Not\u00edcias em geral","publisher":{"@id":"https:\/\/jornalfatosenoticias.com.br\/#organization"},"potentialAction":[{"@type":"SearchAction","target":{"@type":"EntryPoint","urlTemplate":"https:\/\/jornalfatosenoticias.com.br\/?s={search_term_string}"},"query-input":{"@type":"PropertyValueSpecification","valueRequired":true,"valueName":"search_term_string"}}],"inLanguage":"pt-BR"},{"@type":"Organization","@id":"https:\/\/jornalfatosenoticias.com.br\/#organization","name":"Jornal Fatos e Not\u00edcias","url":"https:\/\/jornalfatosenoticias.com.br\/","logo":{"@type":"ImageObject","inLanguage":"pt-BR","@id":"https:\/\/jornalfatosenoticias.com.br\/#\/schema\/logo\/image\/","url":"https:\/\/jornalfatosenoticias.com.br\/wp-content\/uploads\/2020\/02\/logo120.png","contentUrl":"https:\/\/jornalfatosenoticias.com.br\/wp-content\/uploads\/2020\/02\/logo120.png","width":1227,"height":120,"caption":"Jornal Fatos e Not\u00edcias"},"image":{"@id":"https:\/\/jornalfatosenoticias.com.br\/#\/schema\/logo\/image\/"}},{"@type":"Person","@id":"https:\/\/jornalfatosenoticias.com.br\/#\/schema\/person\/8e0fe72f7a2b1f60eecd0c7d1dc4d8f1","name":"Gabriela Messner Aresi Oliveira","image":{"@type":"ImageObject","inLanguage":"pt-BR","@id":"https:\/\/jornalfatosenoticias.com.br\/#\/schema\/person\/image\/","url":"https:\/\/jornalfatosenoticias.com.br\/wp-content\/uploads\/2020\/03\/Gabriela-messner-150x150.jpg","contentUrl":"https:\/\/jornalfatosenoticias.com.br\/wp-content\/uploads\/2020\/03\/Gabriela-messner-150x150.jpg","caption":"Gabriela Messner Aresi Oliveira"},"url":"https:\/\/jornalfatosenoticias.com.br\/index.php\/author\/gabriela\/"}]}},"cc_featured_image_caption":{"caption_text":"(Foto: Pinterest) ","source_text":"","source_url":""},"jetpack_featured_media_url":"https:\/\/jornalfatosenoticias.com.br\/wp-content\/uploads\/2023\/01\/pudim-de-pao.jpg","_links":{"self":[{"href":"https:\/\/jornalfatosenoticias.com.br\/index.php\/wp-json\/wp\/v2\/posts\/37749","targetHints":{"allow":["GET"]}}],"collection":[{"href":"https:\/\/jornalfatosenoticias.com.br\/index.php\/wp-json\/wp\/v2\/posts"}],"about":[{"href":"https:\/\/jornalfatosenoticias.com.br\/index.php\/wp-json\/wp\/v2\/types\/post"}],"author":[{"embeddable":true,"href":"https:\/\/jornalfatosenoticias.com.br\/index.php\/wp-json\/wp\/v2\/users\/10"}],"replies":[{"embeddable":true,"href":"https:\/\/jornalfatosenoticias.com.br\/index.php\/wp-json\/wp\/v2\/comments?post=37749"}],"version-history":[{"count":0,"href":"https:\/\/jornalfatosenoticias.com.br\/index.php\/wp-json\/wp\/v2\/posts\/37749\/revisions"}],"wp:featuredmedia":[{"embeddable":true,"href":"https:\/\/jornalfatosenoticias.com.br\/index.php\/wp-json\/wp\/v2\/media\/37750"}],"wp:attachment":[{"href":"https:\/\/jornalfatosenoticias.com.br\/index.php\/wp-json\/wp\/v2\/media?parent=37749"}],"wp:term":[{"taxonomy":"category","embeddable":true,"href":"https:\/\/jornalfatosenoticias.com.br\/index.php\/wp-json\/wp\/v2\/categories?post=37749"},{"taxonomy":"post_tag","embeddable":true,"href":"https:\/\/jornalfatosenoticias.com.br\/index.php\/wp-json\/wp\/v2\/tags?post=37749"}],"curies":[{"name":"wp","href":"https:\/\/api.w.org\/{rel}","templated":true}]}}