{"id":37757,"date":"2023-01-13T12:20:03","date_gmt":"2023-01-13T15:20:03","guid":{"rendered":"https:\/\/jornalfatosenoticias.com.br\/?p=37757"},"modified":"2023-01-13T12:20:05","modified_gmt":"2023-01-13T15:20:05","slug":"nasa-descobre-pistas-significativas-sobre-as-origens-do-vento-solar","status":"publish","type":"post","link":"https:\/\/jornalfatosenoticias.com.br\/index.php\/2023\/01\/13\/nasa-descobre-pistas-significativas-sobre-as-origens-do-vento-solar\/","title":{"rendered":"Nasa descobre pistas significativas sobre as origens do vento solar"},"content":{"rendered":"\n<p><em><span class=\"has-inline-color has-black-color\">At\u00e9 ent\u00e3o, o que mantinha o fluxo constante de ventos solares era um mist\u00e9rio, mas cientistas da Nasa podem t\u00ea-lo desvendado<\/span><\/em><\/p>\n\n\n\n<div class=\"wp-block-image\"><figure class=\"aligncenter size-large\"><img loading=\"lazy\" decoding=\"async\" width=\"1024\" height=\"100\" src=\"https:\/\/jornalfatosenoticias.com.br\/wp-content\/uploads\/2022\/05\/NOVA-LOGO-CESCONETTO-1024x100.jpg\" alt=\"\" class=\"wp-image-30792\" srcset=\"https:\/\/jornalfatosenoticias.com.br\/wp-content\/uploads\/2022\/05\/NOVA-LOGO-CESCONETTO-1024x100.jpg 1024w, https:\/\/jornalfatosenoticias.com.br\/wp-content\/uploads\/2022\/05\/NOVA-LOGO-CESCONETTO-300x29.jpg 300w, https:\/\/jornalfatosenoticias.com.br\/wp-content\/uploads\/2022\/05\/NOVA-LOGO-CESCONETTO-768x75.jpg 768w, https:\/\/jornalfatosenoticias.com.br\/wp-content\/uploads\/2022\/05\/NOVA-LOGO-CESCONETTO.jpg 1280w\" sizes=\"auto, (max-width: 1024px) 100vw, 1024px\" \/><\/figure><\/div>\n\n\n\n<p>Um grande mist\u00e9rio ronda os <a href=\"https:\/\/olhardigital.com.br\/2022\/12\/29\/ciencia-e-espaco\/confira-dez-tempestades-solares-que-nos-surpreenderam-e-assustaram-em-2022\/\" target=\"_blank\" rel=\"noreferrer noopener\">ventos solares<\/a>: o que os aquece e os acelera \u00e9 uma d\u00favida que j\u00e1 persiste h\u00e1 60 anos. Agora, cientistas da miss\u00e3o\u00a0<em>Parker Solar Probe<\/em>, da Nasa, parecem ter resolvido a quest\u00e3o. A partir da\u00a0<a href=\"https:\/\/olhardigital.com.br\/2023\/01\/05\/ciencia-e-espaco\/sonda-da-nasa-detecta-o-maior-numero-de-manchas-solares-dos-ultimos-7-anos\/\" target=\"_blank\" rel=\"noreferrer noopener\">observa\u00e7\u00e3o do Sol<\/a>, eles deduziram que o fen\u00f4meno pode ser, em grande parte, alimentado por jatos de pequena escala, ou &#8220;<em>jetlets<\/em>&#8220;, na base da coroa \u2014 a atmosfera superior da nossa estrela hospedeira.<\/p>\n\n\n\n<div class=\"wp-block-image\"><figure class=\"aligncenter size-large is-resized\"><img loading=\"lazy\" decoding=\"async\" src=\"https:\/\/jornalfatosenoticias.com.br\/wp-content\/uploads\/2020\/02\/casa-do-torresmo_portal.jpg\" alt=\"\" class=\"wp-image-34472\" width=\"274\" height=\"274\" srcset=\"https:\/\/jornalfatosenoticias.com.br\/wp-content\/uploads\/2020\/02\/casa-do-torresmo_portal.jpg 300w, https:\/\/jornalfatosenoticias.com.br\/wp-content\/uploads\/2020\/02\/casa-do-torresmo_portal-150x150.jpg 150w\" sizes=\"auto, (max-width: 274px) 100vw, 274px\" \/><\/figure><\/div>\n\n\n\n<figure class=\"wp-block-embed-twitter aligncenter wp-block-embed is-type-rich is-provider-twitter\"><div class=\"wp-block-embed__wrapper\">\n<blockquote class=\"twitter-tweet\" data-width=\"550\" data-dnt=\"true\"><p lang=\"en\" dir=\"ltr\">NASA scientists have made a breakthrough on their quest to understand the origin of the solar wind \u2013 a 60-year-old mystery.<br><br>The answer? Tiny jets, or &quot;jetlets,&quot; that appear at the base of the Sun&#39;s outer atmosphere. Read more: <a href=\"https:\/\/t.co\/waDFsMPulx\">https:\/\/t.co\/waDFsMPulx<\/a> <a href=\"https:\/\/t.co\/i1u5WGCYVa\">pic.twitter.com\/i1u5WGCYVa<\/a><\/p>&mdash; ARCHIVED &#8211; NASA Sun &amp; Space (@NASASun) <a href=\"https:\/\/twitter.com\/NASASun\/status\/1612850042058031104?ref_src=twsrc%5Etfw\">January 10, 2023<\/a><\/blockquote><script async src=\"https:\/\/platform.twitter.com\/widgets.js\" charset=\"utf-8\"><\/script>\n<\/div><\/figure>\n\n\n\n<div class=\"wp-block-image\"><figure class=\"aligncenter size-large\"><img loading=\"lazy\" decoding=\"async\" width=\"1024\" height=\"103\" src=\"https:\/\/jornalfatosenoticias.com.br\/wp-content\/uploads\/2020\/02\/Arte-Autoescola-Galatas_endereco_portal-1024x103.png\" alt=\"\" class=\"wp-image-1451\" srcset=\"https:\/\/jornalfatosenoticias.com.br\/wp-content\/uploads\/2020\/02\/Arte-Autoescola-Galatas_endereco_portal-1024x103.png 1024w, https:\/\/jornalfatosenoticias.com.br\/wp-content\/uploads\/2020\/02\/Arte-Autoescola-Galatas_endereco_portal-300x30.png 300w, https:\/\/jornalfatosenoticias.com.br\/wp-content\/uploads\/2020\/02\/Arte-Autoescola-Galatas_endereco_portal-768x77.png 768w, https:\/\/jornalfatosenoticias.com.br\/wp-content\/uploads\/2020\/02\/Arte-Autoescola-Galatas_endereco_portal.png 1223w\" sizes=\"auto, (max-width: 1024px) 100vw, 1024px\" \/><\/figure><\/div>\n\n\n\n<p>Os ventos solares s\u00e3o fluxos cont\u00ednuos de part\u00edculas carregadas liberadas do Sol, compostos por el\u00e9trons, pr\u00f3tons e \u00edons pesados, que viajam pelo <a href=\"https:\/\/olhardigital.com.br\/2022\/12\/19\/ciencia-e-espaco\/dois-mundos-proximos-do-sistema-solar-podem-abrigar-vida-alienigena\/\" target=\"_blank\" rel=\"noreferrer noopener\">Sistema Solar<\/a> a cerca de 1,6 milh\u00e3o de quil\u00f4metros por hora.<\/p>\n\n\n\n<div class=\"wp-block-image\"><figure class=\"alignleft size-large is-resized\"><img loading=\"lazy\" decoding=\"async\" src=\"https:\/\/jornalfatosenoticias.com.br\/wp-content\/uploads\/2022\/08\/logo-locau-veiculos-1024x573.png\" alt=\"\" class=\"wp-image-33078\" width=\"360\" height=\"201\"\/><\/figure><\/div>\n\n\n\n<p>Ao colidir com a atmosfera da <a href=\"https:\/\/olhardigital.com.br\/2023\/01\/11\/ciencia-e-espaco\/nova-terra-descoberta-james-webb-encontra-exoplaneta-com-99-do-diametro-da-terra\/\" target=\"_blank\" rel=\"noreferrer noopener\">Terra<\/a>, essas part\u00edculas podem causar lindas forma\u00e7\u00f5es de auroras nos polos, mas, ao mesmo tempo, interromper os sinais de GPS e prejudicar os sat\u00e9lites de comunica\u00e7\u00e3o. Com o passar do tempo, segundo a Nasa, os ventos solares tamb\u00e9m podem mudar a atmosfera planet\u00e1ria e a habitabilidade dos planetas.<\/p>\n\n\n\n<div class=\"wp-block-image\"><figure class=\"alignright size-large\"><img decoding=\"async\" src=\"https:\/\/jornalfatosenoticias.com.br\/wp-content\/uploads\/2020\/02\/barao-das-carnes-300x164-1.jpg\" alt=\"\" class=\"wp-image-34339\"\/><\/figure><\/div>\n\n\n\n<p><strong><span class=\"has-inline-color has-vivid-cyan-blue-color\">Explos\u00f5es na coroa solar<br><\/span><\/strong>\u201cEsses novos dados nos mostram como o vento solar come\u00e7a em sua fonte. Voc\u00ea pode ver o fluxo do vento solar subindo de min\u00fasculos jatos de plasma de milh\u00f5es de graus em toda a base da coroa. Essas descobertas ter\u00e3o um enorme impacto em nossa compreens\u00e3o do aquecimento e acelera\u00e7\u00e3o do plasma do vento solar e coronal\u201d, explica Nour Raouafi, l\u00edder da pesquisa, em um comunicado da ag\u00eancia espacial norte-americana.<\/p>\n\n\n\n<div class=\"wp-block-image\"><figure class=\"aligncenter size-large\"><img loading=\"lazy\" decoding=\"async\" width=\"1024\" height=\"110\" src=\"https:\/\/jornalfatosenoticias.com.br\/wp-content\/uploads\/2022\/10\/Arte-jornal-Zucchi-1120x120_Prancheta-1-1024x110.jpg\" alt=\"\" class=\"wp-image-34772\" srcset=\"https:\/\/jornalfatosenoticias.com.br\/wp-content\/uploads\/2022\/10\/Arte-jornal-Zucchi-1120x120_Prancheta-1-1024x110.jpg 1024w, https:\/\/jornalfatosenoticias.com.br\/wp-content\/uploads\/2022\/10\/Arte-jornal-Zucchi-1120x120_Prancheta-1-300x32.jpg 300w, https:\/\/jornalfatosenoticias.com.br\/wp-content\/uploads\/2022\/10\/Arte-jornal-Zucchi-1120x120_Prancheta-1-768x82.jpg 768w, https:\/\/jornalfatosenoticias.com.br\/wp-content\/uploads\/2022\/10\/Arte-jornal-Zucchi-1120x120_Prancheta-1-1536x165.jpg 1536w, https:\/\/jornalfatosenoticias.com.br\/wp-content\/uploads\/2022\/10\/Arte-jornal-Zucchi-1120x120_Prancheta-1-2048x219.jpg 2048w\" sizes=\"auto, (max-width: 1024px) 100vw, 1024px\" \/><\/figure><\/div>\n\n\n\n<p>Na Terra, os ventos solares s\u00e3o como um \u201cvento constante\u201d, e, at\u00e9 ent\u00e3o, os cientistas n\u00e3o tinham descoberto o que os alimentava constantemente. Hospedado no servidor de pr\u00e9-impress\u00e3o <em><a href=\"https:\/\/arxiv.org\/abs\/2301.00903\" target=\"_blank\" rel=\"noreferrer noopener\">arXiv<\/a><\/em>, o estudo que concluiu eles s\u00e3o mantidos por jatos individuais que acontecem na base da coroa, ser\u00e1 publicado no Astrophysical Journal.<\/p>\n\n\n\n<div class=\"wp-block-image\"><figure class=\"aligncenter size-large\"><img loading=\"lazy\" decoding=\"async\" width=\"300\" height=\"250\" src=\"https:\/\/jornalfatosenoticias.com.br\/wp-content\/uploads\/2022\/08\/arte-Casarao.jpg\" alt=\"\" class=\"wp-image-33178\"\/><\/figure><\/div>\n\n\n\n<figure class=\"wp-block-embed-youtube aligncenter wp-block-embed is-type-video is-provider-youtube wp-embed-aspect-16-9 wp-has-aspect-ratio\"><div class=\"wp-block-embed__wrapper\">\n<iframe loading=\"lazy\" title=\"A Terra poderia ser destru\u00edda por uma tempestade solar?\" width=\"660\" height=\"371\" src=\"https:\/\/www.youtube.com\/embed\/2Nhy0v6YeC4?feature=oembed\" frameborder=\"0\" allow=\"accelerometer; autoplay; clipboard-write; encrypted-media; gyroscope; picture-in-picture; web-share\" referrerpolicy=\"strict-origin-when-cross-origin\" allowfullscreen><\/iframe>\n<\/div><\/figure>\n\n\n\n<figure class=\"wp-block-pullquote\"><blockquote><p><span class=\"has-inline-color has-luminous-vivid-orange-color\">Este resultado implica que essencialmente todo o vento solar \u00e9 provavelmente liberado de forma intermitente, tornando-se um fluxo constante da mesma forma que os sons individuais de palmas em um audit\u00f3rio se tornam um rugido constante enquanto o p\u00fablico aplaude\u201d, disse Craig DeForest, f\u00edsico solar do Instituto de Pesquisa do Sudoeste da Universidade do Colorado em Boulder, coautor da pesquisa.<\/span><\/p><\/blockquote><\/figure>\n\n\n\n<div class=\"wp-block-image\"><figure class=\"alignleft size-large is-resized\"><img decoding=\"async\" src=\"https:\/\/jornalfatosenoticias.com.br\/wp-content\/uploads\/2020\/02\/logo-clinica-limoeiro.jpg\" alt=\"\" class=\"wp-image-34610\" width=\"-97\" height=\"-69\"\/><\/figure><\/div>\n\n\n\n<p><strong><span class=\"has-inline-color has-vivid-cyan-blue-color\">Jetlets e os ventos solares<br><\/span><\/strong>O <em>jetlets<\/em> foram observados h\u00e1 pouco mais de dez anos atr\u00e1s e s\u00e3o causados pelo processo de reconex\u00e3o magn\u00e9tica. O processo acontece quando as linhas do campo magn\u00e9tico de um objeto se emaranham e explosivamente se realinham. Quando acontece, a reconex\u00e3o cria jatos de plasma na coroa solar inferior que transferem energia e material para a coroa solar superior e, consequentemente, escapa causando os ventos solares.<\/p>\n\n\n\n<div class=\"wp-block-image\"><figure class=\"aligncenter size-large\"><img loading=\"lazy\" decoding=\"async\" width=\"1024\" height=\"111\" src=\"https:\/\/jornalfatosenoticias.com.br\/wp-content\/uploads\/2020\/02\/WhatsApp-Image-2022-09-23-at-12.09.18-1024x111.jpeg\" alt=\"\" class=\"wp-image-34527\" srcset=\"https:\/\/jornalfatosenoticias.com.br\/wp-content\/uploads\/2020\/02\/WhatsApp-Image-2022-09-23-at-12.09.18-1024x111.jpeg 1024w, https:\/\/jornalfatosenoticias.com.br\/wp-content\/uploads\/2020\/02\/WhatsApp-Image-2022-09-23-at-12.09.18-300x32.jpeg 300w, https:\/\/jornalfatosenoticias.com.br\/wp-content\/uploads\/2020\/02\/WhatsApp-Image-2022-09-23-at-12.09.18-768x83.jpeg 768w, https:\/\/jornalfatosenoticias.com.br\/wp-content\/uploads\/2020\/02\/WhatsApp-Image-2022-09-23-at-12.09.18.jpeg 1121w\" sizes=\"auto, (max-width: 1024px) 100vw, 1024px\" \/><\/figure><\/div>\n\n\n\n<p>As observa\u00e7\u00f5es dos jatos e do campo magn\u00e9tico solar foram feitas atrav\u00e9s do Observat\u00f3rio de Din\u00e2micas Solares (SDO) e do <em>Solar Ultraviolet Imager do Geostationary Operational Environmental Satellite-R Series<\/em>\u00a0(GOES-R\/SUVI), al\u00e9m de usar dados de alta resolu\u00e7\u00e3o sobre campos magn\u00e9ticos do\u00a0<em>Goode Solar Telescope, no no\u00a0Big Bear Solar Observatory.<\/em><\/p>\n\n\n\n<div class=\"wp-block-image\"><figure class=\"aligncenter size-large is-resized\"><img loading=\"lazy\" decoding=\"async\" src=\"https:\/\/jornalfatosenoticias.com.br\/wp-content\/uploads\/2022\/02\/Precisao-Contabilidade-1024x724.jpg\" alt=\"\" class=\"wp-image-28088\" width=\"321\" height=\"227\"\/><\/figure><\/div>\n\n\n\n<p>O uso de diversos sat\u00e9lites permitiu que os cientistas tivessem um maior n\u00famero de observa\u00e7\u00f5es e pontos de vista. A combina\u00e7\u00e3o deles possibilitou compreender o comportamento dos<em> jetlets.<\/em><\/p>\n\n\n\n<div class=\"wp-block-image\"><figure class=\"aligncenter size-large\"><img decoding=\"async\" src=\"https:\/\/jornalfatosenoticias.com.br\/wp-content\/uploads\/2020\/02\/logo-embacia-1-1024x110.jpg\" alt=\"\" class=\"wp-image-33954\"\/><\/figure><\/div>\n\n\n\n<p>Em contraponto com outros fen\u00f4menos que aumentam e diminuem em um ciclo de atividade solar de 11 anos, como explos\u00f5es e eje\u00e7\u00f5es de massa coronal, os <em>jetlets <\/em>oferecem uma boa explica\u00e7\u00e3o para a const\u00e2ncia dos ventos solares. Os jatos podem ser respons\u00e1veis pela maior parte da massa e energia que os ventos carregam.<\/p>\n\n\n\n<div class=\"wp-block-image\"><figure class=\"aligncenter size-large is-resized\"><img loading=\"lazy\" decoding=\"async\" src=\"https:\/\/jornalfatosenoticias.com.br\/wp-content\/uploads\/2022\/07\/Logo-Grupo-SEI.jpg\" alt=\"\" class=\"wp-image-31973\" width=\"354\" height=\"186\" srcset=\"https:\/\/jornalfatosenoticias.com.br\/wp-content\/uploads\/2022\/07\/Logo-Grupo-SEI.jpg 713w, https:\/\/jornalfatosenoticias.com.br\/wp-content\/uploads\/2022\/07\/Logo-Grupo-SEI-300x158.jpg 300w\" sizes=\"auto, (max-width: 354px) 100vw, 354px\" \/><\/figure><\/div>\n\n\n\n<p>A ideia do que viria a ser conhecido como <em>jetlets <\/em>foi sugerida em 1988 por Eugene Parker, homenageado com o nome da miss\u00e3o <em>Parker Solar Probe<\/em> por ter descoberto os ventos solares. Ele teorizou que a coroa solar poderia ser aquecida por pequenas explos\u00f5es.<\/p>\n\n\n\n<div class=\"wp-block-image\"><figure class=\"aligncenter size-large\"><img decoding=\"async\" src=\"https:\/\/jornalfatosenoticias.com.br\/wp-content\/uploads\/2020\/02\/Serra-Grande-1024x160.png\" alt=\"\" class=\"wp-image-7836\"\/><\/figure><\/div>\n\n\n\n<p>Agora, os cientistas pretendem continuar a pesquisa e usar outros instrumentos para confirmar se os ventos solares realmente s\u00e3o alimentados e acelerados pelos <em>jetlets.<\/em><\/p>\n\n\n\n<div class=\"wp-block-image\"><figure class=\"aligncenter size-large\"><img decoding=\"async\" src=\"https:\/\/jornalfatosenoticias.com.br\/wp-content\/uploads\/2020\/02\/logo_esteio.jpg\" alt=\"\" class=\"wp-image-1214\"\/><\/figure><\/div>\n\n\n\n<figure class=\"wp-block-pullquote\"><blockquote><p><span class=\"has-inline-color has-luminous-vivid-orange-color\">As descobertas tornam muito mais f\u00e1cil explicar como o vento solar \u00e9 acelerado e aquecido. Ainda n\u00e3o terminamos o quebra-cabe\u00e7a, mas este \u00e9 um grande passo para a compreens\u00e3o de um mist\u00e9rio central da f\u00edsica solar\u201d, explica DeForest.<\/span><\/p><\/blockquote><\/figure>\n\n\n\n<div class=\"wp-block-image\"><figure class=\"aligncenter size-large\"><img loading=\"lazy\" decoding=\"async\" width=\"560\" height=\"60\" src=\"https:\/\/jornalfatosenoticias.com.br\/wp-content\/uploads\/2022\/10\/Propaganda-RC-Radiadores-Jornal_page-0001.jpg\" alt=\"\" class=\"wp-image-35270\" srcset=\"https:\/\/jornalfatosenoticias.com.br\/wp-content\/uploads\/2022\/10\/Propaganda-RC-Radiadores-Jornal_page-0001.jpg 560w, https:\/\/jornalfatosenoticias.com.br\/wp-content\/uploads\/2022\/10\/Propaganda-RC-Radiadores-Jornal_page-0001-300x32.jpg 300w\" sizes=\"auto, (max-width: 560px) 100vw, 560px\" \/><\/figure><\/div>\n\n\n\n<p><strong><em>Fonte: <a href=\"https:\/\/olhardigital.com.br\/2023\/01\/13\/ciencia-e-espaco\/nasa-descobre-pistas-significativas-sobre-as-origens-do-vento-solar\/\">Olhar Digital<\/a><\/em><\/strong><\/p>\n","protected":false},"excerpt":{"rendered":"<p>At\u00e9 ent\u00e3o, o que mantinha o fluxo constante de ventos solares era um mist\u00e9rio, mas cientistas da Nasa podem t\u00ea-lo desvendado Um grande mist\u00e9rio ronda os ventos solares: o que os aquece e os acelera \u00e9 uma d\u00favida que j\u00e1 persiste h\u00e1 60 anos. Agora, cientistas da miss\u00e3o\u00a0Parker Solar Probe, da Nasa, parecem ter resolvido [&hellip;]<\/p>\n","protected":false},"author":2,"featured_media":37758,"comment_status":"open","ping_status":"open","sticky":false,"template":"","format":"standard","meta":{"footnotes":""},"categories":[2],"tags":[1105,17706,164,466,7062],"class_list":["post-37757","post","type-post","status-publish","format-standard","has-post-thumbnail","hentry","category-ciencia","tag-cientistas","tag-jatos-solares","tag-nasa","tag-sol","tag-ventos-solares"],"yoast_head":"<!-- This site is optimized with the Yoast SEO plugin v26.5 - https:\/\/yoast.com\/wordpress\/plugins\/seo\/ -->\n<title>Nasa descobre pistas significativas sobre as origens do vento solar - Jornal Fatos e Not\u00edcias<\/title>\n<meta name=\"robots\" content=\"index, follow, max-snippet:-1, max-image-preview:large, max-video-preview:-1\" \/>\n<link rel=\"canonical\" href=\"https:\/\/jornalfatosenoticias.com.br\/index.php\/2023\/01\/13\/nasa-descobre-pistas-significativas-sobre-as-origens-do-vento-solar\/\" \/>\n<meta property=\"og:locale\" content=\"pt_BR\" \/>\n<meta property=\"og:type\" content=\"article\" \/>\n<meta property=\"og:title\" content=\"Nasa descobre pistas significativas sobre as origens do vento solar - Jornal Fatos e Not\u00edcias\" \/>\n<meta property=\"og:description\" content=\"At\u00e9 ent\u00e3o, o que mantinha o fluxo constante de ventos solares era um mist\u00e9rio, mas cientistas da Nasa podem t\u00ea-lo desvendado Um grande mist\u00e9rio ronda os ventos solares: o que os aquece e os acelera \u00e9 uma d\u00favida que j\u00e1 persiste h\u00e1 60 anos. Agora, cientistas da miss\u00e3o\u00a0Parker Solar Probe, da Nasa, parecem ter resolvido [&hellip;]\" \/>\n<meta property=\"og:url\" content=\"https:\/\/jornalfatosenoticias.com.br\/index.php\/2023\/01\/13\/nasa-descobre-pistas-significativas-sobre-as-origens-do-vento-solar\/\" \/>\n<meta property=\"og:site_name\" content=\"Jornal Fatos e Not\u00edcias\" \/>\n<meta property=\"article:published_time\" content=\"2023-01-13T15:20:03+00:00\" \/>\n<meta property=\"article:modified_time\" content=\"2023-01-13T15:20:05+00:00\" \/>\n<meta property=\"og:image\" content=\"https:\/\/jornalfatosenoticias.com.br\/wp-content\/uploads\/2023\/01\/ventos-solares.jpg\" \/>\n\t<meta property=\"og:image:width\" content=\"1000\" \/>\n\t<meta property=\"og:image:height\" content=\"666\" \/>\n\t<meta property=\"og:image:type\" content=\"image\/jpeg\" \/>\n<meta name=\"author\" content=\"Luzimara Fernandes\" \/>\n<meta name=\"twitter:card\" content=\"summary_large_image\" \/>\n<meta name=\"twitter:label1\" content=\"Escrito por\" \/>\n\t<meta name=\"twitter:data1\" content=\"Luzimara Fernandes\" \/>\n\t<meta name=\"twitter:label2\" content=\"Est. tempo de leitura\" \/>\n\t<meta name=\"twitter:data2\" content=\"4 minutos\" \/>\n<script type=\"application\/ld+json\" class=\"yoast-schema-graph\">{\"@context\":\"https:\/\/schema.org\",\"@graph\":[{\"@type\":\"Article\",\"@id\":\"https:\/\/jornalfatosenoticias.com.br\/index.php\/2023\/01\/13\/nasa-descobre-pistas-significativas-sobre-as-origens-do-vento-solar\/#article\",\"isPartOf\":{\"@id\":\"https:\/\/jornalfatosenoticias.com.br\/index.php\/2023\/01\/13\/nasa-descobre-pistas-significativas-sobre-as-origens-do-vento-solar\/\"},\"author\":{\"name\":\"Luzimara Fernandes\",\"@id\":\"https:\/\/jornalfatosenoticias.com.br\/#\/schema\/person\/d63837fa13ac8666eb9e74e0985d6f81\"},\"headline\":\"Nasa descobre pistas significativas sobre as origens do vento solar\",\"datePublished\":\"2023-01-13T15:20:03+00:00\",\"dateModified\":\"2023-01-13T15:20:05+00:00\",\"mainEntityOfPage\":{\"@id\":\"https:\/\/jornalfatosenoticias.com.br\/index.php\/2023\/01\/13\/nasa-descobre-pistas-significativas-sobre-as-origens-do-vento-solar\/\"},\"wordCount\":814,\"commentCount\":0,\"publisher\":{\"@id\":\"https:\/\/jornalfatosenoticias.com.br\/#organization\"},\"image\":{\"@id\":\"https:\/\/jornalfatosenoticias.com.br\/index.php\/2023\/01\/13\/nasa-descobre-pistas-significativas-sobre-as-origens-do-vento-solar\/#primaryimage\"},\"thumbnailUrl\":\"https:\/\/jornalfatosenoticias.com.br\/wp-content\/uploads\/2023\/01\/ventos-solares.jpg\",\"keywords\":[\"cientistas\",\"jatos solares\",\"Nasa\",\"Sol\",\"ventos solares\"],\"articleSection\":[\"Ci\u00eancia\"],\"inLanguage\":\"pt-BR\",\"potentialAction\":[{\"@type\":\"CommentAction\",\"name\":\"Comment\",\"target\":[\"https:\/\/jornalfatosenoticias.com.br\/index.php\/2023\/01\/13\/nasa-descobre-pistas-significativas-sobre-as-origens-do-vento-solar\/#respond\"]}]},{\"@type\":\"WebPage\",\"@id\":\"https:\/\/jornalfatosenoticias.com.br\/index.php\/2023\/01\/13\/nasa-descobre-pistas-significativas-sobre-as-origens-do-vento-solar\/\",\"url\":\"https:\/\/jornalfatosenoticias.com.br\/index.php\/2023\/01\/13\/nasa-descobre-pistas-significativas-sobre-as-origens-do-vento-solar\/\",\"name\":\"Nasa descobre pistas significativas sobre as origens do vento solar - Jornal Fatos e Not\u00edcias\",\"isPartOf\":{\"@id\":\"https:\/\/jornalfatosenoticias.com.br\/#website\"},\"primaryImageOfPage\":{\"@id\":\"https:\/\/jornalfatosenoticias.com.br\/index.php\/2023\/01\/13\/nasa-descobre-pistas-significativas-sobre-as-origens-do-vento-solar\/#primaryimage\"},\"image\":{\"@id\":\"https:\/\/jornalfatosenoticias.com.br\/index.php\/2023\/01\/13\/nasa-descobre-pistas-significativas-sobre-as-origens-do-vento-solar\/#primaryimage\"},\"thumbnailUrl\":\"https:\/\/jornalfatosenoticias.com.br\/wp-content\/uploads\/2023\/01\/ventos-solares.jpg\",\"datePublished\":\"2023-01-13T15:20:03+00:00\",\"dateModified\":\"2023-01-13T15:20:05+00:00\",\"breadcrumb\":{\"@id\":\"https:\/\/jornalfatosenoticias.com.br\/index.php\/2023\/01\/13\/nasa-descobre-pistas-significativas-sobre-as-origens-do-vento-solar\/#breadcrumb\"},\"inLanguage\":\"pt-BR\",\"potentialAction\":[{\"@type\":\"ReadAction\",\"target\":[\"https:\/\/jornalfatosenoticias.com.br\/index.php\/2023\/01\/13\/nasa-descobre-pistas-significativas-sobre-as-origens-do-vento-solar\/\"]}]},{\"@type\":\"ImageObject\",\"inLanguage\":\"pt-BR\",\"@id\":\"https:\/\/jornalfatosenoticias.com.br\/index.php\/2023\/01\/13\/nasa-descobre-pistas-significativas-sobre-as-origens-do-vento-solar\/#primaryimage\",\"url\":\"https:\/\/jornalfatosenoticias.com.br\/wp-content\/uploads\/2023\/01\/ventos-solares.jpg\",\"contentUrl\":\"https:\/\/jornalfatosenoticias.com.br\/wp-content\/uploads\/2023\/01\/ventos-solares.jpg\",\"width\":1000,\"height\":666},{\"@type\":\"BreadcrumbList\",\"@id\":\"https:\/\/jornalfatosenoticias.com.br\/index.php\/2023\/01\/13\/nasa-descobre-pistas-significativas-sobre-as-origens-do-vento-solar\/#breadcrumb\",\"itemListElement\":[{\"@type\":\"ListItem\",\"position\":1,\"name\":\"In\u00edcio\",\"item\":\"https:\/\/jornalfatosenoticias.com.br\/\"},{\"@type\":\"ListItem\",\"position\":2,\"name\":\"Nasa descobre pistas significativas sobre as origens do vento solar\"}]},{\"@type\":\"WebSite\",\"@id\":\"https:\/\/jornalfatosenoticias.com.br\/#website\",\"url\":\"https:\/\/jornalfatosenoticias.com.br\/\",\"name\":\"Jornal Fatos e Not\u00edcias\",\"description\":\"Not\u00edcias em geral\",\"publisher\":{\"@id\":\"https:\/\/jornalfatosenoticias.com.br\/#organization\"},\"potentialAction\":[{\"@type\":\"SearchAction\",\"target\":{\"@type\":\"EntryPoint\",\"urlTemplate\":\"https:\/\/jornalfatosenoticias.com.br\/?s={search_term_string}\"},\"query-input\":{\"@type\":\"PropertyValueSpecification\",\"valueRequired\":true,\"valueName\":\"search_term_string\"}}],\"inLanguage\":\"pt-BR\"},{\"@type\":\"Organization\",\"@id\":\"https:\/\/jornalfatosenoticias.com.br\/#organization\",\"name\":\"Jornal Fatos e Not\u00edcias\",\"url\":\"https:\/\/jornalfatosenoticias.com.br\/\",\"logo\":{\"@type\":\"ImageObject\",\"inLanguage\":\"pt-BR\",\"@id\":\"https:\/\/jornalfatosenoticias.com.br\/#\/schema\/logo\/image\/\",\"url\":\"https:\/\/jornalfatosenoticias.com.br\/wp-content\/uploads\/2020\/02\/logo120.png\",\"contentUrl\":\"https:\/\/jornalfatosenoticias.com.br\/wp-content\/uploads\/2020\/02\/logo120.png\",\"width\":1227,\"height\":120,\"caption\":\"Jornal Fatos e Not\u00edcias\"},\"image\":{\"@id\":\"https:\/\/jornalfatosenoticias.com.br\/#\/schema\/logo\/image\/\"}},{\"@type\":\"Person\",\"@id\":\"https:\/\/jornalfatosenoticias.com.br\/#\/schema\/person\/d63837fa13ac8666eb9e74e0985d6f81\",\"name\":\"Luzimara Fernandes\",\"image\":{\"@type\":\"ImageObject\",\"inLanguage\":\"pt-BR\",\"@id\":\"https:\/\/jornalfatosenoticias.com.br\/#\/schema\/person\/image\/\",\"url\":\"https:\/\/jornalfatosenoticias.com.br\/wp-content\/uploads\/2025\/05\/EU_portal.jpg\",\"contentUrl\":\"https:\/\/jornalfatosenoticias.com.br\/wp-content\/uploads\/2025\/05\/EU_portal.jpg\",\"caption\":\"Luzimara Fernandes\"},\"description\":\"Jornalista MTB 2358-ES\",\"sameAs\":[\"https:\/\/jornalfatosenoticias.com.br\"],\"url\":\"https:\/\/jornalfatosenoticias.com.br\/index.php\/author\/luzimara\/\"}]}<\/script>\n<!-- \/ Yoast SEO plugin. -->","yoast_head_json":{"title":"Nasa descobre pistas significativas sobre as origens do vento solar - Jornal Fatos e Not\u00edcias","robots":{"index":"index","follow":"follow","max-snippet":"max-snippet:-1","max-image-preview":"max-image-preview:large","max-video-preview":"max-video-preview:-1"},"canonical":"https:\/\/jornalfatosenoticias.com.br\/index.php\/2023\/01\/13\/nasa-descobre-pistas-significativas-sobre-as-origens-do-vento-solar\/","og_locale":"pt_BR","og_type":"article","og_title":"Nasa descobre pistas significativas sobre as origens do vento solar - Jornal Fatos e Not\u00edcias","og_description":"At\u00e9 ent\u00e3o, o que mantinha o fluxo constante de ventos solares era um mist\u00e9rio, mas cientistas da Nasa podem t\u00ea-lo desvendado Um grande mist\u00e9rio ronda os ventos solares: o que os aquece e os acelera \u00e9 uma d\u00favida que j\u00e1 persiste h\u00e1 60 anos. Agora, cientistas da miss\u00e3o\u00a0Parker Solar Probe, da Nasa, parecem ter resolvido [&hellip;]","og_url":"https:\/\/jornalfatosenoticias.com.br\/index.php\/2023\/01\/13\/nasa-descobre-pistas-significativas-sobre-as-origens-do-vento-solar\/","og_site_name":"Jornal Fatos e Not\u00edcias","article_published_time":"2023-01-13T15:20:03+00:00","article_modified_time":"2023-01-13T15:20:05+00:00","og_image":[{"width":1000,"height":666,"url":"https:\/\/jornalfatosenoticias.com.br\/wp-content\/uploads\/2023\/01\/ventos-solares.jpg","type":"image\/jpeg"}],"author":"Luzimara Fernandes","twitter_card":"summary_large_image","twitter_misc":{"Escrito por":"Luzimara Fernandes","Est. tempo de leitura":"4 minutos"},"schema":{"@context":"https:\/\/schema.org","@graph":[{"@type":"Article","@id":"https:\/\/jornalfatosenoticias.com.br\/index.php\/2023\/01\/13\/nasa-descobre-pistas-significativas-sobre-as-origens-do-vento-solar\/#article","isPartOf":{"@id":"https:\/\/jornalfatosenoticias.com.br\/index.php\/2023\/01\/13\/nasa-descobre-pistas-significativas-sobre-as-origens-do-vento-solar\/"},"author":{"name":"Luzimara Fernandes","@id":"https:\/\/jornalfatosenoticias.com.br\/#\/schema\/person\/d63837fa13ac8666eb9e74e0985d6f81"},"headline":"Nasa descobre pistas significativas sobre as origens do vento solar","datePublished":"2023-01-13T15:20:03+00:00","dateModified":"2023-01-13T15:20:05+00:00","mainEntityOfPage":{"@id":"https:\/\/jornalfatosenoticias.com.br\/index.php\/2023\/01\/13\/nasa-descobre-pistas-significativas-sobre-as-origens-do-vento-solar\/"},"wordCount":814,"commentCount":0,"publisher":{"@id":"https:\/\/jornalfatosenoticias.com.br\/#organization"},"image":{"@id":"https:\/\/jornalfatosenoticias.com.br\/index.php\/2023\/01\/13\/nasa-descobre-pistas-significativas-sobre-as-origens-do-vento-solar\/#primaryimage"},"thumbnailUrl":"https:\/\/jornalfatosenoticias.com.br\/wp-content\/uploads\/2023\/01\/ventos-solares.jpg","keywords":["cientistas","jatos solares","Nasa","Sol","ventos solares"],"articleSection":["Ci\u00eancia"],"inLanguage":"pt-BR","potentialAction":[{"@type":"CommentAction","name":"Comment","target":["https:\/\/jornalfatosenoticias.com.br\/index.php\/2023\/01\/13\/nasa-descobre-pistas-significativas-sobre-as-origens-do-vento-solar\/#respond"]}]},{"@type":"WebPage","@id":"https:\/\/jornalfatosenoticias.com.br\/index.php\/2023\/01\/13\/nasa-descobre-pistas-significativas-sobre-as-origens-do-vento-solar\/","url":"https:\/\/jornalfatosenoticias.com.br\/index.php\/2023\/01\/13\/nasa-descobre-pistas-significativas-sobre-as-origens-do-vento-solar\/","name":"Nasa descobre pistas significativas sobre as origens do vento solar - Jornal Fatos e Not\u00edcias","isPartOf":{"@id":"https:\/\/jornalfatosenoticias.com.br\/#website"},"primaryImageOfPage":{"@id":"https:\/\/jornalfatosenoticias.com.br\/index.php\/2023\/01\/13\/nasa-descobre-pistas-significativas-sobre-as-origens-do-vento-solar\/#primaryimage"},"image":{"@id":"https:\/\/jornalfatosenoticias.com.br\/index.php\/2023\/01\/13\/nasa-descobre-pistas-significativas-sobre-as-origens-do-vento-solar\/#primaryimage"},"thumbnailUrl":"https:\/\/jornalfatosenoticias.com.br\/wp-content\/uploads\/2023\/01\/ventos-solares.jpg","datePublished":"2023-01-13T15:20:03+00:00","dateModified":"2023-01-13T15:20:05+00:00","breadcrumb":{"@id":"https:\/\/jornalfatosenoticias.com.br\/index.php\/2023\/01\/13\/nasa-descobre-pistas-significativas-sobre-as-origens-do-vento-solar\/#breadcrumb"},"inLanguage":"pt-BR","potentialAction":[{"@type":"ReadAction","target":["https:\/\/jornalfatosenoticias.com.br\/index.php\/2023\/01\/13\/nasa-descobre-pistas-significativas-sobre-as-origens-do-vento-solar\/"]}]},{"@type":"ImageObject","inLanguage":"pt-BR","@id":"https:\/\/jornalfatosenoticias.com.br\/index.php\/2023\/01\/13\/nasa-descobre-pistas-significativas-sobre-as-origens-do-vento-solar\/#primaryimage","url":"https:\/\/jornalfatosenoticias.com.br\/wp-content\/uploads\/2023\/01\/ventos-solares.jpg","contentUrl":"https:\/\/jornalfatosenoticias.com.br\/wp-content\/uploads\/2023\/01\/ventos-solares.jpg","width":1000,"height":666},{"@type":"BreadcrumbList","@id":"https:\/\/jornalfatosenoticias.com.br\/index.php\/2023\/01\/13\/nasa-descobre-pistas-significativas-sobre-as-origens-do-vento-solar\/#breadcrumb","itemListElement":[{"@type":"ListItem","position":1,"name":"In\u00edcio","item":"https:\/\/jornalfatosenoticias.com.br\/"},{"@type":"ListItem","position":2,"name":"Nasa descobre pistas significativas sobre as origens do vento solar"}]},{"@type":"WebSite","@id":"https:\/\/jornalfatosenoticias.com.br\/#website","url":"https:\/\/jornalfatosenoticias.com.br\/","name":"Jornal Fatos e Not\u00edcias","description":"Not\u00edcias em geral","publisher":{"@id":"https:\/\/jornalfatosenoticias.com.br\/#organization"},"potentialAction":[{"@type":"SearchAction","target":{"@type":"EntryPoint","urlTemplate":"https:\/\/jornalfatosenoticias.com.br\/?s={search_term_string}"},"query-input":{"@type":"PropertyValueSpecification","valueRequired":true,"valueName":"search_term_string"}}],"inLanguage":"pt-BR"},{"@type":"Organization","@id":"https:\/\/jornalfatosenoticias.com.br\/#organization","name":"Jornal Fatos e Not\u00edcias","url":"https:\/\/jornalfatosenoticias.com.br\/","logo":{"@type":"ImageObject","inLanguage":"pt-BR","@id":"https:\/\/jornalfatosenoticias.com.br\/#\/schema\/logo\/image\/","url":"https:\/\/jornalfatosenoticias.com.br\/wp-content\/uploads\/2020\/02\/logo120.png","contentUrl":"https:\/\/jornalfatosenoticias.com.br\/wp-content\/uploads\/2020\/02\/logo120.png","width":1227,"height":120,"caption":"Jornal Fatos e Not\u00edcias"},"image":{"@id":"https:\/\/jornalfatosenoticias.com.br\/#\/schema\/logo\/image\/"}},{"@type":"Person","@id":"https:\/\/jornalfatosenoticias.com.br\/#\/schema\/person\/d63837fa13ac8666eb9e74e0985d6f81","name":"Luzimara Fernandes","image":{"@type":"ImageObject","inLanguage":"pt-BR","@id":"https:\/\/jornalfatosenoticias.com.br\/#\/schema\/person\/image\/","url":"https:\/\/jornalfatosenoticias.com.br\/wp-content\/uploads\/2025\/05\/EU_portal.jpg","contentUrl":"https:\/\/jornalfatosenoticias.com.br\/wp-content\/uploads\/2025\/05\/EU_portal.jpg","caption":"Luzimara Fernandes"},"description":"Jornalista MTB 2358-ES","sameAs":["https:\/\/jornalfatosenoticias.com.br"],"url":"https:\/\/jornalfatosenoticias.com.br\/index.php\/author\/luzimara\/"}]}},"cc_featured_image_caption":{"caption_text":"(Foto: Depositphotos) ","source_text":"","source_url":""},"jetpack_featured_media_url":"https:\/\/jornalfatosenoticias.com.br\/wp-content\/uploads\/2023\/01\/ventos-solares.jpg","_links":{"self":[{"href":"https:\/\/jornalfatosenoticias.com.br\/index.php\/wp-json\/wp\/v2\/posts\/37757","targetHints":{"allow":["GET"]}}],"collection":[{"href":"https:\/\/jornalfatosenoticias.com.br\/index.php\/wp-json\/wp\/v2\/posts"}],"about":[{"href":"https:\/\/jornalfatosenoticias.com.br\/index.php\/wp-json\/wp\/v2\/types\/post"}],"author":[{"embeddable":true,"href":"https:\/\/jornalfatosenoticias.com.br\/index.php\/wp-json\/wp\/v2\/users\/2"}],"replies":[{"embeddable":true,"href":"https:\/\/jornalfatosenoticias.com.br\/index.php\/wp-json\/wp\/v2\/comments?post=37757"}],"version-history":[{"count":0,"href":"https:\/\/jornalfatosenoticias.com.br\/index.php\/wp-json\/wp\/v2\/posts\/37757\/revisions"}],"wp:featuredmedia":[{"embeddable":true,"href":"https:\/\/jornalfatosenoticias.com.br\/index.php\/wp-json\/wp\/v2\/media\/37758"}],"wp:attachment":[{"href":"https:\/\/jornalfatosenoticias.com.br\/index.php\/wp-json\/wp\/v2\/media?parent=37757"}],"wp:term":[{"taxonomy":"category","embeddable":true,"href":"https:\/\/jornalfatosenoticias.com.br\/index.php\/wp-json\/wp\/v2\/categories?post=37757"},{"taxonomy":"post_tag","embeddable":true,"href":"https:\/\/jornalfatosenoticias.com.br\/index.php\/wp-json\/wp\/v2\/tags?post=37757"}],"curies":[{"name":"wp","href":"https:\/\/api.w.org\/{rel}","templated":true}]}}