{"id":37762,"date":"2023-01-13T13:53:17","date_gmt":"2023-01-13T16:53:17","guid":{"rendered":"https:\/\/jornalfatosenoticias.com.br\/?p=37762"},"modified":"2023-01-13T13:53:19","modified_gmt":"2023-01-13T16:53:19","slug":"como-os-bebes-podem-aprender-sobre-os-sons-em-sua-lingua-nativa","status":"publish","type":"post","link":"https:\/\/jornalfatosenoticias.com.br\/index.php\/2023\/01\/13\/como-os-bebes-podem-aprender-sobre-os-sons-em-sua-lingua-nativa\/","title":{"rendered":"Como os beb\u00eas podem aprender sobre os sons em sua l\u00edngua nativa?"},"content":{"rendered":"\n<div class=\"wp-block-image\"><figure class=\"aligncenter size-large\"><img loading=\"lazy\" decoding=\"async\" width=\"1024\" height=\"100\" src=\"https:\/\/jornalfatosenoticias.com.br\/wp-content\/uploads\/2022\/05\/NOVA-LOGO-CESCONETTO-1024x100.jpg\" alt=\"\" class=\"wp-image-30792\" srcset=\"https:\/\/jornalfatosenoticias.com.br\/wp-content\/uploads\/2022\/05\/NOVA-LOGO-CESCONETTO-1024x100.jpg 1024w, https:\/\/jornalfatosenoticias.com.br\/wp-content\/uploads\/2022\/05\/NOVA-LOGO-CESCONETTO-300x29.jpg 300w, https:\/\/jornalfatosenoticias.com.br\/wp-content\/uploads\/2022\/05\/NOVA-LOGO-CESCONETTO-768x75.jpg 768w, https:\/\/jornalfatosenoticias.com.br\/wp-content\/uploads\/2022\/05\/NOVA-LOGO-CESCONETTO.jpg 1280w\" sizes=\"auto, (max-width: 1024px) 100vw, 1024px\" \/><\/figure><\/div>\n\n\n\n<p>Os beb\u00eas podem diferenciar a maioria dos sons logo ap\u00f3s o nascimento e, com 1 ano de idade, tornam-se ouvintes espec\u00edficos da l\u00edngua do ambiente onde s\u00e3o criadas. Mas os pesquisadores ainda est\u00e3o tentando entender como os beb\u00eas reconhecem quais dimens\u00f5es ac\u00fasticas de sua l\u00edngua m\u00e3e s\u00e3o contrastantes, um termo lingu\u00edstico que descreve as diferen\u00e7as entre os sons da fala que podem alterar o significado das palavras. Por exemplo, em ingl\u00eas, as letras b e d s\u00e3o contrastantes, porque mudar o B de <em>&#8220;ball&#8221;<\/em> para um D, o transforma em uma palavra diferente, <em>&#8220;doll&#8221;.<\/em><\/p>\n\n\n\n<div class=\"wp-block-image\"><figure class=\"aligncenter size-large is-resized\"><img loading=\"lazy\" decoding=\"async\" src=\"https:\/\/jornalfatosenoticias.com.br\/wp-content\/uploads\/2020\/02\/logo-clinica-limoeiro.jpg\" alt=\"\" class=\"wp-image-34610\" width=\"326\" height=\"231\"\/><\/figure><\/div>\n\n\n\n<p>Um artigo recente na revista Proceedings of the National Academy of Sciences (PNAS) por dois linguistas computacionais afiliados \u00e0 Universidade de Maryland oferece uma nova vis\u00e3o sobre este t\u00f3pico, que \u00e9 fundamental para uma melhor compreens\u00e3o de como os beb\u00eas aprendem quais s\u00e3o os sons de sua l\u00edngua nativa.<\/p>\n\n\n\n<div class=\"wp-block-image\"><figure class=\"aligncenter size-large\"><img loading=\"lazy\" decoding=\"async\" width=\"1024\" height=\"99\" src=\"https:\/\/jornalfatosenoticias.com.br\/wp-content\/uploads\/2020\/02\/Logo-Mizu-segunda-2-1024x99.png\" alt=\"\" class=\"wp-image-2353\" srcset=\"https:\/\/jornalfatosenoticias.com.br\/wp-content\/uploads\/2020\/02\/Logo-Mizu-segunda-2-1024x99.png 1024w, https:\/\/jornalfatosenoticias.com.br\/wp-content\/uploads\/2020\/02\/Logo-Mizu-segunda-2-300x29.png 300w, https:\/\/jornalfatosenoticias.com.br\/wp-content\/uploads\/2020\/02\/Logo-Mizu-segunda-2-768x74.png 768w, https:\/\/jornalfatosenoticias.com.br\/wp-content\/uploads\/2020\/02\/Logo-Mizu-segunda-2.png 1240w\" sizes=\"auto, (max-width: 1024px) 100vw, 1024px\" \/><\/figure><\/div>\n\n\n\n<p>Sua pesquisa mostra que a capacidade de uma crian\u00e7a de interpretar as diferen\u00e7as ac\u00fasticas como contrastantes ou n\u00e3o contrastantes pode vir dos contextos em que ocorrem diferentes sons.<\/p>\n\n\n\n<div class=\"wp-block-image\"><figure class=\"alignleft size-large\"><img decoding=\"async\" src=\"https:\/\/jornalfatosenoticias.com.br\/wp-content\/uploads\/2020\/02\/barao-das-carnes-300x164-1.jpg\" alt=\"\" class=\"wp-image-34339\"\/><\/figure><\/div>\n\n\n\n<p>Por muito tempo, os pesquisadores acreditaram que haveria diferen\u00e7as \u00f3bvias entre a forma como os sons contrastantes, como vogais curtas e longas em japon\u00eas, s\u00e3o pronunciados. No entanto, embora as pron\u00fancias desses dois sons sejam diferentes na fala cuidadosa, a ac\u00fastica geralmente \u00e9 muito mais amb\u00edgua em ambientes mais naturais.<\/p>\n\n\n\n<div class=\"wp-block-image\"><figure class=\"aligncenter size-large\"><img decoding=\"async\" src=\"https:\/\/jornalfatosenoticias.com.br\/wp-content\/uploads\/2020\/02\/logo-embacia-1-1024x110.jpg\" alt=\"\" class=\"wp-image-33954\"\/><\/figure><\/div>\n\n\n\n<p>O novo estudo mostra que os beb\u00eas podem diferenciar sons ac\u00fasticos com base em pistas de contexto, como sons vizinhos. Sua equipe testou sua teoria em dois estudos de caso com duas defini\u00e7\u00f5es diferentes de contexto, comparando dados em japon\u00eas, holand\u00eas e franc\u00eas.<\/p>\n\n\n\n<div class=\"wp-block-image\"><figure class=\"alignright size-large is-resized\"><img loading=\"lazy\" decoding=\"async\" src=\"https:\/\/jornalfatosenoticias.com.br\/wp-content\/uploads\/2022\/07\/Logo-Grupo-SEI.jpg\" alt=\"\" class=\"wp-image-31973\" width=\"342\" height=\"180\" srcset=\"https:\/\/jornalfatosenoticias.com.br\/wp-content\/uploads\/2022\/07\/Logo-Grupo-SEI.jpg 713w, https:\/\/jornalfatosenoticias.com.br\/wp-content\/uploads\/2022\/07\/Logo-Grupo-SEI-300x158.jpg 300w\" sizes=\"auto, (max-width: 342px) 100vw, 342px\" \/><\/figure><\/div>\n\n\n\n<p>Os pesquisadores coletaram falas que ocorreram em diferentes contextos e fizeram plotagens resumindo quais eram as dura\u00e7\u00f5es das vogais em cada contexto. Em japon\u00eas, eles descobriram que esses gr\u00e1ficos de dura\u00e7\u00e3o das vogais variavam distintamente em diferentes contextos, porque alguns contextos tinham mais vogais curtas, enquanto outros contextos tinham mais vogais longas. Em franc\u00eas, esses gr\u00e1ficos de dura\u00e7\u00e3o das vogais foram semelhantes em todos os contextos.<\/p>\n\n\n\n<div class=\"wp-block-image\"><figure class=\"aligncenter size-large\"><img loading=\"lazy\" decoding=\"async\" width=\"1024\" height=\"111\" src=\"https:\/\/jornalfatosenoticias.com.br\/wp-content\/uploads\/2020\/02\/WhatsApp-Image-2022-09-23-at-12.09.18-1024x111.jpeg\" alt=\"\" class=\"wp-image-34527\" srcset=\"https:\/\/jornalfatosenoticias.com.br\/wp-content\/uploads\/2020\/02\/WhatsApp-Image-2022-09-23-at-12.09.18-1024x111.jpeg 1024w, https:\/\/jornalfatosenoticias.com.br\/wp-content\/uploads\/2020\/02\/WhatsApp-Image-2022-09-23-at-12.09.18-300x32.jpeg 300w, https:\/\/jornalfatosenoticias.com.br\/wp-content\/uploads\/2020\/02\/WhatsApp-Image-2022-09-23-at-12.09.18-768x83.jpeg 768w, https:\/\/jornalfatosenoticias.com.br\/wp-content\/uploads\/2020\/02\/WhatsApp-Image-2022-09-23-at-12.09.18.jpeg 1121w\" sizes=\"auto, (max-width: 1024px) 100vw, 1024px\" \/><\/figure><\/div>\n\n\n\n<p>Segundo os autores, este estudo apresenta um relato convincente sobre como os beb\u00eas aprendem os contrastes de fala de sua l\u00edngua e mostra que o sinal necess\u00e1rio est\u00e1 presente na fala naturalista, avan\u00e7ando na compreens\u00e3o do aprendizado precoce da linguagem.<\/p>\n\n\n\n<p><strong><em>Fonte: <a href=\"https:\/\/www.boasaude.com.br\/noticias\/16900\/como-os-bebes-podem-aprender-sobre-os-sons-em-sua-lingua-nativa.html?utm_source=terra_capa_vida-e-estilo&amp;utm_medium=referral\">Terra<\/a><\/em><\/strong><\/p>\n","protected":false},"excerpt":{"rendered":"<p>Os beb\u00eas podem diferenciar a maioria dos sons logo ap\u00f3s o nascimento e, com 1 ano de idade, tornam-se ouvintes espec\u00edficos da l\u00edngua do ambiente onde s\u00e3o criadas. Mas os pesquisadores ainda est\u00e3o tentando entender como os beb\u00eas reconhecem quais dimens\u00f5es ac\u00fasticas de sua l\u00edngua m\u00e3e s\u00e3o contrastantes, um termo lingu\u00edstico que descreve as diferen\u00e7as [&hellip;]<\/p>\n","protected":false},"author":2,"featured_media":37763,"comment_status":"open","ping_status":"open","sticky":false,"template":"","format":"standard","meta":{"footnotes":""},"categories":[2522],"tags":[3214,1779,548,17707],"class_list":["post-37762","post","type-post","status-publish","format-standard","has-post-thumbnail","hentry","category-comportamento","tag-bebes","tag-comportamento-infantil","tag-fala","tag-lingua-nativa"],"yoast_head":"<!-- This site is optimized with the Yoast SEO plugin v26.5 - https:\/\/yoast.com\/wordpress\/plugins\/seo\/ -->\n<title>Como os beb\u00eas podem aprender sobre os sons em sua l\u00edngua nativa? - Jornal Fatos e Not\u00edcias<\/title>\n<meta name=\"robots\" content=\"index, follow, max-snippet:-1, max-image-preview:large, max-video-preview:-1\" \/>\n<link rel=\"canonical\" href=\"https:\/\/jornalfatosenoticias.com.br\/index.php\/2023\/01\/13\/como-os-bebes-podem-aprender-sobre-os-sons-em-sua-lingua-nativa\/\" \/>\n<meta property=\"og:locale\" content=\"pt_BR\" \/>\n<meta property=\"og:type\" content=\"article\" \/>\n<meta property=\"og:title\" content=\"Como os beb\u00eas podem aprender sobre os sons em sua l\u00edngua nativa? - Jornal Fatos e Not\u00edcias\" \/>\n<meta property=\"og:description\" content=\"Os beb\u00eas podem diferenciar a maioria dos sons logo ap\u00f3s o nascimento e, com 1 ano de idade, tornam-se ouvintes espec\u00edficos da l\u00edngua do ambiente onde s\u00e3o criadas. Mas os pesquisadores ainda est\u00e3o tentando entender como os beb\u00eas reconhecem quais dimens\u00f5es ac\u00fasticas de sua l\u00edngua m\u00e3e s\u00e3o contrastantes, um termo lingu\u00edstico que descreve as diferen\u00e7as [&hellip;]\" \/>\n<meta property=\"og:url\" content=\"https:\/\/jornalfatosenoticias.com.br\/index.php\/2023\/01\/13\/como-os-bebes-podem-aprender-sobre-os-sons-em-sua-lingua-nativa\/\" \/>\n<meta property=\"og:site_name\" content=\"Jornal Fatos e Not\u00edcias\" \/>\n<meta property=\"article:published_time\" content=\"2023-01-13T16:53:17+00:00\" \/>\n<meta property=\"article:modified_time\" content=\"2023-01-13T16:53:19+00:00\" \/>\n<meta property=\"og:image\" content=\"https:\/\/jornalfatosenoticias.com.br\/wp-content\/uploads\/2023\/01\/Baby-Talking.jpg\" \/>\n\t<meta property=\"og:image:width\" content=\"1000\" \/>\n\t<meta property=\"og:image:height\" content=\"666\" \/>\n\t<meta property=\"og:image:type\" content=\"image\/jpeg\" \/>\n<meta name=\"author\" content=\"Luzimara Fernandes\" \/>\n<meta name=\"twitter:card\" content=\"summary_large_image\" \/>\n<meta name=\"twitter:label1\" content=\"Escrito por\" \/>\n\t<meta name=\"twitter:data1\" content=\"Luzimara Fernandes\" \/>\n\t<meta name=\"twitter:label2\" content=\"Est. tempo de leitura\" \/>\n\t<meta name=\"twitter:data2\" content=\"2 minutos\" \/>\n<script type=\"application\/ld+json\" class=\"yoast-schema-graph\">{\"@context\":\"https:\/\/schema.org\",\"@graph\":[{\"@type\":\"Article\",\"@id\":\"https:\/\/jornalfatosenoticias.com.br\/index.php\/2023\/01\/13\/como-os-bebes-podem-aprender-sobre-os-sons-em-sua-lingua-nativa\/#article\",\"isPartOf\":{\"@id\":\"https:\/\/jornalfatosenoticias.com.br\/index.php\/2023\/01\/13\/como-os-bebes-podem-aprender-sobre-os-sons-em-sua-lingua-nativa\/\"},\"author\":{\"name\":\"Luzimara Fernandes\",\"@id\":\"https:\/\/jornalfatosenoticias.com.br\/#\/schema\/person\/d63837fa13ac8666eb9e74e0985d6f81\"},\"headline\":\"Como os beb\u00eas podem aprender sobre os sons em sua l\u00edngua nativa?\",\"datePublished\":\"2023-01-13T16:53:17+00:00\",\"dateModified\":\"2023-01-13T16:53:19+00:00\",\"mainEntityOfPage\":{\"@id\":\"https:\/\/jornalfatosenoticias.com.br\/index.php\/2023\/01\/13\/como-os-bebes-podem-aprender-sobre-os-sons-em-sua-lingua-nativa\/\"},\"wordCount\":432,\"commentCount\":0,\"publisher\":{\"@id\":\"https:\/\/jornalfatosenoticias.com.br\/#organization\"},\"image\":{\"@id\":\"https:\/\/jornalfatosenoticias.com.br\/index.php\/2023\/01\/13\/como-os-bebes-podem-aprender-sobre-os-sons-em-sua-lingua-nativa\/#primaryimage\"},\"thumbnailUrl\":\"https:\/\/jornalfatosenoticias.com.br\/wp-content\/uploads\/2023\/01\/Baby-Talking.jpg\",\"keywords\":[\"beb\u00eas\",\"comportamento infantil\",\"fala\",\"l\u00edngua nativa\"],\"articleSection\":[\"Comportamento &amp; Equil\u00edbrio\"],\"inLanguage\":\"pt-BR\",\"potentialAction\":[{\"@type\":\"CommentAction\",\"name\":\"Comment\",\"target\":[\"https:\/\/jornalfatosenoticias.com.br\/index.php\/2023\/01\/13\/como-os-bebes-podem-aprender-sobre-os-sons-em-sua-lingua-nativa\/#respond\"]}]},{\"@type\":\"WebPage\",\"@id\":\"https:\/\/jornalfatosenoticias.com.br\/index.php\/2023\/01\/13\/como-os-bebes-podem-aprender-sobre-os-sons-em-sua-lingua-nativa\/\",\"url\":\"https:\/\/jornalfatosenoticias.com.br\/index.php\/2023\/01\/13\/como-os-bebes-podem-aprender-sobre-os-sons-em-sua-lingua-nativa\/\",\"name\":\"Como os beb\u00eas podem aprender sobre os sons em sua l\u00edngua nativa? - Jornal Fatos e Not\u00edcias\",\"isPartOf\":{\"@id\":\"https:\/\/jornalfatosenoticias.com.br\/#website\"},\"primaryImageOfPage\":{\"@id\":\"https:\/\/jornalfatosenoticias.com.br\/index.php\/2023\/01\/13\/como-os-bebes-podem-aprender-sobre-os-sons-em-sua-lingua-nativa\/#primaryimage\"},\"image\":{\"@id\":\"https:\/\/jornalfatosenoticias.com.br\/index.php\/2023\/01\/13\/como-os-bebes-podem-aprender-sobre-os-sons-em-sua-lingua-nativa\/#primaryimage\"},\"thumbnailUrl\":\"https:\/\/jornalfatosenoticias.com.br\/wp-content\/uploads\/2023\/01\/Baby-Talking.jpg\",\"datePublished\":\"2023-01-13T16:53:17+00:00\",\"dateModified\":\"2023-01-13T16:53:19+00:00\",\"breadcrumb\":{\"@id\":\"https:\/\/jornalfatosenoticias.com.br\/index.php\/2023\/01\/13\/como-os-bebes-podem-aprender-sobre-os-sons-em-sua-lingua-nativa\/#breadcrumb\"},\"inLanguage\":\"pt-BR\",\"potentialAction\":[{\"@type\":\"ReadAction\",\"target\":[\"https:\/\/jornalfatosenoticias.com.br\/index.php\/2023\/01\/13\/como-os-bebes-podem-aprender-sobre-os-sons-em-sua-lingua-nativa\/\"]}]},{\"@type\":\"ImageObject\",\"inLanguage\":\"pt-BR\",\"@id\":\"https:\/\/jornalfatosenoticias.com.br\/index.php\/2023\/01\/13\/como-os-bebes-podem-aprender-sobre-os-sons-em-sua-lingua-nativa\/#primaryimage\",\"url\":\"https:\/\/jornalfatosenoticias.com.br\/wp-content\/uploads\/2023\/01\/Baby-Talking.jpg\",\"contentUrl\":\"https:\/\/jornalfatosenoticias.com.br\/wp-content\/uploads\/2023\/01\/Baby-Talking.jpg\",\"width\":1000,\"height\":666},{\"@type\":\"BreadcrumbList\",\"@id\":\"https:\/\/jornalfatosenoticias.com.br\/index.php\/2023\/01\/13\/como-os-bebes-podem-aprender-sobre-os-sons-em-sua-lingua-nativa\/#breadcrumb\",\"itemListElement\":[{\"@type\":\"ListItem\",\"position\":1,\"name\":\"In\u00edcio\",\"item\":\"https:\/\/jornalfatosenoticias.com.br\/\"},{\"@type\":\"ListItem\",\"position\":2,\"name\":\"Como os beb\u00eas podem aprender sobre os sons em sua l\u00edngua nativa?\"}]},{\"@type\":\"WebSite\",\"@id\":\"https:\/\/jornalfatosenoticias.com.br\/#website\",\"url\":\"https:\/\/jornalfatosenoticias.com.br\/\",\"name\":\"Jornal Fatos e Not\u00edcias\",\"description\":\"Not\u00edcias em geral\",\"publisher\":{\"@id\":\"https:\/\/jornalfatosenoticias.com.br\/#organization\"},\"potentialAction\":[{\"@type\":\"SearchAction\",\"target\":{\"@type\":\"EntryPoint\",\"urlTemplate\":\"https:\/\/jornalfatosenoticias.com.br\/?s={search_term_string}\"},\"query-input\":{\"@type\":\"PropertyValueSpecification\",\"valueRequired\":true,\"valueName\":\"search_term_string\"}}],\"inLanguage\":\"pt-BR\"},{\"@type\":\"Organization\",\"@id\":\"https:\/\/jornalfatosenoticias.com.br\/#organization\",\"name\":\"Jornal Fatos e Not\u00edcias\",\"url\":\"https:\/\/jornalfatosenoticias.com.br\/\",\"logo\":{\"@type\":\"ImageObject\",\"inLanguage\":\"pt-BR\",\"@id\":\"https:\/\/jornalfatosenoticias.com.br\/#\/schema\/logo\/image\/\",\"url\":\"https:\/\/jornalfatosenoticias.com.br\/wp-content\/uploads\/2020\/02\/logo120.png\",\"contentUrl\":\"https:\/\/jornalfatosenoticias.com.br\/wp-content\/uploads\/2020\/02\/logo120.png\",\"width\":1227,\"height\":120,\"caption\":\"Jornal Fatos e Not\u00edcias\"},\"image\":{\"@id\":\"https:\/\/jornalfatosenoticias.com.br\/#\/schema\/logo\/image\/\"}},{\"@type\":\"Person\",\"@id\":\"https:\/\/jornalfatosenoticias.com.br\/#\/schema\/person\/d63837fa13ac8666eb9e74e0985d6f81\",\"name\":\"Luzimara Fernandes\",\"image\":{\"@type\":\"ImageObject\",\"inLanguage\":\"pt-BR\",\"@id\":\"https:\/\/jornalfatosenoticias.com.br\/#\/schema\/person\/image\/\",\"url\":\"https:\/\/jornalfatosenoticias.com.br\/wp-content\/uploads\/2025\/05\/EU_portal.jpg\",\"contentUrl\":\"https:\/\/jornalfatosenoticias.com.br\/wp-content\/uploads\/2025\/05\/EU_portal.jpg\",\"caption\":\"Luzimara Fernandes\"},\"description\":\"Jornalista MTB 2358-ES\",\"sameAs\":[\"https:\/\/jornalfatosenoticias.com.br\"],\"url\":\"https:\/\/jornalfatosenoticias.com.br\/index.php\/author\/luzimara\/\"}]}<\/script>\n<!-- \/ Yoast SEO plugin. -->","yoast_head_json":{"title":"Como os beb\u00eas podem aprender sobre os sons em sua l\u00edngua nativa? - Jornal Fatos e Not\u00edcias","robots":{"index":"index","follow":"follow","max-snippet":"max-snippet:-1","max-image-preview":"max-image-preview:large","max-video-preview":"max-video-preview:-1"},"canonical":"https:\/\/jornalfatosenoticias.com.br\/index.php\/2023\/01\/13\/como-os-bebes-podem-aprender-sobre-os-sons-em-sua-lingua-nativa\/","og_locale":"pt_BR","og_type":"article","og_title":"Como os beb\u00eas podem aprender sobre os sons em sua l\u00edngua nativa? - Jornal Fatos e Not\u00edcias","og_description":"Os beb\u00eas podem diferenciar a maioria dos sons logo ap\u00f3s o nascimento e, com 1 ano de idade, tornam-se ouvintes espec\u00edficos da l\u00edngua do ambiente onde s\u00e3o criadas. Mas os pesquisadores ainda est\u00e3o tentando entender como os beb\u00eas reconhecem quais dimens\u00f5es ac\u00fasticas de sua l\u00edngua m\u00e3e s\u00e3o contrastantes, um termo lingu\u00edstico que descreve as diferen\u00e7as [&hellip;]","og_url":"https:\/\/jornalfatosenoticias.com.br\/index.php\/2023\/01\/13\/como-os-bebes-podem-aprender-sobre-os-sons-em-sua-lingua-nativa\/","og_site_name":"Jornal Fatos e Not\u00edcias","article_published_time":"2023-01-13T16:53:17+00:00","article_modified_time":"2023-01-13T16:53:19+00:00","og_image":[{"width":1000,"height":666,"url":"https:\/\/jornalfatosenoticias.com.br\/wp-content\/uploads\/2023\/01\/Baby-Talking.jpg","type":"image\/jpeg"}],"author":"Luzimara Fernandes","twitter_card":"summary_large_image","twitter_misc":{"Escrito por":"Luzimara Fernandes","Est. tempo de leitura":"2 minutos"},"schema":{"@context":"https:\/\/schema.org","@graph":[{"@type":"Article","@id":"https:\/\/jornalfatosenoticias.com.br\/index.php\/2023\/01\/13\/como-os-bebes-podem-aprender-sobre-os-sons-em-sua-lingua-nativa\/#article","isPartOf":{"@id":"https:\/\/jornalfatosenoticias.com.br\/index.php\/2023\/01\/13\/como-os-bebes-podem-aprender-sobre-os-sons-em-sua-lingua-nativa\/"},"author":{"name":"Luzimara Fernandes","@id":"https:\/\/jornalfatosenoticias.com.br\/#\/schema\/person\/d63837fa13ac8666eb9e74e0985d6f81"},"headline":"Como os beb\u00eas podem aprender sobre os sons em sua l\u00edngua nativa?","datePublished":"2023-01-13T16:53:17+00:00","dateModified":"2023-01-13T16:53:19+00:00","mainEntityOfPage":{"@id":"https:\/\/jornalfatosenoticias.com.br\/index.php\/2023\/01\/13\/como-os-bebes-podem-aprender-sobre-os-sons-em-sua-lingua-nativa\/"},"wordCount":432,"commentCount":0,"publisher":{"@id":"https:\/\/jornalfatosenoticias.com.br\/#organization"},"image":{"@id":"https:\/\/jornalfatosenoticias.com.br\/index.php\/2023\/01\/13\/como-os-bebes-podem-aprender-sobre-os-sons-em-sua-lingua-nativa\/#primaryimage"},"thumbnailUrl":"https:\/\/jornalfatosenoticias.com.br\/wp-content\/uploads\/2023\/01\/Baby-Talking.jpg","keywords":["beb\u00eas","comportamento infantil","fala","l\u00edngua nativa"],"articleSection":["Comportamento &amp; Equil\u00edbrio"],"inLanguage":"pt-BR","potentialAction":[{"@type":"CommentAction","name":"Comment","target":["https:\/\/jornalfatosenoticias.com.br\/index.php\/2023\/01\/13\/como-os-bebes-podem-aprender-sobre-os-sons-em-sua-lingua-nativa\/#respond"]}]},{"@type":"WebPage","@id":"https:\/\/jornalfatosenoticias.com.br\/index.php\/2023\/01\/13\/como-os-bebes-podem-aprender-sobre-os-sons-em-sua-lingua-nativa\/","url":"https:\/\/jornalfatosenoticias.com.br\/index.php\/2023\/01\/13\/como-os-bebes-podem-aprender-sobre-os-sons-em-sua-lingua-nativa\/","name":"Como os beb\u00eas podem aprender sobre os sons em sua l\u00edngua nativa? - Jornal Fatos e Not\u00edcias","isPartOf":{"@id":"https:\/\/jornalfatosenoticias.com.br\/#website"},"primaryImageOfPage":{"@id":"https:\/\/jornalfatosenoticias.com.br\/index.php\/2023\/01\/13\/como-os-bebes-podem-aprender-sobre-os-sons-em-sua-lingua-nativa\/#primaryimage"},"image":{"@id":"https:\/\/jornalfatosenoticias.com.br\/index.php\/2023\/01\/13\/como-os-bebes-podem-aprender-sobre-os-sons-em-sua-lingua-nativa\/#primaryimage"},"thumbnailUrl":"https:\/\/jornalfatosenoticias.com.br\/wp-content\/uploads\/2023\/01\/Baby-Talking.jpg","datePublished":"2023-01-13T16:53:17+00:00","dateModified":"2023-01-13T16:53:19+00:00","breadcrumb":{"@id":"https:\/\/jornalfatosenoticias.com.br\/index.php\/2023\/01\/13\/como-os-bebes-podem-aprender-sobre-os-sons-em-sua-lingua-nativa\/#breadcrumb"},"inLanguage":"pt-BR","potentialAction":[{"@type":"ReadAction","target":["https:\/\/jornalfatosenoticias.com.br\/index.php\/2023\/01\/13\/como-os-bebes-podem-aprender-sobre-os-sons-em-sua-lingua-nativa\/"]}]},{"@type":"ImageObject","inLanguage":"pt-BR","@id":"https:\/\/jornalfatosenoticias.com.br\/index.php\/2023\/01\/13\/como-os-bebes-podem-aprender-sobre-os-sons-em-sua-lingua-nativa\/#primaryimage","url":"https:\/\/jornalfatosenoticias.com.br\/wp-content\/uploads\/2023\/01\/Baby-Talking.jpg","contentUrl":"https:\/\/jornalfatosenoticias.com.br\/wp-content\/uploads\/2023\/01\/Baby-Talking.jpg","width":1000,"height":666},{"@type":"BreadcrumbList","@id":"https:\/\/jornalfatosenoticias.com.br\/index.php\/2023\/01\/13\/como-os-bebes-podem-aprender-sobre-os-sons-em-sua-lingua-nativa\/#breadcrumb","itemListElement":[{"@type":"ListItem","position":1,"name":"In\u00edcio","item":"https:\/\/jornalfatosenoticias.com.br\/"},{"@type":"ListItem","position":2,"name":"Como os beb\u00eas podem aprender sobre os sons em sua l\u00edngua nativa?"}]},{"@type":"WebSite","@id":"https:\/\/jornalfatosenoticias.com.br\/#website","url":"https:\/\/jornalfatosenoticias.com.br\/","name":"Jornal Fatos e Not\u00edcias","description":"Not\u00edcias em geral","publisher":{"@id":"https:\/\/jornalfatosenoticias.com.br\/#organization"},"potentialAction":[{"@type":"SearchAction","target":{"@type":"EntryPoint","urlTemplate":"https:\/\/jornalfatosenoticias.com.br\/?s={search_term_string}"},"query-input":{"@type":"PropertyValueSpecification","valueRequired":true,"valueName":"search_term_string"}}],"inLanguage":"pt-BR"},{"@type":"Organization","@id":"https:\/\/jornalfatosenoticias.com.br\/#organization","name":"Jornal Fatos e Not\u00edcias","url":"https:\/\/jornalfatosenoticias.com.br\/","logo":{"@type":"ImageObject","inLanguage":"pt-BR","@id":"https:\/\/jornalfatosenoticias.com.br\/#\/schema\/logo\/image\/","url":"https:\/\/jornalfatosenoticias.com.br\/wp-content\/uploads\/2020\/02\/logo120.png","contentUrl":"https:\/\/jornalfatosenoticias.com.br\/wp-content\/uploads\/2020\/02\/logo120.png","width":1227,"height":120,"caption":"Jornal Fatos e Not\u00edcias"},"image":{"@id":"https:\/\/jornalfatosenoticias.com.br\/#\/schema\/logo\/image\/"}},{"@type":"Person","@id":"https:\/\/jornalfatosenoticias.com.br\/#\/schema\/person\/d63837fa13ac8666eb9e74e0985d6f81","name":"Luzimara Fernandes","image":{"@type":"ImageObject","inLanguage":"pt-BR","@id":"https:\/\/jornalfatosenoticias.com.br\/#\/schema\/person\/image\/","url":"https:\/\/jornalfatosenoticias.com.br\/wp-content\/uploads\/2025\/05\/EU_portal.jpg","contentUrl":"https:\/\/jornalfatosenoticias.com.br\/wp-content\/uploads\/2025\/05\/EU_portal.jpg","caption":"Luzimara Fernandes"},"description":"Jornalista MTB 2358-ES","sameAs":["https:\/\/jornalfatosenoticias.com.br"],"url":"https:\/\/jornalfatosenoticias.com.br\/index.php\/author\/luzimara\/"}]}},"cc_featured_image_caption":{"caption_text":"(Foto: Getty Images) ","source_text":"","source_url":""},"jetpack_featured_media_url":"https:\/\/jornalfatosenoticias.com.br\/wp-content\/uploads\/2023\/01\/Baby-Talking.jpg","_links":{"self":[{"href":"https:\/\/jornalfatosenoticias.com.br\/index.php\/wp-json\/wp\/v2\/posts\/37762","targetHints":{"allow":["GET"]}}],"collection":[{"href":"https:\/\/jornalfatosenoticias.com.br\/index.php\/wp-json\/wp\/v2\/posts"}],"about":[{"href":"https:\/\/jornalfatosenoticias.com.br\/index.php\/wp-json\/wp\/v2\/types\/post"}],"author":[{"embeddable":true,"href":"https:\/\/jornalfatosenoticias.com.br\/index.php\/wp-json\/wp\/v2\/users\/2"}],"replies":[{"embeddable":true,"href":"https:\/\/jornalfatosenoticias.com.br\/index.php\/wp-json\/wp\/v2\/comments?post=37762"}],"version-history":[{"count":0,"href":"https:\/\/jornalfatosenoticias.com.br\/index.php\/wp-json\/wp\/v2\/posts\/37762\/revisions"}],"wp:featuredmedia":[{"embeddable":true,"href":"https:\/\/jornalfatosenoticias.com.br\/index.php\/wp-json\/wp\/v2\/media\/37763"}],"wp:attachment":[{"href":"https:\/\/jornalfatosenoticias.com.br\/index.php\/wp-json\/wp\/v2\/media?parent=37762"}],"wp:term":[{"taxonomy":"category","embeddable":true,"href":"https:\/\/jornalfatosenoticias.com.br\/index.php\/wp-json\/wp\/v2\/categories?post=37762"},{"taxonomy":"post_tag","embeddable":true,"href":"https:\/\/jornalfatosenoticias.com.br\/index.php\/wp-json\/wp\/v2\/tags?post=37762"}],"curies":[{"name":"wp","href":"https:\/\/api.w.org\/{rel}","templated":true}]}}