{"id":37820,"date":"2023-01-16T10:53:54","date_gmt":"2023-01-16T13:53:54","guid":{"rendered":"https:\/\/jornalfatosenoticias.com.br\/?p=37820"},"modified":"2023-01-16T10:53:55","modified_gmt":"2023-01-16T13:53:55","slug":"dormir-menos-de-cinco-horas-aumenta-risco-de-doencas-para-quem-passou-dos-50","status":"publish","type":"post","link":"https:\/\/jornalfatosenoticias.com.br\/index.php\/2023\/01\/16\/dormir-menos-de-cinco-horas-aumenta-risco-de-doencas-para-quem-passou-dos-50\/","title":{"rendered":"Dormir menos de cinco horas aumenta risco de doen\u00e7as para quem passou dos 50"},"content":{"rendered":"\n<div class=\"wp-block-image\"><figure class=\"aligncenter size-large\"><img loading=\"lazy\" decoding=\"async\" width=\"1024\" height=\"100\" src=\"https:\/\/jornalfatosenoticias.com.br\/wp-content\/uploads\/2022\/05\/NOVA-LOGO-CESCONETTO-1024x100.jpg\" alt=\"\" class=\"wp-image-30792\" srcset=\"https:\/\/jornalfatosenoticias.com.br\/wp-content\/uploads\/2022\/05\/NOVA-LOGO-CESCONETTO-1024x100.jpg 1024w, https:\/\/jornalfatosenoticias.com.br\/wp-content\/uploads\/2022\/05\/NOVA-LOGO-CESCONETTO-300x29.jpg 300w, https:\/\/jornalfatosenoticias.com.br\/wp-content\/uploads\/2022\/05\/NOVA-LOGO-CESCONETTO-768x75.jpg 768w, https:\/\/jornalfatosenoticias.com.br\/wp-content\/uploads\/2022\/05\/NOVA-LOGO-CESCONETTO.jpg 1280w\" sizes=\"auto, (max-width: 1024px) 100vw, 1024px\" \/><\/figure><\/div>\n\n\n\n<p>Adultos acima dos 50 anos que dormem menos do que cinco horas t\u00eam mais risco de desenvolver v\u00e1rias doen\u00e7as cr\u00f4nicas, mostra um novo estudo assinado por pesquisadores da Universidade de Paris e da <em>University College London.<\/em> Os autores avaliaram 7.864 pessoas durante 25 anos.<\/p>\n\n\n\n<div class=\"wp-block-image\"><figure class=\"aligncenter size-large\"><img loading=\"lazy\" decoding=\"async\" width=\"300\" height=\"250\" src=\"https:\/\/jornalfatosenoticias.com.br\/wp-content\/uploads\/2022\/08\/arte-Casarao.jpg\" alt=\"\" class=\"wp-image-33178\"\/><\/figure><\/div>\n\n\n\n<p>Sabe-se que a priva\u00e7\u00e3o de sono est\u00e1 associada a uma maior probabilidade de desenvolver diversos dist\u00farbios, mas ainda n\u00e3o existem dados suficientes sobre a chamada multimorbidade, quando v\u00e1rios deles ocorrem ao mesmo tempo.<\/p>\n\n\n\n<div class=\"wp-block-image\"><figure class=\"aligncenter size-large\"><img loading=\"lazy\" decoding=\"async\" width=\"1024\" height=\"110\" src=\"https:\/\/jornalfatosenoticias.com.br\/wp-content\/uploads\/2022\/10\/Arte-jornal-Zucchi-1120x120_Prancheta-1-1024x110.jpg\" alt=\"\" class=\"wp-image-34772\" srcset=\"https:\/\/jornalfatosenoticias.com.br\/wp-content\/uploads\/2022\/10\/Arte-jornal-Zucchi-1120x120_Prancheta-1-1024x110.jpg 1024w, https:\/\/jornalfatosenoticias.com.br\/wp-content\/uploads\/2022\/10\/Arte-jornal-Zucchi-1120x120_Prancheta-1-300x32.jpg 300w, https:\/\/jornalfatosenoticias.com.br\/wp-content\/uploads\/2022\/10\/Arte-jornal-Zucchi-1120x120_Prancheta-1-768x82.jpg 768w, https:\/\/jornalfatosenoticias.com.br\/wp-content\/uploads\/2022\/10\/Arte-jornal-Zucchi-1120x120_Prancheta-1-1536x165.jpg 1536w, https:\/\/jornalfatosenoticias.com.br\/wp-content\/uploads\/2022\/10\/Arte-jornal-Zucchi-1120x120_Prancheta-1-2048x219.jpg 2048w\" sizes=\"auto, (max-width: 1024px) 100vw, 1024px\" \/><\/figure><\/div>\n\n\n\n<p>Na pesquisa, os pesquisadores avaliaram condi\u00e7\u00f5es como <a href=\"https:\/\/www.uol.com.br\/vivabem\/noticias\/redacao\/2018\/07\/24\/sede-excessiva-fome-e-visao-embacada-estao-entre-os-sintomas-de-diabetes.htm\"><em>diabetes,<\/em><\/a> c\u00e2ncer, doen\u00e7as coronarianas e renais, <a href=\"https:\/\/www.uol.com.br\/vivabem\/doencas-de-a-z\/parkinson-nem-sempre-causa-tremor-constipacao-e-insonia-tambem-sao-sinais.htm\"><em>Parkinson,<\/em><\/a> <em><a href=\"https:\/\/www.uol.com.br\/vivabem\/noticias\/redacao\/2018\/07\/10\/depressao-sintomas-tratamento-tipos-e-relacao-com-suicidio.htm\">depress\u00e3o,<\/a><\/em> entre outras. Eles constataram que indiv\u00edduos acima dos 50 anos que dormiam cinco horas ou menos tinham um risco 30% maior de ter mais de um problema cr\u00f4nico comparados aos que dormiam sete horas. Aos 60 anos, esse risco subiu para 32%; aos 70, para 40%.<\/p>\n\n\n\n<div class=\"wp-block-image\"><figure class=\"aligncenter size-large is-resized\"><img loading=\"lazy\" decoding=\"async\" src=\"https:\/\/jornalfatosenoticias.com.br\/wp-content\/uploads\/2020\/02\/logo-clinica-limoeiro.jpg\" alt=\"\" class=\"wp-image-34610\" width=\"317\" height=\"225\"\/><\/figure><\/div>\n\n\n\n<figure class=\"wp-block-pullquote\"><blockquote><p><span class=\"has-inline-color has-luminous-vivid-orange-color\">O sono \u00e9 respons\u00e1vel por restaurar todas as nossas fun\u00e7\u00f5es f\u00edsicas e cognitivas. Fica f\u00e1cil entender porque a falta dele aumenta o risco de tantos problemas&#8221;, diz Carolina Vicaria Rodrigues D&#8217;Aurea, fisioterapeuta e especialista em sono do Hospital Israelita Albert Einstein (SP).<\/span><\/p><\/blockquote><\/figure>\n\n\n\n<div class=\"wp-block-image\"><figure class=\"aligncenter size-large\"><img loading=\"lazy\" decoding=\"async\" width=\"1024\" height=\"99\" src=\"https:\/\/jornalfatosenoticias.com.br\/wp-content\/uploads\/2020\/02\/Logo-Mizu-segunda-2-1024x99.png\" alt=\"\" class=\"wp-image-2353\" srcset=\"https:\/\/jornalfatosenoticias.com.br\/wp-content\/uploads\/2020\/02\/Logo-Mizu-segunda-2-1024x99.png 1024w, https:\/\/jornalfatosenoticias.com.br\/wp-content\/uploads\/2020\/02\/Logo-Mizu-segunda-2-300x29.png 300w, https:\/\/jornalfatosenoticias.com.br\/wp-content\/uploads\/2020\/02\/Logo-Mizu-segunda-2-768x74.png 768w, https:\/\/jornalfatosenoticias.com.br\/wp-content\/uploads\/2020\/02\/Logo-Mizu-segunda-2.png 1240w\" sizes=\"auto, (max-width: 1024px) 100vw, 1024px\" \/><\/figure><\/div>\n\n\n\n<p>Durante o sono o organismo se reequilibra. Na fase inicial, ocorrem v\u00e1rios processos, como redu\u00e7\u00e3o da frequ\u00eancia card\u00edaca e respirat\u00f3ria, libera\u00e7\u00e3o de horm\u00f4nios relacionados \u00e0 sa\u00fade f\u00edsica e cognitiva, o controle da fome e da saciedade, al\u00e9m de haver uma diminui\u00e7\u00e3o da ativa\u00e7\u00e3o cerebral.<\/p>\n\n\n\n<div class=\"wp-block-image\"><figure class=\"aligncenter size-large is-resized\"><img loading=\"lazy\" decoding=\"async\" src=\"https:\/\/jornalfatosenoticias.com.br\/wp-content\/uploads\/2020\/02\/casa-do-torresmo_portal.jpg\" alt=\"\" class=\"wp-image-34472\" width=\"287\" height=\"287\" srcset=\"https:\/\/jornalfatosenoticias.com.br\/wp-content\/uploads\/2020\/02\/casa-do-torresmo_portal.jpg 300w, https:\/\/jornalfatosenoticias.com.br\/wp-content\/uploads\/2020\/02\/casa-do-torresmo_portal-150x150.jpg 150w\" sizes=\"auto, (max-width: 287px) 100vw, 287px\" \/><\/figure><\/div>\n\n\n\n<figure class=\"wp-block-pullquote\"><blockquote><p><span class=\"has-inline-color has-luminous-vivid-orange-color\">Se n\u00e3o dormimos bem ou o suficiente, todas essas fun\u00e7\u00f5es podem sofrer altera\u00e7\u00f5es. Se houver associa\u00e7\u00e3o com algum dist\u00farbio do sono, pode ser ainda pior&#8221;, explica Carolina.<\/span><\/p><\/blockquote><\/figure>\n\n\n\n<div class=\"wp-block-image\"><figure class=\"aligncenter size-large\"><img loading=\"lazy\" decoding=\"async\" width=\"1024\" height=\"100\" src=\"https:\/\/jornalfatosenoticias.com.br\/wp-content\/uploads\/2020\/02\/banner_ferramentas-1024x100.jpg\" alt=\"\" class=\"wp-image-1258\" srcset=\"https:\/\/jornalfatosenoticias.com.br\/wp-content\/uploads\/2020\/02\/banner_ferramentas-1024x100.jpg 1024w, https:\/\/jornalfatosenoticias.com.br\/wp-content\/uploads\/2020\/02\/banner_ferramentas-300x29.jpg 300w, https:\/\/jornalfatosenoticias.com.br\/wp-content\/uploads\/2020\/02\/banner_ferramentas-768x75.jpg 768w, https:\/\/jornalfatosenoticias.com.br\/wp-content\/uploads\/2020\/02\/banner_ferramentas.jpg 1227w\" sizes=\"auto, (max-width: 1024px) 100vw, 1024px\" \/><\/figure><\/div>\n\n\n\n<p>\u00c9 por isso que dormir mal aumenta o risco de ganho de peso e suas consequ\u00eancias, como doen\u00e7as metab\u00f3licas e cardiovasculares, al\u00e9m de dist\u00farbios como a apneia obstrutiva do sono.<br>Estudos tamb\u00e9m sugerem que o sono reduzido favorece o ac\u00famulo de gordura nas art\u00e9rias. <\/p>\n\n\n\n<div class=\"wp-block-image\"><figure class=\"aligncenter size-large\"><img decoding=\"async\" src=\"https:\/\/jornalfatosenoticias.com.br\/wp-content\/uploads\/2020\/02\/logo_esteio.jpg\" alt=\"\" class=\"wp-image-1214\"\/><\/figure><\/div>\n\n\n\n<figure class=\"wp-block-pullquote\"><blockquote><p><span class=\"has-inline-color has-luminous-vivid-orange-color\">Se j\u00e1 houver uma doen\u00e7a instalada, seu controle tamb\u00e9m fica mais dif\u00edcil. Por exemplo, diab\u00e9ticos ter\u00e3o mais dificuldade de controlar os n\u00edveis de glicemia&#8221;, afirma a especialista.<\/span><\/p><\/blockquote><\/figure>\n\n\n\n<div class=\"wp-block-image\"><figure class=\"aligncenter size-large is-resized\"><img loading=\"lazy\" decoding=\"async\" src=\"https:\/\/jornalfatosenoticias.com.br\/wp-content\/uploads\/2022\/07\/Logo-Grupo-SEI.jpg\" alt=\"\" class=\"wp-image-31973\" width=\"296\" height=\"155\" srcset=\"https:\/\/jornalfatosenoticias.com.br\/wp-content\/uploads\/2022\/07\/Logo-Grupo-SEI.jpg 713w, https:\/\/jornalfatosenoticias.com.br\/wp-content\/uploads\/2022\/07\/Logo-Grupo-SEI-300x158.jpg 300w\" sizes=\"auto, (max-width: 296px) 100vw, 296px\" \/><\/figure><\/div>\n\n\n\n<p>A falta de sono afeta o sistema imunol\u00f3gico e traz consequ\u00eancias cognitivas, como d\u00e9ficit de mem\u00f3ria e dificuldade de concentra\u00e7\u00e3o. Al\u00e9m disso, est\u00e1 associada \u00e0 perda de massa muscular. Nos idosos, pode facilitar quedas pelo impacto no equil\u00edbrio, al\u00e9m de aumentar o risco de doen\u00e7as neurodegenerativas.<\/p>\n\n\n\n<div class=\"wp-block-image\"><figure class=\"alignright size-large\"><img decoding=\"async\" src=\"https:\/\/jornalfatosenoticias.com.br\/wp-content\/uploads\/2020\/02\/barao-das-carnes-300x164-1.jpg\" alt=\"\" class=\"wp-image-34339\"\/><\/figure><\/div>\n\n\n\n<p><strong><span class=\"has-inline-color has-vivid-purple-color\">Quanto dormir?<br><\/span><\/strong>Em geral, a recomenda\u00e7\u00e3o \u00e9 para dormir por pelo menos seis horas. No entanto, a necessidade varia com a idade. Na maioria dos adultos, esse tempo vai de sete a oito horas. Os idosos tendem a dormir menos, entre seis e sete horas, al\u00e9m de ser comum fazerem cochilos ao longo do dia.<\/p>\n\n\n\n<div class=\"wp-block-image\"><figure class=\"aligncenter size-large is-resized\"><img loading=\"lazy\" decoding=\"async\" src=\"https:\/\/jornalfatosenoticias.com.br\/wp-content\/uploads\/2022\/02\/Precisao-Contabilidade-1024x724.jpg\" alt=\"\" class=\"wp-image-28088\" width=\"337\" height=\"238\"\/><\/figure><\/div>\n\n\n\n<figure class=\"wp-block-pullquote\"><blockquote><p><span class=\"has-inline-color has-luminous-vivid-orange-color\">Existem os chamados pequenos e longos dormidores, que ter\u00e3o mais ou menos necessidade de horas de sono por quest\u00f5es fisiol\u00f3gicas&#8221;, lembra a especialista.<\/span><\/p><\/blockquote><\/figure>\n\n\n\n<div class=\"wp-block-image\"><figure class=\"aligncenter size-large\"><img loading=\"lazy\" decoding=\"async\" width=\"560\" height=\"60\" src=\"https:\/\/jornalfatosenoticias.com.br\/wp-content\/uploads\/2022\/10\/Propaganda-RC-Radiadores-Jornal_page-0001.jpg\" alt=\"\" class=\"wp-image-35270\" srcset=\"https:\/\/jornalfatosenoticias.com.br\/wp-content\/uploads\/2022\/10\/Propaganda-RC-Radiadores-Jornal_page-0001.jpg 560w, https:\/\/jornalfatosenoticias.com.br\/wp-content\/uploads\/2022\/10\/Propaganda-RC-Radiadores-Jornal_page-0001-300x32.jpg 300w\" sizes=\"auto, (max-width: 560px) 100vw, 560px\" \/><\/figure><\/div>\n\n\n\n<h4 class=\"wp-block-heading\"><span class=\"has-inline-color has-vivid-purple-color\">Para uma boa higiene do sono<\/span><\/h4>\n\n\n\n<ul class=\"wp-block-list\"><li>Manter regularidade nos hor\u00e1rios ao longo do dia, principalmente de dormir e acordar;<\/li><li>Evitar contato com os eletr\u00f4nicos pr\u00f3ximo da hora de dormir. A melatonina, horm\u00f4nio indutor do sono, tende a diminuir com a idade. Al\u00e9m disso, sua produ\u00e7\u00e3o ocorre no escuro. Da\u00ed a import\u00e2ncia de evitar est\u00edmulos luminosos no ambiente;<\/li><li>Praticar alguma atividade f\u00edsica, em algum hor\u00e1rio do dia que n\u00e3o comprometa o sono;<\/li><li>Idosos devem prestar aten\u00e7\u00e3o se os cochilos diurnos est\u00e3o comprometendo o sono noturno. De dia, eles n\u00e3o possuem a mesma qualidade e podem roubar horas do sono principal.<\/li><\/ul>\n\n\n\n<div class=\"wp-block-image\"><figure class=\"aligncenter size-large is-resized\"><img loading=\"lazy\" decoding=\"async\" src=\"https:\/\/jornalfatosenoticias.com.br\/wp-content\/uploads\/2020\/02\/nova-logo-Marquetti.jpg\" alt=\"\" class=\"wp-image-22331\" width=\"264\" height=\"177\" srcset=\"https:\/\/jornalfatosenoticias.com.br\/wp-content\/uploads\/2020\/02\/nova-logo-Marquetti.jpg 643w, https:\/\/jornalfatosenoticias.com.br\/wp-content\/uploads\/2020\/02\/nova-logo-Marquetti-300x202.jpg 300w\" sizes=\"auto, (max-width: 264px) 100vw, 264px\" \/><\/figure><\/div>\n\n\n\n<p><strong><em>Fonte: <a href=\"https:\/\/www.uol.com.br\/vivabem\/noticias\/redacao\/2022\/11\/12\/dormir-menos-de-5-horas-aumenta-risco-de-doencas-para-quem-passou-dos-50.htm\">UOL<\/a><\/em><\/strong><\/p>\n","protected":false},"excerpt":{"rendered":"<p>Adultos acima dos 50 anos que dormem menos do que cinco horas t\u00eam mais risco de desenvolver v\u00e1rias doen\u00e7as cr\u00f4nicas, mostra um novo estudo assinado por pesquisadores da Universidade de Paris e da University College London. Os autores avaliaram 7.864 pessoas durante 25 anos. Sabe-se que a priva\u00e7\u00e3o de sono est\u00e1 associada a uma maior [&hellip;]<\/p>\n","protected":false},"author":2,"featured_media":37821,"comment_status":"open","ping_status":"open","sticky":false,"template":"","format":"standard","meta":{"footnotes":""},"categories":[42],"tags":[8112,3028,850,1380,10784,1138],"class_list":["post-37820","post","type-post","status-publish","format-standard","has-post-thumbnail","hentry","category-bem-estar","tag-cochilo","tag-dormir","tag-idosos","tag-pesquisadores","tag-privacao-do-sono","tag-sono"],"yoast_head":"<!-- This site is optimized with the Yoast SEO plugin v26.5 - https:\/\/yoast.com\/wordpress\/plugins\/seo\/ -->\n<title>Dormir menos de cinco horas aumenta risco de doen\u00e7as para quem passou dos 50 - Jornal Fatos e Not\u00edcias<\/title>\n<meta name=\"robots\" content=\"index, follow, max-snippet:-1, max-image-preview:large, max-video-preview:-1\" \/>\n<link rel=\"canonical\" href=\"https:\/\/jornalfatosenoticias.com.br\/index.php\/2023\/01\/16\/dormir-menos-de-cinco-horas-aumenta-risco-de-doencas-para-quem-passou-dos-50\/\" \/>\n<meta property=\"og:locale\" content=\"pt_BR\" \/>\n<meta property=\"og:type\" content=\"article\" \/>\n<meta property=\"og:title\" content=\"Dormir menos de cinco horas aumenta risco de doen\u00e7as para quem passou dos 50 - Jornal Fatos e Not\u00edcias\" \/>\n<meta property=\"og:description\" content=\"Adultos acima dos 50 anos que dormem menos do que cinco horas t\u00eam mais risco de desenvolver v\u00e1rias doen\u00e7as cr\u00f4nicas, mostra um novo estudo assinado por pesquisadores da Universidade de Paris e da University College London. Os autores avaliaram 7.864 pessoas durante 25 anos. Sabe-se que a priva\u00e7\u00e3o de sono est\u00e1 associada a uma maior [&hellip;]\" \/>\n<meta property=\"og:url\" content=\"https:\/\/jornalfatosenoticias.com.br\/index.php\/2023\/01\/16\/dormir-menos-de-cinco-horas-aumenta-risco-de-doencas-para-quem-passou-dos-50\/\" \/>\n<meta property=\"og:site_name\" content=\"Jornal Fatos e Not\u00edcias\" \/>\n<meta property=\"article:published_time\" content=\"2023-01-16T13:53:54+00:00\" \/>\n<meta property=\"article:modified_time\" content=\"2023-01-16T13:53:55+00:00\" \/>\n<meta property=\"og:image\" content=\"https:\/\/jornalfatosenoticias.com.br\/wp-content\/uploads\/2023\/01\/dormir-menos-de-5h.jpg\" \/>\n\t<meta property=\"og:image:width\" content=\"1000\" \/>\n\t<meta property=\"og:image:height\" content=\"523\" \/>\n\t<meta property=\"og:image:type\" content=\"image\/jpeg\" \/>\n<meta name=\"author\" content=\"Luzimara Fernandes\" \/>\n<meta name=\"twitter:card\" content=\"summary_large_image\" \/>\n<meta name=\"twitter:label1\" content=\"Escrito por\" \/>\n\t<meta name=\"twitter:data1\" content=\"Luzimara Fernandes\" \/>\n\t<meta name=\"twitter:label2\" content=\"Est. tempo de leitura\" \/>\n\t<meta name=\"twitter:data2\" content=\"3 minutos\" \/>\n<script type=\"application\/ld+json\" class=\"yoast-schema-graph\">{\"@context\":\"https:\/\/schema.org\",\"@graph\":[{\"@type\":\"Article\",\"@id\":\"https:\/\/jornalfatosenoticias.com.br\/index.php\/2023\/01\/16\/dormir-menos-de-cinco-horas-aumenta-risco-de-doencas-para-quem-passou-dos-50\/#article\",\"isPartOf\":{\"@id\":\"https:\/\/jornalfatosenoticias.com.br\/index.php\/2023\/01\/16\/dormir-menos-de-cinco-horas-aumenta-risco-de-doencas-para-quem-passou-dos-50\/\"},\"author\":{\"name\":\"Luzimara Fernandes\",\"@id\":\"https:\/\/jornalfatosenoticias.com.br\/#\/schema\/person\/d63837fa13ac8666eb9e74e0985d6f81\"},\"headline\":\"Dormir menos de cinco horas aumenta risco de doen\u00e7as para quem passou dos 50\",\"datePublished\":\"2023-01-16T13:53:54+00:00\",\"dateModified\":\"2023-01-16T13:53:55+00:00\",\"mainEntityOfPage\":{\"@id\":\"https:\/\/jornalfatosenoticias.com.br\/index.php\/2023\/01\/16\/dormir-menos-de-cinco-horas-aumenta-risco-de-doencas-para-quem-passou-dos-50\/\"},\"wordCount\":624,\"commentCount\":0,\"publisher\":{\"@id\":\"https:\/\/jornalfatosenoticias.com.br\/#organization\"},\"image\":{\"@id\":\"https:\/\/jornalfatosenoticias.com.br\/index.php\/2023\/01\/16\/dormir-menos-de-cinco-horas-aumenta-risco-de-doencas-para-quem-passou-dos-50\/#primaryimage\"},\"thumbnailUrl\":\"https:\/\/jornalfatosenoticias.com.br\/wp-content\/uploads\/2023\/01\/dormir-menos-de-5h.jpg\",\"keywords\":[\"cochilo\",\"dormir\",\"idosos\",\"pesquisadores\",\"priva\u00e7\u00e3o do sono\",\"sono\"],\"articleSection\":[\"Bem-estar\"],\"inLanguage\":\"pt-BR\",\"potentialAction\":[{\"@type\":\"CommentAction\",\"name\":\"Comment\",\"target\":[\"https:\/\/jornalfatosenoticias.com.br\/index.php\/2023\/01\/16\/dormir-menos-de-cinco-horas-aumenta-risco-de-doencas-para-quem-passou-dos-50\/#respond\"]}]},{\"@type\":\"WebPage\",\"@id\":\"https:\/\/jornalfatosenoticias.com.br\/index.php\/2023\/01\/16\/dormir-menos-de-cinco-horas-aumenta-risco-de-doencas-para-quem-passou-dos-50\/\",\"url\":\"https:\/\/jornalfatosenoticias.com.br\/index.php\/2023\/01\/16\/dormir-menos-de-cinco-horas-aumenta-risco-de-doencas-para-quem-passou-dos-50\/\",\"name\":\"Dormir menos de cinco horas aumenta risco de doen\u00e7as para quem passou dos 50 - Jornal Fatos e Not\u00edcias\",\"isPartOf\":{\"@id\":\"https:\/\/jornalfatosenoticias.com.br\/#website\"},\"primaryImageOfPage\":{\"@id\":\"https:\/\/jornalfatosenoticias.com.br\/index.php\/2023\/01\/16\/dormir-menos-de-cinco-horas-aumenta-risco-de-doencas-para-quem-passou-dos-50\/#primaryimage\"},\"image\":{\"@id\":\"https:\/\/jornalfatosenoticias.com.br\/index.php\/2023\/01\/16\/dormir-menos-de-cinco-horas-aumenta-risco-de-doencas-para-quem-passou-dos-50\/#primaryimage\"},\"thumbnailUrl\":\"https:\/\/jornalfatosenoticias.com.br\/wp-content\/uploads\/2023\/01\/dormir-menos-de-5h.jpg\",\"datePublished\":\"2023-01-16T13:53:54+00:00\",\"dateModified\":\"2023-01-16T13:53:55+00:00\",\"breadcrumb\":{\"@id\":\"https:\/\/jornalfatosenoticias.com.br\/index.php\/2023\/01\/16\/dormir-menos-de-cinco-horas-aumenta-risco-de-doencas-para-quem-passou-dos-50\/#breadcrumb\"},\"inLanguage\":\"pt-BR\",\"potentialAction\":[{\"@type\":\"ReadAction\",\"target\":[\"https:\/\/jornalfatosenoticias.com.br\/index.php\/2023\/01\/16\/dormir-menos-de-cinco-horas-aumenta-risco-de-doencas-para-quem-passou-dos-50\/\"]}]},{\"@type\":\"ImageObject\",\"inLanguage\":\"pt-BR\",\"@id\":\"https:\/\/jornalfatosenoticias.com.br\/index.php\/2023\/01\/16\/dormir-menos-de-cinco-horas-aumenta-risco-de-doencas-para-quem-passou-dos-50\/#primaryimage\",\"url\":\"https:\/\/jornalfatosenoticias.com.br\/wp-content\/uploads\/2023\/01\/dormir-menos-de-5h.jpg\",\"contentUrl\":\"https:\/\/jornalfatosenoticias.com.br\/wp-content\/uploads\/2023\/01\/dormir-menos-de-5h.jpg\",\"width\":1000,\"height\":523},{\"@type\":\"BreadcrumbList\",\"@id\":\"https:\/\/jornalfatosenoticias.com.br\/index.php\/2023\/01\/16\/dormir-menos-de-cinco-horas-aumenta-risco-de-doencas-para-quem-passou-dos-50\/#breadcrumb\",\"itemListElement\":[{\"@type\":\"ListItem\",\"position\":1,\"name\":\"In\u00edcio\",\"item\":\"https:\/\/jornalfatosenoticias.com.br\/\"},{\"@type\":\"ListItem\",\"position\":2,\"name\":\"Dormir menos de cinco horas aumenta risco de doen\u00e7as para quem passou dos 50\"}]},{\"@type\":\"WebSite\",\"@id\":\"https:\/\/jornalfatosenoticias.com.br\/#website\",\"url\":\"https:\/\/jornalfatosenoticias.com.br\/\",\"name\":\"Jornal Fatos e Not\u00edcias\",\"description\":\"Not\u00edcias em geral\",\"publisher\":{\"@id\":\"https:\/\/jornalfatosenoticias.com.br\/#organization\"},\"potentialAction\":[{\"@type\":\"SearchAction\",\"target\":{\"@type\":\"EntryPoint\",\"urlTemplate\":\"https:\/\/jornalfatosenoticias.com.br\/?s={search_term_string}\"},\"query-input\":{\"@type\":\"PropertyValueSpecification\",\"valueRequired\":true,\"valueName\":\"search_term_string\"}}],\"inLanguage\":\"pt-BR\"},{\"@type\":\"Organization\",\"@id\":\"https:\/\/jornalfatosenoticias.com.br\/#organization\",\"name\":\"Jornal Fatos e Not\u00edcias\",\"url\":\"https:\/\/jornalfatosenoticias.com.br\/\",\"logo\":{\"@type\":\"ImageObject\",\"inLanguage\":\"pt-BR\",\"@id\":\"https:\/\/jornalfatosenoticias.com.br\/#\/schema\/logo\/image\/\",\"url\":\"https:\/\/jornalfatosenoticias.com.br\/wp-content\/uploads\/2020\/02\/logo120.png\",\"contentUrl\":\"https:\/\/jornalfatosenoticias.com.br\/wp-content\/uploads\/2020\/02\/logo120.png\",\"width\":1227,\"height\":120,\"caption\":\"Jornal Fatos e Not\u00edcias\"},\"image\":{\"@id\":\"https:\/\/jornalfatosenoticias.com.br\/#\/schema\/logo\/image\/\"}},{\"@type\":\"Person\",\"@id\":\"https:\/\/jornalfatosenoticias.com.br\/#\/schema\/person\/d63837fa13ac8666eb9e74e0985d6f81\",\"name\":\"Luzimara Fernandes\",\"image\":{\"@type\":\"ImageObject\",\"inLanguage\":\"pt-BR\",\"@id\":\"https:\/\/jornalfatosenoticias.com.br\/#\/schema\/person\/image\/\",\"url\":\"https:\/\/jornalfatosenoticias.com.br\/wp-content\/uploads\/2025\/05\/EU_portal.jpg\",\"contentUrl\":\"https:\/\/jornalfatosenoticias.com.br\/wp-content\/uploads\/2025\/05\/EU_portal.jpg\",\"caption\":\"Luzimara Fernandes\"},\"description\":\"Jornalista MTB 2358-ES\",\"sameAs\":[\"https:\/\/jornalfatosenoticias.com.br\"],\"url\":\"https:\/\/jornalfatosenoticias.com.br\/index.php\/author\/luzimara\/\"}]}<\/script>\n<!-- \/ Yoast SEO plugin. -->","yoast_head_json":{"title":"Dormir menos de cinco horas aumenta risco de doen\u00e7as para quem passou dos 50 - Jornal Fatos e Not\u00edcias","robots":{"index":"index","follow":"follow","max-snippet":"max-snippet:-1","max-image-preview":"max-image-preview:large","max-video-preview":"max-video-preview:-1"},"canonical":"https:\/\/jornalfatosenoticias.com.br\/index.php\/2023\/01\/16\/dormir-menos-de-cinco-horas-aumenta-risco-de-doencas-para-quem-passou-dos-50\/","og_locale":"pt_BR","og_type":"article","og_title":"Dormir menos de cinco horas aumenta risco de doen\u00e7as para quem passou dos 50 - Jornal Fatos e Not\u00edcias","og_description":"Adultos acima dos 50 anos que dormem menos do que cinco horas t\u00eam mais risco de desenvolver v\u00e1rias doen\u00e7as cr\u00f4nicas, mostra um novo estudo assinado por pesquisadores da Universidade de Paris e da University College London. Os autores avaliaram 7.864 pessoas durante 25 anos. Sabe-se que a priva\u00e7\u00e3o de sono est\u00e1 associada a uma maior [&hellip;]","og_url":"https:\/\/jornalfatosenoticias.com.br\/index.php\/2023\/01\/16\/dormir-menos-de-cinco-horas-aumenta-risco-de-doencas-para-quem-passou-dos-50\/","og_site_name":"Jornal Fatos e Not\u00edcias","article_published_time":"2023-01-16T13:53:54+00:00","article_modified_time":"2023-01-16T13:53:55+00:00","og_image":[{"width":1000,"height":523,"url":"https:\/\/jornalfatosenoticias.com.br\/wp-content\/uploads\/2023\/01\/dormir-menos-de-5h.jpg","type":"image\/jpeg"}],"author":"Luzimara Fernandes","twitter_card":"summary_large_image","twitter_misc":{"Escrito por":"Luzimara Fernandes","Est. tempo de leitura":"3 minutos"},"schema":{"@context":"https:\/\/schema.org","@graph":[{"@type":"Article","@id":"https:\/\/jornalfatosenoticias.com.br\/index.php\/2023\/01\/16\/dormir-menos-de-cinco-horas-aumenta-risco-de-doencas-para-quem-passou-dos-50\/#article","isPartOf":{"@id":"https:\/\/jornalfatosenoticias.com.br\/index.php\/2023\/01\/16\/dormir-menos-de-cinco-horas-aumenta-risco-de-doencas-para-quem-passou-dos-50\/"},"author":{"name":"Luzimara Fernandes","@id":"https:\/\/jornalfatosenoticias.com.br\/#\/schema\/person\/d63837fa13ac8666eb9e74e0985d6f81"},"headline":"Dormir menos de cinco horas aumenta risco de doen\u00e7as para quem passou dos 50","datePublished":"2023-01-16T13:53:54+00:00","dateModified":"2023-01-16T13:53:55+00:00","mainEntityOfPage":{"@id":"https:\/\/jornalfatosenoticias.com.br\/index.php\/2023\/01\/16\/dormir-menos-de-cinco-horas-aumenta-risco-de-doencas-para-quem-passou-dos-50\/"},"wordCount":624,"commentCount":0,"publisher":{"@id":"https:\/\/jornalfatosenoticias.com.br\/#organization"},"image":{"@id":"https:\/\/jornalfatosenoticias.com.br\/index.php\/2023\/01\/16\/dormir-menos-de-cinco-horas-aumenta-risco-de-doencas-para-quem-passou-dos-50\/#primaryimage"},"thumbnailUrl":"https:\/\/jornalfatosenoticias.com.br\/wp-content\/uploads\/2023\/01\/dormir-menos-de-5h.jpg","keywords":["cochilo","dormir","idosos","pesquisadores","priva\u00e7\u00e3o do sono","sono"],"articleSection":["Bem-estar"],"inLanguage":"pt-BR","potentialAction":[{"@type":"CommentAction","name":"Comment","target":["https:\/\/jornalfatosenoticias.com.br\/index.php\/2023\/01\/16\/dormir-menos-de-cinco-horas-aumenta-risco-de-doencas-para-quem-passou-dos-50\/#respond"]}]},{"@type":"WebPage","@id":"https:\/\/jornalfatosenoticias.com.br\/index.php\/2023\/01\/16\/dormir-menos-de-cinco-horas-aumenta-risco-de-doencas-para-quem-passou-dos-50\/","url":"https:\/\/jornalfatosenoticias.com.br\/index.php\/2023\/01\/16\/dormir-menos-de-cinco-horas-aumenta-risco-de-doencas-para-quem-passou-dos-50\/","name":"Dormir menos de cinco horas aumenta risco de doen\u00e7as para quem passou dos 50 - Jornal Fatos e Not\u00edcias","isPartOf":{"@id":"https:\/\/jornalfatosenoticias.com.br\/#website"},"primaryImageOfPage":{"@id":"https:\/\/jornalfatosenoticias.com.br\/index.php\/2023\/01\/16\/dormir-menos-de-cinco-horas-aumenta-risco-de-doencas-para-quem-passou-dos-50\/#primaryimage"},"image":{"@id":"https:\/\/jornalfatosenoticias.com.br\/index.php\/2023\/01\/16\/dormir-menos-de-cinco-horas-aumenta-risco-de-doencas-para-quem-passou-dos-50\/#primaryimage"},"thumbnailUrl":"https:\/\/jornalfatosenoticias.com.br\/wp-content\/uploads\/2023\/01\/dormir-menos-de-5h.jpg","datePublished":"2023-01-16T13:53:54+00:00","dateModified":"2023-01-16T13:53:55+00:00","breadcrumb":{"@id":"https:\/\/jornalfatosenoticias.com.br\/index.php\/2023\/01\/16\/dormir-menos-de-cinco-horas-aumenta-risco-de-doencas-para-quem-passou-dos-50\/#breadcrumb"},"inLanguage":"pt-BR","potentialAction":[{"@type":"ReadAction","target":["https:\/\/jornalfatosenoticias.com.br\/index.php\/2023\/01\/16\/dormir-menos-de-cinco-horas-aumenta-risco-de-doencas-para-quem-passou-dos-50\/"]}]},{"@type":"ImageObject","inLanguage":"pt-BR","@id":"https:\/\/jornalfatosenoticias.com.br\/index.php\/2023\/01\/16\/dormir-menos-de-cinco-horas-aumenta-risco-de-doencas-para-quem-passou-dos-50\/#primaryimage","url":"https:\/\/jornalfatosenoticias.com.br\/wp-content\/uploads\/2023\/01\/dormir-menos-de-5h.jpg","contentUrl":"https:\/\/jornalfatosenoticias.com.br\/wp-content\/uploads\/2023\/01\/dormir-menos-de-5h.jpg","width":1000,"height":523},{"@type":"BreadcrumbList","@id":"https:\/\/jornalfatosenoticias.com.br\/index.php\/2023\/01\/16\/dormir-menos-de-cinco-horas-aumenta-risco-de-doencas-para-quem-passou-dos-50\/#breadcrumb","itemListElement":[{"@type":"ListItem","position":1,"name":"In\u00edcio","item":"https:\/\/jornalfatosenoticias.com.br\/"},{"@type":"ListItem","position":2,"name":"Dormir menos de cinco horas aumenta risco de doen\u00e7as para quem passou dos 50"}]},{"@type":"WebSite","@id":"https:\/\/jornalfatosenoticias.com.br\/#website","url":"https:\/\/jornalfatosenoticias.com.br\/","name":"Jornal Fatos e Not\u00edcias","description":"Not\u00edcias em geral","publisher":{"@id":"https:\/\/jornalfatosenoticias.com.br\/#organization"},"potentialAction":[{"@type":"SearchAction","target":{"@type":"EntryPoint","urlTemplate":"https:\/\/jornalfatosenoticias.com.br\/?s={search_term_string}"},"query-input":{"@type":"PropertyValueSpecification","valueRequired":true,"valueName":"search_term_string"}}],"inLanguage":"pt-BR"},{"@type":"Organization","@id":"https:\/\/jornalfatosenoticias.com.br\/#organization","name":"Jornal Fatos e Not\u00edcias","url":"https:\/\/jornalfatosenoticias.com.br\/","logo":{"@type":"ImageObject","inLanguage":"pt-BR","@id":"https:\/\/jornalfatosenoticias.com.br\/#\/schema\/logo\/image\/","url":"https:\/\/jornalfatosenoticias.com.br\/wp-content\/uploads\/2020\/02\/logo120.png","contentUrl":"https:\/\/jornalfatosenoticias.com.br\/wp-content\/uploads\/2020\/02\/logo120.png","width":1227,"height":120,"caption":"Jornal Fatos e Not\u00edcias"},"image":{"@id":"https:\/\/jornalfatosenoticias.com.br\/#\/schema\/logo\/image\/"}},{"@type":"Person","@id":"https:\/\/jornalfatosenoticias.com.br\/#\/schema\/person\/d63837fa13ac8666eb9e74e0985d6f81","name":"Luzimara Fernandes","image":{"@type":"ImageObject","inLanguage":"pt-BR","@id":"https:\/\/jornalfatosenoticias.com.br\/#\/schema\/person\/image\/","url":"https:\/\/jornalfatosenoticias.com.br\/wp-content\/uploads\/2025\/05\/EU_portal.jpg","contentUrl":"https:\/\/jornalfatosenoticias.com.br\/wp-content\/uploads\/2025\/05\/EU_portal.jpg","caption":"Luzimara Fernandes"},"description":"Jornalista MTB 2358-ES","sameAs":["https:\/\/jornalfatosenoticias.com.br"],"url":"https:\/\/jornalfatosenoticias.com.br\/index.php\/author\/luzimara\/"}]}},"cc_featured_image_caption":{"caption_text":"(Foto: Thinkstock)","source_text":"","source_url":""},"jetpack_featured_media_url":"https:\/\/jornalfatosenoticias.com.br\/wp-content\/uploads\/2023\/01\/dormir-menos-de-5h.jpg","_links":{"self":[{"href":"https:\/\/jornalfatosenoticias.com.br\/index.php\/wp-json\/wp\/v2\/posts\/37820","targetHints":{"allow":["GET"]}}],"collection":[{"href":"https:\/\/jornalfatosenoticias.com.br\/index.php\/wp-json\/wp\/v2\/posts"}],"about":[{"href":"https:\/\/jornalfatosenoticias.com.br\/index.php\/wp-json\/wp\/v2\/types\/post"}],"author":[{"embeddable":true,"href":"https:\/\/jornalfatosenoticias.com.br\/index.php\/wp-json\/wp\/v2\/users\/2"}],"replies":[{"embeddable":true,"href":"https:\/\/jornalfatosenoticias.com.br\/index.php\/wp-json\/wp\/v2\/comments?post=37820"}],"version-history":[{"count":0,"href":"https:\/\/jornalfatosenoticias.com.br\/index.php\/wp-json\/wp\/v2\/posts\/37820\/revisions"}],"wp:featuredmedia":[{"embeddable":true,"href":"https:\/\/jornalfatosenoticias.com.br\/index.php\/wp-json\/wp\/v2\/media\/37821"}],"wp:attachment":[{"href":"https:\/\/jornalfatosenoticias.com.br\/index.php\/wp-json\/wp\/v2\/media?parent=37820"}],"wp:term":[{"taxonomy":"category","embeddable":true,"href":"https:\/\/jornalfatosenoticias.com.br\/index.php\/wp-json\/wp\/v2\/categories?post=37820"},{"taxonomy":"post_tag","embeddable":true,"href":"https:\/\/jornalfatosenoticias.com.br\/index.php\/wp-json\/wp\/v2\/tags?post=37820"}],"curies":[{"name":"wp","href":"https:\/\/api.w.org\/{rel}","templated":true}]}}