{"id":37823,"date":"2023-01-16T11:02:44","date_gmt":"2023-01-16T14:02:44","guid":{"rendered":"https:\/\/jornalfatosenoticias.com.br\/?p=37823"},"modified":"2023-01-16T11:02:46","modified_gmt":"2023-01-16T14:02:46","slug":"inflacao-deve-fechar-2023-em-539-indica-boletim-focus","status":"publish","type":"post","link":"https:\/\/jornalfatosenoticias.com.br\/index.php\/2023\/01\/16\/inflacao-deve-fechar-2023-em-539-indica-boletim-focus\/","title":{"rendered":"Infla\u00e7\u00e3o deve fechar 2023 em 5,39%, indica boletim Focus"},"content":{"rendered":"\n<p><em><span class=\"has-inline-color has-black-color\">N\u00fameros foram divulgados pelo Banco Central<\/span><\/em><\/p>\n\n\n\n<div class=\"wp-block-image\"><figure class=\"aligncenter size-large\"><img decoding=\"async\" src=\"https:\/\/jornalfatosenoticias.com.br\/wp-content\/uploads\/2020\/02\/logo-embacia-1-1024x110.jpg\" alt=\"\" class=\"wp-image-33954\"\/><\/figure><\/div>\n\n\n\n<p>O mercado financeiro aumentou a previs\u00e3o de infla\u00e7\u00e3o para este ano. Segundo proje\u00e7\u00e3o do boletim Focus, divulgada hoje (16), em Bras\u00edlia, pelo Banco Central, o \u00cdndice de Pre\u00e7os ao Consumidor Amplo (IPCA) deve fechar o ano em 5,39%. H\u00e1 uma semana, o c\u00e1lculo do mercado era de que a infla\u00e7\u00e3o este ano ficasse em 5,36%. H\u00e1 quatro semanas, a previs\u00e3o era de 5,17%.<\/p>\n\n\n\n<div class=\"wp-block-image\"><figure class=\"aligncenter size-large is-resized\"><img loading=\"lazy\" decoding=\"async\" src=\"https:\/\/jornalfatosenoticias.com.br\/wp-content\/uploads\/2022\/02\/Precisao-Contabilidade-1024x724.jpg\" alt=\"\" class=\"wp-image-28088\" width=\"315\" height=\"223\"\/><\/figure><\/div>\n\n\n\n<p>O percentual est\u00e1 acima da meta de infla\u00e7\u00e3o para este ano, definida pelo Conselho Monet\u00e1rio Nacional (CMN), que \u00e9 de 3,25%, com margem de toler\u00e2ncia de 1,5 ponto percentual (pp), para cima ou para baixo. Assim, a meta ser\u00e1 considerada formalmente cumprida se oscilar entre 1,75% e 4,75%.<\/p>\n\n\n\n<div class=\"wp-block-image\"><figure class=\"aligncenter size-large\"><img decoding=\"async\" src=\"https:\/\/jornalfatosenoticias.com.br\/wp-content\/uploads\/2020\/02\/Serra-Grande-1024x160.png\" alt=\"\" class=\"wp-image-7836\"\/><\/figure><\/div>\n\n\n\n<p>Para alcan\u00e7ar a meta inflacion\u00e1ria, o BC usa como principal instrumento a taxa b\u00e1sica de juros, a Selic, definida em 13,75% ao ano pelo Comit\u00ea de Pol\u00edtica Monet\u00e1ria (Copom). A taxa est\u00e1 no maior n\u00edvel desde janeiro de 2017, quando tamb\u00e9m estava nesse patamar.<\/p>\n\n\n\n<div class=\"wp-block-image\"><figure class=\"aligncenter size-large is-resized\"><img loading=\"lazy\" decoding=\"async\" src=\"https:\/\/jornalfatosenoticias.com.br\/wp-content\/uploads\/2022\/08\/logo-locau-veiculos-1024x573.png\" alt=\"\" class=\"wp-image-33078\" width=\"356\" height=\"199\"\/><\/figure><\/div>\n\n\n\n<p>A pr\u00f3xima reuni\u00e3o do Copom est\u00e1 marcada para 31 de janeiro e 1\u00ba de fevereiro deste ano. Para o mercado financeiro, a expectativa \u00e9 que a Selic seja mantida nos mesmos 13,75% ao ano nessa primeira reuni\u00e3o de 2023.<\/p>\n\n\n\n<div class=\"wp-block-image\"><figure class=\"aligncenter size-large\"><img loading=\"lazy\" decoding=\"async\" width=\"1024\" height=\"111\" src=\"https:\/\/jornalfatosenoticias.com.br\/wp-content\/uploads\/2020\/02\/WhatsApp-Image-2022-09-23-at-12.09.18-1024x111.jpeg\" alt=\"\" class=\"wp-image-34527\" srcset=\"https:\/\/jornalfatosenoticias.com.br\/wp-content\/uploads\/2020\/02\/WhatsApp-Image-2022-09-23-at-12.09.18-1024x111.jpeg 1024w, https:\/\/jornalfatosenoticias.com.br\/wp-content\/uploads\/2020\/02\/WhatsApp-Image-2022-09-23-at-12.09.18-300x32.jpeg 300w, https:\/\/jornalfatosenoticias.com.br\/wp-content\/uploads\/2020\/02\/WhatsApp-Image-2022-09-23-at-12.09.18-768x83.jpeg 768w, https:\/\/jornalfatosenoticias.com.br\/wp-content\/uploads\/2020\/02\/WhatsApp-Image-2022-09-23-at-12.09.18.jpeg 1121w\" sizes=\"auto, (max-width: 1024px) 100vw, 1024px\" \/><\/figure><\/div>\n\n\n\n<p>Divulgado semanalmente, o Boletim Focus re\u00fane a proje\u00e7\u00e3o de mais de 100 institui\u00e7\u00f5es do mercado para os principais indicadores econ\u00f4micos do Pa\u00eds. Para 2024, o mercado manteve a proje\u00e7\u00e3o de infla\u00e7\u00e3o da semana passada: 3,70%. H\u00e1 quatro semanas, a previs\u00e3o era de que o \u00edndice fechasse o pr\u00f3ximo ano em 3,50%. J\u00e1 para 2025, a proje\u00e7\u00e3o \u00e9 de que o IPCA \u2014 a infla\u00e7\u00e3o oficial do Pa\u00eds \u2014 fique em 3,50%.<\/p>\n\n\n\n<div class=\"wp-block-image\"><figure class=\"alignleft size-large\"><img loading=\"lazy\" decoding=\"async\" width=\"300\" height=\"250\" src=\"https:\/\/jornalfatosenoticias.com.br\/wp-content\/uploads\/2022\/08\/arte-Casarao.jpg\" alt=\"\" class=\"wp-image-33178\"\/><\/figure><\/div>\n\n\n\n<p><strong><span class=\"has-inline-color has-black-color\">PIB<br><\/span><\/strong>O aumento da previs\u00e3o de infla\u00e7\u00e3o veio acompanhado de uma redu\u00e7\u00e3o na expectativa de crescimento Produto Interno Bruto (PIB) do Pa\u00eds este ano, que ficou em 0,77%, ante 0,78% da semana passada. Na proje\u00e7\u00e3o desta semana, o Focus manteve a previs\u00e3o do PIB para 2024, registrada h\u00e1 sete dias. A nova proje\u00e7\u00e3o \u00e9 de 1,50%. Para 2025, a estimativa \u00e9 que a economia brasileira cres\u00e7a 1,90%.<\/p>\n\n\n\n<div class=\"wp-block-image\"><figure class=\"aligncenter size-large\"><img loading=\"lazy\" decoding=\"async\" width=\"1024\" height=\"100\" src=\"https:\/\/jornalfatosenoticias.com.br\/wp-content\/uploads\/2020\/02\/banner_ferramentas-1024x100.jpg\" alt=\"\" class=\"wp-image-1258\" srcset=\"https:\/\/jornalfatosenoticias.com.br\/wp-content\/uploads\/2020\/02\/banner_ferramentas-1024x100.jpg 1024w, https:\/\/jornalfatosenoticias.com.br\/wp-content\/uploads\/2020\/02\/banner_ferramentas-300x29.jpg 300w, https:\/\/jornalfatosenoticias.com.br\/wp-content\/uploads\/2020\/02\/banner_ferramentas-768x75.jpg 768w, https:\/\/jornalfatosenoticias.com.br\/wp-content\/uploads\/2020\/02\/banner_ferramentas.jpg 1227w\" sizes=\"auto, (max-width: 1024px) 100vw, 1024px\" \/><\/figure><\/div>\n\n\n\n<p><strong><span class=\"has-inline-color has-black-color\">Taxa de juros e c\u00e2mbio<br><\/span><\/strong>O mercado tamb\u00e9m projetou alta para a taxa b\u00e1sica de juros, a Selic, para 2023. Na proje\u00e7\u00e3o divulgada nesta segunda-feira, a Selic deve ficar em 12,50%, ante os 12,25% da semana passada. Para o fim de 2024, a estimativa do mercado para a Selic se manteve est\u00e1vel, ficando em 9,25%. Para 2025, a previs\u00e3o \u00e9 que a Selic fique em 8,25%.<\/p>\n\n\n\n<div class=\"wp-block-image\"><figure class=\"aligncenter size-large is-resized\"><img loading=\"lazy\" decoding=\"async\" src=\"https:\/\/jornalfatosenoticias.com.br\/wp-content\/uploads\/2020\/02\/nova-logo-Marquetti.jpg\" alt=\"\" class=\"wp-image-22331\" width=\"288\" height=\"193\" srcset=\"https:\/\/jornalfatosenoticias.com.br\/wp-content\/uploads\/2020\/02\/nova-logo-Marquetti.jpg 643w, https:\/\/jornalfatosenoticias.com.br\/wp-content\/uploads\/2020\/02\/nova-logo-Marquetti-300x202.jpg 300w\" sizes=\"auto, (max-width: 288px) 100vw, 288px\" \/><\/figure><\/div>\n\n\n\n<p>Quanto ao c\u00e2mbio, a expectativa do mercado para a cota\u00e7\u00e3o do d\u00f3lar em 2023 ficou em R$ 5,28, a mesma da semana passada. Para os anos de 2024 e 2025, a previs\u00e3o do mercado \u00e9 de que o a moeda norte-americana fique em R$ 5,30, o mesmo valor da semana anterior.<\/p>\n\n\n\n<div class=\"wp-block-image\"><figure class=\"aligncenter size-large\"><img loading=\"lazy\" decoding=\"async\" width=\"729\" height=\"90\" src=\"https:\/\/jornalfatosenoticias.com.br\/wp-content\/uploads\/2020\/02\/Logo_Mizu.png\" alt=\"\" class=\"wp-image-1441\" srcset=\"https:\/\/jornalfatosenoticias.com.br\/wp-content\/uploads\/2020\/02\/Logo_Mizu.png 729w, https:\/\/jornalfatosenoticias.com.br\/wp-content\/uploads\/2020\/02\/Logo_Mizu-300x37.png 300w\" sizes=\"auto, (max-width: 729px) 100vw, 729px\" \/><\/figure><\/div>\n\n\n\n<p><strong><em>Fonte: <a href=\"https:\/\/agenciabrasil.ebc.com.br\/economia\/noticia\/2023-01\/inflacao-deve-fechar-2023-em-539-indica-boletim-focus\">Ag\u00eancia Brasil<\/a><\/em><\/strong><\/p>\n","protected":false},"excerpt":{"rendered":"<p>N\u00fameros foram divulgados pelo Banco Central O mercado financeiro aumentou a previs\u00e3o de infla\u00e7\u00e3o para este ano. Segundo proje\u00e7\u00e3o do boletim Focus, divulgada hoje (16), em Bras\u00edlia, pelo Banco Central, o \u00cdndice de Pre\u00e7os ao Consumidor Amplo (IPCA) deve fechar o ano em 5,39%. H\u00e1 uma semana, o c\u00e1lculo do mercado era de que a [&hellip;]<\/p>\n","protected":false},"author":2,"featured_media":37824,"comment_status":"open","ping_status":"open","sticky":false,"template":"","format":"standard","meta":{"footnotes":""},"categories":[9],"tags":[489,1167,9775,4182,1169,278,17296],"class_list":["post-37823","post","type-post","status-publish","format-standard","has-post-thumbnail","hentry","category-economia","tag-banco-central","tag-boletim-focus","tag-dolar","tag-inflacao","tag-ipca","tag-pib","tag-projecoes"],"yoast_head":"<!-- This site is optimized with the Yoast SEO plugin v26.5 - https:\/\/yoast.com\/wordpress\/plugins\/seo\/ -->\n<title>Infla\u00e7\u00e3o deve fechar 2023 em 5,39%, indica boletim Focus - Jornal Fatos e Not\u00edcias<\/title>\n<meta name=\"robots\" content=\"index, follow, max-snippet:-1, max-image-preview:large, max-video-preview:-1\" \/>\n<link rel=\"canonical\" href=\"https:\/\/jornalfatosenoticias.com.br\/index.php\/2023\/01\/16\/inflacao-deve-fechar-2023-em-539-indica-boletim-focus\/\" \/>\n<meta property=\"og:locale\" content=\"pt_BR\" \/>\n<meta property=\"og:type\" content=\"article\" \/>\n<meta property=\"og:title\" content=\"Infla\u00e7\u00e3o deve fechar 2023 em 5,39%, indica boletim Focus - Jornal Fatos e Not\u00edcias\" \/>\n<meta property=\"og:description\" content=\"N\u00fameros foram divulgados pelo Banco Central O mercado financeiro aumentou a previs\u00e3o de infla\u00e7\u00e3o para este ano. Segundo proje\u00e7\u00e3o do boletim Focus, divulgada hoje (16), em Bras\u00edlia, pelo Banco Central, o \u00cdndice de Pre\u00e7os ao Consumidor Amplo (IPCA) deve fechar o ano em 5,39%. H\u00e1 uma semana, o c\u00e1lculo do mercado era de que a [&hellip;]\" \/>\n<meta property=\"og:url\" content=\"https:\/\/jornalfatosenoticias.com.br\/index.php\/2023\/01\/16\/inflacao-deve-fechar-2023-em-539-indica-boletim-focus\/\" \/>\n<meta property=\"og:site_name\" content=\"Jornal Fatos e Not\u00edcias\" \/>\n<meta property=\"article:published_time\" content=\"2023-01-16T14:02:44+00:00\" \/>\n<meta property=\"article:modified_time\" content=\"2023-01-16T14:02:46+00:00\" \/>\n<meta property=\"og:image\" content=\"https:\/\/jornalfatosenoticias.com.br\/wp-content\/uploads\/2023\/01\/dolar_moeda_inflacao.jpg\" \/>\n\t<meta property=\"og:image:width\" content=\"1000\" \/>\n\t<meta property=\"og:image:height\" content=\"598\" \/>\n\t<meta property=\"og:image:type\" content=\"image\/jpeg\" \/>\n<meta name=\"author\" content=\"Luzimara Fernandes\" \/>\n<meta name=\"twitter:card\" content=\"summary_large_image\" \/>\n<meta name=\"twitter:label1\" content=\"Escrito por\" \/>\n\t<meta name=\"twitter:data1\" content=\"Luzimara Fernandes\" \/>\n\t<meta name=\"twitter:label2\" content=\"Est. tempo de leitura\" \/>\n\t<meta name=\"twitter:data2\" content=\"2 minutos\" \/>\n<script type=\"application\/ld+json\" class=\"yoast-schema-graph\">{\"@context\":\"https:\/\/schema.org\",\"@graph\":[{\"@type\":\"Article\",\"@id\":\"https:\/\/jornalfatosenoticias.com.br\/index.php\/2023\/01\/16\/inflacao-deve-fechar-2023-em-539-indica-boletim-focus\/#article\",\"isPartOf\":{\"@id\":\"https:\/\/jornalfatosenoticias.com.br\/index.php\/2023\/01\/16\/inflacao-deve-fechar-2023-em-539-indica-boletim-focus\/\"},\"author\":{\"name\":\"Luzimara Fernandes\",\"@id\":\"https:\/\/jornalfatosenoticias.com.br\/#\/schema\/person\/d63837fa13ac8666eb9e74e0985d6f81\"},\"headline\":\"Infla\u00e7\u00e3o deve fechar 2023 em 5,39%, indica boletim Focus\",\"datePublished\":\"2023-01-16T14:02:44+00:00\",\"dateModified\":\"2023-01-16T14:02:46+00:00\",\"mainEntityOfPage\":{\"@id\":\"https:\/\/jornalfatosenoticias.com.br\/index.php\/2023\/01\/16\/inflacao-deve-fechar-2023-em-539-indica-boletim-focus\/\"},\"wordCount\":472,\"commentCount\":0,\"publisher\":{\"@id\":\"https:\/\/jornalfatosenoticias.com.br\/#organization\"},\"image\":{\"@id\":\"https:\/\/jornalfatosenoticias.com.br\/index.php\/2023\/01\/16\/inflacao-deve-fechar-2023-em-539-indica-boletim-focus\/#primaryimage\"},\"thumbnailUrl\":\"https:\/\/jornalfatosenoticias.com.br\/wp-content\/uploads\/2023\/01\/dolar_moeda_inflacao.jpg\",\"keywords\":[\"Banco Central\",\"boletim Focus\",\"d\u00f3lar\",\"infla\u00e7\u00e3o\",\"IPCA\",\"PIB\",\"proje\u00e7\u00f5es\"],\"articleSection\":[\"Economia\"],\"inLanguage\":\"pt-BR\",\"potentialAction\":[{\"@type\":\"CommentAction\",\"name\":\"Comment\",\"target\":[\"https:\/\/jornalfatosenoticias.com.br\/index.php\/2023\/01\/16\/inflacao-deve-fechar-2023-em-539-indica-boletim-focus\/#respond\"]}]},{\"@type\":\"WebPage\",\"@id\":\"https:\/\/jornalfatosenoticias.com.br\/index.php\/2023\/01\/16\/inflacao-deve-fechar-2023-em-539-indica-boletim-focus\/\",\"url\":\"https:\/\/jornalfatosenoticias.com.br\/index.php\/2023\/01\/16\/inflacao-deve-fechar-2023-em-539-indica-boletim-focus\/\",\"name\":\"Infla\u00e7\u00e3o deve fechar 2023 em 5,39%, indica boletim Focus - Jornal Fatos e Not\u00edcias\",\"isPartOf\":{\"@id\":\"https:\/\/jornalfatosenoticias.com.br\/#website\"},\"primaryImageOfPage\":{\"@id\":\"https:\/\/jornalfatosenoticias.com.br\/index.php\/2023\/01\/16\/inflacao-deve-fechar-2023-em-539-indica-boletim-focus\/#primaryimage\"},\"image\":{\"@id\":\"https:\/\/jornalfatosenoticias.com.br\/index.php\/2023\/01\/16\/inflacao-deve-fechar-2023-em-539-indica-boletim-focus\/#primaryimage\"},\"thumbnailUrl\":\"https:\/\/jornalfatosenoticias.com.br\/wp-content\/uploads\/2023\/01\/dolar_moeda_inflacao.jpg\",\"datePublished\":\"2023-01-16T14:02:44+00:00\",\"dateModified\":\"2023-01-16T14:02:46+00:00\",\"breadcrumb\":{\"@id\":\"https:\/\/jornalfatosenoticias.com.br\/index.php\/2023\/01\/16\/inflacao-deve-fechar-2023-em-539-indica-boletim-focus\/#breadcrumb\"},\"inLanguage\":\"pt-BR\",\"potentialAction\":[{\"@type\":\"ReadAction\",\"target\":[\"https:\/\/jornalfatosenoticias.com.br\/index.php\/2023\/01\/16\/inflacao-deve-fechar-2023-em-539-indica-boletim-focus\/\"]}]},{\"@type\":\"ImageObject\",\"inLanguage\":\"pt-BR\",\"@id\":\"https:\/\/jornalfatosenoticias.com.br\/index.php\/2023\/01\/16\/inflacao-deve-fechar-2023-em-539-indica-boletim-focus\/#primaryimage\",\"url\":\"https:\/\/jornalfatosenoticias.com.br\/wp-content\/uploads\/2023\/01\/dolar_moeda_inflacao.jpg\",\"contentUrl\":\"https:\/\/jornalfatosenoticias.com.br\/wp-content\/uploads\/2023\/01\/dolar_moeda_inflacao.jpg\",\"width\":1000,\"height\":598,\"caption\":\"D\u00f3lar\"},{\"@type\":\"BreadcrumbList\",\"@id\":\"https:\/\/jornalfatosenoticias.com.br\/index.php\/2023\/01\/16\/inflacao-deve-fechar-2023-em-539-indica-boletim-focus\/#breadcrumb\",\"itemListElement\":[{\"@type\":\"ListItem\",\"position\":1,\"name\":\"In\u00edcio\",\"item\":\"https:\/\/jornalfatosenoticias.com.br\/\"},{\"@type\":\"ListItem\",\"position\":2,\"name\":\"Infla\u00e7\u00e3o deve fechar 2023 em 5,39%, indica boletim Focus\"}]},{\"@type\":\"WebSite\",\"@id\":\"https:\/\/jornalfatosenoticias.com.br\/#website\",\"url\":\"https:\/\/jornalfatosenoticias.com.br\/\",\"name\":\"Jornal Fatos e Not\u00edcias\",\"description\":\"Not\u00edcias em geral\",\"publisher\":{\"@id\":\"https:\/\/jornalfatosenoticias.com.br\/#organization\"},\"potentialAction\":[{\"@type\":\"SearchAction\",\"target\":{\"@type\":\"EntryPoint\",\"urlTemplate\":\"https:\/\/jornalfatosenoticias.com.br\/?s={search_term_string}\"},\"query-input\":{\"@type\":\"PropertyValueSpecification\",\"valueRequired\":true,\"valueName\":\"search_term_string\"}}],\"inLanguage\":\"pt-BR\"},{\"@type\":\"Organization\",\"@id\":\"https:\/\/jornalfatosenoticias.com.br\/#organization\",\"name\":\"Jornal Fatos e Not\u00edcias\",\"url\":\"https:\/\/jornalfatosenoticias.com.br\/\",\"logo\":{\"@type\":\"ImageObject\",\"inLanguage\":\"pt-BR\",\"@id\":\"https:\/\/jornalfatosenoticias.com.br\/#\/schema\/logo\/image\/\",\"url\":\"https:\/\/jornalfatosenoticias.com.br\/wp-content\/uploads\/2020\/02\/logo120.png\",\"contentUrl\":\"https:\/\/jornalfatosenoticias.com.br\/wp-content\/uploads\/2020\/02\/logo120.png\",\"width\":1227,\"height\":120,\"caption\":\"Jornal Fatos e Not\u00edcias\"},\"image\":{\"@id\":\"https:\/\/jornalfatosenoticias.com.br\/#\/schema\/logo\/image\/\"}},{\"@type\":\"Person\",\"@id\":\"https:\/\/jornalfatosenoticias.com.br\/#\/schema\/person\/d63837fa13ac8666eb9e74e0985d6f81\",\"name\":\"Luzimara Fernandes\",\"image\":{\"@type\":\"ImageObject\",\"inLanguage\":\"pt-BR\",\"@id\":\"https:\/\/jornalfatosenoticias.com.br\/#\/schema\/person\/image\/\",\"url\":\"https:\/\/jornalfatosenoticias.com.br\/wp-content\/uploads\/2025\/05\/EU_portal.jpg\",\"contentUrl\":\"https:\/\/jornalfatosenoticias.com.br\/wp-content\/uploads\/2025\/05\/EU_portal.jpg\",\"caption\":\"Luzimara Fernandes\"},\"description\":\"Jornalista MTB 2358-ES\",\"sameAs\":[\"https:\/\/jornalfatosenoticias.com.br\"],\"url\":\"https:\/\/jornalfatosenoticias.com.br\/index.php\/author\/luzimara\/\"}]}<\/script>\n<!-- \/ Yoast SEO plugin. -->","yoast_head_json":{"title":"Infla\u00e7\u00e3o deve fechar 2023 em 5,39%, indica boletim Focus - Jornal Fatos e Not\u00edcias","robots":{"index":"index","follow":"follow","max-snippet":"max-snippet:-1","max-image-preview":"max-image-preview:large","max-video-preview":"max-video-preview:-1"},"canonical":"https:\/\/jornalfatosenoticias.com.br\/index.php\/2023\/01\/16\/inflacao-deve-fechar-2023-em-539-indica-boletim-focus\/","og_locale":"pt_BR","og_type":"article","og_title":"Infla\u00e7\u00e3o deve fechar 2023 em 5,39%, indica boletim Focus - Jornal Fatos e Not\u00edcias","og_description":"N\u00fameros foram divulgados pelo Banco Central O mercado financeiro aumentou a previs\u00e3o de infla\u00e7\u00e3o para este ano. Segundo proje\u00e7\u00e3o do boletim Focus, divulgada hoje (16), em Bras\u00edlia, pelo Banco Central, o \u00cdndice de Pre\u00e7os ao Consumidor Amplo (IPCA) deve fechar o ano em 5,39%. H\u00e1 uma semana, o c\u00e1lculo do mercado era de que a [&hellip;]","og_url":"https:\/\/jornalfatosenoticias.com.br\/index.php\/2023\/01\/16\/inflacao-deve-fechar-2023-em-539-indica-boletim-focus\/","og_site_name":"Jornal Fatos e Not\u00edcias","article_published_time":"2023-01-16T14:02:44+00:00","article_modified_time":"2023-01-16T14:02:46+00:00","og_image":[{"width":1000,"height":598,"url":"https:\/\/jornalfatosenoticias.com.br\/wp-content\/uploads\/2023\/01\/dolar_moeda_inflacao.jpg","type":"image\/jpeg"}],"author":"Luzimara Fernandes","twitter_card":"summary_large_image","twitter_misc":{"Escrito por":"Luzimara Fernandes","Est. tempo de leitura":"2 minutos"},"schema":{"@context":"https:\/\/schema.org","@graph":[{"@type":"Article","@id":"https:\/\/jornalfatosenoticias.com.br\/index.php\/2023\/01\/16\/inflacao-deve-fechar-2023-em-539-indica-boletim-focus\/#article","isPartOf":{"@id":"https:\/\/jornalfatosenoticias.com.br\/index.php\/2023\/01\/16\/inflacao-deve-fechar-2023-em-539-indica-boletim-focus\/"},"author":{"name":"Luzimara Fernandes","@id":"https:\/\/jornalfatosenoticias.com.br\/#\/schema\/person\/d63837fa13ac8666eb9e74e0985d6f81"},"headline":"Infla\u00e7\u00e3o deve fechar 2023 em 5,39%, indica boletim Focus","datePublished":"2023-01-16T14:02:44+00:00","dateModified":"2023-01-16T14:02:46+00:00","mainEntityOfPage":{"@id":"https:\/\/jornalfatosenoticias.com.br\/index.php\/2023\/01\/16\/inflacao-deve-fechar-2023-em-539-indica-boletim-focus\/"},"wordCount":472,"commentCount":0,"publisher":{"@id":"https:\/\/jornalfatosenoticias.com.br\/#organization"},"image":{"@id":"https:\/\/jornalfatosenoticias.com.br\/index.php\/2023\/01\/16\/inflacao-deve-fechar-2023-em-539-indica-boletim-focus\/#primaryimage"},"thumbnailUrl":"https:\/\/jornalfatosenoticias.com.br\/wp-content\/uploads\/2023\/01\/dolar_moeda_inflacao.jpg","keywords":["Banco Central","boletim Focus","d\u00f3lar","infla\u00e7\u00e3o","IPCA","PIB","proje\u00e7\u00f5es"],"articleSection":["Economia"],"inLanguage":"pt-BR","potentialAction":[{"@type":"CommentAction","name":"Comment","target":["https:\/\/jornalfatosenoticias.com.br\/index.php\/2023\/01\/16\/inflacao-deve-fechar-2023-em-539-indica-boletim-focus\/#respond"]}]},{"@type":"WebPage","@id":"https:\/\/jornalfatosenoticias.com.br\/index.php\/2023\/01\/16\/inflacao-deve-fechar-2023-em-539-indica-boletim-focus\/","url":"https:\/\/jornalfatosenoticias.com.br\/index.php\/2023\/01\/16\/inflacao-deve-fechar-2023-em-539-indica-boletim-focus\/","name":"Infla\u00e7\u00e3o deve fechar 2023 em 5,39%, indica boletim Focus - Jornal Fatos e Not\u00edcias","isPartOf":{"@id":"https:\/\/jornalfatosenoticias.com.br\/#website"},"primaryImageOfPage":{"@id":"https:\/\/jornalfatosenoticias.com.br\/index.php\/2023\/01\/16\/inflacao-deve-fechar-2023-em-539-indica-boletim-focus\/#primaryimage"},"image":{"@id":"https:\/\/jornalfatosenoticias.com.br\/index.php\/2023\/01\/16\/inflacao-deve-fechar-2023-em-539-indica-boletim-focus\/#primaryimage"},"thumbnailUrl":"https:\/\/jornalfatosenoticias.com.br\/wp-content\/uploads\/2023\/01\/dolar_moeda_inflacao.jpg","datePublished":"2023-01-16T14:02:44+00:00","dateModified":"2023-01-16T14:02:46+00:00","breadcrumb":{"@id":"https:\/\/jornalfatosenoticias.com.br\/index.php\/2023\/01\/16\/inflacao-deve-fechar-2023-em-539-indica-boletim-focus\/#breadcrumb"},"inLanguage":"pt-BR","potentialAction":[{"@type":"ReadAction","target":["https:\/\/jornalfatosenoticias.com.br\/index.php\/2023\/01\/16\/inflacao-deve-fechar-2023-em-539-indica-boletim-focus\/"]}]},{"@type":"ImageObject","inLanguage":"pt-BR","@id":"https:\/\/jornalfatosenoticias.com.br\/index.php\/2023\/01\/16\/inflacao-deve-fechar-2023-em-539-indica-boletim-focus\/#primaryimage","url":"https:\/\/jornalfatosenoticias.com.br\/wp-content\/uploads\/2023\/01\/dolar_moeda_inflacao.jpg","contentUrl":"https:\/\/jornalfatosenoticias.com.br\/wp-content\/uploads\/2023\/01\/dolar_moeda_inflacao.jpg","width":1000,"height":598,"caption":"D\u00f3lar"},{"@type":"BreadcrumbList","@id":"https:\/\/jornalfatosenoticias.com.br\/index.php\/2023\/01\/16\/inflacao-deve-fechar-2023-em-539-indica-boletim-focus\/#breadcrumb","itemListElement":[{"@type":"ListItem","position":1,"name":"In\u00edcio","item":"https:\/\/jornalfatosenoticias.com.br\/"},{"@type":"ListItem","position":2,"name":"Infla\u00e7\u00e3o deve fechar 2023 em 5,39%, indica boletim Focus"}]},{"@type":"WebSite","@id":"https:\/\/jornalfatosenoticias.com.br\/#website","url":"https:\/\/jornalfatosenoticias.com.br\/","name":"Jornal Fatos e Not\u00edcias","description":"Not\u00edcias em geral","publisher":{"@id":"https:\/\/jornalfatosenoticias.com.br\/#organization"},"potentialAction":[{"@type":"SearchAction","target":{"@type":"EntryPoint","urlTemplate":"https:\/\/jornalfatosenoticias.com.br\/?s={search_term_string}"},"query-input":{"@type":"PropertyValueSpecification","valueRequired":true,"valueName":"search_term_string"}}],"inLanguage":"pt-BR"},{"@type":"Organization","@id":"https:\/\/jornalfatosenoticias.com.br\/#organization","name":"Jornal Fatos e Not\u00edcias","url":"https:\/\/jornalfatosenoticias.com.br\/","logo":{"@type":"ImageObject","inLanguage":"pt-BR","@id":"https:\/\/jornalfatosenoticias.com.br\/#\/schema\/logo\/image\/","url":"https:\/\/jornalfatosenoticias.com.br\/wp-content\/uploads\/2020\/02\/logo120.png","contentUrl":"https:\/\/jornalfatosenoticias.com.br\/wp-content\/uploads\/2020\/02\/logo120.png","width":1227,"height":120,"caption":"Jornal Fatos e Not\u00edcias"},"image":{"@id":"https:\/\/jornalfatosenoticias.com.br\/#\/schema\/logo\/image\/"}},{"@type":"Person","@id":"https:\/\/jornalfatosenoticias.com.br\/#\/schema\/person\/d63837fa13ac8666eb9e74e0985d6f81","name":"Luzimara Fernandes","image":{"@type":"ImageObject","inLanguage":"pt-BR","@id":"https:\/\/jornalfatosenoticias.com.br\/#\/schema\/person\/image\/","url":"https:\/\/jornalfatosenoticias.com.br\/wp-content\/uploads\/2025\/05\/EU_portal.jpg","contentUrl":"https:\/\/jornalfatosenoticias.com.br\/wp-content\/uploads\/2025\/05\/EU_portal.jpg","caption":"Luzimara Fernandes"},"description":"Jornalista MTB 2358-ES","sameAs":["https:\/\/jornalfatosenoticias.com.br"],"url":"https:\/\/jornalfatosenoticias.com.br\/index.php\/author\/luzimara\/"}]}},"cc_featured_image_caption":{"caption_text":"(Foto: Valter Campanato\/Ag\u00eancia Brasil)","source_text":"","source_url":""},"jetpack_featured_media_url":"https:\/\/jornalfatosenoticias.com.br\/wp-content\/uploads\/2023\/01\/dolar_moeda_inflacao.jpg","_links":{"self":[{"href":"https:\/\/jornalfatosenoticias.com.br\/index.php\/wp-json\/wp\/v2\/posts\/37823","targetHints":{"allow":["GET"]}}],"collection":[{"href":"https:\/\/jornalfatosenoticias.com.br\/index.php\/wp-json\/wp\/v2\/posts"}],"about":[{"href":"https:\/\/jornalfatosenoticias.com.br\/index.php\/wp-json\/wp\/v2\/types\/post"}],"author":[{"embeddable":true,"href":"https:\/\/jornalfatosenoticias.com.br\/index.php\/wp-json\/wp\/v2\/users\/2"}],"replies":[{"embeddable":true,"href":"https:\/\/jornalfatosenoticias.com.br\/index.php\/wp-json\/wp\/v2\/comments?post=37823"}],"version-history":[{"count":0,"href":"https:\/\/jornalfatosenoticias.com.br\/index.php\/wp-json\/wp\/v2\/posts\/37823\/revisions"}],"wp:featuredmedia":[{"embeddable":true,"href":"https:\/\/jornalfatosenoticias.com.br\/index.php\/wp-json\/wp\/v2\/media\/37824"}],"wp:attachment":[{"href":"https:\/\/jornalfatosenoticias.com.br\/index.php\/wp-json\/wp\/v2\/media?parent=37823"}],"wp:term":[{"taxonomy":"category","embeddable":true,"href":"https:\/\/jornalfatosenoticias.com.br\/index.php\/wp-json\/wp\/v2\/categories?post=37823"},{"taxonomy":"post_tag","embeddable":true,"href":"https:\/\/jornalfatosenoticias.com.br\/index.php\/wp-json\/wp\/v2\/tags?post=37823"}],"curies":[{"name":"wp","href":"https:\/\/api.w.org\/{rel}","templated":true}]}}