{"id":37865,"date":"2023-01-17T11:00:31","date_gmt":"2023-01-17T14:00:31","guid":{"rendered":"https:\/\/jornalfatosenoticias.com.br\/?p=37865"},"modified":"2023-01-17T11:00:31","modified_gmt":"2023-01-17T14:00:31","slug":"valor-da-producao-agropecuaria-fecha-2022-em-r-1189-trilhao","status":"publish","type":"post","link":"https:\/\/jornalfatosenoticias.com.br\/index.php\/2023\/01\/17\/valor-da-producao-agropecuaria-fecha-2022-em-r-1189-trilhao\/","title":{"rendered":"Valor da Produ\u00e7\u00e3o Agropecu\u00e1ria fecha 2022 em R$ 1,189 trilh\u00e3o"},"content":{"rendered":"\n<p><em><span class=\"has-inline-color has-black-color\">Estimativa para 2023 \u00e9 um \u00edndice 6,3% maior<\/span><\/em><\/p>\n\n\n\n<div class=\"wp-block-image\"><figure class=\"aligncenter size-large\"><img loading=\"lazy\" decoding=\"async\" width=\"1024\" height=\"111\" src=\"https:\/\/jornalfatosenoticias.com.br\/wp-content\/uploads\/2020\/02\/WhatsApp-Image-2022-09-23-at-12.09.18-1024x111.jpeg\" alt=\"\" class=\"wp-image-34527\" srcset=\"https:\/\/jornalfatosenoticias.com.br\/wp-content\/uploads\/2020\/02\/WhatsApp-Image-2022-09-23-at-12.09.18-1024x111.jpeg 1024w, https:\/\/jornalfatosenoticias.com.br\/wp-content\/uploads\/2020\/02\/WhatsApp-Image-2022-09-23-at-12.09.18-300x32.jpeg 300w, https:\/\/jornalfatosenoticias.com.br\/wp-content\/uploads\/2020\/02\/WhatsApp-Image-2022-09-23-at-12.09.18-768x83.jpeg 768w, https:\/\/jornalfatosenoticias.com.br\/wp-content\/uploads\/2020\/02\/WhatsApp-Image-2022-09-23-at-12.09.18.jpeg 1121w\" sizes=\"auto, (max-width: 1024px) 100vw, 1024px\" \/><\/figure><\/div>\n\n\n\n<p>O Valor Bruto da Produ\u00e7\u00e3o Agropecu\u00e1ria (VBP) fechou 2022 em R$ 1,189 trilh\u00e3o. De acordo com o Minist\u00e9rio da Agricultura, Pecu\u00e1ria e Abastecimento (Mapa), o valor \u00e9 o segundo maior da s\u00e9rie hist\u00f3rica, iniciada h\u00e1 34 anos. O faturamento das lavouras foi R$ 814,77 bilh\u00f5es e o da pecu\u00e1ria de R$ 374,27 bilh\u00f5es.<\/p>\n\n\n\n<div class=\"wp-block-image\"><figure class=\"aligncenter size-large\"><img decoding=\"async\" src=\"https:\/\/jornalfatosenoticias.com.br\/wp-content\/uploads\/2020\/02\/Serra-Grande-1024x160.png\" alt=\"\" class=\"wp-image-7836\"\/><\/figure><\/div>\n\n\n\n<p>Em <strong><span style=\"text-decoration: underline;\"><a href=\"https:\/\/www.gov.br\/agricultura\/pt-br\/assuntos\/noticias\/valor-da-producao-agropecuaria-fecha-2022-em-r-1-189-trilhao\" target=\"_blank\" rel=\"noreferrer noopener\">nota t\u00e9cnica<\/a><\/span><\/strong> publicada ontem (16), a pasta destaca que o VBP de 2022 foi marcado por resultados positivos para diversos produtos, crescimento das exporta\u00e7\u00f5es do agroneg\u00f3cio e dos pre\u00e7os agr\u00edcolas. Por outro lado, o fator que mais prejudicou o desempenho do setor foi a seca, especialmente na Regi\u00e3o Sul e parte do Centro-Oeste, \u201cque resultou em preju\u00edzos aos agricultores causados por perdas de produ\u00e7\u00e3o de soja, milho e feij\u00e3o\u201d.<\/p>\n\n\n\n<div class=\"wp-block-image\"><figure class=\"aligncenter size-large is-resized\"><img loading=\"lazy\" decoding=\"async\" src=\"https:\/\/jornalfatosenoticias.com.br\/wp-content\/uploads\/2022\/10\/RC_800x750_page-0001.jpg\" alt=\"\" class=\"wp-image-35338\" width=\"269\" height=\"252\" srcset=\"https:\/\/jornalfatosenoticias.com.br\/wp-content\/uploads\/2022\/10\/RC_800x750_page-0001.jpg 400w, https:\/\/jornalfatosenoticias.com.br\/wp-content\/uploads\/2022\/10\/RC_800x750_page-0001-300x281.jpg 300w\" sizes=\"auto, (max-width: 269px) 100vw, 269px\" \/><\/figure><\/div>\n\n\n\n<figure class=\"wp-block-pullquote\"><blockquote><p><span class=\"has-inline-color has-luminous-vivid-orange-color\">Tamb\u00e9m a pecu\u00e1ria foi afetada devido \u00e0s perdas de suprimento, fornecido por produtos como milho, soja e outros\u201d, diz o documento.<\/span><\/p><\/blockquote><\/figure>\n\n\n\n<p>Os produtos que mais se destacaram no ano passado foram algod\u00e3o, caf\u00e9, milho, trigo e leite.<\/p>\n\n\n\n<div class=\"wp-block-image\"><figure class=\"aligncenter size-large is-resized\"><img loading=\"lazy\" decoding=\"async\" src=\"https:\/\/jornalfatosenoticias.com.br\/wp-content\/uploads\/2022\/02\/Precisao-Contabilidade-1024x724.jpg\" alt=\"\" class=\"wp-image-28088\" width=\"307\" height=\"217\"\/><\/figure><\/div>\n\n\n\n<figure class=\"wp-block-pullquote\"><blockquote><p><span class=\"has-inline-color has-luminous-vivid-orange-color\">Esses cinco produtos atingiram, nesse ano, o maior valor do VBP em todo o per\u00edodo hist\u00f3rico. Pre\u00e7os e quantidades produzidas foram os principais fatores que promoveram esses produtos\u201d, explicou o Mapa.<\/span><\/p><\/blockquote><\/figure>\n\n\n\n<div class=\"wp-block-image\"><figure class=\"aligncenter size-large\"><img loading=\"lazy\" decoding=\"async\" width=\"1024\" height=\"99\" src=\"https:\/\/jornalfatosenoticias.com.br\/wp-content\/uploads\/2020\/02\/Logo-Mizu-segunda-2-1024x99.png\" alt=\"\" class=\"wp-image-2353\" srcset=\"https:\/\/jornalfatosenoticias.com.br\/wp-content\/uploads\/2020\/02\/Logo-Mizu-segunda-2-1024x99.png 1024w, https:\/\/jornalfatosenoticias.com.br\/wp-content\/uploads\/2020\/02\/Logo-Mizu-segunda-2-300x29.png 300w, https:\/\/jornalfatosenoticias.com.br\/wp-content\/uploads\/2020\/02\/Logo-Mizu-segunda-2-768x74.png 768w, https:\/\/jornalfatosenoticias.com.br\/wp-content\/uploads\/2020\/02\/Logo-Mizu-segunda-2.png 1240w\" sizes=\"auto, (max-width: 1024px) 100vw, 1024px\" \/><\/figure><\/div>\n\n\n\n<p>O VBP mostra a evolu\u00e7\u00e3o do desempenho das lavouras e da pecu\u00e1ria no decorrer do ano, correspondente ao faturamento dentro do estabelecimento. \u00c9 calculado com base na produ\u00e7\u00e3o agr\u00edcola e pecu\u00e1ria e nos pre\u00e7os recebidos pelos produtores nas principais cidades do pa\u00eds dos 26 maiores produtos agropecu\u00e1rios nacionais.<\/p>\n\n\n\n<div class=\"wp-block-image\"><figure class=\"aligncenter size-large\"><img decoding=\"async\" src=\"https:\/\/jornalfatosenoticias.com.br\/wp-content\/uploads\/2020\/02\/barao-das-carnes-300x164-1.jpg\" alt=\"\" class=\"wp-image-34339\"\/><\/figure><\/div>\n\n\n\n<p>O valor real da produ\u00e7\u00e3o \u00e9 obtido, descontada da infla\u00e7\u00e3o, pelo \u00cdndice Geral de Pre\u00e7os \u2014 Disponibilidade Interna (IGP-DI), da Funda\u00e7\u00e3o Get\u00falio Vargas (FGV). A periodicidade \u00e9 mensal com atualiza\u00e7\u00e3o e divulga\u00e7\u00e3o at\u00e9 o dia 15 de cada m\u00eas.<\/p>\n\n\n\n<div class=\"wp-block-image\"><figure class=\"aligncenter size-large\"><img loading=\"lazy\" decoding=\"async\" width=\"1024\" height=\"100\" src=\"https:\/\/jornalfatosenoticias.com.br\/wp-content\/uploads\/2020\/02\/banner_ferramentas-1024x100.jpg\" alt=\"\" class=\"wp-image-1258\" srcset=\"https:\/\/jornalfatosenoticias.com.br\/wp-content\/uploads\/2020\/02\/banner_ferramentas-1024x100.jpg 1024w, https:\/\/jornalfatosenoticias.com.br\/wp-content\/uploads\/2020\/02\/banner_ferramentas-300x29.jpg 300w, https:\/\/jornalfatosenoticias.com.br\/wp-content\/uploads\/2020\/02\/banner_ferramentas-768x75.jpg 768w, https:\/\/jornalfatosenoticias.com.br\/wp-content\/uploads\/2020\/02\/banner_ferramentas.jpg 1227w\" sizes=\"auto, (max-width: 1024px) 100vw, 1024px\" \/><\/figure><\/div>\n\n\n\n<p><strong><span class=\"has-inline-color has-black-color\">Estimativa para 2023<br><\/span><\/strong>Para 2023, o VBP estimado \u00e9 6,3% maior que o de 2022, podendo chegar a R$ 1,263 trilh\u00e3o. As lavouras devem ter um aumento real de 8,3% e a pecu\u00e1ria de 1,9%.<\/p>\n\n\n\n<div class=\"wp-block-image\"><figure class=\"aligncenter size-large is-resized\"><img loading=\"lazy\" decoding=\"async\" src=\"https:\/\/jornalfatosenoticias.com.br\/wp-content\/uploads\/2022\/08\/logo-locau-veiculos-1024x573.png\" alt=\"\" class=\"wp-image-33078\" width=\"318\" height=\"177\"\/><\/figure><\/div>\n\n\n\n<figure class=\"wp-block-pullquote\"><blockquote><p><span class=\"has-inline-color has-luminous-vivid-orange-color\">Apesar das expectativas serem boas, h\u00e1 riscos clim\u00e1ticos que podem novamente afetar a Regi\u00e3o Sul do Pa\u00eds. No Rio Grande do Sul e Santa Catarina secas afetaram em dezembro planta\u00e7\u00f5es de soja e milho em algumas regi\u00f5es\u201d, diz o Mapa.<\/span><\/p><\/blockquote><\/figure>\n\n\n\n<div class=\"wp-block-image\"><figure class=\"aligncenter size-large\"><img loading=\"lazy\" decoding=\"async\" width=\"1024\" height=\"110\" src=\"https:\/\/jornalfatosenoticias.com.br\/wp-content\/uploads\/2022\/10\/Arte-jornal-Zucchi-1120x120_Prancheta-1-1024x110.jpg\" alt=\"\" class=\"wp-image-34772\" srcset=\"https:\/\/jornalfatosenoticias.com.br\/wp-content\/uploads\/2022\/10\/Arte-jornal-Zucchi-1120x120_Prancheta-1-1024x110.jpg 1024w, https:\/\/jornalfatosenoticias.com.br\/wp-content\/uploads\/2022\/10\/Arte-jornal-Zucchi-1120x120_Prancheta-1-300x32.jpg 300w, https:\/\/jornalfatosenoticias.com.br\/wp-content\/uploads\/2022\/10\/Arte-jornal-Zucchi-1120x120_Prancheta-1-768x82.jpg 768w, https:\/\/jornalfatosenoticias.com.br\/wp-content\/uploads\/2022\/10\/Arte-jornal-Zucchi-1120x120_Prancheta-1-1536x165.jpg 1536w, https:\/\/jornalfatosenoticias.com.br\/wp-content\/uploads\/2022\/10\/Arte-jornal-Zucchi-1120x120_Prancheta-1-2048x219.jpg 2048w\" sizes=\"auto, (max-width: 1024px) 100vw, 1024px\" \/><\/figure><\/div>\n\n\n\n<p>At\u00e9 o momento, os pontos mais relevantes deste ano s\u00e3o de recupera\u00e7\u00e3o do VBP da soja que deve atingir R$ 406,4 bilh\u00f5es. Em segundo lugar, conforme a pasta, observa-se um melhor desempenho para a pecu\u00e1ria, pois os pre\u00e7os situam-se em melhor n\u00edvel do que em 2022.<\/p>\n\n\n\n<div class=\"wp-block-image\"><figure class=\"aligncenter size-large\"><img decoding=\"async\" src=\"https:\/\/jornalfatosenoticias.com.br\/wp-content\/uploads\/2020\/02\/logo_esteio.jpg\" alt=\"\" class=\"wp-image-1214\"\/><\/figure><\/div>\n\n\n\n<figure class=\"wp-block-pullquote\"><blockquote><p><span class=\"has-inline-color has-luminous-vivid-orange-color\">Isso pode fazer com que a pecu\u00e1ria traga este ano uma boa contribui\u00e7\u00e3o para a forma\u00e7\u00e3o da renda da agropecu\u00e1ria\u201d, explicou.<\/span><\/p><\/blockquote><\/figure>\n\n\n\n<div class=\"wp-block-image\"><figure class=\"aligncenter size-large\"><img decoding=\"async\" src=\"https:\/\/jornalfatosenoticias.com.br\/wp-content\/uploads\/2020\/02\/logo-embacia-1-1024x110.jpg\" alt=\"\" class=\"wp-image-33954\"\/><\/figure><\/div>\n\n\n\n<p>Os cinco primeiros produtos de destaque no VBP de 2023 s\u00e3o soja, milho, cana, caf\u00e9 e algod\u00e3o, que representam 83,7% do VBP das lavouras. J\u00e1 caf\u00e9, algod\u00e3o e trigo devem ter um desempenho menos favor\u00e1vel.<\/p>\n\n\n\n<p><strong><em>Fonte: <a href=\"https:\/\/agenciabrasil.ebc.com.br\/economia\/noticia\/2023-01\/valor-da-producao-agropecuaria-fecha-2022-em-r-1189-trilhao\">Ag\u00eancia Brasil<\/a><\/em><\/strong><\/p>\n","protected":false},"excerpt":{"rendered":"<p>Estimativa para 2023 \u00e9 um \u00edndice 6,3% maior O Valor Bruto da Produ\u00e7\u00e3o Agropecu\u00e1ria (VBP) fechou 2022 em R$ 1,189 trilh\u00e3o. De acordo com o Minist\u00e9rio da Agricultura, Pecu\u00e1ria e Abastecimento (Mapa), o valor \u00e9 o segundo maior da s\u00e9rie hist\u00f3rica, iniciada h\u00e1 34 anos. O faturamento das lavouras foi R$ 814,77 bilh\u00f5es e o [&hellip;]<\/p>\n","protected":false},"author":2,"featured_media":37866,"comment_status":"open","ping_status":"open","sticky":false,"template":"","format":"standard","meta":{"footnotes":""},"categories":[9],"tags":[11055,17745,1111,764,17746,8465,17747],"class_list":["post-37865","post","type-post","status-publish","format-standard","has-post-thumbnail","hentry","category-economia","tag-agronegocio","tag-exportacoes-do-agronegocio","tag-graos","tag-mapa","tag-producao-agropecuaria","tag-safra","tag-vbp"],"yoast_head":"<!-- This site is optimized with the Yoast SEO plugin v26.5 - https:\/\/yoast.com\/wordpress\/plugins\/seo\/ -->\n<title>Valor da Produ\u00e7\u00e3o Agropecu\u00e1ria fecha 2022 em R$ 1,189 trilh\u00e3o - Jornal Fatos e Not\u00edcias<\/title>\n<meta name=\"robots\" content=\"index, follow, max-snippet:-1, max-image-preview:large, max-video-preview:-1\" \/>\n<link rel=\"canonical\" href=\"https:\/\/jornalfatosenoticias.com.br\/index.php\/2023\/01\/17\/valor-da-producao-agropecuaria-fecha-2022-em-r-1189-trilhao\/\" \/>\n<meta property=\"og:locale\" content=\"pt_BR\" \/>\n<meta property=\"og:type\" content=\"article\" \/>\n<meta property=\"og:title\" content=\"Valor da Produ\u00e7\u00e3o Agropecu\u00e1ria fecha 2022 em R$ 1,189 trilh\u00e3o - Jornal Fatos e Not\u00edcias\" \/>\n<meta property=\"og:description\" content=\"Estimativa para 2023 \u00e9 um \u00edndice 6,3% maior O Valor Bruto da Produ\u00e7\u00e3o Agropecu\u00e1ria (VBP) fechou 2022 em R$ 1,189 trilh\u00e3o. De acordo com o Minist\u00e9rio da Agricultura, Pecu\u00e1ria e Abastecimento (Mapa), o valor \u00e9 o segundo maior da s\u00e9rie hist\u00f3rica, iniciada h\u00e1 34 anos. O faturamento das lavouras foi R$ 814,77 bilh\u00f5es e o [&hellip;]\" \/>\n<meta property=\"og:url\" content=\"https:\/\/jornalfatosenoticias.com.br\/index.php\/2023\/01\/17\/valor-da-producao-agropecuaria-fecha-2022-em-r-1189-trilhao\/\" \/>\n<meta property=\"og:site_name\" content=\"Jornal Fatos e Not\u00edcias\" \/>\n<meta property=\"article:published_time\" content=\"2023-01-17T14:00:31+00:00\" \/>\n<meta property=\"og:image\" content=\"https:\/\/jornalfatosenoticias.com.br\/wp-content\/uploads\/2023\/01\/safra-2022.jpg\" \/>\n\t<meta property=\"og:image:width\" content=\"1000\" \/>\n\t<meta property=\"og:image:height\" content=\"598\" \/>\n\t<meta property=\"og:image:type\" content=\"image\/jpeg\" \/>\n<meta name=\"author\" content=\"Luzimara Fernandes\" \/>\n<meta name=\"twitter:card\" content=\"summary_large_image\" \/>\n<meta name=\"twitter:label1\" content=\"Escrito por\" \/>\n\t<meta name=\"twitter:data1\" content=\"Luzimara Fernandes\" \/>\n\t<meta name=\"twitter:label2\" content=\"Est. tempo de leitura\" \/>\n\t<meta name=\"twitter:data2\" content=\"3 minutos\" \/>\n<script type=\"application\/ld+json\" class=\"yoast-schema-graph\">{\"@context\":\"https:\/\/schema.org\",\"@graph\":[{\"@type\":\"Article\",\"@id\":\"https:\/\/jornalfatosenoticias.com.br\/index.php\/2023\/01\/17\/valor-da-producao-agropecuaria-fecha-2022-em-r-1189-trilhao\/#article\",\"isPartOf\":{\"@id\":\"https:\/\/jornalfatosenoticias.com.br\/index.php\/2023\/01\/17\/valor-da-producao-agropecuaria-fecha-2022-em-r-1189-trilhao\/\"},\"author\":{\"name\":\"Luzimara Fernandes\",\"@id\":\"https:\/\/jornalfatosenoticias.com.br\/#\/schema\/person\/d63837fa13ac8666eb9e74e0985d6f81\"},\"headline\":\"Valor da Produ\u00e7\u00e3o Agropecu\u00e1ria fecha 2022 em R$ 1,189 trilh\u00e3o\",\"datePublished\":\"2023-01-17T14:00:31+00:00\",\"mainEntityOfPage\":{\"@id\":\"https:\/\/jornalfatosenoticias.com.br\/index.php\/2023\/01\/17\/valor-da-producao-agropecuaria-fecha-2022-em-r-1189-trilhao\/\"},\"wordCount\":511,\"commentCount\":0,\"publisher\":{\"@id\":\"https:\/\/jornalfatosenoticias.com.br\/#organization\"},\"image\":{\"@id\":\"https:\/\/jornalfatosenoticias.com.br\/index.php\/2023\/01\/17\/valor-da-producao-agropecuaria-fecha-2022-em-r-1189-trilhao\/#primaryimage\"},\"thumbnailUrl\":\"https:\/\/jornalfatosenoticias.com.br\/wp-content\/uploads\/2023\/01\/safra-2022.jpg\",\"keywords\":[\"agroneg\u00f3cio\",\"exporta\u00e7\u00f5es do agroneg\u00f3cio\",\"gr\u00e3os\",\"Mapa\",\"produ\u00e7\u00e3o agropecu\u00e1ria\",\"safra\",\"VBP\"],\"articleSection\":[\"Economia\"],\"inLanguage\":\"pt-BR\",\"potentialAction\":[{\"@type\":\"CommentAction\",\"name\":\"Comment\",\"target\":[\"https:\/\/jornalfatosenoticias.com.br\/index.php\/2023\/01\/17\/valor-da-producao-agropecuaria-fecha-2022-em-r-1189-trilhao\/#respond\"]}]},{\"@type\":\"WebPage\",\"@id\":\"https:\/\/jornalfatosenoticias.com.br\/index.php\/2023\/01\/17\/valor-da-producao-agropecuaria-fecha-2022-em-r-1189-trilhao\/\",\"url\":\"https:\/\/jornalfatosenoticias.com.br\/index.php\/2023\/01\/17\/valor-da-producao-agropecuaria-fecha-2022-em-r-1189-trilhao\/\",\"name\":\"Valor da Produ\u00e7\u00e3o Agropecu\u00e1ria fecha 2022 em R$ 1,189 trilh\u00e3o - Jornal Fatos e Not\u00edcias\",\"isPartOf\":{\"@id\":\"https:\/\/jornalfatosenoticias.com.br\/#website\"},\"primaryImageOfPage\":{\"@id\":\"https:\/\/jornalfatosenoticias.com.br\/index.php\/2023\/01\/17\/valor-da-producao-agropecuaria-fecha-2022-em-r-1189-trilhao\/#primaryimage\"},\"image\":{\"@id\":\"https:\/\/jornalfatosenoticias.com.br\/index.php\/2023\/01\/17\/valor-da-producao-agropecuaria-fecha-2022-em-r-1189-trilhao\/#primaryimage\"},\"thumbnailUrl\":\"https:\/\/jornalfatosenoticias.com.br\/wp-content\/uploads\/2023\/01\/safra-2022.jpg\",\"datePublished\":\"2023-01-17T14:00:31+00:00\",\"breadcrumb\":{\"@id\":\"https:\/\/jornalfatosenoticias.com.br\/index.php\/2023\/01\/17\/valor-da-producao-agropecuaria-fecha-2022-em-r-1189-trilhao\/#breadcrumb\"},\"inLanguage\":\"pt-BR\",\"potentialAction\":[{\"@type\":\"ReadAction\",\"target\":[\"https:\/\/jornalfatosenoticias.com.br\/index.php\/2023\/01\/17\/valor-da-producao-agropecuaria-fecha-2022-em-r-1189-trilhao\/\"]}]},{\"@type\":\"ImageObject\",\"inLanguage\":\"pt-BR\",\"@id\":\"https:\/\/jornalfatosenoticias.com.br\/index.php\/2023\/01\/17\/valor-da-producao-agropecuaria-fecha-2022-em-r-1189-trilhao\/#primaryimage\",\"url\":\"https:\/\/jornalfatosenoticias.com.br\/wp-content\/uploads\/2023\/01\/safra-2022.jpg\",\"contentUrl\":\"https:\/\/jornalfatosenoticias.com.br\/wp-content\/uploads\/2023\/01\/safra-2022.jpg\",\"width\":1000,\"height\":598},{\"@type\":\"BreadcrumbList\",\"@id\":\"https:\/\/jornalfatosenoticias.com.br\/index.php\/2023\/01\/17\/valor-da-producao-agropecuaria-fecha-2022-em-r-1189-trilhao\/#breadcrumb\",\"itemListElement\":[{\"@type\":\"ListItem\",\"position\":1,\"name\":\"In\u00edcio\",\"item\":\"https:\/\/jornalfatosenoticias.com.br\/\"},{\"@type\":\"ListItem\",\"position\":2,\"name\":\"Valor da Produ\u00e7\u00e3o Agropecu\u00e1ria fecha 2022 em R$ 1,189 trilh\u00e3o\"}]},{\"@type\":\"WebSite\",\"@id\":\"https:\/\/jornalfatosenoticias.com.br\/#website\",\"url\":\"https:\/\/jornalfatosenoticias.com.br\/\",\"name\":\"Jornal Fatos e Not\u00edcias\",\"description\":\"Not\u00edcias em geral\",\"publisher\":{\"@id\":\"https:\/\/jornalfatosenoticias.com.br\/#organization\"},\"potentialAction\":[{\"@type\":\"SearchAction\",\"target\":{\"@type\":\"EntryPoint\",\"urlTemplate\":\"https:\/\/jornalfatosenoticias.com.br\/?s={search_term_string}\"},\"query-input\":{\"@type\":\"PropertyValueSpecification\",\"valueRequired\":true,\"valueName\":\"search_term_string\"}}],\"inLanguage\":\"pt-BR\"},{\"@type\":\"Organization\",\"@id\":\"https:\/\/jornalfatosenoticias.com.br\/#organization\",\"name\":\"Jornal Fatos e Not\u00edcias\",\"url\":\"https:\/\/jornalfatosenoticias.com.br\/\",\"logo\":{\"@type\":\"ImageObject\",\"inLanguage\":\"pt-BR\",\"@id\":\"https:\/\/jornalfatosenoticias.com.br\/#\/schema\/logo\/image\/\",\"url\":\"https:\/\/jornalfatosenoticias.com.br\/wp-content\/uploads\/2020\/02\/logo120.png\",\"contentUrl\":\"https:\/\/jornalfatosenoticias.com.br\/wp-content\/uploads\/2020\/02\/logo120.png\",\"width\":1227,\"height\":120,\"caption\":\"Jornal Fatos e Not\u00edcias\"},\"image\":{\"@id\":\"https:\/\/jornalfatosenoticias.com.br\/#\/schema\/logo\/image\/\"}},{\"@type\":\"Person\",\"@id\":\"https:\/\/jornalfatosenoticias.com.br\/#\/schema\/person\/d63837fa13ac8666eb9e74e0985d6f81\",\"name\":\"Luzimara Fernandes\",\"image\":{\"@type\":\"ImageObject\",\"inLanguage\":\"pt-BR\",\"@id\":\"https:\/\/jornalfatosenoticias.com.br\/#\/schema\/person\/image\/\",\"url\":\"https:\/\/jornalfatosenoticias.com.br\/wp-content\/uploads\/2025\/05\/EU_portal.jpg\",\"contentUrl\":\"https:\/\/jornalfatosenoticias.com.br\/wp-content\/uploads\/2025\/05\/EU_portal.jpg\",\"caption\":\"Luzimara Fernandes\"},\"description\":\"Jornalista MTB 2358-ES\",\"sameAs\":[\"https:\/\/jornalfatosenoticias.com.br\"],\"url\":\"https:\/\/jornalfatosenoticias.com.br\/index.php\/author\/luzimara\/\"}]}<\/script>\n<!-- \/ Yoast SEO plugin. -->","yoast_head_json":{"title":"Valor da Produ\u00e7\u00e3o Agropecu\u00e1ria fecha 2022 em R$ 1,189 trilh\u00e3o - Jornal Fatos e Not\u00edcias","robots":{"index":"index","follow":"follow","max-snippet":"max-snippet:-1","max-image-preview":"max-image-preview:large","max-video-preview":"max-video-preview:-1"},"canonical":"https:\/\/jornalfatosenoticias.com.br\/index.php\/2023\/01\/17\/valor-da-producao-agropecuaria-fecha-2022-em-r-1189-trilhao\/","og_locale":"pt_BR","og_type":"article","og_title":"Valor da Produ\u00e7\u00e3o Agropecu\u00e1ria fecha 2022 em R$ 1,189 trilh\u00e3o - Jornal Fatos e Not\u00edcias","og_description":"Estimativa para 2023 \u00e9 um \u00edndice 6,3% maior O Valor Bruto da Produ\u00e7\u00e3o Agropecu\u00e1ria (VBP) fechou 2022 em R$ 1,189 trilh\u00e3o. De acordo com o Minist\u00e9rio da Agricultura, Pecu\u00e1ria e Abastecimento (Mapa), o valor \u00e9 o segundo maior da s\u00e9rie hist\u00f3rica, iniciada h\u00e1 34 anos. O faturamento das lavouras foi R$ 814,77 bilh\u00f5es e o [&hellip;]","og_url":"https:\/\/jornalfatosenoticias.com.br\/index.php\/2023\/01\/17\/valor-da-producao-agropecuaria-fecha-2022-em-r-1189-trilhao\/","og_site_name":"Jornal Fatos e Not\u00edcias","article_published_time":"2023-01-17T14:00:31+00:00","og_image":[{"width":1000,"height":598,"url":"https:\/\/jornalfatosenoticias.com.br\/wp-content\/uploads\/2023\/01\/safra-2022.jpg","type":"image\/jpeg"}],"author":"Luzimara Fernandes","twitter_card":"summary_large_image","twitter_misc":{"Escrito por":"Luzimara Fernandes","Est. tempo de leitura":"3 minutos"},"schema":{"@context":"https:\/\/schema.org","@graph":[{"@type":"Article","@id":"https:\/\/jornalfatosenoticias.com.br\/index.php\/2023\/01\/17\/valor-da-producao-agropecuaria-fecha-2022-em-r-1189-trilhao\/#article","isPartOf":{"@id":"https:\/\/jornalfatosenoticias.com.br\/index.php\/2023\/01\/17\/valor-da-producao-agropecuaria-fecha-2022-em-r-1189-trilhao\/"},"author":{"name":"Luzimara Fernandes","@id":"https:\/\/jornalfatosenoticias.com.br\/#\/schema\/person\/d63837fa13ac8666eb9e74e0985d6f81"},"headline":"Valor da Produ\u00e7\u00e3o Agropecu\u00e1ria fecha 2022 em R$ 1,189 trilh\u00e3o","datePublished":"2023-01-17T14:00:31+00:00","mainEntityOfPage":{"@id":"https:\/\/jornalfatosenoticias.com.br\/index.php\/2023\/01\/17\/valor-da-producao-agropecuaria-fecha-2022-em-r-1189-trilhao\/"},"wordCount":511,"commentCount":0,"publisher":{"@id":"https:\/\/jornalfatosenoticias.com.br\/#organization"},"image":{"@id":"https:\/\/jornalfatosenoticias.com.br\/index.php\/2023\/01\/17\/valor-da-producao-agropecuaria-fecha-2022-em-r-1189-trilhao\/#primaryimage"},"thumbnailUrl":"https:\/\/jornalfatosenoticias.com.br\/wp-content\/uploads\/2023\/01\/safra-2022.jpg","keywords":["agroneg\u00f3cio","exporta\u00e7\u00f5es do agroneg\u00f3cio","gr\u00e3os","Mapa","produ\u00e7\u00e3o agropecu\u00e1ria","safra","VBP"],"articleSection":["Economia"],"inLanguage":"pt-BR","potentialAction":[{"@type":"CommentAction","name":"Comment","target":["https:\/\/jornalfatosenoticias.com.br\/index.php\/2023\/01\/17\/valor-da-producao-agropecuaria-fecha-2022-em-r-1189-trilhao\/#respond"]}]},{"@type":"WebPage","@id":"https:\/\/jornalfatosenoticias.com.br\/index.php\/2023\/01\/17\/valor-da-producao-agropecuaria-fecha-2022-em-r-1189-trilhao\/","url":"https:\/\/jornalfatosenoticias.com.br\/index.php\/2023\/01\/17\/valor-da-producao-agropecuaria-fecha-2022-em-r-1189-trilhao\/","name":"Valor da Produ\u00e7\u00e3o Agropecu\u00e1ria fecha 2022 em R$ 1,189 trilh\u00e3o - Jornal Fatos e Not\u00edcias","isPartOf":{"@id":"https:\/\/jornalfatosenoticias.com.br\/#website"},"primaryImageOfPage":{"@id":"https:\/\/jornalfatosenoticias.com.br\/index.php\/2023\/01\/17\/valor-da-producao-agropecuaria-fecha-2022-em-r-1189-trilhao\/#primaryimage"},"image":{"@id":"https:\/\/jornalfatosenoticias.com.br\/index.php\/2023\/01\/17\/valor-da-producao-agropecuaria-fecha-2022-em-r-1189-trilhao\/#primaryimage"},"thumbnailUrl":"https:\/\/jornalfatosenoticias.com.br\/wp-content\/uploads\/2023\/01\/safra-2022.jpg","datePublished":"2023-01-17T14:00:31+00:00","breadcrumb":{"@id":"https:\/\/jornalfatosenoticias.com.br\/index.php\/2023\/01\/17\/valor-da-producao-agropecuaria-fecha-2022-em-r-1189-trilhao\/#breadcrumb"},"inLanguage":"pt-BR","potentialAction":[{"@type":"ReadAction","target":["https:\/\/jornalfatosenoticias.com.br\/index.php\/2023\/01\/17\/valor-da-producao-agropecuaria-fecha-2022-em-r-1189-trilhao\/"]}]},{"@type":"ImageObject","inLanguage":"pt-BR","@id":"https:\/\/jornalfatosenoticias.com.br\/index.php\/2023\/01\/17\/valor-da-producao-agropecuaria-fecha-2022-em-r-1189-trilhao\/#primaryimage","url":"https:\/\/jornalfatosenoticias.com.br\/wp-content\/uploads\/2023\/01\/safra-2022.jpg","contentUrl":"https:\/\/jornalfatosenoticias.com.br\/wp-content\/uploads\/2023\/01\/safra-2022.jpg","width":1000,"height":598},{"@type":"BreadcrumbList","@id":"https:\/\/jornalfatosenoticias.com.br\/index.php\/2023\/01\/17\/valor-da-producao-agropecuaria-fecha-2022-em-r-1189-trilhao\/#breadcrumb","itemListElement":[{"@type":"ListItem","position":1,"name":"In\u00edcio","item":"https:\/\/jornalfatosenoticias.com.br\/"},{"@type":"ListItem","position":2,"name":"Valor da Produ\u00e7\u00e3o Agropecu\u00e1ria fecha 2022 em R$ 1,189 trilh\u00e3o"}]},{"@type":"WebSite","@id":"https:\/\/jornalfatosenoticias.com.br\/#website","url":"https:\/\/jornalfatosenoticias.com.br\/","name":"Jornal Fatos e Not\u00edcias","description":"Not\u00edcias em geral","publisher":{"@id":"https:\/\/jornalfatosenoticias.com.br\/#organization"},"potentialAction":[{"@type":"SearchAction","target":{"@type":"EntryPoint","urlTemplate":"https:\/\/jornalfatosenoticias.com.br\/?s={search_term_string}"},"query-input":{"@type":"PropertyValueSpecification","valueRequired":true,"valueName":"search_term_string"}}],"inLanguage":"pt-BR"},{"@type":"Organization","@id":"https:\/\/jornalfatosenoticias.com.br\/#organization","name":"Jornal Fatos e Not\u00edcias","url":"https:\/\/jornalfatosenoticias.com.br\/","logo":{"@type":"ImageObject","inLanguage":"pt-BR","@id":"https:\/\/jornalfatosenoticias.com.br\/#\/schema\/logo\/image\/","url":"https:\/\/jornalfatosenoticias.com.br\/wp-content\/uploads\/2020\/02\/logo120.png","contentUrl":"https:\/\/jornalfatosenoticias.com.br\/wp-content\/uploads\/2020\/02\/logo120.png","width":1227,"height":120,"caption":"Jornal Fatos e Not\u00edcias"},"image":{"@id":"https:\/\/jornalfatosenoticias.com.br\/#\/schema\/logo\/image\/"}},{"@type":"Person","@id":"https:\/\/jornalfatosenoticias.com.br\/#\/schema\/person\/d63837fa13ac8666eb9e74e0985d6f81","name":"Luzimara Fernandes","image":{"@type":"ImageObject","inLanguage":"pt-BR","@id":"https:\/\/jornalfatosenoticias.com.br\/#\/schema\/person\/image\/","url":"https:\/\/jornalfatosenoticias.com.br\/wp-content\/uploads\/2025\/05\/EU_portal.jpg","contentUrl":"https:\/\/jornalfatosenoticias.com.br\/wp-content\/uploads\/2025\/05\/EU_portal.jpg","caption":"Luzimara Fernandes"},"description":"Jornalista MTB 2358-ES","sameAs":["https:\/\/jornalfatosenoticias.com.br"],"url":"https:\/\/jornalfatosenoticias.com.br\/index.php\/author\/luzimara\/"}]}},"cc_featured_image_caption":{"caption_text":"(Foto: Wenderson Ara\u00fajo\/Trilux) ","source_text":"","source_url":""},"jetpack_featured_media_url":"https:\/\/jornalfatosenoticias.com.br\/wp-content\/uploads\/2023\/01\/safra-2022.jpg","_links":{"self":[{"href":"https:\/\/jornalfatosenoticias.com.br\/index.php\/wp-json\/wp\/v2\/posts\/37865","targetHints":{"allow":["GET"]}}],"collection":[{"href":"https:\/\/jornalfatosenoticias.com.br\/index.php\/wp-json\/wp\/v2\/posts"}],"about":[{"href":"https:\/\/jornalfatosenoticias.com.br\/index.php\/wp-json\/wp\/v2\/types\/post"}],"author":[{"embeddable":true,"href":"https:\/\/jornalfatosenoticias.com.br\/index.php\/wp-json\/wp\/v2\/users\/2"}],"replies":[{"embeddable":true,"href":"https:\/\/jornalfatosenoticias.com.br\/index.php\/wp-json\/wp\/v2\/comments?post=37865"}],"version-history":[{"count":0,"href":"https:\/\/jornalfatosenoticias.com.br\/index.php\/wp-json\/wp\/v2\/posts\/37865\/revisions"}],"wp:featuredmedia":[{"embeddable":true,"href":"https:\/\/jornalfatosenoticias.com.br\/index.php\/wp-json\/wp\/v2\/media\/37866"}],"wp:attachment":[{"href":"https:\/\/jornalfatosenoticias.com.br\/index.php\/wp-json\/wp\/v2\/media?parent=37865"}],"wp:term":[{"taxonomy":"category","embeddable":true,"href":"https:\/\/jornalfatosenoticias.com.br\/index.php\/wp-json\/wp\/v2\/categories?post=37865"},{"taxonomy":"post_tag","embeddable":true,"href":"https:\/\/jornalfatosenoticias.com.br\/index.php\/wp-json\/wp\/v2\/tags?post=37865"}],"curies":[{"name":"wp","href":"https:\/\/api.w.org\/{rel}","templated":true}]}}