{"id":37888,"date":"2023-01-18T09:31:01","date_gmt":"2023-01-18T12:31:01","guid":{"rendered":"https:\/\/jornalfatosenoticias.com.br\/?p=37888"},"modified":"2023-01-18T09:31:01","modified_gmt":"2023-01-18T12:31:01","slug":"janeiro-branco-niveis-baixos-de-testosterona-causam-depressao","status":"publish","type":"post","link":"https:\/\/jornalfatosenoticias.com.br\/index.php\/2023\/01\/18\/janeiro-branco-niveis-baixos-de-testosterona-causam-depressao\/","title":{"rendered":"Janeiro Branco, n\u00edveis baixos de testosterona causam depress\u00e3o?"},"content":{"rendered":"\n<div class=\"wp-block-image\"><figure class=\"aligncenter size-large\"><img decoding=\"async\" src=\"https:\/\/jornalfatosenoticias.com.br\/wp-content\/uploads\/2020\/02\/Serra-Grande-1024x160.png\" alt=\"\" class=\"wp-image-7836\"\/><\/figure><\/div>\n\n\n\n<p>Neste m\u00eas, celebramos a campanha do Janeiro Branco, em que se levanta a conscientiza\u00e7\u00e3o sobre a sa\u00fade mental. A depress\u00e3o \u00e9 uma das principais condi\u00e7\u00f5es emocionais que abala parte da popula\u00e7\u00e3o, e quanto mais pudermos entender as poss\u00edveis causas, melhor. Uma dessas possibilidades, levantada por alguns artigos cient\u00edficos, \u00e9 o baixo n\u00edvel de testosterona.<\/p>\n\n\n\n<div class=\"wp-block-image\"><figure class=\"alignleft size-large is-resized\"><img decoding=\"async\" src=\"https:\/\/jornalfatosenoticias.com.br\/wp-content\/uploads\/2020\/02\/logo-clinica-limoeiro.jpg\" alt=\"\" class=\"wp-image-34610\" width=\"-83\" height=\"-59\"\/><\/figure><\/div>\n\n\n\n<p>Segundo um estudo publicado na revista <em>Psychosomatics,<\/em> os n\u00edveis de testosterona tendem a diminuir normalmente \u00e0 medida que se envelhece, mas tamb\u00e9m podem flutuar por v\u00e1rios motivos, e essas mudan\u00e7as podem afetar o humor de maneiras diferentes. As causas podem incluir estresse, falta de sono, mudan\u00e7as na dieta, envelhecimento e aumento ou diminui\u00e7\u00e3o da atividade f\u00edsica.<\/p>\n\n\n\n<p><strong><span class=\"has-inline-color has-vivid-red-color\">O que \u00e9 testosterona<br><\/span><\/strong>Antes de tudo, \u00e9 preciso entender melhor sobre o que \u00e9 a testosterona. Basicamente, \u00e9 um andr\u00f3geno (horm\u00f4nio masculino) produzido preferencialmente nos test\u00edculos e respons\u00e1vel pela diferencia\u00e7\u00e3o sexual (caracter\u00edsticas pr\u00f3prias ao sexo).<\/p>\n\n\n\n<div class=\"wp-block-image\"><figure class=\"aligncenter size-large\"><img loading=\"lazy\" decoding=\"async\" width=\"1024\" height=\"100\" src=\"https:\/\/jornalfatosenoticias.com.br\/wp-content\/uploads\/2022\/05\/NOVA-LOGO-CESCONETTO-1024x100.jpg\" alt=\"\" class=\"wp-image-30792\" srcset=\"https:\/\/jornalfatosenoticias.com.br\/wp-content\/uploads\/2022\/05\/NOVA-LOGO-CESCONETTO-1024x100.jpg 1024w, https:\/\/jornalfatosenoticias.com.br\/wp-content\/uploads\/2022\/05\/NOVA-LOGO-CESCONETTO-300x29.jpg 300w, https:\/\/jornalfatosenoticias.com.br\/wp-content\/uploads\/2022\/05\/NOVA-LOGO-CESCONETTO-768x75.jpg 768w, https:\/\/jornalfatosenoticias.com.br\/wp-content\/uploads\/2022\/05\/NOVA-LOGO-CESCONETTO.jpg 1280w\" sizes=\"auto, (max-width: 1024px) 100vw, 1024px\" \/><\/figure><\/div>\n\n\n\n<p>Isso significa que \u00e9 ela quem desperta o instinto da reprodu\u00e7\u00e3o da esp\u00e9cie e promove o desejo sexual, e sua defici\u00eancia est\u00e1 relacionada a diminui\u00e7\u00e3o do libido e dificuldade na ere\u00e7\u00e3o. O horm\u00f4nio em quest\u00e3o contribui para fun\u00e7\u00f5es corporais que incluem for\u00e7a muscular, densidade \u00f3ssea, distribui\u00e7\u00e3o de gordura corporal e produ\u00e7\u00e3o de esperma.<\/p>\n\n\n\n<div class=\"wp-block-image\"><figure class=\"aligncenter size-large\"><img loading=\"lazy\" decoding=\"async\" width=\"1024\" height=\"100\" src=\"https:\/\/jornalfatosenoticias.com.br\/wp-content\/uploads\/2020\/02\/banner_ferramentas-1024x100.jpg\" alt=\"\" class=\"wp-image-1258\" srcset=\"https:\/\/jornalfatosenoticias.com.br\/wp-content\/uploads\/2020\/02\/banner_ferramentas-1024x100.jpg 1024w, https:\/\/jornalfatosenoticias.com.br\/wp-content\/uploads\/2020\/02\/banner_ferramentas-300x29.jpg 300w, https:\/\/jornalfatosenoticias.com.br\/wp-content\/uploads\/2020\/02\/banner_ferramentas-768x75.jpg 768w, https:\/\/jornalfatosenoticias.com.br\/wp-content\/uploads\/2020\/02\/banner_ferramentas.jpg 1227w\" sizes=\"auto, (max-width: 1024px) 100vw, 1024px\" \/><\/figure><\/div>\n\n\n\n<div class=\"wp-block-image\"><figure class=\"aligncenter size-large\"><img loading=\"lazy\" decoding=\"async\" width=\"1000\" height=\"742\" src=\"https:\/\/jornalfatosenoticias.com.br\/wp-content\/uploads\/2023\/01\/janeiro-branco2.jpg\" alt=\"\" class=\"wp-image-37889\" srcset=\"https:\/\/jornalfatosenoticias.com.br\/wp-content\/uploads\/2023\/01\/janeiro-branco2.jpg 1000w, https:\/\/jornalfatosenoticias.com.br\/wp-content\/uploads\/2023\/01\/janeiro-branco2-300x223.jpg 300w, https:\/\/jornalfatosenoticias.com.br\/wp-content\/uploads\/2023\/01\/janeiro-branco2-768x570.jpg 768w\" sizes=\"auto, (max-width: 1000px) 100vw, 1000px\" \/><figcaption><em><span class=\"has-inline-color has-black-color\">Especialistas esclarecem se n\u00edveis baixos de testosterona causam depress\u00e3o (Foto: Adrian Swancar\/Unsplash)<\/span><\/em><\/figcaption><\/figure><\/div>\n\n\n\n<div class=\"wp-block-image\"><figure class=\"alignright size-large is-resized\"><img decoding=\"async\" src=\"https:\/\/jornalfatosenoticias.com.br\/wp-content\/uploads\/2020\/02\/nova-logo-Marquetti.jpg\" alt=\"\" class=\"wp-image-22331\" width=\"-118\" height=\"-79\" srcset=\"https:\/\/jornalfatosenoticias.com.br\/wp-content\/uploads\/2020\/02\/nova-logo-Marquetti.jpg 643w, https:\/\/jornalfatosenoticias.com.br\/wp-content\/uploads\/2020\/02\/nova-logo-Marquetti-300x202.jpg 300w\" sizes=\"(max-width: 643px) 100vw, 643px\" \/><\/figure><\/div>\n\n\n\n<p><strong><span class=\"has-inline-color has-vivid-red-color\">Baixa testosterona gera depress\u00e3o?<br><\/span><\/strong>Segundo o m\u00e9dico urologista, ter taxas baixas de testosterona pode ocasionar mudan\u00e7as no humor e comportamento, podendo precipitar a depress\u00e3o em pessoas que j\u00e1 sejam propensas. O especialista explica que a depress\u00e3o e suas consequ\u00eancias nos h\u00e1bitos cotidianos e alimentares podem mudar uma s\u00e9rie de horm\u00f4nios e subst\u00e2ncias no nosso organismo, inclusive a testosterona. Por\u00e9m, poucos ter\u00e3o uma redu\u00e7\u00e3o em n\u00edvel patol\u00f3gico. Vale entender, inclusive, que a depress\u00e3o n\u00e3o \u00e9 tratada com testosterona, mas sim com antidepressivos.<\/p>\n\n\n\n<div class=\"wp-block-image\"><figure class=\"aligncenter size-large\"><img decoding=\"async\" src=\"https:\/\/jornalfatosenoticias.com.br\/wp-content\/uploads\/2020\/02\/logo_esteio.jpg\" alt=\"\" class=\"wp-image-1214\"\/><\/figure><\/div>\n\n\n\n<p>O profissional da sa\u00fade esclarece que muitos sintomas de depress\u00e3o s\u00e3o parecidos com os da defici\u00eancia androg\u00eanica, como cansa\u00e7o, fadiga, perda de libido, ganho de peso e des\u00e2nimo para atividades habituais. A diferen\u00e7a \u00e9 encontrada, normalmente, em exames cl\u00ednicos e laboratoriais.<\/p>\n\n\n\n<div class=\"wp-block-image\"><figure class=\"aligncenter size-large is-resized\"><img loading=\"lazy\" decoding=\"async\" src=\"https:\/\/jornalfatosenoticias.com.br\/wp-content\/uploads\/2022\/08\/logo-locau-veiculos-1024x573.png\" alt=\"\" class=\"wp-image-33078\" width=\"330\" height=\"184\"\/><\/figure><\/div>\n\n\n\n<p>Dr. Heleno afirma que a sa\u00fade mental poder\u00e1 ser beneficiada com a terapia de reposi\u00e7\u00e3o de testosterona, nos casos em que a doen\u00e7a mental estiver associada a duas ou mais medi\u00e7\u00f5es laboratoriais de testosterona abaixo da normalidade. Por fim, a recomenda\u00e7\u00e3o \u00e9 manter uma vida sexual ativa para manter o bem-estar e ajudar na sa\u00fade, seja ela f\u00edsica ou mental.<\/p>\n\n\n\n<p><em><strong>Fonte: <a href=\"https:\/\/canaltech.com.br\/saude\/janeiro-branco-niveis-baixos-de-testosterona-causam-depressao-236366\/\">Canaltech<\/a><\/strong><\/em><\/p>\n","protected":false},"excerpt":{"rendered":"<p>Neste m\u00eas, celebramos a campanha do Janeiro Branco, em que se levanta a conscientiza\u00e7\u00e3o sobre a sa\u00fade mental. A depress\u00e3o \u00e9 uma das principais condi\u00e7\u00f5es emocionais que abala parte da popula\u00e7\u00e3o, e quanto mais pudermos entender as poss\u00edveis causas, melhor. Uma dessas possibilidades, levantada por alguns artigos cient\u00edficos, \u00e9 o baixo n\u00edvel de testosterona. Segundo [&hellip;]<\/p>\n","protected":false},"author":2,"featured_media":37890,"comment_status":"open","ping_status":"open","sticky":false,"template":"","format":"standard","meta":{"footnotes":""},"categories":[11],"tags":[2375,6861,17762,8122],"class_list":["post-37888","post","type-post","status-publish","format-standard","has-post-thumbnail","hentry","category-saude","tag-depressao","tag-janeiro-branco","tag-sintomas-de-depressao","tag-testosterona"],"yoast_head":"<!-- This site is optimized with the Yoast SEO plugin v26.5 - https:\/\/yoast.com\/wordpress\/plugins\/seo\/ -->\n<title>Janeiro Branco, n\u00edveis baixos de testosterona causam depress\u00e3o? - Jornal Fatos e Not\u00edcias<\/title>\n<meta name=\"robots\" content=\"index, follow, max-snippet:-1, max-image-preview:large, max-video-preview:-1\" \/>\n<link rel=\"canonical\" href=\"https:\/\/jornalfatosenoticias.com.br\/index.php\/2023\/01\/18\/janeiro-branco-niveis-baixos-de-testosterona-causam-depressao\/\" \/>\n<meta property=\"og:locale\" content=\"pt_BR\" \/>\n<meta property=\"og:type\" content=\"article\" \/>\n<meta property=\"og:title\" content=\"Janeiro Branco, n\u00edveis baixos de testosterona causam depress\u00e3o? - Jornal Fatos e Not\u00edcias\" \/>\n<meta property=\"og:description\" content=\"Neste m\u00eas, celebramos a campanha do Janeiro Branco, em que se levanta a conscientiza\u00e7\u00e3o sobre a sa\u00fade mental. A depress\u00e3o \u00e9 uma das principais condi\u00e7\u00f5es emocionais que abala parte da popula\u00e7\u00e3o, e quanto mais pudermos entender as poss\u00edveis causas, melhor. Uma dessas possibilidades, levantada por alguns artigos cient\u00edficos, \u00e9 o baixo n\u00edvel de testosterona. Segundo [&hellip;]\" \/>\n<meta property=\"og:url\" content=\"https:\/\/jornalfatosenoticias.com.br\/index.php\/2023\/01\/18\/janeiro-branco-niveis-baixos-de-testosterona-causam-depressao\/\" \/>\n<meta property=\"og:site_name\" content=\"Jornal Fatos e Not\u00edcias\" \/>\n<meta property=\"article:published_time\" content=\"2023-01-18T12:31:01+00:00\" \/>\n<meta property=\"og:image\" content=\"https:\/\/jornalfatosenoticias.com.br\/wp-content\/uploads\/2023\/01\/janeiro-branco1.jpg\" \/>\n\t<meta property=\"og:image:width\" content=\"1000\" \/>\n\t<meta property=\"og:image:height\" content=\"562\" \/>\n\t<meta property=\"og:image:type\" content=\"image\/jpeg\" \/>\n<meta name=\"author\" content=\"Luzimara Fernandes\" \/>\n<meta name=\"twitter:card\" content=\"summary_large_image\" \/>\n<meta name=\"twitter:label1\" content=\"Escrito por\" \/>\n\t<meta name=\"twitter:data1\" content=\"Luzimara Fernandes\" \/>\n\t<meta name=\"twitter:label2\" content=\"Est. tempo de leitura\" \/>\n\t<meta name=\"twitter:data2\" content=\"2 minutos\" \/>\n<script type=\"application\/ld+json\" class=\"yoast-schema-graph\">{\"@context\":\"https:\/\/schema.org\",\"@graph\":[{\"@type\":\"Article\",\"@id\":\"https:\/\/jornalfatosenoticias.com.br\/index.php\/2023\/01\/18\/janeiro-branco-niveis-baixos-de-testosterona-causam-depressao\/#article\",\"isPartOf\":{\"@id\":\"https:\/\/jornalfatosenoticias.com.br\/index.php\/2023\/01\/18\/janeiro-branco-niveis-baixos-de-testosterona-causam-depressao\/\"},\"author\":{\"name\":\"Luzimara Fernandes\",\"@id\":\"https:\/\/jornalfatosenoticias.com.br\/#\/schema\/person\/d63837fa13ac8666eb9e74e0985d6f81\"},\"headline\":\"Janeiro Branco, n\u00edveis baixos de testosterona causam depress\u00e3o?\",\"datePublished\":\"2023-01-18T12:31:01+00:00\",\"mainEntityOfPage\":{\"@id\":\"https:\/\/jornalfatosenoticias.com.br\/index.php\/2023\/01\/18\/janeiro-branco-niveis-baixos-de-testosterona-causam-depressao\/\"},\"wordCount\":464,\"commentCount\":0,\"publisher\":{\"@id\":\"https:\/\/jornalfatosenoticias.com.br\/#organization\"},\"image\":{\"@id\":\"https:\/\/jornalfatosenoticias.com.br\/index.php\/2023\/01\/18\/janeiro-branco-niveis-baixos-de-testosterona-causam-depressao\/#primaryimage\"},\"thumbnailUrl\":\"https:\/\/jornalfatosenoticias.com.br\/wp-content\/uploads\/2023\/01\/janeiro-branco1.jpg\",\"keywords\":[\"depress\u00e3o\",\"Janeiro Branco\",\"sintomas de depress\u00e3o\",\"testosterona\"],\"articleSection\":[\"Sa\u00fade\"],\"inLanguage\":\"pt-BR\",\"potentialAction\":[{\"@type\":\"CommentAction\",\"name\":\"Comment\",\"target\":[\"https:\/\/jornalfatosenoticias.com.br\/index.php\/2023\/01\/18\/janeiro-branco-niveis-baixos-de-testosterona-causam-depressao\/#respond\"]}]},{\"@type\":\"WebPage\",\"@id\":\"https:\/\/jornalfatosenoticias.com.br\/index.php\/2023\/01\/18\/janeiro-branco-niveis-baixos-de-testosterona-causam-depressao\/\",\"url\":\"https:\/\/jornalfatosenoticias.com.br\/index.php\/2023\/01\/18\/janeiro-branco-niveis-baixos-de-testosterona-causam-depressao\/\",\"name\":\"Janeiro Branco, n\u00edveis baixos de testosterona causam depress\u00e3o? - Jornal Fatos e Not\u00edcias\",\"isPartOf\":{\"@id\":\"https:\/\/jornalfatosenoticias.com.br\/#website\"},\"primaryImageOfPage\":{\"@id\":\"https:\/\/jornalfatosenoticias.com.br\/index.php\/2023\/01\/18\/janeiro-branco-niveis-baixos-de-testosterona-causam-depressao\/#primaryimage\"},\"image\":{\"@id\":\"https:\/\/jornalfatosenoticias.com.br\/index.php\/2023\/01\/18\/janeiro-branco-niveis-baixos-de-testosterona-causam-depressao\/#primaryimage\"},\"thumbnailUrl\":\"https:\/\/jornalfatosenoticias.com.br\/wp-content\/uploads\/2023\/01\/janeiro-branco1.jpg\",\"datePublished\":\"2023-01-18T12:31:01+00:00\",\"breadcrumb\":{\"@id\":\"https:\/\/jornalfatosenoticias.com.br\/index.php\/2023\/01\/18\/janeiro-branco-niveis-baixos-de-testosterona-causam-depressao\/#breadcrumb\"},\"inLanguage\":\"pt-BR\",\"potentialAction\":[{\"@type\":\"ReadAction\",\"target\":[\"https:\/\/jornalfatosenoticias.com.br\/index.php\/2023\/01\/18\/janeiro-branco-niveis-baixos-de-testosterona-causam-depressao\/\"]}]},{\"@type\":\"ImageObject\",\"inLanguage\":\"pt-BR\",\"@id\":\"https:\/\/jornalfatosenoticias.com.br\/index.php\/2023\/01\/18\/janeiro-branco-niveis-baixos-de-testosterona-causam-depressao\/#primaryimage\",\"url\":\"https:\/\/jornalfatosenoticias.com.br\/wp-content\/uploads\/2023\/01\/janeiro-branco1.jpg\",\"contentUrl\":\"https:\/\/jornalfatosenoticias.com.br\/wp-content\/uploads\/2023\/01\/janeiro-branco1.jpg\",\"width\":1000,\"height\":562},{\"@type\":\"BreadcrumbList\",\"@id\":\"https:\/\/jornalfatosenoticias.com.br\/index.php\/2023\/01\/18\/janeiro-branco-niveis-baixos-de-testosterona-causam-depressao\/#breadcrumb\",\"itemListElement\":[{\"@type\":\"ListItem\",\"position\":1,\"name\":\"In\u00edcio\",\"item\":\"https:\/\/jornalfatosenoticias.com.br\/\"},{\"@type\":\"ListItem\",\"position\":2,\"name\":\"Janeiro Branco, n\u00edveis baixos de testosterona causam depress\u00e3o?\"}]},{\"@type\":\"WebSite\",\"@id\":\"https:\/\/jornalfatosenoticias.com.br\/#website\",\"url\":\"https:\/\/jornalfatosenoticias.com.br\/\",\"name\":\"Jornal Fatos e Not\u00edcias\",\"description\":\"Not\u00edcias em geral\",\"publisher\":{\"@id\":\"https:\/\/jornalfatosenoticias.com.br\/#organization\"},\"potentialAction\":[{\"@type\":\"SearchAction\",\"target\":{\"@type\":\"EntryPoint\",\"urlTemplate\":\"https:\/\/jornalfatosenoticias.com.br\/?s={search_term_string}\"},\"query-input\":{\"@type\":\"PropertyValueSpecification\",\"valueRequired\":true,\"valueName\":\"search_term_string\"}}],\"inLanguage\":\"pt-BR\"},{\"@type\":\"Organization\",\"@id\":\"https:\/\/jornalfatosenoticias.com.br\/#organization\",\"name\":\"Jornal Fatos e Not\u00edcias\",\"url\":\"https:\/\/jornalfatosenoticias.com.br\/\",\"logo\":{\"@type\":\"ImageObject\",\"inLanguage\":\"pt-BR\",\"@id\":\"https:\/\/jornalfatosenoticias.com.br\/#\/schema\/logo\/image\/\",\"url\":\"https:\/\/jornalfatosenoticias.com.br\/wp-content\/uploads\/2020\/02\/logo120.png\",\"contentUrl\":\"https:\/\/jornalfatosenoticias.com.br\/wp-content\/uploads\/2020\/02\/logo120.png\",\"width\":1227,\"height\":120,\"caption\":\"Jornal Fatos e Not\u00edcias\"},\"image\":{\"@id\":\"https:\/\/jornalfatosenoticias.com.br\/#\/schema\/logo\/image\/\"}},{\"@type\":\"Person\",\"@id\":\"https:\/\/jornalfatosenoticias.com.br\/#\/schema\/person\/d63837fa13ac8666eb9e74e0985d6f81\",\"name\":\"Luzimara Fernandes\",\"image\":{\"@type\":\"ImageObject\",\"inLanguage\":\"pt-BR\",\"@id\":\"https:\/\/jornalfatosenoticias.com.br\/#\/schema\/person\/image\/\",\"url\":\"https:\/\/jornalfatosenoticias.com.br\/wp-content\/uploads\/2025\/05\/EU_portal.jpg\",\"contentUrl\":\"https:\/\/jornalfatosenoticias.com.br\/wp-content\/uploads\/2025\/05\/EU_portal.jpg\",\"caption\":\"Luzimara Fernandes\"},\"description\":\"Jornalista MTB 2358-ES\",\"sameAs\":[\"https:\/\/jornalfatosenoticias.com.br\"],\"url\":\"https:\/\/jornalfatosenoticias.com.br\/index.php\/author\/luzimara\/\"}]}<\/script>\n<!-- \/ Yoast SEO plugin. -->","yoast_head_json":{"title":"Janeiro Branco, n\u00edveis baixos de testosterona causam depress\u00e3o? - Jornal Fatos e Not\u00edcias","robots":{"index":"index","follow":"follow","max-snippet":"max-snippet:-1","max-image-preview":"max-image-preview:large","max-video-preview":"max-video-preview:-1"},"canonical":"https:\/\/jornalfatosenoticias.com.br\/index.php\/2023\/01\/18\/janeiro-branco-niveis-baixos-de-testosterona-causam-depressao\/","og_locale":"pt_BR","og_type":"article","og_title":"Janeiro Branco, n\u00edveis baixos de testosterona causam depress\u00e3o? - Jornal Fatos e Not\u00edcias","og_description":"Neste m\u00eas, celebramos a campanha do Janeiro Branco, em que se levanta a conscientiza\u00e7\u00e3o sobre a sa\u00fade mental. A depress\u00e3o \u00e9 uma das principais condi\u00e7\u00f5es emocionais que abala parte da popula\u00e7\u00e3o, e quanto mais pudermos entender as poss\u00edveis causas, melhor. Uma dessas possibilidades, levantada por alguns artigos cient\u00edficos, \u00e9 o baixo n\u00edvel de testosterona. Segundo [&hellip;]","og_url":"https:\/\/jornalfatosenoticias.com.br\/index.php\/2023\/01\/18\/janeiro-branco-niveis-baixos-de-testosterona-causam-depressao\/","og_site_name":"Jornal Fatos e Not\u00edcias","article_published_time":"2023-01-18T12:31:01+00:00","og_image":[{"width":1000,"height":562,"url":"https:\/\/jornalfatosenoticias.com.br\/wp-content\/uploads\/2023\/01\/janeiro-branco1.jpg","type":"image\/jpeg"}],"author":"Luzimara Fernandes","twitter_card":"summary_large_image","twitter_misc":{"Escrito por":"Luzimara Fernandes","Est. tempo de leitura":"2 minutos"},"schema":{"@context":"https:\/\/schema.org","@graph":[{"@type":"Article","@id":"https:\/\/jornalfatosenoticias.com.br\/index.php\/2023\/01\/18\/janeiro-branco-niveis-baixos-de-testosterona-causam-depressao\/#article","isPartOf":{"@id":"https:\/\/jornalfatosenoticias.com.br\/index.php\/2023\/01\/18\/janeiro-branco-niveis-baixos-de-testosterona-causam-depressao\/"},"author":{"name":"Luzimara Fernandes","@id":"https:\/\/jornalfatosenoticias.com.br\/#\/schema\/person\/d63837fa13ac8666eb9e74e0985d6f81"},"headline":"Janeiro Branco, n\u00edveis baixos de testosterona causam depress\u00e3o?","datePublished":"2023-01-18T12:31:01+00:00","mainEntityOfPage":{"@id":"https:\/\/jornalfatosenoticias.com.br\/index.php\/2023\/01\/18\/janeiro-branco-niveis-baixos-de-testosterona-causam-depressao\/"},"wordCount":464,"commentCount":0,"publisher":{"@id":"https:\/\/jornalfatosenoticias.com.br\/#organization"},"image":{"@id":"https:\/\/jornalfatosenoticias.com.br\/index.php\/2023\/01\/18\/janeiro-branco-niveis-baixos-de-testosterona-causam-depressao\/#primaryimage"},"thumbnailUrl":"https:\/\/jornalfatosenoticias.com.br\/wp-content\/uploads\/2023\/01\/janeiro-branco1.jpg","keywords":["depress\u00e3o","Janeiro Branco","sintomas de depress\u00e3o","testosterona"],"articleSection":["Sa\u00fade"],"inLanguage":"pt-BR","potentialAction":[{"@type":"CommentAction","name":"Comment","target":["https:\/\/jornalfatosenoticias.com.br\/index.php\/2023\/01\/18\/janeiro-branco-niveis-baixos-de-testosterona-causam-depressao\/#respond"]}]},{"@type":"WebPage","@id":"https:\/\/jornalfatosenoticias.com.br\/index.php\/2023\/01\/18\/janeiro-branco-niveis-baixos-de-testosterona-causam-depressao\/","url":"https:\/\/jornalfatosenoticias.com.br\/index.php\/2023\/01\/18\/janeiro-branco-niveis-baixos-de-testosterona-causam-depressao\/","name":"Janeiro Branco, n\u00edveis baixos de testosterona causam depress\u00e3o? - Jornal Fatos e Not\u00edcias","isPartOf":{"@id":"https:\/\/jornalfatosenoticias.com.br\/#website"},"primaryImageOfPage":{"@id":"https:\/\/jornalfatosenoticias.com.br\/index.php\/2023\/01\/18\/janeiro-branco-niveis-baixos-de-testosterona-causam-depressao\/#primaryimage"},"image":{"@id":"https:\/\/jornalfatosenoticias.com.br\/index.php\/2023\/01\/18\/janeiro-branco-niveis-baixos-de-testosterona-causam-depressao\/#primaryimage"},"thumbnailUrl":"https:\/\/jornalfatosenoticias.com.br\/wp-content\/uploads\/2023\/01\/janeiro-branco1.jpg","datePublished":"2023-01-18T12:31:01+00:00","breadcrumb":{"@id":"https:\/\/jornalfatosenoticias.com.br\/index.php\/2023\/01\/18\/janeiro-branco-niveis-baixos-de-testosterona-causam-depressao\/#breadcrumb"},"inLanguage":"pt-BR","potentialAction":[{"@type":"ReadAction","target":["https:\/\/jornalfatosenoticias.com.br\/index.php\/2023\/01\/18\/janeiro-branco-niveis-baixos-de-testosterona-causam-depressao\/"]}]},{"@type":"ImageObject","inLanguage":"pt-BR","@id":"https:\/\/jornalfatosenoticias.com.br\/index.php\/2023\/01\/18\/janeiro-branco-niveis-baixos-de-testosterona-causam-depressao\/#primaryimage","url":"https:\/\/jornalfatosenoticias.com.br\/wp-content\/uploads\/2023\/01\/janeiro-branco1.jpg","contentUrl":"https:\/\/jornalfatosenoticias.com.br\/wp-content\/uploads\/2023\/01\/janeiro-branco1.jpg","width":1000,"height":562},{"@type":"BreadcrumbList","@id":"https:\/\/jornalfatosenoticias.com.br\/index.php\/2023\/01\/18\/janeiro-branco-niveis-baixos-de-testosterona-causam-depressao\/#breadcrumb","itemListElement":[{"@type":"ListItem","position":1,"name":"In\u00edcio","item":"https:\/\/jornalfatosenoticias.com.br\/"},{"@type":"ListItem","position":2,"name":"Janeiro Branco, n\u00edveis baixos de testosterona causam depress\u00e3o?"}]},{"@type":"WebSite","@id":"https:\/\/jornalfatosenoticias.com.br\/#website","url":"https:\/\/jornalfatosenoticias.com.br\/","name":"Jornal Fatos e Not\u00edcias","description":"Not\u00edcias em geral","publisher":{"@id":"https:\/\/jornalfatosenoticias.com.br\/#organization"},"potentialAction":[{"@type":"SearchAction","target":{"@type":"EntryPoint","urlTemplate":"https:\/\/jornalfatosenoticias.com.br\/?s={search_term_string}"},"query-input":{"@type":"PropertyValueSpecification","valueRequired":true,"valueName":"search_term_string"}}],"inLanguage":"pt-BR"},{"@type":"Organization","@id":"https:\/\/jornalfatosenoticias.com.br\/#organization","name":"Jornal Fatos e Not\u00edcias","url":"https:\/\/jornalfatosenoticias.com.br\/","logo":{"@type":"ImageObject","inLanguage":"pt-BR","@id":"https:\/\/jornalfatosenoticias.com.br\/#\/schema\/logo\/image\/","url":"https:\/\/jornalfatosenoticias.com.br\/wp-content\/uploads\/2020\/02\/logo120.png","contentUrl":"https:\/\/jornalfatosenoticias.com.br\/wp-content\/uploads\/2020\/02\/logo120.png","width":1227,"height":120,"caption":"Jornal Fatos e Not\u00edcias"},"image":{"@id":"https:\/\/jornalfatosenoticias.com.br\/#\/schema\/logo\/image\/"}},{"@type":"Person","@id":"https:\/\/jornalfatosenoticias.com.br\/#\/schema\/person\/d63837fa13ac8666eb9e74e0985d6f81","name":"Luzimara Fernandes","image":{"@type":"ImageObject","inLanguage":"pt-BR","@id":"https:\/\/jornalfatosenoticias.com.br\/#\/schema\/person\/image\/","url":"https:\/\/jornalfatosenoticias.com.br\/wp-content\/uploads\/2025\/05\/EU_portal.jpg","contentUrl":"https:\/\/jornalfatosenoticias.com.br\/wp-content\/uploads\/2025\/05\/EU_portal.jpg","caption":"Luzimara Fernandes"},"description":"Jornalista MTB 2358-ES","sameAs":["https:\/\/jornalfatosenoticias.com.br"],"url":"https:\/\/jornalfatosenoticias.com.br\/index.php\/author\/luzimara\/"}]}},"cc_featured_image_caption":{"caption_text":"(Foto: Ollyi\/Envato) ","source_text":"","source_url":""},"jetpack_featured_media_url":"https:\/\/jornalfatosenoticias.com.br\/wp-content\/uploads\/2023\/01\/janeiro-branco1.jpg","_links":{"self":[{"href":"https:\/\/jornalfatosenoticias.com.br\/index.php\/wp-json\/wp\/v2\/posts\/37888","targetHints":{"allow":["GET"]}}],"collection":[{"href":"https:\/\/jornalfatosenoticias.com.br\/index.php\/wp-json\/wp\/v2\/posts"}],"about":[{"href":"https:\/\/jornalfatosenoticias.com.br\/index.php\/wp-json\/wp\/v2\/types\/post"}],"author":[{"embeddable":true,"href":"https:\/\/jornalfatosenoticias.com.br\/index.php\/wp-json\/wp\/v2\/users\/2"}],"replies":[{"embeddable":true,"href":"https:\/\/jornalfatosenoticias.com.br\/index.php\/wp-json\/wp\/v2\/comments?post=37888"}],"version-history":[{"count":0,"href":"https:\/\/jornalfatosenoticias.com.br\/index.php\/wp-json\/wp\/v2\/posts\/37888\/revisions"}],"wp:featuredmedia":[{"embeddable":true,"href":"https:\/\/jornalfatosenoticias.com.br\/index.php\/wp-json\/wp\/v2\/media\/37890"}],"wp:attachment":[{"href":"https:\/\/jornalfatosenoticias.com.br\/index.php\/wp-json\/wp\/v2\/media?parent=37888"}],"wp:term":[{"taxonomy":"category","embeddable":true,"href":"https:\/\/jornalfatosenoticias.com.br\/index.php\/wp-json\/wp\/v2\/categories?post=37888"},{"taxonomy":"post_tag","embeddable":true,"href":"https:\/\/jornalfatosenoticias.com.br\/index.php\/wp-json\/wp\/v2\/tags?post=37888"}],"curies":[{"name":"wp","href":"https:\/\/api.w.org\/{rel}","templated":true}]}}