{"id":37913,"date":"2023-01-18T11:08:06","date_gmt":"2023-01-18T14:08:06","guid":{"rendered":"https:\/\/jornalfatosenoticias.com.br\/?p=37913"},"modified":"2023-01-18T11:08:08","modified_gmt":"2023-01-18T14:08:08","slug":"cidades-que-converteram-ruas-em-areas-caminhaveis","status":"publish","type":"post","link":"https:\/\/jornalfatosenoticias.com.br\/index.php\/2023\/01\/18\/cidades-que-converteram-ruas-em-areas-caminhaveis\/","title":{"rendered":"Cidades que converteram ruas em \u00e1reas caminh\u00e1veis"},"content":{"rendered":"\n<p><em><span class=\"has-inline-color has-black-color\">Tal medida, que ampliou a \u00e1rea das cal\u00e7adas que pode ser utilizada pela popula\u00e7\u00e3o, tamb\u00e9m tem em outros modelos adotados em diversas localidades uma forma efetiva de mudar a configura\u00e7\u00e3o da paisagem urbana<\/span><\/em><\/p>\n\n\n\n<div class=\"wp-block-image\"><figure class=\"aligncenter size-large\"><img loading=\"lazy\" decoding=\"async\" width=\"560\" height=\"60\" src=\"https:\/\/jornalfatosenoticias.com.br\/wp-content\/uploads\/2022\/10\/Propaganda-RC-Radiadores-Jornal_page-0001.jpg\" alt=\"\" class=\"wp-image-35270\" srcset=\"https:\/\/jornalfatosenoticias.com.br\/wp-content\/uploads\/2022\/10\/Propaganda-RC-Radiadores-Jornal_page-0001.jpg 560w, https:\/\/jornalfatosenoticias.com.br\/wp-content\/uploads\/2022\/10\/Propaganda-RC-Radiadores-Jornal_page-0001-300x32.jpg 300w\" sizes=\"auto, (max-width: 560px) 100vw, 560px\" \/><\/figure><\/div>\n\n\n\n<p>A amplia\u00e7\u00e3o das \u00e1reas caminh\u00e1veis nas cidades, sobretudo nos grandes centros, tem o potencial de <strong>modificar a percep\u00e7\u00e3o do p\u00fablico<\/strong> ao acerca de um determinado local, estimulando uma forma mais ativa de deslocamento.<br>Os benef\u00edcios decorrentes desse esfor\u00e7o t\u00eam sido objeto de estudo h\u00e1 d\u00e9cadas, a exemplo do percebido em S\u00e3o Francisco que, devido aos esfor\u00e7os do governo local, implantou <strong>modelos de parklets nas \u00e1reas destinadas aos estacionamentos.<\/strong><\/p>\n\n\n\n<div class=\"wp-block-image\"><figure class=\"aligncenter size-large is-resized\"><img loading=\"lazy\" decoding=\"async\" src=\"https:\/\/jornalfatosenoticias.com.br\/wp-content\/uploads\/2022\/08\/logo-locau-veiculos-1024x573.png\" alt=\"\" class=\"wp-image-33078\" width=\"307\" height=\"171\"\/><\/figure><\/div>\n\n\n\n<p>Tal medida, que ampliou a \u00e1rea das cal\u00e7adas que pode ser utilizada pela popula\u00e7\u00e3o, tamb\u00e9m tem em outros modelos adotados em diversas localidades uma forma efetiva de mudar a configura\u00e7\u00e3o da paisagem urbana.<br>Confira, agora, quatro cidades que apostaram na convers\u00e3o das ruas em \u00e1reas caminh\u00e1veis<\/p>\n\n\n\n<div class=\"wp-block-image\"><figure class=\"aligncenter size-large\"><img loading=\"lazy\" decoding=\"async\" width=\"729\" height=\"90\" src=\"https:\/\/jornalfatosenoticias.com.br\/wp-content\/uploads\/2020\/02\/Logo_Mizu.png\" alt=\"\" class=\"wp-image-1441\" srcset=\"https:\/\/jornalfatosenoticias.com.br\/wp-content\/uploads\/2020\/02\/Logo_Mizu.png 729w, https:\/\/jornalfatosenoticias.com.br\/wp-content\/uploads\/2020\/02\/Logo_Mizu-300x37.png 300w\" sizes=\"auto, (max-width: 729px) 100vw, 729px\" \/><\/figure><\/div>\n\n\n\n<ol class=\"wp-block-list\"><li><strong><span class=\"has-inline-color has-vivid-green-cyan-color\">Copenhague<\/span><\/strong><\/li><\/ol>\n\n\n\n<div class=\"wp-block-image\"><figure class=\"aligncenter size-large\"><img loading=\"lazy\" decoding=\"async\" width=\"1000\" height=\"667\" src=\"https:\/\/jornalfatosenoticias.com.br\/wp-content\/uploads\/2023\/01\/Copenhague.jpg\" alt=\"\" class=\"wp-image-37914\" srcset=\"https:\/\/jornalfatosenoticias.com.br\/wp-content\/uploads\/2023\/01\/Copenhague.jpg 1000w, https:\/\/jornalfatosenoticias.com.br\/wp-content\/uploads\/2023\/01\/Copenhague-300x200.jpg 300w, https:\/\/jornalfatosenoticias.com.br\/wp-content\/uploads\/2023\/01\/Copenhague-768x512.jpg 768w\" sizes=\"auto, (max-width: 1000px) 100vw, 1000px\" \/><figcaption><em><span class=\"has-inline-color has-black-color\">Ap\u00f3s o primeiro ano, o aumento no volume de pedestres nas ruas foi de 35% (Foto: Shutterstock\/Reprodu\u00e7\u00e3o)<\/span><\/em><\/figcaption><\/figure><\/div>\n\n\n\n<div class=\"wp-block-image\"><figure class=\"aligncenter size-large is-resized\"><img loading=\"lazy\" decoding=\"async\" src=\"https:\/\/jornalfatosenoticias.com.br\/wp-content\/uploads\/2022\/07\/Logo-Grupo-SEI.jpg\" alt=\"\" class=\"wp-image-31973\" width=\"281\" height=\"147\" srcset=\"https:\/\/jornalfatosenoticias.com.br\/wp-content\/uploads\/2022\/07\/Logo-Grupo-SEI.jpg 713w, https:\/\/jornalfatosenoticias.com.br\/wp-content\/uploads\/2022\/07\/Logo-Grupo-SEI-300x158.jpg 300w\" sizes=\"auto, (max-width: 281px) 100vw, 281px\" \/><\/figure><\/div>\n\n\n\n<p>Na busca por reduzir o fluxo de ve\u00edculos, a cidade de <a href=\"https:\/\/www.megacurioso.com.br\/ciencia\/119611-5-cidades-que-estao-fazendo-um-bom-planejamento-urbano.htm\" rel=\"noreferrer noopener\" target=\"_blank\">Copenhague<\/a>, na Dinamarca, apostou na mudan\u00e7a. A partir disso, as ruas do centro, ent\u00e3o, passaram a ser dominadas por pedestres, o que acabou por se configurar tamb\u00e9m como um maior incentivo ao uso de bicicletas.<\/p>\n\n\n\n<div class=\"wp-block-image\"><figure class=\"aligncenter size-large\"><img loading=\"lazy\" decoding=\"async\" width=\"1024\" height=\"100\" src=\"https:\/\/jornalfatosenoticias.com.br\/wp-content\/uploads\/2020\/02\/banner_ferramentas-1024x100.jpg\" alt=\"\" class=\"wp-image-1258\" srcset=\"https:\/\/jornalfatosenoticias.com.br\/wp-content\/uploads\/2020\/02\/banner_ferramentas-1024x100.jpg 1024w, https:\/\/jornalfatosenoticias.com.br\/wp-content\/uploads\/2020\/02\/banner_ferramentas-300x29.jpg 300w, https:\/\/jornalfatosenoticias.com.br\/wp-content\/uploads\/2020\/02\/banner_ferramentas-768x75.jpg 768w, https:\/\/jornalfatosenoticias.com.br\/wp-content\/uploads\/2020\/02\/banner_ferramentas.jpg 1227w\" sizes=\"auto, (max-width: 1024px) 100vw, 1024px\" \/><\/figure><\/div>\n\n\n\n<p>O projeto, idealizado na d\u00e9cada de 1960, deu t\u00e3o certo que foi ampliado dentro do pr\u00f3prio pa\u00eds e se tornou refer\u00eancia global, passando a ser adotado em outras cidades ao redor do mundo.<\/p>\n\n\n\n<div class=\"wp-block-image\"><figure class=\"aligncenter size-large is-resized\"><img loading=\"lazy\" decoding=\"async\" src=\"https:\/\/jornalfatosenoticias.com.br\/wp-content\/uploads\/2020\/02\/logo-clinica-limoeiro.jpg\" alt=\"\" class=\"wp-image-34610\" width=\"269\" height=\"191\"\/><\/figure><\/div>\n\n\n\n<ol class=\"wp-block-list\" start=\"2\"><li><strong><span class=\"has-inline-color has-vivid-green-cyan-color\">Istambul<\/span><\/strong><\/li><\/ol>\n\n\n\n<div class=\"wp-block-image\"><figure class=\"aligncenter size-large\"><img loading=\"lazy\" decoding=\"async\" width=\"1000\" height=\"667\" src=\"https:\/\/jornalfatosenoticias.com.br\/wp-content\/uploads\/2023\/01\/Istambul.jpg\" alt=\"\" class=\"wp-image-37915\" srcset=\"https:\/\/jornalfatosenoticias.com.br\/wp-content\/uploads\/2023\/01\/Istambul.jpg 1000w, https:\/\/jornalfatosenoticias.com.br\/wp-content\/uploads\/2023\/01\/Istambul-300x200.jpg 300w, https:\/\/jornalfatosenoticias.com.br\/wp-content\/uploads\/2023\/01\/Istambul-768x512.jpg 768w\" sizes=\"auto, (max-width: 1000px) 100vw, 1000px\" \/><figcaption><em><span class=\"has-inline-color has-black-color\">A mudan\u00e7a promove uma maior sensa\u00e7\u00e3o de seguran\u00e7a entre os transeuntes (Foto: Shutterstock\/Reprodu\u00e7\u00e3o)<\/span><\/em><\/figcaption><\/figure><\/div>\n\n\n\n<div class=\"wp-block-image\"><figure class=\"aligncenter size-large\"><img loading=\"lazy\" decoding=\"async\" width=\"1024\" height=\"111\" src=\"https:\/\/jornalfatosenoticias.com.br\/wp-content\/uploads\/2020\/02\/WhatsApp-Image-2022-09-23-at-12.09.18-1024x111.jpeg\" alt=\"\" class=\"wp-image-34527\" srcset=\"https:\/\/jornalfatosenoticias.com.br\/wp-content\/uploads\/2020\/02\/WhatsApp-Image-2022-09-23-at-12.09.18-1024x111.jpeg 1024w, https:\/\/jornalfatosenoticias.com.br\/wp-content\/uploads\/2020\/02\/WhatsApp-Image-2022-09-23-at-12.09.18-300x32.jpeg 300w, https:\/\/jornalfatosenoticias.com.br\/wp-content\/uploads\/2020\/02\/WhatsApp-Image-2022-09-23-at-12.09.18-768x83.jpeg 768w, https:\/\/jornalfatosenoticias.com.br\/wp-content\/uploads\/2020\/02\/WhatsApp-Image-2022-09-23-at-12.09.18.jpeg 1121w\" sizes=\"auto, (max-width: 1024px) 100vw, 1024px\" \/><\/figure><\/div>\n\n\n\n<p>Istambul, uma das maiores cidade da <a href=\"https:\/\/www.megacurioso.com.br\/educacao\/121766-maior-cidade-subterranea-do-mundo-e-descoberta-na-turquia.htm\" rel=\"noreferrer noopener\" target=\"_blank\">Turquia<\/a>, em busca de reduzir as emiss\u00f5es de poluentes, tamb\u00e9m inovou nos anos 1980. Com isso, a Avenida Istiklal, que possui 1,4 km de extens\u00e3o e 15 metros de largura, se transformou num novo espa\u00e7o, trazendo a popula\u00e7\u00e3o para mais perto de pr\u00e9dios hist\u00f3ricos da cidade e tamb\u00e9m do com\u00e9rcio. O local, hoje, \u00e9 um dos mais populares, atraindo turistas.<\/p>\n\n\n\n<div class=\"wp-block-image\"><figure class=\"aligncenter size-large is-resized\"><img loading=\"lazy\" decoding=\"async\" src=\"https:\/\/jornalfatosenoticias.com.br\/wp-content\/uploads\/2020\/02\/casa-do-torresmo_portal.jpg\" alt=\"\" class=\"wp-image-34472\" width=\"287\" height=\"287\" srcset=\"https:\/\/jornalfatosenoticias.com.br\/wp-content\/uploads\/2020\/02\/casa-do-torresmo_portal.jpg 300w, https:\/\/jornalfatosenoticias.com.br\/wp-content\/uploads\/2020\/02\/casa-do-torresmo_portal-150x150.jpg 150w\" sizes=\"auto, (max-width: 287px) 100vw, 287px\" \/><\/figure><\/div>\n\n\n\n<ol class=\"wp-block-list\" start=\"3\"><li><strong><span class=\"has-inline-color has-vivid-green-cyan-color\">Guangzhou<\/span><\/strong><\/li><\/ol>\n\n\n\n<div class=\"wp-block-image\"><figure class=\"aligncenter size-large\"><img loading=\"lazy\" decoding=\"async\" width=\"1000\" height=\"667\" src=\"https:\/\/jornalfatosenoticias.com.br\/wp-content\/uploads\/2023\/01\/Guangzhou.jpg\" alt=\"\" class=\"wp-image-37916\" srcset=\"https:\/\/jornalfatosenoticias.com.br\/wp-content\/uploads\/2023\/01\/Guangzhou.jpg 1000w, https:\/\/jornalfatosenoticias.com.br\/wp-content\/uploads\/2023\/01\/Guangzhou-300x200.jpg 300w, https:\/\/jornalfatosenoticias.com.br\/wp-content\/uploads\/2023\/01\/Guangzhou-768x512.jpg 768w\" sizes=\"auto, (max-width: 1000px) 100vw, 1000px\" \/><figcaption><em><span class=\"has-inline-color has-black-color\">Vis\u00e3o da cidade de Guangzhou, na China (Foto: Shutterstock\/Reprodu\u00e7\u00e3o)<\/span><\/em><\/figcaption><\/figure><\/div>\n\n\n\n<div class=\"wp-block-image\"><figure class=\"aligncenter size-large\"><img decoding=\"async\" src=\"https:\/\/jornalfatosenoticias.com.br\/wp-content\/uploads\/2020\/02\/logo-embacia-1-1024x110.jpg\" alt=\"\" class=\"wp-image-33954\"\/><\/figure><\/div>\n\n\n\n<p>A <a href=\"https:\/\/www.megacurioso.com.br\/educacao\/123956-fora-da-china-5-paises-para-os-quais-as-fabricas-estao-se-mudando.htm\" rel=\"noreferrer noopener\" target=\"_blank\">China<\/a> \u00e9 destaque na busca de solu\u00e7\u00f5es para problemas enfrentados, e isso n\u00e3o seria poss\u00edvel sem a implementa\u00e7\u00e3o de projetos cuidadosamente executados ao longo das \u00faltimas d\u00e9cadas. E na cidade de Guangzhou, a mudan\u00e7a ocorrida numa importante \u00e1rea comercial trouxe a proibi\u00e7\u00e3o do fluxo de ve\u00edculos.<\/p>\n\n\n\n<div class=\"wp-block-image\"><figure class=\"aligncenter size-large\"><img loading=\"lazy\" decoding=\"async\" width=\"300\" height=\"250\" src=\"https:\/\/jornalfatosenoticias.com.br\/wp-content\/uploads\/2022\/08\/arte-Casarao.jpg\" alt=\"\" class=\"wp-image-33178\"\/><\/figure><\/div>\n\n\n\n<p>Para promover uma redu\u00e7\u00e3o mais acentuada no uso de autom\u00f3veis, os estacionamentos tamb\u00e9m est\u00e3o dispostos numa menor quantidade no entorno dessas \u00e1reas caminh\u00e1veis.<\/p>\n\n\n\n<div class=\"wp-block-image\"><figure class=\"aligncenter size-large\"><img decoding=\"async\" src=\"https:\/\/jornalfatosenoticias.com.br\/wp-content\/uploads\/2020\/02\/Serra-Grande-1024x160.png\" alt=\"\" class=\"wp-image-7836\"\/><\/figure><\/div>\n\n\n\n<ol class=\"wp-block-list\" start=\"4\"><li><strong><span class=\"has-inline-color has-vivid-green-cyan-color\">Londrina<\/span><\/strong><\/li><\/ol>\n\n\n\n<div class=\"wp-block-image\"><figure class=\"aligncenter size-large is-resized\"><img loading=\"lazy\" decoding=\"async\" src=\"https:\/\/jornalfatosenoticias.com.br\/wp-content\/uploads\/2023\/01\/Londrina.jpg\" alt=\"\" class=\"wp-image-37917\" width=\"580\" height=\"399\" srcset=\"https:\/\/jornalfatosenoticias.com.br\/wp-content\/uploads\/2023\/01\/Londrina.jpg 1000w, https:\/\/jornalfatosenoticias.com.br\/wp-content\/uploads\/2023\/01\/Londrina-300x207.jpg 300w, https:\/\/jornalfatosenoticias.com.br\/wp-content\/uploads\/2023\/01\/Londrina-768x529.jpg 768w\" sizes=\"auto, (max-width: 580px) 100vw, 580px\" \/><figcaption><em><span class=\"has-inline-color has-black-color\">O cal\u00e7ad\u00e3o de Londrina \u00e9 um dos pontos tur\u00edsticos da cidade (Foto: iStock)<\/span><\/em><\/figcaption><\/figure><\/div>\n\n\n\n<div class=\"wp-block-image\"><figure class=\"aligncenter size-large is-resized\"><img loading=\"lazy\" decoding=\"async\" src=\"https:\/\/jornalfatosenoticias.com.br\/wp-content\/uploads\/2020\/02\/nova-logo-Marquetti.jpg\" alt=\"\" class=\"wp-image-22331\" width=\"273\" height=\"183\" srcset=\"https:\/\/jornalfatosenoticias.com.br\/wp-content\/uploads\/2020\/02\/nova-logo-Marquetti.jpg 643w, https:\/\/jornalfatosenoticias.com.br\/wp-content\/uploads\/2020\/02\/nova-logo-Marquetti-300x202.jpg 300w\" sizes=\"auto, (max-width: 273px) 100vw, 273px\" \/><\/figure><\/div>\n\n\n\n<p>No Brasil, o est\u00edmulo \u00e0s \u00e1reas caminh\u00e1veis \u00e9 uma realidade, como percebido em pontos da cidade de <em><span class=\"has-inline-color has-black-color\">S\u00e3o Paulo (SP), Juiz de Fora (MG)<\/span><\/em> e tamb\u00e9m no estado do <strong>Paran\u00e1<\/strong>. Assim como <em>Curitiba, <\/em>capital do estado, <em>Londrina <\/em>possui o seu pr\u00f3prio cal\u00e7ad\u00e3o, implantado nos anos 1970.<\/p>\n\n\n\n<div class=\"wp-block-image\"><figure class=\"alignleft size-large is-resized\"><img decoding=\"async\" src=\"https:\/\/jornalfatosenoticias.com.br\/wp-content\/uploads\/2022\/02\/Precisao-Contabilidade-1024x724.jpg\" alt=\"\" class=\"wp-image-28088\" width=\"-163\" height=\"-115\"\/><\/figure><\/div>\n\n\n\n<p>Ou seja, por mais que se trate de uma mudan\u00e7a que tem sido adotada h\u00e1 d\u00e9cadas, ela n\u00e3o se manteve restrita a uma \u00fanica regi\u00e3o e ainda hoje apresenta um papel de destaque, sendo uma escolha priorizada no processo de desenvolvimento das cidades do futuro, que buscam aliar a sustentabilidade e estimular a ado\u00e7\u00e3o de formas mais ativas de se locomover pelas ruas.<\/p>\n\n\n\n<p><strong><em>Fonte:<a href=\"https:\/\/www.megacurioso.com.br\/estilo-de-vida\/124070-4-cidades-que-converteram-ruas-em-areas-caminhaveis.htm\"> Mega Curioso<\/a><\/em><\/strong><\/p>\n","protected":false},"excerpt":{"rendered":"<p>Tal medida, que ampliou a \u00e1rea das cal\u00e7adas que pode ser utilizada pela popula\u00e7\u00e3o, tamb\u00e9m tem em outros modelos adotados em diversas localidades uma forma efetiva de mudar a configura\u00e7\u00e3o da paisagem urbana A amplia\u00e7\u00e3o das \u00e1reas caminh\u00e1veis nas cidades, sobretudo nos grandes centros, tem o potencial de modificar a percep\u00e7\u00e3o do p\u00fablico ao acerca [&hellip;]<\/p>\n","protected":false},"author":2,"featured_media":37918,"comment_status":"open","ping_status":"open","sticky":false,"template":"","format":"standard","meta":{"footnotes":""},"categories":[9923],"tags":[17773,3706,17774],"class_list":["post-37913","post","type-post","status-publish","format-standard","has-post-thumbnail","hentry","category-mobilidade","tag-cidades-acessiveis","tag-mobilidade-urbana","tag-paisagem-urbana"],"yoast_head":"<!-- This site is optimized with the Yoast SEO plugin v26.5 - https:\/\/yoast.com\/wordpress\/plugins\/seo\/ -->\n<title>Cidades que converteram ruas em \u00e1reas caminh\u00e1veis - Jornal Fatos e Not\u00edcias<\/title>\n<meta name=\"robots\" content=\"index, follow, max-snippet:-1, max-image-preview:large, max-video-preview:-1\" \/>\n<link rel=\"canonical\" href=\"https:\/\/jornalfatosenoticias.com.br\/index.php\/2023\/01\/18\/cidades-que-converteram-ruas-em-areas-caminhaveis\/\" \/>\n<meta property=\"og:locale\" content=\"pt_BR\" \/>\n<meta property=\"og:type\" content=\"article\" \/>\n<meta property=\"og:title\" content=\"Cidades que converteram ruas em \u00e1reas caminh\u00e1veis - Jornal Fatos e Not\u00edcias\" \/>\n<meta property=\"og:description\" content=\"Tal medida, que ampliou a \u00e1rea das cal\u00e7adas que pode ser utilizada pela popula\u00e7\u00e3o, tamb\u00e9m tem em outros modelos adotados em diversas localidades uma forma efetiva de mudar a configura\u00e7\u00e3o da paisagem urbana A amplia\u00e7\u00e3o das \u00e1reas caminh\u00e1veis nas cidades, sobretudo nos grandes centros, tem o potencial de modificar a percep\u00e7\u00e3o do p\u00fablico ao acerca [&hellip;]\" \/>\n<meta property=\"og:url\" content=\"https:\/\/jornalfatosenoticias.com.br\/index.php\/2023\/01\/18\/cidades-que-converteram-ruas-em-areas-caminhaveis\/\" \/>\n<meta property=\"og:site_name\" content=\"Jornal Fatos e Not\u00edcias\" \/>\n<meta property=\"article:published_time\" content=\"2023-01-18T14:08:06+00:00\" \/>\n<meta property=\"article:modified_time\" content=\"2023-01-18T14:08:08+00:00\" \/>\n<meta property=\"og:image\" content=\"https:\/\/jornalfatosenoticias.com.br\/wp-content\/uploads\/2023\/01\/cidades-caminhaveis.jpg\" \/>\n\t<meta property=\"og:image:width\" content=\"1000\" \/>\n\t<meta property=\"og:image:height\" content=\"333\" \/>\n\t<meta property=\"og:image:type\" content=\"image\/jpeg\" \/>\n<meta name=\"author\" content=\"Luzimara Fernandes\" \/>\n<meta name=\"twitter:card\" content=\"summary_large_image\" \/>\n<meta name=\"twitter:label1\" content=\"Escrito por\" \/>\n\t<meta name=\"twitter:data1\" content=\"Luzimara Fernandes\" \/>\n\t<meta name=\"twitter:label2\" content=\"Est. tempo de leitura\" \/>\n\t<meta name=\"twitter:data2\" content=\"3 minutos\" \/>\n<script type=\"application\/ld+json\" class=\"yoast-schema-graph\">{\"@context\":\"https:\/\/schema.org\",\"@graph\":[{\"@type\":\"Article\",\"@id\":\"https:\/\/jornalfatosenoticias.com.br\/index.php\/2023\/01\/18\/cidades-que-converteram-ruas-em-areas-caminhaveis\/#article\",\"isPartOf\":{\"@id\":\"https:\/\/jornalfatosenoticias.com.br\/index.php\/2023\/01\/18\/cidades-que-converteram-ruas-em-areas-caminhaveis\/\"},\"author\":{\"name\":\"Luzimara Fernandes\",\"@id\":\"https:\/\/jornalfatosenoticias.com.br\/#\/schema\/person\/d63837fa13ac8666eb9e74e0985d6f81\"},\"headline\":\"Cidades que converteram ruas em \u00e1reas caminh\u00e1veis\",\"datePublished\":\"2023-01-18T14:08:06+00:00\",\"dateModified\":\"2023-01-18T14:08:08+00:00\",\"mainEntityOfPage\":{\"@id\":\"https:\/\/jornalfatosenoticias.com.br\/index.php\/2023\/01\/18\/cidades-que-converteram-ruas-em-areas-caminhaveis\/\"},\"wordCount\":605,\"commentCount\":0,\"publisher\":{\"@id\":\"https:\/\/jornalfatosenoticias.com.br\/#organization\"},\"image\":{\"@id\":\"https:\/\/jornalfatosenoticias.com.br\/index.php\/2023\/01\/18\/cidades-que-converteram-ruas-em-areas-caminhaveis\/#primaryimage\"},\"thumbnailUrl\":\"https:\/\/jornalfatosenoticias.com.br\/wp-content\/uploads\/2023\/01\/cidades-caminhaveis.jpg\",\"keywords\":[\"cidades acess\u00edveis\",\"mobilidade urbana\",\"paisagem urbana\"],\"articleSection\":[\"Mobilidade\"],\"inLanguage\":\"pt-BR\",\"potentialAction\":[{\"@type\":\"CommentAction\",\"name\":\"Comment\",\"target\":[\"https:\/\/jornalfatosenoticias.com.br\/index.php\/2023\/01\/18\/cidades-que-converteram-ruas-em-areas-caminhaveis\/#respond\"]}]},{\"@type\":\"WebPage\",\"@id\":\"https:\/\/jornalfatosenoticias.com.br\/index.php\/2023\/01\/18\/cidades-que-converteram-ruas-em-areas-caminhaveis\/\",\"url\":\"https:\/\/jornalfatosenoticias.com.br\/index.php\/2023\/01\/18\/cidades-que-converteram-ruas-em-areas-caminhaveis\/\",\"name\":\"Cidades que converteram ruas em \u00e1reas caminh\u00e1veis - Jornal Fatos e Not\u00edcias\",\"isPartOf\":{\"@id\":\"https:\/\/jornalfatosenoticias.com.br\/#website\"},\"primaryImageOfPage\":{\"@id\":\"https:\/\/jornalfatosenoticias.com.br\/index.php\/2023\/01\/18\/cidades-que-converteram-ruas-em-areas-caminhaveis\/#primaryimage\"},\"image\":{\"@id\":\"https:\/\/jornalfatosenoticias.com.br\/index.php\/2023\/01\/18\/cidades-que-converteram-ruas-em-areas-caminhaveis\/#primaryimage\"},\"thumbnailUrl\":\"https:\/\/jornalfatosenoticias.com.br\/wp-content\/uploads\/2023\/01\/cidades-caminhaveis.jpg\",\"datePublished\":\"2023-01-18T14:08:06+00:00\",\"dateModified\":\"2023-01-18T14:08:08+00:00\",\"breadcrumb\":{\"@id\":\"https:\/\/jornalfatosenoticias.com.br\/index.php\/2023\/01\/18\/cidades-que-converteram-ruas-em-areas-caminhaveis\/#breadcrumb\"},\"inLanguage\":\"pt-BR\",\"potentialAction\":[{\"@type\":\"ReadAction\",\"target\":[\"https:\/\/jornalfatosenoticias.com.br\/index.php\/2023\/01\/18\/cidades-que-converteram-ruas-em-areas-caminhaveis\/\"]}]},{\"@type\":\"ImageObject\",\"inLanguage\":\"pt-BR\",\"@id\":\"https:\/\/jornalfatosenoticias.com.br\/index.php\/2023\/01\/18\/cidades-que-converteram-ruas-em-areas-caminhaveis\/#primaryimage\",\"url\":\"https:\/\/jornalfatosenoticias.com.br\/wp-content\/uploads\/2023\/01\/cidades-caminhaveis.jpg\",\"contentUrl\":\"https:\/\/jornalfatosenoticias.com.br\/wp-content\/uploads\/2023\/01\/cidades-caminhaveis.jpg\",\"width\":1000,\"height\":333},{\"@type\":\"BreadcrumbList\",\"@id\":\"https:\/\/jornalfatosenoticias.com.br\/index.php\/2023\/01\/18\/cidades-que-converteram-ruas-em-areas-caminhaveis\/#breadcrumb\",\"itemListElement\":[{\"@type\":\"ListItem\",\"position\":1,\"name\":\"In\u00edcio\",\"item\":\"https:\/\/jornalfatosenoticias.com.br\/\"},{\"@type\":\"ListItem\",\"position\":2,\"name\":\"Cidades que converteram ruas em \u00e1reas caminh\u00e1veis\"}]},{\"@type\":\"WebSite\",\"@id\":\"https:\/\/jornalfatosenoticias.com.br\/#website\",\"url\":\"https:\/\/jornalfatosenoticias.com.br\/\",\"name\":\"Jornal Fatos e Not\u00edcias\",\"description\":\"Not\u00edcias em geral\",\"publisher\":{\"@id\":\"https:\/\/jornalfatosenoticias.com.br\/#organization\"},\"potentialAction\":[{\"@type\":\"SearchAction\",\"target\":{\"@type\":\"EntryPoint\",\"urlTemplate\":\"https:\/\/jornalfatosenoticias.com.br\/?s={search_term_string}\"},\"query-input\":{\"@type\":\"PropertyValueSpecification\",\"valueRequired\":true,\"valueName\":\"search_term_string\"}}],\"inLanguage\":\"pt-BR\"},{\"@type\":\"Organization\",\"@id\":\"https:\/\/jornalfatosenoticias.com.br\/#organization\",\"name\":\"Jornal Fatos e Not\u00edcias\",\"url\":\"https:\/\/jornalfatosenoticias.com.br\/\",\"logo\":{\"@type\":\"ImageObject\",\"inLanguage\":\"pt-BR\",\"@id\":\"https:\/\/jornalfatosenoticias.com.br\/#\/schema\/logo\/image\/\",\"url\":\"https:\/\/jornalfatosenoticias.com.br\/wp-content\/uploads\/2020\/02\/logo120.png\",\"contentUrl\":\"https:\/\/jornalfatosenoticias.com.br\/wp-content\/uploads\/2020\/02\/logo120.png\",\"width\":1227,\"height\":120,\"caption\":\"Jornal Fatos e Not\u00edcias\"},\"image\":{\"@id\":\"https:\/\/jornalfatosenoticias.com.br\/#\/schema\/logo\/image\/\"}},{\"@type\":\"Person\",\"@id\":\"https:\/\/jornalfatosenoticias.com.br\/#\/schema\/person\/d63837fa13ac8666eb9e74e0985d6f81\",\"name\":\"Luzimara Fernandes\",\"image\":{\"@type\":\"ImageObject\",\"inLanguage\":\"pt-BR\",\"@id\":\"https:\/\/jornalfatosenoticias.com.br\/#\/schema\/person\/image\/\",\"url\":\"https:\/\/jornalfatosenoticias.com.br\/wp-content\/uploads\/2025\/05\/EU_portal.jpg\",\"contentUrl\":\"https:\/\/jornalfatosenoticias.com.br\/wp-content\/uploads\/2025\/05\/EU_portal.jpg\",\"caption\":\"Luzimara Fernandes\"},\"description\":\"Jornalista MTB 2358-ES\",\"sameAs\":[\"https:\/\/jornalfatosenoticias.com.br\"],\"url\":\"https:\/\/jornalfatosenoticias.com.br\/index.php\/author\/luzimara\/\"}]}<\/script>\n<!-- \/ Yoast SEO plugin. -->","yoast_head_json":{"title":"Cidades que converteram ruas em \u00e1reas caminh\u00e1veis - Jornal Fatos e Not\u00edcias","robots":{"index":"index","follow":"follow","max-snippet":"max-snippet:-1","max-image-preview":"max-image-preview:large","max-video-preview":"max-video-preview:-1"},"canonical":"https:\/\/jornalfatosenoticias.com.br\/index.php\/2023\/01\/18\/cidades-que-converteram-ruas-em-areas-caminhaveis\/","og_locale":"pt_BR","og_type":"article","og_title":"Cidades que converteram ruas em \u00e1reas caminh\u00e1veis - Jornal Fatos e Not\u00edcias","og_description":"Tal medida, que ampliou a \u00e1rea das cal\u00e7adas que pode ser utilizada pela popula\u00e7\u00e3o, tamb\u00e9m tem em outros modelos adotados em diversas localidades uma forma efetiva de mudar a configura\u00e7\u00e3o da paisagem urbana A amplia\u00e7\u00e3o das \u00e1reas caminh\u00e1veis nas cidades, sobretudo nos grandes centros, tem o potencial de modificar a percep\u00e7\u00e3o do p\u00fablico ao acerca [&hellip;]","og_url":"https:\/\/jornalfatosenoticias.com.br\/index.php\/2023\/01\/18\/cidades-que-converteram-ruas-em-areas-caminhaveis\/","og_site_name":"Jornal Fatos e Not\u00edcias","article_published_time":"2023-01-18T14:08:06+00:00","article_modified_time":"2023-01-18T14:08:08+00:00","og_image":[{"width":1000,"height":333,"url":"https:\/\/jornalfatosenoticias.com.br\/wp-content\/uploads\/2023\/01\/cidades-caminhaveis.jpg","type":"image\/jpeg"}],"author":"Luzimara Fernandes","twitter_card":"summary_large_image","twitter_misc":{"Escrito por":"Luzimara Fernandes","Est. tempo de leitura":"3 minutos"},"schema":{"@context":"https:\/\/schema.org","@graph":[{"@type":"Article","@id":"https:\/\/jornalfatosenoticias.com.br\/index.php\/2023\/01\/18\/cidades-que-converteram-ruas-em-areas-caminhaveis\/#article","isPartOf":{"@id":"https:\/\/jornalfatosenoticias.com.br\/index.php\/2023\/01\/18\/cidades-que-converteram-ruas-em-areas-caminhaveis\/"},"author":{"name":"Luzimara Fernandes","@id":"https:\/\/jornalfatosenoticias.com.br\/#\/schema\/person\/d63837fa13ac8666eb9e74e0985d6f81"},"headline":"Cidades que converteram ruas em \u00e1reas caminh\u00e1veis","datePublished":"2023-01-18T14:08:06+00:00","dateModified":"2023-01-18T14:08:08+00:00","mainEntityOfPage":{"@id":"https:\/\/jornalfatosenoticias.com.br\/index.php\/2023\/01\/18\/cidades-que-converteram-ruas-em-areas-caminhaveis\/"},"wordCount":605,"commentCount":0,"publisher":{"@id":"https:\/\/jornalfatosenoticias.com.br\/#organization"},"image":{"@id":"https:\/\/jornalfatosenoticias.com.br\/index.php\/2023\/01\/18\/cidades-que-converteram-ruas-em-areas-caminhaveis\/#primaryimage"},"thumbnailUrl":"https:\/\/jornalfatosenoticias.com.br\/wp-content\/uploads\/2023\/01\/cidades-caminhaveis.jpg","keywords":["cidades acess\u00edveis","mobilidade urbana","paisagem urbana"],"articleSection":["Mobilidade"],"inLanguage":"pt-BR","potentialAction":[{"@type":"CommentAction","name":"Comment","target":["https:\/\/jornalfatosenoticias.com.br\/index.php\/2023\/01\/18\/cidades-que-converteram-ruas-em-areas-caminhaveis\/#respond"]}]},{"@type":"WebPage","@id":"https:\/\/jornalfatosenoticias.com.br\/index.php\/2023\/01\/18\/cidades-que-converteram-ruas-em-areas-caminhaveis\/","url":"https:\/\/jornalfatosenoticias.com.br\/index.php\/2023\/01\/18\/cidades-que-converteram-ruas-em-areas-caminhaveis\/","name":"Cidades que converteram ruas em \u00e1reas caminh\u00e1veis - Jornal Fatos e Not\u00edcias","isPartOf":{"@id":"https:\/\/jornalfatosenoticias.com.br\/#website"},"primaryImageOfPage":{"@id":"https:\/\/jornalfatosenoticias.com.br\/index.php\/2023\/01\/18\/cidades-que-converteram-ruas-em-areas-caminhaveis\/#primaryimage"},"image":{"@id":"https:\/\/jornalfatosenoticias.com.br\/index.php\/2023\/01\/18\/cidades-que-converteram-ruas-em-areas-caminhaveis\/#primaryimage"},"thumbnailUrl":"https:\/\/jornalfatosenoticias.com.br\/wp-content\/uploads\/2023\/01\/cidades-caminhaveis.jpg","datePublished":"2023-01-18T14:08:06+00:00","dateModified":"2023-01-18T14:08:08+00:00","breadcrumb":{"@id":"https:\/\/jornalfatosenoticias.com.br\/index.php\/2023\/01\/18\/cidades-que-converteram-ruas-em-areas-caminhaveis\/#breadcrumb"},"inLanguage":"pt-BR","potentialAction":[{"@type":"ReadAction","target":["https:\/\/jornalfatosenoticias.com.br\/index.php\/2023\/01\/18\/cidades-que-converteram-ruas-em-areas-caminhaveis\/"]}]},{"@type":"ImageObject","inLanguage":"pt-BR","@id":"https:\/\/jornalfatosenoticias.com.br\/index.php\/2023\/01\/18\/cidades-que-converteram-ruas-em-areas-caminhaveis\/#primaryimage","url":"https:\/\/jornalfatosenoticias.com.br\/wp-content\/uploads\/2023\/01\/cidades-caminhaveis.jpg","contentUrl":"https:\/\/jornalfatosenoticias.com.br\/wp-content\/uploads\/2023\/01\/cidades-caminhaveis.jpg","width":1000,"height":333},{"@type":"BreadcrumbList","@id":"https:\/\/jornalfatosenoticias.com.br\/index.php\/2023\/01\/18\/cidades-que-converteram-ruas-em-areas-caminhaveis\/#breadcrumb","itemListElement":[{"@type":"ListItem","position":1,"name":"In\u00edcio","item":"https:\/\/jornalfatosenoticias.com.br\/"},{"@type":"ListItem","position":2,"name":"Cidades que converteram ruas em \u00e1reas caminh\u00e1veis"}]},{"@type":"WebSite","@id":"https:\/\/jornalfatosenoticias.com.br\/#website","url":"https:\/\/jornalfatosenoticias.com.br\/","name":"Jornal Fatos e Not\u00edcias","description":"Not\u00edcias em geral","publisher":{"@id":"https:\/\/jornalfatosenoticias.com.br\/#organization"},"potentialAction":[{"@type":"SearchAction","target":{"@type":"EntryPoint","urlTemplate":"https:\/\/jornalfatosenoticias.com.br\/?s={search_term_string}"},"query-input":{"@type":"PropertyValueSpecification","valueRequired":true,"valueName":"search_term_string"}}],"inLanguage":"pt-BR"},{"@type":"Organization","@id":"https:\/\/jornalfatosenoticias.com.br\/#organization","name":"Jornal Fatos e Not\u00edcias","url":"https:\/\/jornalfatosenoticias.com.br\/","logo":{"@type":"ImageObject","inLanguage":"pt-BR","@id":"https:\/\/jornalfatosenoticias.com.br\/#\/schema\/logo\/image\/","url":"https:\/\/jornalfatosenoticias.com.br\/wp-content\/uploads\/2020\/02\/logo120.png","contentUrl":"https:\/\/jornalfatosenoticias.com.br\/wp-content\/uploads\/2020\/02\/logo120.png","width":1227,"height":120,"caption":"Jornal Fatos e Not\u00edcias"},"image":{"@id":"https:\/\/jornalfatosenoticias.com.br\/#\/schema\/logo\/image\/"}},{"@type":"Person","@id":"https:\/\/jornalfatosenoticias.com.br\/#\/schema\/person\/d63837fa13ac8666eb9e74e0985d6f81","name":"Luzimara Fernandes","image":{"@type":"ImageObject","inLanguage":"pt-BR","@id":"https:\/\/jornalfatosenoticias.com.br\/#\/schema\/person\/image\/","url":"https:\/\/jornalfatosenoticias.com.br\/wp-content\/uploads\/2025\/05\/EU_portal.jpg","contentUrl":"https:\/\/jornalfatosenoticias.com.br\/wp-content\/uploads\/2025\/05\/EU_portal.jpg","caption":"Luzimara Fernandes"},"description":"Jornalista MTB 2358-ES","sameAs":["https:\/\/jornalfatosenoticias.com.br"],"url":"https:\/\/jornalfatosenoticias.com.br\/index.php\/author\/luzimara\/"}]}},"cc_featured_image_caption":{"caption_text":"(Foto: Shutterstock)","source_text":"","source_url":""},"jetpack_featured_media_url":"https:\/\/jornalfatosenoticias.com.br\/wp-content\/uploads\/2023\/01\/cidades-caminhaveis.jpg","_links":{"self":[{"href":"https:\/\/jornalfatosenoticias.com.br\/index.php\/wp-json\/wp\/v2\/posts\/37913","targetHints":{"allow":["GET"]}}],"collection":[{"href":"https:\/\/jornalfatosenoticias.com.br\/index.php\/wp-json\/wp\/v2\/posts"}],"about":[{"href":"https:\/\/jornalfatosenoticias.com.br\/index.php\/wp-json\/wp\/v2\/types\/post"}],"author":[{"embeddable":true,"href":"https:\/\/jornalfatosenoticias.com.br\/index.php\/wp-json\/wp\/v2\/users\/2"}],"replies":[{"embeddable":true,"href":"https:\/\/jornalfatosenoticias.com.br\/index.php\/wp-json\/wp\/v2\/comments?post=37913"}],"version-history":[{"count":0,"href":"https:\/\/jornalfatosenoticias.com.br\/index.php\/wp-json\/wp\/v2\/posts\/37913\/revisions"}],"wp:featuredmedia":[{"embeddable":true,"href":"https:\/\/jornalfatosenoticias.com.br\/index.php\/wp-json\/wp\/v2\/media\/37918"}],"wp:attachment":[{"href":"https:\/\/jornalfatosenoticias.com.br\/index.php\/wp-json\/wp\/v2\/media?parent=37913"}],"wp:term":[{"taxonomy":"category","embeddable":true,"href":"https:\/\/jornalfatosenoticias.com.br\/index.php\/wp-json\/wp\/v2\/categories?post=37913"},{"taxonomy":"post_tag","embeddable":true,"href":"https:\/\/jornalfatosenoticias.com.br\/index.php\/wp-json\/wp\/v2\/tags?post=37913"}],"curies":[{"name":"wp","href":"https:\/\/api.w.org\/{rel}","templated":true}]}}