{"id":37937,"date":"2023-01-19T09:25:49","date_gmt":"2023-01-19T12:25:49","guid":{"rendered":"https:\/\/jornalfatosenoticias.com.br\/?p=37937"},"modified":"2023-01-19T09:25:52","modified_gmt":"2023-01-19T12:25:52","slug":"a-fantastica-jornada-de-nutrientes-do-saara-para-a-amazonia","status":"publish","type":"post","link":"https:\/\/jornalfatosenoticias.com.br\/index.php\/2023\/01\/19\/a-fantastica-jornada-de-nutrientes-do-saara-para-a-amazonia\/","title":{"rendered":"A fant\u00e1stica jornada de nutrientes do Saara para a Amaz\u00f4nia"},"content":{"rendered":"\n<p><em><span class=\"has-inline-color has-black-color\">Ferro, magn\u00e9sio e f\u00f3sforo fazem todo ano a viagem entre o deserto africano e a floresta sul-americana e ajudam a explicar a exuber\u00e2ncia desta \u00faltima<\/span><\/em><\/p>\n\n\n\n<div class=\"wp-block-image\"><figure class=\"aligncenter size-large\"><img decoding=\"async\" src=\"https:\/\/jornalfatosenoticias.com.br\/wp-content\/uploads\/2020\/02\/logo-embacia-1-1024x110.jpg\" alt=\"\" class=\"wp-image-33954\"\/><\/figure><\/div>\n\n\n\n<p>Transportada por fortes ventos, a poeira do deserto do Saara, carregando minerais, chega \u00e0 Europa e \u00e0s Am\u00e9ricas em volumes vari\u00e1veis. Todo ano, principalmente entre janeiro e abril, quando as chuvas s\u00e3o mais intensas, atravessam o Oceano Atl\u00e2ntico e chegam \u00e0 floresta amaz\u00f4nica, em m\u00e9dia, 52 miligramas por metro quadrado (mg\/m\u00b2) de ferro, 21 mg\/m\u00b2 de magn\u00e9sio e 0,97 mg\/m\u00b2 de f\u00f3sforo, compensando parcialmente o volume de nutrientes que o rio Amazonas transporta da floresta para o mar (<strong><em><a href=\"https:\/\/acp.copernicus.org\/preprints\/acp-2022-683\/\">Atmospheric Chemistry and Physics<\/a><\/em><\/strong>, 1\u00ba de novembro).<\/p>\n\n\n\n<div class=\"wp-block-image\"><figure class=\"alignright size-large is-resized\"><img loading=\"lazy\" decoding=\"async\" src=\"https:\/\/jornalfatosenoticias.com.br\/wp-content\/uploads\/2022\/08\/logo-locau-veiculos-1024x573.png\" alt=\"\" class=\"wp-image-33078\" width=\"361\" height=\"201\"\/><\/figure><\/div>\n\n\n\n<p>Pesquisadores da Universidade de S\u00e3o Paulo (USP) e colaboradores da China, dos Estados Unidos e da Alemanha chegaram a esses resultados estimando o transporte de part\u00edculas pelo ar de 2013 a 2017 com o aux\u00edlio de um modelo matem\u00e1tico computacional. Segundo esse trabalho, o fluxo anual de poeira \u00e9, em m\u00e9dia, de 2 g\/m\u00b2, na esta\u00e7\u00e3o chuvosa, bem maior do que o do per\u00edodo seco (agosto a novembro), quando apenas 0,35 g\/m\u00b2 de areia do deserto chega \u00e0 floresta amaz\u00f4nica. Se os ventos ajudam, o volume pode chegar a 2,6 g\/m\u00b2, como em 2015.<\/p>\n\n\n\n<div class=\"wp-block-image\"><figure class=\"aligncenter size-large is-resized\"><img loading=\"lazy\" decoding=\"async\" src=\"https:\/\/jornalfatosenoticias.com.br\/wp-content\/uploads\/2020\/02\/casa-do-torresmo_portal.jpg\" alt=\"\" class=\"wp-image-34472\" width=\"281\" height=\"281\" srcset=\"https:\/\/jornalfatosenoticias.com.br\/wp-content\/uploads\/2020\/02\/casa-do-torresmo_portal.jpg 300w, https:\/\/jornalfatosenoticias.com.br\/wp-content\/uploads\/2020\/02\/casa-do-torresmo_portal-150x150.jpg 150w\" sizes=\"auto, (max-width: 281px) 100vw, 281px\" \/><\/figure><\/div>\n\n\n\n<figure class=\"wp-block-pullquote\"><blockquote><p><span class=\"has-inline-color has-luminous-vivid-orange-color\">Ao longo de mil\u00eanios, esse fluxo de nutrientes ajuda a explicar a exuber\u00e2ncia da floresta, que depende de nutrientes vindos do Saara\u201d, comenta Paulo Artaxo, da USP, que participou do estudo.<\/span><\/p><\/blockquote><\/figure>\n\n\n\n<div class=\"wp-block-image\"><figure class=\"aligncenter size-large\"><img decoding=\"async\" src=\"https:\/\/jornalfatosenoticias.com.br\/wp-content\/uploads\/2020\/02\/Serra-Grande-1024x160.png\" alt=\"\" class=\"wp-image-7836\"\/><\/figure><\/div>\n\n\n\n<p><span class=\"has-inline-color has-black-color\"><em>* Este artigo foi republicado do site\u00a0<strong><a href=\"https:\/\/revistapesquisa.fapesp.br\/\">Revista Pesquisa Fapesp<\/a><\/strong><\/em>. <em>Leia o artigo original\u00a0<strong><a href=\"https:\/\/revistapesquisa.fapesp.br\/nutrientes-do-saara-para-a-amazonia\/\">aqui<\/a><\/strong>.<\/em><\/span><\/p>\n\n\n\n<p><strong><em>Fonte: <a href=\"https:\/\/www.revistaplaneta.com.br\/a-fantastica-jornada-de-nutrientes-do-saara-para-a-amazonia\/\">Revista Planeta<\/a><\/em><\/strong><\/p>\n","protected":false},"excerpt":{"rendered":"<p>Ferro, magn\u00e9sio e f\u00f3sforo fazem todo ano a viagem entre o deserto africano e a floresta sul-americana e ajudam a explicar a exuber\u00e2ncia desta \u00faltima Transportada por fortes ventos, a poeira do deserto do Saara, carregando minerais, chega \u00e0 Europa e \u00e0s Am\u00e9ricas em volumes vari\u00e1veis. Todo ano, principalmente entre janeiro e abril, quando as [&hellip;]<\/p>\n","protected":false},"author":2,"featured_media":37938,"comment_status":"open","ping_status":"open","sticky":false,"template":"","format":"standard","meta":{"footnotes":""},"categories":[8],"tags":[123,17786,113,5654,1065,11079,13766,17787,2912,4980,351],"class_list":["post-37937","post","type-post","status-publish","format-standard","has-post-thumbnail","hentry","category-meio-ambiente","tag-amazonia","tag-amazonica","tag-fapesp","tag-ferro","tag-floresta","tag-fosforo","tag-magnesio","tag-paulo-artaxo","tag-poeira","tag-saara","tag-usp"],"yoast_head":"<!-- This site is optimized with the Yoast SEO plugin v26.5 - https:\/\/yoast.com\/wordpress\/plugins\/seo\/ -->\n<title>A fant\u00e1stica jornada de nutrientes do Saara para a Amaz\u00f4nia - Jornal Fatos e Not\u00edcias<\/title>\n<meta name=\"robots\" content=\"index, follow, max-snippet:-1, max-image-preview:large, max-video-preview:-1\" \/>\n<link rel=\"canonical\" href=\"https:\/\/jornalfatosenoticias.com.br\/index.php\/2023\/01\/19\/a-fantastica-jornada-de-nutrientes-do-saara-para-a-amazonia\/\" \/>\n<meta property=\"og:locale\" content=\"pt_BR\" \/>\n<meta property=\"og:type\" content=\"article\" \/>\n<meta property=\"og:title\" content=\"A fant\u00e1stica jornada de nutrientes do Saara para a Amaz\u00f4nia - Jornal Fatos e Not\u00edcias\" \/>\n<meta property=\"og:description\" content=\"Ferro, magn\u00e9sio e f\u00f3sforo fazem todo ano a viagem entre o deserto africano e a floresta sul-americana e ajudam a explicar a exuber\u00e2ncia desta \u00faltima Transportada por fortes ventos, a poeira do deserto do Saara, carregando minerais, chega \u00e0 Europa e \u00e0s Am\u00e9ricas em volumes vari\u00e1veis. Todo ano, principalmente entre janeiro e abril, quando as [&hellip;]\" \/>\n<meta property=\"og:url\" content=\"https:\/\/jornalfatosenoticias.com.br\/index.php\/2023\/01\/19\/a-fantastica-jornada-de-nutrientes-do-saara-para-a-amazonia\/\" \/>\n<meta property=\"og:site_name\" content=\"Jornal Fatos e Not\u00edcias\" \/>\n<meta property=\"article:published_time\" content=\"2023-01-19T12:25:49+00:00\" \/>\n<meta property=\"article:modified_time\" content=\"2023-01-19T12:25:52+00:00\" \/>\n<meta property=\"og:image\" content=\"https:\/\/jornalfatosenoticias.com.br\/wp-content\/uploads\/2023\/01\/Saara-e-Amazonia.jpg\" \/>\n\t<meta property=\"og:image:width\" content=\"1000\" \/>\n\t<meta property=\"og:image:height\" content=\"562\" \/>\n\t<meta property=\"og:image:type\" content=\"image\/jpeg\" \/>\n<meta name=\"author\" content=\"Luzimara Fernandes\" \/>\n<meta name=\"twitter:card\" content=\"summary_large_image\" \/>\n<meta name=\"twitter:label1\" content=\"Escrito por\" \/>\n\t<meta name=\"twitter:data1\" content=\"Luzimara Fernandes\" \/>\n\t<meta name=\"twitter:label2\" content=\"Est. tempo de leitura\" \/>\n\t<meta name=\"twitter:data2\" content=\"1 minuto\" \/>\n<script type=\"application\/ld+json\" class=\"yoast-schema-graph\">{\"@context\":\"https:\/\/schema.org\",\"@graph\":[{\"@type\":\"Article\",\"@id\":\"https:\/\/jornalfatosenoticias.com.br\/index.php\/2023\/01\/19\/a-fantastica-jornada-de-nutrientes-do-saara-para-a-amazonia\/#article\",\"isPartOf\":{\"@id\":\"https:\/\/jornalfatosenoticias.com.br\/index.php\/2023\/01\/19\/a-fantastica-jornada-de-nutrientes-do-saara-para-a-amazonia\/\"},\"author\":{\"name\":\"Luzimara Fernandes\",\"@id\":\"https:\/\/jornalfatosenoticias.com.br\/#\/schema\/person\/d63837fa13ac8666eb9e74e0985d6f81\"},\"headline\":\"A fant\u00e1stica jornada de nutrientes do Saara para a Amaz\u00f4nia\",\"datePublished\":\"2023-01-19T12:25:49+00:00\",\"dateModified\":\"2023-01-19T12:25:52+00:00\",\"mainEntityOfPage\":{\"@id\":\"https:\/\/jornalfatosenoticias.com.br\/index.php\/2023\/01\/19\/a-fantastica-jornada-de-nutrientes-do-saara-para-a-amazonia\/\"},\"wordCount\":277,\"commentCount\":0,\"publisher\":{\"@id\":\"https:\/\/jornalfatosenoticias.com.br\/#organization\"},\"image\":{\"@id\":\"https:\/\/jornalfatosenoticias.com.br\/index.php\/2023\/01\/19\/a-fantastica-jornada-de-nutrientes-do-saara-para-a-amazonia\/#primaryimage\"},\"thumbnailUrl\":\"https:\/\/jornalfatosenoticias.com.br\/wp-content\/uploads\/2023\/01\/Saara-e-Amazonia.jpg\",\"keywords\":[\"amaz\u00f4nia\",\"amaz\u00f4nica\",\"fapesp\",\"ferro\",\"floresta\",\"f\u00f3sforo\",\"magn\u00e9sio\",\"Paulo Artaxo\",\"poeira\",\"Saara\",\"USP\"],\"articleSection\":[\"Meio ambiente\"],\"inLanguage\":\"pt-BR\",\"potentialAction\":[{\"@type\":\"CommentAction\",\"name\":\"Comment\",\"target\":[\"https:\/\/jornalfatosenoticias.com.br\/index.php\/2023\/01\/19\/a-fantastica-jornada-de-nutrientes-do-saara-para-a-amazonia\/#respond\"]}]},{\"@type\":\"WebPage\",\"@id\":\"https:\/\/jornalfatosenoticias.com.br\/index.php\/2023\/01\/19\/a-fantastica-jornada-de-nutrientes-do-saara-para-a-amazonia\/\",\"url\":\"https:\/\/jornalfatosenoticias.com.br\/index.php\/2023\/01\/19\/a-fantastica-jornada-de-nutrientes-do-saara-para-a-amazonia\/\",\"name\":\"A fant\u00e1stica jornada de nutrientes do Saara para a Amaz\u00f4nia - Jornal Fatos e Not\u00edcias\",\"isPartOf\":{\"@id\":\"https:\/\/jornalfatosenoticias.com.br\/#website\"},\"primaryImageOfPage\":{\"@id\":\"https:\/\/jornalfatosenoticias.com.br\/index.php\/2023\/01\/19\/a-fantastica-jornada-de-nutrientes-do-saara-para-a-amazonia\/#primaryimage\"},\"image\":{\"@id\":\"https:\/\/jornalfatosenoticias.com.br\/index.php\/2023\/01\/19\/a-fantastica-jornada-de-nutrientes-do-saara-para-a-amazonia\/#primaryimage\"},\"thumbnailUrl\":\"https:\/\/jornalfatosenoticias.com.br\/wp-content\/uploads\/2023\/01\/Saara-e-Amazonia.jpg\",\"datePublished\":\"2023-01-19T12:25:49+00:00\",\"dateModified\":\"2023-01-19T12:25:52+00:00\",\"breadcrumb\":{\"@id\":\"https:\/\/jornalfatosenoticias.com.br\/index.php\/2023\/01\/19\/a-fantastica-jornada-de-nutrientes-do-saara-para-a-amazonia\/#breadcrumb\"},\"inLanguage\":\"pt-BR\",\"potentialAction\":[{\"@type\":\"ReadAction\",\"target\":[\"https:\/\/jornalfatosenoticias.com.br\/index.php\/2023\/01\/19\/a-fantastica-jornada-de-nutrientes-do-saara-para-a-amazonia\/\"]}]},{\"@type\":\"ImageObject\",\"inLanguage\":\"pt-BR\",\"@id\":\"https:\/\/jornalfatosenoticias.com.br\/index.php\/2023\/01\/19\/a-fantastica-jornada-de-nutrientes-do-saara-para-a-amazonia\/#primaryimage\",\"url\":\"https:\/\/jornalfatosenoticias.com.br\/wp-content\/uploads\/2023\/01\/Saara-e-Amazonia.jpg\",\"contentUrl\":\"https:\/\/jornalfatosenoticias.com.br\/wp-content\/uploads\/2023\/01\/Saara-e-Amazonia.jpg\",\"width\":1000,\"height\":562},{\"@type\":\"BreadcrumbList\",\"@id\":\"https:\/\/jornalfatosenoticias.com.br\/index.php\/2023\/01\/19\/a-fantastica-jornada-de-nutrientes-do-saara-para-a-amazonia\/#breadcrumb\",\"itemListElement\":[{\"@type\":\"ListItem\",\"position\":1,\"name\":\"In\u00edcio\",\"item\":\"https:\/\/jornalfatosenoticias.com.br\/\"},{\"@type\":\"ListItem\",\"position\":2,\"name\":\"A fant\u00e1stica jornada de nutrientes do Saara para a Amaz\u00f4nia\"}]},{\"@type\":\"WebSite\",\"@id\":\"https:\/\/jornalfatosenoticias.com.br\/#website\",\"url\":\"https:\/\/jornalfatosenoticias.com.br\/\",\"name\":\"Jornal Fatos e Not\u00edcias\",\"description\":\"Not\u00edcias em geral\",\"publisher\":{\"@id\":\"https:\/\/jornalfatosenoticias.com.br\/#organization\"},\"potentialAction\":[{\"@type\":\"SearchAction\",\"target\":{\"@type\":\"EntryPoint\",\"urlTemplate\":\"https:\/\/jornalfatosenoticias.com.br\/?s={search_term_string}\"},\"query-input\":{\"@type\":\"PropertyValueSpecification\",\"valueRequired\":true,\"valueName\":\"search_term_string\"}}],\"inLanguage\":\"pt-BR\"},{\"@type\":\"Organization\",\"@id\":\"https:\/\/jornalfatosenoticias.com.br\/#organization\",\"name\":\"Jornal Fatos e Not\u00edcias\",\"url\":\"https:\/\/jornalfatosenoticias.com.br\/\",\"logo\":{\"@type\":\"ImageObject\",\"inLanguage\":\"pt-BR\",\"@id\":\"https:\/\/jornalfatosenoticias.com.br\/#\/schema\/logo\/image\/\",\"url\":\"https:\/\/jornalfatosenoticias.com.br\/wp-content\/uploads\/2020\/02\/logo120.png\",\"contentUrl\":\"https:\/\/jornalfatosenoticias.com.br\/wp-content\/uploads\/2020\/02\/logo120.png\",\"width\":1227,\"height\":120,\"caption\":\"Jornal Fatos e Not\u00edcias\"},\"image\":{\"@id\":\"https:\/\/jornalfatosenoticias.com.br\/#\/schema\/logo\/image\/\"}},{\"@type\":\"Person\",\"@id\":\"https:\/\/jornalfatosenoticias.com.br\/#\/schema\/person\/d63837fa13ac8666eb9e74e0985d6f81\",\"name\":\"Luzimara Fernandes\",\"image\":{\"@type\":\"ImageObject\",\"inLanguage\":\"pt-BR\",\"@id\":\"https:\/\/jornalfatosenoticias.com.br\/#\/schema\/person\/image\/\",\"url\":\"https:\/\/jornalfatosenoticias.com.br\/wp-content\/uploads\/2025\/05\/EU_portal.jpg\",\"contentUrl\":\"https:\/\/jornalfatosenoticias.com.br\/wp-content\/uploads\/2025\/05\/EU_portal.jpg\",\"caption\":\"Luzimara Fernandes\"},\"description\":\"Jornalista MTB 2358-ES\",\"sameAs\":[\"https:\/\/jornalfatosenoticias.com.br\"],\"url\":\"https:\/\/jornalfatosenoticias.com.br\/index.php\/author\/luzimara\/\"}]}<\/script>\n<!-- \/ Yoast SEO plugin. -->","yoast_head_json":{"title":"A fant\u00e1stica jornada de nutrientes do Saara para a Amaz\u00f4nia - Jornal Fatos e Not\u00edcias","robots":{"index":"index","follow":"follow","max-snippet":"max-snippet:-1","max-image-preview":"max-image-preview:large","max-video-preview":"max-video-preview:-1"},"canonical":"https:\/\/jornalfatosenoticias.com.br\/index.php\/2023\/01\/19\/a-fantastica-jornada-de-nutrientes-do-saara-para-a-amazonia\/","og_locale":"pt_BR","og_type":"article","og_title":"A fant\u00e1stica jornada de nutrientes do Saara para a Amaz\u00f4nia - Jornal Fatos e Not\u00edcias","og_description":"Ferro, magn\u00e9sio e f\u00f3sforo fazem todo ano a viagem entre o deserto africano e a floresta sul-americana e ajudam a explicar a exuber\u00e2ncia desta \u00faltima Transportada por fortes ventos, a poeira do deserto do Saara, carregando minerais, chega \u00e0 Europa e \u00e0s Am\u00e9ricas em volumes vari\u00e1veis. Todo ano, principalmente entre janeiro e abril, quando as [&hellip;]","og_url":"https:\/\/jornalfatosenoticias.com.br\/index.php\/2023\/01\/19\/a-fantastica-jornada-de-nutrientes-do-saara-para-a-amazonia\/","og_site_name":"Jornal Fatos e Not\u00edcias","article_published_time":"2023-01-19T12:25:49+00:00","article_modified_time":"2023-01-19T12:25:52+00:00","og_image":[{"width":1000,"height":562,"url":"https:\/\/jornalfatosenoticias.com.br\/wp-content\/uploads\/2023\/01\/Saara-e-Amazonia.jpg","type":"image\/jpeg"}],"author":"Luzimara Fernandes","twitter_card":"summary_large_image","twitter_misc":{"Escrito por":"Luzimara Fernandes","Est. tempo de leitura":"1 minuto"},"schema":{"@context":"https:\/\/schema.org","@graph":[{"@type":"Article","@id":"https:\/\/jornalfatosenoticias.com.br\/index.php\/2023\/01\/19\/a-fantastica-jornada-de-nutrientes-do-saara-para-a-amazonia\/#article","isPartOf":{"@id":"https:\/\/jornalfatosenoticias.com.br\/index.php\/2023\/01\/19\/a-fantastica-jornada-de-nutrientes-do-saara-para-a-amazonia\/"},"author":{"name":"Luzimara Fernandes","@id":"https:\/\/jornalfatosenoticias.com.br\/#\/schema\/person\/d63837fa13ac8666eb9e74e0985d6f81"},"headline":"A fant\u00e1stica jornada de nutrientes do Saara para a Amaz\u00f4nia","datePublished":"2023-01-19T12:25:49+00:00","dateModified":"2023-01-19T12:25:52+00:00","mainEntityOfPage":{"@id":"https:\/\/jornalfatosenoticias.com.br\/index.php\/2023\/01\/19\/a-fantastica-jornada-de-nutrientes-do-saara-para-a-amazonia\/"},"wordCount":277,"commentCount":0,"publisher":{"@id":"https:\/\/jornalfatosenoticias.com.br\/#organization"},"image":{"@id":"https:\/\/jornalfatosenoticias.com.br\/index.php\/2023\/01\/19\/a-fantastica-jornada-de-nutrientes-do-saara-para-a-amazonia\/#primaryimage"},"thumbnailUrl":"https:\/\/jornalfatosenoticias.com.br\/wp-content\/uploads\/2023\/01\/Saara-e-Amazonia.jpg","keywords":["amaz\u00f4nia","amaz\u00f4nica","fapesp","ferro","floresta","f\u00f3sforo","magn\u00e9sio","Paulo Artaxo","poeira","Saara","USP"],"articleSection":["Meio ambiente"],"inLanguage":"pt-BR","potentialAction":[{"@type":"CommentAction","name":"Comment","target":["https:\/\/jornalfatosenoticias.com.br\/index.php\/2023\/01\/19\/a-fantastica-jornada-de-nutrientes-do-saara-para-a-amazonia\/#respond"]}]},{"@type":"WebPage","@id":"https:\/\/jornalfatosenoticias.com.br\/index.php\/2023\/01\/19\/a-fantastica-jornada-de-nutrientes-do-saara-para-a-amazonia\/","url":"https:\/\/jornalfatosenoticias.com.br\/index.php\/2023\/01\/19\/a-fantastica-jornada-de-nutrientes-do-saara-para-a-amazonia\/","name":"A fant\u00e1stica jornada de nutrientes do Saara para a Amaz\u00f4nia - Jornal Fatos e Not\u00edcias","isPartOf":{"@id":"https:\/\/jornalfatosenoticias.com.br\/#website"},"primaryImageOfPage":{"@id":"https:\/\/jornalfatosenoticias.com.br\/index.php\/2023\/01\/19\/a-fantastica-jornada-de-nutrientes-do-saara-para-a-amazonia\/#primaryimage"},"image":{"@id":"https:\/\/jornalfatosenoticias.com.br\/index.php\/2023\/01\/19\/a-fantastica-jornada-de-nutrientes-do-saara-para-a-amazonia\/#primaryimage"},"thumbnailUrl":"https:\/\/jornalfatosenoticias.com.br\/wp-content\/uploads\/2023\/01\/Saara-e-Amazonia.jpg","datePublished":"2023-01-19T12:25:49+00:00","dateModified":"2023-01-19T12:25:52+00:00","breadcrumb":{"@id":"https:\/\/jornalfatosenoticias.com.br\/index.php\/2023\/01\/19\/a-fantastica-jornada-de-nutrientes-do-saara-para-a-amazonia\/#breadcrumb"},"inLanguage":"pt-BR","potentialAction":[{"@type":"ReadAction","target":["https:\/\/jornalfatosenoticias.com.br\/index.php\/2023\/01\/19\/a-fantastica-jornada-de-nutrientes-do-saara-para-a-amazonia\/"]}]},{"@type":"ImageObject","inLanguage":"pt-BR","@id":"https:\/\/jornalfatosenoticias.com.br\/index.php\/2023\/01\/19\/a-fantastica-jornada-de-nutrientes-do-saara-para-a-amazonia\/#primaryimage","url":"https:\/\/jornalfatosenoticias.com.br\/wp-content\/uploads\/2023\/01\/Saara-e-Amazonia.jpg","contentUrl":"https:\/\/jornalfatosenoticias.com.br\/wp-content\/uploads\/2023\/01\/Saara-e-Amazonia.jpg","width":1000,"height":562},{"@type":"BreadcrumbList","@id":"https:\/\/jornalfatosenoticias.com.br\/index.php\/2023\/01\/19\/a-fantastica-jornada-de-nutrientes-do-saara-para-a-amazonia\/#breadcrumb","itemListElement":[{"@type":"ListItem","position":1,"name":"In\u00edcio","item":"https:\/\/jornalfatosenoticias.com.br\/"},{"@type":"ListItem","position":2,"name":"A fant\u00e1stica jornada de nutrientes do Saara para a Amaz\u00f4nia"}]},{"@type":"WebSite","@id":"https:\/\/jornalfatosenoticias.com.br\/#website","url":"https:\/\/jornalfatosenoticias.com.br\/","name":"Jornal Fatos e Not\u00edcias","description":"Not\u00edcias em geral","publisher":{"@id":"https:\/\/jornalfatosenoticias.com.br\/#organization"},"potentialAction":[{"@type":"SearchAction","target":{"@type":"EntryPoint","urlTemplate":"https:\/\/jornalfatosenoticias.com.br\/?s={search_term_string}"},"query-input":{"@type":"PropertyValueSpecification","valueRequired":true,"valueName":"search_term_string"}}],"inLanguage":"pt-BR"},{"@type":"Organization","@id":"https:\/\/jornalfatosenoticias.com.br\/#organization","name":"Jornal Fatos e Not\u00edcias","url":"https:\/\/jornalfatosenoticias.com.br\/","logo":{"@type":"ImageObject","inLanguage":"pt-BR","@id":"https:\/\/jornalfatosenoticias.com.br\/#\/schema\/logo\/image\/","url":"https:\/\/jornalfatosenoticias.com.br\/wp-content\/uploads\/2020\/02\/logo120.png","contentUrl":"https:\/\/jornalfatosenoticias.com.br\/wp-content\/uploads\/2020\/02\/logo120.png","width":1227,"height":120,"caption":"Jornal Fatos e Not\u00edcias"},"image":{"@id":"https:\/\/jornalfatosenoticias.com.br\/#\/schema\/logo\/image\/"}},{"@type":"Person","@id":"https:\/\/jornalfatosenoticias.com.br\/#\/schema\/person\/d63837fa13ac8666eb9e74e0985d6f81","name":"Luzimara Fernandes","image":{"@type":"ImageObject","inLanguage":"pt-BR","@id":"https:\/\/jornalfatosenoticias.com.br\/#\/schema\/person\/image\/","url":"https:\/\/jornalfatosenoticias.com.br\/wp-content\/uploads\/2025\/05\/EU_portal.jpg","contentUrl":"https:\/\/jornalfatosenoticias.com.br\/wp-content\/uploads\/2025\/05\/EU_portal.jpg","caption":"Luzimara Fernandes"},"description":"Jornalista MTB 2358-ES","sameAs":["https:\/\/jornalfatosenoticias.com.br"],"url":"https:\/\/jornalfatosenoticias.com.br\/index.php\/author\/luzimara\/"}]}},"cc_featured_image_caption":{"caption_text":"(Foto: Nasa) ","source_text":"","source_url":""},"jetpack_featured_media_url":"https:\/\/jornalfatosenoticias.com.br\/wp-content\/uploads\/2023\/01\/Saara-e-Amazonia.jpg","_links":{"self":[{"href":"https:\/\/jornalfatosenoticias.com.br\/index.php\/wp-json\/wp\/v2\/posts\/37937","targetHints":{"allow":["GET"]}}],"collection":[{"href":"https:\/\/jornalfatosenoticias.com.br\/index.php\/wp-json\/wp\/v2\/posts"}],"about":[{"href":"https:\/\/jornalfatosenoticias.com.br\/index.php\/wp-json\/wp\/v2\/types\/post"}],"author":[{"embeddable":true,"href":"https:\/\/jornalfatosenoticias.com.br\/index.php\/wp-json\/wp\/v2\/users\/2"}],"replies":[{"embeddable":true,"href":"https:\/\/jornalfatosenoticias.com.br\/index.php\/wp-json\/wp\/v2\/comments?post=37937"}],"version-history":[{"count":0,"href":"https:\/\/jornalfatosenoticias.com.br\/index.php\/wp-json\/wp\/v2\/posts\/37937\/revisions"}],"wp:featuredmedia":[{"embeddable":true,"href":"https:\/\/jornalfatosenoticias.com.br\/index.php\/wp-json\/wp\/v2\/media\/37938"}],"wp:attachment":[{"href":"https:\/\/jornalfatosenoticias.com.br\/index.php\/wp-json\/wp\/v2\/media?parent=37937"}],"wp:term":[{"taxonomy":"category","embeddable":true,"href":"https:\/\/jornalfatosenoticias.com.br\/index.php\/wp-json\/wp\/v2\/categories?post=37937"},{"taxonomy":"post_tag","embeddable":true,"href":"https:\/\/jornalfatosenoticias.com.br\/index.php\/wp-json\/wp\/v2\/tags?post=37937"}],"curies":[{"name":"wp","href":"https:\/\/api.w.org\/{rel}","templated":true}]}}