{"id":37956,"date":"2023-01-19T10:16:42","date_gmt":"2023-01-19T13:16:42","guid":{"rendered":"https:\/\/jornalfatosenoticias.com.br\/?p=37956"},"modified":"2023-01-19T10:16:44","modified_gmt":"2023-01-19T13:16:44","slug":"prefeitura-de-vitoria-entrega-botao-do-panico-a-diretores-escolares","status":"publish","type":"post","link":"https:\/\/jornalfatosenoticias.com.br\/index.php\/2023\/01\/19\/prefeitura-de-vitoria-entrega-botao-do-panico-a-diretores-escolares\/","title":{"rendered":"Prefeitura de Vit\u00f3ria entrega Bot\u00e3o do P\u00e2nico a diretores escolares"},"content":{"rendered":"\n<div class=\"wp-block-image\"><figure class=\"aligncenter size-large\"><img loading=\"lazy\" decoding=\"async\" width=\"1024\" height=\"100\" src=\"https:\/\/jornalfatosenoticias.com.br\/wp-content\/uploads\/2022\/05\/NOVA-LOGO-CESCONETTO-1024x100.jpg\" alt=\"\" class=\"wp-image-30792\" srcset=\"https:\/\/jornalfatosenoticias.com.br\/wp-content\/uploads\/2022\/05\/NOVA-LOGO-CESCONETTO-1024x100.jpg 1024w, https:\/\/jornalfatosenoticias.com.br\/wp-content\/uploads\/2022\/05\/NOVA-LOGO-CESCONETTO-300x29.jpg 300w, https:\/\/jornalfatosenoticias.com.br\/wp-content\/uploads\/2022\/05\/NOVA-LOGO-CESCONETTO-768x75.jpg 768w, https:\/\/jornalfatosenoticias.com.br\/wp-content\/uploads\/2022\/05\/NOVA-LOGO-CESCONETTO.jpg 1280w\" sizes=\"auto, (max-width: 1024px) 100vw, 1024px\" \/><\/figure><\/div>\n\n\n\n<p>Para garantir maior seguran\u00e7a e tranquilidade a estudantes e profissionais da rede municipal de ensino, a Prefeitura de Vit\u00f3ria (PMV) entregou, na ter\u00e7a-feira (17), dispositivos de seguran\u00e7a preventiva por meio de tecnologia GPS, conhecido como bot\u00e3o do p\u00e2nico, aos diretores dos 49 Centros Municipais de Educa\u00e7\u00e3o Infantil (Cmei) e 54 Escolas Municipais de Ensino Fundamental (Emef), al\u00e9m dos cinco Centros de Ci\u00eancia, Educa\u00e7\u00e3o e Cultura (CCEC): Escola da Ci\u00eancia, Biologia e Hist\u00f3ria; Escola de F\u00edsica; Escola de Inova\u00e7\u00e3o; Planet\u00e1rio; e Pra\u00e7a da Ci\u00eancia.<\/p>\n\n\n\n<div class=\"wp-block-image\"><figure class=\"aligncenter size-large is-resized\"><img loading=\"lazy\" decoding=\"async\" src=\"https:\/\/jornalfatosenoticias.com.br\/wp-content\/uploads\/2022\/07\/Logo-Grupo-SEI.jpg\" alt=\"\" class=\"wp-image-31973\" width=\"370\" height=\"194\" srcset=\"https:\/\/jornalfatosenoticias.com.br\/wp-content\/uploads\/2022\/07\/Logo-Grupo-SEI.jpg 713w, https:\/\/jornalfatosenoticias.com.br\/wp-content\/uploads\/2022\/07\/Logo-Grupo-SEI-300x158.jpg 300w\" sizes=\"auto, (max-width: 370px) 100vw, 370px\" \/><\/figure><\/div>\n\n\n\n<p>Os bot\u00f5es do p\u00e2nico foram entregues aos diretores j\u00e1 habilitados para funcionar. A solenidade ocorreu esta tarde, com a presen\u00e7a do prefeito de Vit\u00f3ria, Lorenzo Pazolini, da secret\u00e1ria de Educa\u00e7\u00e3o, Juliana Rohsner, e do secret\u00e1rio de Seguran\u00e7a Urbana, Amar\u00edlio Luiz Boni, al\u00e9m de outras autoridades municipais.<\/p>\n\n\n\n<div class=\"wp-block-image\"><figure class=\"aligncenter size-large\"><img loading=\"lazy\" decoding=\"async\" width=\"300\" height=\"250\" src=\"https:\/\/jornalfatosenoticias.com.br\/wp-content\/uploads\/2022\/08\/arte-Casarao.jpg\" alt=\"\" class=\"wp-image-33178\"\/><\/figure><\/div>\n\n\n\n<figure class=\"wp-block-pullquote\"><blockquote><p><span class=\"has-inline-color has-luminous-vivid-orange-color\">Um ano desafiador, mas que temos condi\u00e7\u00f5es de fazer mais do que no ano passado. Estamos construindo um legado para a cidade de Vit\u00f3ria, isso nos d\u00e1 muito orgulho, demonstra por meio de atos concretos que estamos no caminho certo. Assumimos a gest\u00e3o no meio da maior crise sanit\u00e1ria do s\u00e9culo. Tivemos que entender, por meio de evid\u00eancias cient\u00edficas, qual era o melhor caminho. E conseguimos manter as escolas funcionando. Reitero e agrade\u00e7o pelo trabalho desenvolvido em nossas 103 unidades de ensino. A Educa\u00e7\u00e3o \u00e9 elemento efetivo de transforma\u00e7\u00e3o social. Muito mais do que um dispositivo para ser acionado, s\u00e3o crit\u00e9rios, elementos e a busca pela vida. Nosso objetivo \u00e9 trazer seguran\u00e7a para que nossos estudantes tenham mais tranquilidade para aprender. Nosso munic\u00edpio \u00e9 o \u00fanico que disp\u00f5e, em 2023, desse equipamento para auxiliar as unidades de ensino. O que n\u00f3s queremos \u00e9 que esse bot\u00e3o n\u00e3o precise ser acionado, ele vai funcionar como fator de inibi\u00e7\u00e3o a qualquer tentativa de desordem, de vandalismo&#8221;, disse o prefeito Lorenzo Pazolini.<\/span><\/p><\/blockquote><\/figure>\n\n\n\n<div class=\"wp-block-image\"><figure class=\"alignleft size-large is-resized\"><img loading=\"lazy\" decoding=\"async\" src=\"https:\/\/jornalfatosenoticias.com.br\/wp-content\/uploads\/2020\/02\/logo-Panper_portal.jpg\" alt=\"\" class=\"wp-image-34474\" width=\"307\" height=\"211\"\/><\/figure><\/div>\n\n\n\n<p>O valor do investimento \u00e9 de R$ 378.516 e o contrato tem vig\u00eancia de 12 meses. O custo mensal de cada dispositivo \u00e9 de R$ 286,75.<br>A secret\u00e1ria de Educa\u00e7\u00e3o de Vit\u00f3ria, Juliana Rohsner, falou sobre o momento importante, in\u00edcio de mais um ano letivo, e agradeceu ao prefeito pela relevante e necess\u00e1ria entrega. &#8220;Quero agradecer pelo olhar cuidadoso que o senhor tem com a Educa\u00e7\u00e3o. N\u00f3s temos nas unidades de ensino o que temos de mais precioso, que s\u00e3o as vidas dos nossos servidores e dos nossos estudantes. A gente j\u00e1 vem trabalhando com essa perspectiva desde o ano passado. \u00c9 um momento que precisamos cuidar das pessoas. Trabalhamos com alguns eixos, um deles \u00e9 a seguran\u00e7a, outro \u00e9 a infraestrutura f\u00edsica, refor\u00e7amos o caixa escolar, pensando em pontos de vulnerabilidade, em como poder\u00edamos cuidar disso. O terceiro eixo compete a n\u00f3s, \u00e0 Educa\u00e7\u00e3o. Esses ataques t\u00eam em comum viol\u00eancias anteriores. Temos como foco a constru\u00e7\u00e3o de uma cultura de paz nas unidades de ensino, por meio da metodologia da comunica\u00e7\u00e3o n\u00e3o violenta&#8221;, afirmou.<\/p>\n\n\n\n<div class=\"wp-block-image\"><figure class=\"aligncenter size-large is-resized\"><img loading=\"lazy\" decoding=\"async\" src=\"https:\/\/jornalfatosenoticias.com.br\/wp-content\/uploads\/2020\/02\/casa-do-torresmo_portal.jpg\" alt=\"\" class=\"wp-image-34472\" width=\"290\" height=\"290\" srcset=\"https:\/\/jornalfatosenoticias.com.br\/wp-content\/uploads\/2020\/02\/casa-do-torresmo_portal.jpg 300w, https:\/\/jornalfatosenoticias.com.br\/wp-content\/uploads\/2020\/02\/casa-do-torresmo_portal-150x150.jpg 150w\" sizes=\"auto, (max-width: 290px) 100vw, 290px\" \/><\/figure><\/div>\n\n\n\n<figure class=\"wp-block-pullquote\"><blockquote><p><span class=\"has-inline-color has-luminous-vivid-orange-color\">O bot\u00e3o n\u00e3o substitui atividade pedag\u00f3gica, n\u00e3o substitui atividade educacional. A nossa aposta \u00e9 na Educa\u00e7\u00e3o, no di\u00e1logo e na constru\u00e7\u00e3o coletiva de uma cultura de paz nas escolas de Vit\u00f3ria&#8221;, completou o prefeito.<\/span><\/p><\/blockquote><\/figure>\n\n\n\n<h3 class=\"wp-block-heading\"><strong><span class=\"has-inline-color has-vivid-red-color\">Mais seguran\u00e7a nas escolas<\/span><\/strong><\/h3>\n\n\n\n<div class=\"wp-block-image\"><figure class=\"aligncenter size-large\"><img loading=\"lazy\" decoding=\"async\" width=\"1024\" height=\"100\" src=\"https:\/\/jornalfatosenoticias.com.br\/wp-content\/uploads\/2020\/02\/banner_ferramentas-1024x100.jpg\" alt=\"\" class=\"wp-image-1258\" srcset=\"https:\/\/jornalfatosenoticias.com.br\/wp-content\/uploads\/2020\/02\/banner_ferramentas-1024x100.jpg 1024w, https:\/\/jornalfatosenoticias.com.br\/wp-content\/uploads\/2020\/02\/banner_ferramentas-300x29.jpg 300w, https:\/\/jornalfatosenoticias.com.br\/wp-content\/uploads\/2020\/02\/banner_ferramentas-768x75.jpg 768w, https:\/\/jornalfatosenoticias.com.br\/wp-content\/uploads\/2020\/02\/banner_ferramentas.jpg 1227w\" sizes=\"auto, (max-width: 1024px) 100vw, 1024px\" \/><\/figure><\/div>\n\n\n\n<p>A contrata\u00e7\u00e3o do servi\u00e7o tem por objetivo a preven\u00e7\u00e3o ou mitiga\u00e7\u00e3o dos efeitos de poss\u00edveis situa\u00e7\u00f5es de viol\u00eancia nas unidades de ensino de Vit\u00f3ria, possibilitando uma resposta imediata por parte dos agentes da Guarda Civil Municipal de Vit\u00f3ria (GCMV) e da Pol\u00edcia Militar.<\/p>\n\n\n\n<div class=\"wp-block-image\"><figure class=\"aligncenter size-large\"><img decoding=\"async\" src=\"https:\/\/jornalfatosenoticias.com.br\/wp-content\/uploads\/2020\/02\/logo_esteio.jpg\" alt=\"\" class=\"wp-image-1214\"\/><\/figure><\/div>\n\n\n\n<figure class=\"wp-block-pullquote\"><blockquote><p><span class=\"has-inline-color has-luminous-vivid-orange-color\">\u00c9 um momento de agradecer todos os instrumentos para seguran\u00e7a dos nossos servidores e das nossas crian\u00e7as. O bot\u00e3o \u00e9 muito bem-vindo, mas n\u00f3s acreditamos nas escolas para mudar essa realidade e construir uma cultura de paz&#8221;, disse Fernanda Moraes, diretora do Cmei TI Menino Jesus.<\/span><\/p><\/blockquote><\/figure>\n\n\n\n<div class=\"wp-block-image\"><figure class=\"aligncenter size-large is-resized\"><img loading=\"lazy\" decoding=\"async\" src=\"https:\/\/jornalfatosenoticias.com.br\/wp-content\/uploads\/2022\/08\/logo-locau-veiculos-1024x573.png\" alt=\"\" class=\"wp-image-33078\" width=\"348\" height=\"194\"\/><\/figure><\/div>\n\n\n\n<p>Para R\u00fabia Xibili, diretora da Emef Suzete Cuendet, o bot\u00e3o representa uma ferramenta de apoio ao trabalho dos profissionais da Educa\u00e7\u00e3o. &#8220;Tomara que a gente n\u00e3o tenha necessidade de us\u00e1-lo. \u00c9 uma ferramenta para apoio ao nosso trabalho, mais uma possibilidade de seguran\u00e7a para somar \u00e0s nossas a\u00e7\u00f5es&#8221;, disse.<\/p>\n\n\n\n<div class=\"wp-block-image\"><figure class=\"aligncenter size-large is-resized\"><img loading=\"lazy\" decoding=\"async\" src=\"https:\/\/jornalfatosenoticias.com.br\/wp-content\/uploads\/2022\/10\/RC_800x750_page-0001.jpg\" alt=\"\" class=\"wp-image-35338\" width=\"273\" height=\"256\" srcset=\"https:\/\/jornalfatosenoticias.com.br\/wp-content\/uploads\/2022\/10\/RC_800x750_page-0001.jpg 400w, https:\/\/jornalfatosenoticias.com.br\/wp-content\/uploads\/2022\/10\/RC_800x750_page-0001-300x281.jpg 300w\" sizes=\"auto, (max-width: 273px) 100vw, 273px\" \/><\/figure><\/div>\n\n\n\n<figure class=\"wp-block-pullquote\"><blockquote><p><span class=\"has-inline-color has-luminous-vivid-orange-color\">Estamos trabalhando em conjunto com a Secretaria de Educa\u00e7\u00e3o, com o objetivo de que voc\u00eas trabalhem com tranquilidade, pensando estrat\u00e9gias e a\u00e7\u00f5es da Guarda Municipal, que \u00e9 uma parceira das unidades de ensino&#8221;, explicou o secret\u00e1rio de Seguran\u00e7a de Vit\u00f3ria, Amar\u00edlio Boni.<\/span><\/p><\/blockquote><\/figure>\n\n\n\n<div class=\"wp-block-image\"><figure class=\"aligncenter size-large\"><img decoding=\"async\" src=\"https:\/\/jornalfatosenoticias.com.br\/wp-content\/uploads\/2020\/02\/Serra-Grande-1024x160.png\" alt=\"\" class=\"wp-image-7836\"\/><\/figure><\/div>\n\n\n\n<p>A disponibiliza\u00e7\u00e3o do bot\u00e3o do p\u00e2nico para a rede de ensino faz parte do Plano Vit\u00f3ria, com investimentos de R$ 1 bilh\u00e3o, at\u00e9 2024, lan\u00e7ado em setembro do ano passado pelo prefeito Lorenzo Pazolini. O Plano Vit\u00f3ria \u00e9 fruto do ajuste fiscal e financeiro realizado pela atual gest\u00e3o e prev\u00ea a\u00e7\u00f5es em educa\u00e7\u00e3o, sa\u00fade, infraestrutura, mobilidade, urbaniza\u00e7\u00e3o, habita\u00e7\u00e3o, equipamentos esportivos e culturais e tecnologia.<\/p>\n\n\n\n<p><strong><em>Fonte: <a href=\"https:\/\/www.vitoria.es.gov.br\/noticia\/prefeitura-de-vitoria-realiza-entrega-de-botao-do-panico-a-diretores-escolares-46805\">PMV<\/a><\/em><\/strong><\/p>\n","protected":false},"excerpt":{"rendered":"<p>Para garantir maior seguran\u00e7a e tranquilidade a estudantes e profissionais da rede municipal de ensino, a Prefeitura de Vit\u00f3ria (PMV) entregou, na ter\u00e7a-feira (17), dispositivos de seguran\u00e7a preventiva por meio de tecnologia GPS, conhecido como bot\u00e3o do p\u00e2nico, aos diretores dos 49 Centros Municipais de Educa\u00e7\u00e3o Infantil (Cmei) e 54 Escolas Municipais de Ensino Fundamental [&hellip;]<\/p>\n","protected":false},"author":2,"featured_media":37957,"comment_status":"open","ping_status":"open","sticky":false,"template":"","format":"standard","meta":{"footnotes":""},"categories":[7],"tags":[17253,13166,2562,1033,17794],"class_list":["post-37956","post","type-post","status-publish","format-standard","has-post-thumbnail","hentry","category-educacao","tag-botao-do-panico","tag-diretores-escolares","tag-prefeitura-de-vitoria","tag-seguranca","tag-seguranca-nas-escolas"],"yoast_head":"<!-- This site is optimized with the Yoast SEO plugin v26.5 - https:\/\/yoast.com\/wordpress\/plugins\/seo\/ -->\n<title>Prefeitura de Vit\u00f3ria entrega Bot\u00e3o do P\u00e2nico a diretores escolares - Jornal Fatos e Not\u00edcias<\/title>\n<meta name=\"robots\" content=\"index, follow, max-snippet:-1, max-image-preview:large, max-video-preview:-1\" \/>\n<link rel=\"canonical\" href=\"https:\/\/jornalfatosenoticias.com.br\/index.php\/2023\/01\/19\/prefeitura-de-vitoria-entrega-botao-do-panico-a-diretores-escolares\/\" \/>\n<meta property=\"og:locale\" content=\"pt_BR\" \/>\n<meta property=\"og:type\" content=\"article\" \/>\n<meta property=\"og:title\" content=\"Prefeitura de Vit\u00f3ria entrega Bot\u00e3o do P\u00e2nico a diretores escolares - Jornal Fatos e Not\u00edcias\" \/>\n<meta property=\"og:description\" content=\"Para garantir maior seguran\u00e7a e tranquilidade a estudantes e profissionais da rede municipal de ensino, a Prefeitura de Vit\u00f3ria (PMV) entregou, na ter\u00e7a-feira (17), dispositivos de seguran\u00e7a preventiva por meio de tecnologia GPS, conhecido como bot\u00e3o do p\u00e2nico, aos diretores dos 49 Centros Municipais de Educa\u00e7\u00e3o Infantil (Cmei) e 54 Escolas Municipais de Ensino Fundamental [&hellip;]\" \/>\n<meta property=\"og:url\" content=\"https:\/\/jornalfatosenoticias.com.br\/index.php\/2023\/01\/19\/prefeitura-de-vitoria-entrega-botao-do-panico-a-diretores-escolares\/\" \/>\n<meta property=\"og:site_name\" content=\"Jornal Fatos e Not\u00edcias\" \/>\n<meta property=\"article:published_time\" content=\"2023-01-19T13:16:42+00:00\" \/>\n<meta property=\"article:modified_time\" content=\"2023-01-19T13:16:44+00:00\" \/>\n<meta property=\"og:image\" content=\"https:\/\/jornalfatosenoticias.com.br\/wp-content\/uploads\/2023\/01\/botao-do-panico_escolas-Vitoria.jpg\" \/>\n\t<meta property=\"og:image:width\" content=\"1000\" \/>\n\t<meta property=\"og:image:height\" content=\"361\" \/>\n\t<meta property=\"og:image:type\" content=\"image\/jpeg\" \/>\n<meta name=\"author\" content=\"Luzimara Fernandes\" \/>\n<meta name=\"twitter:card\" content=\"summary_large_image\" \/>\n<meta name=\"twitter:label1\" content=\"Escrito por\" \/>\n\t<meta name=\"twitter:data1\" content=\"Luzimara Fernandes\" \/>\n\t<meta name=\"twitter:label2\" content=\"Est. tempo de leitura\" \/>\n\t<meta name=\"twitter:data2\" content=\"4 minutos\" \/>\n<script type=\"application\/ld+json\" class=\"yoast-schema-graph\">{\"@context\":\"https:\/\/schema.org\",\"@graph\":[{\"@type\":\"Article\",\"@id\":\"https:\/\/jornalfatosenoticias.com.br\/index.php\/2023\/01\/19\/prefeitura-de-vitoria-entrega-botao-do-panico-a-diretores-escolares\/#article\",\"isPartOf\":{\"@id\":\"https:\/\/jornalfatosenoticias.com.br\/index.php\/2023\/01\/19\/prefeitura-de-vitoria-entrega-botao-do-panico-a-diretores-escolares\/\"},\"author\":{\"name\":\"Luzimara Fernandes\",\"@id\":\"https:\/\/jornalfatosenoticias.com.br\/#\/schema\/person\/d63837fa13ac8666eb9e74e0985d6f81\"},\"headline\":\"Prefeitura de Vit\u00f3ria entrega Bot\u00e3o do P\u00e2nico a diretores escolares\",\"datePublished\":\"2023-01-19T13:16:42+00:00\",\"dateModified\":\"2023-01-19T13:16:44+00:00\",\"mainEntityOfPage\":{\"@id\":\"https:\/\/jornalfatosenoticias.com.br\/index.php\/2023\/01\/19\/prefeitura-de-vitoria-entrega-botao-do-panico-a-diretores-escolares\/\"},\"wordCount\":861,\"commentCount\":0,\"publisher\":{\"@id\":\"https:\/\/jornalfatosenoticias.com.br\/#organization\"},\"image\":{\"@id\":\"https:\/\/jornalfatosenoticias.com.br\/index.php\/2023\/01\/19\/prefeitura-de-vitoria-entrega-botao-do-panico-a-diretores-escolares\/#primaryimage\"},\"thumbnailUrl\":\"https:\/\/jornalfatosenoticias.com.br\/wp-content\/uploads\/2023\/01\/botao-do-panico_escolas-Vitoria.jpg\",\"keywords\":[\"bot\u00e3o do p\u00e2nico\",\"diretores escolares\",\"Prefeitura de Vit\u00f3ria\",\"seguran\u00e7a\",\"seguran\u00e7a nas escolas\"],\"articleSection\":[\"Educa\u00e7\u00e3o\"],\"inLanguage\":\"pt-BR\",\"potentialAction\":[{\"@type\":\"CommentAction\",\"name\":\"Comment\",\"target\":[\"https:\/\/jornalfatosenoticias.com.br\/index.php\/2023\/01\/19\/prefeitura-de-vitoria-entrega-botao-do-panico-a-diretores-escolares\/#respond\"]}]},{\"@type\":\"WebPage\",\"@id\":\"https:\/\/jornalfatosenoticias.com.br\/index.php\/2023\/01\/19\/prefeitura-de-vitoria-entrega-botao-do-panico-a-diretores-escolares\/\",\"url\":\"https:\/\/jornalfatosenoticias.com.br\/index.php\/2023\/01\/19\/prefeitura-de-vitoria-entrega-botao-do-panico-a-diretores-escolares\/\",\"name\":\"Prefeitura de Vit\u00f3ria entrega Bot\u00e3o do P\u00e2nico a diretores escolares - Jornal Fatos e Not\u00edcias\",\"isPartOf\":{\"@id\":\"https:\/\/jornalfatosenoticias.com.br\/#website\"},\"primaryImageOfPage\":{\"@id\":\"https:\/\/jornalfatosenoticias.com.br\/index.php\/2023\/01\/19\/prefeitura-de-vitoria-entrega-botao-do-panico-a-diretores-escolares\/#primaryimage\"},\"image\":{\"@id\":\"https:\/\/jornalfatosenoticias.com.br\/index.php\/2023\/01\/19\/prefeitura-de-vitoria-entrega-botao-do-panico-a-diretores-escolares\/#primaryimage\"},\"thumbnailUrl\":\"https:\/\/jornalfatosenoticias.com.br\/wp-content\/uploads\/2023\/01\/botao-do-panico_escolas-Vitoria.jpg\",\"datePublished\":\"2023-01-19T13:16:42+00:00\",\"dateModified\":\"2023-01-19T13:16:44+00:00\",\"breadcrumb\":{\"@id\":\"https:\/\/jornalfatosenoticias.com.br\/index.php\/2023\/01\/19\/prefeitura-de-vitoria-entrega-botao-do-panico-a-diretores-escolares\/#breadcrumb\"},\"inLanguage\":\"pt-BR\",\"potentialAction\":[{\"@type\":\"ReadAction\",\"target\":[\"https:\/\/jornalfatosenoticias.com.br\/index.php\/2023\/01\/19\/prefeitura-de-vitoria-entrega-botao-do-panico-a-diretores-escolares\/\"]}]},{\"@type\":\"ImageObject\",\"inLanguage\":\"pt-BR\",\"@id\":\"https:\/\/jornalfatosenoticias.com.br\/index.php\/2023\/01\/19\/prefeitura-de-vitoria-entrega-botao-do-panico-a-diretores-escolares\/#primaryimage\",\"url\":\"https:\/\/jornalfatosenoticias.com.br\/wp-content\/uploads\/2023\/01\/botao-do-panico_escolas-Vitoria.jpg\",\"contentUrl\":\"https:\/\/jornalfatosenoticias.com.br\/wp-content\/uploads\/2023\/01\/botao-do-panico_escolas-Vitoria.jpg\",\"width\":1000,\"height\":361,\"caption\":\"Prefeitura de Vit\u00f3ria realiza entrega de Bot\u00e3o do P\u00e2nico a diretores escolares\"},{\"@type\":\"BreadcrumbList\",\"@id\":\"https:\/\/jornalfatosenoticias.com.br\/index.php\/2023\/01\/19\/prefeitura-de-vitoria-entrega-botao-do-panico-a-diretores-escolares\/#breadcrumb\",\"itemListElement\":[{\"@type\":\"ListItem\",\"position\":1,\"name\":\"In\u00edcio\",\"item\":\"https:\/\/jornalfatosenoticias.com.br\/\"},{\"@type\":\"ListItem\",\"position\":2,\"name\":\"Prefeitura de Vit\u00f3ria entrega Bot\u00e3o do P\u00e2nico a diretores escolares\"}]},{\"@type\":\"WebSite\",\"@id\":\"https:\/\/jornalfatosenoticias.com.br\/#website\",\"url\":\"https:\/\/jornalfatosenoticias.com.br\/\",\"name\":\"Jornal Fatos e Not\u00edcias\",\"description\":\"Not\u00edcias em geral\",\"publisher\":{\"@id\":\"https:\/\/jornalfatosenoticias.com.br\/#organization\"},\"potentialAction\":[{\"@type\":\"SearchAction\",\"target\":{\"@type\":\"EntryPoint\",\"urlTemplate\":\"https:\/\/jornalfatosenoticias.com.br\/?s={search_term_string}\"},\"query-input\":{\"@type\":\"PropertyValueSpecification\",\"valueRequired\":true,\"valueName\":\"search_term_string\"}}],\"inLanguage\":\"pt-BR\"},{\"@type\":\"Organization\",\"@id\":\"https:\/\/jornalfatosenoticias.com.br\/#organization\",\"name\":\"Jornal Fatos e Not\u00edcias\",\"url\":\"https:\/\/jornalfatosenoticias.com.br\/\",\"logo\":{\"@type\":\"ImageObject\",\"inLanguage\":\"pt-BR\",\"@id\":\"https:\/\/jornalfatosenoticias.com.br\/#\/schema\/logo\/image\/\",\"url\":\"https:\/\/jornalfatosenoticias.com.br\/wp-content\/uploads\/2020\/02\/logo120.png\",\"contentUrl\":\"https:\/\/jornalfatosenoticias.com.br\/wp-content\/uploads\/2020\/02\/logo120.png\",\"width\":1227,\"height\":120,\"caption\":\"Jornal Fatos e Not\u00edcias\"},\"image\":{\"@id\":\"https:\/\/jornalfatosenoticias.com.br\/#\/schema\/logo\/image\/\"}},{\"@type\":\"Person\",\"@id\":\"https:\/\/jornalfatosenoticias.com.br\/#\/schema\/person\/d63837fa13ac8666eb9e74e0985d6f81\",\"name\":\"Luzimara Fernandes\",\"image\":{\"@type\":\"ImageObject\",\"inLanguage\":\"pt-BR\",\"@id\":\"https:\/\/jornalfatosenoticias.com.br\/#\/schema\/person\/image\/\",\"url\":\"https:\/\/jornalfatosenoticias.com.br\/wp-content\/uploads\/2025\/05\/EU_portal.jpg\",\"contentUrl\":\"https:\/\/jornalfatosenoticias.com.br\/wp-content\/uploads\/2025\/05\/EU_portal.jpg\",\"caption\":\"Luzimara Fernandes\"},\"description\":\"Jornalista MTB 2358-ES\",\"sameAs\":[\"https:\/\/jornalfatosenoticias.com.br\"],\"url\":\"https:\/\/jornalfatosenoticias.com.br\/index.php\/author\/luzimara\/\"}]}<\/script>\n<!-- \/ Yoast SEO plugin. -->","yoast_head_json":{"title":"Prefeitura de Vit\u00f3ria entrega Bot\u00e3o do P\u00e2nico a diretores escolares - Jornal Fatos e Not\u00edcias","robots":{"index":"index","follow":"follow","max-snippet":"max-snippet:-1","max-image-preview":"max-image-preview:large","max-video-preview":"max-video-preview:-1"},"canonical":"https:\/\/jornalfatosenoticias.com.br\/index.php\/2023\/01\/19\/prefeitura-de-vitoria-entrega-botao-do-panico-a-diretores-escolares\/","og_locale":"pt_BR","og_type":"article","og_title":"Prefeitura de Vit\u00f3ria entrega Bot\u00e3o do P\u00e2nico a diretores escolares - Jornal Fatos e Not\u00edcias","og_description":"Para garantir maior seguran\u00e7a e tranquilidade a estudantes e profissionais da rede municipal de ensino, a Prefeitura de Vit\u00f3ria (PMV) entregou, na ter\u00e7a-feira (17), dispositivos de seguran\u00e7a preventiva por meio de tecnologia GPS, conhecido como bot\u00e3o do p\u00e2nico, aos diretores dos 49 Centros Municipais de Educa\u00e7\u00e3o Infantil (Cmei) e 54 Escolas Municipais de Ensino Fundamental [&hellip;]","og_url":"https:\/\/jornalfatosenoticias.com.br\/index.php\/2023\/01\/19\/prefeitura-de-vitoria-entrega-botao-do-panico-a-diretores-escolares\/","og_site_name":"Jornal Fatos e Not\u00edcias","article_published_time":"2023-01-19T13:16:42+00:00","article_modified_time":"2023-01-19T13:16:44+00:00","og_image":[{"width":1000,"height":361,"url":"https:\/\/jornalfatosenoticias.com.br\/wp-content\/uploads\/2023\/01\/botao-do-panico_escolas-Vitoria.jpg","type":"image\/jpeg"}],"author":"Luzimara Fernandes","twitter_card":"summary_large_image","twitter_misc":{"Escrito por":"Luzimara Fernandes","Est. tempo de leitura":"4 minutos"},"schema":{"@context":"https:\/\/schema.org","@graph":[{"@type":"Article","@id":"https:\/\/jornalfatosenoticias.com.br\/index.php\/2023\/01\/19\/prefeitura-de-vitoria-entrega-botao-do-panico-a-diretores-escolares\/#article","isPartOf":{"@id":"https:\/\/jornalfatosenoticias.com.br\/index.php\/2023\/01\/19\/prefeitura-de-vitoria-entrega-botao-do-panico-a-diretores-escolares\/"},"author":{"name":"Luzimara Fernandes","@id":"https:\/\/jornalfatosenoticias.com.br\/#\/schema\/person\/d63837fa13ac8666eb9e74e0985d6f81"},"headline":"Prefeitura de Vit\u00f3ria entrega Bot\u00e3o do P\u00e2nico a diretores escolares","datePublished":"2023-01-19T13:16:42+00:00","dateModified":"2023-01-19T13:16:44+00:00","mainEntityOfPage":{"@id":"https:\/\/jornalfatosenoticias.com.br\/index.php\/2023\/01\/19\/prefeitura-de-vitoria-entrega-botao-do-panico-a-diretores-escolares\/"},"wordCount":861,"commentCount":0,"publisher":{"@id":"https:\/\/jornalfatosenoticias.com.br\/#organization"},"image":{"@id":"https:\/\/jornalfatosenoticias.com.br\/index.php\/2023\/01\/19\/prefeitura-de-vitoria-entrega-botao-do-panico-a-diretores-escolares\/#primaryimage"},"thumbnailUrl":"https:\/\/jornalfatosenoticias.com.br\/wp-content\/uploads\/2023\/01\/botao-do-panico_escolas-Vitoria.jpg","keywords":["bot\u00e3o do p\u00e2nico","diretores escolares","Prefeitura de Vit\u00f3ria","seguran\u00e7a","seguran\u00e7a nas escolas"],"articleSection":["Educa\u00e7\u00e3o"],"inLanguage":"pt-BR","potentialAction":[{"@type":"CommentAction","name":"Comment","target":["https:\/\/jornalfatosenoticias.com.br\/index.php\/2023\/01\/19\/prefeitura-de-vitoria-entrega-botao-do-panico-a-diretores-escolares\/#respond"]}]},{"@type":"WebPage","@id":"https:\/\/jornalfatosenoticias.com.br\/index.php\/2023\/01\/19\/prefeitura-de-vitoria-entrega-botao-do-panico-a-diretores-escolares\/","url":"https:\/\/jornalfatosenoticias.com.br\/index.php\/2023\/01\/19\/prefeitura-de-vitoria-entrega-botao-do-panico-a-diretores-escolares\/","name":"Prefeitura de Vit\u00f3ria entrega Bot\u00e3o do P\u00e2nico a diretores escolares - Jornal Fatos e Not\u00edcias","isPartOf":{"@id":"https:\/\/jornalfatosenoticias.com.br\/#website"},"primaryImageOfPage":{"@id":"https:\/\/jornalfatosenoticias.com.br\/index.php\/2023\/01\/19\/prefeitura-de-vitoria-entrega-botao-do-panico-a-diretores-escolares\/#primaryimage"},"image":{"@id":"https:\/\/jornalfatosenoticias.com.br\/index.php\/2023\/01\/19\/prefeitura-de-vitoria-entrega-botao-do-panico-a-diretores-escolares\/#primaryimage"},"thumbnailUrl":"https:\/\/jornalfatosenoticias.com.br\/wp-content\/uploads\/2023\/01\/botao-do-panico_escolas-Vitoria.jpg","datePublished":"2023-01-19T13:16:42+00:00","dateModified":"2023-01-19T13:16:44+00:00","breadcrumb":{"@id":"https:\/\/jornalfatosenoticias.com.br\/index.php\/2023\/01\/19\/prefeitura-de-vitoria-entrega-botao-do-panico-a-diretores-escolares\/#breadcrumb"},"inLanguage":"pt-BR","potentialAction":[{"@type":"ReadAction","target":["https:\/\/jornalfatosenoticias.com.br\/index.php\/2023\/01\/19\/prefeitura-de-vitoria-entrega-botao-do-panico-a-diretores-escolares\/"]}]},{"@type":"ImageObject","inLanguage":"pt-BR","@id":"https:\/\/jornalfatosenoticias.com.br\/index.php\/2023\/01\/19\/prefeitura-de-vitoria-entrega-botao-do-panico-a-diretores-escolares\/#primaryimage","url":"https:\/\/jornalfatosenoticias.com.br\/wp-content\/uploads\/2023\/01\/botao-do-panico_escolas-Vitoria.jpg","contentUrl":"https:\/\/jornalfatosenoticias.com.br\/wp-content\/uploads\/2023\/01\/botao-do-panico_escolas-Vitoria.jpg","width":1000,"height":361,"caption":"Prefeitura de Vit\u00f3ria realiza entrega de Bot\u00e3o do P\u00e2nico a diretores escolares"},{"@type":"BreadcrumbList","@id":"https:\/\/jornalfatosenoticias.com.br\/index.php\/2023\/01\/19\/prefeitura-de-vitoria-entrega-botao-do-panico-a-diretores-escolares\/#breadcrumb","itemListElement":[{"@type":"ListItem","position":1,"name":"In\u00edcio","item":"https:\/\/jornalfatosenoticias.com.br\/"},{"@type":"ListItem","position":2,"name":"Prefeitura de Vit\u00f3ria entrega Bot\u00e3o do P\u00e2nico a diretores escolares"}]},{"@type":"WebSite","@id":"https:\/\/jornalfatosenoticias.com.br\/#website","url":"https:\/\/jornalfatosenoticias.com.br\/","name":"Jornal Fatos e Not\u00edcias","description":"Not\u00edcias em geral","publisher":{"@id":"https:\/\/jornalfatosenoticias.com.br\/#organization"},"potentialAction":[{"@type":"SearchAction","target":{"@type":"EntryPoint","urlTemplate":"https:\/\/jornalfatosenoticias.com.br\/?s={search_term_string}"},"query-input":{"@type":"PropertyValueSpecification","valueRequired":true,"valueName":"search_term_string"}}],"inLanguage":"pt-BR"},{"@type":"Organization","@id":"https:\/\/jornalfatosenoticias.com.br\/#organization","name":"Jornal Fatos e Not\u00edcias","url":"https:\/\/jornalfatosenoticias.com.br\/","logo":{"@type":"ImageObject","inLanguage":"pt-BR","@id":"https:\/\/jornalfatosenoticias.com.br\/#\/schema\/logo\/image\/","url":"https:\/\/jornalfatosenoticias.com.br\/wp-content\/uploads\/2020\/02\/logo120.png","contentUrl":"https:\/\/jornalfatosenoticias.com.br\/wp-content\/uploads\/2020\/02\/logo120.png","width":1227,"height":120,"caption":"Jornal Fatos e Not\u00edcias"},"image":{"@id":"https:\/\/jornalfatosenoticias.com.br\/#\/schema\/logo\/image\/"}},{"@type":"Person","@id":"https:\/\/jornalfatosenoticias.com.br\/#\/schema\/person\/d63837fa13ac8666eb9e74e0985d6f81","name":"Luzimara Fernandes","image":{"@type":"ImageObject","inLanguage":"pt-BR","@id":"https:\/\/jornalfatosenoticias.com.br\/#\/schema\/person\/image\/","url":"https:\/\/jornalfatosenoticias.com.br\/wp-content\/uploads\/2025\/05\/EU_portal.jpg","contentUrl":"https:\/\/jornalfatosenoticias.com.br\/wp-content\/uploads\/2025\/05\/EU_portal.jpg","caption":"Luzimara Fernandes"},"description":"Jornalista MTB 2358-ES","sameAs":["https:\/\/jornalfatosenoticias.com.br"],"url":"https:\/\/jornalfatosenoticias.com.br\/index.php\/author\/luzimara\/"}]}},"cc_featured_image_caption":{"caption_text":"(Foto: Andr\u00e9 Sobral)","source_text":"","source_url":""},"jetpack_featured_media_url":"https:\/\/jornalfatosenoticias.com.br\/wp-content\/uploads\/2023\/01\/botao-do-panico_escolas-Vitoria.jpg","_links":{"self":[{"href":"https:\/\/jornalfatosenoticias.com.br\/index.php\/wp-json\/wp\/v2\/posts\/37956","targetHints":{"allow":["GET"]}}],"collection":[{"href":"https:\/\/jornalfatosenoticias.com.br\/index.php\/wp-json\/wp\/v2\/posts"}],"about":[{"href":"https:\/\/jornalfatosenoticias.com.br\/index.php\/wp-json\/wp\/v2\/types\/post"}],"author":[{"embeddable":true,"href":"https:\/\/jornalfatosenoticias.com.br\/index.php\/wp-json\/wp\/v2\/users\/2"}],"replies":[{"embeddable":true,"href":"https:\/\/jornalfatosenoticias.com.br\/index.php\/wp-json\/wp\/v2\/comments?post=37956"}],"version-history":[{"count":0,"href":"https:\/\/jornalfatosenoticias.com.br\/index.php\/wp-json\/wp\/v2\/posts\/37956\/revisions"}],"wp:featuredmedia":[{"embeddable":true,"href":"https:\/\/jornalfatosenoticias.com.br\/index.php\/wp-json\/wp\/v2\/media\/37957"}],"wp:attachment":[{"href":"https:\/\/jornalfatosenoticias.com.br\/index.php\/wp-json\/wp\/v2\/media?parent=37956"}],"wp:term":[{"taxonomy":"category","embeddable":true,"href":"https:\/\/jornalfatosenoticias.com.br\/index.php\/wp-json\/wp\/v2\/categories?post=37956"},{"taxonomy":"post_tag","embeddable":true,"href":"https:\/\/jornalfatosenoticias.com.br\/index.php\/wp-json\/wp\/v2\/tags?post=37956"}],"curies":[{"name":"wp","href":"https:\/\/api.w.org\/{rel}","templated":true}]}}