{"id":37964,"date":"2023-01-19T10:32:06","date_gmt":"2023-01-19T13:32:06","guid":{"rendered":"https:\/\/jornalfatosenoticias.com.br\/?p=37964"},"modified":"2023-01-19T10:56:44","modified_gmt":"2023-01-19T13:56:44","slug":"gerenciar-melhor-as-emocoes-pode-prevenir-o-envelhecimento-patologico-segundo-pesquisa","status":"publish","type":"post","link":"https:\/\/jornalfatosenoticias.com.br\/index.php\/2023\/01\/19\/gerenciar-melhor-as-emocoes-pode-prevenir-o-envelhecimento-patologico-segundo-pesquisa\/","title":{"rendered":"Gerenciar melhor as emo\u00e7\u00f5es pode prevenir o envelhecimento patol\u00f3gico, segundo pesquisa"},"content":{"rendered":"\n<p><em><span class=\"has-inline-color has-black-color\">Para entender como as emo\u00e7\u00f5es afetam o c\u00e9rebro, principalmente nos idosos, neurocientistas conduziram um estudo comparativo com jovens<\/span><\/em><\/p>\n\n\n\n<div class=\"wp-block-image\"><figure class=\"aligncenter size-large\"><img decoding=\"async\" src=\"https:\/\/jornalfatosenoticias.com.br\/wp-content\/uploads\/2020\/02\/logo-embacia-1-1024x110.jpg\" alt=\"\" class=\"wp-image-33954\"\/><\/figure><\/div>\n\n\n\n<p>Nos \u00faltimos 20 anos, neurocientistas t\u00eam observado como o <a href=\"https:\/\/olhardigital.com.br\/tag\/cerebro\/\" target=\"_blank\" rel=\"noreferrer noopener\">c\u00e9rebro<\/a>&nbsp;reage \u00e0s emo\u00e7\u00f5es. Para entender como isso afeta o&nbsp;<a href=\"https:\/\/olhardigital.com.br\/2022\/09\/28\/medicina-e-saude\/solidao-e-tristeza-podem-acelerar-o-envelhecimento-tanto-quanto-fumar-diz-estudo\/amp\/\" target=\"_blank\" rel=\"noreferrer noopener\">envelhecimento<\/a>, cientistas da Universidade de Genebra (Unige) investigaram como jovens e idosos comportam-se quando confrontados com o sofrimento psicol\u00f3gico de outras pessoas.<\/p>\n\n\n\n<div class=\"wp-block-image\"><figure class=\"aligncenter size-large is-resized\"><img loading=\"lazy\" decoding=\"async\" src=\"https:\/\/jornalfatosenoticias.com.br\/wp-content\/uploads\/2020\/02\/logo-clinica-limoeiro.jpg\" alt=\"\" class=\"wp-image-34610\" width=\"286\" height=\"203\"\/><\/figure><\/div>\n\n\n\n<figure class=\"wp-block-pullquote\"><blockquote><p><span class=\"has-inline-color has-luminous-vivid-orange-color\">Nosso objetivo foi determinar qual tra\u00e7o cerebral permanece ap\u00f3s a visualiza\u00e7\u00e3o de cenas emocionais, a fim de avaliar a rea\u00e7\u00e3o do c\u00e9rebro e, principalmente, seus mecanismos de recupera\u00e7\u00e3o. Focamos nos idosos, a fim de identificar poss\u00edveis diferen\u00e7as entre envelhecimento normal e patol\u00f3gico\u201d, explicou Patrik Vuilleumier, professor do Departamento de Neuroci\u00eancias B\u00e1sicas da Faculdade de Medicina e do Centro Su\u00ed\u00e7o de Ci\u00eancias Afetivas da Unige, que codirigiu este trabalho, publicado na Nature Aging.<\/span><\/p><\/blockquote><\/figure>\n\n\n\n<div class=\"wp-block-image\"><figure class=\"aligncenter size-large\"><img decoding=\"async\" src=\"https:\/\/jornalfatosenoticias.com.br\/wp-content\/uploads\/2020\/02\/Serra-Grande-1024x160.png\" alt=\"\" class=\"wp-image-7836\"\/><\/figure><\/div>\n\n\n\n<div class=\"wp-block-image\"><figure class=\"aligncenter size-large\"><img loading=\"lazy\" decoding=\"async\" width=\"1000\" height=\"667\" src=\"https:\/\/jornalfatosenoticias.com.br\/wp-content\/uploads\/2023\/01\/EMOCOES-E-ENVELHECIMENTO2.jpg\" alt=\"\" class=\"wp-image-37965\" srcset=\"https:\/\/jornalfatosenoticias.com.br\/wp-content\/uploads\/2023\/01\/EMOCOES-E-ENVELHECIMENTO2.jpg 1000w, https:\/\/jornalfatosenoticias.com.br\/wp-content\/uploads\/2023\/01\/EMOCOES-E-ENVELHECIMENTO2-300x200.jpg 300w, https:\/\/jornalfatosenoticias.com.br\/wp-content\/uploads\/2023\/01\/EMOCOES-E-ENVELHECIMENTO2-768x512.jpg 768w\" sizes=\"auto, (max-width: 1000px) 100vw, 1000px\" \/><figcaption><em><span class=\"has-inline-color has-black-color\">Pessoas mais velhas tem uma atividade cerebral diferente dos mais jovens (Foto: Wirestock Creators\/Shutterstock)<\/span><\/em><\/figcaption><\/figure><\/div>\n\n\n\n<div class=\"wp-block-image\"><figure class=\"alignright size-large\"><img decoding=\"async\" src=\"https:\/\/jornalfatosenoticias.com.br\/wp-content\/uploads\/2020\/02\/barao-das-carnes-300x164-1.jpg\" alt=\"\" class=\"wp-image-34339\"\/><\/figure><\/div>\n\n\n\n<p><strong><span class=\"has-inline-color has-black-color\">Igual, mas diferente<br><\/span><\/strong>Volunt\u00e1rios assistiram a pequenos clipes mostrando pessoas em estado de sofrimento emocional \u2014 como em um <a href=\"https:\/\/olhardigital.com.br\/2023\/01\/04\/dicas-e-tutoriais\/5-maiores-tsunamis-da-historia\/amp\/\" target=\"_blank\" rel=\"noreferrer noopener\">desastre natural<\/a> ou situa\u00e7\u00e3o de ang\u00fastia \u2014 e tamb\u00e9m a v\u00eddeos com conte\u00fado emocional neutro. Enquanto isso, os pesquisadores observavam a atividade cerebral deles usando resson\u00e2ncia magn\u00e9tica funcional.<\/p>\n\n\n\n<div class=\"wp-block-image\"><figure class=\"aligncenter size-large\"><img loading=\"lazy\" decoding=\"async\" width=\"1024\" height=\"99\" src=\"https:\/\/jornalfatosenoticias.com.br\/wp-content\/uploads\/2020\/02\/Logo-Mizu-segunda-2-1024x99.png\" alt=\"\" class=\"wp-image-2353\" srcset=\"https:\/\/jornalfatosenoticias.com.br\/wp-content\/uploads\/2020\/02\/Logo-Mizu-segunda-2-1024x99.png 1024w, https:\/\/jornalfatosenoticias.com.br\/wp-content\/uploads\/2020\/02\/Logo-Mizu-segunda-2-300x29.png 300w, https:\/\/jornalfatosenoticias.com.br\/wp-content\/uploads\/2020\/02\/Logo-Mizu-segunda-2-768x74.png 768w, https:\/\/jornalfatosenoticias.com.br\/wp-content\/uploads\/2020\/02\/Logo-Mizu-segunda-2.png 1240w\" sizes=\"auto, (max-width: 1024px) 100vw, 1024px\" \/><\/figure><\/div>\n\n\n\n<p>Primeiramente, a equipe realizou o experimento com um grupo com 29 pessoas com cerca de 25 anos e outro com 27 pessoas com mais de 65 anos. Depois, o teste foi repetido com 127 idosos. A pesquisa descobriu que as pessoas mais velhas mostram um padr\u00e3o de atividade cerebral diferente dos mais jovens. Em adultos mais velhos, a parte do c\u00e9rebro que processa a mem\u00f3ria autobiogr\u00e1fica (c\u00f3rtex cingulado posterior) tem um aumento de conex\u00f5es com a parte que processa importantes est\u00edmulos cerebrais (a am\u00edgdala).<\/p>\n\n\n\n<div class=\"wp-block-image\"><figure class=\"aligncenter size-large is-resized\"><img loading=\"lazy\" decoding=\"async\" src=\"https:\/\/jornalfatosenoticias.com.br\/wp-content\/uploads\/2020\/02\/nova-logo-Marquetti.jpg\" alt=\"\" class=\"wp-image-22331\" width=\"265\" height=\"178\" srcset=\"https:\/\/jornalfatosenoticias.com.br\/wp-content\/uploads\/2020\/02\/nova-logo-Marquetti.jpg 643w, https:\/\/jornalfatosenoticias.com.br\/wp-content\/uploads\/2020\/02\/nova-logo-Marquetti-300x202.jpg 300w\" sizes=\"auto, (max-width: 265px) 100vw, 265px\" \/><\/figure><\/div>\n\n\n\n<div class=\"wp-block-image\"><figure class=\"aligncenter size-large\"><img loading=\"lazy\" decoding=\"async\" width=\"1000\" height=\"666\" src=\"https:\/\/jornalfatosenoticias.com.br\/wp-content\/uploads\/2023\/01\/EMOCOES-E-ENVELHECIMENTO3.jpg\" alt=\"\" class=\"wp-image-37966\" srcset=\"https:\/\/jornalfatosenoticias.com.br\/wp-content\/uploads\/2023\/01\/EMOCOES-E-ENVELHECIMENTO3.jpg 1000w, https:\/\/jornalfatosenoticias.com.br\/wp-content\/uploads\/2023\/01\/EMOCOES-E-ENVELHECIMENTO3-300x200.jpg 300w, https:\/\/jornalfatosenoticias.com.br\/wp-content\/uploads\/2023\/01\/EMOCOES-E-ENVELHECIMENTO3-768x511.jpg 768w\" sizes=\"auto, (max-width: 1000px) 100vw, 1000px\" \/><figcaption><em><span class=\"has-inline-color has-black-color\">Existe a necessidade ainda de descobrir se a m\u00e1 regula\u00e7\u00e3o emocional e ansiedade s\u00e3o causas ou consequ\u00eancias da dem\u00eancia (Foto: LightField Studios\/Shutterstock)<\/span><\/em><\/figcaption><\/figure><\/div>\n\n\n\n<div class=\"wp-block-image\"><figure class=\"aligncenter size-large\"><img loading=\"lazy\" decoding=\"async\" width=\"300\" height=\"250\" src=\"https:\/\/jornalfatosenoticias.com.br\/wp-content\/uploads\/2022\/08\/arte-Casarao.jpg\" alt=\"\" class=\"wp-image-33178\"\/><\/figure><\/div>\n\n\n\n<figure class=\"wp-block-pullquote\"><blockquote><p><span class=\"has-inline-color has-luminous-vivid-orange-color\">Essas conex\u00f5es s\u00e3o mais fortes em indiv\u00edduos com altos n\u00edveis de ansiedade, com rumina\u00e7\u00e3o ou com pensamentos negativos\u201d.<\/span><\/p><\/blockquote><\/figure>\n\n\n\n<div class=\"wp-block-image\"><figure class=\"alignleft size-large is-resized\"><img decoding=\"async\" src=\"https:\/\/jornalfatosenoticias.com.br\/wp-content\/uploads\/2022\/08\/logo-locau-veiculos-1024x573.png\" alt=\"\" class=\"wp-image-33078\" width=\"-147\" height=\"-82\"\/><\/figure><\/div>\n\n\n\n<p>Ao mesmo tempo, as pessoas mais velhas tendem a regular melhor suas emo\u00e7\u00f5es do que os mais jovens e se concentram mais facilmente em detalhes positivos, mesmo durante um evento negativo. Como o c\u00f3rtex cingulado posterior \u00e9 uma das regi\u00f5es mais afetadas pela dem\u00eancia, existe a necessidade de descobrir o que vem primeiro: a m\u00e1 regula\u00e7\u00e3o das emo\u00e7\u00f5es e ansiedade ou a dem\u00eancia.<\/p>\n\n\n\n<div class=\"wp-block-image\"><figure class=\"aligncenter size-large\"><img loading=\"lazy\" decoding=\"async\" width=\"1024\" height=\"111\" src=\"https:\/\/jornalfatosenoticias.com.br\/wp-content\/uploads\/2020\/02\/WhatsApp-Image-2022-09-23-at-12.09.18-1024x111.jpeg\" alt=\"\" class=\"wp-image-34527\" srcset=\"https:\/\/jornalfatosenoticias.com.br\/wp-content\/uploads\/2020\/02\/WhatsApp-Image-2022-09-23-at-12.09.18-1024x111.jpeg 1024w, https:\/\/jornalfatosenoticias.com.br\/wp-content\/uploads\/2020\/02\/WhatsApp-Image-2022-09-23-at-12.09.18-300x32.jpeg 300w, https:\/\/jornalfatosenoticias.com.br\/wp-content\/uploads\/2020\/02\/WhatsApp-Image-2022-09-23-at-12.09.18-768x83.jpeg 768w, https:\/\/jornalfatosenoticias.com.br\/wp-content\/uploads\/2020\/02\/WhatsApp-Image-2022-09-23-at-12.09.18.jpeg 1121w\" sizes=\"auto, (max-width: 1024px) 100vw, 1024px\" \/><\/figure><\/div>\n\n\n\n<p>Agora, esses pesquisadores v\u00e3o estudar a possibilidade de prevenir dem\u00eancia com interven\u00e7\u00f5es n\u00e3o farmacol\u00f3gicas. Durante 18 meses, eles conduzir\u00e3o um estudo de interven\u00e7\u00e3o para comparar os efeitos do aprendizado de uma l\u00edngua estrangeira e da pr\u00e1tica de medita\u00e7\u00e3o no c\u00e9rebro.<\/p>\n\n\n\n<div class=\"wp-block-image\"><figure class=\"aligncenter size-large is-resized\"><img loading=\"lazy\" decoding=\"async\" src=\"https:\/\/jornalfatosenoticias.com.br\/wp-content\/uploads\/2022\/07\/Logo-Grupo-SEI.jpg\" alt=\"\" class=\"wp-image-31973\" width=\"301\" height=\"158\" srcset=\"https:\/\/jornalfatosenoticias.com.br\/wp-content\/uploads\/2022\/07\/Logo-Grupo-SEI.jpg 713w, https:\/\/jornalfatosenoticias.com.br\/wp-content\/uploads\/2022\/07\/Logo-Grupo-SEI-300x158.jpg 300w\" sizes=\"auto, (max-width: 301px) 100vw, 301px\" \/><\/figure><\/div>\n\n\n\n<p><strong><em>Fonte: <a href=\"https:\/\/olhardigital.com.br\/2023\/01\/14\/medicina-e-saude\/gerenciar-melhor-as-emocoes-pode-prevenir-o-envelhecimento-patologico-segundo-pesquisa\/amp\/\">Olhar Digital<\/a><\/em><\/strong><\/p>\n","protected":false},"excerpt":{"rendered":"<p>Para entender como as emo\u00e7\u00f5es afetam o c\u00e9rebro, principalmente nos idosos, neurocientistas conduziram um estudo comparativo com jovens Nos \u00faltimos 20 anos, neurocientistas t\u00eam observado como o c\u00e9rebro&nbsp;reage \u00e0s emo\u00e7\u00f5es. Para entender como isso afeta o&nbsp;envelhecimento, cientistas da Universidade de Genebra (Unige) investigaram como jovens e idosos comportam-se quando confrontados com o sofrimento psicol\u00f3gico de [&hellip;]<\/p>\n","protected":false},"author":2,"featured_media":37967,"comment_status":"open","ping_status":"open","sticky":false,"template":"","format":"standard","meta":{"footnotes":""},"categories":[2522],"tags":[2336,5096,2586,17796,850,3498,13104,115,265],"class_list":["post-37964","post","type-post","status-publish","format-standard","has-post-thumbnail","hentry","category-comportamento","tag-cerebro","tag-emocoes","tag-envelhecimento","tag-envelhecimento-patologico","tag-idosos","tag-jovens","tag-neurocientistas","tag-pesquisa","tag-prevencao"],"yoast_head":"<!-- This site is optimized with the Yoast SEO plugin v26.5 - https:\/\/yoast.com\/wordpress\/plugins\/seo\/ -->\n<title>Gerenciar melhor as emo\u00e7\u00f5es pode prevenir o envelhecimento patol\u00f3gico, segundo pesquisa - Jornal Fatos e Not\u00edcias<\/title>\n<meta name=\"robots\" content=\"index, follow, max-snippet:-1, max-image-preview:large, max-video-preview:-1\" \/>\n<link rel=\"canonical\" href=\"https:\/\/jornalfatosenoticias.com.br\/index.php\/2023\/01\/19\/gerenciar-melhor-as-emocoes-pode-prevenir-o-envelhecimento-patologico-segundo-pesquisa\/\" \/>\n<meta property=\"og:locale\" content=\"pt_BR\" \/>\n<meta property=\"og:type\" content=\"article\" \/>\n<meta property=\"og:title\" content=\"Gerenciar melhor as emo\u00e7\u00f5es pode prevenir o envelhecimento patol\u00f3gico, segundo pesquisa - Jornal Fatos e Not\u00edcias\" \/>\n<meta property=\"og:description\" content=\"Para entender como as emo\u00e7\u00f5es afetam o c\u00e9rebro, principalmente nos idosos, neurocientistas conduziram um estudo comparativo com jovens Nos \u00faltimos 20 anos, neurocientistas t\u00eam observado como o c\u00e9rebro&nbsp;reage \u00e0s emo\u00e7\u00f5es. Para entender como isso afeta o&nbsp;envelhecimento, cientistas da Universidade de Genebra (Unige) investigaram como jovens e idosos comportam-se quando confrontados com o sofrimento psicol\u00f3gico de [&hellip;]\" \/>\n<meta property=\"og:url\" content=\"https:\/\/jornalfatosenoticias.com.br\/index.php\/2023\/01\/19\/gerenciar-melhor-as-emocoes-pode-prevenir-o-envelhecimento-patologico-segundo-pesquisa\/\" \/>\n<meta property=\"og:site_name\" content=\"Jornal Fatos e Not\u00edcias\" \/>\n<meta property=\"article:published_time\" content=\"2023-01-19T13:32:06+00:00\" \/>\n<meta property=\"article:modified_time\" content=\"2023-01-19T13:56:44+00:00\" \/>\n<meta property=\"og:image\" content=\"https:\/\/jornalfatosenoticias.com.br\/wp-content\/uploads\/2023\/01\/EMOCOES-E-ENVELHECIMENTO.jpg\" \/>\n\t<meta property=\"og:image:width\" content=\"1000\" \/>\n\t<meta property=\"og:image:height\" content=\"666\" \/>\n\t<meta property=\"og:image:type\" content=\"image\/jpeg\" \/>\n<meta name=\"author\" content=\"Luzimara Fernandes\" \/>\n<meta name=\"twitter:card\" content=\"summary_large_image\" \/>\n<meta name=\"twitter:label1\" content=\"Escrito por\" \/>\n\t<meta name=\"twitter:data1\" content=\"Luzimara Fernandes\" \/>\n\t<meta name=\"twitter:label2\" content=\"Est. tempo de leitura\" \/>\n\t<meta name=\"twitter:data2\" content=\"2 minutos\" \/>\n<script type=\"application\/ld+json\" class=\"yoast-schema-graph\">{\"@context\":\"https:\/\/schema.org\",\"@graph\":[{\"@type\":\"Article\",\"@id\":\"https:\/\/jornalfatosenoticias.com.br\/index.php\/2023\/01\/19\/gerenciar-melhor-as-emocoes-pode-prevenir-o-envelhecimento-patologico-segundo-pesquisa\/#article\",\"isPartOf\":{\"@id\":\"https:\/\/jornalfatosenoticias.com.br\/index.php\/2023\/01\/19\/gerenciar-melhor-as-emocoes-pode-prevenir-o-envelhecimento-patologico-segundo-pesquisa\/\"},\"author\":{\"name\":\"Luzimara Fernandes\",\"@id\":\"https:\/\/jornalfatosenoticias.com.br\/#\/schema\/person\/d63837fa13ac8666eb9e74e0985d6f81\"},\"headline\":\"Gerenciar melhor as emo\u00e7\u00f5es pode prevenir o envelhecimento patol\u00f3gico, segundo pesquisa\",\"datePublished\":\"2023-01-19T13:32:06+00:00\",\"dateModified\":\"2023-01-19T13:56:44+00:00\",\"mainEntityOfPage\":{\"@id\":\"https:\/\/jornalfatosenoticias.com.br\/index.php\/2023\/01\/19\/gerenciar-melhor-as-emocoes-pode-prevenir-o-envelhecimento-patologico-segundo-pesquisa\/\"},\"wordCount\":491,\"commentCount\":0,\"publisher\":{\"@id\":\"https:\/\/jornalfatosenoticias.com.br\/#organization\"},\"image\":{\"@id\":\"https:\/\/jornalfatosenoticias.com.br\/index.php\/2023\/01\/19\/gerenciar-melhor-as-emocoes-pode-prevenir-o-envelhecimento-patologico-segundo-pesquisa\/#primaryimage\"},\"thumbnailUrl\":\"https:\/\/jornalfatosenoticias.com.br\/wp-content\/uploads\/2023\/01\/EMOCOES-E-ENVELHECIMENTO.jpg\",\"keywords\":[\"c\u00e9rebro\",\"emo\u00e7\u00f5es\",\"envelhecimento\",\"envelhecimento patol\u00f3gico\",\"idosos\",\"jovens\",\"neurocientistas\",\"pesquisa\",\"preven\u00e7\u00e3o\"],\"articleSection\":[\"Comportamento &amp; Equil\u00edbrio\"],\"inLanguage\":\"pt-BR\",\"potentialAction\":[{\"@type\":\"CommentAction\",\"name\":\"Comment\",\"target\":[\"https:\/\/jornalfatosenoticias.com.br\/index.php\/2023\/01\/19\/gerenciar-melhor-as-emocoes-pode-prevenir-o-envelhecimento-patologico-segundo-pesquisa\/#respond\"]}]},{\"@type\":\"WebPage\",\"@id\":\"https:\/\/jornalfatosenoticias.com.br\/index.php\/2023\/01\/19\/gerenciar-melhor-as-emocoes-pode-prevenir-o-envelhecimento-patologico-segundo-pesquisa\/\",\"url\":\"https:\/\/jornalfatosenoticias.com.br\/index.php\/2023\/01\/19\/gerenciar-melhor-as-emocoes-pode-prevenir-o-envelhecimento-patologico-segundo-pesquisa\/\",\"name\":\"Gerenciar melhor as emo\u00e7\u00f5es pode prevenir o envelhecimento patol\u00f3gico, segundo pesquisa - Jornal Fatos e Not\u00edcias\",\"isPartOf\":{\"@id\":\"https:\/\/jornalfatosenoticias.com.br\/#website\"},\"primaryImageOfPage\":{\"@id\":\"https:\/\/jornalfatosenoticias.com.br\/index.php\/2023\/01\/19\/gerenciar-melhor-as-emocoes-pode-prevenir-o-envelhecimento-patologico-segundo-pesquisa\/#primaryimage\"},\"image\":{\"@id\":\"https:\/\/jornalfatosenoticias.com.br\/index.php\/2023\/01\/19\/gerenciar-melhor-as-emocoes-pode-prevenir-o-envelhecimento-patologico-segundo-pesquisa\/#primaryimage\"},\"thumbnailUrl\":\"https:\/\/jornalfatosenoticias.com.br\/wp-content\/uploads\/2023\/01\/EMOCOES-E-ENVELHECIMENTO.jpg\",\"datePublished\":\"2023-01-19T13:32:06+00:00\",\"dateModified\":\"2023-01-19T13:56:44+00:00\",\"breadcrumb\":{\"@id\":\"https:\/\/jornalfatosenoticias.com.br\/index.php\/2023\/01\/19\/gerenciar-melhor-as-emocoes-pode-prevenir-o-envelhecimento-patologico-segundo-pesquisa\/#breadcrumb\"},\"inLanguage\":\"pt-BR\",\"potentialAction\":[{\"@type\":\"ReadAction\",\"target\":[\"https:\/\/jornalfatosenoticias.com.br\/index.php\/2023\/01\/19\/gerenciar-melhor-as-emocoes-pode-prevenir-o-envelhecimento-patologico-segundo-pesquisa\/\"]}]},{\"@type\":\"ImageObject\",\"inLanguage\":\"pt-BR\",\"@id\":\"https:\/\/jornalfatosenoticias.com.br\/index.php\/2023\/01\/19\/gerenciar-melhor-as-emocoes-pode-prevenir-o-envelhecimento-patologico-segundo-pesquisa\/#primaryimage\",\"url\":\"https:\/\/jornalfatosenoticias.com.br\/wp-content\/uploads\/2023\/01\/EMOCOES-E-ENVELHECIMENTO.jpg\",\"contentUrl\":\"https:\/\/jornalfatosenoticias.com.br\/wp-content\/uploads\/2023\/01\/EMOCOES-E-ENVELHECIMENTO.jpg\",\"width\":1000,\"height\":666},{\"@type\":\"BreadcrumbList\",\"@id\":\"https:\/\/jornalfatosenoticias.com.br\/index.php\/2023\/01\/19\/gerenciar-melhor-as-emocoes-pode-prevenir-o-envelhecimento-patologico-segundo-pesquisa\/#breadcrumb\",\"itemListElement\":[{\"@type\":\"ListItem\",\"position\":1,\"name\":\"In\u00edcio\",\"item\":\"https:\/\/jornalfatosenoticias.com.br\/\"},{\"@type\":\"ListItem\",\"position\":2,\"name\":\"Gerenciar melhor as emo\u00e7\u00f5es pode prevenir o envelhecimento patol\u00f3gico, segundo pesquisa\"}]},{\"@type\":\"WebSite\",\"@id\":\"https:\/\/jornalfatosenoticias.com.br\/#website\",\"url\":\"https:\/\/jornalfatosenoticias.com.br\/\",\"name\":\"Jornal Fatos e Not\u00edcias\",\"description\":\"Not\u00edcias em geral\",\"publisher\":{\"@id\":\"https:\/\/jornalfatosenoticias.com.br\/#organization\"},\"potentialAction\":[{\"@type\":\"SearchAction\",\"target\":{\"@type\":\"EntryPoint\",\"urlTemplate\":\"https:\/\/jornalfatosenoticias.com.br\/?s={search_term_string}\"},\"query-input\":{\"@type\":\"PropertyValueSpecification\",\"valueRequired\":true,\"valueName\":\"search_term_string\"}}],\"inLanguage\":\"pt-BR\"},{\"@type\":\"Organization\",\"@id\":\"https:\/\/jornalfatosenoticias.com.br\/#organization\",\"name\":\"Jornal Fatos e Not\u00edcias\",\"url\":\"https:\/\/jornalfatosenoticias.com.br\/\",\"logo\":{\"@type\":\"ImageObject\",\"inLanguage\":\"pt-BR\",\"@id\":\"https:\/\/jornalfatosenoticias.com.br\/#\/schema\/logo\/image\/\",\"url\":\"https:\/\/jornalfatosenoticias.com.br\/wp-content\/uploads\/2020\/02\/logo120.png\",\"contentUrl\":\"https:\/\/jornalfatosenoticias.com.br\/wp-content\/uploads\/2020\/02\/logo120.png\",\"width\":1227,\"height\":120,\"caption\":\"Jornal Fatos e Not\u00edcias\"},\"image\":{\"@id\":\"https:\/\/jornalfatosenoticias.com.br\/#\/schema\/logo\/image\/\"}},{\"@type\":\"Person\",\"@id\":\"https:\/\/jornalfatosenoticias.com.br\/#\/schema\/person\/d63837fa13ac8666eb9e74e0985d6f81\",\"name\":\"Luzimara Fernandes\",\"image\":{\"@type\":\"ImageObject\",\"inLanguage\":\"pt-BR\",\"@id\":\"https:\/\/jornalfatosenoticias.com.br\/#\/schema\/person\/image\/\",\"url\":\"https:\/\/jornalfatosenoticias.com.br\/wp-content\/uploads\/2025\/05\/EU_portal.jpg\",\"contentUrl\":\"https:\/\/jornalfatosenoticias.com.br\/wp-content\/uploads\/2025\/05\/EU_portal.jpg\",\"caption\":\"Luzimara Fernandes\"},\"description\":\"Jornalista MTB 2358-ES\",\"sameAs\":[\"https:\/\/jornalfatosenoticias.com.br\"],\"url\":\"https:\/\/jornalfatosenoticias.com.br\/index.php\/author\/luzimara\/\"}]}<\/script>\n<!-- \/ Yoast SEO plugin. -->","yoast_head_json":{"title":"Gerenciar melhor as emo\u00e7\u00f5es pode prevenir o envelhecimento patol\u00f3gico, segundo pesquisa - Jornal Fatos e Not\u00edcias","robots":{"index":"index","follow":"follow","max-snippet":"max-snippet:-1","max-image-preview":"max-image-preview:large","max-video-preview":"max-video-preview:-1"},"canonical":"https:\/\/jornalfatosenoticias.com.br\/index.php\/2023\/01\/19\/gerenciar-melhor-as-emocoes-pode-prevenir-o-envelhecimento-patologico-segundo-pesquisa\/","og_locale":"pt_BR","og_type":"article","og_title":"Gerenciar melhor as emo\u00e7\u00f5es pode prevenir o envelhecimento patol\u00f3gico, segundo pesquisa - Jornal Fatos e Not\u00edcias","og_description":"Para entender como as emo\u00e7\u00f5es afetam o c\u00e9rebro, principalmente nos idosos, neurocientistas conduziram um estudo comparativo com jovens Nos \u00faltimos 20 anos, neurocientistas t\u00eam observado como o c\u00e9rebro&nbsp;reage \u00e0s emo\u00e7\u00f5es. Para entender como isso afeta o&nbsp;envelhecimento, cientistas da Universidade de Genebra (Unige) investigaram como jovens e idosos comportam-se quando confrontados com o sofrimento psicol\u00f3gico de [&hellip;]","og_url":"https:\/\/jornalfatosenoticias.com.br\/index.php\/2023\/01\/19\/gerenciar-melhor-as-emocoes-pode-prevenir-o-envelhecimento-patologico-segundo-pesquisa\/","og_site_name":"Jornal Fatos e Not\u00edcias","article_published_time":"2023-01-19T13:32:06+00:00","article_modified_time":"2023-01-19T13:56:44+00:00","og_image":[{"width":1000,"height":666,"url":"https:\/\/jornalfatosenoticias.com.br\/wp-content\/uploads\/2023\/01\/EMOCOES-E-ENVELHECIMENTO.jpg","type":"image\/jpeg"}],"author":"Luzimara Fernandes","twitter_card":"summary_large_image","twitter_misc":{"Escrito por":"Luzimara Fernandes","Est. tempo de leitura":"2 minutos"},"schema":{"@context":"https:\/\/schema.org","@graph":[{"@type":"Article","@id":"https:\/\/jornalfatosenoticias.com.br\/index.php\/2023\/01\/19\/gerenciar-melhor-as-emocoes-pode-prevenir-o-envelhecimento-patologico-segundo-pesquisa\/#article","isPartOf":{"@id":"https:\/\/jornalfatosenoticias.com.br\/index.php\/2023\/01\/19\/gerenciar-melhor-as-emocoes-pode-prevenir-o-envelhecimento-patologico-segundo-pesquisa\/"},"author":{"name":"Luzimara Fernandes","@id":"https:\/\/jornalfatosenoticias.com.br\/#\/schema\/person\/d63837fa13ac8666eb9e74e0985d6f81"},"headline":"Gerenciar melhor as emo\u00e7\u00f5es pode prevenir o envelhecimento patol\u00f3gico, segundo pesquisa","datePublished":"2023-01-19T13:32:06+00:00","dateModified":"2023-01-19T13:56:44+00:00","mainEntityOfPage":{"@id":"https:\/\/jornalfatosenoticias.com.br\/index.php\/2023\/01\/19\/gerenciar-melhor-as-emocoes-pode-prevenir-o-envelhecimento-patologico-segundo-pesquisa\/"},"wordCount":491,"commentCount":0,"publisher":{"@id":"https:\/\/jornalfatosenoticias.com.br\/#organization"},"image":{"@id":"https:\/\/jornalfatosenoticias.com.br\/index.php\/2023\/01\/19\/gerenciar-melhor-as-emocoes-pode-prevenir-o-envelhecimento-patologico-segundo-pesquisa\/#primaryimage"},"thumbnailUrl":"https:\/\/jornalfatosenoticias.com.br\/wp-content\/uploads\/2023\/01\/EMOCOES-E-ENVELHECIMENTO.jpg","keywords":["c\u00e9rebro","emo\u00e7\u00f5es","envelhecimento","envelhecimento patol\u00f3gico","idosos","jovens","neurocientistas","pesquisa","preven\u00e7\u00e3o"],"articleSection":["Comportamento &amp; Equil\u00edbrio"],"inLanguage":"pt-BR","potentialAction":[{"@type":"CommentAction","name":"Comment","target":["https:\/\/jornalfatosenoticias.com.br\/index.php\/2023\/01\/19\/gerenciar-melhor-as-emocoes-pode-prevenir-o-envelhecimento-patologico-segundo-pesquisa\/#respond"]}]},{"@type":"WebPage","@id":"https:\/\/jornalfatosenoticias.com.br\/index.php\/2023\/01\/19\/gerenciar-melhor-as-emocoes-pode-prevenir-o-envelhecimento-patologico-segundo-pesquisa\/","url":"https:\/\/jornalfatosenoticias.com.br\/index.php\/2023\/01\/19\/gerenciar-melhor-as-emocoes-pode-prevenir-o-envelhecimento-patologico-segundo-pesquisa\/","name":"Gerenciar melhor as emo\u00e7\u00f5es pode prevenir o envelhecimento patol\u00f3gico, segundo pesquisa - Jornal Fatos e Not\u00edcias","isPartOf":{"@id":"https:\/\/jornalfatosenoticias.com.br\/#website"},"primaryImageOfPage":{"@id":"https:\/\/jornalfatosenoticias.com.br\/index.php\/2023\/01\/19\/gerenciar-melhor-as-emocoes-pode-prevenir-o-envelhecimento-patologico-segundo-pesquisa\/#primaryimage"},"image":{"@id":"https:\/\/jornalfatosenoticias.com.br\/index.php\/2023\/01\/19\/gerenciar-melhor-as-emocoes-pode-prevenir-o-envelhecimento-patologico-segundo-pesquisa\/#primaryimage"},"thumbnailUrl":"https:\/\/jornalfatosenoticias.com.br\/wp-content\/uploads\/2023\/01\/EMOCOES-E-ENVELHECIMENTO.jpg","datePublished":"2023-01-19T13:32:06+00:00","dateModified":"2023-01-19T13:56:44+00:00","breadcrumb":{"@id":"https:\/\/jornalfatosenoticias.com.br\/index.php\/2023\/01\/19\/gerenciar-melhor-as-emocoes-pode-prevenir-o-envelhecimento-patologico-segundo-pesquisa\/#breadcrumb"},"inLanguage":"pt-BR","potentialAction":[{"@type":"ReadAction","target":["https:\/\/jornalfatosenoticias.com.br\/index.php\/2023\/01\/19\/gerenciar-melhor-as-emocoes-pode-prevenir-o-envelhecimento-patologico-segundo-pesquisa\/"]}]},{"@type":"ImageObject","inLanguage":"pt-BR","@id":"https:\/\/jornalfatosenoticias.com.br\/index.php\/2023\/01\/19\/gerenciar-melhor-as-emocoes-pode-prevenir-o-envelhecimento-patologico-segundo-pesquisa\/#primaryimage","url":"https:\/\/jornalfatosenoticias.com.br\/wp-content\/uploads\/2023\/01\/EMOCOES-E-ENVELHECIMENTO.jpg","contentUrl":"https:\/\/jornalfatosenoticias.com.br\/wp-content\/uploads\/2023\/01\/EMOCOES-E-ENVELHECIMENTO.jpg","width":1000,"height":666},{"@type":"BreadcrumbList","@id":"https:\/\/jornalfatosenoticias.com.br\/index.php\/2023\/01\/19\/gerenciar-melhor-as-emocoes-pode-prevenir-o-envelhecimento-patologico-segundo-pesquisa\/#breadcrumb","itemListElement":[{"@type":"ListItem","position":1,"name":"In\u00edcio","item":"https:\/\/jornalfatosenoticias.com.br\/"},{"@type":"ListItem","position":2,"name":"Gerenciar melhor as emo\u00e7\u00f5es pode prevenir o envelhecimento patol\u00f3gico, segundo pesquisa"}]},{"@type":"WebSite","@id":"https:\/\/jornalfatosenoticias.com.br\/#website","url":"https:\/\/jornalfatosenoticias.com.br\/","name":"Jornal Fatos e Not\u00edcias","description":"Not\u00edcias em geral","publisher":{"@id":"https:\/\/jornalfatosenoticias.com.br\/#organization"},"potentialAction":[{"@type":"SearchAction","target":{"@type":"EntryPoint","urlTemplate":"https:\/\/jornalfatosenoticias.com.br\/?s={search_term_string}"},"query-input":{"@type":"PropertyValueSpecification","valueRequired":true,"valueName":"search_term_string"}}],"inLanguage":"pt-BR"},{"@type":"Organization","@id":"https:\/\/jornalfatosenoticias.com.br\/#organization","name":"Jornal Fatos e Not\u00edcias","url":"https:\/\/jornalfatosenoticias.com.br\/","logo":{"@type":"ImageObject","inLanguage":"pt-BR","@id":"https:\/\/jornalfatosenoticias.com.br\/#\/schema\/logo\/image\/","url":"https:\/\/jornalfatosenoticias.com.br\/wp-content\/uploads\/2020\/02\/logo120.png","contentUrl":"https:\/\/jornalfatosenoticias.com.br\/wp-content\/uploads\/2020\/02\/logo120.png","width":1227,"height":120,"caption":"Jornal Fatos e Not\u00edcias"},"image":{"@id":"https:\/\/jornalfatosenoticias.com.br\/#\/schema\/logo\/image\/"}},{"@type":"Person","@id":"https:\/\/jornalfatosenoticias.com.br\/#\/schema\/person\/d63837fa13ac8666eb9e74e0985d6f81","name":"Luzimara Fernandes","image":{"@type":"ImageObject","inLanguage":"pt-BR","@id":"https:\/\/jornalfatosenoticias.com.br\/#\/schema\/person\/image\/","url":"https:\/\/jornalfatosenoticias.com.br\/wp-content\/uploads\/2025\/05\/EU_portal.jpg","contentUrl":"https:\/\/jornalfatosenoticias.com.br\/wp-content\/uploads\/2025\/05\/EU_portal.jpg","caption":"Luzimara Fernandes"},"description":"Jornalista MTB 2358-ES","sameAs":["https:\/\/jornalfatosenoticias.com.br"],"url":"https:\/\/jornalfatosenoticias.com.br\/index.php\/author\/luzimara\/"}]}},"cc_featured_image_caption":{"caption_text":"(Foto: fizkes\/Shutterstock) \r\n","source_text":"","source_url":""},"jetpack_featured_media_url":"https:\/\/jornalfatosenoticias.com.br\/wp-content\/uploads\/2023\/01\/EMOCOES-E-ENVELHECIMENTO.jpg","_links":{"self":[{"href":"https:\/\/jornalfatosenoticias.com.br\/index.php\/wp-json\/wp\/v2\/posts\/37964","targetHints":{"allow":["GET"]}}],"collection":[{"href":"https:\/\/jornalfatosenoticias.com.br\/index.php\/wp-json\/wp\/v2\/posts"}],"about":[{"href":"https:\/\/jornalfatosenoticias.com.br\/index.php\/wp-json\/wp\/v2\/types\/post"}],"author":[{"embeddable":true,"href":"https:\/\/jornalfatosenoticias.com.br\/index.php\/wp-json\/wp\/v2\/users\/2"}],"replies":[{"embeddable":true,"href":"https:\/\/jornalfatosenoticias.com.br\/index.php\/wp-json\/wp\/v2\/comments?post=37964"}],"version-history":[{"count":0,"href":"https:\/\/jornalfatosenoticias.com.br\/index.php\/wp-json\/wp\/v2\/posts\/37964\/revisions"}],"wp:featuredmedia":[{"embeddable":true,"href":"https:\/\/jornalfatosenoticias.com.br\/index.php\/wp-json\/wp\/v2\/media\/37967"}],"wp:attachment":[{"href":"https:\/\/jornalfatosenoticias.com.br\/index.php\/wp-json\/wp\/v2\/media?parent=37964"}],"wp:term":[{"taxonomy":"category","embeddable":true,"href":"https:\/\/jornalfatosenoticias.com.br\/index.php\/wp-json\/wp\/v2\/categories?post=37964"},{"taxonomy":"post_tag","embeddable":true,"href":"https:\/\/jornalfatosenoticias.com.br\/index.php\/wp-json\/wp\/v2\/tags?post=37964"}],"curies":[{"name":"wp","href":"https:\/\/api.w.org\/{rel}","templated":true}]}}