{"id":38059,"date":"2023-01-23T10:15:17","date_gmt":"2023-01-23T13:15:17","guid":{"rendered":"https:\/\/jornalfatosenoticias.com.br\/?p=38059"},"modified":"2023-01-23T10:15:19","modified_gmt":"2023-01-23T13:15:19","slug":"entenda-por-que-os-rios-sao-importantes-para-o-ciclo-global-do-carbono","status":"publish","type":"post","link":"https:\/\/jornalfatosenoticias.com.br\/index.php\/2023\/01\/23\/entenda-por-que-os-rios-sao-importantes-para-o-ciclo-global-do-carbono\/","title":{"rendered":"Entenda por que os rios s\u00e3o importantes para o ciclo global do carbono"},"content":{"rendered":"\n<p><em><span class=\"has-inline-color has-black-color\">Estudo defende cria\u00e7\u00e3o de Sistema Global de Observa\u00e7\u00e3o de Rios<\/span><\/em><\/p>\n\n\n\n<div class=\"wp-block-image\"><figure class=\"aligncenter size-large\"><img loading=\"lazy\" decoding=\"async\" width=\"1024\" height=\"100\" src=\"https:\/\/jornalfatosenoticias.com.br\/wp-content\/uploads\/2022\/05\/NOVA-LOGO-CESCONETTO-1024x100.jpg\" alt=\"\" class=\"wp-image-30792\" srcset=\"https:\/\/jornalfatosenoticias.com.br\/wp-content\/uploads\/2022\/05\/NOVA-LOGO-CESCONETTO-1024x100.jpg 1024w, https:\/\/jornalfatosenoticias.com.br\/wp-content\/uploads\/2022\/05\/NOVA-LOGO-CESCONETTO-300x29.jpg 300w, https:\/\/jornalfatosenoticias.com.br\/wp-content\/uploads\/2022\/05\/NOVA-LOGO-CESCONETTO-768x75.jpg 768w, https:\/\/jornalfatosenoticias.com.br\/wp-content\/uploads\/2022\/05\/NOVA-LOGO-CESCONETTO.jpg 1280w\" sizes=\"auto, (max-width: 1024px) 100vw, 1024px\" \/><\/figure><\/div>\n\n\n\n<p>Em novo artigo de jornal, o professor da EPFL, Tom Battin, analisa nossa compreens\u00e3o atual dos fluxos de <a href=\"https:\/\/olhardigital.com.br\/2023\/01\/13\/ciencia-e-espaco\/missoes-espaciais-da-nasa-identificam-fontes-de-emissoes-de-carbono-na-terra\/\" target=\"_blank\" rel=\"noreferrer noopener\">carbono<\/a>\u00a0nas redes fluviais do mundo. Ele demonstra seu papel central no\u00a0<a href=\"https:\/\/olhardigital.com.br\/2021\/07\/19\/coronavirus\/novo-ciclo-de-vacinacao-em-sao-paulo-comeca-dia-17-de-janeiro\/\" target=\"_blank\" rel=\"noreferrer noopener\">ciclo<\/a> global do carbono e defende a cria\u00e7\u00e3o de Sistema Global de Observa\u00e7\u00e3o de Rios (RIOS).<\/p>\n\n\n\n<div class=\"wp-block-image\"><figure class=\"alignleft size-large is-resized\"><img loading=\"lazy\" decoding=\"async\" src=\"https:\/\/jornalfatosenoticias.com.br\/wp-content\/uploads\/2020\/02\/nova-logo-Marquetti.jpg\" alt=\"\" class=\"wp-image-22331\" width=\"264\" height=\"177\" srcset=\"https:\/\/jornalfatosenoticias.com.br\/wp-content\/uploads\/2020\/02\/nova-logo-Marquetti.jpg 643w, https:\/\/jornalfatosenoticias.com.br\/wp-content\/uploads\/2020\/02\/nova-logo-Marquetti-300x202.jpg 300w\" sizes=\"auto, (max-width: 264px) 100vw, 264px\" \/><\/figure><\/div>\n\n\n\n<p>At\u00e9 recentemente, nossa compreens\u00e3o do <a href=\"https:\/\/olhardigital.com.br\/2021\/10\/31\/ciencia-e-espaco\/aquecimento-global-pode-estar-fazendo-a-terra-perder-seu-brilho-literalmente\/\" target=\"_blank\" rel=\"noreferrer noopener\">global<\/a>\u00a0do carbono era amplamente limitada aos oceanos e ecossistemas terrestres do mundo. Tom Battin, que dirige o Laborat\u00f3rio de Ecossistemas Fluviais da EPFL (RIVER), lan\u00e7ou nova luz sobre o papel fundamental que as redes fluviais desempenham em nosso mundo em mudan\u00e7a. Essas\u00a0<a href=\"https:\/\/olhardigital.com.br\/2023\/01\/10\/ciencia-e-espaco\/estrelas-mais-quentes-do-universo-sao-descobertas\/\" target=\"_blank\" rel=\"noreferrer noopener\">descobertas<\/a> s\u00e3o descritas em artigo de revis\u00e3o encomendado e publicado na Nature.<\/p>\n\n\n\n<div class=\"wp-block-image\"><figure class=\"aligncenter size-large\"><img loading=\"lazy\" decoding=\"async\" width=\"1024\" height=\"100\" src=\"https:\/\/jornalfatosenoticias.com.br\/wp-content\/uploads\/2020\/02\/banner_ferramentas-1024x100.jpg\" alt=\"\" class=\"wp-image-1258\" srcset=\"https:\/\/jornalfatosenoticias.com.br\/wp-content\/uploads\/2020\/02\/banner_ferramentas-1024x100.jpg 1024w, https:\/\/jornalfatosenoticias.com.br\/wp-content\/uploads\/2020\/02\/banner_ferramentas-300x29.jpg 300w, https:\/\/jornalfatosenoticias.com.br\/wp-content\/uploads\/2020\/02\/banner_ferramentas-768x75.jpg 768w, https:\/\/jornalfatosenoticias.com.br\/wp-content\/uploads\/2020\/02\/banner_ferramentas.jpg 1227w\" sizes=\"auto, (max-width: 1024px) 100vw, 1024px\" \/><\/figure><\/div>\n\n\n\n<p>Battin, professor titular da Escola de Arquitetura, Engenharia Civil e Ambiental (Enac) da EPFL, convenceu uma dezena de especialistas da \u00e1rea a contribuir com o artigo. Pela primeira vez, sua pesquisa combina os dados mais recentes para demonstrar a import\u00e2ncia cr\u00edtica dos ecossistemas fluviais para os fluxos globais de carbono \u2014 integrando terra, atmosfera e oceanos.<\/p>\n\n\n\n<div class=\"wp-block-image\"><figure class=\"aligncenter size-large\"><img decoding=\"async\" src=\"https:\/\/jornalfatosenoticias.com.br\/wp-content\/uploads\/2020\/02\/barao-das-carnes-300x164-1.jpg\" alt=\"\" class=\"wp-image-34339\"\/><\/figure><\/div>\n\n\n\n<p><strong><span class=\"has-inline-color has-vivid-green-cyan-color\">C\u00e1lculo dos fluxos de carbono<br><\/span><\/strong>Em seu artigo, os autores destacam o papel do metabolismo do ecossistema fluvial global. \u201cOs ecossistemas fluviais t\u00eam metabolismo muito mais complexo do que o corpo humano\u201d, explica Battin.<\/p>\n\n\n\n<div class=\"wp-block-image\"><figure class=\"aligncenter size-large is-resized\"><img loading=\"lazy\" decoding=\"async\" src=\"https:\/\/jornalfatosenoticias.com.br\/wp-content\/uploads\/2020\/02\/casa-do-torresmo_portal.jpg\" alt=\"\" class=\"wp-image-34472\" width=\"279\" height=\"279\" srcset=\"https:\/\/jornalfatosenoticias.com.br\/wp-content\/uploads\/2020\/02\/casa-do-torresmo_portal.jpg 300w, https:\/\/jornalfatosenoticias.com.br\/wp-content\/uploads\/2020\/02\/casa-do-torresmo_portal-150x150.jpg 150w\" sizes=\"auto, (max-width: 279px) 100vw, 279px\" \/><\/figure><\/div>\n\n\n\n<figure class=\"wp-block-pullquote\"><blockquote><p><span class=\"has-inline-color has-luminous-vivid-orange-color\">Eles produzem oxig\u00eanio e CO\u2082 por meio do efeito combinado da respira\u00e7\u00e3o microbiana e da fotoss\u00edntese das plantas. \u00c9 importante apreciar plenamente os mecanismos subjacentes para podermos avaliar e quantificar o impacto do metabolismo do ecossistema nos fluxos de carbono\u201d.<\/span><\/p><\/blockquote><\/figure>\n\n\n\n<div class=\"wp-block-image\"><figure class=\"alignright size-large is-resized\"><img decoding=\"async\" src=\"https:\/\/jornalfatosenoticias.com.br\/wp-content\/uploads\/2022\/10\/Arte-jornal-Zucchi-600x600_Prancheta-1-1024x1024.jpg\" alt=\"\" class=\"wp-image-34782\" width=\"-170\" height=\"-170\" srcset=\"https:\/\/jornalfatosenoticias.com.br\/wp-content\/uploads\/2022\/10\/Arte-jornal-Zucchi-600x600_Prancheta-1-1024x1024.jpg 1024w, https:\/\/jornalfatosenoticias.com.br\/wp-content\/uploads\/2022\/10\/Arte-jornal-Zucchi-600x600_Prancheta-1-300x300.jpg 300w, https:\/\/jornalfatosenoticias.com.br\/wp-content\/uploads\/2022\/10\/Arte-jornal-Zucchi-600x600_Prancheta-1-150x150.jpg 150w, https:\/\/jornalfatosenoticias.com.br\/wp-content\/uploads\/2022\/10\/Arte-jornal-Zucchi-600x600_Prancheta-1-768x768.jpg 768w, https:\/\/jornalfatosenoticias.com.br\/wp-content\/uploads\/2022\/10\/Arte-jornal-Zucchi-600x600_Prancheta-1.jpg 1250w\" sizes=\"(max-width: 1024px) 100vw, 1024px\" \/><\/figure><\/div>\n\n\n\n<p>Pierre Regnier, professor da Universit\u00e9 Libre de Bruxelles (ULB) e um dos autores contribuintes, acrescenta: \u201cEntender o metabolismo do ecossistema fluvial \u00e9 um primeiro passo essencial para medir melhor o ciclo do carbono, uma vez que esse metabolismo determina a troca de oxig\u00eanio e gases de efeito estufa com o ar. Os cientistas j\u00e1 t\u00eam estimativas agregadas recentes para lagos, ambientes costeiros e oceanos abertos. Nossa pesquisa acrescenta a pe\u00e7a que faltava ao quebra-cabe\u00e7a, abrindo caminho para uma imagem abrangente, integrada e quantificada desse processo-chave para o nosso \u2018planeta azul\u2019\u201d. Os pesquisadores chegaram \u00e0s suas descobertas compilando dados globais sobre a respira\u00e7\u00e3o do ecossistema fluvial e a fotoss\u00edntese das plantas.<\/p>\n\n\n\n<div class=\"wp-block-image\"><figure class=\"aligncenter size-large\"><img loading=\"lazy\" decoding=\"async\" width=\"300\" height=\"250\" src=\"https:\/\/jornalfatosenoticias.com.br\/wp-content\/uploads\/2022\/08\/arte-Casarao.jpg\" alt=\"\" class=\"wp-image-33178\"\/><\/figure><\/div>\n\n\n\n<p>Suas descobertas apontam para liga\u00e7\u00e3o clara entre o metabolismo do ecossistema fluvial e o ciclo global do carbono. Ao direcionar a \u00e1gua para os oceanos, o metabolismo dos ecossistemas fluviais consome carbono org\u00e2nico derivado dos ecossistemas terrestres, que produz o CO\u2082 emitido para a atmosfera.<\/p>\n\n\n\n<div class=\"wp-block-image\"><figure class=\"aligncenter size-large\"><img decoding=\"async\" src=\"https:\/\/jornalfatosenoticias.com.br\/wp-content\/uploads\/2020\/02\/Serra-Grande-1024x160.png\" alt=\"\" class=\"wp-image-7836\"\/><\/figure><\/div>\n\n\n\n<p>O carbono org\u00e2nico residual que n\u00e3o \u00e9 metabolizado chega aos oceanos, com o CO\u2082 que n\u00e3o \u00e9 emitido para a atmosfera. Essas entradas fluviais de carbono podem influenciar a biogeoqu\u00edmica das \u00e1guas costeiras. Battin e seus colegas tamb\u00e9m discutem como a mudan\u00e7a global, particularmente a mudan\u00e7a clim\u00e1tica, a urbaniza\u00e7\u00e3o, a mudan\u00e7a no uso da terra e a regula\u00e7\u00e3o do fluxo, incluindo barragens, afetam o metabolismo do ecossistema fluvial e os fluxos de gases de efeito estufa relacionados.<\/p>\n\n\n\n<div class=\"wp-block-image\"><figure class=\"aligncenter size-large is-resized\"><img loading=\"lazy\" decoding=\"async\" src=\"https:\/\/jornalfatosenoticias.com.br\/wp-content\/uploads\/2020\/02\/logo-Panper_portal.jpg\" alt=\"\" class=\"wp-image-34474\" width=\"306\" height=\"212\" srcset=\"https:\/\/jornalfatosenoticias.com.br\/wp-content\/uploads\/2020\/02\/logo-Panper_portal.jpg 400w, https:\/\/jornalfatosenoticias.com.br\/wp-content\/uploads\/2020\/02\/logo-Panper_portal-300x208.jpg 300w\" sizes=\"auto, (max-width: 306px) 100vw, 306px\" \/><\/figure><\/div>\n\n\n\n<p>Por exemplo, rios que drenam terras agr\u00edcolas recebem grandes quantidades de nitrog\u00eanio de fertilizantes. Concentra\u00e7\u00f5es elevadas de nitrog\u00eanio, juntamente com o aumento das temperaturas devido ao aquecimento global, podem causar eutrofiza\u00e7\u00e3o \u2014 processo que leva \u00e0 forma\u00e7\u00e3o de prolifera\u00e7\u00e3o de algas.<br>\u00c0 medida que essas algas morrem, elas estimulam a produ\u00e7\u00e3o de metano e \u00f3xido nitroso, gases de efeito estufa ainda mais potentes que o CO\u2082. As barragens tamb\u00e9m podem exacerbar a eutrofiza\u00e7\u00e3o, potencialmente levando a emiss\u00f5es de gases de efeito estufa ainda maiores.<\/p>\n\n\n\n<div class=\"wp-block-image\"><figure class=\"alignleft size-large\"><img decoding=\"async\" src=\"https:\/\/jornalfatosenoticias.com.br\/wp-content\/uploads\/2020\/02\/logo_esteio.jpg\" alt=\"\" class=\"wp-image-1214\"\/><\/figure><\/div>\n\n\n\n<p><strong><span class=\"has-inline-color has-vivid-green-cyan-color\">Um novo sistema de observa\u00e7\u00e3o de rios<br><\/span><\/strong>Os autores concluem seu artigo destacando a necessidade de um Sistema Global de Observa\u00e7\u00e3o de Rios (RIOS) para melhor quantificar e prever o papel dos rios no ciclo global do carbono. O RIOS integrar\u00e1 dados de redes de sensores nos rios e imagens de sat\u00e9lite com modelos matem\u00e1ticos para gerar fluxos de carbono quase em tempo real relacionados ao metabolismo do ecossistema fluvial.<\/p>\n\n\n\n<div class=\"wp-block-image\"><figure class=\"aligncenter size-large is-resized\"><img loading=\"lazy\" decoding=\"async\" src=\"https:\/\/jornalfatosenoticias.com.br\/wp-content\/uploads\/2020\/02\/logo-clinica-limoeiro.jpg\" alt=\"\" class=\"wp-image-34610\" width=\"316\" height=\"224\"\/><\/figure><\/div>\n\n\n\n<figure class=\"wp-block-pullquote\"><blockquote><p><span class=\"has-inline-color has-luminous-vivid-orange-color\">Assim, o RIOS serviria como ferramenta de diagn\u00f3stico, permitindo-nos \u2018tomar o pulso\u2019 dos ecossistemas fluviais e responder \u00e0s perturba\u00e7\u00f5es humanas\u201d, diz Battin. \u201cAs redes fluviais s\u00e3o compar\u00e1veis aos nossos sistemas vasculares que monitoramos para fins de sa\u00fade. Agora \u00e9 hora de monitorar a sa\u00fade das redes fluviais do mundo\u201d.<\/span><\/p><\/blockquote><\/figure>\n\n\n\n<p><strong><em>Fonte: <a href=\"https:\/\/olhardigital.com.br\/2023\/01\/20\/ciencia-e-espaco\/entenda-por-que-os-rios-sao-importantes-para-o-ciclo-global-do-carbono\/\">Olhar Digital<\/a><\/em><\/strong><\/p>\n","protected":false},"excerpt":{"rendered":"<p>Estudo defende cria\u00e7\u00e3o de Sistema Global de Observa\u00e7\u00e3o de Rios Em novo artigo de jornal, o professor da EPFL, Tom Battin, analisa nossa compreens\u00e3o atual dos fluxos de carbono\u00a0nas redes fluviais do mundo. Ele demonstra seu papel central no\u00a0ciclo global do carbono e defende a cria\u00e7\u00e3o de Sistema Global de Observa\u00e7\u00e3o de Rios (RIOS). At\u00e9 [&hellip;]<\/p>\n","protected":false},"author":2,"featured_media":38060,"comment_status":"open","ping_status":"open","sticky":false,"template":"","format":"standard","meta":{"footnotes":""},"categories":[8],"tags":[2089,17844,9620,659],"class_list":["post-38059","post","type-post","status-publish","format-standard","has-post-thumbnail","hentry","category-meio-ambiente","tag-carbono","tag-ciclo-global-do-carbono","tag-co","tag-rios"],"yoast_head":"<!-- This site is optimized with the Yoast SEO plugin v26.5 - https:\/\/yoast.com\/wordpress\/plugins\/seo\/ -->\n<title>Entenda por que os rios s\u00e3o importantes para o ciclo global do carbono - Jornal Fatos e Not\u00edcias<\/title>\n<meta name=\"robots\" content=\"index, follow, max-snippet:-1, max-image-preview:large, max-video-preview:-1\" \/>\n<link rel=\"canonical\" href=\"https:\/\/jornalfatosenoticias.com.br\/index.php\/2023\/01\/23\/entenda-por-que-os-rios-sao-importantes-para-o-ciclo-global-do-carbono\/\" \/>\n<meta property=\"og:locale\" content=\"pt_BR\" \/>\n<meta property=\"og:type\" content=\"article\" \/>\n<meta property=\"og:title\" content=\"Entenda por que os rios s\u00e3o importantes para o ciclo global do carbono - Jornal Fatos e Not\u00edcias\" \/>\n<meta property=\"og:description\" content=\"Estudo defende cria\u00e7\u00e3o de Sistema Global de Observa\u00e7\u00e3o de Rios Em novo artigo de jornal, o professor da EPFL, Tom Battin, analisa nossa compreens\u00e3o atual dos fluxos de carbono\u00a0nas redes fluviais do mundo. Ele demonstra seu papel central no\u00a0ciclo global do carbono e defende a cria\u00e7\u00e3o de Sistema Global de Observa\u00e7\u00e3o de Rios (RIOS). At\u00e9 [&hellip;]\" \/>\n<meta property=\"og:url\" content=\"https:\/\/jornalfatosenoticias.com.br\/index.php\/2023\/01\/23\/entenda-por-que-os-rios-sao-importantes-para-o-ciclo-global-do-carbono\/\" \/>\n<meta property=\"og:site_name\" content=\"Jornal Fatos e Not\u00edcias\" \/>\n<meta property=\"article:published_time\" content=\"2023-01-23T13:15:17+00:00\" \/>\n<meta property=\"article:modified_time\" content=\"2023-01-23T13:15:19+00:00\" \/>\n<meta property=\"og:image\" content=\"https:\/\/jornalfatosenoticias.com.br\/wp-content\/uploads\/2023\/01\/co2-carbono-rios-petrmalinak-shutterstock.jpg\" \/>\n\t<meta property=\"og:image:width\" content=\"1000\" \/>\n\t<meta property=\"og:image:height\" content=\"657\" \/>\n\t<meta property=\"og:image:type\" content=\"image\/jpeg\" \/>\n<meta name=\"author\" content=\"Luzimara Fernandes\" \/>\n<meta name=\"twitter:card\" content=\"summary_large_image\" \/>\n<meta name=\"twitter:label1\" content=\"Escrito por\" \/>\n\t<meta name=\"twitter:data1\" content=\"Luzimara Fernandes\" \/>\n\t<meta name=\"twitter:label2\" content=\"Est. tempo de leitura\" \/>\n\t<meta name=\"twitter:data2\" content=\"4 minutos\" \/>\n<script type=\"application\/ld+json\" class=\"yoast-schema-graph\">{\"@context\":\"https:\/\/schema.org\",\"@graph\":[{\"@type\":\"Article\",\"@id\":\"https:\/\/jornalfatosenoticias.com.br\/index.php\/2023\/01\/23\/entenda-por-que-os-rios-sao-importantes-para-o-ciclo-global-do-carbono\/#article\",\"isPartOf\":{\"@id\":\"https:\/\/jornalfatosenoticias.com.br\/index.php\/2023\/01\/23\/entenda-por-que-os-rios-sao-importantes-para-o-ciclo-global-do-carbono\/\"},\"author\":{\"name\":\"Luzimara Fernandes\",\"@id\":\"https:\/\/jornalfatosenoticias.com.br\/#\/schema\/person\/d63837fa13ac8666eb9e74e0985d6f81\"},\"headline\":\"Entenda por que os rios s\u00e3o importantes para o ciclo global do carbono\",\"datePublished\":\"2023-01-23T13:15:17+00:00\",\"dateModified\":\"2023-01-23T13:15:19+00:00\",\"mainEntityOfPage\":{\"@id\":\"https:\/\/jornalfatosenoticias.com.br\/index.php\/2023\/01\/23\/entenda-por-que-os-rios-sao-importantes-para-o-ciclo-global-do-carbono\/\"},\"wordCount\":747,\"commentCount\":0,\"publisher\":{\"@id\":\"https:\/\/jornalfatosenoticias.com.br\/#organization\"},\"image\":{\"@id\":\"https:\/\/jornalfatosenoticias.com.br\/index.php\/2023\/01\/23\/entenda-por-que-os-rios-sao-importantes-para-o-ciclo-global-do-carbono\/#primaryimage\"},\"thumbnailUrl\":\"https:\/\/jornalfatosenoticias.com.br\/wp-content\/uploads\/2023\/01\/co2-carbono-rios-petrmalinak-shutterstock.jpg\",\"keywords\":[\"carbono\",\"ciclo global do carbono\",\"CO\u2082\",\"rios\"],\"articleSection\":[\"Meio ambiente\"],\"inLanguage\":\"pt-BR\",\"potentialAction\":[{\"@type\":\"CommentAction\",\"name\":\"Comment\",\"target\":[\"https:\/\/jornalfatosenoticias.com.br\/index.php\/2023\/01\/23\/entenda-por-que-os-rios-sao-importantes-para-o-ciclo-global-do-carbono\/#respond\"]}]},{\"@type\":\"WebPage\",\"@id\":\"https:\/\/jornalfatosenoticias.com.br\/index.php\/2023\/01\/23\/entenda-por-que-os-rios-sao-importantes-para-o-ciclo-global-do-carbono\/\",\"url\":\"https:\/\/jornalfatosenoticias.com.br\/index.php\/2023\/01\/23\/entenda-por-que-os-rios-sao-importantes-para-o-ciclo-global-do-carbono\/\",\"name\":\"Entenda por que os rios s\u00e3o importantes para o ciclo global do carbono - Jornal Fatos e Not\u00edcias\",\"isPartOf\":{\"@id\":\"https:\/\/jornalfatosenoticias.com.br\/#website\"},\"primaryImageOfPage\":{\"@id\":\"https:\/\/jornalfatosenoticias.com.br\/index.php\/2023\/01\/23\/entenda-por-que-os-rios-sao-importantes-para-o-ciclo-global-do-carbono\/#primaryimage\"},\"image\":{\"@id\":\"https:\/\/jornalfatosenoticias.com.br\/index.php\/2023\/01\/23\/entenda-por-que-os-rios-sao-importantes-para-o-ciclo-global-do-carbono\/#primaryimage\"},\"thumbnailUrl\":\"https:\/\/jornalfatosenoticias.com.br\/wp-content\/uploads\/2023\/01\/co2-carbono-rios-petrmalinak-shutterstock.jpg\",\"datePublished\":\"2023-01-23T13:15:17+00:00\",\"dateModified\":\"2023-01-23T13:15:19+00:00\",\"breadcrumb\":{\"@id\":\"https:\/\/jornalfatosenoticias.com.br\/index.php\/2023\/01\/23\/entenda-por-que-os-rios-sao-importantes-para-o-ciclo-global-do-carbono\/#breadcrumb\"},\"inLanguage\":\"pt-BR\",\"potentialAction\":[{\"@type\":\"ReadAction\",\"target\":[\"https:\/\/jornalfatosenoticias.com.br\/index.php\/2023\/01\/23\/entenda-por-que-os-rios-sao-importantes-para-o-ciclo-global-do-carbono\/\"]}]},{\"@type\":\"ImageObject\",\"inLanguage\":\"pt-BR\",\"@id\":\"https:\/\/jornalfatosenoticias.com.br\/index.php\/2023\/01\/23\/entenda-por-que-os-rios-sao-importantes-para-o-ciclo-global-do-carbono\/#primaryimage\",\"url\":\"https:\/\/jornalfatosenoticias.com.br\/wp-content\/uploads\/2023\/01\/co2-carbono-rios-petrmalinak-shutterstock.jpg\",\"contentUrl\":\"https:\/\/jornalfatosenoticias.com.br\/wp-content\/uploads\/2023\/01\/co2-carbono-rios-petrmalinak-shutterstock.jpg\",\"width\":1000,\"height\":657},{\"@type\":\"BreadcrumbList\",\"@id\":\"https:\/\/jornalfatosenoticias.com.br\/index.php\/2023\/01\/23\/entenda-por-que-os-rios-sao-importantes-para-o-ciclo-global-do-carbono\/#breadcrumb\",\"itemListElement\":[{\"@type\":\"ListItem\",\"position\":1,\"name\":\"In\u00edcio\",\"item\":\"https:\/\/jornalfatosenoticias.com.br\/\"},{\"@type\":\"ListItem\",\"position\":2,\"name\":\"Entenda por que os rios s\u00e3o importantes para o ciclo global do carbono\"}]},{\"@type\":\"WebSite\",\"@id\":\"https:\/\/jornalfatosenoticias.com.br\/#website\",\"url\":\"https:\/\/jornalfatosenoticias.com.br\/\",\"name\":\"Jornal Fatos e Not\u00edcias\",\"description\":\"Not\u00edcias em geral\",\"publisher\":{\"@id\":\"https:\/\/jornalfatosenoticias.com.br\/#organization\"},\"potentialAction\":[{\"@type\":\"SearchAction\",\"target\":{\"@type\":\"EntryPoint\",\"urlTemplate\":\"https:\/\/jornalfatosenoticias.com.br\/?s={search_term_string}\"},\"query-input\":{\"@type\":\"PropertyValueSpecification\",\"valueRequired\":true,\"valueName\":\"search_term_string\"}}],\"inLanguage\":\"pt-BR\"},{\"@type\":\"Organization\",\"@id\":\"https:\/\/jornalfatosenoticias.com.br\/#organization\",\"name\":\"Jornal Fatos e Not\u00edcias\",\"url\":\"https:\/\/jornalfatosenoticias.com.br\/\",\"logo\":{\"@type\":\"ImageObject\",\"inLanguage\":\"pt-BR\",\"@id\":\"https:\/\/jornalfatosenoticias.com.br\/#\/schema\/logo\/image\/\",\"url\":\"https:\/\/jornalfatosenoticias.com.br\/wp-content\/uploads\/2020\/02\/logo120.png\",\"contentUrl\":\"https:\/\/jornalfatosenoticias.com.br\/wp-content\/uploads\/2020\/02\/logo120.png\",\"width\":1227,\"height\":120,\"caption\":\"Jornal Fatos e Not\u00edcias\"},\"image\":{\"@id\":\"https:\/\/jornalfatosenoticias.com.br\/#\/schema\/logo\/image\/\"}},{\"@type\":\"Person\",\"@id\":\"https:\/\/jornalfatosenoticias.com.br\/#\/schema\/person\/d63837fa13ac8666eb9e74e0985d6f81\",\"name\":\"Luzimara Fernandes\",\"image\":{\"@type\":\"ImageObject\",\"inLanguage\":\"pt-BR\",\"@id\":\"https:\/\/jornalfatosenoticias.com.br\/#\/schema\/person\/image\/\",\"url\":\"https:\/\/jornalfatosenoticias.com.br\/wp-content\/uploads\/2025\/05\/EU_portal.jpg\",\"contentUrl\":\"https:\/\/jornalfatosenoticias.com.br\/wp-content\/uploads\/2025\/05\/EU_portal.jpg\",\"caption\":\"Luzimara Fernandes\"},\"description\":\"Jornalista MTB 2358-ES\",\"sameAs\":[\"https:\/\/jornalfatosenoticias.com.br\"],\"url\":\"https:\/\/jornalfatosenoticias.com.br\/index.php\/author\/luzimara\/\"}]}<\/script>\n<!-- \/ Yoast SEO plugin. -->","yoast_head_json":{"title":"Entenda por que os rios s\u00e3o importantes para o ciclo global do carbono - Jornal Fatos e Not\u00edcias","robots":{"index":"index","follow":"follow","max-snippet":"max-snippet:-1","max-image-preview":"max-image-preview:large","max-video-preview":"max-video-preview:-1"},"canonical":"https:\/\/jornalfatosenoticias.com.br\/index.php\/2023\/01\/23\/entenda-por-que-os-rios-sao-importantes-para-o-ciclo-global-do-carbono\/","og_locale":"pt_BR","og_type":"article","og_title":"Entenda por que os rios s\u00e3o importantes para o ciclo global do carbono - Jornal Fatos e Not\u00edcias","og_description":"Estudo defende cria\u00e7\u00e3o de Sistema Global de Observa\u00e7\u00e3o de Rios Em novo artigo de jornal, o professor da EPFL, Tom Battin, analisa nossa compreens\u00e3o atual dos fluxos de carbono\u00a0nas redes fluviais do mundo. Ele demonstra seu papel central no\u00a0ciclo global do carbono e defende a cria\u00e7\u00e3o de Sistema Global de Observa\u00e7\u00e3o de Rios (RIOS). At\u00e9 [&hellip;]","og_url":"https:\/\/jornalfatosenoticias.com.br\/index.php\/2023\/01\/23\/entenda-por-que-os-rios-sao-importantes-para-o-ciclo-global-do-carbono\/","og_site_name":"Jornal Fatos e Not\u00edcias","article_published_time":"2023-01-23T13:15:17+00:00","article_modified_time":"2023-01-23T13:15:19+00:00","og_image":[{"width":1000,"height":657,"url":"https:\/\/jornalfatosenoticias.com.br\/wp-content\/uploads\/2023\/01\/co2-carbono-rios-petrmalinak-shutterstock.jpg","type":"image\/jpeg"}],"author":"Luzimara Fernandes","twitter_card":"summary_large_image","twitter_misc":{"Escrito por":"Luzimara Fernandes","Est. tempo de leitura":"4 minutos"},"schema":{"@context":"https:\/\/schema.org","@graph":[{"@type":"Article","@id":"https:\/\/jornalfatosenoticias.com.br\/index.php\/2023\/01\/23\/entenda-por-que-os-rios-sao-importantes-para-o-ciclo-global-do-carbono\/#article","isPartOf":{"@id":"https:\/\/jornalfatosenoticias.com.br\/index.php\/2023\/01\/23\/entenda-por-que-os-rios-sao-importantes-para-o-ciclo-global-do-carbono\/"},"author":{"name":"Luzimara Fernandes","@id":"https:\/\/jornalfatosenoticias.com.br\/#\/schema\/person\/d63837fa13ac8666eb9e74e0985d6f81"},"headline":"Entenda por que os rios s\u00e3o importantes para o ciclo global do carbono","datePublished":"2023-01-23T13:15:17+00:00","dateModified":"2023-01-23T13:15:19+00:00","mainEntityOfPage":{"@id":"https:\/\/jornalfatosenoticias.com.br\/index.php\/2023\/01\/23\/entenda-por-que-os-rios-sao-importantes-para-o-ciclo-global-do-carbono\/"},"wordCount":747,"commentCount":0,"publisher":{"@id":"https:\/\/jornalfatosenoticias.com.br\/#organization"},"image":{"@id":"https:\/\/jornalfatosenoticias.com.br\/index.php\/2023\/01\/23\/entenda-por-que-os-rios-sao-importantes-para-o-ciclo-global-do-carbono\/#primaryimage"},"thumbnailUrl":"https:\/\/jornalfatosenoticias.com.br\/wp-content\/uploads\/2023\/01\/co2-carbono-rios-petrmalinak-shutterstock.jpg","keywords":["carbono","ciclo global do carbono","CO\u2082","rios"],"articleSection":["Meio ambiente"],"inLanguage":"pt-BR","potentialAction":[{"@type":"CommentAction","name":"Comment","target":["https:\/\/jornalfatosenoticias.com.br\/index.php\/2023\/01\/23\/entenda-por-que-os-rios-sao-importantes-para-o-ciclo-global-do-carbono\/#respond"]}]},{"@type":"WebPage","@id":"https:\/\/jornalfatosenoticias.com.br\/index.php\/2023\/01\/23\/entenda-por-que-os-rios-sao-importantes-para-o-ciclo-global-do-carbono\/","url":"https:\/\/jornalfatosenoticias.com.br\/index.php\/2023\/01\/23\/entenda-por-que-os-rios-sao-importantes-para-o-ciclo-global-do-carbono\/","name":"Entenda por que os rios s\u00e3o importantes para o ciclo global do carbono - Jornal Fatos e Not\u00edcias","isPartOf":{"@id":"https:\/\/jornalfatosenoticias.com.br\/#website"},"primaryImageOfPage":{"@id":"https:\/\/jornalfatosenoticias.com.br\/index.php\/2023\/01\/23\/entenda-por-que-os-rios-sao-importantes-para-o-ciclo-global-do-carbono\/#primaryimage"},"image":{"@id":"https:\/\/jornalfatosenoticias.com.br\/index.php\/2023\/01\/23\/entenda-por-que-os-rios-sao-importantes-para-o-ciclo-global-do-carbono\/#primaryimage"},"thumbnailUrl":"https:\/\/jornalfatosenoticias.com.br\/wp-content\/uploads\/2023\/01\/co2-carbono-rios-petrmalinak-shutterstock.jpg","datePublished":"2023-01-23T13:15:17+00:00","dateModified":"2023-01-23T13:15:19+00:00","breadcrumb":{"@id":"https:\/\/jornalfatosenoticias.com.br\/index.php\/2023\/01\/23\/entenda-por-que-os-rios-sao-importantes-para-o-ciclo-global-do-carbono\/#breadcrumb"},"inLanguage":"pt-BR","potentialAction":[{"@type":"ReadAction","target":["https:\/\/jornalfatosenoticias.com.br\/index.php\/2023\/01\/23\/entenda-por-que-os-rios-sao-importantes-para-o-ciclo-global-do-carbono\/"]}]},{"@type":"ImageObject","inLanguage":"pt-BR","@id":"https:\/\/jornalfatosenoticias.com.br\/index.php\/2023\/01\/23\/entenda-por-que-os-rios-sao-importantes-para-o-ciclo-global-do-carbono\/#primaryimage","url":"https:\/\/jornalfatosenoticias.com.br\/wp-content\/uploads\/2023\/01\/co2-carbono-rios-petrmalinak-shutterstock.jpg","contentUrl":"https:\/\/jornalfatosenoticias.com.br\/wp-content\/uploads\/2023\/01\/co2-carbono-rios-petrmalinak-shutterstock.jpg","width":1000,"height":657},{"@type":"BreadcrumbList","@id":"https:\/\/jornalfatosenoticias.com.br\/index.php\/2023\/01\/23\/entenda-por-que-os-rios-sao-importantes-para-o-ciclo-global-do-carbono\/#breadcrumb","itemListElement":[{"@type":"ListItem","position":1,"name":"In\u00edcio","item":"https:\/\/jornalfatosenoticias.com.br\/"},{"@type":"ListItem","position":2,"name":"Entenda por que os rios s\u00e3o importantes para o ciclo global do carbono"}]},{"@type":"WebSite","@id":"https:\/\/jornalfatosenoticias.com.br\/#website","url":"https:\/\/jornalfatosenoticias.com.br\/","name":"Jornal Fatos e Not\u00edcias","description":"Not\u00edcias em geral","publisher":{"@id":"https:\/\/jornalfatosenoticias.com.br\/#organization"},"potentialAction":[{"@type":"SearchAction","target":{"@type":"EntryPoint","urlTemplate":"https:\/\/jornalfatosenoticias.com.br\/?s={search_term_string}"},"query-input":{"@type":"PropertyValueSpecification","valueRequired":true,"valueName":"search_term_string"}}],"inLanguage":"pt-BR"},{"@type":"Organization","@id":"https:\/\/jornalfatosenoticias.com.br\/#organization","name":"Jornal Fatos e Not\u00edcias","url":"https:\/\/jornalfatosenoticias.com.br\/","logo":{"@type":"ImageObject","inLanguage":"pt-BR","@id":"https:\/\/jornalfatosenoticias.com.br\/#\/schema\/logo\/image\/","url":"https:\/\/jornalfatosenoticias.com.br\/wp-content\/uploads\/2020\/02\/logo120.png","contentUrl":"https:\/\/jornalfatosenoticias.com.br\/wp-content\/uploads\/2020\/02\/logo120.png","width":1227,"height":120,"caption":"Jornal Fatos e Not\u00edcias"},"image":{"@id":"https:\/\/jornalfatosenoticias.com.br\/#\/schema\/logo\/image\/"}},{"@type":"Person","@id":"https:\/\/jornalfatosenoticias.com.br\/#\/schema\/person\/d63837fa13ac8666eb9e74e0985d6f81","name":"Luzimara Fernandes","image":{"@type":"ImageObject","inLanguage":"pt-BR","@id":"https:\/\/jornalfatosenoticias.com.br\/#\/schema\/person\/image\/","url":"https:\/\/jornalfatosenoticias.com.br\/wp-content\/uploads\/2025\/05\/EU_portal.jpg","contentUrl":"https:\/\/jornalfatosenoticias.com.br\/wp-content\/uploads\/2025\/05\/EU_portal.jpg","caption":"Luzimara Fernandes"},"description":"Jornalista MTB 2358-ES","sameAs":["https:\/\/jornalfatosenoticias.com.br"],"url":"https:\/\/jornalfatosenoticias.com.br\/index.php\/author\/luzimara\/"}]}},"cc_featured_image_caption":{"caption_text":"(Foto: petrmalinak\/Shutterstock)","source_text":"","source_url":""},"jetpack_featured_media_url":"https:\/\/jornalfatosenoticias.com.br\/wp-content\/uploads\/2023\/01\/co2-carbono-rios-petrmalinak-shutterstock.jpg","_links":{"self":[{"href":"https:\/\/jornalfatosenoticias.com.br\/index.php\/wp-json\/wp\/v2\/posts\/38059","targetHints":{"allow":["GET"]}}],"collection":[{"href":"https:\/\/jornalfatosenoticias.com.br\/index.php\/wp-json\/wp\/v2\/posts"}],"about":[{"href":"https:\/\/jornalfatosenoticias.com.br\/index.php\/wp-json\/wp\/v2\/types\/post"}],"author":[{"embeddable":true,"href":"https:\/\/jornalfatosenoticias.com.br\/index.php\/wp-json\/wp\/v2\/users\/2"}],"replies":[{"embeddable":true,"href":"https:\/\/jornalfatosenoticias.com.br\/index.php\/wp-json\/wp\/v2\/comments?post=38059"}],"version-history":[{"count":0,"href":"https:\/\/jornalfatosenoticias.com.br\/index.php\/wp-json\/wp\/v2\/posts\/38059\/revisions"}],"wp:featuredmedia":[{"embeddable":true,"href":"https:\/\/jornalfatosenoticias.com.br\/index.php\/wp-json\/wp\/v2\/media\/38060"}],"wp:attachment":[{"href":"https:\/\/jornalfatosenoticias.com.br\/index.php\/wp-json\/wp\/v2\/media?parent=38059"}],"wp:term":[{"taxonomy":"category","embeddable":true,"href":"https:\/\/jornalfatosenoticias.com.br\/index.php\/wp-json\/wp\/v2\/categories?post=38059"},{"taxonomy":"post_tag","embeddable":true,"href":"https:\/\/jornalfatosenoticias.com.br\/index.php\/wp-json\/wp\/v2\/tags?post=38059"}],"curies":[{"name":"wp","href":"https:\/\/api.w.org\/{rel}","templated":true}]}}