{"id":38079,"date":"2023-01-23T12:01:36","date_gmt":"2023-01-23T15:01:36","guid":{"rendered":"https:\/\/jornalfatosenoticias.com.br\/?p=38079"},"modified":"2023-01-23T12:01:37","modified_gmt":"2023-01-23T15:01:37","slug":"seis-dicas-para-turbinar-a-imunidade-e-acelerar-o-metabolismo","status":"publish","type":"post","link":"https:\/\/jornalfatosenoticias.com.br\/index.php\/2023\/01\/23\/seis-dicas-para-turbinar-a-imunidade-e-acelerar-o-metabolismo\/","title":{"rendered":"Seis dicas para turbinar a imunidade e acelerar o metabolismo"},"content":{"rendered":"\n<p><em><span class=\"has-inline-color has-black-color\">Nutricionista d\u00e1 dicas para cuidar da sa\u00fade e ensina ch\u00e1 que ajuda a proteger o nosso organismo<\/span><\/em><\/p>\n\n\n\n<div class=\"wp-block-image\"><figure class=\"aligncenter size-large\"><img loading=\"lazy\" decoding=\"async\" width=\"1024\" height=\"110\" src=\"https:\/\/jornalfatosenoticias.com.br\/wp-content\/uploads\/2022\/10\/Arte-jornal-Zucchi-1120x120_Prancheta-1-1024x110.jpg\" alt=\"\" class=\"wp-image-34772\" srcset=\"https:\/\/jornalfatosenoticias.com.br\/wp-content\/uploads\/2022\/10\/Arte-jornal-Zucchi-1120x120_Prancheta-1-1024x110.jpg 1024w, https:\/\/jornalfatosenoticias.com.br\/wp-content\/uploads\/2022\/10\/Arte-jornal-Zucchi-1120x120_Prancheta-1-300x32.jpg 300w, https:\/\/jornalfatosenoticias.com.br\/wp-content\/uploads\/2022\/10\/Arte-jornal-Zucchi-1120x120_Prancheta-1-768x82.jpg 768w, https:\/\/jornalfatosenoticias.com.br\/wp-content\/uploads\/2022\/10\/Arte-jornal-Zucchi-1120x120_Prancheta-1-1536x165.jpg 1536w, https:\/\/jornalfatosenoticias.com.br\/wp-content\/uploads\/2022\/10\/Arte-jornal-Zucchi-1120x120_Prancheta-1-2048x219.jpg 2048w\" sizes=\"auto, (max-width: 1024px) 100vw, 1024px\" \/><\/figure><\/div>\n\n\n\n<p>Muito tem se falado sobre precau\u00e7\u00f5es para que voc\u00ea esteja imune \u00e0s infec\u00e7\u00f5es, principalmente neste momento que estamos vivendo. Segundo a nutricionista Camila Buitoni, o cuidado para fortalecer a imunidade e garantir um bom metabolismo come\u00e7a na alimenta\u00e7\u00e3o, com a escolha correta daquilo que ingerimos.<\/p>\n\n\n\n<div class=\"wp-block-image\"><figure class=\"aligncenter size-large is-resized\"><img loading=\"lazy\" decoding=\"async\" src=\"https:\/\/jornalfatosenoticias.com.br\/wp-content\/uploads\/2020\/02\/logo-clinica-limoeiro.jpg\" alt=\"\" class=\"wp-image-34610\" width=\"266\" height=\"189\"\/><\/figure><\/div>\n\n\n\n<p>Uma alimenta\u00e7\u00e3o rica em gorduras, a\u00e7\u00facares, industrializados, ultra processados e conservantes, com n\u00e3o \u00e9 o caminho ideal para fortalecer seu sistema imunol\u00f3gico e manter a sa\u00fade e o bem-estar. Uma alimenta\u00e7\u00e3o balanceada, rica em alimentos naturais ajudar a fortalecer a imunidade. Pensando nisso, Camila separou algumas dicas:<\/p>\n\n\n\n<div class=\"wp-block-image\"><figure class=\"aligncenter size-large\"><img loading=\"lazy\" decoding=\"async\" width=\"1024\" height=\"100\" src=\"https:\/\/jornalfatosenoticias.com.br\/wp-content\/uploads\/2022\/05\/NOVA-LOGO-CESCONETTO-1024x100.jpg\" alt=\"\" class=\"wp-image-30792\" srcset=\"https:\/\/jornalfatosenoticias.com.br\/wp-content\/uploads\/2022\/05\/NOVA-LOGO-CESCONETTO-1024x100.jpg 1024w, https:\/\/jornalfatosenoticias.com.br\/wp-content\/uploads\/2022\/05\/NOVA-LOGO-CESCONETTO-300x29.jpg 300w, https:\/\/jornalfatosenoticias.com.br\/wp-content\/uploads\/2022\/05\/NOVA-LOGO-CESCONETTO-768x75.jpg 768w, https:\/\/jornalfatosenoticias.com.br\/wp-content\/uploads\/2022\/05\/NOVA-LOGO-CESCONETTO.jpg 1280w\" sizes=\"auto, (max-width: 1024px) 100vw, 1024px\" \/><\/figure><\/div>\n\n\n\n<p><strong><span class=\"has-inline-color has-vivid-cyan-blue-color\">1. Rotina e disciplina<br><\/span><\/strong>\u201cO primeiro passo \u00e9 entender que voc\u00ea precisa se organizar e reprogramar seu card\u00e1pio, optando por alimentos in natura e que sejam preparados e temperados por voc\u00ea. Isso vale de frutas e sucos at\u00e9 as principais refei\u00e7\u00f5es. Evite consumir refei\u00e7\u00f5es prontas\u201d.<\/p>\n\n\n\n<div class=\"wp-block-image\"><figure class=\"aligncenter size-large\"><img loading=\"lazy\" decoding=\"async\" width=\"300\" height=\"250\" src=\"https:\/\/jornalfatosenoticias.com.br\/wp-content\/uploads\/2022\/08\/arte-Casarao.jpg\" alt=\"\" class=\"wp-image-33178\"\/><\/figure><\/div>\n\n\n\n<p><strong><span class=\"has-inline-color has-vivid-cyan-blue-color\">2. \u00c1gua n\u00e3o \u00e9 um complemento<br><\/span><\/strong>\u201cVoc\u00ea precisa se manter hidratado. E, se agora, sua alimenta\u00e7\u00e3o ser\u00e1 mais rica em fibras, para que elas desempenhem suas fun\u00e7\u00f5es, necessitam de muita \u00e1gua. O baixo consumo aliado ao aumento na quantidade de fibras ingeridas pode ocasionar uma paralisa\u00e7\u00e3o destas fibras no seu intestino, causando efeito rebote no organismo\u201d.<\/p>\n\n\n\n<div class=\"wp-block-image\"><figure class=\"alignright size-large\"><img decoding=\"async\" src=\"https:\/\/jornalfatosenoticias.com.br\/wp-content\/uploads\/2020\/02\/logo_esteio.jpg\" alt=\"\" class=\"wp-image-1214\"\/><\/figure><\/div>\n\n\n\n<p><strong><span class=\"has-inline-color has-vivid-cyan-blue-color\">3. D\u00ea prefer\u00eancia aos tub\u00e9rculos<br><\/span><\/strong>\u201cAl\u00e9m dos cereais, consuma alimentos vindos da terra, como mandioca, batata-doce, inhame, mandioquinha e car\u00e1, que s\u00e3o de baixo \u00edndice glic\u00eamico e permitem que seu metabolismo trabalhe um pouco mais, para que sejam absorvidos, o que melhora o funcionamento do intestino, aumenta a saciedade e auxilia a absor\u00e7\u00e3o e excre\u00e7\u00e3o de gorduras\u201d.<\/p>\n\n\n\n<div class=\"wp-block-image\"><figure class=\"alignleft size-large is-resized\"><img loading=\"lazy\" decoding=\"async\" src=\"https:\/\/jornalfatosenoticias.com.br\/wp-content\/uploads\/2020\/02\/logo-Panper_portal.jpg\" alt=\"\" class=\"wp-image-34474\" width=\"274\" height=\"190\" srcset=\"https:\/\/jornalfatosenoticias.com.br\/wp-content\/uploads\/2020\/02\/logo-Panper_portal.jpg 400w, https:\/\/jornalfatosenoticias.com.br\/wp-content\/uploads\/2020\/02\/logo-Panper_portal-300x208.jpg 300w\" sizes=\"auto, (max-width: 274px) 100vw, 274px\" \/><\/figure><\/div>\n\n\n\n<p><strong><span class=\"has-inline-color has-vivid-cyan-blue-color\">4. Frutas<br><\/span><\/strong>\u201cA dica \u00e9 focar naquelas que cont\u00e9m maior concentra\u00e7\u00e3o de vitamina C. Voc\u00ea pode escolher, por exemplo, ma\u00e7\u00e3, acerolas, amoras, kiwi, uvas, ameixas e cerejas. Perceba que as listadas s\u00e3o tamb\u00e9m, em sua maioria, frutas vermelhas, que t\u00eam o poder antioxidante bem maiores que as outras. Frutas como mam\u00e3o, mel\u00e3o, laranja, tangerina, caqui e abacaxi, que s\u00e3o do grupo das de cores laranja e amarela \u2014 provenientes dos fitoqu\u00edmicos presentes nelas \u2014 s\u00e3o muito ricas em betacaroteno, antioxidante que fortalece o sistema imunol\u00f3gico\u201d.<\/p>\n\n\n\n<div class=\"wp-block-image\"><figure class=\"aligncenter size-large\"><img decoding=\"async\" src=\"https:\/\/jornalfatosenoticias.com.br\/wp-content\/uploads\/2020\/02\/Serra-Grande-1024x160.png\" alt=\"\" class=\"wp-image-7836\"\/><\/figure><\/div>\n\n\n\n<p><strong><span class=\"has-inline-color has-vivid-cyan-blue-color\">5. Prote\u00edna<br><\/span><\/strong>\u201cO que importante \u00e9 evitar que sejam fritas e imersas em muito \u00f3leo. Ao inv\u00e9s disso, escolha prepara\u00e7\u00f5es que sejam cozidas, grelhadas ou assadas\u201d.<\/p>\n\n\n\n<div class=\"wp-block-image\"><figure class=\"alignright size-large is-resized\"><img decoding=\"async\" src=\"https:\/\/jornalfatosenoticias.com.br\/wp-content\/uploads\/2022\/10\/RC_800x750_page-0001.jpg\" alt=\"\" class=\"wp-image-35338\" width=\"-19\" height=\"-18\" srcset=\"https:\/\/jornalfatosenoticias.com.br\/wp-content\/uploads\/2022\/10\/RC_800x750_page-0001.jpg 400w, https:\/\/jornalfatosenoticias.com.br\/wp-content\/uploads\/2022\/10\/RC_800x750_page-0001-300x281.jpg 300w\" sizes=\"(max-width: 400px) 100vw, 400px\" \/><\/figure><\/div>\n\n\n\n<p><strong><span class=\"has-inline-color has-vivid-cyan-blue-color\">6. Gorduras do bem<br><\/span><\/strong>\u201cO grupo das gorduras insaturadas, ou como s\u00e3o mais conhecidas, as \u2018gorduras boas\u2019 s\u00e3o facilmente encontradas em alimentos de origem vegetal como azeite de oliva, castanhas, nozes, am\u00eandoas, linha\u00e7a, chia e abacate. Estes alimentos tamb\u00e9m estimulam a produ\u00e7\u00e3o de serotonina, mais conhecida como horm\u00f4nio do bem-estar, auxiliando para que voc\u00ea tenha menos crises de ansiedade\u201d.<br>Seguir todas estas recomenda\u00e7\u00f5es contribuir\u00e1 com o processo de bem-estar, refor\u00e7ar\u00e1 seu sistema metab\u00f3lico e imunol\u00f3gico, e ainda, de quebra, mandar\u00e1 embora aquelas gordurinhas indesej\u00e1veis. <\/p>\n\n\n\n<div class=\"wp-block-image\"><figure class=\"aligncenter size-large\"><img loading=\"lazy\" decoding=\"async\" width=\"1024\" height=\"99\" src=\"https:\/\/jornalfatosenoticias.com.br\/wp-content\/uploads\/2020\/02\/Logo-Mizu-segunda-2-1024x99.png\" alt=\"\" class=\"wp-image-2353\" srcset=\"https:\/\/jornalfatosenoticias.com.br\/wp-content\/uploads\/2020\/02\/Logo-Mizu-segunda-2-1024x99.png 1024w, https:\/\/jornalfatosenoticias.com.br\/wp-content\/uploads\/2020\/02\/Logo-Mizu-segunda-2-300x29.png 300w, https:\/\/jornalfatosenoticias.com.br\/wp-content\/uploads\/2020\/02\/Logo-Mizu-segunda-2-768x74.png 768w, https:\/\/jornalfatosenoticias.com.br\/wp-content\/uploads\/2020\/02\/Logo-Mizu-segunda-2.png 1240w\" sizes=\"auto, (max-width: 1024px) 100vw, 1024px\" \/><\/figure><\/div>\n\n\n\n<p>Para fechar a nutricionista separou uma receita de ch\u00e1 que pode ser tomado ao longo do dia, composto por ingredientes que t\u00eam alto poder contra infec\u00e7\u00f5es, ajudando assim a proteger nosso organismo.<\/p>\n\n\n\n<h4 class=\"wp-block-heading\"><strong><span class=\"has-inline-color has-vivid-cyan-blue-color\">Ch\u00e1 para imunidade<\/span><\/strong><\/h4>\n\n\n\n<div class=\"wp-block-image\"><figure class=\"aligncenter size-large\"><img loading=\"lazy\" decoding=\"async\" width=\"1000\" height=\"665\" src=\"https:\/\/jornalfatosenoticias.com.br\/wp-content\/uploads\/2023\/01\/cha-de-hortela.jpg\" alt=\"\" class=\"wp-image-38080\" srcset=\"https:\/\/jornalfatosenoticias.com.br\/wp-content\/uploads\/2023\/01\/cha-de-hortela.jpg 1000w, https:\/\/jornalfatosenoticias.com.br\/wp-content\/uploads\/2023\/01\/cha-de-hortela-300x200.jpg 300w, https:\/\/jornalfatosenoticias.com.br\/wp-content\/uploads\/2023\/01\/cha-de-hortela-768x511.jpg 768w\" sizes=\"auto, (max-width: 1000px) 100vw, 1000px\" \/><figcaption><em><span class=\"has-inline-color has-black-color\">(Foto: iStock\/Getty Images)<\/span><\/em><\/figcaption><\/figure><\/div>\n\n\n\n<div class=\"wp-block-image\"><figure class=\"aligncenter size-large is-resized\"><img loading=\"lazy\" decoding=\"async\" src=\"https:\/\/jornalfatosenoticias.com.br\/wp-content\/uploads\/2020\/02\/nova-logo-Marquetti.jpg\" alt=\"\" class=\"wp-image-22331\" width=\"271\" height=\"182\" srcset=\"https:\/\/jornalfatosenoticias.com.br\/wp-content\/uploads\/2020\/02\/nova-logo-Marquetti.jpg 643w, https:\/\/jornalfatosenoticias.com.br\/wp-content\/uploads\/2020\/02\/nova-logo-Marquetti-300x202.jpg 300w\" sizes=\"auto, (max-width: 271px) 100vw, 271px\" \/><\/figure><\/div>\n\n\n\n<p><span class=\"has-inline-color has-vivid-purple-color\"><em>Ingredientes<\/em><\/span><\/p>\n\n\n\n<ul class=\"wp-block-list\"><li>1 litro de ch\u00e1 \u2014 de qualquer sabor que voc\u00ea tiver ou quiser<\/li><li>2 rodelas de lim\u00e3o<\/li><li>1 peda\u00e7o pequeno de gengibre<\/li><li>4 cravos (ou um peda\u00e7o pequeno de canela em pau)<\/li><li>1 ponta da colherzinha de caf\u00e9 de c\u00farcuma ou a\u00e7afr\u00e3o<\/li><\/ul>\n\n\n\n<div class=\"wp-block-image\"><figure class=\"alignleft size-large\"><img decoding=\"async\" src=\"https:\/\/jornalfatosenoticias.com.br\/wp-content\/uploads\/2020\/02\/barao-das-carnes-300x164-1.jpg\" alt=\"\" class=\"wp-image-34339\"\/><\/figure><\/div>\n\n\n\n<p><strong><span class=\"has-inline-color has-vivid-purple-color\">Modo de fazer<br><\/span><\/strong>Depois do ch\u00e1 pronto, j\u00e1 coado em uma garrafa ou jarra, acrescente as duas rodelas de lim\u00e3o \u2014 com a casca mesmo \u2014 acrescente o peda\u00e7o pequeno de gengibre, mais os quatro cravos ou o peda\u00e7o de canela em pau e uma ponta da colherzinha de caf\u00e9 de c\u00farcuma ou a\u00e7afr\u00e3o. Misture levemente e pronto. Estes ingredientes ficar\u00e3o dentro do ch\u00e1, que pode ser tomado durante todo o dia, gelado ou em temperatura ambiente.<\/p>\n\n\n\n<p><strong><em>Fonte: <a href=\"https:\/\/ciclovivo.com.br\/vida-sustentavel\/equilibrio\/6-dicas-para-turbinar-a-imunidade-e-acelerar-o-metabolismo\/\">CicloVivo<\/a><\/em><\/strong><\/p>\n","protected":false},"excerpt":{"rendered":"<p>Nutricionista d\u00e1 dicas para cuidar da sa\u00fade e ensina ch\u00e1 que ajuda a proteger o nosso organismo Muito tem se falado sobre precau\u00e7\u00f5es para que voc\u00ea esteja imune \u00e0s infec\u00e7\u00f5es, principalmente neste momento que estamos vivendo. Segundo a nutricionista Camila Buitoni, o cuidado para fortalecer a imunidade e garantir um bom metabolismo come\u00e7a na alimenta\u00e7\u00e3o, [&hellip;]<\/p>\n","protected":false},"author":2,"featured_media":38081,"comment_status":"open","ping_status":"open","sticky":false,"template":"","format":"standard","meta":{"footnotes":""},"categories":[42],"tags":[385,3366,1531,2902,17849],"class_list":["post-38079","post","type-post","status-publish","format-standard","has-post-thumbnail","hentry","category-bem-estar","tag-bem-estar","tag-dicas","tag-imunidade","tag-metabolismo","tag-receitas-de-cha"],"yoast_head":"<!-- This site is optimized with the Yoast SEO plugin v26.5 - https:\/\/yoast.com\/wordpress\/plugins\/seo\/ -->\n<title>Seis dicas para turbinar a imunidade e acelerar o metabolismo - Jornal Fatos e Not\u00edcias<\/title>\n<meta name=\"robots\" content=\"index, follow, max-snippet:-1, max-image-preview:large, max-video-preview:-1\" \/>\n<link rel=\"canonical\" href=\"https:\/\/jornalfatosenoticias.com.br\/index.php\/2023\/01\/23\/seis-dicas-para-turbinar-a-imunidade-e-acelerar-o-metabolismo\/\" \/>\n<meta property=\"og:locale\" content=\"pt_BR\" \/>\n<meta property=\"og:type\" content=\"article\" \/>\n<meta property=\"og:title\" content=\"Seis dicas para turbinar a imunidade e acelerar o metabolismo - Jornal Fatos e Not\u00edcias\" \/>\n<meta property=\"og:description\" content=\"Nutricionista d\u00e1 dicas para cuidar da sa\u00fade e ensina ch\u00e1 que ajuda a proteger o nosso organismo Muito tem se falado sobre precau\u00e7\u00f5es para que voc\u00ea esteja imune \u00e0s infec\u00e7\u00f5es, principalmente neste momento que estamos vivendo. Segundo a nutricionista Camila Buitoni, o cuidado para fortalecer a imunidade e garantir um bom metabolismo come\u00e7a na alimenta\u00e7\u00e3o, [&hellip;]\" \/>\n<meta property=\"og:url\" content=\"https:\/\/jornalfatosenoticias.com.br\/index.php\/2023\/01\/23\/seis-dicas-para-turbinar-a-imunidade-e-acelerar-o-metabolismo\/\" \/>\n<meta property=\"og:site_name\" content=\"Jornal Fatos e Not\u00edcias\" \/>\n<meta property=\"article:published_time\" content=\"2023-01-23T15:01:36+00:00\" \/>\n<meta property=\"article:modified_time\" content=\"2023-01-23T15:01:37+00:00\" \/>\n<meta property=\"og:image\" content=\"https:\/\/jornalfatosenoticias.com.br\/wp-content\/uploads\/2023\/01\/dicas-para-aumentar-imunidade.jpg\" \/>\n\t<meta property=\"og:image:width\" content=\"1000\" \/>\n\t<meta property=\"og:image:height\" content=\"651\" \/>\n\t<meta property=\"og:image:type\" content=\"image\/jpeg\" \/>\n<meta name=\"author\" content=\"Luzimara Fernandes\" \/>\n<meta name=\"twitter:card\" content=\"summary_large_image\" \/>\n<meta name=\"twitter:label1\" content=\"Escrito por\" \/>\n\t<meta name=\"twitter:data1\" content=\"Luzimara Fernandes\" \/>\n\t<meta name=\"twitter:label2\" content=\"Est. tempo de leitura\" \/>\n\t<meta name=\"twitter:data2\" content=\"3 minutos\" \/>\n<script type=\"application\/ld+json\" class=\"yoast-schema-graph\">{\"@context\":\"https:\/\/schema.org\",\"@graph\":[{\"@type\":\"Article\",\"@id\":\"https:\/\/jornalfatosenoticias.com.br\/index.php\/2023\/01\/23\/seis-dicas-para-turbinar-a-imunidade-e-acelerar-o-metabolismo\/#article\",\"isPartOf\":{\"@id\":\"https:\/\/jornalfatosenoticias.com.br\/index.php\/2023\/01\/23\/seis-dicas-para-turbinar-a-imunidade-e-acelerar-o-metabolismo\/\"},\"author\":{\"name\":\"Luzimara Fernandes\",\"@id\":\"https:\/\/jornalfatosenoticias.com.br\/#\/schema\/person\/d63837fa13ac8666eb9e74e0985d6f81\"},\"headline\":\"Seis dicas para turbinar a imunidade e acelerar o metabolismo\",\"datePublished\":\"2023-01-23T15:01:36+00:00\",\"dateModified\":\"2023-01-23T15:01:37+00:00\",\"mainEntityOfPage\":{\"@id\":\"https:\/\/jornalfatosenoticias.com.br\/index.php\/2023\/01\/23\/seis-dicas-para-turbinar-a-imunidade-e-acelerar-o-metabolismo\/\"},\"wordCount\":678,\"commentCount\":0,\"publisher\":{\"@id\":\"https:\/\/jornalfatosenoticias.com.br\/#organization\"},\"image\":{\"@id\":\"https:\/\/jornalfatosenoticias.com.br\/index.php\/2023\/01\/23\/seis-dicas-para-turbinar-a-imunidade-e-acelerar-o-metabolismo\/#primaryimage\"},\"thumbnailUrl\":\"https:\/\/jornalfatosenoticias.com.br\/wp-content\/uploads\/2023\/01\/dicas-para-aumentar-imunidade.jpg\",\"keywords\":[\"bem-estar\",\"dicas\",\"imunidade\",\"metabolismo\",\"receitas de ch\u00e1\"],\"articleSection\":[\"Bem-estar\"],\"inLanguage\":\"pt-BR\",\"potentialAction\":[{\"@type\":\"CommentAction\",\"name\":\"Comment\",\"target\":[\"https:\/\/jornalfatosenoticias.com.br\/index.php\/2023\/01\/23\/seis-dicas-para-turbinar-a-imunidade-e-acelerar-o-metabolismo\/#respond\"]}]},{\"@type\":\"WebPage\",\"@id\":\"https:\/\/jornalfatosenoticias.com.br\/index.php\/2023\/01\/23\/seis-dicas-para-turbinar-a-imunidade-e-acelerar-o-metabolismo\/\",\"url\":\"https:\/\/jornalfatosenoticias.com.br\/index.php\/2023\/01\/23\/seis-dicas-para-turbinar-a-imunidade-e-acelerar-o-metabolismo\/\",\"name\":\"Seis dicas para turbinar a imunidade e acelerar o metabolismo - Jornal Fatos e Not\u00edcias\",\"isPartOf\":{\"@id\":\"https:\/\/jornalfatosenoticias.com.br\/#website\"},\"primaryImageOfPage\":{\"@id\":\"https:\/\/jornalfatosenoticias.com.br\/index.php\/2023\/01\/23\/seis-dicas-para-turbinar-a-imunidade-e-acelerar-o-metabolismo\/#primaryimage\"},\"image\":{\"@id\":\"https:\/\/jornalfatosenoticias.com.br\/index.php\/2023\/01\/23\/seis-dicas-para-turbinar-a-imunidade-e-acelerar-o-metabolismo\/#primaryimage\"},\"thumbnailUrl\":\"https:\/\/jornalfatosenoticias.com.br\/wp-content\/uploads\/2023\/01\/dicas-para-aumentar-imunidade.jpg\",\"datePublished\":\"2023-01-23T15:01:36+00:00\",\"dateModified\":\"2023-01-23T15:01:37+00:00\",\"breadcrumb\":{\"@id\":\"https:\/\/jornalfatosenoticias.com.br\/index.php\/2023\/01\/23\/seis-dicas-para-turbinar-a-imunidade-e-acelerar-o-metabolismo\/#breadcrumb\"},\"inLanguage\":\"pt-BR\",\"potentialAction\":[{\"@type\":\"ReadAction\",\"target\":[\"https:\/\/jornalfatosenoticias.com.br\/index.php\/2023\/01\/23\/seis-dicas-para-turbinar-a-imunidade-e-acelerar-o-metabolismo\/\"]}]},{\"@type\":\"ImageObject\",\"inLanguage\":\"pt-BR\",\"@id\":\"https:\/\/jornalfatosenoticias.com.br\/index.php\/2023\/01\/23\/seis-dicas-para-turbinar-a-imunidade-e-acelerar-o-metabolismo\/#primaryimage\",\"url\":\"https:\/\/jornalfatosenoticias.com.br\/wp-content\/uploads\/2023\/01\/dicas-para-aumentar-imunidade.jpg\",\"contentUrl\":\"https:\/\/jornalfatosenoticias.com.br\/wp-content\/uploads\/2023\/01\/dicas-para-aumentar-imunidade.jpg\",\"width\":1000,\"height\":651},{\"@type\":\"BreadcrumbList\",\"@id\":\"https:\/\/jornalfatosenoticias.com.br\/index.php\/2023\/01\/23\/seis-dicas-para-turbinar-a-imunidade-e-acelerar-o-metabolismo\/#breadcrumb\",\"itemListElement\":[{\"@type\":\"ListItem\",\"position\":1,\"name\":\"In\u00edcio\",\"item\":\"https:\/\/jornalfatosenoticias.com.br\/\"},{\"@type\":\"ListItem\",\"position\":2,\"name\":\"Seis dicas para turbinar a imunidade e acelerar o metabolismo\"}]},{\"@type\":\"WebSite\",\"@id\":\"https:\/\/jornalfatosenoticias.com.br\/#website\",\"url\":\"https:\/\/jornalfatosenoticias.com.br\/\",\"name\":\"Jornal Fatos e Not\u00edcias\",\"description\":\"Not\u00edcias em geral\",\"publisher\":{\"@id\":\"https:\/\/jornalfatosenoticias.com.br\/#organization\"},\"potentialAction\":[{\"@type\":\"SearchAction\",\"target\":{\"@type\":\"EntryPoint\",\"urlTemplate\":\"https:\/\/jornalfatosenoticias.com.br\/?s={search_term_string}\"},\"query-input\":{\"@type\":\"PropertyValueSpecification\",\"valueRequired\":true,\"valueName\":\"search_term_string\"}}],\"inLanguage\":\"pt-BR\"},{\"@type\":\"Organization\",\"@id\":\"https:\/\/jornalfatosenoticias.com.br\/#organization\",\"name\":\"Jornal Fatos e Not\u00edcias\",\"url\":\"https:\/\/jornalfatosenoticias.com.br\/\",\"logo\":{\"@type\":\"ImageObject\",\"inLanguage\":\"pt-BR\",\"@id\":\"https:\/\/jornalfatosenoticias.com.br\/#\/schema\/logo\/image\/\",\"url\":\"https:\/\/jornalfatosenoticias.com.br\/wp-content\/uploads\/2020\/02\/logo120.png\",\"contentUrl\":\"https:\/\/jornalfatosenoticias.com.br\/wp-content\/uploads\/2020\/02\/logo120.png\",\"width\":1227,\"height\":120,\"caption\":\"Jornal Fatos e Not\u00edcias\"},\"image\":{\"@id\":\"https:\/\/jornalfatosenoticias.com.br\/#\/schema\/logo\/image\/\"}},{\"@type\":\"Person\",\"@id\":\"https:\/\/jornalfatosenoticias.com.br\/#\/schema\/person\/d63837fa13ac8666eb9e74e0985d6f81\",\"name\":\"Luzimara Fernandes\",\"image\":{\"@type\":\"ImageObject\",\"inLanguage\":\"pt-BR\",\"@id\":\"https:\/\/jornalfatosenoticias.com.br\/#\/schema\/person\/image\/\",\"url\":\"https:\/\/jornalfatosenoticias.com.br\/wp-content\/uploads\/2025\/05\/EU_portal.jpg\",\"contentUrl\":\"https:\/\/jornalfatosenoticias.com.br\/wp-content\/uploads\/2025\/05\/EU_portal.jpg\",\"caption\":\"Luzimara Fernandes\"},\"description\":\"Jornalista MTB 2358-ES\",\"sameAs\":[\"https:\/\/jornalfatosenoticias.com.br\"],\"url\":\"https:\/\/jornalfatosenoticias.com.br\/index.php\/author\/luzimara\/\"}]}<\/script>\n<!-- \/ Yoast SEO plugin. -->","yoast_head_json":{"title":"Seis dicas para turbinar a imunidade e acelerar o metabolismo - Jornal Fatos e Not\u00edcias","robots":{"index":"index","follow":"follow","max-snippet":"max-snippet:-1","max-image-preview":"max-image-preview:large","max-video-preview":"max-video-preview:-1"},"canonical":"https:\/\/jornalfatosenoticias.com.br\/index.php\/2023\/01\/23\/seis-dicas-para-turbinar-a-imunidade-e-acelerar-o-metabolismo\/","og_locale":"pt_BR","og_type":"article","og_title":"Seis dicas para turbinar a imunidade e acelerar o metabolismo - Jornal Fatos e Not\u00edcias","og_description":"Nutricionista d\u00e1 dicas para cuidar da sa\u00fade e ensina ch\u00e1 que ajuda a proteger o nosso organismo Muito tem se falado sobre precau\u00e7\u00f5es para que voc\u00ea esteja imune \u00e0s infec\u00e7\u00f5es, principalmente neste momento que estamos vivendo. Segundo a nutricionista Camila Buitoni, o cuidado para fortalecer a imunidade e garantir um bom metabolismo come\u00e7a na alimenta\u00e7\u00e3o, [&hellip;]","og_url":"https:\/\/jornalfatosenoticias.com.br\/index.php\/2023\/01\/23\/seis-dicas-para-turbinar-a-imunidade-e-acelerar-o-metabolismo\/","og_site_name":"Jornal Fatos e Not\u00edcias","article_published_time":"2023-01-23T15:01:36+00:00","article_modified_time":"2023-01-23T15:01:37+00:00","og_image":[{"width":1000,"height":651,"url":"https:\/\/jornalfatosenoticias.com.br\/wp-content\/uploads\/2023\/01\/dicas-para-aumentar-imunidade.jpg","type":"image\/jpeg"}],"author":"Luzimara Fernandes","twitter_card":"summary_large_image","twitter_misc":{"Escrito por":"Luzimara Fernandes","Est. tempo de leitura":"3 minutos"},"schema":{"@context":"https:\/\/schema.org","@graph":[{"@type":"Article","@id":"https:\/\/jornalfatosenoticias.com.br\/index.php\/2023\/01\/23\/seis-dicas-para-turbinar-a-imunidade-e-acelerar-o-metabolismo\/#article","isPartOf":{"@id":"https:\/\/jornalfatosenoticias.com.br\/index.php\/2023\/01\/23\/seis-dicas-para-turbinar-a-imunidade-e-acelerar-o-metabolismo\/"},"author":{"name":"Luzimara Fernandes","@id":"https:\/\/jornalfatosenoticias.com.br\/#\/schema\/person\/d63837fa13ac8666eb9e74e0985d6f81"},"headline":"Seis dicas para turbinar a imunidade e acelerar o metabolismo","datePublished":"2023-01-23T15:01:36+00:00","dateModified":"2023-01-23T15:01:37+00:00","mainEntityOfPage":{"@id":"https:\/\/jornalfatosenoticias.com.br\/index.php\/2023\/01\/23\/seis-dicas-para-turbinar-a-imunidade-e-acelerar-o-metabolismo\/"},"wordCount":678,"commentCount":0,"publisher":{"@id":"https:\/\/jornalfatosenoticias.com.br\/#organization"},"image":{"@id":"https:\/\/jornalfatosenoticias.com.br\/index.php\/2023\/01\/23\/seis-dicas-para-turbinar-a-imunidade-e-acelerar-o-metabolismo\/#primaryimage"},"thumbnailUrl":"https:\/\/jornalfatosenoticias.com.br\/wp-content\/uploads\/2023\/01\/dicas-para-aumentar-imunidade.jpg","keywords":["bem-estar","dicas","imunidade","metabolismo","receitas de ch\u00e1"],"articleSection":["Bem-estar"],"inLanguage":"pt-BR","potentialAction":[{"@type":"CommentAction","name":"Comment","target":["https:\/\/jornalfatosenoticias.com.br\/index.php\/2023\/01\/23\/seis-dicas-para-turbinar-a-imunidade-e-acelerar-o-metabolismo\/#respond"]}]},{"@type":"WebPage","@id":"https:\/\/jornalfatosenoticias.com.br\/index.php\/2023\/01\/23\/seis-dicas-para-turbinar-a-imunidade-e-acelerar-o-metabolismo\/","url":"https:\/\/jornalfatosenoticias.com.br\/index.php\/2023\/01\/23\/seis-dicas-para-turbinar-a-imunidade-e-acelerar-o-metabolismo\/","name":"Seis dicas para turbinar a imunidade e acelerar o metabolismo - Jornal Fatos e Not\u00edcias","isPartOf":{"@id":"https:\/\/jornalfatosenoticias.com.br\/#website"},"primaryImageOfPage":{"@id":"https:\/\/jornalfatosenoticias.com.br\/index.php\/2023\/01\/23\/seis-dicas-para-turbinar-a-imunidade-e-acelerar-o-metabolismo\/#primaryimage"},"image":{"@id":"https:\/\/jornalfatosenoticias.com.br\/index.php\/2023\/01\/23\/seis-dicas-para-turbinar-a-imunidade-e-acelerar-o-metabolismo\/#primaryimage"},"thumbnailUrl":"https:\/\/jornalfatosenoticias.com.br\/wp-content\/uploads\/2023\/01\/dicas-para-aumentar-imunidade.jpg","datePublished":"2023-01-23T15:01:36+00:00","dateModified":"2023-01-23T15:01:37+00:00","breadcrumb":{"@id":"https:\/\/jornalfatosenoticias.com.br\/index.php\/2023\/01\/23\/seis-dicas-para-turbinar-a-imunidade-e-acelerar-o-metabolismo\/#breadcrumb"},"inLanguage":"pt-BR","potentialAction":[{"@type":"ReadAction","target":["https:\/\/jornalfatosenoticias.com.br\/index.php\/2023\/01\/23\/seis-dicas-para-turbinar-a-imunidade-e-acelerar-o-metabolismo\/"]}]},{"@type":"ImageObject","inLanguage":"pt-BR","@id":"https:\/\/jornalfatosenoticias.com.br\/index.php\/2023\/01\/23\/seis-dicas-para-turbinar-a-imunidade-e-acelerar-o-metabolismo\/#primaryimage","url":"https:\/\/jornalfatosenoticias.com.br\/wp-content\/uploads\/2023\/01\/dicas-para-aumentar-imunidade.jpg","contentUrl":"https:\/\/jornalfatosenoticias.com.br\/wp-content\/uploads\/2023\/01\/dicas-para-aumentar-imunidade.jpg","width":1000,"height":651},{"@type":"BreadcrumbList","@id":"https:\/\/jornalfatosenoticias.com.br\/index.php\/2023\/01\/23\/seis-dicas-para-turbinar-a-imunidade-e-acelerar-o-metabolismo\/#breadcrumb","itemListElement":[{"@type":"ListItem","position":1,"name":"In\u00edcio","item":"https:\/\/jornalfatosenoticias.com.br\/"},{"@type":"ListItem","position":2,"name":"Seis dicas para turbinar a imunidade e acelerar o metabolismo"}]},{"@type":"WebSite","@id":"https:\/\/jornalfatosenoticias.com.br\/#website","url":"https:\/\/jornalfatosenoticias.com.br\/","name":"Jornal Fatos e Not\u00edcias","description":"Not\u00edcias em geral","publisher":{"@id":"https:\/\/jornalfatosenoticias.com.br\/#organization"},"potentialAction":[{"@type":"SearchAction","target":{"@type":"EntryPoint","urlTemplate":"https:\/\/jornalfatosenoticias.com.br\/?s={search_term_string}"},"query-input":{"@type":"PropertyValueSpecification","valueRequired":true,"valueName":"search_term_string"}}],"inLanguage":"pt-BR"},{"@type":"Organization","@id":"https:\/\/jornalfatosenoticias.com.br\/#organization","name":"Jornal Fatos e Not\u00edcias","url":"https:\/\/jornalfatosenoticias.com.br\/","logo":{"@type":"ImageObject","inLanguage":"pt-BR","@id":"https:\/\/jornalfatosenoticias.com.br\/#\/schema\/logo\/image\/","url":"https:\/\/jornalfatosenoticias.com.br\/wp-content\/uploads\/2020\/02\/logo120.png","contentUrl":"https:\/\/jornalfatosenoticias.com.br\/wp-content\/uploads\/2020\/02\/logo120.png","width":1227,"height":120,"caption":"Jornal Fatos e Not\u00edcias"},"image":{"@id":"https:\/\/jornalfatosenoticias.com.br\/#\/schema\/logo\/image\/"}},{"@type":"Person","@id":"https:\/\/jornalfatosenoticias.com.br\/#\/schema\/person\/d63837fa13ac8666eb9e74e0985d6f81","name":"Luzimara Fernandes","image":{"@type":"ImageObject","inLanguage":"pt-BR","@id":"https:\/\/jornalfatosenoticias.com.br\/#\/schema\/person\/image\/","url":"https:\/\/jornalfatosenoticias.com.br\/wp-content\/uploads\/2025\/05\/EU_portal.jpg","contentUrl":"https:\/\/jornalfatosenoticias.com.br\/wp-content\/uploads\/2025\/05\/EU_portal.jpg","caption":"Luzimara Fernandes"},"description":"Jornalista MTB 2358-ES","sameAs":["https:\/\/jornalfatosenoticias.com.br"],"url":"https:\/\/jornalfatosenoticias.com.br\/index.php\/author\/luzimara\/"}]}},"cc_featured_image_caption":{"caption_text":"(Foto: Pexels)","source_text":"","source_url":""},"jetpack_featured_media_url":"https:\/\/jornalfatosenoticias.com.br\/wp-content\/uploads\/2023\/01\/dicas-para-aumentar-imunidade.jpg","_links":{"self":[{"href":"https:\/\/jornalfatosenoticias.com.br\/index.php\/wp-json\/wp\/v2\/posts\/38079","targetHints":{"allow":["GET"]}}],"collection":[{"href":"https:\/\/jornalfatosenoticias.com.br\/index.php\/wp-json\/wp\/v2\/posts"}],"about":[{"href":"https:\/\/jornalfatosenoticias.com.br\/index.php\/wp-json\/wp\/v2\/types\/post"}],"author":[{"embeddable":true,"href":"https:\/\/jornalfatosenoticias.com.br\/index.php\/wp-json\/wp\/v2\/users\/2"}],"replies":[{"embeddable":true,"href":"https:\/\/jornalfatosenoticias.com.br\/index.php\/wp-json\/wp\/v2\/comments?post=38079"}],"version-history":[{"count":0,"href":"https:\/\/jornalfatosenoticias.com.br\/index.php\/wp-json\/wp\/v2\/posts\/38079\/revisions"}],"wp:featuredmedia":[{"embeddable":true,"href":"https:\/\/jornalfatosenoticias.com.br\/index.php\/wp-json\/wp\/v2\/media\/38081"}],"wp:attachment":[{"href":"https:\/\/jornalfatosenoticias.com.br\/index.php\/wp-json\/wp\/v2\/media?parent=38079"}],"wp:term":[{"taxonomy":"category","embeddable":true,"href":"https:\/\/jornalfatosenoticias.com.br\/index.php\/wp-json\/wp\/v2\/categories?post=38079"},{"taxonomy":"post_tag","embeddable":true,"href":"https:\/\/jornalfatosenoticias.com.br\/index.php\/wp-json\/wp\/v2\/tags?post=38079"}],"curies":[{"name":"wp","href":"https:\/\/api.w.org\/{rel}","templated":true}]}}