{"id":38091,"date":"2023-01-24T10:41:40","date_gmt":"2023-01-24T13:41:40","guid":{"rendered":"https:\/\/jornalfatosenoticias.com.br\/?p=38091"},"modified":"2023-01-24T10:41:41","modified_gmt":"2023-01-24T13:41:41","slug":"fiocruz-oferece-primeiro-mestrado-em-epidemiologia-aplicada-a-saude-da-mulher-e-da-crianca-na-amazonia","status":"publish","type":"post","link":"https:\/\/jornalfatosenoticias.com.br\/index.php\/2023\/01\/24\/fiocruz-oferece-primeiro-mestrado-em-epidemiologia-aplicada-a-saude-da-mulher-e-da-crianca-na-amazonia\/","title":{"rendered":"Fiocruz oferece primeiro Mestrado em Epidemiologia aplicada \u00e0 Sa\u00fade da Mulher e da Crian\u00e7a na Amaz\u00f4nia"},"content":{"rendered":"\n<p><em><span class=\"has-inline-color has-black-color\">Curso destina-se a t\u00e9cnicos e profissionais de sa\u00fade de n\u00edvel superior que atuem nos Estados do Amazonas, Roraima e Rond\u00f4nia. Futuramente, ser\u00e1 ampliado para os demais Estados da Regi\u00e3o Norte<\/span><\/em><\/p>\n\n\n\n<div class=\"wp-block-image\"><figure class=\"aligncenter size-large\"><img loading=\"lazy\" decoding=\"async\" width=\"1024\" height=\"100\" src=\"https:\/\/jornalfatosenoticias.com.br\/wp-content\/uploads\/2022\/05\/NOVA-LOGO-CESCONETTO-1024x100.jpg\" alt=\"\" class=\"wp-image-30792\" srcset=\"https:\/\/jornalfatosenoticias.com.br\/wp-content\/uploads\/2022\/05\/NOVA-LOGO-CESCONETTO-1024x100.jpg 1024w, https:\/\/jornalfatosenoticias.com.br\/wp-content\/uploads\/2022\/05\/NOVA-LOGO-CESCONETTO-300x29.jpg 300w, https:\/\/jornalfatosenoticias.com.br\/wp-content\/uploads\/2022\/05\/NOVA-LOGO-CESCONETTO-768x75.jpg 768w, https:\/\/jornalfatosenoticias.com.br\/wp-content\/uploads\/2022\/05\/NOVA-LOGO-CESCONETTO.jpg 1280w\" sizes=\"auto, (max-width: 1024px) 100vw, 1024px\" \/><\/figure><\/div>\n\n\n\n<p>Est\u00e3o abertas as inscri\u00e7\u00f5es do processo seletivo para o Programa de Mestrado Profissional em Epidemiologia Aplicada \u00e0 Sa\u00fade da Mulher e da Crian\u00e7a 2023, oferecido em parceria pela Escola Nacional de Sa\u00fade P\u00fablica S\u00e9rgio Arouca (ENSP), Instituto Nacional de Sa\u00fade da Mulher, da Crian\u00e7a e do Adolescente Fernandes Figueira (IFF) e Instituto Le\u00f4nidas &amp; Maria Deane (ILMD\/Fiocruz Amaz\u00f4nia).<\/p>\n\n\n\n<div class=\"wp-block-image\"><figure class=\"aligncenter size-large\"><img decoding=\"async\" src=\"https:\/\/jornalfatosenoticias.com.br\/wp-content\/uploads\/2020\/02\/barao-das-carnes-300x164-1.jpg\" alt=\"\" class=\"wp-image-34339\"\/><\/figure><\/div>\n\n\n\n<p>O programa \u00e9 voltado para t\u00e9cnicos e profissionais de sa\u00fade, de n\u00edvel superior, de tr\u00eas estados da regi\u00e3o amaz\u00f4nica (Amazonas, Roraima e Rond\u00f4nia). O curso ser\u00e1 presencial e as aulas acontecer\u00e3o na sede do ILMD\/Fiocruz Amaz\u00f4nia, em Manaus (AM).<\/p>\n\n\n\n<div class=\"wp-block-image\"><figure class=\"alignright size-large is-resized\"><img decoding=\"async\" src=\"https:\/\/jornalfatosenoticias.com.br\/wp-content\/uploads\/2020\/02\/nova-logo-Marquetti.jpg\" alt=\"\" class=\"wp-image-22331\" width=\"-132\" height=\"-89\" srcset=\"https:\/\/jornalfatosenoticias.com.br\/wp-content\/uploads\/2020\/02\/nova-logo-Marquetti.jpg 643w, https:\/\/jornalfatosenoticias.com.br\/wp-content\/uploads\/2020\/02\/nova-logo-Marquetti-300x202.jpg 300w\" sizes=\"(max-width: 643px) 100vw, 643px\" \/><\/figure><\/div>\n\n\n\n<p>O Mestrado objetiva formar quadros estrat\u00e9gicos para atua\u00e7\u00e3o no \u00e2mbito da sa\u00fade da mulher e da crian\u00e7a no sistema de sa\u00fade brasileiro da regi\u00e3o amaz\u00f4nica, e \u00e9 voltado para profissionais, t\u00e9cnicos que atuem na \u00e1rea da sa\u00fade da mulher e\/ou da crian\u00e7a, incluindo a Vigil\u00e2ncia em Sa\u00fade, das tr\u00eas esferas do Sistema \u00danico de Sa\u00fade (SUS) nos referidos Estados.<\/p>\n\n\n\n<div class=\"wp-block-image\"><figure class=\"aligncenter size-large\"><img loading=\"lazy\" decoding=\"async\" width=\"560\" height=\"60\" src=\"https:\/\/jornalfatosenoticias.com.br\/wp-content\/uploads\/2022\/10\/Propaganda-RC-Radiadores-Jornal_page-0001.jpg\" alt=\"\" class=\"wp-image-35270\" srcset=\"https:\/\/jornalfatosenoticias.com.br\/wp-content\/uploads\/2022\/10\/Propaganda-RC-Radiadores-Jornal_page-0001.jpg 560w, https:\/\/jornalfatosenoticias.com.br\/wp-content\/uploads\/2022\/10\/Propaganda-RC-Radiadores-Jornal_page-0001-300x32.jpg 300w\" sizes=\"auto, (max-width: 560px) 100vw, 560px\" \/><\/figure><\/div>\n\n\n\n<p>O conte\u00fado program\u00e1tico do Mestrado \u00e9 dirigido \u00e0s necessidades do cotidiano, com a produ\u00e7\u00e3o de conhecimento voltada para a realidade dos Estados, visando contribuir para a consolida\u00e7\u00e3o do Sistema \u00danico de Sa\u00fade (SUS). As inscri\u00e7\u00f5es se estender\u00e3o at\u00e9 as 16h do dia 24 de fevereiro de 2023.<\/p>\n\n\n\n<div class=\"wp-block-image\"><figure class=\"aligncenter size-large is-resized\"><img loading=\"lazy\" decoding=\"async\" src=\"https:\/\/jornalfatosenoticias.com.br\/wp-content\/uploads\/2022\/07\/Logo-Grupo-SEI.jpg\" alt=\"\" class=\"wp-image-31973\" width=\"366\" height=\"192\" srcset=\"https:\/\/jornalfatosenoticias.com.br\/wp-content\/uploads\/2022\/07\/Logo-Grupo-SEI.jpg 713w, https:\/\/jornalfatosenoticias.com.br\/wp-content\/uploads\/2022\/07\/Logo-Grupo-SEI-300x158.jpg 300w\" sizes=\"auto, (max-width: 366px) 100vw, 366px\" \/><\/figure><\/div>\n\n\n\n<p>Coordenadora do Mestrado, a m\u00e9dica Maria do Carmo Leal, pesquisadora s\u00eanior da Escola Nacional de Sa\u00fade P\u00fablica e pesquisadora visitante do ILMD\/Fiocruz Amaz\u00f4nia, pela Funda\u00e7\u00e3o de Amparo \u00e0 Pesquisa no Estado do Amazonas (Fapeam), explica que esse \u00e9 um curso novo e visa atender \u00e0 demanda existente na regi\u00e3o de profissionais com especializa\u00e7\u00e3o para atuar no sistema de sa\u00fade.<\/p>\n\n\n\n<div class=\"wp-block-image\"><figure class=\"aligncenter size-large\"><img loading=\"lazy\" decoding=\"async\" width=\"300\" height=\"250\" src=\"https:\/\/jornalfatosenoticias.com.br\/wp-content\/uploads\/2022\/08\/arte-Casarao.jpg\" alt=\"\" class=\"wp-image-33178\"\/><\/figure><\/div>\n\n\n\n<figure class=\"wp-block-pullquote\"><blockquote><p><span class=\"has-inline-color has-luminous-vivid-orange-color\">Estes s\u00e3o os primeiros Estados a se beneficiarem, mas pretendemos, no futuro, ampliar para outros estados da Regi\u00e3o Norte&#8221;, afirma Maria do Carmo.<\/span><\/p><\/blockquote><\/figure>\n\n\n\n<div class=\"wp-block-image\"><figure class=\"aligncenter size-large\"><img loading=\"lazy\" decoding=\"async\" width=\"1024\" height=\"110\" src=\"https:\/\/jornalfatosenoticias.com.br\/wp-content\/uploads\/2022\/10\/Arte-jornal-Zucchi-1120x120_Prancheta-1-1024x110.jpg\" alt=\"\" class=\"wp-image-34772\" srcset=\"https:\/\/jornalfatosenoticias.com.br\/wp-content\/uploads\/2022\/10\/Arte-jornal-Zucchi-1120x120_Prancheta-1-1024x110.jpg 1024w, https:\/\/jornalfatosenoticias.com.br\/wp-content\/uploads\/2022\/10\/Arte-jornal-Zucchi-1120x120_Prancheta-1-300x32.jpg 300w, https:\/\/jornalfatosenoticias.com.br\/wp-content\/uploads\/2022\/10\/Arte-jornal-Zucchi-1120x120_Prancheta-1-768x82.jpg 768w, https:\/\/jornalfatosenoticias.com.br\/wp-content\/uploads\/2022\/10\/Arte-jornal-Zucchi-1120x120_Prancheta-1-1536x165.jpg 1536w, https:\/\/jornalfatosenoticias.com.br\/wp-content\/uploads\/2022\/10\/Arte-jornal-Zucchi-1120x120_Prancheta-1-2048x219.jpg 2048w\" sizes=\"auto, (max-width: 1024px) 100vw, 1024px\" \/><\/figure><\/div>\n\n\n\n<p>O curso ter\u00e1 dura\u00e7\u00e3o m\u00ednima de 18 meses e m\u00e1xima de 24 meses e ser\u00e1 oferecido em m\u00f3dulos, com aulas de segunda a sexta-feira, das 8h \u00e0s 18h, em regime presencial, com atividades desenvolvidas durante uma semana a cada m\u00eas. Ser\u00e3o oferecidas no m\u00ednimo 15 e no m\u00e1ximo 22 vagas.<\/p>\n\n\n\n<div class=\"wp-block-image\"><figure class=\"aligncenter size-large\"><img decoding=\"async\" src=\"https:\/\/jornalfatosenoticias.com.br\/wp-content\/uploads\/2020\/02\/logo_esteio.jpg\" alt=\"\" class=\"wp-image-1214\"\/><\/figure><\/div>\n\n\n\n<p>Todas as etapas do processo seletivo s\u00e3o eliminat\u00f3rias e a distribui\u00e7\u00e3o de vagas seguir\u00e1 a ordem de classifica\u00e7\u00e3o do candidato. Ser\u00e3o reservados 30% das vagas para cotas (negros e pardos, pessoas com defici\u00eancia e ind\u00edgenas) e 70% para ampla concorr\u00eancia. Mais informa\u00e7\u00f5es no <strong><a class=\"\" href=\"https:\/\/bit.ly\/mestradoprofepidemiomc\" target=\"_blank\" rel=\"noreferrer noopener\">link<\/a>.\u00a0<\/strong><\/p>\n\n\n\n<p><strong><em>Fonte: <a href=\"https:\/\/portalamazonia.com\/noticias\/educacao\/fiocruz-oferece-primeiro-mestrado-em-epidemiologia-aplicada-a-saude-da-mulher-e-da-crianca-na-amazonia\">Portal Amaz\u00f4nia<\/a><\/em><\/strong><\/p>\n","protected":false},"excerpt":{"rendered":"<p>Curso destina-se a t\u00e9cnicos e profissionais de sa\u00fade de n\u00edvel superior que atuem nos Estados do Amazonas, Roraima e Rond\u00f4nia. Futuramente, ser\u00e1 ampliado para os demais Estados da Regi\u00e3o Norte Est\u00e3o abertas as inscri\u00e7\u00f5es do processo seletivo para o Programa de Mestrado Profissional em Epidemiologia Aplicada \u00e0 Sa\u00fade da Mulher e da Crian\u00e7a 2023, oferecido [&hellip;]<\/p>\n","protected":false},"author":2,"featured_media":38092,"comment_status":"open","ping_status":"open","sticky":false,"template":"","format":"standard","meta":{"footnotes":""},"categories":[7],"tags":[345,17855,2461,74],"class_list":["post-38091","post","type-post","status-publish","format-standard","has-post-thumbnail","hentry","category-educacao","tag-educacao","tag-fiocruz-amazonia","tag-mestrado","tag-saude"],"yoast_head":"<!-- This site is optimized with the Yoast SEO plugin v26.5 - https:\/\/yoast.com\/wordpress\/plugins\/seo\/ -->\n<title>Fiocruz oferece primeiro Mestrado em Epidemiologia aplicada \u00e0 Sa\u00fade da Mulher e da Crian\u00e7a na Amaz\u00f4nia - Jornal Fatos e Not\u00edcias<\/title>\n<meta name=\"robots\" content=\"index, follow, max-snippet:-1, max-image-preview:large, max-video-preview:-1\" \/>\n<link rel=\"canonical\" href=\"https:\/\/jornalfatosenoticias.com.br\/index.php\/2023\/01\/24\/fiocruz-oferece-primeiro-mestrado-em-epidemiologia-aplicada-a-saude-da-mulher-e-da-crianca-na-amazonia\/\" \/>\n<meta property=\"og:locale\" content=\"pt_BR\" \/>\n<meta property=\"og:type\" content=\"article\" \/>\n<meta property=\"og:title\" content=\"Fiocruz oferece primeiro Mestrado em Epidemiologia aplicada \u00e0 Sa\u00fade da Mulher e da Crian\u00e7a na Amaz\u00f4nia - Jornal Fatos e Not\u00edcias\" \/>\n<meta property=\"og:description\" content=\"Curso destina-se a t\u00e9cnicos e profissionais de sa\u00fade de n\u00edvel superior que atuem nos Estados do Amazonas, Roraima e Rond\u00f4nia. Futuramente, ser\u00e1 ampliado para os demais Estados da Regi\u00e3o Norte Est\u00e3o abertas as inscri\u00e7\u00f5es do processo seletivo para o Programa de Mestrado Profissional em Epidemiologia Aplicada \u00e0 Sa\u00fade da Mulher e da Crian\u00e7a 2023, oferecido [&hellip;]\" \/>\n<meta property=\"og:url\" content=\"https:\/\/jornalfatosenoticias.com.br\/index.php\/2023\/01\/24\/fiocruz-oferece-primeiro-mestrado-em-epidemiologia-aplicada-a-saude-da-mulher-e-da-crianca-na-amazonia\/\" \/>\n<meta property=\"og:site_name\" content=\"Jornal Fatos e Not\u00edcias\" \/>\n<meta property=\"article:published_time\" content=\"2023-01-24T13:41:40+00:00\" \/>\n<meta property=\"article:modified_time\" content=\"2023-01-24T13:41:41+00:00\" \/>\n<meta property=\"og:image\" content=\"https:\/\/jornalfatosenoticias.com.br\/wp-content\/uploads\/2023\/01\/fiocruz.jpg\" \/>\n\t<meta property=\"og:image:width\" content=\"1000\" \/>\n\t<meta property=\"og:image:height\" content=\"528\" \/>\n\t<meta property=\"og:image:type\" content=\"image\/jpeg\" \/>\n<meta name=\"author\" content=\"Luzimara Fernandes\" \/>\n<meta name=\"twitter:card\" content=\"summary_large_image\" \/>\n<meta name=\"twitter:label1\" content=\"Escrito por\" \/>\n\t<meta name=\"twitter:data1\" content=\"Luzimara Fernandes\" \/>\n\t<meta name=\"twitter:label2\" content=\"Est. tempo de leitura\" \/>\n\t<meta name=\"twitter:data2\" content=\"2 minutos\" \/>\n<script type=\"application\/ld+json\" class=\"yoast-schema-graph\">{\"@context\":\"https:\/\/schema.org\",\"@graph\":[{\"@type\":\"Article\",\"@id\":\"https:\/\/jornalfatosenoticias.com.br\/index.php\/2023\/01\/24\/fiocruz-oferece-primeiro-mestrado-em-epidemiologia-aplicada-a-saude-da-mulher-e-da-crianca-na-amazonia\/#article\",\"isPartOf\":{\"@id\":\"https:\/\/jornalfatosenoticias.com.br\/index.php\/2023\/01\/24\/fiocruz-oferece-primeiro-mestrado-em-epidemiologia-aplicada-a-saude-da-mulher-e-da-crianca-na-amazonia\/\"},\"author\":{\"name\":\"Luzimara Fernandes\",\"@id\":\"https:\/\/jornalfatosenoticias.com.br\/#\/schema\/person\/d63837fa13ac8666eb9e74e0985d6f81\"},\"headline\":\"Fiocruz oferece primeiro Mestrado em Epidemiologia aplicada \u00e0 Sa\u00fade da Mulher e da Crian\u00e7a na Amaz\u00f4nia\",\"datePublished\":\"2023-01-24T13:41:40+00:00\",\"dateModified\":\"2023-01-24T13:41:41+00:00\",\"mainEntityOfPage\":{\"@id\":\"https:\/\/jornalfatosenoticias.com.br\/index.php\/2023\/01\/24\/fiocruz-oferece-primeiro-mestrado-em-epidemiologia-aplicada-a-saude-da-mulher-e-da-crianca-na-amazonia\/\"},\"wordCount\":493,\"commentCount\":0,\"publisher\":{\"@id\":\"https:\/\/jornalfatosenoticias.com.br\/#organization\"},\"image\":{\"@id\":\"https:\/\/jornalfatosenoticias.com.br\/index.php\/2023\/01\/24\/fiocruz-oferece-primeiro-mestrado-em-epidemiologia-aplicada-a-saude-da-mulher-e-da-crianca-na-amazonia\/#primaryimage\"},\"thumbnailUrl\":\"https:\/\/jornalfatosenoticias.com.br\/wp-content\/uploads\/2023\/01\/fiocruz.jpg\",\"keywords\":[\"educa\u00e7\u00e3o\",\"Fiocruz Amaz\u00f4nia\",\"mestrado\",\"sa\u00fade\"],\"articleSection\":[\"Educa\u00e7\u00e3o\"],\"inLanguage\":\"pt-BR\",\"potentialAction\":[{\"@type\":\"CommentAction\",\"name\":\"Comment\",\"target\":[\"https:\/\/jornalfatosenoticias.com.br\/index.php\/2023\/01\/24\/fiocruz-oferece-primeiro-mestrado-em-epidemiologia-aplicada-a-saude-da-mulher-e-da-crianca-na-amazonia\/#respond\"]}]},{\"@type\":\"WebPage\",\"@id\":\"https:\/\/jornalfatosenoticias.com.br\/index.php\/2023\/01\/24\/fiocruz-oferece-primeiro-mestrado-em-epidemiologia-aplicada-a-saude-da-mulher-e-da-crianca-na-amazonia\/\",\"url\":\"https:\/\/jornalfatosenoticias.com.br\/index.php\/2023\/01\/24\/fiocruz-oferece-primeiro-mestrado-em-epidemiologia-aplicada-a-saude-da-mulher-e-da-crianca-na-amazonia\/\",\"name\":\"Fiocruz oferece primeiro Mestrado em Epidemiologia aplicada \u00e0 Sa\u00fade da Mulher e da Crian\u00e7a na Amaz\u00f4nia - Jornal Fatos e Not\u00edcias\",\"isPartOf\":{\"@id\":\"https:\/\/jornalfatosenoticias.com.br\/#website\"},\"primaryImageOfPage\":{\"@id\":\"https:\/\/jornalfatosenoticias.com.br\/index.php\/2023\/01\/24\/fiocruz-oferece-primeiro-mestrado-em-epidemiologia-aplicada-a-saude-da-mulher-e-da-crianca-na-amazonia\/#primaryimage\"},\"image\":{\"@id\":\"https:\/\/jornalfatosenoticias.com.br\/index.php\/2023\/01\/24\/fiocruz-oferece-primeiro-mestrado-em-epidemiologia-aplicada-a-saude-da-mulher-e-da-crianca-na-amazonia\/#primaryimage\"},\"thumbnailUrl\":\"https:\/\/jornalfatosenoticias.com.br\/wp-content\/uploads\/2023\/01\/fiocruz.jpg\",\"datePublished\":\"2023-01-24T13:41:40+00:00\",\"dateModified\":\"2023-01-24T13:41:41+00:00\",\"breadcrumb\":{\"@id\":\"https:\/\/jornalfatosenoticias.com.br\/index.php\/2023\/01\/24\/fiocruz-oferece-primeiro-mestrado-em-epidemiologia-aplicada-a-saude-da-mulher-e-da-crianca-na-amazonia\/#breadcrumb\"},\"inLanguage\":\"pt-BR\",\"potentialAction\":[{\"@type\":\"ReadAction\",\"target\":[\"https:\/\/jornalfatosenoticias.com.br\/index.php\/2023\/01\/24\/fiocruz-oferece-primeiro-mestrado-em-epidemiologia-aplicada-a-saude-da-mulher-e-da-crianca-na-amazonia\/\"]}]},{\"@type\":\"ImageObject\",\"inLanguage\":\"pt-BR\",\"@id\":\"https:\/\/jornalfatosenoticias.com.br\/index.php\/2023\/01\/24\/fiocruz-oferece-primeiro-mestrado-em-epidemiologia-aplicada-a-saude-da-mulher-e-da-crianca-na-amazonia\/#primaryimage\",\"url\":\"https:\/\/jornalfatosenoticias.com.br\/wp-content\/uploads\/2023\/01\/fiocruz.jpg\",\"contentUrl\":\"https:\/\/jornalfatosenoticias.com.br\/wp-content\/uploads\/2023\/01\/fiocruz.jpg\",\"width\":1000,\"height\":528},{\"@type\":\"BreadcrumbList\",\"@id\":\"https:\/\/jornalfatosenoticias.com.br\/index.php\/2023\/01\/24\/fiocruz-oferece-primeiro-mestrado-em-epidemiologia-aplicada-a-saude-da-mulher-e-da-crianca-na-amazonia\/#breadcrumb\",\"itemListElement\":[{\"@type\":\"ListItem\",\"position\":1,\"name\":\"In\u00edcio\",\"item\":\"https:\/\/jornalfatosenoticias.com.br\/\"},{\"@type\":\"ListItem\",\"position\":2,\"name\":\"Fiocruz oferece primeiro Mestrado em Epidemiologia aplicada \u00e0 Sa\u00fade da Mulher e da Crian\u00e7a na Amaz\u00f4nia\"}]},{\"@type\":\"WebSite\",\"@id\":\"https:\/\/jornalfatosenoticias.com.br\/#website\",\"url\":\"https:\/\/jornalfatosenoticias.com.br\/\",\"name\":\"Jornal Fatos e Not\u00edcias\",\"description\":\"Not\u00edcias em geral\",\"publisher\":{\"@id\":\"https:\/\/jornalfatosenoticias.com.br\/#organization\"},\"potentialAction\":[{\"@type\":\"SearchAction\",\"target\":{\"@type\":\"EntryPoint\",\"urlTemplate\":\"https:\/\/jornalfatosenoticias.com.br\/?s={search_term_string}\"},\"query-input\":{\"@type\":\"PropertyValueSpecification\",\"valueRequired\":true,\"valueName\":\"search_term_string\"}}],\"inLanguage\":\"pt-BR\"},{\"@type\":\"Organization\",\"@id\":\"https:\/\/jornalfatosenoticias.com.br\/#organization\",\"name\":\"Jornal Fatos e Not\u00edcias\",\"url\":\"https:\/\/jornalfatosenoticias.com.br\/\",\"logo\":{\"@type\":\"ImageObject\",\"inLanguage\":\"pt-BR\",\"@id\":\"https:\/\/jornalfatosenoticias.com.br\/#\/schema\/logo\/image\/\",\"url\":\"https:\/\/jornalfatosenoticias.com.br\/wp-content\/uploads\/2020\/02\/logo120.png\",\"contentUrl\":\"https:\/\/jornalfatosenoticias.com.br\/wp-content\/uploads\/2020\/02\/logo120.png\",\"width\":1227,\"height\":120,\"caption\":\"Jornal Fatos e Not\u00edcias\"},\"image\":{\"@id\":\"https:\/\/jornalfatosenoticias.com.br\/#\/schema\/logo\/image\/\"}},{\"@type\":\"Person\",\"@id\":\"https:\/\/jornalfatosenoticias.com.br\/#\/schema\/person\/d63837fa13ac8666eb9e74e0985d6f81\",\"name\":\"Luzimara Fernandes\",\"image\":{\"@type\":\"ImageObject\",\"inLanguage\":\"pt-BR\",\"@id\":\"https:\/\/jornalfatosenoticias.com.br\/#\/schema\/person\/image\/\",\"url\":\"https:\/\/jornalfatosenoticias.com.br\/wp-content\/uploads\/2025\/05\/EU_portal.jpg\",\"contentUrl\":\"https:\/\/jornalfatosenoticias.com.br\/wp-content\/uploads\/2025\/05\/EU_portal.jpg\",\"caption\":\"Luzimara Fernandes\"},\"description\":\"Jornalista MTB 2358-ES\",\"sameAs\":[\"https:\/\/jornalfatosenoticias.com.br\"],\"url\":\"https:\/\/jornalfatosenoticias.com.br\/index.php\/author\/luzimara\/\"}]}<\/script>\n<!-- \/ Yoast SEO plugin. -->","yoast_head_json":{"title":"Fiocruz oferece primeiro Mestrado em Epidemiologia aplicada \u00e0 Sa\u00fade da Mulher e da Crian\u00e7a na Amaz\u00f4nia - Jornal Fatos e Not\u00edcias","robots":{"index":"index","follow":"follow","max-snippet":"max-snippet:-1","max-image-preview":"max-image-preview:large","max-video-preview":"max-video-preview:-1"},"canonical":"https:\/\/jornalfatosenoticias.com.br\/index.php\/2023\/01\/24\/fiocruz-oferece-primeiro-mestrado-em-epidemiologia-aplicada-a-saude-da-mulher-e-da-crianca-na-amazonia\/","og_locale":"pt_BR","og_type":"article","og_title":"Fiocruz oferece primeiro Mestrado em Epidemiologia aplicada \u00e0 Sa\u00fade da Mulher e da Crian\u00e7a na Amaz\u00f4nia - Jornal Fatos e Not\u00edcias","og_description":"Curso destina-se a t\u00e9cnicos e profissionais de sa\u00fade de n\u00edvel superior que atuem nos Estados do Amazonas, Roraima e Rond\u00f4nia. Futuramente, ser\u00e1 ampliado para os demais Estados da Regi\u00e3o Norte Est\u00e3o abertas as inscri\u00e7\u00f5es do processo seletivo para o Programa de Mestrado Profissional em Epidemiologia Aplicada \u00e0 Sa\u00fade da Mulher e da Crian\u00e7a 2023, oferecido [&hellip;]","og_url":"https:\/\/jornalfatosenoticias.com.br\/index.php\/2023\/01\/24\/fiocruz-oferece-primeiro-mestrado-em-epidemiologia-aplicada-a-saude-da-mulher-e-da-crianca-na-amazonia\/","og_site_name":"Jornal Fatos e Not\u00edcias","article_published_time":"2023-01-24T13:41:40+00:00","article_modified_time":"2023-01-24T13:41:41+00:00","og_image":[{"width":1000,"height":528,"url":"https:\/\/jornalfatosenoticias.com.br\/wp-content\/uploads\/2023\/01\/fiocruz.jpg","type":"image\/jpeg"}],"author":"Luzimara Fernandes","twitter_card":"summary_large_image","twitter_misc":{"Escrito por":"Luzimara Fernandes","Est. tempo de leitura":"2 minutos"},"schema":{"@context":"https:\/\/schema.org","@graph":[{"@type":"Article","@id":"https:\/\/jornalfatosenoticias.com.br\/index.php\/2023\/01\/24\/fiocruz-oferece-primeiro-mestrado-em-epidemiologia-aplicada-a-saude-da-mulher-e-da-crianca-na-amazonia\/#article","isPartOf":{"@id":"https:\/\/jornalfatosenoticias.com.br\/index.php\/2023\/01\/24\/fiocruz-oferece-primeiro-mestrado-em-epidemiologia-aplicada-a-saude-da-mulher-e-da-crianca-na-amazonia\/"},"author":{"name":"Luzimara Fernandes","@id":"https:\/\/jornalfatosenoticias.com.br\/#\/schema\/person\/d63837fa13ac8666eb9e74e0985d6f81"},"headline":"Fiocruz oferece primeiro Mestrado em Epidemiologia aplicada \u00e0 Sa\u00fade da Mulher e da Crian\u00e7a na Amaz\u00f4nia","datePublished":"2023-01-24T13:41:40+00:00","dateModified":"2023-01-24T13:41:41+00:00","mainEntityOfPage":{"@id":"https:\/\/jornalfatosenoticias.com.br\/index.php\/2023\/01\/24\/fiocruz-oferece-primeiro-mestrado-em-epidemiologia-aplicada-a-saude-da-mulher-e-da-crianca-na-amazonia\/"},"wordCount":493,"commentCount":0,"publisher":{"@id":"https:\/\/jornalfatosenoticias.com.br\/#organization"},"image":{"@id":"https:\/\/jornalfatosenoticias.com.br\/index.php\/2023\/01\/24\/fiocruz-oferece-primeiro-mestrado-em-epidemiologia-aplicada-a-saude-da-mulher-e-da-crianca-na-amazonia\/#primaryimage"},"thumbnailUrl":"https:\/\/jornalfatosenoticias.com.br\/wp-content\/uploads\/2023\/01\/fiocruz.jpg","keywords":["educa\u00e7\u00e3o","Fiocruz Amaz\u00f4nia","mestrado","sa\u00fade"],"articleSection":["Educa\u00e7\u00e3o"],"inLanguage":"pt-BR","potentialAction":[{"@type":"CommentAction","name":"Comment","target":["https:\/\/jornalfatosenoticias.com.br\/index.php\/2023\/01\/24\/fiocruz-oferece-primeiro-mestrado-em-epidemiologia-aplicada-a-saude-da-mulher-e-da-crianca-na-amazonia\/#respond"]}]},{"@type":"WebPage","@id":"https:\/\/jornalfatosenoticias.com.br\/index.php\/2023\/01\/24\/fiocruz-oferece-primeiro-mestrado-em-epidemiologia-aplicada-a-saude-da-mulher-e-da-crianca-na-amazonia\/","url":"https:\/\/jornalfatosenoticias.com.br\/index.php\/2023\/01\/24\/fiocruz-oferece-primeiro-mestrado-em-epidemiologia-aplicada-a-saude-da-mulher-e-da-crianca-na-amazonia\/","name":"Fiocruz oferece primeiro Mestrado em Epidemiologia aplicada \u00e0 Sa\u00fade da Mulher e da Crian\u00e7a na Amaz\u00f4nia - Jornal Fatos e Not\u00edcias","isPartOf":{"@id":"https:\/\/jornalfatosenoticias.com.br\/#website"},"primaryImageOfPage":{"@id":"https:\/\/jornalfatosenoticias.com.br\/index.php\/2023\/01\/24\/fiocruz-oferece-primeiro-mestrado-em-epidemiologia-aplicada-a-saude-da-mulher-e-da-crianca-na-amazonia\/#primaryimage"},"image":{"@id":"https:\/\/jornalfatosenoticias.com.br\/index.php\/2023\/01\/24\/fiocruz-oferece-primeiro-mestrado-em-epidemiologia-aplicada-a-saude-da-mulher-e-da-crianca-na-amazonia\/#primaryimage"},"thumbnailUrl":"https:\/\/jornalfatosenoticias.com.br\/wp-content\/uploads\/2023\/01\/fiocruz.jpg","datePublished":"2023-01-24T13:41:40+00:00","dateModified":"2023-01-24T13:41:41+00:00","breadcrumb":{"@id":"https:\/\/jornalfatosenoticias.com.br\/index.php\/2023\/01\/24\/fiocruz-oferece-primeiro-mestrado-em-epidemiologia-aplicada-a-saude-da-mulher-e-da-crianca-na-amazonia\/#breadcrumb"},"inLanguage":"pt-BR","potentialAction":[{"@type":"ReadAction","target":["https:\/\/jornalfatosenoticias.com.br\/index.php\/2023\/01\/24\/fiocruz-oferece-primeiro-mestrado-em-epidemiologia-aplicada-a-saude-da-mulher-e-da-crianca-na-amazonia\/"]}]},{"@type":"ImageObject","inLanguage":"pt-BR","@id":"https:\/\/jornalfatosenoticias.com.br\/index.php\/2023\/01\/24\/fiocruz-oferece-primeiro-mestrado-em-epidemiologia-aplicada-a-saude-da-mulher-e-da-crianca-na-amazonia\/#primaryimage","url":"https:\/\/jornalfatosenoticias.com.br\/wp-content\/uploads\/2023\/01\/fiocruz.jpg","contentUrl":"https:\/\/jornalfatosenoticias.com.br\/wp-content\/uploads\/2023\/01\/fiocruz.jpg","width":1000,"height":528},{"@type":"BreadcrumbList","@id":"https:\/\/jornalfatosenoticias.com.br\/index.php\/2023\/01\/24\/fiocruz-oferece-primeiro-mestrado-em-epidemiologia-aplicada-a-saude-da-mulher-e-da-crianca-na-amazonia\/#breadcrumb","itemListElement":[{"@type":"ListItem","position":1,"name":"In\u00edcio","item":"https:\/\/jornalfatosenoticias.com.br\/"},{"@type":"ListItem","position":2,"name":"Fiocruz oferece primeiro Mestrado em Epidemiologia aplicada \u00e0 Sa\u00fade da Mulher e da Crian\u00e7a na Amaz\u00f4nia"}]},{"@type":"WebSite","@id":"https:\/\/jornalfatosenoticias.com.br\/#website","url":"https:\/\/jornalfatosenoticias.com.br\/","name":"Jornal Fatos e Not\u00edcias","description":"Not\u00edcias em geral","publisher":{"@id":"https:\/\/jornalfatosenoticias.com.br\/#organization"},"potentialAction":[{"@type":"SearchAction","target":{"@type":"EntryPoint","urlTemplate":"https:\/\/jornalfatosenoticias.com.br\/?s={search_term_string}"},"query-input":{"@type":"PropertyValueSpecification","valueRequired":true,"valueName":"search_term_string"}}],"inLanguage":"pt-BR"},{"@type":"Organization","@id":"https:\/\/jornalfatosenoticias.com.br\/#organization","name":"Jornal Fatos e Not\u00edcias","url":"https:\/\/jornalfatosenoticias.com.br\/","logo":{"@type":"ImageObject","inLanguage":"pt-BR","@id":"https:\/\/jornalfatosenoticias.com.br\/#\/schema\/logo\/image\/","url":"https:\/\/jornalfatosenoticias.com.br\/wp-content\/uploads\/2020\/02\/logo120.png","contentUrl":"https:\/\/jornalfatosenoticias.com.br\/wp-content\/uploads\/2020\/02\/logo120.png","width":1227,"height":120,"caption":"Jornal Fatos e Not\u00edcias"},"image":{"@id":"https:\/\/jornalfatosenoticias.com.br\/#\/schema\/logo\/image\/"}},{"@type":"Person","@id":"https:\/\/jornalfatosenoticias.com.br\/#\/schema\/person\/d63837fa13ac8666eb9e74e0985d6f81","name":"Luzimara Fernandes","image":{"@type":"ImageObject","inLanguage":"pt-BR","@id":"https:\/\/jornalfatosenoticias.com.br\/#\/schema\/person\/image\/","url":"https:\/\/jornalfatosenoticias.com.br\/wp-content\/uploads\/2025\/05\/EU_portal.jpg","contentUrl":"https:\/\/jornalfatosenoticias.com.br\/wp-content\/uploads\/2025\/05\/EU_portal.jpg","caption":"Luzimara Fernandes"},"description":"Jornalista MTB 2358-ES","sameAs":["https:\/\/jornalfatosenoticias.com.br"],"url":"https:\/\/jornalfatosenoticias.com.br\/index.php\/author\/luzimara\/"}]}},"cc_featured_image_caption":{"caption_text":"(Foto: Fiocruz\/Reprodu\u00e7\u00e3o)\r\n","source_text":"","source_url":""},"jetpack_featured_media_url":"https:\/\/jornalfatosenoticias.com.br\/wp-content\/uploads\/2023\/01\/fiocruz.jpg","_links":{"self":[{"href":"https:\/\/jornalfatosenoticias.com.br\/index.php\/wp-json\/wp\/v2\/posts\/38091","targetHints":{"allow":["GET"]}}],"collection":[{"href":"https:\/\/jornalfatosenoticias.com.br\/index.php\/wp-json\/wp\/v2\/posts"}],"about":[{"href":"https:\/\/jornalfatosenoticias.com.br\/index.php\/wp-json\/wp\/v2\/types\/post"}],"author":[{"embeddable":true,"href":"https:\/\/jornalfatosenoticias.com.br\/index.php\/wp-json\/wp\/v2\/users\/2"}],"replies":[{"embeddable":true,"href":"https:\/\/jornalfatosenoticias.com.br\/index.php\/wp-json\/wp\/v2\/comments?post=38091"}],"version-history":[{"count":0,"href":"https:\/\/jornalfatosenoticias.com.br\/index.php\/wp-json\/wp\/v2\/posts\/38091\/revisions"}],"wp:featuredmedia":[{"embeddable":true,"href":"https:\/\/jornalfatosenoticias.com.br\/index.php\/wp-json\/wp\/v2\/media\/38092"}],"wp:attachment":[{"href":"https:\/\/jornalfatosenoticias.com.br\/index.php\/wp-json\/wp\/v2\/media?parent=38091"}],"wp:term":[{"taxonomy":"category","embeddable":true,"href":"https:\/\/jornalfatosenoticias.com.br\/index.php\/wp-json\/wp\/v2\/categories?post=38091"},{"taxonomy":"post_tag","embeddable":true,"href":"https:\/\/jornalfatosenoticias.com.br\/index.php\/wp-json\/wp\/v2\/tags?post=38091"}],"curies":[{"name":"wp","href":"https:\/\/api.w.org\/{rel}","templated":true}]}}