{"id":38094,"date":"2023-01-24T10:51:24","date_gmt":"2023-01-24T13:51:24","guid":{"rendered":"https:\/\/jornalfatosenoticias.com.br\/?p=38094"},"modified":"2023-01-24T10:51:26","modified_gmt":"2023-01-24T13:51:26","slug":"museu-do-pescador-recebe-exposicao-itinerante-manguezal-multiplos-olhares","status":"publish","type":"post","link":"https:\/\/jornalfatosenoticias.com.br\/index.php\/2023\/01\/24\/museu-do-pescador-recebe-exposicao-itinerante-manguezal-multiplos-olhares\/","title":{"rendered":"Museu do Pescador recebe exposi\u00e7\u00e3o itinerante &#8220;Manguezal M\u00faltiplos Olhares&#8221;"},"content":{"rendered":"\n<p><em><span class=\"has-inline-color has-black-color\">A entrada \u00e9 gratuita e a iniciativa faz parte das atividades da campanha elaborada pela Ger\u00eancia de Educa\u00e7\u00e3o Ambiental para o per\u00edodo da andada do caranguejo-u\u00e7\u00e1<\/span><\/em><\/p>\n\n\n\n<div class=\"wp-block-image\"><figure class=\"aligncenter size-large\"><img decoding=\"async\" src=\"https:\/\/jornalfatosenoticias.com.br\/wp-content\/uploads\/2020\/02\/Serra-Grande-1024x160.png\" alt=\"\" class=\"wp-image-7836\"\/><\/figure><\/div>\n\n\n\n<p>A Secretaria Municipal de Meio Ambiente (Semmam) est\u00e1 com a exposi\u00e7\u00e3o itinerante &#8220;Manguezal: M\u00faltiplos Olhares&#8221; no Museu do Pescador da Ilha das Caieiras, durante este m\u00eas de janeiro. A entrada \u00e9 gratuita e a iniciativa faz parte das atividades da campanha elaborada pela Ger\u00eancia de Educa\u00e7\u00e3o Ambiental (GEA) para o per\u00edodo da andada do caranguejo-u\u00e7\u00e1 (<em>Ucides cordatus<\/em>). A visita\u00e7\u00e3o \u00e9 das 8h \u00e0s 17h.<\/p>\n\n\n\n<div class=\"wp-block-image\"><figure class=\"aligncenter size-large is-resized\"><img loading=\"lazy\" decoding=\"async\" src=\"https:\/\/jornalfatosenoticias.com.br\/wp-content\/uploads\/2022\/02\/Precisao-Contabilidade-1024x724.jpg\" alt=\"\" class=\"wp-image-28088\" width=\"294\" height=\"208\"\/><\/figure><\/div>\n\n\n\n<p>Vit\u00f3ria possui uma \u00e1rea territorial de aproximadamente 96,54 km\u00b2, sendo que deste total cerca de 12 km\u00b2 s\u00e3o de \u00e1reas de manguezal. Essas \u00e1reas abrigam uma rica diversidade ecol\u00f3gica, social e cultural, que o munic\u00edpio vem preservando ao longo dos anos por meio de in\u00fameras a\u00e7\u00f5es socioambientais, dentre as quais v\u00e1rios projetos e a\u00e7\u00f5es de educa\u00e7\u00e3o ambiental.<\/p>\n\n\n\n<div class=\"wp-block-image\"><figure class=\"aligncenter size-large\"><img loading=\"lazy\" decoding=\"async\" width=\"1024\" height=\"111\" src=\"https:\/\/jornalfatosenoticias.com.br\/wp-content\/uploads\/2020\/02\/WhatsApp-Image-2022-09-23-at-12.09.18-1024x111.jpeg\" alt=\"\" class=\"wp-image-34527\" srcset=\"https:\/\/jornalfatosenoticias.com.br\/wp-content\/uploads\/2020\/02\/WhatsApp-Image-2022-09-23-at-12.09.18-1024x111.jpeg 1024w, https:\/\/jornalfatosenoticias.com.br\/wp-content\/uploads\/2020\/02\/WhatsApp-Image-2022-09-23-at-12.09.18-300x32.jpeg 300w, https:\/\/jornalfatosenoticias.com.br\/wp-content\/uploads\/2020\/02\/WhatsApp-Image-2022-09-23-at-12.09.18-768x83.jpeg 768w, https:\/\/jornalfatosenoticias.com.br\/wp-content\/uploads\/2020\/02\/WhatsApp-Image-2022-09-23-at-12.09.18.jpeg 1121w\" sizes=\"auto, (max-width: 1024px) 100vw, 1024px\" \/><\/figure><\/div>\n\n\n\n<p>A exposi\u00e7\u00e3o, lan\u00e7ada em 2007, faz parte do card\u00e1pio de aprendizagem do projeto &#8220;Mangueando na Educa\u00e7\u00e3o&#8221; e tem como objetivo oportunizar aos visitantes novos olhares e sensa\u00e7\u00f5es acerca desse importante ecossistema. Desde seu lan\u00e7amento, j\u00e1 foi visitada por mais 16.100 pessoas.<\/p>\n\n\n\n<div class=\"wp-block-image\"><figure class=\"alignright size-large is-resized\"><img decoding=\"async\" src=\"https:\/\/jornalfatosenoticias.com.br\/wp-content\/uploads\/2020\/02\/logo-clinica-limoeiro.jpg\" alt=\"\" class=\"wp-image-34610\" width=\"-85\" height=\"-60\"\/><\/figure><\/div>\n\n\n\n<p><strong><span class=\"has-inline-color has-vivid-purple-color\">Exposi\u00e7\u00e3o<br><\/span><\/strong>A exposi\u00e7\u00e3o conta com 32 ilustra\u00e7\u00f5es do artista Rog\u00e9rio Dalmonech, resultado de sua visita ao manguezal a bordo de um barco de pescadores da Ilha das Caieiras, demonstrando uma rica experi\u00eancia est\u00e9tica envolta pelos saberes da educa\u00e7\u00e3o e da ci\u00eancia. A for\u00e7a da policromia em sua arte, onde os tons vibrantes se evidenciam nas transpar\u00eancias do branco, revelam a beleza dos elementos por ele representados.<\/p>\n\n\n\n<div class=\"wp-block-image\"><figure class=\"aligncenter size-large is-resized\"><img loading=\"lazy\" decoding=\"async\" src=\"https:\/\/jornalfatosenoticias.com.br\/wp-content\/uploads\/2022\/08\/logo-locau-veiculos-1024x573.png\" alt=\"\" class=\"wp-image-33078\" width=\"319\" height=\"178\"\/><\/figure><\/div>\n\n\n\n<p>Essa exposi\u00e7\u00e3o percorre escolas e outros espa\u00e7os p\u00fablicos e privados, que queiram abordar o tema. A Ger\u00eancia e Educa\u00e7\u00e3o Ambiental da Semmam tamb\u00e9m oferece assessoria t\u00e9cnica a projetos referentes ao ecossistema manguezal em escolas e demais grupos organizados, al\u00e9m de materiais educativos sobre o manguezal.<\/p>\n\n\n\n<div class=\"wp-block-image\"><figure class=\"aligncenter size-large\"><img decoding=\"async\" src=\"https:\/\/jornalfatosenoticias.com.br\/wp-content\/uploads\/2020\/02\/logo-embacia-1-1024x110.jpg\" alt=\"\" class=\"wp-image-33954\"\/><\/figure><\/div>\n\n\n\n<p><strong><em>Fonte: <a href=\"https:\/\/m.vitoria.es.gov.br\/noticia\/museu-do-pescador-recebe-exposicao-itinerante-manguezal-multiplos-olhares-46832\">PMV<\/a><\/em><\/strong><\/p>\n","protected":false},"excerpt":{"rendered":"<p>A entrada \u00e9 gratuita e a iniciativa faz parte das atividades da campanha elaborada pela Ger\u00eancia de Educa\u00e7\u00e3o Ambiental para o per\u00edodo da andada do caranguejo-u\u00e7\u00e1 A Secretaria Municipal de Meio Ambiente (Semmam) est\u00e1 com a exposi\u00e7\u00e3o itinerante &#8220;Manguezal: M\u00faltiplos Olhares&#8221; no Museu do Pescador da Ilha das Caieiras, durante este m\u00eas de janeiro. A [&hellip;]<\/p>\n","protected":false},"author":2,"featured_media":38095,"comment_status":"open","ping_status":"open","sticky":false,"template":"","format":"standard","meta":{"footnotes":""},"categories":[4],"tags":[499,17856,17857,7676,882],"class_list":["post-38094","post","type-post","status-publish","format-standard","has-post-thumbnail","hentry","category-cultura","tag-exposicao","tag-exposicao-itinerante","tag-exposicao-manguezal-multiplos-olhares","tag-museu-do-pescador","tag-vitoria"],"yoast_head":"<!-- This site is optimized with the Yoast SEO plugin v26.5 - https:\/\/yoast.com\/wordpress\/plugins\/seo\/ -->\n<title>Museu do Pescador recebe exposi\u00e7\u00e3o itinerante &quot;Manguezal M\u00faltiplos Olhares&quot; - Jornal Fatos e Not\u00edcias<\/title>\n<meta name=\"robots\" content=\"index, follow, max-snippet:-1, max-image-preview:large, max-video-preview:-1\" \/>\n<link rel=\"canonical\" href=\"https:\/\/jornalfatosenoticias.com.br\/index.php\/2023\/01\/24\/museu-do-pescador-recebe-exposicao-itinerante-manguezal-multiplos-olhares\/\" \/>\n<meta property=\"og:locale\" content=\"pt_BR\" \/>\n<meta property=\"og:type\" content=\"article\" \/>\n<meta property=\"og:title\" content=\"Museu do Pescador recebe exposi\u00e7\u00e3o itinerante &quot;Manguezal M\u00faltiplos Olhares&quot; - Jornal Fatos e Not\u00edcias\" \/>\n<meta property=\"og:description\" content=\"A entrada \u00e9 gratuita e a iniciativa faz parte das atividades da campanha elaborada pela Ger\u00eancia de Educa\u00e7\u00e3o Ambiental para o per\u00edodo da andada do caranguejo-u\u00e7\u00e1 A Secretaria Municipal de Meio Ambiente (Semmam) est\u00e1 com a exposi\u00e7\u00e3o itinerante &#8220;Manguezal: M\u00faltiplos Olhares&#8221; no Museu do Pescador da Ilha das Caieiras, durante este m\u00eas de janeiro. A [&hellip;]\" \/>\n<meta property=\"og:url\" content=\"https:\/\/jornalfatosenoticias.com.br\/index.php\/2023\/01\/24\/museu-do-pescador-recebe-exposicao-itinerante-manguezal-multiplos-olhares\/\" \/>\n<meta property=\"og:site_name\" content=\"Jornal Fatos e Not\u00edcias\" \/>\n<meta property=\"article:published_time\" content=\"2023-01-24T13:51:24+00:00\" \/>\n<meta property=\"article:modified_time\" content=\"2023-01-24T13:51:26+00:00\" \/>\n<meta property=\"og:image\" content=\"https:\/\/jornalfatosenoticias.com.br\/wp-content\/uploads\/2023\/01\/MUSEU-DO-PESCADOR_VITORIA.jpg\" \/>\n\t<meta property=\"og:image:width\" content=\"1000\" \/>\n\t<meta property=\"og:image:height\" content=\"627\" \/>\n\t<meta property=\"og:image:type\" content=\"image\/jpeg\" \/>\n<meta name=\"author\" content=\"Luzimara Fernandes\" \/>\n<meta name=\"twitter:card\" content=\"summary_large_image\" \/>\n<meta name=\"twitter:label1\" content=\"Escrito por\" \/>\n\t<meta name=\"twitter:data1\" content=\"Luzimara Fernandes\" \/>\n\t<meta name=\"twitter:label2\" content=\"Est. tempo de leitura\" \/>\n\t<meta name=\"twitter:data2\" content=\"2 minutos\" \/>\n<script type=\"application\/ld+json\" class=\"yoast-schema-graph\">{\"@context\":\"https:\/\/schema.org\",\"@graph\":[{\"@type\":\"Article\",\"@id\":\"https:\/\/jornalfatosenoticias.com.br\/index.php\/2023\/01\/24\/museu-do-pescador-recebe-exposicao-itinerante-manguezal-multiplos-olhares\/#article\",\"isPartOf\":{\"@id\":\"https:\/\/jornalfatosenoticias.com.br\/index.php\/2023\/01\/24\/museu-do-pescador-recebe-exposicao-itinerante-manguezal-multiplos-olhares\/\"},\"author\":{\"name\":\"Luzimara Fernandes\",\"@id\":\"https:\/\/jornalfatosenoticias.com.br\/#\/schema\/person\/d63837fa13ac8666eb9e74e0985d6f81\"},\"headline\":\"Museu do Pescador recebe exposi\u00e7\u00e3o itinerante &#8220;Manguezal M\u00faltiplos Olhares&#8221;\",\"datePublished\":\"2023-01-24T13:51:24+00:00\",\"dateModified\":\"2023-01-24T13:51:26+00:00\",\"mainEntityOfPage\":{\"@id\":\"https:\/\/jornalfatosenoticias.com.br\/index.php\/2023\/01\/24\/museu-do-pescador-recebe-exposicao-itinerante-manguezal-multiplos-olhares\/\"},\"wordCount\":347,\"commentCount\":0,\"publisher\":{\"@id\":\"https:\/\/jornalfatosenoticias.com.br\/#organization\"},\"image\":{\"@id\":\"https:\/\/jornalfatosenoticias.com.br\/index.php\/2023\/01\/24\/museu-do-pescador-recebe-exposicao-itinerante-manguezal-multiplos-olhares\/#primaryimage\"},\"thumbnailUrl\":\"https:\/\/jornalfatosenoticias.com.br\/wp-content\/uploads\/2023\/01\/MUSEU-DO-PESCADOR_VITORIA.jpg\",\"keywords\":[\"exposi\u00e7\u00e3o\",\"exposi\u00e7\u00e3o itinerante\",\"Exposi\u00e7\u00e3o Manguezal: M\u00faltiplos Olhares\",\"Museu do Pescador\",\"Vit\u00f3ria\"],\"articleSection\":[\"Cultura\"],\"inLanguage\":\"pt-BR\",\"potentialAction\":[{\"@type\":\"CommentAction\",\"name\":\"Comment\",\"target\":[\"https:\/\/jornalfatosenoticias.com.br\/index.php\/2023\/01\/24\/museu-do-pescador-recebe-exposicao-itinerante-manguezal-multiplos-olhares\/#respond\"]}]},{\"@type\":\"WebPage\",\"@id\":\"https:\/\/jornalfatosenoticias.com.br\/index.php\/2023\/01\/24\/museu-do-pescador-recebe-exposicao-itinerante-manguezal-multiplos-olhares\/\",\"url\":\"https:\/\/jornalfatosenoticias.com.br\/index.php\/2023\/01\/24\/museu-do-pescador-recebe-exposicao-itinerante-manguezal-multiplos-olhares\/\",\"name\":\"Museu do Pescador recebe exposi\u00e7\u00e3o itinerante \\\"Manguezal M\u00faltiplos Olhares\\\" - Jornal Fatos e Not\u00edcias\",\"isPartOf\":{\"@id\":\"https:\/\/jornalfatosenoticias.com.br\/#website\"},\"primaryImageOfPage\":{\"@id\":\"https:\/\/jornalfatosenoticias.com.br\/index.php\/2023\/01\/24\/museu-do-pescador-recebe-exposicao-itinerante-manguezal-multiplos-olhares\/#primaryimage\"},\"image\":{\"@id\":\"https:\/\/jornalfatosenoticias.com.br\/index.php\/2023\/01\/24\/museu-do-pescador-recebe-exposicao-itinerante-manguezal-multiplos-olhares\/#primaryimage\"},\"thumbnailUrl\":\"https:\/\/jornalfatosenoticias.com.br\/wp-content\/uploads\/2023\/01\/MUSEU-DO-PESCADOR_VITORIA.jpg\",\"datePublished\":\"2023-01-24T13:51:24+00:00\",\"dateModified\":\"2023-01-24T13:51:26+00:00\",\"breadcrumb\":{\"@id\":\"https:\/\/jornalfatosenoticias.com.br\/index.php\/2023\/01\/24\/museu-do-pescador-recebe-exposicao-itinerante-manguezal-multiplos-olhares\/#breadcrumb\"},\"inLanguage\":\"pt-BR\",\"potentialAction\":[{\"@type\":\"ReadAction\",\"target\":[\"https:\/\/jornalfatosenoticias.com.br\/index.php\/2023\/01\/24\/museu-do-pescador-recebe-exposicao-itinerante-manguezal-multiplos-olhares\/\"]}]},{\"@type\":\"ImageObject\",\"inLanguage\":\"pt-BR\",\"@id\":\"https:\/\/jornalfatosenoticias.com.br\/index.php\/2023\/01\/24\/museu-do-pescador-recebe-exposicao-itinerante-manguezal-multiplos-olhares\/#primaryimage\",\"url\":\"https:\/\/jornalfatosenoticias.com.br\/wp-content\/uploads\/2023\/01\/MUSEU-DO-PESCADOR_VITORIA.jpg\",\"contentUrl\":\"https:\/\/jornalfatosenoticias.com.br\/wp-content\/uploads\/2023\/01\/MUSEU-DO-PESCADOR_VITORIA.jpg\",\"width\":1000,\"height\":627,\"caption\":\"Exposi\u00e7\u00e3o 'Manguezal - M\u00faltiplos Olhares\"},{\"@type\":\"BreadcrumbList\",\"@id\":\"https:\/\/jornalfatosenoticias.com.br\/index.php\/2023\/01\/24\/museu-do-pescador-recebe-exposicao-itinerante-manguezal-multiplos-olhares\/#breadcrumb\",\"itemListElement\":[{\"@type\":\"ListItem\",\"position\":1,\"name\":\"In\u00edcio\",\"item\":\"https:\/\/jornalfatosenoticias.com.br\/\"},{\"@type\":\"ListItem\",\"position\":2,\"name\":\"Museu do Pescador recebe exposi\u00e7\u00e3o itinerante &#8220;Manguezal M\u00faltiplos Olhares&#8221;\"}]},{\"@type\":\"WebSite\",\"@id\":\"https:\/\/jornalfatosenoticias.com.br\/#website\",\"url\":\"https:\/\/jornalfatosenoticias.com.br\/\",\"name\":\"Jornal Fatos e Not\u00edcias\",\"description\":\"Not\u00edcias em geral\",\"publisher\":{\"@id\":\"https:\/\/jornalfatosenoticias.com.br\/#organization\"},\"potentialAction\":[{\"@type\":\"SearchAction\",\"target\":{\"@type\":\"EntryPoint\",\"urlTemplate\":\"https:\/\/jornalfatosenoticias.com.br\/?s={search_term_string}\"},\"query-input\":{\"@type\":\"PropertyValueSpecification\",\"valueRequired\":true,\"valueName\":\"search_term_string\"}}],\"inLanguage\":\"pt-BR\"},{\"@type\":\"Organization\",\"@id\":\"https:\/\/jornalfatosenoticias.com.br\/#organization\",\"name\":\"Jornal Fatos e Not\u00edcias\",\"url\":\"https:\/\/jornalfatosenoticias.com.br\/\",\"logo\":{\"@type\":\"ImageObject\",\"inLanguage\":\"pt-BR\",\"@id\":\"https:\/\/jornalfatosenoticias.com.br\/#\/schema\/logo\/image\/\",\"url\":\"https:\/\/jornalfatosenoticias.com.br\/wp-content\/uploads\/2020\/02\/logo120.png\",\"contentUrl\":\"https:\/\/jornalfatosenoticias.com.br\/wp-content\/uploads\/2020\/02\/logo120.png\",\"width\":1227,\"height\":120,\"caption\":\"Jornal Fatos e Not\u00edcias\"},\"image\":{\"@id\":\"https:\/\/jornalfatosenoticias.com.br\/#\/schema\/logo\/image\/\"}},{\"@type\":\"Person\",\"@id\":\"https:\/\/jornalfatosenoticias.com.br\/#\/schema\/person\/d63837fa13ac8666eb9e74e0985d6f81\",\"name\":\"Luzimara Fernandes\",\"image\":{\"@type\":\"ImageObject\",\"inLanguage\":\"pt-BR\",\"@id\":\"https:\/\/jornalfatosenoticias.com.br\/#\/schema\/person\/image\/\",\"url\":\"https:\/\/jornalfatosenoticias.com.br\/wp-content\/uploads\/2025\/05\/EU_portal.jpg\",\"contentUrl\":\"https:\/\/jornalfatosenoticias.com.br\/wp-content\/uploads\/2025\/05\/EU_portal.jpg\",\"caption\":\"Luzimara Fernandes\"},\"description\":\"Jornalista MTB 2358-ES\",\"sameAs\":[\"https:\/\/jornalfatosenoticias.com.br\"],\"url\":\"https:\/\/jornalfatosenoticias.com.br\/index.php\/author\/luzimara\/\"}]}<\/script>\n<!-- \/ Yoast SEO plugin. -->","yoast_head_json":{"title":"Museu do Pescador recebe exposi\u00e7\u00e3o itinerante \"Manguezal M\u00faltiplos Olhares\" - Jornal Fatos e Not\u00edcias","robots":{"index":"index","follow":"follow","max-snippet":"max-snippet:-1","max-image-preview":"max-image-preview:large","max-video-preview":"max-video-preview:-1"},"canonical":"https:\/\/jornalfatosenoticias.com.br\/index.php\/2023\/01\/24\/museu-do-pescador-recebe-exposicao-itinerante-manguezal-multiplos-olhares\/","og_locale":"pt_BR","og_type":"article","og_title":"Museu do Pescador recebe exposi\u00e7\u00e3o itinerante \"Manguezal M\u00faltiplos Olhares\" - Jornal Fatos e Not\u00edcias","og_description":"A entrada \u00e9 gratuita e a iniciativa faz parte das atividades da campanha elaborada pela Ger\u00eancia de Educa\u00e7\u00e3o Ambiental para o per\u00edodo da andada do caranguejo-u\u00e7\u00e1 A Secretaria Municipal de Meio Ambiente (Semmam) est\u00e1 com a exposi\u00e7\u00e3o itinerante &#8220;Manguezal: M\u00faltiplos Olhares&#8221; no Museu do Pescador da Ilha das Caieiras, durante este m\u00eas de janeiro. A [&hellip;]","og_url":"https:\/\/jornalfatosenoticias.com.br\/index.php\/2023\/01\/24\/museu-do-pescador-recebe-exposicao-itinerante-manguezal-multiplos-olhares\/","og_site_name":"Jornal Fatos e Not\u00edcias","article_published_time":"2023-01-24T13:51:24+00:00","article_modified_time":"2023-01-24T13:51:26+00:00","og_image":[{"width":1000,"height":627,"url":"https:\/\/jornalfatosenoticias.com.br\/wp-content\/uploads\/2023\/01\/MUSEU-DO-PESCADOR_VITORIA.jpg","type":"image\/jpeg"}],"author":"Luzimara Fernandes","twitter_card":"summary_large_image","twitter_misc":{"Escrito por":"Luzimara Fernandes","Est. tempo de leitura":"2 minutos"},"schema":{"@context":"https:\/\/schema.org","@graph":[{"@type":"Article","@id":"https:\/\/jornalfatosenoticias.com.br\/index.php\/2023\/01\/24\/museu-do-pescador-recebe-exposicao-itinerante-manguezal-multiplos-olhares\/#article","isPartOf":{"@id":"https:\/\/jornalfatosenoticias.com.br\/index.php\/2023\/01\/24\/museu-do-pescador-recebe-exposicao-itinerante-manguezal-multiplos-olhares\/"},"author":{"name":"Luzimara Fernandes","@id":"https:\/\/jornalfatosenoticias.com.br\/#\/schema\/person\/d63837fa13ac8666eb9e74e0985d6f81"},"headline":"Museu do Pescador recebe exposi\u00e7\u00e3o itinerante &#8220;Manguezal M\u00faltiplos Olhares&#8221;","datePublished":"2023-01-24T13:51:24+00:00","dateModified":"2023-01-24T13:51:26+00:00","mainEntityOfPage":{"@id":"https:\/\/jornalfatosenoticias.com.br\/index.php\/2023\/01\/24\/museu-do-pescador-recebe-exposicao-itinerante-manguezal-multiplos-olhares\/"},"wordCount":347,"commentCount":0,"publisher":{"@id":"https:\/\/jornalfatosenoticias.com.br\/#organization"},"image":{"@id":"https:\/\/jornalfatosenoticias.com.br\/index.php\/2023\/01\/24\/museu-do-pescador-recebe-exposicao-itinerante-manguezal-multiplos-olhares\/#primaryimage"},"thumbnailUrl":"https:\/\/jornalfatosenoticias.com.br\/wp-content\/uploads\/2023\/01\/MUSEU-DO-PESCADOR_VITORIA.jpg","keywords":["exposi\u00e7\u00e3o","exposi\u00e7\u00e3o itinerante","Exposi\u00e7\u00e3o Manguezal: M\u00faltiplos Olhares","Museu do Pescador","Vit\u00f3ria"],"articleSection":["Cultura"],"inLanguage":"pt-BR","potentialAction":[{"@type":"CommentAction","name":"Comment","target":["https:\/\/jornalfatosenoticias.com.br\/index.php\/2023\/01\/24\/museu-do-pescador-recebe-exposicao-itinerante-manguezal-multiplos-olhares\/#respond"]}]},{"@type":"WebPage","@id":"https:\/\/jornalfatosenoticias.com.br\/index.php\/2023\/01\/24\/museu-do-pescador-recebe-exposicao-itinerante-manguezal-multiplos-olhares\/","url":"https:\/\/jornalfatosenoticias.com.br\/index.php\/2023\/01\/24\/museu-do-pescador-recebe-exposicao-itinerante-manguezal-multiplos-olhares\/","name":"Museu do Pescador recebe exposi\u00e7\u00e3o itinerante \"Manguezal M\u00faltiplos Olhares\" - Jornal Fatos e Not\u00edcias","isPartOf":{"@id":"https:\/\/jornalfatosenoticias.com.br\/#website"},"primaryImageOfPage":{"@id":"https:\/\/jornalfatosenoticias.com.br\/index.php\/2023\/01\/24\/museu-do-pescador-recebe-exposicao-itinerante-manguezal-multiplos-olhares\/#primaryimage"},"image":{"@id":"https:\/\/jornalfatosenoticias.com.br\/index.php\/2023\/01\/24\/museu-do-pescador-recebe-exposicao-itinerante-manguezal-multiplos-olhares\/#primaryimage"},"thumbnailUrl":"https:\/\/jornalfatosenoticias.com.br\/wp-content\/uploads\/2023\/01\/MUSEU-DO-PESCADOR_VITORIA.jpg","datePublished":"2023-01-24T13:51:24+00:00","dateModified":"2023-01-24T13:51:26+00:00","breadcrumb":{"@id":"https:\/\/jornalfatosenoticias.com.br\/index.php\/2023\/01\/24\/museu-do-pescador-recebe-exposicao-itinerante-manguezal-multiplos-olhares\/#breadcrumb"},"inLanguage":"pt-BR","potentialAction":[{"@type":"ReadAction","target":["https:\/\/jornalfatosenoticias.com.br\/index.php\/2023\/01\/24\/museu-do-pescador-recebe-exposicao-itinerante-manguezal-multiplos-olhares\/"]}]},{"@type":"ImageObject","inLanguage":"pt-BR","@id":"https:\/\/jornalfatosenoticias.com.br\/index.php\/2023\/01\/24\/museu-do-pescador-recebe-exposicao-itinerante-manguezal-multiplos-olhares\/#primaryimage","url":"https:\/\/jornalfatosenoticias.com.br\/wp-content\/uploads\/2023\/01\/MUSEU-DO-PESCADOR_VITORIA.jpg","contentUrl":"https:\/\/jornalfatosenoticias.com.br\/wp-content\/uploads\/2023\/01\/MUSEU-DO-PESCADOR_VITORIA.jpg","width":1000,"height":627,"caption":"Exposi\u00e7\u00e3o 'Manguezal - M\u00faltiplos Olhares"},{"@type":"BreadcrumbList","@id":"https:\/\/jornalfatosenoticias.com.br\/index.php\/2023\/01\/24\/museu-do-pescador-recebe-exposicao-itinerante-manguezal-multiplos-olhares\/#breadcrumb","itemListElement":[{"@type":"ListItem","position":1,"name":"In\u00edcio","item":"https:\/\/jornalfatosenoticias.com.br\/"},{"@type":"ListItem","position":2,"name":"Museu do Pescador recebe exposi\u00e7\u00e3o itinerante &#8220;Manguezal M\u00faltiplos Olhares&#8221;"}]},{"@type":"WebSite","@id":"https:\/\/jornalfatosenoticias.com.br\/#website","url":"https:\/\/jornalfatosenoticias.com.br\/","name":"Jornal Fatos e Not\u00edcias","description":"Not\u00edcias em geral","publisher":{"@id":"https:\/\/jornalfatosenoticias.com.br\/#organization"},"potentialAction":[{"@type":"SearchAction","target":{"@type":"EntryPoint","urlTemplate":"https:\/\/jornalfatosenoticias.com.br\/?s={search_term_string}"},"query-input":{"@type":"PropertyValueSpecification","valueRequired":true,"valueName":"search_term_string"}}],"inLanguage":"pt-BR"},{"@type":"Organization","@id":"https:\/\/jornalfatosenoticias.com.br\/#organization","name":"Jornal Fatos e Not\u00edcias","url":"https:\/\/jornalfatosenoticias.com.br\/","logo":{"@type":"ImageObject","inLanguage":"pt-BR","@id":"https:\/\/jornalfatosenoticias.com.br\/#\/schema\/logo\/image\/","url":"https:\/\/jornalfatosenoticias.com.br\/wp-content\/uploads\/2020\/02\/logo120.png","contentUrl":"https:\/\/jornalfatosenoticias.com.br\/wp-content\/uploads\/2020\/02\/logo120.png","width":1227,"height":120,"caption":"Jornal Fatos e Not\u00edcias"},"image":{"@id":"https:\/\/jornalfatosenoticias.com.br\/#\/schema\/logo\/image\/"}},{"@type":"Person","@id":"https:\/\/jornalfatosenoticias.com.br\/#\/schema\/person\/d63837fa13ac8666eb9e74e0985d6f81","name":"Luzimara Fernandes","image":{"@type":"ImageObject","inLanguage":"pt-BR","@id":"https:\/\/jornalfatosenoticias.com.br\/#\/schema\/person\/image\/","url":"https:\/\/jornalfatosenoticias.com.br\/wp-content\/uploads\/2025\/05\/EU_portal.jpg","contentUrl":"https:\/\/jornalfatosenoticias.com.br\/wp-content\/uploads\/2025\/05\/EU_portal.jpg","caption":"Luzimara Fernandes"},"description":"Jornalista MTB 2358-ES","sameAs":["https:\/\/jornalfatosenoticias.com.br"],"url":"https:\/\/jornalfatosenoticias.com.br\/index.php\/author\/luzimara\/"}]}},"cc_featured_image_caption":{"caption_text":"(Foto: Leonardo Silveira)","source_text":"","source_url":""},"jetpack_featured_media_url":"https:\/\/jornalfatosenoticias.com.br\/wp-content\/uploads\/2023\/01\/MUSEU-DO-PESCADOR_VITORIA.jpg","_links":{"self":[{"href":"https:\/\/jornalfatosenoticias.com.br\/index.php\/wp-json\/wp\/v2\/posts\/38094","targetHints":{"allow":["GET"]}}],"collection":[{"href":"https:\/\/jornalfatosenoticias.com.br\/index.php\/wp-json\/wp\/v2\/posts"}],"about":[{"href":"https:\/\/jornalfatosenoticias.com.br\/index.php\/wp-json\/wp\/v2\/types\/post"}],"author":[{"embeddable":true,"href":"https:\/\/jornalfatosenoticias.com.br\/index.php\/wp-json\/wp\/v2\/users\/2"}],"replies":[{"embeddable":true,"href":"https:\/\/jornalfatosenoticias.com.br\/index.php\/wp-json\/wp\/v2\/comments?post=38094"}],"version-history":[{"count":0,"href":"https:\/\/jornalfatosenoticias.com.br\/index.php\/wp-json\/wp\/v2\/posts\/38094\/revisions"}],"wp:featuredmedia":[{"embeddable":true,"href":"https:\/\/jornalfatosenoticias.com.br\/index.php\/wp-json\/wp\/v2\/media\/38095"}],"wp:attachment":[{"href":"https:\/\/jornalfatosenoticias.com.br\/index.php\/wp-json\/wp\/v2\/media?parent=38094"}],"wp:term":[{"taxonomy":"category","embeddable":true,"href":"https:\/\/jornalfatosenoticias.com.br\/index.php\/wp-json\/wp\/v2\/categories?post=38094"},{"taxonomy":"post_tag","embeddable":true,"href":"https:\/\/jornalfatosenoticias.com.br\/index.php\/wp-json\/wp\/v2\/tags?post=38094"}],"curies":[{"name":"wp","href":"https:\/\/api.w.org\/{rel}","templated":true}]}}