{"id":38112,"date":"2023-01-24T13:33:44","date_gmt":"2023-01-24T16:33:44","guid":{"rendered":"https:\/\/jornalfatosenoticias.com.br\/?p=38112"},"modified":"2023-01-24T13:33:45","modified_gmt":"2023-01-24T16:33:45","slug":"idosos-com-obesidade-tem-maior-risco-de-perder-a-visao","status":"publish","type":"post","link":"https:\/\/jornalfatosenoticias.com.br\/index.php\/2023\/01\/24\/idosos-com-obesidade-tem-maior-risco-de-perder-a-visao\/","title":{"rendered":"Idosos com obesidade t\u00eam maior risco de perder a vis\u00e3o"},"content":{"rendered":"\n<p><em><span class=\"has-inline-color has-black-color\">Estudo apontou rela\u00e7\u00e3o entre peso acima do ideal e degenera\u00e7\u00e3o macular relacionada \u00e0 idade<\/span><\/em><\/p>\n\n\n\n<div class=\"wp-block-image\"><figure class=\"aligncenter size-large\"><img loading=\"lazy\" decoding=\"async\" width=\"1024\" height=\"100\" src=\"https:\/\/jornalfatosenoticias.com.br\/wp-content\/uploads\/2022\/05\/NOVA-LOGO-CESCONETTO-1024x100.jpg\" alt=\"\" class=\"wp-image-30792\" srcset=\"https:\/\/jornalfatosenoticias.com.br\/wp-content\/uploads\/2022\/05\/NOVA-LOGO-CESCONETTO-1024x100.jpg 1024w, https:\/\/jornalfatosenoticias.com.br\/wp-content\/uploads\/2022\/05\/NOVA-LOGO-CESCONETTO-300x29.jpg 300w, https:\/\/jornalfatosenoticias.com.br\/wp-content\/uploads\/2022\/05\/NOVA-LOGO-CESCONETTO-768x75.jpg 768w, https:\/\/jornalfatosenoticias.com.br\/wp-content\/uploads\/2022\/05\/NOVA-LOGO-CESCONETTO.jpg 1280w\" sizes=\"auto, (max-width: 1024px) 100vw, 1024px\" \/><\/figure><\/div>\n\n\n\n<p>De acordo com dados do Instituto Brasileiro de Geografia e Estat\u00edstica (<a href=\"https:\/\/olhardigital.com.br\/tag\/ibge\/\" target=\"_blank\" rel=\"noreferrer noopener\">IBGE<\/a>), o Brasil tem 61,7% da popula\u00e7\u00e3o com 18 anos ou mais acima do peso. Segundo o oftalmologista Le\u00f4ncio Queiroz Neto, do Instituto Penido Burnier de Campinas, esta parcela \u00e9 a que tem mais risco de perder a vis\u00e3o conforme <a href=\"https:\/\/olhardigital.com.br\/tag\/envelhecimento\/\" target=\"_blank\" rel=\"noreferrer noopener\">envelhece<\/a>.<\/p>\n\n\n\n<div class=\"wp-block-image\"><figure class=\"alignleft size-large is-resized\"><img decoding=\"async\" src=\"https:\/\/jornalfatosenoticias.com.br\/wp-content\/uploads\/2020\/02\/logo-clinica-limoeiro.jpg\" alt=\"\" class=\"wp-image-34610\" width=\"-17\" height=\"-12\"\/><\/figure><\/div>\n\n\n\n<p>A afirma\u00e7\u00e3o tem base em uma recente pesquisa publicada na <a href=\"https:\/\/www.science.org\/doi\/10.1126\/science.abj8894\" target=\"_blank\" rel=\"noreferrer noopener\"><em>Science<\/em><\/a>. Conforme o estudo, a dieta rica em gordura desregula o sistema imunol\u00f3gico e metab\u00f3lico dos olhos. Por isso, mesmo ap\u00f3s altera\u00e7\u00e3o na dieta e perda de peso, as chances de desenvolver degenera\u00e7\u00e3o macular relacionada \u00e0 idade (DMRI) aumentam \u2014 a condi\u00e7\u00e3o \u00e9 uma das maiores causas globais de cegueira definitiva. A doen\u00e7a afeta a por\u00e7\u00e3o central da retina respons\u00e1vel pela vis\u00e3o de detalhes e atinge 196 milh\u00f5es de pessoas no mundo.<br>O m\u00e9dico explica que a DMRI \u00e9 uma doen\u00e7a neuroinflamat\u00f3ria e pode ser de dois tipos:<\/p>\n\n\n\n<div class=\"wp-block-image\"><figure class=\"aligncenter size-large is-resized\"><img loading=\"lazy\" decoding=\"async\" src=\"https:\/\/jornalfatosenoticias.com.br\/wp-content\/uploads\/2022\/08\/logo-locau-veiculos-1024x573.png\" alt=\"\" class=\"wp-image-33078\" width=\"353\" height=\"197\"\/><\/figure><\/div>\n\n\n\n<ul class=\"wp-block-list\"><li>Seca caracterizada pela forma\u00e7\u00e3o na retina de drusas ou dep\u00f3sitos de gordura que levam \u00e0 morte das c\u00e9lulas.<\/li><li>\u00damida caracterizada pela forma\u00e7\u00e3o de neovasos na retina que podem vazar um l\u00edquido ou sangue na retina que torna a vis\u00e3o nebulosa.<\/li><\/ul>\n\n\n\n<div class=\"wp-block-image\"><figure class=\"aligncenter size-large is-resized\"><img loading=\"lazy\" decoding=\"async\" src=\"https:\/\/jornalfatosenoticias.com.br\/wp-content\/uploads\/2022\/02\/Precisao-Contabilidade-1024x724.jpg\" alt=\"\" class=\"wp-image-28088\" width=\"344\" height=\"243\"\/><\/figure><\/div>\n\n\n\n<figure class=\"wp-block-pullquote\"><blockquote><p><span class=\"has-inline-color has-luminous-vivid-orange-color\">Outros fatores de risco relacionados ao desenvolvimento da degenera\u00e7\u00e3o macular s\u00e3o o h\u00e1bito de fumar, exposi\u00e7\u00e3o dos olhos ao sol sem prote\u00e7\u00e3o e hipertens\u00e3o arterial\u201d, pontua.<\/span><\/p><\/blockquote><\/figure>\n\n\n\n<div class=\"wp-block-image\"><figure class=\"aligncenter size-large\"><img loading=\"lazy\" decoding=\"async\" width=\"729\" height=\"90\" src=\"https:\/\/jornalfatosenoticias.com.br\/wp-content\/uploads\/2020\/02\/Logo_Mizu.png\" alt=\"\" class=\"wp-image-1441\" srcset=\"https:\/\/jornalfatosenoticias.com.br\/wp-content\/uploads\/2020\/02\/Logo_Mizu.png 729w, https:\/\/jornalfatosenoticias.com.br\/wp-content\/uploads\/2020\/02\/Logo_Mizu-300x37.png 300w\" sizes=\"auto, (max-width: 729px) 100vw, 729px\" \/><\/figure><\/div>\n\n\n\n<p><strong><span class=\"has-inline-color has-black-color\">Outros riscos<br><\/span><\/strong>A Organiza\u00e7\u00e3o Mundial da Sa\u00fade (<a href=\"https:\/\/olhardigital.com.br\/tag\/oms\/\" target=\"_blank\" rel=\"noreferrer noopener\">OMS<\/a>) estabelece o sobrepeso entre 25 e 29,9 de \u00cdndice de Massa Corp\u00f3rea (IMS), que corresponde \u00e0 divis\u00e3o do peso pela altura ao quadrado. J\u00e1 a obesidade equivale a 30 ou mais de IMS.<\/p>\n\n\n\n<div class=\"wp-block-image\"><figure class=\"aligncenter size-large\"><img loading=\"lazy\" decoding=\"async\" width=\"300\" height=\"250\" src=\"https:\/\/jornalfatosenoticias.com.br\/wp-content\/uploads\/2022\/08\/arte-Casarao.jpg\" alt=\"\" class=\"wp-image-33178\"\/><\/figure><\/div>\n\n\n\n<figure class=\"wp-block-pullquote\"><blockquote><p><span class=\"has-inline-color has-luminous-vivid-orange-color\">Quando estamos acima do peso tamb\u00e9m temos dificuldade de combater os radicais livres que fazem parte do processo de envelhecimento. Por isso, temos mais chance de desenvolver catarata. A doen\u00e7a torna o cristalino do olho opaco, \u00e9 a maior causa de perda da vis\u00e3o trat\u00e1vel e tem como \u00fanico tratamento a cirurgia. Consiste no implante de uma lente intraocular que substitui o cristalino opaco\u201d.<\/span><\/p><\/blockquote><\/figure>\n\n\n\n<div class=\"wp-block-image\"><figure class=\"aligncenter size-large\"><img loading=\"lazy\" decoding=\"async\" width=\"1000\" height=\"666\" src=\"https:\/\/jornalfatosenoticias.com.br\/wp-content\/uploads\/2023\/01\/obesidade-idosos-visao2.jpg\" alt=\"\" class=\"wp-image-38113\" srcset=\"https:\/\/jornalfatosenoticias.com.br\/wp-content\/uploads\/2023\/01\/obesidade-idosos-visao2.jpg 1000w, https:\/\/jornalfatosenoticias.com.br\/wp-content\/uploads\/2023\/01\/obesidade-idosos-visao2-300x200.jpg 300w, https:\/\/jornalfatosenoticias.com.br\/wp-content\/uploads\/2023\/01\/obesidade-idosos-visao2-768x511.jpg 768w\" sizes=\"auto, (max-width: 1000px) 100vw, 1000px\" \/><figcaption><em><span class=\"has-inline-color has-black-color\">(Foto: Shutterstock\/Ljupco Smokovski)<\/span><\/em><\/figcaption><\/figure><\/div>\n\n\n\n<div class=\"wp-block-image\"><figure class=\"aligncenter size-large\"><img loading=\"lazy\" decoding=\"async\" width=\"1024\" height=\"110\" src=\"https:\/\/jornalfatosenoticias.com.br\/wp-content\/uploads\/2022\/10\/Arte-jornal-Zucchi-1120x120_Prancheta-1-1024x110.jpg\" alt=\"\" class=\"wp-image-34772\" srcset=\"https:\/\/jornalfatosenoticias.com.br\/wp-content\/uploads\/2022\/10\/Arte-jornal-Zucchi-1120x120_Prancheta-1-1024x110.jpg 1024w, https:\/\/jornalfatosenoticias.com.br\/wp-content\/uploads\/2022\/10\/Arte-jornal-Zucchi-1120x120_Prancheta-1-300x32.jpg 300w, https:\/\/jornalfatosenoticias.com.br\/wp-content\/uploads\/2022\/10\/Arte-jornal-Zucchi-1120x120_Prancheta-1-768x82.jpg 768w, https:\/\/jornalfatosenoticias.com.br\/wp-content\/uploads\/2022\/10\/Arte-jornal-Zucchi-1120x120_Prancheta-1-1536x165.jpg 1536w, https:\/\/jornalfatosenoticias.com.br\/wp-content\/uploads\/2022\/10\/Arte-jornal-Zucchi-1120x120_Prancheta-1-2048x219.jpg 2048w\" sizes=\"auto, (max-width: 1024px) 100vw, 1024px\" \/><\/figure><\/div>\n\n\n\n<p>Ainda conforme o especialista, quanto mais ganhamos peso, maior \u00e9 o risco de contrair diabetes tipo 2, uma resist\u00eancia das c\u00e9lulas \u00e0 insulina produzida pelo p\u00e2ncreas que faz a glicemia acumular na corrente sangu\u00ednea. Para se ter ideia, o IMC acima de 30 aumenta em 10 vezes a chance de contrair diabetes tipo 2. J\u00e1 o risco entre pessoas com IMC superior a 35 \u00e9 80 vezes maior.<\/p>\n\n\n\n<div class=\"wp-block-image\"><figure class=\"aligncenter size-large is-resized\"><img loading=\"lazy\" decoding=\"async\" src=\"https:\/\/jornalfatosenoticias.com.br\/wp-content\/uploads\/2022\/10\/RC_800x750_page-0001.jpg\" alt=\"\" class=\"wp-image-35338\" width=\"273\" height=\"256\" srcset=\"https:\/\/jornalfatosenoticias.com.br\/wp-content\/uploads\/2022\/10\/RC_800x750_page-0001.jpg 400w, https:\/\/jornalfatosenoticias.com.br\/wp-content\/uploads\/2022\/10\/RC_800x750_page-0001-300x281.jpg 300w\" sizes=\"auto, (max-width: 273px) 100vw, 273px\" \/><\/figure><\/div>\n\n\n\n<p>De acordo com o oftalmologista, ap\u00f3s 10 anos de conviv\u00eancia com o diabetes, a maioria das pessoas desenvolve retinopatia diab\u00e9tica. A doen\u00e7a \u00e9 caracterizada pela forma\u00e7\u00e3o de neovasos que dificultam a nutri\u00e7\u00e3o da retina. A boa not\u00edcia \u00e9 que a destrui\u00e7\u00e3o precoce destes neovasos com aplica\u00e7\u00e3o de laser e o acompanhamento m\u00e9dico com aplica\u00e7\u00e3o de inje\u00e7\u00e3o que controla a forma\u00e7\u00e3o desses vasos permite manter a vis\u00e3o em 90% dos casos.<\/p>\n\n\n\n<div class=\"wp-block-image\"><figure class=\"aligncenter size-large\"><img loading=\"lazy\" decoding=\"async\" width=\"1024\" height=\"100\" src=\"https:\/\/jornalfatosenoticias.com.br\/wp-content\/uploads\/2020\/02\/banner_ferramentas-1024x100.jpg\" alt=\"\" class=\"wp-image-1258\" srcset=\"https:\/\/jornalfatosenoticias.com.br\/wp-content\/uploads\/2020\/02\/banner_ferramentas-1024x100.jpg 1024w, https:\/\/jornalfatosenoticias.com.br\/wp-content\/uploads\/2020\/02\/banner_ferramentas-300x29.jpg 300w, https:\/\/jornalfatosenoticias.com.br\/wp-content\/uploads\/2020\/02\/banner_ferramentas-768x75.jpg 768w, https:\/\/jornalfatosenoticias.com.br\/wp-content\/uploads\/2020\/02\/banner_ferramentas.jpg 1227w\" sizes=\"auto, (max-width: 1024px) 100vw, 1024px\" \/><\/figure><\/div>\n\n\n\n<p><strong><span class=\"has-inline-color has-black-color\">Preven\u00e7\u00e3o<\/span><\/strong><br>Muitas doen\u00e7as oculares surgem depois dos 40 anos e podem passar despercebida nos est\u00e1gios iniciais. Por isso, a recomenda\u00e7\u00e3o \u00e9 consultar um oftalmologista a cada dois anos at\u00e9 os 59 anos e anualmente a partir dos 60 anos.<\/p>\n\n\n\n<div class=\"wp-block-image\"><figure class=\"aligncenter size-large\"><img decoding=\"async\" src=\"https:\/\/jornalfatosenoticias.com.br\/wp-content\/uploads\/2020\/02\/logo_esteio.jpg\" alt=\"\" class=\"wp-image-1214\"\/><\/figure><\/div>\n\n\n\n<figure class=\"wp-block-pullquote\"><blockquote><p><span class=\"has-inline-color has-luminous-vivid-orange-color\">\u00c9 muito comum pacientes descobrirem que t\u00eam diabetes ou hipertens\u00e3o arterial durante o exame de fundo do olho que faz o mapeamento da retina e o diagn\u00f3stico de altera\u00e7\u00f5es nos vasos da retina. Independente do peso, os exames peri\u00f3dicos s\u00e3o indicados para todos\u201d, conclui.<\/span><\/p><\/blockquote><\/figure>\n\n\n\n<p><strong><em>Fonte: <a href=\"https:\/\/olhardigital.com.br\/2023\/01\/18\/medicina-e-saude\/idosos-com-obesidade-tem-maior-risco-de-perder-a-visao-entenda\/amp\/\">Olhar Digital<\/a><\/em><\/strong><\/p>\n","protected":false},"excerpt":{"rendered":"<p>Estudo apontou rela\u00e7\u00e3o entre peso acima do ideal e degenera\u00e7\u00e3o macular relacionada \u00e0 idade De acordo com dados do Instituto Brasileiro de Geografia e Estat\u00edstica (IBGE), o Brasil tem 61,7% da popula\u00e7\u00e3o com 18 anos ou mais acima do peso. Segundo o oftalmologista Le\u00f4ncio Queiroz Neto, do Instituto Penido Burnier de Campinas, esta parcela \u00e9 [&hellip;]<\/p>\n","protected":false},"author":2,"featured_media":38114,"comment_status":"open","ping_status":"open","sticky":false,"template":"","format":"standard","meta":{"footnotes":""},"categories":[11],"tags":[2943,850,634,4929],"class_list":["post-38112","post","type-post","status-publish","format-standard","has-post-thumbnail","hentry","category-saude","tag-cegueira","tag-idosos","tag-obesidade","tag-visao"],"yoast_head":"<!-- This site is optimized with the Yoast SEO plugin v26.5 - https:\/\/yoast.com\/wordpress\/plugins\/seo\/ -->\n<title>Idosos com obesidade t\u00eam maior risco de perder a vis\u00e3o - Jornal Fatos e Not\u00edcias<\/title>\n<meta name=\"robots\" content=\"index, follow, max-snippet:-1, max-image-preview:large, max-video-preview:-1\" \/>\n<link rel=\"canonical\" href=\"https:\/\/jornalfatosenoticias.com.br\/index.php\/2023\/01\/24\/idosos-com-obesidade-tem-maior-risco-de-perder-a-visao\/\" \/>\n<meta property=\"og:locale\" content=\"pt_BR\" \/>\n<meta property=\"og:type\" content=\"article\" \/>\n<meta property=\"og:title\" content=\"Idosos com obesidade t\u00eam maior risco de perder a vis\u00e3o - Jornal Fatos e Not\u00edcias\" \/>\n<meta property=\"og:description\" content=\"Estudo apontou rela\u00e7\u00e3o entre peso acima do ideal e degenera\u00e7\u00e3o macular relacionada \u00e0 idade De acordo com dados do Instituto Brasileiro de Geografia e Estat\u00edstica (IBGE), o Brasil tem 61,7% da popula\u00e7\u00e3o com 18 anos ou mais acima do peso. Segundo o oftalmologista Le\u00f4ncio Queiroz Neto, do Instituto Penido Burnier de Campinas, esta parcela \u00e9 [&hellip;]\" \/>\n<meta property=\"og:url\" content=\"https:\/\/jornalfatosenoticias.com.br\/index.php\/2023\/01\/24\/idosos-com-obesidade-tem-maior-risco-de-perder-a-visao\/\" \/>\n<meta property=\"og:site_name\" content=\"Jornal Fatos e Not\u00edcias\" \/>\n<meta property=\"article:published_time\" content=\"2023-01-24T16:33:44+00:00\" \/>\n<meta property=\"article:modified_time\" content=\"2023-01-24T16:33:45+00:00\" \/>\n<meta property=\"og:image\" content=\"https:\/\/jornalfatosenoticias.com.br\/wp-content\/uploads\/2023\/01\/idosos-obesos-e-visao1.jpg\" \/>\n\t<meta property=\"og:image:width\" content=\"1000\" \/>\n\t<meta property=\"og:image:height\" content=\"694\" \/>\n\t<meta property=\"og:image:type\" content=\"image\/jpeg\" \/>\n<meta name=\"author\" content=\"Luzimara Fernandes\" \/>\n<meta name=\"twitter:card\" content=\"summary_large_image\" \/>\n<meta name=\"twitter:label1\" content=\"Escrito por\" \/>\n\t<meta name=\"twitter:data1\" content=\"Luzimara Fernandes\" \/>\n\t<meta name=\"twitter:label2\" content=\"Est. tempo de leitura\" \/>\n\t<meta name=\"twitter:data2\" content=\"3 minutos\" \/>\n<script type=\"application\/ld+json\" class=\"yoast-schema-graph\">{\"@context\":\"https:\/\/schema.org\",\"@graph\":[{\"@type\":\"Article\",\"@id\":\"https:\/\/jornalfatosenoticias.com.br\/index.php\/2023\/01\/24\/idosos-com-obesidade-tem-maior-risco-de-perder-a-visao\/#article\",\"isPartOf\":{\"@id\":\"https:\/\/jornalfatosenoticias.com.br\/index.php\/2023\/01\/24\/idosos-com-obesidade-tem-maior-risco-de-perder-a-visao\/\"},\"author\":{\"name\":\"Luzimara Fernandes\",\"@id\":\"https:\/\/jornalfatosenoticias.com.br\/#\/schema\/person\/d63837fa13ac8666eb9e74e0985d6f81\"},\"headline\":\"Idosos com obesidade t\u00eam maior risco de perder a vis\u00e3o\",\"datePublished\":\"2023-01-24T16:33:44+00:00\",\"dateModified\":\"2023-01-24T16:33:45+00:00\",\"mainEntityOfPage\":{\"@id\":\"https:\/\/jornalfatosenoticias.com.br\/index.php\/2023\/01\/24\/idosos-com-obesidade-tem-maior-risco-de-perder-a-visao\/\"},\"wordCount\":611,\"commentCount\":0,\"publisher\":{\"@id\":\"https:\/\/jornalfatosenoticias.com.br\/#organization\"},\"image\":{\"@id\":\"https:\/\/jornalfatosenoticias.com.br\/index.php\/2023\/01\/24\/idosos-com-obesidade-tem-maior-risco-de-perder-a-visao\/#primaryimage\"},\"thumbnailUrl\":\"https:\/\/jornalfatosenoticias.com.br\/wp-content\/uploads\/2023\/01\/idosos-obesos-e-visao1.jpg\",\"keywords\":[\"cegueira\",\"idosos\",\"obesidade\",\"vis\u00e3o\"],\"articleSection\":[\"Sa\u00fade\"],\"inLanguage\":\"pt-BR\",\"potentialAction\":[{\"@type\":\"CommentAction\",\"name\":\"Comment\",\"target\":[\"https:\/\/jornalfatosenoticias.com.br\/index.php\/2023\/01\/24\/idosos-com-obesidade-tem-maior-risco-de-perder-a-visao\/#respond\"]}]},{\"@type\":\"WebPage\",\"@id\":\"https:\/\/jornalfatosenoticias.com.br\/index.php\/2023\/01\/24\/idosos-com-obesidade-tem-maior-risco-de-perder-a-visao\/\",\"url\":\"https:\/\/jornalfatosenoticias.com.br\/index.php\/2023\/01\/24\/idosos-com-obesidade-tem-maior-risco-de-perder-a-visao\/\",\"name\":\"Idosos com obesidade t\u00eam maior risco de perder a vis\u00e3o - Jornal Fatos e Not\u00edcias\",\"isPartOf\":{\"@id\":\"https:\/\/jornalfatosenoticias.com.br\/#website\"},\"primaryImageOfPage\":{\"@id\":\"https:\/\/jornalfatosenoticias.com.br\/index.php\/2023\/01\/24\/idosos-com-obesidade-tem-maior-risco-de-perder-a-visao\/#primaryimage\"},\"image\":{\"@id\":\"https:\/\/jornalfatosenoticias.com.br\/index.php\/2023\/01\/24\/idosos-com-obesidade-tem-maior-risco-de-perder-a-visao\/#primaryimage\"},\"thumbnailUrl\":\"https:\/\/jornalfatosenoticias.com.br\/wp-content\/uploads\/2023\/01\/idosos-obesos-e-visao1.jpg\",\"datePublished\":\"2023-01-24T16:33:44+00:00\",\"dateModified\":\"2023-01-24T16:33:45+00:00\",\"breadcrumb\":{\"@id\":\"https:\/\/jornalfatosenoticias.com.br\/index.php\/2023\/01\/24\/idosos-com-obesidade-tem-maior-risco-de-perder-a-visao\/#breadcrumb\"},\"inLanguage\":\"pt-BR\",\"potentialAction\":[{\"@type\":\"ReadAction\",\"target\":[\"https:\/\/jornalfatosenoticias.com.br\/index.php\/2023\/01\/24\/idosos-com-obesidade-tem-maior-risco-de-perder-a-visao\/\"]}]},{\"@type\":\"ImageObject\",\"inLanguage\":\"pt-BR\",\"@id\":\"https:\/\/jornalfatosenoticias.com.br\/index.php\/2023\/01\/24\/idosos-com-obesidade-tem-maior-risco-de-perder-a-visao\/#primaryimage\",\"url\":\"https:\/\/jornalfatosenoticias.com.br\/wp-content\/uploads\/2023\/01\/idosos-obesos-e-visao1.jpg\",\"contentUrl\":\"https:\/\/jornalfatosenoticias.com.br\/wp-content\/uploads\/2023\/01\/idosos-obesos-e-visao1.jpg\",\"width\":1000,\"height\":694},{\"@type\":\"BreadcrumbList\",\"@id\":\"https:\/\/jornalfatosenoticias.com.br\/index.php\/2023\/01\/24\/idosos-com-obesidade-tem-maior-risco-de-perder-a-visao\/#breadcrumb\",\"itemListElement\":[{\"@type\":\"ListItem\",\"position\":1,\"name\":\"In\u00edcio\",\"item\":\"https:\/\/jornalfatosenoticias.com.br\/\"},{\"@type\":\"ListItem\",\"position\":2,\"name\":\"Idosos com obesidade t\u00eam maior risco de perder a vis\u00e3o\"}]},{\"@type\":\"WebSite\",\"@id\":\"https:\/\/jornalfatosenoticias.com.br\/#website\",\"url\":\"https:\/\/jornalfatosenoticias.com.br\/\",\"name\":\"Jornal Fatos e Not\u00edcias\",\"description\":\"Not\u00edcias em geral\",\"publisher\":{\"@id\":\"https:\/\/jornalfatosenoticias.com.br\/#organization\"},\"potentialAction\":[{\"@type\":\"SearchAction\",\"target\":{\"@type\":\"EntryPoint\",\"urlTemplate\":\"https:\/\/jornalfatosenoticias.com.br\/?s={search_term_string}\"},\"query-input\":{\"@type\":\"PropertyValueSpecification\",\"valueRequired\":true,\"valueName\":\"search_term_string\"}}],\"inLanguage\":\"pt-BR\"},{\"@type\":\"Organization\",\"@id\":\"https:\/\/jornalfatosenoticias.com.br\/#organization\",\"name\":\"Jornal Fatos e Not\u00edcias\",\"url\":\"https:\/\/jornalfatosenoticias.com.br\/\",\"logo\":{\"@type\":\"ImageObject\",\"inLanguage\":\"pt-BR\",\"@id\":\"https:\/\/jornalfatosenoticias.com.br\/#\/schema\/logo\/image\/\",\"url\":\"https:\/\/jornalfatosenoticias.com.br\/wp-content\/uploads\/2020\/02\/logo120.png\",\"contentUrl\":\"https:\/\/jornalfatosenoticias.com.br\/wp-content\/uploads\/2020\/02\/logo120.png\",\"width\":1227,\"height\":120,\"caption\":\"Jornal Fatos e Not\u00edcias\"},\"image\":{\"@id\":\"https:\/\/jornalfatosenoticias.com.br\/#\/schema\/logo\/image\/\"}},{\"@type\":\"Person\",\"@id\":\"https:\/\/jornalfatosenoticias.com.br\/#\/schema\/person\/d63837fa13ac8666eb9e74e0985d6f81\",\"name\":\"Luzimara Fernandes\",\"image\":{\"@type\":\"ImageObject\",\"inLanguage\":\"pt-BR\",\"@id\":\"https:\/\/jornalfatosenoticias.com.br\/#\/schema\/person\/image\/\",\"url\":\"https:\/\/jornalfatosenoticias.com.br\/wp-content\/uploads\/2025\/05\/EU_portal.jpg\",\"contentUrl\":\"https:\/\/jornalfatosenoticias.com.br\/wp-content\/uploads\/2025\/05\/EU_portal.jpg\",\"caption\":\"Luzimara Fernandes\"},\"description\":\"Jornalista MTB 2358-ES\",\"sameAs\":[\"https:\/\/jornalfatosenoticias.com.br\"],\"url\":\"https:\/\/jornalfatosenoticias.com.br\/index.php\/author\/luzimara\/\"}]}<\/script>\n<!-- \/ Yoast SEO plugin. -->","yoast_head_json":{"title":"Idosos com obesidade t\u00eam maior risco de perder a vis\u00e3o - Jornal Fatos e Not\u00edcias","robots":{"index":"index","follow":"follow","max-snippet":"max-snippet:-1","max-image-preview":"max-image-preview:large","max-video-preview":"max-video-preview:-1"},"canonical":"https:\/\/jornalfatosenoticias.com.br\/index.php\/2023\/01\/24\/idosos-com-obesidade-tem-maior-risco-de-perder-a-visao\/","og_locale":"pt_BR","og_type":"article","og_title":"Idosos com obesidade t\u00eam maior risco de perder a vis\u00e3o - Jornal Fatos e Not\u00edcias","og_description":"Estudo apontou rela\u00e7\u00e3o entre peso acima do ideal e degenera\u00e7\u00e3o macular relacionada \u00e0 idade De acordo com dados do Instituto Brasileiro de Geografia e Estat\u00edstica (IBGE), o Brasil tem 61,7% da popula\u00e7\u00e3o com 18 anos ou mais acima do peso. Segundo o oftalmologista Le\u00f4ncio Queiroz Neto, do Instituto Penido Burnier de Campinas, esta parcela \u00e9 [&hellip;]","og_url":"https:\/\/jornalfatosenoticias.com.br\/index.php\/2023\/01\/24\/idosos-com-obesidade-tem-maior-risco-de-perder-a-visao\/","og_site_name":"Jornal Fatos e Not\u00edcias","article_published_time":"2023-01-24T16:33:44+00:00","article_modified_time":"2023-01-24T16:33:45+00:00","og_image":[{"width":1000,"height":694,"url":"https:\/\/jornalfatosenoticias.com.br\/wp-content\/uploads\/2023\/01\/idosos-obesos-e-visao1.jpg","type":"image\/jpeg"}],"author":"Luzimara Fernandes","twitter_card":"summary_large_image","twitter_misc":{"Escrito por":"Luzimara Fernandes","Est. tempo de leitura":"3 minutos"},"schema":{"@context":"https:\/\/schema.org","@graph":[{"@type":"Article","@id":"https:\/\/jornalfatosenoticias.com.br\/index.php\/2023\/01\/24\/idosos-com-obesidade-tem-maior-risco-de-perder-a-visao\/#article","isPartOf":{"@id":"https:\/\/jornalfatosenoticias.com.br\/index.php\/2023\/01\/24\/idosos-com-obesidade-tem-maior-risco-de-perder-a-visao\/"},"author":{"name":"Luzimara Fernandes","@id":"https:\/\/jornalfatosenoticias.com.br\/#\/schema\/person\/d63837fa13ac8666eb9e74e0985d6f81"},"headline":"Idosos com obesidade t\u00eam maior risco de perder a vis\u00e3o","datePublished":"2023-01-24T16:33:44+00:00","dateModified":"2023-01-24T16:33:45+00:00","mainEntityOfPage":{"@id":"https:\/\/jornalfatosenoticias.com.br\/index.php\/2023\/01\/24\/idosos-com-obesidade-tem-maior-risco-de-perder-a-visao\/"},"wordCount":611,"commentCount":0,"publisher":{"@id":"https:\/\/jornalfatosenoticias.com.br\/#organization"},"image":{"@id":"https:\/\/jornalfatosenoticias.com.br\/index.php\/2023\/01\/24\/idosos-com-obesidade-tem-maior-risco-de-perder-a-visao\/#primaryimage"},"thumbnailUrl":"https:\/\/jornalfatosenoticias.com.br\/wp-content\/uploads\/2023\/01\/idosos-obesos-e-visao1.jpg","keywords":["cegueira","idosos","obesidade","vis\u00e3o"],"articleSection":["Sa\u00fade"],"inLanguage":"pt-BR","potentialAction":[{"@type":"CommentAction","name":"Comment","target":["https:\/\/jornalfatosenoticias.com.br\/index.php\/2023\/01\/24\/idosos-com-obesidade-tem-maior-risco-de-perder-a-visao\/#respond"]}]},{"@type":"WebPage","@id":"https:\/\/jornalfatosenoticias.com.br\/index.php\/2023\/01\/24\/idosos-com-obesidade-tem-maior-risco-de-perder-a-visao\/","url":"https:\/\/jornalfatosenoticias.com.br\/index.php\/2023\/01\/24\/idosos-com-obesidade-tem-maior-risco-de-perder-a-visao\/","name":"Idosos com obesidade t\u00eam maior risco de perder a vis\u00e3o - Jornal Fatos e Not\u00edcias","isPartOf":{"@id":"https:\/\/jornalfatosenoticias.com.br\/#website"},"primaryImageOfPage":{"@id":"https:\/\/jornalfatosenoticias.com.br\/index.php\/2023\/01\/24\/idosos-com-obesidade-tem-maior-risco-de-perder-a-visao\/#primaryimage"},"image":{"@id":"https:\/\/jornalfatosenoticias.com.br\/index.php\/2023\/01\/24\/idosos-com-obesidade-tem-maior-risco-de-perder-a-visao\/#primaryimage"},"thumbnailUrl":"https:\/\/jornalfatosenoticias.com.br\/wp-content\/uploads\/2023\/01\/idosos-obesos-e-visao1.jpg","datePublished":"2023-01-24T16:33:44+00:00","dateModified":"2023-01-24T16:33:45+00:00","breadcrumb":{"@id":"https:\/\/jornalfatosenoticias.com.br\/index.php\/2023\/01\/24\/idosos-com-obesidade-tem-maior-risco-de-perder-a-visao\/#breadcrumb"},"inLanguage":"pt-BR","potentialAction":[{"@type":"ReadAction","target":["https:\/\/jornalfatosenoticias.com.br\/index.php\/2023\/01\/24\/idosos-com-obesidade-tem-maior-risco-de-perder-a-visao\/"]}]},{"@type":"ImageObject","inLanguage":"pt-BR","@id":"https:\/\/jornalfatosenoticias.com.br\/index.php\/2023\/01\/24\/idosos-com-obesidade-tem-maior-risco-de-perder-a-visao\/#primaryimage","url":"https:\/\/jornalfatosenoticias.com.br\/wp-content\/uploads\/2023\/01\/idosos-obesos-e-visao1.jpg","contentUrl":"https:\/\/jornalfatosenoticias.com.br\/wp-content\/uploads\/2023\/01\/idosos-obesos-e-visao1.jpg","width":1000,"height":694},{"@type":"BreadcrumbList","@id":"https:\/\/jornalfatosenoticias.com.br\/index.php\/2023\/01\/24\/idosos-com-obesidade-tem-maior-risco-de-perder-a-visao\/#breadcrumb","itemListElement":[{"@type":"ListItem","position":1,"name":"In\u00edcio","item":"https:\/\/jornalfatosenoticias.com.br\/"},{"@type":"ListItem","position":2,"name":"Idosos com obesidade t\u00eam maior risco de perder a vis\u00e3o"}]},{"@type":"WebSite","@id":"https:\/\/jornalfatosenoticias.com.br\/#website","url":"https:\/\/jornalfatosenoticias.com.br\/","name":"Jornal Fatos e Not\u00edcias","description":"Not\u00edcias em geral","publisher":{"@id":"https:\/\/jornalfatosenoticias.com.br\/#organization"},"potentialAction":[{"@type":"SearchAction","target":{"@type":"EntryPoint","urlTemplate":"https:\/\/jornalfatosenoticias.com.br\/?s={search_term_string}"},"query-input":{"@type":"PropertyValueSpecification","valueRequired":true,"valueName":"search_term_string"}}],"inLanguage":"pt-BR"},{"@type":"Organization","@id":"https:\/\/jornalfatosenoticias.com.br\/#organization","name":"Jornal Fatos e Not\u00edcias","url":"https:\/\/jornalfatosenoticias.com.br\/","logo":{"@type":"ImageObject","inLanguage":"pt-BR","@id":"https:\/\/jornalfatosenoticias.com.br\/#\/schema\/logo\/image\/","url":"https:\/\/jornalfatosenoticias.com.br\/wp-content\/uploads\/2020\/02\/logo120.png","contentUrl":"https:\/\/jornalfatosenoticias.com.br\/wp-content\/uploads\/2020\/02\/logo120.png","width":1227,"height":120,"caption":"Jornal Fatos e Not\u00edcias"},"image":{"@id":"https:\/\/jornalfatosenoticias.com.br\/#\/schema\/logo\/image\/"}},{"@type":"Person","@id":"https:\/\/jornalfatosenoticias.com.br\/#\/schema\/person\/d63837fa13ac8666eb9e74e0985d6f81","name":"Luzimara Fernandes","image":{"@type":"ImageObject","inLanguage":"pt-BR","@id":"https:\/\/jornalfatosenoticias.com.br\/#\/schema\/person\/image\/","url":"https:\/\/jornalfatosenoticias.com.br\/wp-content\/uploads\/2025\/05\/EU_portal.jpg","contentUrl":"https:\/\/jornalfatosenoticias.com.br\/wp-content\/uploads\/2025\/05\/EU_portal.jpg","caption":"Luzimara Fernandes"},"description":"Jornalista MTB 2358-ES","sameAs":["https:\/\/jornalfatosenoticias.com.br"],"url":"https:\/\/jornalfatosenoticias.com.br\/index.php\/author\/luzimara\/"}]}},"cc_featured_image_caption":{"caption_text":"(Foto: Shutterstock\/pathdoc)","source_text":"","source_url":""},"jetpack_featured_media_url":"https:\/\/jornalfatosenoticias.com.br\/wp-content\/uploads\/2023\/01\/idosos-obesos-e-visao1.jpg","_links":{"self":[{"href":"https:\/\/jornalfatosenoticias.com.br\/index.php\/wp-json\/wp\/v2\/posts\/38112","targetHints":{"allow":["GET"]}}],"collection":[{"href":"https:\/\/jornalfatosenoticias.com.br\/index.php\/wp-json\/wp\/v2\/posts"}],"about":[{"href":"https:\/\/jornalfatosenoticias.com.br\/index.php\/wp-json\/wp\/v2\/types\/post"}],"author":[{"embeddable":true,"href":"https:\/\/jornalfatosenoticias.com.br\/index.php\/wp-json\/wp\/v2\/users\/2"}],"replies":[{"embeddable":true,"href":"https:\/\/jornalfatosenoticias.com.br\/index.php\/wp-json\/wp\/v2\/comments?post=38112"}],"version-history":[{"count":0,"href":"https:\/\/jornalfatosenoticias.com.br\/index.php\/wp-json\/wp\/v2\/posts\/38112\/revisions"}],"wp:featuredmedia":[{"embeddable":true,"href":"https:\/\/jornalfatosenoticias.com.br\/index.php\/wp-json\/wp\/v2\/media\/38114"}],"wp:attachment":[{"href":"https:\/\/jornalfatosenoticias.com.br\/index.php\/wp-json\/wp\/v2\/media?parent=38112"}],"wp:term":[{"taxonomy":"category","embeddable":true,"href":"https:\/\/jornalfatosenoticias.com.br\/index.php\/wp-json\/wp\/v2\/categories?post=38112"},{"taxonomy":"post_tag","embeddable":true,"href":"https:\/\/jornalfatosenoticias.com.br\/index.php\/wp-json\/wp\/v2\/tags?post=38112"}],"curies":[{"name":"wp","href":"https:\/\/api.w.org\/{rel}","templated":true}]}}