{"id":38248,"date":"2023-01-27T09:32:15","date_gmt":"2023-01-27T12:32:15","guid":{"rendered":"https:\/\/jornalfatosenoticias.com.br\/?p=38248"},"modified":"2023-01-27T09:32:16","modified_gmt":"2023-01-27T12:32:16","slug":"mais-de-cinco-mil-advogados-assinam-carta-contra-reeleicao-de-rodrigo-pacheco-ao-senado","status":"publish","type":"post","link":"https:\/\/jornalfatosenoticias.com.br\/index.php\/2023\/01\/27\/mais-de-cinco-mil-advogados-assinam-carta-contra-reeleicao-de-rodrigo-pacheco-ao-senado\/","title":{"rendered":"Mais de cinco mil advogados assinam carta contra reelei\u00e7\u00e3o de Rodrigo Pacheco ao Senado"},"content":{"rendered":"\n<p><em><span class=\"has-inline-color has-black-color\">Grupo alega que o Brasil vive em \u201cEstado de exce\u00e7\u00e3o\u201d por causa do presidente da Casa<\/span><\/em><\/p>\n\n\n\n<div class=\"wp-block-image\"><figure class=\"aligncenter size-large\"><img decoding=\"async\" src=\"https:\/\/jornalfatosenoticias.com.br\/wp-content\/uploads\/2020\/02\/Serra-Grande-1024x160.png\" alt=\"\" class=\"wp-image-7836\"\/><\/figure><\/div>\n\n\n\n<p>Um batalh\u00e3o de advogados manifestou, na quarta-feira (25), uma carta contra a reelei\u00e7\u00e3o de Rodrigo Pacheco \u00e0 presid\u00eancia do Senado. O documento re\u00fane mais de cinco mil signat\u00e1rios.<br>O grupo argumenta, entre outras coisas, que Pacheco \u00e9 omisso diante dos avan\u00e7os do Judici\u00e1rio contra o Legislativo e o Executivo. <\/p>\n\n\n\n<div class=\"wp-block-image\"><figure class=\"aligncenter size-large is-resized\"><img loading=\"lazy\" decoding=\"async\" src=\"https:\/\/jornalfatosenoticias.com.br\/wp-content\/uploads\/2020\/02\/logo-clinica-limoeiro.jpg\" alt=\"\" class=\"wp-image-34610\" width=\"288\" height=\"204\"\/><\/figure><\/div>\n\n\n\n<p>Essa postura teria resultado em \u201cum mal que julgamos quase irrevers\u00edvel, posto que permitiu que aqueles que deveriam guardar o cumprimento de nossa Carta Magna a vilipendiassem diuturnamente\u201d.<br>De acordo com os advogados, o Pa\u00eds vive um \u201cEstado de exce\u00e7\u00e3o\u201d por causa da inoper\u00e2ncia do atual presidente da Casa.<\/p>\n\n\n\n<div class=\"wp-block-image\"><figure class=\"aligncenter size-large is-resized\"><img loading=\"lazy\" decoding=\"async\" src=\"https:\/\/jornalfatosenoticias.com.br\/wp-content\/uploads\/2022\/02\/Precisao-Contabilidade-1024x724.jpg\" alt=\"\" class=\"wp-image-28088\" width=\"334\" height=\"236\"\/><\/figure><\/div>\n\n\n\n<figure class=\"wp-block-pullquote\"><blockquote><p><em><span class=\"has-inline-color has-luminous-vivid-orange-color\">A atua\u00e7\u00e3o firme e presente do Senado Federal \u00e9 imprescind\u00edvel para que os entes p\u00fablicos de quaisquer dos Tr\u00eas Poderes e da sociedade civil convivam harmonicamente, certos de que a seguran\u00e7a nas pol\u00edticas de Estados sejam legais e sempre emanem da vontade popular, seu destinat\u00e1rio final e fonte original do Estado&#8221;, reivindicam o batalh\u00e3o.<\/span><\/em><\/p><\/blockquote><\/figure>\n\n\n\n<div class=\"wp-block-image\"><figure class=\"aligncenter size-large is-resized\"><img loading=\"lazy\" decoding=\"async\" src=\"https:\/\/jornalfatosenoticias.com.br\/wp-content\/uploads\/2020\/02\/nova-logo-Marquetti.jpg\" alt=\"\" class=\"wp-image-22331\" width=\"280\" height=\"188\" srcset=\"https:\/\/jornalfatosenoticias.com.br\/wp-content\/uploads\/2020\/02\/nova-logo-Marquetti.jpg 643w, https:\/\/jornalfatosenoticias.com.br\/wp-content\/uploads\/2020\/02\/nova-logo-Marquetti-300x202.jpg 300w\" sizes=\"auto, (max-width: 280px) 100vw, 280px\" \/><\/figure><\/div>\n\n\n\n<p><strong><em>Fonte: <a href=\"https:\/\/www.conexaopolitica.com.br\/congresso\/mais-de-5-mil-advogados-assinam-carta-contra-reeleicao-de-rodrigo-pacheco-ao-senado\/\">Conex\u00e3o Pol\u00edtica<\/a><\/em><\/strong><\/p>\n","protected":false},"excerpt":{"rendered":"<p>Grupo alega que o Brasil vive em \u201cEstado de exce\u00e7\u00e3o\u201d por causa do presidente da Casa Um batalh\u00e3o de advogados manifestou, na quarta-feira (25), uma carta contra a reelei\u00e7\u00e3o de Rodrigo Pacheco \u00e0 presid\u00eancia do Senado. O documento re\u00fane mais de cinco mil signat\u00e1rios.O grupo argumenta, entre outras coisas, que Pacheco \u00e9 omisso diante dos [&hellip;]<\/p>\n","protected":false},"author":2,"featured_media":38249,"comment_status":"open","ping_status":"open","sticky":false,"template":"","format":"standard","meta":{"footnotes":""},"categories":[5],"tags":[597,17927,17928,8580,13762],"class_list":["post-38248","post","type-post","status-publish","format-standard","has-post-thumbnail","hentry","category-geral","tag-brasil","tag-carta-contra-reeleicao-de-rodrigo-pacheco","tag-estado-de-excecao","tag-rodrigo-pacheco","tag-senado-federal"],"yoast_head":"<!-- This site is optimized with the Yoast SEO plugin v26.5 - https:\/\/yoast.com\/wordpress\/plugins\/seo\/ -->\n<title>Mais de cinco mil advogados assinam carta contra reelei\u00e7\u00e3o de Rodrigo Pacheco ao Senado - Jornal Fatos e Not\u00edcias<\/title>\n<meta name=\"robots\" content=\"index, follow, max-snippet:-1, max-image-preview:large, max-video-preview:-1\" \/>\n<link rel=\"canonical\" href=\"https:\/\/jornalfatosenoticias.com.br\/index.php\/2023\/01\/27\/mais-de-cinco-mil-advogados-assinam-carta-contra-reeleicao-de-rodrigo-pacheco-ao-senado\/\" \/>\n<meta property=\"og:locale\" content=\"pt_BR\" \/>\n<meta property=\"og:type\" content=\"article\" \/>\n<meta property=\"og:title\" content=\"Mais de cinco mil advogados assinam carta contra reelei\u00e7\u00e3o de Rodrigo Pacheco ao Senado - Jornal Fatos e Not\u00edcias\" \/>\n<meta property=\"og:description\" content=\"Grupo alega que o Brasil vive em \u201cEstado de exce\u00e7\u00e3o\u201d por causa do presidente da Casa Um batalh\u00e3o de advogados manifestou, na quarta-feira (25), uma carta contra a reelei\u00e7\u00e3o de Rodrigo Pacheco \u00e0 presid\u00eancia do Senado. O documento re\u00fane mais de cinco mil signat\u00e1rios.O grupo argumenta, entre outras coisas, que Pacheco \u00e9 omisso diante dos [&hellip;]\" \/>\n<meta property=\"og:url\" content=\"https:\/\/jornalfatosenoticias.com.br\/index.php\/2023\/01\/27\/mais-de-cinco-mil-advogados-assinam-carta-contra-reeleicao-de-rodrigo-pacheco-ao-senado\/\" \/>\n<meta property=\"og:site_name\" content=\"Jornal Fatos e Not\u00edcias\" \/>\n<meta property=\"article:published_time\" content=\"2023-01-27T12:32:15+00:00\" \/>\n<meta property=\"article:modified_time\" content=\"2023-01-27T12:32:16+00:00\" \/>\n<meta property=\"og:image\" content=\"https:\/\/jornalfatosenoticias.com.br\/wp-content\/uploads\/2023\/01\/RODRIGO-PACHECO.jpg\" \/>\n\t<meta property=\"og:image:width\" content=\"1000\" \/>\n\t<meta property=\"og:image:height\" content=\"666\" \/>\n\t<meta property=\"og:image:type\" content=\"image\/jpeg\" \/>\n<meta name=\"author\" content=\"Luzimara Fernandes\" \/>\n<meta name=\"twitter:card\" content=\"summary_large_image\" \/>\n<meta name=\"twitter:label1\" content=\"Escrito por\" \/>\n\t<meta name=\"twitter:data1\" content=\"Luzimara Fernandes\" \/>\n\t<meta name=\"twitter:label2\" content=\"Est. tempo de leitura\" \/>\n\t<meta name=\"twitter:data2\" content=\"1 minuto\" \/>\n<script type=\"application\/ld+json\" class=\"yoast-schema-graph\">{\"@context\":\"https:\/\/schema.org\",\"@graph\":[{\"@type\":\"Article\",\"@id\":\"https:\/\/jornalfatosenoticias.com.br\/index.php\/2023\/01\/27\/mais-de-cinco-mil-advogados-assinam-carta-contra-reeleicao-de-rodrigo-pacheco-ao-senado\/#article\",\"isPartOf\":{\"@id\":\"https:\/\/jornalfatosenoticias.com.br\/index.php\/2023\/01\/27\/mais-de-cinco-mil-advogados-assinam-carta-contra-reeleicao-de-rodrigo-pacheco-ao-senado\/\"},\"author\":{\"name\":\"Luzimara Fernandes\",\"@id\":\"https:\/\/jornalfatosenoticias.com.br\/#\/schema\/person\/d63837fa13ac8666eb9e74e0985d6f81\"},\"headline\":\"Mais de cinco mil advogados assinam carta contra reelei\u00e7\u00e3o de Rodrigo Pacheco ao Senado\",\"datePublished\":\"2023-01-27T12:32:15+00:00\",\"dateModified\":\"2023-01-27T12:32:16+00:00\",\"mainEntityOfPage\":{\"@id\":\"https:\/\/jornalfatosenoticias.com.br\/index.php\/2023\/01\/27\/mais-de-cinco-mil-advogados-assinam-carta-contra-reeleicao-de-rodrigo-pacheco-ao-senado\/\"},\"wordCount\":204,\"commentCount\":0,\"publisher\":{\"@id\":\"https:\/\/jornalfatosenoticias.com.br\/#organization\"},\"image\":{\"@id\":\"https:\/\/jornalfatosenoticias.com.br\/index.php\/2023\/01\/27\/mais-de-cinco-mil-advogados-assinam-carta-contra-reeleicao-de-rodrigo-pacheco-ao-senado\/#primaryimage\"},\"thumbnailUrl\":\"https:\/\/jornalfatosenoticias.com.br\/wp-content\/uploads\/2023\/01\/RODRIGO-PACHECO.jpg\",\"keywords\":[\"Brasil\",\"carta contra reelei\u00e7\u00e3o de Rodrigo Pacheco\",\"Estado de exce\u00e7\u00e3o\",\"Rodrigo Pacheco\",\"Senado Federal\"],\"articleSection\":[\"Geral\"],\"inLanguage\":\"pt-BR\",\"potentialAction\":[{\"@type\":\"CommentAction\",\"name\":\"Comment\",\"target\":[\"https:\/\/jornalfatosenoticias.com.br\/index.php\/2023\/01\/27\/mais-de-cinco-mil-advogados-assinam-carta-contra-reeleicao-de-rodrigo-pacheco-ao-senado\/#respond\"]}]},{\"@type\":\"WebPage\",\"@id\":\"https:\/\/jornalfatosenoticias.com.br\/index.php\/2023\/01\/27\/mais-de-cinco-mil-advogados-assinam-carta-contra-reeleicao-de-rodrigo-pacheco-ao-senado\/\",\"url\":\"https:\/\/jornalfatosenoticias.com.br\/index.php\/2023\/01\/27\/mais-de-cinco-mil-advogados-assinam-carta-contra-reeleicao-de-rodrigo-pacheco-ao-senado\/\",\"name\":\"Mais de cinco mil advogados assinam carta contra reelei\u00e7\u00e3o de Rodrigo Pacheco ao Senado - Jornal Fatos e Not\u00edcias\",\"isPartOf\":{\"@id\":\"https:\/\/jornalfatosenoticias.com.br\/#website\"},\"primaryImageOfPage\":{\"@id\":\"https:\/\/jornalfatosenoticias.com.br\/index.php\/2023\/01\/27\/mais-de-cinco-mil-advogados-assinam-carta-contra-reeleicao-de-rodrigo-pacheco-ao-senado\/#primaryimage\"},\"image\":{\"@id\":\"https:\/\/jornalfatosenoticias.com.br\/index.php\/2023\/01\/27\/mais-de-cinco-mil-advogados-assinam-carta-contra-reeleicao-de-rodrigo-pacheco-ao-senado\/#primaryimage\"},\"thumbnailUrl\":\"https:\/\/jornalfatosenoticias.com.br\/wp-content\/uploads\/2023\/01\/RODRIGO-PACHECO.jpg\",\"datePublished\":\"2023-01-27T12:32:15+00:00\",\"dateModified\":\"2023-01-27T12:32:16+00:00\",\"breadcrumb\":{\"@id\":\"https:\/\/jornalfatosenoticias.com.br\/index.php\/2023\/01\/27\/mais-de-cinco-mil-advogados-assinam-carta-contra-reeleicao-de-rodrigo-pacheco-ao-senado\/#breadcrumb\"},\"inLanguage\":\"pt-BR\",\"potentialAction\":[{\"@type\":\"ReadAction\",\"target\":[\"https:\/\/jornalfatosenoticias.com.br\/index.php\/2023\/01\/27\/mais-de-cinco-mil-advogados-assinam-carta-contra-reeleicao-de-rodrigo-pacheco-ao-senado\/\"]}]},{\"@type\":\"ImageObject\",\"inLanguage\":\"pt-BR\",\"@id\":\"https:\/\/jornalfatosenoticias.com.br\/index.php\/2023\/01\/27\/mais-de-cinco-mil-advogados-assinam-carta-contra-reeleicao-de-rodrigo-pacheco-ao-senado\/#primaryimage\",\"url\":\"https:\/\/jornalfatosenoticias.com.br\/wp-content\/uploads\/2023\/01\/RODRIGO-PACHECO.jpg\",\"contentUrl\":\"https:\/\/jornalfatosenoticias.com.br\/wp-content\/uploads\/2023\/01\/RODRIGO-PACHECO.jpg\",\"width\":1000,\"height\":666},{\"@type\":\"BreadcrumbList\",\"@id\":\"https:\/\/jornalfatosenoticias.com.br\/index.php\/2023\/01\/27\/mais-de-cinco-mil-advogados-assinam-carta-contra-reeleicao-de-rodrigo-pacheco-ao-senado\/#breadcrumb\",\"itemListElement\":[{\"@type\":\"ListItem\",\"position\":1,\"name\":\"In\u00edcio\",\"item\":\"https:\/\/jornalfatosenoticias.com.br\/\"},{\"@type\":\"ListItem\",\"position\":2,\"name\":\"Mais de cinco mil advogados assinam carta contra reelei\u00e7\u00e3o de Rodrigo Pacheco ao Senado\"}]},{\"@type\":\"WebSite\",\"@id\":\"https:\/\/jornalfatosenoticias.com.br\/#website\",\"url\":\"https:\/\/jornalfatosenoticias.com.br\/\",\"name\":\"Jornal Fatos e Not\u00edcias\",\"description\":\"Not\u00edcias em geral\",\"publisher\":{\"@id\":\"https:\/\/jornalfatosenoticias.com.br\/#organization\"},\"potentialAction\":[{\"@type\":\"SearchAction\",\"target\":{\"@type\":\"EntryPoint\",\"urlTemplate\":\"https:\/\/jornalfatosenoticias.com.br\/?s={search_term_string}\"},\"query-input\":{\"@type\":\"PropertyValueSpecification\",\"valueRequired\":true,\"valueName\":\"search_term_string\"}}],\"inLanguage\":\"pt-BR\"},{\"@type\":\"Organization\",\"@id\":\"https:\/\/jornalfatosenoticias.com.br\/#organization\",\"name\":\"Jornal Fatos e Not\u00edcias\",\"url\":\"https:\/\/jornalfatosenoticias.com.br\/\",\"logo\":{\"@type\":\"ImageObject\",\"inLanguage\":\"pt-BR\",\"@id\":\"https:\/\/jornalfatosenoticias.com.br\/#\/schema\/logo\/image\/\",\"url\":\"https:\/\/jornalfatosenoticias.com.br\/wp-content\/uploads\/2020\/02\/logo120.png\",\"contentUrl\":\"https:\/\/jornalfatosenoticias.com.br\/wp-content\/uploads\/2020\/02\/logo120.png\",\"width\":1227,\"height\":120,\"caption\":\"Jornal Fatos e Not\u00edcias\"},\"image\":{\"@id\":\"https:\/\/jornalfatosenoticias.com.br\/#\/schema\/logo\/image\/\"}},{\"@type\":\"Person\",\"@id\":\"https:\/\/jornalfatosenoticias.com.br\/#\/schema\/person\/d63837fa13ac8666eb9e74e0985d6f81\",\"name\":\"Luzimara Fernandes\",\"image\":{\"@type\":\"ImageObject\",\"inLanguage\":\"pt-BR\",\"@id\":\"https:\/\/jornalfatosenoticias.com.br\/#\/schema\/person\/image\/\",\"url\":\"https:\/\/jornalfatosenoticias.com.br\/wp-content\/uploads\/2025\/05\/EU_portal.jpg\",\"contentUrl\":\"https:\/\/jornalfatosenoticias.com.br\/wp-content\/uploads\/2025\/05\/EU_portal.jpg\",\"caption\":\"Luzimara Fernandes\"},\"description\":\"Jornalista MTB 2358-ES\",\"sameAs\":[\"https:\/\/jornalfatosenoticias.com.br\"],\"url\":\"https:\/\/jornalfatosenoticias.com.br\/index.php\/author\/luzimara\/\"}]}<\/script>\n<!-- \/ Yoast SEO plugin. -->","yoast_head_json":{"title":"Mais de cinco mil advogados assinam carta contra reelei\u00e7\u00e3o de Rodrigo Pacheco ao Senado - Jornal Fatos e Not\u00edcias","robots":{"index":"index","follow":"follow","max-snippet":"max-snippet:-1","max-image-preview":"max-image-preview:large","max-video-preview":"max-video-preview:-1"},"canonical":"https:\/\/jornalfatosenoticias.com.br\/index.php\/2023\/01\/27\/mais-de-cinco-mil-advogados-assinam-carta-contra-reeleicao-de-rodrigo-pacheco-ao-senado\/","og_locale":"pt_BR","og_type":"article","og_title":"Mais de cinco mil advogados assinam carta contra reelei\u00e7\u00e3o de Rodrigo Pacheco ao Senado - Jornal Fatos e Not\u00edcias","og_description":"Grupo alega que o Brasil vive em \u201cEstado de exce\u00e7\u00e3o\u201d por causa do presidente da Casa Um batalh\u00e3o de advogados manifestou, na quarta-feira (25), uma carta contra a reelei\u00e7\u00e3o de Rodrigo Pacheco \u00e0 presid\u00eancia do Senado. O documento re\u00fane mais de cinco mil signat\u00e1rios.O grupo argumenta, entre outras coisas, que Pacheco \u00e9 omisso diante dos [&hellip;]","og_url":"https:\/\/jornalfatosenoticias.com.br\/index.php\/2023\/01\/27\/mais-de-cinco-mil-advogados-assinam-carta-contra-reeleicao-de-rodrigo-pacheco-ao-senado\/","og_site_name":"Jornal Fatos e Not\u00edcias","article_published_time":"2023-01-27T12:32:15+00:00","article_modified_time":"2023-01-27T12:32:16+00:00","og_image":[{"width":1000,"height":666,"url":"https:\/\/jornalfatosenoticias.com.br\/wp-content\/uploads\/2023\/01\/RODRIGO-PACHECO.jpg","type":"image\/jpeg"}],"author":"Luzimara Fernandes","twitter_card":"summary_large_image","twitter_misc":{"Escrito por":"Luzimara Fernandes","Est. tempo de leitura":"1 minuto"},"schema":{"@context":"https:\/\/schema.org","@graph":[{"@type":"Article","@id":"https:\/\/jornalfatosenoticias.com.br\/index.php\/2023\/01\/27\/mais-de-cinco-mil-advogados-assinam-carta-contra-reeleicao-de-rodrigo-pacheco-ao-senado\/#article","isPartOf":{"@id":"https:\/\/jornalfatosenoticias.com.br\/index.php\/2023\/01\/27\/mais-de-cinco-mil-advogados-assinam-carta-contra-reeleicao-de-rodrigo-pacheco-ao-senado\/"},"author":{"name":"Luzimara Fernandes","@id":"https:\/\/jornalfatosenoticias.com.br\/#\/schema\/person\/d63837fa13ac8666eb9e74e0985d6f81"},"headline":"Mais de cinco mil advogados assinam carta contra reelei\u00e7\u00e3o de Rodrigo Pacheco ao Senado","datePublished":"2023-01-27T12:32:15+00:00","dateModified":"2023-01-27T12:32:16+00:00","mainEntityOfPage":{"@id":"https:\/\/jornalfatosenoticias.com.br\/index.php\/2023\/01\/27\/mais-de-cinco-mil-advogados-assinam-carta-contra-reeleicao-de-rodrigo-pacheco-ao-senado\/"},"wordCount":204,"commentCount":0,"publisher":{"@id":"https:\/\/jornalfatosenoticias.com.br\/#organization"},"image":{"@id":"https:\/\/jornalfatosenoticias.com.br\/index.php\/2023\/01\/27\/mais-de-cinco-mil-advogados-assinam-carta-contra-reeleicao-de-rodrigo-pacheco-ao-senado\/#primaryimage"},"thumbnailUrl":"https:\/\/jornalfatosenoticias.com.br\/wp-content\/uploads\/2023\/01\/RODRIGO-PACHECO.jpg","keywords":["Brasil","carta contra reelei\u00e7\u00e3o de Rodrigo Pacheco","Estado de exce\u00e7\u00e3o","Rodrigo Pacheco","Senado Federal"],"articleSection":["Geral"],"inLanguage":"pt-BR","potentialAction":[{"@type":"CommentAction","name":"Comment","target":["https:\/\/jornalfatosenoticias.com.br\/index.php\/2023\/01\/27\/mais-de-cinco-mil-advogados-assinam-carta-contra-reeleicao-de-rodrigo-pacheco-ao-senado\/#respond"]}]},{"@type":"WebPage","@id":"https:\/\/jornalfatosenoticias.com.br\/index.php\/2023\/01\/27\/mais-de-cinco-mil-advogados-assinam-carta-contra-reeleicao-de-rodrigo-pacheco-ao-senado\/","url":"https:\/\/jornalfatosenoticias.com.br\/index.php\/2023\/01\/27\/mais-de-cinco-mil-advogados-assinam-carta-contra-reeleicao-de-rodrigo-pacheco-ao-senado\/","name":"Mais de cinco mil advogados assinam carta contra reelei\u00e7\u00e3o de Rodrigo Pacheco ao Senado - Jornal Fatos e Not\u00edcias","isPartOf":{"@id":"https:\/\/jornalfatosenoticias.com.br\/#website"},"primaryImageOfPage":{"@id":"https:\/\/jornalfatosenoticias.com.br\/index.php\/2023\/01\/27\/mais-de-cinco-mil-advogados-assinam-carta-contra-reeleicao-de-rodrigo-pacheco-ao-senado\/#primaryimage"},"image":{"@id":"https:\/\/jornalfatosenoticias.com.br\/index.php\/2023\/01\/27\/mais-de-cinco-mil-advogados-assinam-carta-contra-reeleicao-de-rodrigo-pacheco-ao-senado\/#primaryimage"},"thumbnailUrl":"https:\/\/jornalfatosenoticias.com.br\/wp-content\/uploads\/2023\/01\/RODRIGO-PACHECO.jpg","datePublished":"2023-01-27T12:32:15+00:00","dateModified":"2023-01-27T12:32:16+00:00","breadcrumb":{"@id":"https:\/\/jornalfatosenoticias.com.br\/index.php\/2023\/01\/27\/mais-de-cinco-mil-advogados-assinam-carta-contra-reeleicao-de-rodrigo-pacheco-ao-senado\/#breadcrumb"},"inLanguage":"pt-BR","potentialAction":[{"@type":"ReadAction","target":["https:\/\/jornalfatosenoticias.com.br\/index.php\/2023\/01\/27\/mais-de-cinco-mil-advogados-assinam-carta-contra-reeleicao-de-rodrigo-pacheco-ao-senado\/"]}]},{"@type":"ImageObject","inLanguage":"pt-BR","@id":"https:\/\/jornalfatosenoticias.com.br\/index.php\/2023\/01\/27\/mais-de-cinco-mil-advogados-assinam-carta-contra-reeleicao-de-rodrigo-pacheco-ao-senado\/#primaryimage","url":"https:\/\/jornalfatosenoticias.com.br\/wp-content\/uploads\/2023\/01\/RODRIGO-PACHECO.jpg","contentUrl":"https:\/\/jornalfatosenoticias.com.br\/wp-content\/uploads\/2023\/01\/RODRIGO-PACHECO.jpg","width":1000,"height":666},{"@type":"BreadcrumbList","@id":"https:\/\/jornalfatosenoticias.com.br\/index.php\/2023\/01\/27\/mais-de-cinco-mil-advogados-assinam-carta-contra-reeleicao-de-rodrigo-pacheco-ao-senado\/#breadcrumb","itemListElement":[{"@type":"ListItem","position":1,"name":"In\u00edcio","item":"https:\/\/jornalfatosenoticias.com.br\/"},{"@type":"ListItem","position":2,"name":"Mais de cinco mil advogados assinam carta contra reelei\u00e7\u00e3o de Rodrigo Pacheco ao Senado"}]},{"@type":"WebSite","@id":"https:\/\/jornalfatosenoticias.com.br\/#website","url":"https:\/\/jornalfatosenoticias.com.br\/","name":"Jornal Fatos e Not\u00edcias","description":"Not\u00edcias em geral","publisher":{"@id":"https:\/\/jornalfatosenoticias.com.br\/#organization"},"potentialAction":[{"@type":"SearchAction","target":{"@type":"EntryPoint","urlTemplate":"https:\/\/jornalfatosenoticias.com.br\/?s={search_term_string}"},"query-input":{"@type":"PropertyValueSpecification","valueRequired":true,"valueName":"search_term_string"}}],"inLanguage":"pt-BR"},{"@type":"Organization","@id":"https:\/\/jornalfatosenoticias.com.br\/#organization","name":"Jornal Fatos e Not\u00edcias","url":"https:\/\/jornalfatosenoticias.com.br\/","logo":{"@type":"ImageObject","inLanguage":"pt-BR","@id":"https:\/\/jornalfatosenoticias.com.br\/#\/schema\/logo\/image\/","url":"https:\/\/jornalfatosenoticias.com.br\/wp-content\/uploads\/2020\/02\/logo120.png","contentUrl":"https:\/\/jornalfatosenoticias.com.br\/wp-content\/uploads\/2020\/02\/logo120.png","width":1227,"height":120,"caption":"Jornal Fatos e Not\u00edcias"},"image":{"@id":"https:\/\/jornalfatosenoticias.com.br\/#\/schema\/logo\/image\/"}},{"@type":"Person","@id":"https:\/\/jornalfatosenoticias.com.br\/#\/schema\/person\/d63837fa13ac8666eb9e74e0985d6f81","name":"Luzimara Fernandes","image":{"@type":"ImageObject","inLanguage":"pt-BR","@id":"https:\/\/jornalfatosenoticias.com.br\/#\/schema\/person\/image\/","url":"https:\/\/jornalfatosenoticias.com.br\/wp-content\/uploads\/2025\/05\/EU_portal.jpg","contentUrl":"https:\/\/jornalfatosenoticias.com.br\/wp-content\/uploads\/2025\/05\/EU_portal.jpg","caption":"Luzimara Fernandes"},"description":"Jornalista MTB 2358-ES","sameAs":["https:\/\/jornalfatosenoticias.com.br"],"url":"https:\/\/jornalfatosenoticias.com.br\/index.php\/author\/luzimara\/"}]}},"cc_featured_image_caption":{"caption_text":"(Foto: Jefferson Rudy\/Ag\u00eancia Senado) ","source_text":"","source_url":""},"jetpack_featured_media_url":"https:\/\/jornalfatosenoticias.com.br\/wp-content\/uploads\/2023\/01\/RODRIGO-PACHECO.jpg","_links":{"self":[{"href":"https:\/\/jornalfatosenoticias.com.br\/index.php\/wp-json\/wp\/v2\/posts\/38248","targetHints":{"allow":["GET"]}}],"collection":[{"href":"https:\/\/jornalfatosenoticias.com.br\/index.php\/wp-json\/wp\/v2\/posts"}],"about":[{"href":"https:\/\/jornalfatosenoticias.com.br\/index.php\/wp-json\/wp\/v2\/types\/post"}],"author":[{"embeddable":true,"href":"https:\/\/jornalfatosenoticias.com.br\/index.php\/wp-json\/wp\/v2\/users\/2"}],"replies":[{"embeddable":true,"href":"https:\/\/jornalfatosenoticias.com.br\/index.php\/wp-json\/wp\/v2\/comments?post=38248"}],"version-history":[{"count":0,"href":"https:\/\/jornalfatosenoticias.com.br\/index.php\/wp-json\/wp\/v2\/posts\/38248\/revisions"}],"wp:featuredmedia":[{"embeddable":true,"href":"https:\/\/jornalfatosenoticias.com.br\/index.php\/wp-json\/wp\/v2\/media\/38249"}],"wp:attachment":[{"href":"https:\/\/jornalfatosenoticias.com.br\/index.php\/wp-json\/wp\/v2\/media?parent=38248"}],"wp:term":[{"taxonomy":"category","embeddable":true,"href":"https:\/\/jornalfatosenoticias.com.br\/index.php\/wp-json\/wp\/v2\/categories?post=38248"},{"taxonomy":"post_tag","embeddable":true,"href":"https:\/\/jornalfatosenoticias.com.br\/index.php\/wp-json\/wp\/v2\/tags?post=38248"}],"curies":[{"name":"wp","href":"https:\/\/api.w.org\/{rel}","templated":true}]}}