{"id":38350,"date":"2023-01-31T09:55:17","date_gmt":"2023-01-31T12:55:17","guid":{"rendered":"https:\/\/jornalfatosenoticias.com.br\/?p=38350"},"modified":"2023-01-31T09:55:17","modified_gmt":"2023-01-31T12:55:17","slug":"general-americano-alerta-que-estados-unidos-podem-entrar-em-guerra-com-a-china","status":"publish","type":"post","link":"https:\/\/jornalfatosenoticias.com.br\/index.php\/2023\/01\/31\/general-americano-alerta-que-estados-unidos-podem-entrar-em-guerra-com-a-china\/","title":{"rendered":"General americano alerta que Estados Unidos podem entrar em guerra com a China"},"content":{"rendered":"\n<p><span class=\"has-inline-color has-black-color\"><em>Avalia\u00e7\u00e3o \u00e9 de general de quatro estrelas da For\u00e7a A\u00e9rea dos EUA<\/em><\/span><\/p>\n\n\n\n<div class=\"wp-block-image\"><figure class=\"aligncenter size-large\"><img loading=\"lazy\" decoding=\"async\" width=\"729\" height=\"90\" src=\"https:\/\/jornalfatosenoticias.com.br\/wp-content\/uploads\/2020\/02\/Logo_Mizu.png\" alt=\"\" class=\"wp-image-1441\" srcset=\"https:\/\/jornalfatosenoticias.com.br\/wp-content\/uploads\/2020\/02\/Logo_Mizu.png 729w, https:\/\/jornalfatosenoticias.com.br\/wp-content\/uploads\/2020\/02\/Logo_Mizu-300x37.png 300w\" sizes=\"auto, (max-width: 729px) 100vw, 729px\" \/><\/figure><\/div>\n\n\n\n<p>Um general de quatro estrelas da For\u00e7a A\u00e9rea americana afirmou em um memorando, na \u00faltima sexta-feira (27), que acredita que os Estados Unidos estar\u00e3o em guerra com a China em 2025.<br>\u201cEspero estar errado\u201d, disse o general Mike Minihan, que lidera o Comando de Mobilidade A\u00e9rea (AMC), em um comunicado interno ao pessoal do AMC. O material foi obtido pela NBC News.<\/p>\n\n\n\n<div class=\"wp-block-image\"><figure class=\"aligncenter size-large\"><img loading=\"lazy\" decoding=\"async\" width=\"300\" height=\"250\" src=\"https:\/\/jornalfatosenoticias.com.br\/wp-content\/uploads\/2022\/08\/arte-Casarao.jpg\" alt=\"\" class=\"wp-image-33178\"\/><\/figure><\/div>\n\n\n\n<figure class=\"wp-block-pullquote\"><blockquote><p><span class=\"has-inline-color has-luminous-vivid-orange-color\">O presidente chin\u00eas Xi [Jinping] garantiu seu terceiro mandato e estabeleceu seu conselho de guerra em outubro de 2022. As elei\u00e7\u00f5es presidenciais de Taiwan s\u00e3o em 2024 e oferecer\u00e3o a Xi um motivo. As elei\u00e7\u00f5es presidenciais dos Estados Unidos s\u00e3o em 2024 e oferecer\u00e3o a Xi uma Am\u00e9rica distra\u00edda. A equipe, a raz\u00e3o e a oportunidade de Xi est\u00e3o todas alinhadas para 2025\u201d, embasou Minihan, refor\u00e7ando sua perspectiva: \u201cMeu instinto me diz que lutaremos em 2025\u201d.<\/span><\/p><\/blockquote><\/figure>\n\n\n\n<div class=\"wp-block-image\"><figure class=\"aligncenter size-large\"><img loading=\"lazy\" decoding=\"async\" width=\"560\" height=\"60\" src=\"https:\/\/jornalfatosenoticias.com.br\/wp-content\/uploads\/2022\/10\/Propaganda-RC-Radiadores-Jornal_page-0001.jpg\" alt=\"\" class=\"wp-image-35270\" srcset=\"https:\/\/jornalfatosenoticias.com.br\/wp-content\/uploads\/2022\/10\/Propaganda-RC-Radiadores-Jornal_page-0001.jpg 560w, https:\/\/jornalfatosenoticias.com.br\/wp-content\/uploads\/2022\/10\/Propaganda-RC-Radiadores-Jornal_page-0001-300x32.jpg 300w\" sizes=\"auto, (max-width: 560px) 100vw, 560px\" \/><\/figure><\/div>\n\n\n\n<p>O general passou a alertar sua equipe para aceitar um risco maior no treinamento em prepara\u00e7\u00e3o para uma \u201cluta na China\u201d. Minihan tamb\u00e9m afirmou que, durante o m\u00eas de fevereiro, todo o pessoal deve \u201cdisparar um pente em um alvo de sete metros com o pleno entendimento de que a letalidade impenitente \u00e9 o que mais importa. Mire na cabe\u00e7a\u201d.<\/p>\n\n\n\n<div class=\"wp-block-image\"><figure class=\"aligncenter size-large is-resized\"><img loading=\"lazy\" decoding=\"async\" src=\"https:\/\/jornalfatosenoticias.com.br\/wp-content\/uploads\/2022\/07\/Logo-Grupo-SEI.jpg\" alt=\"\" class=\"wp-image-31973\" width=\"280\" height=\"147\" srcset=\"https:\/\/jornalfatosenoticias.com.br\/wp-content\/uploads\/2022\/07\/Logo-Grupo-SEI.jpg 713w, https:\/\/jornalfatosenoticias.com.br\/wp-content\/uploads\/2022\/07\/Logo-Grupo-SEI-300x158.jpg 300w\" sizes=\"auto, (max-width: 280px) 100vw, 280px\" \/><\/figure><\/div>\n\n\n\n<p>Aos que est\u00e3o sob seu comando, o militar pediu, inclusive, que todos atualizem seus registros e contatos de emerg\u00eancia para \u201cgarantir que estejam legalmente prontos e preparados\u201d em mar\u00e7o.<br>A AMC conta com cerca de 50 mil militares e quase 500 avi\u00f5es e \u00e9 respons\u00e1vel pelo transporte e reabastecimento, conforme a NBC News.<\/p>\n\n\n\n<div class=\"wp-block-image\"><figure class=\"aligncenter size-large\"><img decoding=\"async\" src=\"https:\/\/jornalfatosenoticias.com.br\/wp-content\/uploads\/2020\/02\/Serra-Grande-1024x160.png\" alt=\"\" class=\"wp-image-7836\"\/><\/figure><\/div>\n\n\n\n<p><strong><em>Fonte: <a href=\"https:\/\/www.conexaopolitica.com.br\/mundo\/general-americano-alerta-que-estados-unidos-podem-entrar-em-guerra-com-a-china\/\">Conex\u00e3o Pol\u00edtica<\/a><\/em><\/strong><\/p>\n","protected":false},"excerpt":{"rendered":"<p>Avalia\u00e7\u00e3o \u00e9 de general de quatro estrelas da For\u00e7a A\u00e9rea dos EUA Um general de quatro estrelas da For\u00e7a A\u00e9rea americana afirmou em um memorando, na \u00faltima sexta-feira (27), que acredita que os Estados Unidos estar\u00e3o em guerra com a China em 2025.\u201cEspero estar errado\u201d, disse o general Mike Minihan, que lidera o Comando de [&hellip;]<\/p>\n","protected":false},"author":2,"featured_media":38351,"comment_status":"open","ping_status":"open","sticky":false,"template":"","format":"standard","meta":{"footnotes":""},"categories":[41],"tags":[85,1751,7956,17956,4491],"class_list":["post-38350","post","type-post","status-publish","format-standard","has-post-thumbnail","hentry","category-internacional","tag-china","tag-estados-unidos","tag-exercito-americano","tag-general","tag-guerra"],"yoast_head":"<!-- This site is optimized with the Yoast SEO plugin v26.5 - https:\/\/yoast.com\/wordpress\/plugins\/seo\/ -->\n<title>General americano alerta que Estados Unidos podem entrar em guerra com a China - Jornal Fatos e Not\u00edcias<\/title>\n<meta name=\"robots\" content=\"index, follow, max-snippet:-1, max-image-preview:large, max-video-preview:-1\" \/>\n<link rel=\"canonical\" href=\"https:\/\/jornalfatosenoticias.com.br\/index.php\/2023\/01\/31\/general-americano-alerta-que-estados-unidos-podem-entrar-em-guerra-com-a-china\/\" \/>\n<meta property=\"og:locale\" content=\"pt_BR\" \/>\n<meta property=\"og:type\" content=\"article\" \/>\n<meta property=\"og:title\" content=\"General americano alerta que Estados Unidos podem entrar em guerra com a China - Jornal Fatos e Not\u00edcias\" \/>\n<meta property=\"og:description\" content=\"Avalia\u00e7\u00e3o \u00e9 de general de quatro estrelas da For\u00e7a A\u00e9rea dos EUA Um general de quatro estrelas da For\u00e7a A\u00e9rea americana afirmou em um memorando, na \u00faltima sexta-feira (27), que acredita que os Estados Unidos estar\u00e3o em guerra com a China em 2025.\u201cEspero estar errado\u201d, disse o general Mike Minihan, que lidera o Comando de [&hellip;]\" \/>\n<meta property=\"og:url\" content=\"https:\/\/jornalfatosenoticias.com.br\/index.php\/2023\/01\/31\/general-americano-alerta-que-estados-unidos-podem-entrar-em-guerra-com-a-china\/\" \/>\n<meta property=\"og:site_name\" content=\"Jornal Fatos e Not\u00edcias\" \/>\n<meta property=\"article:published_time\" content=\"2023-01-31T12:55:17+00:00\" \/>\n<meta property=\"og:image\" content=\"https:\/\/jornalfatosenoticias.com.br\/wp-content\/uploads\/2023\/01\/exercito-americano.jpg\" \/>\n\t<meta property=\"og:image:width\" content=\"1000\" \/>\n\t<meta property=\"og:image:height\" content=\"666\" \/>\n\t<meta property=\"og:image:type\" content=\"image\/jpeg\" \/>\n<meta name=\"author\" content=\"Luzimara Fernandes\" \/>\n<meta name=\"twitter:card\" content=\"summary_large_image\" \/>\n<meta name=\"twitter:label1\" content=\"Escrito por\" \/>\n\t<meta name=\"twitter:data1\" content=\"Luzimara Fernandes\" \/>\n\t<meta name=\"twitter:label2\" content=\"Est. tempo de leitura\" \/>\n\t<meta name=\"twitter:data2\" content=\"1 minuto\" \/>\n<script type=\"application\/ld+json\" class=\"yoast-schema-graph\">{\"@context\":\"https:\/\/schema.org\",\"@graph\":[{\"@type\":\"Article\",\"@id\":\"https:\/\/jornalfatosenoticias.com.br\/index.php\/2023\/01\/31\/general-americano-alerta-que-estados-unidos-podem-entrar-em-guerra-com-a-china\/#article\",\"isPartOf\":{\"@id\":\"https:\/\/jornalfatosenoticias.com.br\/index.php\/2023\/01\/31\/general-americano-alerta-que-estados-unidos-podem-entrar-em-guerra-com-a-china\/\"},\"author\":{\"name\":\"Luzimara Fernandes\",\"@id\":\"https:\/\/jornalfatosenoticias.com.br\/#\/schema\/person\/d63837fa13ac8666eb9e74e0985d6f81\"},\"headline\":\"General americano alerta que Estados Unidos podem entrar em guerra com a China\",\"datePublished\":\"2023-01-31T12:55:17+00:00\",\"mainEntityOfPage\":{\"@id\":\"https:\/\/jornalfatosenoticias.com.br\/index.php\/2023\/01\/31\/general-americano-alerta-que-estados-unidos-podem-entrar-em-guerra-com-a-china\/\"},\"wordCount\":297,\"commentCount\":0,\"publisher\":{\"@id\":\"https:\/\/jornalfatosenoticias.com.br\/#organization\"},\"image\":{\"@id\":\"https:\/\/jornalfatosenoticias.com.br\/index.php\/2023\/01\/31\/general-americano-alerta-que-estados-unidos-podem-entrar-em-guerra-com-a-china\/#primaryimage\"},\"thumbnailUrl\":\"https:\/\/jornalfatosenoticias.com.br\/wp-content\/uploads\/2023\/01\/exercito-americano.jpg\",\"keywords\":[\"china\",\"Estados Unidos\",\"Ex\u00e9rcito americano\",\"general\",\"guerra\"],\"articleSection\":[\"Internacional\"],\"inLanguage\":\"pt-BR\",\"potentialAction\":[{\"@type\":\"CommentAction\",\"name\":\"Comment\",\"target\":[\"https:\/\/jornalfatosenoticias.com.br\/index.php\/2023\/01\/31\/general-americano-alerta-que-estados-unidos-podem-entrar-em-guerra-com-a-china\/#respond\"]}]},{\"@type\":\"WebPage\",\"@id\":\"https:\/\/jornalfatosenoticias.com.br\/index.php\/2023\/01\/31\/general-americano-alerta-que-estados-unidos-podem-entrar-em-guerra-com-a-china\/\",\"url\":\"https:\/\/jornalfatosenoticias.com.br\/index.php\/2023\/01\/31\/general-americano-alerta-que-estados-unidos-podem-entrar-em-guerra-com-a-china\/\",\"name\":\"General americano alerta que Estados Unidos podem entrar em guerra com a China - Jornal Fatos e Not\u00edcias\",\"isPartOf\":{\"@id\":\"https:\/\/jornalfatosenoticias.com.br\/#website\"},\"primaryImageOfPage\":{\"@id\":\"https:\/\/jornalfatosenoticias.com.br\/index.php\/2023\/01\/31\/general-americano-alerta-que-estados-unidos-podem-entrar-em-guerra-com-a-china\/#primaryimage\"},\"image\":{\"@id\":\"https:\/\/jornalfatosenoticias.com.br\/index.php\/2023\/01\/31\/general-americano-alerta-que-estados-unidos-podem-entrar-em-guerra-com-a-china\/#primaryimage\"},\"thumbnailUrl\":\"https:\/\/jornalfatosenoticias.com.br\/wp-content\/uploads\/2023\/01\/exercito-americano.jpg\",\"datePublished\":\"2023-01-31T12:55:17+00:00\",\"breadcrumb\":{\"@id\":\"https:\/\/jornalfatosenoticias.com.br\/index.php\/2023\/01\/31\/general-americano-alerta-que-estados-unidos-podem-entrar-em-guerra-com-a-china\/#breadcrumb\"},\"inLanguage\":\"pt-BR\",\"potentialAction\":[{\"@type\":\"ReadAction\",\"target\":[\"https:\/\/jornalfatosenoticias.com.br\/index.php\/2023\/01\/31\/general-americano-alerta-que-estados-unidos-podem-entrar-em-guerra-com-a-china\/\"]}]},{\"@type\":\"ImageObject\",\"inLanguage\":\"pt-BR\",\"@id\":\"https:\/\/jornalfatosenoticias.com.br\/index.php\/2023\/01\/31\/general-americano-alerta-que-estados-unidos-podem-entrar-em-guerra-com-a-china\/#primaryimage\",\"url\":\"https:\/\/jornalfatosenoticias.com.br\/wp-content\/uploads\/2023\/01\/exercito-americano.jpg\",\"contentUrl\":\"https:\/\/jornalfatosenoticias.com.br\/wp-content\/uploads\/2023\/01\/exercito-americano.jpg\",\"width\":1000,\"height\":666},{\"@type\":\"BreadcrumbList\",\"@id\":\"https:\/\/jornalfatosenoticias.com.br\/index.php\/2023\/01\/31\/general-americano-alerta-que-estados-unidos-podem-entrar-em-guerra-com-a-china\/#breadcrumb\",\"itemListElement\":[{\"@type\":\"ListItem\",\"position\":1,\"name\":\"In\u00edcio\",\"item\":\"https:\/\/jornalfatosenoticias.com.br\/\"},{\"@type\":\"ListItem\",\"position\":2,\"name\":\"General americano alerta que Estados Unidos podem entrar em guerra com a China\"}]},{\"@type\":\"WebSite\",\"@id\":\"https:\/\/jornalfatosenoticias.com.br\/#website\",\"url\":\"https:\/\/jornalfatosenoticias.com.br\/\",\"name\":\"Jornal Fatos e Not\u00edcias\",\"description\":\"Not\u00edcias em geral\",\"publisher\":{\"@id\":\"https:\/\/jornalfatosenoticias.com.br\/#organization\"},\"potentialAction\":[{\"@type\":\"SearchAction\",\"target\":{\"@type\":\"EntryPoint\",\"urlTemplate\":\"https:\/\/jornalfatosenoticias.com.br\/?s={search_term_string}\"},\"query-input\":{\"@type\":\"PropertyValueSpecification\",\"valueRequired\":true,\"valueName\":\"search_term_string\"}}],\"inLanguage\":\"pt-BR\"},{\"@type\":\"Organization\",\"@id\":\"https:\/\/jornalfatosenoticias.com.br\/#organization\",\"name\":\"Jornal Fatos e Not\u00edcias\",\"url\":\"https:\/\/jornalfatosenoticias.com.br\/\",\"logo\":{\"@type\":\"ImageObject\",\"inLanguage\":\"pt-BR\",\"@id\":\"https:\/\/jornalfatosenoticias.com.br\/#\/schema\/logo\/image\/\",\"url\":\"https:\/\/jornalfatosenoticias.com.br\/wp-content\/uploads\/2020\/02\/logo120.png\",\"contentUrl\":\"https:\/\/jornalfatosenoticias.com.br\/wp-content\/uploads\/2020\/02\/logo120.png\",\"width\":1227,\"height\":120,\"caption\":\"Jornal Fatos e Not\u00edcias\"},\"image\":{\"@id\":\"https:\/\/jornalfatosenoticias.com.br\/#\/schema\/logo\/image\/\"}},{\"@type\":\"Person\",\"@id\":\"https:\/\/jornalfatosenoticias.com.br\/#\/schema\/person\/d63837fa13ac8666eb9e74e0985d6f81\",\"name\":\"Luzimara Fernandes\",\"image\":{\"@type\":\"ImageObject\",\"inLanguage\":\"pt-BR\",\"@id\":\"https:\/\/jornalfatosenoticias.com.br\/#\/schema\/person\/image\/\",\"url\":\"https:\/\/jornalfatosenoticias.com.br\/wp-content\/uploads\/2025\/05\/EU_portal.jpg\",\"contentUrl\":\"https:\/\/jornalfatosenoticias.com.br\/wp-content\/uploads\/2025\/05\/EU_portal.jpg\",\"caption\":\"Luzimara Fernandes\"},\"description\":\"Jornalista MTB 2358-ES\",\"sameAs\":[\"https:\/\/jornalfatosenoticias.com.br\"],\"url\":\"https:\/\/jornalfatosenoticias.com.br\/index.php\/author\/luzimara\/\"}]}<\/script>\n<!-- \/ Yoast SEO plugin. -->","yoast_head_json":{"title":"General americano alerta que Estados Unidos podem entrar em guerra com a China - Jornal Fatos e Not\u00edcias","robots":{"index":"index","follow":"follow","max-snippet":"max-snippet:-1","max-image-preview":"max-image-preview:large","max-video-preview":"max-video-preview:-1"},"canonical":"https:\/\/jornalfatosenoticias.com.br\/index.php\/2023\/01\/31\/general-americano-alerta-que-estados-unidos-podem-entrar-em-guerra-com-a-china\/","og_locale":"pt_BR","og_type":"article","og_title":"General americano alerta que Estados Unidos podem entrar em guerra com a China - Jornal Fatos e Not\u00edcias","og_description":"Avalia\u00e7\u00e3o \u00e9 de general de quatro estrelas da For\u00e7a A\u00e9rea dos EUA Um general de quatro estrelas da For\u00e7a A\u00e9rea americana afirmou em um memorando, na \u00faltima sexta-feira (27), que acredita que os Estados Unidos estar\u00e3o em guerra com a China em 2025.\u201cEspero estar errado\u201d, disse o general Mike Minihan, que lidera o Comando de [&hellip;]","og_url":"https:\/\/jornalfatosenoticias.com.br\/index.php\/2023\/01\/31\/general-americano-alerta-que-estados-unidos-podem-entrar-em-guerra-com-a-china\/","og_site_name":"Jornal Fatos e Not\u00edcias","article_published_time":"2023-01-31T12:55:17+00:00","og_image":[{"width":1000,"height":666,"url":"https:\/\/jornalfatosenoticias.com.br\/wp-content\/uploads\/2023\/01\/exercito-americano.jpg","type":"image\/jpeg"}],"author":"Luzimara Fernandes","twitter_card":"summary_large_image","twitter_misc":{"Escrito por":"Luzimara Fernandes","Est. tempo de leitura":"1 minuto"},"schema":{"@context":"https:\/\/schema.org","@graph":[{"@type":"Article","@id":"https:\/\/jornalfatosenoticias.com.br\/index.php\/2023\/01\/31\/general-americano-alerta-que-estados-unidos-podem-entrar-em-guerra-com-a-china\/#article","isPartOf":{"@id":"https:\/\/jornalfatosenoticias.com.br\/index.php\/2023\/01\/31\/general-americano-alerta-que-estados-unidos-podem-entrar-em-guerra-com-a-china\/"},"author":{"name":"Luzimara Fernandes","@id":"https:\/\/jornalfatosenoticias.com.br\/#\/schema\/person\/d63837fa13ac8666eb9e74e0985d6f81"},"headline":"General americano alerta que Estados Unidos podem entrar em guerra com a China","datePublished":"2023-01-31T12:55:17+00:00","mainEntityOfPage":{"@id":"https:\/\/jornalfatosenoticias.com.br\/index.php\/2023\/01\/31\/general-americano-alerta-que-estados-unidos-podem-entrar-em-guerra-com-a-china\/"},"wordCount":297,"commentCount":0,"publisher":{"@id":"https:\/\/jornalfatosenoticias.com.br\/#organization"},"image":{"@id":"https:\/\/jornalfatosenoticias.com.br\/index.php\/2023\/01\/31\/general-americano-alerta-que-estados-unidos-podem-entrar-em-guerra-com-a-china\/#primaryimage"},"thumbnailUrl":"https:\/\/jornalfatosenoticias.com.br\/wp-content\/uploads\/2023\/01\/exercito-americano.jpg","keywords":["china","Estados Unidos","Ex\u00e9rcito americano","general","guerra"],"articleSection":["Internacional"],"inLanguage":"pt-BR","potentialAction":[{"@type":"CommentAction","name":"Comment","target":["https:\/\/jornalfatosenoticias.com.br\/index.php\/2023\/01\/31\/general-americano-alerta-que-estados-unidos-podem-entrar-em-guerra-com-a-china\/#respond"]}]},{"@type":"WebPage","@id":"https:\/\/jornalfatosenoticias.com.br\/index.php\/2023\/01\/31\/general-americano-alerta-que-estados-unidos-podem-entrar-em-guerra-com-a-china\/","url":"https:\/\/jornalfatosenoticias.com.br\/index.php\/2023\/01\/31\/general-americano-alerta-que-estados-unidos-podem-entrar-em-guerra-com-a-china\/","name":"General americano alerta que Estados Unidos podem entrar em guerra com a China - Jornal Fatos e Not\u00edcias","isPartOf":{"@id":"https:\/\/jornalfatosenoticias.com.br\/#website"},"primaryImageOfPage":{"@id":"https:\/\/jornalfatosenoticias.com.br\/index.php\/2023\/01\/31\/general-americano-alerta-que-estados-unidos-podem-entrar-em-guerra-com-a-china\/#primaryimage"},"image":{"@id":"https:\/\/jornalfatosenoticias.com.br\/index.php\/2023\/01\/31\/general-americano-alerta-que-estados-unidos-podem-entrar-em-guerra-com-a-china\/#primaryimage"},"thumbnailUrl":"https:\/\/jornalfatosenoticias.com.br\/wp-content\/uploads\/2023\/01\/exercito-americano.jpg","datePublished":"2023-01-31T12:55:17+00:00","breadcrumb":{"@id":"https:\/\/jornalfatosenoticias.com.br\/index.php\/2023\/01\/31\/general-americano-alerta-que-estados-unidos-podem-entrar-em-guerra-com-a-china\/#breadcrumb"},"inLanguage":"pt-BR","potentialAction":[{"@type":"ReadAction","target":["https:\/\/jornalfatosenoticias.com.br\/index.php\/2023\/01\/31\/general-americano-alerta-que-estados-unidos-podem-entrar-em-guerra-com-a-china\/"]}]},{"@type":"ImageObject","inLanguage":"pt-BR","@id":"https:\/\/jornalfatosenoticias.com.br\/index.php\/2023\/01\/31\/general-americano-alerta-que-estados-unidos-podem-entrar-em-guerra-com-a-china\/#primaryimage","url":"https:\/\/jornalfatosenoticias.com.br\/wp-content\/uploads\/2023\/01\/exercito-americano.jpg","contentUrl":"https:\/\/jornalfatosenoticias.com.br\/wp-content\/uploads\/2023\/01\/exercito-americano.jpg","width":1000,"height":666},{"@type":"BreadcrumbList","@id":"https:\/\/jornalfatosenoticias.com.br\/index.php\/2023\/01\/31\/general-americano-alerta-que-estados-unidos-podem-entrar-em-guerra-com-a-china\/#breadcrumb","itemListElement":[{"@type":"ListItem","position":1,"name":"In\u00edcio","item":"https:\/\/jornalfatosenoticias.com.br\/"},{"@type":"ListItem","position":2,"name":"General americano alerta que Estados Unidos podem entrar em guerra com a China"}]},{"@type":"WebSite","@id":"https:\/\/jornalfatosenoticias.com.br\/#website","url":"https:\/\/jornalfatosenoticias.com.br\/","name":"Jornal Fatos e Not\u00edcias","description":"Not\u00edcias em geral","publisher":{"@id":"https:\/\/jornalfatosenoticias.com.br\/#organization"},"potentialAction":[{"@type":"SearchAction","target":{"@type":"EntryPoint","urlTemplate":"https:\/\/jornalfatosenoticias.com.br\/?s={search_term_string}"},"query-input":{"@type":"PropertyValueSpecification","valueRequired":true,"valueName":"search_term_string"}}],"inLanguage":"pt-BR"},{"@type":"Organization","@id":"https:\/\/jornalfatosenoticias.com.br\/#organization","name":"Jornal Fatos e Not\u00edcias","url":"https:\/\/jornalfatosenoticias.com.br\/","logo":{"@type":"ImageObject","inLanguage":"pt-BR","@id":"https:\/\/jornalfatosenoticias.com.br\/#\/schema\/logo\/image\/","url":"https:\/\/jornalfatosenoticias.com.br\/wp-content\/uploads\/2020\/02\/logo120.png","contentUrl":"https:\/\/jornalfatosenoticias.com.br\/wp-content\/uploads\/2020\/02\/logo120.png","width":1227,"height":120,"caption":"Jornal Fatos e Not\u00edcias"},"image":{"@id":"https:\/\/jornalfatosenoticias.com.br\/#\/schema\/logo\/image\/"}},{"@type":"Person","@id":"https:\/\/jornalfatosenoticias.com.br\/#\/schema\/person\/d63837fa13ac8666eb9e74e0985d6f81","name":"Luzimara Fernandes","image":{"@type":"ImageObject","inLanguage":"pt-BR","@id":"https:\/\/jornalfatosenoticias.com.br\/#\/schema\/person\/image\/","url":"https:\/\/jornalfatosenoticias.com.br\/wp-content\/uploads\/2025\/05\/EU_portal.jpg","contentUrl":"https:\/\/jornalfatosenoticias.com.br\/wp-content\/uploads\/2025\/05\/EU_portal.jpg","caption":"Luzimara Fernandes"},"description":"Jornalista MTB 2358-ES","sameAs":["https:\/\/jornalfatosenoticias.com.br"],"url":"https:\/\/jornalfatosenoticias.com.br\/index.php\/author\/luzimara\/"}]}},"cc_featured_image_caption":{"caption_text":"(Foto: Getty Images)","source_text":"","source_url":""},"jetpack_featured_media_url":"https:\/\/jornalfatosenoticias.com.br\/wp-content\/uploads\/2023\/01\/exercito-americano.jpg","_links":{"self":[{"href":"https:\/\/jornalfatosenoticias.com.br\/index.php\/wp-json\/wp\/v2\/posts\/38350","targetHints":{"allow":["GET"]}}],"collection":[{"href":"https:\/\/jornalfatosenoticias.com.br\/index.php\/wp-json\/wp\/v2\/posts"}],"about":[{"href":"https:\/\/jornalfatosenoticias.com.br\/index.php\/wp-json\/wp\/v2\/types\/post"}],"author":[{"embeddable":true,"href":"https:\/\/jornalfatosenoticias.com.br\/index.php\/wp-json\/wp\/v2\/users\/2"}],"replies":[{"embeddable":true,"href":"https:\/\/jornalfatosenoticias.com.br\/index.php\/wp-json\/wp\/v2\/comments?post=38350"}],"version-history":[{"count":0,"href":"https:\/\/jornalfatosenoticias.com.br\/index.php\/wp-json\/wp\/v2\/posts\/38350\/revisions"}],"wp:featuredmedia":[{"embeddable":true,"href":"https:\/\/jornalfatosenoticias.com.br\/index.php\/wp-json\/wp\/v2\/media\/38351"}],"wp:attachment":[{"href":"https:\/\/jornalfatosenoticias.com.br\/index.php\/wp-json\/wp\/v2\/media?parent=38350"}],"wp:term":[{"taxonomy":"category","embeddable":true,"href":"https:\/\/jornalfatosenoticias.com.br\/index.php\/wp-json\/wp\/v2\/categories?post=38350"},{"taxonomy":"post_tag","embeddable":true,"href":"https:\/\/jornalfatosenoticias.com.br\/index.php\/wp-json\/wp\/v2\/tags?post=38350"}],"curies":[{"name":"wp","href":"https:\/\/api.w.org\/{rel}","templated":true}]}}