{"id":38365,"date":"2023-01-31T10:40:09","date_gmt":"2023-01-31T13:40:09","guid":{"rendered":"https:\/\/jornalfatosenoticias.com.br\/?p=38365"},"modified":"2023-01-31T10:40:10","modified_gmt":"2023-01-31T13:40:10","slug":"anvisa-anuncia-novas-restricoes-de-produtos-para-cabelo","status":"publish","type":"post","link":"https:\/\/jornalfatosenoticias.com.br\/index.php\/2023\/01\/31\/anvisa-anuncia-novas-restricoes-de-produtos-para-cabelo\/","title":{"rendered":"Anvisa anuncia novas restri\u00e7\u00f5es de produtos para cabelo"},"content":{"rendered":"\n<p><em><span class=\"has-inline-color has-black-color\">Ao todo, 11 itens tiveram as vendas suspensas pela ag\u00eancia<\/span><\/em><\/p>\n\n\n\n<div class=\"wp-block-image\"><figure class=\"aligncenter size-large\"><img decoding=\"async\" src=\"https:\/\/jornalfatosenoticias.com.br\/wp-content\/uploads\/2020\/02\/logo-embacia-1-1024x110.jpg\" alt=\"\" class=\"wp-image-33954\"\/><\/figure><\/div>\n\n\n\n<p>A Ag\u00eancia Nacional de Vigil\u00e2ncia Sanit\u00e1ria (Anvisa) determinou nesta quinta (19) a restri\u00e7\u00e3o e o recolhimento de quatro pomadas capilares para modelar tran\u00e7as. Ao todo, a venda de <strong><a href=\"https:\/\/agenciabrasil.ebc.com.br\/saude\/noticia\/2023-01\/anvisa-proibe-fabricacao-de-sete-produtos-para-cabelo\" target=\"_blank\" rel=\"noreferrer noopener\">11 pomadas modeladoras<\/a><\/strong> est\u00e1 suspensa.<\/p>\n\n\n\n<div class=\"wp-block-image\"><figure class=\"aligncenter size-large is-resized\"><img loading=\"lazy\" decoding=\"async\" src=\"https:\/\/jornalfatosenoticias.com.br\/wp-content\/uploads\/2020\/02\/logo-clinica-limoeiro.jpg\" alt=\"\" class=\"wp-image-34610\" width=\"295\" height=\"209\"\/><\/figure><\/div>\n\n\n\n<p>De acordo com a Anvisa, os produtos s\u00e3o alvo de investiga\u00e7\u00e3o por parte da pr\u00f3pria ag\u00eancia reguladora e dos \u00f3rg\u00e3os de Vigil\u00e2ncia Sanit\u00e1ria locais devido a relatos de pacientes sobre a ocorr\u00eancia de eventos adversos graves ap\u00f3s o uso. Todos esses produtos podem oferecer risco \u00e0 sa\u00fade. <\/p>\n\n\n\n<div class=\"wp-block-image\"><figure class=\"aligncenter size-large is-resized\"><img loading=\"lazy\" decoding=\"async\" src=\"https:\/\/jornalfatosenoticias.com.br\/wp-content\/uploads\/2022\/07\/Logo-Grupo-SEI.jpg\" alt=\"\" class=\"wp-image-31973\" width=\"337\" height=\"177\" srcset=\"https:\/\/jornalfatosenoticias.com.br\/wp-content\/uploads\/2022\/07\/Logo-Grupo-SEI.jpg 713w, https:\/\/jornalfatosenoticias.com.br\/wp-content\/uploads\/2022\/07\/Logo-Grupo-SEI-300x158.jpg 300w\" sizes=\"auto, (max-width: 337px) 100vw, 337px\" \/><\/figure><\/div>\n\n\n\n<h3 class=\"wp-block-heading\"><span class=\"has-inline-color has-vivid-red-color\">Confira a lista:<\/span><\/h3>\n\n\n\n<div class=\"wp-block-image\"><figure class=\"aligncenter size-large\"><img loading=\"lazy\" decoding=\"async\" width=\"754\" height=\"745\" src=\"https:\/\/jornalfatosenoticias.com.br\/wp-content\/uploads\/2023\/01\/anvisa2.jpg\" alt=\"\" class=\"wp-image-38366\" srcset=\"https:\/\/jornalfatosenoticias.com.br\/wp-content\/uploads\/2023\/01\/anvisa2.jpg 754w, https:\/\/jornalfatosenoticias.com.br\/wp-content\/uploads\/2023\/01\/anvisa2-300x296.jpg 300w\" sizes=\"auto, (max-width: 754px) 100vw, 754px\" \/><figcaption><em><span class=\"has-inline-color has-black-color\">Anvisa publica a\u00e7\u00f5es de fiscaliza\u00e7\u00e3o para mais produtos para modelar tran\u00e7as (Anvisa)<\/span><\/em><\/figcaption><\/figure><\/div>\n\n\n\n<div class=\"wp-block-image\"><figure class=\"alignleft size-large is-resized\"><img decoding=\"async\" src=\"https:\/\/jornalfatosenoticias.com.br\/wp-content\/uploads\/2022\/08\/logo-locau-veiculos-1024x573.png\" alt=\"\" class=\"wp-image-33078\" width=\"-127\" height=\"-71\"\/><\/figure><\/div>\n\n\n\n<p>A Anvisa explica que a interdi\u00e7\u00e3o do produto \u00e9 uma medida cautelar que visa proteger a sa\u00fade da popula\u00e7\u00e3o em caso de risco \u00e0 sa\u00fade e que permanece vigente enquanto s\u00e3o realizados testes, provas, an\u00e1lises ou outras provid\u00eancias s\u00e3o requeridas para investiga\u00e7\u00e3o mais aprofundada do caso.<\/p>\n\n\n\n<p><strong><span class=\"has-inline-color has-vivid-red-color\">O que fazer se tiver adquirido o produto<br><\/span><\/strong>No caso de o consumidor ter um dos produtos em casa, a recomenda\u00e7\u00e3o \u00e9 que n\u00e3o o utilize e entre em contato com a empresa para verificar a forma de devolu\u00e7\u00e3o.<\/p>\n\n\n\n<div class=\"wp-block-image\"><figure class=\"aligncenter size-large is-resized\"><img loading=\"lazy\" decoding=\"async\" src=\"https:\/\/jornalfatosenoticias.com.br\/wp-content\/uploads\/2020\/02\/casa-do-torresmo_portal.jpg\" alt=\"\" class=\"wp-image-34472\" width=\"272\" height=\"272\" srcset=\"https:\/\/jornalfatosenoticias.com.br\/wp-content\/uploads\/2020\/02\/casa-do-torresmo_portal.jpg 300w, https:\/\/jornalfatosenoticias.com.br\/wp-content\/uploads\/2020\/02\/casa-do-torresmo_portal-150x150.jpg 150w\" sizes=\"auto, (max-width: 272px) 100vw, 272px\" \/><\/figure><\/div>\n\n\n\n<p>Se o produto j\u00e1 tiver sido usado, em caso de qualquer efeito adverso, o conselho da ag\u00eancia \u00e9 procurar imediatamente o servi\u00e7o de sa\u00fade e informar a Anvisa pelas p\u00e1ginas de <strong><a href=\"http:\/\/pesquisa.anvisa.gov.br\/index.php\/368782?lang=pt-BR\" target=\"_blank\" rel=\"noreferrer noopener\">c<\/a><a href=\"https:\/\/pesquisa.anvisa.gov.br\/index.php\/368782?lang=pt-BR\" target=\"_blank\" rel=\"noreferrer noopener\">idad\u00e3o e profissional que maneja o produto<\/a>\u00a0ou de\u00a0<a href=\"https:\/\/www8.anvisa.gov.br\/notivisa\/frmLogin.asp\" target=\"_blank\" rel=\"noreferrer noopener\">empresas e profissionais da sa\u00fade<\/a>.<\/strong><\/p>\n\n\n\n<div class=\"wp-block-image\"><figure class=\"aligncenter size-large\"><img decoding=\"async\" src=\"https:\/\/jornalfatosenoticias.com.br\/wp-content\/uploads\/2020\/02\/logo_esteio.jpg\" alt=\"\" class=\"wp-image-1214\"\/><\/figure><\/div>\n\n\n\n<p><strong><em>Fonte: <a href=\"https:\/\/agenciabrasil.ebc.com.br\/saude\/noticia\/2023-01\/anvisa-anuncia-novas-restricoes-de-produtos-para-cabelo\">Ag\u00eancia Brasil<\/a><\/em><\/strong><\/p>\n","protected":false},"excerpt":{"rendered":"<p>Ao todo, 11 itens tiveram as vendas suspensas pela ag\u00eancia A Ag\u00eancia Nacional de Vigil\u00e2ncia Sanit\u00e1ria (Anvisa) determinou nesta quinta (19) a restri\u00e7\u00e3o e o recolhimento de quatro pomadas capilares para modelar tran\u00e7as. Ao todo, a venda de 11 pomadas modeladoras est\u00e1 suspensa. De acordo com a Anvisa, os produtos s\u00e3o alvo de investiga\u00e7\u00e3o por [&hellip;]<\/p>\n","protected":false},"author":2,"featured_media":38367,"comment_status":"open","ping_status":"open","sticky":false,"template":"","format":"standard","meta":{"footnotes":""},"categories":[11],"tags":[1209,17966,17967],"class_list":["post-38365","post","type-post","status-publish","format-standard","has-post-thumbnail","hentry","category-saude","tag-anvisa","tag-pomada-para-cabelo","tag-produtos-para-cabelo"],"yoast_head":"<!-- This site is optimized with the Yoast SEO plugin v26.5 - https:\/\/yoast.com\/wordpress\/plugins\/seo\/ -->\n<title>Anvisa anuncia novas restri\u00e7\u00f5es de produtos para cabelo - Jornal Fatos e Not\u00edcias<\/title>\n<meta name=\"robots\" content=\"index, follow, max-snippet:-1, max-image-preview:large, max-video-preview:-1\" \/>\n<link rel=\"canonical\" href=\"https:\/\/jornalfatosenoticias.com.br\/index.php\/2023\/01\/31\/anvisa-anuncia-novas-restricoes-de-produtos-para-cabelo\/\" \/>\n<meta property=\"og:locale\" content=\"pt_BR\" \/>\n<meta property=\"og:type\" content=\"article\" \/>\n<meta property=\"og:title\" content=\"Anvisa anuncia novas restri\u00e7\u00f5es de produtos para cabelo - Jornal Fatos e Not\u00edcias\" \/>\n<meta property=\"og:description\" content=\"Ao todo, 11 itens tiveram as vendas suspensas pela ag\u00eancia A Ag\u00eancia Nacional de Vigil\u00e2ncia Sanit\u00e1ria (Anvisa) determinou nesta quinta (19) a restri\u00e7\u00e3o e o recolhimento de quatro pomadas capilares para modelar tran\u00e7as. Ao todo, a venda de 11 pomadas modeladoras est\u00e1 suspensa. De acordo com a Anvisa, os produtos s\u00e3o alvo de investiga\u00e7\u00e3o por [&hellip;]\" \/>\n<meta property=\"og:url\" content=\"https:\/\/jornalfatosenoticias.com.br\/index.php\/2023\/01\/31\/anvisa-anuncia-novas-restricoes-de-produtos-para-cabelo\/\" \/>\n<meta property=\"og:site_name\" content=\"Jornal Fatos e Not\u00edcias\" \/>\n<meta property=\"article:published_time\" content=\"2023-01-31T13:40:09+00:00\" \/>\n<meta property=\"article:modified_time\" content=\"2023-01-31T13:40:10+00:00\" \/>\n<meta property=\"og:image\" content=\"https:\/\/jornalfatosenoticias.com.br\/wp-content\/uploads\/2023\/01\/sede_anvisa.jpg\" \/>\n\t<meta property=\"og:image:width\" content=\"1000\" \/>\n\t<meta property=\"og:image:height\" content=\"598\" \/>\n\t<meta property=\"og:image:type\" content=\"image\/jpeg\" \/>\n<meta name=\"author\" content=\"Luzimara Fernandes\" \/>\n<meta name=\"twitter:card\" content=\"summary_large_image\" \/>\n<meta name=\"twitter:label1\" content=\"Escrito por\" \/>\n\t<meta name=\"twitter:data1\" content=\"Luzimara Fernandes\" \/>\n\t<meta name=\"twitter:label2\" content=\"Est. tempo de leitura\" \/>\n\t<meta name=\"twitter:data2\" content=\"1 minuto\" \/>\n<script type=\"application\/ld+json\" class=\"yoast-schema-graph\">{\"@context\":\"https:\/\/schema.org\",\"@graph\":[{\"@type\":\"Article\",\"@id\":\"https:\/\/jornalfatosenoticias.com.br\/index.php\/2023\/01\/31\/anvisa-anuncia-novas-restricoes-de-produtos-para-cabelo\/#article\",\"isPartOf\":{\"@id\":\"https:\/\/jornalfatosenoticias.com.br\/index.php\/2023\/01\/31\/anvisa-anuncia-novas-restricoes-de-produtos-para-cabelo\/\"},\"author\":{\"name\":\"Luzimara Fernandes\",\"@id\":\"https:\/\/jornalfatosenoticias.com.br\/#\/schema\/person\/d63837fa13ac8666eb9e74e0985d6f81\"},\"headline\":\"Anvisa anuncia novas restri\u00e7\u00f5es de produtos para cabelo\",\"datePublished\":\"2023-01-31T13:40:09+00:00\",\"dateModified\":\"2023-01-31T13:40:10+00:00\",\"mainEntityOfPage\":{\"@id\":\"https:\/\/jornalfatosenoticias.com.br\/index.php\/2023\/01\/31\/anvisa-anuncia-novas-restricoes-de-produtos-para-cabelo\/\"},\"wordCount\":278,\"commentCount\":0,\"publisher\":{\"@id\":\"https:\/\/jornalfatosenoticias.com.br\/#organization\"},\"image\":{\"@id\":\"https:\/\/jornalfatosenoticias.com.br\/index.php\/2023\/01\/31\/anvisa-anuncia-novas-restricoes-de-produtos-para-cabelo\/#primaryimage\"},\"thumbnailUrl\":\"https:\/\/jornalfatosenoticias.com.br\/wp-content\/uploads\/2023\/01\/sede_anvisa.jpg\",\"keywords\":[\"Anvisa\",\"pomada para cabelo\",\"produtos para cabelo\"],\"articleSection\":[\"Sa\u00fade\"],\"inLanguage\":\"pt-BR\",\"potentialAction\":[{\"@type\":\"CommentAction\",\"name\":\"Comment\",\"target\":[\"https:\/\/jornalfatosenoticias.com.br\/index.php\/2023\/01\/31\/anvisa-anuncia-novas-restricoes-de-produtos-para-cabelo\/#respond\"]}]},{\"@type\":\"WebPage\",\"@id\":\"https:\/\/jornalfatosenoticias.com.br\/index.php\/2023\/01\/31\/anvisa-anuncia-novas-restricoes-de-produtos-para-cabelo\/\",\"url\":\"https:\/\/jornalfatosenoticias.com.br\/index.php\/2023\/01\/31\/anvisa-anuncia-novas-restricoes-de-produtos-para-cabelo\/\",\"name\":\"Anvisa anuncia novas restri\u00e7\u00f5es de produtos para cabelo - Jornal Fatos e Not\u00edcias\",\"isPartOf\":{\"@id\":\"https:\/\/jornalfatosenoticias.com.br\/#website\"},\"primaryImageOfPage\":{\"@id\":\"https:\/\/jornalfatosenoticias.com.br\/index.php\/2023\/01\/31\/anvisa-anuncia-novas-restricoes-de-produtos-para-cabelo\/#primaryimage\"},\"image\":{\"@id\":\"https:\/\/jornalfatosenoticias.com.br\/index.php\/2023\/01\/31\/anvisa-anuncia-novas-restricoes-de-produtos-para-cabelo\/#primaryimage\"},\"thumbnailUrl\":\"https:\/\/jornalfatosenoticias.com.br\/wp-content\/uploads\/2023\/01\/sede_anvisa.jpg\",\"datePublished\":\"2023-01-31T13:40:09+00:00\",\"dateModified\":\"2023-01-31T13:40:10+00:00\",\"breadcrumb\":{\"@id\":\"https:\/\/jornalfatosenoticias.com.br\/index.php\/2023\/01\/31\/anvisa-anuncia-novas-restricoes-de-produtos-para-cabelo\/#breadcrumb\"},\"inLanguage\":\"pt-BR\",\"potentialAction\":[{\"@type\":\"ReadAction\",\"target\":[\"https:\/\/jornalfatosenoticias.com.br\/index.php\/2023\/01\/31\/anvisa-anuncia-novas-restricoes-de-produtos-para-cabelo\/\"]}]},{\"@type\":\"ImageObject\",\"inLanguage\":\"pt-BR\",\"@id\":\"https:\/\/jornalfatosenoticias.com.br\/index.php\/2023\/01\/31\/anvisa-anuncia-novas-restricoes-de-produtos-para-cabelo\/#primaryimage\",\"url\":\"https:\/\/jornalfatosenoticias.com.br\/wp-content\/uploads\/2023\/01\/sede_anvisa.jpg\",\"contentUrl\":\"https:\/\/jornalfatosenoticias.com.br\/wp-content\/uploads\/2023\/01\/sede_anvisa.jpg\",\"width\":1000,\"height\":598,\"caption\":\"Fachada do edif\u00edcio sede da Ag\u00eancia Nacional de Vigil\u00e2ncia Sanit\u00e1ria (Anvisa).\"},{\"@type\":\"BreadcrumbList\",\"@id\":\"https:\/\/jornalfatosenoticias.com.br\/index.php\/2023\/01\/31\/anvisa-anuncia-novas-restricoes-de-produtos-para-cabelo\/#breadcrumb\",\"itemListElement\":[{\"@type\":\"ListItem\",\"position\":1,\"name\":\"In\u00edcio\",\"item\":\"https:\/\/jornalfatosenoticias.com.br\/\"},{\"@type\":\"ListItem\",\"position\":2,\"name\":\"Anvisa anuncia novas restri\u00e7\u00f5es de produtos para cabelo\"}]},{\"@type\":\"WebSite\",\"@id\":\"https:\/\/jornalfatosenoticias.com.br\/#website\",\"url\":\"https:\/\/jornalfatosenoticias.com.br\/\",\"name\":\"Jornal Fatos e Not\u00edcias\",\"description\":\"Not\u00edcias em geral\",\"publisher\":{\"@id\":\"https:\/\/jornalfatosenoticias.com.br\/#organization\"},\"potentialAction\":[{\"@type\":\"SearchAction\",\"target\":{\"@type\":\"EntryPoint\",\"urlTemplate\":\"https:\/\/jornalfatosenoticias.com.br\/?s={search_term_string}\"},\"query-input\":{\"@type\":\"PropertyValueSpecification\",\"valueRequired\":true,\"valueName\":\"search_term_string\"}}],\"inLanguage\":\"pt-BR\"},{\"@type\":\"Organization\",\"@id\":\"https:\/\/jornalfatosenoticias.com.br\/#organization\",\"name\":\"Jornal Fatos e Not\u00edcias\",\"url\":\"https:\/\/jornalfatosenoticias.com.br\/\",\"logo\":{\"@type\":\"ImageObject\",\"inLanguage\":\"pt-BR\",\"@id\":\"https:\/\/jornalfatosenoticias.com.br\/#\/schema\/logo\/image\/\",\"url\":\"https:\/\/jornalfatosenoticias.com.br\/wp-content\/uploads\/2020\/02\/logo120.png\",\"contentUrl\":\"https:\/\/jornalfatosenoticias.com.br\/wp-content\/uploads\/2020\/02\/logo120.png\",\"width\":1227,\"height\":120,\"caption\":\"Jornal Fatos e Not\u00edcias\"},\"image\":{\"@id\":\"https:\/\/jornalfatosenoticias.com.br\/#\/schema\/logo\/image\/\"}},{\"@type\":\"Person\",\"@id\":\"https:\/\/jornalfatosenoticias.com.br\/#\/schema\/person\/d63837fa13ac8666eb9e74e0985d6f81\",\"name\":\"Luzimara Fernandes\",\"image\":{\"@type\":\"ImageObject\",\"inLanguage\":\"pt-BR\",\"@id\":\"https:\/\/jornalfatosenoticias.com.br\/#\/schema\/person\/image\/\",\"url\":\"https:\/\/jornalfatosenoticias.com.br\/wp-content\/uploads\/2025\/05\/EU_portal.jpg\",\"contentUrl\":\"https:\/\/jornalfatosenoticias.com.br\/wp-content\/uploads\/2025\/05\/EU_portal.jpg\",\"caption\":\"Luzimara Fernandes\"},\"description\":\"Jornalista MTB 2358-ES\",\"sameAs\":[\"https:\/\/jornalfatosenoticias.com.br\"],\"url\":\"https:\/\/jornalfatosenoticias.com.br\/index.php\/author\/luzimara\/\"}]}<\/script>\n<!-- \/ Yoast SEO plugin. -->","yoast_head_json":{"title":"Anvisa anuncia novas restri\u00e7\u00f5es de produtos para cabelo - Jornal Fatos e Not\u00edcias","robots":{"index":"index","follow":"follow","max-snippet":"max-snippet:-1","max-image-preview":"max-image-preview:large","max-video-preview":"max-video-preview:-1"},"canonical":"https:\/\/jornalfatosenoticias.com.br\/index.php\/2023\/01\/31\/anvisa-anuncia-novas-restricoes-de-produtos-para-cabelo\/","og_locale":"pt_BR","og_type":"article","og_title":"Anvisa anuncia novas restri\u00e7\u00f5es de produtos para cabelo - Jornal Fatos e Not\u00edcias","og_description":"Ao todo, 11 itens tiveram as vendas suspensas pela ag\u00eancia A Ag\u00eancia Nacional de Vigil\u00e2ncia Sanit\u00e1ria (Anvisa) determinou nesta quinta (19) a restri\u00e7\u00e3o e o recolhimento de quatro pomadas capilares para modelar tran\u00e7as. Ao todo, a venda de 11 pomadas modeladoras est\u00e1 suspensa. De acordo com a Anvisa, os produtos s\u00e3o alvo de investiga\u00e7\u00e3o por [&hellip;]","og_url":"https:\/\/jornalfatosenoticias.com.br\/index.php\/2023\/01\/31\/anvisa-anuncia-novas-restricoes-de-produtos-para-cabelo\/","og_site_name":"Jornal Fatos e Not\u00edcias","article_published_time":"2023-01-31T13:40:09+00:00","article_modified_time":"2023-01-31T13:40:10+00:00","og_image":[{"width":1000,"height":598,"url":"https:\/\/jornalfatosenoticias.com.br\/wp-content\/uploads\/2023\/01\/sede_anvisa.jpg","type":"image\/jpeg"}],"author":"Luzimara Fernandes","twitter_card":"summary_large_image","twitter_misc":{"Escrito por":"Luzimara Fernandes","Est. tempo de leitura":"1 minuto"},"schema":{"@context":"https:\/\/schema.org","@graph":[{"@type":"Article","@id":"https:\/\/jornalfatosenoticias.com.br\/index.php\/2023\/01\/31\/anvisa-anuncia-novas-restricoes-de-produtos-para-cabelo\/#article","isPartOf":{"@id":"https:\/\/jornalfatosenoticias.com.br\/index.php\/2023\/01\/31\/anvisa-anuncia-novas-restricoes-de-produtos-para-cabelo\/"},"author":{"name":"Luzimara Fernandes","@id":"https:\/\/jornalfatosenoticias.com.br\/#\/schema\/person\/d63837fa13ac8666eb9e74e0985d6f81"},"headline":"Anvisa anuncia novas restri\u00e7\u00f5es de produtos para cabelo","datePublished":"2023-01-31T13:40:09+00:00","dateModified":"2023-01-31T13:40:10+00:00","mainEntityOfPage":{"@id":"https:\/\/jornalfatosenoticias.com.br\/index.php\/2023\/01\/31\/anvisa-anuncia-novas-restricoes-de-produtos-para-cabelo\/"},"wordCount":278,"commentCount":0,"publisher":{"@id":"https:\/\/jornalfatosenoticias.com.br\/#organization"},"image":{"@id":"https:\/\/jornalfatosenoticias.com.br\/index.php\/2023\/01\/31\/anvisa-anuncia-novas-restricoes-de-produtos-para-cabelo\/#primaryimage"},"thumbnailUrl":"https:\/\/jornalfatosenoticias.com.br\/wp-content\/uploads\/2023\/01\/sede_anvisa.jpg","keywords":["Anvisa","pomada para cabelo","produtos para cabelo"],"articleSection":["Sa\u00fade"],"inLanguage":"pt-BR","potentialAction":[{"@type":"CommentAction","name":"Comment","target":["https:\/\/jornalfatosenoticias.com.br\/index.php\/2023\/01\/31\/anvisa-anuncia-novas-restricoes-de-produtos-para-cabelo\/#respond"]}]},{"@type":"WebPage","@id":"https:\/\/jornalfatosenoticias.com.br\/index.php\/2023\/01\/31\/anvisa-anuncia-novas-restricoes-de-produtos-para-cabelo\/","url":"https:\/\/jornalfatosenoticias.com.br\/index.php\/2023\/01\/31\/anvisa-anuncia-novas-restricoes-de-produtos-para-cabelo\/","name":"Anvisa anuncia novas restri\u00e7\u00f5es de produtos para cabelo - Jornal Fatos e Not\u00edcias","isPartOf":{"@id":"https:\/\/jornalfatosenoticias.com.br\/#website"},"primaryImageOfPage":{"@id":"https:\/\/jornalfatosenoticias.com.br\/index.php\/2023\/01\/31\/anvisa-anuncia-novas-restricoes-de-produtos-para-cabelo\/#primaryimage"},"image":{"@id":"https:\/\/jornalfatosenoticias.com.br\/index.php\/2023\/01\/31\/anvisa-anuncia-novas-restricoes-de-produtos-para-cabelo\/#primaryimage"},"thumbnailUrl":"https:\/\/jornalfatosenoticias.com.br\/wp-content\/uploads\/2023\/01\/sede_anvisa.jpg","datePublished":"2023-01-31T13:40:09+00:00","dateModified":"2023-01-31T13:40:10+00:00","breadcrumb":{"@id":"https:\/\/jornalfatosenoticias.com.br\/index.php\/2023\/01\/31\/anvisa-anuncia-novas-restricoes-de-produtos-para-cabelo\/#breadcrumb"},"inLanguage":"pt-BR","potentialAction":[{"@type":"ReadAction","target":["https:\/\/jornalfatosenoticias.com.br\/index.php\/2023\/01\/31\/anvisa-anuncia-novas-restricoes-de-produtos-para-cabelo\/"]}]},{"@type":"ImageObject","inLanguage":"pt-BR","@id":"https:\/\/jornalfatosenoticias.com.br\/index.php\/2023\/01\/31\/anvisa-anuncia-novas-restricoes-de-produtos-para-cabelo\/#primaryimage","url":"https:\/\/jornalfatosenoticias.com.br\/wp-content\/uploads\/2023\/01\/sede_anvisa.jpg","contentUrl":"https:\/\/jornalfatosenoticias.com.br\/wp-content\/uploads\/2023\/01\/sede_anvisa.jpg","width":1000,"height":598,"caption":"Fachada do edif\u00edcio sede da Ag\u00eancia Nacional de Vigil\u00e2ncia Sanit\u00e1ria (Anvisa)."},{"@type":"BreadcrumbList","@id":"https:\/\/jornalfatosenoticias.com.br\/index.php\/2023\/01\/31\/anvisa-anuncia-novas-restricoes-de-produtos-para-cabelo\/#breadcrumb","itemListElement":[{"@type":"ListItem","position":1,"name":"In\u00edcio","item":"https:\/\/jornalfatosenoticias.com.br\/"},{"@type":"ListItem","position":2,"name":"Anvisa anuncia novas restri\u00e7\u00f5es de produtos para cabelo"}]},{"@type":"WebSite","@id":"https:\/\/jornalfatosenoticias.com.br\/#website","url":"https:\/\/jornalfatosenoticias.com.br\/","name":"Jornal Fatos e Not\u00edcias","description":"Not\u00edcias em geral","publisher":{"@id":"https:\/\/jornalfatosenoticias.com.br\/#organization"},"potentialAction":[{"@type":"SearchAction","target":{"@type":"EntryPoint","urlTemplate":"https:\/\/jornalfatosenoticias.com.br\/?s={search_term_string}"},"query-input":{"@type":"PropertyValueSpecification","valueRequired":true,"valueName":"search_term_string"}}],"inLanguage":"pt-BR"},{"@type":"Organization","@id":"https:\/\/jornalfatosenoticias.com.br\/#organization","name":"Jornal Fatos e Not\u00edcias","url":"https:\/\/jornalfatosenoticias.com.br\/","logo":{"@type":"ImageObject","inLanguage":"pt-BR","@id":"https:\/\/jornalfatosenoticias.com.br\/#\/schema\/logo\/image\/","url":"https:\/\/jornalfatosenoticias.com.br\/wp-content\/uploads\/2020\/02\/logo120.png","contentUrl":"https:\/\/jornalfatosenoticias.com.br\/wp-content\/uploads\/2020\/02\/logo120.png","width":1227,"height":120,"caption":"Jornal Fatos e Not\u00edcias"},"image":{"@id":"https:\/\/jornalfatosenoticias.com.br\/#\/schema\/logo\/image\/"}},{"@type":"Person","@id":"https:\/\/jornalfatosenoticias.com.br\/#\/schema\/person\/d63837fa13ac8666eb9e74e0985d6f81","name":"Luzimara Fernandes","image":{"@type":"ImageObject","inLanguage":"pt-BR","@id":"https:\/\/jornalfatosenoticias.com.br\/#\/schema\/person\/image\/","url":"https:\/\/jornalfatosenoticias.com.br\/wp-content\/uploads\/2025\/05\/EU_portal.jpg","contentUrl":"https:\/\/jornalfatosenoticias.com.br\/wp-content\/uploads\/2025\/05\/EU_portal.jpg","caption":"Luzimara Fernandes"},"description":"Jornalista MTB 2358-ES","sameAs":["https:\/\/jornalfatosenoticias.com.br"],"url":"https:\/\/jornalfatosenoticias.com.br\/index.php\/author\/luzimara\/"}]}},"cc_featured_image_caption":{"caption_text":"(Foto: Marcelo Camargo\/Ag\u00eancia Brasil)","source_text":"","source_url":""},"jetpack_featured_media_url":"https:\/\/jornalfatosenoticias.com.br\/wp-content\/uploads\/2023\/01\/sede_anvisa.jpg","_links":{"self":[{"href":"https:\/\/jornalfatosenoticias.com.br\/index.php\/wp-json\/wp\/v2\/posts\/38365","targetHints":{"allow":["GET"]}}],"collection":[{"href":"https:\/\/jornalfatosenoticias.com.br\/index.php\/wp-json\/wp\/v2\/posts"}],"about":[{"href":"https:\/\/jornalfatosenoticias.com.br\/index.php\/wp-json\/wp\/v2\/types\/post"}],"author":[{"embeddable":true,"href":"https:\/\/jornalfatosenoticias.com.br\/index.php\/wp-json\/wp\/v2\/users\/2"}],"replies":[{"embeddable":true,"href":"https:\/\/jornalfatosenoticias.com.br\/index.php\/wp-json\/wp\/v2\/comments?post=38365"}],"version-history":[{"count":0,"href":"https:\/\/jornalfatosenoticias.com.br\/index.php\/wp-json\/wp\/v2\/posts\/38365\/revisions"}],"wp:featuredmedia":[{"embeddable":true,"href":"https:\/\/jornalfatosenoticias.com.br\/index.php\/wp-json\/wp\/v2\/media\/38367"}],"wp:attachment":[{"href":"https:\/\/jornalfatosenoticias.com.br\/index.php\/wp-json\/wp\/v2\/media?parent=38365"}],"wp:term":[{"taxonomy":"category","embeddable":true,"href":"https:\/\/jornalfatosenoticias.com.br\/index.php\/wp-json\/wp\/v2\/categories?post=38365"},{"taxonomy":"post_tag","embeddable":true,"href":"https:\/\/jornalfatosenoticias.com.br\/index.php\/wp-json\/wp\/v2\/tags?post=38365"}],"curies":[{"name":"wp","href":"https:\/\/api.w.org\/{rel}","templated":true}]}}