{"id":38369,"date":"2023-01-31T11:01:35","date_gmt":"2023-01-31T14:01:35","guid":{"rendered":"https:\/\/jornalfatosenoticias.com.br\/?p=38369"},"modified":"2023-01-31T11:01:36","modified_gmt":"2023-01-31T14:01:36","slug":"volta-as-aulas-ano-letivo-na-rede-de-vitoria-comeca-no-dia-6-de-fevereiro","status":"publish","type":"post","link":"https:\/\/jornalfatosenoticias.com.br\/index.php\/2023\/01\/31\/volta-as-aulas-ano-letivo-na-rede-de-vitoria-comeca-no-dia-6-de-fevereiro\/","title":{"rendered":"Volta \u00e0s aulas: ano letivo na rede de Vit\u00f3ria come\u00e7a no dia 6 de fevereiro"},"content":{"rendered":"\n<p><em><span class=\"has-inline-color has-black-color\">Neste ano, ser\u00e3o 200 dias letivos previstos no calend\u00e1rio escolar com foco no direito \u00e0 aprendizagem<\/span><\/em><\/p>\n\n\n\n<div class=\"wp-block-image\"><figure class=\"aligncenter size-large\"><img loading=\"lazy\" decoding=\"async\" width=\"1024\" height=\"100\" src=\"https:\/\/jornalfatosenoticias.com.br\/wp-content\/uploads\/2022\/05\/NOVA-LOGO-CESCONETTO-1024x100.jpg\" alt=\"\" class=\"wp-image-30792\" srcset=\"https:\/\/jornalfatosenoticias.com.br\/wp-content\/uploads\/2022\/05\/NOVA-LOGO-CESCONETTO-1024x100.jpg 1024w, https:\/\/jornalfatosenoticias.com.br\/wp-content\/uploads\/2022\/05\/NOVA-LOGO-CESCONETTO-300x29.jpg 300w, https:\/\/jornalfatosenoticias.com.br\/wp-content\/uploads\/2022\/05\/NOVA-LOGO-CESCONETTO-768x75.jpg 768w, https:\/\/jornalfatosenoticias.com.br\/wp-content\/uploads\/2022\/05\/NOVA-LOGO-CESCONETTO.jpg 1280w\" sizes=\"auto, (max-width: 1024px) 100vw, 1024px\" \/><\/figure><\/div>\n\n\n\n<p>O ano letivo de 2023 na rede municipal de Vit\u00f3ria come\u00e7a no pr\u00f3ximo dia 6 de fevereiro para as crian\u00e7as da Educa\u00e7\u00e3o Infantil e os estudantes do ensino fundamental e da educa\u00e7\u00e3o de jovens e adultos, nas 103 unidades de ensino da capital capixaba.<br>Ser\u00e3o 200 dias letivos previstos no calend\u00e1rio escolar, com foco em garantir o direito \u00e0 aprendizagem de cada um dos mais de 40 mil matriculados na rede. Os hor\u00e1rios de entrada e sa\u00edda permanecem os mesmos do ano passado.<\/p>\n\n\n\n<div class=\"wp-block-image\"><figure class=\"aligncenter size-large is-resized\"><img loading=\"lazy\" decoding=\"async\" src=\"https:\/\/jornalfatosenoticias.com.br\/wp-content\/uploads\/2020\/02\/casa-do-torresmo_portal.jpg\" alt=\"\" class=\"wp-image-34472\" width=\"285\" height=\"285\" srcset=\"https:\/\/jornalfatosenoticias.com.br\/wp-content\/uploads\/2020\/02\/casa-do-torresmo_portal.jpg 300w, https:\/\/jornalfatosenoticias.com.br\/wp-content\/uploads\/2020\/02\/casa-do-torresmo_portal-150x150.jpg 150w\" sizes=\"auto, (max-width: 285px) 100vw, 285px\" \/><\/figure><\/div>\n\n\n\n<p><span style=\"text-decoration: underline;\"><strong><span class=\"has-inline-color has-vivid-red-color\">Educa\u00e7\u00e3o Infantil e Ensino Fundamental<\/span><\/strong><\/span><\/p>\n\n\n\n<ul class=\"wp-block-list\"><li>Matutino: das 7h \u00e0s 12 horas<\/li><li>Vespertino: das 13h \u00e0s 18 horas<\/li><\/ul>\n\n\n\n<p><strong><span class=\"has-inline-color has-vivid-red-color\"><span style=\"text-decoration: underline;\">Tempo Integral<\/span><\/span><\/strong><\/p>\n\n\n\n<ul class=\"wp-block-list\"><li>Hor\u00e1rio: entrada \u00e0s 7h e sa\u00edda \u00e0s 16 horas<\/li><\/ul>\n\n\n\n<p><strong><span class=\"has-inline-color has-vivid-red-color\"><span style=\"text-decoration: underline;\">Educa\u00e7\u00e3o de Jovens e Adultos (EJA)<\/span><\/span><\/strong><\/p>\n\n\n\n<ul class=\"wp-block-list\"><li>Matutino: das 7h \u00e0s 12 horas<\/li><li>Vespertino: das 13h \u00e0s 18 horas<\/li><li>Noturno: das 17h \u00e0s 22 horas<\/li><\/ul>\n\n\n\n<div class=\"wp-block-image\"><figure class=\"aligncenter size-large\"><img loading=\"lazy\" decoding=\"async\" width=\"1024\" height=\"110\" src=\"https:\/\/jornalfatosenoticias.com.br\/wp-content\/uploads\/2022\/10\/Arte-jornal-Zucchi-1120x120_Prancheta-1-1024x110.jpg\" alt=\"\" class=\"wp-image-34772\" srcset=\"https:\/\/jornalfatosenoticias.com.br\/wp-content\/uploads\/2022\/10\/Arte-jornal-Zucchi-1120x120_Prancheta-1-1024x110.jpg 1024w, https:\/\/jornalfatosenoticias.com.br\/wp-content\/uploads\/2022\/10\/Arte-jornal-Zucchi-1120x120_Prancheta-1-300x32.jpg 300w, https:\/\/jornalfatosenoticias.com.br\/wp-content\/uploads\/2022\/10\/Arte-jornal-Zucchi-1120x120_Prancheta-1-768x82.jpg 768w, https:\/\/jornalfatosenoticias.com.br\/wp-content\/uploads\/2022\/10\/Arte-jornal-Zucchi-1120x120_Prancheta-1-1536x165.jpg 1536w, https:\/\/jornalfatosenoticias.com.br\/wp-content\/uploads\/2022\/10\/Arte-jornal-Zucchi-1120x120_Prancheta-1-2048x219.jpg 2048w\" sizes=\"auto, (max-width: 1024px) 100vw, 1024px\" \/><\/figure><\/div>\n\n\n\n<figure class=\"wp-block-pullquote\"><blockquote><p><span class=\"has-inline-color has-luminous-vivid-orange-color\">Um novo ano est\u00e1 diante de n\u00f3s e, nele, temos a oportunidade de conviver, cuidando, acolhendo, brincando com intencionalidade e garantindo o direito \u00e0s aprendizagens de nossos beb\u00eas, crian\u00e7as, adolescentes, jovens, adultos e idosos. Nosso trabalho \u00e9 garantir as condi\u00e7\u00f5es para que os profissionais, nas unidades de ensino, desenvolvam a educa\u00e7\u00e3o p\u00fablica de qualidade para todos&#8221;, destacou a secret\u00e1ria municipal de Educa\u00e7\u00e3o, Juliana Rohsner.<\/span><\/p><\/blockquote><\/figure>\n\n\n\n<div class=\"wp-block-image\"><figure class=\"aligncenter size-large\"><img decoding=\"async\" src=\"https:\/\/jornalfatosenoticias.com.br\/wp-content\/uploads\/2020\/02\/logo_esteio.jpg\" alt=\"\" class=\"wp-image-1214\"\/><\/figure><\/div>\n\n\n\n<p>A secret\u00e1ria ainda complementa: &#8220;precisamos fazer isso coletivamente para que as nossas escolas sejam espa\u00e7os de conv\u00edvio \u00e9tico, seguro, agrad\u00e1vel; espa\u00e7os de amorosidade e respeito que cumpram a sua fun\u00e7\u00e3o social de ensinar os conhecimentos sistematizados ao longo dos anos pela humanidade, al\u00e9m de serem partes importantes das pol\u00edticas p\u00fablicas de prote\u00e7\u00e3o \u00e0s crian\u00e7as e estudantes&#8221;.<\/p>\n\n\n\n<div class=\"wp-block-image\"><figure class=\"alignright size-large is-resized\"><img decoding=\"async\" src=\"https:\/\/jornalfatosenoticias.com.br\/wp-content\/uploads\/2023\/01\/voltas-as-aulas_Vitoria2.jpg\" alt=\"\" class=\"wp-image-38370\" width=\"-78\" height=\"-50\" srcset=\"https:\/\/jornalfatosenoticias.com.br\/wp-content\/uploads\/2023\/01\/voltas-as-aulas_Vitoria2.jpg 1000w, https:\/\/jornalfatosenoticias.com.br\/wp-content\/uploads\/2023\/01\/voltas-as-aulas_Vitoria2-300x194.jpg 300w, https:\/\/jornalfatosenoticias.com.br\/wp-content\/uploads\/2023\/01\/voltas-as-aulas_Vitoria2-768x496.jpg 768w\" sizes=\"(max-width: 1000px) 100vw, 1000px\" \/><figcaption><em><span class=\"has-inline-color has-black-color\">Neste ano, ser\u00e3o 200 dias letivos previstos no calend\u00e1rio escolar com foco no direito \u00e0 aprendizagem (Foto: Elizabeth Nader)<\/span><\/em><\/figcaption><\/figure><\/div>\n\n\n\n<p><strong><span class=\"has-inline-color has-vivid-red-color\"><span style=\"text-decoration: underline;\">Diretrizes curriculares<br><\/span><\/span><\/strong>Os princ\u00edpios para a organiza\u00e7\u00e3o do trabalho pedag\u00f3gico na rede de ensino de Vit\u00f3ria est\u00e3o materializados em documentos nacionais e municipais vigentes. Essas orienta\u00e7\u00f5es s\u00e3o essenciais para o planejamento, o desenvolvimento e a avalia\u00e7\u00e3o do trabalho pedag\u00f3gico nas diferentes etapas e modalidades de ensino, pois indicam:<\/p>\n\n\n\n<div class=\"wp-block-image\"><figure class=\"aligncenter size-large\"><img loading=\"lazy\" decoding=\"async\" width=\"1024\" height=\"99\" src=\"https:\/\/jornalfatosenoticias.com.br\/wp-content\/uploads\/2020\/02\/Logo-Mizu-segunda-2-1024x99.png\" alt=\"\" class=\"wp-image-2353\" srcset=\"https:\/\/jornalfatosenoticias.com.br\/wp-content\/uploads\/2020\/02\/Logo-Mizu-segunda-2-1024x99.png 1024w, https:\/\/jornalfatosenoticias.com.br\/wp-content\/uploads\/2020\/02\/Logo-Mizu-segunda-2-300x29.png 300w, https:\/\/jornalfatosenoticias.com.br\/wp-content\/uploads\/2020\/02\/Logo-Mizu-segunda-2-768x74.png 768w, https:\/\/jornalfatosenoticias.com.br\/wp-content\/uploads\/2020\/02\/Logo-Mizu-segunda-2.png 1240w\" sizes=\"auto, (max-width: 1024px) 100vw, 1024px\" \/><\/figure><\/div>\n\n\n\n<ul class=\"wp-block-list\"><li>Os princ\u00edpios e fundamentos a serem considerados pelos diferentes profissionais na atua\u00e7\u00e3o com as crian\u00e7as\/estudantes nos diferentes espa\u00e7os da escola;<\/li><li>As bases da estrutura\u00e7\u00e3o do trabalho com o conhecimento;<\/li><li>Elementos a serem considerados na gest\u00e3o dos recursos humanos, materiais e financeiros;<\/li><li>Informa\u00e7\u00f5es para o di\u00e1logo com as fam\u00edlias e com a comunidade escolar;<\/li><li>Metas de aprendizagem a serem alcan\u00e7adas ao longo do ano letivo;<\/li><li>Caminhos para a coordena\u00e7\u00e3o e avalia\u00e7\u00e3o das a\u00e7\u00f5es desenvolvidas, dentre outros.<\/li><\/ul>\n\n\n\n<div class=\"wp-block-image\"><figure class=\"aligncenter size-large\"><img loading=\"lazy\" decoding=\"async\" width=\"300\" height=\"250\" src=\"https:\/\/jornalfatosenoticias.com.br\/wp-content\/uploads\/2022\/08\/arte-Casarao.jpg\" alt=\"\" class=\"wp-image-33178\"\/><\/figure><\/div>\n\n\n\n<figure class=\"wp-block-pullquote\"><blockquote><p><span class=\"has-inline-color has-luminous-vivid-orange-color\">O ano passado n\u00e3o foi f\u00e1cil, vimos de perto o quanto a pandemia deixou sequelas em n\u00f3s, nas fam\u00edlias, nas comunidades e, especialmente, em nossas crian\u00e7as e estudantes. Assumimos a responsabilidade que nos cabe. N\u00f3s nos reinventamos em nossos planejamentos, reavaliamos nossas metodologias e trouxemos a tecnologia como uma grande aliada. Em tudo o que vivemos, a pandemia provou nossa fragilidade e nossa interconectividade. N\u00e3o somos mais os mesmos, mas precisamos olhar na mesma dire\u00e7\u00e3o&#8221;, ressaltou a secret\u00e1ria.<\/span><\/p><\/blockquote><\/figure>\n\n\n\n<div class=\"wp-block-image\"><figure class=\"alignleft size-large is-resized\"><img loading=\"lazy\" decoding=\"async\" src=\"https:\/\/jornalfatosenoticias.com.br\/wp-content\/uploads\/2023\/01\/voltas-as-aulas_Vitoria3.jpg\" alt=\"\" class=\"wp-image-38371\" width=\"356\" height=\"229\"\/><figcaption><em><span class=\"has-inline-color has-black-color\">At\u00e9 o dia 31 de janeiro, m\u00e3e, pais e respons\u00e1veis devem fazer a confirma\u00e7\u00e3o de matr\u00edculas para o ensino fundamental (Foto: Elizabeth Nader)<\/span><\/em><\/figcaption><\/figure><\/div>\n\n\n\n<p><strong><span class=\"has-inline-color has-vivid-red-color\"><span style=\"text-decoration: underline;\">Matr\u00edculas<br><\/span><\/span><\/strong>At\u00e9 o dia 31 de janeiro, m\u00e3e, pais e respons\u00e1veis devem fazer a confirma\u00e7\u00e3o de matr\u00edculas para o ensino fundamental na rede municipal de Vit\u00f3ria. O contato com as fam\u00edlias para as novas matr\u00edculas \u00e9 feito pela unidade de ensino, obedecendo ao cadastro de solicita\u00e7\u00e3o de vaga, de acordo com o Sistema de Gest\u00e3o Escolar (SGE).<br>Ao todo, a Secretaria Municipal de Educa\u00e7\u00e3o de Vit\u00f3ria (Seme) est\u00e1 ofertando 3.792 novas vagas do 1\u00ba ao 9\u00ba ano do ensino fundamental, 555 para a educa\u00e7\u00e3o de jovens e adultos (EJA) e mais 178 vagas para a EJA integrada \u00e0 Educa\u00e7\u00e3o Profissional, totalizando 4.525 vagas.<\/p>\n\n\n\n<div class=\"wp-block-image\"><figure class=\"aligncenter size-large\"><img loading=\"lazy\" decoding=\"async\" width=\"1024\" height=\"111\" src=\"https:\/\/jornalfatosenoticias.com.br\/wp-content\/uploads\/2020\/02\/WhatsApp-Image-2022-09-23-at-12.09.18-1024x111.jpeg\" alt=\"\" class=\"wp-image-34527\" srcset=\"https:\/\/jornalfatosenoticias.com.br\/wp-content\/uploads\/2020\/02\/WhatsApp-Image-2022-09-23-at-12.09.18-1024x111.jpeg 1024w, https:\/\/jornalfatosenoticias.com.br\/wp-content\/uploads\/2020\/02\/WhatsApp-Image-2022-09-23-at-12.09.18-300x32.jpeg 300w, https:\/\/jornalfatosenoticias.com.br\/wp-content\/uploads\/2020\/02\/WhatsApp-Image-2022-09-23-at-12.09.18-768x83.jpeg 768w, https:\/\/jornalfatosenoticias.com.br\/wp-content\/uploads\/2020\/02\/WhatsApp-Image-2022-09-23-at-12.09.18.jpeg 1121w\" sizes=\"auto, (max-width: 1024px) 100vw, 1024px\" \/><\/figure><\/div>\n\n\n\n<p>As matr\u00edculas para o ensino fundamental s\u00e3o ofertadas \u00e0s crian\u00e7as a partir de seis anos de idade, completados at\u00e9 31 de mar\u00e7o de 2023. J\u00e1 as matr\u00edculas na EJA s\u00e3o para estudantes com a idade m\u00ednima de 15 anos que n\u00e3o conclu\u00edram o ensino fundamental.<\/p>\n\n\n\n<div class=\"wp-block-image\"><figure class=\"alignright size-large\"><img decoding=\"async\" src=\"https:\/\/jornalfatosenoticias.com.br\/wp-content\/uploads\/2020\/02\/barao-das-carnes-300x164-1.jpg\" alt=\"\" class=\"wp-image-34339\"\/><\/figure><\/div>\n\n\n\n<p><strong><span class=\"has-inline-color has-vivid-red-color\"><span style=\"text-decoration: underline;\">Documentos<br><\/span><\/span><\/strong>Para a matr\u00edcula, ser\u00e1 exigida a apresenta\u00e7\u00e3o de documentos de identifica\u00e7\u00e3o e de comprova\u00e7\u00e3o de resid\u00eancia na capital em nome do pai ou da m\u00e3e ou do respons\u00e1vel legal. \u00c9 preciso levar:<\/p>\n\n\n\n<ul class=\"wp-block-list\"><li>Certid\u00e3o de nascimento da crian\u00e7a, ou passaporte quando estrangeiro;<\/li><li>CPF da crian\u00e7a, caso possua;<\/li><li>Declara\u00e7\u00e3o de situa\u00e7\u00e3o vacina\u00e7\u00e3o atualizada da crian\u00e7a, conforme Lei Estadual n\u00ba 10.913\/2018;<\/li><li>Documento de identifica\u00e7\u00e3o com foto e CPF do pai e\/ou da m\u00e3e, ou do respons\u00e1vel legal;<\/li><li>Comprovante de resid\u00eancia, preferencialmente a conta de energia.<\/li><\/ul>\n\n\n\n<div class=\"wp-block-image\"><figure class=\"alignleft size-large is-resized\"><img loading=\"lazy\" decoding=\"async\" src=\"https:\/\/jornalfatosenoticias.com.br\/wp-content\/uploads\/2022\/07\/Logo-Grupo-SEI.jpg\" alt=\"\" class=\"wp-image-31973\" width=\"366\" height=\"192\" srcset=\"https:\/\/jornalfatosenoticias.com.br\/wp-content\/uploads\/2022\/07\/Logo-Grupo-SEI.jpg 713w, https:\/\/jornalfatosenoticias.com.br\/wp-content\/uploads\/2022\/07\/Logo-Grupo-SEI-300x158.jpg 300w\" sizes=\"auto, (max-width: 366px) 100vw, 366px\" \/><\/figure><\/div>\n\n\n\n<p><strong><span class=\"has-inline-color has-vivid-red-color\"><span style=\"text-decoration: underline;\">Cadastro<br><\/span><\/span><\/strong>As fam\u00edlias ou estudantes que n\u00e3o realizaram o pr\u00e9-cadastro em 2022 e querem uma vaga na rede, podem procurar a unidade de ensino mais pr\u00f3xima de sua resid\u00eancia e se cadastrar. Finalizando esse per\u00edodo de confirma\u00e7\u00e3o das matr\u00edculas, ser\u00e1 feita uma nova chamada. \u00c9 preciso apresentar:<\/p>\n\n\n\n<div class=\"wp-block-image\"><figure class=\"aligncenter size-large\"><img decoding=\"async\" src=\"https:\/\/jornalfatosenoticias.com.br\/wp-content\/uploads\/2020\/02\/Serra-Grande-1024x160.png\" alt=\"\" class=\"wp-image-7836\"\/><\/figure><\/div>\n\n\n\n<ul class=\"wp-block-list\"><li>Comprovante de resid\u00eancia em Vit\u00f3ria, original e atual, em nome do pai ou da m\u00e3e, ou do respons\u00e1vel legal;<\/li><li>Certid\u00e3o de nascimento da crian\u00e7a;<\/li><li>CPF da crian\u00e7a, caso possua;<\/li><li>CPF do pai e\/ou da m\u00e3e, ou do respons\u00e1vel legal.<\/li><li>No caso do estudante interessado em cursar a EJA, \u00e9 preciso levar o hist\u00f3rico escolar (para quem tem ensino fundamental incompleto), carteira de identidade e comprovante de resid\u00eancia. Quem n\u00e3o possui o hist\u00f3rico, realiza uma prova para classifica\u00e7\u00e3o. Analisando o desempenho nessa avalia\u00e7\u00e3o, os professores indicam em que etapa o estudante pode se integrar.<\/li><\/ul>\n\n\n\n<div class=\"wp-block-image\"><figure class=\"aligncenter size-large is-resized\"><img loading=\"lazy\" decoding=\"async\" src=\"https:\/\/jornalfatosenoticias.com.br\/wp-content\/uploads\/2022\/08\/logo-locau-veiculos-1024x573.png\" alt=\"\" class=\"wp-image-33078\" width=\"369\" height=\"205\"\/><\/figure><\/div>\n\n\n\n<p><strong><em>Fonte: <a href=\"https:\/\/vitoria.es.gov.br\/noticia\/volta-as-aulas-ano-letivo-na-rede-de-vitoria-comeca-no-dia-6-de-fevereiro-46880\">PMV<\/a><\/em><\/strong><\/p>\n","protected":false},"excerpt":{"rendered":"<p>Neste ano, ser\u00e3o 200 dias letivos previstos no calend\u00e1rio escolar com foco no direito \u00e0 aprendizagem O ano letivo de 2023 na rede municipal de Vit\u00f3ria come\u00e7a no pr\u00f3ximo dia 6 de fevereiro para as crian\u00e7as da Educa\u00e7\u00e3o Infantil e os estudantes do ensino fundamental e da educa\u00e7\u00e3o de jovens e adultos, nas 103 unidades [&hellip;]<\/p>\n","protected":false},"author":2,"featured_media":38372,"comment_status":"open","ping_status":"open","sticky":false,"template":"","format":"standard","meta":{"footnotes":""},"categories":[7],"tags":[17968,6853,17969,2562,4692],"class_list":["post-38369","post","type-post","status-publish","format-standard","has-post-thumbnail","hentry","category-educacao","tag-ano-letivo-2023","tag-ferias-escolares","tag-fim-das-ferias-escolares","tag-prefeitura-de-vitoria","tag-volta-as-aulas"],"yoast_head":"<!-- This site is optimized with the Yoast SEO plugin v26.5 - https:\/\/yoast.com\/wordpress\/plugins\/seo\/ -->\n<title>Volta \u00e0s aulas: ano letivo na rede de Vit\u00f3ria come\u00e7a no dia 6 de fevereiro - Jornal Fatos e Not\u00edcias<\/title>\n<meta name=\"robots\" content=\"index, follow, max-snippet:-1, max-image-preview:large, max-video-preview:-1\" \/>\n<link rel=\"canonical\" href=\"https:\/\/jornalfatosenoticias.com.br\/index.php\/2023\/01\/31\/volta-as-aulas-ano-letivo-na-rede-de-vitoria-comeca-no-dia-6-de-fevereiro\/\" \/>\n<meta property=\"og:locale\" content=\"pt_BR\" \/>\n<meta property=\"og:type\" content=\"article\" \/>\n<meta property=\"og:title\" content=\"Volta \u00e0s aulas: ano letivo na rede de Vit\u00f3ria come\u00e7a no dia 6 de fevereiro - Jornal Fatos e Not\u00edcias\" \/>\n<meta property=\"og:description\" content=\"Neste ano, ser\u00e3o 200 dias letivos previstos no calend\u00e1rio escolar com foco no direito \u00e0 aprendizagem O ano letivo de 2023 na rede municipal de Vit\u00f3ria come\u00e7a no pr\u00f3ximo dia 6 de fevereiro para as crian\u00e7as da Educa\u00e7\u00e3o Infantil e os estudantes do ensino fundamental e da educa\u00e7\u00e3o de jovens e adultos, nas 103 unidades [&hellip;]\" \/>\n<meta property=\"og:url\" content=\"https:\/\/jornalfatosenoticias.com.br\/index.php\/2023\/01\/31\/volta-as-aulas-ano-letivo-na-rede-de-vitoria-comeca-no-dia-6-de-fevereiro\/\" \/>\n<meta property=\"og:site_name\" content=\"Jornal Fatos e Not\u00edcias\" \/>\n<meta property=\"article:published_time\" content=\"2023-01-31T14:01:35+00:00\" \/>\n<meta property=\"article:modified_time\" content=\"2023-01-31T14:01:36+00:00\" \/>\n<meta property=\"og:image\" content=\"https:\/\/jornalfatosenoticias.com.br\/wp-content\/uploads\/2023\/01\/voltas-as-aulas_Vitoria.jpg\" \/>\n\t<meta property=\"og:image:width\" content=\"1000\" \/>\n\t<meta property=\"og:image:height\" content=\"361\" \/>\n\t<meta property=\"og:image:type\" content=\"image\/jpeg\" \/>\n<meta name=\"author\" content=\"Luzimara Fernandes\" \/>\n<meta name=\"twitter:card\" content=\"summary_large_image\" \/>\n<meta name=\"twitter:label1\" content=\"Escrito por\" \/>\n\t<meta name=\"twitter:data1\" content=\"Luzimara Fernandes\" \/>\n\t<meta name=\"twitter:label2\" content=\"Est. tempo de leitura\" \/>\n\t<meta name=\"twitter:data2\" content=\"5 minutos\" \/>\n<script type=\"application\/ld+json\" class=\"yoast-schema-graph\">{\"@context\":\"https:\/\/schema.org\",\"@graph\":[{\"@type\":\"Article\",\"@id\":\"https:\/\/jornalfatosenoticias.com.br\/index.php\/2023\/01\/31\/volta-as-aulas-ano-letivo-na-rede-de-vitoria-comeca-no-dia-6-de-fevereiro\/#article\",\"isPartOf\":{\"@id\":\"https:\/\/jornalfatosenoticias.com.br\/index.php\/2023\/01\/31\/volta-as-aulas-ano-letivo-na-rede-de-vitoria-comeca-no-dia-6-de-fevereiro\/\"},\"author\":{\"name\":\"Luzimara Fernandes\",\"@id\":\"https:\/\/jornalfatosenoticias.com.br\/#\/schema\/person\/d63837fa13ac8666eb9e74e0985d6f81\"},\"headline\":\"Volta \u00e0s aulas: ano letivo na rede de Vit\u00f3ria come\u00e7a no dia 6 de fevereiro\",\"datePublished\":\"2023-01-31T14:01:35+00:00\",\"dateModified\":\"2023-01-31T14:01:36+00:00\",\"mainEntityOfPage\":{\"@id\":\"https:\/\/jornalfatosenoticias.com.br\/index.php\/2023\/01\/31\/volta-as-aulas-ano-letivo-na-rede-de-vitoria-comeca-no-dia-6-de-fevereiro\/\"},\"wordCount\":1007,\"commentCount\":0,\"publisher\":{\"@id\":\"https:\/\/jornalfatosenoticias.com.br\/#organization\"},\"image\":{\"@id\":\"https:\/\/jornalfatosenoticias.com.br\/index.php\/2023\/01\/31\/volta-as-aulas-ano-letivo-na-rede-de-vitoria-comeca-no-dia-6-de-fevereiro\/#primaryimage\"},\"thumbnailUrl\":\"https:\/\/jornalfatosenoticias.com.br\/wp-content\/uploads\/2023\/01\/voltas-as-aulas_Vitoria.jpg\",\"keywords\":[\"ano letivo 2023\",\"f\u00e9rias escolares\",\"fim das f\u00e9rias escolares\",\"Prefeitura de Vit\u00f3ria\",\"volta \u00e0s aulas\"],\"articleSection\":[\"Educa\u00e7\u00e3o\"],\"inLanguage\":\"pt-BR\",\"potentialAction\":[{\"@type\":\"CommentAction\",\"name\":\"Comment\",\"target\":[\"https:\/\/jornalfatosenoticias.com.br\/index.php\/2023\/01\/31\/volta-as-aulas-ano-letivo-na-rede-de-vitoria-comeca-no-dia-6-de-fevereiro\/#respond\"]}]},{\"@type\":\"WebPage\",\"@id\":\"https:\/\/jornalfatosenoticias.com.br\/index.php\/2023\/01\/31\/volta-as-aulas-ano-letivo-na-rede-de-vitoria-comeca-no-dia-6-de-fevereiro\/\",\"url\":\"https:\/\/jornalfatosenoticias.com.br\/index.php\/2023\/01\/31\/volta-as-aulas-ano-letivo-na-rede-de-vitoria-comeca-no-dia-6-de-fevereiro\/\",\"name\":\"Volta \u00e0s aulas: ano letivo na rede de Vit\u00f3ria come\u00e7a no dia 6 de fevereiro - Jornal Fatos e Not\u00edcias\",\"isPartOf\":{\"@id\":\"https:\/\/jornalfatosenoticias.com.br\/#website\"},\"primaryImageOfPage\":{\"@id\":\"https:\/\/jornalfatosenoticias.com.br\/index.php\/2023\/01\/31\/volta-as-aulas-ano-letivo-na-rede-de-vitoria-comeca-no-dia-6-de-fevereiro\/#primaryimage\"},\"image\":{\"@id\":\"https:\/\/jornalfatosenoticias.com.br\/index.php\/2023\/01\/31\/volta-as-aulas-ano-letivo-na-rede-de-vitoria-comeca-no-dia-6-de-fevereiro\/#primaryimage\"},\"thumbnailUrl\":\"https:\/\/jornalfatosenoticias.com.br\/wp-content\/uploads\/2023\/01\/voltas-as-aulas_Vitoria.jpg\",\"datePublished\":\"2023-01-31T14:01:35+00:00\",\"dateModified\":\"2023-01-31T14:01:36+00:00\",\"breadcrumb\":{\"@id\":\"https:\/\/jornalfatosenoticias.com.br\/index.php\/2023\/01\/31\/volta-as-aulas-ano-letivo-na-rede-de-vitoria-comeca-no-dia-6-de-fevereiro\/#breadcrumb\"},\"inLanguage\":\"pt-BR\",\"potentialAction\":[{\"@type\":\"ReadAction\",\"target\":[\"https:\/\/jornalfatosenoticias.com.br\/index.php\/2023\/01\/31\/volta-as-aulas-ano-letivo-na-rede-de-vitoria-comeca-no-dia-6-de-fevereiro\/\"]}]},{\"@type\":\"ImageObject\",\"inLanguage\":\"pt-BR\",\"@id\":\"https:\/\/jornalfatosenoticias.com.br\/index.php\/2023\/01\/31\/volta-as-aulas-ano-letivo-na-rede-de-vitoria-comeca-no-dia-6-de-fevereiro\/#primaryimage\",\"url\":\"https:\/\/jornalfatosenoticias.com.br\/wp-content\/uploads\/2023\/01\/voltas-as-aulas_Vitoria.jpg\",\"contentUrl\":\"https:\/\/jornalfatosenoticias.com.br\/wp-content\/uploads\/2023\/01\/voltas-as-aulas_Vitoria.jpg\",\"width\":1000,\"height\":361,\"caption\":\"Volta \u00e0s aulas: ano letivo na rede de Vit\u00f3ria come\u00e7a no dia 6 de fevereiro\"},{\"@type\":\"BreadcrumbList\",\"@id\":\"https:\/\/jornalfatosenoticias.com.br\/index.php\/2023\/01\/31\/volta-as-aulas-ano-letivo-na-rede-de-vitoria-comeca-no-dia-6-de-fevereiro\/#breadcrumb\",\"itemListElement\":[{\"@type\":\"ListItem\",\"position\":1,\"name\":\"In\u00edcio\",\"item\":\"https:\/\/jornalfatosenoticias.com.br\/\"},{\"@type\":\"ListItem\",\"position\":2,\"name\":\"Volta \u00e0s aulas: ano letivo na rede de Vit\u00f3ria come\u00e7a no dia 6 de fevereiro\"}]},{\"@type\":\"WebSite\",\"@id\":\"https:\/\/jornalfatosenoticias.com.br\/#website\",\"url\":\"https:\/\/jornalfatosenoticias.com.br\/\",\"name\":\"Jornal Fatos e Not\u00edcias\",\"description\":\"Not\u00edcias em geral\",\"publisher\":{\"@id\":\"https:\/\/jornalfatosenoticias.com.br\/#organization\"},\"potentialAction\":[{\"@type\":\"SearchAction\",\"target\":{\"@type\":\"EntryPoint\",\"urlTemplate\":\"https:\/\/jornalfatosenoticias.com.br\/?s={search_term_string}\"},\"query-input\":{\"@type\":\"PropertyValueSpecification\",\"valueRequired\":true,\"valueName\":\"search_term_string\"}}],\"inLanguage\":\"pt-BR\"},{\"@type\":\"Organization\",\"@id\":\"https:\/\/jornalfatosenoticias.com.br\/#organization\",\"name\":\"Jornal Fatos e Not\u00edcias\",\"url\":\"https:\/\/jornalfatosenoticias.com.br\/\",\"logo\":{\"@type\":\"ImageObject\",\"inLanguage\":\"pt-BR\",\"@id\":\"https:\/\/jornalfatosenoticias.com.br\/#\/schema\/logo\/image\/\",\"url\":\"https:\/\/jornalfatosenoticias.com.br\/wp-content\/uploads\/2020\/02\/logo120.png\",\"contentUrl\":\"https:\/\/jornalfatosenoticias.com.br\/wp-content\/uploads\/2020\/02\/logo120.png\",\"width\":1227,\"height\":120,\"caption\":\"Jornal Fatos e Not\u00edcias\"},\"image\":{\"@id\":\"https:\/\/jornalfatosenoticias.com.br\/#\/schema\/logo\/image\/\"}},{\"@type\":\"Person\",\"@id\":\"https:\/\/jornalfatosenoticias.com.br\/#\/schema\/person\/d63837fa13ac8666eb9e74e0985d6f81\",\"name\":\"Luzimara Fernandes\",\"image\":{\"@type\":\"ImageObject\",\"inLanguage\":\"pt-BR\",\"@id\":\"https:\/\/jornalfatosenoticias.com.br\/#\/schema\/person\/image\/\",\"url\":\"https:\/\/jornalfatosenoticias.com.br\/wp-content\/uploads\/2025\/05\/EU_portal.jpg\",\"contentUrl\":\"https:\/\/jornalfatosenoticias.com.br\/wp-content\/uploads\/2025\/05\/EU_portal.jpg\",\"caption\":\"Luzimara Fernandes\"},\"description\":\"Jornalista MTB 2358-ES\",\"sameAs\":[\"https:\/\/jornalfatosenoticias.com.br\"],\"url\":\"https:\/\/jornalfatosenoticias.com.br\/index.php\/author\/luzimara\/\"}]}<\/script>\n<!-- \/ Yoast SEO plugin. -->","yoast_head_json":{"title":"Volta \u00e0s aulas: ano letivo na rede de Vit\u00f3ria come\u00e7a no dia 6 de fevereiro - Jornal Fatos e Not\u00edcias","robots":{"index":"index","follow":"follow","max-snippet":"max-snippet:-1","max-image-preview":"max-image-preview:large","max-video-preview":"max-video-preview:-1"},"canonical":"https:\/\/jornalfatosenoticias.com.br\/index.php\/2023\/01\/31\/volta-as-aulas-ano-letivo-na-rede-de-vitoria-comeca-no-dia-6-de-fevereiro\/","og_locale":"pt_BR","og_type":"article","og_title":"Volta \u00e0s aulas: ano letivo na rede de Vit\u00f3ria come\u00e7a no dia 6 de fevereiro - Jornal Fatos e Not\u00edcias","og_description":"Neste ano, ser\u00e3o 200 dias letivos previstos no calend\u00e1rio escolar com foco no direito \u00e0 aprendizagem O ano letivo de 2023 na rede municipal de Vit\u00f3ria come\u00e7a no pr\u00f3ximo dia 6 de fevereiro para as crian\u00e7as da Educa\u00e7\u00e3o Infantil e os estudantes do ensino fundamental e da educa\u00e7\u00e3o de jovens e adultos, nas 103 unidades [&hellip;]","og_url":"https:\/\/jornalfatosenoticias.com.br\/index.php\/2023\/01\/31\/volta-as-aulas-ano-letivo-na-rede-de-vitoria-comeca-no-dia-6-de-fevereiro\/","og_site_name":"Jornal Fatos e Not\u00edcias","article_published_time":"2023-01-31T14:01:35+00:00","article_modified_time":"2023-01-31T14:01:36+00:00","og_image":[{"width":1000,"height":361,"url":"https:\/\/jornalfatosenoticias.com.br\/wp-content\/uploads\/2023\/01\/voltas-as-aulas_Vitoria.jpg","type":"image\/jpeg"}],"author":"Luzimara Fernandes","twitter_card":"summary_large_image","twitter_misc":{"Escrito por":"Luzimara Fernandes","Est. tempo de leitura":"5 minutos"},"schema":{"@context":"https:\/\/schema.org","@graph":[{"@type":"Article","@id":"https:\/\/jornalfatosenoticias.com.br\/index.php\/2023\/01\/31\/volta-as-aulas-ano-letivo-na-rede-de-vitoria-comeca-no-dia-6-de-fevereiro\/#article","isPartOf":{"@id":"https:\/\/jornalfatosenoticias.com.br\/index.php\/2023\/01\/31\/volta-as-aulas-ano-letivo-na-rede-de-vitoria-comeca-no-dia-6-de-fevereiro\/"},"author":{"name":"Luzimara Fernandes","@id":"https:\/\/jornalfatosenoticias.com.br\/#\/schema\/person\/d63837fa13ac8666eb9e74e0985d6f81"},"headline":"Volta \u00e0s aulas: ano letivo na rede de Vit\u00f3ria come\u00e7a no dia 6 de fevereiro","datePublished":"2023-01-31T14:01:35+00:00","dateModified":"2023-01-31T14:01:36+00:00","mainEntityOfPage":{"@id":"https:\/\/jornalfatosenoticias.com.br\/index.php\/2023\/01\/31\/volta-as-aulas-ano-letivo-na-rede-de-vitoria-comeca-no-dia-6-de-fevereiro\/"},"wordCount":1007,"commentCount":0,"publisher":{"@id":"https:\/\/jornalfatosenoticias.com.br\/#organization"},"image":{"@id":"https:\/\/jornalfatosenoticias.com.br\/index.php\/2023\/01\/31\/volta-as-aulas-ano-letivo-na-rede-de-vitoria-comeca-no-dia-6-de-fevereiro\/#primaryimage"},"thumbnailUrl":"https:\/\/jornalfatosenoticias.com.br\/wp-content\/uploads\/2023\/01\/voltas-as-aulas_Vitoria.jpg","keywords":["ano letivo 2023","f\u00e9rias escolares","fim das f\u00e9rias escolares","Prefeitura de Vit\u00f3ria","volta \u00e0s aulas"],"articleSection":["Educa\u00e7\u00e3o"],"inLanguage":"pt-BR","potentialAction":[{"@type":"CommentAction","name":"Comment","target":["https:\/\/jornalfatosenoticias.com.br\/index.php\/2023\/01\/31\/volta-as-aulas-ano-letivo-na-rede-de-vitoria-comeca-no-dia-6-de-fevereiro\/#respond"]}]},{"@type":"WebPage","@id":"https:\/\/jornalfatosenoticias.com.br\/index.php\/2023\/01\/31\/volta-as-aulas-ano-letivo-na-rede-de-vitoria-comeca-no-dia-6-de-fevereiro\/","url":"https:\/\/jornalfatosenoticias.com.br\/index.php\/2023\/01\/31\/volta-as-aulas-ano-letivo-na-rede-de-vitoria-comeca-no-dia-6-de-fevereiro\/","name":"Volta \u00e0s aulas: ano letivo na rede de Vit\u00f3ria come\u00e7a no dia 6 de fevereiro - Jornal Fatos e Not\u00edcias","isPartOf":{"@id":"https:\/\/jornalfatosenoticias.com.br\/#website"},"primaryImageOfPage":{"@id":"https:\/\/jornalfatosenoticias.com.br\/index.php\/2023\/01\/31\/volta-as-aulas-ano-letivo-na-rede-de-vitoria-comeca-no-dia-6-de-fevereiro\/#primaryimage"},"image":{"@id":"https:\/\/jornalfatosenoticias.com.br\/index.php\/2023\/01\/31\/volta-as-aulas-ano-letivo-na-rede-de-vitoria-comeca-no-dia-6-de-fevereiro\/#primaryimage"},"thumbnailUrl":"https:\/\/jornalfatosenoticias.com.br\/wp-content\/uploads\/2023\/01\/voltas-as-aulas_Vitoria.jpg","datePublished":"2023-01-31T14:01:35+00:00","dateModified":"2023-01-31T14:01:36+00:00","breadcrumb":{"@id":"https:\/\/jornalfatosenoticias.com.br\/index.php\/2023\/01\/31\/volta-as-aulas-ano-letivo-na-rede-de-vitoria-comeca-no-dia-6-de-fevereiro\/#breadcrumb"},"inLanguage":"pt-BR","potentialAction":[{"@type":"ReadAction","target":["https:\/\/jornalfatosenoticias.com.br\/index.php\/2023\/01\/31\/volta-as-aulas-ano-letivo-na-rede-de-vitoria-comeca-no-dia-6-de-fevereiro\/"]}]},{"@type":"ImageObject","inLanguage":"pt-BR","@id":"https:\/\/jornalfatosenoticias.com.br\/index.php\/2023\/01\/31\/volta-as-aulas-ano-letivo-na-rede-de-vitoria-comeca-no-dia-6-de-fevereiro\/#primaryimage","url":"https:\/\/jornalfatosenoticias.com.br\/wp-content\/uploads\/2023\/01\/voltas-as-aulas_Vitoria.jpg","contentUrl":"https:\/\/jornalfatosenoticias.com.br\/wp-content\/uploads\/2023\/01\/voltas-as-aulas_Vitoria.jpg","width":1000,"height":361,"caption":"Volta \u00e0s aulas: ano letivo na rede de Vit\u00f3ria come\u00e7a no dia 6 de fevereiro"},{"@type":"BreadcrumbList","@id":"https:\/\/jornalfatosenoticias.com.br\/index.php\/2023\/01\/31\/volta-as-aulas-ano-letivo-na-rede-de-vitoria-comeca-no-dia-6-de-fevereiro\/#breadcrumb","itemListElement":[{"@type":"ListItem","position":1,"name":"In\u00edcio","item":"https:\/\/jornalfatosenoticias.com.br\/"},{"@type":"ListItem","position":2,"name":"Volta \u00e0s aulas: ano letivo na rede de Vit\u00f3ria come\u00e7a no dia 6 de fevereiro"}]},{"@type":"WebSite","@id":"https:\/\/jornalfatosenoticias.com.br\/#website","url":"https:\/\/jornalfatosenoticias.com.br\/","name":"Jornal Fatos e Not\u00edcias","description":"Not\u00edcias em geral","publisher":{"@id":"https:\/\/jornalfatosenoticias.com.br\/#organization"},"potentialAction":[{"@type":"SearchAction","target":{"@type":"EntryPoint","urlTemplate":"https:\/\/jornalfatosenoticias.com.br\/?s={search_term_string}"},"query-input":{"@type":"PropertyValueSpecification","valueRequired":true,"valueName":"search_term_string"}}],"inLanguage":"pt-BR"},{"@type":"Organization","@id":"https:\/\/jornalfatosenoticias.com.br\/#organization","name":"Jornal Fatos e Not\u00edcias","url":"https:\/\/jornalfatosenoticias.com.br\/","logo":{"@type":"ImageObject","inLanguage":"pt-BR","@id":"https:\/\/jornalfatosenoticias.com.br\/#\/schema\/logo\/image\/","url":"https:\/\/jornalfatosenoticias.com.br\/wp-content\/uploads\/2020\/02\/logo120.png","contentUrl":"https:\/\/jornalfatosenoticias.com.br\/wp-content\/uploads\/2020\/02\/logo120.png","width":1227,"height":120,"caption":"Jornal Fatos e Not\u00edcias"},"image":{"@id":"https:\/\/jornalfatosenoticias.com.br\/#\/schema\/logo\/image\/"}},{"@type":"Person","@id":"https:\/\/jornalfatosenoticias.com.br\/#\/schema\/person\/d63837fa13ac8666eb9e74e0985d6f81","name":"Luzimara Fernandes","image":{"@type":"ImageObject","inLanguage":"pt-BR","@id":"https:\/\/jornalfatosenoticias.com.br\/#\/schema\/person\/image\/","url":"https:\/\/jornalfatosenoticias.com.br\/wp-content\/uploads\/2025\/05\/EU_portal.jpg","contentUrl":"https:\/\/jornalfatosenoticias.com.br\/wp-content\/uploads\/2025\/05\/EU_portal.jpg","caption":"Luzimara Fernandes"},"description":"Jornalista MTB 2358-ES","sameAs":["https:\/\/jornalfatosenoticias.com.br"],"url":"https:\/\/jornalfatosenoticias.com.br\/index.php\/author\/luzimara\/"}]}},"cc_featured_image_caption":{"caption_text":"(Foto: Divulga\u00e7\u00e3o\/PMV)\r\n","source_text":"","source_url":""},"jetpack_featured_media_url":"https:\/\/jornalfatosenoticias.com.br\/wp-content\/uploads\/2023\/01\/voltas-as-aulas_Vitoria.jpg","_links":{"self":[{"href":"https:\/\/jornalfatosenoticias.com.br\/index.php\/wp-json\/wp\/v2\/posts\/38369","targetHints":{"allow":["GET"]}}],"collection":[{"href":"https:\/\/jornalfatosenoticias.com.br\/index.php\/wp-json\/wp\/v2\/posts"}],"about":[{"href":"https:\/\/jornalfatosenoticias.com.br\/index.php\/wp-json\/wp\/v2\/types\/post"}],"author":[{"embeddable":true,"href":"https:\/\/jornalfatosenoticias.com.br\/index.php\/wp-json\/wp\/v2\/users\/2"}],"replies":[{"embeddable":true,"href":"https:\/\/jornalfatosenoticias.com.br\/index.php\/wp-json\/wp\/v2\/comments?post=38369"}],"version-history":[{"count":0,"href":"https:\/\/jornalfatosenoticias.com.br\/index.php\/wp-json\/wp\/v2\/posts\/38369\/revisions"}],"wp:featuredmedia":[{"embeddable":true,"href":"https:\/\/jornalfatosenoticias.com.br\/index.php\/wp-json\/wp\/v2\/media\/38372"}],"wp:attachment":[{"href":"https:\/\/jornalfatosenoticias.com.br\/index.php\/wp-json\/wp\/v2\/media?parent=38369"}],"wp:term":[{"taxonomy":"category","embeddable":true,"href":"https:\/\/jornalfatosenoticias.com.br\/index.php\/wp-json\/wp\/v2\/categories?post=38369"},{"taxonomy":"post_tag","embeddable":true,"href":"https:\/\/jornalfatosenoticias.com.br\/index.php\/wp-json\/wp\/v2\/tags?post=38369"}],"curies":[{"name":"wp","href":"https:\/\/api.w.org\/{rel}","templated":true}]}}