{"id":38379,"date":"2023-01-31T11:41:19","date_gmt":"2023-01-31T14:41:19","guid":{"rendered":"https:\/\/jornalfatosenoticias.com.br\/?p=38379"},"modified":"2023-01-31T11:41:21","modified_gmt":"2023-01-31T14:41:21","slug":"cultura-prorroga-prazo-de-chamamento-publico-para-apresentacoes-musicais","status":"publish","type":"post","link":"https:\/\/jornalfatosenoticias.com.br\/index.php\/2023\/01\/31\/cultura-prorroga-prazo-de-chamamento-publico-para-apresentacoes-musicais\/","title":{"rendered":"Cultura prorroga prazo de chamamento p\u00fablico para apresenta\u00e7\u00f5es musicais"},"content":{"rendered":"\n<p><span class=\"has-inline-color has-black-color\"><em>Os interessados t\u00eam agora at\u00e9 o dia 1\u00ba de mar\u00e7o para fazerem a inscri\u00e7\u00e3o<\/em><\/span><\/p>\n\n\n\n<div class=\"wp-block-image\"><figure class=\"aligncenter size-large\"><img decoding=\"async\" src=\"https:\/\/jornalfatosenoticias.com.br\/wp-content\/uploads\/2020\/02\/Serra-Grande-1024x160.png\" alt=\"\" class=\"wp-image-7836\"\/><\/figure><\/div>\n\n\n\n<p>Os artistas que desejarem integrar o quadro de prestadores de servi\u00e7o da Prefeitura de Vit\u00f3ria nos eventos municipais t\u00eam uma boa not\u00edcia. A Secretaria Municipal de Cultura (Semc) prorrogou as inscri\u00e7\u00f5es para o Chamamento P\u00fablico n\u00ba 006\/2022, que trata da identifica\u00e7\u00e3o, sele\u00e7\u00e3o e forma\u00e7\u00e3o de cadastro de propostas de apresenta\u00e7\u00f5es musicais de bandas, grupos ou artistas.<\/p>\n\n\n\n<div class=\"wp-block-image\"><figure class=\"aligncenter size-large is-resized\"><img loading=\"lazy\" decoding=\"async\" src=\"https:\/\/jornalfatosenoticias.com.br\/wp-content\/uploads\/2022\/02\/Precisao-Contabilidade-1024x724.jpg\" alt=\"\" class=\"wp-image-28088\" width=\"351\" height=\"248\"\/><\/figure><\/div>\n\n\n\n<p>O per\u00edodo para participar da sele\u00e7\u00e3o, que seria encerrado nesta ter\u00e7a-feira (31), agora foi prorrogado at\u00e9 o dia 1\u00ba de mar\u00e7o de 2023 e o novo prazo foi publicado no <a href=\"https:\/\/diariooficial.vitoria.es.gov.br\/ExibirArquivo.aspx?qs=nnmrXIDe5L4hR81FZwDXlD95Q%2fWHOCtXgeCw%2fnRIrFMxQA7S5mwuf0RM3mOCPGtiwqKwtsQd8WTWmli6Dukj2YgcFYezq5Uhq67iOKQw5ITcPTXHZOq1C1XJj3KF9mqY\">Di\u00e1rio Oficial<\/a>\u00a0da \u00faltima quinta-feira (26). O Chamamento P\u00fablico, realizado por meio do Fundo Municipal de Cultura, \u00e9 destinado a pessoas f\u00edsicas ou jur\u00eddicas, desde que sejam domiciliadas\/estabelecidas no munic\u00edpio de Vit\u00f3ria, maiores de idade e que comprovem experi\u00eancia de no m\u00ednimo um ano no mercado musical, al\u00e9m do atendimento aos requisitos estabelecidos no documento.<\/p>\n\n\n\n<div class=\"wp-block-image\"><figure class=\"alignleft size-large\"><img decoding=\"async\" src=\"https:\/\/jornalfatosenoticias.com.br\/wp-content\/uploads\/2020\/02\/barao-das-carnes-300x164-1.jpg\" alt=\"\" class=\"wp-image-34339\"\/><\/figure><\/div>\n\n\n\n<p>Cada proponente poder\u00e1 apresentar at\u00e9 duas inscri\u00e7\u00f5es, em subcategorias diferentes, n\u00e3o havendo limites para sele\u00e7\u00f5es, servindo como um cadastro de propostas de apresenta\u00e7\u00f5es musicais em eventos realizados pela Semc. Os interessados precisam se inscrever em categorias e subcategorias, respectivamente. Confira <a href=\"https:\/\/vitoria.es.gov.br\/download.php?tipo=1&amp;id=3618\">aqui<\/a>\u00a0a tabela.<\/p>\n\n\n\n<div class=\"wp-block-image\"><figure class=\"aligncenter size-large\"><img loading=\"lazy\" decoding=\"async\" width=\"1024\" height=\"100\" src=\"https:\/\/jornalfatosenoticias.com.br\/wp-content\/uploads\/2020\/02\/banner_ferramentas-1024x100.jpg\" alt=\"\" class=\"wp-image-1258\" srcset=\"https:\/\/jornalfatosenoticias.com.br\/wp-content\/uploads\/2020\/02\/banner_ferramentas-1024x100.jpg 1024w, https:\/\/jornalfatosenoticias.com.br\/wp-content\/uploads\/2020\/02\/banner_ferramentas-300x29.jpg 300w, https:\/\/jornalfatosenoticias.com.br\/wp-content\/uploads\/2020\/02\/banner_ferramentas-768x75.jpg 768w, https:\/\/jornalfatosenoticias.com.br\/wp-content\/uploads\/2020\/02\/banner_ferramentas.jpg 1227w\" sizes=\"auto, (max-width: 1024px) 100vw, 1024px\" \/><\/figure><\/div>\n\n\n\n<div class=\"wp-block-image\"><figure class=\"aligncenter size-large is-resized\"><img loading=\"lazy\" decoding=\"async\" src=\"https:\/\/jornalfatosenoticias.com.br\/wp-content\/uploads\/2023\/01\/chamamento-publico-cultura-vix.jpg\" alt=\"\" class=\"wp-image-38380\" width=\"596\" height=\"596\" srcset=\"https:\/\/jornalfatosenoticias.com.br\/wp-content\/uploads\/2023\/01\/chamamento-publico-cultura-vix.jpg 700w, https:\/\/jornalfatosenoticias.com.br\/wp-content\/uploads\/2023\/01\/chamamento-publico-cultura-vix-300x300.jpg 300w, https:\/\/jornalfatosenoticias.com.br\/wp-content\/uploads\/2023\/01\/chamamento-publico-cultura-vix-150x150.jpg 150w\" sizes=\"auto, (max-width: 596px) 100vw, 596px\" \/><figcaption><em><span class=\"has-inline-color has-black-color\">O Chamamento P\u00fablico \u00e9 destinado a pessoas f\u00edsicas ou jur\u00eddicas domiciliadas ou estabelecidas em Vit\u00f3ria (Foto: Divulga\u00e7\u00e3o\/PMV)<\/span><\/em><\/figcaption><\/figure><\/div>\n\n\n\n<div class=\"wp-block-image\"><figure class=\"alignright size-large is-resized\"><img loading=\"lazy\" decoding=\"async\" src=\"https:\/\/jornalfatosenoticias.com.br\/wp-content\/uploads\/2020\/02\/logo-clinica-limoeiro.jpg\" alt=\"\" class=\"wp-image-34610\" width=\"297\" height=\"211\"\/><\/figure><\/div>\n\n\n\n<p>Os custos da apresenta\u00e7\u00e3o musical relacionados a estrutura, ilumina\u00e7\u00e3o e som ficar\u00e3o a encargo da Semc. As convoca\u00e7\u00f5es podem acontecer com, no m\u00ednimo, cinco dias de anteced\u00eancia do evento e condicionadas \u00e0 defini\u00e7\u00e3o da programa\u00e7\u00e3o de eventos e apresenta\u00e7\u00f5es realizadas pela secretaria. Elas ser\u00e3o realizadas conforme discricionariedade da administra\u00e7\u00e3o, mediante raz\u00f5es de oportunidade e conveni\u00eancia, bem como disponibilidade or\u00e7ament\u00e1ria, n\u00e3o sendo obrigat\u00f3ria a convoca\u00e7\u00e3o de todos os classificados.<br>As remunera\u00e7\u00f5es v\u00e3o variar de acordo com o n\u00famero de integrantes na banda, podendo ser de R$ 1,5 mil para apresenta\u00e7\u00f5es solos a R$ 5 mil para quartetos ou mais.<\/p>\n\n\n\n<div class=\"wp-block-image\"><figure class=\"aligncenter size-large\"><img loading=\"lazy\" decoding=\"async\" width=\"1024\" height=\"111\" src=\"https:\/\/jornalfatosenoticias.com.br\/wp-content\/uploads\/2020\/02\/WhatsApp-Image-2022-09-23-at-12.09.18-1024x111.jpeg\" alt=\"\" class=\"wp-image-34527\" srcset=\"https:\/\/jornalfatosenoticias.com.br\/wp-content\/uploads\/2020\/02\/WhatsApp-Image-2022-09-23-at-12.09.18-1024x111.jpeg 1024w, https:\/\/jornalfatosenoticias.com.br\/wp-content\/uploads\/2020\/02\/WhatsApp-Image-2022-09-23-at-12.09.18-300x32.jpeg 300w, https:\/\/jornalfatosenoticias.com.br\/wp-content\/uploads\/2020\/02\/WhatsApp-Image-2022-09-23-at-12.09.18-768x83.jpeg 768w, https:\/\/jornalfatosenoticias.com.br\/wp-content\/uploads\/2020\/02\/WhatsApp-Image-2022-09-23-at-12.09.18.jpeg 1121w\" sizes=\"auto, (max-width: 1024px) 100vw, 1024px\" \/><\/figure><\/div>\n\n\n\n<p><strong><span class=\"has-inline-color has-black-color\"><span style=\"text-decoration: underline;\">Inscri\u00e7\u00f5es<\/span><\/span><\/strong><br>As inscri\u00e7\u00f5es ser\u00e3o on-line, por meio do <a href=\"https:\/\/protocolo.vitoria.es.gov.br\/\">Protocolo Virtual<\/a> da Prefeitura de Vit\u00f3ria, na op\u00e7\u00e3o &#8220;Abertura de processo administrativo&#8221;.<br>O Chamamento P\u00fablico na \u00edntegra e os anexos necess\u00e1rios para a realiza\u00e7\u00e3o da inscri\u00e7\u00e3o s\u00e3o encontrados no Portal de Documenta\u00e7\u00e3o Oficial, na p\u00e1gina dos Editais da Cultura, que pode ser acessada <a href=\"https:\/\/sistemas.vitoria.es.gov.br\/docOficial\/?tp=template3&amp;c=78\">aqui<\/a>. A vig\u00eancia ser\u00e1 at\u00e9 o dia 31 de dezembro de 2023, podendo ser prorrogada por mais um ano.<\/p>\n\n\n\n<div class=\"wp-block-image\"><figure class=\"aligncenter size-large is-resized\"><img loading=\"lazy\" decoding=\"async\" src=\"https:\/\/jornalfatosenoticias.com.br\/wp-content\/uploads\/2020\/02\/nova-logo-Marquetti.jpg\" alt=\"\" class=\"wp-image-22331\" width=\"350\" height=\"235\" srcset=\"https:\/\/jornalfatosenoticias.com.br\/wp-content\/uploads\/2020\/02\/nova-logo-Marquetti.jpg 643w, https:\/\/jornalfatosenoticias.com.br\/wp-content\/uploads\/2020\/02\/nova-logo-Marquetti-300x202.jpg 300w\" sizes=\"auto, (max-width: 350px) 100vw, 350px\" \/><\/figure><\/div>\n\n\n\n<p><strong><em>Fonte: <a href=\"https:\/\/www.vitoria.es.gov.br\/noticia\/cultura-prorroga-prazo-de-chamamento-publico-para-apresentacoes-musicais-46902\">PMV<\/a><\/em><\/strong><\/p>\n","protected":false},"excerpt":{"rendered":"<p>Os interessados t\u00eam agora at\u00e9 o dia 1\u00ba de mar\u00e7o para fazerem a inscri\u00e7\u00e3o Os artistas que desejarem integrar o quadro de prestadores de servi\u00e7o da Prefeitura de Vit\u00f3ria nos eventos municipais t\u00eam uma boa not\u00edcia. A Secretaria Municipal de Cultura (Semc) prorrogou as inscri\u00e7\u00f5es para o Chamamento P\u00fablico n\u00ba 006\/2022, que trata da identifica\u00e7\u00e3o, [&hellip;]<\/p>\n","protected":false},"author":2,"featured_media":38381,"comment_status":"open","ping_status":"open","sticky":false,"template":"","format":"standard","meta":{"footnotes":""},"categories":[4],"tags":[17970,713,4223,14715,13328],"class_list":["post-38379","post","type-post","status-publish","format-standard","has-post-thumbnail","hentry","category-cultura","tag-chamamento-publico","tag-cultura","tag-edital","tag-inscricao","tag-musicais"],"yoast_head":"<!-- This site is optimized with the Yoast SEO plugin v26.5 - https:\/\/yoast.com\/wordpress\/plugins\/seo\/ -->\n<title>Cultura prorroga prazo de chamamento p\u00fablico para apresenta\u00e7\u00f5es musicais - Jornal Fatos e Not\u00edcias<\/title>\n<meta name=\"robots\" content=\"index, follow, max-snippet:-1, max-image-preview:large, max-video-preview:-1\" \/>\n<link rel=\"canonical\" href=\"https:\/\/jornalfatosenoticias.com.br\/index.php\/2023\/01\/31\/cultura-prorroga-prazo-de-chamamento-publico-para-apresentacoes-musicais\/\" \/>\n<meta property=\"og:locale\" content=\"pt_BR\" \/>\n<meta property=\"og:type\" content=\"article\" \/>\n<meta property=\"og:title\" content=\"Cultura prorroga prazo de chamamento p\u00fablico para apresenta\u00e7\u00f5es musicais - Jornal Fatos e Not\u00edcias\" \/>\n<meta property=\"og:description\" content=\"Os interessados t\u00eam agora at\u00e9 o dia 1\u00ba de mar\u00e7o para fazerem a inscri\u00e7\u00e3o Os artistas que desejarem integrar o quadro de prestadores de servi\u00e7o da Prefeitura de Vit\u00f3ria nos eventos municipais t\u00eam uma boa not\u00edcia. A Secretaria Municipal de Cultura (Semc) prorrogou as inscri\u00e7\u00f5es para o Chamamento P\u00fablico n\u00ba 006\/2022, que trata da identifica\u00e7\u00e3o, [&hellip;]\" \/>\n<meta property=\"og:url\" content=\"https:\/\/jornalfatosenoticias.com.br\/index.php\/2023\/01\/31\/cultura-prorroga-prazo-de-chamamento-publico-para-apresentacoes-musicais\/\" \/>\n<meta property=\"og:site_name\" content=\"Jornal Fatos e Not\u00edcias\" \/>\n<meta property=\"article:published_time\" content=\"2023-01-31T14:41:19+00:00\" \/>\n<meta property=\"article:modified_time\" content=\"2023-01-31T14:41:21+00:00\" \/>\n<meta property=\"og:image\" content=\"https:\/\/jornalfatosenoticias.com.br\/wp-content\/uploads\/2023\/01\/chamamento-publico-cultura-vix-capa.jpg\" \/>\n\t<meta property=\"og:image:width\" content=\"1000\" \/>\n\t<meta property=\"og:image:height\" content=\"448\" \/>\n\t<meta property=\"og:image:type\" content=\"image\/jpeg\" \/>\n<meta name=\"author\" content=\"Luzimara Fernandes\" \/>\n<meta name=\"twitter:card\" content=\"summary_large_image\" \/>\n<meta name=\"twitter:label1\" content=\"Escrito por\" \/>\n\t<meta name=\"twitter:data1\" content=\"Luzimara Fernandes\" \/>\n\t<meta name=\"twitter:label2\" content=\"Est. tempo de leitura\" \/>\n\t<meta name=\"twitter:data2\" content=\"2 minutos\" \/>\n<script type=\"application\/ld+json\" class=\"yoast-schema-graph\">{\"@context\":\"https:\/\/schema.org\",\"@graph\":[{\"@type\":\"Article\",\"@id\":\"https:\/\/jornalfatosenoticias.com.br\/index.php\/2023\/01\/31\/cultura-prorroga-prazo-de-chamamento-publico-para-apresentacoes-musicais\/#article\",\"isPartOf\":{\"@id\":\"https:\/\/jornalfatosenoticias.com.br\/index.php\/2023\/01\/31\/cultura-prorroga-prazo-de-chamamento-publico-para-apresentacoes-musicais\/\"},\"author\":{\"name\":\"Luzimara Fernandes\",\"@id\":\"https:\/\/jornalfatosenoticias.com.br\/#\/schema\/person\/d63837fa13ac8666eb9e74e0985d6f81\"},\"headline\":\"Cultura prorroga prazo de chamamento p\u00fablico para apresenta\u00e7\u00f5es musicais\",\"datePublished\":\"2023-01-31T14:41:19+00:00\",\"dateModified\":\"2023-01-31T14:41:21+00:00\",\"mainEntityOfPage\":{\"@id\":\"https:\/\/jornalfatosenoticias.com.br\/index.php\/2023\/01\/31\/cultura-prorroga-prazo-de-chamamento-publico-para-apresentacoes-musicais\/\"},\"wordCount\":455,\"commentCount\":0,\"publisher\":{\"@id\":\"https:\/\/jornalfatosenoticias.com.br\/#organization\"},\"image\":{\"@id\":\"https:\/\/jornalfatosenoticias.com.br\/index.php\/2023\/01\/31\/cultura-prorroga-prazo-de-chamamento-publico-para-apresentacoes-musicais\/#primaryimage\"},\"thumbnailUrl\":\"https:\/\/jornalfatosenoticias.com.br\/wp-content\/uploads\/2023\/01\/chamamento-publico-cultura-vix-capa.jpg\",\"keywords\":[\"chamamento p\u00fablico\",\"cultura\",\"edital\",\"inscri\u00e7\u00e3o\",\"musicais\"],\"articleSection\":[\"Cultura\"],\"inLanguage\":\"pt-BR\",\"potentialAction\":[{\"@type\":\"CommentAction\",\"name\":\"Comment\",\"target\":[\"https:\/\/jornalfatosenoticias.com.br\/index.php\/2023\/01\/31\/cultura-prorroga-prazo-de-chamamento-publico-para-apresentacoes-musicais\/#respond\"]}]},{\"@type\":\"WebPage\",\"@id\":\"https:\/\/jornalfatosenoticias.com.br\/index.php\/2023\/01\/31\/cultura-prorroga-prazo-de-chamamento-publico-para-apresentacoes-musicais\/\",\"url\":\"https:\/\/jornalfatosenoticias.com.br\/index.php\/2023\/01\/31\/cultura-prorroga-prazo-de-chamamento-publico-para-apresentacoes-musicais\/\",\"name\":\"Cultura prorroga prazo de chamamento p\u00fablico para apresenta\u00e7\u00f5es musicais - Jornal Fatos e Not\u00edcias\",\"isPartOf\":{\"@id\":\"https:\/\/jornalfatosenoticias.com.br\/#website\"},\"primaryImageOfPage\":{\"@id\":\"https:\/\/jornalfatosenoticias.com.br\/index.php\/2023\/01\/31\/cultura-prorroga-prazo-de-chamamento-publico-para-apresentacoes-musicais\/#primaryimage\"},\"image\":{\"@id\":\"https:\/\/jornalfatosenoticias.com.br\/index.php\/2023\/01\/31\/cultura-prorroga-prazo-de-chamamento-publico-para-apresentacoes-musicais\/#primaryimage\"},\"thumbnailUrl\":\"https:\/\/jornalfatosenoticias.com.br\/wp-content\/uploads\/2023\/01\/chamamento-publico-cultura-vix-capa.jpg\",\"datePublished\":\"2023-01-31T14:41:19+00:00\",\"dateModified\":\"2023-01-31T14:41:21+00:00\",\"breadcrumb\":{\"@id\":\"https:\/\/jornalfatosenoticias.com.br\/index.php\/2023\/01\/31\/cultura-prorroga-prazo-de-chamamento-publico-para-apresentacoes-musicais\/#breadcrumb\"},\"inLanguage\":\"pt-BR\",\"potentialAction\":[{\"@type\":\"ReadAction\",\"target\":[\"https:\/\/jornalfatosenoticias.com.br\/index.php\/2023\/01\/31\/cultura-prorroga-prazo-de-chamamento-publico-para-apresentacoes-musicais\/\"]}]},{\"@type\":\"ImageObject\",\"inLanguage\":\"pt-BR\",\"@id\":\"https:\/\/jornalfatosenoticias.com.br\/index.php\/2023\/01\/31\/cultura-prorroga-prazo-de-chamamento-publico-para-apresentacoes-musicais\/#primaryimage\",\"url\":\"https:\/\/jornalfatosenoticias.com.br\/wp-content\/uploads\/2023\/01\/chamamento-publico-cultura-vix-capa.jpg\",\"contentUrl\":\"https:\/\/jornalfatosenoticias.com.br\/wp-content\/uploads\/2023\/01\/chamamento-publico-cultura-vix-capa.jpg\",\"width\":1000,\"height\":448,\"caption\":\"Novo prazo de inscri\u00e7\u00f5es vai at\u00e9 o dia 1\u00ba de mar\u00e7o.\"},{\"@type\":\"BreadcrumbList\",\"@id\":\"https:\/\/jornalfatosenoticias.com.br\/index.php\/2023\/01\/31\/cultura-prorroga-prazo-de-chamamento-publico-para-apresentacoes-musicais\/#breadcrumb\",\"itemListElement\":[{\"@type\":\"ListItem\",\"position\":1,\"name\":\"In\u00edcio\",\"item\":\"https:\/\/jornalfatosenoticias.com.br\/\"},{\"@type\":\"ListItem\",\"position\":2,\"name\":\"Cultura prorroga prazo de chamamento p\u00fablico para apresenta\u00e7\u00f5es musicais\"}]},{\"@type\":\"WebSite\",\"@id\":\"https:\/\/jornalfatosenoticias.com.br\/#website\",\"url\":\"https:\/\/jornalfatosenoticias.com.br\/\",\"name\":\"Jornal Fatos e Not\u00edcias\",\"description\":\"Not\u00edcias em geral\",\"publisher\":{\"@id\":\"https:\/\/jornalfatosenoticias.com.br\/#organization\"},\"potentialAction\":[{\"@type\":\"SearchAction\",\"target\":{\"@type\":\"EntryPoint\",\"urlTemplate\":\"https:\/\/jornalfatosenoticias.com.br\/?s={search_term_string}\"},\"query-input\":{\"@type\":\"PropertyValueSpecification\",\"valueRequired\":true,\"valueName\":\"search_term_string\"}}],\"inLanguage\":\"pt-BR\"},{\"@type\":\"Organization\",\"@id\":\"https:\/\/jornalfatosenoticias.com.br\/#organization\",\"name\":\"Jornal Fatos e Not\u00edcias\",\"url\":\"https:\/\/jornalfatosenoticias.com.br\/\",\"logo\":{\"@type\":\"ImageObject\",\"inLanguage\":\"pt-BR\",\"@id\":\"https:\/\/jornalfatosenoticias.com.br\/#\/schema\/logo\/image\/\",\"url\":\"https:\/\/jornalfatosenoticias.com.br\/wp-content\/uploads\/2020\/02\/logo120.png\",\"contentUrl\":\"https:\/\/jornalfatosenoticias.com.br\/wp-content\/uploads\/2020\/02\/logo120.png\",\"width\":1227,\"height\":120,\"caption\":\"Jornal Fatos e Not\u00edcias\"},\"image\":{\"@id\":\"https:\/\/jornalfatosenoticias.com.br\/#\/schema\/logo\/image\/\"}},{\"@type\":\"Person\",\"@id\":\"https:\/\/jornalfatosenoticias.com.br\/#\/schema\/person\/d63837fa13ac8666eb9e74e0985d6f81\",\"name\":\"Luzimara Fernandes\",\"image\":{\"@type\":\"ImageObject\",\"inLanguage\":\"pt-BR\",\"@id\":\"https:\/\/jornalfatosenoticias.com.br\/#\/schema\/person\/image\/\",\"url\":\"https:\/\/jornalfatosenoticias.com.br\/wp-content\/uploads\/2025\/05\/EU_portal.jpg\",\"contentUrl\":\"https:\/\/jornalfatosenoticias.com.br\/wp-content\/uploads\/2025\/05\/EU_portal.jpg\",\"caption\":\"Luzimara Fernandes\"},\"description\":\"Jornalista MTB 2358-ES\",\"sameAs\":[\"https:\/\/jornalfatosenoticias.com.br\"],\"url\":\"https:\/\/jornalfatosenoticias.com.br\/index.php\/author\/luzimara\/\"}]}<\/script>\n<!-- \/ Yoast SEO plugin. -->","yoast_head_json":{"title":"Cultura prorroga prazo de chamamento p\u00fablico para apresenta\u00e7\u00f5es musicais - Jornal Fatos e Not\u00edcias","robots":{"index":"index","follow":"follow","max-snippet":"max-snippet:-1","max-image-preview":"max-image-preview:large","max-video-preview":"max-video-preview:-1"},"canonical":"https:\/\/jornalfatosenoticias.com.br\/index.php\/2023\/01\/31\/cultura-prorroga-prazo-de-chamamento-publico-para-apresentacoes-musicais\/","og_locale":"pt_BR","og_type":"article","og_title":"Cultura prorroga prazo de chamamento p\u00fablico para apresenta\u00e7\u00f5es musicais - Jornal Fatos e Not\u00edcias","og_description":"Os interessados t\u00eam agora at\u00e9 o dia 1\u00ba de mar\u00e7o para fazerem a inscri\u00e7\u00e3o Os artistas que desejarem integrar o quadro de prestadores de servi\u00e7o da Prefeitura de Vit\u00f3ria nos eventos municipais t\u00eam uma boa not\u00edcia. A Secretaria Municipal de Cultura (Semc) prorrogou as inscri\u00e7\u00f5es para o Chamamento P\u00fablico n\u00ba 006\/2022, que trata da identifica\u00e7\u00e3o, [&hellip;]","og_url":"https:\/\/jornalfatosenoticias.com.br\/index.php\/2023\/01\/31\/cultura-prorroga-prazo-de-chamamento-publico-para-apresentacoes-musicais\/","og_site_name":"Jornal Fatos e Not\u00edcias","article_published_time":"2023-01-31T14:41:19+00:00","article_modified_time":"2023-01-31T14:41:21+00:00","og_image":[{"width":1000,"height":448,"url":"https:\/\/jornalfatosenoticias.com.br\/wp-content\/uploads\/2023\/01\/chamamento-publico-cultura-vix-capa.jpg","type":"image\/jpeg"}],"author":"Luzimara Fernandes","twitter_card":"summary_large_image","twitter_misc":{"Escrito por":"Luzimara Fernandes","Est. tempo de leitura":"2 minutos"},"schema":{"@context":"https:\/\/schema.org","@graph":[{"@type":"Article","@id":"https:\/\/jornalfatosenoticias.com.br\/index.php\/2023\/01\/31\/cultura-prorroga-prazo-de-chamamento-publico-para-apresentacoes-musicais\/#article","isPartOf":{"@id":"https:\/\/jornalfatosenoticias.com.br\/index.php\/2023\/01\/31\/cultura-prorroga-prazo-de-chamamento-publico-para-apresentacoes-musicais\/"},"author":{"name":"Luzimara Fernandes","@id":"https:\/\/jornalfatosenoticias.com.br\/#\/schema\/person\/d63837fa13ac8666eb9e74e0985d6f81"},"headline":"Cultura prorroga prazo de chamamento p\u00fablico para apresenta\u00e7\u00f5es musicais","datePublished":"2023-01-31T14:41:19+00:00","dateModified":"2023-01-31T14:41:21+00:00","mainEntityOfPage":{"@id":"https:\/\/jornalfatosenoticias.com.br\/index.php\/2023\/01\/31\/cultura-prorroga-prazo-de-chamamento-publico-para-apresentacoes-musicais\/"},"wordCount":455,"commentCount":0,"publisher":{"@id":"https:\/\/jornalfatosenoticias.com.br\/#organization"},"image":{"@id":"https:\/\/jornalfatosenoticias.com.br\/index.php\/2023\/01\/31\/cultura-prorroga-prazo-de-chamamento-publico-para-apresentacoes-musicais\/#primaryimage"},"thumbnailUrl":"https:\/\/jornalfatosenoticias.com.br\/wp-content\/uploads\/2023\/01\/chamamento-publico-cultura-vix-capa.jpg","keywords":["chamamento p\u00fablico","cultura","edital","inscri\u00e7\u00e3o","musicais"],"articleSection":["Cultura"],"inLanguage":"pt-BR","potentialAction":[{"@type":"CommentAction","name":"Comment","target":["https:\/\/jornalfatosenoticias.com.br\/index.php\/2023\/01\/31\/cultura-prorroga-prazo-de-chamamento-publico-para-apresentacoes-musicais\/#respond"]}]},{"@type":"WebPage","@id":"https:\/\/jornalfatosenoticias.com.br\/index.php\/2023\/01\/31\/cultura-prorroga-prazo-de-chamamento-publico-para-apresentacoes-musicais\/","url":"https:\/\/jornalfatosenoticias.com.br\/index.php\/2023\/01\/31\/cultura-prorroga-prazo-de-chamamento-publico-para-apresentacoes-musicais\/","name":"Cultura prorroga prazo de chamamento p\u00fablico para apresenta\u00e7\u00f5es musicais - Jornal Fatos e Not\u00edcias","isPartOf":{"@id":"https:\/\/jornalfatosenoticias.com.br\/#website"},"primaryImageOfPage":{"@id":"https:\/\/jornalfatosenoticias.com.br\/index.php\/2023\/01\/31\/cultura-prorroga-prazo-de-chamamento-publico-para-apresentacoes-musicais\/#primaryimage"},"image":{"@id":"https:\/\/jornalfatosenoticias.com.br\/index.php\/2023\/01\/31\/cultura-prorroga-prazo-de-chamamento-publico-para-apresentacoes-musicais\/#primaryimage"},"thumbnailUrl":"https:\/\/jornalfatosenoticias.com.br\/wp-content\/uploads\/2023\/01\/chamamento-publico-cultura-vix-capa.jpg","datePublished":"2023-01-31T14:41:19+00:00","dateModified":"2023-01-31T14:41:21+00:00","breadcrumb":{"@id":"https:\/\/jornalfatosenoticias.com.br\/index.php\/2023\/01\/31\/cultura-prorroga-prazo-de-chamamento-publico-para-apresentacoes-musicais\/#breadcrumb"},"inLanguage":"pt-BR","potentialAction":[{"@type":"ReadAction","target":["https:\/\/jornalfatosenoticias.com.br\/index.php\/2023\/01\/31\/cultura-prorroga-prazo-de-chamamento-publico-para-apresentacoes-musicais\/"]}]},{"@type":"ImageObject","inLanguage":"pt-BR","@id":"https:\/\/jornalfatosenoticias.com.br\/index.php\/2023\/01\/31\/cultura-prorroga-prazo-de-chamamento-publico-para-apresentacoes-musicais\/#primaryimage","url":"https:\/\/jornalfatosenoticias.com.br\/wp-content\/uploads\/2023\/01\/chamamento-publico-cultura-vix-capa.jpg","contentUrl":"https:\/\/jornalfatosenoticias.com.br\/wp-content\/uploads\/2023\/01\/chamamento-publico-cultura-vix-capa.jpg","width":1000,"height":448,"caption":"Novo prazo de inscri\u00e7\u00f5es vai at\u00e9 o dia 1\u00ba de mar\u00e7o."},{"@type":"BreadcrumbList","@id":"https:\/\/jornalfatosenoticias.com.br\/index.php\/2023\/01\/31\/cultura-prorroga-prazo-de-chamamento-publico-para-apresentacoes-musicais\/#breadcrumb","itemListElement":[{"@type":"ListItem","position":1,"name":"In\u00edcio","item":"https:\/\/jornalfatosenoticias.com.br\/"},{"@type":"ListItem","position":2,"name":"Cultura prorroga prazo de chamamento p\u00fablico para apresenta\u00e7\u00f5es musicais"}]},{"@type":"WebSite","@id":"https:\/\/jornalfatosenoticias.com.br\/#website","url":"https:\/\/jornalfatosenoticias.com.br\/","name":"Jornal Fatos e Not\u00edcias","description":"Not\u00edcias em geral","publisher":{"@id":"https:\/\/jornalfatosenoticias.com.br\/#organization"},"potentialAction":[{"@type":"SearchAction","target":{"@type":"EntryPoint","urlTemplate":"https:\/\/jornalfatosenoticias.com.br\/?s={search_term_string}"},"query-input":{"@type":"PropertyValueSpecification","valueRequired":true,"valueName":"search_term_string"}}],"inLanguage":"pt-BR"},{"@type":"Organization","@id":"https:\/\/jornalfatosenoticias.com.br\/#organization","name":"Jornal Fatos e Not\u00edcias","url":"https:\/\/jornalfatosenoticias.com.br\/","logo":{"@type":"ImageObject","inLanguage":"pt-BR","@id":"https:\/\/jornalfatosenoticias.com.br\/#\/schema\/logo\/image\/","url":"https:\/\/jornalfatosenoticias.com.br\/wp-content\/uploads\/2020\/02\/logo120.png","contentUrl":"https:\/\/jornalfatosenoticias.com.br\/wp-content\/uploads\/2020\/02\/logo120.png","width":1227,"height":120,"caption":"Jornal Fatos e Not\u00edcias"},"image":{"@id":"https:\/\/jornalfatosenoticias.com.br\/#\/schema\/logo\/image\/"}},{"@type":"Person","@id":"https:\/\/jornalfatosenoticias.com.br\/#\/schema\/person\/d63837fa13ac8666eb9e74e0985d6f81","name":"Luzimara Fernandes","image":{"@type":"ImageObject","inLanguage":"pt-BR","@id":"https:\/\/jornalfatosenoticias.com.br\/#\/schema\/person\/image\/","url":"https:\/\/jornalfatosenoticias.com.br\/wp-content\/uploads\/2025\/05\/EU_portal.jpg","contentUrl":"https:\/\/jornalfatosenoticias.com.br\/wp-content\/uploads\/2025\/05\/EU_portal.jpg","caption":"Luzimara Fernandes"},"description":"Jornalista MTB 2358-ES","sameAs":["https:\/\/jornalfatosenoticias.com.br"],"url":"https:\/\/jornalfatosenoticias.com.br\/index.php\/author\/luzimara\/"}]}},"cc_featured_image_caption":{"caption_text":"(Foto: Divulga\u00e7\u00e3o\/PMV)\r\n","source_text":"","source_url":""},"jetpack_featured_media_url":"https:\/\/jornalfatosenoticias.com.br\/wp-content\/uploads\/2023\/01\/chamamento-publico-cultura-vix-capa.jpg","_links":{"self":[{"href":"https:\/\/jornalfatosenoticias.com.br\/index.php\/wp-json\/wp\/v2\/posts\/38379","targetHints":{"allow":["GET"]}}],"collection":[{"href":"https:\/\/jornalfatosenoticias.com.br\/index.php\/wp-json\/wp\/v2\/posts"}],"about":[{"href":"https:\/\/jornalfatosenoticias.com.br\/index.php\/wp-json\/wp\/v2\/types\/post"}],"author":[{"embeddable":true,"href":"https:\/\/jornalfatosenoticias.com.br\/index.php\/wp-json\/wp\/v2\/users\/2"}],"replies":[{"embeddable":true,"href":"https:\/\/jornalfatosenoticias.com.br\/index.php\/wp-json\/wp\/v2\/comments?post=38379"}],"version-history":[{"count":0,"href":"https:\/\/jornalfatosenoticias.com.br\/index.php\/wp-json\/wp\/v2\/posts\/38379\/revisions"}],"wp:featuredmedia":[{"embeddable":true,"href":"https:\/\/jornalfatosenoticias.com.br\/index.php\/wp-json\/wp\/v2\/media\/38381"}],"wp:attachment":[{"href":"https:\/\/jornalfatosenoticias.com.br\/index.php\/wp-json\/wp\/v2\/media?parent=38379"}],"wp:term":[{"taxonomy":"category","embeddable":true,"href":"https:\/\/jornalfatosenoticias.com.br\/index.php\/wp-json\/wp\/v2\/categories?post=38379"},{"taxonomy":"post_tag","embeddable":true,"href":"https:\/\/jornalfatosenoticias.com.br\/index.php\/wp-json\/wp\/v2\/tags?post=38379"}],"curies":[{"name":"wp","href":"https:\/\/api.w.org\/{rel}","templated":true}]}}