{"id":38436,"date":"2023-02-03T10:41:47","date_gmt":"2023-02-03T13:41:47","guid":{"rendered":"https:\/\/jornalfatosenoticias.com.br\/?p=38436"},"modified":"2023-02-03T10:41:48","modified_gmt":"2023-02-03T13:41:48","slug":"a-gamificacao-como-apoio-a-inclusao-de-alunos-com-autismo-na-escola","status":"publish","type":"post","link":"https:\/\/jornalfatosenoticias.com.br\/index.php\/2023\/02\/03\/a-gamificacao-como-apoio-a-inclusao-de-alunos-com-autismo-na-escola\/","title":{"rendered":"A gamifica\u00e7\u00e3o como apoio \u00e0 inclus\u00e3o de alunos com autismo na escola"},"content":{"rendered":"\n<p><span class=\"has-inline-color has-black-color\"><em>Estudo da USP mostra como o uso de uma plataforma gamificada pode promover est\u00edmulos educacionais e aumentar o engajamento de crian\u00e7as com autismo<\/em><\/span><\/p>\n\n\n\n<div class=\"wp-block-image\"><figure class=\"aligncenter size-large\"><img loading=\"lazy\" decoding=\"async\" width=\"1024\" height=\"100\" src=\"https:\/\/jornalfatosenoticias.com.br\/wp-content\/uploads\/2022\/05\/NOVA-LOGO-CESCONETTO-1024x100.jpg\" alt=\"\" class=\"wp-image-30792\" srcset=\"https:\/\/jornalfatosenoticias.com.br\/wp-content\/uploads\/2022\/05\/NOVA-LOGO-CESCONETTO-1024x100.jpg 1024w, https:\/\/jornalfatosenoticias.com.br\/wp-content\/uploads\/2022\/05\/NOVA-LOGO-CESCONETTO-300x29.jpg 300w, https:\/\/jornalfatosenoticias.com.br\/wp-content\/uploads\/2022\/05\/NOVA-LOGO-CESCONETTO-768x75.jpg 768w, https:\/\/jornalfatosenoticias.com.br\/wp-content\/uploads\/2022\/05\/NOVA-LOGO-CESCONETTO.jpg 1280w\" sizes=\"auto, (max-width: 1024px) 100vw, 1024px\" \/><\/figure><\/div>\n\n\n\n<p>Um estudo do Instituto de Ci\u00eancias Matem\u00e1ticas e de Computa\u00e7\u00e3o da Universidade de S\u00e3o Paulo (USP) alia o uso da pr\u00e1tica de Ensino por Tentativa Discreta (DTT) para melhorar a aprendizagem e aumentar o engajamento de crian\u00e7as com autismo em sala de aula. O projeto utiliza uma plataforma gamificada para promover a pr\u00e1tica \u00e0s respostas e aos est\u00edmulos educacionais, por meio da repeti\u00e7\u00e3o e refor\u00e7o.<\/p>\n\n\n\n<div class=\"wp-block-image\"><figure class=\"aligncenter size-large is-resized\"><img loading=\"lazy\" decoding=\"async\" src=\"https:\/\/jornalfatosenoticias.com.br\/wp-content\/uploads\/2020\/02\/casa-do-torresmo_portal.jpg\" alt=\"\" class=\"wp-image-34472\" width=\"289\" height=\"289\" srcset=\"https:\/\/jornalfatosenoticias.com.br\/wp-content\/uploads\/2020\/02\/casa-do-torresmo_portal.jpg 300w, https:\/\/jornalfatosenoticias.com.br\/wp-content\/uploads\/2020\/02\/casa-do-torresmo_portal-150x150.jpg 150w\" sizes=\"auto, (max-width: 289px) 100vw, 289px\" \/><\/figure><\/div>\n\n\n\n<p>As interven\u00e7\u00f5es digitais para crian\u00e7as com autismo s\u00e3o comprovadas e comumente utilizadas. Foi por meio da observa\u00e7\u00e3o dos estudos de casos, em conjunto com a incorpora\u00e7\u00e3o da tecnologia, que foi poss\u00edvel desenvolver a plataforma gamificada<strong> <a href=\"http:\/\/www.saocarlos.usp.br\/wp-content\/uploads\/2020\/08\/Prototipo_ensino_criancas_com_autismo-1.mp4?_=1\">(confira o v\u00eddeo do prot\u00f3tipo)<\/a>.\u00a0<\/strong><\/p>\n\n\n\n<div class=\"wp-block-image\"><figure class=\"aligncenter size-large\"><img decoding=\"async\" src=\"https:\/\/jornalfatosenoticias.com.br\/wp-content\/uploads\/2020\/02\/logo-embacia-1-1024x110.jpg\" alt=\"\" class=\"wp-image-33954\"\/><\/figure><\/div>\n\n\n\n<p>Os prot\u00f3tipos <strong><a href=\"https:\/\/laizaribeiro.github.io\/treino-gamificado\/\" target=\"_blank\" rel=\"noreferrer noopener\">Mem\u00f3ria Visual<\/a>\u00a0e\u00a0<a href=\"https:\/\/laizaribeiro.github.io\/gamificado\/#g=1&amp;p=n1_-_in_cio\">Interven\u00e7\u00e3o<\/a>,<\/strong> desenvolvidos pela pesquisa, funcionam da seguinte forma: s\u00e3o feitas perguntas aos alunos e, com base na resposta obtida, h\u00e1 um retorno positivo, independentemente do acerto ou erro. A pesquisadora respons\u00e1vel pela pesquisa, La\u00edza Ribeiro Silva, do ICMC-USP, explica como \u00e9 o processo: \u201cSe o aluno clica na resposta correta, ele vai receber um refor\u00e7o positivo. Mas, quando ele erra a quest\u00e3o, ele n\u00e3o recebe puni\u00e7\u00e3o. Ele \u00e9 apresentado \u00e0 resposta correta e, depois disso, passa para uma pr\u00f3xima quest\u00e3o\u201d.<\/p>\n\n\n\n<div class=\"wp-block-image\"><figure class=\"aligncenter size-large is-resized\"><img loading=\"lazy\" decoding=\"async\" src=\"https:\/\/jornalfatosenoticias.com.br\/wp-content\/uploads\/2022\/10\/RC_800x750_page-0001.jpg\" alt=\"\" class=\"wp-image-35338\" width=\"237\" height=\"222\" srcset=\"https:\/\/jornalfatosenoticias.com.br\/wp-content\/uploads\/2022\/10\/RC_800x750_page-0001.jpg 400w, https:\/\/jornalfatosenoticias.com.br\/wp-content\/uploads\/2022\/10\/RC_800x750_page-0001-300x281.jpg 300w\" sizes=\"auto, (max-width: 237px) 100vw, 237px\" \/><\/figure><\/div>\n\n\n\n<p><strong><span class=\"has-inline-color has-vivid-purple-color\">Metodologia em DTT<br><\/span><\/strong>O grupo de pesquisa levantou os principais desafios encontrados pelos professores dentro da aprendizagem de alunos neurodivergentes. Essa \u00e9 uma etapa fundamental, como coloca o professor Rinaldo Voltolini, da Faculdade de Educa\u00e7\u00e3o da USP, j\u00e1 que \u00e9 preciso discutir caso a caso, ouvir os professores e trabalhar em cima dos impasses, pensando nas poss\u00edveis interven\u00e7\u00f5es pedag\u00f3gicas. <\/p>\n\n\n\n<div class=\"wp-block-image\"><figure class=\"aligncenter size-large is-resized\"><img loading=\"lazy\" decoding=\"async\" src=\"https:\/\/jornalfatosenoticias.com.br\/wp-content\/uploads\/2022\/08\/logo-locau-veiculos-1024x573.png\" alt=\"\" class=\"wp-image-33078\" width=\"323\" height=\"180\"\/><\/figure><\/div>\n\n\n\n<figure class=\"wp-block-pullquote\"><blockquote><p><span class=\"has-inline-color has-luminous-vivid-orange-color\">Algumas interven\u00e7\u00f5es psicossociais fomentam a potencializa\u00e7\u00e3o do fator socializante, inerente \u00e0 escola regular, que possui uma heterogeneidade. Essa heterogeneidade \u00e9 potencial para a crian\u00e7a autista\u201d, completa ele.<\/span><\/p><\/blockquote><\/figure>\n\n\n\n<div class=\"wp-block-image\"><figure class=\"aligncenter size-large is-resized\"><img loading=\"lazy\" decoding=\"async\" src=\"https:\/\/jornalfatosenoticias.com.br\/wp-content\/uploads\/2022\/02\/Precisao-Contabilidade-1024x724.jpg\" alt=\"\" class=\"wp-image-28088\" width=\"304\" height=\"215\"\/><\/figure><\/div>\n\n\n\n<p>A partir disso foi estipulada a cria\u00e7\u00e3o de uma interface de jogo, desenvolvido a partir do trabalho conjunto com uma cl\u00ednica de transtornos neurodivergentes. Foram pensados designs na interface da plataforma, em que seria poss\u00edvel unir a gamifica\u00e7\u00e3o com o ensino por tentativas discretas, para a melhoria da aprendizagem.<\/p>\n\n\n\n<div class=\"wp-block-image\"><figure class=\"aligncenter size-large\"><img decoding=\"async\" src=\"https:\/\/jornalfatosenoticias.com.br\/wp-content\/uploads\/2020\/02\/Serra-Grande-1024x160.png\" alt=\"\" class=\"wp-image-7836\"\/><\/figure><\/div>\n\n\n\n<div class=\"wp-block-image\"><figure class=\"aligncenter size-large\"><img loading=\"lazy\" decoding=\"async\" width=\"1000\" height=\"667\" src=\"https:\/\/jornalfatosenoticias.com.br\/wp-content\/uploads\/2023\/02\/Autismo_GettyImages.jpg\" alt=\"\" class=\"wp-image-38437\" srcset=\"https:\/\/jornalfatosenoticias.com.br\/wp-content\/uploads\/2023\/02\/Autismo_GettyImages.jpg 1000w, https:\/\/jornalfatosenoticias.com.br\/wp-content\/uploads\/2023\/02\/Autismo_GettyImages-300x200.jpg 300w, https:\/\/jornalfatosenoticias.com.br\/wp-content\/uploads\/2023\/02\/Autismo_GettyImages-768x512.jpg 768w\" sizes=\"auto, (max-width: 1000px) 100vw, 1000px\" \/><figcaption><em><span class=\"has-inline-color has-black-color\">(Foto: Getty Images)<\/span><\/em><\/figcaption><\/figure><\/div>\n\n\n\n<p>A terceira etapa pautou-se no desenvolvimento de mecanismos que fossem capazes de orientar os profissionais e educadores, a partir do m\u00e9todo de DTT, colocado como ponto fundamental da pesquisa pela autora do projeto, La\u00edza Ribeiro. <\/p>\n\n\n\n<div class=\"wp-block-image\"><figure class=\"aligncenter size-large is-resized\"><img loading=\"lazy\" decoding=\"async\" src=\"https:\/\/jornalfatosenoticias.com.br\/wp-content\/uploads\/2020\/02\/logo-clinica-limoeiro.jpg\" alt=\"\" class=\"wp-image-34610\" width=\"278\" height=\"197\"\/><\/figure><\/div>\n\n\n\n<p>O Ensino por Tentativa Discreta \u00e9 uma abordagem da psicoeduca\u00e7\u00e3o comum em salas de aula. Ela envolve o incentivo positivo, em que o erro n\u00e3o \u00e9 punido, e h\u00e1 um retorno com est\u00edmulos positivos. Isso incentiva a aprendizagem de habilidades que n\u00e3o foram adquiridas \u201cespontaneamente\u201d durante a vida e encoraja a apreens\u00e3o de conte\u00fados.<\/p>\n\n\n\n<div class=\"wp-block-image\"><figure class=\"aligncenter size-large\"><img loading=\"lazy\" decoding=\"async\" width=\"1024\" height=\"100\" src=\"https:\/\/jornalfatosenoticias.com.br\/wp-content\/uploads\/2020\/02\/banner_ferramentas-1024x100.jpg\" alt=\"\" class=\"wp-image-1258\" srcset=\"https:\/\/jornalfatosenoticias.com.br\/wp-content\/uploads\/2020\/02\/banner_ferramentas-1024x100.jpg 1024w, https:\/\/jornalfatosenoticias.com.br\/wp-content\/uploads\/2020\/02\/banner_ferramentas-300x29.jpg 300w, https:\/\/jornalfatosenoticias.com.br\/wp-content\/uploads\/2020\/02\/banner_ferramentas-768x75.jpg 768w, https:\/\/jornalfatosenoticias.com.br\/wp-content\/uploads\/2020\/02\/banner_ferramentas.jpg 1227w\" sizes=\"auto, (max-width: 1024px) 100vw, 1024px\" \/><\/figure><\/div>\n\n\n\n<p>Na pr\u00e1tica, a pesquisadora explica a metodologia: \u201cVoc\u00ea faz uma pergunta para o aluno e ele te responde incorretamente, voc\u00ea n\u00e3o vai puni-lo. E, quando ele acertar, ele vai receber um refor\u00e7o positivo\u201d.<\/p>\n\n\n\n<div class=\"wp-block-image\"><figure class=\"alignright size-large\"><img loading=\"lazy\" decoding=\"async\" width=\"300\" height=\"250\" src=\"https:\/\/jornalfatosenoticias.com.br\/wp-content\/uploads\/2022\/08\/arte-Casarao.jpg\" alt=\"\" class=\"wp-image-33178\"\/><\/figure><\/div>\n\n\n\n<p><strong><span class=\"has-inline-color has-vivid-purple-color\">Resultados<br><\/span><\/strong>Os primeiros resultados foram pautados dessa forma, em que dois grupos foram submetidos \u00e0 realiza\u00e7\u00e3o de atividades cognitivas. Um grupo de alunos desenvolveu tais atividades com o aux\u00edlio do prot\u00f3tipo do game, e \u201cpodemos perceber que os alunos apresentaram uma maior compreens\u00e3o dos testes de conhecimento. O mesmo n\u00e3o acontecia com o grupo que utilizava o prot\u00f3tipo sem gamifica\u00e7\u00e3o\u201d, complementa a pesquisadora.<\/p>\n\n\n\n<div class=\"wp-block-image\"><figure class=\"aligncenter size-large\"><img decoding=\"async\" src=\"https:\/\/jornalfatosenoticias.com.br\/wp-content\/uploads\/2020\/02\/logo_esteio.jpg\" alt=\"\" class=\"wp-image-1214\"\/><\/figure><\/div>\n\n\n\n<p>No geral, o n\u00famero de acertos dos alunos que faziam uso da plataforma gamificada era superior. Tamb\u00e9m em rela\u00e7\u00e3o ao desenvolvimento do engajamento e participa\u00e7\u00e3o de alunos com autismo especialistas na \u00e1rea acompanharam a aquisi\u00e7\u00e3o de habilidades manuais, maior \u00edndice de comportamentos positivos e menor vaz\u00e3o dos alunos e comportamentos repetitivos.<\/p>\n\n\n\n<div class=\"wp-block-image\"><figure class=\"aligncenter size-large\"><img decoding=\"async\" src=\"https:\/\/jornalfatosenoticias.com.br\/wp-content\/uploads\/2020\/02\/barao-das-carnes-300x164-1.jpg\" alt=\"\" class=\"wp-image-34339\"\/><\/figure><\/div>\n\n\n\n<p><strong><em>Fonte: <a href=\"https:\/\/porvir.org\/a-gamificacao-como-apoio-a-inclusao-de-alunos-com-autismo-na-escola\/\">Porvir<\/a><\/em><\/strong><\/p>\n","protected":false},"excerpt":{"rendered":"<p>Estudo da USP mostra como o uso de uma plataforma gamificada pode promover est\u00edmulos educacionais e aumentar o engajamento de crian\u00e7as com autismo Um estudo do Instituto de Ci\u00eancias Matem\u00e1ticas e de Computa\u00e7\u00e3o da Universidade de S\u00e3o Paulo (USP) alia o uso da pr\u00e1tica de Ensino por Tentativa Discreta (DTT) para melhorar a aprendizagem e [&hellip;]<\/p>\n","protected":false},"author":2,"featured_media":38438,"comment_status":"open","ping_status":"open","sticky":false,"template":"","format":"standard","meta":{"footnotes":""},"categories":[7],"tags":[2263,17989,17991,11789,17990,1336],"class_list":["post-38436","post","type-post","status-publish","format-standard","has-post-thumbnail","hentry","category-educacao","tag-autismo","tag-autismo-na-escola","tag-criancas-com-autismo","tag-estudo-da-usp","tag-gamificacao","tag-inclusao"],"yoast_head":"<!-- This site is optimized with the Yoast SEO plugin v26.5 - https:\/\/yoast.com\/wordpress\/plugins\/seo\/ -->\n<title>A gamifica\u00e7\u00e3o como apoio \u00e0 inclus\u00e3o de alunos com autismo na escola - Jornal Fatos e Not\u00edcias<\/title>\n<meta name=\"robots\" content=\"index, follow, max-snippet:-1, max-image-preview:large, max-video-preview:-1\" \/>\n<link rel=\"canonical\" href=\"https:\/\/jornalfatosenoticias.com.br\/index.php\/2023\/02\/03\/a-gamificacao-como-apoio-a-inclusao-de-alunos-com-autismo-na-escola\/\" \/>\n<meta property=\"og:locale\" content=\"pt_BR\" \/>\n<meta property=\"og:type\" content=\"article\" \/>\n<meta property=\"og:title\" content=\"A gamifica\u00e7\u00e3o como apoio \u00e0 inclus\u00e3o de alunos com autismo na escola - Jornal Fatos e Not\u00edcias\" \/>\n<meta property=\"og:description\" content=\"Estudo da USP mostra como o uso de uma plataforma gamificada pode promover est\u00edmulos educacionais e aumentar o engajamento de crian\u00e7as com autismo Um estudo do Instituto de Ci\u00eancias Matem\u00e1ticas e de Computa\u00e7\u00e3o da Universidade de S\u00e3o Paulo (USP) alia o uso da pr\u00e1tica de Ensino por Tentativa Discreta (DTT) para melhorar a aprendizagem e [&hellip;]\" \/>\n<meta property=\"og:url\" content=\"https:\/\/jornalfatosenoticias.com.br\/index.php\/2023\/02\/03\/a-gamificacao-como-apoio-a-inclusao-de-alunos-com-autismo-na-escola\/\" \/>\n<meta property=\"og:site_name\" content=\"Jornal Fatos e Not\u00edcias\" \/>\n<meta property=\"article:published_time\" content=\"2023-02-03T13:41:47+00:00\" \/>\n<meta property=\"article:modified_time\" content=\"2023-02-03T13:41:48+00:00\" \/>\n<meta property=\"og:image\" content=\"https:\/\/jornalfatosenoticias.com.br\/wp-content\/uploads\/2023\/02\/autismo_capa.jpg\" \/>\n\t<meta property=\"og:image:width\" content=\"1000\" \/>\n\t<meta property=\"og:image:height\" content=\"666\" \/>\n\t<meta property=\"og:image:type\" content=\"image\/jpeg\" \/>\n<meta name=\"author\" content=\"Luzimara Fernandes\" \/>\n<meta name=\"twitter:card\" content=\"summary_large_image\" \/>\n<meta name=\"twitter:label1\" content=\"Escrito por\" \/>\n\t<meta name=\"twitter:data1\" content=\"Luzimara Fernandes\" \/>\n\t<meta name=\"twitter:label2\" content=\"Est. tempo de leitura\" \/>\n\t<meta name=\"twitter:data2\" content=\"3 minutos\" \/>\n<script type=\"application\/ld+json\" class=\"yoast-schema-graph\">{\"@context\":\"https:\/\/schema.org\",\"@graph\":[{\"@type\":\"Article\",\"@id\":\"https:\/\/jornalfatosenoticias.com.br\/index.php\/2023\/02\/03\/a-gamificacao-como-apoio-a-inclusao-de-alunos-com-autismo-na-escola\/#article\",\"isPartOf\":{\"@id\":\"https:\/\/jornalfatosenoticias.com.br\/index.php\/2023\/02\/03\/a-gamificacao-como-apoio-a-inclusao-de-alunos-com-autismo-na-escola\/\"},\"author\":{\"name\":\"Luzimara Fernandes\",\"@id\":\"https:\/\/jornalfatosenoticias.com.br\/#\/schema\/person\/d63837fa13ac8666eb9e74e0985d6f81\"},\"headline\":\"A gamifica\u00e7\u00e3o como apoio \u00e0 inclus\u00e3o de alunos com autismo na escola\",\"datePublished\":\"2023-02-03T13:41:47+00:00\",\"dateModified\":\"2023-02-03T13:41:48+00:00\",\"mainEntityOfPage\":{\"@id\":\"https:\/\/jornalfatosenoticias.com.br\/index.php\/2023\/02\/03\/a-gamificacao-como-apoio-a-inclusao-de-alunos-com-autismo-na-escola\/\"},\"wordCount\":659,\"commentCount\":0,\"publisher\":{\"@id\":\"https:\/\/jornalfatosenoticias.com.br\/#organization\"},\"image\":{\"@id\":\"https:\/\/jornalfatosenoticias.com.br\/index.php\/2023\/02\/03\/a-gamificacao-como-apoio-a-inclusao-de-alunos-com-autismo-na-escola\/#primaryimage\"},\"thumbnailUrl\":\"https:\/\/jornalfatosenoticias.com.br\/wp-content\/uploads\/2023\/02\/autismo_capa.jpg\",\"keywords\":[\"autismo\",\"autismo na escola\",\"crian\u00e7as com autismo\",\"Estudo da USP\",\"gamifica\u00e7\u00e3o\",\"inclus\u00e3o\"],\"articleSection\":[\"Educa\u00e7\u00e3o\"],\"inLanguage\":\"pt-BR\",\"potentialAction\":[{\"@type\":\"CommentAction\",\"name\":\"Comment\",\"target\":[\"https:\/\/jornalfatosenoticias.com.br\/index.php\/2023\/02\/03\/a-gamificacao-como-apoio-a-inclusao-de-alunos-com-autismo-na-escola\/#respond\"]}]},{\"@type\":\"WebPage\",\"@id\":\"https:\/\/jornalfatosenoticias.com.br\/index.php\/2023\/02\/03\/a-gamificacao-como-apoio-a-inclusao-de-alunos-com-autismo-na-escola\/\",\"url\":\"https:\/\/jornalfatosenoticias.com.br\/index.php\/2023\/02\/03\/a-gamificacao-como-apoio-a-inclusao-de-alunos-com-autismo-na-escola\/\",\"name\":\"A gamifica\u00e7\u00e3o como apoio \u00e0 inclus\u00e3o de alunos com autismo na escola - Jornal Fatos e Not\u00edcias\",\"isPartOf\":{\"@id\":\"https:\/\/jornalfatosenoticias.com.br\/#website\"},\"primaryImageOfPage\":{\"@id\":\"https:\/\/jornalfatosenoticias.com.br\/index.php\/2023\/02\/03\/a-gamificacao-como-apoio-a-inclusao-de-alunos-com-autismo-na-escola\/#primaryimage\"},\"image\":{\"@id\":\"https:\/\/jornalfatosenoticias.com.br\/index.php\/2023\/02\/03\/a-gamificacao-como-apoio-a-inclusao-de-alunos-com-autismo-na-escola\/#primaryimage\"},\"thumbnailUrl\":\"https:\/\/jornalfatosenoticias.com.br\/wp-content\/uploads\/2023\/02\/autismo_capa.jpg\",\"datePublished\":\"2023-02-03T13:41:47+00:00\",\"dateModified\":\"2023-02-03T13:41:48+00:00\",\"breadcrumb\":{\"@id\":\"https:\/\/jornalfatosenoticias.com.br\/index.php\/2023\/02\/03\/a-gamificacao-como-apoio-a-inclusao-de-alunos-com-autismo-na-escola\/#breadcrumb\"},\"inLanguage\":\"pt-BR\",\"potentialAction\":[{\"@type\":\"ReadAction\",\"target\":[\"https:\/\/jornalfatosenoticias.com.br\/index.php\/2023\/02\/03\/a-gamificacao-como-apoio-a-inclusao-de-alunos-com-autismo-na-escola\/\"]}]},{\"@type\":\"ImageObject\",\"inLanguage\":\"pt-BR\",\"@id\":\"https:\/\/jornalfatosenoticias.com.br\/index.php\/2023\/02\/03\/a-gamificacao-como-apoio-a-inclusao-de-alunos-com-autismo-na-escola\/#primaryimage\",\"url\":\"https:\/\/jornalfatosenoticias.com.br\/wp-content\/uploads\/2023\/02\/autismo_capa.jpg\",\"contentUrl\":\"https:\/\/jornalfatosenoticias.com.br\/wp-content\/uploads\/2023\/02\/autismo_capa.jpg\",\"width\":1000,\"height\":666,\"caption\":\"Day in the life of a reconstitute family of four children of whom adopted brother and sister are Down's syndrome and autism. They are 9 years old. They prepare the meal and eat together. Photo was taken in Quebec Canada.\"},{\"@type\":\"BreadcrumbList\",\"@id\":\"https:\/\/jornalfatosenoticias.com.br\/index.php\/2023\/02\/03\/a-gamificacao-como-apoio-a-inclusao-de-alunos-com-autismo-na-escola\/#breadcrumb\",\"itemListElement\":[{\"@type\":\"ListItem\",\"position\":1,\"name\":\"In\u00edcio\",\"item\":\"https:\/\/jornalfatosenoticias.com.br\/\"},{\"@type\":\"ListItem\",\"position\":2,\"name\":\"A gamifica\u00e7\u00e3o como apoio \u00e0 inclus\u00e3o de alunos com autismo na escola\"}]},{\"@type\":\"WebSite\",\"@id\":\"https:\/\/jornalfatosenoticias.com.br\/#website\",\"url\":\"https:\/\/jornalfatosenoticias.com.br\/\",\"name\":\"Jornal Fatos e Not\u00edcias\",\"description\":\"Not\u00edcias em geral\",\"publisher\":{\"@id\":\"https:\/\/jornalfatosenoticias.com.br\/#organization\"},\"potentialAction\":[{\"@type\":\"SearchAction\",\"target\":{\"@type\":\"EntryPoint\",\"urlTemplate\":\"https:\/\/jornalfatosenoticias.com.br\/?s={search_term_string}\"},\"query-input\":{\"@type\":\"PropertyValueSpecification\",\"valueRequired\":true,\"valueName\":\"search_term_string\"}}],\"inLanguage\":\"pt-BR\"},{\"@type\":\"Organization\",\"@id\":\"https:\/\/jornalfatosenoticias.com.br\/#organization\",\"name\":\"Jornal Fatos e Not\u00edcias\",\"url\":\"https:\/\/jornalfatosenoticias.com.br\/\",\"logo\":{\"@type\":\"ImageObject\",\"inLanguage\":\"pt-BR\",\"@id\":\"https:\/\/jornalfatosenoticias.com.br\/#\/schema\/logo\/image\/\",\"url\":\"https:\/\/jornalfatosenoticias.com.br\/wp-content\/uploads\/2020\/02\/logo120.png\",\"contentUrl\":\"https:\/\/jornalfatosenoticias.com.br\/wp-content\/uploads\/2020\/02\/logo120.png\",\"width\":1227,\"height\":120,\"caption\":\"Jornal Fatos e Not\u00edcias\"},\"image\":{\"@id\":\"https:\/\/jornalfatosenoticias.com.br\/#\/schema\/logo\/image\/\"}},{\"@type\":\"Person\",\"@id\":\"https:\/\/jornalfatosenoticias.com.br\/#\/schema\/person\/d63837fa13ac8666eb9e74e0985d6f81\",\"name\":\"Luzimara Fernandes\",\"image\":{\"@type\":\"ImageObject\",\"inLanguage\":\"pt-BR\",\"@id\":\"https:\/\/jornalfatosenoticias.com.br\/#\/schema\/person\/image\/\",\"url\":\"https:\/\/jornalfatosenoticias.com.br\/wp-content\/uploads\/2025\/05\/EU_portal.jpg\",\"contentUrl\":\"https:\/\/jornalfatosenoticias.com.br\/wp-content\/uploads\/2025\/05\/EU_portal.jpg\",\"caption\":\"Luzimara Fernandes\"},\"description\":\"Jornalista MTB 2358-ES\",\"sameAs\":[\"https:\/\/jornalfatosenoticias.com.br\"],\"url\":\"https:\/\/jornalfatosenoticias.com.br\/index.php\/author\/luzimara\/\"}]}<\/script>\n<!-- \/ Yoast SEO plugin. -->","yoast_head_json":{"title":"A gamifica\u00e7\u00e3o como apoio \u00e0 inclus\u00e3o de alunos com autismo na escola - Jornal Fatos e Not\u00edcias","robots":{"index":"index","follow":"follow","max-snippet":"max-snippet:-1","max-image-preview":"max-image-preview:large","max-video-preview":"max-video-preview:-1"},"canonical":"https:\/\/jornalfatosenoticias.com.br\/index.php\/2023\/02\/03\/a-gamificacao-como-apoio-a-inclusao-de-alunos-com-autismo-na-escola\/","og_locale":"pt_BR","og_type":"article","og_title":"A gamifica\u00e7\u00e3o como apoio \u00e0 inclus\u00e3o de alunos com autismo na escola - Jornal Fatos e Not\u00edcias","og_description":"Estudo da USP mostra como o uso de uma plataforma gamificada pode promover est\u00edmulos educacionais e aumentar o engajamento de crian\u00e7as com autismo Um estudo do Instituto de Ci\u00eancias Matem\u00e1ticas e de Computa\u00e7\u00e3o da Universidade de S\u00e3o Paulo (USP) alia o uso da pr\u00e1tica de Ensino por Tentativa Discreta (DTT) para melhorar a aprendizagem e [&hellip;]","og_url":"https:\/\/jornalfatosenoticias.com.br\/index.php\/2023\/02\/03\/a-gamificacao-como-apoio-a-inclusao-de-alunos-com-autismo-na-escola\/","og_site_name":"Jornal Fatos e Not\u00edcias","article_published_time":"2023-02-03T13:41:47+00:00","article_modified_time":"2023-02-03T13:41:48+00:00","og_image":[{"width":1000,"height":666,"url":"https:\/\/jornalfatosenoticias.com.br\/wp-content\/uploads\/2023\/02\/autismo_capa.jpg","type":"image\/jpeg"}],"author":"Luzimara Fernandes","twitter_card":"summary_large_image","twitter_misc":{"Escrito por":"Luzimara Fernandes","Est. tempo de leitura":"3 minutos"},"schema":{"@context":"https:\/\/schema.org","@graph":[{"@type":"Article","@id":"https:\/\/jornalfatosenoticias.com.br\/index.php\/2023\/02\/03\/a-gamificacao-como-apoio-a-inclusao-de-alunos-com-autismo-na-escola\/#article","isPartOf":{"@id":"https:\/\/jornalfatosenoticias.com.br\/index.php\/2023\/02\/03\/a-gamificacao-como-apoio-a-inclusao-de-alunos-com-autismo-na-escola\/"},"author":{"name":"Luzimara Fernandes","@id":"https:\/\/jornalfatosenoticias.com.br\/#\/schema\/person\/d63837fa13ac8666eb9e74e0985d6f81"},"headline":"A gamifica\u00e7\u00e3o como apoio \u00e0 inclus\u00e3o de alunos com autismo na escola","datePublished":"2023-02-03T13:41:47+00:00","dateModified":"2023-02-03T13:41:48+00:00","mainEntityOfPage":{"@id":"https:\/\/jornalfatosenoticias.com.br\/index.php\/2023\/02\/03\/a-gamificacao-como-apoio-a-inclusao-de-alunos-com-autismo-na-escola\/"},"wordCount":659,"commentCount":0,"publisher":{"@id":"https:\/\/jornalfatosenoticias.com.br\/#organization"},"image":{"@id":"https:\/\/jornalfatosenoticias.com.br\/index.php\/2023\/02\/03\/a-gamificacao-como-apoio-a-inclusao-de-alunos-com-autismo-na-escola\/#primaryimage"},"thumbnailUrl":"https:\/\/jornalfatosenoticias.com.br\/wp-content\/uploads\/2023\/02\/autismo_capa.jpg","keywords":["autismo","autismo na escola","crian\u00e7as com autismo","Estudo da USP","gamifica\u00e7\u00e3o","inclus\u00e3o"],"articleSection":["Educa\u00e7\u00e3o"],"inLanguage":"pt-BR","potentialAction":[{"@type":"CommentAction","name":"Comment","target":["https:\/\/jornalfatosenoticias.com.br\/index.php\/2023\/02\/03\/a-gamificacao-como-apoio-a-inclusao-de-alunos-com-autismo-na-escola\/#respond"]}]},{"@type":"WebPage","@id":"https:\/\/jornalfatosenoticias.com.br\/index.php\/2023\/02\/03\/a-gamificacao-como-apoio-a-inclusao-de-alunos-com-autismo-na-escola\/","url":"https:\/\/jornalfatosenoticias.com.br\/index.php\/2023\/02\/03\/a-gamificacao-como-apoio-a-inclusao-de-alunos-com-autismo-na-escola\/","name":"A gamifica\u00e7\u00e3o como apoio \u00e0 inclus\u00e3o de alunos com autismo na escola - Jornal Fatos e Not\u00edcias","isPartOf":{"@id":"https:\/\/jornalfatosenoticias.com.br\/#website"},"primaryImageOfPage":{"@id":"https:\/\/jornalfatosenoticias.com.br\/index.php\/2023\/02\/03\/a-gamificacao-como-apoio-a-inclusao-de-alunos-com-autismo-na-escola\/#primaryimage"},"image":{"@id":"https:\/\/jornalfatosenoticias.com.br\/index.php\/2023\/02\/03\/a-gamificacao-como-apoio-a-inclusao-de-alunos-com-autismo-na-escola\/#primaryimage"},"thumbnailUrl":"https:\/\/jornalfatosenoticias.com.br\/wp-content\/uploads\/2023\/02\/autismo_capa.jpg","datePublished":"2023-02-03T13:41:47+00:00","dateModified":"2023-02-03T13:41:48+00:00","breadcrumb":{"@id":"https:\/\/jornalfatosenoticias.com.br\/index.php\/2023\/02\/03\/a-gamificacao-como-apoio-a-inclusao-de-alunos-com-autismo-na-escola\/#breadcrumb"},"inLanguage":"pt-BR","potentialAction":[{"@type":"ReadAction","target":["https:\/\/jornalfatosenoticias.com.br\/index.php\/2023\/02\/03\/a-gamificacao-como-apoio-a-inclusao-de-alunos-com-autismo-na-escola\/"]}]},{"@type":"ImageObject","inLanguage":"pt-BR","@id":"https:\/\/jornalfatosenoticias.com.br\/index.php\/2023\/02\/03\/a-gamificacao-como-apoio-a-inclusao-de-alunos-com-autismo-na-escola\/#primaryimage","url":"https:\/\/jornalfatosenoticias.com.br\/wp-content\/uploads\/2023\/02\/autismo_capa.jpg","contentUrl":"https:\/\/jornalfatosenoticias.com.br\/wp-content\/uploads\/2023\/02\/autismo_capa.jpg","width":1000,"height":666,"caption":"Day in the life of a reconstitute family of four children of whom adopted brother and sister are Down's syndrome and autism. They are 9 years old. They prepare the meal and eat together. Photo was taken in Quebec Canada."},{"@type":"BreadcrumbList","@id":"https:\/\/jornalfatosenoticias.com.br\/index.php\/2023\/02\/03\/a-gamificacao-como-apoio-a-inclusao-de-alunos-com-autismo-na-escola\/#breadcrumb","itemListElement":[{"@type":"ListItem","position":1,"name":"In\u00edcio","item":"https:\/\/jornalfatosenoticias.com.br\/"},{"@type":"ListItem","position":2,"name":"A gamifica\u00e7\u00e3o como apoio \u00e0 inclus\u00e3o de alunos com autismo na escola"}]},{"@type":"WebSite","@id":"https:\/\/jornalfatosenoticias.com.br\/#website","url":"https:\/\/jornalfatosenoticias.com.br\/","name":"Jornal Fatos e Not\u00edcias","description":"Not\u00edcias em geral","publisher":{"@id":"https:\/\/jornalfatosenoticias.com.br\/#organization"},"potentialAction":[{"@type":"SearchAction","target":{"@type":"EntryPoint","urlTemplate":"https:\/\/jornalfatosenoticias.com.br\/?s={search_term_string}"},"query-input":{"@type":"PropertyValueSpecification","valueRequired":true,"valueName":"search_term_string"}}],"inLanguage":"pt-BR"},{"@type":"Organization","@id":"https:\/\/jornalfatosenoticias.com.br\/#organization","name":"Jornal Fatos e Not\u00edcias","url":"https:\/\/jornalfatosenoticias.com.br\/","logo":{"@type":"ImageObject","inLanguage":"pt-BR","@id":"https:\/\/jornalfatosenoticias.com.br\/#\/schema\/logo\/image\/","url":"https:\/\/jornalfatosenoticias.com.br\/wp-content\/uploads\/2020\/02\/logo120.png","contentUrl":"https:\/\/jornalfatosenoticias.com.br\/wp-content\/uploads\/2020\/02\/logo120.png","width":1227,"height":120,"caption":"Jornal Fatos e Not\u00edcias"},"image":{"@id":"https:\/\/jornalfatosenoticias.com.br\/#\/schema\/logo\/image\/"}},{"@type":"Person","@id":"https:\/\/jornalfatosenoticias.com.br\/#\/schema\/person\/d63837fa13ac8666eb9e74e0985d6f81","name":"Luzimara Fernandes","image":{"@type":"ImageObject","inLanguage":"pt-BR","@id":"https:\/\/jornalfatosenoticias.com.br\/#\/schema\/person\/image\/","url":"https:\/\/jornalfatosenoticias.com.br\/wp-content\/uploads\/2025\/05\/EU_portal.jpg","contentUrl":"https:\/\/jornalfatosenoticias.com.br\/wp-content\/uploads\/2025\/05\/EU_portal.jpg","caption":"Luzimara Fernandes"},"description":"Jornalista MTB 2358-ES","sameAs":["https:\/\/jornalfatosenoticias.com.br"],"url":"https:\/\/jornalfatosenoticias.com.br\/index.php\/author\/luzimara\/"}]}},"cc_featured_image_caption":{"caption_text":"(Foto: Getty Images) ","source_text":"","source_url":""},"jetpack_featured_media_url":"https:\/\/jornalfatosenoticias.com.br\/wp-content\/uploads\/2023\/02\/autismo_capa.jpg","_links":{"self":[{"href":"https:\/\/jornalfatosenoticias.com.br\/index.php\/wp-json\/wp\/v2\/posts\/38436","targetHints":{"allow":["GET"]}}],"collection":[{"href":"https:\/\/jornalfatosenoticias.com.br\/index.php\/wp-json\/wp\/v2\/posts"}],"about":[{"href":"https:\/\/jornalfatosenoticias.com.br\/index.php\/wp-json\/wp\/v2\/types\/post"}],"author":[{"embeddable":true,"href":"https:\/\/jornalfatosenoticias.com.br\/index.php\/wp-json\/wp\/v2\/users\/2"}],"replies":[{"embeddable":true,"href":"https:\/\/jornalfatosenoticias.com.br\/index.php\/wp-json\/wp\/v2\/comments?post=38436"}],"version-history":[{"count":0,"href":"https:\/\/jornalfatosenoticias.com.br\/index.php\/wp-json\/wp\/v2\/posts\/38436\/revisions"}],"wp:featuredmedia":[{"embeddable":true,"href":"https:\/\/jornalfatosenoticias.com.br\/index.php\/wp-json\/wp\/v2\/media\/38438"}],"wp:attachment":[{"href":"https:\/\/jornalfatosenoticias.com.br\/index.php\/wp-json\/wp\/v2\/media?parent=38436"}],"wp:term":[{"taxonomy":"category","embeddable":true,"href":"https:\/\/jornalfatosenoticias.com.br\/index.php\/wp-json\/wp\/v2\/categories?post=38436"},{"taxonomy":"post_tag","embeddable":true,"href":"https:\/\/jornalfatosenoticias.com.br\/index.php\/wp-json\/wp\/v2\/tags?post=38436"}],"curies":[{"name":"wp","href":"https:\/\/api.w.org\/{rel}","templated":true}]}}