{"id":38440,"date":"2023-02-03T10:50:23","date_gmt":"2023-02-03T13:50:23","guid":{"rendered":"https:\/\/jornalfatosenoticias.com.br\/?p=38440"},"modified":"2023-02-03T10:50:25","modified_gmt":"2023-02-03T13:50:25","slug":"vulnerabilidade-na-crianca-suas-diversas-formas-parte-v","status":"publish","type":"post","link":"https:\/\/jornalfatosenoticias.com.br\/index.php\/2023\/02\/03\/vulnerabilidade-na-crianca-suas-diversas-formas-parte-v\/","title":{"rendered":"Vulnerabilidade na Crian\u00e7a, suas diversas formas \u2014 Parte V"},"content":{"rendered":"\n<p><em><span class=\"has-inline-color has-black-color\">A aus\u00eancia de Pol\u00edticas P\u00fablicas efetivas, persistentes, consoantes com a inf\u00e2ncia, tem dizimado por tiro, por viol\u00eancia intrafamiliar, ou por fome, as nossas Crian\u00e7as<\/span><\/em><\/p>\n\n\n\n<p>Por fim, a <strong><em>vulnerabilidade <\/em><\/strong>social da Crian\u00e7a. Quando escutamos a not\u00edcia que mais uma menina de 10 anos \u00e9 assassinada por um tiro de fuzil na porta de sua casa quando foi falar com outras Crian\u00e7as que vieram cham\u00e1-la para brincar na rua, at\u00e9 ent\u00e3o pacata, como fazem as Crian\u00e7as no final da tarde de f\u00e9rias, os pensamentos embaralham.<br>S\u00e3o tantos os casos que tendemos, cada vez mais, a normalizar, a banalizar, a ter aquela sensa\u00e7\u00e3o estranha de que j\u00e1 tinha ouvido ou visto essa not\u00edcia. Uma esp\u00e9cie de <em><span class=\"has-inline-color has-black-color\">d\u00e9j\u00e0 vu.<\/span><\/em> Afinal, foi a pouco tempo atr\u00e1s que outra Crian\u00e7a morreu alvejada por um tiro ou por v\u00e1rios tiros.<\/p>\n\n\n\n<div class=\"wp-block-image\"><figure class=\"aligncenter size-large\"><img loading=\"lazy\" decoding=\"async\" width=\"1000\" height=\"726\" src=\"https:\/\/jornalfatosenoticias.com.br\/wp-content\/uploads\/2023\/02\/MENINA-MORTA-FUZIL.jpg\" alt=\"\" class=\"wp-image-38441\" srcset=\"https:\/\/jornalfatosenoticias.com.br\/wp-content\/uploads\/2023\/02\/MENINA-MORTA-FUZIL.jpg 1000w, https:\/\/jornalfatosenoticias.com.br\/wp-content\/uploads\/2023\/02\/MENINA-MORTA-FUZIL-300x218.jpg 300w, https:\/\/jornalfatosenoticias.com.br\/wp-content\/uploads\/2023\/02\/MENINA-MORTA-FUZIL-768x558.jpg 768w\" sizes=\"auto, (max-width: 1000px) 100vw, 1000px\" \/><figcaption><em><span class=\"has-inline-color has-black-color\">Rafaelly da Rocha Vieira, assassinada por um tiro de fuzil na porta de sua casa (Foto: Reprodu\u00e7\u00e3o\/G1)<\/span><\/em><\/figcaption><\/figure><\/div>\n\n\n\n<p>Quando a <em>vulnerabilidade <\/em>transborda do individual e atinge uma parcela da popula\u00e7\u00e3o de Crian\u00e7as, falamos de <em>vulnerabilidade<\/em> social. A aus\u00eancia de Pol\u00edticas P\u00fablicas efetivas, persistentes, consoantes com a inf\u00e2ncia, que sejam instaladas para promover a Cultura do Respeito \u00e0 <em>vulnerabilidade<\/em> da inf\u00e2ncia, e, portanto, o exerc\u00edcio do nosso Estatuto da Crian\u00e7a e do Adolescente, com seu objeto na Prote\u00e7\u00e3o Integral, tem dizimado por tiro, por viol\u00eancia intrafamiliar, ou por fome, as nossas Crian\u00e7as.<br>Cada Crian\u00e7a que se torna midi\u00e1tica pela sua morte, para muitas o \u00fanico momento de exist\u00eancia, ainda provoca uma como\u00e7\u00e3o social. Se for da periferia, e a grande maioria pertence ao grupo dos tr\u00eas Ps, <em>pobre, preto<\/em> e da <em>periferia,<\/em> j\u00e1 vivia uma morte lenta, mas cotidiana. A morte pela precariedade da habita\u00e7\u00e3o, pela falta de escola decente, pelo apartheid escondido em maquiagem de \u201cbondade\u201d, pela inseguran\u00e7a alimentar, a fome em v\u00e1rias formas. Na cidade ou na aldeia, \u00e9 igual. A Crian\u00e7a est\u00e1 cada vez mais vulner\u00e1vel.<br>Em qual momento do dia dedicamos tr\u00eas minutos para pensar que, naquele exato momento, muitas Crian\u00e7as est\u00e3o vivendo um enorme medo do barulho da guerra do outro lado de uma parede que logo ser\u00e1 vazada por uma rajada de metralhadora ou alguns tiros de fuzil? Como continuar depois de, t\u00e3o precocemente, ter entendido o significado do conceito de <em>vulnerabilidade<\/em>, na concretude? \u00c9 preciso que entrem em a\u00e7\u00e3o mecanismos de defesa do ego para minimizar, banalizar, negar, o risco que cada Crian\u00e7a vive todo o tempo. \u00c9 um fen\u00f4meno ps\u00edquico ainda mal estudado.<\/p>\n\n\n\n<div class=\"wp-block-image\"><figure class=\"aligncenter size-large\"><img loading=\"lazy\" decoding=\"async\" width=\"1000\" height=\"666\" src=\"https:\/\/jornalfatosenoticias.com.br\/wp-content\/uploads\/2023\/02\/desnutricao.jpg\" alt=\"\" class=\"wp-image-38442\" srcset=\"https:\/\/jornalfatosenoticias.com.br\/wp-content\/uploads\/2023\/02\/desnutricao.jpg 1000w, https:\/\/jornalfatosenoticias.com.br\/wp-content\/uploads\/2023\/02\/desnutricao-300x200.jpg 300w, https:\/\/jornalfatosenoticias.com.br\/wp-content\/uploads\/2023\/02\/desnutricao-768x511.jpg 768w\" sizes=\"auto, (max-width: 1000px) 100vw, 1000px\" \/><figcaption><em><span class=\"has-inline-color has-black-color\">\u00cdndios e desnutri\u00e7\u00e3o (Foto: Reprodu\u00e7\u00e3o\/Unicef)<\/span><\/em><\/figcaption><\/figure><\/div>\n\n\n\n<p>Mas, h\u00e1 uma engrenagem que separa em duas partes distintas a nossa sociedade. A cidade partida desconhece como \u00e9 a vida da outra parte da cidade. H\u00e1 um desconhecimento de parte a parte. Assim tamb\u00e9m, nos surpreendemos com as recentes imagens de Crian\u00e7as semimortas, sem for\u00e7a para chorar, sem for\u00e7a para lutar pela vida. Os pequenos Ianom\u00e2mis, em esqueletos, nos chocam com o horror de um matar cruel. Muitos entre n\u00f3s, n\u00e3o imaginavam que iriam se deparar com essa dimens\u00e3o da <em>vulnerabilidade<\/em>. Um povo que evidenciar\u00e1, logo ali na frente, uma falha geracional com tantas mortes de tantas Crian\u00e7as. E se atingir um determinado contingente, empurrar\u00e1 para a extin\u00e7\u00e3o desse povo. Isso j\u00e1 foi feito. Infelizmente, o ser humano \u00e9 o animal que mata por prazer, ou desprazer.<br>O cuidado com a <em>vulnerabilidade <\/em>de uma Crian\u00e7a requer a empatia. N\u00e3o h\u00e1 como atentar e reparar a fragilidade sem o ato do se colocar no lugar do outro e tentar sentir como o outro sente. As patologias narc\u00edsicas, muito em alta atualmente, n\u00e3o permitem a empatia. Ou seja, a frieza de afetos garante a muralha que impede sentir como o outro est\u00e1 sentindo. E, assim, aprofundar e eternizar a <em>vulnerabilidade.<\/em><br>Vivemos um tempo muito dif\u00edcil para os portadores de <em>vulnerabilidade.<\/em> Quantas vezes j\u00e1 assistimos m\u00e3es, parentes e amigos, com cartazes nas m\u00e3os, pedindo \u201cjusti\u00e7a\u201d para a morte cruel de uma Crian\u00e7a. A fala sempre marca que \u00e9 a <strong>\u00fanica<\/strong> coisa que resta. Justi\u00e7a para a morte? Se n\u00e3o houve justi\u00e7a para a vida, ser\u00e1 que haver\u00e1 justi\u00e7a para a morte?<br>E as \u201cjusti\u00e7as\u201d n\u00e3o chegam. V\u00e3o se amontoando, soterrando a vulnerabilidade da classe das Crian\u00e7as. Afinal Crian\u00e7a n\u00e3o vota, Crian\u00e7a s\u00f3 d\u00e1 trabalho e despesa. Faz-se necess\u00e1rio acrescentar aqui que, para al\u00e9m da omiss\u00e3o social, da aus\u00eancia de Pol\u00edticas P\u00fablicas que cuidem e garantam a dignidade da Crian\u00e7a, existem \u201cleis\u201d, como a da aliena\u00e7\u00e3o parental, que promove a Priva\u00e7\u00e3o Materna Judicial e que viola Direitos Fundamentais, a come\u00e7ar pelo Direito \u00e0 Maternidade, e o Direito garantido aos mam\u00edferos pela Natureza, de ter uma m\u00e3e, a sua m\u00e3e, e ficar com sua m\u00e3e, sendo amamentado de leite e de afeto.<\/p>\n","protected":false},"excerpt":{"rendered":"<p>A aus\u00eancia de Pol\u00edticas P\u00fablicas efetivas, persistentes, consoantes com a inf\u00e2ncia, tem dizimado por tiro, por viol\u00eancia intrafamiliar, ou por fome, as nossas Crian\u00e7as Por fim, a vulnerabilidade social da Crian\u00e7a. Quando escutamos a not\u00edcia que mais uma menina de 10 anos \u00e9 assassinada por um tiro de fuzil na porta de sua casa quando [&hellip;]<\/p>\n","protected":false},"author":8,"featured_media":38443,"comment_status":"open","ping_status":"open","sticky":false,"template":"","format":"standard","meta":{"footnotes":""},"categories":[2522],"tags":[8606,1203,7355,3863,17572,17992],"class_list":["post-38440","post","type-post","status-publish","format-standard","has-post-thumbnail","hentry","category-comportamento","tag-desnutricao-infantil","tag-fome","tag-mortalidade-infantil","tag-periferia","tag-vulnerabilidade-infantil","tag-vulnerabilidade-social"],"yoast_head":"<!-- This site is optimized with the Yoast SEO plugin v26.5 - https:\/\/yoast.com\/wordpress\/plugins\/seo\/ -->\n<title>Vulnerabilidade na Crian\u00e7a, suas diversas formas \u2014 Parte V - Jornal Fatos e Not\u00edcias<\/title>\n<meta name=\"robots\" content=\"index, follow, max-snippet:-1, max-image-preview:large, max-video-preview:-1\" \/>\n<link rel=\"canonical\" href=\"https:\/\/jornalfatosenoticias.com.br\/index.php\/2023\/02\/03\/vulnerabilidade-na-crianca-suas-diversas-formas-parte-v\/\" \/>\n<meta property=\"og:locale\" content=\"pt_BR\" \/>\n<meta property=\"og:type\" content=\"article\" \/>\n<meta property=\"og:title\" content=\"Vulnerabilidade na Crian\u00e7a, suas diversas formas \u2014 Parte V - Jornal Fatos e Not\u00edcias\" \/>\n<meta property=\"og:description\" content=\"A aus\u00eancia de Pol\u00edticas P\u00fablicas efetivas, persistentes, consoantes com a inf\u00e2ncia, tem dizimado por tiro, por viol\u00eancia intrafamiliar, ou por fome, as nossas Crian\u00e7as Por fim, a vulnerabilidade social da Crian\u00e7a. Quando escutamos a not\u00edcia que mais uma menina de 10 anos \u00e9 assassinada por um tiro de fuzil na porta de sua casa quando [&hellip;]\" \/>\n<meta property=\"og:url\" content=\"https:\/\/jornalfatosenoticias.com.br\/index.php\/2023\/02\/03\/vulnerabilidade-na-crianca-suas-diversas-formas-parte-v\/\" \/>\n<meta property=\"og:site_name\" content=\"Jornal Fatos e Not\u00edcias\" \/>\n<meta property=\"article:published_time\" content=\"2023-02-03T13:50:23+00:00\" \/>\n<meta property=\"article:modified_time\" content=\"2023-02-03T13:50:25+00:00\" \/>\n<meta property=\"og:image\" content=\"https:\/\/jornalfatosenoticias.com.br\/wp-content\/uploads\/2023\/02\/gettyimages-vulnerabilidade-infantil_capa.jpg\" \/>\n\t<meta property=\"og:image:width\" content=\"1000\" \/>\n\t<meta property=\"og:image:height\" content=\"666\" \/>\n\t<meta property=\"og:image:type\" content=\"image\/jpeg\" \/>\n<meta name=\"author\" content=\"Ana Maria Iencarelli\" \/>\n<meta name=\"twitter:card\" content=\"summary_large_image\" \/>\n<meta name=\"twitter:label1\" content=\"Escrito por\" \/>\n\t<meta name=\"twitter:data1\" content=\"Ana Maria Iencarelli\" \/>\n\t<meta name=\"twitter:label2\" content=\"Est. tempo de leitura\" \/>\n\t<meta name=\"twitter:data2\" content=\"4 minutos\" \/>\n<script type=\"application\/ld+json\" class=\"yoast-schema-graph\">{\"@context\":\"https:\/\/schema.org\",\"@graph\":[{\"@type\":\"Article\",\"@id\":\"https:\/\/jornalfatosenoticias.com.br\/index.php\/2023\/02\/03\/vulnerabilidade-na-crianca-suas-diversas-formas-parte-v\/#article\",\"isPartOf\":{\"@id\":\"https:\/\/jornalfatosenoticias.com.br\/index.php\/2023\/02\/03\/vulnerabilidade-na-crianca-suas-diversas-formas-parte-v\/\"},\"author\":{\"name\":\"Ana Maria Iencarelli\",\"@id\":\"https:\/\/jornalfatosenoticias.com.br\/#\/schema\/person\/c33fcf5fb02d729d3fec92c6737a22d1\"},\"headline\":\"Vulnerabilidade na Crian\u00e7a, suas diversas formas \u2014 Parte V\",\"datePublished\":\"2023-02-03T13:50:23+00:00\",\"dateModified\":\"2023-02-03T13:50:25+00:00\",\"mainEntityOfPage\":{\"@id\":\"https:\/\/jornalfatosenoticias.com.br\/index.php\/2023\/02\/03\/vulnerabilidade-na-crianca-suas-diversas-formas-parte-v\/\"},\"wordCount\":864,\"commentCount\":0,\"publisher\":{\"@id\":\"https:\/\/jornalfatosenoticias.com.br\/#organization\"},\"image\":{\"@id\":\"https:\/\/jornalfatosenoticias.com.br\/index.php\/2023\/02\/03\/vulnerabilidade-na-crianca-suas-diversas-formas-parte-v\/#primaryimage\"},\"thumbnailUrl\":\"https:\/\/jornalfatosenoticias.com.br\/wp-content\/uploads\/2023\/02\/gettyimages-vulnerabilidade-infantil_capa.jpg\",\"keywords\":[\"desnutri\u00e7\u00e3o infantil\",\"fome\",\"mortalidade infantil\",\"periferia\",\"vulnerabilidade infantil\",\"vulnerabilidade social\"],\"articleSection\":[\"Comportamento &amp; Equil\u00edbrio\"],\"inLanguage\":\"pt-BR\",\"potentialAction\":[{\"@type\":\"CommentAction\",\"name\":\"Comment\",\"target\":[\"https:\/\/jornalfatosenoticias.com.br\/index.php\/2023\/02\/03\/vulnerabilidade-na-crianca-suas-diversas-formas-parte-v\/#respond\"]}]},{\"@type\":\"WebPage\",\"@id\":\"https:\/\/jornalfatosenoticias.com.br\/index.php\/2023\/02\/03\/vulnerabilidade-na-crianca-suas-diversas-formas-parte-v\/\",\"url\":\"https:\/\/jornalfatosenoticias.com.br\/index.php\/2023\/02\/03\/vulnerabilidade-na-crianca-suas-diversas-formas-parte-v\/\",\"name\":\"Vulnerabilidade na Crian\u00e7a, suas diversas formas \u2014 Parte V - Jornal Fatos e Not\u00edcias\",\"isPartOf\":{\"@id\":\"https:\/\/jornalfatosenoticias.com.br\/#website\"},\"primaryImageOfPage\":{\"@id\":\"https:\/\/jornalfatosenoticias.com.br\/index.php\/2023\/02\/03\/vulnerabilidade-na-crianca-suas-diversas-formas-parte-v\/#primaryimage\"},\"image\":{\"@id\":\"https:\/\/jornalfatosenoticias.com.br\/index.php\/2023\/02\/03\/vulnerabilidade-na-crianca-suas-diversas-formas-parte-v\/#primaryimage\"},\"thumbnailUrl\":\"https:\/\/jornalfatosenoticias.com.br\/wp-content\/uploads\/2023\/02\/gettyimages-vulnerabilidade-infantil_capa.jpg\",\"datePublished\":\"2023-02-03T13:50:23+00:00\",\"dateModified\":\"2023-02-03T13:50:25+00:00\",\"breadcrumb\":{\"@id\":\"https:\/\/jornalfatosenoticias.com.br\/index.php\/2023\/02\/03\/vulnerabilidade-na-crianca-suas-diversas-formas-parte-v\/#breadcrumb\"},\"inLanguage\":\"pt-BR\",\"potentialAction\":[{\"@type\":\"ReadAction\",\"target\":[\"https:\/\/jornalfatosenoticias.com.br\/index.php\/2023\/02\/03\/vulnerabilidade-na-crianca-suas-diversas-formas-parte-v\/\"]}]},{\"@type\":\"ImageObject\",\"inLanguage\":\"pt-BR\",\"@id\":\"https:\/\/jornalfatosenoticias.com.br\/index.php\/2023\/02\/03\/vulnerabilidade-na-crianca-suas-diversas-formas-parte-v\/#primaryimage\",\"url\":\"https:\/\/jornalfatosenoticias.com.br\/wp-content\/uploads\/2023\/02\/gettyimages-vulnerabilidade-infantil_capa.jpg\",\"contentUrl\":\"https:\/\/jornalfatosenoticias.com.br\/wp-content\/uploads\/2023\/02\/gettyimages-vulnerabilidade-infantil_capa.jpg\",\"width\":1000,\"height\":666,\"caption\":\"Group of children photographed from above on various painted tarmac surface at sunset\"},{\"@type\":\"BreadcrumbList\",\"@id\":\"https:\/\/jornalfatosenoticias.com.br\/index.php\/2023\/02\/03\/vulnerabilidade-na-crianca-suas-diversas-formas-parte-v\/#breadcrumb\",\"itemListElement\":[{\"@type\":\"ListItem\",\"position\":1,\"name\":\"In\u00edcio\",\"item\":\"https:\/\/jornalfatosenoticias.com.br\/\"},{\"@type\":\"ListItem\",\"position\":2,\"name\":\"Vulnerabilidade na Crian\u00e7a, suas diversas formas \u2014 Parte V\"}]},{\"@type\":\"WebSite\",\"@id\":\"https:\/\/jornalfatosenoticias.com.br\/#website\",\"url\":\"https:\/\/jornalfatosenoticias.com.br\/\",\"name\":\"Jornal Fatos e Not\u00edcias\",\"description\":\"Not\u00edcias em geral\",\"publisher\":{\"@id\":\"https:\/\/jornalfatosenoticias.com.br\/#organization\"},\"potentialAction\":[{\"@type\":\"SearchAction\",\"target\":{\"@type\":\"EntryPoint\",\"urlTemplate\":\"https:\/\/jornalfatosenoticias.com.br\/?s={search_term_string}\"},\"query-input\":{\"@type\":\"PropertyValueSpecification\",\"valueRequired\":true,\"valueName\":\"search_term_string\"}}],\"inLanguage\":\"pt-BR\"},{\"@type\":\"Organization\",\"@id\":\"https:\/\/jornalfatosenoticias.com.br\/#organization\",\"name\":\"Jornal Fatos e Not\u00edcias\",\"url\":\"https:\/\/jornalfatosenoticias.com.br\/\",\"logo\":{\"@type\":\"ImageObject\",\"inLanguage\":\"pt-BR\",\"@id\":\"https:\/\/jornalfatosenoticias.com.br\/#\/schema\/logo\/image\/\",\"url\":\"https:\/\/jornalfatosenoticias.com.br\/wp-content\/uploads\/2020\/02\/logo120.png\",\"contentUrl\":\"https:\/\/jornalfatosenoticias.com.br\/wp-content\/uploads\/2020\/02\/logo120.png\",\"width\":1227,\"height\":120,\"caption\":\"Jornal Fatos e Not\u00edcias\"},\"image\":{\"@id\":\"https:\/\/jornalfatosenoticias.com.br\/#\/schema\/logo\/image\/\"}},{\"@type\":\"Person\",\"@id\":\"https:\/\/jornalfatosenoticias.com.br\/#\/schema\/person\/c33fcf5fb02d729d3fec92c6737a22d1\",\"name\":\"Ana Maria Iencarelli\",\"image\":{\"@type\":\"ImageObject\",\"inLanguage\":\"pt-BR\",\"@id\":\"https:\/\/jornalfatosenoticias.com.br\/#\/schema\/person\/image\/\",\"url\":\"https:\/\/jornalfatosenoticias.com.br\/wp-content\/uploads\/2020\/02\/Ana-Maria-Iencarelli-1-150x150.jpg\",\"contentUrl\":\"https:\/\/jornalfatosenoticias.com.br\/wp-content\/uploads\/2020\/02\/Ana-Maria-Iencarelli-1-150x150.jpg\",\"caption\":\"Ana Maria Iencarelli\"},\"description\":\"Psicanalista Cl\u00ednica, especializada no atendimento a Crian\u00e7as e Adolescentes. Presidente da ONG Vozes de Anjos.\",\"url\":\"https:\/\/jornalfatosenoticias.com.br\/index.php\/author\/anamaria\/\"}]}<\/script>\n<!-- \/ Yoast SEO plugin. -->","yoast_head_json":{"title":"Vulnerabilidade na Crian\u00e7a, suas diversas formas \u2014 Parte V - Jornal Fatos e Not\u00edcias","robots":{"index":"index","follow":"follow","max-snippet":"max-snippet:-1","max-image-preview":"max-image-preview:large","max-video-preview":"max-video-preview:-1"},"canonical":"https:\/\/jornalfatosenoticias.com.br\/index.php\/2023\/02\/03\/vulnerabilidade-na-crianca-suas-diversas-formas-parte-v\/","og_locale":"pt_BR","og_type":"article","og_title":"Vulnerabilidade na Crian\u00e7a, suas diversas formas \u2014 Parte V - Jornal Fatos e Not\u00edcias","og_description":"A aus\u00eancia de Pol\u00edticas P\u00fablicas efetivas, persistentes, consoantes com a inf\u00e2ncia, tem dizimado por tiro, por viol\u00eancia intrafamiliar, ou por fome, as nossas Crian\u00e7as Por fim, a vulnerabilidade social da Crian\u00e7a. Quando escutamos a not\u00edcia que mais uma menina de 10 anos \u00e9 assassinada por um tiro de fuzil na porta de sua casa quando [&hellip;]","og_url":"https:\/\/jornalfatosenoticias.com.br\/index.php\/2023\/02\/03\/vulnerabilidade-na-crianca-suas-diversas-formas-parte-v\/","og_site_name":"Jornal Fatos e Not\u00edcias","article_published_time":"2023-02-03T13:50:23+00:00","article_modified_time":"2023-02-03T13:50:25+00:00","og_image":[{"width":1000,"height":666,"url":"https:\/\/jornalfatosenoticias.com.br\/wp-content\/uploads\/2023\/02\/gettyimages-vulnerabilidade-infantil_capa.jpg","type":"image\/jpeg"}],"author":"Ana Maria Iencarelli","twitter_card":"summary_large_image","twitter_misc":{"Escrito por":"Ana Maria Iencarelli","Est. tempo de leitura":"4 minutos"},"schema":{"@context":"https:\/\/schema.org","@graph":[{"@type":"Article","@id":"https:\/\/jornalfatosenoticias.com.br\/index.php\/2023\/02\/03\/vulnerabilidade-na-crianca-suas-diversas-formas-parte-v\/#article","isPartOf":{"@id":"https:\/\/jornalfatosenoticias.com.br\/index.php\/2023\/02\/03\/vulnerabilidade-na-crianca-suas-diversas-formas-parte-v\/"},"author":{"name":"Ana Maria Iencarelli","@id":"https:\/\/jornalfatosenoticias.com.br\/#\/schema\/person\/c33fcf5fb02d729d3fec92c6737a22d1"},"headline":"Vulnerabilidade na Crian\u00e7a, suas diversas formas \u2014 Parte V","datePublished":"2023-02-03T13:50:23+00:00","dateModified":"2023-02-03T13:50:25+00:00","mainEntityOfPage":{"@id":"https:\/\/jornalfatosenoticias.com.br\/index.php\/2023\/02\/03\/vulnerabilidade-na-crianca-suas-diversas-formas-parte-v\/"},"wordCount":864,"commentCount":0,"publisher":{"@id":"https:\/\/jornalfatosenoticias.com.br\/#organization"},"image":{"@id":"https:\/\/jornalfatosenoticias.com.br\/index.php\/2023\/02\/03\/vulnerabilidade-na-crianca-suas-diversas-formas-parte-v\/#primaryimage"},"thumbnailUrl":"https:\/\/jornalfatosenoticias.com.br\/wp-content\/uploads\/2023\/02\/gettyimages-vulnerabilidade-infantil_capa.jpg","keywords":["desnutri\u00e7\u00e3o infantil","fome","mortalidade infantil","periferia","vulnerabilidade infantil","vulnerabilidade social"],"articleSection":["Comportamento &amp; Equil\u00edbrio"],"inLanguage":"pt-BR","potentialAction":[{"@type":"CommentAction","name":"Comment","target":["https:\/\/jornalfatosenoticias.com.br\/index.php\/2023\/02\/03\/vulnerabilidade-na-crianca-suas-diversas-formas-parte-v\/#respond"]}]},{"@type":"WebPage","@id":"https:\/\/jornalfatosenoticias.com.br\/index.php\/2023\/02\/03\/vulnerabilidade-na-crianca-suas-diversas-formas-parte-v\/","url":"https:\/\/jornalfatosenoticias.com.br\/index.php\/2023\/02\/03\/vulnerabilidade-na-crianca-suas-diversas-formas-parte-v\/","name":"Vulnerabilidade na Crian\u00e7a, suas diversas formas \u2014 Parte V - Jornal Fatos e Not\u00edcias","isPartOf":{"@id":"https:\/\/jornalfatosenoticias.com.br\/#website"},"primaryImageOfPage":{"@id":"https:\/\/jornalfatosenoticias.com.br\/index.php\/2023\/02\/03\/vulnerabilidade-na-crianca-suas-diversas-formas-parte-v\/#primaryimage"},"image":{"@id":"https:\/\/jornalfatosenoticias.com.br\/index.php\/2023\/02\/03\/vulnerabilidade-na-crianca-suas-diversas-formas-parte-v\/#primaryimage"},"thumbnailUrl":"https:\/\/jornalfatosenoticias.com.br\/wp-content\/uploads\/2023\/02\/gettyimages-vulnerabilidade-infantil_capa.jpg","datePublished":"2023-02-03T13:50:23+00:00","dateModified":"2023-02-03T13:50:25+00:00","breadcrumb":{"@id":"https:\/\/jornalfatosenoticias.com.br\/index.php\/2023\/02\/03\/vulnerabilidade-na-crianca-suas-diversas-formas-parte-v\/#breadcrumb"},"inLanguage":"pt-BR","potentialAction":[{"@type":"ReadAction","target":["https:\/\/jornalfatosenoticias.com.br\/index.php\/2023\/02\/03\/vulnerabilidade-na-crianca-suas-diversas-formas-parte-v\/"]}]},{"@type":"ImageObject","inLanguage":"pt-BR","@id":"https:\/\/jornalfatosenoticias.com.br\/index.php\/2023\/02\/03\/vulnerabilidade-na-crianca-suas-diversas-formas-parte-v\/#primaryimage","url":"https:\/\/jornalfatosenoticias.com.br\/wp-content\/uploads\/2023\/02\/gettyimages-vulnerabilidade-infantil_capa.jpg","contentUrl":"https:\/\/jornalfatosenoticias.com.br\/wp-content\/uploads\/2023\/02\/gettyimages-vulnerabilidade-infantil_capa.jpg","width":1000,"height":666,"caption":"Group of children photographed from above on various painted tarmac surface at sunset"},{"@type":"BreadcrumbList","@id":"https:\/\/jornalfatosenoticias.com.br\/index.php\/2023\/02\/03\/vulnerabilidade-na-crianca-suas-diversas-formas-parte-v\/#breadcrumb","itemListElement":[{"@type":"ListItem","position":1,"name":"In\u00edcio","item":"https:\/\/jornalfatosenoticias.com.br\/"},{"@type":"ListItem","position":2,"name":"Vulnerabilidade na Crian\u00e7a, suas diversas formas \u2014 Parte V"}]},{"@type":"WebSite","@id":"https:\/\/jornalfatosenoticias.com.br\/#website","url":"https:\/\/jornalfatosenoticias.com.br\/","name":"Jornal Fatos e Not\u00edcias","description":"Not\u00edcias em geral","publisher":{"@id":"https:\/\/jornalfatosenoticias.com.br\/#organization"},"potentialAction":[{"@type":"SearchAction","target":{"@type":"EntryPoint","urlTemplate":"https:\/\/jornalfatosenoticias.com.br\/?s={search_term_string}"},"query-input":{"@type":"PropertyValueSpecification","valueRequired":true,"valueName":"search_term_string"}}],"inLanguage":"pt-BR"},{"@type":"Organization","@id":"https:\/\/jornalfatosenoticias.com.br\/#organization","name":"Jornal Fatos e Not\u00edcias","url":"https:\/\/jornalfatosenoticias.com.br\/","logo":{"@type":"ImageObject","inLanguage":"pt-BR","@id":"https:\/\/jornalfatosenoticias.com.br\/#\/schema\/logo\/image\/","url":"https:\/\/jornalfatosenoticias.com.br\/wp-content\/uploads\/2020\/02\/logo120.png","contentUrl":"https:\/\/jornalfatosenoticias.com.br\/wp-content\/uploads\/2020\/02\/logo120.png","width":1227,"height":120,"caption":"Jornal Fatos e Not\u00edcias"},"image":{"@id":"https:\/\/jornalfatosenoticias.com.br\/#\/schema\/logo\/image\/"}},{"@type":"Person","@id":"https:\/\/jornalfatosenoticias.com.br\/#\/schema\/person\/c33fcf5fb02d729d3fec92c6737a22d1","name":"Ana Maria Iencarelli","image":{"@type":"ImageObject","inLanguage":"pt-BR","@id":"https:\/\/jornalfatosenoticias.com.br\/#\/schema\/person\/image\/","url":"https:\/\/jornalfatosenoticias.com.br\/wp-content\/uploads\/2020\/02\/Ana-Maria-Iencarelli-1-150x150.jpg","contentUrl":"https:\/\/jornalfatosenoticias.com.br\/wp-content\/uploads\/2020\/02\/Ana-Maria-Iencarelli-1-150x150.jpg","caption":"Ana Maria Iencarelli"},"description":"Psicanalista Cl\u00ednica, especializada no atendimento a Crian\u00e7as e Adolescentes. Presidente da ONG Vozes de Anjos.","url":"https:\/\/jornalfatosenoticias.com.br\/index.php\/author\/anamaria\/"}]}},"cc_featured_image_caption":{"caption_text":"(Foto: Getty Images) ","source_text":"","source_url":""},"jetpack_featured_media_url":"https:\/\/jornalfatosenoticias.com.br\/wp-content\/uploads\/2023\/02\/gettyimages-vulnerabilidade-infantil_capa.jpg","_links":{"self":[{"href":"https:\/\/jornalfatosenoticias.com.br\/index.php\/wp-json\/wp\/v2\/posts\/38440","targetHints":{"allow":["GET"]}}],"collection":[{"href":"https:\/\/jornalfatosenoticias.com.br\/index.php\/wp-json\/wp\/v2\/posts"}],"about":[{"href":"https:\/\/jornalfatosenoticias.com.br\/index.php\/wp-json\/wp\/v2\/types\/post"}],"author":[{"embeddable":true,"href":"https:\/\/jornalfatosenoticias.com.br\/index.php\/wp-json\/wp\/v2\/users\/8"}],"replies":[{"embeddable":true,"href":"https:\/\/jornalfatosenoticias.com.br\/index.php\/wp-json\/wp\/v2\/comments?post=38440"}],"version-history":[{"count":0,"href":"https:\/\/jornalfatosenoticias.com.br\/index.php\/wp-json\/wp\/v2\/posts\/38440\/revisions"}],"wp:featuredmedia":[{"embeddable":true,"href":"https:\/\/jornalfatosenoticias.com.br\/index.php\/wp-json\/wp\/v2\/media\/38443"}],"wp:attachment":[{"href":"https:\/\/jornalfatosenoticias.com.br\/index.php\/wp-json\/wp\/v2\/media?parent=38440"}],"wp:term":[{"taxonomy":"category","embeddable":true,"href":"https:\/\/jornalfatosenoticias.com.br\/index.php\/wp-json\/wp\/v2\/categories?post=38440"},{"taxonomy":"post_tag","embeddable":true,"href":"https:\/\/jornalfatosenoticias.com.br\/index.php\/wp-json\/wp\/v2\/tags?post=38440"}],"curies":[{"name":"wp","href":"https:\/\/api.w.org\/{rel}","templated":true}]}}